{"id":2876,"date":"2026-03-09T13:20:07","date_gmt":"2026-03-09T13:20:07","guid":{"rendered":"https:\/\/www.mymallorcadiary.com\/hotely-vhodne-pro-rodiny-s-detmi-na-mallorce\/"},"modified":"2026-04-21T13:42:51","modified_gmt":"2026-04-21T13:42:51","slug":"hotely-vhodne-pro-rodiny-s-detmi-na-mallorce","status":"publish","type":"post","link":"https:\/\/www.mymallorcadiary.com\/cs\/hotely-vhodne-pro-rodiny-s-detmi-na-mallorce\/","title":{"rendered":"Hotely vhodn\u00e9 pro rodiny s d\u011btmi na Mallorce"},"content":{"rendered":"<p data-start=\"215\" data-end=\"527\"><strong>Pl\u00e1nujete rodinnou dovolenou na Mallorce?<\/strong>. Tento ostrov pat\u0159\u00ed k nejlep\u0161\u00edm destinac\u00edm ve St\u0159edomo\u0159\u00ed pro cestov\u00e1n\u00ed s d\u011btmi. D\u00edky sv\u00fdm kr\u00e1sn\u00fdm p\u00edse\u010dn\u00fdm pl\u00e1\u017e\u00edm, klidn\u00fdm tyrkysov\u00fdm vod\u00e1m, p\u016fvabn\u00fdm m\u011bste\u010dk\u016fm a nep\u0159ebern\u00e9mu mno\u017estv\u00ed aktivit pro v\u0161echny v\u011bkov\u00e9 kategorie nab\u00edz\u00ed Mallorca rodin\u00e1m dokonalou kombinaci odpo\u010dinku a dobrodru\u017estv\u00ed. <\/p>\n<p data-start=\"529\" data-end=\"909\">D\u00edky tomu, \u017ee na Mallorce \u017eijeme ji\u017e <strong data-start=\"558\" data-end=\"580\">v\u00edce ne\u017e 10 let<\/strong>, m\u011bli jsme p\u0159\u00edle\u017eitost ostrov d\u016fkladn\u011b prozkoumat a zjistit, kter\u00e9 hotely jsou pro rodiny s d\u011btmi skute\u010dn\u011b nejvhodn\u011bj\u0161\u00ed. A\u0165 u\u017e se jedn\u00e1 o rodinn\u00e1 letoviska v bl\u00edzkosti dlouh\u00fdch p\u00edse\u010dn\u00fdch pl\u00e1\u017e\u00ed, nebo ubytov\u00e1n\u00ed v apartm\u00e1nech, kter\u00e9 nab\u00edz\u00ed v\u00edce prostoru a flexibility, mnoh\u00e1 z t\u011bchto m\u00edst jsme sami vyzkou\u0161eli nebo je dob\u0159e zn\u00e1me d\u00edky dlouholet\u00e9mu pozn\u00e1v\u00e1n\u00ed ostrova. <\/p>\n<div id=\"ez-toc-container\" class=\"ez-toc-v2_0_61 counter-hierarchy ez-toc-counter ez-toc-grey ez-toc-container-direction\">\n<div class=\"ez-toc-title-container\">\n<p class=\"ez-toc-title \" >Table of Contents<\/p>\n<span class=\"ez-toc-title-toggle\"><a href=\"#\" class=\"ez-toc-pull-right ez-toc-btn ez-toc-btn-xs ez-toc-btn-default ez-toc-toggle\" aria-label=\"Toggle Table of Content\"><span class=\"ez-toc-js-icon-con\"><span class=\"\"><span class=\"eztoc-hide\" style=\"display:none;\">Toggle<\/span><span class=\"ez-toc-icon-toggle-span\"><svg style=\"fill: #999;color:#999\" xmlns=\"http:\/\/www.w3.org\/2000\/svg\" class=\"list-377408\" width=\"20px\" height=\"20px\" viewBox=\"0 0 24 24\" fill=\"none\"><path d=\"M6 6H4v2h2V6zm14 0H8v2h12V6zM4 11h2v2H4v-2zm16 0H8v2h12v-2zM4 16h2v2H4v-2zm16 0H8v2h12v-2z\" fill=\"currentColor\"><\/path><\/svg><svg style=\"fill: #999;color:#999\" class=\"arrow-unsorted-368013\" xmlns=\"http:\/\/www.w3.org\/2000\/svg\" width=\"10px\" height=\"10px\" viewBox=\"0 0 24 24\" version=\"1.2\" baseProfile=\"tiny\"><path d=\"M18.2 9.3l-6.2-6.3-6.2 6.3c-.2.2-.3.4-.3.7s.1.5.3.7c.2.2.4.3.7.3h11c.3 0 .5-.1.7-.3.2-.2.3-.5.3-.7s-.1-.5-.3-.7zM5.8 14.7l6.2 6.3 6.2-6.3c.2-.2.3-.5.3-.7s-.1-.5-.3-.7c-.2-.2-.4-.3-.7-.3h-11c-.3 0-.5.1-.7.3-.2.2-.3.5-.3.7s.1.5.3.7z\"\/><\/svg><\/span><\/span><\/span><\/a><\/span><\/div>\n<nav><ul class='ez-toc-list ez-toc-list-level-1 ' ><li class='ez-toc-page-1 ez-toc-heading-level-2'><a class=\"ez-toc-link ez-toc-heading-1\" href=\"https:\/\/www.mymallorcadiary.com\/cs\/hotely-vhodne-pro-rodiny-s-detmi-na-mallorce\/#Hotely_vhodne_pro_rodiny_s_detmi_na_Mallorce_Kompletni_pruvodce\" title=\"Hotely vhodn\u00e9 pro rodiny s d\u011btmi na Mallorce: Kompletn\u00ed pr\u016fvodce\">Hotely vhodn\u00e9 pro rodiny s d\u011btmi na Mallorce: Kompletn\u00ed pr\u016fvodce<\/a><\/li><li class='ez-toc-page-1 ez-toc-heading-level-2'><a class=\"ez-toc-link ez-toc-heading-2\" href=\"https:\/\/www.mymallorcadiary.com\/cs\/hotely-vhodne-pro-rodiny-s-detmi-na-mallorce\/#Nase_oblibene_hotely_na_Mallorce_vhodne_pro_rodiny_s_detmi\" title=\"Na\u0161e obl\u00edben\u00e9 hotely na Mallorce vhodn\u00e9 pro rodiny s d\u011btmi\">Na\u0161e obl\u00edben\u00e9 hotely na Mallorce vhodn\u00e9 pro rodiny s d\u011btmi<\/a><\/li><li class='ez-toc-page-1 ez-toc-heading-level-2'><a class=\"ez-toc-link ez-toc-heading-3\" href=\"https:\/\/www.mymallorcadiary.com\/cs\/hotely-vhodne-pro-rodiny-s-detmi-na-mallorce\/#Hotely_vhodne_pro_rodiny_s_detmi_na_Mallorce\" title=\"Hotely vhodn\u00e9 pro rodiny s d\u011btmi na Mallorce\">Hotely vhodn\u00e9 pro rodiny s d\u011btmi na Mallorce<\/a><ul class='ez-toc-list-level-3' ><li class='ez-toc-heading-level-3'><a class=\"ez-toc-link ez-toc-heading-4\" href=\"https:\/\/www.mymallorcadiary.com\/cs\/hotely-vhodne-pro-rodiny-s-detmi-na-mallorce\/#Kimpton_Aysla_Mallorca_5\" title=\"Kimpton Aysla Mallorca 5*\">Kimpton Aysla Mallorca 5*<\/a><\/li><li class='ez-toc-page-1 ez-toc-heading-level-3'><a class=\"ez-toc-link ez-toc-heading-5\" href=\"https:\/\/www.mymallorcadiary.com\/cs\/hotely-vhodne-pro-rodiny-s-detmi-na-mallorce\/#Grupotel_Port_dAlcudia_4\" title=\"Grupotel Port d&#8217;Alcudia 4*\">Grupotel Port d&#8217;Alcudia 4*<\/a><\/li><li class='ez-toc-page-1 ez-toc-heading-level-3'><a class=\"ez-toc-link ez-toc-heading-6\" href=\"https:\/\/www.mymallorcadiary.com\/cs\/hotely-vhodne-pro-rodiny-s-detmi-na-mallorce\/#Inturotel_Esmeralda_Park_4\" title=\"Inturotel Esmeralda Park 4*\">Inturotel Esmeralda Park 4*<\/a><\/li><li class='ez-toc-page-1 ez-toc-heading-level-3'><a class=\"ez-toc-link ez-toc-heading-7\" href=\"https:\/\/www.mymallorcadiary.com\/cs\/hotely-vhodne-pro-rodiny-s-detmi-na-mallorce\/#Globales_Costa_de_la_Calma_4\" title=\"Globales Costa de la Calma 4*\">Globales Costa de la Calma 4*<\/a><\/li><li class='ez-toc-page-1 ez-toc-heading-level-3'><a class=\"ez-toc-link ez-toc-heading-8\" href=\"https:\/\/www.mymallorcadiary.com\/cs\/hotely-vhodne-pro-rodiny-s-detmi-na-mallorce\/#Aparthotel_Ona_Aucanada_4\" title=\"Aparthotel Ona Aucanada 4*\">Aparthotel Ona Aucanada 4*<\/a><\/li><li class='ez-toc-page-1 ez-toc-heading-level-3'><a class=\"ez-toc-link ez-toc-heading-9\" href=\"https:\/\/www.mymallorcadiary.com\/cs\/hotely-vhodne-pro-rodiny-s-detmi-na-mallorce\/#tent_Playa_de_Palma_3\" title=\"tent Playa de Palma 3*\">tent Playa de Palma 3*<\/a><\/li><li class='ez-toc-page-1 ez-toc-heading-level-3'><a class=\"ez-toc-link ez-toc-heading-10\" href=\"https:\/\/www.mymallorcadiary.com\/cs\/hotely-vhodne-pro-rodiny-s-detmi-na-mallorce\/#Jutlandia_Family_Resort_3\" title=\"Jutlandia Family Resort 3*\">Jutlandia Family Resort 3*<\/a><\/li><li class='ez-toc-page-1 ez-toc-heading-level-3'><a class=\"ez-toc-link ez-toc-heading-11\" href=\"https:\/\/www.mymallorcadiary.com\/cs\/hotely-vhodne-pro-rodiny-s-detmi-na-mallorce\/#Apartamentos_Solecito\" title=\"Apartamentos Solecito\">Apartamentos Solecito<\/a><\/li><li class='ez-toc-page-1 ez-toc-heading-level-3'><a class=\"ez-toc-link ez-toc-heading-12\" href=\"https:\/\/www.mymallorcadiary.com\/cs\/hotely-vhodne-pro-rodiny-s-detmi-na-mallorce\/#OLA_Apartamentos_Cala_dOr\" title=\"OLA Apartamentos Cala d&#8217;Or\">OLA Apartamentos Cala d&#8217;Or<\/a><\/li><li class='ez-toc-page-1 ez-toc-heading-level-3'><a class=\"ez-toc-link ez-toc-heading-13\" href=\"https:\/\/www.mymallorcadiary.com\/cs\/hotely-vhodne-pro-rodiny-s-detmi-na-mallorce\/#SOL_Cala_DOr_Apartamentos\" title=\"SOL Cala D&#8217;Or Apartamentos\">SOL Cala D&#8217;Or Apartamentos<\/a><\/li><\/ul><\/li><li class='ez-toc-page-1 ez-toc-heading-level-2'><a class=\"ez-toc-link ez-toc-heading-14\" href=\"https:\/\/www.mymallorcadiary.com\/cs\/hotely-vhodne-pro-rodiny-s-detmi-na-mallorce\/#Tipy_pro_vyber_hotelu_vhodnych_pro_rodiny_s_detmi_na_Mallorce\" title=\"Tipy pro v\u00fdb\u011br hotel\u016f vhodn\u00fdch pro rodiny s d\u011btmi na Mallorce\">Tipy pro v\u00fdb\u011br hotel\u016f vhodn\u00fdch pro rodiny s d\u011btmi na Mallorce<\/a><\/li><li class='ez-toc-page-1 ez-toc-heading-level-2'><a class=\"ez-toc-link ez-toc-heading-15\" href=\"https:\/\/www.mymallorcadiary.com\/cs\/hotely-vhodne-pro-rodiny-s-detmi-na-mallorce\/#Casto_kladene_otazky_Rodinne_hotely_na_Mallorce\" title=\"\u010casto kladen\u00e9 ot\u00e1zky: Rodinn\u00e9 hotely na Mallorce\">\u010casto kladen\u00e9 ot\u00e1zky: Rodinn\u00e9 hotely na Mallorce<\/a><ul class='ez-toc-list-level-3' ><li class='ez-toc-heading-level-3'><a class=\"ez-toc-link ez-toc-heading-16\" href=\"https:\/\/www.mymallorcadiary.com\/cs\/hotely-vhodne-pro-rodiny-s-detmi-na-mallorce\/#Ktere_oblasti_na_Mallorce_jsou_nejvhodnejsi_pro_rodiny_s_detmi\" title=\"Kter\u00e9 oblasti na Mallorce jsou nejvhodn\u011bj\u0161\u00ed pro rodiny s d\u011btmi?\">Kter\u00e9 oblasti na Mallorce jsou nejvhodn\u011bj\u0161\u00ed pro rodiny s d\u011btmi?<\/a><\/li><li class='ez-toc-page-1 ez-toc-heading-level-3'><a class=\"ez-toc-link ez-toc-heading-17\" href=\"https:\/\/www.mymallorcadiary.com\/cs\/hotely-vhodne-pro-rodiny-s-detmi-na-mallorce\/#Maji_rodinne_hotely_detske_kluby\" title=\"Maj\u00ed rodinn\u00e9 hotely d\u011btsk\u00e9 kluby? \">Maj\u00ed rodinn\u00e9 hotely d\u011btsk\u00e9 kluby? <\/a><\/li><li class='ez-toc-page-1 ez-toc-heading-level-3'><a class=\"ez-toc-link ez-toc-heading-18\" href=\"https:\/\/www.mymallorcadiary.com\/cs\/hotely-vhodne-pro-rodiny-s-detmi-na-mallorce\/#Je_Mallorca_bezpecna_pro_deti\" title=\"Je Mallorca bezpe\u010dn\u00e1 pro d\u011bti?\">Je Mallorca bezpe\u010dn\u00e1 pro d\u011bti?<\/a><\/li><\/ul><\/li><li class='ez-toc-page-1 ez-toc-heading-level-2'><a class=\"ez-toc-link ez-toc-heading-19\" href=\"https:\/\/www.mymallorcadiary.com\/cs\/hotely-vhodne-pro-rodiny-s-detmi-na-mallorce\/#Zaverecne_postrehy_Hotely_vhodne_pro_rodiny_s_detmi_na_Mallorce\" title=\"Z\u00e1v\u011bre\u010dn\u00e9 post\u0159ehy: Hotely vhodn\u00e9 pro rodiny s d\u011btmi na Mallorce\">Z\u00e1v\u011bre\u010dn\u00e9 post\u0159ehy: Hotely vhodn\u00e9 pro rodiny s d\u011btmi na Mallorce<\/a><\/li><\/ul><\/nav><\/div>\n<h2 data-start=\"3583\" data-end=\"3690\"><span class=\"ez-toc-section\" id=\"Hotely_vhodne_pro_rodiny_s_detmi_na_Mallorce_Kompletni_pruvodce\"><\/span><strong>Hotely vhodn\u00e9 pro rodiny s d\u011btmi na Mallorce: Kompletn\u00ed pr\u016fvodce<\/strong><span class=\"ez-toc-section-end\"><\/span><\/h2>\n<p data-start=\"911\" data-end=\"1305\">V tomto pr\u016fvodci v\u00e1m p\u0159edstavujeme <strong data-start=\"940\" data-end=\"1002\">na\u0161e doporu\u010den\u00ed hotel\u016f na Mallorce vhodn\u00fdch pro rodiny s d\u011btmi<\/strong>, a to na z\u00e1klad\u011b jejich polohy, komfortu, vybaven\u00ed pro d\u011bti a celkov\u00e9ho z\u00e1\u017eitku z dovolen\u00e9. A\u0165 u\u017e hled\u00e1te luxusn\u00ed rodinn\u00fd resort, pohodov\u00fd aparthotel v bl\u00edzkosti pl\u00e1\u017ee nebo praktickou z\u00e1kladnu pro pozn\u00e1v\u00e1n\u00ed ostrova, tato ubytov\u00e1n\u00ed jsou skv\u011blou volbou pro nezapomenuteln\u00fd rodinn\u00fd pobyt na Mallorce. <\/p>\n<p data-start=\"886\" data-end=\"1119\">Rodin\u00e1m, kter\u00e9 cht\u011bj\u00ed ostrov prozkoumat, se mohou hodit tak\u00e9 na\u0161e pr\u016fvodce po <strong><a href=\"https:\/\/www.mymallorcadiary.com\/cs\/mallorca-pro-rodiny-s-detmi\/\" target=\"_blank\" rel=\"noopener\">nejlep\u0161\u00edch m\u00edstech na Mallorce pro rodiny s d\u011btmi<\/a><\/strong>, <strong><a class=\"decorated-link\" href=\"https:\/\/www.mymallorcadiary.com\/south-mallorca-experiences\/\" rel=\"noopener\" data-start=\"1009\" data-end=\"1044\">nejlep\u0161\u00edch pl\u00e1\u017e\u00edch na ji\u017en\u00ed Mallorce<\/a><\/strong> a <strong><a href=\"https:\/\/www.mymallorcadiary.com\/cala-dor-what-to-do-and-see\/\">tipy na v\u00fdlety v Cala d\u2019Or<\/a><\/strong>; v\u0161echny jsou ide\u00e1ln\u00ed pro pl\u00e1nov\u00e1n\u00ed va\u0161\u00ed dovolen\u00e9.<\/p>\n<h2 data-start=\"3583\" data-end=\"3690\"><span class=\"ez-toc-section\" id=\"Nase_oblibene_hotely_na_Mallorce_vhodne_pro_rodiny_s_detmi\"><\/span><strong>Na\u0161e obl\u00edben\u00e9 hotely na Mallorce vhodn\u00e9 pro rodiny s d\u011btmi<\/strong><span class=\"ez-toc-section-end\"><\/span><\/h2>\n<p data-start=\"1193\" data-end=\"1410\">Santa Ponsa je ide\u00e1ln\u00edm m\u00edstem pro rodiny, kter\u00e9 hledaj\u00ed pohodl\u00ed, p\u00edse\u010dn\u00e9 pl\u00e1\u017ee a \u0161irokou nab\u00eddku restaurac\u00ed a z\u00e1bavy v okol\u00ed. D\u00edky klidn\u00fdm vod\u00e1m a promen\u00e1d\u011b, kter\u00e1 je vhodn\u00e1 pro ko\u010d\u00e1rky, je toto m\u011bste\u010dko ide\u00e1ln\u00ed pro mal\u00e9 d\u011bti. <\/p>\n<h2 data-start=\"1126\" data-end=\"1191\"><span class=\"ez-toc-section\" id=\"Hotely_vhodne_pro_rodiny_s_detmi_na_Mallorce\"><\/span><strong>Hotely vhodn\u00e9 pro rodiny s d\u011btmi na Mallorce<\/strong><span class=\"ez-toc-section-end\"><\/span><\/h2>\n<h3><span class=\"ez-toc-section\" id=\"Kimpton_Aysla_Mallorca_5\"><\/span><strong>Kimpton Aysla Mallorca 5*<\/strong><span class=\"ez-toc-section-end\"><\/span><\/h3>\n<p data-start=\"386\" data-end=\"431\">\ud83d\udccd <strong><a href=\"https:\/\/maps.app.goo.gl\/3ju8SvRy6GVhKTaU8\" target=\"_blank\" rel=\"noopener\">Location Kimpton Aysla Mallorca<\/a><\/strong>: Santa Ponsa | Jihoz\u00e1padn\u00ed Mallorca<\/p>\n<div id='gallery-1' class='gallery galleryid-2876 gallery-columns-2 gallery-size-full'><figure class='gallery-item'>\n\t\t\t<div class='gallery-icon landscape'>\n\t\t\t\t<a href='https:\/\/www.mymallorcadiary.com\/wp-content\/uploads\/2026\/02\/Beautiful-hotel-in-Santa-Ponsa.webp'><img decoding=\"async\" width=\"1920\" height=\"1078\" src=\"https:\/\/www.mymallorcadiary.com\/wp-content\/uploads\/2026\/02\/Beautiful-hotel-in-Santa-Ponsa.webp\" class=\"attachment-full size-full\" alt=\"\" srcset=\"https:\/\/www.mymallorcadiary.com\/wp-content\/uploads\/2026\/02\/Beautiful-hotel-in-Santa-Ponsa.webp 1920w, https:\/\/www.mymallorcadiary.com\/wp-content\/uploads\/2026\/02\/Beautiful-hotel-in-Santa-Ponsa-300x168.webp 300w, https:\/\/www.mymallorcadiary.com\/wp-content\/uploads\/2026\/02\/Beautiful-hotel-in-Santa-Ponsa-1024x575.webp 1024w, https:\/\/www.mymallorcadiary.com\/wp-content\/uploads\/2026\/02\/Beautiful-hotel-in-Santa-Ponsa-768x431.webp 768w, https:\/\/www.mymallorcadiary.com\/wp-content\/uploads\/2026\/02\/Beautiful-hotel-in-Santa-Ponsa-1536x862.webp 1536w, https:\/\/www.mymallorcadiary.com\/wp-content\/uploads\/2026\/02\/Beautiful-hotel-in-Santa-Ponsa-696x391.webp 696w, https:\/\/www.mymallorcadiary.com\/wp-content\/uploads\/2026\/02\/Beautiful-hotel-in-Santa-Ponsa-1392x782.webp 1392w\" sizes=\"(max-width: 1920px) 100vw, 1920px\" \/><\/a>\n\t\t\t<\/div><\/figure><figure class='gallery-item'>\n\t\t\t<div class='gallery-icon landscape'>\n\t\t\t\t<a href='https:\/\/www.mymallorcadiary.com\/wp-content\/uploads\/2026\/02\/Kympton-Aysla-Mallorca.webp'><img decoding=\"async\" width=\"1920\" height=\"1078\" src=\"https:\/\/www.mymallorcadiary.com\/wp-content\/uploads\/2026\/02\/Kympton-Aysla-Mallorca.webp\" class=\"attachment-full size-full\" alt=\"\" srcset=\"https:\/\/www.mymallorcadiary.com\/wp-content\/uploads\/2026\/02\/Kympton-Aysla-Mallorca.webp 1920w, https:\/\/www.mymallorcadiary.com\/wp-content\/uploads\/2026\/02\/Kympton-Aysla-Mallorca-300x168.webp 300w, https:\/\/www.mymallorcadiary.com\/wp-content\/uploads\/2026\/02\/Kympton-Aysla-Mallorca-1024x575.webp 1024w, https:\/\/www.mymallorcadiary.com\/wp-content\/uploads\/2026\/02\/Kympton-Aysla-Mallorca-768x431.webp 768w, https:\/\/www.mymallorcadiary.com\/wp-content\/uploads\/2026\/02\/Kympton-Aysla-Mallorca-1536x862.webp 1536w, https:\/\/www.mymallorcadiary.com\/wp-content\/uploads\/2026\/02\/Kympton-Aysla-Mallorca-696x391.webp 696w, https:\/\/www.mymallorcadiary.com\/wp-content\/uploads\/2026\/02\/Kympton-Aysla-Mallorca-1392x782.webp 1392w\" sizes=\"(max-width: 1920px) 100vw, 1920px\" \/><\/a>\n\t\t\t<\/div><\/figure><figure class='gallery-item'>\n\t\t\t<div class='gallery-icon landscape'>\n\t\t\t\t<a href='https:\/\/www.mymallorcadiary.com\/wp-content\/uploads\/2026\/02\/Kympton-hotel-Mallorca.webp'><img decoding=\"async\" width=\"1920\" height=\"1078\" src=\"https:\/\/www.mymallorcadiary.com\/wp-content\/uploads\/2026\/02\/Kympton-hotel-Mallorca.webp\" class=\"attachment-full size-full\" alt=\"\" srcset=\"https:\/\/www.mymallorcadiary.com\/wp-content\/uploads\/2026\/02\/Kympton-hotel-Mallorca.webp 1920w, https:\/\/www.mymallorcadiary.com\/wp-content\/uploads\/2026\/02\/Kympton-hotel-Mallorca-300x168.webp 300w, https:\/\/www.mymallorcadiary.com\/wp-content\/uploads\/2026\/02\/Kympton-hotel-Mallorca-1024x575.webp 1024w, https:\/\/www.mymallorcadiary.com\/wp-content\/uploads\/2026\/02\/Kympton-hotel-Mallorca-768x431.webp 768w, https:\/\/www.mymallorcadiary.com\/wp-content\/uploads\/2026\/02\/Kympton-hotel-Mallorca-1536x862.webp 1536w, https:\/\/www.mymallorcadiary.com\/wp-content\/uploads\/2026\/02\/Kympton-hotel-Mallorca-696x391.webp 696w, https:\/\/www.mymallorcadiary.com\/wp-content\/uploads\/2026\/02\/Kympton-hotel-Mallorca-1392x782.webp 1392w\" sizes=\"(max-width: 1920px) 100vw, 1920px\" \/><\/a>\n\t\t\t<\/div><\/figure><figure class='gallery-item'>\n\t\t\t<div class='gallery-icon landscape'>\n\t\t\t\t<a href='https:\/\/www.mymallorcadiary.com\/wp-content\/uploads\/2026\/02\/Santa-Ponsa-Luxury-hotel.webp'><img decoding=\"async\" width=\"1920\" height=\"1078\" src=\"https:\/\/www.mymallorcadiary.com\/wp-content\/uploads\/2026\/02\/Santa-Ponsa-Luxury-hotel.webp\" class=\"attachment-full size-full\" alt=\"\" srcset=\"https:\/\/www.mymallorcadiary.com\/wp-content\/uploads\/2026\/02\/Santa-Ponsa-Luxury-hotel.webp 1920w, https:\/\/www.mymallorcadiary.com\/wp-content\/uploads\/2026\/02\/Santa-Ponsa-Luxury-hotel-300x168.webp 300w, https:\/\/www.mymallorcadiary.com\/wp-content\/uploads\/2026\/02\/Santa-Ponsa-Luxury-hotel-1024x575.webp 1024w, https:\/\/www.mymallorcadiary.com\/wp-content\/uploads\/2026\/02\/Santa-Ponsa-Luxury-hotel-768x431.webp 768w, https:\/\/www.mymallorcadiary.com\/wp-content\/uploads\/2026\/02\/Santa-Ponsa-Luxury-hotel-1536x862.webp 1536w, https:\/\/www.mymallorcadiary.com\/wp-content\/uploads\/2026\/02\/Santa-Ponsa-Luxury-hotel-696x391.webp 696w, https:\/\/www.mymallorcadiary.com\/wp-content\/uploads\/2026\/02\/Santa-Ponsa-Luxury-hotel-1392x782.webp 1392w\" sizes=\"(max-width: 1920px) 100vw, 1920px\" \/><\/a>\n\t\t\t<\/div><\/figure>\n\t\t<\/div>\n\n<p data-start=\"433\" data-end=\"752\">Kimpton Aysla Mallorca je modern\u00ed luxusn\u00ed hotel situovan\u00fd v klidn\u00e9 \u010d\u00e1sti Santa Ponsy, obklopen\u00fd p\u0159\u00edrodou a v bl\u00edzkosti n\u011bkolika golfov\u00fdch h\u0159i\u0161\u0165. Hotel spojuje modern\u00ed design s rozlehl\u00fdmi zahradami, elegantn\u00edmi pokoji a klidnou atmosf\u00e9rou, co\u017e z n\u011bj \u010din\u00ed skv\u011blou volbu pro rodiny, kter\u00e9 hledaj\u00ed pohodl\u00ed a odpo\u010dinek. <\/p>\n<p data-start=\"754\" data-end=\"1005\">Tento hotel nab\u00edz\u00ed velk\u00e9 baz\u00e9ny, wellness centrum a kr\u00e1sn\u011b za\u0159\u00edzen\u00e9 pokoje, z nich\u017e mnoh\u00e9 maj\u00ed terasy s v\u00fdhledem do zahrady. A\u010dkoli p\u016fsob\u00ed elegantn\u011b a luxusn\u011b, je tento hotel vst\u0159\u00edcn\u00fd k rodin\u00e1m a nab\u00edz\u00ed dostatek prostoru k odpo\u010dinku. <\/p>\n<p data-start=\"1007\" data-end=\"1199\"><strong data-start=\"1007\" data-end=\"1044\">Pro\u010d si to rezervovat na rodinnou dovolenou?<\/strong><br data-start=\"1044\" data-end=\"1047\">Ide\u00e1ln\u00ed pro rodiny, kter\u00e9 hledaj\u00ed luxusn\u011bj\u0161\u00ed a klidn\u011bj\u0161\u00ed pobyt, a p\u0159itom cht\u011bj\u00ed b\u00fdt nabl\u00edzku pl\u00e1\u017e\u00edm, restaurac\u00edm a rodinn\u00fdm aktivit\u00e1m v Santa Ponsa.<\/p>\n<p data-start=\"1007\" data-end=\"1199\"><strong>Odkaz pro zobrazen\u00ed dal\u0161\u00edch podrobnost\u00ed a rezervaci:<\/strong> <strong><a href=\"https:\/\/booking.stay22.com\/likexpats\/54tA3daj4A\" target=\"_blank\" rel=\"noopener\">Kympton Aysla Mallorca by IHG<\/a><\/strong><\/p>\n<h3 data-start=\"1206\" data-end=\"1235\"><span class=\"ez-toc-section\" id=\"Grupotel_Port_dAlcudia_4\"><\/span><strong>Grupotel Port d&#8217;Alcudia 4*<\/strong><span class=\"ez-toc-section-end\"><\/span><\/h3>\n<p data-start=\"1236\" data-end=\"1283\">\ud83d\udccd <strong><a href=\"https:\/\/maps.app.goo.gl\/qsifGUy9kUdMvqrB8\" target=\"_blank\" rel=\"noopener\">Lokace Grupotel Port d&#8217;Alcudia<\/a><\/strong>: Puerto de Alcudia | Severn\u00ed Mallorca<\/p>\n<div id='gallery-2' class='gallery galleryid-2876 gallery-columns-2 gallery-size-full'><figure class='gallery-item'>\n\t\t\t<div class='gallery-icon landscape'>\n\t\t\t\t<a href='https:\/\/www.mymallorcadiary.com\/wp-content\/uploads\/2026\/02\/Grupotel-Port-dAlcudia.webp'><img decoding=\"async\" width=\"1920\" height=\"1078\" src=\"https:\/\/www.mymallorcadiary.com\/wp-content\/uploads\/2026\/02\/Grupotel-Port-dAlcudia.webp\" class=\"attachment-full size-full\" alt=\"\" srcset=\"https:\/\/www.mymallorcadiary.com\/wp-content\/uploads\/2026\/02\/Grupotel-Port-dAlcudia.webp 1920w, https:\/\/www.mymallorcadiary.com\/wp-content\/uploads\/2026\/02\/Grupotel-Port-dAlcudia-300x168.webp 300w, https:\/\/www.mymallorcadiary.com\/wp-content\/uploads\/2026\/02\/Grupotel-Port-dAlcudia-1024x575.webp 1024w, https:\/\/www.mymallorcadiary.com\/wp-content\/uploads\/2026\/02\/Grupotel-Port-dAlcudia-768x431.webp 768w, https:\/\/www.mymallorcadiary.com\/wp-content\/uploads\/2026\/02\/Grupotel-Port-dAlcudia-1536x862.webp 1536w, https:\/\/www.mymallorcadiary.com\/wp-content\/uploads\/2026\/02\/Grupotel-Port-dAlcudia-696x391.webp 696w, https:\/\/www.mymallorcadiary.com\/wp-content\/uploads\/2026\/02\/Grupotel-Port-dAlcudia-1392x782.webp 1392w\" sizes=\"(max-width: 1920px) 100vw, 1920px\" \/><\/a>\n\t\t\t<\/div><\/figure><figure class='gallery-item'>\n\t\t\t<div class='gallery-icon landscape'>\n\t\t\t\t<a href='https:\/\/www.mymallorcadiary.com\/wp-content\/uploads\/2026\/02\/Hotel-for-families-in-north-Mallorca.webp'><img decoding=\"async\" width=\"1920\" height=\"1078\" src=\"https:\/\/www.mymallorcadiary.com\/wp-content\/uploads\/2026\/02\/Hotel-for-families-in-north-Mallorca.webp\" class=\"attachment-full size-full\" alt=\"\" srcset=\"https:\/\/www.mymallorcadiary.com\/wp-content\/uploads\/2026\/02\/Hotel-for-families-in-north-Mallorca.webp 1920w, https:\/\/www.mymallorcadiary.com\/wp-content\/uploads\/2026\/02\/Hotel-for-families-in-north-Mallorca-300x168.webp 300w, https:\/\/www.mymallorcadiary.com\/wp-content\/uploads\/2026\/02\/Hotel-for-families-in-north-Mallorca-1024x575.webp 1024w, https:\/\/www.mymallorcadiary.com\/wp-content\/uploads\/2026\/02\/Hotel-for-families-in-north-Mallorca-768x431.webp 768w, https:\/\/www.mymallorcadiary.com\/wp-content\/uploads\/2026\/02\/Hotel-for-families-in-north-Mallorca-1536x862.webp 1536w, https:\/\/www.mymallorcadiary.com\/wp-content\/uploads\/2026\/02\/Hotel-for-families-in-north-Mallorca-696x391.webp 696w, https:\/\/www.mymallorcadiary.com\/wp-content\/uploads\/2026\/02\/Hotel-for-families-in-north-Mallorca-1392x782.webp 1392w\" sizes=\"(max-width: 1920px) 100vw, 1920px\" \/><\/a>\n\t\t\t<\/div><\/figure><figure class='gallery-item'>\n\t\t\t<div class='gallery-icon landscape'>\n\t\t\t\t<a href='https:\/\/www.mymallorcadiary.com\/wp-content\/uploads\/2026\/02\/Hotel-for-families-in-Port-dAlcudia.webp'><img decoding=\"async\" width=\"1920\" height=\"1078\" src=\"https:\/\/www.mymallorcadiary.com\/wp-content\/uploads\/2026\/02\/Hotel-for-families-in-Port-dAlcudia.webp\" class=\"attachment-full size-full\" alt=\"\" srcset=\"https:\/\/www.mymallorcadiary.com\/wp-content\/uploads\/2026\/02\/Hotel-for-families-in-Port-dAlcudia.webp 1920w, https:\/\/www.mymallorcadiary.com\/wp-content\/uploads\/2026\/02\/Hotel-for-families-in-Port-dAlcudia-300x168.webp 300w, https:\/\/www.mymallorcadiary.com\/wp-content\/uploads\/2026\/02\/Hotel-for-families-in-Port-dAlcudia-1024x575.webp 1024w, https:\/\/www.mymallorcadiary.com\/wp-content\/uploads\/2026\/02\/Hotel-for-families-in-Port-dAlcudia-768x431.webp 768w, https:\/\/www.mymallorcadiary.com\/wp-content\/uploads\/2026\/02\/Hotel-for-families-in-Port-dAlcudia-1536x862.webp 1536w, https:\/\/www.mymallorcadiary.com\/wp-content\/uploads\/2026\/02\/Hotel-for-families-in-Port-dAlcudia-696x391.webp 696w, https:\/\/www.mymallorcadiary.com\/wp-content\/uploads\/2026\/02\/Hotel-for-families-in-Port-dAlcudia-1392x782.webp 1392w\" sizes=\"(max-width: 1920px) 100vw, 1920px\" \/><\/a>\n\t\t\t<\/div><\/figure><figure class='gallery-item'>\n\t\t\t<div class='gallery-icon landscape'>\n\t\t\t\t<a href='https:\/\/www.mymallorcadiary.com\/wp-content\/uploads\/2026\/02\/North-Mallorca-hotel-for-families.webp'><img decoding=\"async\" width=\"1920\" height=\"1078\" src=\"https:\/\/www.mymallorcadiary.com\/wp-content\/uploads\/2026\/02\/North-Mallorca-hotel-for-families.webp\" class=\"attachment-full size-full\" alt=\"\" srcset=\"https:\/\/www.mymallorcadiary.com\/wp-content\/uploads\/2026\/02\/North-Mallorca-hotel-for-families.webp 1920w, https:\/\/www.mymallorcadiary.com\/wp-content\/uploads\/2026\/02\/North-Mallorca-hotel-for-families-300x168.webp 300w, https:\/\/www.mymallorcadiary.com\/wp-content\/uploads\/2026\/02\/North-Mallorca-hotel-for-families-1024x575.webp 1024w, https:\/\/www.mymallorcadiary.com\/wp-content\/uploads\/2026\/02\/North-Mallorca-hotel-for-families-768x431.webp 768w, https:\/\/www.mymallorcadiary.com\/wp-content\/uploads\/2026\/02\/North-Mallorca-hotel-for-families-1536x862.webp 1536w, https:\/\/www.mymallorcadiary.com\/wp-content\/uploads\/2026\/02\/North-Mallorca-hotel-for-families-696x391.webp 696w, https:\/\/www.mymallorcadiary.com\/wp-content\/uploads\/2026\/02\/North-Mallorca-hotel-for-families-1392x782.webp 1392w\" sizes=\"(max-width: 1920px) 100vw, 1920px\" \/><\/a>\n\t\t\t<\/div><\/figure>\n\t\t<\/div>\n\n<p data-start=\"1285\" data-end=\"1463\">Grupotel Port d&#8217;Alcudia se nach\u00e1z\u00ed v bl\u00edzkosti dlouh\u00e9 p\u00edse\u010dn\u00e9 pl\u00e1\u017ee v Alcudii, kter\u00e1 pat\u0159\u00ed d\u00edky m\u011blk\u00e9 vod\u011b a prostorn\u00e9mu pob\u0159e\u017e\u00ed k nejlep\u0161\u00edm pl\u00e1\u017e\u00edm na Mallorce pro rodiny s d\u011btmi.<\/p>\n<p data-start=\"1465\" data-end=\"1680\">Hotel nab\u00edz\u00ed pohodln\u00e9 pokoje, n\u011bkolik baz\u00e9n\u016f a z\u00e1bavn\u00ed z\u00f3ny, d\u00edky \u010demu\u017e je ide\u00e1ln\u00edm m\u00edstem pro rodinnou dovolenou. D\u00edky sv\u00e9 centr\u00e1ln\u00ed poloze je odtud snadn\u00fd p\u0159\u00edstup k restaurac\u00edm, obchod\u016fm a p\u0159\u00edstavu. <\/p>\n<p data-start=\"1682\" data-end=\"1840\"><strong data-start=\"1682\" data-end=\"1719\">Pro\u010d si to rezervovat na rodinnou dovolenou?<\/strong><br data-start=\"1719\" data-end=\"1722\">D\u00edky bl\u00edzkosti pl\u00e1\u017ee a za\u0159\u00edzen\u00edm vhodn\u00fdm pro rodiny s d\u011btmi je to skv\u011bl\u00e1 volba pro pohodovou dovolenou u mo\u0159e s d\u011btmi.<\/p>\n<p data-start=\"1682\" data-end=\"1840\"><strong>Odkaz pro zobrazen\u00ed dal\u0161\u00edch podrobnost\u00ed a rezervaci: <a href=\"https:\/\/booking.stay22.com\/likexpats\/Rv2yh3hYkq\" target=\"_blank\" rel=\"noopener\">Grupotel Port d&#8217;Alcudia<\/a><\/strong><\/p>\n<h3 data-start=\"1847\" data-end=\"1877\"><span class=\"ez-toc-section\" id=\"Inturotel_Esmeralda_Park_4\"><\/span><strong>Inturotel Esmeralda Park 4*<\/strong><span class=\"ez-toc-section-end\"><\/span><\/h3>\n<p data-start=\"1878\" data-end=\"1917\">\ud83d\udccd <strong><a href=\"https:\/\/maps.app.goo.gl\/WJewpDpPQveJ1LwT7\" target=\"_blank\" rel=\"noopener\">Lokace Inturotel Esmeralda Park<\/a><\/strong>: Cala Esmeralda | Cala d\u2019Or<\/p>\n<div id='gallery-3' class='gallery galleryid-2876 gallery-columns-2 gallery-size-full'><figure class='gallery-item'>\n\t\t\t<div class='gallery-icon landscape'>\n\t\t\t\t<a href='https:\/\/www.mymallorcadiary.com\/wp-content\/uploads\/2026\/02\/Inturotel-Esmeralda-Park.webp'><img decoding=\"async\" width=\"1920\" height=\"1078\" src=\"https:\/\/www.mymallorcadiary.com\/wp-content\/uploads\/2026\/02\/Inturotel-Esmeralda-Park.webp\" class=\"attachment-full size-full\" alt=\"\" srcset=\"https:\/\/www.mymallorcadiary.com\/wp-content\/uploads\/2026\/02\/Inturotel-Esmeralda-Park.webp 1920w, https:\/\/www.mymallorcadiary.com\/wp-content\/uploads\/2026\/02\/Inturotel-Esmeralda-Park-300x168.webp 300w, https:\/\/www.mymallorcadiary.com\/wp-content\/uploads\/2026\/02\/Inturotel-Esmeralda-Park-1024x575.webp 1024w, https:\/\/www.mymallorcadiary.com\/wp-content\/uploads\/2026\/02\/Inturotel-Esmeralda-Park-768x431.webp 768w, https:\/\/www.mymallorcadiary.com\/wp-content\/uploads\/2026\/02\/Inturotel-Esmeralda-Park-1536x862.webp 1536w, https:\/\/www.mymallorcadiary.com\/wp-content\/uploads\/2026\/02\/Inturotel-Esmeralda-Park-696x391.webp 696w, https:\/\/www.mymallorcadiary.com\/wp-content\/uploads\/2026\/02\/Inturotel-Esmeralda-Park-1392x782.webp 1392w\" sizes=\"(max-width: 1920px) 100vw, 1920px\" \/><\/a>\n\t\t\t<\/div><\/figure><figure class='gallery-item'>\n\t\t\t<div class='gallery-icon landscape'>\n\t\t\t\t<a href='https:\/\/www.mymallorcadiary.com\/wp-content\/uploads\/2026\/02\/Inturotel-Cala-Dor.webp'><img decoding=\"async\" width=\"1920\" height=\"1078\" src=\"https:\/\/www.mymallorcadiary.com\/wp-content\/uploads\/2026\/02\/Inturotel-Cala-Dor.webp\" class=\"attachment-full size-full\" alt=\"\" srcset=\"https:\/\/www.mymallorcadiary.com\/wp-content\/uploads\/2026\/02\/Inturotel-Cala-Dor.webp 1920w, https:\/\/www.mymallorcadiary.com\/wp-content\/uploads\/2026\/02\/Inturotel-Cala-Dor-300x168.webp 300w, https:\/\/www.mymallorcadiary.com\/wp-content\/uploads\/2026\/02\/Inturotel-Cala-Dor-1024x575.webp 1024w, https:\/\/www.mymallorcadiary.com\/wp-content\/uploads\/2026\/02\/Inturotel-Cala-Dor-768x431.webp 768w, https:\/\/www.mymallorcadiary.com\/wp-content\/uploads\/2026\/02\/Inturotel-Cala-Dor-1536x862.webp 1536w, https:\/\/www.mymallorcadiary.com\/wp-content\/uploads\/2026\/02\/Inturotel-Cala-Dor-696x391.webp 696w, https:\/\/www.mymallorcadiary.com\/wp-content\/uploads\/2026\/02\/Inturotel-Cala-Dor-1392x782.webp 1392w\" sizes=\"(max-width: 1920px) 100vw, 1920px\" \/><\/a>\n\t\t\t<\/div><\/figure><figure class='gallery-item'>\n\t\t\t<div class='gallery-icon landscape'>\n\t\t\t\t<a href='https:\/\/www.mymallorcadiary.com\/wp-content\/uploads\/2026\/02\/Inturotel-Esmeralda-Park-Cala-Dor.webp'><img decoding=\"async\" width=\"1920\" height=\"1078\" src=\"https:\/\/www.mymallorcadiary.com\/wp-content\/uploads\/2026\/02\/Inturotel-Esmeralda-Park-Cala-Dor.webp\" class=\"attachment-full size-full\" alt=\"\" srcset=\"https:\/\/www.mymallorcadiary.com\/wp-content\/uploads\/2026\/02\/Inturotel-Esmeralda-Park-Cala-Dor.webp 1920w, https:\/\/www.mymallorcadiary.com\/wp-content\/uploads\/2026\/02\/Inturotel-Esmeralda-Park-Cala-Dor-300x168.webp 300w, https:\/\/www.mymallorcadiary.com\/wp-content\/uploads\/2026\/02\/Inturotel-Esmeralda-Park-Cala-Dor-1024x575.webp 1024w, https:\/\/www.mymallorcadiary.com\/wp-content\/uploads\/2026\/02\/Inturotel-Esmeralda-Park-Cala-Dor-768x431.webp 768w, https:\/\/www.mymallorcadiary.com\/wp-content\/uploads\/2026\/02\/Inturotel-Esmeralda-Park-Cala-Dor-1536x862.webp 1536w, https:\/\/www.mymallorcadiary.com\/wp-content\/uploads\/2026\/02\/Inturotel-Esmeralda-Park-Cala-Dor-696x391.webp 696w, https:\/\/www.mymallorcadiary.com\/wp-content\/uploads\/2026\/02\/Inturotel-Esmeralda-Park-Cala-Dor-1392x782.webp 1392w\" sizes=\"(max-width: 1920px) 100vw, 1920px\" \/><\/a>\n\t\t\t<\/div><\/figure><figure class='gallery-item'>\n\t\t\t<div class='gallery-icon landscape'>\n\t\t\t\t<a href='https:\/\/www.mymallorcadiary.com\/wp-content\/uploads\/2026\/02\/Hotel-for-families-in-Cala-Dor-Mallorca.webp'><img decoding=\"async\" width=\"1920\" height=\"1078\" src=\"https:\/\/www.mymallorcadiary.com\/wp-content\/uploads\/2026\/02\/Hotel-for-families-in-Cala-Dor-Mallorca.webp\" class=\"attachment-full size-full\" alt=\"\" srcset=\"https:\/\/www.mymallorcadiary.com\/wp-content\/uploads\/2026\/02\/Hotel-for-families-in-Cala-Dor-Mallorca.webp 1920w, https:\/\/www.mymallorcadiary.com\/wp-content\/uploads\/2026\/02\/Hotel-for-families-in-Cala-Dor-Mallorca-300x168.webp 300w, https:\/\/www.mymallorcadiary.com\/wp-content\/uploads\/2026\/02\/Hotel-for-families-in-Cala-Dor-Mallorca-1024x575.webp 1024w, https:\/\/www.mymallorcadiary.com\/wp-content\/uploads\/2026\/02\/Hotel-for-families-in-Cala-Dor-Mallorca-768x431.webp 768w, https:\/\/www.mymallorcadiary.com\/wp-content\/uploads\/2026\/02\/Hotel-for-families-in-Cala-Dor-Mallorca-1536x862.webp 1536w, https:\/\/www.mymallorcadiary.com\/wp-content\/uploads\/2026\/02\/Hotel-for-families-in-Cala-Dor-Mallorca-696x391.webp 696w, https:\/\/www.mymallorcadiary.com\/wp-content\/uploads\/2026\/02\/Hotel-for-families-in-Cala-Dor-Mallorca-1392x782.webp 1392w\" sizes=\"(max-width: 1920px) 100vw, 1920px\" \/><\/a>\n\t\t\t<\/div><\/figure>\n\t\t<\/div>\n\n<p data-start=\"1919\" data-end=\"2127\">Inturotel Esmeralda Park je rozs\u00e1hl\u00fd apartm\u00e1nov\u00fd hotelov\u00fd komplex, kter\u00fd se nach\u00e1z\u00ed p\u0159\u00edmo u kr\u00e1sn\u00e9 pl\u00e1\u017ee Cala Esmeralda. Je obklopen borovicemi a st\u0159edomo\u0159skou p\u0159\u00edrodou a nab\u00edz\u00ed n\u00e1dhern\u00e9 prost\u0159ed\u00ed na pob\u0159e\u017e\u00ed. <\/p>\n<p data-start=\"2129\" data-end=\"2326\">Sou\u010d\u00e1st\u00ed komplexu jsou prostorn\u00e9 apartm\u00e1ny s kuchy\u0148sk\u00fdm koutem, n\u011bkolik baz\u00e9n\u016f, d\u011btsk\u00e9 baz\u00e9nky a restaurace. Rodiny mohou rovn\u011b\u017e vyu\u017e\u00edvat sportovn\u00ed za\u0159\u00edzen\u00ed a p\u0159\u00edm\u00fd p\u0159\u00edstup na pl\u00e1\u017e. <\/p>\n<p data-start=\"2328\" data-end=\"2494\"><strong data-start=\"2328\" data-end=\"2365\">Pro\u010d si to rezervovat na rodinnou dovolenou?<\/strong><br data-start=\"2365\" data-end=\"2368\">D\u00edky poloze p\u0159\u00edmo u pl\u00e1\u017ee, ubytov\u00e1n\u00ed v apartm\u00e1nech a n\u011bkolika baz\u00e9n\u016fm pat\u0159\u00ed tento resort k nejlep\u0161\u00edm rodinn\u00fdm letovisk\u016fm v Cala d\u2019Or.<\/p>\n<p data-start=\"2328\" data-end=\"2494\"><strong>Odkaz pro zobrazen\u00ed dal\u0161\u00edch podrobnost\u00ed a rezervaci: <a href=\"https:\/\/booking.stay22.com\/likexpats\/0mF_JdVB3-\" target=\"_blank\" rel=\"noopener\">Inturotel Esmeralda Park<\/a><\/strong><\/p>\n<h3 data-start=\"2501\" data-end=\"2533\"><span class=\"ez-toc-section\" id=\"Globales_Costa_de_la_Calma_4\"><\/span><strong>Globales Costa de la Calma 4*<\/strong><span class=\"ez-toc-section-end\"><\/span><\/h3>\n<p data-start=\"2534\" data-end=\"2583\">\ud83d\udccd <strong><a href=\"https:\/\/maps.app.goo.gl\/5hghBsDLf5PQmLc47\" target=\"_blank\" rel=\"noopener\">Lokace Globales Costa de la Calma<\/a><\/strong>: Costa de la Calma | V okol\u00ed Santa Ponsy<\/p>\n<div id='gallery-4' class='gallery galleryid-2876 gallery-columns-2 gallery-size-full'><figure class='gallery-item'>\n\t\t\t<div class='gallery-icon landscape'>\n\t\t\t\t<a href='https:\/\/www.mymallorcadiary.com\/wp-content\/uploads\/2026\/02\/Globales-Costa-de-la-Calma.webp'><img decoding=\"async\" width=\"1920\" height=\"1078\" src=\"https:\/\/www.mymallorcadiary.com\/wp-content\/uploads\/2026\/02\/Globales-Costa-de-la-Calma.webp\" class=\"attachment-full size-full\" alt=\"\" srcset=\"https:\/\/www.mymallorcadiary.com\/wp-content\/uploads\/2026\/02\/Globales-Costa-de-la-Calma.webp 1920w, https:\/\/www.mymallorcadiary.com\/wp-content\/uploads\/2026\/02\/Globales-Costa-de-la-Calma-300x168.webp 300w, https:\/\/www.mymallorcadiary.com\/wp-content\/uploads\/2026\/02\/Globales-Costa-de-la-Calma-1024x575.webp 1024w, https:\/\/www.mymallorcadiary.com\/wp-content\/uploads\/2026\/02\/Globales-Costa-de-la-Calma-768x431.webp 768w, https:\/\/www.mymallorcadiary.com\/wp-content\/uploads\/2026\/02\/Globales-Costa-de-la-Calma-1536x862.webp 1536w, https:\/\/www.mymallorcadiary.com\/wp-content\/uploads\/2026\/02\/Globales-Costa-de-la-Calma-696x391.webp 696w, https:\/\/www.mymallorcadiary.com\/wp-content\/uploads\/2026\/02\/Globales-Costa-de-la-Calma-1392x782.webp 1392w\" sizes=\"(max-width: 1920px) 100vw, 1920px\" \/><\/a>\n\t\t\t<\/div><\/figure><figure class='gallery-item'>\n\t\t\t<div class='gallery-icon landscape'>\n\t\t\t\t<a href='https:\/\/www.mymallorcadiary.com\/wp-content\/uploads\/2026\/02\/Hotel-for-families-in-Santa-Ponsa.webp'><img decoding=\"async\" width=\"1920\" height=\"1078\" src=\"https:\/\/www.mymallorcadiary.com\/wp-content\/uploads\/2026\/02\/Hotel-for-families-in-Santa-Ponsa.webp\" class=\"attachment-full size-full\" alt=\"\" srcset=\"https:\/\/www.mymallorcadiary.com\/wp-content\/uploads\/2026\/02\/Hotel-for-families-in-Santa-Ponsa.webp 1920w, https:\/\/www.mymallorcadiary.com\/wp-content\/uploads\/2026\/02\/Hotel-for-families-in-Santa-Ponsa-300x168.webp 300w, https:\/\/www.mymallorcadiary.com\/wp-content\/uploads\/2026\/02\/Hotel-for-families-in-Santa-Ponsa-1024x575.webp 1024w, https:\/\/www.mymallorcadiary.com\/wp-content\/uploads\/2026\/02\/Hotel-for-families-in-Santa-Ponsa-768x431.webp 768w, https:\/\/www.mymallorcadiary.com\/wp-content\/uploads\/2026\/02\/Hotel-for-families-in-Santa-Ponsa-1536x862.webp 1536w, https:\/\/www.mymallorcadiary.com\/wp-content\/uploads\/2026\/02\/Hotel-for-families-in-Santa-Ponsa-696x391.webp 696w, https:\/\/www.mymallorcadiary.com\/wp-content\/uploads\/2026\/02\/Hotel-for-families-in-Santa-Ponsa-1392x782.webp 1392w\" sizes=\"(max-width: 1920px) 100vw, 1920px\" \/><\/a>\n\t\t\t<\/div><\/figure><figure class='gallery-item'>\n\t\t\t<div class='gallery-icon landscape'>\n\t\t\t\t<a href='https:\/\/www.mymallorcadiary.com\/wp-content\/uploads\/2026\/02\/Globales-hotel-in-Santa-Ponsa.webp'><img decoding=\"async\" width=\"1920\" height=\"1078\" src=\"https:\/\/www.mymallorcadiary.com\/wp-content\/uploads\/2026\/02\/Globales-hotel-in-Santa-Ponsa.webp\" class=\"attachment-full size-full\" alt=\"\" srcset=\"https:\/\/www.mymallorcadiary.com\/wp-content\/uploads\/2026\/02\/Globales-hotel-in-Santa-Ponsa.webp 1920w, https:\/\/www.mymallorcadiary.com\/wp-content\/uploads\/2026\/02\/Globales-hotel-in-Santa-Ponsa-300x168.webp 300w, https:\/\/www.mymallorcadiary.com\/wp-content\/uploads\/2026\/02\/Globales-hotel-in-Santa-Ponsa-1024x575.webp 1024w, https:\/\/www.mymallorcadiary.com\/wp-content\/uploads\/2026\/02\/Globales-hotel-in-Santa-Ponsa-768x431.webp 768w, https:\/\/www.mymallorcadiary.com\/wp-content\/uploads\/2026\/02\/Globales-hotel-in-Santa-Ponsa-1536x862.webp 1536w, https:\/\/www.mymallorcadiary.com\/wp-content\/uploads\/2026\/02\/Globales-hotel-in-Santa-Ponsa-696x391.webp 696w, https:\/\/www.mymallorcadiary.com\/wp-content\/uploads\/2026\/02\/Globales-hotel-in-Santa-Ponsa-1392x782.webp 1392w\" sizes=\"(max-width: 1920px) 100vw, 1920px\" \/><\/a>\n\t\t\t<\/div><\/figure><figure class='gallery-item'>\n\t\t\t<div class='gallery-icon landscape'>\n\t\t\t\t<a href='https:\/\/www.mymallorcadiary.com\/wp-content\/uploads\/2026\/02\/Family-hotel-in-Santa-Ponsa.webp'><img decoding=\"async\" width=\"1920\" height=\"1078\" src=\"https:\/\/www.mymallorcadiary.com\/wp-content\/uploads\/2026\/02\/Family-hotel-in-Santa-Ponsa.webp\" class=\"attachment-full size-full\" alt=\"\" srcset=\"https:\/\/www.mymallorcadiary.com\/wp-content\/uploads\/2026\/02\/Family-hotel-in-Santa-Ponsa.webp 1920w, https:\/\/www.mymallorcadiary.com\/wp-content\/uploads\/2026\/02\/Family-hotel-in-Santa-Ponsa-300x168.webp 300w, https:\/\/www.mymallorcadiary.com\/wp-content\/uploads\/2026\/02\/Family-hotel-in-Santa-Ponsa-1024x575.webp 1024w, https:\/\/www.mymallorcadiary.com\/wp-content\/uploads\/2026\/02\/Family-hotel-in-Santa-Ponsa-768x431.webp 768w, https:\/\/www.mymallorcadiary.com\/wp-content\/uploads\/2026\/02\/Family-hotel-in-Santa-Ponsa-1536x862.webp 1536w, https:\/\/www.mymallorcadiary.com\/wp-content\/uploads\/2026\/02\/Family-hotel-in-Santa-Ponsa-696x391.webp 696w, https:\/\/www.mymallorcadiary.com\/wp-content\/uploads\/2026\/02\/Family-hotel-in-Santa-Ponsa-1392x782.webp 1392w\" sizes=\"(max-width: 1920px) 100vw, 1920px\" \/><\/a>\n\t\t\t<\/div><\/figure>\n\t\t<\/div>\n\n<p data-start=\"2585\" data-end=\"2810\">Hotel Globales Costa de la Calma se nach\u00e1z\u00ed v klidn\u011bj\u0161\u00ed reziden\u010dn\u00ed \u010dtvrti nedaleko m\u011bsta Santa Ponsa. Hotel nab\u00edz\u00ed pohodovou atmosf\u00e9ru uprost\u0159ed st\u0159edomo\u0159sk\u00e9 zelen\u011b a je ide\u00e1ln\u00edm m\u00edstem pro rodiny, kter\u00e9 hledaj\u00ed klidn\u00e9 prost\u0159ed\u00ed pro dovolenou. <\/p>\n<p data-start=\"2812\" data-end=\"2912\">Host\u00e9 mohou vyu\u017e\u00edvat venkovn\u00ed baz\u00e9ny, pohodln\u00e9 pokoje a snadn\u00fd p\u0159\u00edstup k nedalek\u00fdm pl\u00e1\u017e\u00edm a restaurac\u00edm.<\/p>\n<p data-start=\"2914\" data-end=\"3064\"><strong data-start=\"2914\" data-end=\"2951\">Pro\u010d si to rezervovat na rodinnou dovolenou?<\/strong><br data-start=\"2951\" data-end=\"2954\">Skv\u011bl\u00e1 volba pro rodiny, kter\u00e9 hledaj\u00ed klidn\u00e9 m\u00edsto k pobytu, ale z\u00e1rove\u0148 cht\u011bj\u00ed b\u00fdt nabl\u00edzku pl\u00e1\u017ei a ob\u010dansk\u00e9 vybavenosti v Santa Ponsa.<\/p>\n<p data-start=\"2914\" data-end=\"3064\"><strong>Odkaz pro zobrazen\u00ed dal\u0161\u00edch podrobnost\u00ed a rezervaci:<\/strong> <strong><a href=\"https:\/\/booking.stay22.com\/likexpats\/W8XFbozLaG\" target=\"_blank\" rel=\"noopener\">Globales Costa de la Calma<\/a><\/strong><\/p>\n<h3 data-start=\"3071\" data-end=\"3100\"><span class=\"ez-toc-section\" id=\"Aparthotel_Ona_Aucanada_4\"><\/span><strong>Aparthotel Ona Aucanada 4*<\/strong><span class=\"ez-toc-section-end\"><\/span><\/h3>\n<p data-start=\"3101\" data-end=\"3137\">\ud83d\udccd <strong><a href=\"https:\/\/maps.app.goo.gl\/ik8r7H424tec6sMQ6\" target=\"_blank\" rel=\"noopener\">Lokace Aparthotel Ona Aucanada<\/a><\/strong>: Aucanada | V okol\u00ed Alcudie<\/p>\n<div id='gallery-5' class='gallery galleryid-2876 gallery-columns-2 gallery-size-full'><figure class='gallery-item'>\n\t\t\t<div class='gallery-icon landscape'>\n\t\t\t\t<a href='https:\/\/www.mymallorcadiary.com\/wp-content\/uploads\/2026\/02\/Aparthotel-in-Alcudia.webp'><img decoding=\"async\" width=\"1920\" height=\"1078\" src=\"https:\/\/www.mymallorcadiary.com\/wp-content\/uploads\/2026\/02\/Aparthotel-in-Alcudia.webp\" class=\"attachment-full size-full\" alt=\"\" srcset=\"https:\/\/www.mymallorcadiary.com\/wp-content\/uploads\/2026\/02\/Aparthotel-in-Alcudia.webp 1920w, https:\/\/www.mymallorcadiary.com\/wp-content\/uploads\/2026\/02\/Aparthotel-in-Alcudia-300x168.webp 300w, https:\/\/www.mymallorcadiary.com\/wp-content\/uploads\/2026\/02\/Aparthotel-in-Alcudia-1024x575.webp 1024w, https:\/\/www.mymallorcadiary.com\/wp-content\/uploads\/2026\/02\/Aparthotel-in-Alcudia-768x431.webp 768w, https:\/\/www.mymallorcadiary.com\/wp-content\/uploads\/2026\/02\/Aparthotel-in-Alcudia-1536x862.webp 1536w, https:\/\/www.mymallorcadiary.com\/wp-content\/uploads\/2026\/02\/Aparthotel-in-Alcudia-696x391.webp 696w, https:\/\/www.mymallorcadiary.com\/wp-content\/uploads\/2026\/02\/Aparthotel-in-Alcudia-1392x782.webp 1392w\" sizes=\"(max-width: 1920px) 100vw, 1920px\" \/><\/a>\n\t\t\t<\/div><\/figure><figure class='gallery-item'>\n\t\t\t<div class='gallery-icon landscape'>\n\t\t\t\t<a href='https:\/\/www.mymallorcadiary.com\/wp-content\/uploads\/2026\/02\/Ona-Aucanada-in-Alcudia.webp'><img decoding=\"async\" width=\"1920\" height=\"1078\" src=\"https:\/\/www.mymallorcadiary.com\/wp-content\/uploads\/2026\/02\/Ona-Aucanada-in-Alcudia.webp\" class=\"attachment-full size-full\" alt=\"\" srcset=\"https:\/\/www.mymallorcadiary.com\/wp-content\/uploads\/2026\/02\/Ona-Aucanada-in-Alcudia.webp 1920w, https:\/\/www.mymallorcadiary.com\/wp-content\/uploads\/2026\/02\/Ona-Aucanada-in-Alcudia-300x168.webp 300w, https:\/\/www.mymallorcadiary.com\/wp-content\/uploads\/2026\/02\/Ona-Aucanada-in-Alcudia-1024x575.webp 1024w, https:\/\/www.mymallorcadiary.com\/wp-content\/uploads\/2026\/02\/Ona-Aucanada-in-Alcudia-768x431.webp 768w, https:\/\/www.mymallorcadiary.com\/wp-content\/uploads\/2026\/02\/Ona-Aucanada-in-Alcudia-1536x862.webp 1536w, https:\/\/www.mymallorcadiary.com\/wp-content\/uploads\/2026\/02\/Ona-Aucanada-in-Alcudia-696x391.webp 696w, https:\/\/www.mymallorcadiary.com\/wp-content\/uploads\/2026\/02\/Ona-Aucanada-in-Alcudia-1392x782.webp 1392w\" sizes=\"(max-width: 1920px) 100vw, 1920px\" \/><\/a>\n\t\t\t<\/div><\/figure><figure class='gallery-item'>\n\t\t\t<div class='gallery-icon landscape'>\n\t\t\t\t<a href='https:\/\/www.mymallorcadiary.com\/wp-content\/uploads\/2026\/02\/Aparthotel-Ona-Aucanada.webp'><img decoding=\"async\" width=\"1920\" height=\"1078\" src=\"https:\/\/www.mymallorcadiary.com\/wp-content\/uploads\/2026\/02\/Aparthotel-Ona-Aucanada.webp\" class=\"attachment-full size-full\" alt=\"\" srcset=\"https:\/\/www.mymallorcadiary.com\/wp-content\/uploads\/2026\/02\/Aparthotel-Ona-Aucanada.webp 1920w, https:\/\/www.mymallorcadiary.com\/wp-content\/uploads\/2026\/02\/Aparthotel-Ona-Aucanada-300x168.webp 300w, https:\/\/www.mymallorcadiary.com\/wp-content\/uploads\/2026\/02\/Aparthotel-Ona-Aucanada-1024x575.webp 1024w, https:\/\/www.mymallorcadiary.com\/wp-content\/uploads\/2026\/02\/Aparthotel-Ona-Aucanada-768x431.webp 768w, https:\/\/www.mymallorcadiary.com\/wp-content\/uploads\/2026\/02\/Aparthotel-Ona-Aucanada-1536x862.webp 1536w, https:\/\/www.mymallorcadiary.com\/wp-content\/uploads\/2026\/02\/Aparthotel-Ona-Aucanada-696x391.webp 696w, https:\/\/www.mymallorcadiary.com\/wp-content\/uploads\/2026\/02\/Aparthotel-Ona-Aucanada-1392x782.webp 1392w\" sizes=\"(max-width: 1920px) 100vw, 1920px\" \/><\/a>\n\t\t\t<\/div><\/figure><figure class='gallery-item'>\n\t\t\t<div class='gallery-icon landscape'>\n\t\t\t\t<a href='https:\/\/www.mymallorcadiary.com\/wp-content\/uploads\/2026\/02\/Hotel-for-families-in-Alcudia-2.webp'><img decoding=\"async\" width=\"1920\" height=\"1078\" src=\"https:\/\/www.mymallorcadiary.com\/wp-content\/uploads\/2026\/02\/Hotel-for-families-in-Alcudia-2.webp\" class=\"attachment-full size-full\" alt=\"\" srcset=\"https:\/\/www.mymallorcadiary.com\/wp-content\/uploads\/2026\/02\/Hotel-for-families-in-Alcudia-2.webp 1920w, https:\/\/www.mymallorcadiary.com\/wp-content\/uploads\/2026\/02\/Hotel-for-families-in-Alcudia-2-300x168.webp 300w, https:\/\/www.mymallorcadiary.com\/wp-content\/uploads\/2026\/02\/Hotel-for-families-in-Alcudia-2-1024x575.webp 1024w, https:\/\/www.mymallorcadiary.com\/wp-content\/uploads\/2026\/02\/Hotel-for-families-in-Alcudia-2-768x431.webp 768w, https:\/\/www.mymallorcadiary.com\/wp-content\/uploads\/2026\/02\/Hotel-for-families-in-Alcudia-2-1536x862.webp 1536w, https:\/\/www.mymallorcadiary.com\/wp-content\/uploads\/2026\/02\/Hotel-for-families-in-Alcudia-2-696x391.webp 696w, https:\/\/www.mymallorcadiary.com\/wp-content\/uploads\/2026\/02\/Hotel-for-families-in-Alcudia-2-1392x782.webp 1392w\" sizes=\"(max-width: 1920px) 100vw, 1920px\" \/><\/a>\n\t\t\t<\/div><\/figure>\n\t\t<\/div>\n\n<p data-start=\"3139\" data-end=\"3298\">Aparthotel Ona Aucanada se nach\u00e1z\u00ed v klidn\u00e9 pob\u0159e\u017en\u00ed oblasti nedaleko Alcudie a nab\u00edz\u00ed n\u00e1dhern\u00fd v\u00fdhled na mo\u0159e a uvoln\u011bnou atmosf\u00e9ru daleko od ru\u0161n\u00fdch turistick\u00fdch oblast\u00ed.<\/p>\n<p data-start=\"3300\" data-end=\"3499\">Komplex nab\u00edz\u00ed prostorn\u00e9 apartm\u00e1ny s kuchy\u0148sk\u00fdm koutem, n\u011bkolik baz\u00e9n\u016f a upraven\u00e9 zahrady. Nedalek\u00e9 pl\u00e1\u017ee a p\u016fvabn\u00e9 historick\u00e9 centrum m\u011bsta Alcudia jsou vzd\u00e1len\u00e9 jen p\u00e1r minut j\u00edzdy autem. <\/p>\n<p data-start=\"3501\" data-end=\"3640\"><strong data-start=\"3501\" data-end=\"3538\">Pro\u010d si to rezervovat na rodinnou dovolenou?<\/strong><br data-start=\"3538\" data-end=\"3541\">Ide\u00e1ln\u00ed pro rodiny, kter\u00e9 d\u00e1vaj\u00ed p\u0159ednost ubytov\u00e1n\u00ed v apartm\u00e1nech a klidn\u011bj\u0161\u00edmu prost\u0159ed\u00ed v okol\u00ed Alcudie.<\/p>\n<p data-start=\"3501\" data-end=\"3640\"><strong>Odkaz pro zobrazen\u00ed dal\u0161\u00edch podrobnost\u00ed a rezervaci: <a href=\"https:\/\/booking.stay22.com\/likexpats\/wFrHArK5KY\" target=\"_blank\" rel=\"noopener\">Aparthotel Ona Aucanada<\/a><\/strong><\/p>\n<h3 data-start=\"3647\" data-end=\"3669\"><span class=\"ez-toc-section\" id=\"tent_Playa_de_Palma_3\"><\/span><strong>tent Playa de Palma 3*<\/strong><span class=\"ez-toc-section-end\"><\/span><\/h3>\n<p data-start=\"3670\" data-end=\"3714\">\ud83d\udccd <strong><a href=\"https:\/\/maps.app.goo.gl\/WHHZJrGurDQMgaGU6\" target=\"_blank\" rel=\"noopener\">Lokace tent Playa de Palma<\/a><\/strong>: Playa de Palma | Ji\u017en\u00ed Mallorca<\/p>\n<div id='gallery-6' class='gallery galleryid-2876 gallery-columns-2 gallery-size-full'><figure class='gallery-item'>\n\t\t\t<div class='gallery-icon landscape'>\n\t\t\t\t<a href='https:\/\/www.mymallorcadiary.com\/wp-content\/uploads\/2026\/02\/Tent-hotel-Palma.webp'><img decoding=\"async\" width=\"1920\" height=\"1078\" src=\"https:\/\/www.mymallorcadiary.com\/wp-content\/uploads\/2026\/02\/Tent-hotel-Palma.webp\" class=\"attachment-full size-full\" alt=\"\" srcset=\"https:\/\/www.mymallorcadiary.com\/wp-content\/uploads\/2026\/02\/Tent-hotel-Palma.webp 1920w, https:\/\/www.mymallorcadiary.com\/wp-content\/uploads\/2026\/02\/Tent-hotel-Palma-300x168.webp 300w, https:\/\/www.mymallorcadiary.com\/wp-content\/uploads\/2026\/02\/Tent-hotel-Palma-1024x575.webp 1024w, https:\/\/www.mymallorcadiary.com\/wp-content\/uploads\/2026\/02\/Tent-hotel-Palma-768x431.webp 768w, https:\/\/www.mymallorcadiary.com\/wp-content\/uploads\/2026\/02\/Tent-hotel-Palma-1536x862.webp 1536w, https:\/\/www.mymallorcadiary.com\/wp-content\/uploads\/2026\/02\/Tent-hotel-Palma-696x391.webp 696w, https:\/\/www.mymallorcadiary.com\/wp-content\/uploads\/2026\/02\/Tent-hotel-Palma-1392x782.webp 1392w\" sizes=\"(max-width: 1920px) 100vw, 1920px\" \/><\/a>\n\t\t\t<\/div><\/figure><figure class='gallery-item'>\n\t\t\t<div class='gallery-icon landscape'>\n\t\t\t\t<a href='https:\/\/www.mymallorcadiary.com\/wp-content\/uploads\/2026\/02\/brunch-hotel-in-Palma.webp'><img decoding=\"async\" width=\"1920\" height=\"1078\" src=\"https:\/\/www.mymallorcadiary.com\/wp-content\/uploads\/2026\/02\/brunch-hotel-in-Palma.webp\" class=\"attachment-full size-full\" alt=\"\" srcset=\"https:\/\/www.mymallorcadiary.com\/wp-content\/uploads\/2026\/02\/brunch-hotel-in-Palma.webp 1920w, https:\/\/www.mymallorcadiary.com\/wp-content\/uploads\/2026\/02\/brunch-hotel-in-Palma-300x168.webp 300w, https:\/\/www.mymallorcadiary.com\/wp-content\/uploads\/2026\/02\/brunch-hotel-in-Palma-1024x575.webp 1024w, https:\/\/www.mymallorcadiary.com\/wp-content\/uploads\/2026\/02\/brunch-hotel-in-Palma-768x431.webp 768w, https:\/\/www.mymallorcadiary.com\/wp-content\/uploads\/2026\/02\/brunch-hotel-in-Palma-1536x862.webp 1536w, https:\/\/www.mymallorcadiary.com\/wp-content\/uploads\/2026\/02\/brunch-hotel-in-Palma-696x391.webp 696w, https:\/\/www.mymallorcadiary.com\/wp-content\/uploads\/2026\/02\/brunch-hotel-in-Palma-1392x782.webp 1392w\" sizes=\"(max-width: 1920px) 100vw, 1920px\" \/><\/a>\n\t\t\t<\/div><\/figure><figure class='gallery-item'>\n\t\t\t<div class='gallery-icon landscape'>\n\t\t\t\t<a href='https:\/\/www.mymallorcadiary.com\/wp-content\/uploads\/2026\/02\/Tent-Playa-de-Palma.webp'><img decoding=\"async\" width=\"1920\" height=\"1078\" src=\"https:\/\/www.mymallorcadiary.com\/wp-content\/uploads\/2026\/02\/Tent-Playa-de-Palma.webp\" class=\"attachment-full size-full\" alt=\"\" srcset=\"https:\/\/www.mymallorcadiary.com\/wp-content\/uploads\/2026\/02\/Tent-Playa-de-Palma.webp 1920w, https:\/\/www.mymallorcadiary.com\/wp-content\/uploads\/2026\/02\/Tent-Playa-de-Palma-300x168.webp 300w, https:\/\/www.mymallorcadiary.com\/wp-content\/uploads\/2026\/02\/Tent-Playa-de-Palma-1024x575.webp 1024w, https:\/\/www.mymallorcadiary.com\/wp-content\/uploads\/2026\/02\/Tent-Playa-de-Palma-768x431.webp 768w, https:\/\/www.mymallorcadiary.com\/wp-content\/uploads\/2026\/02\/Tent-Playa-de-Palma-1536x862.webp 1536w, https:\/\/www.mymallorcadiary.com\/wp-content\/uploads\/2026\/02\/Tent-Playa-de-Palma-696x391.webp 696w, https:\/\/www.mymallorcadiary.com\/wp-content\/uploads\/2026\/02\/Tent-Playa-de-Palma-1392x782.webp 1392w\" sizes=\"(max-width: 1920px) 100vw, 1920px\" \/><\/a>\n\t\t\t<\/div><\/figure><figure class='gallery-item'>\n\t\t\t<div class='gallery-icon landscape'>\n\t\t\t\t<a href='https:\/\/www.mymallorcadiary.com\/wp-content\/uploads\/2026\/02\/unlimited-brunch-hotel-in-Palma.webp'><img decoding=\"async\" width=\"1920\" height=\"1078\" src=\"https:\/\/www.mymallorcadiary.com\/wp-content\/uploads\/2026\/02\/unlimited-brunch-hotel-in-Palma.webp\" class=\"attachment-full size-full\" alt=\"\" srcset=\"https:\/\/www.mymallorcadiary.com\/wp-content\/uploads\/2026\/02\/unlimited-brunch-hotel-in-Palma.webp 1920w, https:\/\/www.mymallorcadiary.com\/wp-content\/uploads\/2026\/02\/unlimited-brunch-hotel-in-Palma-300x168.webp 300w, https:\/\/www.mymallorcadiary.com\/wp-content\/uploads\/2026\/02\/unlimited-brunch-hotel-in-Palma-1024x575.webp 1024w, https:\/\/www.mymallorcadiary.com\/wp-content\/uploads\/2026\/02\/unlimited-brunch-hotel-in-Palma-768x431.webp 768w, https:\/\/www.mymallorcadiary.com\/wp-content\/uploads\/2026\/02\/unlimited-brunch-hotel-in-Palma-1536x862.webp 1536w, https:\/\/www.mymallorcadiary.com\/wp-content\/uploads\/2026\/02\/unlimited-brunch-hotel-in-Palma-696x391.webp 696w, https:\/\/www.mymallorcadiary.com\/wp-content\/uploads\/2026\/02\/unlimited-brunch-hotel-in-Palma-1392x782.webp 1392w\" sizes=\"(max-width: 1920px) 100vw, 1920px\" \/><\/a>\n\t\t\t<\/div><\/figure>\n\t\t<\/div>\n\n<p data-start=\"3716\" data-end=\"3835\">Hotel Tent Playa de Palma je modern\u00ed a neform\u00e1ln\u00ed hotel, kter\u00fd se nach\u00e1z\u00ed jen kousek od dlouh\u00e9 p\u00edse\u010dn\u00e9 pl\u00e1\u017ee Playa de Palma.<\/p>\n<p data-start=\"3837\" data-end=\"4095\">Jednou z hlavn\u00edch p\u0159ednost\u00ed hotelu je nab\u00eddka <strong data-start=\"3881\" data-end=\"3901\">&#8222;Unlimited Brunch&#8220;<\/strong>, kter\u00e1 je k dispozici ka\u017ed\u00fd den od <strong data-start=\"3924\" data-end=\"3946\">8:00 do 13:30<\/strong> a umo\u017e\u0148uje host\u016fm vychutnat si flexibiln\u00ed sn\u00eddani i brunch. Hotel d\u00e1le nab\u00edz\u00ed <strong data-start=\"4039\" data-end=\"4056\">mo\u017enost samoobslu\u017en\u00e9ho p\u0159ihl\u00e1\u0161en\u00ed<\/strong>, d\u00edky \u010demu\u017e je p\u0159\u00edjezd rychl\u00fd a pohodln\u00fd. <\/p>\n<p data-start=\"4097\" data-end=\"4251\"><strong data-start=\"4097\" data-end=\"4134\">Pro\u010d si to rezervovat na rodinnou dovolenou?<\/strong><br data-start=\"4134\" data-end=\"4137\">D\u00edky flexibiln\u00edm \u010das\u016fm pod\u00e1v\u00e1n\u00ed brunchu, pohodln\u00fdm pokoj\u016fm a bl\u00edzkosti pl\u00e1\u017ee je toto m\u00edsto ide\u00e1ln\u00ed z\u00e1kladnou pro rodiny s d\u011btmi.<\/p>\n<p data-start=\"4097\" data-end=\"4251\"><strong>Odkaz pro zobrazen\u00ed dal\u0161\u00edch podrobnost\u00ed a rezervaci: <a href=\"https:\/\/booking.stay22.com\/likexpats\/9bMORwGneQ\" target=\"_blank\" rel=\"noopener\">Tent Playa de Palma<\/a><\/strong><\/p>\n<h3 data-start=\"4258\" data-end=\"4287\"><span class=\"ez-toc-section\" id=\"Jutlandia_Family_Resort_3\"><\/span><strong>Jutlandia Family Resort 3*<\/strong><span class=\"ez-toc-section-end\"><\/span><\/h3>\n<p data-start=\"4288\" data-end=\"4333\">\ud83d\udccd <strong><a href=\"https:\/\/maps.app.goo.gl\/BDz3J5gopE8FFVwZA\" target=\"_blank\" rel=\"noopener\">Lokace Jutlandia Family Resort<\/a><\/strong>: Santa Ponsa | Jihov\u00fdchodn\u00ed Mallorca<\/p>\n<div id='gallery-7' class='gallery galleryid-2876 gallery-columns-2 gallery-size-full'><figure class='gallery-item'>\n\t\t\t<div class='gallery-icon landscape'>\n\t\t\t\t<a href='https:\/\/www.mymallorcadiary.com\/wp-content\/uploads\/2026\/02\/Jutlandia-family-hotel-Santa-Ponsa.webp'><img decoding=\"async\" width=\"1920\" height=\"1078\" src=\"https:\/\/www.mymallorcadiary.com\/wp-content\/uploads\/2026\/02\/Jutlandia-family-hotel-Santa-Ponsa.webp\" class=\"attachment-full size-full\" alt=\"\" srcset=\"https:\/\/www.mymallorcadiary.com\/wp-content\/uploads\/2026\/02\/Jutlandia-family-hotel-Santa-Ponsa.webp 1920w, https:\/\/www.mymallorcadiary.com\/wp-content\/uploads\/2026\/02\/Jutlandia-family-hotel-Santa-Ponsa-300x168.webp 300w, https:\/\/www.mymallorcadiary.com\/wp-content\/uploads\/2026\/02\/Jutlandia-family-hotel-Santa-Ponsa-1024x575.webp 1024w, https:\/\/www.mymallorcadiary.com\/wp-content\/uploads\/2026\/02\/Jutlandia-family-hotel-Santa-Ponsa-768x431.webp 768w, https:\/\/www.mymallorcadiary.com\/wp-content\/uploads\/2026\/02\/Jutlandia-family-hotel-Santa-Ponsa-1536x862.webp 1536w, https:\/\/www.mymallorcadiary.com\/wp-content\/uploads\/2026\/02\/Jutlandia-family-hotel-Santa-Ponsa-696x391.webp 696w, https:\/\/www.mymallorcadiary.com\/wp-content\/uploads\/2026\/02\/Jutlandia-family-hotel-Santa-Ponsa-1392x782.webp 1392w\" sizes=\"(max-width: 1920px) 100vw, 1920px\" \/><\/a>\n\t\t\t<\/div><\/figure><figure class='gallery-item'>\n\t\t\t<div class='gallery-icon landscape'>\n\t\t\t\t<a href='https:\/\/www.mymallorcadiary.com\/wp-content\/uploads\/2026\/02\/Mallorca-family-hotel.webp'><img decoding=\"async\" width=\"1920\" height=\"1078\" src=\"https:\/\/www.mymallorcadiary.com\/wp-content\/uploads\/2026\/02\/Mallorca-family-hotel.webp\" class=\"attachment-full size-full\" alt=\"\" srcset=\"https:\/\/www.mymallorcadiary.com\/wp-content\/uploads\/2026\/02\/Mallorca-family-hotel.webp 1920w, https:\/\/www.mymallorcadiary.com\/wp-content\/uploads\/2026\/02\/Mallorca-family-hotel-300x168.webp 300w, https:\/\/www.mymallorcadiary.com\/wp-content\/uploads\/2026\/02\/Mallorca-family-hotel-1024x575.webp 1024w, https:\/\/www.mymallorcadiary.com\/wp-content\/uploads\/2026\/02\/Mallorca-family-hotel-768x431.webp 768w, https:\/\/www.mymallorcadiary.com\/wp-content\/uploads\/2026\/02\/Mallorca-family-hotel-1536x862.webp 1536w, https:\/\/www.mymallorcadiary.com\/wp-content\/uploads\/2026\/02\/Mallorca-family-hotel-696x391.webp 696w, https:\/\/www.mymallorcadiary.com\/wp-content\/uploads\/2026\/02\/Mallorca-family-hotel-1392x782.webp 1392w\" sizes=\"(max-width: 1920px) 100vw, 1920px\" \/><\/a>\n\t\t\t<\/div><\/figure><figure class='gallery-item'>\n\t\t\t<div class='gallery-icon landscape'>\n\t\t\t\t<a href='https:\/\/www.mymallorcadiary.com\/wp-content\/uploads\/2026\/02\/Family-accommodation-in-Mallorca.webp'><img decoding=\"async\" width=\"1920\" height=\"1078\" src=\"https:\/\/www.mymallorcadiary.com\/wp-content\/uploads\/2026\/02\/Family-accommodation-in-Mallorca.webp\" class=\"attachment-full size-full\" alt=\"\" srcset=\"https:\/\/www.mymallorcadiary.com\/wp-content\/uploads\/2026\/02\/Family-accommodation-in-Mallorca.webp 1920w, https:\/\/www.mymallorcadiary.com\/wp-content\/uploads\/2026\/02\/Family-accommodation-in-Mallorca-300x168.webp 300w, https:\/\/www.mymallorcadiary.com\/wp-content\/uploads\/2026\/02\/Family-accommodation-in-Mallorca-1024x575.webp 1024w, https:\/\/www.mymallorcadiary.com\/wp-content\/uploads\/2026\/02\/Family-accommodation-in-Mallorca-768x431.webp 768w, https:\/\/www.mymallorcadiary.com\/wp-content\/uploads\/2026\/02\/Family-accommodation-in-Mallorca-1536x862.webp 1536w, https:\/\/www.mymallorcadiary.com\/wp-content\/uploads\/2026\/02\/Family-accommodation-in-Mallorca-696x391.webp 696w, https:\/\/www.mymallorcadiary.com\/wp-content\/uploads\/2026\/02\/Family-accommodation-in-Mallorca-1392x782.webp 1392w\" sizes=\"(max-width: 1920px) 100vw, 1920px\" \/><\/a>\n\t\t\t<\/div><\/figure><figure class='gallery-item'>\n\t\t\t<div class='gallery-icon landscape'>\n\t\t\t\t<a href='https:\/\/www.mymallorcadiary.com\/wp-content\/uploads\/2026\/02\/Jutlandia-Family-hotel-Mallorca.webp'><img decoding=\"async\" width=\"1920\" height=\"1078\" src=\"https:\/\/www.mymallorcadiary.com\/wp-content\/uploads\/2026\/02\/Jutlandia-Family-hotel-Mallorca.webp\" class=\"attachment-full size-full\" alt=\"\" srcset=\"https:\/\/www.mymallorcadiary.com\/wp-content\/uploads\/2026\/02\/Jutlandia-Family-hotel-Mallorca.webp 1920w, https:\/\/www.mymallorcadiary.com\/wp-content\/uploads\/2026\/02\/Jutlandia-Family-hotel-Mallorca-300x168.webp 300w, https:\/\/www.mymallorcadiary.com\/wp-content\/uploads\/2026\/02\/Jutlandia-Family-hotel-Mallorca-1024x575.webp 1024w, https:\/\/www.mymallorcadiary.com\/wp-content\/uploads\/2026\/02\/Jutlandia-Family-hotel-Mallorca-768x431.webp 768w, https:\/\/www.mymallorcadiary.com\/wp-content\/uploads\/2026\/02\/Jutlandia-Family-hotel-Mallorca-1536x862.webp 1536w, https:\/\/www.mymallorcadiary.com\/wp-content\/uploads\/2026\/02\/Jutlandia-Family-hotel-Mallorca-696x391.webp 696w, https:\/\/www.mymallorcadiary.com\/wp-content\/uploads\/2026\/02\/Jutlandia-Family-hotel-Mallorca-1392x782.webp 1392w\" sizes=\"(max-width: 1920px) 100vw, 1920px\" \/><\/a>\n\t\t\t<\/div><\/figure>\n\t\t<\/div>\n\n<p data-start=\"4335\" data-end=\"4553\">Jutlandia Family Resort je speci\u00e1ln\u011b navr\u017een s ohledem na rodiny s d\u011btmi. Nach\u00e1z\u00ed se v p\u011b\u0161\u00ed vzd\u00e1lenosti od pl\u00e1\u017ee Santa Ponsa a nab\u00edz\u00ed ubytov\u00e1n\u00ed v apartm\u00e1nech a \u0161irokou \u0161k\u00e1lu za\u0159\u00edzen\u00ed pro d\u011bti. <\/p>\n<p data-start=\"4555\" data-end=\"4652\">Are\u00e1l nab\u00edz\u00ed n\u011bkolik baz\u00e9n\u016f, d\u011btsk\u00e1 h\u0159i\u0161t\u011b a ka\u017edodenn\u00ed z\u00e1bavn\u00ed program.<\/p>\n<p data-start=\"4654\" data-end=\"4773\"><strong data-start=\"4654\" data-end=\"4691\">Pro\u010d si to rezervovat na rodinnou dovolenou?<\/strong><br data-start=\"4691\" data-end=\"4694\">Je to jeden z nejlep\u0161\u00edch resort\u016f v Santa Ponsa pro rodiny s mal\u00fdmi d\u011btmi.<\/p>\n<p data-start=\"4654\" data-end=\"4773\"><strong>Odkaz pro zobrazen\u00ed dal\u0161\u00edch podrobnost\u00ed a rezervaci:<\/strong> <strong><a href=\"https:\/\/booking.stay22.com\/likexpats\/gJWcjNtKp6\" target=\"_blank\" rel=\"noopener\">Jutlandia Family Resort<\/a><\/strong><\/p>\n<h3 data-start=\"4780\" data-end=\"4804\"><span class=\"ez-toc-section\" id=\"Apartamentos_Solecito\"><\/span><strong>Apartamentos Solecito<\/strong><span class=\"ez-toc-section-end\"><\/span><\/h3>\n<p data-start=\"4805\" data-end=\"4835\">\ud83d\udccd <strong><a href=\"https:\/\/maps.app.goo.gl\/s3FPGjbnAKr7aM566\" target=\"_blank\" rel=\"noopener\">Lokace Apartamentos Solecito<\/a><\/strong>: Puerto de Alcudia<\/p>\n<div id='gallery-8' class='gallery galleryid-2876 gallery-columns-2 gallery-size-full'><figure class='gallery-item'>\n\t\t\t<div class='gallery-icon landscape'>\n\t\t\t\t<a href='https:\/\/www.mymallorcadiary.com\/wp-content\/uploads\/2026\/02\/Solecito-apartments-in-Alcudia.webp'><img decoding=\"async\" width=\"1920\" height=\"1078\" src=\"https:\/\/www.mymallorcadiary.com\/wp-content\/uploads\/2026\/02\/Solecito-apartments-in-Alcudia.webp\" class=\"attachment-full size-full\" alt=\"\" srcset=\"https:\/\/www.mymallorcadiary.com\/wp-content\/uploads\/2026\/02\/Solecito-apartments-in-Alcudia.webp 1920w, https:\/\/www.mymallorcadiary.com\/wp-content\/uploads\/2026\/02\/Solecito-apartments-in-Alcudia-300x168.webp 300w, https:\/\/www.mymallorcadiary.com\/wp-content\/uploads\/2026\/02\/Solecito-apartments-in-Alcudia-1024x575.webp 1024w, https:\/\/www.mymallorcadiary.com\/wp-content\/uploads\/2026\/02\/Solecito-apartments-in-Alcudia-768x431.webp 768w, https:\/\/www.mymallorcadiary.com\/wp-content\/uploads\/2026\/02\/Solecito-apartments-in-Alcudia-1536x862.webp 1536w, https:\/\/www.mymallorcadiary.com\/wp-content\/uploads\/2026\/02\/Solecito-apartments-in-Alcudia-696x391.webp 696w, https:\/\/www.mymallorcadiary.com\/wp-content\/uploads\/2026\/02\/Solecito-apartments-in-Alcudia-1392x782.webp 1392w\" sizes=\"(max-width: 1920px) 100vw, 1920px\" \/><\/a>\n\t\t\t<\/div><\/figure><figure class='gallery-item'>\n\t\t\t<div class='gallery-icon landscape'>\n\t\t\t\t<a href='https:\/\/www.mymallorcadiary.com\/wp-content\/uploads\/2026\/02\/Apartments-for-families-in-front-of-the-sea-in-Mallorca.webp'><img decoding=\"async\" width=\"1920\" height=\"1078\" src=\"https:\/\/www.mymallorcadiary.com\/wp-content\/uploads\/2026\/02\/Apartments-for-families-in-front-of-the-sea-in-Mallorca.webp\" class=\"attachment-full size-full\" alt=\"\" srcset=\"https:\/\/www.mymallorcadiary.com\/wp-content\/uploads\/2026\/02\/Apartments-for-families-in-front-of-the-sea-in-Mallorca.webp 1920w, https:\/\/www.mymallorcadiary.com\/wp-content\/uploads\/2026\/02\/Apartments-for-families-in-front-of-the-sea-in-Mallorca-300x168.webp 300w, https:\/\/www.mymallorcadiary.com\/wp-content\/uploads\/2026\/02\/Apartments-for-families-in-front-of-the-sea-in-Mallorca-1024x575.webp 1024w, https:\/\/www.mymallorcadiary.com\/wp-content\/uploads\/2026\/02\/Apartments-for-families-in-front-of-the-sea-in-Mallorca-768x431.webp 768w, https:\/\/www.mymallorcadiary.com\/wp-content\/uploads\/2026\/02\/Apartments-for-families-in-front-of-the-sea-in-Mallorca-1536x862.webp 1536w, https:\/\/www.mymallorcadiary.com\/wp-content\/uploads\/2026\/02\/Apartments-for-families-in-front-of-the-sea-in-Mallorca-696x391.webp 696w, https:\/\/www.mymallorcadiary.com\/wp-content\/uploads\/2026\/02\/Apartments-for-families-in-front-of-the-sea-in-Mallorca-1392x782.webp 1392w\" sizes=\"(max-width: 1920px) 100vw, 1920px\" \/><\/a>\n\t\t\t<\/div><\/figure><figure class='gallery-item'>\n\t\t\t<div class='gallery-icon landscape'>\n\t\t\t\t<a href='https:\/\/www.mymallorcadiary.com\/wp-content\/uploads\/2026\/02\/Puerto-de-Alcudia-apartments-for-families.webp'><img decoding=\"async\" width=\"1920\" height=\"1078\" src=\"https:\/\/www.mymallorcadiary.com\/wp-content\/uploads\/2026\/02\/Puerto-de-Alcudia-apartments-for-families.webp\" class=\"attachment-full size-full\" alt=\"\" srcset=\"https:\/\/www.mymallorcadiary.com\/wp-content\/uploads\/2026\/02\/Puerto-de-Alcudia-apartments-for-families.webp 1920w, https:\/\/www.mymallorcadiary.com\/wp-content\/uploads\/2026\/02\/Puerto-de-Alcudia-apartments-for-families-300x168.webp 300w, https:\/\/www.mymallorcadiary.com\/wp-content\/uploads\/2026\/02\/Puerto-de-Alcudia-apartments-for-families-1024x575.webp 1024w, https:\/\/www.mymallorcadiary.com\/wp-content\/uploads\/2026\/02\/Puerto-de-Alcudia-apartments-for-families-768x431.webp 768w, https:\/\/www.mymallorcadiary.com\/wp-content\/uploads\/2026\/02\/Puerto-de-Alcudia-apartments-for-families-1536x862.webp 1536w, https:\/\/www.mymallorcadiary.com\/wp-content\/uploads\/2026\/02\/Puerto-de-Alcudia-apartments-for-families-696x391.webp 696w, https:\/\/www.mymallorcadiary.com\/wp-content\/uploads\/2026\/02\/Puerto-de-Alcudia-apartments-for-families-1392x782.webp 1392w\" sizes=\"(max-width: 1920px) 100vw, 1920px\" \/><\/a>\n\t\t\t<\/div><\/figure><figure class='gallery-item'>\n\t\t\t<div class='gallery-icon landscape'>\n\t\t\t\t<a href='https:\/\/www.mymallorcadiary.com\/wp-content\/uploads\/2026\/02\/Apartaments-with-pool-in-front-of-the-sea-in-Mallorca.webp'><img decoding=\"async\" width=\"1920\" height=\"1078\" src=\"https:\/\/www.mymallorcadiary.com\/wp-content\/uploads\/2026\/02\/Apartaments-with-pool-in-front-of-the-sea-in-Mallorca.webp\" class=\"attachment-full size-full\" alt=\"\" srcset=\"https:\/\/www.mymallorcadiary.com\/wp-content\/uploads\/2026\/02\/Apartaments-with-pool-in-front-of-the-sea-in-Mallorca.webp 1920w, https:\/\/www.mymallorcadiary.com\/wp-content\/uploads\/2026\/02\/Apartaments-with-pool-in-front-of-the-sea-in-Mallorca-300x168.webp 300w, https:\/\/www.mymallorcadiary.com\/wp-content\/uploads\/2026\/02\/Apartaments-with-pool-in-front-of-the-sea-in-Mallorca-1024x575.webp 1024w, https:\/\/www.mymallorcadiary.com\/wp-content\/uploads\/2026\/02\/Apartaments-with-pool-in-front-of-the-sea-in-Mallorca-768x431.webp 768w, https:\/\/www.mymallorcadiary.com\/wp-content\/uploads\/2026\/02\/Apartaments-with-pool-in-front-of-the-sea-in-Mallorca-1536x862.webp 1536w, https:\/\/www.mymallorcadiary.com\/wp-content\/uploads\/2026\/02\/Apartaments-with-pool-in-front-of-the-sea-in-Mallorca-696x391.webp 696w, https:\/\/www.mymallorcadiary.com\/wp-content\/uploads\/2026\/02\/Apartaments-with-pool-in-front-of-the-sea-in-Mallorca-1392x782.webp 1392w\" sizes=\"(max-width: 1920px) 100vw, 1920px\" \/><\/a>\n\t\t\t<\/div><\/figure>\n\t\t<\/div>\n\n<p data-start=\"4837\" data-end=\"5026\">Apartamentos Solecito nab\u00edz\u00ed komfortn\u00ed apartm\u00e1ny s vlastn\u00edm stravov\u00e1n\u00edm v klidn\u00e9 \u010d\u00e1sti m\u011bsta Puerto de Alcudia. Sou\u010d\u00e1st\u00ed komplexu je baz\u00e9n a prostorn\u00e9 apartm\u00e1ny s kuchy\u0148sk\u00fdm koutem. <\/p>\n<p data-start=\"5028\" data-end=\"5138\">Pl\u00e1\u017e, restaurace a obchody jsou jen kousek odtud, co\u017e z tohoto m\u00edsta \u010din\u00ed ide\u00e1ln\u00ed volbu pro rodiny s d\u011btmi.<\/p>\n<p data-start=\"5140\" data-end=\"5271\"><strong data-start=\"5140\" data-end=\"5177\">Pro\u010d si to rezervovat na rodinnou dovolenou?<\/strong><br data-start=\"5177\" data-end=\"5180\">Praktick\u00e1 volba pro rodiny, kter\u00e9 b\u011bhem pobytu hledaj\u00ed flexibilitu a nez\u00e1vislost.<\/p>\n<p data-start=\"5140\" data-end=\"5271\"><strong>Odkaz pro zobrazen\u00ed dal\u0161\u00edch podrobnost\u00ed a rezervaci: <a href=\"https:\/\/booking.stay22.com\/likexpats\/MyybPgvCs9\" target=\"_blank\" rel=\"noopener\">Apartamentos Solecito<\/a><\/strong><\/p>\n<h3 data-start=\"5278\" data-end=\"5307\"><span class=\"ez-toc-section\" id=\"OLA_Apartamentos_Cala_dOr\"><\/span><strong>OLA Apartamentos Cala d&#8217;Or<\/strong><span class=\"ez-toc-section-end\"><\/span><\/h3>\n<p data-start=\"5308\" data-end=\"5351\">\ud83d\udccd <strong><a href=\"https:\/\/maps.app.goo.gl\/hsY5cSPon7BonfLY7\" target=\"_blank\" rel=\"noopener\">Lokace OLA Apartamentos Cala d&#8217;Or<\/a><\/strong>: Cala d\u2019Or | Jihov\u00fdchodn\u00ed Mallorca<\/p>\n<div id='gallery-9' class='gallery galleryid-2876 gallery-columns-2 gallery-size-full'><figure class='gallery-item'>\n\t\t\t<div class='gallery-icon landscape'>\n\t\t\t\t<a href='https:\/\/www.mymallorcadiary.com\/wp-content\/uploads\/2026\/02\/OLA-Apartments-Cala-Dor.webp'><img decoding=\"async\" width=\"1920\" height=\"1078\" src=\"https:\/\/www.mymallorcadiary.com\/wp-content\/uploads\/2026\/02\/OLA-Apartments-Cala-Dor.webp\" class=\"attachment-full size-full\" alt=\"\" srcset=\"https:\/\/www.mymallorcadiary.com\/wp-content\/uploads\/2026\/02\/OLA-Apartments-Cala-Dor.webp 1920w, https:\/\/www.mymallorcadiary.com\/wp-content\/uploads\/2026\/02\/OLA-Apartments-Cala-Dor-300x168.webp 300w, https:\/\/www.mymallorcadiary.com\/wp-content\/uploads\/2026\/02\/OLA-Apartments-Cala-Dor-1024x575.webp 1024w, https:\/\/www.mymallorcadiary.com\/wp-content\/uploads\/2026\/02\/OLA-Apartments-Cala-Dor-768x431.webp 768w, https:\/\/www.mymallorcadiary.com\/wp-content\/uploads\/2026\/02\/OLA-Apartments-Cala-Dor-1536x862.webp 1536w, https:\/\/www.mymallorcadiary.com\/wp-content\/uploads\/2026\/02\/OLA-Apartments-Cala-Dor-696x391.webp 696w, https:\/\/www.mymallorcadiary.com\/wp-content\/uploads\/2026\/02\/OLA-Apartments-Cala-Dor-1392x782.webp 1392w\" sizes=\"(max-width: 1920px) 100vw, 1920px\" \/><\/a>\n\t\t\t<\/div><\/figure><figure class='gallery-item'>\n\t\t\t<div class='gallery-icon landscape'>\n\t\t\t\t<a href='https:\/\/www.mymallorcadiary.com\/wp-content\/uploads\/2026\/02\/Apartments-for-families-in-Cala-Dor.webp'><img decoding=\"async\" width=\"1920\" height=\"1078\" src=\"https:\/\/www.mymallorcadiary.com\/wp-content\/uploads\/2026\/02\/Apartments-for-families-in-Cala-Dor.webp\" class=\"attachment-full size-full\" alt=\"\" srcset=\"https:\/\/www.mymallorcadiary.com\/wp-content\/uploads\/2026\/02\/Apartments-for-families-in-Cala-Dor.webp 1920w, https:\/\/www.mymallorcadiary.com\/wp-content\/uploads\/2026\/02\/Apartments-for-families-in-Cala-Dor-300x168.webp 300w, https:\/\/www.mymallorcadiary.com\/wp-content\/uploads\/2026\/02\/Apartments-for-families-in-Cala-Dor-1024x575.webp 1024w, https:\/\/www.mymallorcadiary.com\/wp-content\/uploads\/2026\/02\/Apartments-for-families-in-Cala-Dor-768x431.webp 768w, https:\/\/www.mymallorcadiary.com\/wp-content\/uploads\/2026\/02\/Apartments-for-families-in-Cala-Dor-1536x862.webp 1536w, https:\/\/www.mymallorcadiary.com\/wp-content\/uploads\/2026\/02\/Apartments-for-families-in-Cala-Dor-696x391.webp 696w, https:\/\/www.mymallorcadiary.com\/wp-content\/uploads\/2026\/02\/Apartments-for-families-in-Cala-Dor-1392x782.webp 1392w\" sizes=\"(max-width: 1920px) 100vw, 1920px\" \/><\/a>\n\t\t\t<\/div><\/figure><figure class='gallery-item'>\n\t\t\t<div class='gallery-icon landscape'>\n\t\t\t\t<a href='https:\/\/www.mymallorcadiary.com\/wp-content\/uploads\/2026\/02\/Cala-Dor-apartments-for-families.webp'><img decoding=\"async\" width=\"1920\" height=\"1078\" src=\"https:\/\/www.mymallorcadiary.com\/wp-content\/uploads\/2026\/02\/Cala-Dor-apartments-for-families.webp\" class=\"attachment-full size-full\" alt=\"\" srcset=\"https:\/\/www.mymallorcadiary.com\/wp-content\/uploads\/2026\/02\/Cala-Dor-apartments-for-families.webp 1920w, https:\/\/www.mymallorcadiary.com\/wp-content\/uploads\/2026\/02\/Cala-Dor-apartments-for-families-300x168.webp 300w, https:\/\/www.mymallorcadiary.com\/wp-content\/uploads\/2026\/02\/Cala-Dor-apartments-for-families-1024x575.webp 1024w, https:\/\/www.mymallorcadiary.com\/wp-content\/uploads\/2026\/02\/Cala-Dor-apartments-for-families-768x431.webp 768w, https:\/\/www.mymallorcadiary.com\/wp-content\/uploads\/2026\/02\/Cala-Dor-apartments-for-families-1536x862.webp 1536w, https:\/\/www.mymallorcadiary.com\/wp-content\/uploads\/2026\/02\/Cala-Dor-apartments-for-families-696x391.webp 696w, https:\/\/www.mymallorcadiary.com\/wp-content\/uploads\/2026\/02\/Cala-Dor-apartments-for-families-1392x782.webp 1392w\" sizes=\"(max-width: 1920px) 100vw, 1920px\" \/><\/a>\n\t\t\t<\/div><\/figure><figure class='gallery-item'>\n\t\t\t<div class='gallery-icon landscape'>\n\t\t\t\t<a href='https:\/\/www.mymallorcadiary.com\/wp-content\/uploads\/2026\/02\/OLA-Apartamentos-Cala-Dor.webp'><img decoding=\"async\" width=\"1920\" height=\"1078\" src=\"https:\/\/www.mymallorcadiary.com\/wp-content\/uploads\/2026\/02\/OLA-Apartamentos-Cala-Dor.webp\" class=\"attachment-full size-full\" alt=\"\" srcset=\"https:\/\/www.mymallorcadiary.com\/wp-content\/uploads\/2026\/02\/OLA-Apartamentos-Cala-Dor.webp 1920w, https:\/\/www.mymallorcadiary.com\/wp-content\/uploads\/2026\/02\/OLA-Apartamentos-Cala-Dor-300x168.webp 300w, https:\/\/www.mymallorcadiary.com\/wp-content\/uploads\/2026\/02\/OLA-Apartamentos-Cala-Dor-1024x575.webp 1024w, https:\/\/www.mymallorcadiary.com\/wp-content\/uploads\/2026\/02\/OLA-Apartamentos-Cala-Dor-768x431.webp 768w, https:\/\/www.mymallorcadiary.com\/wp-content\/uploads\/2026\/02\/OLA-Apartamentos-Cala-Dor-1536x862.webp 1536w, https:\/\/www.mymallorcadiary.com\/wp-content\/uploads\/2026\/02\/OLA-Apartamentos-Cala-Dor-696x391.webp 696w, https:\/\/www.mymallorcadiary.com\/wp-content\/uploads\/2026\/02\/OLA-Apartamentos-Cala-Dor-1392x782.webp 1392w\" sizes=\"(max-width: 1920px) 100vw, 1920px\" \/><\/a>\n\t\t\t<\/div><\/figure>\n\t\t<\/div>\n\n<p data-start=\"5353\" data-end=\"5539\">OLA Apartamentos Cala d\u2019Or nab\u00edz\u00ed ubytov\u00e1n\u00ed v apartm\u00e1nech v bl\u00edzkosti centra m\u011bsta a pl\u00e1\u017e\u00ed. Sou\u010d\u00e1st\u00ed komplexu jsou baz\u00e9ny a prostorn\u00e9 apartm\u00e1ny s kuchy\u0148sk\u00fdm koutem. <\/p>\n<p data-start=\"5541\" data-end=\"5623\">D\u00edky sv\u00e9 poloze se odtud snadno dostanete na pl\u00e1\u017ee, do p\u0159\u00edstavu i do restaurac\u00ed v Cala d\u2019Or.<\/p>\n<p data-start=\"5625\" data-end=\"5756\"><strong data-start=\"5625\" data-end=\"5662\">Pro\u010d si to rezervovat na rodinnou dovolenou?<\/strong><br data-start=\"5662\" data-end=\"5665\">Skv\u011bl\u00e1 volba pro rodiny, kter\u00e9 tou\u017e\u00ed po nez\u00e1vislosti a z\u00e1rove\u0148 cht\u011bj\u00ed b\u00fdt v bl\u00edzkosti atrakc\u00ed v Cala d\u2019Or.<\/p>\n<p data-start=\"5625\" data-end=\"5756\"><strong>Odkaz pro zobrazen\u00ed dal\u0161\u00edch podrobnost\u00ed a rezervaci: <a href=\"https:\/\/booking.stay22.com\/likexpats\/3qhZzTJHdx\" target=\"_blank\" rel=\"noopener\">OLA Apartamentos Cala d&#8217;Or<\/a><\/strong><\/p>\n<h3 data-start=\"5763\" data-end=\"5792\"><span class=\"ez-toc-section\" id=\"SOL_Cala_DOr_Apartamentos\"><\/span><strong>SOL Cala D&#8217;Or Apartamentos<\/strong><span class=\"ez-toc-section-end\"><\/span><\/h3>\n<p data-start=\"5793\" data-end=\"5841\">\ud83d\udccd <strong><a href=\"https:\/\/maps.app.goo.gl\/NZEzDJfUnscFx3dv8\" target=\"_blank\" rel=\"noopener\">Lokace SOL Cala D&#8217;Or Apartamentos<\/a><\/strong>: Cala d\u2019Or | V bl\u00edzkosti pl\u00e1\u017e\u00ed a p\u0159\u00edstavu<\/p>\n<div id='gallery-10' class='gallery galleryid-2876 gallery-columns-2 gallery-size-full'><figure class='gallery-item'>\n\t\t\t<div class='gallery-icon landscape'>\n\t\t\t\t<a href='https:\/\/www.mymallorcadiary.com\/wp-content\/uploads\/2026\/02\/Affordable-apartments-in-Mallorca.webp'><img decoding=\"async\" width=\"1920\" height=\"1078\" src=\"https:\/\/www.mymallorcadiary.com\/wp-content\/uploads\/2026\/02\/Affordable-apartments-in-Mallorca.webp\" class=\"attachment-full size-full\" alt=\"\" srcset=\"https:\/\/www.mymallorcadiary.com\/wp-content\/uploads\/2026\/02\/Affordable-apartments-in-Mallorca.webp 1920w, https:\/\/www.mymallorcadiary.com\/wp-content\/uploads\/2026\/02\/Affordable-apartments-in-Mallorca-300x168.webp 300w, https:\/\/www.mymallorcadiary.com\/wp-content\/uploads\/2026\/02\/Affordable-apartments-in-Mallorca-1024x575.webp 1024w, https:\/\/www.mymallorcadiary.com\/wp-content\/uploads\/2026\/02\/Affordable-apartments-in-Mallorca-768x431.webp 768w, https:\/\/www.mymallorcadiary.com\/wp-content\/uploads\/2026\/02\/Affordable-apartments-in-Mallorca-1536x862.webp 1536w, https:\/\/www.mymallorcadiary.com\/wp-content\/uploads\/2026\/02\/Affordable-apartments-in-Mallorca-696x391.webp 696w, https:\/\/www.mymallorcadiary.com\/wp-content\/uploads\/2026\/02\/Affordable-apartments-in-Mallorca-1392x782.webp 1392w\" sizes=\"(max-width: 1920px) 100vw, 1920px\" \/><\/a>\n\t\t\t<\/div><\/figure><figure class='gallery-item'>\n\t\t\t<div class='gallery-icon landscape'>\n\t\t\t\t<a href='https:\/\/www.mymallorcadiary.com\/wp-content\/uploads\/2026\/02\/Cala-Dor-Apartments-for-families-1.webp'><img decoding=\"async\" width=\"1920\" height=\"1078\" src=\"https:\/\/www.mymallorcadiary.com\/wp-content\/uploads\/2026\/02\/Cala-Dor-Apartments-for-families-1.webp\" class=\"attachment-full size-full\" alt=\"\" srcset=\"https:\/\/www.mymallorcadiary.com\/wp-content\/uploads\/2026\/02\/Cala-Dor-Apartments-for-families-1.webp 1920w, https:\/\/www.mymallorcadiary.com\/wp-content\/uploads\/2026\/02\/Cala-Dor-Apartments-for-families-1-300x168.webp 300w, https:\/\/www.mymallorcadiary.com\/wp-content\/uploads\/2026\/02\/Cala-Dor-Apartments-for-families-1-1024x575.webp 1024w, https:\/\/www.mymallorcadiary.com\/wp-content\/uploads\/2026\/02\/Cala-Dor-Apartments-for-families-1-768x431.webp 768w, https:\/\/www.mymallorcadiary.com\/wp-content\/uploads\/2026\/02\/Cala-Dor-Apartments-for-families-1-1536x862.webp 1536w, https:\/\/www.mymallorcadiary.com\/wp-content\/uploads\/2026\/02\/Cala-Dor-Apartments-for-families-1-696x391.webp 696w, https:\/\/www.mymallorcadiary.com\/wp-content\/uploads\/2026\/02\/Cala-Dor-Apartments-for-families-1-1392x782.webp 1392w\" sizes=\"(max-width: 1920px) 100vw, 1920px\" \/><\/a>\n\t\t\t<\/div><\/figure><figure class='gallery-item'>\n\t\t\t<div class='gallery-icon landscape'>\n\t\t\t\t<a href='https:\/\/www.mymallorcadiary.com\/wp-content\/uploads\/2026\/02\/Sol-Cala-Dor-Apartments.webp'><img decoding=\"async\" width=\"1920\" height=\"1078\" src=\"https:\/\/www.mymallorcadiary.com\/wp-content\/uploads\/2026\/02\/Sol-Cala-Dor-Apartments.webp\" class=\"attachment-full size-full\" alt=\"\" srcset=\"https:\/\/www.mymallorcadiary.com\/wp-content\/uploads\/2026\/02\/Sol-Cala-Dor-Apartments.webp 1920w, https:\/\/www.mymallorcadiary.com\/wp-content\/uploads\/2026\/02\/Sol-Cala-Dor-Apartments-300x168.webp 300w, https:\/\/www.mymallorcadiary.com\/wp-content\/uploads\/2026\/02\/Sol-Cala-Dor-Apartments-1024x575.webp 1024w, https:\/\/www.mymallorcadiary.com\/wp-content\/uploads\/2026\/02\/Sol-Cala-Dor-Apartments-768x431.webp 768w, https:\/\/www.mymallorcadiary.com\/wp-content\/uploads\/2026\/02\/Sol-Cala-Dor-Apartments-1536x862.webp 1536w, https:\/\/www.mymallorcadiary.com\/wp-content\/uploads\/2026\/02\/Sol-Cala-Dor-Apartments-696x391.webp 696w, https:\/\/www.mymallorcadiary.com\/wp-content\/uploads\/2026\/02\/Sol-Cala-Dor-Apartments-1392x782.webp 1392w\" sizes=\"(max-width: 1920px) 100vw, 1920px\" \/><\/a>\n\t\t\t<\/div><\/figure><figure class='gallery-item'>\n\t\t\t<div class='gallery-icon landscape'>\n\t\t\t\t<a href='https:\/\/www.mymallorcadiary.com\/wp-content\/uploads\/2026\/02\/Sol-Apartments-Cala-Dor.webp'><img decoding=\"async\" width=\"1920\" height=\"1078\" src=\"https:\/\/www.mymallorcadiary.com\/wp-content\/uploads\/2026\/02\/Sol-Apartments-Cala-Dor.webp\" class=\"attachment-full size-full\" alt=\"\" srcset=\"https:\/\/www.mymallorcadiary.com\/wp-content\/uploads\/2026\/02\/Sol-Apartments-Cala-Dor.webp 1920w, https:\/\/www.mymallorcadiary.com\/wp-content\/uploads\/2026\/02\/Sol-Apartments-Cala-Dor-300x168.webp 300w, https:\/\/www.mymallorcadiary.com\/wp-content\/uploads\/2026\/02\/Sol-Apartments-Cala-Dor-1024x575.webp 1024w, https:\/\/www.mymallorcadiary.com\/wp-content\/uploads\/2026\/02\/Sol-Apartments-Cala-Dor-768x431.webp 768w, https:\/\/www.mymallorcadiary.com\/wp-content\/uploads\/2026\/02\/Sol-Apartments-Cala-Dor-1536x862.webp 1536w, https:\/\/www.mymallorcadiary.com\/wp-content\/uploads\/2026\/02\/Sol-Apartments-Cala-Dor-696x391.webp 696w, https:\/\/www.mymallorcadiary.com\/wp-content\/uploads\/2026\/02\/Sol-Apartments-Cala-Dor-1392x782.webp 1392w\" sizes=\"(max-width: 1920px) 100vw, 1920px\" \/><\/a>\n\t\t\t<\/div><\/figure>\n\t\t<\/div>\n\n<p data-start=\"5843\" data-end=\"6043\">SOL Cala D&#8217;Or Apartamentos je komplex apartm\u00e1n\u016f vhodn\u00fd pro rodiny s d\u011btmi, kter\u00fd se nach\u00e1z\u00ed nedaleko centra m\u011bsta Cala d\u2019Or. Apartm\u00e1ny jsou vybaveny kuchy\u0148sk\u00fdm koutem, pohodln\u00fdm ob\u00fdvac\u00edm prostorem a maj\u00ed p\u0159\u00edstup k baz\u00e9nu. <\/p>\n<p data-start=\"6045\" data-end=\"6145\">Pl\u00e1\u017ee a p\u0159\u00edstav jsou v doch\u00e1zkov\u00e9 vzd\u00e1lenosti, co\u017e z tohoto m\u00edsta \u010din\u00ed ide\u00e1ln\u00ed z\u00e1kladnu pro rodinnou dovolenou.<\/p>\n<p data-start=\"6147\" data-end=\"6286\"><strong data-start=\"6147\" data-end=\"6184\">Pro\u010d si to rezervovat na rodinnou dovolenou?<\/strong><br data-start=\"6184\" data-end=\"6187\">Ide\u00e1ln\u00ed pro rodiny, kter\u00e9 hledaj\u00ed cenov\u011b dostupn\u00e9 ubytov\u00e1n\u00ed v apartm\u00e1nech v bl\u00edzkosti pl\u00e1\u017e\u00ed v Cala d\u2019Or.<\/p>\n<p data-start=\"6147\" data-end=\"6286\"><strong>Odkaz pro zobrazen\u00ed dal\u0161\u00edch podrobnost\u00ed a rezervaci: <a href=\"https:\/\/booking.stay22.com\/likexpats\/Z3MNYNx0bk\" target=\"_blank\" rel=\"noopener\">SOL Cala d&#8217;Or Apartamentos<\/a><\/strong><\/p>\n<h2 data-start=\"3697\" data-end=\"3752\"><span class=\"ez-toc-section\" id=\"Tipy_pro_vyber_hotelu_vhodnych_pro_rodiny_s_detmi_na_Mallorce\"><\/span><strong>Tipy pro v\u00fdb\u011br hotel\u016f vhodn\u00fdch pro rodiny s d\u011btmi na Mallorce<\/strong><span class=\"ez-toc-section-end\"><\/span><\/h2>\n<ol data-start=\"3754\" data-end=\"4324\">\n<li data-start=\"3754\" data-end=\"3871\">\n<p data-start=\"3757\" data-end=\"3871\"><strong data-start=\"3757\" data-end=\"3789\">Pod\u00edvejte se na vybaven\u00ed pro d\u011bti:<\/strong> baz\u00e9ny, d\u011btsk\u00e9 kluby, h\u0159i\u0161t\u011b a rodinn\u00e9 pokoje v\u00e1m pobyt v\u00fdrazn\u011b usnadn\u00ed.<\/p>\n<\/li>\n<li data-start=\"3872\" data-end=\"3981\">\n<p data-start=\"3875\" data-end=\"3981\"><strong data-start=\"3875\" data-end=\"3903\">Zohledn\u011bte bl\u00edzkost pl\u00e1\u017ee:<\/strong> mo\u017enost doj\u00edt k mo\u0159i p\u011b\u0161ky je velkou v\u00fdhodou, zejm\u00e9na pro mal\u00e9 d\u011bti.<\/p>\n<\/li>\n<li data-start=\"3982\" data-end=\"4089\">\n<p data-start=\"3985\" data-end=\"4089\"><strong data-start=\"3985\" data-end=\"4019\">Pod\u00edvejte se na mo\u017enosti ubytov\u00e1n\u00ed s vlastn\u00edm stravov\u00e1n\u00edm:<\/strong> apartm\u00e1ny nebo apartm\u00e1ny s hotelov\u00fdmi slu\u017ebami v\u00e1m poskytnou v\u011bt\u0161\u00ed flexibilitu, pokud jde o j\u00eddla a ob\u010derstven\u00ed.<\/p>\n<\/li>\n<li data-start=\"4090\" data-end=\"4187\">\n<p data-start=\"4093\" data-end=\"4187\"><strong data-start=\"4093\" data-end=\"4123\">Rezervujte si ubytov\u00e1n\u00ed v\u010das, pokud jedete v hlavn\u00ed sez\u00f3n\u011b:<\/strong> rodinn\u00e9 hotely na Mallorce se b\u011bhem \u0161koln\u00edch pr\u00e1zdnin rychle pln\u00ed.<\/p>\n<\/li>\n<li data-start=\"4188\" data-end=\"4324\">\n<p data-start=\"4191\" data-end=\"4324\"><strong data-start=\"4191\" data-end=\"4221\">Pronajm\u011bte si auto a u\u017eijte si volnost:<\/strong> prozkoumejte skryt\u00e9 pl\u00e1\u017ee, jako jsou Es Carb\u00f3 nebo <a class=\"decorated-link\" href=\"https:\/\/www.mymallorcadiary.com\/cs\/co-delat-a-videt-v-santanyi\/\" rel=\"noopener\" data-start=\"4269\" data-end=\"4286\">Cala Marmols<\/a>, nebo nav\u0161tivte okoln\u00ed m\u011bste\u010dka a trhy, nap\u0159\u00edklad <a href=\"https:\/\/www.mymallorcadiary.com\/where-to-stay-in-santanyi-town\/\">Santanyi<\/a>.<\/p>\n<\/li>\n<\/ol>\n<p><img decoding=\"async\" class=\"alignnone wp-image-562 size-full\" src=\"https:\/\/www.mymallorcadiary.com\/wp-content\/uploads\/2025\/04\/Cala-Des-Moro-beach-in-south-Mallorca.webp\" alt=\"Cala des Mor\u00f3, pl\u00e1\u017e na jihu Mallorky\" width=\"1024\" height=\"768\" srcset=\"https:\/\/www.mymallorcadiary.com\/wp-content\/uploads\/2025\/04\/Cala-Des-Moro-beach-in-south-Mallorca.webp 1024w, https:\/\/www.mymallorcadiary.com\/wp-content\/uploads\/2025\/04\/Cala-Des-Moro-beach-in-south-Mallorca-300x225.webp 300w, https:\/\/www.mymallorcadiary.com\/wp-content\/uploads\/2025\/04\/Cala-Des-Moro-beach-in-south-Mallorca-768x576.webp 768w, https:\/\/www.mymallorcadiary.com\/wp-content\/uploads\/2025\/04\/Cala-Des-Moro-beach-in-south-Mallorca-696x522.webp 696w\" sizes=\"(max-width: 1024px) 100vw, 1024px\" \/><\/p>\n<h2 data-start=\"4191\" data-end=\"4324\"><span class=\"ez-toc-section\" id=\"Casto_kladene_otazky_Rodinne_hotely_na_Mallorce\"><\/span><strong style=\"color: #111111; font-family: Roboto, sans-serif; font-size: 27px;\">\u010casto kladen\u00e9 ot\u00e1zky: Rodinn\u00e9 hotely na Mallorce<\/strong><span class=\"ez-toc-section-end\"><\/span><\/h2>\n<h3><span class=\"ez-toc-section\" id=\"Ktere_oblasti_na_Mallorce_jsou_nejvhodnejsi_pro_rodiny_s_detmi\"><\/span><strong data-start=\"4375\" data-end=\"4425\">Kter\u00e9 oblasti na Mallorce jsou nejvhodn\u011bj\u0161\u00ed pro rodiny s d\u011btmi?<\/strong><span class=\"ez-toc-section-end\"><\/span><\/h3>\n<p>Santa Ponsa, Alc\u00fadia a Cala d\u2019Or pat\u0159\u00ed k nejobl\u00edben\u011bj\u0161\u00edm destinac\u00edm d\u00edky bezpe\u010dn\u00fdm pl\u00e1\u017e\u00edm, rodinn\u00fdm hotel\u016fm a bohat\u00e9 nab\u00eddce aktivit. Pod\u00edvejte se na n\u00e1\u0161 kompletn\u00ed pr\u016fvodce: <strong><a href=\"https:\/\/www.mymallorcadiary.com\/cs\/mallorca-pro-rodiny-s-detmi\/\" target=\"_blank\" rel=\"noopener\">Nejlep\u0161\u00ed oblasti na Mallorce pro rodiny s d\u011btmi<\/a><\/strong> <\/p>\n<h3><span class=\"ez-toc-section\" id=\"Maji_rodinne_hotely_detske_kluby\"><\/span><strong data-start=\"4543\" data-end=\"4581\">Maj\u00ed rodinn\u00e9 hotely d\u011btsk\u00e9 kluby? <\/strong><span class=\"ez-toc-section-end\"><\/span><\/h3>\n<p>V\u011bt\u0161ina velk\u00fdch resort\u016f nab\u00edz\u00ed d\u011btsk\u00e9 kluby, baz\u00e9ny se skluzavkami a z\u00e1bavn\u00ed programy, ale p\u0159edem si ov\u011b\u0159te vybaven\u00ed jednotliv\u00fdch hotel\u016f.<\/p>\n<h3><span class=\"ez-toc-section\" id=\"Je_Mallorca_bezpecna_pro_deti\"><\/span><strong data-start=\"4718\" data-end=\"4752\">Je Mallorca bezpe\u010dn\u00e1 pro d\u011bti?<\/strong><span class=\"ez-toc-section-end\"><\/span><\/h3>\n<p>Rozhodn\u011b. Pl\u00e1\u017ee, m\u011bsta i letoviska jsou velmi vhodn\u00e9 pro rodiny s d\u011btmi a ostrov disponuje vynikaj\u00edc\u00edmi zdravotnick\u00fdmi za\u0159\u00edzen\u00edmi. <\/p>\n<h2 data-start=\"4885\" data-end=\"4902\"><span class=\"ez-toc-section\" id=\"Zaverecne_postrehy_Hotely_vhodne_pro_rodiny_s_detmi_na_Mallorce\"><\/span><strong>Z\u00e1v\u011bre\u010dn\u00e9 post\u0159ehy: Hotely vhodn\u00e9 pro rodiny s d\u011btmi na Mallorce<\/strong><span class=\"ez-toc-section-end\"><\/span><\/h2>\n<p data-start=\"4904\" data-end=\"5013\">Toto jsou na\u0161e osobn\u00ed doporu\u010den\u00ed <strong>hotel\u016f vhodn\u00fdch pro rodiny s d\u011btmi na Mallorce<\/strong>.<\/p>\n<p data-start=\"5015\" data-end=\"5224\">Dejte n\u00e1m v koment\u00e1\u0159\u00edch v\u011bd\u011bt, v jak\u00e9m hotelu nebo v jak\u00e9 oblasti pl\u00e1nujete str\u00e1vit rodinnou dovolenou. A pokud si pobyt v n\u011bkter\u00e9m z t\u011bchto hotel\u016f rezervujete, r\u00e1di bychom se dozv\u011bd\u011bli, jak\u00e9 jste m\u011bli z\u00e1\u017eitky. Napi\u0161te n\u00e1m do koment\u00e1\u0159\u016f! \ud83d\ude42<\/p>\n<p data-start=\"5226\" data-end=\"5465\">Prohl\u00e9dn\u011bte si dal\u0161\u00ed u\u017eite\u010dn\u00e9 \u010dl\u00e1nky s tipy pro va\u0161i dovolenou na Mallorce: pod\u00edvejte se na<strong><a href=\"https:\/\/www.mymallorcadiary.com\/cs\/mallorca-pro-rodiny-s-detmi\/\" target=\"_blank\" rel=\"noopener\"> nejlep\u0161\u00ed oblasti na Mallorce pro rodiny s d\u011btmi<\/a><\/strong>, objevte <strong><a class=\"decorated-link\" href=\"https:\/\/www.mymallorcadiary.com\/south-mallorca-experiences\/\" rel=\"noopener\" data-start=\"5360\" data-end=\"5395\">nejlep\u0161\u00ed pl\u00e1\u017ee na ji\u017en\u00ed Mallorce<\/a><\/strong> nebo si napl\u00e1nujte v\u00fdlet s na\u0161\u00edm pr\u016fvodcem <strong><a class=\"decorated-link\" href=\"https:\/\/www.mymallorcadiary.com\/cala-dor-what-to-do-and-see\/\" rel=\"noopener\" data-start=\"5434\" data-end=\"5462\">po atrakc\u00edch v Cala d\u2019Or<\/a><\/strong>.<\/p>\n<p data-start=\"5467\" data-end=\"5638\"><strong>Uva\u017eujete o pron\u00e1jmu auta na Mallorce?<\/strong>. P\u0159e\u010dt\u011bte si n\u00e1\u0161 \u010dl\u00e1nek o <a href=\"https:\/\/www.mymallorcadiary.com\/renting-a-car-in-mallorca\/\"><strong>PRON\u00c1JMU AUTA BEZ KAUCIE<\/strong><\/a>, abyste se vyhnuli nep\u0159\u00edjemn\u00fdm p\u0159ekvapen\u00edm p\u0159i p\u0159evzet\u00ed vozu, dodate\u010dn\u00fdm poplatk\u016fm za poji\u0161t\u011bn\u00ed nebo skryt\u00fdm poplatk\u016fm. <\/p>\n","protected":false},"excerpt":{"rendered":"<p>Pl\u00e1nujete rodinnou dovolenou na Mallorce?. Tento ostrov pat\u0159\u00ed k nejlep\u0161\u00edm destinac\u00edm ve St\u0159edomo\u0159\u00ed pro cestov\u00e1n\u00ed s d\u011btmi. D\u00edky sv\u00fdm kr\u00e1sn\u00fdm p\u00edse\u010dn\u00fdm pl\u00e1\u017e\u00edm, klidn\u00fdm tyrkysov\u00fdm vod\u00e1m, p\u016fvabn\u00fdm m\u011bste\u010dk\u016fm a nep\u0159ebern\u00e9mu mno\u017estv\u00ed aktivit pro v\u0161echny v\u011bkov\u00e9 kategorie nab\u00edz\u00ed Mallorca rodin\u00e1m dokonalou kombinaci odpo\u010dinku a dobrodru\u017estv\u00ed. D\u00edky tomu, \u017ee na Mallorce \u017eijeme ji\u017e v\u00edce ne\u017e 10 let, m\u011bli [&hellip;]<\/p>\n","protected":false},"author":3,"featured_media":2871,"comment_status":"open","ping_status":"open","sticky":false,"template":"","format":"standard","meta":{"rank_math_title":"","rank_math_description":"","rank_math_focus_keyword":"","_lmt_disableupdate":"","_lmt_disable":"","footnotes":""},"categories":[187],"tags":[139,134],"class_list":{"0":"post-2876","1":"post","2":"type-post","3":"status-publish","4":"format-standard","5":"has-post-thumbnail","7":"category-hotely","8":"tag-hotely-vhodne-pro-rodiny-s-detmi-na-mallorce","9":"tag-rodinny-vylet-na-mallorku"},"yoast_head":"<!-- This site is optimized with the Yoast SEO plugin v23.8 - https:\/\/yoast.com\/wordpress\/plugins\/seo\/ -->\n<title>Na\u0161e obl\u00edben\u00e9 hotely na Mallorce vhodn\u00e9 pro rodiny s d\u011btmi: Kompletn\u00ed pr\u016fvodce<\/title>\n<meta name=\"description\" content=\"Najd\u011bte si na Mallorce ty nejlep\u0161\u00ed hotely vhodn\u00e9 pro rodiny s d\u011btmi, od resort\u016f p\u0159\u00edmo u pl\u00e1\u017ee a\u017e po ubytov\u00e1n\u00ed p\u0159izp\u016fsoben\u00e9 d\u011btem, a u\u017eijte si tak dokonalou dovolenou.\" \/>\n<meta name=\"robots\" content=\"index, follow, max-snippet:-1, max-image-preview:large, max-video-preview:-1\" \/>\n<link rel=\"canonical\" href=\"https:\/\/www.mymallorcadiary.com\/cs\/hotely-vhodne-pro-rodiny-s-detmi-na-mallorce\/\" \/>\n<meta property=\"og:locale\" content=\"cs_CZ\" \/>\n<meta property=\"og:type\" content=\"article\" \/>\n<meta property=\"og:title\" content=\"Na\u0161e obl\u00edben\u00e9 hotely na Mallorce vhodn\u00e9 pro rodiny s d\u011btmi: Kompletn\u00ed pr\u016fvodce\" \/>\n<meta property=\"og:description\" content=\"Najd\u011bte si na Mallorce ty nejlep\u0161\u00ed hotely vhodn\u00e9 pro rodiny s d\u011btmi, od resort\u016f p\u0159\u00edmo u pl\u00e1\u017ee a\u017e po ubytov\u00e1n\u00ed p\u0159izp\u016fsoben\u00e9 d\u011btem, a u\u017eijte si tak dokonalou dovolenou.\" \/>\n<meta property=\"og:url\" content=\"https:\/\/www.mymallorcadiary.com\/cs\/hotely-vhodne-pro-rodiny-s-detmi-na-mallorce\/\" \/>\n<meta property=\"og:site_name\" content=\"mymallorcadiary.com\" \/>\n<meta property=\"article:published_time\" content=\"2026-03-09T13:20:07+00:00\" \/>\n<meta property=\"article:modified_time\" content=\"2026-04-21T13:42:51+00:00\" \/>\n<meta property=\"og:image\" content=\"https:\/\/www.mymallorcadiary.com\/wp-content\/uploads\/2026\/02\/El-texto-del-parrafo-8.jpg\" \/>\n\t<meta property=\"og:image:width\" content=\"940\" \/>\n\t<meta property=\"og:image:height\" content=\"788\" \/>\n\t<meta property=\"og:image:type\" content=\"image\/jpeg\" \/>\n<meta name=\"author\" content=\"Cler Favela\" \/>\n<meta name=\"twitter:card\" content=\"summary_large_image\" \/>\n<meta name=\"twitter:label1\" content=\"Napsal(a)\" \/>\n\t<meta name=\"twitter:data1\" content=\"Cler Favela\" \/>\n\t<meta name=\"twitter:label2\" content=\"Odhadovan\u00e1 doba \u010dten\u00ed\" \/>\n\t<meta name=\"twitter:data2\" content=\"11 minut\" \/>\n<script type=\"application\/ld+json\" class=\"yoast-schema-graph\">{\"@context\":\"https:\/\/schema.org\",\"@graph\":[{\"@type\":\"WebPage\",\"@id\":\"https:\/\/www.mymallorcadiary.com\/cs\/hotely-vhodne-pro-rodiny-s-detmi-na-mallorce\/\",\"url\":\"https:\/\/www.mymallorcadiary.com\/cs\/hotely-vhodne-pro-rodiny-s-detmi-na-mallorce\/\",\"name\":\"Na\u0161e obl\u00edben\u00e9 hotely na Mallorce vhodn\u00e9 pro rodiny s d\u011btmi: Kompletn\u00ed pr\u016fvodce\",\"isPartOf\":{\"@id\":\"https:\/\/www.mymallorcadiary.com\/cs\/#website\"},\"primaryImageOfPage\":{\"@id\":\"https:\/\/www.mymallorcadiary.com\/cs\/hotely-vhodne-pro-rodiny-s-detmi-na-mallorce\/#primaryimage\"},\"image\":{\"@id\":\"https:\/\/www.mymallorcadiary.com\/cs\/hotely-vhodne-pro-rodiny-s-detmi-na-mallorce\/#primaryimage\"},\"thumbnailUrl\":\"https:\/\/www.mymallorcadiary.com\/wp-content\/uploads\/2026\/02\/El-texto-del-parrafo-8.jpg\",\"datePublished\":\"2026-03-09T13:20:07+00:00\",\"dateModified\":\"2026-04-21T13:42:51+00:00\",\"author\":{\"@id\":\"https:\/\/www.mymallorcadiary.com\/cs\/#\/schema\/person\/c83fc5b0d2024e3952c8bcb8d723e1ec\"},\"description\":\"Najd\u011bte si na Mallorce ty nejlep\u0161\u00ed hotely vhodn\u00e9 pro rodiny s d\u011btmi, od resort\u016f p\u0159\u00edmo u pl\u00e1\u017ee a\u017e po ubytov\u00e1n\u00ed p\u0159izp\u016fsoben\u00e9 d\u011btem, a u\u017eijte si tak dokonalou dovolenou.\",\"breadcrumb\":{\"@id\":\"https:\/\/www.mymallorcadiary.com\/cs\/hotely-vhodne-pro-rodiny-s-detmi-na-mallorce\/#breadcrumb\"},\"inLanguage\":\"cs\",\"potentialAction\":[{\"@type\":\"ReadAction\",\"target\":[\"https:\/\/www.mymallorcadiary.com\/cs\/hotely-vhodne-pro-rodiny-s-detmi-na-mallorce\/\"]}]},{\"@type\":\"ImageObject\",\"inLanguage\":\"cs\",\"@id\":\"https:\/\/www.mymallorcadiary.com\/cs\/hotely-vhodne-pro-rodiny-s-detmi-na-mallorce\/#primaryimage\",\"url\":\"https:\/\/www.mymallorcadiary.com\/wp-content\/uploads\/2026\/02\/El-texto-del-parrafo-8.jpg\",\"contentUrl\":\"https:\/\/www.mymallorcadiary.com\/wp-content\/uploads\/2026\/02\/El-texto-del-parrafo-8.jpg\",\"width\":940,\"height\":788},{\"@type\":\"BreadcrumbList\",\"@id\":\"https:\/\/www.mymallorcadiary.com\/cs\/hotely-vhodne-pro-rodiny-s-detmi-na-mallorce\/#breadcrumb\",\"itemListElement\":[{\"@type\":\"ListItem\",\"position\":1,\"name\":\"Portada\",\"item\":\"https:\/\/www.mymallorcadiary.com\/cs\/hlavni-stranka\/\"},{\"@type\":\"ListItem\",\"position\":2,\"name\":\"Hotely vhodn\u00e9 pro rodiny s d\u011btmi na Mallorce\"}]},{\"@type\":\"WebSite\",\"@id\":\"https:\/\/www.mymallorcadiary.com\/cs\/#website\",\"url\":\"https:\/\/www.mymallorcadiary.com\/cs\/\",\"name\":\"mymallorcadiary.com\",\"description\":\"The best Mallorcan tips\",\"potentialAction\":[{\"@type\":\"SearchAction\",\"target\":{\"@type\":\"EntryPoint\",\"urlTemplate\":\"https:\/\/www.mymallorcadiary.com\/cs\/?s={search_term_string}\"},\"query-input\":{\"@type\":\"PropertyValueSpecification\",\"valueRequired\":true,\"valueName\":\"search_term_string\"}}],\"inLanguage\":\"cs\"},{\"@type\":\"Person\",\"@id\":\"https:\/\/www.mymallorcadiary.com\/cs\/#\/schema\/person\/c83fc5b0d2024e3952c8bcb8d723e1ec\",\"name\":\"Cler Favela\",\"image\":{\"@type\":\"ImageObject\",\"inLanguage\":\"cs\",\"@id\":\"https:\/\/www.mymallorcadiary.com\/cs\/#\/schema\/person\/image\/\",\"url\":\"https:\/\/secure.gravatar.com\/avatar\/9b520d2a6465aad3c946650ad7c82d9765614bacbbeeb1c93428ac38a9feec55?s=96&d=mm&r=g\",\"contentUrl\":\"https:\/\/secure.gravatar.com\/avatar\/9b520d2a6465aad3c946650ad7c82d9765614bacbbeeb1c93428ac38a9feec55?s=96&d=mm&r=g\",\"caption\":\"Cler Favela\"},\"url\":\"https:\/\/www.mymallorcadiary.com\/cs\/author\/cler-favela\/\"}]}<\/script>\n<!-- \/ Yoast SEO plugin. -->","yoast_head_json":{"title":"Na\u0161e obl\u00edben\u00e9 hotely na Mallorce vhodn\u00e9 pro rodiny s d\u011btmi: Kompletn\u00ed pr\u016fvodce","description":"Najd\u011bte si na Mallorce ty nejlep\u0161\u00ed hotely vhodn\u00e9 pro rodiny s d\u011btmi, od resort\u016f p\u0159\u00edmo u pl\u00e1\u017ee a\u017e po ubytov\u00e1n\u00ed p\u0159izp\u016fsoben\u00e9 d\u011btem, a u\u017eijte si tak dokonalou dovolenou.","robots":{"index":"index","follow":"follow","max-snippet":"max-snippet:-1","max-image-preview":"max-image-preview:large","max-video-preview":"max-video-preview:-1"},"canonical":"https:\/\/www.mymallorcadiary.com\/cs\/hotely-vhodne-pro-rodiny-s-detmi-na-mallorce\/","og_locale":"cs_CZ","og_type":"article","og_title":"Na\u0161e obl\u00edben\u00e9 hotely na Mallorce vhodn\u00e9 pro rodiny s d\u011btmi: Kompletn\u00ed pr\u016fvodce","og_description":"Najd\u011bte si na Mallorce ty nejlep\u0161\u00ed hotely vhodn\u00e9 pro rodiny s d\u011btmi, od resort\u016f p\u0159\u00edmo u pl\u00e1\u017ee a\u017e po ubytov\u00e1n\u00ed p\u0159izp\u016fsoben\u00e9 d\u011btem, a u\u017eijte si tak dokonalou dovolenou.","og_url":"https:\/\/www.mymallorcadiary.com\/cs\/hotely-vhodne-pro-rodiny-s-detmi-na-mallorce\/","og_site_name":"mymallorcadiary.com","article_published_time":"2026-03-09T13:20:07+00:00","article_modified_time":"2026-04-21T13:42:51+00:00","og_image":[{"width":940,"height":788,"url":"https:\/\/www.mymallorcadiary.com\/wp-content\/uploads\/2026\/02\/El-texto-del-parrafo-8.jpg","type":"image\/jpeg"}],"author":"Cler Favela","twitter_card":"summary_large_image","twitter_misc":{"Napsal(a)":"Cler Favela","Odhadovan\u00e1 doba \u010dten\u00ed":"11 minut"},"schema":{"@context":"https:\/\/schema.org","@graph":[{"@type":"WebPage","@id":"https:\/\/www.mymallorcadiary.com\/cs\/hotely-vhodne-pro-rodiny-s-detmi-na-mallorce\/","url":"https:\/\/www.mymallorcadiary.com\/cs\/hotely-vhodne-pro-rodiny-s-detmi-na-mallorce\/","name":"Na\u0161e obl\u00edben\u00e9 hotely na Mallorce vhodn\u00e9 pro rodiny s d\u011btmi: Kompletn\u00ed pr\u016fvodce","isPartOf":{"@id":"https:\/\/www.mymallorcadiary.com\/cs\/#website"},"primaryImageOfPage":{"@id":"https:\/\/www.mymallorcadiary.com\/cs\/hotely-vhodne-pro-rodiny-s-detmi-na-mallorce\/#primaryimage"},"image":{"@id":"https:\/\/www.mymallorcadiary.com\/cs\/hotely-vhodne-pro-rodiny-s-detmi-na-mallorce\/#primaryimage"},"thumbnailUrl":"https:\/\/www.mymallorcadiary.com\/wp-content\/uploads\/2026\/02\/El-texto-del-parrafo-8.jpg","datePublished":"2026-03-09T13:20:07+00:00","dateModified":"2026-04-21T13:42:51+00:00","author":{"@id":"https:\/\/www.mymallorcadiary.com\/cs\/#\/schema\/person\/c83fc5b0d2024e3952c8bcb8d723e1ec"},"description":"Najd\u011bte si na Mallorce ty nejlep\u0161\u00ed hotely vhodn\u00e9 pro rodiny s d\u011btmi, od resort\u016f p\u0159\u00edmo u pl\u00e1\u017ee a\u017e po ubytov\u00e1n\u00ed p\u0159izp\u016fsoben\u00e9 d\u011btem, a u\u017eijte si tak dokonalou dovolenou.","breadcrumb":{"@id":"https:\/\/www.mymallorcadiary.com\/cs\/hotely-vhodne-pro-rodiny-s-detmi-na-mallorce\/#breadcrumb"},"inLanguage":"cs","potentialAction":[{"@type":"ReadAction","target":["https:\/\/www.mymallorcadiary.com\/cs\/hotely-vhodne-pro-rodiny-s-detmi-na-mallorce\/"]}]},{"@type":"ImageObject","inLanguage":"cs","@id":"https:\/\/www.mymallorcadiary.com\/cs\/hotely-vhodne-pro-rodiny-s-detmi-na-mallorce\/#primaryimage","url":"https:\/\/www.mymallorcadiary.com\/wp-content\/uploads\/2026\/02\/El-texto-del-parrafo-8.jpg","contentUrl":"https:\/\/www.mymallorcadiary.com\/wp-content\/uploads\/2026\/02\/El-texto-del-parrafo-8.jpg","width":940,"height":788},{"@type":"BreadcrumbList","@id":"https:\/\/www.mymallorcadiary.com\/cs\/hotely-vhodne-pro-rodiny-s-detmi-na-mallorce\/#breadcrumb","itemListElement":[{"@type":"ListItem","position":1,"name":"Portada","item":"https:\/\/www.mymallorcadiary.com\/cs\/hlavni-stranka\/"},{"@type":"ListItem","position":2,"name":"Hotely vhodn\u00e9 pro rodiny s d\u011btmi na Mallorce"}]},{"@type":"WebSite","@id":"https:\/\/www.mymallorcadiary.com\/cs\/#website","url":"https:\/\/www.mymallorcadiary.com\/cs\/","name":"mymallorcadiary.com","description":"The best Mallorcan tips","potentialAction":[{"@type":"SearchAction","target":{"@type":"EntryPoint","urlTemplate":"https:\/\/www.mymallorcadiary.com\/cs\/?s={search_term_string}"},"query-input":{"@type":"PropertyValueSpecification","valueRequired":true,"valueName":"search_term_string"}}],"inLanguage":"cs"},{"@type":"Person","@id":"https:\/\/www.mymallorcadiary.com\/cs\/#\/schema\/person\/c83fc5b0d2024e3952c8bcb8d723e1ec","name":"Cler Favela","image":{"@type":"ImageObject","inLanguage":"cs","@id":"https:\/\/www.mymallorcadiary.com\/cs\/#\/schema\/person\/image\/","url":"https:\/\/secure.gravatar.com\/avatar\/9b520d2a6465aad3c946650ad7c82d9765614bacbbeeb1c93428ac38a9feec55?s=96&d=mm&r=g","contentUrl":"https:\/\/secure.gravatar.com\/avatar\/9b520d2a6465aad3c946650ad7c82d9765614bacbbeeb1c93428ac38a9feec55?s=96&d=mm&r=g","caption":"Cler Favela"},"url":"https:\/\/www.mymallorcadiary.com\/cs\/author\/cler-favela\/"}]}},"modified_by":null,"yoast_meta":{"yoast_wpseo_title":"Na\u0161e obl\u00edben\u00e9 hotely na Mallorce vhodn\u00e9 pro rodiny s d\u011btmi: Kompletn\u00ed pr\u016fvodce","yoast_wpseo_metadesc":"Najd\u011bte si na Mallorce ty nejlep\u0161\u00ed hotely vhodn\u00e9 pro rodiny s d\u011btmi, od resort\u016f p\u0159\u00edmo u pl\u00e1\u017ee a\u017e po ubytov\u00e1n\u00ed p\u0159izp\u016fsoben\u00e9 d\u011btem, a u\u017eijte si tak dokonalou dovolenou.","yoast_wpseo_canonical":"https:\/\/www.mymallorcadiary.com\/cs\/hotely-vhodne-pro-rodiny-s-detmi-na-mallorce\/"},"_links":{"self":[{"href":"https:\/\/www.mymallorcadiary.com\/cs\/wp-json\/wp\/v2\/posts\/2876","targetHints":{"allow":["GET"]}}],"collection":[{"href":"https:\/\/www.mymallorcadiary.com\/cs\/wp-json\/wp\/v2\/posts"}],"about":[{"href":"https:\/\/www.mymallorcadiary.com\/cs\/wp-json\/wp\/v2\/types\/post"}],"author":[{"embeddable":true,"href":"https:\/\/www.mymallorcadiary.com\/cs\/wp-json\/wp\/v2\/users\/3"}],"replies":[{"embeddable":true,"href":"https:\/\/www.mymallorcadiary.com\/cs\/wp-json\/wp\/v2\/comments?post=2876"}],"version-history":[{"count":0,"href":"https:\/\/www.mymallorcadiary.com\/cs\/wp-json\/wp\/v2\/posts\/2876\/revisions"}],"wp:featuredmedia":[{"embeddable":true,"href":"https:\/\/www.mymallorcadiary.com\/cs\/wp-json\/wp\/v2\/media\/2871"}],"wp:attachment":[{"href":"https:\/\/www.mymallorcadiary.com\/cs\/wp-json\/wp\/v2\/media?parent=2876"}],"wp:term":[{"taxonomy":"category","embeddable":true,"href":"https:\/\/www.mymallorcadiary.com\/cs\/wp-json\/wp\/v2\/categories?post=2876"},{"taxonomy":"post_tag","embeddable":true,"href":"https:\/\/www.mymallorcadiary.com\/cs\/wp-json\/wp\/v2\/tags?post=2876"}],"curies":[{"name":"wp","href":"https:\/\/api.w.org\/{rel}","templated":true}]}}