{"id":2051,"date":"2026-02-17T16:53:30","date_gmt":"2026-02-17T16:53:30","guid":{"rendered":"https:\/\/www.mymallorcadiary.com\/ostern-auf-mallorca-2026-traditionen-wetter-umfassender-reisefuehrer\/"},"modified":"2026-03-23T04:36:32","modified_gmt":"2026-03-23T04:36:32","slug":"ostern-auf-mallorca-2026-traditionen-wetter-umfassender-reisefuehrer","status":"publish","type":"post","link":"https:\/\/www.mymallorcadiary.com\/de\/ostern-auf-mallorca-2026-traditionen-wetter-umfassender-reisefuehrer\/","title":{"rendered":"Ostern auf Mallorca 2026: Traditionen, Wetter &amp; umfassender Reisef\u00fchrer"},"content":{"rendered":"<p data-start=\"331\" data-end=\"549\">Ostern auf Mallorca ist eine der sch\u00f6nsten und authentischsten Zeiten des Jahres auf der Insel. Der Fr\u00fchling steht in voller Bl\u00fcte, die Landschaft wird gr\u00fcn, die Terrassen \u00f6ffnen wieder, und <strong><a href=\"https:\/\/maps.app.goo.gl\/Tmp5RMb6B7cG5X7K6\" target=\"_blank\" rel=\"noopener\">Mallorca<\/a><\/strong> gleitet langsam in die neue Jahreszeit \u00fcber.<\/p>\n<p data-start=\"551\" data-end=\"751\">Doch Ostern bedeutet hier nicht nur Sonnenschein und Fr\u00fchlingsstimmung. Es geht um jahrhundertealte Traditionen, bewegende Nachtprozessionen, Familienfeiern und einige der k\u00f6stlichsten saisonalen Speisen der Insel.<\/p>\n<p data-start=\"753\" data-end=\"905\">Wenn Sie einen Fr\u00fchlingsurlaub planen, finden Sie hier Ihren umfassenden Reisef\u00fchrer f\u00fcr <strong data-start=\"820\" data-end=\"842\">Ostern auf Mallorca<\/strong>, einschlie\u00dflich Traditionen, Wetter, Freizeitangeboten und Unterkunftsm\u00f6glichkeiten.<\/p>\n<div id=\"ez-toc-container\" class=\"ez-toc-v2_0_61 counter-hierarchy ez-toc-counter ez-toc-grey ez-toc-container-direction\">\n<div class=\"ez-toc-title-container\">\n<p class=\"ez-toc-title \" >Inhaltsverzeichnis<\/p>\n<span class=\"ez-toc-title-toggle\"><a href=\"#\" class=\"ez-toc-pull-right ez-toc-btn ez-toc-btn-xs ez-toc-btn-default ez-toc-toggle\" aria-label=\"Toggle Table of Content\"><span class=\"ez-toc-js-icon-con\"><span class=\"\"><span class=\"eztoc-hide\" style=\"display:none;\">Toggle<\/span><span class=\"ez-toc-icon-toggle-span\"><svg style=\"fill: #999;color:#999\" xmlns=\"http:\/\/www.w3.org\/2000\/svg\" class=\"list-377408\" width=\"20px\" height=\"20px\" viewBox=\"0 0 24 24\" fill=\"none\"><path d=\"M6 6H4v2h2V6zm14 0H8v2h12V6zM4 11h2v2H4v-2zm16 0H8v2h12v-2zM4 16h2v2H4v-2zm16 0H8v2h12v-2z\" fill=\"currentColor\"><\/path><\/svg><svg style=\"fill: #999;color:#999\" class=\"arrow-unsorted-368013\" xmlns=\"http:\/\/www.w3.org\/2000\/svg\" width=\"10px\" height=\"10px\" viewBox=\"0 0 24 24\" version=\"1.2\" baseProfile=\"tiny\"><path d=\"M18.2 9.3l-6.2-6.3-6.2 6.3c-.2.2-.3.4-.3.7s.1.5.3.7c.2.2.4.3.7.3h11c.3 0 .5-.1.7-.3.2-.2.3-.5.3-.7s-.1-.5-.3-.7zM5.8 14.7l6.2 6.3 6.2-6.3c.2-.2.3-.5.3-.7s-.1-.5-.3-.7c-.2-.2-.4-.3-.7-.3h-11c-.3 0-.5.1-.7.3-.2.2-.3.5-.3.7s.1.5.3.7z\"\/><\/svg><\/span><\/span><\/span><\/a><\/span><\/div>\n<nav><ul class='ez-toc-list ez-toc-list-level-1 ' ><li class='ez-toc-page-1 ez-toc-heading-level-2'><a class=\"ez-toc-link ez-toc-heading-1\" href=\"https:\/\/www.mymallorcadiary.com\/de\/ostern-auf-mallorca-2026-traditionen-wetter-umfassender-reisefuehrer\/#Wann_ist_Ostern_auf_Mallorca\" title=\"Wann ist Ostern auf Mallorca?\">Wann ist Ostern auf Mallorca?<\/a><ul class='ez-toc-list-level-3' ><li class='ez-toc-heading-level-3'><a class=\"ez-toc-link ez-toc-heading-2\" href=\"https:\/\/www.mymallorcadiary.com\/de\/ostern-auf-mallorca-2026-traditionen-wetter-umfassender-reisefuehrer\/#Palmsonntag_29_Maerz\" title=\"Palmsonntag (29. M\u00e4rz) \n\">Palmsonntag (29. M\u00e4rz) \n<\/a><\/li><li class='ez-toc-page-1 ez-toc-heading-level-3'><a class=\"ez-toc-link ez-toc-heading-3\" href=\"https:\/\/www.mymallorcadiary.com\/de\/ostern-auf-mallorca-2026-traditionen-wetter-umfassender-reisefuehrer\/#Gruendonnerstag_2_April\" title=\"Gr\u00fcndonnerstag (2. April) \n\">Gr\u00fcndonnerstag (2. April) \n<\/a><\/li><li class='ez-toc-page-1 ez-toc-heading-level-3'><a class=\"ez-toc-link ez-toc-heading-4\" href=\"https:\/\/www.mymallorcadiary.com\/de\/ostern-auf-mallorca-2026-traditionen-wetter-umfassender-reisefuehrer\/#Karfreitag_3_April\" title=\"Karfreitag (3. April) \n\">Karfreitag (3. April) \n<\/a><\/li><li class='ez-toc-page-1 ez-toc-heading-level-3'><a class=\"ez-toc-link ez-toc-heading-5\" href=\"https:\/\/www.mymallorcadiary.com\/de\/ostern-auf-mallorca-2026-traditionen-wetter-umfassender-reisefuehrer\/#Ostersonntag_5_April\" title=\"Ostersonntag (5. April) \n\">Ostersonntag (5. April) \n<\/a><\/li><\/ul><\/li><li class='ez-toc-page-1 ez-toc-heading-level-2'><a class=\"ez-toc-link ez-toc-heading-6\" href=\"https:\/\/www.mymallorcadiary.com\/de\/ostern-auf-mallorca-2026-traditionen-wetter-umfassender-reisefuehrer\/#Karwoche-Traditionen_auf_Mallorca_Semana_Santa\" title=\"Karwoche-Traditionen auf Mallorca (Semana Santa)\">Karwoche-Traditionen auf Mallorca (Semana Santa)<\/a><ul class='ez-toc-list-level-3' ><li class='ez-toc-heading-level-3'><a class=\"ez-toc-link ez-toc-heading-7\" href=\"https:\/\/www.mymallorcadiary.com\/de\/ostern-auf-mallorca-2026-traditionen-wetter-umfassender-reisefuehrer\/#Die_besten_Orte_um_Osterprozessionen_auf_Mallorca_zu_erleben\" title=\"Die besten Orte, um Osterprozessionen auf Mallorca zu erleben\">Die besten Orte, um Osterprozessionen auf Mallorca zu erleben<\/a><ul class='ez-toc-list-level-4' ><li class='ez-toc-heading-level-4'><a class=\"ez-toc-link ez-toc-heading-8\" href=\"https:\/\/www.mymallorcadiary.com\/de\/ostern-auf-mallorca-2026-traditionen-wetter-umfassender-reisefuehrer\/#Palma_de_Mallorca\" title=\"Palma de Mallorca\">Palma de Mallorca<\/a><\/li><li class='ez-toc-page-1 ez-toc-heading-level-4'><a class=\"ez-toc-link ez-toc-heading-9\" href=\"https:\/\/www.mymallorcadiary.com\/de\/ostern-auf-mallorca-2026-traditionen-wetter-umfassender-reisefuehrer\/#Pollenca_%E2%80%93_El_Davallament\" title=\"Pollen\u00e7a \u2013 El Davallament\">Pollen\u00e7a \u2013 El Davallament<\/a><\/li><li class='ez-toc-page-1 ez-toc-heading-level-4'><a class=\"ez-toc-link ez-toc-heading-10\" href=\"https:\/\/www.mymallorcadiary.com\/de\/ostern-auf-mallorca-2026-traditionen-wetter-umfassender-reisefuehrer\/#Arta_und_andere_Doerfer\" title=\"Art\u00e0 und andere D\u00f6rfer\">Art\u00e0 und andere D\u00f6rfer<\/a><\/li><\/ul><\/li><\/ul><\/li><li class='ez-toc-page-1 ez-toc-heading-level-2'><a class=\"ez-toc-link ez-toc-heading-11\" href=\"https:\/\/www.mymallorcadiary.com\/de\/ostern-auf-mallorca-2026-traditionen-wetter-umfassender-reisefuehrer\/#Traditionelles_Osteressen_auf_Mallorca\" title=\"Traditionelles Osteressen auf Mallorca\">Traditionelles Osteressen auf Mallorca<\/a><\/li><li class='ez-toc-page-1 ez-toc-heading-level-2'><a class=\"ez-toc-link ez-toc-heading-12\" href=\"https:\/\/www.mymallorcadiary.com\/de\/ostern-auf-mallorca-2026-traditionen-wetter-umfassender-reisefuehrer\/#Was_du_an_Ostern_auf_Mallorca_machen_kannst\" title=\"Was du an Ostern auf Mallorca machen kannst\">Was du an Ostern auf Mallorca machen kannst<\/a><ul class='ez-toc-list-level-3' ><li class='ez-toc-heading-level-3'><a class=\"ez-toc-link ez-toc-heading-13\" href=\"https:\/\/www.mymallorcadiary.com\/de\/ostern-auf-mallorca-2026-traditionen-wetter-umfassender-reisefuehrer\/#Mallorcas_Straende_besuchen_%E2%80%93_noch_vor_dem_Sommerandrang\" title=\"Mallorcas Str\u00e4nde besuchen \u2013 noch vor dem Sommerandrang\">Mallorcas Str\u00e4nde besuchen \u2013 noch vor dem Sommerandrang<\/a><ul class='ez-toc-list-level-4' ><li class='ez-toc-heading-level-4'><a class=\"ez-toc-link ez-toc-heading-14\" href=\"https:\/\/www.mymallorcadiary.com\/de\/ostern-auf-mallorca-2026-traditionen-wetter-umfassender-reisefuehrer\/#Calo_des_Moro\" title=\"Cal\u00f3 des Moro\">Cal\u00f3 des Moro<\/a><\/li><li class='ez-toc-page-1 ez-toc-heading-level-4'><a class=\"ez-toc-link ez-toc-heading-15\" href=\"https:\/\/www.mymallorcadiary.com\/de\/ostern-auf-mallorca-2026-traditionen-wetter-umfassender-reisefuehrer\/#Cala_Llombards\" title=\"Cala Llombards\">Cala Llombards<\/a><\/li><li class='ez-toc-page-1 ez-toc-heading-level-4'><a class=\"ez-toc-link ez-toc-heading-16\" href=\"https:\/\/www.mymallorcadiary.com\/de\/ostern-auf-mallorca-2026-traditionen-wetter-umfassender-reisefuehrer\/#Es_Trenc\" title=\"Es Trenc\">Es Trenc<\/a><\/li><li class='ez-toc-page-1 ez-toc-heading-level-4'><a class=\"ez-toc-link ez-toc-heading-17\" href=\"https:\/\/www.mymallorcadiary.com\/de\/ostern-auf-mallorca-2026-traditionen-wetter-umfassender-reisefuehrer\/#Cala_Mondrago\" title=\"Cala Mondrag\u00f3\">Cala Mondrag\u00f3<\/a><\/li><li class='ez-toc-page-1 ez-toc-heading-level-4'><a class=\"ez-toc-link ez-toc-heading-18\" href=\"https:\/\/www.mymallorcadiary.com\/de\/ostern-auf-mallorca-2026-traditionen-wetter-umfassender-reisefuehrer\/#Playa_de_Muro\" title=\"Playa de Muro\">Playa de Muro<\/a><\/li><\/ul><\/li><li class='ez-toc-page-1 ez-toc-heading-level-3'><a class=\"ez-toc-link ez-toc-heading-19\" href=\"https:\/\/www.mymallorcadiary.com\/de\/ostern-auf-mallorca-2026-traditionen-wetter-umfassender-reisefuehrer\/#Charmante_Doerfer_in_der_Fruehlingsbluete_entdecken\" title=\"Charmante D\u00f6rfer in der Fr\u00fchlingsbl\u00fcte entdecken\">Charmante D\u00f6rfer in der Fr\u00fchlingsbl\u00fcte entdecken<\/a><\/li><li class='ez-toc-page-1 ez-toc-heading-level-3'><a class=\"ez-toc-link ez-toc-heading-20\" href=\"https:\/\/www.mymallorcadiary.com\/de\/ostern-auf-mallorca-2026-traditionen-wetter-umfassender-reisefuehrer\/#Wandern_in_der_Serra_de_Tramuntana\" title=\"Wandern in der Serra de Tramuntana\">Wandern in der Serra de Tramuntana<\/a><\/li><li class='ez-toc-page-1 ez-toc-heading-level-3'><a class=\"ez-toc-link ez-toc-heading-21\" href=\"https:\/\/www.mymallorcadiary.com\/de\/ostern-auf-mallorca-2026-traditionen-wetter-umfassender-reisefuehrer\/#Geniessen_Sie_saisonale_Kueche\" title=\"Genie\u00dfen Sie saisonale K\u00fcche\">Genie\u00dfen Sie saisonale K\u00fcche<\/a><\/li><\/ul><\/li><li class='ez-toc-page-1 ez-toc-heading-level-2'><a class=\"ez-toc-link ez-toc-heading-22\" href=\"https:\/\/www.mymallorcadiary.com\/de\/ostern-auf-mallorca-2026-traditionen-wetter-umfassender-reisefuehrer\/#Wo_du_an_Ostern_auf_Mallorca_uebernachten_solltest\" title=\"Wo du an Ostern auf Mallorca \u00fcbernachten solltest\">Wo du an Ostern auf Mallorca \u00fcbernachten solltest<\/a><ul class='ez-toc-list-level-3' ><li class='ez-toc-heading-level-3'><a class=\"ez-toc-link ez-toc-heading-23\" href=\"https:\/\/www.mymallorcadiary.com\/de\/ostern-auf-mallorca-2026-traditionen-wetter-umfassender-reisefuehrer\/#In_Palma_uebernachten_%E2%80%93_fuer_Kultur_und_Prozessionen\" title=\"In Palma \u00fcbernachten \u2013 f\u00fcr Kultur und Prozessionen\">In Palma \u00fcbernachten \u2013 f\u00fcr Kultur und Prozessionen<\/a><ul class='ez-toc-list-level-4' ><li class='ez-toc-heading-level-4'><a class=\"ez-toc-link ez-toc-heading-24\" href=\"https:\/\/www.mymallorcadiary.com\/de\/ostern-auf-mallorca-2026-traditionen-wetter-umfassender-reisefuehrer\/#Nobis_Hotel_Palma_5\" title=\"Nobis Hotel Palma 5*\">Nobis Hotel Palma 5*<\/a><\/li><li class='ez-toc-page-1 ez-toc-heading-level-4'><a class=\"ez-toc-link ez-toc-heading-25\" href=\"https:\/\/www.mymallorcadiary.com\/de\/ostern-auf-mallorca-2026-traditionen-wetter-umfassender-reisefuehrer\/#Portella_Palma_5\" title=\"Portella Palma 5*\">Portella Palma 5*<\/a><\/li><li class='ez-toc-page-1 ez-toc-heading-level-4'><a class=\"ez-toc-link ez-toc-heading-26\" href=\"https:\/\/www.mymallorcadiary.com\/de\/ostern-auf-mallorca-2026-traditionen-wetter-umfassender-reisefuehrer\/#Ars_Magna_Bleisure_hotel_4\" title=\"Ars Magna Bleisure hotel 4*\">Ars Magna Bleisure hotel 4*<\/a><\/li><li class='ez-toc-page-1 ez-toc-heading-level-4'><a class=\"ez-toc-link ez-toc-heading-27\" href=\"https:\/\/www.mymallorcadiary.com\/de\/ostern-auf-mallorca-2026-traditionen-wetter-umfassender-reisefuehrer\/#Hotel_Zurbaran_Palma_3\" title=\"Hotel Zurbar\u00e1n Palma 3*\">Hotel Zurbar\u00e1n Palma 3*<\/a><\/li><li class='ez-toc-page-1 ez-toc-heading-level-4'><a class=\"ez-toc-link ez-toc-heading-28\" href=\"https:\/\/www.mymallorcadiary.com\/de\/ostern-auf-mallorca-2026-traditionen-wetter-umfassender-reisefuehrer\/#Hotel_Abelay_2\" title=\"Hotel Abelay 2*\">Hotel Abelay 2*<\/a><\/li><\/ul><\/li><li class='ez-toc-page-1 ez-toc-heading-level-3'><a class=\"ez-toc-link ez-toc-heading-29\" href=\"https:\/\/www.mymallorcadiary.com\/de\/ostern-auf-mallorca-2026-traditionen-wetter-umfassender-reisefuehrer\/#Im_Suedosten_uebernachten_fuer_Straende_und_Charme\" title=\"Im S\u00fcdosten \u00fcbernachten f\u00fcr Str\u00e4nde und Charme\">Im S\u00fcdosten \u00fcbernachten f\u00fcr Str\u00e4nde und Charme<\/a><ul class='ez-toc-list-level-4' ><li class='ez-toc-heading-level-4'><a class=\"ez-toc-link ez-toc-heading-30\" href=\"https:\/\/www.mymallorcadiary.com\/de\/ostern-auf-mallorca-2026-traditionen-wetter-umfassender-reisefuehrer\/#Hotel_Can_Ferrereta\" title=\"Hotel Can Ferrereta\">Hotel Can Ferrereta<\/a><\/li><li class='ez-toc-page-1 ez-toc-heading-level-4'><a class=\"ez-toc-link ez-toc-heading-31\" href=\"https:\/\/www.mymallorcadiary.com\/de\/ostern-auf-mallorca-2026-traditionen-wetter-umfassender-reisefuehrer\/#Cal_Reiet_Holistic_Retreat\" title=\"Cal Reiet Holistic Retreat \n\">Cal Reiet Holistic Retreat \n<\/a><\/li><li class='ez-toc-page-1 ez-toc-heading-level-4'><a class=\"ez-toc-link ez-toc-heading-32\" href=\"https:\/\/www.mymallorcadiary.com\/de\/ostern-auf-mallorca-2026-traditionen-wetter-umfassender-reisefuehrer\/#Melia_Cala_dOr_Boutique_Hotel\" title=\"Melia Cala d&#8217;Or Boutique Hotel \">Melia Cala d&#8217;Or Boutique Hotel <\/a><\/li><li class='ez-toc-page-1 ez-toc-heading-level-4'><a class=\"ez-toc-link ez-toc-heading-33\" href=\"https:\/\/www.mymallorcadiary.com\/de\/ostern-auf-mallorca-2026-traditionen-wetter-umfassender-reisefuehrer\/#Iberostar_Club_Cala_Barca\" title=\"Iberostar Club Cala Barca\">Iberostar Club Cala Barca<\/a><\/li><\/ul><\/li><li class='ez-toc-page-1 ez-toc-heading-level-3'><a class=\"ez-toc-link ez-toc-heading-34\" href=\"https:\/\/www.mymallorcadiary.com\/de\/ostern-auf-mallorca-2026-traditionen-wetter-umfassender-reisefuehrer\/#Im_Norden_uebernachten_%E2%80%93_fuer_Natur_und_Tradition\" title=\"Im Norden \u00fcbernachten \u2013 f\u00fcr Natur und Tradition\">Im Norden \u00fcbernachten \u2013 f\u00fcr Natur und Tradition<\/a><ul class='ez-toc-list-level-4' ><li class='ez-toc-heading-level-4'><a class=\"ez-toc-link ez-toc-heading-35\" href=\"https:\/\/www.mymallorcadiary.com\/de\/ostern-auf-mallorca-2026-traditionen-wetter-umfassender-reisefuehrer\/#Mon_Boutique_Hotel_4\" title=\"Mon Boutique Hotel 4*\">Mon Boutique Hotel 4*<\/a><\/li><li class='ez-toc-page-1 ez-toc-heading-level-4'><a class=\"ez-toc-link ez-toc-heading-36\" href=\"https:\/\/www.mymallorcadiary.com\/de\/ostern-auf-mallorca-2026-traditionen-wetter-umfassender-reisefuehrer\/#Hotel_Miramar_Mallorca_4\" title=\"Hotel Miramar Mallorca 4*\">Hotel Miramar Mallorca 4*<\/a><\/li><li class='ez-toc-page-1 ez-toc-heading-level-4'><a class=\"ez-toc-link ez-toc-heading-37\" href=\"https:\/\/www.mymallorcadiary.com\/de\/ostern-auf-mallorca-2026-traditionen-wetter-umfassender-reisefuehrer\/#Hotel_Llenaire\" title=\"Hotel Llenaire\">Hotel Llenaire<\/a><\/li><li class='ez-toc-page-1 ez-toc-heading-level-4'><a class=\"ez-toc-link ez-toc-heading-38\" href=\"https:\/\/www.mymallorcadiary.com\/de\/ostern-auf-mallorca-2026-traditionen-wetter-umfassender-reisefuehrer\/#Hotel_More_4\" title=\"Hotel Mor\u00e9 4*\">Hotel Mor\u00e9 4*<\/a><\/li><li class='ez-toc-page-1 ez-toc-heading-level-4'><a class=\"ez-toc-link ez-toc-heading-39\" href=\"https:\/\/www.mymallorcadiary.com\/de\/ostern-auf-mallorca-2026-traditionen-wetter-umfassender-reisefuehrer\/#Grupotel_Maritimo_4\" title=\"Grupotel Mar\u00edtimo 4*\">Grupotel Mar\u00edtimo 4*<\/a><\/li><\/ul><\/li><li class='ez-toc-page-1 ez-toc-heading-level-3'><a class=\"ez-toc-link ez-toc-heading-40\" href=\"https:\/\/www.mymallorcadiary.com\/de\/ostern-auf-mallorca-2026-traditionen-wetter-umfassender-reisefuehrer\/#Auf_dem_Land_uebernachten_%E2%80%93_fuer_Ruhe_und_Erholung\" title=\"Auf dem Land \u00fcbernachten \u2013 f\u00fcr Ruhe und Erholung\">Auf dem Land \u00fcbernachten \u2013 f\u00fcr Ruhe und Erholung<\/a><ul class='ez-toc-list-level-4' ><li class='ez-toc-heading-level-4'><a class=\"ez-toc-link ez-toc-heading-41\" href=\"https:\/\/www.mymallorcadiary.com\/de\/ostern-auf-mallorca-2026-traditionen-wetter-umfassender-reisefuehrer\/#Zoetry_Mallorca_Wellness_Spa\" title=\"Zoetry Mallorca Wellness &amp; Spa\">Zoetry Mallorca Wellness &amp; Spa<\/a><\/li><li class='ez-toc-page-1 ez-toc-heading-level-4'><a class=\"ez-toc-link ez-toc-heading-42\" href=\"https:\/\/www.mymallorcadiary.com\/de\/ostern-auf-mallorca-2026-traditionen-wetter-umfassender-reisefuehrer\/#Agroturismo_Son_Viscos\" title=\"Agroturismo Son Viscos\">Agroturismo Son Viscos<\/a><\/li><li class='ez-toc-page-1 ez-toc-heading-level-4'><a class=\"ez-toc-link ez-toc-heading-43\" href=\"https:\/\/www.mymallorcadiary.com\/de\/ostern-auf-mallorca-2026-traditionen-wetter-umfassender-reisefuehrer\/#Finca_Hotel_Rural_Es_Turo_4\" title=\"Finca Hotel Rural Es Tur\u00f3 4*\">Finca Hotel Rural Es Tur\u00f3 4*<\/a><\/li><li class='ez-toc-page-1 ez-toc-heading-level-4'><a class=\"ez-toc-link ez-toc-heading-44\" href=\"https:\/\/www.mymallorcadiary.com\/de\/ostern-auf-mallorca-2026-traditionen-wetter-umfassender-reisefuehrer\/#Monnaber_Nou_Finca_Hotel_Spa\" title=\"Monnaber Nou Finca Hotel &amp; Spa\">Monnaber Nou Finca Hotel &amp; Spa<\/a><\/li><li class='ez-toc-page-1 ez-toc-heading-level-4'><a class=\"ez-toc-link ez-toc-heading-45\" href=\"https:\/\/www.mymallorcadiary.com\/de\/ostern-auf-mallorca-2026-traditionen-wetter-umfassender-reisefuehrer\/#Son_Julia_Country_House_Spa\" title=\"Son Julia Country House &amp; Spa\">Son Julia Country House &amp; Spa<\/a><\/li><li class='ez-toc-page-1 ez-toc-heading-level-4'><a class=\"ez-toc-link ez-toc-heading-46\" href=\"https:\/\/www.mymallorcadiary.com\/de\/ostern-auf-mallorca-2026-traditionen-wetter-umfassender-reisefuehrer\/#Finca_Cas_Curial_Adults_Only\" title=\"Finca Ca&#8217;s Curial (Adults Only)\">Finca Ca&#8217;s Curial (Adults Only)<\/a><\/li><\/ul><\/li><\/ul><\/li><li class='ez-toc-page-1 ez-toc-heading-level-2'><a class=\"ez-toc-link ez-toc-heading-47\" href=\"https:\/\/www.mymallorcadiary.com\/de\/ostern-auf-mallorca-2026-traditionen-wetter-umfassender-reisefuehrer\/#Praktische_Tipps_fuer_Mallorca_an_Ostern\" title=\"Praktische Tipps f\u00fcr Mallorca an Ostern\">Praktische Tipps f\u00fcr Mallorca an Ostern<\/a><ul class='ez-toc-list-level-3' ><li class='ez-toc-heading-level-3'><a class=\"ez-toc-link ez-toc-heading-48\" href=\"https:\/\/www.mymallorcadiary.com\/de\/ostern-auf-mallorca-2026-traditionen-wetter-umfassender-reisefuehrer\/#Mallorca_in_voller_Fruehlingsbluete_erleben\" title=\"Mallorca in voller Fr\u00fchlingsbl\u00fcte erleben\">Mallorca in voller Fr\u00fchlingsbl\u00fcte erleben<\/a><\/li><\/ul><\/li><li class='ez-toc-page-1 ez-toc-heading-level-2'><a class=\"ez-toc-link ez-toc-heading-49\" href=\"https:\/\/www.mymallorcadiary.com\/de\/ostern-auf-mallorca-2026-traditionen-wetter-umfassender-reisefuehrer\/#Haeufige_Fragen_Ostern_auf_Mallorca\" title=\"H\u00e4ufige Fragen: Ostern auf Mallorca\">H\u00e4ufige Fragen: Ostern auf Mallorca<\/a><ul class='ez-toc-list-level-3' ><li class='ez-toc-heading-level-3'><a class=\"ez-toc-link ez-toc-heading-50\" href=\"https:\/\/www.mymallorcadiary.com\/de\/ostern-auf-mallorca-2026-traditionen-wetter-umfassender-reisefuehrer\/#Ist_Ostern_eine_gute_Zeit_um_Mallorca_zu_besuchen\" title=\"Ist Ostern eine gute Zeit, um Mallorca zu besuchen?\">Ist Ostern eine gute Zeit, um Mallorca zu besuchen?<\/a><\/li><li class='ez-toc-page-1 ez-toc-heading-level-3'><a class=\"ez-toc-link ez-toc-heading-51\" href=\"https:\/\/www.mymallorcadiary.com\/de\/ostern-auf-mallorca-2026-traditionen-wetter-umfassender-reisefuehrer\/#Wie_ist_das_Wetter_auf_Mallorca_an_Ostern\" title=\"Wie ist das Wetter auf Mallorca an Ostern?\">Wie ist das Wetter auf Mallorca an Ostern?<\/a><\/li><li class='ez-toc-page-1 ez-toc-heading-level-3'><a class=\"ez-toc-link ez-toc-heading-52\" href=\"https:\/\/www.mymallorcadiary.com\/de\/ostern-auf-mallorca-2026-traditionen-wetter-umfassender-reisefuehrer\/#Haben_Geschaefte_und_Restaurants_an_Ostern_auf_Mallorca_geoeffnet\" title=\"Haben Gesch\u00e4fte und Restaurants an Ostern auf Mallorca ge\u00f6ffnet?\">Haben Gesch\u00e4fte und Restaurants an Ostern auf Mallorca ge\u00f6ffnet?<\/a><\/li><li class='ez-toc-page-1 ez-toc-heading-level-3'><a class=\"ez-toc-link ez-toc-heading-53\" href=\"https:\/\/www.mymallorcadiary.com\/de\/ostern-auf-mallorca-2026-traditionen-wetter-umfassender-reisefuehrer\/#Wo_sind_die_besten_Osterprozessionen_auf_Mallorca\" title=\"Wo sind die besten Osterprozessionen auf Mallorca?\">Wo sind die besten Osterprozessionen auf Mallorca?<\/a><\/li><li class='ez-toc-page-1 ez-toc-heading-level-3'><a class=\"ez-toc-link ez-toc-heading-54\" href=\"https:\/\/www.mymallorcadiary.com\/de\/ostern-auf-mallorca-2026-traditionen-wetter-umfassender-reisefuehrer\/#Was_kann_man_an_Ostern_auf_Mallorca_ausser_religioesen_Events_machen\" title=\"Was kann man an Ostern auf Mallorca au\u00dfer religi\u00f6sen Events machen?\">Was kann man an Ostern auf Mallorca au\u00dfer religi\u00f6sen Events machen?<\/a><\/li><li class='ez-toc-page-1 ez-toc-heading-level-3'><a class=\"ez-toc-link ez-toc-heading-55\" href=\"https:\/\/www.mymallorcadiary.com\/de\/ostern-auf-mallorca-2026-traditionen-wetter-umfassender-reisefuehrer\/#Ist_Mallorca_an_Ostern_ueberlaufen\" title=\"Ist Mallorca an Ostern \u00fcberlaufen?\">Ist Mallorca an Ostern \u00fcberlaufen?<\/a><\/li><li class='ez-toc-page-1 ez-toc-heading-level-3'><a class=\"ez-toc-link ez-toc-heading-56\" href=\"https:\/\/www.mymallorcadiary.com\/de\/ostern-auf-mallorca-2026-traditionen-wetter-umfassender-reisefuehrer\/#Ist_Ostern_auf_Mallorca_fuer_Familien_geeignet\" title=\"Ist Ostern auf Mallorca f\u00fcr Familien geeignet?\">Ist Ostern auf Mallorca f\u00fcr Familien geeignet?<\/a><\/li><li class='ez-toc-page-1 ez-toc-heading-level-3'><a class=\"ez-toc-link ez-toc-heading-57\" href=\"https:\/\/www.mymallorcadiary.com\/de\/ostern-auf-mallorca-2026-traditionen-wetter-umfassender-reisefuehrer\/#Kann_man_an_Ostern_auf_Mallorca_schwimmen\" title=\"Kann man an Ostern auf Mallorca schwimmen?\">Kann man an Ostern auf Mallorca schwimmen?<\/a><\/li><li class='ez-toc-page-1 ez-toc-heading-level-3'><a class=\"ez-toc-link ez-toc-heading-58\" href=\"https:\/\/www.mymallorcadiary.com\/de\/ostern-auf-mallorca-2026-traditionen-wetter-umfassender-reisefuehrer\/#Wie_viele_Tage_braucht_man_an_Ostern_auf_Mallorca\" title=\"Wie viele Tage braucht man an Ostern auf Mallorca?\">Wie viele Tage braucht man an Ostern auf Mallorca?<\/a><\/li><\/ul><\/li><\/ul><\/nav><\/div>\n<h2 data-start=\"753\" data-end=\"905\"><span class=\"ez-toc-section\" id=\"Wann_ist_Ostern_auf_Mallorca\"><\/span><strong>Wann ist Ostern auf Mallorca?<\/strong><span class=\"ez-toc-section-end\"><\/span><\/h2>\n<p data-start=\"944\" data-end=\"1119\">Die Ostertermine \u00e4ndern sich jedes Jahr, da sie sich nach dem christlichen Kalender richten. Die wichtigsten Feierlichkeiten finden w\u00e4hrend der <strong data-start=\"1055\" data-end=\"1083\">Semana Santa (Karwoche)<\/strong> statt, vom Palmsonntag bis zum Ostersonntag.<\/p>\n<p data-start=\"944\" data-end=\"1119\"><img decoding=\"async\" class=\"alignnone wp-image-997 size-full\" src=\"https:\/\/www.mymallorcadiary.com\/wp-content\/uploads\/2026\/02\/Palma-de-Mallorca-cathedral.webp\" alt=\"\" width=\"1920\" height=\"1078\" srcset=\"https:\/\/www.mymallorcadiary.com\/wp-content\/uploads\/2026\/02\/Palma-de-Mallorca-cathedral.webp 1920w, https:\/\/www.mymallorcadiary.com\/wp-content\/uploads\/2026\/02\/Palma-de-Mallorca-cathedral-300x168.webp 300w, https:\/\/www.mymallorcadiary.com\/wp-content\/uploads\/2026\/02\/Palma-de-Mallorca-cathedral-1024x575.webp 1024w, https:\/\/www.mymallorcadiary.com\/wp-content\/uploads\/2026\/02\/Palma-de-Mallorca-cathedral-768x431.webp 768w, https:\/\/www.mymallorcadiary.com\/wp-content\/uploads\/2026\/02\/Palma-de-Mallorca-cathedral-1536x862.webp 1536w, https:\/\/www.mymallorcadiary.com\/wp-content\/uploads\/2026\/02\/Palma-de-Mallorca-cathedral-696x391.webp 696w, https:\/\/www.mymallorcadiary.com\/wp-content\/uploads\/2026\/02\/Palma-de-Mallorca-cathedral-1392x782.webp 1392w\" sizes=\"(max-width: 1920px) 100vw, 1920px\" \/><\/p>\n<p data-start=\"1121\" data-end=\"1149\">Die wichtigsten Tage sind:<\/p>\n<ul data-start=\"1151\" data-end=\"1220\">\n<li data-start=\"1151\" data-end=\"1166\">\n<h3 data-start=\"1153\" data-end=\"1166\"><span class=\"ez-toc-section\" id=\"Palmsonntag_29_Maerz\"><\/span><strong>Palmsonntag (29. M\u00e4rz)<br \/>\n<\/strong><span class=\"ez-toc-section-end\"><\/span><\/h3>\n<p data-start=\"357\" data-end=\"489\">Der Palmsonntag markiert den Beginn der Karwoche. Er erinnert an die Ankunft Jesu in Jerusalem, wo er mit Palmzweigen empfangen wurde.<\/p>\n<p data-start=\"491\" data-end=\"702\">Auf Mallorca besuchen viele Einheimische, vor allem Kinder, den morgendlichen Gottesdienst mit geflochtenen Palmzweigen in der Hand. Diese wei\u00dfen Palmzweige sind oft aufwendig geflochten und manchmal mit S\u00fc\u00dfigkeiten oder B\u00e4ndern verziert.<\/p>\n<p data-start=\"704\" data-end=\"862\">An diesem Tag herrscht eine famili\u00e4re Atmosph\u00e4re \u2013 es ist zwar weniger festlich als sp\u00e4ter in der Woche, doch damit beginnen offiziell die Osterfeierlichkeiten auf der ganzen Insel.<\/p>\n<\/li>\n<li data-start=\"1167\" data-end=\"1186\">\n<h3 data-start=\"1169\" data-end=\"1186\"><span class=\"ez-toc-section\" id=\"Gruendonnerstag_2_April\"><\/span><strong>Gr\u00fcndonnerstag (2. April)<br \/>\n<\/strong><span class=\"ez-toc-section-end\"><\/span><\/h3>\n<p data-start=\"900\" data-end=\"1003\">Der Gr\u00fcndonnerstag ist einer der wichtigsten Abende der Karwoche. An diesem Tag wird des Letzten Abendmahls gedacht.<\/p>\n<p data-start=\"1005\" data-end=\"1216\">Auf Mallorca finden zu dieser Zeit einige der beeindruckendsten Prozessionen statt, vor allem in Palma. Bruderschaften ziehen nachts mit religi\u00f6sen Statuen durch die Stra\u00dfen, begleitet von Trommeln und Kerzenlicht.<\/p>\n<p data-start=\"1218\" data-end=\"1374\">Die Atmosph\u00e4re ist feierlich und beeindruckend. Die Stra\u00dfen in den historischen Stadtzentren k\u00f6nnen wegen der Prozessionen vor\u00fcbergehend gesperrt werden, und viele Einheimische versammeln sich, um schweigend zuzusehen.<\/p>\n<p data-start=\"1376\" data-end=\"1461\">Wenn Sie authentische Ostertraditionen erleben m\u00f6chten, ist dies einer der wichtigsten Abende.<\/p>\n<\/li>\n<li data-start=\"1187\" data-end=\"1202\">\n<h3 data-start=\"1189\" data-end=\"1202\"><span class=\"ez-toc-section\" id=\"Karfreitag_3_April\"><\/span><strong>Karfreitag (3. April)<br \/>\n<\/strong><span class=\"ez-toc-section-end\"><\/span><\/h3>\n<p data-start=\"1495\" data-end=\"1589\">Am Karfreitag wird der Kreuzigung Christi gedacht; es ist der emotionalste Tag der Karwoche.<\/p>\n<p data-start=\"1591\" data-end=\"1786\">Auf der ganzen Insel finden Prozessionen statt, doch das bekannteste Ereignis ist <strong data-start=\"1662\" data-end=\"1692\">&#8222;El Davallament&#8220; in Pollensa<\/strong>, bei dem eine Christusstatue nachts in v\u00f6lliger Stille die 365 Stufen des Calvari hinabgetragen wird.<\/p>\n<p data-start=\"1788\" data-end=\"1899\">Gesch\u00e4fte k\u00f6nnen geschlossen sein, und die Stimmung ist insgesamt ruhiger und nachdenklicher als im Rest der Woche.<\/p>\n<p data-start=\"1901\" data-end=\"1954\">Es ist ein sehr kultureller und traditioneller Tag auf Mallorca.<\/p>\n<\/li>\n<li data-start=\"1203\" data-end=\"1220\">\n<h3 data-start=\"1205\" data-end=\"1220\"><span class=\"ez-toc-section\" id=\"Ostersonntag_5_April\"><\/span><strong>Ostersonntag (5. April)<br \/>\n<\/strong><span class=\"ez-toc-section-end\"><\/span><\/h3>\n<p data-start=\"1990\" data-end=\"2075\">Am Ostersonntag wird die Auferstehung Christi gefeiert und die Stimmung wird sp\u00fcrbar fr\u00f6hlicher.<\/p>\n<p data-start=\"2077\" data-end=\"2268\">Kirchenglocken l\u00e4uten, Familien kommen zu langen Mittagessen zusammen, und die Atmosph\u00e4re wird leichter und festlicher. Restaurants sind gut besucht, Terrassen f\u00fcllen sich, und die Insel spr\u00fcht vor Fr\u00fchlingsenergie.<\/p>\n<p data-start=\"2270\" data-end=\"2414\">Ein wunderbarer Tag, um D\u00f6rfer zu erkunden, traditionelle Geb\u00e4cke wie Panades und Robiols zu genie\u00dfen oder ein entspanntes mediterranes Mittagessen in der Sonne zu verbringen.<\/p>\n<\/li>\n<\/ul>\n<p data-start=\"1222\" data-end=\"1306\">Viele Einheimische feiern auch den Ostermontag mit Familienessen oder Picknicks auf dem Land.<\/p>\n<p data-start=\"1308\" data-end=\"1432\">Ostern markiert den inoffiziellen Start der Tourismussaison auf Mallorca \u2013 eine lebendige, aber noch nicht \u00fcberlaufene Zeit f\u00fcr einen Besuch.<\/p>\n<h2 data-start=\"1308\" data-end=\"1432\"><span class=\"ez-toc-section\" id=\"Karwoche-Traditionen_auf_Mallorca_Semana_Santa\"><\/span><strong>Karwoche-Traditionen auf Mallorca (Semana Santa)<\/strong><span class=\"ez-toc-section-end\"><\/span><\/h2>\n<p data-start=\"1491\" data-end=\"1577\">Einer der eindrucksvollsten Aspekte von Ostern auf Mallorca sind die traditionellen Prozessionen.<\/p>\n<p data-start=\"1579\" data-end=\"1826\">In St\u00e4dten und Gemeinden ziehen Mitglieder religi\u00f6ser Bruderschaften langsam in langen Gew\u00e4ndern und spitzen Kapuzen durch die Stra\u00dfen. Sie tragen schwere Statuen, die Szenen aus der Passion Christi darstellen, w\u00e4hrend Trommeln durch die engen Gassen hallen.<\/p>\n<p data-start=\"1828\" data-end=\"1895\">Die Atmosph\u00e4re ist feierlich, emotional und tief in der Tradition verwurzelt.<\/p>\n<p data-start=\"1828\" data-end=\"1895\"><img decoding=\"async\" class=\"alignnone wp-image-996 size-full\" src=\"https:\/\/www.mymallorcadiary.com\/wp-content\/uploads\/2026\/02\/Holy-week-in-Mallorca.webp\" alt=\"\" width=\"1920\" height=\"1078\" srcset=\"https:\/\/www.mymallorcadiary.com\/wp-content\/uploads\/2026\/02\/Holy-week-in-Mallorca.webp 1920w, https:\/\/www.mymallorcadiary.com\/wp-content\/uploads\/2026\/02\/Holy-week-in-Mallorca-300x168.webp 300w, https:\/\/www.mymallorcadiary.com\/wp-content\/uploads\/2026\/02\/Holy-week-in-Mallorca-1024x575.webp 1024w, https:\/\/www.mymallorcadiary.com\/wp-content\/uploads\/2026\/02\/Holy-week-in-Mallorca-768x431.webp 768w, https:\/\/www.mymallorcadiary.com\/wp-content\/uploads\/2026\/02\/Holy-week-in-Mallorca-1536x862.webp 1536w, https:\/\/www.mymallorcadiary.com\/wp-content\/uploads\/2026\/02\/Holy-week-in-Mallorca-696x391.webp 696w, https:\/\/www.mymallorcadiary.com\/wp-content\/uploads\/2026\/02\/Holy-week-in-Mallorca-1392x782.webp 1392w\" sizes=\"(max-width: 1920px) 100vw, 1920px\" \/><\/p>\n<h3 data-start=\"1828\" data-end=\"1895\"><span class=\"ez-toc-section\" id=\"Die_besten_Orte_um_Osterprozessionen_auf_Mallorca_zu_erleben\"><\/span><strong>Die besten Orte, um Osterprozessionen auf Mallorca zu erleben<\/strong><span class=\"ez-toc-section-end\"><\/span><\/h3>\n<h4><span class=\"ez-toc-section\" id=\"Palma_de_Mallorca\"><\/span><strong>Palma de Mallorca<\/strong><span class=\"ez-toc-section-end\"><\/span><\/h4>\n<p>In <strong><a href=\"https:\/\/maps.app.goo.gl\/kd5H5KMZ4435DRRM7\" target=\"_blank\" rel=\"noopener\">Palma<\/a><\/strong> finden die gr\u00f6\u00dften und eindrucksvollsten Prozessionen statt, insbesondere am Gr\u00fcndonnerstag und Karfreitag. Die Altstadt verspr\u00fcht mit Kerzenlicht, Trommelrhythmen und historischer Kulisse eine ganz besondere Atmosph\u00e4re.<\/p>\n<h4><span class=\"ez-toc-section\" id=\"Pollenca_%E2%80%93_El_Davallament\"><\/span><strong>Pollen\u00e7a \u2013 El Davallament<\/strong><span class=\"ez-toc-section-end\"><\/span><\/h4>\n<p data-start=\"2307\" data-end=\"2467\">In der Nacht des Karfreitags wird die Christusstatue in v\u00f6lliger Stille die <strong><a href=\"https:\/\/maps.app.goo.gl\/NpbDvcE1aSpoAAik6\" target=\"_blank\" rel=\"noopener\">365 Calvari-Stufen<\/a><\/strong> hinabgelassen. Das ist eine der ikonischsten Ostertraditionen auf Mallorca.<\/p>\n<p data-start=\"2469\" data-end=\"2531\">Komm fr\u00fch, denn es zieht Besucher von der ganzen Insel an.<\/p>\n<h4 data-start=\"2469\" data-end=\"2531\"><span class=\"ez-toc-section\" id=\"Arta_und_andere_Doerfer\"><\/span><strong>Art\u00e0 und andere D\u00f6rfer<\/strong><span class=\"ez-toc-section-end\"><\/span><\/h4>\n<p>Auch kleinere Orte wie <strong><a href=\"https:\/\/maps.app.goo.gl\/dsDzKwZb165QLqLp6\" target=\"_blank\" rel=\"noopener\">Art\u00e0<\/a><\/strong>, <strong><a href=\"https:\/\/maps.app.goo.gl\/PA7AXGqNZvnErKTx6\" target=\"_blank\" rel=\"noopener\">S\u00f3ller<\/a><\/strong> und <strong><a href=\"https:\/\/maps.app.goo.gl\/NkPJ2zETtb5TQmqB9\" target=\"_blank\" rel=\"noopener\">Inca<\/a><\/strong> veranstalten wundersch\u00f6ne Prozessionen, die intimer und lokaler wirken.<\/p>\n<h2><span class=\"ez-toc-section\" id=\"Traditionelles_Osteressen_auf_Mallorca\"><\/span><strong>Traditionelles Osteressen auf Mallorca<\/strong><span class=\"ez-toc-section-end\"><\/span><\/h2>\n<p>An Ostern geht es auch um Essen und Familientreffen.<\/p>\n<p data-start=\"2817\" data-end=\"2847\">Typische Osterleckereien sind:<\/p>\n<ul data-start=\"2849\" data-end=\"3042\">\n<li data-start=\"2849\" data-end=\"2921\">\n<p data-start=\"2851\" data-end=\"2921\"><strong data-start=\"2851\" data-end=\"2862\">Panades: <\/strong>Herzhafte Teigtaschen, meist gef\u00fcllt mit Lamm, Schwein oder Erbsen<\/p>\n<p><img decoding=\"async\" class=\"alignnone wp-image-948 size-full\" src=\"https:\/\/www.mymallorcadiary.com\/wp-content\/uploads\/2026\/02\/Panades-from-Mallorca.webp\" alt=\"\" width=\"1920\" height=\"1078\" srcset=\"https:\/\/www.mymallorcadiary.com\/wp-content\/uploads\/2026\/02\/Panades-from-Mallorca.webp 1920w, https:\/\/www.mymallorcadiary.com\/wp-content\/uploads\/2026\/02\/Panades-from-Mallorca-300x168.webp 300w, https:\/\/www.mymallorcadiary.com\/wp-content\/uploads\/2026\/02\/Panades-from-Mallorca-1024x575.webp 1024w, https:\/\/www.mymallorcadiary.com\/wp-content\/uploads\/2026\/02\/Panades-from-Mallorca-768x431.webp 768w, https:\/\/www.mymallorcadiary.com\/wp-content\/uploads\/2026\/02\/Panades-from-Mallorca-1536x862.webp 1536w, https:\/\/www.mymallorcadiary.com\/wp-content\/uploads\/2026\/02\/Panades-from-Mallorca-696x391.webp 696w, https:\/\/www.mymallorcadiary.com\/wp-content\/uploads\/2026\/02\/Panades-from-Mallorca-1392x782.webp 1392w\" sizes=\"(max-width: 1920px) 100vw, 1920px\" \/><\/li>\n<li data-start=\"2922\" data-end=\"2996\">\n<p data-start=\"2924\" data-end=\"2996\"><strong data-start=\"2924\" data-end=\"2935\">Robiols: <\/strong>S\u00fc\u00dfe Teigtaschen, gef\u00fcllt mit Marmelade, Schokolade oder Quark<\/p>\n<p><img decoding=\"async\" class=\"alignnone wp-image-949 size-full\" src=\"https:\/\/www.mymallorcadiary.com\/wp-content\/uploads\/2026\/02\/Robiols-from-Mallorca.webp\" alt=\"\" width=\"1920\" height=\"1078\" srcset=\"https:\/\/www.mymallorcadiary.com\/wp-content\/uploads\/2026\/02\/Robiols-from-Mallorca.webp 1920w, https:\/\/www.mymallorcadiary.com\/wp-content\/uploads\/2026\/02\/Robiols-from-Mallorca-300x168.webp 300w, https:\/\/www.mymallorcadiary.com\/wp-content\/uploads\/2026\/02\/Robiols-from-Mallorca-1024x575.webp 1024w, https:\/\/www.mymallorcadiary.com\/wp-content\/uploads\/2026\/02\/Robiols-from-Mallorca-768x431.webp 768w, https:\/\/www.mymallorcadiary.com\/wp-content\/uploads\/2026\/02\/Robiols-from-Mallorca-1536x862.webp 1536w, https:\/\/www.mymallorcadiary.com\/wp-content\/uploads\/2026\/02\/Robiols-from-Mallorca-696x391.webp 696w, https:\/\/www.mymallorcadiary.com\/wp-content\/uploads\/2026\/02\/Robiols-from-Mallorca-1392x782.webp 1392w\" sizes=\"(max-width: 1920px) 100vw, 1920px\" \/><\/li>\n<li data-start=\"2997\" data-end=\"3042\">\n<p data-start=\"2999\" data-end=\"3042\"><strong data-start=\"2999\" data-end=\"3012\">Crespells: <\/strong>Sternf\u00f6rmige Zuckerkekse<\/p>\n<p><img decoding=\"async\" class=\"alignnone wp-image-947 size-full\" src=\"https:\/\/www.mymallorcadiary.com\/wp-content\/uploads\/2026\/02\/Crespells-from-Mallorca.webp\" alt=\"\" width=\"1920\" height=\"1078\" srcset=\"https:\/\/www.mymallorcadiary.com\/wp-content\/uploads\/2026\/02\/Crespells-from-Mallorca.webp 1920w, https:\/\/www.mymallorcadiary.com\/wp-content\/uploads\/2026\/02\/Crespells-from-Mallorca-300x168.webp 300w, https:\/\/www.mymallorcadiary.com\/wp-content\/uploads\/2026\/02\/Crespells-from-Mallorca-1024x575.webp 1024w, https:\/\/www.mymallorcadiary.com\/wp-content\/uploads\/2026\/02\/Crespells-from-Mallorca-768x431.webp 768w, https:\/\/www.mymallorcadiary.com\/wp-content\/uploads\/2026\/02\/Crespells-from-Mallorca-1536x862.webp 1536w, https:\/\/www.mymallorcadiary.com\/wp-content\/uploads\/2026\/02\/Crespells-from-Mallorca-696x391.webp 696w, https:\/\/www.mymallorcadiary.com\/wp-content\/uploads\/2026\/02\/Crespells-from-Mallorca-1392x782.webp 1392w\" sizes=\"(max-width: 1920px) 100vw, 1920px\" \/><\/li>\n<\/ul>\n<p data-start=\"3044\" data-end=\"3180\">Viele Familien bereiten sie zu Hause vor der Karwoche zu. B\u00e4ckereien auf der ganzen Insel sind in den Wochen vor Ostern voll davon.<\/p>\n<h2 data-start=\"3044\" data-end=\"3180\"><span class=\"ez-toc-section\" id=\"Was_du_an_Ostern_auf_Mallorca_machen_kannst\"><\/span><strong>Was du an Ostern auf Mallorca machen kannst<\/strong><span class=\"ez-toc-section-end\"><\/span><\/h2>\n<p data-start=\"3226\" data-end=\"3362\">Ostern ist eine der besten Zeiten, um Mallorca abseits der Str\u00e4nde zu entdecken. Das Wetter ist mild, die Natur ist gr\u00fcn und alles f\u00fchlt sich frisch an.<\/p>\n<p data-start=\"3364\" data-end=\"3417\">Hier sind die besten Dinge, die du an Ostern auf Mallorca machen kannst:<\/p>\n<h3 data-start=\"3364\" data-end=\"3417\"><span class=\"ez-toc-section\" id=\"Mallorcas_Straende_besuchen_%E2%80%93_noch_vor_dem_Sommerandrang\"><\/span><strong>Mallorcas Str\u00e4nde besuchen \u2013 noch vor dem Sommerandrang<\/strong><span class=\"ez-toc-section-end\"><\/span><\/h3>\n<p data-start=\"3474\" data-end=\"3614\">Die Fr\u00fchlingstemperaturen liegen im Schnitt zwischen 18 und 22\u00b0C. Das Meer ist zwar noch k\u00fchl, aber sonnige Tage sind perfekt f\u00fcr K\u00fcstenspazierg\u00e4nge und ruhige Stunden am Strand.<\/p>\n<p data-start=\"3616\" data-end=\"3645\">Sch\u00f6ne Str\u00e4nde zum Entdecken:<\/p>\n<ul data-start=\"3647\" data-end=\"3732\">\n<li data-start=\"3647\" data-end=\"3664\">\n<h4 data-start=\"3649\" data-end=\"3664\"><span class=\"ez-toc-section\" id=\"Calo_des_Moro\"><\/span><a href=\"https:\/\/maps.app.goo.gl\/7XBvYJWJhHp86gV38\" target=\"_blank\" rel=\"noopener\"><strong>Cal\u00f3 des Moro<\/strong><\/a><span class=\"ez-toc-section-end\"><\/span><\/h4>\n<\/li>\n<li data-start=\"3665\" data-end=\"3683\">\n<h4 data-start=\"3667\" data-end=\"3683\"><span class=\"ez-toc-section\" id=\"Cala_Llombards\"><\/span><a href=\"https:\/\/maps.app.goo.gl\/fn7Gr7XdaWgcNFrX6\" target=\"_blank\" rel=\"noopener\"><strong>Cala Llombards<\/strong><\/a><span class=\"ez-toc-section-end\"><\/span><\/h4>\n<\/li>\n<li data-start=\"3684\" data-end=\"3696\">\n<h4 data-start=\"3686\" data-end=\"3696\"><span class=\"ez-toc-section\" id=\"Es_Trenc\"><\/span><a href=\"https:\/\/maps.app.goo.gl\/ZCJs4oom61BDfjvX6\" target=\"_blank\" rel=\"noopener\"><strong>Es Trenc<\/strong><\/a><span class=\"ez-toc-section-end\"><\/span><\/h4>\n<\/li>\n<li data-start=\"3697\" data-end=\"3714\">\n<h4 data-start=\"3699\" data-end=\"3714\"><span class=\"ez-toc-section\" id=\"Cala_Mondrago\"><\/span><a href=\"https:\/\/maps.app.goo.gl\/xbjcqNSE3qBbiLtSA\" target=\"_blank\" rel=\"noopener\"><strong>Cala Mondrag\u00f3<\/strong><\/a><span class=\"ez-toc-section-end\"><\/span><\/h4>\n<\/li>\n<li data-start=\"3715\" data-end=\"3732\">\n<h4 data-start=\"3717\" data-end=\"3732\"><span class=\"ez-toc-section\" id=\"Playa_de_Muro\"><\/span><a href=\"https:\/\/maps.app.goo.gl\/RtW39rfXEg4qcuQH7\" target=\"_blank\" rel=\"noopener\"><strong>Playa de Muro<\/strong><\/a><span class=\"ez-toc-section-end\"><\/span><\/h4>\n<p><div id='gallery-1' class='gallery galleryid-2051 gallery-columns-2 gallery-size-full'><figure class='gallery-item'>\n\t\t\t<div class='gallery-icon landscape'>\n\t\t\t\t<a href='https:\/\/www.mymallorcadiary.com\/wp-content\/uploads\/2026\/02\/Playa-de-muro-in-Mallorca.webp'><img decoding=\"async\" width=\"1920\" height=\"1078\" src=\"https:\/\/www.mymallorcadiary.com\/wp-content\/uploads\/2026\/02\/Playa-de-muro-in-Mallorca.webp\" class=\"attachment-full size-full\" alt=\"\" aria-describedby=\"gallery-1-1960\" srcset=\"https:\/\/www.mymallorcadiary.com\/wp-content\/uploads\/2026\/02\/Playa-de-muro-in-Mallorca.webp 1920w, https:\/\/www.mymallorcadiary.com\/wp-content\/uploads\/2026\/02\/Playa-de-muro-in-Mallorca-300x168.webp 300w, https:\/\/www.mymallorcadiary.com\/wp-content\/uploads\/2026\/02\/Playa-de-muro-in-Mallorca-1024x575.webp 1024w, https:\/\/www.mymallorcadiary.com\/wp-content\/uploads\/2026\/02\/Playa-de-muro-in-Mallorca-768x431.webp 768w, https:\/\/www.mymallorcadiary.com\/wp-content\/uploads\/2026\/02\/Playa-de-muro-in-Mallorca-1536x862.webp 1536w, https:\/\/www.mymallorcadiary.com\/wp-content\/uploads\/2026\/02\/Playa-de-muro-in-Mallorca-696x391.webp 696w, https:\/\/www.mymallorcadiary.com\/wp-content\/uploads\/2026\/02\/Playa-de-muro-in-Mallorca-1392x782.webp 1392w\" sizes=\"(max-width: 1920px) 100vw, 1920px\" \/><\/a>\n\t\t\t<\/div>\n\t\t\t\t<figcaption class='wp-caption-text gallery-caption' id='gallery-1-1960'>\n\t\t\t\tPlaya de Muro\n\t\t\t\t<\/figcaption><\/figure><figure class='gallery-item'>\n\t\t\t<div class='gallery-icon landscape'>\n\t\t\t\t<a href='https:\/\/www.mymallorcadiary.com\/wp-content\/uploads\/2024\/11\/Es-Trenc-beach-near-Santanyi.webp'><img decoding=\"async\" width=\"1920\" height=\"1078\" src=\"https:\/\/www.mymallorcadiary.com\/wp-content\/uploads\/2024\/11\/Es-Trenc-beach-near-Santanyi.webp\" class=\"attachment-full size-full\" alt=\"Es-Trenc-Strand bei Santany\u00ed\" aria-describedby=\"gallery-1-1961\" srcset=\"https:\/\/www.mymallorcadiary.com\/wp-content\/uploads\/2024\/11\/Es-Trenc-beach-near-Santanyi.webp 1920w, https:\/\/www.mymallorcadiary.com\/wp-content\/uploads\/2024\/11\/Es-Trenc-beach-near-Santanyi-300x168.webp 300w, https:\/\/www.mymallorcadiary.com\/wp-content\/uploads\/2024\/11\/Es-Trenc-beach-near-Santanyi-1024x575.webp 1024w, https:\/\/www.mymallorcadiary.com\/wp-content\/uploads\/2024\/11\/Es-Trenc-beach-near-Santanyi-768x431.webp 768w, https:\/\/www.mymallorcadiary.com\/wp-content\/uploads\/2024\/11\/Es-Trenc-beach-near-Santanyi-1536x862.webp 1536w, https:\/\/www.mymallorcadiary.com\/wp-content\/uploads\/2024\/11\/Es-Trenc-beach-near-Santanyi-696x391.webp 696w, https:\/\/www.mymallorcadiary.com\/wp-content\/uploads\/2024\/11\/Es-Trenc-beach-near-Santanyi-1392x782.webp 1392w\" sizes=\"(max-width: 1920px) 100vw, 1920px\" \/><\/a>\n\t\t\t<\/div>\n\t\t\t\t<figcaption class='wp-caption-text gallery-caption' id='gallery-1-1961'>\n\t\t\t\tEs Trenc\n\t\t\t\t<\/figcaption><\/figure><figure class='gallery-item'>\n\t\t\t<div class='gallery-icon landscape'>\n\t\t\t\t<a href='https:\/\/www.mymallorcadiary.com\/wp-content\/uploads\/2024\/11\/Calo-Des-Moro-near-Santanyi-beach.webp'><img decoding=\"async\" width=\"1920\" height=\"1078\" src=\"https:\/\/www.mymallorcadiary.com\/wp-content\/uploads\/2024\/11\/Calo-Des-Moro-near-Santanyi-beach.webp\" class=\"attachment-full size-full\" alt=\"Calo Des Moro bei Santany\u00ed\" aria-describedby=\"gallery-1-1962\" srcset=\"https:\/\/www.mymallorcadiary.com\/wp-content\/uploads\/2024\/11\/Calo-Des-Moro-near-Santanyi-beach.webp 1920w, https:\/\/www.mymallorcadiary.com\/wp-content\/uploads\/2024\/11\/Calo-Des-Moro-near-Santanyi-beach-300x168.webp 300w, https:\/\/www.mymallorcadiary.com\/wp-content\/uploads\/2024\/11\/Calo-Des-Moro-near-Santanyi-beach-1024x575.webp 1024w, https:\/\/www.mymallorcadiary.com\/wp-content\/uploads\/2024\/11\/Calo-Des-Moro-near-Santanyi-beach-768x431.webp 768w, https:\/\/www.mymallorcadiary.com\/wp-content\/uploads\/2024\/11\/Calo-Des-Moro-near-Santanyi-beach-1536x862.webp 1536w, https:\/\/www.mymallorcadiary.com\/wp-content\/uploads\/2024\/11\/Calo-Des-Moro-near-Santanyi-beach-696x391.webp 696w, https:\/\/www.mymallorcadiary.com\/wp-content\/uploads\/2024\/11\/Calo-Des-Moro-near-Santanyi-beach-1392x782.webp 1392w\" sizes=\"(max-width: 1920px) 100vw, 1920px\" \/><\/a>\n\t\t\t<\/div>\n\t\t\t\t<figcaption class='wp-caption-text gallery-caption' id='gallery-1-1962'>\n\t\t\t\tCal\u00f3 des Moro\n\t\t\t\t<\/figcaption><\/figure><figure class='gallery-item'>\n\t\t\t<div class='gallery-icon landscape'>\n\t\t\t\t<a href='https:\/\/www.mymallorcadiary.com\/wp-content\/uploads\/2024\/11\/Cala-Mondrago-Santanyi-Beaches.webp'><img decoding=\"async\" width=\"1920\" height=\"1078\" src=\"https:\/\/www.mymallorcadiary.com\/wp-content\/uploads\/2024\/11\/Cala-Mondrago-Santanyi-Beaches.webp\" class=\"attachment-full size-full\" alt=\"Str\u00e4nde in Santany\u00ed, Cala Mondrag\u00f3\" aria-describedby=\"gallery-1-1963\" srcset=\"https:\/\/www.mymallorcadiary.com\/wp-content\/uploads\/2024\/11\/Cala-Mondrago-Santanyi-Beaches.webp 1920w, https:\/\/www.mymallorcadiary.com\/wp-content\/uploads\/2024\/11\/Cala-Mondrago-Santanyi-Beaches-300x168.webp 300w, https:\/\/www.mymallorcadiary.com\/wp-content\/uploads\/2024\/11\/Cala-Mondrago-Santanyi-Beaches-1024x575.webp 1024w, https:\/\/www.mymallorcadiary.com\/wp-content\/uploads\/2024\/11\/Cala-Mondrago-Santanyi-Beaches-768x431.webp 768w, https:\/\/www.mymallorcadiary.com\/wp-content\/uploads\/2024\/11\/Cala-Mondrago-Santanyi-Beaches-1536x862.webp 1536w, https:\/\/www.mymallorcadiary.com\/wp-content\/uploads\/2024\/11\/Cala-Mondrago-Santanyi-Beaches-696x391.webp 696w, https:\/\/www.mymallorcadiary.com\/wp-content\/uploads\/2024\/11\/Cala-Mondrago-Santanyi-Beaches-1392x782.webp 1392w\" sizes=\"(max-width: 1920px) 100vw, 1920px\" \/><\/a>\n\t\t\t<\/div>\n\t\t\t\t<figcaption class='wp-caption-text gallery-caption' id='gallery-1-1963'>\n\t\t\t\tCala Mondrag\u00f3\n\t\t\t\t<\/figcaption><\/figure><figure class='gallery-item'>\n\t\t\t<div class='gallery-icon landscape'>\n\t\t\t\t<a href='https:\/\/www.mymallorcadiary.com\/wp-content\/uploads\/2024\/11\/Santanyi-Beaches-Cala-Llombards.webp'><img decoding=\"async\" width=\"1920\" height=\"1078\" src=\"https:\/\/www.mymallorcadiary.com\/wp-content\/uploads\/2024\/11\/Santanyi-Beaches-Cala-Llombards.webp\" class=\"attachment-full size-full\" alt=\"Cala Llombards, Str\u00e4nde in Santany\u00ed\" aria-describedby=\"gallery-1-1964\" srcset=\"https:\/\/www.mymallorcadiary.com\/wp-content\/uploads\/2024\/11\/Santanyi-Beaches-Cala-Llombards.webp 1920w, https:\/\/www.mymallorcadiary.com\/wp-content\/uploads\/2024\/11\/Santanyi-Beaches-Cala-Llombards-300x168.webp 300w, https:\/\/www.mymallorcadiary.com\/wp-content\/uploads\/2024\/11\/Santanyi-Beaches-Cala-Llombards-1024x575.webp 1024w, https:\/\/www.mymallorcadiary.com\/wp-content\/uploads\/2024\/11\/Santanyi-Beaches-Cala-Llombards-768x431.webp 768w, https:\/\/www.mymallorcadiary.com\/wp-content\/uploads\/2024\/11\/Santanyi-Beaches-Cala-Llombards-1536x862.webp 1536w, https:\/\/www.mymallorcadiary.com\/wp-content\/uploads\/2024\/11\/Santanyi-Beaches-Cala-Llombards-696x391.webp 696w, https:\/\/www.mymallorcadiary.com\/wp-content\/uploads\/2024\/11\/Santanyi-Beaches-Cala-Llombards-1392x782.webp 1392w\" sizes=\"(max-width: 1920px) 100vw, 1920px\" \/><\/a>\n\t\t\t<\/div>\n\t\t\t\t<figcaption class='wp-caption-text gallery-caption' id='gallery-1-1964'>\n\t\t\t\tCala Llombards\n\t\t\t\t<\/figcaption><\/figure>\n\t\t<\/div>\n<\/li>\n<\/ul>\n<p data-start=\"3734\" data-end=\"3785\">Kein sommerliches Chaos, nur friedliche Ausblicke auf das Mittelmeer.<\/p>\n<p data-start=\"3734\" data-end=\"3785\">Lies diesen Artikel \u00fcber <strong><a href=\"https:\/\/www.mymallorcadiary.com\/best-beaches-south-mallorca\/\" target=\"_blank\" rel=\"noopener\">die sch\u00f6nsten Str\u00e4nde im S\u00fcden Mallorcas<\/a><\/strong>.<\/p>\n<h3 data-start=\"3734\" data-end=\"3785\"><span class=\"ez-toc-section\" id=\"Charmante_Doerfer_in_der_Fruehlingsbluete_entdecken\"><\/span><strong>Charmante D\u00f6rfer in der Fr\u00fchlingsbl\u00fcte entdecken<\/strong><span class=\"ez-toc-section-end\"><\/span><\/h3>\n<p data-start=\"3838\" data-end=\"4010\">D\u00f6rfer wie <strong><a href=\"https:\/\/maps.app.goo.gl\/TKyWFW5R8sR4Yv1b8\" target=\"_blank\" rel=\"noopener\">Santany\u00ed<\/a><\/strong>, <strong><a href=\"https:\/\/maps.app.goo.gl\/9RqWz1GsvxUoMhTX6\" target=\"_blank\" rel=\"noopener\">Valldemossa<\/a><\/strong>, <strong><a href=\"https:\/\/maps.app.goo.gl\/mRFfbFPE3iSau545A\" target=\"_blank\" rel=\"noopener\">S\u00f3ller<\/a><\/strong>, <strong><a href=\"https:\/\/maps.app.goo.gl\/QDUvP7o9jAxUVEMr6\" target=\"_blank\" rel=\"noopener\">Dei\u00e0<\/a><\/strong> und <strong><a href=\"https:\/\/maps.app.goo.gl\/dsDzKwZb165QLqLp6\">Art\u00e0<\/a><\/strong> wirken im Fr\u00fchling wie verzaubert. Bougainvillea beginnt zu bl\u00fchen, Caf\u00e9s \u00f6ffnen ihre Terrassen wieder und die M\u00e4rkte werden wieder lebendig.<\/p>\n<div id='gallery-2' class='gallery galleryid-2051 gallery-columns-2 gallery-size-full'><figure class='gallery-item'>\n\t\t\t<div class='gallery-icon landscape'>\n\t\t\t\t<a href='https:\/\/www.mymallorcadiary.com\/wp-content\/uploads\/2026\/02\/Soller-in-Mallorca.webp'><img decoding=\"async\" width=\"1920\" height=\"1078\" src=\"https:\/\/www.mymallorcadiary.com\/wp-content\/uploads\/2026\/02\/Soller-in-Mallorca.webp\" class=\"attachment-full size-full\" alt=\"\" aria-describedby=\"gallery-2-1965\" srcset=\"https:\/\/www.mymallorcadiary.com\/wp-content\/uploads\/2026\/02\/Soller-in-Mallorca.webp 1920w, https:\/\/www.mymallorcadiary.com\/wp-content\/uploads\/2026\/02\/Soller-in-Mallorca-300x168.webp 300w, https:\/\/www.mymallorcadiary.com\/wp-content\/uploads\/2026\/02\/Soller-in-Mallorca-1024x575.webp 1024w, https:\/\/www.mymallorcadiary.com\/wp-content\/uploads\/2026\/02\/Soller-in-Mallorca-768x431.webp 768w, https:\/\/www.mymallorcadiary.com\/wp-content\/uploads\/2026\/02\/Soller-in-Mallorca-1536x862.webp 1536w, https:\/\/www.mymallorcadiary.com\/wp-content\/uploads\/2026\/02\/Soller-in-Mallorca-696x391.webp 696w, https:\/\/www.mymallorcadiary.com\/wp-content\/uploads\/2026\/02\/Soller-in-Mallorca-1392x782.webp 1392w\" sizes=\"(max-width: 1920px) 100vw, 1920px\" \/><\/a>\n\t\t\t<\/div>\n\t\t\t\t<figcaption class='wp-caption-text gallery-caption' id='gallery-2-1965'>\n\t\t\t\tS\u00f3ller\n\t\t\t\t<\/figcaption><\/figure><figure class='gallery-item'>\n\t\t\t<div class='gallery-icon landscape'>\n\t\t\t\t<a href='https:\/\/www.mymallorcadiary.com\/wp-content\/uploads\/2026\/02\/Valldemossa-in-Mallorca.webp'><img decoding=\"async\" width=\"1920\" height=\"1078\" src=\"https:\/\/www.mymallorcadiary.com\/wp-content\/uploads\/2026\/02\/Valldemossa-in-Mallorca.webp\" class=\"attachment-full size-full\" alt=\"\" aria-describedby=\"gallery-2-1966\" srcset=\"https:\/\/www.mymallorcadiary.com\/wp-content\/uploads\/2026\/02\/Valldemossa-in-Mallorca.webp 1920w, https:\/\/www.mymallorcadiary.com\/wp-content\/uploads\/2026\/02\/Valldemossa-in-Mallorca-300x168.webp 300w, https:\/\/www.mymallorcadiary.com\/wp-content\/uploads\/2026\/02\/Valldemossa-in-Mallorca-1024x575.webp 1024w, https:\/\/www.mymallorcadiary.com\/wp-content\/uploads\/2026\/02\/Valldemossa-in-Mallorca-768x431.webp 768w, https:\/\/www.mymallorcadiary.com\/wp-content\/uploads\/2026\/02\/Valldemossa-in-Mallorca-1536x862.webp 1536w, https:\/\/www.mymallorcadiary.com\/wp-content\/uploads\/2026\/02\/Valldemossa-in-Mallorca-696x391.webp 696w, https:\/\/www.mymallorcadiary.com\/wp-content\/uploads\/2026\/02\/Valldemossa-in-Mallorca-1392x782.webp 1392w\" sizes=\"(max-width: 1920px) 100vw, 1920px\" \/><\/a>\n\t\t\t<\/div>\n\t\t\t\t<figcaption class='wp-caption-text gallery-caption' id='gallery-2-1966'>\n\t\t\t\tValldemossa\n\t\t\t\t<\/figcaption><\/figure>\n\t\t<\/div>\n\n<p data-start=\"4012\" data-end=\"4032\">Ostern ist ideal f\u00fcr:<\/p>\n<ul data-start=\"4034\" data-end=\"4161\">\n<li data-start=\"4034\" data-end=\"4070\">\n<p data-start=\"4036\" data-end=\"4070\">Gem\u00fctliche Fr\u00fchst\u00fccke auf sonnigen Pl\u00e4tzen<\/p>\n<\/li>\n<li data-start=\"4071\" data-end=\"4097\">\n<p data-start=\"4073\" data-end=\"4097\">Besuch lokaler M\u00e4rkte<\/p>\n<\/li>\n<li data-start=\"4098\" data-end=\"4127\">\n<p data-start=\"4100\" data-end=\"4127\">Handwerksbetriebe entdecken<\/p>\n<\/li>\n<li data-start=\"4128\" data-end=\"4161\">\n<p data-start=\"4130\" data-end=\"4161\">Lange Mittagessen auf der Terrasse genie\u00dfen<\/p>\n<\/li>\n<\/ul>\n<h3><span class=\"ez-toc-section\" id=\"Wandern_in_der_Serra_de_Tramuntana\"><\/span><strong>Wandern in der Serra de Tramuntana<\/strong><span class=\"ez-toc-section-end\"><\/span><\/h3>\n<p data-start=\"4204\" data-end=\"4237\">Ostern ist perfektes Wanderwetter.<\/p>\n<p data-start=\"4239\" data-end=\"4357\">Die Berge der Serra de Tramuntana sind gr\u00fcn, Wildblumen bl\u00fchen und die Temperaturen sind angenehm f\u00fcr lange Touren.<\/p>\n<p data-start=\"4359\" data-end=\"4382\">Beliebte Routen sind:<\/p>\n<ul data-start=\"4384\" data-end=\"4482\">\n<li data-start=\"4384\" data-end=\"4416\">\n<p data-start=\"4386\" data-end=\"4416\">K\u00fcstenweg von Dei\u00e0 nach S\u00f3ller<\/p>\n<\/li>\n<li data-start=\"4417\" data-end=\"4436\">\n<p data-start=\"4419\" data-end=\"4436\"><strong><a href=\"https:\/\/maps.app.goo.gl\/SSeDj6QcnZcL5qwK7\" target=\"_blank\" rel=\"noopener\">Puig de Galatz\u00f3<\/a><\/strong><\/p>\n<\/li>\n<li data-start=\"4437\" data-end=\"4462\">\n<p data-start=\"4439\" data-end=\"4462\"><strong><a href=\"https:\/\/maps.app.goo.gl\/kaKDZMBFX4LEguo37\" target=\"_blank\" rel=\"noopener\">Aussichtspunkt Sa Foradada<\/a><\/strong><\/p>\n<\/li>\n<li data-start=\"4463\" data-end=\"4482\">\n<p data-start=\"4465\" data-end=\"4482\"><strong><a href=\"https:\/\/maps.app.goo.gl\/cu47Bph6rfvAnvPy8\" target=\"_blank\" rel=\"noopener\">Castell d\u2019Alar\u00f3<\/a><\/strong><\/p>\n<\/li>\n<\/ul>\n<div id='gallery-3' class='gallery galleryid-2051 gallery-columns-2 gallery-size-full'><figure class='gallery-item'>\n\t\t\t<div class='gallery-icon landscape'>\n\t\t\t\t<a href='https:\/\/www.mymallorcadiary.com\/wp-content\/uploads\/2026\/02\/Alaro-castle-in-Mallorca.png'><img decoding=\"async\" width=\"1920\" height=\"1078\" src=\"https:\/\/www.mymallorcadiary.com\/wp-content\/uploads\/2026\/02\/Alaro-castle-in-Mallorca.png\" class=\"attachment-full size-full\" alt=\"\" srcset=\"https:\/\/www.mymallorcadiary.com\/wp-content\/uploads\/2026\/02\/Alaro-castle-in-Mallorca.png 1920w, https:\/\/www.mymallorcadiary.com\/wp-content\/uploads\/2026\/02\/Alaro-castle-in-Mallorca-300x168.png 300w, https:\/\/www.mymallorcadiary.com\/wp-content\/uploads\/2026\/02\/Alaro-castle-in-Mallorca-1024x575.png 1024w, https:\/\/www.mymallorcadiary.com\/wp-content\/uploads\/2026\/02\/Alaro-castle-in-Mallorca-768x431.png 768w, https:\/\/www.mymallorcadiary.com\/wp-content\/uploads\/2026\/02\/Alaro-castle-in-Mallorca-1536x862.png 1536w, https:\/\/www.mymallorcadiary.com\/wp-content\/uploads\/2026\/02\/Alaro-castle-in-Mallorca-696x391.png 696w, https:\/\/www.mymallorcadiary.com\/wp-content\/uploads\/2026\/02\/Alaro-castle-in-Mallorca-1392x782.png 1392w\" sizes=\"(max-width: 1920px) 100vw, 1920px\" \/><\/a>\n\t\t\t<\/div><\/figure><figure class='gallery-item'>\n\t\t\t<div class='gallery-icon landscape'>\n\t\t\t\t<a href='https:\/\/www.mymallorcadiary.com\/wp-content\/uploads\/2026\/02\/Tramuntana-in-Mallorca.png'><img decoding=\"async\" width=\"1920\" height=\"1078\" src=\"https:\/\/www.mymallorcadiary.com\/wp-content\/uploads\/2026\/02\/Tramuntana-in-Mallorca.png\" class=\"attachment-full size-full\" alt=\"\" srcset=\"https:\/\/www.mymallorcadiary.com\/wp-content\/uploads\/2026\/02\/Tramuntana-in-Mallorca.png 1920w, https:\/\/www.mymallorcadiary.com\/wp-content\/uploads\/2026\/02\/Tramuntana-in-Mallorca-300x168.png 300w, https:\/\/www.mymallorcadiary.com\/wp-content\/uploads\/2026\/02\/Tramuntana-in-Mallorca-1024x575.png 1024w, https:\/\/www.mymallorcadiary.com\/wp-content\/uploads\/2026\/02\/Tramuntana-in-Mallorca-768x431.png 768w, https:\/\/www.mymallorcadiary.com\/wp-content\/uploads\/2026\/02\/Tramuntana-in-Mallorca-1536x862.png 1536w, https:\/\/www.mymallorcadiary.com\/wp-content\/uploads\/2026\/02\/Tramuntana-in-Mallorca-696x391.png 696w, https:\/\/www.mymallorcadiary.com\/wp-content\/uploads\/2026\/02\/Tramuntana-in-Mallorca-1392x782.png 1392w\" sizes=\"(max-width: 1920px) 100vw, 1920px\" \/><\/a>\n\t\t\t<\/div><\/figure>\n\t\t<\/div>\n\n<p data-start=\"4484\" data-end=\"4536\">It\u2019s one of the best seasons for outdoor activities.<\/p>\n<h3 data-start=\"4484\" data-end=\"4536\"><span class=\"ez-toc-section\" id=\"Geniessen_Sie_saisonale_Kueche\"><\/span><strong>Genie\u00dfen Sie saisonale K\u00fcche<\/strong><span class=\"ez-toc-section-end\"><\/span><\/h3>\n<p>Viele Strandclubs und Restaurants \u00f6ffnen zur Saison um Ostern herum wieder. Das ist der ideale Zeitpunkt, um die mediterrane K\u00fcche zu genie\u00dfen, bevor die Hochsaison mit ihren Menschenmassen und hohen Preisen beginnt.<\/p>\n<h2><span class=\"ez-toc-section\" id=\"Wo_du_an_Ostern_auf_Mallorca_uebernachten_solltest\"><\/span><strong>Wo du an Ostern auf Mallorca \u00fcbernachten solltest<\/strong><span class=\"ez-toc-section-end\"><\/span><\/h2>\n<p data-start=\"4787\" data-end=\"4897\">Ostern ist eine beliebte Reisezeit f\u00fcr spanische Familien und europ\u00e4ische Besucher \u2013 daher empfiehlt es sich, fr\u00fch zu buchen.<\/p>\n<p data-start=\"4899\" data-end=\"4943\">Wo du \u00fcbernachtest, h\u00e4ngt von deinem Reisestil ab.<\/p>\n<h3 data-start=\"4899\" data-end=\"4943\"><span class=\"ez-toc-section\" id=\"In_Palma_uebernachten_%E2%80%93_fuer_Kultur_und_Prozessionen\"><\/span><strong>In Palma \u00fcbernachten \u2013 f\u00fcr Kultur und Prozessionen<\/strong><span class=\"ez-toc-section-end\"><\/span><\/h3>\n<p data-start=\"4996\" data-end=\"5138\">Wenn es Ihnen vor allem darum geht, die Traditionen der Semana Santa zu erleben, k\u00f6nnen Sie von einer Unterkunft in der Altstadt von Palma aus die beeindruckendsten Prozessionen zu Fu\u00df erreichen.<\/p>\n<p data-start=\"5140\" data-end=\"5186\">Ideal f\u00fcr Kulturliebhaber und Stadtentdecker.<\/p>\n<p data-start=\"5140\" data-end=\"5186\"><strong>Hier sind unsere Empfehlungen f\u00fcr Hotels im Zentrum von Palma:<\/strong><\/p>\n<h4 data-start=\"5140\" data-end=\"5186\"><span class=\"ez-toc-section\" id=\"Nobis_Hotel_Palma_5\"><\/span><strong>Nobis Hotel Palma 5*<\/strong><span class=\"ez-toc-section-end\"><\/span><\/h4>\n<p>\ud83d\udccd <strong>Lage:<\/strong> Altstadt, in der N\u00e4he der Pla\u00e7a del Mercat und der Kathedrale von Palma. <strong><a href=\"https:\/\/maps.app.goo.gl\/3jGZuhLoLgW1Gsmm9\" target=\"_blank\" rel=\"noopener\">Schau dir hier den genauen Standort an<\/a><\/strong><\/p>\n<p data-start=\"619\" data-end=\"865\">Ein luxuri\u00f6ses Boutique-Hotel in einem wundersch\u00f6n restaurierten historischen Palast im Herzen der Altstadt von Palma. Nur einen kurzen Spaziergang von der Kathedrale von Palma, der La Lonja und den Hauptwegen der Prozessionen entfernt, verbindet es hochwertiges Design mit historischer Architektur.<\/p>\n<p data-start=\"867\" data-end=\"966\">Die Innenr\u00e4ume sind elegant, modern und ruhig gestaltet und verf\u00fcgen \u00fcber ein gehobenes Restaurant, einen Wellnessbereich sowie Bereiche auf der Dachterrasse.<\/p>\n<p data-start=\"968\" data-end=\"1152\"><strong data-start=\"968\" data-end=\"995\">Warum f\u00fcr Ostern buchen?<\/strong><br data-start=\"995\" data-end=\"998\" \/>Du bist mitten im Geschehen und wohnst trotzdem in einem ruhigen Luxus-Refugium. Perfekt f\u00fcr Paare, die eine stilvolle kulturelle Auszeit suchen.<\/p>\n<p><strong>Mehr Details ansehen und buchen:<\/strong> <a href=\"https:\/\/booking.stay22.com\/likexpats\/elHiU_T5Lv\" target=\"_blank\" rel=\"noopener\"><strong>Nobis Hotel Palma<\/strong><\/a><\/p>\n<div id='gallery-4' class='gallery galleryid-2051 gallery-columns-2 gallery-size-full'><figure class='gallery-item'>\n\t\t\t<div class='gallery-icon landscape'>\n\t\t\t\t<a href='https:\/\/www.mymallorcadiary.com\/wp-content\/uploads\/2026\/02\/Luxury-hotel-in-Palma-center.webp'><img decoding=\"async\" width=\"1920\" height=\"1078\" src=\"https:\/\/www.mymallorcadiary.com\/wp-content\/uploads\/2026\/02\/Luxury-hotel-in-Palma-center.webp\" class=\"attachment-full size-full\" alt=\"\" srcset=\"https:\/\/www.mymallorcadiary.com\/wp-content\/uploads\/2026\/02\/Luxury-hotel-in-Palma-center.webp 1920w, https:\/\/www.mymallorcadiary.com\/wp-content\/uploads\/2026\/02\/Luxury-hotel-in-Palma-center-300x168.webp 300w, https:\/\/www.mymallorcadiary.com\/wp-content\/uploads\/2026\/02\/Luxury-hotel-in-Palma-center-1024x575.webp 1024w, https:\/\/www.mymallorcadiary.com\/wp-content\/uploads\/2026\/02\/Luxury-hotel-in-Palma-center-768x431.webp 768w, https:\/\/www.mymallorcadiary.com\/wp-content\/uploads\/2026\/02\/Luxury-hotel-in-Palma-center-1536x862.webp 1536w, https:\/\/www.mymallorcadiary.com\/wp-content\/uploads\/2026\/02\/Luxury-hotel-in-Palma-center-696x391.webp 696w, https:\/\/www.mymallorcadiary.com\/wp-content\/uploads\/2026\/02\/Luxury-hotel-in-Palma-center-1392x782.webp 1392w\" sizes=\"(max-width: 1920px) 100vw, 1920px\" \/><\/a>\n\t\t\t<\/div><\/figure><figure class='gallery-item'>\n\t\t\t<div class='gallery-icon landscape'>\n\t\t\t\t<a href='https:\/\/www.mymallorcadiary.com\/wp-content\/uploads\/2026\/02\/Nobis-hotel-Mallorca.webp'><img decoding=\"async\" width=\"1920\" height=\"1078\" src=\"https:\/\/www.mymallorcadiary.com\/wp-content\/uploads\/2026\/02\/Nobis-hotel-Mallorca.webp\" class=\"attachment-full size-full\" alt=\"\" srcset=\"https:\/\/www.mymallorcadiary.com\/wp-content\/uploads\/2026\/02\/Nobis-hotel-Mallorca.webp 1920w, https:\/\/www.mymallorcadiary.com\/wp-content\/uploads\/2026\/02\/Nobis-hotel-Mallorca-300x168.webp 300w, https:\/\/www.mymallorcadiary.com\/wp-content\/uploads\/2026\/02\/Nobis-hotel-Mallorca-1024x575.webp 1024w, https:\/\/www.mymallorcadiary.com\/wp-content\/uploads\/2026\/02\/Nobis-hotel-Mallorca-768x431.webp 768w, https:\/\/www.mymallorcadiary.com\/wp-content\/uploads\/2026\/02\/Nobis-hotel-Mallorca-1536x862.webp 1536w, https:\/\/www.mymallorcadiary.com\/wp-content\/uploads\/2026\/02\/Nobis-hotel-Mallorca-696x391.webp 696w, https:\/\/www.mymallorcadiary.com\/wp-content\/uploads\/2026\/02\/Nobis-hotel-Mallorca-1392x782.webp 1392w\" sizes=\"(max-width: 1920px) 100vw, 1920px\" \/><\/a>\n\t\t\t<\/div><\/figure><figure class='gallery-item'>\n\t\t\t<div class='gallery-icon landscape'>\n\t\t\t\t<a href='https:\/\/www.mymallorcadiary.com\/wp-content\/uploads\/2026\/02\/Nobis-hotel-Palma.webp'><img decoding=\"async\" width=\"1920\" height=\"1078\" src=\"https:\/\/www.mymallorcadiary.com\/wp-content\/uploads\/2026\/02\/Nobis-hotel-Palma.webp\" class=\"attachment-full size-full\" alt=\"\" srcset=\"https:\/\/www.mymallorcadiary.com\/wp-content\/uploads\/2026\/02\/Nobis-hotel-Palma.webp 1920w, https:\/\/www.mymallorcadiary.com\/wp-content\/uploads\/2026\/02\/Nobis-hotel-Palma-300x168.webp 300w, https:\/\/www.mymallorcadiary.com\/wp-content\/uploads\/2026\/02\/Nobis-hotel-Palma-1024x575.webp 1024w, https:\/\/www.mymallorcadiary.com\/wp-content\/uploads\/2026\/02\/Nobis-hotel-Palma-768x431.webp 768w, https:\/\/www.mymallorcadiary.com\/wp-content\/uploads\/2026\/02\/Nobis-hotel-Palma-1536x862.webp 1536w, https:\/\/www.mymallorcadiary.com\/wp-content\/uploads\/2026\/02\/Nobis-hotel-Palma-696x391.webp 696w, https:\/\/www.mymallorcadiary.com\/wp-content\/uploads\/2026\/02\/Nobis-hotel-Palma-1392x782.webp 1392w\" sizes=\"(max-width: 1920px) 100vw, 1920px\" \/><\/a>\n\t\t\t<\/div><\/figure><figure class='gallery-item'>\n\t\t\t<div class='gallery-icon landscape'>\n\t\t\t\t<a href='https:\/\/www.mymallorcadiary.com\/wp-content\/uploads\/2026\/02\/Nobis-hotel-in-Palma-centre.webp'><img decoding=\"async\" width=\"1920\" height=\"1078\" src=\"https:\/\/www.mymallorcadiary.com\/wp-content\/uploads\/2026\/02\/Nobis-hotel-in-Palma-centre.webp\" class=\"attachment-full size-full\" alt=\"\" srcset=\"https:\/\/www.mymallorcadiary.com\/wp-content\/uploads\/2026\/02\/Nobis-hotel-in-Palma-centre.webp 1920w, https:\/\/www.mymallorcadiary.com\/wp-content\/uploads\/2026\/02\/Nobis-hotel-in-Palma-centre-300x168.webp 300w, https:\/\/www.mymallorcadiary.com\/wp-content\/uploads\/2026\/02\/Nobis-hotel-in-Palma-centre-1024x575.webp 1024w, https:\/\/www.mymallorcadiary.com\/wp-content\/uploads\/2026\/02\/Nobis-hotel-in-Palma-centre-768x431.webp 768w, https:\/\/www.mymallorcadiary.com\/wp-content\/uploads\/2026\/02\/Nobis-hotel-in-Palma-centre-1536x862.webp 1536w, https:\/\/www.mymallorcadiary.com\/wp-content\/uploads\/2026\/02\/Nobis-hotel-in-Palma-centre-696x391.webp 696w, https:\/\/www.mymallorcadiary.com\/wp-content\/uploads\/2026\/02\/Nobis-hotel-in-Palma-centre-1392x782.webp 1392w\" sizes=\"(max-width: 1920px) 100vw, 1920px\" \/><\/a>\n\t\t\t<\/div><\/figure>\n\t\t<\/div>\n\n<p data-start=\"5140\" data-end=\"5186\">Fotos via nobishotel.es<\/p>\n<h4 data-start=\"5140\" data-end=\"5186\"><span class=\"ez-toc-section\" id=\"Portella_Palma_5\"><\/span><strong>Portella Palma 5*<\/strong><span class=\"ez-toc-section-end\"><\/span><\/h4>\n<p>\ud83d\udccd <strong>Location:<\/strong> Old Town, near Palma Cathedral. <strong><a href=\"https:\/\/maps.app.goo.gl\/Scv33mvfeaX5EbYM7\" target=\"_blank\" rel=\"noopener\">Schau dir hier den genauen Standort an<\/a><\/strong><\/p>\n<p data-start=\"1228\" data-end=\"1435\">Ein elegantes Boutique-Hotel in einem historischen Geb\u00e4ude nahe der Kathedrale. Portella verbindet mallorquinische Tradition mit modernem Komfort und bietet gro\u00dfz\u00fcgige Zimmer, kuratiertes Design und eine sehr intime Atmosph\u00e4re.<\/p>\n<p data-start=\"1437\" data-end=\"1557\">Dank der Lage in der Altstadt k\u00f6nnen Sie alles zu Fu\u00df erreichen: Restaurants, Galerien und die wichtigsten Prozessionen der Karwoche.<\/p>\n<p data-start=\"1559\" data-end=\"1696\"><strong data-start=\"1559\" data-end=\"1586\">Warum f\u00fcr Ostern buchen?<\/strong><br data-start=\"1586\" data-end=\"1589\" \/>Ideal f\u00fcr Reisende, die Charme, Authentizit\u00e4t und eine zentrale Lage wollen \u2013 ohne das Gef\u00fchl eines gro\u00dfen Hotels.<\/p>\n<p><strong>Mehr Details ansehen und buchen: <a href=\"https:\/\/booking.stay22.com\/likexpats\/Z6xb09zQLK\" target=\"_blank\" rel=\"noopener\">Portella Palma<\/a><\/strong><\/p>\n<div id='gallery-5' class='gallery galleryid-2051 gallery-columns-2 gallery-size-full'><figure class='gallery-item'>\n\t\t\t<div class='gallery-icon landscape'>\n\t\t\t\t<a href='https:\/\/www.mymallorcadiary.com\/wp-content\/uploads\/2026\/02\/5-star-hotel-in-Palma.webp'><img decoding=\"async\" width=\"1920\" height=\"1078\" src=\"https:\/\/www.mymallorcadiary.com\/wp-content\/uploads\/2026\/02\/5-star-hotel-in-Palma.webp\" class=\"attachment-full size-full\" alt=\"\" srcset=\"https:\/\/www.mymallorcadiary.com\/wp-content\/uploads\/2026\/02\/5-star-hotel-in-Palma.webp 1920w, https:\/\/www.mymallorcadiary.com\/wp-content\/uploads\/2026\/02\/5-star-hotel-in-Palma-300x168.webp 300w, https:\/\/www.mymallorcadiary.com\/wp-content\/uploads\/2026\/02\/5-star-hotel-in-Palma-1024x575.webp 1024w, https:\/\/www.mymallorcadiary.com\/wp-content\/uploads\/2026\/02\/5-star-hotel-in-Palma-768x431.webp 768w, https:\/\/www.mymallorcadiary.com\/wp-content\/uploads\/2026\/02\/5-star-hotel-in-Palma-1536x862.webp 1536w, https:\/\/www.mymallorcadiary.com\/wp-content\/uploads\/2026\/02\/5-star-hotel-in-Palma-696x391.webp 696w, https:\/\/www.mymallorcadiary.com\/wp-content\/uploads\/2026\/02\/5-star-hotel-in-Palma-1392x782.webp 1392w\" sizes=\"(max-width: 1920px) 100vw, 1920px\" \/><\/a>\n\t\t\t<\/div><\/figure><figure class='gallery-item'>\n\t\t\t<div class='gallery-icon landscape'>\n\t\t\t\t<a href='https:\/\/www.mymallorcadiary.com\/wp-content\/uploads\/2026\/02\/boutiquel-hotel-in-the-center-of-Palma.webp'><img decoding=\"async\" width=\"1920\" height=\"1078\" src=\"https:\/\/www.mymallorcadiary.com\/wp-content\/uploads\/2026\/02\/boutiquel-hotel-in-the-center-of-Palma.webp\" class=\"attachment-full size-full\" alt=\"\" srcset=\"https:\/\/www.mymallorcadiary.com\/wp-content\/uploads\/2026\/02\/boutiquel-hotel-in-the-center-of-Palma.webp 1920w, https:\/\/www.mymallorcadiary.com\/wp-content\/uploads\/2026\/02\/boutiquel-hotel-in-the-center-of-Palma-300x168.webp 300w, https:\/\/www.mymallorcadiary.com\/wp-content\/uploads\/2026\/02\/boutiquel-hotel-in-the-center-of-Palma-1024x575.webp 1024w, https:\/\/www.mymallorcadiary.com\/wp-content\/uploads\/2026\/02\/boutiquel-hotel-in-the-center-of-Palma-768x431.webp 768w, https:\/\/www.mymallorcadiary.com\/wp-content\/uploads\/2026\/02\/boutiquel-hotel-in-the-center-of-Palma-1536x862.webp 1536w, https:\/\/www.mymallorcadiary.com\/wp-content\/uploads\/2026\/02\/boutiquel-hotel-in-the-center-of-Palma-696x391.webp 696w, https:\/\/www.mymallorcadiary.com\/wp-content\/uploads\/2026\/02\/boutiquel-hotel-in-the-center-of-Palma-1392x782.webp 1392w\" sizes=\"(max-width: 1920px) 100vw, 1920px\" \/><\/a>\n\t\t\t<\/div><\/figure><figure class='gallery-item'>\n\t\t\t<div class='gallery-icon landscape'>\n\t\t\t\t<a href='https:\/\/www.mymallorcadiary.com\/wp-content\/uploads\/2026\/02\/boutique-hotel-in-Palma.webp'><img decoding=\"async\" width=\"1920\" height=\"1078\" src=\"https:\/\/www.mymallorcadiary.com\/wp-content\/uploads\/2026\/02\/boutique-hotel-in-Palma.webp\" class=\"attachment-full size-full\" alt=\"\" srcset=\"https:\/\/www.mymallorcadiary.com\/wp-content\/uploads\/2026\/02\/boutique-hotel-in-Palma.webp 1920w, https:\/\/www.mymallorcadiary.com\/wp-content\/uploads\/2026\/02\/boutique-hotel-in-Palma-300x168.webp 300w, https:\/\/www.mymallorcadiary.com\/wp-content\/uploads\/2026\/02\/boutique-hotel-in-Palma-1024x575.webp 1024w, https:\/\/www.mymallorcadiary.com\/wp-content\/uploads\/2026\/02\/boutique-hotel-in-Palma-768x431.webp 768w, https:\/\/www.mymallorcadiary.com\/wp-content\/uploads\/2026\/02\/boutique-hotel-in-Palma-1536x862.webp 1536w, https:\/\/www.mymallorcadiary.com\/wp-content\/uploads\/2026\/02\/boutique-hotel-in-Palma-696x391.webp 696w, https:\/\/www.mymallorcadiary.com\/wp-content\/uploads\/2026\/02\/boutique-hotel-in-Palma-1392x782.webp 1392w\" sizes=\"(max-width: 1920px) 100vw, 1920px\" \/><\/a>\n\t\t\t<\/div><\/figure><figure class='gallery-item'>\n\t\t\t<div class='gallery-icon landscape'>\n\t\t\t\t<a href='https:\/\/www.mymallorcadiary.com\/wp-content\/uploads\/2026\/02\/5-star-hotel-in-Palma-de-Mallorca.webp'><img decoding=\"async\" width=\"1920\" height=\"1078\" src=\"https:\/\/www.mymallorcadiary.com\/wp-content\/uploads\/2026\/02\/5-star-hotel-in-Palma-de-Mallorca.webp\" class=\"attachment-full size-full\" alt=\"\" srcset=\"https:\/\/www.mymallorcadiary.com\/wp-content\/uploads\/2026\/02\/5-star-hotel-in-Palma-de-Mallorca.webp 1920w, https:\/\/www.mymallorcadiary.com\/wp-content\/uploads\/2026\/02\/5-star-hotel-in-Palma-de-Mallorca-300x168.webp 300w, https:\/\/www.mymallorcadiary.com\/wp-content\/uploads\/2026\/02\/5-star-hotel-in-Palma-de-Mallorca-1024x575.webp 1024w, https:\/\/www.mymallorcadiary.com\/wp-content\/uploads\/2026\/02\/5-star-hotel-in-Palma-de-Mallorca-768x431.webp 768w, https:\/\/www.mymallorcadiary.com\/wp-content\/uploads\/2026\/02\/5-star-hotel-in-Palma-de-Mallorca-1536x862.webp 1536w, https:\/\/www.mymallorcadiary.com\/wp-content\/uploads\/2026\/02\/5-star-hotel-in-Palma-de-Mallorca-696x391.webp 696w, https:\/\/www.mymallorcadiary.com\/wp-content\/uploads\/2026\/02\/5-star-hotel-in-Palma-de-Mallorca-1392x782.webp 1392w\" sizes=\"(max-width: 1920px) 100vw, 1920px\" \/><\/a>\n\t\t\t<\/div><\/figure>\n\t\t<\/div>\n\n<p data-start=\"5140\" data-end=\"5186\">Photos via portellapalma.com<\/p>\n<h4 data-start=\"5140\" data-end=\"5186\"><span class=\"ez-toc-section\" id=\"Ars_Magna_Bleisure_hotel_4\"><\/span><strong>Ars Magna Bleisure hotel 4*<\/strong><span class=\"ez-toc-section-end\"><\/span><\/h4>\n<p>\ud83d\udccd <strong>Lage:<\/strong> Near Plaza Espa\u00f1a, central Palma. <strong><a href=\"https:\/\/maps.app.goo.gl\/XVtHRnMMXBgGJAzeA\" target=\"_blank\" rel=\"noopener\">Den genauen Standort finden Sie hier<\/a><\/strong><\/p>\n<p data-start=\"1779\" data-end=\"1993\">Das Ars Magna ist ein modernes Hotel im urbanen Stil, das sich in der N\u00e4he der Plaza Espa\u00f1a und nur wenige Gehminuten von der Altstadt entfernt befindet. Es verf\u00fcgt \u00fcber eine gute Anbindung an die \u00f6ffentlichen Verkehrsmittel und bietet moderne Zimmer sowie einen gem\u00fctlichen Dachterrassenbereich.<\/p>\n<p data-start=\"1995\" data-end=\"2182\"><strong data-start=\"1995\" data-end=\"2022\">Warum f\u00fcr Ostern buchen?<\/strong><br data-start=\"2022\" data-end=\"2025\" \/>Eine tolle Option, wenn du sowohl die Altstadt als auch den Rest der Insel unkompliziert erreichen m\u00f6chtest. Ideal f\u00fcr Paare oder digitale Nomaden, die Arbeit und Reisen verbinden.<\/p>\n<p><strong>Mehr Details ansehen und buchen:<\/strong> <a href=\"https:\/\/booking.stay22.com\/likexpats\/sZBOVdY-Fb\" target=\"_blank\" rel=\"noopener\"><strong><span style=\"color: #4db2ec;\"><span style=\"caret-color: #4db2ec;\"><u>Ars<\/u><\/span><\/span> Magna Bleisure hotel<\/strong><\/a><\/p>\n<div id='gallery-6' class='gallery galleryid-2051 gallery-columns-2 gallery-size-full'><figure class='gallery-item'>\n\t\t\t<div class='gallery-icon landscape'>\n\t\t\t\t<a href='https:\/\/www.mymallorcadiary.com\/wp-content\/uploads\/2026\/02\/Ars-Magna-Bleisure-hotel-in-Palma.webp'><img decoding=\"async\" width=\"1920\" height=\"1078\" src=\"https:\/\/www.mymallorcadiary.com\/wp-content\/uploads\/2026\/02\/Ars-Magna-Bleisure-hotel-in-Palma.webp\" class=\"attachment-full size-full\" alt=\"\" srcset=\"https:\/\/www.mymallorcadiary.com\/wp-content\/uploads\/2026\/02\/Ars-Magna-Bleisure-hotel-in-Palma.webp 1920w, https:\/\/www.mymallorcadiary.com\/wp-content\/uploads\/2026\/02\/Ars-Magna-Bleisure-hotel-in-Palma-300x168.webp 300w, https:\/\/www.mymallorcadiary.com\/wp-content\/uploads\/2026\/02\/Ars-Magna-Bleisure-hotel-in-Palma-1024x575.webp 1024w, https:\/\/www.mymallorcadiary.com\/wp-content\/uploads\/2026\/02\/Ars-Magna-Bleisure-hotel-in-Palma-768x431.webp 768w, https:\/\/www.mymallorcadiary.com\/wp-content\/uploads\/2026\/02\/Ars-Magna-Bleisure-hotel-in-Palma-1536x862.webp 1536w, https:\/\/www.mymallorcadiary.com\/wp-content\/uploads\/2026\/02\/Ars-Magna-Bleisure-hotel-in-Palma-696x391.webp 696w, https:\/\/www.mymallorcadiary.com\/wp-content\/uploads\/2026\/02\/Ars-Magna-Bleisure-hotel-in-Palma-1392x782.webp 1392w\" sizes=\"(max-width: 1920px) 100vw, 1920px\" \/><\/a>\n\t\t\t<\/div><\/figure><figure class='gallery-item'>\n\t\t\t<div class='gallery-icon landscape'>\n\t\t\t\t<a href='https:\/\/www.mymallorcadiary.com\/wp-content\/uploads\/2026\/02\/Ars-Magna-hotel-Palma.webp'><img decoding=\"async\" width=\"1920\" height=\"1078\" src=\"https:\/\/www.mymallorcadiary.com\/wp-content\/uploads\/2026\/02\/Ars-Magna-hotel-Palma.webp\" class=\"attachment-full size-full\" alt=\"\" srcset=\"https:\/\/www.mymallorcadiary.com\/wp-content\/uploads\/2026\/02\/Ars-Magna-hotel-Palma.webp 1920w, https:\/\/www.mymallorcadiary.com\/wp-content\/uploads\/2026\/02\/Ars-Magna-hotel-Palma-300x168.webp 300w, https:\/\/www.mymallorcadiary.com\/wp-content\/uploads\/2026\/02\/Ars-Magna-hotel-Palma-1024x575.webp 1024w, https:\/\/www.mymallorcadiary.com\/wp-content\/uploads\/2026\/02\/Ars-Magna-hotel-Palma-768x431.webp 768w, https:\/\/www.mymallorcadiary.com\/wp-content\/uploads\/2026\/02\/Ars-Magna-hotel-Palma-1536x862.webp 1536w, https:\/\/www.mymallorcadiary.com\/wp-content\/uploads\/2026\/02\/Ars-Magna-hotel-Palma-696x391.webp 696w, https:\/\/www.mymallorcadiary.com\/wp-content\/uploads\/2026\/02\/Ars-Magna-hotel-Palma-1392x782.webp 1392w\" sizes=\"(max-width: 1920px) 100vw, 1920px\" \/><\/a>\n\t\t\t<\/div><\/figure><figure class='gallery-item'>\n\t\t\t<div class='gallery-icon landscape'>\n\t\t\t\t<a href='https:\/\/www.mymallorcadiary.com\/wp-content\/uploads\/2026\/02\/Ars-Magna-hotel-in-Mallorca.webp'><img decoding=\"async\" width=\"1920\" height=\"1078\" src=\"https:\/\/www.mymallorcadiary.com\/wp-content\/uploads\/2026\/02\/Ars-Magna-hotel-in-Mallorca.webp\" class=\"attachment-full size-full\" alt=\"\" srcset=\"https:\/\/www.mymallorcadiary.com\/wp-content\/uploads\/2026\/02\/Ars-Magna-hotel-in-Mallorca.webp 1920w, https:\/\/www.mymallorcadiary.com\/wp-content\/uploads\/2026\/02\/Ars-Magna-hotel-in-Mallorca-300x168.webp 300w, https:\/\/www.mymallorcadiary.com\/wp-content\/uploads\/2026\/02\/Ars-Magna-hotel-in-Mallorca-1024x575.webp 1024w, https:\/\/www.mymallorcadiary.com\/wp-content\/uploads\/2026\/02\/Ars-Magna-hotel-in-Mallorca-768x431.webp 768w, https:\/\/www.mymallorcadiary.com\/wp-content\/uploads\/2026\/02\/Ars-Magna-hotel-in-Mallorca-1536x862.webp 1536w, https:\/\/www.mymallorcadiary.com\/wp-content\/uploads\/2026\/02\/Ars-Magna-hotel-in-Mallorca-696x391.webp 696w, https:\/\/www.mymallorcadiary.com\/wp-content\/uploads\/2026\/02\/Ars-Magna-hotel-in-Mallorca-1392x782.webp 1392w\" sizes=\"(max-width: 1920px) 100vw, 1920px\" \/><\/a>\n\t\t\t<\/div><\/figure><figure class='gallery-item'>\n\t\t\t<div class='gallery-icon landscape'>\n\t\t\t\t<a href='https:\/\/www.mymallorcadiary.com\/wp-content\/uploads\/2026\/02\/Ars-Magna-Bleisure-hotel.webp'><img decoding=\"async\" width=\"1920\" height=\"1078\" src=\"https:\/\/www.mymallorcadiary.com\/wp-content\/uploads\/2026\/02\/Ars-Magna-Bleisure-hotel.webp\" class=\"attachment-full size-full\" alt=\"\" srcset=\"https:\/\/www.mymallorcadiary.com\/wp-content\/uploads\/2026\/02\/Ars-Magna-Bleisure-hotel.webp 1920w, https:\/\/www.mymallorcadiary.com\/wp-content\/uploads\/2026\/02\/Ars-Magna-Bleisure-hotel-300x168.webp 300w, https:\/\/www.mymallorcadiary.com\/wp-content\/uploads\/2026\/02\/Ars-Magna-Bleisure-hotel-1024x575.webp 1024w, https:\/\/www.mymallorcadiary.com\/wp-content\/uploads\/2026\/02\/Ars-Magna-Bleisure-hotel-768x431.webp 768w, https:\/\/www.mymallorcadiary.com\/wp-content\/uploads\/2026\/02\/Ars-Magna-Bleisure-hotel-1536x862.webp 1536w, https:\/\/www.mymallorcadiary.com\/wp-content\/uploads\/2026\/02\/Ars-Magna-Bleisure-hotel-696x391.webp 696w, https:\/\/www.mymallorcadiary.com\/wp-content\/uploads\/2026\/02\/Ars-Magna-Bleisure-hotel-1392x782.webp 1392w\" sizes=\"(max-width: 1920px) 100vw, 1920px\" \/><\/a>\n\t\t\t<\/div><\/figure>\n\t\t<\/div>\n\n<p>Fotos via arsmagnahotel.com<\/p>\n<h4><span class=\"ez-toc-section\" id=\"Hotel_Zurbaran_Palma_3\"><\/span><strong>Hotel Zurbar\u00e1n Palma 3*<\/strong><span class=\"ez-toc-section-end\"><\/span><\/h4>\n<p>\ud83d\udccd <strong>Lage:<\/strong> Son Armadams, nahe Santa Catalina &amp; Paseo Mar\u00edtimo. <strong><a href=\"https:\/\/maps.app.goo.gl\/zRfG9DPVwXnTME1X8\" target=\"_blank\" rel=\"noopener\">Schau dir hier den genauen Standort an<\/a><\/strong><\/p>\n<p data-start=\"2271\" data-end=\"2483\">In der Wohngegend Son Armadams gelegen, nahe Santa Catalina und dem Paseo Mar\u00edtimo, bietet dieses Hotel eine ruhigere Basis und ist dennoch zu Fu\u00df (oder mit einer kurzen Taxifahrt) in der Altstadt.<\/p>\n<p data-start=\"2485\" data-end=\"2556\">Die Zimmer sind komfortabel und praktisch \u2013 eine gute Option im mittleren Preissegment.<\/p>\n<p data-start=\"2558\" data-end=\"2698\"><strong data-start=\"2558\" data-end=\"2585\">Warum f\u00fcr Ostern buchen?<\/strong><br data-start=\"2585\" data-end=\"2588\" \/>Perfekt, wenn du Palmas Prozessionen erleben m\u00f6chtest, aber lieber etwas au\u00dferhalb der vollsten Stra\u00dfen \u00fcbernachtest.<\/p>\n<p><strong>Mehr Details ansehen und buchen:<\/strong> <a href=\"https:\/\/booking.stay22.com\/likexpats\/XEYUKw48Ts\" target=\"_blank\" rel=\"noopener\"><strong>Hotel Zurbar\u00e1n Palma<\/strong><\/a><\/p>\n<div id='gallery-7' class='gallery galleryid-2051 gallery-columns-2 gallery-size-full'><figure class='gallery-item'>\n\t\t\t<div class='gallery-icon landscape'>\n\t\t\t\t<a href='https:\/\/www.mymallorcadiary.com\/wp-content\/uploads\/2026\/02\/3-star-hotel-in-Palma-de-Mallorca.webp'><img decoding=\"async\" width=\"1920\" height=\"1078\" src=\"https:\/\/www.mymallorcadiary.com\/wp-content\/uploads\/2026\/02\/3-star-hotel-in-Palma-de-Mallorca.webp\" class=\"attachment-full size-full\" alt=\"\" srcset=\"https:\/\/www.mymallorcadiary.com\/wp-content\/uploads\/2026\/02\/3-star-hotel-in-Palma-de-Mallorca.webp 1920w, https:\/\/www.mymallorcadiary.com\/wp-content\/uploads\/2026\/02\/3-star-hotel-in-Palma-de-Mallorca-300x168.webp 300w, https:\/\/www.mymallorcadiary.com\/wp-content\/uploads\/2026\/02\/3-star-hotel-in-Palma-de-Mallorca-1024x575.webp 1024w, https:\/\/www.mymallorcadiary.com\/wp-content\/uploads\/2026\/02\/3-star-hotel-in-Palma-de-Mallorca-768x431.webp 768w, https:\/\/www.mymallorcadiary.com\/wp-content\/uploads\/2026\/02\/3-star-hotel-in-Palma-de-Mallorca-1536x862.webp 1536w, https:\/\/www.mymallorcadiary.com\/wp-content\/uploads\/2026\/02\/3-star-hotel-in-Palma-de-Mallorca-696x391.webp 696w, https:\/\/www.mymallorcadiary.com\/wp-content\/uploads\/2026\/02\/3-star-hotel-in-Palma-de-Mallorca-1392x782.webp 1392w\" sizes=\"(max-width: 1920px) 100vw, 1920px\" \/><\/a>\n\t\t\t<\/div><\/figure><figure class='gallery-item'>\n\t\t\t<div class='gallery-icon landscape'>\n\t\t\t\t<a href='https:\/\/www.mymallorcadiary.com\/wp-content\/uploads\/2026\/02\/3-star-hotel-in-Palma.webp'><img decoding=\"async\" width=\"1920\" height=\"1078\" src=\"https:\/\/www.mymallorcadiary.com\/wp-content\/uploads\/2026\/02\/3-star-hotel-in-Palma.webp\" class=\"attachment-full size-full\" alt=\"\" srcset=\"https:\/\/www.mymallorcadiary.com\/wp-content\/uploads\/2026\/02\/3-star-hotel-in-Palma.webp 1920w, https:\/\/www.mymallorcadiary.com\/wp-content\/uploads\/2026\/02\/3-star-hotel-in-Palma-300x168.webp 300w, https:\/\/www.mymallorcadiary.com\/wp-content\/uploads\/2026\/02\/3-star-hotel-in-Palma-1024x575.webp 1024w, https:\/\/www.mymallorcadiary.com\/wp-content\/uploads\/2026\/02\/3-star-hotel-in-Palma-768x431.webp 768w, https:\/\/www.mymallorcadiary.com\/wp-content\/uploads\/2026\/02\/3-star-hotel-in-Palma-1536x862.webp 1536w, https:\/\/www.mymallorcadiary.com\/wp-content\/uploads\/2026\/02\/3-star-hotel-in-Palma-696x391.webp 696w, https:\/\/www.mymallorcadiary.com\/wp-content\/uploads\/2026\/02\/3-star-hotel-in-Palma-1392x782.webp 1392w\" sizes=\"(max-width: 1920px) 100vw, 1920px\" \/><\/a>\n\t\t\t<\/div><\/figure><figure class='gallery-item'>\n\t\t\t<div class='gallery-icon landscape'>\n\t\t\t\t<a href='https:\/\/www.mymallorcadiary.com\/wp-content\/uploads\/2026\/02\/Affordable-hotel-in-Palma.webp'><img decoding=\"async\" width=\"1920\" height=\"1078\" src=\"https:\/\/www.mymallorcadiary.com\/wp-content\/uploads\/2026\/02\/Affordable-hotel-in-Palma.webp\" class=\"attachment-full size-full\" alt=\"\" srcset=\"https:\/\/www.mymallorcadiary.com\/wp-content\/uploads\/2026\/02\/Affordable-hotel-in-Palma.webp 1920w, https:\/\/www.mymallorcadiary.com\/wp-content\/uploads\/2026\/02\/Affordable-hotel-in-Palma-300x168.webp 300w, https:\/\/www.mymallorcadiary.com\/wp-content\/uploads\/2026\/02\/Affordable-hotel-in-Palma-1024x575.webp 1024w, https:\/\/www.mymallorcadiary.com\/wp-content\/uploads\/2026\/02\/Affordable-hotel-in-Palma-768x431.webp 768w, https:\/\/www.mymallorcadiary.com\/wp-content\/uploads\/2026\/02\/Affordable-hotel-in-Palma-1536x862.webp 1536w, https:\/\/www.mymallorcadiary.com\/wp-content\/uploads\/2026\/02\/Affordable-hotel-in-Palma-696x391.webp 696w, https:\/\/www.mymallorcadiary.com\/wp-content\/uploads\/2026\/02\/Affordable-hotel-in-Palma-1392x782.webp 1392w\" sizes=\"(max-width: 1920px) 100vw, 1920px\" \/><\/a>\n\t\t\t<\/div><\/figure><figure class='gallery-item'>\n\t\t\t<div class='gallery-icon landscape'>\n\t\t\t\t<a href='https:\/\/www.mymallorcadiary.com\/wp-content\/uploads\/2026\/02\/Nice-hotel-in-Palma.webp'><img decoding=\"async\" width=\"1920\" height=\"1078\" src=\"https:\/\/www.mymallorcadiary.com\/wp-content\/uploads\/2026\/02\/Nice-hotel-in-Palma.webp\" class=\"attachment-full size-full\" alt=\"\" srcset=\"https:\/\/www.mymallorcadiary.com\/wp-content\/uploads\/2026\/02\/Nice-hotel-in-Palma.webp 1920w, https:\/\/www.mymallorcadiary.com\/wp-content\/uploads\/2026\/02\/Nice-hotel-in-Palma-300x168.webp 300w, https:\/\/www.mymallorcadiary.com\/wp-content\/uploads\/2026\/02\/Nice-hotel-in-Palma-1024x575.webp 1024w, https:\/\/www.mymallorcadiary.com\/wp-content\/uploads\/2026\/02\/Nice-hotel-in-Palma-768x431.webp 768w, https:\/\/www.mymallorcadiary.com\/wp-content\/uploads\/2026\/02\/Nice-hotel-in-Palma-1536x862.webp 1536w, https:\/\/www.mymallorcadiary.com\/wp-content\/uploads\/2026\/02\/Nice-hotel-in-Palma-696x391.webp 696w, https:\/\/www.mymallorcadiary.com\/wp-content\/uploads\/2026\/02\/Nice-hotel-in-Palma-1392x782.webp 1392w\" sizes=\"(max-width: 1920px) 100vw, 1920px\" \/><\/a>\n\t\t\t<\/div><\/figure>\n\t\t<\/div>\n\n<p>Fotos via hotelzurbaranpalma.com<\/p>\n<h4><span class=\"ez-toc-section\" id=\"Hotel_Abelay_2\"><\/span><strong>Hotel Abelay 2*<\/strong><span class=\"ez-toc-section-end\"><\/span><\/h4>\n<p>\ud83d\udccd <strong>Lage:<\/strong> Nahe Plaza Espa\u00f1a, zentral in Palma. <strong><a href=\"https:\/\/maps.app.goo.gl\/qm6Q2JCywsM7RFgi7\" target=\"_blank\" rel=\"noopener\">Schau dir hier den genauen Standort an<\/a><\/strong><\/p>\n<p data-start=\"2775\" data-end=\"2931\">Nahe der Plaza Espa\u00f1a und gut an Palmas Zentrum angebunden bietet das Hotel Abelay einfache, komfortable Unterk\u00fcnfte zu einem budgetfreundlicheren Preis.<\/p>\n<p data-start=\"2933\" data-end=\"3029\">Eine praktische Basis, um Palma an Ostern zu erkunden, ohne Boutique-Preise in der Altstadt zu zahlen.<\/p>\n<p data-start=\"3031\" data-end=\"3204\"><strong data-start=\"3031\" data-end=\"3058\">Warum f\u00fcr Ostern buchen?<\/strong><br data-start=\"3058\" data-end=\"3061\" \/>Eine clevere Wahl f\u00fcr Reisende, die die meiste Zeit unterwegs sind und eine g\u00fcnstige Unterkunft mit guter Anbindung an die Prozessionen suchen.<\/p>\n<p><strong>Mehr Details ansehen und buchen: <a href=\"https:\/\/booking.stay22.com\/likexpats\/0Crs3D3xAi\" target=\"_blank\" rel=\"noopener\">Hotel Abelay<\/a><\/strong><\/p>\n<div id='gallery-8' class='gallery galleryid-2051 gallery-columns-2 gallery-size-full'><figure class='gallery-item'>\n\t\t\t<div class='gallery-icon landscape'>\n\t\t\t\t<a href='https:\/\/www.mymallorcadiary.com\/wp-content\/uploads\/2026\/02\/cheap-Palma-center-hotel.webp'><img decoding=\"async\" width=\"1920\" height=\"1078\" src=\"https:\/\/www.mymallorcadiary.com\/wp-content\/uploads\/2026\/02\/cheap-Palma-center-hotel.webp\" class=\"attachment-full size-full\" alt=\"\" srcset=\"https:\/\/www.mymallorcadiary.com\/wp-content\/uploads\/2026\/02\/cheap-Palma-center-hotel.webp 1920w, https:\/\/www.mymallorcadiary.com\/wp-content\/uploads\/2026\/02\/cheap-Palma-center-hotel-300x168.webp 300w, https:\/\/www.mymallorcadiary.com\/wp-content\/uploads\/2026\/02\/cheap-Palma-center-hotel-1024x575.webp 1024w, https:\/\/www.mymallorcadiary.com\/wp-content\/uploads\/2026\/02\/cheap-Palma-center-hotel-768x431.webp 768w, https:\/\/www.mymallorcadiary.com\/wp-content\/uploads\/2026\/02\/cheap-Palma-center-hotel-1536x862.webp 1536w, https:\/\/www.mymallorcadiary.com\/wp-content\/uploads\/2026\/02\/cheap-Palma-center-hotel-696x391.webp 696w, https:\/\/www.mymallorcadiary.com\/wp-content\/uploads\/2026\/02\/cheap-Palma-center-hotel-1392x782.webp 1392w\" sizes=\"(max-width: 1920px) 100vw, 1920px\" \/><\/a>\n\t\t\t<\/div><\/figure><figure class='gallery-item'>\n\t\t\t<div class='gallery-icon landscape'>\n\t\t\t\t<a href='https:\/\/www.mymallorcadiary.com\/wp-content\/uploads\/2026\/02\/affordable-hotel-in-Palma-1.webp'><img decoding=\"async\" width=\"1920\" height=\"1078\" src=\"https:\/\/www.mymallorcadiary.com\/wp-content\/uploads\/2026\/02\/affordable-hotel-in-Palma-1.webp\" class=\"attachment-full size-full\" alt=\"\" srcset=\"https:\/\/www.mymallorcadiary.com\/wp-content\/uploads\/2026\/02\/affordable-hotel-in-Palma-1.webp 1920w, https:\/\/www.mymallorcadiary.com\/wp-content\/uploads\/2026\/02\/affordable-hotel-in-Palma-1-300x168.webp 300w, https:\/\/www.mymallorcadiary.com\/wp-content\/uploads\/2026\/02\/affordable-hotel-in-Palma-1-1024x575.webp 1024w, https:\/\/www.mymallorcadiary.com\/wp-content\/uploads\/2026\/02\/affordable-hotel-in-Palma-1-768x431.webp 768w, https:\/\/www.mymallorcadiary.com\/wp-content\/uploads\/2026\/02\/affordable-hotel-in-Palma-1-1536x862.webp 1536w, https:\/\/www.mymallorcadiary.com\/wp-content\/uploads\/2026\/02\/affordable-hotel-in-Palma-1-696x391.webp 696w, https:\/\/www.mymallorcadiary.com\/wp-content\/uploads\/2026\/02\/affordable-hotel-in-Palma-1-1392x782.webp 1392w\" sizes=\"(max-width: 1920px) 100vw, 1920px\" \/><\/a>\n\t\t\t<\/div><\/figure><figure class='gallery-item'>\n\t\t\t<div class='gallery-icon landscape'>\n\t\t\t\t<a href='https:\/\/www.mymallorcadiary.com\/wp-content\/uploads\/2026\/02\/cheap-hotel-in-Palma.webp'><img decoding=\"async\" width=\"1920\" height=\"1078\" src=\"https:\/\/www.mymallorcadiary.com\/wp-content\/uploads\/2026\/02\/cheap-hotel-in-Palma.webp\" class=\"attachment-full size-full\" alt=\"\" srcset=\"https:\/\/www.mymallorcadiary.com\/wp-content\/uploads\/2026\/02\/cheap-hotel-in-Palma.webp 1920w, https:\/\/www.mymallorcadiary.com\/wp-content\/uploads\/2026\/02\/cheap-hotel-in-Palma-300x168.webp 300w, https:\/\/www.mymallorcadiary.com\/wp-content\/uploads\/2026\/02\/cheap-hotel-in-Palma-1024x575.webp 1024w, https:\/\/www.mymallorcadiary.com\/wp-content\/uploads\/2026\/02\/cheap-hotel-in-Palma-768x431.webp 768w, https:\/\/www.mymallorcadiary.com\/wp-content\/uploads\/2026\/02\/cheap-hotel-in-Palma-1536x862.webp 1536w, https:\/\/www.mymallorcadiary.com\/wp-content\/uploads\/2026\/02\/cheap-hotel-in-Palma-696x391.webp 696w, https:\/\/www.mymallorcadiary.com\/wp-content\/uploads\/2026\/02\/cheap-hotel-in-Palma-1392x782.webp 1392w\" sizes=\"(max-width: 1920px) 100vw, 1920px\" \/><\/a>\n\t\t\t<\/div><\/figure><figure class='gallery-item'>\n\t\t\t<div class='gallery-icon landscape'>\n\t\t\t\t<a href='https:\/\/www.mymallorcadiary.com\/wp-content\/uploads\/2026\/02\/cheap-hotel-in-Palma-de-Mallorca.webp'><img decoding=\"async\" width=\"1920\" height=\"1078\" src=\"https:\/\/www.mymallorcadiary.com\/wp-content\/uploads\/2026\/02\/cheap-hotel-in-Palma-de-Mallorca.webp\" class=\"attachment-full size-full\" alt=\"\" srcset=\"https:\/\/www.mymallorcadiary.com\/wp-content\/uploads\/2026\/02\/cheap-hotel-in-Palma-de-Mallorca.webp 1920w, https:\/\/www.mymallorcadiary.com\/wp-content\/uploads\/2026\/02\/cheap-hotel-in-Palma-de-Mallorca-300x168.webp 300w, https:\/\/www.mymallorcadiary.com\/wp-content\/uploads\/2026\/02\/cheap-hotel-in-Palma-de-Mallorca-1024x575.webp 1024w, https:\/\/www.mymallorcadiary.com\/wp-content\/uploads\/2026\/02\/cheap-hotel-in-Palma-de-Mallorca-768x431.webp 768w, https:\/\/www.mymallorcadiary.com\/wp-content\/uploads\/2026\/02\/cheap-hotel-in-Palma-de-Mallorca-1536x862.webp 1536w, https:\/\/www.mymallorcadiary.com\/wp-content\/uploads\/2026\/02\/cheap-hotel-in-Palma-de-Mallorca-696x391.webp 696w, https:\/\/www.mymallorcadiary.com\/wp-content\/uploads\/2026\/02\/cheap-hotel-in-Palma-de-Mallorca-1392x782.webp 1392w\" sizes=\"(max-width: 1920px) 100vw, 1920px\" \/><\/a>\n\t\t\t<\/div><\/figure>\n\t\t<\/div>\n\n<p>Fotos via hotelabelay.es<\/p>\n<h3 data-start=\"5140\" data-end=\"5186\"><span class=\"ez-toc-section\" id=\"Im_Suedosten_uebernachten_fuer_Straende_und_Charme\"><\/span><strong>Im S\u00fcdosten \u00fcbernachten f\u00fcr Str\u00e4nde und Charme<\/strong><span class=\"ez-toc-section-end\"><\/span><\/h3>\n<p data-start=\"5241\" data-end=\"5369\">Orte wie <strong><a href=\"https:\/\/maps.app.goo.gl\/TKyWFW5R8sR4Yv1b8\" target=\"_blank\" rel=\"noopener\">Santany\u00ed<\/a><\/strong>, <strong><a href=\"https:\/\/maps.app.goo.gl\/NADbrB8bfPhVYmTu6\" target=\"_blank\" rel=\"noopener\">Cala d\u2019Or<\/a><\/strong> oder <strong><a href=\"https:\/\/maps.app.goo.gl\/zsUqW8yKtrUpA1U69\" target=\"_blank\" rel=\"noopener\">Col\u00f2nia de Sant Jordi<\/a><\/strong> sind ideal, wenn Sie eine Mischung aus d\u00f6rflichem Flair und bequemem Zugang zum Strand suchen.<\/p>\n<p data-start=\"5371\" data-end=\"5427\">Perfekt f\u00fcr Paare und entspannte Fr\u00fchlingsferien.<\/p>\n<h4><span class=\"ez-toc-section\" id=\"Hotel_Can_Ferrereta\"><\/span><strong data-start=\"799\" data-end=\"822\">Hotel Can Ferrereta<\/strong><span class=\"ez-toc-section-end\"><\/span><\/h4>\n<p>Luxus und zeitlose Eleganz<br \/>\n\ud83d\udccd <strong><a href=\"https:\/\/maps.app.goo.gl\/3KDaEiCfx8paUKoNA\" target=\"_blank\" rel=\"noopener\">Lage Can Ferrereta<\/a><\/strong> | Im Herzen der Altstadt<\/p>\n<div id='gallery-9' class='gallery galleryid-2051 gallery-columns-2 gallery-size-full'><figure class='gallery-item'>\n\t\t\t<div class='gallery-icon landscape'>\n\t\t\t\t<a href='https:\/\/www.mymallorcadiary.com\/wp-content\/uploads\/2026\/02\/Luxury-hotel-with-pool-and-spa-in-Mallorca.webp'><img decoding=\"async\" width=\"1920\" height=\"1078\" src=\"https:\/\/www.mymallorcadiary.com\/wp-content\/uploads\/2026\/02\/Luxury-hotel-with-pool-and-spa-in-Mallorca.webp\" class=\"attachment-full size-full\" alt=\"\" srcset=\"https:\/\/www.mymallorcadiary.com\/wp-content\/uploads\/2026\/02\/Luxury-hotel-with-pool-and-spa-in-Mallorca.webp 1920w, https:\/\/www.mymallorcadiary.com\/wp-content\/uploads\/2026\/02\/Luxury-hotel-with-pool-and-spa-in-Mallorca-300x168.webp 300w, https:\/\/www.mymallorcadiary.com\/wp-content\/uploads\/2026\/02\/Luxury-hotel-with-pool-and-spa-in-Mallorca-1024x575.webp 1024w, https:\/\/www.mymallorcadiary.com\/wp-content\/uploads\/2026\/02\/Luxury-hotel-with-pool-and-spa-in-Mallorca-768x431.webp 768w, https:\/\/www.mymallorcadiary.com\/wp-content\/uploads\/2026\/02\/Luxury-hotel-with-pool-and-spa-in-Mallorca-1536x862.webp 1536w, https:\/\/www.mymallorcadiary.com\/wp-content\/uploads\/2026\/02\/Luxury-hotel-with-pool-and-spa-in-Mallorca-696x391.webp 696w, https:\/\/www.mymallorcadiary.com\/wp-content\/uploads\/2026\/02\/Luxury-hotel-with-pool-and-spa-in-Mallorca-1392x782.webp 1392w\" sizes=\"(max-width: 1920px) 100vw, 1920px\" \/><\/a>\n\t\t\t<\/div><\/figure><figure class='gallery-item'>\n\t\t\t<div class='gallery-icon landscape'>\n\t\t\t\t<a href='https:\/\/www.mymallorcadiary.com\/wp-content\/uploads\/2026\/02\/Luxury-hotel-in-Santanyi.webp'><img decoding=\"async\" width=\"1920\" height=\"1078\" src=\"https:\/\/www.mymallorcadiary.com\/wp-content\/uploads\/2026\/02\/Luxury-hotel-in-Santanyi.webp\" class=\"attachment-full size-full\" alt=\"\" srcset=\"https:\/\/www.mymallorcadiary.com\/wp-content\/uploads\/2026\/02\/Luxury-hotel-in-Santanyi.webp 1920w, https:\/\/www.mymallorcadiary.com\/wp-content\/uploads\/2026\/02\/Luxury-hotel-in-Santanyi-300x168.webp 300w, https:\/\/www.mymallorcadiary.com\/wp-content\/uploads\/2026\/02\/Luxury-hotel-in-Santanyi-1024x575.webp 1024w, https:\/\/www.mymallorcadiary.com\/wp-content\/uploads\/2026\/02\/Luxury-hotel-in-Santanyi-768x431.webp 768w, https:\/\/www.mymallorcadiary.com\/wp-content\/uploads\/2026\/02\/Luxury-hotel-in-Santanyi-1536x862.webp 1536w, https:\/\/www.mymallorcadiary.com\/wp-content\/uploads\/2026\/02\/Luxury-hotel-in-Santanyi-696x391.webp 696w, https:\/\/www.mymallorcadiary.com\/wp-content\/uploads\/2026\/02\/Luxury-hotel-in-Santanyi-1392x782.webp 1392w\" sizes=\"(max-width: 1920px) 100vw, 1920px\" \/><\/a>\n\t\t\t<\/div><\/figure><figure class='gallery-item'>\n\t\t\t<div class='gallery-icon landscape'>\n\t\t\t\t<a href='https:\/\/www.mymallorcadiary.com\/wp-content\/uploads\/2026\/02\/Mallorca-style-hotel-in-Santanyi.webp'><img decoding=\"async\" width=\"1920\" height=\"1078\" src=\"https:\/\/www.mymallorcadiary.com\/wp-content\/uploads\/2026\/02\/Mallorca-style-hotel-in-Santanyi.webp\" class=\"attachment-full size-full\" alt=\"\" srcset=\"https:\/\/www.mymallorcadiary.com\/wp-content\/uploads\/2026\/02\/Mallorca-style-hotel-in-Santanyi.webp 1920w, https:\/\/www.mymallorcadiary.com\/wp-content\/uploads\/2026\/02\/Mallorca-style-hotel-in-Santanyi-300x168.webp 300w, https:\/\/www.mymallorcadiary.com\/wp-content\/uploads\/2026\/02\/Mallorca-style-hotel-in-Santanyi-1024x575.webp 1024w, https:\/\/www.mymallorcadiary.com\/wp-content\/uploads\/2026\/02\/Mallorca-style-hotel-in-Santanyi-768x431.webp 768w, https:\/\/www.mymallorcadiary.com\/wp-content\/uploads\/2026\/02\/Mallorca-style-hotel-in-Santanyi-1536x862.webp 1536w, https:\/\/www.mymallorcadiary.com\/wp-content\/uploads\/2026\/02\/Mallorca-style-hotel-in-Santanyi-696x391.webp 696w, https:\/\/www.mymallorcadiary.com\/wp-content\/uploads\/2026\/02\/Mallorca-style-hotel-in-Santanyi-1392x782.webp 1392w\" sizes=\"(max-width: 1920px) 100vw, 1920px\" \/><\/a>\n\t\t\t<\/div><\/figure><figure class='gallery-item'>\n\t\t\t<div class='gallery-icon landscape'>\n\t\t\t\t<a href='https:\/\/www.mymallorcadiary.com\/wp-content\/uploads\/2026\/02\/Can-Ferrereta-rooms.webp'><img decoding=\"async\" width=\"1920\" height=\"1078\" src=\"https:\/\/www.mymallorcadiary.com\/wp-content\/uploads\/2026\/02\/Can-Ferrereta-rooms.webp\" class=\"attachment-full size-full\" alt=\"\" srcset=\"https:\/\/www.mymallorcadiary.com\/wp-content\/uploads\/2026\/02\/Can-Ferrereta-rooms.webp 1920w, https:\/\/www.mymallorcadiary.com\/wp-content\/uploads\/2026\/02\/Can-Ferrereta-rooms-300x168.webp 300w, https:\/\/www.mymallorcadiary.com\/wp-content\/uploads\/2026\/02\/Can-Ferrereta-rooms-1024x575.webp 1024w, https:\/\/www.mymallorcadiary.com\/wp-content\/uploads\/2026\/02\/Can-Ferrereta-rooms-768x431.webp 768w, https:\/\/www.mymallorcadiary.com\/wp-content\/uploads\/2026\/02\/Can-Ferrereta-rooms-1536x862.webp 1536w, https:\/\/www.mymallorcadiary.com\/wp-content\/uploads\/2026\/02\/Can-Ferrereta-rooms-696x391.webp 696w, https:\/\/www.mymallorcadiary.com\/wp-content\/uploads\/2026\/02\/Can-Ferrereta-rooms-1392x782.webp 1392w\" sizes=\"(max-width: 1920px) 100vw, 1920px\" \/><\/a>\n\t\t\t<\/div><\/figure><figure class='gallery-item'>\n\t\t\t<div class='gallery-icon landscape'>\n\t\t\t\t<a href='https:\/\/www.mymallorcadiary.com\/wp-content\/uploads\/2026\/02\/Boutique-hotel-with-spa-in-Mallorca.webp'><img decoding=\"async\" width=\"1920\" height=\"1078\" src=\"https:\/\/www.mymallorcadiary.com\/wp-content\/uploads\/2026\/02\/Boutique-hotel-with-spa-in-Mallorca.webp\" class=\"attachment-full size-full\" alt=\"\" srcset=\"https:\/\/www.mymallorcadiary.com\/wp-content\/uploads\/2026\/02\/Boutique-hotel-with-spa-in-Mallorca.webp 1920w, https:\/\/www.mymallorcadiary.com\/wp-content\/uploads\/2026\/02\/Boutique-hotel-with-spa-in-Mallorca-300x168.webp 300w, https:\/\/www.mymallorcadiary.com\/wp-content\/uploads\/2026\/02\/Boutique-hotel-with-spa-in-Mallorca-1024x575.webp 1024w, https:\/\/www.mymallorcadiary.com\/wp-content\/uploads\/2026\/02\/Boutique-hotel-with-spa-in-Mallorca-768x431.webp 768w, https:\/\/www.mymallorcadiary.com\/wp-content\/uploads\/2026\/02\/Boutique-hotel-with-spa-in-Mallorca-1536x862.webp 1536w, https:\/\/www.mymallorcadiary.com\/wp-content\/uploads\/2026\/02\/Boutique-hotel-with-spa-in-Mallorca-696x391.webp 696w, https:\/\/www.mymallorcadiary.com\/wp-content\/uploads\/2026\/02\/Boutique-hotel-with-spa-in-Mallorca-1392x782.webp 1392w\" sizes=\"(max-width: 1920px) 100vw, 1920px\" \/><\/a>\n\t\t\t<\/div><\/figure><figure class='gallery-item'>\n\t\t\t<div class='gallery-icon landscape'>\n\t\t\t\t<a href='https:\/\/www.mymallorcadiary.com\/wp-content\/uploads\/2026\/02\/fine-dining-restaurant-Santanyi.webp'><img decoding=\"async\" width=\"1920\" height=\"1078\" src=\"https:\/\/www.mymallorcadiary.com\/wp-content\/uploads\/2026\/02\/fine-dining-restaurant-Santanyi.webp\" class=\"attachment-full size-full\" alt=\"\" srcset=\"https:\/\/www.mymallorcadiary.com\/wp-content\/uploads\/2026\/02\/fine-dining-restaurant-Santanyi.webp 1920w, https:\/\/www.mymallorcadiary.com\/wp-content\/uploads\/2026\/02\/fine-dining-restaurant-Santanyi-300x168.webp 300w, https:\/\/www.mymallorcadiary.com\/wp-content\/uploads\/2026\/02\/fine-dining-restaurant-Santanyi-1024x575.webp 1024w, https:\/\/www.mymallorcadiary.com\/wp-content\/uploads\/2026\/02\/fine-dining-restaurant-Santanyi-768x431.webp 768w, https:\/\/www.mymallorcadiary.com\/wp-content\/uploads\/2026\/02\/fine-dining-restaurant-Santanyi-1536x862.webp 1536w, https:\/\/www.mymallorcadiary.com\/wp-content\/uploads\/2026\/02\/fine-dining-restaurant-Santanyi-696x391.webp 696w, https:\/\/www.mymallorcadiary.com\/wp-content\/uploads\/2026\/02\/fine-dining-restaurant-Santanyi-1392x782.webp 1392w\" sizes=\"(max-width: 1920px) 100vw, 1920px\" \/><\/a>\n\t\t\t<\/div><\/figure>\n\t\t<\/div>\n\n<p>Fotos via hotelcanferrereta.com<\/p>\n<p>Ein wundersch\u00f6n restauriertes Herrenhaus aus dem 17. Jahrhundert, das durch elegantes Design, tadellosen Service und eine ruhige Atmosph\u00e4re besticht und jeden Aufenthalt zu etwas Besonderem macht. Mit einem <strong>serene spa<\/strong>, einem beheizten Pool, Gartenterrassen und gehobener Gastronomie ist dies der ideale Ort f\u00fcr Paare, die einen Jahrestag feiern, f\u00fcr Hochzeitsreisende oder f\u00fcr alle, die einen luxuri\u00f6sen R\u00fcckzugsort suchen, der Intimit\u00e4t und Entspannung bietet.<\/p>\n<p data-start=\"1244\" data-end=\"1389\"><strong>Warum es perfekt f\u00fcr Ihren Urlaub ist:<\/strong> \u2728 Diskreter Luxus, und doch nur wenige Gehminuten von Galerien, Restaurants und M\u00e4rkten entfernt, das Beste aus beiden Welten.<\/p>\n<p data-start=\"1244\" data-end=\"1389\"><strong>Mehr Details ansehen und buchen: <a href=\"https:\/\/booking.stay22.com\/likexpats\/YXTwy1Cjci\" target=\"_blank\" rel=\"noopener\">Can Ferrereta Hotel<\/a><\/strong><\/p>\n<h4 data-start=\"1244\" data-end=\"1389\"><span class=\"ez-toc-section\" id=\"Cal_Reiet_Holistic_Retreat\"><\/span><strong>Cal Reiet Holistic Retreat<br \/>\n<\/strong><span class=\"ez-toc-section-end\"><\/span><\/h4>\n<p data-start=\"1244\" data-end=\"1389\">Wellness, Natur und achtsames Leben<br \/>\n\ud83d\udccd <strong><a href=\"https:\/\/maps.app.goo.gl\/oWyTQpgoDXi2f2Px7\" target=\"_blank\" rel=\"noopener\">Lage Cal Reiet Holistic Retreat<\/a><\/strong> | Direkt au\u00dferhalb des Zentrums<\/p>\n<div id='gallery-10' class='gallery galleryid-2051 gallery-columns-2 gallery-size-full'><figure class='gallery-item'>\n\t\t\t<div class='gallery-icon landscape'>\n\t\t\t\t<a href='https:\/\/www.mymallorcadiary.com\/wp-content\/uploads\/2026\/02\/Yoga-hotel-in-Santanyi.webp'><img decoding=\"async\" width=\"1920\" height=\"1078\" src=\"https:\/\/www.mymallorcadiary.com\/wp-content\/uploads\/2026\/02\/Yoga-hotel-in-Santanyi.webp\" class=\"attachment-full size-full\" alt=\"\" srcset=\"https:\/\/www.mymallorcadiary.com\/wp-content\/uploads\/2026\/02\/Yoga-hotel-in-Santanyi.webp 1920w, https:\/\/www.mymallorcadiary.com\/wp-content\/uploads\/2026\/02\/Yoga-hotel-in-Santanyi-300x168.webp 300w, https:\/\/www.mymallorcadiary.com\/wp-content\/uploads\/2026\/02\/Yoga-hotel-in-Santanyi-1024x575.webp 1024w, https:\/\/www.mymallorcadiary.com\/wp-content\/uploads\/2026\/02\/Yoga-hotel-in-Santanyi-768x431.webp 768w, https:\/\/www.mymallorcadiary.com\/wp-content\/uploads\/2026\/02\/Yoga-hotel-in-Santanyi-1536x862.webp 1536w, https:\/\/www.mymallorcadiary.com\/wp-content\/uploads\/2026\/02\/Yoga-hotel-in-Santanyi-696x391.webp 696w, https:\/\/www.mymallorcadiary.com\/wp-content\/uploads\/2026\/02\/Yoga-hotel-in-Santanyi-1392x782.webp 1392w\" sizes=\"(max-width: 1920px) 100vw, 1920px\" \/><\/a>\n\t\t\t<\/div><\/figure><figure class='gallery-item'>\n\t\t\t<div class='gallery-icon landscape'>\n\t\t\t\t<a href='https:\/\/www.mymallorcadiary.com\/wp-content\/uploads\/2026\/02\/Yoga-hotel-in-Mallorca.webp'><img decoding=\"async\" width=\"1920\" height=\"1078\" src=\"https:\/\/www.mymallorcadiary.com\/wp-content\/uploads\/2026\/02\/Yoga-hotel-in-Mallorca.webp\" class=\"attachment-full size-full\" alt=\"\" srcset=\"https:\/\/www.mymallorcadiary.com\/wp-content\/uploads\/2026\/02\/Yoga-hotel-in-Mallorca.webp 1920w, https:\/\/www.mymallorcadiary.com\/wp-content\/uploads\/2026\/02\/Yoga-hotel-in-Mallorca-300x168.webp 300w, https:\/\/www.mymallorcadiary.com\/wp-content\/uploads\/2026\/02\/Yoga-hotel-in-Mallorca-1024x575.webp 1024w, https:\/\/www.mymallorcadiary.com\/wp-content\/uploads\/2026\/02\/Yoga-hotel-in-Mallorca-768x431.webp 768w, https:\/\/www.mymallorcadiary.com\/wp-content\/uploads\/2026\/02\/Yoga-hotel-in-Mallorca-1536x862.webp 1536w, https:\/\/www.mymallorcadiary.com\/wp-content\/uploads\/2026\/02\/Yoga-hotel-in-Mallorca-696x391.webp 696w, https:\/\/www.mymallorcadiary.com\/wp-content\/uploads\/2026\/02\/Yoga-hotel-in-Mallorca-1392x782.webp 1392w\" sizes=\"(max-width: 1920px) 100vw, 1920px\" \/><\/a>\n\t\t\t<\/div><\/figure><figure class='gallery-item'>\n\t\t\t<div class='gallery-icon landscape'>\n\t\t\t\t<a href='https:\/\/www.mymallorcadiary.com\/wp-content\/uploads\/2026\/02\/Retreat-hotel-in-Santanyi.webp'><img decoding=\"async\" width=\"1920\" height=\"1078\" src=\"https:\/\/www.mymallorcadiary.com\/wp-content\/uploads\/2026\/02\/Retreat-hotel-in-Santanyi.webp\" class=\"attachment-full size-full\" alt=\"\" srcset=\"https:\/\/www.mymallorcadiary.com\/wp-content\/uploads\/2026\/02\/Retreat-hotel-in-Santanyi.webp 1920w, https:\/\/www.mymallorcadiary.com\/wp-content\/uploads\/2026\/02\/Retreat-hotel-in-Santanyi-300x168.webp 300w, https:\/\/www.mymallorcadiary.com\/wp-content\/uploads\/2026\/02\/Retreat-hotel-in-Santanyi-1024x575.webp 1024w, https:\/\/www.mymallorcadiary.com\/wp-content\/uploads\/2026\/02\/Retreat-hotel-in-Santanyi-768x431.webp 768w, https:\/\/www.mymallorcadiary.com\/wp-content\/uploads\/2026\/02\/Retreat-hotel-in-Santanyi-1536x862.webp 1536w, https:\/\/www.mymallorcadiary.com\/wp-content\/uploads\/2026\/02\/Retreat-hotel-in-Santanyi-696x391.webp 696w, https:\/\/www.mymallorcadiary.com\/wp-content\/uploads\/2026\/02\/Retreat-hotel-in-Santanyi-1392x782.webp 1392w\" sizes=\"(max-width: 1920px) 100vw, 1920px\" \/><\/a>\n\t\t\t<\/div><\/figure><figure class='gallery-item'>\n\t\t\t<div class='gallery-icon landscape'>\n\t\t\t\t<a href='https:\/\/www.mymallorcadiary.com\/wp-content\/uploads\/2026\/02\/Amazing-hotel-in-Santanyi.webp'><img decoding=\"async\" width=\"1920\" height=\"1078\" src=\"https:\/\/www.mymallorcadiary.com\/wp-content\/uploads\/2026\/02\/Amazing-hotel-in-Santanyi.webp\" class=\"attachment-full size-full\" alt=\"\" srcset=\"https:\/\/www.mymallorcadiary.com\/wp-content\/uploads\/2026\/02\/Amazing-hotel-in-Santanyi.webp 1920w, https:\/\/www.mymallorcadiary.com\/wp-content\/uploads\/2026\/02\/Amazing-hotel-in-Santanyi-300x168.webp 300w, https:\/\/www.mymallorcadiary.com\/wp-content\/uploads\/2026\/02\/Amazing-hotel-in-Santanyi-1024x575.webp 1024w, https:\/\/www.mymallorcadiary.com\/wp-content\/uploads\/2026\/02\/Amazing-hotel-in-Santanyi-768x431.webp 768w, https:\/\/www.mymallorcadiary.com\/wp-content\/uploads\/2026\/02\/Amazing-hotel-in-Santanyi-1536x862.webp 1536w, https:\/\/www.mymallorcadiary.com\/wp-content\/uploads\/2026\/02\/Amazing-hotel-in-Santanyi-696x391.webp 696w, https:\/\/www.mymallorcadiary.com\/wp-content\/uploads\/2026\/02\/Amazing-hotel-in-Santanyi-1392x782.webp 1392w\" sizes=\"(max-width: 1920px) 100vw, 1920px\" \/><\/a>\n\t\t\t<\/div><\/figure><figure class='gallery-item'>\n\t\t\t<div class='gallery-icon landscape'>\n\t\t\t\t<a href='https:\/\/www.mymallorcadiary.com\/wp-content\/uploads\/2026\/02\/Holistic-hotel-in-Mallorca.webp'><img decoding=\"async\" width=\"1920\" height=\"1078\" src=\"https:\/\/www.mymallorcadiary.com\/wp-content\/uploads\/2026\/02\/Holistic-hotel-in-Mallorca.webp\" class=\"attachment-full size-full\" alt=\"\" srcset=\"https:\/\/www.mymallorcadiary.com\/wp-content\/uploads\/2026\/02\/Holistic-hotel-in-Mallorca.webp 1920w, https:\/\/www.mymallorcadiary.com\/wp-content\/uploads\/2026\/02\/Holistic-hotel-in-Mallorca-300x168.webp 300w, https:\/\/www.mymallorcadiary.com\/wp-content\/uploads\/2026\/02\/Holistic-hotel-in-Mallorca-1024x575.webp 1024w, https:\/\/www.mymallorcadiary.com\/wp-content\/uploads\/2026\/02\/Holistic-hotel-in-Mallorca-768x431.webp 768w, https:\/\/www.mymallorcadiary.com\/wp-content\/uploads\/2026\/02\/Holistic-hotel-in-Mallorca-1536x862.webp 1536w, https:\/\/www.mymallorcadiary.com\/wp-content\/uploads\/2026\/02\/Holistic-hotel-in-Mallorca-696x391.webp 696w, https:\/\/www.mymallorcadiary.com\/wp-content\/uploads\/2026\/02\/Holistic-hotel-in-Mallorca-1392x782.webp 1392w\" sizes=\"(max-width: 1920px) 100vw, 1920px\" \/><\/a>\n\t\t\t<\/div><\/figure><figure class='gallery-item'>\n\t\t\t<div class='gallery-icon landscape'>\n\t\t\t\t<a href='https:\/\/www.mymallorcadiary.com\/wp-content\/uploads\/2026\/02\/Beautiful-accommodation-in-Santanyi-1.webp'><img decoding=\"async\" width=\"1920\" height=\"1078\" src=\"https:\/\/www.mymallorcadiary.com\/wp-content\/uploads\/2026\/02\/Beautiful-accommodation-in-Santanyi-1.webp\" class=\"attachment-full size-full\" alt=\"\" srcset=\"https:\/\/www.mymallorcadiary.com\/wp-content\/uploads\/2026\/02\/Beautiful-accommodation-in-Santanyi-1.webp 1920w, https:\/\/www.mymallorcadiary.com\/wp-content\/uploads\/2026\/02\/Beautiful-accommodation-in-Santanyi-1-300x168.webp 300w, https:\/\/www.mymallorcadiary.com\/wp-content\/uploads\/2026\/02\/Beautiful-accommodation-in-Santanyi-1-1024x575.webp 1024w, https:\/\/www.mymallorcadiary.com\/wp-content\/uploads\/2026\/02\/Beautiful-accommodation-in-Santanyi-1-768x431.webp 768w, https:\/\/www.mymallorcadiary.com\/wp-content\/uploads\/2026\/02\/Beautiful-accommodation-in-Santanyi-1-1536x862.webp 1536w, https:\/\/www.mymallorcadiary.com\/wp-content\/uploads\/2026\/02\/Beautiful-accommodation-in-Santanyi-1-696x391.webp 696w, https:\/\/www.mymallorcadiary.com\/wp-content\/uploads\/2026\/02\/Beautiful-accommodation-in-Santanyi-1-1392x782.webp 1392w\" sizes=\"(max-width: 1920px) 100vw, 1920px\" \/><\/a>\n\t\t\t<\/div><\/figure><figure class='gallery-item'>\n\t\t\t<div class='gallery-icon landscape'>\n\t\t\t\t<a href='https:\/\/www.mymallorcadiary.com\/wp-content\/uploads\/2026\/02\/Retreat-hotel-in-Mallorca.webp'><img decoding=\"async\" width=\"1920\" height=\"1078\" src=\"https:\/\/www.mymallorcadiary.com\/wp-content\/uploads\/2026\/02\/Retreat-hotel-in-Mallorca.webp\" class=\"attachment-full size-full\" alt=\"\" srcset=\"https:\/\/www.mymallorcadiary.com\/wp-content\/uploads\/2026\/02\/Retreat-hotel-in-Mallorca.webp 1920w, https:\/\/www.mymallorcadiary.com\/wp-content\/uploads\/2026\/02\/Retreat-hotel-in-Mallorca-300x168.webp 300w, https:\/\/www.mymallorcadiary.com\/wp-content\/uploads\/2026\/02\/Retreat-hotel-in-Mallorca-1024x575.webp 1024w, https:\/\/www.mymallorcadiary.com\/wp-content\/uploads\/2026\/02\/Retreat-hotel-in-Mallorca-768x431.webp 768w, https:\/\/www.mymallorcadiary.com\/wp-content\/uploads\/2026\/02\/Retreat-hotel-in-Mallorca-1536x862.webp 1536w, https:\/\/www.mymallorcadiary.com\/wp-content\/uploads\/2026\/02\/Retreat-hotel-in-Mallorca-696x391.webp 696w, https:\/\/www.mymallorcadiary.com\/wp-content\/uploads\/2026\/02\/Retreat-hotel-in-Mallorca-1392x782.webp 1392w\" sizes=\"(max-width: 1920px) 100vw, 1920px\" \/><\/a>\n\t\t\t<\/div><\/figure><figure class='gallery-item'>\n\t\t\t<div class='gallery-icon landscape'>\n\t\t\t\t<a href='https:\/\/www.mymallorcadiary.com\/wp-content\/uploads\/2026\/02\/Boutique-hotel-in-Santanyi-1.webp'><img decoding=\"async\" width=\"1920\" height=\"1078\" src=\"https:\/\/www.mymallorcadiary.com\/wp-content\/uploads\/2026\/02\/Boutique-hotel-in-Santanyi-1.webp\" class=\"attachment-full size-full\" alt=\"\" srcset=\"https:\/\/www.mymallorcadiary.com\/wp-content\/uploads\/2026\/02\/Boutique-hotel-in-Santanyi-1.webp 1920w, https:\/\/www.mymallorcadiary.com\/wp-content\/uploads\/2026\/02\/Boutique-hotel-in-Santanyi-1-300x168.webp 300w, https:\/\/www.mymallorcadiary.com\/wp-content\/uploads\/2026\/02\/Boutique-hotel-in-Santanyi-1-1024x575.webp 1024w, https:\/\/www.mymallorcadiary.com\/wp-content\/uploads\/2026\/02\/Boutique-hotel-in-Santanyi-1-768x431.webp 768w, https:\/\/www.mymallorcadiary.com\/wp-content\/uploads\/2026\/02\/Boutique-hotel-in-Santanyi-1-1536x862.webp 1536w, https:\/\/www.mymallorcadiary.com\/wp-content\/uploads\/2026\/02\/Boutique-hotel-in-Santanyi-1-696x391.webp 696w, https:\/\/www.mymallorcadiary.com\/wp-content\/uploads\/2026\/02\/Boutique-hotel-in-Santanyi-1-1392x782.webp 1392w\" sizes=\"(max-width: 1920px) 100vw, 1920px\" \/><\/a>\n\t\t\t<\/div><\/figure><figure class='gallery-item'>\n\t\t\t<div class='gallery-icon landscape'>\n\t\t\t\t<a href='https:\/\/www.mymallorcadiary.com\/wp-content\/uploads\/2026\/02\/Holistic-retreat-in-Mallorca.webp'><img decoding=\"async\" width=\"1920\" height=\"1078\" src=\"https:\/\/www.mymallorcadiary.com\/wp-content\/uploads\/2026\/02\/Holistic-retreat-in-Mallorca.webp\" class=\"attachment-full size-full\" alt=\"\" srcset=\"https:\/\/www.mymallorcadiary.com\/wp-content\/uploads\/2026\/02\/Holistic-retreat-in-Mallorca.webp 1920w, https:\/\/www.mymallorcadiary.com\/wp-content\/uploads\/2026\/02\/Holistic-retreat-in-Mallorca-300x168.webp 300w, https:\/\/www.mymallorcadiary.com\/wp-content\/uploads\/2026\/02\/Holistic-retreat-in-Mallorca-1024x575.webp 1024w, https:\/\/www.mymallorcadiary.com\/wp-content\/uploads\/2026\/02\/Holistic-retreat-in-Mallorca-768x431.webp 768w, https:\/\/www.mymallorcadiary.com\/wp-content\/uploads\/2026\/02\/Holistic-retreat-in-Mallorca-1536x862.webp 1536w, https:\/\/www.mymallorcadiary.com\/wp-content\/uploads\/2026\/02\/Holistic-retreat-in-Mallorca-696x391.webp 696w, https:\/\/www.mymallorcadiary.com\/wp-content\/uploads\/2026\/02\/Holistic-retreat-in-Mallorca-1392x782.webp 1392w\" sizes=\"(max-width: 1920px) 100vw, 1920px\" \/><\/a>\n\t\t\t<\/div><\/figure><figure class='gallery-item'>\n\t\t\t<div class='gallery-icon landscape'>\n\t\t\t\t<a href='https:\/\/www.mymallorcadiary.com\/wp-content\/uploads\/2026\/02\/Amazing-retreat-hotel-in-Santanyi.webp'><img decoding=\"async\" width=\"1920\" height=\"1078\" src=\"https:\/\/www.mymallorcadiary.com\/wp-content\/uploads\/2026\/02\/Amazing-retreat-hotel-in-Santanyi.webp\" class=\"attachment-full size-full\" alt=\"\" srcset=\"https:\/\/www.mymallorcadiary.com\/wp-content\/uploads\/2026\/02\/Amazing-retreat-hotel-in-Santanyi.webp 1920w, https:\/\/www.mymallorcadiary.com\/wp-content\/uploads\/2026\/02\/Amazing-retreat-hotel-in-Santanyi-300x168.webp 300w, https:\/\/www.mymallorcadiary.com\/wp-content\/uploads\/2026\/02\/Amazing-retreat-hotel-in-Santanyi-1024x575.webp 1024w, https:\/\/www.mymallorcadiary.com\/wp-content\/uploads\/2026\/02\/Amazing-retreat-hotel-in-Santanyi-768x431.webp 768w, https:\/\/www.mymallorcadiary.com\/wp-content\/uploads\/2026\/02\/Amazing-retreat-hotel-in-Santanyi-1536x862.webp 1536w, https:\/\/www.mymallorcadiary.com\/wp-content\/uploads\/2026\/02\/Amazing-retreat-hotel-in-Santanyi-696x391.webp 696w, https:\/\/www.mymallorcadiary.com\/wp-content\/uploads\/2026\/02\/Amazing-retreat-hotel-in-Santanyi-1392x782.webp 1392w\" sizes=\"(max-width: 1920px) 100vw, 1920px\" \/><\/a>\n\t\t\t<\/div><\/figure><figure class='gallery-item'>\n\t\t\t<div class='gallery-icon landscape'>\n\t\t\t\t<a href='https:\/\/www.mymallorcadiary.com\/wp-content\/uploads\/2026\/02\/Yoga-accommodation-in-Mallorca.webp'><img decoding=\"async\" width=\"1920\" height=\"1078\" src=\"https:\/\/www.mymallorcadiary.com\/wp-content\/uploads\/2026\/02\/Yoga-accommodation-in-Mallorca.webp\" class=\"attachment-full size-full\" alt=\"\" srcset=\"https:\/\/www.mymallorcadiary.com\/wp-content\/uploads\/2026\/02\/Yoga-accommodation-in-Mallorca.webp 1920w, https:\/\/www.mymallorcadiary.com\/wp-content\/uploads\/2026\/02\/Yoga-accommodation-in-Mallorca-300x168.webp 300w, https:\/\/www.mymallorcadiary.com\/wp-content\/uploads\/2026\/02\/Yoga-accommodation-in-Mallorca-1024x575.webp 1024w, https:\/\/www.mymallorcadiary.com\/wp-content\/uploads\/2026\/02\/Yoga-accommodation-in-Mallorca-768x431.webp 768w, https:\/\/www.mymallorcadiary.com\/wp-content\/uploads\/2026\/02\/Yoga-accommodation-in-Mallorca-1536x862.webp 1536w, https:\/\/www.mymallorcadiary.com\/wp-content\/uploads\/2026\/02\/Yoga-accommodation-in-Mallorca-696x391.webp 696w, https:\/\/www.mymallorcadiary.com\/wp-content\/uploads\/2026\/02\/Yoga-accommodation-in-Mallorca-1392x782.webp 1392w\" sizes=\"(max-width: 1920px) 100vw, 1920px\" \/><\/a>\n\t\t\t<\/div><\/figure><figure class='gallery-item'>\n\t\t\t<div class='gallery-icon landscape'>\n\t\t\t\t<a href='https:\/\/www.mymallorcadiary.com\/wp-content\/uploads\/2026\/02\/Retreat-centre-in-Mallorca.webp'><img decoding=\"async\" width=\"1920\" height=\"1078\" src=\"https:\/\/www.mymallorcadiary.com\/wp-content\/uploads\/2026\/02\/Retreat-centre-in-Mallorca.webp\" class=\"attachment-full size-full\" alt=\"\" srcset=\"https:\/\/www.mymallorcadiary.com\/wp-content\/uploads\/2026\/02\/Retreat-centre-in-Mallorca.webp 1920w, https:\/\/www.mymallorcadiary.com\/wp-content\/uploads\/2026\/02\/Retreat-centre-in-Mallorca-300x168.webp 300w, https:\/\/www.mymallorcadiary.com\/wp-content\/uploads\/2026\/02\/Retreat-centre-in-Mallorca-1024x575.webp 1024w, https:\/\/www.mymallorcadiary.com\/wp-content\/uploads\/2026\/02\/Retreat-centre-in-Mallorca-768x431.webp 768w, https:\/\/www.mymallorcadiary.com\/wp-content\/uploads\/2026\/02\/Retreat-centre-in-Mallorca-1536x862.webp 1536w, https:\/\/www.mymallorcadiary.com\/wp-content\/uploads\/2026\/02\/Retreat-centre-in-Mallorca-696x391.webp 696w, https:\/\/www.mymallorcadiary.com\/wp-content\/uploads\/2026\/02\/Retreat-centre-in-Mallorca-1392x782.webp 1392w\" sizes=\"(max-width: 1920px) 100vw, 1920px\" \/><\/a>\n\t\t\t<\/div><\/figure>\n\t\t<\/div>\n\n<p data-start=\"1471\" data-end=\"1799\">Fotos via booking.com<\/p>\n<p data-start=\"1471\" data-end=\"1799\">Weit weg von austauschbaren Hotels bietet Cal Reiet ein ganzheitliches Erlebnis mit Fokus auf Wohlbefinden. Yoga, Meditation, Wellness-Fr\u00fchst\u00fccke, ruhige G\u00e4rten und ein Slow-Living-Design machen es perfekt f\u00fcr eine erholsame Auszeit \u2013 besonders f\u00fcr G\u00e4ste, die gesundes Essen, frische Luft und die Ruhe am fr\u00fchen Morgen lieben.<\/p>\n<p data-start=\"1801\" data-end=\"1932\"><strong>Warum es perfekt f\u00fcr deinen Urlaub ist:<\/strong> Ein regenerierender R\u00fcckzugsort, an dem du K\u00f6rper und Geist resetten kannst \u2013 und trotzdem Santany\u00ed erkundest.<\/p>\n<p data-start=\"1801\" data-end=\"1932\"><strong>Link f\u00fcr mehr Details und zur Buchung: <a href=\"https:\/\/booking.stay22.com\/likexpats\/fyH5Lcqz29\" target=\"_blank\" rel=\"noopener\">Cal Reiet Holistic Retreat<\/a><\/strong><\/p>\n<h4><span class=\"ez-toc-section\" id=\"Melia_Cala_dOr_Boutique_Hotel\"><\/span><strong>Melia Cala d&#8217;Or Boutique <\/strong><strong>Hotel <\/strong><span class=\"ez-toc-section-end\"><\/span><\/h4>\n<p>Wenn du eine intimere und pers\u00f6nlichere Atmosph\u00e4re bevorzugst, ist das Melia Cala d&#8217;Or Boutique ein echter Geheimtipp im Herzen von Cala d&#8217;Or. <strong>Dieses luxuri\u00f6se F\u00fcnf-Sterne-Boutique-Hotel ist von mediterranen G\u00e4rten umgeben und bietet eine ruhige, private Atmosph\u00e4re \u2013 perfekt f\u00fcr eine Auszeit zum Abschalten.<\/strong><\/p>\n<p>Die Zimmer und Suiten sind gro\u00dfz\u00fcgig und in einem klassischen, eleganten Stil eingerichtet. Das Hotel verf\u00fcgt \u00fcber ein luxuri\u00f6ses Spa, einen Au\u00dfen- und Innenpool sowie ein Gourmetrestaurant mit traditioneller mallorquinischer und internationaler K\u00fcche. <strong>Liebe zum Detail und pers\u00f6nlicher Service machen dieses Hotel zu einer ausgezeichneten Wahl f\u00fcr alle, die Komfort und Exklusivit\u00e4t suchen.<\/strong><\/p>\n<p><strong>Link f\u00fcr mehr Details und zur Buchung:<\/strong> <strong><a href=\"https:\/\/booking.stay22.com\/likexpats\/ZsXSItvdEI\" target=\"_blank\" rel=\"noopener\">Melia Cala d&#8217;Or Boutique<\/a><\/strong><\/p>\n<p><img decoding=\"async\" class=\"alignnone wp-image-352 size-large\" src=\"https:\/\/www.mymallorcadiary.com\/wp-content\/uploads\/2024\/11\/Hotels-Calador-Melia-1024x683.webp\" alt=\"Cala d'Or Hotel Mela\" width=\"696\" height=\"464\" srcset=\"https:\/\/www.mymallorcadiary.com\/wp-content\/uploads\/2024\/11\/Hotels-Calador-Melia-1024x683.webp 1024w, https:\/\/www.mymallorcadiary.com\/wp-content\/uploads\/2024\/11\/Hotels-Calador-Melia-300x200.webp 300w, https:\/\/www.mymallorcadiary.com\/wp-content\/uploads\/2024\/11\/Hotels-Calador-Melia-768x512.webp 768w, https:\/\/www.mymallorcadiary.com\/wp-content\/uploads\/2024\/11\/Hotels-Calador-Melia-696x464.webp 696w, https:\/\/www.mymallorcadiary.com\/wp-content\/uploads\/2024\/11\/Hotels-Calador-Melia.webp 1080w\" sizes=\"(max-width: 696px) 100vw, 696px\" \/><\/p>\n<h4><span class=\"ez-toc-section\" id=\"Iberostar_Club_Cala_Barca\"><\/span><strong>Iberostar Club Cala Barca<\/strong><span class=\"ez-toc-section-end\"><\/span><\/h4>\n<p>F\u00fcr alle, die ein Familienhotel mit einem breiten Angebot an Aktivit\u00e4ten suchen, ist der Iberostar Club Cala Barca eine ausgezeichnete Wahl. <strong>Nur wenige Minuten von Cala d&#8217;Or entfernt liegt dieses Vier-Sterne-Resort auf einem weitl\u00e4ufigen Gel\u00e4nde direkt am Meer, umgeben von G\u00e4rten und mit direktem Zugang zur wundersch\u00f6nen Cala Mondrag\u00f3.<\/strong><\/p>\n<p><strong>Der Iberostar Club Cala Barca bietet eine gro\u00dfe Auswahl an Einrichtungen f\u00fcr die ganze Familie<\/strong>, darunter mehrere Pools, einen Kinder-Spielbereich, ein Spa und verschiedene Restaurants. Au\u00dferdem genie\u00dfen die Kleinen ein komplettes Programm mit Aktivit\u00e4ten und Unterhaltung, w\u00e4hrend Erwachsene in den Lounge-Bereichen entspannen oder Wassersport machen k\u00f6nnen. Der perfekte Ort f\u00fcr einen abwechslungsreichen Familienurlaub.<\/p>\n<p><strong>Link f\u00fcr mehr Details und zur Buchung:<\/strong> <strong><a href=\"https:\/\/booking.stay22.com\/likexpats\/aytN3Y2X4F\" target=\"_blank\" rel=\"noopener\">Iberostar Club Cala Barca<\/a><\/strong><\/p>\n<p><img decoding=\"async\" class=\"alignnone wp-image-349 size-large\" src=\"https:\/\/www.mymallorcadiary.com\/wp-content\/uploads\/2024\/11\/Hotel-Iberostars-Calador-1024x575.webp\" alt=\"Hotel Iberostars in Calador\" width=\"696\" height=\"391\" srcset=\"https:\/\/www.mymallorcadiary.com\/wp-content\/uploads\/2024\/11\/Hotel-Iberostars-Calador-1024x575.webp 1024w, https:\/\/www.mymallorcadiary.com\/wp-content\/uploads\/2024\/11\/Hotel-Iberostars-Calador-300x168.webp 300w, https:\/\/www.mymallorcadiary.com\/wp-content\/uploads\/2024\/11\/Hotel-Iberostars-Calador-768x431.webp 768w, https:\/\/www.mymallorcadiary.com\/wp-content\/uploads\/2024\/11\/Hotel-Iberostars-Calador-1536x862.webp 1536w, https:\/\/www.mymallorcadiary.com\/wp-content\/uploads\/2024\/11\/Hotel-Iberostars-Calador-696x391.webp 696w, https:\/\/www.mymallorcadiary.com\/wp-content\/uploads\/2024\/11\/Hotel-Iberostars-Calador-1392x782.webp 1392w, https:\/\/www.mymallorcadiary.com\/wp-content\/uploads\/2024\/11\/Hotel-Iberostars-Calador.webp 1920w\" sizes=\"(max-width: 696px) 100vw, 696px\" \/><\/p>\n<p data-start=\"5371\" data-end=\"5427\"><strong>Schau dir unsere Artikel \u00fcber den S\u00fcdosten Mallorcas an: Wo \u00fcbernachten, was unternehmen, die besten Str\u00e4nde und vieles mehr: <\/strong><\/p>\n<ul>\n<li><strong><a href=\"https:\/\/www.mymallorcadiary.com\/best-beaches-south-mallorca\/\" target=\"_blank\" rel=\"noopener\">Die besten Str\u00e4nde im S\u00fcden Mallorcas<\/a><\/strong><\/li>\n<li><strong><a href=\"https:\/\/www.mymallorcadiary.com\/where-to-stay-in-santanyi-town\/\" target=\"_blank\" rel=\"noopener\">Wo \u00fcbernachten in Santany\u00ed<\/a><\/strong><\/li>\n<li><strong><a href=\"https:\/\/www.mymallorcadiary.com\/santanyi-beaches\/\" target=\"_blank\" rel=\"noopener\">Die besten Str\u00e4nde rund um Santany\u00ed<\/a><\/strong><\/li>\n<li data-start=\"5371\" data-end=\"5427\"><strong><a href=\"https:\/\/www.mymallorcadiary.com\/what-to-do-and-see-in-santanyi\/\" target=\"_blank\" rel=\"noopener\">Was man in Santany\u00ed unternehmen und sehen kann<\/a><\/strong><\/li>\n<li><strong><a href=\"https:\/\/www.mymallorcadiary.com\/the-best-hotels-in-cala-dor\/\" target=\"_blank\" rel=\"noopener\">Die besten Hotels in Cala d&#8217;Or<\/a><\/strong><\/li>\n<\/ul>\n<h3 data-start=\"5371\" data-end=\"5427\"><span class=\"ez-toc-section\" id=\"Im_Norden_uebernachten_%E2%80%93_fuer_Natur_und_Tradition\"><\/span><strong>Im Norden \u00fcbernachten \u2013 f\u00fcr Natur und Tradition<\/strong><span class=\"ez-toc-section-end\"><\/span><\/h3>\n<p data-start=\"5481\" data-end=\"5575\"><strong><a href=\"https:\/\/maps.app.goo.gl\/sNhEunvj99fdJtoV8\" target=\"_blank\" rel=\"noopener\">Pollen\u00e7a<\/a><\/strong> und <strong><a href=\"https:\/\/maps.app.goo.gl\/SRNmAJJcapxXRZUH9\" target=\"_blank\" rel=\"noopener\">Alc\u00fadia<\/a><\/strong> verbinden wundersch\u00f6ne historische Orte mit nahegelegenen Str\u00e4nden und Zugang zu den Bergen.<\/p>\n<p data-start=\"5577\" data-end=\"5627\">Ideal, wenn du sowohl wandern als auch K\u00fcstenlandschaften genie\u00dfen m\u00f6chtest.<\/p>\n<p data-start=\"5577\" data-end=\"5627\"><strong>Das sind unsere Hotelempfehlungen in Pollen\u00e7a und Alc\u00fadia:<\/strong><\/p>\n<h4 data-start=\"5577\" data-end=\"5627\"><span class=\"ez-toc-section\" id=\"Mon_Boutique_Hotel_4\"><\/span><strong>Mon Boutique Hotel 4*<\/strong><span class=\"ez-toc-section-end\"><\/span><\/h4>\n<p>\ud83d\udccd <strong>Lage:<\/strong> Altstadt von Pollen\u00e7a \u2013 nahe Pla\u00e7a Major. <strong><a href=\"https:\/\/maps.app.goo.gl\/FNAvrD5ueaiYnrmz8\" target=\"_blank\" rel=\"noopener\">Schau dir hier den genauen Standort an<\/a><\/strong><\/p>\n<p data-start=\"801\" data-end=\"1012\">Das Mon Boutique Hotel liegt im Herzen von Pollen\u00e7as historischem Zentrum, nur wenige Schritte vom Hauptplatz entfernt und fu\u00dfl\u00e4ufig zu den Calvari-Stufen, wo die ber\u00fchmte Karfreitagszeremonie stattfindet.<\/p>\n<p data-start=\"1014\" data-end=\"1137\">Das Hotel bietet ein modernes, elegantes Design in einem traditionellen mallorquinischen Stadthaus \u2013 gem\u00fctlich und zugleich stilvoll.<\/p>\n<p data-start=\"1139\" data-end=\"1329\"><strong data-start=\"1139\" data-end=\"1166\">Warum f\u00fcr Ostern buchen?<\/strong><br data-start=\"1166\" data-end=\"1169\" \/>Du \u00fcbernachtest genau dort, wo die Magie passiert. Perfekt f\u00fcr Paare, die El Davallament aus n\u00e4chster N\u00e4he erleben und romantische Abende in der Altstadt genie\u00dfen m\u00f6chten.<\/p>\n<p data-start=\"3031\" data-end=\"3204\"><strong>Mehr Details ansehen und buchen: <a href=\"https:\/\/booking.stay22.com\/likexpats\/cxPm9vGP3X\" target=\"_blank\" rel=\"noopener\">Mon Boutique Hotel<\/a><\/strong><\/p>\n<div id='gallery-11' class='gallery galleryid-2051 gallery-columns-2 gallery-size-full'><figure class='gallery-item'>\n\t\t\t<div class='gallery-icon landscape'>\n\t\t\t\t<a href='https:\/\/www.mymallorcadiary.com\/wp-content\/uploads\/2026\/02\/Luxury-hotel-in-Pollensa.webp'><img decoding=\"async\" width=\"1920\" height=\"1078\" src=\"https:\/\/www.mymallorcadiary.com\/wp-content\/uploads\/2026\/02\/Luxury-hotel-in-Pollensa.webp\" class=\"attachment-full size-full\" alt=\"\" srcset=\"https:\/\/www.mymallorcadiary.com\/wp-content\/uploads\/2026\/02\/Luxury-hotel-in-Pollensa.webp 1920w, https:\/\/www.mymallorcadiary.com\/wp-content\/uploads\/2026\/02\/Luxury-hotel-in-Pollensa-300x168.webp 300w, https:\/\/www.mymallorcadiary.com\/wp-content\/uploads\/2026\/02\/Luxury-hotel-in-Pollensa-1024x575.webp 1024w, https:\/\/www.mymallorcadiary.com\/wp-content\/uploads\/2026\/02\/Luxury-hotel-in-Pollensa-768x431.webp 768w, https:\/\/www.mymallorcadiary.com\/wp-content\/uploads\/2026\/02\/Luxury-hotel-in-Pollensa-1536x862.webp 1536w, https:\/\/www.mymallorcadiary.com\/wp-content\/uploads\/2026\/02\/Luxury-hotel-in-Pollensa-696x391.webp 696w, https:\/\/www.mymallorcadiary.com\/wp-content\/uploads\/2026\/02\/Luxury-hotel-in-Pollensa-1392x782.webp 1392w\" sizes=\"(max-width: 1920px) 100vw, 1920px\" \/><\/a>\n\t\t\t<\/div><\/figure><figure class='gallery-item'>\n\t\t\t<div class='gallery-icon landscape'>\n\t\t\t\t<a href='https:\/\/www.mymallorcadiary.com\/wp-content\/uploads\/2026\/02\/Elegant-hotel-in-Pollensa.webp'><img decoding=\"async\" width=\"1920\" height=\"1078\" src=\"https:\/\/www.mymallorcadiary.com\/wp-content\/uploads\/2026\/02\/Elegant-hotel-in-Pollensa.webp\" class=\"attachment-full size-full\" alt=\"\" srcset=\"https:\/\/www.mymallorcadiary.com\/wp-content\/uploads\/2026\/02\/Elegant-hotel-in-Pollensa.webp 1920w, https:\/\/www.mymallorcadiary.com\/wp-content\/uploads\/2026\/02\/Elegant-hotel-in-Pollensa-300x168.webp 300w, https:\/\/www.mymallorcadiary.com\/wp-content\/uploads\/2026\/02\/Elegant-hotel-in-Pollensa-1024x575.webp 1024w, https:\/\/www.mymallorcadiary.com\/wp-content\/uploads\/2026\/02\/Elegant-hotel-in-Pollensa-768x431.webp 768w, https:\/\/www.mymallorcadiary.com\/wp-content\/uploads\/2026\/02\/Elegant-hotel-in-Pollensa-1536x862.webp 1536w, https:\/\/www.mymallorcadiary.com\/wp-content\/uploads\/2026\/02\/Elegant-hotel-in-Pollensa-696x391.webp 696w, https:\/\/www.mymallorcadiary.com\/wp-content\/uploads\/2026\/02\/Elegant-hotel-in-Pollensa-1392x782.webp 1392w\" sizes=\"(max-width: 1920px) 100vw, 1920px\" \/><\/a>\n\t\t\t<\/div><\/figure><figure class='gallery-item'>\n\t\t\t<div class='gallery-icon landscape'>\n\t\t\t\t<a href='https:\/\/www.mymallorcadiary.com\/wp-content\/uploads\/2026\/02\/Beautiful-hotel-in-Pollensa.webp'><img decoding=\"async\" width=\"1920\" height=\"1078\" src=\"https:\/\/www.mymallorcadiary.com\/wp-content\/uploads\/2026\/02\/Beautiful-hotel-in-Pollensa.webp\" class=\"attachment-full size-full\" alt=\"\" srcset=\"https:\/\/www.mymallorcadiary.com\/wp-content\/uploads\/2026\/02\/Beautiful-hotel-in-Pollensa.webp 1920w, https:\/\/www.mymallorcadiary.com\/wp-content\/uploads\/2026\/02\/Beautiful-hotel-in-Pollensa-300x168.webp 300w, https:\/\/www.mymallorcadiary.com\/wp-content\/uploads\/2026\/02\/Beautiful-hotel-in-Pollensa-1024x575.webp 1024w, https:\/\/www.mymallorcadiary.com\/wp-content\/uploads\/2026\/02\/Beautiful-hotel-in-Pollensa-768x431.webp 768w, https:\/\/www.mymallorcadiary.com\/wp-content\/uploads\/2026\/02\/Beautiful-hotel-in-Pollensa-1536x862.webp 1536w, https:\/\/www.mymallorcadiary.com\/wp-content\/uploads\/2026\/02\/Beautiful-hotel-in-Pollensa-696x391.webp 696w, https:\/\/www.mymallorcadiary.com\/wp-content\/uploads\/2026\/02\/Beautiful-hotel-in-Pollensa-1392x782.webp 1392w\" sizes=\"(max-width: 1920px) 100vw, 1920px\" \/><\/a>\n\t\t\t<\/div><\/figure><figure class='gallery-item'>\n\t\t\t<div class='gallery-icon landscape'>\n\t\t\t\t<a href='https:\/\/www.mymallorcadiary.com\/wp-content\/uploads\/2026\/02\/Boutique-hotel-in-Pollensa.webp'><img decoding=\"async\" width=\"1920\" height=\"1078\" src=\"https:\/\/www.mymallorcadiary.com\/wp-content\/uploads\/2026\/02\/Boutique-hotel-in-Pollensa.webp\" class=\"attachment-full size-full\" alt=\"\" srcset=\"https:\/\/www.mymallorcadiary.com\/wp-content\/uploads\/2026\/02\/Boutique-hotel-in-Pollensa.webp 1920w, https:\/\/www.mymallorcadiary.com\/wp-content\/uploads\/2026\/02\/Boutique-hotel-in-Pollensa-300x168.webp 300w, https:\/\/www.mymallorcadiary.com\/wp-content\/uploads\/2026\/02\/Boutique-hotel-in-Pollensa-1024x575.webp 1024w, https:\/\/www.mymallorcadiary.com\/wp-content\/uploads\/2026\/02\/Boutique-hotel-in-Pollensa-768x431.webp 768w, https:\/\/www.mymallorcadiary.com\/wp-content\/uploads\/2026\/02\/Boutique-hotel-in-Pollensa-1536x862.webp 1536w, https:\/\/www.mymallorcadiary.com\/wp-content\/uploads\/2026\/02\/Boutique-hotel-in-Pollensa-696x391.webp 696w, https:\/\/www.mymallorcadiary.com\/wp-content\/uploads\/2026\/02\/Boutique-hotel-in-Pollensa-1392x782.webp 1392w\" sizes=\"(max-width: 1920px) 100vw, 1920px\" \/><\/a>\n\t\t\t<\/div><\/figure>\n\t\t<\/div>\n\n<p data-start=\"5577\" data-end=\"5627\">Fotos via monboutiquehotel.com<\/p>\n<h4 data-start=\"5577\" data-end=\"5627\"><span class=\"ez-toc-section\" id=\"Hotel_Miramar_Mallorca_4\"><\/span><strong>Hotel Miramar Mallorca 4*<\/strong><span class=\"ez-toc-section-end\"><\/span><\/h4>\n<p>\ud83d\udccd <strong>Lage:<\/strong> Lage: Direkt am Meer \u2013 Puerto de Pollen\u00e7a. <strong><a href=\"https:\/\/maps.app.goo.gl\/9Ctwd5asCMhmeHkBA\" target=\"_blank\" rel=\"noopener\">Schau dir hier den genauen Standort an<\/a><\/strong><\/p>\n<p data-start=\"1482\" data-end=\"1681\">Das Hotel Miramar liegt direkt an der Strandpromenade von Puerto de Pollen\u00e7a und bietet sch\u00f6ne Meerblicke sowie einfachen Zugang zum Strand und zur nahegelegenen Stadt Pollen\u00e7a (ca. 10 Minuten mit dem Auto).<\/p>\n<p data-start=\"1683\" data-end=\"1764\">Es verbindet entspanntes K\u00fcstenflair mit komfortablen Zimmern und einer Terrasse direkt am Meer.<\/p>\n<p data-start=\"1766\" data-end=\"1926\"><strong data-start=\"1766\" data-end=\"1793\">Warum f\u00fcr Ostern buchen?<\/strong><br data-start=\"1793\" data-end=\"1796\" \/>Ideal, wenn du die Karfreitagszeremonie in Pollen\u00e7a besuchen m\u00f6chtest, aber am Meer \u00fcbernachten willst. Du bekommst Kultur und K\u00fcstenentspannung zugleich.<\/p>\n<p data-start=\"3031\" data-end=\"3204\"><strong>Mehr Details ansehen und buchen: <a href=\"https:\/\/booking.stay22.com\/likexpats\/NP3Vi14rWs\" target=\"_blank\" rel=\"noopener\">Hotel Miramar Mallorca<\/a><\/strong><\/p>\n<div id='gallery-12' class='gallery galleryid-2051 gallery-columns-2 gallery-size-full'><figure class='gallery-item'>\n\t\t\t<div class='gallery-icon landscape'>\n\t\t\t\t<a href='https:\/\/www.mymallorcadiary.com\/wp-content\/uploads\/2026\/02\/Hotel-Miramar-Mallorca.webp'><img decoding=\"async\" width=\"1920\" height=\"1078\" src=\"https:\/\/www.mymallorcadiary.com\/wp-content\/uploads\/2026\/02\/Hotel-Miramar-Mallorca.webp\" class=\"attachment-full size-full\" alt=\"\" srcset=\"https:\/\/www.mymallorcadiary.com\/wp-content\/uploads\/2026\/02\/Hotel-Miramar-Mallorca.webp 1920w, https:\/\/www.mymallorcadiary.com\/wp-content\/uploads\/2026\/02\/Hotel-Miramar-Mallorca-300x168.webp 300w, https:\/\/www.mymallorcadiary.com\/wp-content\/uploads\/2026\/02\/Hotel-Miramar-Mallorca-1024x575.webp 1024w, https:\/\/www.mymallorcadiary.com\/wp-content\/uploads\/2026\/02\/Hotel-Miramar-Mallorca-768x431.webp 768w, https:\/\/www.mymallorcadiary.com\/wp-content\/uploads\/2026\/02\/Hotel-Miramar-Mallorca-1536x862.webp 1536w, https:\/\/www.mymallorcadiary.com\/wp-content\/uploads\/2026\/02\/Hotel-Miramar-Mallorca-696x391.webp 696w, https:\/\/www.mymallorcadiary.com\/wp-content\/uploads\/2026\/02\/Hotel-Miramar-Mallorca-1392x782.webp 1392w\" sizes=\"(max-width: 1920px) 100vw, 1920px\" \/><\/a>\n\t\t\t<\/div><\/figure><figure class='gallery-item'>\n\t\t\t<div class='gallery-icon landscape'>\n\t\t\t\t<a href='https:\/\/www.mymallorcadiary.com\/wp-content\/uploads\/2026\/02\/Port-Pollensa-hotel.webp'><img decoding=\"async\" width=\"1920\" height=\"1078\" src=\"https:\/\/www.mymallorcadiary.com\/wp-content\/uploads\/2026\/02\/Port-Pollensa-hotel.webp\" class=\"attachment-full size-full\" alt=\"\" srcset=\"https:\/\/www.mymallorcadiary.com\/wp-content\/uploads\/2026\/02\/Port-Pollensa-hotel.webp 1920w, https:\/\/www.mymallorcadiary.com\/wp-content\/uploads\/2026\/02\/Port-Pollensa-hotel-300x168.webp 300w, https:\/\/www.mymallorcadiary.com\/wp-content\/uploads\/2026\/02\/Port-Pollensa-hotel-1024x575.webp 1024w, https:\/\/www.mymallorcadiary.com\/wp-content\/uploads\/2026\/02\/Port-Pollensa-hotel-768x431.webp 768w, https:\/\/www.mymallorcadiary.com\/wp-content\/uploads\/2026\/02\/Port-Pollensa-hotel-1536x862.webp 1536w, https:\/\/www.mymallorcadiary.com\/wp-content\/uploads\/2026\/02\/Port-Pollensa-hotel-696x391.webp 696w, https:\/\/www.mymallorcadiary.com\/wp-content\/uploads\/2026\/02\/Port-Pollensa-hotel-1392x782.webp 1392w\" sizes=\"(max-width: 1920px) 100vw, 1920px\" \/><\/a>\n\t\t\t<\/div><\/figure><figure class='gallery-item'>\n\t\t\t<div class='gallery-icon landscape'>\n\t\t\t\t<a href='https:\/\/www.mymallorcadiary.com\/wp-content\/uploads\/2026\/02\/Boutique-hotel-in-Port-Pollensa.webp'><img decoding=\"async\" width=\"1920\" height=\"1078\" src=\"https:\/\/www.mymallorcadiary.com\/wp-content\/uploads\/2026\/02\/Boutique-hotel-in-Port-Pollensa.webp\" class=\"attachment-full size-full\" alt=\"\" srcset=\"https:\/\/www.mymallorcadiary.com\/wp-content\/uploads\/2026\/02\/Boutique-hotel-in-Port-Pollensa.webp 1920w, https:\/\/www.mymallorcadiary.com\/wp-content\/uploads\/2026\/02\/Boutique-hotel-in-Port-Pollensa-300x168.webp 300w, https:\/\/www.mymallorcadiary.com\/wp-content\/uploads\/2026\/02\/Boutique-hotel-in-Port-Pollensa-1024x575.webp 1024w, https:\/\/www.mymallorcadiary.com\/wp-content\/uploads\/2026\/02\/Boutique-hotel-in-Port-Pollensa-768x431.webp 768w, https:\/\/www.mymallorcadiary.com\/wp-content\/uploads\/2026\/02\/Boutique-hotel-in-Port-Pollensa-1536x862.webp 1536w, https:\/\/www.mymallorcadiary.com\/wp-content\/uploads\/2026\/02\/Boutique-hotel-in-Port-Pollensa-696x391.webp 696w, https:\/\/www.mymallorcadiary.com\/wp-content\/uploads\/2026\/02\/Boutique-hotel-in-Port-Pollensa-1392x782.webp 1392w\" sizes=\"(max-width: 1920px) 100vw, 1920px\" \/><\/a>\n\t\t\t<\/div><\/figure><figure class='gallery-item'>\n\t\t\t<div class='gallery-icon landscape'>\n\t\t\t\t<a href='https:\/\/www.mymallorcadiary.com\/wp-content\/uploads\/2026\/02\/Miramar-Mallorca.webp'><img decoding=\"async\" width=\"1920\" height=\"1078\" src=\"https:\/\/www.mymallorcadiary.com\/wp-content\/uploads\/2026\/02\/Miramar-Mallorca.webp\" class=\"attachment-full size-full\" alt=\"\" srcset=\"https:\/\/www.mymallorcadiary.com\/wp-content\/uploads\/2026\/02\/Miramar-Mallorca.webp 1920w, https:\/\/www.mymallorcadiary.com\/wp-content\/uploads\/2026\/02\/Miramar-Mallorca-300x168.webp 300w, https:\/\/www.mymallorcadiary.com\/wp-content\/uploads\/2026\/02\/Miramar-Mallorca-1024x575.webp 1024w, https:\/\/www.mymallorcadiary.com\/wp-content\/uploads\/2026\/02\/Miramar-Mallorca-768x431.webp 768w, https:\/\/www.mymallorcadiary.com\/wp-content\/uploads\/2026\/02\/Miramar-Mallorca-1536x862.webp 1536w, https:\/\/www.mymallorcadiary.com\/wp-content\/uploads\/2026\/02\/Miramar-Mallorca-696x391.webp 696w, https:\/\/www.mymallorcadiary.com\/wp-content\/uploads\/2026\/02\/Miramar-Mallorca-1392x782.webp 1392w\" sizes=\"(max-width: 1920px) 100vw, 1920px\" \/><\/a>\n\t\t\t<\/div><\/figure>\n\t\t<\/div>\n\n<p data-start=\"3031\" data-end=\"3204\">Fotos via hotelmiramarmallorca.com<\/p>\n<h4 data-start=\"3031\" data-end=\"3204\"><span class=\"ez-toc-section\" id=\"Hotel_Llenaire\"><\/span><strong>Hotel Llenaire<\/strong><span class=\"ez-toc-section-end\"><\/span><\/h4>\n<p>\ud83d\udccd <strong>Lage:<\/strong> L\u00e4ndlich zwischen Pollen\u00e7a-Stadt und dem Hafen. <strong><a href=\"https:\/\/maps.app.goo.gl\/TiYMycbzq3yAgT9s7\" target=\"_blank\" rel=\"noopener\">Schau dir hier den genauen Standort an<\/a><\/strong><\/p>\n<p data-start=\"2089\" data-end=\"2306\">Das Hotel Llenaire ist ein wundersch\u00f6n restauriertes Landgut aus dem 19. Jahrhundert, umgeben von G\u00e4rten und Bergblick. Es liegt ruhig auf dem Land, nur eine kurze Fahrt von Pollen\u00e7as Altstadt und Puerto de Pollen\u00e7a entfernt.<\/p>\n<p data-start=\"2308\" data-end=\"2387\">Die Atmosph\u00e4re ist elegant und ruhig, mit gro\u00dfem Pool und einem gehobenen Restaurant.<\/p>\n<p data-start=\"2389\" data-end=\"2552\"><strong data-start=\"2389\" data-end=\"2416\">Warum f\u00fcr Ostern buchen?<\/strong><br data-start=\"2416\" data-end=\"2419\" \/>Perfekt f\u00fcr Reisende, die einen ruhigen R\u00fcckzugsort auf dem Land suchen und trotzdem nah an Pollen\u00e7as Ostertraditionen und der K\u00fcste sein m\u00f6chten.<\/p>\n<p data-start=\"2775\" data-end=\"2931\"><strong>Mehr Details ansehen und buchen: <a href=\"https:\/\/booking.stay22.com\/likexpats\/icVfMEUlFM\" target=\"_blank\" rel=\"noopener\">Hotel Llenaire<\/a><\/strong><\/p>\n<div id='gallery-13' class='gallery galleryid-2051 gallery-columns-2 gallery-size-full'><figure class='gallery-item'>\n\t\t\t<div class='gallery-icon landscape'>\n\t\t\t\t<a href='https:\/\/www.mymallorcadiary.com\/wp-content\/uploads\/2026\/02\/Pollensa-country-hotel.webp'><img decoding=\"async\" width=\"1920\" height=\"1078\" src=\"https:\/\/www.mymallorcadiary.com\/wp-content\/uploads\/2026\/02\/Pollensa-country-hotel.webp\" class=\"attachment-full size-full\" alt=\"\" srcset=\"https:\/\/www.mymallorcadiary.com\/wp-content\/uploads\/2026\/02\/Pollensa-country-hotel.webp 1920w, https:\/\/www.mymallorcadiary.com\/wp-content\/uploads\/2026\/02\/Pollensa-country-hotel-300x168.webp 300w, https:\/\/www.mymallorcadiary.com\/wp-content\/uploads\/2026\/02\/Pollensa-country-hotel-1024x575.webp 1024w, https:\/\/www.mymallorcadiary.com\/wp-content\/uploads\/2026\/02\/Pollensa-country-hotel-768x431.webp 768w, https:\/\/www.mymallorcadiary.com\/wp-content\/uploads\/2026\/02\/Pollensa-country-hotel-1536x862.webp 1536w, https:\/\/www.mymallorcadiary.com\/wp-content\/uploads\/2026\/02\/Pollensa-country-hotel-696x391.webp 696w, https:\/\/www.mymallorcadiary.com\/wp-content\/uploads\/2026\/02\/Pollensa-country-hotel-1392x782.webp 1392w\" sizes=\"(max-width: 1920px) 100vw, 1920px\" \/><\/a>\n\t\t\t<\/div><\/figure><figure class='gallery-item'>\n\t\t\t<div class='gallery-icon landscape'>\n\t\t\t\t<a href='https:\/\/www.mymallorcadiary.com\/wp-content\/uploads\/2026\/02\/Pollensa-agroturismo.webp'><img decoding=\"async\" width=\"1920\" height=\"1078\" src=\"https:\/\/www.mymallorcadiary.com\/wp-content\/uploads\/2026\/02\/Pollensa-agroturismo.webp\" class=\"attachment-full size-full\" alt=\"\" srcset=\"https:\/\/www.mymallorcadiary.com\/wp-content\/uploads\/2026\/02\/Pollensa-agroturismo.webp 1920w, https:\/\/www.mymallorcadiary.com\/wp-content\/uploads\/2026\/02\/Pollensa-agroturismo-300x168.webp 300w, https:\/\/www.mymallorcadiary.com\/wp-content\/uploads\/2026\/02\/Pollensa-agroturismo-1024x575.webp 1024w, https:\/\/www.mymallorcadiary.com\/wp-content\/uploads\/2026\/02\/Pollensa-agroturismo-768x431.webp 768w, https:\/\/www.mymallorcadiary.com\/wp-content\/uploads\/2026\/02\/Pollensa-agroturismo-1536x862.webp 1536w, https:\/\/www.mymallorcadiary.com\/wp-content\/uploads\/2026\/02\/Pollensa-agroturismo-696x391.webp 696w, https:\/\/www.mymallorcadiary.com\/wp-content\/uploads\/2026\/02\/Pollensa-agroturismo-1392x782.webp 1392w\" sizes=\"(max-width: 1920px) 100vw, 1920px\" \/><\/a>\n\t\t\t<\/div><\/figure><figure class='gallery-item'>\n\t\t\t<div class='gallery-icon landscape'>\n\t\t\t\t<a href='https:\/\/www.mymallorcadiary.com\/wp-content\/uploads\/2026\/02\/Countryside-hotel-in-Mallorca.webp'><img decoding=\"async\" width=\"1920\" height=\"1078\" src=\"https:\/\/www.mymallorcadiary.com\/wp-content\/uploads\/2026\/02\/Countryside-hotel-in-Mallorca.webp\" class=\"attachment-full size-full\" alt=\"\" srcset=\"https:\/\/www.mymallorcadiary.com\/wp-content\/uploads\/2026\/02\/Countryside-hotel-in-Mallorca.webp 1920w, https:\/\/www.mymallorcadiary.com\/wp-content\/uploads\/2026\/02\/Countryside-hotel-in-Mallorca-300x168.webp 300w, https:\/\/www.mymallorcadiary.com\/wp-content\/uploads\/2026\/02\/Countryside-hotel-in-Mallorca-1024x575.webp 1024w, https:\/\/www.mymallorcadiary.com\/wp-content\/uploads\/2026\/02\/Countryside-hotel-in-Mallorca-768x431.webp 768w, https:\/\/www.mymallorcadiary.com\/wp-content\/uploads\/2026\/02\/Countryside-hotel-in-Mallorca-1536x862.webp 1536w, https:\/\/www.mymallorcadiary.com\/wp-content\/uploads\/2026\/02\/Countryside-hotel-in-Mallorca-696x391.webp 696w, https:\/\/www.mymallorcadiary.com\/wp-content\/uploads\/2026\/02\/Countryside-hotel-in-Mallorca-1392x782.webp 1392w\" sizes=\"(max-width: 1920px) 100vw, 1920px\" \/><\/a>\n\t\t\t<\/div><\/figure><figure class='gallery-item'>\n\t\t\t<div class='gallery-icon landscape'>\n\t\t\t\t<a href='https:\/\/www.mymallorcadiary.com\/wp-content\/uploads\/2026\/02\/Countryside-hotel-in-Pollensa.webp'><img decoding=\"async\" width=\"1920\" height=\"1078\" src=\"https:\/\/www.mymallorcadiary.com\/wp-content\/uploads\/2026\/02\/Countryside-hotel-in-Pollensa.webp\" class=\"attachment-full size-full\" alt=\"\" srcset=\"https:\/\/www.mymallorcadiary.com\/wp-content\/uploads\/2026\/02\/Countryside-hotel-in-Pollensa.webp 1920w, https:\/\/www.mymallorcadiary.com\/wp-content\/uploads\/2026\/02\/Countryside-hotel-in-Pollensa-300x168.webp 300w, https:\/\/www.mymallorcadiary.com\/wp-content\/uploads\/2026\/02\/Countryside-hotel-in-Pollensa-1024x575.webp 1024w, https:\/\/www.mymallorcadiary.com\/wp-content\/uploads\/2026\/02\/Countryside-hotel-in-Pollensa-768x431.webp 768w, https:\/\/www.mymallorcadiary.com\/wp-content\/uploads\/2026\/02\/Countryside-hotel-in-Pollensa-1536x862.webp 1536w, https:\/\/www.mymallorcadiary.com\/wp-content\/uploads\/2026\/02\/Countryside-hotel-in-Pollensa-696x391.webp 696w, https:\/\/www.mymallorcadiary.com\/wp-content\/uploads\/2026\/02\/Countryside-hotel-in-Pollensa-1392x782.webp 1392w\" sizes=\"(max-width: 1920px) 100vw, 1920px\" \/><\/a>\n\t\t\t<\/div><\/figure>\n\t\t<\/div>\n\n<p>Fotos via hotelllenaire.com<\/p>\n<h4><span class=\"ez-toc-section\" id=\"Hotel_More_4\"><\/span><strong>Hotel Mor\u00e9 4*<\/strong><span class=\"ez-toc-section-end\"><\/span><\/h4>\n<p>\ud83d\udccd <strong>Lage:<\/strong> Gegend Bonaire, nahe Alc\u00fadia Altstadt. <strong><a href=\"https:\/\/maps.app.goo.gl\/WvYA3uuJuxMW3H2CA\" target=\"_blank\" rel=\"noopener\">Schau dir hier den genauen Standort an<\/a><\/strong><\/p>\n<p data-start=\"2685\" data-end=\"2888\">Das Hotel Mor\u00e9 liegt im Wohngebiet Bonaire, nahe Alc\u00fadias historischer Altstadt und nur wenige Schritte von einem kleinen Felsstrand entfernt. Ruhiger als die gro\u00dfen Resort-Zonen, aber trotzdem nah an allem.<\/p>\n<p data-start=\"2890\" data-end=\"2969\">Die Zimmer haben Meer- oder Bergblick, und das Hotel bietet eine ruhige, entspannte Atmosph\u00e4re.<\/p>\n<p data-start=\"2971\" data-end=\"3121\"><strong data-start=\"2971\" data-end=\"2998\">Warum f\u00fcr Ostern buchen?<\/strong><br data-start=\"2998\" data-end=\"3001\" \/>Eine tolle Option, wenn du Alc\u00fadias Altstadt und die nahe Natur erkunden m\u00f6chtest und dabei in ruhiger K\u00fcstenlage wohnen willst.<\/p>\n<p><strong>Mehr Details ansehen und buchen: <a href=\"https:\/\/booking.stay22.com\/likexpats\/SVqE5gsHo7\" target=\"_blank\" rel=\"noopener\">Hotel Mor\u00e9<\/a><\/strong><\/p>\n<div id='gallery-14' class='gallery galleryid-2051 gallery-columns-2 gallery-size-full'><figure class='gallery-item'>\n\t\t\t<div class='gallery-icon landscape'>\n\t\t\t\t<a href='https:\/\/www.mymallorcadiary.com\/wp-content\/uploads\/2026\/02\/Beautiful-hotel-in-Alcudia.webp'><img decoding=\"async\" width=\"1920\" height=\"1078\" src=\"https:\/\/www.mymallorcadiary.com\/wp-content\/uploads\/2026\/02\/Beautiful-hotel-in-Alcudia.webp\" class=\"attachment-full size-full\" alt=\"\" srcset=\"https:\/\/www.mymallorcadiary.com\/wp-content\/uploads\/2026\/02\/Beautiful-hotel-in-Alcudia.webp 1920w, https:\/\/www.mymallorcadiary.com\/wp-content\/uploads\/2026\/02\/Beautiful-hotel-in-Alcudia-300x168.webp 300w, https:\/\/www.mymallorcadiary.com\/wp-content\/uploads\/2026\/02\/Beautiful-hotel-in-Alcudia-1024x575.webp 1024w, https:\/\/www.mymallorcadiary.com\/wp-content\/uploads\/2026\/02\/Beautiful-hotel-in-Alcudia-768x431.webp 768w, https:\/\/www.mymallorcadiary.com\/wp-content\/uploads\/2026\/02\/Beautiful-hotel-in-Alcudia-1536x862.webp 1536w, https:\/\/www.mymallorcadiary.com\/wp-content\/uploads\/2026\/02\/Beautiful-hotel-in-Alcudia-696x391.webp 696w, https:\/\/www.mymallorcadiary.com\/wp-content\/uploads\/2026\/02\/Beautiful-hotel-in-Alcudia-1392x782.webp 1392w\" sizes=\"(max-width: 1920px) 100vw, 1920px\" \/><\/a>\n\t\t\t<\/div><\/figure><figure class='gallery-item'>\n\t\t\t<div class='gallery-icon landscape'>\n\t\t\t\t<a href='https:\/\/www.mymallorcadiary.com\/wp-content\/uploads\/2026\/02\/Affordable-hotel-in-Alcudia.webp'><img decoding=\"async\" width=\"1920\" height=\"1078\" src=\"https:\/\/www.mymallorcadiary.com\/wp-content\/uploads\/2026\/02\/Affordable-hotel-in-Alcudia.webp\" class=\"attachment-full size-full\" alt=\"\" srcset=\"https:\/\/www.mymallorcadiary.com\/wp-content\/uploads\/2026\/02\/Affordable-hotel-in-Alcudia.webp 1920w, https:\/\/www.mymallorcadiary.com\/wp-content\/uploads\/2026\/02\/Affordable-hotel-in-Alcudia-300x168.webp 300w, https:\/\/www.mymallorcadiary.com\/wp-content\/uploads\/2026\/02\/Affordable-hotel-in-Alcudia-1024x575.webp 1024w, https:\/\/www.mymallorcadiary.com\/wp-content\/uploads\/2026\/02\/Affordable-hotel-in-Alcudia-768x431.webp 768w, https:\/\/www.mymallorcadiary.com\/wp-content\/uploads\/2026\/02\/Affordable-hotel-in-Alcudia-1536x862.webp 1536w, https:\/\/www.mymallorcadiary.com\/wp-content\/uploads\/2026\/02\/Affordable-hotel-in-Alcudia-696x391.webp 696w, https:\/\/www.mymallorcadiary.com\/wp-content\/uploads\/2026\/02\/Affordable-hotel-in-Alcudia-1392x782.webp 1392w\" sizes=\"(max-width: 1920px) 100vw, 1920px\" \/><\/a>\n\t\t\t<\/div><\/figure><figure class='gallery-item'>\n\t\t\t<div class='gallery-icon landscape'>\n\t\t\t\t<a href='https:\/\/www.mymallorcadiary.com\/wp-content\/uploads\/2026\/02\/Hotel-More-in-Alcudia.webp'><img decoding=\"async\" width=\"1920\" height=\"1078\" src=\"https:\/\/www.mymallorcadiary.com\/wp-content\/uploads\/2026\/02\/Hotel-More-in-Alcudia.webp\" class=\"attachment-full size-full\" alt=\"\" srcset=\"https:\/\/www.mymallorcadiary.com\/wp-content\/uploads\/2026\/02\/Hotel-More-in-Alcudia.webp 1920w, https:\/\/www.mymallorcadiary.com\/wp-content\/uploads\/2026\/02\/Hotel-More-in-Alcudia-300x168.webp 300w, https:\/\/www.mymallorcadiary.com\/wp-content\/uploads\/2026\/02\/Hotel-More-in-Alcudia-1024x575.webp 1024w, https:\/\/www.mymallorcadiary.com\/wp-content\/uploads\/2026\/02\/Hotel-More-in-Alcudia-768x431.webp 768w, https:\/\/www.mymallorcadiary.com\/wp-content\/uploads\/2026\/02\/Hotel-More-in-Alcudia-1536x862.webp 1536w, https:\/\/www.mymallorcadiary.com\/wp-content\/uploads\/2026\/02\/Hotel-More-in-Alcudia-696x391.webp 696w, https:\/\/www.mymallorcadiary.com\/wp-content\/uploads\/2026\/02\/Hotel-More-in-Alcudia-1392x782.webp 1392w\" sizes=\"(max-width: 1920px) 100vw, 1920px\" \/><\/a>\n\t\t\t<\/div><\/figure><figure class='gallery-item'>\n\t\t\t<div class='gallery-icon landscape'>\n\t\t\t\t<a href='https:\/\/www.mymallorcadiary.com\/wp-content\/uploads\/2026\/02\/Hotel-More-in-Mallorca.webp'><img decoding=\"async\" width=\"1920\" height=\"1078\" src=\"https:\/\/www.mymallorcadiary.com\/wp-content\/uploads\/2026\/02\/Hotel-More-in-Mallorca.webp\" class=\"attachment-full size-full\" alt=\"\" srcset=\"https:\/\/www.mymallorcadiary.com\/wp-content\/uploads\/2026\/02\/Hotel-More-in-Mallorca.webp 1920w, https:\/\/www.mymallorcadiary.com\/wp-content\/uploads\/2026\/02\/Hotel-More-in-Mallorca-300x168.webp 300w, https:\/\/www.mymallorcadiary.com\/wp-content\/uploads\/2026\/02\/Hotel-More-in-Mallorca-1024x575.webp 1024w, https:\/\/www.mymallorcadiary.com\/wp-content\/uploads\/2026\/02\/Hotel-More-in-Mallorca-768x431.webp 768w, https:\/\/www.mymallorcadiary.com\/wp-content\/uploads\/2026\/02\/Hotel-More-in-Mallorca-1536x862.webp 1536w, https:\/\/www.mymallorcadiary.com\/wp-content\/uploads\/2026\/02\/Hotel-More-in-Mallorca-696x391.webp 696w, https:\/\/www.mymallorcadiary.com\/wp-content\/uploads\/2026\/02\/Hotel-More-in-Mallorca-1392x782.webp 1392w\" sizes=\"(max-width: 1920px) 100vw, 1920px\" \/><\/a>\n\t\t\t<\/div><\/figure>\n\t\t<\/div>\n\n<p>Fotos via hotelmore.com<\/p>\n<h4><span class=\"ez-toc-section\" id=\"Grupotel_Maritimo_4\"><\/span><strong>Grupotel Mar\u00edtimo 4*<\/strong><span class=\"ez-toc-section-end\"><\/span><\/h4>\n<p>\ud83d\udccd <strong>Lage:<\/strong> Nahe Playa de Muro, Puerto de Alc\u00fadia. <strong><a href=\"https:\/\/maps.app.goo.gl\/pnxqhvdJf5bKMrPq6\" target=\"_blank\" rel=\"noopener\">Schau dir hier den genauen Standort an<\/a><\/strong><\/p>\n<p data-start=\"3269\" data-end=\"3401\">Das Grupotel Mar\u00edtimo liegt nahe dem langen Sandstrand der Playa de Muro und etwas au\u00dferhalb des belebteren Zentrums von Puerto de Alc\u00fadia.<\/p>\n<p data-start=\"3403\" data-end=\"3488\">Das Hotel bietet gro\u00dfz\u00fcgige Zimmer, Pools, Spa-Einrichtungen und familienfreundliche Angebote.<\/p>\n<p data-start=\"3490\" data-end=\"3672\"><strong data-start=\"3490\" data-end=\"3517\">Warum f\u00fcr Ostern buchen?<\/strong><br data-start=\"3517\" data-end=\"3520\" \/>Ideal f\u00fcr Familien oder Reisende, die Strandn\u00e4he, komfortable Ausstattung und einfache Tagesausfl\u00fcge sowohl nach Alc\u00fadias Altstadt als auch in die Tramuntana-Berge m\u00f6chten.<\/p>\n<p><strong>Mehr Details ansehen und buchen: <a href=\"https:\/\/booking.stay22.com\/likexpats\/PZV67a1Kpe\" target=\"_blank\" rel=\"noopener\">Grupotel Mar\u00edtimo<\/a><\/strong><\/p>\n<div id='gallery-15' class='gallery galleryid-2051 gallery-columns-2 gallery-size-full'><figure class='gallery-item'>\n\t\t\t<div class='gallery-icon landscape'>\n\t\t\t\t<a href='https:\/\/www.mymallorcadiary.com\/wp-content\/uploads\/2026\/02\/Hotel-for-families-in-Alcudia.webp'><img decoding=\"async\" width=\"1920\" height=\"1078\" src=\"https:\/\/www.mymallorcadiary.com\/wp-content\/uploads\/2026\/02\/Hotel-for-families-in-Alcudia.webp\" class=\"attachment-full size-full\" alt=\"\" srcset=\"https:\/\/www.mymallorcadiary.com\/wp-content\/uploads\/2026\/02\/Hotel-for-families-in-Alcudia.webp 1920w, https:\/\/www.mymallorcadiary.com\/wp-content\/uploads\/2026\/02\/Hotel-for-families-in-Alcudia-300x168.webp 300w, https:\/\/www.mymallorcadiary.com\/wp-content\/uploads\/2026\/02\/Hotel-for-families-in-Alcudia-1024x575.webp 1024w, https:\/\/www.mymallorcadiary.com\/wp-content\/uploads\/2026\/02\/Hotel-for-families-in-Alcudia-768x431.webp 768w, https:\/\/www.mymallorcadiary.com\/wp-content\/uploads\/2026\/02\/Hotel-for-families-in-Alcudia-1536x862.webp 1536w, https:\/\/www.mymallorcadiary.com\/wp-content\/uploads\/2026\/02\/Hotel-for-families-in-Alcudia-696x391.webp 696w, https:\/\/www.mymallorcadiary.com\/wp-content\/uploads\/2026\/02\/Hotel-for-families-in-Alcudia-1392x782.webp 1392w\" sizes=\"(max-width: 1920px) 100vw, 1920px\" \/><\/a>\n\t\t\t<\/div><\/figure><figure class='gallery-item'>\n\t\t\t<div class='gallery-icon landscape'>\n\t\t\t\t<a href='https:\/\/www.mymallorcadiary.com\/wp-content\/uploads\/2026\/02\/Affordable-hotel-in-Alcudia-1.webp'><img decoding=\"async\" width=\"1920\" height=\"1078\" src=\"https:\/\/www.mymallorcadiary.com\/wp-content\/uploads\/2026\/02\/Affordable-hotel-in-Alcudia-1.webp\" class=\"attachment-full size-full\" alt=\"\" srcset=\"https:\/\/www.mymallorcadiary.com\/wp-content\/uploads\/2026\/02\/Affordable-hotel-in-Alcudia-1.webp 1920w, https:\/\/www.mymallorcadiary.com\/wp-content\/uploads\/2026\/02\/Affordable-hotel-in-Alcudia-1-300x168.webp 300w, https:\/\/www.mymallorcadiary.com\/wp-content\/uploads\/2026\/02\/Affordable-hotel-in-Alcudia-1-1024x575.webp 1024w, https:\/\/www.mymallorcadiary.com\/wp-content\/uploads\/2026\/02\/Affordable-hotel-in-Alcudia-1-768x431.webp 768w, https:\/\/www.mymallorcadiary.com\/wp-content\/uploads\/2026\/02\/Affordable-hotel-in-Alcudia-1-1536x862.webp 1536w, https:\/\/www.mymallorcadiary.com\/wp-content\/uploads\/2026\/02\/Affordable-hotel-in-Alcudia-1-696x391.webp 696w, https:\/\/www.mymallorcadiary.com\/wp-content\/uploads\/2026\/02\/Affordable-hotel-in-Alcudia-1-1392x782.webp 1392w\" sizes=\"(max-width: 1920px) 100vw, 1920px\" \/><\/a>\n\t\t\t<\/div><\/figure><figure class='gallery-item'>\n\t\t\t<div class='gallery-icon landscape'>\n\t\t\t\t<a href='https:\/\/www.mymallorcadiary.com\/wp-content\/uploads\/2026\/02\/Spa-hotel-in-Mallorca.webp'><img decoding=\"async\" width=\"1920\" height=\"1078\" src=\"https:\/\/www.mymallorcadiary.com\/wp-content\/uploads\/2026\/02\/Spa-hotel-in-Mallorca.webp\" class=\"attachment-full size-full\" alt=\"\" srcset=\"https:\/\/www.mymallorcadiary.com\/wp-content\/uploads\/2026\/02\/Spa-hotel-in-Mallorca.webp 1920w, https:\/\/www.mymallorcadiary.com\/wp-content\/uploads\/2026\/02\/Spa-hotel-in-Mallorca-300x168.webp 300w, https:\/\/www.mymallorcadiary.com\/wp-content\/uploads\/2026\/02\/Spa-hotel-in-Mallorca-1024x575.webp 1024w, https:\/\/www.mymallorcadiary.com\/wp-content\/uploads\/2026\/02\/Spa-hotel-in-Mallorca-768x431.webp 768w, https:\/\/www.mymallorcadiary.com\/wp-content\/uploads\/2026\/02\/Spa-hotel-in-Mallorca-1536x862.webp 1536w, https:\/\/www.mymallorcadiary.com\/wp-content\/uploads\/2026\/02\/Spa-hotel-in-Mallorca-696x391.webp 696w, https:\/\/www.mymallorcadiary.com\/wp-content\/uploads\/2026\/02\/Spa-hotel-in-Mallorca-1392x782.webp 1392w\" sizes=\"(max-width: 1920px) 100vw, 1920px\" \/><\/a>\n\t\t\t<\/div><\/figure><figure class='gallery-item'>\n\t\t\t<div class='gallery-icon landscape'>\n\t\t\t\t<a href='https:\/\/www.mymallorcadiary.com\/wp-content\/uploads\/2026\/02\/Spa-hotel-in-Alcudia.webp'><img decoding=\"async\" width=\"1920\" height=\"1078\" src=\"https:\/\/www.mymallorcadiary.com\/wp-content\/uploads\/2026\/02\/Spa-hotel-in-Alcudia.webp\" class=\"attachment-full size-full\" alt=\"\" srcset=\"https:\/\/www.mymallorcadiary.com\/wp-content\/uploads\/2026\/02\/Spa-hotel-in-Alcudia.webp 1920w, https:\/\/www.mymallorcadiary.com\/wp-content\/uploads\/2026\/02\/Spa-hotel-in-Alcudia-300x168.webp 300w, https:\/\/www.mymallorcadiary.com\/wp-content\/uploads\/2026\/02\/Spa-hotel-in-Alcudia-1024x575.webp 1024w, https:\/\/www.mymallorcadiary.com\/wp-content\/uploads\/2026\/02\/Spa-hotel-in-Alcudia-768x431.webp 768w, https:\/\/www.mymallorcadiary.com\/wp-content\/uploads\/2026\/02\/Spa-hotel-in-Alcudia-1536x862.webp 1536w, https:\/\/www.mymallorcadiary.com\/wp-content\/uploads\/2026\/02\/Spa-hotel-in-Alcudia-696x391.webp 696w, https:\/\/www.mymallorcadiary.com\/wp-content\/uploads\/2026\/02\/Spa-hotel-in-Alcudia-1392x782.webp 1392w\" sizes=\"(max-width: 1920px) 100vw, 1920px\" \/><\/a>\n\t\t\t<\/div><\/figure>\n\t\t<\/div>\n\n<p>Fotos via <a href=\"https:\/\/grupotel.com\/es\/hotels\/mallorca\/puerto-alcudia\/maritimo\">grupotel.com<\/a><\/p>\n<h3 data-start=\"5577\" data-end=\"5627\"><span class=\"ez-toc-section\" id=\"Auf_dem_Land_uebernachten_%E2%80%93_fuer_Ruhe_und_Erholung\"><\/span><strong>Auf dem Land \u00fcbernachten \u2013 f\u00fcr Ruhe und Erholung<\/strong><span class=\"ez-toc-section-end\"><\/span><\/h3>\n<p>Agroturismos und l\u00e4ndliche Fincas sind im Fr\u00fchling traumhaft. Die Landschaft ist gr\u00fcn und ruhig \u2013 perfekt f\u00fcr Familien oder Paare, die entspannen m\u00f6chten.<\/p>\n<h4><span class=\"ez-toc-section\" id=\"Zoetry_Mallorca_Wellness_Spa\"><\/span><strong>Zoetry Mallorca Wellness &amp; Spa<\/strong><span class=\"ez-toc-section-end\"><\/span><\/h4>\n<p data-start=\"682\" data-end=\"748\">\ud83d\udccd <strong>Lage:<\/strong> L\u00e4ndliches Llucmajor, ca. 20 Minuten von Palma. <strong><a href=\"https:\/\/maps.app.goo.gl\/o8hT1XZkUscfiZsr9\" target=\"_blank\" rel=\"noopener\">Schau dir hier den genauen Standort an<\/a><\/strong><\/p>\n<p data-start=\"750\" data-end=\"991\">Zo\u00ebtry Mallorca liegt auf einem historischen Anwesen aus dem 14. Jahrhundert, umgeben von Weinbergen und offenen Landschaften. Dieses luxuri\u00f6se Wellness-Retreat verbindet historische Architektur mit modernen Spa-Einrichtungen, Fine Dining und wundersch\u00f6n angelegten G\u00e4rten. Zoetry ist ein haustierfreundliches Hotel und akzeptiert daher kleine Haustiere. Bring dein Haustier mit ins Zoetry. Weitere haustierfreundliche Unterk\u00fcnfte findest du hier: <strong><a href=\"https:\/\/www.mymallorcadiary.com\/pet-friendly-hotels-in-mallorca\/\" target=\"_blank\" rel=\"noopener\">Die besten haustierfreundlichen Hotels auf Mallorca<\/a><\/strong><\/p>\n<p data-start=\"993\" data-end=\"1082\">Es bietet gro\u00dfz\u00fcgige Zimmer und Suiten, ein gro\u00dfes Spa, Au\u00dfenpools und eine gehobene Atmosph\u00e4re.<\/p>\n<p data-start=\"1084\" data-end=\"1256\"><strong data-start=\"1084\" data-end=\"1111\">Warum f\u00fcr Ostern buchen?<\/strong><br data-start=\"1111\" data-end=\"1114\" \/>Perfekt, wenn du einen luxuri\u00f6sen R\u00fcckzugsort auf dem Land mit Wellness-Anwendungen, ruhiger Umgebung und guter Anbindung an Palmas Osterprozessionen suchst.<\/p>\n<p><strong>Mehr Details ansehen und buchen:<\/strong> <strong><a href=\"https:\/\/booking.stay22.com\/likexpats\/24tfCvCoKU\" target=\"_blank\" rel=\"noopener\">Zoetry Mallorca Wellness &amp; Spa<\/a><\/strong><\/p>\n<div id='gallery-16' class='gallery galleryid-2051 gallery-columns-2 gallery-size-full'><figure class='gallery-item'>\n\t\t\t<div class='gallery-icon landscape'>\n\t\t\t\t<a href='https:\/\/www.mymallorcadiary.com\/wp-content\/uploads\/2026\/02\/Zoetry-hotel-in-Mallorca.webp'><img decoding=\"async\" width=\"1920\" height=\"1078\" src=\"https:\/\/www.mymallorcadiary.com\/wp-content\/uploads\/2026\/02\/Zoetry-hotel-in-Mallorca.webp\" class=\"attachment-full size-full\" alt=\"\" srcset=\"https:\/\/www.mymallorcadiary.com\/wp-content\/uploads\/2026\/02\/Zoetry-hotel-in-Mallorca.webp 1920w, https:\/\/www.mymallorcadiary.com\/wp-content\/uploads\/2026\/02\/Zoetry-hotel-in-Mallorca-300x168.webp 300w, https:\/\/www.mymallorcadiary.com\/wp-content\/uploads\/2026\/02\/Zoetry-hotel-in-Mallorca-1024x575.webp 1024w, https:\/\/www.mymallorcadiary.com\/wp-content\/uploads\/2026\/02\/Zoetry-hotel-in-Mallorca-768x431.webp 768w, https:\/\/www.mymallorcadiary.com\/wp-content\/uploads\/2026\/02\/Zoetry-hotel-in-Mallorca-1536x862.webp 1536w, https:\/\/www.mymallorcadiary.com\/wp-content\/uploads\/2026\/02\/Zoetry-hotel-in-Mallorca-696x391.webp 696w, https:\/\/www.mymallorcadiary.com\/wp-content\/uploads\/2026\/02\/Zoetry-hotel-in-Mallorca-1392x782.webp 1392w\" sizes=\"(max-width: 1920px) 100vw, 1920px\" \/><\/a>\n\t\t\t<\/div><\/figure><figure class='gallery-item'>\n\t\t\t<div class='gallery-icon landscape'>\n\t\t\t\t<a href='https:\/\/www.mymallorcadiary.com\/wp-content\/uploads\/2026\/02\/Zoetry-Mallorca.webp'><img decoding=\"async\" width=\"1920\" height=\"1078\" src=\"https:\/\/www.mymallorcadiary.com\/wp-content\/uploads\/2026\/02\/Zoetry-Mallorca.webp\" class=\"attachment-full size-full\" alt=\"\" srcset=\"https:\/\/www.mymallorcadiary.com\/wp-content\/uploads\/2026\/02\/Zoetry-Mallorca.webp 1920w, https:\/\/www.mymallorcadiary.com\/wp-content\/uploads\/2026\/02\/Zoetry-Mallorca-300x168.webp 300w, https:\/\/www.mymallorcadiary.com\/wp-content\/uploads\/2026\/02\/Zoetry-Mallorca-1024x575.webp 1024w, https:\/\/www.mymallorcadiary.com\/wp-content\/uploads\/2026\/02\/Zoetry-Mallorca-768x431.webp 768w, https:\/\/www.mymallorcadiary.com\/wp-content\/uploads\/2026\/02\/Zoetry-Mallorca-1536x862.webp 1536w, https:\/\/www.mymallorcadiary.com\/wp-content\/uploads\/2026\/02\/Zoetry-Mallorca-696x391.webp 696w, https:\/\/www.mymallorcadiary.com\/wp-content\/uploads\/2026\/02\/Zoetry-Mallorca-1392x782.webp 1392w\" sizes=\"(max-width: 1920px) 100vw, 1920px\" \/><\/a>\n\t\t\t<\/div><\/figure><figure class='gallery-item'>\n\t\t\t<div class='gallery-icon landscape'>\n\t\t\t\t<a href='https:\/\/www.mymallorcadiary.com\/wp-content\/uploads\/2026\/02\/Exclusive-Zoetry-Mallorca.webp'><img decoding=\"async\" width=\"1920\" height=\"1078\" src=\"https:\/\/www.mymallorcadiary.com\/wp-content\/uploads\/2026\/02\/Exclusive-Zoetry-Mallorca.webp\" class=\"attachment-full size-full\" alt=\"\" srcset=\"https:\/\/www.mymallorcadiary.com\/wp-content\/uploads\/2026\/02\/Exclusive-Zoetry-Mallorca.webp 1920w, https:\/\/www.mymallorcadiary.com\/wp-content\/uploads\/2026\/02\/Exclusive-Zoetry-Mallorca-300x168.webp 300w, https:\/\/www.mymallorcadiary.com\/wp-content\/uploads\/2026\/02\/Exclusive-Zoetry-Mallorca-1024x575.webp 1024w, https:\/\/www.mymallorcadiary.com\/wp-content\/uploads\/2026\/02\/Exclusive-Zoetry-Mallorca-768x431.webp 768w, https:\/\/www.mymallorcadiary.com\/wp-content\/uploads\/2026\/02\/Exclusive-Zoetry-Mallorca-1536x862.webp 1536w, https:\/\/www.mymallorcadiary.com\/wp-content\/uploads\/2026\/02\/Exclusive-Zoetry-Mallorca-696x391.webp 696w, https:\/\/www.mymallorcadiary.com\/wp-content\/uploads\/2026\/02\/Exclusive-Zoetry-Mallorca-1392x782.webp 1392w\" sizes=\"(max-width: 1920px) 100vw, 1920px\" \/><\/a>\n\t\t\t<\/div><\/figure><figure class='gallery-item'>\n\t\t\t<div class='gallery-icon landscape'>\n\t\t\t\t<a href='https:\/\/www.mymallorcadiary.com\/wp-content\/uploads\/2026\/02\/Exclusive-countryside-hotel-in-Mallorca.webp'><img decoding=\"async\" width=\"1920\" height=\"1078\" src=\"https:\/\/www.mymallorcadiary.com\/wp-content\/uploads\/2026\/02\/Exclusive-countryside-hotel-in-Mallorca.webp\" class=\"attachment-full size-full\" alt=\"\" srcset=\"https:\/\/www.mymallorcadiary.com\/wp-content\/uploads\/2026\/02\/Exclusive-countryside-hotel-in-Mallorca.webp 1920w, https:\/\/www.mymallorcadiary.com\/wp-content\/uploads\/2026\/02\/Exclusive-countryside-hotel-in-Mallorca-300x168.webp 300w, https:\/\/www.mymallorcadiary.com\/wp-content\/uploads\/2026\/02\/Exclusive-countryside-hotel-in-Mallorca-1024x575.webp 1024w, https:\/\/www.mymallorcadiary.com\/wp-content\/uploads\/2026\/02\/Exclusive-countryside-hotel-in-Mallorca-768x431.webp 768w, https:\/\/www.mymallorcadiary.com\/wp-content\/uploads\/2026\/02\/Exclusive-countryside-hotel-in-Mallorca-1536x862.webp 1536w, https:\/\/www.mymallorcadiary.com\/wp-content\/uploads\/2026\/02\/Exclusive-countryside-hotel-in-Mallorca-696x391.webp 696w, https:\/\/www.mymallorcadiary.com\/wp-content\/uploads\/2026\/02\/Exclusive-countryside-hotel-in-Mallorca-1392x782.webp 1392w\" sizes=\"(max-width: 1920px) 100vw, 1920px\" \/><\/a>\n\t\t\t<\/div><\/figure>\n\t\t<\/div>\n\n<p>Fotos via <a href=\"https:\/\/www.hyattinclusivecollection.com\/en\/resorts-hotels\/zoetry\/spain\/mallorca-balearic-islands\" target=\"_blank\" rel=\"noopener\">hyattinclusivecollection.com<\/a><\/p>\n<h4><span class=\"ez-toc-section\" id=\"Agroturismo_Son_Viscos\"><\/span><strong>Agroturismo Son Viscos<\/strong><span class=\"ez-toc-section-end\"><\/span><\/h4>\n<p data-start=\"1292\" data-end=\"1345\">\ud83d\udccd Lage: Gegend Valldemossa, Serra de Tramuntana. <strong><a href=\"https:\/\/maps.app.goo.gl\/C4UhDrPunkfhr95x8\" target=\"_blank\" rel=\"noopener\">Schau dir hier den genauen Standort an<\/a><\/strong><\/p>\n<p data-start=\"1347\" data-end=\"1549\">Son Viscos ist ein charmantes l\u00e4ndliches Retreat nahe Valldemossa, umgeben von Bergen und Natur. Die Finca hat eine warme, intime Atmosph\u00e4re, traditionelle Steinarchitektur und einen sch\u00f6nen Blick in den Garten.<\/p>\n<p data-start=\"1551\" data-end=\"1634\">Die Lage in der Serra de Tramuntana macht es ideal f\u00fcr Fr\u00fchlingsspazierg\u00e4nge und ruhige Morgen.<\/p>\n<p data-start=\"1636\" data-end=\"1775\"><strong data-start=\"1636\" data-end=\"1663\">Warum f\u00fcr Ostern buchen?<\/strong><br data-start=\"1663\" data-end=\"1666\" \/>Ein ruhiges Hideaway f\u00fcr Paare, die Berglandschaft, Fr\u00fchlingswanderungen und authentischen l\u00e4ndlichen Charme verbinden m\u00f6chten.<\/p>\n<p><strong>Mehr Details ansehen und buchen: <a href=\"https:\/\/booking.stay22.com\/likexpats\/dI5fuREzRt\" target=\"_blank\" rel=\"noopener\">Agroturismo Son Viscos<\/a><\/strong><\/p>\n<div id='gallery-17' class='gallery galleryid-2051 gallery-columns-2 gallery-size-full'><figure class='gallery-item'>\n\t\t\t<div class='gallery-icon landscape'>\n\t\t\t\t<a href='https:\/\/www.mymallorcadiary.com\/wp-content\/uploads\/2026\/02\/Agroturismo-en-el-norte-de-Mallorca.webp'><img decoding=\"async\" width=\"1920\" height=\"1078\" src=\"https:\/\/www.mymallorcadiary.com\/wp-content\/uploads\/2026\/02\/Agroturismo-en-el-norte-de-Mallorca.webp\" class=\"attachment-full size-full\" alt=\"\" srcset=\"https:\/\/www.mymallorcadiary.com\/wp-content\/uploads\/2026\/02\/Agroturismo-en-el-norte-de-Mallorca.webp 1920w, https:\/\/www.mymallorcadiary.com\/wp-content\/uploads\/2026\/02\/Agroturismo-en-el-norte-de-Mallorca-300x168.webp 300w, https:\/\/www.mymallorcadiary.com\/wp-content\/uploads\/2026\/02\/Agroturismo-en-el-norte-de-Mallorca-1024x575.webp 1024w, https:\/\/www.mymallorcadiary.com\/wp-content\/uploads\/2026\/02\/Agroturismo-en-el-norte-de-Mallorca-768x431.webp 768w, https:\/\/www.mymallorcadiary.com\/wp-content\/uploads\/2026\/02\/Agroturismo-en-el-norte-de-Mallorca-1536x862.webp 1536w, https:\/\/www.mymallorcadiary.com\/wp-content\/uploads\/2026\/02\/Agroturismo-en-el-norte-de-Mallorca-696x391.webp 696w, https:\/\/www.mymallorcadiary.com\/wp-content\/uploads\/2026\/02\/Agroturismo-en-el-norte-de-Mallorca-1392x782.webp 1392w\" sizes=\"(max-width: 1920px) 100vw, 1920px\" \/><\/a>\n\t\t\t<\/div><\/figure><figure class='gallery-item'>\n\t\t\t<div class='gallery-icon landscape'>\n\t\t\t\t<a href='https:\/\/www.mymallorcadiary.com\/wp-content\/uploads\/2026\/02\/Agroturismo-en-Valldemossa.webp'><img decoding=\"async\" width=\"1920\" height=\"1078\" src=\"https:\/\/www.mymallorcadiary.com\/wp-content\/uploads\/2026\/02\/Agroturismo-en-Valldemossa.webp\" class=\"attachment-full size-full\" alt=\"\" srcset=\"https:\/\/www.mymallorcadiary.com\/wp-content\/uploads\/2026\/02\/Agroturismo-en-Valldemossa.webp 1920w, https:\/\/www.mymallorcadiary.com\/wp-content\/uploads\/2026\/02\/Agroturismo-en-Valldemossa-300x168.webp 300w, https:\/\/www.mymallorcadiary.com\/wp-content\/uploads\/2026\/02\/Agroturismo-en-Valldemossa-1024x575.webp 1024w, https:\/\/www.mymallorcadiary.com\/wp-content\/uploads\/2026\/02\/Agroturismo-en-Valldemossa-768x431.webp 768w, https:\/\/www.mymallorcadiary.com\/wp-content\/uploads\/2026\/02\/Agroturismo-en-Valldemossa-1536x862.webp 1536w, https:\/\/www.mymallorcadiary.com\/wp-content\/uploads\/2026\/02\/Agroturismo-en-Valldemossa-696x391.webp 696w, https:\/\/www.mymallorcadiary.com\/wp-content\/uploads\/2026\/02\/Agroturismo-en-Valldemossa-1392x782.webp 1392w\" sizes=\"(max-width: 1920px) 100vw, 1920px\" \/><\/a>\n\t\t\t<\/div><\/figure><figure class='gallery-item'>\n\t\t\t<div class='gallery-icon landscape'>\n\t\t\t\t<a href='https:\/\/www.mymallorcadiary.com\/wp-content\/uploads\/2026\/02\/Agroturismo-Son-Viscos.webp'><img decoding=\"async\" width=\"1920\" height=\"1078\" src=\"https:\/\/www.mymallorcadiary.com\/wp-content\/uploads\/2026\/02\/Agroturismo-Son-Viscos.webp\" class=\"attachment-full size-full\" alt=\"\" srcset=\"https:\/\/www.mymallorcadiary.com\/wp-content\/uploads\/2026\/02\/Agroturismo-Son-Viscos.webp 1920w, https:\/\/www.mymallorcadiary.com\/wp-content\/uploads\/2026\/02\/Agroturismo-Son-Viscos-300x168.webp 300w, https:\/\/www.mymallorcadiary.com\/wp-content\/uploads\/2026\/02\/Agroturismo-Son-Viscos-1024x575.webp 1024w, https:\/\/www.mymallorcadiary.com\/wp-content\/uploads\/2026\/02\/Agroturismo-Son-Viscos-768x431.webp 768w, https:\/\/www.mymallorcadiary.com\/wp-content\/uploads\/2026\/02\/Agroturismo-Son-Viscos-1536x862.webp 1536w, https:\/\/www.mymallorcadiary.com\/wp-content\/uploads\/2026\/02\/Agroturismo-Son-Viscos-696x391.webp 696w, https:\/\/www.mymallorcadiary.com\/wp-content\/uploads\/2026\/02\/Agroturismo-Son-Viscos-1392x782.webp 1392w\" sizes=\"(max-width: 1920px) 100vw, 1920px\" \/><\/a>\n\t\t\t<\/div><\/figure><figure class='gallery-item'>\n\t\t\t<div class='gallery-icon landscape'>\n\t\t\t\t<a href='https:\/\/www.mymallorcadiary.com\/wp-content\/uploads\/2026\/02\/Son-Viscos-Mallorca.webp'><img decoding=\"async\" width=\"1920\" height=\"1078\" src=\"https:\/\/www.mymallorcadiary.com\/wp-content\/uploads\/2026\/02\/Son-Viscos-Mallorca.webp\" class=\"attachment-full size-full\" alt=\"\" srcset=\"https:\/\/www.mymallorcadiary.com\/wp-content\/uploads\/2026\/02\/Son-Viscos-Mallorca.webp 1920w, https:\/\/www.mymallorcadiary.com\/wp-content\/uploads\/2026\/02\/Son-Viscos-Mallorca-300x168.webp 300w, https:\/\/www.mymallorcadiary.com\/wp-content\/uploads\/2026\/02\/Son-Viscos-Mallorca-1024x575.webp 1024w, https:\/\/www.mymallorcadiary.com\/wp-content\/uploads\/2026\/02\/Son-Viscos-Mallorca-768x431.webp 768w, https:\/\/www.mymallorcadiary.com\/wp-content\/uploads\/2026\/02\/Son-Viscos-Mallorca-1536x862.webp 1536w, https:\/\/www.mymallorcadiary.com\/wp-content\/uploads\/2026\/02\/Son-Viscos-Mallorca-696x391.webp 696w, https:\/\/www.mymallorcadiary.com\/wp-content\/uploads\/2026\/02\/Son-Viscos-Mallorca-1392x782.webp 1392w\" sizes=\"(max-width: 1920px) 100vw, 1920px\" \/><\/a>\n\t\t\t<\/div><\/figure>\n\t\t<\/div>\n\n<p>Fotos via sonviscos.net<\/p>\n<h4><span class=\"ez-toc-section\" id=\"Finca_Hotel_Rural_Es_Turo_4\"><\/span><strong>Finca Hotel Rural Es Tur\u00f3 4*<\/strong><span class=\"ez-toc-section-end\"><\/span><\/h4>\n<p data-start=\"1814\" data-end=\"1865\">\ud83d\udccd Lage: S\u00fcden Mallorcas, nahe Ses Salines. <strong><a href=\"https:\/\/maps.app.goo.gl\/k5dZMzNH5MMmQ16SA\" target=\"_blank\" rel=\"noopener\">Schau dir hier den genauen Standort an<\/a><\/strong><\/p>\n<p data-start=\"1867\" data-end=\"2058\">Es Tur\u00f3 liegt auf einem kleinen H\u00fcgel mit Blick \u00fcber die Landschaft und die K\u00fcste im S\u00fcden der Insel. Es bietet Panoramablicke, gro\u00dfz\u00fcgige Zimmer, einen entspannten Poolbereich und eine ruhige l\u00e4ndliche Atmosph\u00e4re.<\/p>\n<p data-start=\"2060\" data-end=\"2123\">Str\u00e4nde wie Es Trenc und Cala Llombards sind gut erreichbar.<\/p>\n<p data-start=\"2125\" data-end=\"2262\"><strong data-start=\"2125\" data-end=\"2152\">Warum f\u00fcr Ostern buchen?<\/strong><br data-start=\"2152\" data-end=\"2155\" \/>Ideal, wenn du l\u00e4ndliche Ruhe m\u00f6chtest, aber trotzdem nah an einigen der sch\u00f6nsten Str\u00e4nde Mallorcas sein willst.<\/p>\n<p><strong>Mehr Details ansehen und buchen:<\/strong> <strong><a href=\"https:\/\/booking.stay22.com\/likexpats\/2qtF-HCchb\" target=\"_blank\" rel=\"noopener\">Finca Hotel Rural Es Tur\u00f3<\/a><\/strong><\/p>\n<div id='gallery-18' class='gallery galleryid-2051 gallery-columns-2 gallery-size-full'><figure class='gallery-item'>\n\t\t\t<div class='gallery-icon landscape'>\n\t\t\t\t<a href='https:\/\/www.mymallorcadiary.com\/wp-content\/uploads\/2026\/02\/Hotel-Rural-Es-Turo.webp'><img decoding=\"async\" width=\"1920\" height=\"1078\" src=\"https:\/\/www.mymallorcadiary.com\/wp-content\/uploads\/2026\/02\/Hotel-Rural-Es-Turo.webp\" class=\"attachment-full size-full\" alt=\"\" srcset=\"https:\/\/www.mymallorcadiary.com\/wp-content\/uploads\/2026\/02\/Hotel-Rural-Es-Turo.webp 1920w, https:\/\/www.mymallorcadiary.com\/wp-content\/uploads\/2026\/02\/Hotel-Rural-Es-Turo-300x168.webp 300w, https:\/\/www.mymallorcadiary.com\/wp-content\/uploads\/2026\/02\/Hotel-Rural-Es-Turo-1024x575.webp 1024w, https:\/\/www.mymallorcadiary.com\/wp-content\/uploads\/2026\/02\/Hotel-Rural-Es-Turo-768x431.webp 768w, https:\/\/www.mymallorcadiary.com\/wp-content\/uploads\/2026\/02\/Hotel-Rural-Es-Turo-1536x862.webp 1536w, https:\/\/www.mymallorcadiary.com\/wp-content\/uploads\/2026\/02\/Hotel-Rural-Es-Turo-696x391.webp 696w, https:\/\/www.mymallorcadiary.com\/wp-content\/uploads\/2026\/02\/Hotel-Rural-Es-Turo-1392x782.webp 1392w\" sizes=\"(max-width: 1920px) 100vw, 1920px\" \/><\/a>\n\t\t\t<\/div><\/figure><figure class='gallery-item'>\n\t\t\t<div class='gallery-icon landscape'>\n\t\t\t\t<a href='https:\/\/www.mymallorcadiary.com\/wp-content\/uploads\/2026\/02\/Hotel-Rural-Ses-Salines.webp'><img decoding=\"async\" width=\"1920\" height=\"1078\" src=\"https:\/\/www.mymallorcadiary.com\/wp-content\/uploads\/2026\/02\/Hotel-Rural-Ses-Salines.webp\" class=\"attachment-full size-full\" alt=\"\" srcset=\"https:\/\/www.mymallorcadiary.com\/wp-content\/uploads\/2026\/02\/Hotel-Rural-Ses-Salines.webp 1920w, https:\/\/www.mymallorcadiary.com\/wp-content\/uploads\/2026\/02\/Hotel-Rural-Ses-Salines-300x168.webp 300w, https:\/\/www.mymallorcadiary.com\/wp-content\/uploads\/2026\/02\/Hotel-Rural-Ses-Salines-1024x575.webp 1024w, https:\/\/www.mymallorcadiary.com\/wp-content\/uploads\/2026\/02\/Hotel-Rural-Ses-Salines-768x431.webp 768w, https:\/\/www.mymallorcadiary.com\/wp-content\/uploads\/2026\/02\/Hotel-Rural-Ses-Salines-1536x862.webp 1536w, https:\/\/www.mymallorcadiary.com\/wp-content\/uploads\/2026\/02\/Hotel-Rural-Ses-Salines-696x391.webp 696w, https:\/\/www.mymallorcadiary.com\/wp-content\/uploads\/2026\/02\/Hotel-Rural-Ses-Salines-1392x782.webp 1392w\" sizes=\"(max-width: 1920px) 100vw, 1920px\" \/><\/a>\n\t\t\t<\/div><\/figure><figure class='gallery-item'>\n\t\t\t<div class='gallery-icon landscape'>\n\t\t\t\t<a href='https:\/\/www.mymallorcadiary.com\/wp-content\/uploads\/2026\/02\/Hotel-Rural-Mallorca.webp'><img decoding=\"async\" width=\"1920\" height=\"1078\" src=\"https:\/\/www.mymallorcadiary.com\/wp-content\/uploads\/2026\/02\/Hotel-Rural-Mallorca.webp\" class=\"attachment-full size-full\" alt=\"\" srcset=\"https:\/\/www.mymallorcadiary.com\/wp-content\/uploads\/2026\/02\/Hotel-Rural-Mallorca.webp 1920w, https:\/\/www.mymallorcadiary.com\/wp-content\/uploads\/2026\/02\/Hotel-Rural-Mallorca-300x168.webp 300w, https:\/\/www.mymallorcadiary.com\/wp-content\/uploads\/2026\/02\/Hotel-Rural-Mallorca-1024x575.webp 1024w, https:\/\/www.mymallorcadiary.com\/wp-content\/uploads\/2026\/02\/Hotel-Rural-Mallorca-768x431.webp 768w, https:\/\/www.mymallorcadiary.com\/wp-content\/uploads\/2026\/02\/Hotel-Rural-Mallorca-1536x862.webp 1536w, https:\/\/www.mymallorcadiary.com\/wp-content\/uploads\/2026\/02\/Hotel-Rural-Mallorca-696x391.webp 696w, https:\/\/www.mymallorcadiary.com\/wp-content\/uploads\/2026\/02\/Hotel-Rural-Mallorca-1392x782.webp 1392w\" sizes=\"(max-width: 1920px) 100vw, 1920px\" \/><\/a>\n\t\t\t<\/div><\/figure><figure class='gallery-item'>\n\t\t\t<div class='gallery-icon landscape'>\n\t\t\t\t<a href='https:\/\/www.mymallorcadiary.com\/wp-content\/uploads\/2026\/02\/Rural-Hotel-in-Mallorca.webp'><img decoding=\"async\" width=\"1920\" height=\"1078\" src=\"https:\/\/www.mymallorcadiary.com\/wp-content\/uploads\/2026\/02\/Rural-Hotel-in-Mallorca.webp\" class=\"attachment-full size-full\" alt=\"\" srcset=\"https:\/\/www.mymallorcadiary.com\/wp-content\/uploads\/2026\/02\/Rural-Hotel-in-Mallorca.webp 1920w, https:\/\/www.mymallorcadiary.com\/wp-content\/uploads\/2026\/02\/Rural-Hotel-in-Mallorca-300x168.webp 300w, https:\/\/www.mymallorcadiary.com\/wp-content\/uploads\/2026\/02\/Rural-Hotel-in-Mallorca-1024x575.webp 1024w, https:\/\/www.mymallorcadiary.com\/wp-content\/uploads\/2026\/02\/Rural-Hotel-in-Mallorca-768x431.webp 768w, https:\/\/www.mymallorcadiary.com\/wp-content\/uploads\/2026\/02\/Rural-Hotel-in-Mallorca-1536x862.webp 1536w, https:\/\/www.mymallorcadiary.com\/wp-content\/uploads\/2026\/02\/Rural-Hotel-in-Mallorca-696x391.webp 696w, https:\/\/www.mymallorcadiary.com\/wp-content\/uploads\/2026\/02\/Rural-Hotel-in-Mallorca-1392x782.webp 1392w\" sizes=\"(max-width: 1920px) 100vw, 1920px\" \/><\/a>\n\t\t\t<\/div><\/figure>\n\t\t<\/div>\n\n<p>Fotos via esturo.com<\/p>\n<h4><span class=\"ez-toc-section\" id=\"Monnaber_Nou_Finca_Hotel_Spa\"><\/span><strong>Monnaber Nou Finca Hotel &amp; Spa<\/strong><span class=\"ez-toc-section-end\"><\/span><\/h4>\n<p data-start=\"2306\" data-end=\"2371\">\ud83d\udccd Lage: Campanet, am Fu\u00df der Tramuntana-Berge. <strong><a href=\"https:\/\/maps.app.goo.gl\/A217MtDoukK7bAbz6\" target=\"_blank\" rel=\"noopener\">Schau dir hier den genauen Standort an<\/a><\/strong><\/p>\n<p data-start=\"2373\" data-end=\"2564\">Diese historische Finca stammt aus dem 13. Jahrhundert und ist von Bergen, Olivenb\u00e4umen und Natur umgeben. Sie bietet ein Spa, einen Innenpool und weitl\u00e4ufige Anlagen \u2013 perfekt zum Spazieren und Entspannen.<\/p>\n<p data-start=\"2566\" data-end=\"2624\">Es f\u00fchlt sich abgelegen und ruhig an, ist aber dennoch gut erreichbar.<\/p>\n<p data-start=\"2626\" data-end=\"2762\"><strong data-start=\"2626\" data-end=\"2653\">Warum f\u00fcr Ostern buchen?<\/strong><br data-start=\"2653\" data-end=\"2656\" \/>Die perfekte Balance aus Aktivurlaub (Wandern, Radfahren) und Spa-Entspannung bei mildem Fr\u00fchlingswetter.<\/p>\n<p><strong>Mehr Details ansehen und buchen:<\/strong> <strong><a href=\"https:\/\/booking.stay22.com\/likexpats\/k0xwKp8gSl\" target=\"_blank\" rel=\"noopener\">Monnaber Nou Finca Hotel &amp; Spa<\/a><\/strong><\/p>\n<div id='gallery-19' class='gallery galleryid-2051 gallery-columns-2 gallery-size-full'><figure class='gallery-item'>\n\t\t\t<div class='gallery-icon landscape'>\n\t\t\t\t<a href='https:\/\/www.mymallorcadiary.com\/wp-content\/uploads\/2026\/02\/Countryside-hotel-in-Campanet.webp'><img decoding=\"async\" width=\"1920\" height=\"1078\" src=\"https:\/\/www.mymallorcadiary.com\/wp-content\/uploads\/2026\/02\/Countryside-hotel-in-Campanet.webp\" class=\"attachment-full size-full\" alt=\"\" srcset=\"https:\/\/www.mymallorcadiary.com\/wp-content\/uploads\/2026\/02\/Countryside-hotel-in-Campanet.webp 1920w, https:\/\/www.mymallorcadiary.com\/wp-content\/uploads\/2026\/02\/Countryside-hotel-in-Campanet-300x168.webp 300w, https:\/\/www.mymallorcadiary.com\/wp-content\/uploads\/2026\/02\/Countryside-hotel-in-Campanet-1024x575.webp 1024w, https:\/\/www.mymallorcadiary.com\/wp-content\/uploads\/2026\/02\/Countryside-hotel-in-Campanet-768x431.webp 768w, https:\/\/www.mymallorcadiary.com\/wp-content\/uploads\/2026\/02\/Countryside-hotel-in-Campanet-1536x862.webp 1536w, https:\/\/www.mymallorcadiary.com\/wp-content\/uploads\/2026\/02\/Countryside-hotel-in-Campanet-696x391.webp 696w, https:\/\/www.mymallorcadiary.com\/wp-content\/uploads\/2026\/02\/Countryside-hotel-in-Campanet-1392x782.webp 1392w\" sizes=\"(max-width: 1920px) 100vw, 1920px\" \/><\/a>\n\t\t\t<\/div><\/figure><figure class='gallery-item'>\n\t\t\t<div class='gallery-icon landscape'>\n\t\t\t\t<a href='https:\/\/www.mymallorcadiary.com\/wp-content\/uploads\/2026\/02\/Tramuntana-hotel.webp'><img decoding=\"async\" width=\"1920\" height=\"1078\" src=\"https:\/\/www.mymallorcadiary.com\/wp-content\/uploads\/2026\/02\/Tramuntana-hotel.webp\" class=\"attachment-full size-full\" alt=\"\" srcset=\"https:\/\/www.mymallorcadiary.com\/wp-content\/uploads\/2026\/02\/Tramuntana-hotel.webp 1920w, https:\/\/www.mymallorcadiary.com\/wp-content\/uploads\/2026\/02\/Tramuntana-hotel-300x168.webp 300w, https:\/\/www.mymallorcadiary.com\/wp-content\/uploads\/2026\/02\/Tramuntana-hotel-1024x575.webp 1024w, https:\/\/www.mymallorcadiary.com\/wp-content\/uploads\/2026\/02\/Tramuntana-hotel-768x431.webp 768w, https:\/\/www.mymallorcadiary.com\/wp-content\/uploads\/2026\/02\/Tramuntana-hotel-1536x862.webp 1536w, https:\/\/www.mymallorcadiary.com\/wp-content\/uploads\/2026\/02\/Tramuntana-hotel-696x391.webp 696w, https:\/\/www.mymallorcadiary.com\/wp-content\/uploads\/2026\/02\/Tramuntana-hotel-1392x782.webp 1392w\" sizes=\"(max-width: 1920px) 100vw, 1920px\" \/><\/a>\n\t\t\t<\/div><\/figure><figure class='gallery-item'>\n\t\t\t<div class='gallery-icon landscape'>\n\t\t\t\t<a href='https:\/\/www.mymallorcadiary.com\/wp-content\/uploads\/2026\/02\/Monnaber-Nou.webp'><img decoding=\"async\" width=\"1920\" height=\"1078\" src=\"https:\/\/www.mymallorcadiary.com\/wp-content\/uploads\/2026\/02\/Monnaber-Nou.webp\" class=\"attachment-full size-full\" alt=\"\" srcset=\"https:\/\/www.mymallorcadiary.com\/wp-content\/uploads\/2026\/02\/Monnaber-Nou.webp 1920w, https:\/\/www.mymallorcadiary.com\/wp-content\/uploads\/2026\/02\/Monnaber-Nou-300x168.webp 300w, https:\/\/www.mymallorcadiary.com\/wp-content\/uploads\/2026\/02\/Monnaber-Nou-1024x575.webp 1024w, https:\/\/www.mymallorcadiary.com\/wp-content\/uploads\/2026\/02\/Monnaber-Nou-768x431.webp 768w, https:\/\/www.mymallorcadiary.com\/wp-content\/uploads\/2026\/02\/Monnaber-Nou-1536x862.webp 1536w, https:\/\/www.mymallorcadiary.com\/wp-content\/uploads\/2026\/02\/Monnaber-Nou-696x391.webp 696w, https:\/\/www.mymallorcadiary.com\/wp-content\/uploads\/2026\/02\/Monnaber-Nou-1392x782.webp 1392w\" sizes=\"(max-width: 1920px) 100vw, 1920px\" \/><\/a>\n\t\t\t<\/div><\/figure><figure class='gallery-item'>\n\t\t\t<div class='gallery-icon landscape'>\n\t\t\t\t<a href='https:\/\/www.mymallorcadiary.com\/wp-content\/uploads\/2026\/02\/Tramuntana-Countryside-hotel.webp'><img decoding=\"async\" width=\"1920\" height=\"1078\" src=\"https:\/\/www.mymallorcadiary.com\/wp-content\/uploads\/2026\/02\/Tramuntana-Countryside-hotel.webp\" class=\"attachment-full size-full\" alt=\"\" srcset=\"https:\/\/www.mymallorcadiary.com\/wp-content\/uploads\/2026\/02\/Tramuntana-Countryside-hotel.webp 1920w, https:\/\/www.mymallorcadiary.com\/wp-content\/uploads\/2026\/02\/Tramuntana-Countryside-hotel-300x168.webp 300w, https:\/\/www.mymallorcadiary.com\/wp-content\/uploads\/2026\/02\/Tramuntana-Countryside-hotel-1024x575.webp 1024w, https:\/\/www.mymallorcadiary.com\/wp-content\/uploads\/2026\/02\/Tramuntana-Countryside-hotel-768x431.webp 768w, https:\/\/www.mymallorcadiary.com\/wp-content\/uploads\/2026\/02\/Tramuntana-Countryside-hotel-1536x862.webp 1536w, https:\/\/www.mymallorcadiary.com\/wp-content\/uploads\/2026\/02\/Tramuntana-Countryside-hotel-696x391.webp 696w, https:\/\/www.mymallorcadiary.com\/wp-content\/uploads\/2026\/02\/Tramuntana-Countryside-hotel-1392x782.webp 1392w\" sizes=\"(max-width: 1920px) 100vw, 1920px\" \/><\/a>\n\t\t\t<\/div><\/figure>\n\t\t<\/div>\n\n<p>Fotos via monnabernou.com<\/p>\n<h4><span class=\"ez-toc-section\" id=\"Son_Julia_Country_House_Spa\"><\/span><strong>Son Julia Country House &amp; Spa<\/strong><span class=\"ez-toc-section-end\"><\/span><\/h4>\n<p data-start=\"2805\" data-end=\"2841\">\ud83d\udccd Lage: L\u00e4ndliches Llucmajor. <strong><a href=\"https:\/\/maps.app.goo.gl\/N99YHLtVHuVimQKW6\" target=\"_blank\" rel=\"noopener\">Schau dir hier den genauen Standort an<\/a><\/strong><\/p>\n<p data-start=\"2843\" data-end=\"3043\">Son Julia ist ein elegantes Country-House-Hotel in einem wundersch\u00f6n restaurierten Herrenhaus, umgeben von G\u00e4rten und Weinbergen. Es verbindet Eleganz, Raum und Privatsph\u00e4re mit Spa-Einrichtungen und Au\u00dfenpools.<\/p>\n<p data-start=\"3045\" data-end=\"3112\">Es liegt n\u00e4her an Palma als viele l\u00e4ndliche Hotels, was Tagesausfl\u00fcge einfach macht.<\/p>\n<p data-start=\"3114\" data-end=\"3243\"><strong data-start=\"3114\" data-end=\"3141\">Warum f\u00fcr Ostern buchen?<\/strong><br data-start=\"3141\" data-end=\"3144\" \/>Ideal f\u00fcr Paare, die romantischen Luxus auf dem Land suchen \u2013 mit schneller Anbindung an Palmas kulturelle Events.<\/p>\n<p><strong>Mehr Details ansehen und buchen:<\/strong> <strong><a href=\"https:\/\/booking.stay22.com\/likexpats\/mzjNQU_Zkj\" target=\"_blank\" rel=\"noopener\">Son Julia Country House &amp; Spa<\/a><\/strong><\/p>\n<div id='gallery-20' class='gallery galleryid-2051 gallery-columns-2 gallery-size-full'><figure class='gallery-item'>\n\t\t\t<div class='gallery-icon landscape'>\n\t\t\t\t<a href='https:\/\/www.mymallorcadiary.com\/wp-content\/uploads\/2026\/02\/Country-house-hotel-in-Mallorca.webp'><img decoding=\"async\" width=\"1920\" height=\"1078\" src=\"https:\/\/www.mymallorcadiary.com\/wp-content\/uploads\/2026\/02\/Country-house-hotel-in-Mallorca.webp\" class=\"attachment-full size-full\" alt=\"\" srcset=\"https:\/\/www.mymallorcadiary.com\/wp-content\/uploads\/2026\/02\/Country-house-hotel-in-Mallorca.webp 1920w, https:\/\/www.mymallorcadiary.com\/wp-content\/uploads\/2026\/02\/Country-house-hotel-in-Mallorca-300x168.webp 300w, https:\/\/www.mymallorcadiary.com\/wp-content\/uploads\/2026\/02\/Country-house-hotel-in-Mallorca-1024x575.webp 1024w, https:\/\/www.mymallorcadiary.com\/wp-content\/uploads\/2026\/02\/Country-house-hotel-in-Mallorca-768x431.webp 768w, https:\/\/www.mymallorcadiary.com\/wp-content\/uploads\/2026\/02\/Country-house-hotel-in-Mallorca-1536x862.webp 1536w, https:\/\/www.mymallorcadiary.com\/wp-content\/uploads\/2026\/02\/Country-house-hotel-in-Mallorca-696x391.webp 696w, https:\/\/www.mymallorcadiary.com\/wp-content\/uploads\/2026\/02\/Country-house-hotel-in-Mallorca-1392x782.webp 1392w\" sizes=\"(max-width: 1920px) 100vw, 1920px\" \/><\/a>\n\t\t\t<\/div><\/figure><figure class='gallery-item'>\n\t\t\t<div class='gallery-icon landscape'>\n\t\t\t\t<a href='https:\/\/www.mymallorcadiary.com\/wp-content\/uploads\/2026\/02\/Country-hotel-in-Mallorca.webp'><img decoding=\"async\" width=\"1920\" height=\"1078\" src=\"https:\/\/www.mymallorcadiary.com\/wp-content\/uploads\/2026\/02\/Country-hotel-in-Mallorca.webp\" class=\"attachment-full size-full\" alt=\"\" srcset=\"https:\/\/www.mymallorcadiary.com\/wp-content\/uploads\/2026\/02\/Country-hotel-in-Mallorca.webp 1920w, https:\/\/www.mymallorcadiary.com\/wp-content\/uploads\/2026\/02\/Country-hotel-in-Mallorca-300x168.webp 300w, https:\/\/www.mymallorcadiary.com\/wp-content\/uploads\/2026\/02\/Country-hotel-in-Mallorca-1024x575.webp 1024w, https:\/\/www.mymallorcadiary.com\/wp-content\/uploads\/2026\/02\/Country-hotel-in-Mallorca-768x431.webp 768w, https:\/\/www.mymallorcadiary.com\/wp-content\/uploads\/2026\/02\/Country-hotel-in-Mallorca-1536x862.webp 1536w, https:\/\/www.mymallorcadiary.com\/wp-content\/uploads\/2026\/02\/Country-hotel-in-Mallorca-696x391.webp 696w, https:\/\/www.mymallorcadiary.com\/wp-content\/uploads\/2026\/02\/Country-hotel-in-Mallorca-1392x782.webp 1392w\" sizes=\"(max-width: 1920px) 100vw, 1920px\" \/><\/a>\n\t\t\t<\/div><\/figure><figure class='gallery-item'>\n\t\t\t<div class='gallery-icon landscape'>\n\t\t\t\t<a href='https:\/\/www.mymallorcadiary.com\/wp-content\/uploads\/2026\/02\/Llucmajor-countryside-hotel.webp'><img decoding=\"async\" width=\"1920\" height=\"1078\" src=\"https:\/\/www.mymallorcadiary.com\/wp-content\/uploads\/2026\/02\/Llucmajor-countryside-hotel.webp\" class=\"attachment-full size-full\" alt=\"\" srcset=\"https:\/\/www.mymallorcadiary.com\/wp-content\/uploads\/2026\/02\/Llucmajor-countryside-hotel.webp 1920w, https:\/\/www.mymallorcadiary.com\/wp-content\/uploads\/2026\/02\/Llucmajor-countryside-hotel-300x168.webp 300w, https:\/\/www.mymallorcadiary.com\/wp-content\/uploads\/2026\/02\/Llucmajor-countryside-hotel-1024x575.webp 1024w, https:\/\/www.mymallorcadiary.com\/wp-content\/uploads\/2026\/02\/Llucmajor-countryside-hotel-768x431.webp 768w, https:\/\/www.mymallorcadiary.com\/wp-content\/uploads\/2026\/02\/Llucmajor-countryside-hotel-1536x862.webp 1536w, https:\/\/www.mymallorcadiary.com\/wp-content\/uploads\/2026\/02\/Llucmajor-countryside-hotel-696x391.webp 696w, https:\/\/www.mymallorcadiary.com\/wp-content\/uploads\/2026\/02\/Llucmajor-countryside-hotel-1392x782.webp 1392w\" sizes=\"(max-width: 1920px) 100vw, 1920px\" \/><\/a>\n\t\t\t<\/div><\/figure><figure class='gallery-item'>\n\t\t\t<div class='gallery-icon landscape'>\n\t\t\t\t<a href='https:\/\/www.mymallorcadiary.com\/wp-content\/uploads\/2026\/02\/Hotel-Spa-in-Mallorca.webp'><img decoding=\"async\" width=\"1920\" height=\"1078\" src=\"https:\/\/www.mymallorcadiary.com\/wp-content\/uploads\/2026\/02\/Hotel-Spa-in-Mallorca.webp\" class=\"attachment-full size-full\" alt=\"\" srcset=\"https:\/\/www.mymallorcadiary.com\/wp-content\/uploads\/2026\/02\/Hotel-Spa-in-Mallorca.webp 1920w, https:\/\/www.mymallorcadiary.com\/wp-content\/uploads\/2026\/02\/Hotel-Spa-in-Mallorca-300x168.webp 300w, https:\/\/www.mymallorcadiary.com\/wp-content\/uploads\/2026\/02\/Hotel-Spa-in-Mallorca-1024x575.webp 1024w, https:\/\/www.mymallorcadiary.com\/wp-content\/uploads\/2026\/02\/Hotel-Spa-in-Mallorca-768x431.webp 768w, https:\/\/www.mymallorcadiary.com\/wp-content\/uploads\/2026\/02\/Hotel-Spa-in-Mallorca-1536x862.webp 1536w, https:\/\/www.mymallorcadiary.com\/wp-content\/uploads\/2026\/02\/Hotel-Spa-in-Mallorca-696x391.webp 696w, https:\/\/www.mymallorcadiary.com\/wp-content\/uploads\/2026\/02\/Hotel-Spa-in-Mallorca-1392x782.webp 1392w\" sizes=\"(max-width: 1920px) 100vw, 1920px\" \/><\/a>\n\t\t\t<\/div><\/figure>\n\t\t<\/div>\n\n<p>Fotos via sonjulia.com<\/p>\n<h4><span class=\"ez-toc-section\" id=\"Finca_Cas_Curial_Adults_Only\"><\/span><strong>Finca Ca&#8217;s Curial (Adults Only)<\/strong><span class=\"ez-toc-section-end\"><\/span><\/h4>\n<p data-start=\"3288\" data-end=\"3338\">\ud83d\udccd Lage: S\u00f3ller-Tal, Serra de Tramuntana. <strong><a href=\"https:\/\/maps.app.goo.gl\/LUUxuX2G6Xg6UKKo8\" target=\"_blank\" rel=\"noopener\">Schau dir hier den genauen Standort an<\/a><\/strong><\/p>\n<p data-start=\"3340\" data-end=\"3505\">Inmitten des \u00fcppigen S\u00f3ller-Tals gelegen, ist diese Adults-only-Finca von Orangenhainen und Bergblick umgeben. Die Atmosph\u00e4re ist intim, romantisch und extrem ruhig.<\/p>\n<p data-start=\"3507\" data-end=\"3578\">Sie bietet traditionelle Architektur mit eleganten, zur\u00fcckhaltenden Interiors.<\/p>\n<p data-start=\"3580\" data-end=\"3754\"><strong data-start=\"3580\" data-end=\"3607\">Warum f\u00fcr Ostern buchen?<\/strong><br data-start=\"3607\" data-end=\"3610\" \/>Der Fr\u00fchling in S\u00f3ller ist spektakul\u00e4r: bl\u00fchende Zitrusb\u00e4ume und milde Temperaturen \u2013 perfekt f\u00fcr Paare, die Ruhe und nat\u00fcrliche Sch\u00f6nheit suchen.<\/p>\n<p><strong>Mehr Details ansehen und buchen: <a href=\"https:\/\/booking.stay22.com\/likexpats\/CX2Lhh4L6u\" target=\"_blank\" rel=\"noopener\">Finca Ca&#8217;s Curial (Adults Only)<\/a><\/strong><\/p>\n<div id='gallery-21' class='gallery galleryid-2051 gallery-columns-2 gallery-size-full'><figure class='gallery-item'>\n\t\t\t<div class='gallery-icon landscape'>\n\t\t\t\t<a href='https:\/\/www.mymallorcadiary.com\/wp-content\/uploads\/2026\/02\/Cas-Curial-hotel.webp'><img decoding=\"async\" width=\"1920\" height=\"1078\" src=\"https:\/\/www.mymallorcadiary.com\/wp-content\/uploads\/2026\/02\/Cas-Curial-hotel.webp\" class=\"attachment-full size-full\" alt=\"\" srcset=\"https:\/\/www.mymallorcadiary.com\/wp-content\/uploads\/2026\/02\/Cas-Curial-hotel.webp 1920w, https:\/\/www.mymallorcadiary.com\/wp-content\/uploads\/2026\/02\/Cas-Curial-hotel-300x168.webp 300w, https:\/\/www.mymallorcadiary.com\/wp-content\/uploads\/2026\/02\/Cas-Curial-hotel-1024x575.webp 1024w, https:\/\/www.mymallorcadiary.com\/wp-content\/uploads\/2026\/02\/Cas-Curial-hotel-768x431.webp 768w, https:\/\/www.mymallorcadiary.com\/wp-content\/uploads\/2026\/02\/Cas-Curial-hotel-1536x862.webp 1536w, https:\/\/www.mymallorcadiary.com\/wp-content\/uploads\/2026\/02\/Cas-Curial-hotel-696x391.webp 696w, https:\/\/www.mymallorcadiary.com\/wp-content\/uploads\/2026\/02\/Cas-Curial-hotel-1392x782.webp 1392w\" sizes=\"(max-width: 1920px) 100vw, 1920px\" \/><\/a>\n\t\t\t<\/div><\/figure><figure class='gallery-item'>\n\t\t\t<div class='gallery-icon landscape'>\n\t\t\t\t<a href='https:\/\/www.mymallorcadiary.com\/wp-content\/uploads\/2026\/02\/Finca-Agroturismo-in-Soller.webp'><img decoding=\"async\" width=\"1920\" height=\"1078\" src=\"https:\/\/www.mymallorcadiary.com\/wp-content\/uploads\/2026\/02\/Finca-Agroturismo-in-Soller.webp\" class=\"attachment-full size-full\" alt=\"\" srcset=\"https:\/\/www.mymallorcadiary.com\/wp-content\/uploads\/2026\/02\/Finca-Agroturismo-in-Soller.webp 1920w, https:\/\/www.mymallorcadiary.com\/wp-content\/uploads\/2026\/02\/Finca-Agroturismo-in-Soller-300x168.webp 300w, https:\/\/www.mymallorcadiary.com\/wp-content\/uploads\/2026\/02\/Finca-Agroturismo-in-Soller-1024x575.webp 1024w, https:\/\/www.mymallorcadiary.com\/wp-content\/uploads\/2026\/02\/Finca-Agroturismo-in-Soller-768x431.webp 768w, https:\/\/www.mymallorcadiary.com\/wp-content\/uploads\/2026\/02\/Finca-Agroturismo-in-Soller-1536x862.webp 1536w, https:\/\/www.mymallorcadiary.com\/wp-content\/uploads\/2026\/02\/Finca-Agroturismo-in-Soller-696x391.webp 696w, https:\/\/www.mymallorcadiary.com\/wp-content\/uploads\/2026\/02\/Finca-Agroturismo-in-Soller-1392x782.webp 1392w\" sizes=\"(max-width: 1920px) 100vw, 1920px\" \/><\/a>\n\t\t\t<\/div><\/figure><figure class='gallery-item'>\n\t\t\t<div class='gallery-icon landscape'>\n\t\t\t\t<a href='https:\/\/www.mymallorcadiary.com\/wp-content\/uploads\/2026\/02\/Agroturismo-in-Soller.webp'><img decoding=\"async\" width=\"1920\" height=\"1078\" src=\"https:\/\/www.mymallorcadiary.com\/wp-content\/uploads\/2026\/02\/Agroturismo-in-Soller.webp\" class=\"attachment-full size-full\" alt=\"\" srcset=\"https:\/\/www.mymallorcadiary.com\/wp-content\/uploads\/2026\/02\/Agroturismo-in-Soller.webp 1920w, https:\/\/www.mymallorcadiary.com\/wp-content\/uploads\/2026\/02\/Agroturismo-in-Soller-300x168.webp 300w, https:\/\/www.mymallorcadiary.com\/wp-content\/uploads\/2026\/02\/Agroturismo-in-Soller-1024x575.webp 1024w, https:\/\/www.mymallorcadiary.com\/wp-content\/uploads\/2026\/02\/Agroturismo-in-Soller-768x431.webp 768w, https:\/\/www.mymallorcadiary.com\/wp-content\/uploads\/2026\/02\/Agroturismo-in-Soller-1536x862.webp 1536w, https:\/\/www.mymallorcadiary.com\/wp-content\/uploads\/2026\/02\/Agroturismo-in-Soller-696x391.webp 696w, https:\/\/www.mymallorcadiary.com\/wp-content\/uploads\/2026\/02\/Agroturismo-in-Soller-1392x782.webp 1392w\" sizes=\"(max-width: 1920px) 100vw, 1920px\" \/><\/a>\n\t\t\t<\/div><\/figure><figure class='gallery-item'>\n\t\t\t<div class='gallery-icon landscape'>\n\t\t\t\t<a href='https:\/\/www.mymallorcadiary.com\/wp-content\/uploads\/2026\/02\/Rural-hotel-in-Soller.webp'><img decoding=\"async\" width=\"1920\" height=\"1078\" src=\"https:\/\/www.mymallorcadiary.com\/wp-content\/uploads\/2026\/02\/Rural-hotel-in-Soller.webp\" class=\"attachment-full size-full\" alt=\"\" srcset=\"https:\/\/www.mymallorcadiary.com\/wp-content\/uploads\/2026\/02\/Rural-hotel-in-Soller.webp 1920w, https:\/\/www.mymallorcadiary.com\/wp-content\/uploads\/2026\/02\/Rural-hotel-in-Soller-300x168.webp 300w, https:\/\/www.mymallorcadiary.com\/wp-content\/uploads\/2026\/02\/Rural-hotel-in-Soller-1024x575.webp 1024w, https:\/\/www.mymallorcadiary.com\/wp-content\/uploads\/2026\/02\/Rural-hotel-in-Soller-768x431.webp 768w, https:\/\/www.mymallorcadiary.com\/wp-content\/uploads\/2026\/02\/Rural-hotel-in-Soller-1536x862.webp 1536w, https:\/\/www.mymallorcadiary.com\/wp-content\/uploads\/2026\/02\/Rural-hotel-in-Soller-696x391.webp 696w, https:\/\/www.mymallorcadiary.com\/wp-content\/uploads\/2026\/02\/Rural-hotel-in-Soller-1392x782.webp 1392w\" sizes=\"(max-width: 1920px) 100vw, 1920px\" \/><\/a>\n\t\t\t<\/div><\/figure>\n\t\t<\/div>\n\n<p>Fotos via cascurial.com<\/p>\n<p><strong>F\u00fcr mehr Infos zu Unterk\u00fcnften kannst du auch unseren Blogartikel lesen:<\/strong> <strong><a href=\"https:\/\/www.mymallorcadiary.com\/affordable-hotels-in-mallorca\/\" target=\"_blank\" rel=\"noopener\">Die besten g\u00fcnstigen Hotels auf Mallorca<\/a><\/strong><\/p>\n<h2 data-start=\"6381\" data-end=\"6457\"><span class=\"ez-toc-section\" id=\"Praktische_Tipps_fuer_Mallorca_an_Ostern\"><\/span><strong>Praktische Tipps f\u00fcr Mallorca an Ostern<\/strong><span class=\"ez-toc-section-end\"><\/span><\/h2>\n<ul>\n<li data-start=\"6519\" data-end=\"6552\">\n<p data-start=\"6521\" data-end=\"6552\">Unterkunft im Voraus buchen<\/p>\n<\/li>\n<li data-start=\"6553\" data-end=\"6612\">\n<p data-start=\"6555\" data-end=\"6612\">Rechne bei gro\u00dfen Prozessionen mit tempor\u00e4ren Stra\u00dfensperrungen<\/p>\n<\/li>\n<li data-start=\"6613\" data-end=\"6666\">\n<p data-start=\"6615\" data-end=\"6666\">Einige Gesch\u00e4fte schlie\u00dfen am Karfreitag und am Ostersonntag<\/p>\n<\/li>\n<li data-start=\"6667\" data-end=\"6728\">\n<p data-start=\"6669\" data-end=\"6728\">Restaurants reservieren \u2013 besonders in beliebten Orten<\/p>\n<\/li>\n<\/ul>\n<h3><span class=\"ez-toc-section\" id=\"Mallorca_in_voller_Fruehlingsbluete_erleben\"><\/span><strong>Mallorca in voller Fr\u00fchlingsbl\u00fcte erleben<\/strong><span class=\"ez-toc-section-end\"><\/span><\/h3>\n<p data-start=\"6782\" data-end=\"7014\">Ostern auf Mallorca ist eine einzigartige Mischung aus Tradition, Sonne und mediterranem Lebensgef\u00fchl. Ob du wegen der Prozessionen, der Landschaften, der Str\u00e4nde oder des Essens kommst \u2013 es ist eine magische Zeit, um die Insel zu entdecken, bevor der Sommer beginnt.<\/p>\n<p data-start=\"7016\" data-end=\"7086\">Wenn du deine Reise planst, k\u00f6nnte Ostern genau der perfekte Zeitpunkt sein.<\/p>\n<h2 data-start=\"7016\" data-end=\"7086\"><span class=\"ez-toc-section\" id=\"Haeufige_Fragen_Ostern_auf_Mallorca\"><\/span><strong>H\u00e4ufige Fragen: Ostern auf Mallorca<\/strong><span class=\"ez-toc-section-end\"><\/span><\/h2>\n<h3><span class=\"ez-toc-section\" id=\"Ist_Ostern_eine_gute_Zeit_um_Mallorca_zu_besuchen\"><\/span><strong>Ist Ostern eine gute Zeit, um Mallorca zu besuchen?<\/strong><span class=\"ez-toc-section-end\"><\/span><\/h3>\n<p>Ja, Ostern ist eine der besten Zeiten f\u00fcr Mallorca, wenn du milde Temperaturen, weniger Andrang als im Sommer und eine Mischung aus Kultur, Natur und Strandzeit bevorzugst. Die Insel wirkt lebendig, aber nicht \u00fcberf\u00fcllt, und die Fr\u00fchlingslandschaften sind wundersch\u00f6n.<\/p>\n<h3><span class=\"ez-toc-section\" id=\"Wie_ist_das_Wetter_auf_Mallorca_an_Ostern\"><\/span><strong>Wie ist das Wetter auf Mallorca an Ostern?<\/strong><span class=\"ez-toc-section-end\"><\/span><\/h3>\n<p>Das Wetter auf Mallorca ist an Ostern meist mild und sonnig, mit Temperaturen zwischen 18\u00b0C und 22\u00b0C tags\u00fcber. Abends kann es k\u00fchler sein, daher ist eine leichte Jacke empfehlenswert. Ideal zum Wandern, Sightseeing und Essen im Freien.<\/p>\n<h3><span class=\"ez-toc-section\" id=\"Haben_Geschaefte_und_Restaurants_an_Ostern_auf_Mallorca_geoeffnet\"><\/span><strong>Haben Gesch\u00e4fte und Restaurants an Ostern auf Mallorca ge\u00f6ffnet?<\/strong><span class=\"ez-toc-section-end\"><\/span><\/h3>\n<p>Die meisten Restaurants \u00f6ffnen rund um Ostern wieder f\u00fcr die Saison, besonders in touristischen Gegenden. Einige Gesch\u00e4fte k\u00f6nnen jedoch am Karfreitag und am Ostersonntag geschlossen sein. Superm\u00e4rkte und Caf\u00e9s in gr\u00f6\u00dferen Orten bleiben meist ge\u00f6ffnet, oft mit eingeschr\u00e4nkten Zeiten.<\/p>\n<h3><span class=\"ez-toc-section\" id=\"Wo_sind_die_besten_Osterprozessionen_auf_Mallorca\"><\/span><strong>Wo sind die besten Osterprozessionen auf Mallorca?<\/strong><span class=\"ez-toc-section-end\"><\/span><\/h3>\n<p>Die beeindruckendsten Osterprozessionen finden in <strong><a href=\"https:\/\/maps.app.goo.gl\/Yg8EUX9zas8qR9hR7\" target=\"_blank\" rel=\"noopener\">Palma de Mallorca<\/a><\/strong> statt, besonders am Gr\u00fcndonnerstag und Karfreitag. <strong><a href=\"https:\/\/maps.app.goo.gl\/sNhEunvj99fdJtoV8\" target=\"_blank\" rel=\"noopener\">Pollen\u00e7a<\/a><\/strong> ist au\u00dferdem ber\u00fchmt f\u00fcr \u201eEl Davallament\u201c, eine der emotionalsten Karwochen-Traditionen der Insel. Auch kleinere Orte wie <strong><a href=\"https:\/\/maps.app.goo.gl\/dsDzKwZb165QLqLp6\" target=\"_blank\" rel=\"noopener\">Art\u00e0<\/a><\/strong> und <strong><a href=\"https:\/\/maps.app.goo.gl\/PA7AXGqNZvnErKTx6\" target=\"_blank\" rel=\"noopener\">S\u00f3ller<\/a><\/strong> veranstalten wundersch\u00f6ne Prozessionen.<\/p>\n<h3><span class=\"ez-toc-section\" id=\"Was_kann_man_an_Ostern_auf_Mallorca_ausser_religioesen_Events_machen\"><\/span><strong>Was kann man an Ostern auf Mallorca au\u00dfer religi\u00f6sen Events machen?<\/strong><span class=\"ez-toc-section-end\"><\/span><\/h3>\n<p data-start=\"1553\" data-end=\"1592\">Neben dem Besuch von Prozessionen kannst du:<\/p>\n<ul data-start=\"1594\" data-end=\"1833\">\n<li data-start=\"1594\" data-end=\"1644\">\n<p data-start=\"1596\" data-end=\"1644\">Mallorcas Str\u00e4nde ohne Sommerandrang besuchen<\/p>\n<\/li>\n<li data-start=\"1645\" data-end=\"1703\">\n<p data-start=\"1647\" data-end=\"1703\">Charmante D\u00f6rfer wie <strong><a href=\"https:\/\/maps.app.goo.gl\/TKyWFW5R8sR4Yv1b8\" target=\"_blank\" rel=\"noopener\">Santany\u00ed<\/a><\/strong> oder <strong><a href=\"https:\/\/maps.app.goo.gl\/9RqWz1GsvxUoMhTX6\" target=\"_blank\" rel=\"noopener\">Valldemossa<\/a><\/strong> erkunden<\/p>\n<\/li>\n<li data-start=\"1704\" data-end=\"1744\">\n<p data-start=\"1706\" data-end=\"1744\">In der Serra de Tramuntana wandern<\/p>\n<\/li>\n<li data-start=\"1745\" data-end=\"1803\">\n<p data-start=\"1747\" data-end=\"1803\">Saisonale mallorquinische Spezialit\u00e4ten wie Panades und Robiols genie\u00dfen<\/p>\n<\/li>\n<li data-start=\"1804\" data-end=\"1833\">\n<p data-start=\"1806\" data-end=\"1833\">Malerische K\u00fcstenspazierg\u00e4nge machen<\/p>\n<\/li>\n<\/ul>\n<p data-start=\"1835\" data-end=\"1898\">Ostern ist perfekt, um Kultur und Outdoor-Aktivit\u00e4ten zu kombinieren.<\/p>\n<p data-start=\"1835\" data-end=\"1898\"><img decoding=\"async\" class=\"alignnone wp-image-565 size-full\" src=\"https:\/\/www.mymallorcadiary.com\/wp-content\/uploads\/2025\/04\/Best-beaches-south-MallorcaEs-Trenc.webp\" alt=\"Es-Trenc-Strand auf Mallorca\" width=\"1920\" height=\"1440\" srcset=\"https:\/\/www.mymallorcadiary.com\/wp-content\/uploads\/2025\/04\/Best-beaches-south-MallorcaEs-Trenc.webp 1920w, https:\/\/www.mymallorcadiary.com\/wp-content\/uploads\/2025\/04\/Best-beaches-south-MallorcaEs-Trenc-300x225.webp 300w, https:\/\/www.mymallorcadiary.com\/wp-content\/uploads\/2025\/04\/Best-beaches-south-MallorcaEs-Trenc-1024x768.webp 1024w, https:\/\/www.mymallorcadiary.com\/wp-content\/uploads\/2025\/04\/Best-beaches-south-MallorcaEs-Trenc-768x576.webp 768w, https:\/\/www.mymallorcadiary.com\/wp-content\/uploads\/2025\/04\/Best-beaches-south-MallorcaEs-Trenc-1536x1152.webp 1536w, https:\/\/www.mymallorcadiary.com\/wp-content\/uploads\/2025\/04\/Best-beaches-south-MallorcaEs-Trenc-696x522.webp 696w, https:\/\/www.mymallorcadiary.com\/wp-content\/uploads\/2025\/04\/Best-beaches-south-MallorcaEs-Trenc-1392x1044.webp 1392w\" sizes=\"(max-width: 1920px) 100vw, 1920px\" \/><\/p>\n<h3 data-start=\"1835\" data-end=\"1898\"><span class=\"ez-toc-section\" id=\"Ist_Mallorca_an_Ostern_ueberlaufen\"><\/span><strong>Ist Mallorca an Ostern \u00fcberlaufen?<\/strong><span class=\"ez-toc-section-end\"><\/span><\/h3>\n<p data-start=\"5140\" data-end=\"5186\">Mallorca ist belebter als im Winter, besonders durch spanische Besucher, die f\u00fcr die Semana Santa reisen, aber immer noch deutlich weniger voll als im Juli oder August. Es gilt als Nebensaison, was es ideal f\u00fcr ein ausgewogenes Urlaubserlebnis macht.<\/p>\n<h3 data-start=\"5140\" data-end=\"5186\"><span class=\"ez-toc-section\" id=\"Ist_Ostern_auf_Mallorca_fuer_Familien_geeignet\"><\/span><strong>Ist Ostern auf Mallorca f\u00fcr Familien geeignet?<\/strong><span class=\"ez-toc-section-end\"><\/span><\/h3>\n<p>Ja. Ostern ist sehr familienfreundlich. Die Str\u00e4nde sind ruhiger, das Wetter ist angenehm, und viele Familien reisen in den Schulferien. L\u00e4ndliche Fincas und Hotels auf dem Land sind in dieser Zeit besonders beliebt.<\/p>\n<h3><span class=\"ez-toc-section\" id=\"Kann_man_an_Ostern_auf_Mallorca_schwimmen\"><\/span><strong>Kann man an Ostern auf Mallorca schwimmen?<\/strong><span class=\"ez-toc-section-end\"><\/span><\/h3>\n<p>Ja, aber das Meer ist noch k\u00fchl. An sonnigen Tagen gehen viele Besucher schwimmen, besonders in gesch\u00fctzten Buchten. Auch wenn du nicht schwimmst, ist es eine wundersch\u00f6ne Zeit f\u00fcr Strandspazierg\u00e4nge und K\u00fcstenfotografie.<\/p>\n<h3><span class=\"ez-toc-section\" id=\"Wie_viele_Tage_braucht_man_an_Ostern_auf_Mallorca\"><\/span><strong>Wie viele Tage braucht man an Ostern auf Mallorca?<\/strong><span class=\"ez-toc-section-end\"><\/span><\/h3>\n<p>Ein langes Wochenende (3\u20134 Tage) reicht, um die wichtigsten Ostertraditionen zu erleben und eine Region der Insel zu erkunden. F\u00fcr ein vollst\u00e4ndigeres Erlebnis inklusive Str\u00e4nden, Wandern und Dorfbesuchen sind 5\u20137 Tage ideal.<\/p>\n<p><strong>Kommst du mit deiner Familie nach Mallorca?. <\/strong>Santany\u00ed zu besuchen ist definitiv ein perfekter Plan f\u00fcr euren Urlaub. Wenn du mehr \u00fcber Mallorca mit Familie wissen m\u00f6chtest, schau dir unseren kompletten Guide an: <strong><a href=\"https:\/\/www.mymallorcadiary.com\/best-area-in-mallorca-for-families\/\" target=\"_blank\" rel=\"noopener\">Die beste Gegend auf Mallorca f\u00fcr Familien<\/a><\/strong><\/p>\n<p><strong>Schau dir unsere anderen Artikel \u00fcber Mallorca an: <a href=\"https:\/\/www.mymallorcadiary.com\/pet-friendly-hotels-in-mallorca\/\" target=\"_blank\" rel=\"noopener\">Die 10 besten haustierfreundlichen Hotels auf Mallorca<\/a><\/strong>, <strong><a href=\"https:\/\/www.mymallorcadiary.com\/best-area-in-mallorca-for-families\/\" target=\"_blank\" rel=\"noopener\">Die beste Gegend auf Mallorca f\u00fcr Familien<\/a><\/strong>, <strong><a href=\"https:\/\/www.mymallorcadiary.com\/the-best-hotels-in-cala-dor\/\" target=\"_blank\" rel=\"noopener\">Die besten Hotels in Cala D\u2019Or<\/a> <\/strong>oder<strong> <a href=\"https:\/\/www.mymallorcadiary.com\/santanyi-market\/\" target=\"_blank\" rel=\"noopener\">Warum du den Markt in Santany\u00ed besuchen solltest<\/a><\/strong><\/p>\n<p><strong data-start=\"87\" data-end=\"129\">Du \u00fcberlegst, auf Mallorca ein Auto zu mieten?. <\/strong>Lies unseren Artikel \u00fcber <a href=\"https:\/\/www.mymallorcadiary.com\/renting-a-car-in-mallorca\/\" target=\"_blank\" rel=\"noopener\"><strong>MIETWAGEN OHNE KAUTION,<\/strong><\/a> damit du \u00dcberraschungen bei der Abholung, zus\u00e4tzliche Versicherungskosten oder versteckte Geb\u00fchren vermeidest.<\/p>\n<p>&nbsp;<\/p>\n","protected":false},"excerpt":{"rendered":"<p>Ostern auf Mallorca ist eine der sch\u00f6nsten und authentischsten Zeiten des Jahres auf der Insel. Der Fr\u00fchling steht in voller Bl\u00fcte, die Landschaft wird gr\u00fcn, die Terrassen \u00f6ffnen wieder, und Mallorca gleitet langsam in die neue Jahreszeit \u00fcber. Doch Ostern bedeutet hier nicht nur Sonnenschein und Fr\u00fchlingsstimmung. Es geht um jahrhundertealte Traditionen, bewegende Nachtprozessionen, Familienfeiern [&hellip;]<\/p>\n","protected":false},"author":1,"featured_media":0,"comment_status":"open","ping_status":"open","sticky":false,"template":"","format":"standard","meta":{"rank_math_title":"","rank_math_description":"","rank_math_focus_keyword":"","_lmt_disableupdate":"no","_lmt_disable":"","footnotes":""},"categories":[108,107],"tags":[],"class_list":{"0":"post-2051","1":"post","2":"type-post","3":"status-publish","4":"format-standard","6":"category-ostern-auf-mallorca","7":"category-reisetipps-guides-mallorca"},"yoast_head":"<!-- This site is optimized with the Yoast SEO plugin v23.8 - https:\/\/yoast.com\/wordpress\/plugins\/seo\/ -->\n<title>Ostern auf Mallorca 2026: Traditionen, Wetter &amp; kompletter Guide<\/title>\n<meta name=\"description\" content=\"Entdecken Sie Ostern auf Mallorca mit unserem umfassenden Reisef\u00fchrer f\u00fcr 2026. Erfahren Sie mehr \u00fcber die Traditionen der Karwoche, das...\" \/>\n<meta name=\"robots\" content=\"index, follow, max-snippet:-1, max-image-preview:large, max-video-preview:-1\" \/>\n<link rel=\"canonical\" href=\"https:\/\/www.mymallorcadiary.com\/de\/ostern-auf-mallorca-2026-traditionen-wetter-umfassender-reisefuehrer\/\" \/>\n<meta property=\"og:locale\" content=\"de_DE\" \/>\n<meta property=\"og:type\" content=\"article\" \/>\n<meta property=\"og:title\" content=\"Ostern auf Mallorca 2026: Traditionen, Wetter &amp; kompletter Guide\" \/>\n<meta property=\"og:description\" content=\"Entdecken Sie Ostern auf Mallorca mit unserem umfassenden Reisef\u00fchrer f\u00fcr 2026. Erfahren Sie mehr \u00fcber die Traditionen der Karwoche, das...\" \/>\n<meta property=\"og:url\" content=\"https:\/\/www.mymallorcadiary.com\/de\/ostern-auf-mallorca-2026-traditionen-wetter-umfassender-reisefuehrer\/\" \/>\n<meta property=\"og:site_name\" content=\"mymallorcadiary.com\" \/>\n<meta property=\"article:published_time\" content=\"2026-02-17T16:53:30+00:00\" \/>\n<meta property=\"article:modified_time\" content=\"2026-03-23T04:36:32+00:00\" \/>\n<meta property=\"og:image\" content=\"https:\/\/www.mymallorcadiary.com\/wp-content\/uploads\/2026\/02\/Palma-de-Mallorca-cathedral.webp\" \/>\n\t<meta property=\"og:image:width\" content=\"1920\" \/>\n\t<meta property=\"og:image:height\" content=\"1078\" \/>\n\t<meta property=\"og:image:type\" content=\"image\/webp\" \/>\n<meta name=\"author\" content=\"mymallorca\" \/>\n<meta name=\"twitter:card\" content=\"summary_large_image\" \/>\n<meta name=\"twitter:label1\" content=\"Verfasst von\" \/>\n\t<meta name=\"twitter:data1\" content=\"mymallorca\" \/>\n\t<meta name=\"twitter:label2\" content=\"Gesch\u00e4tzte Lesezeit\" \/>\n\t<meta name=\"twitter:data2\" content=\"20\u00a0Minuten\" \/>\n<script type=\"application\/ld+json\" class=\"yoast-schema-graph\">{\"@context\":\"https:\/\/schema.org\",\"@graph\":[{\"@type\":\"WebPage\",\"@id\":\"https:\/\/www.mymallorcadiary.com\/de\/ostern-auf-mallorca-2026-traditionen-wetter-umfassender-reisefuehrer\/\",\"url\":\"https:\/\/www.mymallorcadiary.com\/de\/ostern-auf-mallorca-2026-traditionen-wetter-umfassender-reisefuehrer\/\",\"name\":\"Ostern auf Mallorca 2026: Traditionen, Wetter & kompletter Guide\",\"isPartOf\":{\"@id\":\"https:\/\/www.mymallorcadiary.com\/de\/#website\"},\"primaryImageOfPage\":{\"@id\":\"https:\/\/www.mymallorcadiary.com\/de\/ostern-auf-mallorca-2026-traditionen-wetter-umfassender-reisefuehrer\/#primaryimage\"},\"image\":{\"@id\":\"https:\/\/www.mymallorcadiary.com\/de\/ostern-auf-mallorca-2026-traditionen-wetter-umfassender-reisefuehrer\/#primaryimage\"},\"thumbnailUrl\":\"https:\/\/www.mymallorcadiary.com\/wp-content\/uploads\/2026\/02\/Palma-de-Mallorca-cathedral.webp\",\"datePublished\":\"2026-02-17T16:53:30+00:00\",\"dateModified\":\"2026-03-23T04:36:32+00:00\",\"author\":{\"@id\":\"https:\/\/www.mymallorcadiary.com\/de\/#\/schema\/person\/73c11880adcff8cdca21692efe16dc1e\"},\"description\":\"Entdecken Sie Ostern auf Mallorca mit unserem umfassenden Reisef\u00fchrer f\u00fcr 2026. Erfahren Sie mehr \u00fcber die Traditionen der Karwoche, das...\",\"breadcrumb\":{\"@id\":\"https:\/\/www.mymallorcadiary.com\/de\/ostern-auf-mallorca-2026-traditionen-wetter-umfassender-reisefuehrer\/#breadcrumb\"},\"inLanguage\":\"de\",\"potentialAction\":[{\"@type\":\"ReadAction\",\"target\":[\"https:\/\/www.mymallorcadiary.com\/de\/ostern-auf-mallorca-2026-traditionen-wetter-umfassender-reisefuehrer\/\"]}]},{\"@type\":\"ImageObject\",\"inLanguage\":\"de\",\"@id\":\"https:\/\/www.mymallorcadiary.com\/de\/ostern-auf-mallorca-2026-traditionen-wetter-umfassender-reisefuehrer\/#primaryimage\",\"url\":\"https:\/\/www.mymallorcadiary.com\/wp-content\/uploads\/2026\/02\/Palma-de-Mallorca-cathedral.webp\",\"contentUrl\":\"https:\/\/www.mymallorcadiary.com\/wp-content\/uploads\/2026\/02\/Palma-de-Mallorca-cathedral.webp\"},{\"@type\":\"BreadcrumbList\",\"@id\":\"https:\/\/www.mymallorcadiary.com\/de\/ostern-auf-mallorca-2026-traditionen-wetter-umfassender-reisefuehrer\/#breadcrumb\",\"itemListElement\":[{\"@type\":\"ListItem\",\"position\":1,\"name\":\"Portada\",\"item\":\"https:\/\/www.mymallorcadiary.com\/de\/\"},{\"@type\":\"ListItem\",\"position\":2,\"name\":\"Ostern auf Mallorca 2026: Traditionen, Wetter &amp; umfassender Reisef\u00fchrer\"}]},{\"@type\":\"WebSite\",\"@id\":\"https:\/\/www.mymallorcadiary.com\/de\/#website\",\"url\":\"https:\/\/www.mymallorcadiary.com\/de\/\",\"name\":\"mymallorcadiary.com\",\"description\":\"The best Mallorcan tips\",\"potentialAction\":[{\"@type\":\"SearchAction\",\"target\":{\"@type\":\"EntryPoint\",\"urlTemplate\":\"https:\/\/www.mymallorcadiary.com\/de\/?s={search_term_string}\"},\"query-input\":{\"@type\":\"PropertyValueSpecification\",\"valueRequired\":true,\"valueName\":\"search_term_string\"}}],\"inLanguage\":\"de\"},{\"@type\":\"Person\",\"@id\":\"https:\/\/www.mymallorcadiary.com\/de\/#\/schema\/person\/73c11880adcff8cdca21692efe16dc1e\",\"name\":\"mymallorca\",\"image\":{\"@type\":\"ImageObject\",\"inLanguage\":\"de\",\"@id\":\"https:\/\/www.mymallorcadiary.com\/de\/#\/schema\/person\/image\/\",\"url\":\"https:\/\/secure.gravatar.com\/avatar\/cd37636939bc260d7341ded9cd28925e462396b75d4878027163f66b63da993b?s=96&d=mm&r=g\",\"contentUrl\":\"https:\/\/secure.gravatar.com\/avatar\/cd37636939bc260d7341ded9cd28925e462396b75d4878027163f66b63da993b?s=96&d=mm&r=g\",\"caption\":\"mymallorca\"},\"sameAs\":[\"http:\/\/localhost\/wordpress\"],\"url\":\"https:\/\/www.mymallorcadiary.com\/de\/author\/mymallorca\/\"}]}<\/script>\n<!-- \/ Yoast SEO plugin. -->","yoast_head_json":{"title":"Ostern auf Mallorca 2026: Traditionen, Wetter & kompletter Guide","description":"Entdecken Sie Ostern auf Mallorca mit unserem umfassenden Reisef\u00fchrer f\u00fcr 2026. Erfahren Sie mehr \u00fcber die Traditionen der Karwoche, das...","robots":{"index":"index","follow":"follow","max-snippet":"max-snippet:-1","max-image-preview":"max-image-preview:large","max-video-preview":"max-video-preview:-1"},"canonical":"https:\/\/www.mymallorcadiary.com\/de\/ostern-auf-mallorca-2026-traditionen-wetter-umfassender-reisefuehrer\/","og_locale":"de_DE","og_type":"article","og_title":"Ostern auf Mallorca 2026: Traditionen, Wetter & kompletter Guide","og_description":"Entdecken Sie Ostern auf Mallorca mit unserem umfassenden Reisef\u00fchrer f\u00fcr 2026. Erfahren Sie mehr \u00fcber die Traditionen der Karwoche, das...","og_url":"https:\/\/www.mymallorcadiary.com\/de\/ostern-auf-mallorca-2026-traditionen-wetter-umfassender-reisefuehrer\/","og_site_name":"mymallorcadiary.com","article_published_time":"2026-02-17T16:53:30+00:00","article_modified_time":"2026-03-23T04:36:32+00:00","og_image":[{"width":1920,"height":1078,"url":"https:\/\/www.mymallorcadiary.com\/wp-content\/uploads\/2026\/02\/Palma-de-Mallorca-cathedral.webp","type":"image\/webp"}],"author":"mymallorca","twitter_card":"summary_large_image","twitter_misc":{"Verfasst von":"mymallorca","Gesch\u00e4tzte Lesezeit":"20\u00a0Minuten"},"schema":{"@context":"https:\/\/schema.org","@graph":[{"@type":"WebPage","@id":"https:\/\/www.mymallorcadiary.com\/de\/ostern-auf-mallorca-2026-traditionen-wetter-umfassender-reisefuehrer\/","url":"https:\/\/www.mymallorcadiary.com\/de\/ostern-auf-mallorca-2026-traditionen-wetter-umfassender-reisefuehrer\/","name":"Ostern auf Mallorca 2026: Traditionen, Wetter & kompletter Guide","isPartOf":{"@id":"https:\/\/www.mymallorcadiary.com\/de\/#website"},"primaryImageOfPage":{"@id":"https:\/\/www.mymallorcadiary.com\/de\/ostern-auf-mallorca-2026-traditionen-wetter-umfassender-reisefuehrer\/#primaryimage"},"image":{"@id":"https:\/\/www.mymallorcadiary.com\/de\/ostern-auf-mallorca-2026-traditionen-wetter-umfassender-reisefuehrer\/#primaryimage"},"thumbnailUrl":"https:\/\/www.mymallorcadiary.com\/wp-content\/uploads\/2026\/02\/Palma-de-Mallorca-cathedral.webp","datePublished":"2026-02-17T16:53:30+00:00","dateModified":"2026-03-23T04:36:32+00:00","author":{"@id":"https:\/\/www.mymallorcadiary.com\/de\/#\/schema\/person\/73c11880adcff8cdca21692efe16dc1e"},"description":"Entdecken Sie Ostern auf Mallorca mit unserem umfassenden Reisef\u00fchrer f\u00fcr 2026. Erfahren Sie mehr \u00fcber die Traditionen der Karwoche, das...","breadcrumb":{"@id":"https:\/\/www.mymallorcadiary.com\/de\/ostern-auf-mallorca-2026-traditionen-wetter-umfassender-reisefuehrer\/#breadcrumb"},"inLanguage":"de","potentialAction":[{"@type":"ReadAction","target":["https:\/\/www.mymallorcadiary.com\/de\/ostern-auf-mallorca-2026-traditionen-wetter-umfassender-reisefuehrer\/"]}]},{"@type":"ImageObject","inLanguage":"de","@id":"https:\/\/www.mymallorcadiary.com\/de\/ostern-auf-mallorca-2026-traditionen-wetter-umfassender-reisefuehrer\/#primaryimage","url":"https:\/\/www.mymallorcadiary.com\/wp-content\/uploads\/2026\/02\/Palma-de-Mallorca-cathedral.webp","contentUrl":"https:\/\/www.mymallorcadiary.com\/wp-content\/uploads\/2026\/02\/Palma-de-Mallorca-cathedral.webp"},{"@type":"BreadcrumbList","@id":"https:\/\/www.mymallorcadiary.com\/de\/ostern-auf-mallorca-2026-traditionen-wetter-umfassender-reisefuehrer\/#breadcrumb","itemListElement":[{"@type":"ListItem","position":1,"name":"Portada","item":"https:\/\/www.mymallorcadiary.com\/de\/"},{"@type":"ListItem","position":2,"name":"Ostern auf Mallorca 2026: Traditionen, Wetter &amp; umfassender Reisef\u00fchrer"}]},{"@type":"WebSite","@id":"https:\/\/www.mymallorcadiary.com\/de\/#website","url":"https:\/\/www.mymallorcadiary.com\/de\/","name":"mymallorcadiary.com","description":"The best Mallorcan tips","potentialAction":[{"@type":"SearchAction","target":{"@type":"EntryPoint","urlTemplate":"https:\/\/www.mymallorcadiary.com\/de\/?s={search_term_string}"},"query-input":{"@type":"PropertyValueSpecification","valueRequired":true,"valueName":"search_term_string"}}],"inLanguage":"de"},{"@type":"Person","@id":"https:\/\/www.mymallorcadiary.com\/de\/#\/schema\/person\/73c11880adcff8cdca21692efe16dc1e","name":"mymallorca","image":{"@type":"ImageObject","inLanguage":"de","@id":"https:\/\/www.mymallorcadiary.com\/de\/#\/schema\/person\/image\/","url":"https:\/\/secure.gravatar.com\/avatar\/cd37636939bc260d7341ded9cd28925e462396b75d4878027163f66b63da993b?s=96&d=mm&r=g","contentUrl":"https:\/\/secure.gravatar.com\/avatar\/cd37636939bc260d7341ded9cd28925e462396b75d4878027163f66b63da993b?s=96&d=mm&r=g","caption":"mymallorca"},"sameAs":["http:\/\/localhost\/wordpress"],"url":"https:\/\/www.mymallorcadiary.com\/de\/author\/mymallorca\/"}]}},"modified_by":"mymallorca","yoast_meta":{"yoast_wpseo_title":"Ostern auf Mallorca 2026: Traditionen, Wetter & kompletter Guide","yoast_wpseo_metadesc":"Entdecken Sie Ostern auf Mallorca mit unserem umfassenden Reisef\u00fchrer f\u00fcr 2026. Erfahren Sie mehr \u00fcber die Traditionen der Karwoche, das...","yoast_wpseo_canonical":"https:\/\/www.mymallorcadiary.com\/de\/ostern-auf-mallorca-2026-traditionen-wetter-umfassender-reisefuehrer\/"},"_links":{"self":[{"href":"https:\/\/www.mymallorcadiary.com\/de\/wp-json\/wp\/v2\/posts\/2051","targetHints":{"allow":["GET"]}}],"collection":[{"href":"https:\/\/www.mymallorcadiary.com\/de\/wp-json\/wp\/v2\/posts"}],"about":[{"href":"https:\/\/www.mymallorcadiary.com\/de\/wp-json\/wp\/v2\/types\/post"}],"author":[{"embeddable":true,"href":"https:\/\/www.mymallorcadiary.com\/de\/wp-json\/wp\/v2\/users\/1"}],"replies":[{"embeddable":true,"href":"https:\/\/www.mymallorcadiary.com\/de\/wp-json\/wp\/v2\/comments?post=2051"}],"version-history":[{"count":0,"href":"https:\/\/www.mymallorcadiary.com\/de\/wp-json\/wp\/v2\/posts\/2051\/revisions"}],"wp:attachment":[{"href":"https:\/\/www.mymallorcadiary.com\/de\/wp-json\/wp\/v2\/media?parent=2051"}],"wp:term":[{"taxonomy":"category","embeddable":true,"href":"https:\/\/www.mymallorcadiary.com\/de\/wp-json\/wp\/v2\/categories?post=2051"},{"taxonomy":"post_tag","embeddable":true,"href":"https:\/\/www.mymallorcadiary.com\/de\/wp-json\/wp\/v2\/tags?post=2051"}],"curies":[{"name":"wp","href":"https:\/\/api.w.org\/{rel}","templated":true}]}}