{"id":2140,"date":"2026-03-09T13:20:07","date_gmt":"2026-03-09T13:20:07","guid":{"rendered":"https:\/\/www.mymallorcadiary.com\/familienfreundliche-hotels-auf-mallorca\/"},"modified":"2026-04-14T13:50:58","modified_gmt":"2026-04-14T13:50:58","slug":"familienfreundliche-hotels-auf-mallorca","status":"publish","type":"post","link":"https:\/\/www.mymallorcadiary.com\/de\/familienfreundliche-hotels-auf-mallorca\/","title":{"rendered":"Familienfreundliche Hotels auf Mallorca"},"content":{"rendered":"<p data-start=\"215\" data-end=\"527\"><strong>Planen Sie einen Familienurlaub auf Mallorca?<\/strong>. Die Insel z\u00e4hlt zu den sch\u00f6nsten Reisezielen im Mittelmeer f\u00fcr Familien mit Kindern. Mit ihren traumhaften Sandstr\u00e4nden, dem ruhigen, t\u00fcrkisfarbenen Wasser, den charmanten St\u00e4dtchen und einem vielf\u00e4ltigen Angebot an Aktivit\u00e4ten f\u00fcr jedes Alter bietet Mallorca die perfekte Mischung aus Entspannung und Abenteuer f\u00fcr Familien. <\/p>\n<p data-start=\"529\" data-end=\"909\">Nachdem <strong data-start=\"558\" data-end=\"580\">wir \u00fcber zehn Jahre<\/strong> auf Mallorca gelebt haben, konnten wir die Insel ausgiebig erkunden und herausfinden, welche Hotels sich am besten f\u00fcr Familien eignen. Von Familienresorts an langen Sandstr\u00e4nden bis hin zu Apartments mit mehr Platz und Flexibilit\u00e4t \u2013 viele dieser Unterk\u00fcnfte haben wir selbst erlebt oder kennen sie durch unsere jahrelangen Erkundungen der Insel sehr gut. <\/p>\n<div id=\"ez-toc-container\" class=\"ez-toc-v2_0_61 counter-hierarchy ez-toc-counter ez-toc-grey ez-toc-container-direction\">\n<div class=\"ez-toc-title-container\">\n<p class=\"ez-toc-title \" >Inhaltsverzeichnis<\/p>\n<span class=\"ez-toc-title-toggle\"><a href=\"#\" class=\"ez-toc-pull-right ez-toc-btn ez-toc-btn-xs ez-toc-btn-default ez-toc-toggle\" aria-label=\"Toggle Table of Content\"><span class=\"ez-toc-js-icon-con\"><span class=\"\"><span class=\"eztoc-hide\" style=\"display:none;\">Toggle<\/span><span class=\"ez-toc-icon-toggle-span\"><svg style=\"fill: #999;color:#999\" xmlns=\"http:\/\/www.w3.org\/2000\/svg\" class=\"list-377408\" width=\"20px\" height=\"20px\" viewBox=\"0 0 24 24\" fill=\"none\"><path d=\"M6 6H4v2h2V6zm14 0H8v2h12V6zM4 11h2v2H4v-2zm16 0H8v2h12v-2zM4 16h2v2H4v-2zm16 0H8v2h12v-2z\" fill=\"currentColor\"><\/path><\/svg><svg style=\"fill: #999;color:#999\" class=\"arrow-unsorted-368013\" xmlns=\"http:\/\/www.w3.org\/2000\/svg\" width=\"10px\" height=\"10px\" viewBox=\"0 0 24 24\" version=\"1.2\" baseProfile=\"tiny\"><path d=\"M18.2 9.3l-6.2-6.3-6.2 6.3c-.2.2-.3.4-.3.7s.1.5.3.7c.2.2.4.3.7.3h11c.3 0 .5-.1.7-.3.2-.2.3-.5.3-.7s-.1-.5-.3-.7zM5.8 14.7l6.2 6.3 6.2-6.3c.2-.2.3-.5.3-.7s-.1-.5-.3-.7c-.2-.2-.4-.3-.7-.3h-11c-.3 0-.5.1-.7.3-.2.2-.3.5-.3.7s.1.5.3.7z\"\/><\/svg><\/span><\/span><\/span><\/a><\/span><\/div>\n<nav><ul class='ez-toc-list ez-toc-list-level-1 ' ><li class='ez-toc-page-1 ez-toc-heading-level-2'><a class=\"ez-toc-link ez-toc-heading-1\" href=\"https:\/\/www.mymallorcadiary.com\/de\/familienfreundliche-hotels-auf-mallorca\/#Familienfreundliche_Hotels_auf_Mallorca_Der_komplette_Reisefuehrer\" title=\"Familienfreundliche Hotels auf Mallorca: Der komplette Reisef\u00fchrer\">Familienfreundliche Hotels auf Mallorca: Der komplette Reisef\u00fchrer<\/a><\/li><li class='ez-toc-page-1 ez-toc-heading-level-2'><a class=\"ez-toc-link ez-toc-heading-2\" href=\"https:\/\/www.mymallorcadiary.com\/de\/familienfreundliche-hotels-auf-mallorca\/#Unsere_liebsten_familienfreundlichen_Hotels_auf_Mallorca\" title=\"Unsere liebsten familienfreundlichen Hotels auf Mallorca\">Unsere liebsten familienfreundlichen Hotels auf Mallorca<\/a><\/li><li class='ez-toc-page-1 ez-toc-heading-level-2'><a class=\"ez-toc-link ez-toc-heading-3\" href=\"https:\/\/www.mymallorcadiary.com\/de\/familienfreundliche-hotels-auf-mallorca\/#Familienfreundliche_Hotels_auf_Mallorca\" title=\"Familienfreundliche Hotels auf Mallorca\">Familienfreundliche Hotels auf Mallorca<\/a><ul class='ez-toc-list-level-3' ><li class='ez-toc-heading-level-3'><a class=\"ez-toc-link ez-toc-heading-4\" href=\"https:\/\/www.mymallorcadiary.com\/de\/familienfreundliche-hotels-auf-mallorca\/#Kimpton_Aysla_Mallorca_5\" title=\"Kimpton Aysla Mallorca 5*\">Kimpton Aysla Mallorca 5*<\/a><\/li><li class='ez-toc-page-1 ez-toc-heading-level-3'><a class=\"ez-toc-link ez-toc-heading-5\" href=\"https:\/\/www.mymallorcadiary.com\/de\/familienfreundliche-hotels-auf-mallorca\/#Grupotel_Port_dAlcudia_4\" title=\"Grupotel Port d&#8217;Alcudia 4*\">Grupotel Port d&#8217;Alcudia 4*<\/a><\/li><li class='ez-toc-page-1 ez-toc-heading-level-3'><a class=\"ez-toc-link ez-toc-heading-6\" href=\"https:\/\/www.mymallorcadiary.com\/de\/familienfreundliche-hotels-auf-mallorca\/#Inturotel_Esmeralda_Park_4\" title=\"Inturotel Esmeralda Park 4*\">Inturotel Esmeralda Park 4*<\/a><\/li><li class='ez-toc-page-1 ez-toc-heading-level-3'><a class=\"ez-toc-link ez-toc-heading-7\" href=\"https:\/\/www.mymallorcadiary.com\/de\/familienfreundliche-hotels-auf-mallorca\/#Globales_Costa_de_la_Calma_4\" title=\"Globales Costa de la Calma 4*\">Globales Costa de la Calma 4*<\/a><\/li><li class='ez-toc-page-1 ez-toc-heading-level-3'><a class=\"ez-toc-link ez-toc-heading-8\" href=\"https:\/\/www.mymallorcadiary.com\/de\/familienfreundliche-hotels-auf-mallorca\/#Aparthotel_Ona_Aucanada_4\" title=\"Aparthotel Ona Aucanada 4*\">Aparthotel Ona Aucanada 4*<\/a><\/li><li class='ez-toc-page-1 ez-toc-heading-level-3'><a class=\"ez-toc-link ez-toc-heading-9\" href=\"https:\/\/www.mymallorcadiary.com\/de\/familienfreundliche-hotels-auf-mallorca\/#tent_Playa_de_Palma_3\" title=\"tent Playa de Palma 3*\">tent Playa de Palma 3*<\/a><\/li><li class='ez-toc-page-1 ez-toc-heading-level-3'><a class=\"ez-toc-link ez-toc-heading-10\" href=\"https:\/\/www.mymallorcadiary.com\/de\/familienfreundliche-hotels-auf-mallorca\/#Jutlandia_Family_Resort_3\" title=\"Jutlandia Family Resort 3*\">Jutlandia Family Resort 3*<\/a><\/li><li class='ez-toc-page-1 ez-toc-heading-level-3'><a class=\"ez-toc-link ez-toc-heading-11\" href=\"https:\/\/www.mymallorcadiary.com\/de\/familienfreundliche-hotels-auf-mallorca\/#Apartamentos_Solecito\" title=\"Apartamentos Solecito\">Apartamentos Solecito<\/a><\/li><li class='ez-toc-page-1 ez-toc-heading-level-3'><a class=\"ez-toc-link ez-toc-heading-12\" href=\"https:\/\/www.mymallorcadiary.com\/de\/familienfreundliche-hotels-auf-mallorca\/#OLA_Apartamentos_Cala_dOr\" title=\"OLA Apartamentos Cala d&#8217;Or\">OLA Apartamentos Cala d&#8217;Or<\/a><\/li><li class='ez-toc-page-1 ez-toc-heading-level-3'><a class=\"ez-toc-link ez-toc-heading-13\" href=\"https:\/\/www.mymallorcadiary.com\/de\/familienfreundliche-hotels-auf-mallorca\/#SOL_Cala_DOr_Apartamentos\" title=\"SOL Cala D&#8217;Or Apartamentos\">SOL Cala D&#8217;Or Apartamentos<\/a><\/li><\/ul><\/li><li class='ez-toc-page-1 ez-toc-heading-level-2'><a class=\"ez-toc-link ez-toc-heading-14\" href=\"https:\/\/www.mymallorcadiary.com\/de\/familienfreundliche-hotels-auf-mallorca\/#Tipps_zur_Auswahl_familienfreundlicher_Hotels_auf_Mallorca\" title=\"Tipps zur Auswahl familienfreundlicher Hotels auf Mallorca\">Tipps zur Auswahl familienfreundlicher Hotels auf Mallorca<\/a><\/li><li class='ez-toc-page-1 ez-toc-heading-level-2'><a class=\"ez-toc-link ez-toc-heading-15\" href=\"https:\/\/www.mymallorcadiary.com\/de\/familienfreundliche-hotels-auf-mallorca\/#Haeufig_gestellte_Fragen_Familienfreundliche_Hotels_auf_Mallorca\" title=\"H\u00e4ufig gestellte Fragen: Familienfreundliche Hotels auf Mallorca\">H\u00e4ufig gestellte Fragen: Familienfreundliche Hotels auf Mallorca<\/a><ul class='ez-toc-list-level-3' ><li class='ez-toc-heading-level-3'><a class=\"ez-toc-link ez-toc-heading-16\" href=\"https:\/\/www.mymallorcadiary.com\/de\/familienfreundliche-hotels-auf-mallorca\/#Welche_Gegenden_auf_Mallorca_eignen_sich_am_besten_fuer_Familien\" title=\"Welche Gegenden auf Mallorca eignen sich am besten f\u00fcr Familien?\">Welche Gegenden auf Mallorca eignen sich am besten f\u00fcr Familien?<\/a><\/li><li class='ez-toc-page-1 ez-toc-heading-level-3'><a class=\"ez-toc-link ez-toc-heading-17\" href=\"https:\/\/www.mymallorcadiary.com\/de\/familienfreundliche-hotels-auf-mallorca\/#Verfuegen_Familienhotels_ueber_Kinderclubs\" title=\"Verf\u00fcgen Familienhotels \u00fcber Kinderclubs? \">Verf\u00fcgen Familienhotels \u00fcber Kinderclubs? <\/a><\/li><li class='ez-toc-page-1 ez-toc-heading-level-3'><a class=\"ez-toc-link ez-toc-heading-18\" href=\"https:\/\/www.mymallorcadiary.com\/de\/familienfreundliche-hotels-auf-mallorca\/#Ist_Mallorca_sicher_fuer_Kinder\" title=\"Ist Mallorca sicher f\u00fcr Kinder?\">Ist Mallorca sicher f\u00fcr Kinder?<\/a><\/li><\/ul><\/li><li class='ez-toc-page-1 ez-toc-heading-level-2'><a class=\"ez-toc-link ez-toc-heading-19\" href=\"https:\/\/www.mymallorcadiary.com\/de\/familienfreundliche-hotels-auf-mallorca\/#Fazit_Familienfreundliche_Hotels_auf_Mallorca\" title=\"Fazit: Familienfreundliche Hotels auf Mallorca\">Fazit: Familienfreundliche Hotels auf Mallorca<\/a><\/li><\/ul><\/nav><\/div>\n<h2 data-start=\"3583\" data-end=\"3690\"><span class=\"ez-toc-section\" id=\"Familienfreundliche_Hotels_auf_Mallorca_Der_komplette_Reisefuehrer\"><\/span><strong>Familienfreundliche Hotels auf Mallorca: Der komplette Reisef\u00fchrer<\/strong><span class=\"ez-toc-section-end\"><\/span><\/h2>\n<p data-start=\"911\" data-end=\"1305\">In diesem Reisef\u00fchrer stellen wir <strong data-start=\"940\" data-end=\"1002\">Ihnen unsere Empfehlungen f\u00fcr familienfreundliche Hotels auf Mallorca vor<\/strong>. Die Auswahlkriterien umfassen Lage, Komfort, kinderfreundliche Ausstattung und das gesamte Urlaubserlebnis. Ob Sie ein luxuri\u00f6ses Familienresort, ein entspanntes Aparthotel in Strandn\u00e4he oder eine praktische Unterkunft zur Erkundung der Insel suchen \u2013 diese Hotels sind ideal f\u00fcr einen unvergesslichen Familienurlaub auf Mallorca. <\/p>\n<p data-start=\"886\" data-end=\"1119\">F\u00fcr Familien, die die Insel erkunden m\u00f6chten, k\u00f6nnten auch unsere Reisef\u00fchrer \u00fcber die <strong><a href=\"https:\/\/www.mymallorcadiary.com\/de\/die-beste-gegend-auf-mallorca-fuer-familien\/\" target=\"_blank\" rel=\"noopener\">besten Gegenden Mallorcas f\u00fcr Familien<\/a><\/strong>, <strong><a class=\"decorated-link\" href=\"https:\/\/www.mymallorcadiary.com\/south-mallorca-experiences\/\" rel=\"noopener\" data-start=\"1009\" data-end=\"1044\">die sch\u00f6nsten Str\u00e4nde im S\u00fcden Mallorcas<\/a><\/strong> und <strong><a href=\"https:\/\/www.mymallorcadiary.com\/de\/cala-dor-sehenswuerdigkeiten-und-aktivitaeten\/\">die Sehensw\u00fcrdigkeiten in Cala d\u2019Or interessant sein<\/a><\/strong>; allesamt perfekt f\u00fcr die Urlaubsplanung.<\/p>\n<h2 data-start=\"3583\" data-end=\"3690\"><span class=\"ez-toc-section\" id=\"Unsere_liebsten_familienfreundlichen_Hotels_auf_Mallorca\"><\/span><strong>Unsere liebsten familienfreundlichen Hotels auf Mallorca<\/strong><span class=\"ez-toc-section-end\"><\/span><\/h2>\n<p data-start=\"1193\" data-end=\"1410\">Santa Ponsa ist ideal f\u00fcr Familien, die Wert auf Komfort, Sandstr\u00e4nde und ein vielf\u00e4ltiges Angebot an Restaurants und Unterhaltungsm\u00f6glichkeiten in der N\u00e4he legen. Das ruhige Wasser und die kinderwagenfreundliche Promenade machen den Ort perfekt f\u00fcr kleine Kinder. <\/p>\n<h2 data-start=\"1126\" data-end=\"1191\"><span class=\"ez-toc-section\" id=\"Familienfreundliche_Hotels_auf_Mallorca\"><\/span><strong>Familienfreundliche Hotels auf Mallorca<\/strong><span class=\"ez-toc-section-end\"><\/span><\/h2>\n<h3><span class=\"ez-toc-section\" id=\"Kimpton_Aysla_Mallorca_5\"><\/span><strong>Kimpton Aysla Mallorca 5*<\/strong><span class=\"ez-toc-section-end\"><\/span><\/h3>\n<p data-start=\"386\" data-end=\"431\">\ud83d\udccd <strong><a href=\"https:\/\/maps.app.goo.gl\/3ju8SvRy6GVhKTaU8\" target=\"_blank\" rel=\"noopener\">Lage Kimpton Aysla Mallorca<\/a><\/strong>: Santa Ponsa | S\u00fcdwesten Mallorcas<\/p>\n<div id='gallery-1' class='gallery galleryid-2140 gallery-columns-2 gallery-size-full'><figure class='gallery-item'>\n\t\t\t<div class='gallery-icon landscape'>\n\t\t\t\t<a href='https:\/\/www.mymallorcadiary.com\/wp-content\/uploads\/2026\/02\/Beautiful-hotel-in-Santa-Ponsa.webp'><img decoding=\"async\" width=\"1920\" height=\"1078\" src=\"https:\/\/www.mymallorcadiary.com\/wp-content\/uploads\/2026\/02\/Beautiful-hotel-in-Santa-Ponsa.webp\" class=\"attachment-full size-full\" alt=\"\" srcset=\"https:\/\/www.mymallorcadiary.com\/wp-content\/uploads\/2026\/02\/Beautiful-hotel-in-Santa-Ponsa.webp 1920w, https:\/\/www.mymallorcadiary.com\/wp-content\/uploads\/2026\/02\/Beautiful-hotel-in-Santa-Ponsa-300x168.webp 300w, https:\/\/www.mymallorcadiary.com\/wp-content\/uploads\/2026\/02\/Beautiful-hotel-in-Santa-Ponsa-1024x575.webp 1024w, https:\/\/www.mymallorcadiary.com\/wp-content\/uploads\/2026\/02\/Beautiful-hotel-in-Santa-Ponsa-768x431.webp 768w, https:\/\/www.mymallorcadiary.com\/wp-content\/uploads\/2026\/02\/Beautiful-hotel-in-Santa-Ponsa-1536x862.webp 1536w, https:\/\/www.mymallorcadiary.com\/wp-content\/uploads\/2026\/02\/Beautiful-hotel-in-Santa-Ponsa-696x391.webp 696w, https:\/\/www.mymallorcadiary.com\/wp-content\/uploads\/2026\/02\/Beautiful-hotel-in-Santa-Ponsa-1392x782.webp 1392w\" sizes=\"(max-width: 1920px) 100vw, 1920px\" \/><\/a>\n\t\t\t<\/div><\/figure><figure class='gallery-item'>\n\t\t\t<div class='gallery-icon landscape'>\n\t\t\t\t<a href='https:\/\/www.mymallorcadiary.com\/wp-content\/uploads\/2026\/02\/Kympton-Aysla-Mallorca.webp'><img decoding=\"async\" width=\"1920\" height=\"1078\" src=\"https:\/\/www.mymallorcadiary.com\/wp-content\/uploads\/2026\/02\/Kympton-Aysla-Mallorca.webp\" class=\"attachment-full size-full\" alt=\"\" srcset=\"https:\/\/www.mymallorcadiary.com\/wp-content\/uploads\/2026\/02\/Kympton-Aysla-Mallorca.webp 1920w, https:\/\/www.mymallorcadiary.com\/wp-content\/uploads\/2026\/02\/Kympton-Aysla-Mallorca-300x168.webp 300w, https:\/\/www.mymallorcadiary.com\/wp-content\/uploads\/2026\/02\/Kympton-Aysla-Mallorca-1024x575.webp 1024w, https:\/\/www.mymallorcadiary.com\/wp-content\/uploads\/2026\/02\/Kympton-Aysla-Mallorca-768x431.webp 768w, https:\/\/www.mymallorcadiary.com\/wp-content\/uploads\/2026\/02\/Kympton-Aysla-Mallorca-1536x862.webp 1536w, https:\/\/www.mymallorcadiary.com\/wp-content\/uploads\/2026\/02\/Kympton-Aysla-Mallorca-696x391.webp 696w, https:\/\/www.mymallorcadiary.com\/wp-content\/uploads\/2026\/02\/Kympton-Aysla-Mallorca-1392x782.webp 1392w\" sizes=\"(max-width: 1920px) 100vw, 1920px\" \/><\/a>\n\t\t\t<\/div><\/figure><figure class='gallery-item'>\n\t\t\t<div class='gallery-icon landscape'>\n\t\t\t\t<a href='https:\/\/www.mymallorcadiary.com\/wp-content\/uploads\/2026\/02\/Kympton-hotel-Mallorca.webp'><img decoding=\"async\" width=\"1920\" height=\"1078\" src=\"https:\/\/www.mymallorcadiary.com\/wp-content\/uploads\/2026\/02\/Kympton-hotel-Mallorca.webp\" class=\"attachment-full size-full\" alt=\"\" srcset=\"https:\/\/www.mymallorcadiary.com\/wp-content\/uploads\/2026\/02\/Kympton-hotel-Mallorca.webp 1920w, https:\/\/www.mymallorcadiary.com\/wp-content\/uploads\/2026\/02\/Kympton-hotel-Mallorca-300x168.webp 300w, https:\/\/www.mymallorcadiary.com\/wp-content\/uploads\/2026\/02\/Kympton-hotel-Mallorca-1024x575.webp 1024w, https:\/\/www.mymallorcadiary.com\/wp-content\/uploads\/2026\/02\/Kympton-hotel-Mallorca-768x431.webp 768w, https:\/\/www.mymallorcadiary.com\/wp-content\/uploads\/2026\/02\/Kympton-hotel-Mallorca-1536x862.webp 1536w, https:\/\/www.mymallorcadiary.com\/wp-content\/uploads\/2026\/02\/Kympton-hotel-Mallorca-696x391.webp 696w, https:\/\/www.mymallorcadiary.com\/wp-content\/uploads\/2026\/02\/Kympton-hotel-Mallorca-1392x782.webp 1392w\" sizes=\"(max-width: 1920px) 100vw, 1920px\" \/><\/a>\n\t\t\t<\/div><\/figure><figure class='gallery-item'>\n\t\t\t<div class='gallery-icon landscape'>\n\t\t\t\t<a href='https:\/\/www.mymallorcadiary.com\/wp-content\/uploads\/2026\/02\/Santa-Ponsa-Luxury-hotel.webp'><img decoding=\"async\" width=\"1920\" height=\"1078\" src=\"https:\/\/www.mymallorcadiary.com\/wp-content\/uploads\/2026\/02\/Santa-Ponsa-Luxury-hotel.webp\" class=\"attachment-full size-full\" alt=\"\" srcset=\"https:\/\/www.mymallorcadiary.com\/wp-content\/uploads\/2026\/02\/Santa-Ponsa-Luxury-hotel.webp 1920w, https:\/\/www.mymallorcadiary.com\/wp-content\/uploads\/2026\/02\/Santa-Ponsa-Luxury-hotel-300x168.webp 300w, https:\/\/www.mymallorcadiary.com\/wp-content\/uploads\/2026\/02\/Santa-Ponsa-Luxury-hotel-1024x575.webp 1024w, https:\/\/www.mymallorcadiary.com\/wp-content\/uploads\/2026\/02\/Santa-Ponsa-Luxury-hotel-768x431.webp 768w, https:\/\/www.mymallorcadiary.com\/wp-content\/uploads\/2026\/02\/Santa-Ponsa-Luxury-hotel-1536x862.webp 1536w, https:\/\/www.mymallorcadiary.com\/wp-content\/uploads\/2026\/02\/Santa-Ponsa-Luxury-hotel-696x391.webp 696w, https:\/\/www.mymallorcadiary.com\/wp-content\/uploads\/2026\/02\/Santa-Ponsa-Luxury-hotel-1392x782.webp 1392w\" sizes=\"(max-width: 1920px) 100vw, 1920px\" \/><\/a>\n\t\t\t<\/div><\/figure>\n\t\t<\/div>\n\n<p data-start=\"433\" data-end=\"752\">Das Kimpton Aysla Mallorca ist ein modernes Luxushotel in ruhiger Lage in Santa Ponsa, umgeben von Natur und in der N\u00e4he mehrerer Golfpl\u00e4tze. Das Hotel vereint zeitgen\u00f6ssisches Design mit weitl\u00e4ufigen G\u00e4rten, eleganten Zimmern und einer entspannten Atmosph\u00e4re und ist somit ideal f\u00fcr Familien, die Komfort und Erholung suchen. <\/p>\n<p data-start=\"754\" data-end=\"1005\">Das Hotel bietet gro\u00dfe Swimmingpools, einen Wellnessbereich und stilvoll gestaltete Zimmer, viele davon mit Terrassen und Blick auf den Garten. Obwohl es ein elegantes und gehobenes Ambiente bietet, ist es auch f\u00fcr Familien einladend und bietet viel Platz zum Entspannen. <\/p>\n<p data-start=\"1007\" data-end=\"1199\"><strong data-start=\"1007\" data-end=\"1044\">Warum sollte man es f\u00fcr einen Familienurlaub buchen?<\/strong><br data-start=\"1044\" data-end=\"1047\">Perfekt f\u00fcr Familien, die einen luxuri\u00f6seren und ruhigeren Aufenthalt suchen und dennoch in der N\u00e4he der Str\u00e4nde, Restaurants und Familienaktivit\u00e4ten von Santa Ponsa sein m\u00f6chten.<\/p>\n<p data-start=\"1007\" data-end=\"1199\"><strong>Link f\u00fcr weitere Details und Buchung:<\/strong> <strong><a href=\"https:\/\/booking.stay22.com\/likexpats\/54tA3daj4A\" target=\"_blank\" rel=\"noopener\">Kympton Aysla Mallorca by IHG<\/a><\/strong><\/p>\n<h3 data-start=\"1206\" data-end=\"1235\"><span class=\"ez-toc-section\" id=\"Grupotel_Port_dAlcudia_4\"><\/span><strong>Grupotel Port d&#8217;Alcudia 4*<\/strong><span class=\"ez-toc-section-end\"><\/span><\/h3>\n<p data-start=\"1236\" data-end=\"1283\">\ud83d\udccd <strong><a href=\"https:\/\/maps.app.goo.gl\/qsifGUy9kUdMvqrB8\" target=\"_blank\" rel=\"noopener\">Lage Grupotel Port d&#8217;Alcudia<\/a><\/strong>: Puerto de Alcudia | Nord-Mallorca<\/p>\n<div id='gallery-2' class='gallery galleryid-2140 gallery-columns-2 gallery-size-full'><figure class='gallery-item'>\n\t\t\t<div class='gallery-icon landscape'>\n\t\t\t\t<a href='https:\/\/www.mymallorcadiary.com\/wp-content\/uploads\/2026\/02\/Grupotel-Port-dAlcudia.webp'><img decoding=\"async\" width=\"1920\" height=\"1078\" src=\"https:\/\/www.mymallorcadiary.com\/wp-content\/uploads\/2026\/02\/Grupotel-Port-dAlcudia.webp\" class=\"attachment-full size-full\" alt=\"\" srcset=\"https:\/\/www.mymallorcadiary.com\/wp-content\/uploads\/2026\/02\/Grupotel-Port-dAlcudia.webp 1920w, https:\/\/www.mymallorcadiary.com\/wp-content\/uploads\/2026\/02\/Grupotel-Port-dAlcudia-300x168.webp 300w, https:\/\/www.mymallorcadiary.com\/wp-content\/uploads\/2026\/02\/Grupotel-Port-dAlcudia-1024x575.webp 1024w, https:\/\/www.mymallorcadiary.com\/wp-content\/uploads\/2026\/02\/Grupotel-Port-dAlcudia-768x431.webp 768w, https:\/\/www.mymallorcadiary.com\/wp-content\/uploads\/2026\/02\/Grupotel-Port-dAlcudia-1536x862.webp 1536w, https:\/\/www.mymallorcadiary.com\/wp-content\/uploads\/2026\/02\/Grupotel-Port-dAlcudia-696x391.webp 696w, https:\/\/www.mymallorcadiary.com\/wp-content\/uploads\/2026\/02\/Grupotel-Port-dAlcudia-1392x782.webp 1392w\" sizes=\"(max-width: 1920px) 100vw, 1920px\" \/><\/a>\n\t\t\t<\/div><\/figure><figure class='gallery-item'>\n\t\t\t<div class='gallery-icon landscape'>\n\t\t\t\t<a href='https:\/\/www.mymallorcadiary.com\/wp-content\/uploads\/2026\/02\/Hotel-for-families-in-north-Mallorca.webp'><img decoding=\"async\" width=\"1920\" height=\"1078\" src=\"https:\/\/www.mymallorcadiary.com\/wp-content\/uploads\/2026\/02\/Hotel-for-families-in-north-Mallorca.webp\" class=\"attachment-full size-full\" alt=\"\" srcset=\"https:\/\/www.mymallorcadiary.com\/wp-content\/uploads\/2026\/02\/Hotel-for-families-in-north-Mallorca.webp 1920w, https:\/\/www.mymallorcadiary.com\/wp-content\/uploads\/2026\/02\/Hotel-for-families-in-north-Mallorca-300x168.webp 300w, https:\/\/www.mymallorcadiary.com\/wp-content\/uploads\/2026\/02\/Hotel-for-families-in-north-Mallorca-1024x575.webp 1024w, https:\/\/www.mymallorcadiary.com\/wp-content\/uploads\/2026\/02\/Hotel-for-families-in-north-Mallorca-768x431.webp 768w, https:\/\/www.mymallorcadiary.com\/wp-content\/uploads\/2026\/02\/Hotel-for-families-in-north-Mallorca-1536x862.webp 1536w, https:\/\/www.mymallorcadiary.com\/wp-content\/uploads\/2026\/02\/Hotel-for-families-in-north-Mallorca-696x391.webp 696w, https:\/\/www.mymallorcadiary.com\/wp-content\/uploads\/2026\/02\/Hotel-for-families-in-north-Mallorca-1392x782.webp 1392w\" sizes=\"(max-width: 1920px) 100vw, 1920px\" \/><\/a>\n\t\t\t<\/div><\/figure><figure class='gallery-item'>\n\t\t\t<div class='gallery-icon landscape'>\n\t\t\t\t<a href='https:\/\/www.mymallorcadiary.com\/wp-content\/uploads\/2026\/02\/Hotel-for-families-in-Port-dAlcudia.webp'><img decoding=\"async\" width=\"1920\" height=\"1078\" src=\"https:\/\/www.mymallorcadiary.com\/wp-content\/uploads\/2026\/02\/Hotel-for-families-in-Port-dAlcudia.webp\" class=\"attachment-full size-full\" alt=\"\" srcset=\"https:\/\/www.mymallorcadiary.com\/wp-content\/uploads\/2026\/02\/Hotel-for-families-in-Port-dAlcudia.webp 1920w, https:\/\/www.mymallorcadiary.com\/wp-content\/uploads\/2026\/02\/Hotel-for-families-in-Port-dAlcudia-300x168.webp 300w, https:\/\/www.mymallorcadiary.com\/wp-content\/uploads\/2026\/02\/Hotel-for-families-in-Port-dAlcudia-1024x575.webp 1024w, https:\/\/www.mymallorcadiary.com\/wp-content\/uploads\/2026\/02\/Hotel-for-families-in-Port-dAlcudia-768x431.webp 768w, https:\/\/www.mymallorcadiary.com\/wp-content\/uploads\/2026\/02\/Hotel-for-families-in-Port-dAlcudia-1536x862.webp 1536w, https:\/\/www.mymallorcadiary.com\/wp-content\/uploads\/2026\/02\/Hotel-for-families-in-Port-dAlcudia-696x391.webp 696w, https:\/\/www.mymallorcadiary.com\/wp-content\/uploads\/2026\/02\/Hotel-for-families-in-Port-dAlcudia-1392x782.webp 1392w\" sizes=\"(max-width: 1920px) 100vw, 1920px\" \/><\/a>\n\t\t\t<\/div><\/figure><figure class='gallery-item'>\n\t\t\t<div class='gallery-icon landscape'>\n\t\t\t\t<a href='https:\/\/www.mymallorcadiary.com\/wp-content\/uploads\/2026\/02\/North-Mallorca-hotel-for-families.webp'><img decoding=\"async\" width=\"1920\" height=\"1078\" src=\"https:\/\/www.mymallorcadiary.com\/wp-content\/uploads\/2026\/02\/North-Mallorca-hotel-for-families.webp\" class=\"attachment-full size-full\" alt=\"\" srcset=\"https:\/\/www.mymallorcadiary.com\/wp-content\/uploads\/2026\/02\/North-Mallorca-hotel-for-families.webp 1920w, https:\/\/www.mymallorcadiary.com\/wp-content\/uploads\/2026\/02\/North-Mallorca-hotel-for-families-300x168.webp 300w, https:\/\/www.mymallorcadiary.com\/wp-content\/uploads\/2026\/02\/North-Mallorca-hotel-for-families-1024x575.webp 1024w, https:\/\/www.mymallorcadiary.com\/wp-content\/uploads\/2026\/02\/North-Mallorca-hotel-for-families-768x431.webp 768w, https:\/\/www.mymallorcadiary.com\/wp-content\/uploads\/2026\/02\/North-Mallorca-hotel-for-families-1536x862.webp 1536w, https:\/\/www.mymallorcadiary.com\/wp-content\/uploads\/2026\/02\/North-Mallorca-hotel-for-families-696x391.webp 696w, https:\/\/www.mymallorcadiary.com\/wp-content\/uploads\/2026\/02\/North-Mallorca-hotel-for-families-1392x782.webp 1392w\" sizes=\"(max-width: 1920px) 100vw, 1920px\" \/><\/a>\n\t\t\t<\/div><\/figure>\n\t\t<\/div>\n\n<p data-start=\"1285\" data-end=\"1463\">Das Grupotel Port d&#8217;Alcudia liegt in unmittelbarer N\u00e4he des langen Sandstrandes von Alcudia, der dank seines flachen Wassers und der weitl\u00e4ufigen K\u00fcstenlinie zu den besten Str\u00e4nden Mallorcas f\u00fcr Familien z\u00e4hlt.<\/p>\n<p data-start=\"1465\" data-end=\"1680\">Das Hotel bietet komfortable Zimmer, mehrere Swimmingpools und Unterhaltungsbereiche und ist somit ein idealer Ausgangspunkt f\u00fcr Familienurlaube. Dank seiner zentralen Lage sind Restaurants, Gesch\u00e4fte und der Yachthafen bequem zu erreichen. <\/p>\n<p data-start=\"1682\" data-end=\"1840\"><strong data-start=\"1682\" data-end=\"1719\">Warum sollte man es f\u00fcr einen Familienurlaub buchen?<\/strong><br data-start=\"1719\" data-end=\"1722\">Die N\u00e4he zum Strand und die familienfreundlichen Einrichtungen machen es zu einer hervorragenden Option f\u00fcr entspannte Strandurlaube mit Kindern.<\/p>\n<p data-start=\"1682\" data-end=\"1840\"><strong>Link f\u00fcr weitere Details und Buchung: <a href=\"https:\/\/booking.stay22.com\/likexpats\/Rv2yh3hYkq\" target=\"_blank\" rel=\"noopener\">Grupotel Port d&#8217;Alcudia<\/a><\/strong><\/p>\n<h3 data-start=\"1847\" data-end=\"1877\"><span class=\"ez-toc-section\" id=\"Inturotel_Esmeralda_Park_4\"><\/span><strong>Inturotel Esmeralda Park 4*<\/strong><span class=\"ez-toc-section-end\"><\/span><\/h3>\n<p data-start=\"1878\" data-end=\"1917\">\ud83d\udccd <strong><a href=\"https:\/\/maps.app.goo.gl\/WJewpDpPQveJ1LwT7\" target=\"_blank\" rel=\"noopener\">Lage Inturotel Esmeralda Park<\/a><\/strong>: Cala Esmeralda | Cala d\u2019Or<\/p>\n<div id='gallery-3' class='gallery galleryid-2140 gallery-columns-2 gallery-size-full'><figure class='gallery-item'>\n\t\t\t<div class='gallery-icon landscape'>\n\t\t\t\t<a href='https:\/\/www.mymallorcadiary.com\/wp-content\/uploads\/2026\/02\/Inturotel-Esmeralda-Park.webp'><img decoding=\"async\" width=\"1920\" height=\"1078\" src=\"https:\/\/www.mymallorcadiary.com\/wp-content\/uploads\/2026\/02\/Inturotel-Esmeralda-Park.webp\" class=\"attachment-full size-full\" alt=\"\" srcset=\"https:\/\/www.mymallorcadiary.com\/wp-content\/uploads\/2026\/02\/Inturotel-Esmeralda-Park.webp 1920w, https:\/\/www.mymallorcadiary.com\/wp-content\/uploads\/2026\/02\/Inturotel-Esmeralda-Park-300x168.webp 300w, https:\/\/www.mymallorcadiary.com\/wp-content\/uploads\/2026\/02\/Inturotel-Esmeralda-Park-1024x575.webp 1024w, https:\/\/www.mymallorcadiary.com\/wp-content\/uploads\/2026\/02\/Inturotel-Esmeralda-Park-768x431.webp 768w, https:\/\/www.mymallorcadiary.com\/wp-content\/uploads\/2026\/02\/Inturotel-Esmeralda-Park-1536x862.webp 1536w, https:\/\/www.mymallorcadiary.com\/wp-content\/uploads\/2026\/02\/Inturotel-Esmeralda-Park-696x391.webp 696w, https:\/\/www.mymallorcadiary.com\/wp-content\/uploads\/2026\/02\/Inturotel-Esmeralda-Park-1392x782.webp 1392w\" sizes=\"(max-width: 1920px) 100vw, 1920px\" \/><\/a>\n\t\t\t<\/div><\/figure><figure class='gallery-item'>\n\t\t\t<div class='gallery-icon landscape'>\n\t\t\t\t<a href='https:\/\/www.mymallorcadiary.com\/wp-content\/uploads\/2026\/02\/Inturotel-Cala-Dor.webp'><img decoding=\"async\" width=\"1920\" height=\"1078\" src=\"https:\/\/www.mymallorcadiary.com\/wp-content\/uploads\/2026\/02\/Inturotel-Cala-Dor.webp\" class=\"attachment-full size-full\" alt=\"\" srcset=\"https:\/\/www.mymallorcadiary.com\/wp-content\/uploads\/2026\/02\/Inturotel-Cala-Dor.webp 1920w, https:\/\/www.mymallorcadiary.com\/wp-content\/uploads\/2026\/02\/Inturotel-Cala-Dor-300x168.webp 300w, https:\/\/www.mymallorcadiary.com\/wp-content\/uploads\/2026\/02\/Inturotel-Cala-Dor-1024x575.webp 1024w, https:\/\/www.mymallorcadiary.com\/wp-content\/uploads\/2026\/02\/Inturotel-Cala-Dor-768x431.webp 768w, https:\/\/www.mymallorcadiary.com\/wp-content\/uploads\/2026\/02\/Inturotel-Cala-Dor-1536x862.webp 1536w, https:\/\/www.mymallorcadiary.com\/wp-content\/uploads\/2026\/02\/Inturotel-Cala-Dor-696x391.webp 696w, https:\/\/www.mymallorcadiary.com\/wp-content\/uploads\/2026\/02\/Inturotel-Cala-Dor-1392x782.webp 1392w\" sizes=\"(max-width: 1920px) 100vw, 1920px\" \/><\/a>\n\t\t\t<\/div><\/figure><figure class='gallery-item'>\n\t\t\t<div class='gallery-icon landscape'>\n\t\t\t\t<a href='https:\/\/www.mymallorcadiary.com\/wp-content\/uploads\/2026\/02\/Inturotel-Esmeralda-Park-Cala-Dor.webp'><img decoding=\"async\" width=\"1920\" height=\"1078\" src=\"https:\/\/www.mymallorcadiary.com\/wp-content\/uploads\/2026\/02\/Inturotel-Esmeralda-Park-Cala-Dor.webp\" class=\"attachment-full size-full\" alt=\"\" srcset=\"https:\/\/www.mymallorcadiary.com\/wp-content\/uploads\/2026\/02\/Inturotel-Esmeralda-Park-Cala-Dor.webp 1920w, https:\/\/www.mymallorcadiary.com\/wp-content\/uploads\/2026\/02\/Inturotel-Esmeralda-Park-Cala-Dor-300x168.webp 300w, https:\/\/www.mymallorcadiary.com\/wp-content\/uploads\/2026\/02\/Inturotel-Esmeralda-Park-Cala-Dor-1024x575.webp 1024w, https:\/\/www.mymallorcadiary.com\/wp-content\/uploads\/2026\/02\/Inturotel-Esmeralda-Park-Cala-Dor-768x431.webp 768w, https:\/\/www.mymallorcadiary.com\/wp-content\/uploads\/2026\/02\/Inturotel-Esmeralda-Park-Cala-Dor-1536x862.webp 1536w, https:\/\/www.mymallorcadiary.com\/wp-content\/uploads\/2026\/02\/Inturotel-Esmeralda-Park-Cala-Dor-696x391.webp 696w, https:\/\/www.mymallorcadiary.com\/wp-content\/uploads\/2026\/02\/Inturotel-Esmeralda-Park-Cala-Dor-1392x782.webp 1392w\" sizes=\"(max-width: 1920px) 100vw, 1920px\" \/><\/a>\n\t\t\t<\/div><\/figure><figure class='gallery-item'>\n\t\t\t<div class='gallery-icon landscape'>\n\t\t\t\t<a href='https:\/\/www.mymallorcadiary.com\/wp-content\/uploads\/2026\/02\/Hotel-for-families-in-Cala-Dor-Mallorca.webp'><img decoding=\"async\" width=\"1920\" height=\"1078\" src=\"https:\/\/www.mymallorcadiary.com\/wp-content\/uploads\/2026\/02\/Hotel-for-families-in-Cala-Dor-Mallorca.webp\" class=\"attachment-full size-full\" alt=\"\" srcset=\"https:\/\/www.mymallorcadiary.com\/wp-content\/uploads\/2026\/02\/Hotel-for-families-in-Cala-Dor-Mallorca.webp 1920w, https:\/\/www.mymallorcadiary.com\/wp-content\/uploads\/2026\/02\/Hotel-for-families-in-Cala-Dor-Mallorca-300x168.webp 300w, https:\/\/www.mymallorcadiary.com\/wp-content\/uploads\/2026\/02\/Hotel-for-families-in-Cala-Dor-Mallorca-1024x575.webp 1024w, https:\/\/www.mymallorcadiary.com\/wp-content\/uploads\/2026\/02\/Hotel-for-families-in-Cala-Dor-Mallorca-768x431.webp 768w, https:\/\/www.mymallorcadiary.com\/wp-content\/uploads\/2026\/02\/Hotel-for-families-in-Cala-Dor-Mallorca-1536x862.webp 1536w, https:\/\/www.mymallorcadiary.com\/wp-content\/uploads\/2026\/02\/Hotel-for-families-in-Cala-Dor-Mallorca-696x391.webp 696w, https:\/\/www.mymallorcadiary.com\/wp-content\/uploads\/2026\/02\/Hotel-for-families-in-Cala-Dor-Mallorca-1392x782.webp 1392w\" sizes=\"(max-width: 1920px) 100vw, 1920px\" \/><\/a>\n\t\t\t<\/div><\/figure>\n\t\t<\/div>\n\n<p data-start=\"1919\" data-end=\"2127\">Das Inturotel Esmeralda Park ist eine gro\u00dfe Aparthotelanlage direkt am wundersch\u00f6nen Strand Cala Esmeralda. Umgeben von Pinien und mediterraner Landschaft bietet es eine traumhafte Lage am Meer. <\/p>\n<p data-start=\"2129\" data-end=\"2326\">Die Anlage umfasst ger\u00e4umige Apartments mit K\u00fcchenzeile, mehrere Swimmingpools, Kinderbecken und Restaurants. Familien k\u00f6nnen au\u00dferdem Sportanlagen nutzen und haben direkten Zugang zum Strand. <\/p>\n<p data-start=\"2328\" data-end=\"2494\"><strong data-start=\"2328\" data-end=\"2365\">Warum sollte man es f\u00fcr einen Familienurlaub buchen?<\/strong><br data-start=\"2365\" data-end=\"2368\">Die Lage direkt am Strand, die Unterk\u00fcnfte im Apartmentstil und die mehreren Pools machen es zu einem der besten Familienresorts in Cala d\u2019Or.<\/p>\n<p data-start=\"2328\" data-end=\"2494\"><strong>Link f\u00fcr weitere Details und Buchung: <a href=\"https:\/\/booking.stay22.com\/likexpats\/0mF_JdVB3-\" target=\"_blank\" rel=\"noopener\">Inturotel Esmeralda Park<\/a><\/strong><\/p>\n<h3 data-start=\"2501\" data-end=\"2533\"><span class=\"ez-toc-section\" id=\"Globales_Costa_de_la_Calma_4\"><\/span><strong>Globales Costa de la Calma 4*<\/strong><span class=\"ez-toc-section-end\"><\/span><\/h3>\n<p data-start=\"2534\" data-end=\"2583\">\ud83d\udccd <strong><a href=\"https:\/\/maps.app.goo.gl\/5hghBsDLf5PQmLc47\" target=\"_blank\" rel=\"noopener\">Lage Globales Costa de la Calma<\/a><\/strong>: Costa de la Calma | In der N\u00e4he von Santa Ponsa<\/p>\n<div id='gallery-4' class='gallery galleryid-2140 gallery-columns-2 gallery-size-full'><figure class='gallery-item'>\n\t\t\t<div class='gallery-icon landscape'>\n\t\t\t\t<a href='https:\/\/www.mymallorcadiary.com\/wp-content\/uploads\/2026\/02\/Globales-Costa-de-la-Calma.webp'><img decoding=\"async\" width=\"1920\" height=\"1078\" src=\"https:\/\/www.mymallorcadiary.com\/wp-content\/uploads\/2026\/02\/Globales-Costa-de-la-Calma.webp\" class=\"attachment-full size-full\" alt=\"\" srcset=\"https:\/\/www.mymallorcadiary.com\/wp-content\/uploads\/2026\/02\/Globales-Costa-de-la-Calma.webp 1920w, https:\/\/www.mymallorcadiary.com\/wp-content\/uploads\/2026\/02\/Globales-Costa-de-la-Calma-300x168.webp 300w, https:\/\/www.mymallorcadiary.com\/wp-content\/uploads\/2026\/02\/Globales-Costa-de-la-Calma-1024x575.webp 1024w, https:\/\/www.mymallorcadiary.com\/wp-content\/uploads\/2026\/02\/Globales-Costa-de-la-Calma-768x431.webp 768w, https:\/\/www.mymallorcadiary.com\/wp-content\/uploads\/2026\/02\/Globales-Costa-de-la-Calma-1536x862.webp 1536w, https:\/\/www.mymallorcadiary.com\/wp-content\/uploads\/2026\/02\/Globales-Costa-de-la-Calma-696x391.webp 696w, https:\/\/www.mymallorcadiary.com\/wp-content\/uploads\/2026\/02\/Globales-Costa-de-la-Calma-1392x782.webp 1392w\" sizes=\"(max-width: 1920px) 100vw, 1920px\" \/><\/a>\n\t\t\t<\/div><\/figure><figure class='gallery-item'>\n\t\t\t<div class='gallery-icon landscape'>\n\t\t\t\t<a href='https:\/\/www.mymallorcadiary.com\/wp-content\/uploads\/2026\/02\/Hotel-for-families-in-Santa-Ponsa.webp'><img decoding=\"async\" width=\"1920\" height=\"1078\" src=\"https:\/\/www.mymallorcadiary.com\/wp-content\/uploads\/2026\/02\/Hotel-for-families-in-Santa-Ponsa.webp\" class=\"attachment-full size-full\" alt=\"\" srcset=\"https:\/\/www.mymallorcadiary.com\/wp-content\/uploads\/2026\/02\/Hotel-for-families-in-Santa-Ponsa.webp 1920w, https:\/\/www.mymallorcadiary.com\/wp-content\/uploads\/2026\/02\/Hotel-for-families-in-Santa-Ponsa-300x168.webp 300w, https:\/\/www.mymallorcadiary.com\/wp-content\/uploads\/2026\/02\/Hotel-for-families-in-Santa-Ponsa-1024x575.webp 1024w, https:\/\/www.mymallorcadiary.com\/wp-content\/uploads\/2026\/02\/Hotel-for-families-in-Santa-Ponsa-768x431.webp 768w, https:\/\/www.mymallorcadiary.com\/wp-content\/uploads\/2026\/02\/Hotel-for-families-in-Santa-Ponsa-1536x862.webp 1536w, https:\/\/www.mymallorcadiary.com\/wp-content\/uploads\/2026\/02\/Hotel-for-families-in-Santa-Ponsa-696x391.webp 696w, https:\/\/www.mymallorcadiary.com\/wp-content\/uploads\/2026\/02\/Hotel-for-families-in-Santa-Ponsa-1392x782.webp 1392w\" sizes=\"(max-width: 1920px) 100vw, 1920px\" \/><\/a>\n\t\t\t<\/div><\/figure><figure class='gallery-item'>\n\t\t\t<div class='gallery-icon landscape'>\n\t\t\t\t<a href='https:\/\/www.mymallorcadiary.com\/wp-content\/uploads\/2026\/02\/Globales-hotel-in-Santa-Ponsa.webp'><img decoding=\"async\" width=\"1920\" height=\"1078\" src=\"https:\/\/www.mymallorcadiary.com\/wp-content\/uploads\/2026\/02\/Globales-hotel-in-Santa-Ponsa.webp\" class=\"attachment-full size-full\" alt=\"\" srcset=\"https:\/\/www.mymallorcadiary.com\/wp-content\/uploads\/2026\/02\/Globales-hotel-in-Santa-Ponsa.webp 1920w, https:\/\/www.mymallorcadiary.com\/wp-content\/uploads\/2026\/02\/Globales-hotel-in-Santa-Ponsa-300x168.webp 300w, https:\/\/www.mymallorcadiary.com\/wp-content\/uploads\/2026\/02\/Globales-hotel-in-Santa-Ponsa-1024x575.webp 1024w, https:\/\/www.mymallorcadiary.com\/wp-content\/uploads\/2026\/02\/Globales-hotel-in-Santa-Ponsa-768x431.webp 768w, https:\/\/www.mymallorcadiary.com\/wp-content\/uploads\/2026\/02\/Globales-hotel-in-Santa-Ponsa-1536x862.webp 1536w, https:\/\/www.mymallorcadiary.com\/wp-content\/uploads\/2026\/02\/Globales-hotel-in-Santa-Ponsa-696x391.webp 696w, https:\/\/www.mymallorcadiary.com\/wp-content\/uploads\/2026\/02\/Globales-hotel-in-Santa-Ponsa-1392x782.webp 1392w\" sizes=\"(max-width: 1920px) 100vw, 1920px\" \/><\/a>\n\t\t\t<\/div><\/figure><figure class='gallery-item'>\n\t\t\t<div class='gallery-icon landscape'>\n\t\t\t\t<a href='https:\/\/www.mymallorcadiary.com\/wp-content\/uploads\/2026\/02\/Family-hotel-in-Santa-Ponsa.webp'><img decoding=\"async\" width=\"1920\" height=\"1078\" src=\"https:\/\/www.mymallorcadiary.com\/wp-content\/uploads\/2026\/02\/Family-hotel-in-Santa-Ponsa.webp\" class=\"attachment-full size-full\" alt=\"\" srcset=\"https:\/\/www.mymallorcadiary.com\/wp-content\/uploads\/2026\/02\/Family-hotel-in-Santa-Ponsa.webp 1920w, https:\/\/www.mymallorcadiary.com\/wp-content\/uploads\/2026\/02\/Family-hotel-in-Santa-Ponsa-300x168.webp 300w, https:\/\/www.mymallorcadiary.com\/wp-content\/uploads\/2026\/02\/Family-hotel-in-Santa-Ponsa-1024x575.webp 1024w, https:\/\/www.mymallorcadiary.com\/wp-content\/uploads\/2026\/02\/Family-hotel-in-Santa-Ponsa-768x431.webp 768w, https:\/\/www.mymallorcadiary.com\/wp-content\/uploads\/2026\/02\/Family-hotel-in-Santa-Ponsa-1536x862.webp 1536w, https:\/\/www.mymallorcadiary.com\/wp-content\/uploads\/2026\/02\/Family-hotel-in-Santa-Ponsa-696x391.webp 696w, https:\/\/www.mymallorcadiary.com\/wp-content\/uploads\/2026\/02\/Family-hotel-in-Santa-Ponsa-1392x782.webp 1392w\" sizes=\"(max-width: 1920px) 100vw, 1920px\" \/><\/a>\n\t\t\t<\/div><\/figure>\n\t\t<\/div>\n\n<p data-start=\"2585\" data-end=\"2810\">Das Globales Costa de la Calma liegt in einem ruhigen Wohngebiet in der N\u00e4he von Santa Ponsa. Das Hotel bietet eine entspannte Atmosph\u00e4re inmitten mediterraner Vegetation und ist ideal f\u00fcr Familien, die einen ruhigen Urlaub verbringen m\u00f6chten. <\/p>\n<p data-start=\"2812\" data-end=\"2912\">Die G\u00e4ste k\u00f6nnen Au\u00dfenpools, komfortable Zimmer und die gute Erreichbarkeit nahegelegener Str\u00e4nde und Restaurants genie\u00dfen.<\/p>\n<p data-start=\"2914\" data-end=\"3064\"><strong data-start=\"2914\" data-end=\"2951\">Warum sollte man es f\u00fcr einen Familienurlaub buchen?<\/strong><br data-start=\"2951\" data-end=\"2954\">Eine hervorragende Option f\u00fcr Familien, die einen ruhigen Ausgangspunkt suchen und dennoch in der N\u00e4he des Strandes und der Annehmlichkeiten von Santa Ponsa sein m\u00f6chten.<\/p>\n<p data-start=\"2914\" data-end=\"3064\"><strong>Link f\u00fcr weitere Details und Buchung:<\/strong> <strong><a href=\"https:\/\/booking.stay22.com\/likexpats\/W8XFbozLaG\" target=\"_blank\" rel=\"noopener\">Globales Costa de la Calma<\/a><\/strong><\/p>\n<h3 data-start=\"3071\" data-end=\"3100\"><span class=\"ez-toc-section\" id=\"Aparthotel_Ona_Aucanada_4\"><\/span><strong>Aparthotel Ona Aucanada 4*<\/strong><span class=\"ez-toc-section-end\"><\/span><\/h3>\n<p data-start=\"3101\" data-end=\"3137\">\ud83d\udccd <strong><a href=\"https:\/\/maps.app.goo.gl\/ik8r7H424tec6sMQ6\" target=\"_blank\" rel=\"noopener\">Lage Aparthotel Ona Aucanada<\/a><\/strong>: Aucanada | In der N\u00e4he von Alcudia<\/p>\n<div id='gallery-5' class='gallery galleryid-2140 gallery-columns-2 gallery-size-full'><figure class='gallery-item'>\n\t\t\t<div class='gallery-icon landscape'>\n\t\t\t\t<a href='https:\/\/www.mymallorcadiary.com\/wp-content\/uploads\/2026\/02\/Aparthotel-in-Alcudia.webp'><img decoding=\"async\" width=\"1920\" height=\"1078\" src=\"https:\/\/www.mymallorcadiary.com\/wp-content\/uploads\/2026\/02\/Aparthotel-in-Alcudia.webp\" class=\"attachment-full size-full\" alt=\"\" srcset=\"https:\/\/www.mymallorcadiary.com\/wp-content\/uploads\/2026\/02\/Aparthotel-in-Alcudia.webp 1920w, https:\/\/www.mymallorcadiary.com\/wp-content\/uploads\/2026\/02\/Aparthotel-in-Alcudia-300x168.webp 300w, https:\/\/www.mymallorcadiary.com\/wp-content\/uploads\/2026\/02\/Aparthotel-in-Alcudia-1024x575.webp 1024w, https:\/\/www.mymallorcadiary.com\/wp-content\/uploads\/2026\/02\/Aparthotel-in-Alcudia-768x431.webp 768w, https:\/\/www.mymallorcadiary.com\/wp-content\/uploads\/2026\/02\/Aparthotel-in-Alcudia-1536x862.webp 1536w, https:\/\/www.mymallorcadiary.com\/wp-content\/uploads\/2026\/02\/Aparthotel-in-Alcudia-696x391.webp 696w, https:\/\/www.mymallorcadiary.com\/wp-content\/uploads\/2026\/02\/Aparthotel-in-Alcudia-1392x782.webp 1392w\" sizes=\"(max-width: 1920px) 100vw, 1920px\" \/><\/a>\n\t\t\t<\/div><\/figure><figure class='gallery-item'>\n\t\t\t<div class='gallery-icon landscape'>\n\t\t\t\t<a href='https:\/\/www.mymallorcadiary.com\/wp-content\/uploads\/2026\/02\/Ona-Aucanada-in-Alcudia.webp'><img decoding=\"async\" width=\"1920\" height=\"1078\" src=\"https:\/\/www.mymallorcadiary.com\/wp-content\/uploads\/2026\/02\/Ona-Aucanada-in-Alcudia.webp\" class=\"attachment-full size-full\" alt=\"\" srcset=\"https:\/\/www.mymallorcadiary.com\/wp-content\/uploads\/2026\/02\/Ona-Aucanada-in-Alcudia.webp 1920w, https:\/\/www.mymallorcadiary.com\/wp-content\/uploads\/2026\/02\/Ona-Aucanada-in-Alcudia-300x168.webp 300w, https:\/\/www.mymallorcadiary.com\/wp-content\/uploads\/2026\/02\/Ona-Aucanada-in-Alcudia-1024x575.webp 1024w, https:\/\/www.mymallorcadiary.com\/wp-content\/uploads\/2026\/02\/Ona-Aucanada-in-Alcudia-768x431.webp 768w, https:\/\/www.mymallorcadiary.com\/wp-content\/uploads\/2026\/02\/Ona-Aucanada-in-Alcudia-1536x862.webp 1536w, https:\/\/www.mymallorcadiary.com\/wp-content\/uploads\/2026\/02\/Ona-Aucanada-in-Alcudia-696x391.webp 696w, https:\/\/www.mymallorcadiary.com\/wp-content\/uploads\/2026\/02\/Ona-Aucanada-in-Alcudia-1392x782.webp 1392w\" sizes=\"(max-width: 1920px) 100vw, 1920px\" \/><\/a>\n\t\t\t<\/div><\/figure><figure class='gallery-item'>\n\t\t\t<div class='gallery-icon landscape'>\n\t\t\t\t<a href='https:\/\/www.mymallorcadiary.com\/wp-content\/uploads\/2026\/02\/Aparthotel-Ona-Aucanada.webp'><img decoding=\"async\" width=\"1920\" height=\"1078\" src=\"https:\/\/www.mymallorcadiary.com\/wp-content\/uploads\/2026\/02\/Aparthotel-Ona-Aucanada.webp\" class=\"attachment-full size-full\" alt=\"\" srcset=\"https:\/\/www.mymallorcadiary.com\/wp-content\/uploads\/2026\/02\/Aparthotel-Ona-Aucanada.webp 1920w, https:\/\/www.mymallorcadiary.com\/wp-content\/uploads\/2026\/02\/Aparthotel-Ona-Aucanada-300x168.webp 300w, https:\/\/www.mymallorcadiary.com\/wp-content\/uploads\/2026\/02\/Aparthotel-Ona-Aucanada-1024x575.webp 1024w, https:\/\/www.mymallorcadiary.com\/wp-content\/uploads\/2026\/02\/Aparthotel-Ona-Aucanada-768x431.webp 768w, https:\/\/www.mymallorcadiary.com\/wp-content\/uploads\/2026\/02\/Aparthotel-Ona-Aucanada-1536x862.webp 1536w, https:\/\/www.mymallorcadiary.com\/wp-content\/uploads\/2026\/02\/Aparthotel-Ona-Aucanada-696x391.webp 696w, https:\/\/www.mymallorcadiary.com\/wp-content\/uploads\/2026\/02\/Aparthotel-Ona-Aucanada-1392x782.webp 1392w\" sizes=\"(max-width: 1920px) 100vw, 1920px\" \/><\/a>\n\t\t\t<\/div><\/figure><figure class='gallery-item'>\n\t\t\t<div class='gallery-icon landscape'>\n\t\t\t\t<a href='https:\/\/www.mymallorcadiary.com\/wp-content\/uploads\/2026\/02\/Hotel-for-families-in-Alcudia-2.webp'><img decoding=\"async\" width=\"1920\" height=\"1078\" src=\"https:\/\/www.mymallorcadiary.com\/wp-content\/uploads\/2026\/02\/Hotel-for-families-in-Alcudia-2.webp\" class=\"attachment-full size-full\" alt=\"\" srcset=\"https:\/\/www.mymallorcadiary.com\/wp-content\/uploads\/2026\/02\/Hotel-for-families-in-Alcudia-2.webp 1920w, https:\/\/www.mymallorcadiary.com\/wp-content\/uploads\/2026\/02\/Hotel-for-families-in-Alcudia-2-300x168.webp 300w, https:\/\/www.mymallorcadiary.com\/wp-content\/uploads\/2026\/02\/Hotel-for-families-in-Alcudia-2-1024x575.webp 1024w, https:\/\/www.mymallorcadiary.com\/wp-content\/uploads\/2026\/02\/Hotel-for-families-in-Alcudia-2-768x431.webp 768w, https:\/\/www.mymallorcadiary.com\/wp-content\/uploads\/2026\/02\/Hotel-for-families-in-Alcudia-2-1536x862.webp 1536w, https:\/\/www.mymallorcadiary.com\/wp-content\/uploads\/2026\/02\/Hotel-for-families-in-Alcudia-2-696x391.webp 696w, https:\/\/www.mymallorcadiary.com\/wp-content\/uploads\/2026\/02\/Hotel-for-families-in-Alcudia-2-1392x782.webp 1392w\" sizes=\"(max-width: 1920px) 100vw, 1920px\" \/><\/a>\n\t\t\t<\/div><\/figure>\n\t\t<\/div>\n\n<p data-start=\"3139\" data-end=\"3298\">Das Aparthotel Ona Aucanada liegt in einer ruhigen K\u00fcstenregion in der N\u00e4he von Alcudia und bietet einen wundersch\u00f6nen Meerblick sowie eine entspannte Atmosph\u00e4re abseits der gesch\u00e4ftigen Touristengebiete.<\/p>\n<p data-start=\"3300\" data-end=\"3499\">Die Anlage bietet ger\u00e4umige Apartments mit K\u00fcchenzeile, mehrere Swimmingpools und gepflegte G\u00e4rten. Die nahegelegenen Str\u00e4nde und die charmante Altstadt von Alcudia sind nur eine kurze Autofahrt entfernt. <\/p>\n<p data-start=\"3501\" data-end=\"3640\"><strong data-start=\"3501\" data-end=\"3538\">Warum sollte man es f\u00fcr einen Familienurlaub buchen?<\/strong><br data-start=\"3538\" data-end=\"3541\">Ideal f\u00fcr Familien, die eine Unterkunft im Apartmentstil und eine ruhigere Umgebung in der N\u00e4he von Alcudia bevorzugen.<\/p>\n<p data-start=\"3501\" data-end=\"3640\"><strong>Link f\u00fcr weitere Details und Buchung: <a href=\"https:\/\/booking.stay22.com\/likexpats\/wFrHArK5KY\" target=\"_blank\" rel=\"noopener\">Aparthotel Ona Aucanada<\/a><\/strong><\/p>\n<h3 data-start=\"3647\" data-end=\"3669\"><span class=\"ez-toc-section\" id=\"tent_Playa_de_Palma_3\"><\/span><strong>tent Playa de Palma 3*<\/strong><span class=\"ez-toc-section-end\"><\/span><\/h3>\n<p data-start=\"3670\" data-end=\"3714\">\ud83d\udccd <strong><a href=\"https:\/\/maps.app.goo.gl\/WHHZJrGurDQMgaGU6\" target=\"_blank\" rel=\"noopener\">Lage tent Playa de Palma<\/a><\/strong>: Playa de Palma | S\u00fcd-Mallorca<\/p>\n<div id='gallery-6' class='gallery galleryid-2140 gallery-columns-2 gallery-size-full'><figure class='gallery-item'>\n\t\t\t<div class='gallery-icon landscape'>\n\t\t\t\t<a href='https:\/\/www.mymallorcadiary.com\/wp-content\/uploads\/2026\/02\/Tent-hotel-Palma.webp'><img decoding=\"async\" width=\"1920\" height=\"1078\" src=\"https:\/\/www.mymallorcadiary.com\/wp-content\/uploads\/2026\/02\/Tent-hotel-Palma.webp\" class=\"attachment-full size-full\" alt=\"\" srcset=\"https:\/\/www.mymallorcadiary.com\/wp-content\/uploads\/2026\/02\/Tent-hotel-Palma.webp 1920w, https:\/\/www.mymallorcadiary.com\/wp-content\/uploads\/2026\/02\/Tent-hotel-Palma-300x168.webp 300w, https:\/\/www.mymallorcadiary.com\/wp-content\/uploads\/2026\/02\/Tent-hotel-Palma-1024x575.webp 1024w, https:\/\/www.mymallorcadiary.com\/wp-content\/uploads\/2026\/02\/Tent-hotel-Palma-768x431.webp 768w, https:\/\/www.mymallorcadiary.com\/wp-content\/uploads\/2026\/02\/Tent-hotel-Palma-1536x862.webp 1536w, https:\/\/www.mymallorcadiary.com\/wp-content\/uploads\/2026\/02\/Tent-hotel-Palma-696x391.webp 696w, https:\/\/www.mymallorcadiary.com\/wp-content\/uploads\/2026\/02\/Tent-hotel-Palma-1392x782.webp 1392w\" sizes=\"(max-width: 1920px) 100vw, 1920px\" \/><\/a>\n\t\t\t<\/div><\/figure><figure class='gallery-item'>\n\t\t\t<div class='gallery-icon landscape'>\n\t\t\t\t<a href='https:\/\/www.mymallorcadiary.com\/wp-content\/uploads\/2026\/02\/brunch-hotel-in-Palma.webp'><img decoding=\"async\" width=\"1920\" height=\"1078\" src=\"https:\/\/www.mymallorcadiary.com\/wp-content\/uploads\/2026\/02\/brunch-hotel-in-Palma.webp\" class=\"attachment-full size-full\" alt=\"\" srcset=\"https:\/\/www.mymallorcadiary.com\/wp-content\/uploads\/2026\/02\/brunch-hotel-in-Palma.webp 1920w, https:\/\/www.mymallorcadiary.com\/wp-content\/uploads\/2026\/02\/brunch-hotel-in-Palma-300x168.webp 300w, https:\/\/www.mymallorcadiary.com\/wp-content\/uploads\/2026\/02\/brunch-hotel-in-Palma-1024x575.webp 1024w, https:\/\/www.mymallorcadiary.com\/wp-content\/uploads\/2026\/02\/brunch-hotel-in-Palma-768x431.webp 768w, https:\/\/www.mymallorcadiary.com\/wp-content\/uploads\/2026\/02\/brunch-hotel-in-Palma-1536x862.webp 1536w, https:\/\/www.mymallorcadiary.com\/wp-content\/uploads\/2026\/02\/brunch-hotel-in-Palma-696x391.webp 696w, https:\/\/www.mymallorcadiary.com\/wp-content\/uploads\/2026\/02\/brunch-hotel-in-Palma-1392x782.webp 1392w\" sizes=\"(max-width: 1920px) 100vw, 1920px\" \/><\/a>\n\t\t\t<\/div><\/figure><figure class='gallery-item'>\n\t\t\t<div class='gallery-icon landscape'>\n\t\t\t\t<a href='https:\/\/www.mymallorcadiary.com\/wp-content\/uploads\/2026\/02\/Tent-Playa-de-Palma.webp'><img decoding=\"async\" width=\"1920\" height=\"1078\" src=\"https:\/\/www.mymallorcadiary.com\/wp-content\/uploads\/2026\/02\/Tent-Playa-de-Palma.webp\" class=\"attachment-full size-full\" alt=\"\" srcset=\"https:\/\/www.mymallorcadiary.com\/wp-content\/uploads\/2026\/02\/Tent-Playa-de-Palma.webp 1920w, https:\/\/www.mymallorcadiary.com\/wp-content\/uploads\/2026\/02\/Tent-Playa-de-Palma-300x168.webp 300w, https:\/\/www.mymallorcadiary.com\/wp-content\/uploads\/2026\/02\/Tent-Playa-de-Palma-1024x575.webp 1024w, https:\/\/www.mymallorcadiary.com\/wp-content\/uploads\/2026\/02\/Tent-Playa-de-Palma-768x431.webp 768w, https:\/\/www.mymallorcadiary.com\/wp-content\/uploads\/2026\/02\/Tent-Playa-de-Palma-1536x862.webp 1536w, https:\/\/www.mymallorcadiary.com\/wp-content\/uploads\/2026\/02\/Tent-Playa-de-Palma-696x391.webp 696w, https:\/\/www.mymallorcadiary.com\/wp-content\/uploads\/2026\/02\/Tent-Playa-de-Palma-1392x782.webp 1392w\" sizes=\"(max-width: 1920px) 100vw, 1920px\" \/><\/a>\n\t\t\t<\/div><\/figure><figure class='gallery-item'>\n\t\t\t<div class='gallery-icon landscape'>\n\t\t\t\t<a href='https:\/\/www.mymallorcadiary.com\/wp-content\/uploads\/2026\/02\/unlimited-brunch-hotel-in-Palma.webp'><img decoding=\"async\" width=\"1920\" height=\"1078\" src=\"https:\/\/www.mymallorcadiary.com\/wp-content\/uploads\/2026\/02\/unlimited-brunch-hotel-in-Palma.webp\" class=\"attachment-full size-full\" alt=\"\" srcset=\"https:\/\/www.mymallorcadiary.com\/wp-content\/uploads\/2026\/02\/unlimited-brunch-hotel-in-Palma.webp 1920w, https:\/\/www.mymallorcadiary.com\/wp-content\/uploads\/2026\/02\/unlimited-brunch-hotel-in-Palma-300x168.webp 300w, https:\/\/www.mymallorcadiary.com\/wp-content\/uploads\/2026\/02\/unlimited-brunch-hotel-in-Palma-1024x575.webp 1024w, https:\/\/www.mymallorcadiary.com\/wp-content\/uploads\/2026\/02\/unlimited-brunch-hotel-in-Palma-768x431.webp 768w, https:\/\/www.mymallorcadiary.com\/wp-content\/uploads\/2026\/02\/unlimited-brunch-hotel-in-Palma-1536x862.webp 1536w, https:\/\/www.mymallorcadiary.com\/wp-content\/uploads\/2026\/02\/unlimited-brunch-hotel-in-Palma-696x391.webp 696w, https:\/\/www.mymallorcadiary.com\/wp-content\/uploads\/2026\/02\/unlimited-brunch-hotel-in-Palma-1392x782.webp 1392w\" sizes=\"(max-width: 1920px) 100vw, 1920px\" \/><\/a>\n\t\t\t<\/div><\/figure>\n\t\t<\/div>\n\n<p data-start=\"3716\" data-end=\"3835\">Das Tent Playa de Palma ist ein modernes und legeres Hotel, das nur wenige Gehminuten vom langen Sandstrand von Playa de Palma entfernt liegt.<\/p>\n<p data-start=\"3837\" data-end=\"4095\">Zu den herausragenden Merkmalen des Hotels geh\u00f6rt der t\u00e4glich von <strong data-start=\"3924\" data-end=\"3946\">8:00 bis 13:30<\/strong> <strong data-start=\"3881\" data-end=\"3901\">Uhr verf\u00fcgbare All-you-can-eat-Brunch<\/strong>, der G\u00e4sten ein flexibles Fr\u00fchst\u00fccks- und Brunch-Erlebnis erm\u00f6glicht. Das Hotel bietet au\u00dferdem einen <strong data-start=\"4039\" data-end=\"4056\">Self-Check-in<\/strong>, der die Anreise schnell und bequem gestaltet. <\/p>\n<p data-start=\"4097\" data-end=\"4251\"><strong data-start=\"4097\" data-end=\"4134\">Warum sollte man es f\u00fcr einen Familienurlaub buchen?<\/strong><br data-start=\"4134\" data-end=\"4137\">Die flexiblen Brunchzeiten, die komfortablen Zimmer und die N\u00e4he zum Strand machen es zu einem idealen Ausgangspunkt f\u00fcr Familien.<\/p>\n<p data-start=\"4097\" data-end=\"4251\"><strong>Link f\u00fcr weitere Details und Buchung: <a href=\"https:\/\/booking.stay22.com\/likexpats\/9bMORwGneQ\" target=\"_blank\" rel=\"noopener\">Tent Playa de Palma<\/a><\/strong><\/p>\n<h3 data-start=\"4258\" data-end=\"4287\"><span class=\"ez-toc-section\" id=\"Jutlandia_Family_Resort_3\"><\/span><strong>Jutlandia Family Resort 3*<\/strong><span class=\"ez-toc-section-end\"><\/span><\/h3>\n<p data-start=\"4288\" data-end=\"4333\">\ud83d\udccd <strong><a href=\"https:\/\/maps.app.goo.gl\/BDz3J5gopE8FFVwZA\" target=\"_blank\" rel=\"noopener\">Lage Jutlandia Family Resort<\/a><\/strong>: Santa Ponsa | S\u00fcdwesten Mallorcas<\/p>\n<div id='gallery-7' class='gallery galleryid-2140 gallery-columns-2 gallery-size-full'><figure class='gallery-item'>\n\t\t\t<div class='gallery-icon landscape'>\n\t\t\t\t<a href='https:\/\/www.mymallorcadiary.com\/wp-content\/uploads\/2026\/02\/Jutlandia-family-hotel-Santa-Ponsa.webp'><img decoding=\"async\" width=\"1920\" height=\"1078\" src=\"https:\/\/www.mymallorcadiary.com\/wp-content\/uploads\/2026\/02\/Jutlandia-family-hotel-Santa-Ponsa.webp\" class=\"attachment-full size-full\" alt=\"\" srcset=\"https:\/\/www.mymallorcadiary.com\/wp-content\/uploads\/2026\/02\/Jutlandia-family-hotel-Santa-Ponsa.webp 1920w, https:\/\/www.mymallorcadiary.com\/wp-content\/uploads\/2026\/02\/Jutlandia-family-hotel-Santa-Ponsa-300x168.webp 300w, https:\/\/www.mymallorcadiary.com\/wp-content\/uploads\/2026\/02\/Jutlandia-family-hotel-Santa-Ponsa-1024x575.webp 1024w, https:\/\/www.mymallorcadiary.com\/wp-content\/uploads\/2026\/02\/Jutlandia-family-hotel-Santa-Ponsa-768x431.webp 768w, https:\/\/www.mymallorcadiary.com\/wp-content\/uploads\/2026\/02\/Jutlandia-family-hotel-Santa-Ponsa-1536x862.webp 1536w, https:\/\/www.mymallorcadiary.com\/wp-content\/uploads\/2026\/02\/Jutlandia-family-hotel-Santa-Ponsa-696x391.webp 696w, https:\/\/www.mymallorcadiary.com\/wp-content\/uploads\/2026\/02\/Jutlandia-family-hotel-Santa-Ponsa-1392x782.webp 1392w\" sizes=\"(max-width: 1920px) 100vw, 1920px\" \/><\/a>\n\t\t\t<\/div><\/figure><figure class='gallery-item'>\n\t\t\t<div class='gallery-icon landscape'>\n\t\t\t\t<a href='https:\/\/www.mymallorcadiary.com\/wp-content\/uploads\/2026\/02\/Mallorca-family-hotel.webp'><img decoding=\"async\" width=\"1920\" height=\"1078\" src=\"https:\/\/www.mymallorcadiary.com\/wp-content\/uploads\/2026\/02\/Mallorca-family-hotel.webp\" class=\"attachment-full size-full\" alt=\"\" srcset=\"https:\/\/www.mymallorcadiary.com\/wp-content\/uploads\/2026\/02\/Mallorca-family-hotel.webp 1920w, https:\/\/www.mymallorcadiary.com\/wp-content\/uploads\/2026\/02\/Mallorca-family-hotel-300x168.webp 300w, https:\/\/www.mymallorcadiary.com\/wp-content\/uploads\/2026\/02\/Mallorca-family-hotel-1024x575.webp 1024w, https:\/\/www.mymallorcadiary.com\/wp-content\/uploads\/2026\/02\/Mallorca-family-hotel-768x431.webp 768w, https:\/\/www.mymallorcadiary.com\/wp-content\/uploads\/2026\/02\/Mallorca-family-hotel-1536x862.webp 1536w, https:\/\/www.mymallorcadiary.com\/wp-content\/uploads\/2026\/02\/Mallorca-family-hotel-696x391.webp 696w, https:\/\/www.mymallorcadiary.com\/wp-content\/uploads\/2026\/02\/Mallorca-family-hotel-1392x782.webp 1392w\" sizes=\"(max-width: 1920px) 100vw, 1920px\" \/><\/a>\n\t\t\t<\/div><\/figure><figure class='gallery-item'>\n\t\t\t<div class='gallery-icon landscape'>\n\t\t\t\t<a href='https:\/\/www.mymallorcadiary.com\/wp-content\/uploads\/2026\/02\/Family-accommodation-in-Mallorca.webp'><img decoding=\"async\" width=\"1920\" height=\"1078\" src=\"https:\/\/www.mymallorcadiary.com\/wp-content\/uploads\/2026\/02\/Family-accommodation-in-Mallorca.webp\" class=\"attachment-full size-full\" alt=\"\" srcset=\"https:\/\/www.mymallorcadiary.com\/wp-content\/uploads\/2026\/02\/Family-accommodation-in-Mallorca.webp 1920w, https:\/\/www.mymallorcadiary.com\/wp-content\/uploads\/2026\/02\/Family-accommodation-in-Mallorca-300x168.webp 300w, https:\/\/www.mymallorcadiary.com\/wp-content\/uploads\/2026\/02\/Family-accommodation-in-Mallorca-1024x575.webp 1024w, https:\/\/www.mymallorcadiary.com\/wp-content\/uploads\/2026\/02\/Family-accommodation-in-Mallorca-768x431.webp 768w, https:\/\/www.mymallorcadiary.com\/wp-content\/uploads\/2026\/02\/Family-accommodation-in-Mallorca-1536x862.webp 1536w, https:\/\/www.mymallorcadiary.com\/wp-content\/uploads\/2026\/02\/Family-accommodation-in-Mallorca-696x391.webp 696w, https:\/\/www.mymallorcadiary.com\/wp-content\/uploads\/2026\/02\/Family-accommodation-in-Mallorca-1392x782.webp 1392w\" sizes=\"(max-width: 1920px) 100vw, 1920px\" \/><\/a>\n\t\t\t<\/div><\/figure><figure class='gallery-item'>\n\t\t\t<div class='gallery-icon landscape'>\n\t\t\t\t<a href='https:\/\/www.mymallorcadiary.com\/wp-content\/uploads\/2026\/02\/Jutlandia-Family-hotel-Mallorca.webp'><img decoding=\"async\" width=\"1920\" height=\"1078\" src=\"https:\/\/www.mymallorcadiary.com\/wp-content\/uploads\/2026\/02\/Jutlandia-Family-hotel-Mallorca.webp\" class=\"attachment-full size-full\" alt=\"\" srcset=\"https:\/\/www.mymallorcadiary.com\/wp-content\/uploads\/2026\/02\/Jutlandia-Family-hotel-Mallorca.webp 1920w, https:\/\/www.mymallorcadiary.com\/wp-content\/uploads\/2026\/02\/Jutlandia-Family-hotel-Mallorca-300x168.webp 300w, https:\/\/www.mymallorcadiary.com\/wp-content\/uploads\/2026\/02\/Jutlandia-Family-hotel-Mallorca-1024x575.webp 1024w, https:\/\/www.mymallorcadiary.com\/wp-content\/uploads\/2026\/02\/Jutlandia-Family-hotel-Mallorca-768x431.webp 768w, https:\/\/www.mymallorcadiary.com\/wp-content\/uploads\/2026\/02\/Jutlandia-Family-hotel-Mallorca-1536x862.webp 1536w, https:\/\/www.mymallorcadiary.com\/wp-content\/uploads\/2026\/02\/Jutlandia-Family-hotel-Mallorca-696x391.webp 696w, https:\/\/www.mymallorcadiary.com\/wp-content\/uploads\/2026\/02\/Jutlandia-Family-hotel-Mallorca-1392x782.webp 1392w\" sizes=\"(max-width: 1920px) 100vw, 1920px\" \/><\/a>\n\t\t\t<\/div><\/figure>\n\t\t<\/div>\n\n<p data-start=\"4335\" data-end=\"4553\">Das Jutlandia Family Resort ist speziell auf die Bed\u00fcrfnisse von Familien zugeschnitten. Nur wenige Gehminuten vom Strand von Santa Ponsa entfernt, bietet das Resort Apartments und ein breites Angebot an Einrichtungen f\u00fcr Kinder. <\/p>\n<p data-start=\"4555\" data-end=\"4652\">Der Komplex bietet mehrere Schwimmbecken, Spielpl\u00e4tze und ein t\u00e4gliches Unterhaltungsprogramm.<\/p>\n<p data-start=\"4654\" data-end=\"4773\"><strong data-start=\"4654\" data-end=\"4691\">Warum sollte man es f\u00fcr einen Familienurlaub buchen?<\/strong><br data-start=\"4691\" data-end=\"4694\">Es ist eines der besten Resorts in Santa Ponsa f\u00fcr Familien mit j\u00fcngeren Kindern.<\/p>\n<p data-start=\"4654\" data-end=\"4773\"><strong>Link f\u00fcr weitere Details und Buchung:<\/strong> <strong><a href=\"https:\/\/booking.stay22.com\/likexpats\/gJWcjNtKp6\" target=\"_blank\" rel=\"noopener\">Jutlandia Family Resort<\/a><\/strong><\/p>\n<h3 data-start=\"4780\" data-end=\"4804\"><span class=\"ez-toc-section\" id=\"Apartamentos_Solecito\"><\/span><strong>Apartamentos Solecito<\/strong><span class=\"ez-toc-section-end\"><\/span><\/h3>\n<p data-start=\"4805\" data-end=\"4835\">\ud83d\udccd <strong><a href=\"https:\/\/maps.app.goo.gl\/s3FPGjbnAKr7aM566\" target=\"_blank\" rel=\"noopener\">Lage Apartamentos Solecito<\/a><\/strong>: Puerto de Alcudia<\/p>\n<div id='gallery-8' class='gallery galleryid-2140 gallery-columns-2 gallery-size-full'><figure class='gallery-item'>\n\t\t\t<div class='gallery-icon landscape'>\n\t\t\t\t<a href='https:\/\/www.mymallorcadiary.com\/wp-content\/uploads\/2026\/02\/Solecito-apartments-in-Alcudia.webp'><img decoding=\"async\" width=\"1920\" height=\"1078\" src=\"https:\/\/www.mymallorcadiary.com\/wp-content\/uploads\/2026\/02\/Solecito-apartments-in-Alcudia.webp\" class=\"attachment-full size-full\" alt=\"\" srcset=\"https:\/\/www.mymallorcadiary.com\/wp-content\/uploads\/2026\/02\/Solecito-apartments-in-Alcudia.webp 1920w, https:\/\/www.mymallorcadiary.com\/wp-content\/uploads\/2026\/02\/Solecito-apartments-in-Alcudia-300x168.webp 300w, https:\/\/www.mymallorcadiary.com\/wp-content\/uploads\/2026\/02\/Solecito-apartments-in-Alcudia-1024x575.webp 1024w, https:\/\/www.mymallorcadiary.com\/wp-content\/uploads\/2026\/02\/Solecito-apartments-in-Alcudia-768x431.webp 768w, https:\/\/www.mymallorcadiary.com\/wp-content\/uploads\/2026\/02\/Solecito-apartments-in-Alcudia-1536x862.webp 1536w, https:\/\/www.mymallorcadiary.com\/wp-content\/uploads\/2026\/02\/Solecito-apartments-in-Alcudia-696x391.webp 696w, https:\/\/www.mymallorcadiary.com\/wp-content\/uploads\/2026\/02\/Solecito-apartments-in-Alcudia-1392x782.webp 1392w\" sizes=\"(max-width: 1920px) 100vw, 1920px\" \/><\/a>\n\t\t\t<\/div><\/figure><figure class='gallery-item'>\n\t\t\t<div class='gallery-icon landscape'>\n\t\t\t\t<a href='https:\/\/www.mymallorcadiary.com\/wp-content\/uploads\/2026\/02\/Apartments-for-families-in-front-of-the-sea-in-Mallorca.webp'><img decoding=\"async\" width=\"1920\" height=\"1078\" src=\"https:\/\/www.mymallorcadiary.com\/wp-content\/uploads\/2026\/02\/Apartments-for-families-in-front-of-the-sea-in-Mallorca.webp\" class=\"attachment-full size-full\" alt=\"\" srcset=\"https:\/\/www.mymallorcadiary.com\/wp-content\/uploads\/2026\/02\/Apartments-for-families-in-front-of-the-sea-in-Mallorca.webp 1920w, https:\/\/www.mymallorcadiary.com\/wp-content\/uploads\/2026\/02\/Apartments-for-families-in-front-of-the-sea-in-Mallorca-300x168.webp 300w, https:\/\/www.mymallorcadiary.com\/wp-content\/uploads\/2026\/02\/Apartments-for-families-in-front-of-the-sea-in-Mallorca-1024x575.webp 1024w, https:\/\/www.mymallorcadiary.com\/wp-content\/uploads\/2026\/02\/Apartments-for-families-in-front-of-the-sea-in-Mallorca-768x431.webp 768w, https:\/\/www.mymallorcadiary.com\/wp-content\/uploads\/2026\/02\/Apartments-for-families-in-front-of-the-sea-in-Mallorca-1536x862.webp 1536w, https:\/\/www.mymallorcadiary.com\/wp-content\/uploads\/2026\/02\/Apartments-for-families-in-front-of-the-sea-in-Mallorca-696x391.webp 696w, https:\/\/www.mymallorcadiary.com\/wp-content\/uploads\/2026\/02\/Apartments-for-families-in-front-of-the-sea-in-Mallorca-1392x782.webp 1392w\" sizes=\"(max-width: 1920px) 100vw, 1920px\" \/><\/a>\n\t\t\t<\/div><\/figure><figure class='gallery-item'>\n\t\t\t<div class='gallery-icon landscape'>\n\t\t\t\t<a href='https:\/\/www.mymallorcadiary.com\/wp-content\/uploads\/2026\/02\/Puerto-de-Alcudia-apartments-for-families.webp'><img decoding=\"async\" width=\"1920\" height=\"1078\" src=\"https:\/\/www.mymallorcadiary.com\/wp-content\/uploads\/2026\/02\/Puerto-de-Alcudia-apartments-for-families.webp\" class=\"attachment-full size-full\" alt=\"\" srcset=\"https:\/\/www.mymallorcadiary.com\/wp-content\/uploads\/2026\/02\/Puerto-de-Alcudia-apartments-for-families.webp 1920w, https:\/\/www.mymallorcadiary.com\/wp-content\/uploads\/2026\/02\/Puerto-de-Alcudia-apartments-for-families-300x168.webp 300w, https:\/\/www.mymallorcadiary.com\/wp-content\/uploads\/2026\/02\/Puerto-de-Alcudia-apartments-for-families-1024x575.webp 1024w, https:\/\/www.mymallorcadiary.com\/wp-content\/uploads\/2026\/02\/Puerto-de-Alcudia-apartments-for-families-768x431.webp 768w, https:\/\/www.mymallorcadiary.com\/wp-content\/uploads\/2026\/02\/Puerto-de-Alcudia-apartments-for-families-1536x862.webp 1536w, https:\/\/www.mymallorcadiary.com\/wp-content\/uploads\/2026\/02\/Puerto-de-Alcudia-apartments-for-families-696x391.webp 696w, https:\/\/www.mymallorcadiary.com\/wp-content\/uploads\/2026\/02\/Puerto-de-Alcudia-apartments-for-families-1392x782.webp 1392w\" sizes=\"(max-width: 1920px) 100vw, 1920px\" \/><\/a>\n\t\t\t<\/div><\/figure><figure class='gallery-item'>\n\t\t\t<div class='gallery-icon landscape'>\n\t\t\t\t<a href='https:\/\/www.mymallorcadiary.com\/wp-content\/uploads\/2026\/02\/Apartaments-with-pool-in-front-of-the-sea-in-Mallorca.webp'><img decoding=\"async\" width=\"1920\" height=\"1078\" src=\"https:\/\/www.mymallorcadiary.com\/wp-content\/uploads\/2026\/02\/Apartaments-with-pool-in-front-of-the-sea-in-Mallorca.webp\" class=\"attachment-full size-full\" alt=\"\" srcset=\"https:\/\/www.mymallorcadiary.com\/wp-content\/uploads\/2026\/02\/Apartaments-with-pool-in-front-of-the-sea-in-Mallorca.webp 1920w, https:\/\/www.mymallorcadiary.com\/wp-content\/uploads\/2026\/02\/Apartaments-with-pool-in-front-of-the-sea-in-Mallorca-300x168.webp 300w, https:\/\/www.mymallorcadiary.com\/wp-content\/uploads\/2026\/02\/Apartaments-with-pool-in-front-of-the-sea-in-Mallorca-1024x575.webp 1024w, https:\/\/www.mymallorcadiary.com\/wp-content\/uploads\/2026\/02\/Apartaments-with-pool-in-front-of-the-sea-in-Mallorca-768x431.webp 768w, https:\/\/www.mymallorcadiary.com\/wp-content\/uploads\/2026\/02\/Apartaments-with-pool-in-front-of-the-sea-in-Mallorca-1536x862.webp 1536w, https:\/\/www.mymallorcadiary.com\/wp-content\/uploads\/2026\/02\/Apartaments-with-pool-in-front-of-the-sea-in-Mallorca-696x391.webp 696w, https:\/\/www.mymallorcadiary.com\/wp-content\/uploads\/2026\/02\/Apartaments-with-pool-in-front-of-the-sea-in-Mallorca-1392x782.webp 1392w\" sizes=\"(max-width: 1920px) 100vw, 1920px\" \/><\/a>\n\t\t\t<\/div><\/figure>\n\t\t<\/div>\n\n<p data-start=\"4837\" data-end=\"5026\">Apartamentos Solecito bietet komfortable Apartments zur Selbstverpflegung in ruhiger Lage in Puerto de Alcudia. Die Anlage umfasst einen Swimmingpool und ger\u00e4umige Apartments mit K\u00fcchenzeile. <\/p>\n<p data-start=\"5028\" data-end=\"5138\">Strand, Restaurants und Gesch\u00e4fte sind nur wenige Schritte entfernt, was die Lage ideal f\u00fcr Familien macht.<\/p>\n<p data-start=\"5140\" data-end=\"5271\"><strong data-start=\"5140\" data-end=\"5177\">Warum sollte man es f\u00fcr einen Familienurlaub buchen?<\/strong><br data-start=\"5177\" data-end=\"5180\">Eine praktische Option f\u00fcr Familien, die w\u00e4hrend ihres Aufenthalts Flexibilit\u00e4t und Unabh\u00e4ngigkeit suchen.<\/p>\n<p data-start=\"5140\" data-end=\"5271\"><strong>Link f\u00fcr weitere Details und Buchung: <a href=\"https:\/\/booking.stay22.com\/likexpats\/MyybPgvCs9\" target=\"_blank\" rel=\"noopener\">Apartamentos Solecito<\/a><\/strong><\/p>\n<h3 data-start=\"5278\" data-end=\"5307\"><span class=\"ez-toc-section\" id=\"OLA_Apartamentos_Cala_dOr\"><\/span><strong>OLA Apartamentos Cala d&#8217;Or<\/strong><span class=\"ez-toc-section-end\"><\/span><\/h3>\n<p data-start=\"5308\" data-end=\"5351\">\ud83d\udccd <strong><a href=\"https:\/\/maps.app.goo.gl\/hsY5cSPon7BonfLY7\" target=\"_blank\" rel=\"noopener\">Lage OLA Apartamentos Cala d&#8217;Or<\/a><\/strong>: Cala d\u2019Or | S\u00fcdost-Mallorca<\/p>\n<div id='gallery-9' class='gallery galleryid-2140 gallery-columns-2 gallery-size-full'><figure class='gallery-item'>\n\t\t\t<div class='gallery-icon landscape'>\n\t\t\t\t<a href='https:\/\/www.mymallorcadiary.com\/wp-content\/uploads\/2026\/02\/OLA-Apartments-Cala-Dor.webp'><img decoding=\"async\" width=\"1920\" height=\"1078\" src=\"https:\/\/www.mymallorcadiary.com\/wp-content\/uploads\/2026\/02\/OLA-Apartments-Cala-Dor.webp\" class=\"attachment-full size-full\" alt=\"\" srcset=\"https:\/\/www.mymallorcadiary.com\/wp-content\/uploads\/2026\/02\/OLA-Apartments-Cala-Dor.webp 1920w, https:\/\/www.mymallorcadiary.com\/wp-content\/uploads\/2026\/02\/OLA-Apartments-Cala-Dor-300x168.webp 300w, https:\/\/www.mymallorcadiary.com\/wp-content\/uploads\/2026\/02\/OLA-Apartments-Cala-Dor-1024x575.webp 1024w, https:\/\/www.mymallorcadiary.com\/wp-content\/uploads\/2026\/02\/OLA-Apartments-Cala-Dor-768x431.webp 768w, https:\/\/www.mymallorcadiary.com\/wp-content\/uploads\/2026\/02\/OLA-Apartments-Cala-Dor-1536x862.webp 1536w, https:\/\/www.mymallorcadiary.com\/wp-content\/uploads\/2026\/02\/OLA-Apartments-Cala-Dor-696x391.webp 696w, https:\/\/www.mymallorcadiary.com\/wp-content\/uploads\/2026\/02\/OLA-Apartments-Cala-Dor-1392x782.webp 1392w\" sizes=\"(max-width: 1920px) 100vw, 1920px\" \/><\/a>\n\t\t\t<\/div><\/figure><figure class='gallery-item'>\n\t\t\t<div class='gallery-icon landscape'>\n\t\t\t\t<a href='https:\/\/www.mymallorcadiary.com\/wp-content\/uploads\/2026\/02\/Apartments-for-families-in-Cala-Dor.webp'><img decoding=\"async\" width=\"1920\" height=\"1078\" src=\"https:\/\/www.mymallorcadiary.com\/wp-content\/uploads\/2026\/02\/Apartments-for-families-in-Cala-Dor.webp\" class=\"attachment-full size-full\" alt=\"\" srcset=\"https:\/\/www.mymallorcadiary.com\/wp-content\/uploads\/2026\/02\/Apartments-for-families-in-Cala-Dor.webp 1920w, https:\/\/www.mymallorcadiary.com\/wp-content\/uploads\/2026\/02\/Apartments-for-families-in-Cala-Dor-300x168.webp 300w, https:\/\/www.mymallorcadiary.com\/wp-content\/uploads\/2026\/02\/Apartments-for-families-in-Cala-Dor-1024x575.webp 1024w, https:\/\/www.mymallorcadiary.com\/wp-content\/uploads\/2026\/02\/Apartments-for-families-in-Cala-Dor-768x431.webp 768w, https:\/\/www.mymallorcadiary.com\/wp-content\/uploads\/2026\/02\/Apartments-for-families-in-Cala-Dor-1536x862.webp 1536w, https:\/\/www.mymallorcadiary.com\/wp-content\/uploads\/2026\/02\/Apartments-for-families-in-Cala-Dor-696x391.webp 696w, https:\/\/www.mymallorcadiary.com\/wp-content\/uploads\/2026\/02\/Apartments-for-families-in-Cala-Dor-1392x782.webp 1392w\" sizes=\"(max-width: 1920px) 100vw, 1920px\" \/><\/a>\n\t\t\t<\/div><\/figure><figure class='gallery-item'>\n\t\t\t<div class='gallery-icon landscape'>\n\t\t\t\t<a href='https:\/\/www.mymallorcadiary.com\/wp-content\/uploads\/2026\/02\/Cala-Dor-apartments-for-families.webp'><img decoding=\"async\" width=\"1920\" height=\"1078\" src=\"https:\/\/www.mymallorcadiary.com\/wp-content\/uploads\/2026\/02\/Cala-Dor-apartments-for-families.webp\" class=\"attachment-full size-full\" alt=\"\" srcset=\"https:\/\/www.mymallorcadiary.com\/wp-content\/uploads\/2026\/02\/Cala-Dor-apartments-for-families.webp 1920w, https:\/\/www.mymallorcadiary.com\/wp-content\/uploads\/2026\/02\/Cala-Dor-apartments-for-families-300x168.webp 300w, https:\/\/www.mymallorcadiary.com\/wp-content\/uploads\/2026\/02\/Cala-Dor-apartments-for-families-1024x575.webp 1024w, https:\/\/www.mymallorcadiary.com\/wp-content\/uploads\/2026\/02\/Cala-Dor-apartments-for-families-768x431.webp 768w, https:\/\/www.mymallorcadiary.com\/wp-content\/uploads\/2026\/02\/Cala-Dor-apartments-for-families-1536x862.webp 1536w, https:\/\/www.mymallorcadiary.com\/wp-content\/uploads\/2026\/02\/Cala-Dor-apartments-for-families-696x391.webp 696w, https:\/\/www.mymallorcadiary.com\/wp-content\/uploads\/2026\/02\/Cala-Dor-apartments-for-families-1392x782.webp 1392w\" sizes=\"(max-width: 1920px) 100vw, 1920px\" \/><\/a>\n\t\t\t<\/div><\/figure><figure class='gallery-item'>\n\t\t\t<div class='gallery-icon landscape'>\n\t\t\t\t<a href='https:\/\/www.mymallorcadiary.com\/wp-content\/uploads\/2026\/02\/OLA-Apartamentos-Cala-Dor.webp'><img decoding=\"async\" width=\"1920\" height=\"1078\" src=\"https:\/\/www.mymallorcadiary.com\/wp-content\/uploads\/2026\/02\/OLA-Apartamentos-Cala-Dor.webp\" class=\"attachment-full size-full\" alt=\"\" srcset=\"https:\/\/www.mymallorcadiary.com\/wp-content\/uploads\/2026\/02\/OLA-Apartamentos-Cala-Dor.webp 1920w, https:\/\/www.mymallorcadiary.com\/wp-content\/uploads\/2026\/02\/OLA-Apartamentos-Cala-Dor-300x168.webp 300w, https:\/\/www.mymallorcadiary.com\/wp-content\/uploads\/2026\/02\/OLA-Apartamentos-Cala-Dor-1024x575.webp 1024w, https:\/\/www.mymallorcadiary.com\/wp-content\/uploads\/2026\/02\/OLA-Apartamentos-Cala-Dor-768x431.webp 768w, https:\/\/www.mymallorcadiary.com\/wp-content\/uploads\/2026\/02\/OLA-Apartamentos-Cala-Dor-1536x862.webp 1536w, https:\/\/www.mymallorcadiary.com\/wp-content\/uploads\/2026\/02\/OLA-Apartamentos-Cala-Dor-696x391.webp 696w, https:\/\/www.mymallorcadiary.com\/wp-content\/uploads\/2026\/02\/OLA-Apartamentos-Cala-Dor-1392x782.webp 1392w\" sizes=\"(max-width: 1920px) 100vw, 1920px\" \/><\/a>\n\t\t\t<\/div><\/figure>\n\t\t<\/div>\n\n<p data-start=\"5353\" data-end=\"5539\">OLA Apartamentos Cala d\u2019Or bietet Apartments in der N\u00e4he des Stadtzentrums und der Str\u00e4nde. Die Anlage verf\u00fcgt \u00fcber Swimmingpools und ger\u00e4umige Apartments mit K\u00fcchenzeile. <\/p>\n<p data-start=\"5541\" data-end=\"5623\">Dank seiner Lage lassen sich die Str\u00e4nde, der Yachthafen und die Restaurants von Cala d\u2019Or bequem erkunden.<\/p>\n<p data-start=\"5625\" data-end=\"5756\"><strong data-start=\"5625\" data-end=\"5662\">Warum sollte man es f\u00fcr einen Familienurlaub buchen?<\/strong><br data-start=\"5662\" data-end=\"5665\">Eine hervorragende Option f\u00fcr Familien, die Unabh\u00e4ngigkeit w\u00fcnschen und gleichzeitig die N\u00e4he zu den Attraktionen von Cala d\u2019Or genie\u00dfen m\u00f6chten.<\/p>\n<p data-start=\"5625\" data-end=\"5756\"><strong>Link f\u00fcr weitere Details und Buchung: <a href=\"https:\/\/booking.stay22.com\/likexpats\/3qhZzTJHdx\" target=\"_blank\" rel=\"noopener\">OLA Apartamentos Cala d&#8217;Or<\/a><\/strong><\/p>\n<h3 data-start=\"5763\" data-end=\"5792\"><span class=\"ez-toc-section\" id=\"SOL_Cala_DOr_Apartamentos\"><\/span><strong>SOL Cala D&#8217;Or Apartamentos<\/strong><span class=\"ez-toc-section-end\"><\/span><\/h3>\n<p data-start=\"5793\" data-end=\"5841\">\ud83d\udccd <strong><a href=\"https:\/\/maps.app.goo.gl\/NZEzDJfUnscFx3dv8\" target=\"_blank\" rel=\"noopener\">Lage SOL Cala D&#8217;Or Apartamentos<\/a><\/strong>: Cala d\u2019Or | In der N\u00e4he von Str\u00e4nden und Yachthafen<\/p>\n<div id='gallery-10' class='gallery galleryid-2140 gallery-columns-2 gallery-size-full'><figure class='gallery-item'>\n\t\t\t<div class='gallery-icon landscape'>\n\t\t\t\t<a href='https:\/\/www.mymallorcadiary.com\/wp-content\/uploads\/2026\/02\/Affordable-apartments-in-Mallorca.webp'><img decoding=\"async\" width=\"1920\" height=\"1078\" src=\"https:\/\/www.mymallorcadiary.com\/wp-content\/uploads\/2026\/02\/Affordable-apartments-in-Mallorca.webp\" class=\"attachment-full size-full\" alt=\"\" srcset=\"https:\/\/www.mymallorcadiary.com\/wp-content\/uploads\/2026\/02\/Affordable-apartments-in-Mallorca.webp 1920w, https:\/\/www.mymallorcadiary.com\/wp-content\/uploads\/2026\/02\/Affordable-apartments-in-Mallorca-300x168.webp 300w, https:\/\/www.mymallorcadiary.com\/wp-content\/uploads\/2026\/02\/Affordable-apartments-in-Mallorca-1024x575.webp 1024w, https:\/\/www.mymallorcadiary.com\/wp-content\/uploads\/2026\/02\/Affordable-apartments-in-Mallorca-768x431.webp 768w, https:\/\/www.mymallorcadiary.com\/wp-content\/uploads\/2026\/02\/Affordable-apartments-in-Mallorca-1536x862.webp 1536w, https:\/\/www.mymallorcadiary.com\/wp-content\/uploads\/2026\/02\/Affordable-apartments-in-Mallorca-696x391.webp 696w, https:\/\/www.mymallorcadiary.com\/wp-content\/uploads\/2026\/02\/Affordable-apartments-in-Mallorca-1392x782.webp 1392w\" sizes=\"(max-width: 1920px) 100vw, 1920px\" \/><\/a>\n\t\t\t<\/div><\/figure><figure class='gallery-item'>\n\t\t\t<div class='gallery-icon landscape'>\n\t\t\t\t<a href='https:\/\/www.mymallorcadiary.com\/wp-content\/uploads\/2026\/02\/Cala-Dor-Apartments-for-families-1.webp'><img decoding=\"async\" width=\"1920\" height=\"1078\" src=\"https:\/\/www.mymallorcadiary.com\/wp-content\/uploads\/2026\/02\/Cala-Dor-Apartments-for-families-1.webp\" class=\"attachment-full size-full\" alt=\"\" srcset=\"https:\/\/www.mymallorcadiary.com\/wp-content\/uploads\/2026\/02\/Cala-Dor-Apartments-for-families-1.webp 1920w, https:\/\/www.mymallorcadiary.com\/wp-content\/uploads\/2026\/02\/Cala-Dor-Apartments-for-families-1-300x168.webp 300w, https:\/\/www.mymallorcadiary.com\/wp-content\/uploads\/2026\/02\/Cala-Dor-Apartments-for-families-1-1024x575.webp 1024w, https:\/\/www.mymallorcadiary.com\/wp-content\/uploads\/2026\/02\/Cala-Dor-Apartments-for-families-1-768x431.webp 768w, https:\/\/www.mymallorcadiary.com\/wp-content\/uploads\/2026\/02\/Cala-Dor-Apartments-for-families-1-1536x862.webp 1536w, https:\/\/www.mymallorcadiary.com\/wp-content\/uploads\/2026\/02\/Cala-Dor-Apartments-for-families-1-696x391.webp 696w, https:\/\/www.mymallorcadiary.com\/wp-content\/uploads\/2026\/02\/Cala-Dor-Apartments-for-families-1-1392x782.webp 1392w\" sizes=\"(max-width: 1920px) 100vw, 1920px\" \/><\/a>\n\t\t\t<\/div><\/figure><figure class='gallery-item'>\n\t\t\t<div class='gallery-icon landscape'>\n\t\t\t\t<a href='https:\/\/www.mymallorcadiary.com\/wp-content\/uploads\/2026\/02\/Sol-Cala-Dor-Apartments.webp'><img decoding=\"async\" width=\"1920\" height=\"1078\" src=\"https:\/\/www.mymallorcadiary.com\/wp-content\/uploads\/2026\/02\/Sol-Cala-Dor-Apartments.webp\" class=\"attachment-full size-full\" alt=\"\" srcset=\"https:\/\/www.mymallorcadiary.com\/wp-content\/uploads\/2026\/02\/Sol-Cala-Dor-Apartments.webp 1920w, https:\/\/www.mymallorcadiary.com\/wp-content\/uploads\/2026\/02\/Sol-Cala-Dor-Apartments-300x168.webp 300w, https:\/\/www.mymallorcadiary.com\/wp-content\/uploads\/2026\/02\/Sol-Cala-Dor-Apartments-1024x575.webp 1024w, https:\/\/www.mymallorcadiary.com\/wp-content\/uploads\/2026\/02\/Sol-Cala-Dor-Apartments-768x431.webp 768w, https:\/\/www.mymallorcadiary.com\/wp-content\/uploads\/2026\/02\/Sol-Cala-Dor-Apartments-1536x862.webp 1536w, https:\/\/www.mymallorcadiary.com\/wp-content\/uploads\/2026\/02\/Sol-Cala-Dor-Apartments-696x391.webp 696w, https:\/\/www.mymallorcadiary.com\/wp-content\/uploads\/2026\/02\/Sol-Cala-Dor-Apartments-1392x782.webp 1392w\" sizes=\"(max-width: 1920px) 100vw, 1920px\" \/><\/a>\n\t\t\t<\/div><\/figure><figure class='gallery-item'>\n\t\t\t<div class='gallery-icon landscape'>\n\t\t\t\t<a href='https:\/\/www.mymallorcadiary.com\/wp-content\/uploads\/2026\/02\/Sol-Apartments-Cala-Dor.webp'><img decoding=\"async\" width=\"1920\" height=\"1078\" src=\"https:\/\/www.mymallorcadiary.com\/wp-content\/uploads\/2026\/02\/Sol-Apartments-Cala-Dor.webp\" class=\"attachment-full size-full\" alt=\"\" srcset=\"https:\/\/www.mymallorcadiary.com\/wp-content\/uploads\/2026\/02\/Sol-Apartments-Cala-Dor.webp 1920w, https:\/\/www.mymallorcadiary.com\/wp-content\/uploads\/2026\/02\/Sol-Apartments-Cala-Dor-300x168.webp 300w, https:\/\/www.mymallorcadiary.com\/wp-content\/uploads\/2026\/02\/Sol-Apartments-Cala-Dor-1024x575.webp 1024w, https:\/\/www.mymallorcadiary.com\/wp-content\/uploads\/2026\/02\/Sol-Apartments-Cala-Dor-768x431.webp 768w, https:\/\/www.mymallorcadiary.com\/wp-content\/uploads\/2026\/02\/Sol-Apartments-Cala-Dor-1536x862.webp 1536w, https:\/\/www.mymallorcadiary.com\/wp-content\/uploads\/2026\/02\/Sol-Apartments-Cala-Dor-696x391.webp 696w, https:\/\/www.mymallorcadiary.com\/wp-content\/uploads\/2026\/02\/Sol-Apartments-Cala-Dor-1392x782.webp 1392w\" sizes=\"(max-width: 1920px) 100vw, 1920px\" \/><\/a>\n\t\t\t<\/div><\/figure>\n\t\t<\/div>\n\n<p data-start=\"5843\" data-end=\"6043\">SOL Cala D&#8217;Or Apartamentos ist eine familienfreundliche Apartmentanlage in der N\u00e4he des Zentrums von Cala d&#8217;Or. Die Apartments bieten eine K\u00fcche, komfortable Wohnbereiche und Zugang zu einem Swimmingpool. <\/p>\n<p data-start=\"6045\" data-end=\"6145\">Die Str\u00e4nde und der Yachthafen sind fu\u00dfl\u00e4ufig erreichbar, was die Unterkunft zu einem idealen Ausgangspunkt f\u00fcr Familienurlaube macht.<\/p>\n<p data-start=\"6147\" data-end=\"6286\"><strong data-start=\"6147\" data-end=\"6184\">Warum sollte man es f\u00fcr einen Familienurlaub buchen?<\/strong><br data-start=\"6184\" data-end=\"6187\">Perfekt f\u00fcr Familien, die eine preiswerte Unterkunft im Apartmentstil in der N\u00e4he der Str\u00e4nde von Cala d\u2019Or suchen.<\/p>\n<p data-start=\"6147\" data-end=\"6286\"><strong>Link f\u00fcr weitere Details und Buchung: <a href=\"https:\/\/booking.stay22.com\/likexpats\/Z3MNYNx0bk\" target=\"_blank\" rel=\"noopener\">SOL Cala d&#8217;Or Apartamentos<\/a><\/strong><\/p>\n<h2 data-start=\"3697\" data-end=\"3752\"><span class=\"ez-toc-section\" id=\"Tipps_zur_Auswahl_familienfreundlicher_Hotels_auf_Mallorca\"><\/span><strong>Tipps zur Auswahl familienfreundlicher Hotels auf Mallorca<\/strong><span class=\"ez-toc-section-end\"><\/span><\/h2>\n<ol data-start=\"3754\" data-end=\"4324\">\n<li data-start=\"3754\" data-end=\"3871\">\n<p data-start=\"3757\" data-end=\"3871\"><strong data-start=\"3757\" data-end=\"3789\">Achten Sie auf die Ausstattung f\u00fcr Kinder:<\/strong> Pools, Kinderclubs, Spielpl\u00e4tze und Familienzimmer erleichtern Ihnen den Aufenthalt erheblich.<\/p>\n<\/li>\n<li data-start=\"3872\" data-end=\"3981\">\n<p data-start=\"3875\" data-end=\"3981\"><strong data-start=\"3875\" data-end=\"3903\">Die N\u00e4he zum Strand ist ein gro\u00dfer Vorteil:<\/strong> Die N\u00e4he zum Meer ist fu\u00dfl\u00e4ufig erreichbar, besonders f\u00fcr kleine Kinder.<\/p>\n<\/li>\n<li data-start=\"3982\" data-end=\"4089\">\n<p data-start=\"3985\" data-end=\"4089\"><strong data-start=\"3985\" data-end=\"4019\">Achten Sie auf Angebote zur Selbstverpflegung:<\/strong> Apartments oder Aparthotels bieten Flexibilit\u00e4t bei der Mahlzeiten- und Snackplanung.<\/p>\n<\/li>\n<li data-start=\"4090\" data-end=\"4187\">\n<p data-start=\"4093\" data-end=\"4187\"><strong data-start=\"4093\" data-end=\"4123\">Buchen Sie fr\u00fchzeitig f\u00fcr die Hauptsaison:<\/strong> Familienhotels auf Mallorca sind w\u00e4hrend der Schulferien schnell ausgebucht.<\/p>\n<\/li>\n<li data-start=\"4188\" data-end=\"4324\">\n<p data-start=\"4191\" data-end=\"4324\"><strong data-start=\"4191\" data-end=\"4221\">Mieten Sie ein Auto f\u00fcr mehr Flexibilit\u00e4t:<\/strong> Erkunden Sie versteckte Str\u00e4nde wie Es Carb\u00f3 oder <a class=\"decorated-link\" href=\"https:\/\/www.mymallorcadiary.com\/what-to-do-and-see-in-santanyi\/\" rel=\"noopener\" data-start=\"4269\" data-end=\"4286\">Cala Marmols<\/a> oder besuchen Sie nahegelegene St\u00e4dte und M\u00e4rkte wie <a href=\"https:\/\/www.mymallorcadiary.com\/where-to-stay-in-santanyi-town\/\">Santanyi<\/a>.<\/p>\n<\/li>\n<\/ol>\n<p><img decoding=\"async\" class=\"alignnone wp-image-562 size-full\" src=\"https:\/\/www.mymallorcadiary.com\/wp-content\/uploads\/2025\/04\/Cala-Des-Moro-beach-in-south-Mallorca.webp\" alt=\"Cala des Mor\u00f3, Strand im S\u00fcden Mallorcas\" width=\"1024\" height=\"768\" srcset=\"https:\/\/www.mymallorcadiary.com\/wp-content\/uploads\/2025\/04\/Cala-Des-Moro-beach-in-south-Mallorca.webp 1024w, https:\/\/www.mymallorcadiary.com\/wp-content\/uploads\/2025\/04\/Cala-Des-Moro-beach-in-south-Mallorca-300x225.webp 300w, https:\/\/www.mymallorcadiary.com\/wp-content\/uploads\/2025\/04\/Cala-Des-Moro-beach-in-south-Mallorca-768x576.webp 768w, https:\/\/www.mymallorcadiary.com\/wp-content\/uploads\/2025\/04\/Cala-Des-Moro-beach-in-south-Mallorca-696x522.webp 696w\" sizes=\"(max-width: 1024px) 100vw, 1024px\" \/><\/p>\n<h2 data-start=\"4191\" data-end=\"4324\"><span class=\"ez-toc-section\" id=\"Haeufig_gestellte_Fragen_Familienfreundliche_Hotels_auf_Mallorca\"><\/span><strong style=\"color: #111111; font-family: Roboto, sans-serif; font-size: 27px;\">H\u00e4ufig gestellte Fragen: Familienfreundliche Hotels auf Mallorca<\/strong><span class=\"ez-toc-section-end\"><\/span><\/h2>\n<h3><span class=\"ez-toc-section\" id=\"Welche_Gegenden_auf_Mallorca_eignen_sich_am_besten_fuer_Familien\"><\/span><strong data-start=\"4375\" data-end=\"4425\">Welche Gegenden auf Mallorca eignen sich am besten f\u00fcr Familien?<\/strong><span class=\"ez-toc-section-end\"><\/span><\/h3>\n<p>Santa Ponsa, Alc\u00fadia und Cala d\u2019Or sind aufgrund ihrer sicheren Str\u00e4nde, familienfreundlichen Hotels und des vielf\u00e4ltigen Freizeitangebots besonders empfehlenswert. Mehr dazu in unserem ausf\u00fchrlichen Reisef\u00fchrer: <strong><a href=\"https:\/\/www.mymallorcadiary.com\/de\/die-beste-gegend-auf-mallorca-fuer-familien\/\" target=\"_blank\" rel=\"noopener\">Die besten Reiseziele auf Mallorca f\u00fcr Familien<\/a><\/strong> <\/p>\n<h3><span class=\"ez-toc-section\" id=\"Verfuegen_Familienhotels_ueber_Kinderclubs\"><\/span><strong data-start=\"4543\" data-end=\"4581\">Verf\u00fcgen Familienhotels \u00fcber Kinderclubs? <\/strong><span class=\"ez-toc-section-end\"><\/span><\/h3>\n<p>Die meisten gro\u00dfen Resorts bieten Kinderclubs, Pools mit Rutschen und Unterhaltungsprogramme an, aber informieren Sie sich im Voraus \u00fcber die Einrichtungen des jeweiligen Hotels.<\/p>\n<h3><span class=\"ez-toc-section\" id=\"Ist_Mallorca_sicher_fuer_Kinder\"><\/span><strong data-start=\"4718\" data-end=\"4752\">Ist Mallorca sicher f\u00fcr Kinder?<\/strong><span class=\"ez-toc-section-end\"><\/span><\/h3>\n<p>Auf jeden Fall. Die Str\u00e4nde, St\u00e4dte und Ferienorte sind sehr familienfreundlich, und die Insel verf\u00fcgt \u00fcber eine hervorragende medizinische Versorgung.<\/p>\n<h2 data-start=\"4885\" data-end=\"4902\"><span class=\"ez-toc-section\" id=\"Fazit_Familienfreundliche_Hotels_auf_Mallorca\"><\/span><strong>Fazit: Familienfreundliche Hotels auf Mallorca<\/strong><span class=\"ez-toc-section-end\"><\/span><\/h2>\n<p data-start=\"4904\" data-end=\"5013\">Dies sind unsere pers\u00f6nlichen Empfehlungen f\u00fcr <strong>familienfreundliche Hotels auf Mallorca<\/strong>.<\/p>\n<p data-start=\"5015\" data-end=\"5224\">Teilt uns in den Kommentaren mit, in welchem \u200b\u200bHotel oder welcher Gegend ihr euren Familienurlaub verbringen wollt. Und wenn ihr in einem dieser Hotels bucht, w\u00fcrden wir uns sehr \u00fcber euren Erfahrungsbericht freuen. Schreibt uns einen Kommentar! \ud83d\ude42<\/p>\n<p data-start=\"5226\" data-end=\"5465\">Entdecken Sie weitere hilfreiche Artikel mit Tipps f\u00fcr Ihre Reise nach Mallorca: Informieren Sie sich \u00fcber <strong><a href=\"https:\/\/www.mymallorcadiary.com\/de\/die-beste-gegend-auf-mallorca-fuer-familien\/\" target=\"_blank\" rel=\"noopener\">die beste Gegend Mallorcas f\u00fcr Familien<\/a><\/strong>, entdecken <strong><a class=\"decorated-link\" href=\"https:\/\/www.mymallorcadiary.com\/south-mallorca-experiences\/\" rel=\"noopener\" data-start=\"5360\" data-end=\"5395\">Sie die sch\u00f6nsten Str\u00e4nde im S\u00fcden Mallorcas<\/a><\/strong> oder planen Sie Ihren <strong><a class=\"decorated-link\" href=\"https:\/\/www.mymallorcadiary.com\/de\/cala-dor-sehenswuerdigkeiten-und-aktivitaeten\/\" rel=\"noopener\" data-start=\"5434\" data-end=\"5462\">Besuch mit unserem Reisef\u00fchrer f\u00fcr Cala d\u2019Or<\/a><\/strong>.<\/p>\n<p data-start=\"5467\" data-end=\"5638\"><strong>Du \u00fcberlegst, auf Mallorca ein Auto zu mieten?<\/strong>. Liegt unser Artikel \u00fcber <strong><a href=\"https:\/\/www.mymallorcadiary.com\/de\/mietwagen-auf-mallorca-ohne-kaution\/\">MIETWAGEN OHNE KAUTION<\/a><\/strong>, damit du \u00dcberraschungen bei der Abholung, zus\u00e4tzliche Versicherungskosten oder versteckte Geb\u00fchren vermeidest. <\/p>\n","protected":false},"excerpt":{"rendered":"<p>Planen Sie einen Familienurlaub auf Mallorca?. Die Insel z\u00e4hlt zu den sch\u00f6nsten Reisezielen im Mittelmeer f\u00fcr Familien mit Kindern. Mit ihren traumhaften Sandstr\u00e4nden, dem ruhigen, t\u00fcrkisfarbenen Wasser, den charmanten St\u00e4dtchen und einem vielf\u00e4ltigen Angebot an Aktivit\u00e4ten f\u00fcr jedes Alter bietet Mallorca die perfekte Mischung aus Entspannung und Abenteuer f\u00fcr Familien. Nachdem wir \u00fcber zehn Jahre [&hellip;]<\/p>\n","protected":false},"author":3,"featured_media":2099,"comment_status":"open","ping_status":"open","sticky":false,"template":"","format":"standard","meta":{"rank_math_title":"","rank_math_description":"","rank_math_focus_keyword":"","_lmt_disableupdate":"","_lmt_disable":"","footnotes":""},"categories":[188],"tags":[113,112],"class_list":{"0":"post-2140","1":"post","2":"type-post","3":"status-publish","4":"format-standard","5":"has-post-thumbnail","7":"category-hotels","8":"tag-familienausflug-nach-mallorca","9":"tag-familienfreundliche-hotels-auf-mallorca"},"yoast_head":"<!-- This site is optimized with the Yoast SEO plugin v23.8 - https:\/\/yoast.com\/wordpress\/plugins\/seo\/ -->\n<title>Unsere liebsten familienfreundlichen Hotels auf Mallorca: Der komplette Reisef\u00fchrer<\/title>\n<meta name=\"description\" content=\"Finden Sie die besten familienfreundlichen Hotels auf Mallorca, von Strandresorts bis hin zu kinderfreundlichen Unterk\u00fcnften f\u00fcr einen perfekten Urlaub.\" \/>\n<meta name=\"robots\" content=\"index, follow, max-snippet:-1, max-image-preview:large, max-video-preview:-1\" \/>\n<link rel=\"canonical\" href=\"https:\/\/www.mymallorcadiary.com\/de\/familienfreundliche-hotels-auf-mallorca\/\" \/>\n<meta property=\"og:locale\" content=\"de_DE\" \/>\n<meta property=\"og:type\" content=\"article\" \/>\n<meta property=\"og:title\" content=\"Unsere liebsten familienfreundlichen Hotels auf Mallorca: Der komplette Reisef\u00fchrer\" \/>\n<meta property=\"og:description\" content=\"Finden Sie die besten familienfreundlichen Hotels auf Mallorca, von Strandresorts bis hin zu kinderfreundlichen Unterk\u00fcnften f\u00fcr einen perfekten Urlaub.\" \/>\n<meta property=\"og:url\" content=\"https:\/\/www.mymallorcadiary.com\/de\/familienfreundliche-hotels-auf-mallorca\/\" \/>\n<meta property=\"og:site_name\" content=\"mymallorcadiary.com\" \/>\n<meta property=\"article:published_time\" content=\"2026-03-09T13:20:07+00:00\" \/>\n<meta property=\"article:modified_time\" content=\"2026-04-14T13:50:58+00:00\" \/>\n<meta property=\"og:image\" content=\"https:\/\/www.mymallorcadiary.com\/wp-content\/uploads\/2026\/02\/El-texto-del-parrafo-8.jpg\" \/>\n\t<meta property=\"og:image:width\" content=\"940\" \/>\n\t<meta property=\"og:image:height\" content=\"788\" \/>\n\t<meta property=\"og:image:type\" content=\"image\/jpeg\" \/>\n<meta name=\"author\" content=\"Cler Favela\" \/>\n<meta name=\"twitter:card\" content=\"summary_large_image\" \/>\n<meta name=\"twitter:label1\" content=\"Verfasst von\" \/>\n\t<meta name=\"twitter:data1\" content=\"Cler Favela\" \/>\n\t<meta name=\"twitter:label2\" content=\"Gesch\u00e4tzte Lesezeit\" \/>\n\t<meta name=\"twitter:data2\" content=\"9\u00a0Minuten\" \/>\n<script type=\"application\/ld+json\" class=\"yoast-schema-graph\">{\"@context\":\"https:\/\/schema.org\",\"@graph\":[{\"@type\":\"WebPage\",\"@id\":\"https:\/\/www.mymallorcadiary.com\/de\/familienfreundliche-hotels-auf-mallorca\/\",\"url\":\"https:\/\/www.mymallorcadiary.com\/de\/familienfreundliche-hotels-auf-mallorca\/\",\"name\":\"Unsere liebsten familienfreundlichen Hotels auf Mallorca: Der komplette Reisef\u00fchrer\",\"isPartOf\":{\"@id\":\"https:\/\/www.mymallorcadiary.com\/de\/#website\"},\"primaryImageOfPage\":{\"@id\":\"https:\/\/www.mymallorcadiary.com\/de\/familienfreundliche-hotels-auf-mallorca\/#primaryimage\"},\"image\":{\"@id\":\"https:\/\/www.mymallorcadiary.com\/de\/familienfreundliche-hotels-auf-mallorca\/#primaryimage\"},\"thumbnailUrl\":\"https:\/\/www.mymallorcadiary.com\/wp-content\/uploads\/2026\/02\/El-texto-del-parrafo-8.jpg\",\"datePublished\":\"2026-03-09T13:20:07+00:00\",\"dateModified\":\"2026-04-14T13:50:58+00:00\",\"author\":{\"@id\":\"https:\/\/www.mymallorcadiary.com\/de\/#\/schema\/person\/c83fc5b0d2024e3952c8bcb8d723e1ec\"},\"description\":\"Finden Sie die besten familienfreundlichen Hotels auf Mallorca, von Strandresorts bis hin zu kinderfreundlichen Unterk\u00fcnften f\u00fcr einen perfekten Urlaub.\",\"breadcrumb\":{\"@id\":\"https:\/\/www.mymallorcadiary.com\/de\/familienfreundliche-hotels-auf-mallorca\/#breadcrumb\"},\"inLanguage\":\"de\",\"potentialAction\":[{\"@type\":\"ReadAction\",\"target\":[\"https:\/\/www.mymallorcadiary.com\/de\/familienfreundliche-hotels-auf-mallorca\/\"]}]},{\"@type\":\"ImageObject\",\"inLanguage\":\"de\",\"@id\":\"https:\/\/www.mymallorcadiary.com\/de\/familienfreundliche-hotels-auf-mallorca\/#primaryimage\",\"url\":\"https:\/\/www.mymallorcadiary.com\/wp-content\/uploads\/2026\/02\/El-texto-del-parrafo-8.jpg\",\"contentUrl\":\"https:\/\/www.mymallorcadiary.com\/wp-content\/uploads\/2026\/02\/El-texto-del-parrafo-8.jpg\",\"width\":940,\"height\":788},{\"@type\":\"BreadcrumbList\",\"@id\":\"https:\/\/www.mymallorcadiary.com\/de\/familienfreundliche-hotels-auf-mallorca\/#breadcrumb\",\"itemListElement\":[{\"@type\":\"ListItem\",\"position\":1,\"name\":\"Portada\",\"item\":\"https:\/\/www.mymallorcadiary.com\/de\/\"},{\"@type\":\"ListItem\",\"position\":2,\"name\":\"Familienfreundliche Hotels auf Mallorca\"}]},{\"@type\":\"WebSite\",\"@id\":\"https:\/\/www.mymallorcadiary.com\/de\/#website\",\"url\":\"https:\/\/www.mymallorcadiary.com\/de\/\",\"name\":\"mymallorcadiary.com\",\"description\":\"The best Mallorcan tips\",\"potentialAction\":[{\"@type\":\"SearchAction\",\"target\":{\"@type\":\"EntryPoint\",\"urlTemplate\":\"https:\/\/www.mymallorcadiary.com\/de\/?s={search_term_string}\"},\"query-input\":{\"@type\":\"PropertyValueSpecification\",\"valueRequired\":true,\"valueName\":\"search_term_string\"}}],\"inLanguage\":\"de\"},{\"@type\":\"Person\",\"@id\":\"https:\/\/www.mymallorcadiary.com\/de\/#\/schema\/person\/c83fc5b0d2024e3952c8bcb8d723e1ec\",\"name\":\"Cler Favela\",\"image\":{\"@type\":\"ImageObject\",\"inLanguage\":\"de\",\"@id\":\"https:\/\/www.mymallorcadiary.com\/de\/#\/schema\/person\/image\/\",\"url\":\"https:\/\/secure.gravatar.com\/avatar\/9b520d2a6465aad3c946650ad7c82d9765614bacbbeeb1c93428ac38a9feec55?s=96&d=mm&r=g\",\"contentUrl\":\"https:\/\/secure.gravatar.com\/avatar\/9b520d2a6465aad3c946650ad7c82d9765614bacbbeeb1c93428ac38a9feec55?s=96&d=mm&r=g\",\"caption\":\"Cler Favela\"},\"url\":\"https:\/\/www.mymallorcadiary.com\/de\/author\/cler-favela\/\"}]}<\/script>\n<!-- \/ Yoast SEO plugin. -->","yoast_head_json":{"title":"Unsere liebsten familienfreundlichen Hotels auf Mallorca: Der komplette Reisef\u00fchrer","description":"Finden Sie die besten familienfreundlichen Hotels auf Mallorca, von Strandresorts bis hin zu kinderfreundlichen Unterk\u00fcnften f\u00fcr einen perfekten Urlaub.","robots":{"index":"index","follow":"follow","max-snippet":"max-snippet:-1","max-image-preview":"max-image-preview:large","max-video-preview":"max-video-preview:-1"},"canonical":"https:\/\/www.mymallorcadiary.com\/de\/familienfreundliche-hotels-auf-mallorca\/","og_locale":"de_DE","og_type":"article","og_title":"Unsere liebsten familienfreundlichen Hotels auf Mallorca: Der komplette Reisef\u00fchrer","og_description":"Finden Sie die besten familienfreundlichen Hotels auf Mallorca, von Strandresorts bis hin zu kinderfreundlichen Unterk\u00fcnften f\u00fcr einen perfekten Urlaub.","og_url":"https:\/\/www.mymallorcadiary.com\/de\/familienfreundliche-hotels-auf-mallorca\/","og_site_name":"mymallorcadiary.com","article_published_time":"2026-03-09T13:20:07+00:00","article_modified_time":"2026-04-14T13:50:58+00:00","og_image":[{"width":940,"height":788,"url":"https:\/\/www.mymallorcadiary.com\/wp-content\/uploads\/2026\/02\/El-texto-del-parrafo-8.jpg","type":"image\/jpeg"}],"author":"Cler Favela","twitter_card":"summary_large_image","twitter_misc":{"Verfasst von":"Cler Favela","Gesch\u00e4tzte Lesezeit":"9\u00a0Minuten"},"schema":{"@context":"https:\/\/schema.org","@graph":[{"@type":"WebPage","@id":"https:\/\/www.mymallorcadiary.com\/de\/familienfreundliche-hotels-auf-mallorca\/","url":"https:\/\/www.mymallorcadiary.com\/de\/familienfreundliche-hotels-auf-mallorca\/","name":"Unsere liebsten familienfreundlichen Hotels auf Mallorca: Der komplette Reisef\u00fchrer","isPartOf":{"@id":"https:\/\/www.mymallorcadiary.com\/de\/#website"},"primaryImageOfPage":{"@id":"https:\/\/www.mymallorcadiary.com\/de\/familienfreundliche-hotels-auf-mallorca\/#primaryimage"},"image":{"@id":"https:\/\/www.mymallorcadiary.com\/de\/familienfreundliche-hotels-auf-mallorca\/#primaryimage"},"thumbnailUrl":"https:\/\/www.mymallorcadiary.com\/wp-content\/uploads\/2026\/02\/El-texto-del-parrafo-8.jpg","datePublished":"2026-03-09T13:20:07+00:00","dateModified":"2026-04-14T13:50:58+00:00","author":{"@id":"https:\/\/www.mymallorcadiary.com\/de\/#\/schema\/person\/c83fc5b0d2024e3952c8bcb8d723e1ec"},"description":"Finden Sie die besten familienfreundlichen Hotels auf Mallorca, von Strandresorts bis hin zu kinderfreundlichen Unterk\u00fcnften f\u00fcr einen perfekten Urlaub.","breadcrumb":{"@id":"https:\/\/www.mymallorcadiary.com\/de\/familienfreundliche-hotels-auf-mallorca\/#breadcrumb"},"inLanguage":"de","potentialAction":[{"@type":"ReadAction","target":["https:\/\/www.mymallorcadiary.com\/de\/familienfreundliche-hotels-auf-mallorca\/"]}]},{"@type":"ImageObject","inLanguage":"de","@id":"https:\/\/www.mymallorcadiary.com\/de\/familienfreundliche-hotels-auf-mallorca\/#primaryimage","url":"https:\/\/www.mymallorcadiary.com\/wp-content\/uploads\/2026\/02\/El-texto-del-parrafo-8.jpg","contentUrl":"https:\/\/www.mymallorcadiary.com\/wp-content\/uploads\/2026\/02\/El-texto-del-parrafo-8.jpg","width":940,"height":788},{"@type":"BreadcrumbList","@id":"https:\/\/www.mymallorcadiary.com\/de\/familienfreundliche-hotels-auf-mallorca\/#breadcrumb","itemListElement":[{"@type":"ListItem","position":1,"name":"Portada","item":"https:\/\/www.mymallorcadiary.com\/de\/"},{"@type":"ListItem","position":2,"name":"Familienfreundliche Hotels auf Mallorca"}]},{"@type":"WebSite","@id":"https:\/\/www.mymallorcadiary.com\/de\/#website","url":"https:\/\/www.mymallorcadiary.com\/de\/","name":"mymallorcadiary.com","description":"The best Mallorcan tips","potentialAction":[{"@type":"SearchAction","target":{"@type":"EntryPoint","urlTemplate":"https:\/\/www.mymallorcadiary.com\/de\/?s={search_term_string}"},"query-input":{"@type":"PropertyValueSpecification","valueRequired":true,"valueName":"search_term_string"}}],"inLanguage":"de"},{"@type":"Person","@id":"https:\/\/www.mymallorcadiary.com\/de\/#\/schema\/person\/c83fc5b0d2024e3952c8bcb8d723e1ec","name":"Cler Favela","image":{"@type":"ImageObject","inLanguage":"de","@id":"https:\/\/www.mymallorcadiary.com\/de\/#\/schema\/person\/image\/","url":"https:\/\/secure.gravatar.com\/avatar\/9b520d2a6465aad3c946650ad7c82d9765614bacbbeeb1c93428ac38a9feec55?s=96&d=mm&r=g","contentUrl":"https:\/\/secure.gravatar.com\/avatar\/9b520d2a6465aad3c946650ad7c82d9765614bacbbeeb1c93428ac38a9feec55?s=96&d=mm&r=g","caption":"Cler Favela"},"url":"https:\/\/www.mymallorcadiary.com\/de\/author\/cler-favela\/"}]}},"modified_by":null,"yoast_meta":{"yoast_wpseo_title":"Unsere liebsten familienfreundlichen Hotels auf Mallorca: Der komplette Reisef\u00fchrer","yoast_wpseo_metadesc":"Finden Sie die besten familienfreundlichen Hotels auf Mallorca, von Strandresorts bis hin zu kinderfreundlichen Unterk\u00fcnften f\u00fcr einen perfekten Urlaub.","yoast_wpseo_canonical":"https:\/\/www.mymallorcadiary.com\/de\/familienfreundliche-hotels-auf-mallorca\/"},"_links":{"self":[{"href":"https:\/\/www.mymallorcadiary.com\/de\/wp-json\/wp\/v2\/posts\/2140","targetHints":{"allow":["GET"]}}],"collection":[{"href":"https:\/\/www.mymallorcadiary.com\/de\/wp-json\/wp\/v2\/posts"}],"about":[{"href":"https:\/\/www.mymallorcadiary.com\/de\/wp-json\/wp\/v2\/types\/post"}],"author":[{"embeddable":true,"href":"https:\/\/www.mymallorcadiary.com\/de\/wp-json\/wp\/v2\/users\/3"}],"replies":[{"embeddable":true,"href":"https:\/\/www.mymallorcadiary.com\/de\/wp-json\/wp\/v2\/comments?post=2140"}],"version-history":[{"count":0,"href":"https:\/\/www.mymallorcadiary.com\/de\/wp-json\/wp\/v2\/posts\/2140\/revisions"}],"wp:featuredmedia":[{"embeddable":true,"href":"https:\/\/www.mymallorcadiary.com\/de\/wp-json\/wp\/v2\/media\/2099"}],"wp:attachment":[{"href":"https:\/\/www.mymallorcadiary.com\/de\/wp-json\/wp\/v2\/media?parent=2140"}],"wp:term":[{"taxonomy":"category","embeddable":true,"href":"https:\/\/www.mymallorcadiary.com\/de\/wp-json\/wp\/v2\/categories?post=2140"},{"taxonomy":"post_tag","embeddable":true,"href":"https:\/\/www.mymallorcadiary.com\/de\/wp-json\/wp\/v2\/tags?post=2140"}],"curies":[{"name":"wp","href":"https:\/\/api.w.org\/{rel}","templated":true}]}}