{"id":2789,"date":"2026-02-16T15:49:05","date_gmt":"2026-02-16T15:49:05","guid":{"rendered":"https:\/\/www.mymallorcadiary.com\/die-beste-gegend-auf-mallorca-fuer-familien\/"},"modified":"2026-04-14T13:59:00","modified_gmt":"2026-04-14T13:59:00","slug":"die-beste-gegend-auf-mallorca-fuer-familien","status":"publish","type":"post","link":"https:\/\/www.mymallorcadiary.com\/de\/die-beste-gegend-auf-mallorca-fuer-familien\/","title":{"rendered":"Die beste Gegend auf Mallorca f\u00fcr Familien"},"content":{"rendered":"<p class=\"p1\"><strong>Mallorca ist eines der besten Reiseziele in Europa f\u00fcr einen Familienurlaub<\/strong>. Die Insel bietet wundersch\u00f6ne Str\u00e4nde, warmes Wetter und jede Menge Aktivit\u00e4ten, die sowohl Kindern als auch Eltern Spa\u00df machen. Eine der wichtigsten Entscheidungen bei der Reiseplanung ist jedoch die Wahl der besten Gegend auf Mallorca f\u00fcr Familien.  <\/p>\n<p class=\"p1\">Einige Teile der Insel eignen sich mit ihrem flachen Wasser und den breiten Sandstr\u00e4nden perfekt f\u00fcr entspannte Strandtage. Andere bieten charmante Promenaden, familienfreundliche Restaurants und Aktivit\u00e4ten, die Kinder den ganzen Tag \u00fcber unterhalten. Die richtige Lage kann Ihren Urlaub wesentlich entspannter machen, vor allem, wenn alles, was Sie brauchen, zu Fu\u00df erreichbar ist.  <\/p>\n<p class=\"p1\">Nachdem ich mehrere Jahre auf Mallorca gelebt habe, habe ich viele Gegenden der Insel erkundet und festgestellt, dass sich einige Reiseziele besonders gut f\u00fcr Familien eignen, vor allem wenn man auf der Suche nach <strong data-start=\"604\" data-end=\"642\">der besten Gegend auf Mallorca f\u00fcr Familien ist<\/strong>, die zum eigenen Reisestil passt. Die besten Gegenden vereinen in der Regel sichere Str\u00e4nde, fu\u00dfg\u00e4ngerfreundliche Ortskerne und eine Vielzahl an Restaurants und Freizeitangeboten in der N\u00e4he. <\/p>\n<p class=\"p1\">In diesem Reisef\u00fchrer stellen wir Ihnen <b>die besten Urlaubsorte auf Mallorca f\u00fcr Familien<\/b> vor, darunter Santa Ponsa, Alcudia und Cala d\u2019Or. Jeder Ort bietet ein etwas anderes Erlebnis, von langen Sandstr\u00e4nden \u00fcber malerische Buchten bis hin zu belebten Promenaden. Am Ende dieses Reisef\u00fchrers werden Sie eine viel klarere Vorstellung davon haben, welcher Ort am besten zu Ihrem Familienurlaub passt.  <\/p>\n<h2 data-start=\"1063\" data-end=\"1128\"><img decoding=\"async\" class=\"alignnone wp-image-1378 size-full\" src=\"https:\/\/www.mymallorcadiary.com\/wp-content\/uploads\/2026\/02\/Santa-Ponsa.webp\" alt=\"\" width=\"1920\" height=\"1078\" srcset=\"https:\/\/www.mymallorcadiary.com\/wp-content\/uploads\/2026\/02\/Santa-Ponsa.webp 1920w, https:\/\/www.mymallorcadiary.com\/wp-content\/uploads\/2026\/02\/Santa-Ponsa-300x168.webp 300w, https:\/\/www.mymallorcadiary.com\/wp-content\/uploads\/2026\/02\/Santa-Ponsa-1024x575.webp 1024w, https:\/\/www.mymallorcadiary.com\/wp-content\/uploads\/2026\/02\/Santa-Ponsa-768x431.webp 768w, https:\/\/www.mymallorcadiary.com\/wp-content\/uploads\/2026\/02\/Santa-Ponsa-1536x862.webp 1536w, https:\/\/www.mymallorcadiary.com\/wp-content\/uploads\/2026\/02\/Santa-Ponsa-696x391.webp 696w, https:\/\/www.mymallorcadiary.com\/wp-content\/uploads\/2026\/02\/Santa-Ponsa-1392x782.webp 1392w\" sizes=\"(max-width: 1920px) 100vw, 1920px\" \/><\/h2>\n<div id=\"ez-toc-container\" class=\"ez-toc-v2_0_61 counter-hierarchy ez-toc-counter ez-toc-grey ez-toc-container-direction\">\n<div class=\"ez-toc-title-container\">\n<p class=\"ez-toc-title \" >Inhaltsverzeichnis<\/p>\n<span class=\"ez-toc-title-toggle\"><a href=\"#\" class=\"ez-toc-pull-right ez-toc-btn ez-toc-btn-xs ez-toc-btn-default ez-toc-toggle\" aria-label=\"Toggle Table of Content\"><span class=\"ez-toc-js-icon-con\"><span class=\"\"><span class=\"eztoc-hide\" style=\"display:none;\">Toggle<\/span><span class=\"ez-toc-icon-toggle-span\"><svg style=\"fill: #999;color:#999\" xmlns=\"http:\/\/www.w3.org\/2000\/svg\" class=\"list-377408\" width=\"20px\" height=\"20px\" viewBox=\"0 0 24 24\" fill=\"none\"><path d=\"M6 6H4v2h2V6zm14 0H8v2h12V6zM4 11h2v2H4v-2zm16 0H8v2h12v-2zM4 16h2v2H4v-2zm16 0H8v2h12v-2z\" fill=\"currentColor\"><\/path><\/svg><svg style=\"fill: #999;color:#999\" class=\"arrow-unsorted-368013\" xmlns=\"http:\/\/www.w3.org\/2000\/svg\" width=\"10px\" height=\"10px\" viewBox=\"0 0 24 24\" version=\"1.2\" baseProfile=\"tiny\"><path d=\"M18.2 9.3l-6.2-6.3-6.2 6.3c-.2.2-.3.4-.3.7s.1.5.3.7c.2.2.4.3.7.3h11c.3 0 .5-.1.7-.3.2-.2.3-.5.3-.7s-.1-.5-.3-.7zM5.8 14.7l6.2 6.3 6.2-6.3c.2-.2.3-.5.3-.7s-.1-.5-.3-.7c-.2-.2-.4-.3-.7-.3h-11c-.3 0-.5.1-.7.3-.2.2-.3.5-.3.7s.1.5.3.7z\"\/><\/svg><\/span><\/span><\/span><\/a><\/span><\/div>\n<nav><ul class='ez-toc-list ez-toc-list-level-1 ' ><li class='ez-toc-page-1 ez-toc-heading-level-2'><a class=\"ez-toc-link ez-toc-heading-1\" href=\"https:\/\/www.mymallorcadiary.com\/de\/die-beste-gegend-auf-mallorca-fuer-familien\/#Santa_Ponsa\" title=\"Santa Ponsa\">Santa Ponsa<\/a><ul class='ez-toc-list-level-3' ><li class='ez-toc-heading-level-3'><a class=\"ez-toc-link ez-toc-heading-2\" href=\"https:\/\/www.mymallorcadiary.com\/de\/die-beste-gegend-auf-mallorca-fuer-familien\/#Warum_Santa_Ponsa_die_beste_Gegend_auf_Mallorca_fuer_Familien_ist\" title=\"Warum Santa Ponsa die beste Gegend auf Mallorca f\u00fcr Familien ist\">Warum Santa Ponsa die beste Gegend auf Mallorca f\u00fcr Familien ist<\/a><\/li><li class='ez-toc-page-1 ez-toc-heading-level-3'><a class=\"ez-toc-link ez-toc-heading-3\" href=\"https:\/\/www.mymallorcadiary.com\/de\/die-beste-gegend-auf-mallorca-fuer-familien\/#Familienhotels_in_Santa_Ponsa\" title=\"Familienhotels in Santa Ponsa\">Familienhotels in Santa Ponsa<\/a><ul class='ez-toc-list-level-4' ><li class='ez-toc-heading-level-4'><a class=\"ez-toc-link ez-toc-heading-4\" href=\"https:\/\/www.mymallorcadiary.com\/de\/die-beste-gegend-auf-mallorca-fuer-familien\/#Kimpton_Aysla_Mallorca_by_IHG_5\" title=\"Kimpton Aysla Mallorca by IHG 5*\">Kimpton Aysla Mallorca by IHG 5*<\/a><\/li><li class='ez-toc-page-1 ez-toc-heading-level-4'><a class=\"ez-toc-link ez-toc-heading-5\" href=\"https:\/\/www.mymallorcadiary.com\/de\/die-beste-gegend-auf-mallorca-fuer-familien\/#Globales_Costa_de_la_Calma_4\" title=\"Globales Costa de la Calma 4*\">Globales Costa de la Calma 4*<\/a><\/li><li class='ez-toc-page-1 ez-toc-heading-level-4'><a class=\"ez-toc-link ez-toc-heading-6\" href=\"https:\/\/www.mymallorcadiary.com\/de\/die-beste-gegend-auf-mallorca-fuer-familien\/#Fergus_Style_Cala_Blanca_Suites_4\" title=\"Fergus Style Cala Blanca Suites 4*\">Fergus Style Cala Blanca Suites 4*<\/a><\/li><li class='ez-toc-page-1 ez-toc-heading-level-4'><a class=\"ez-toc-link ez-toc-heading-7\" href=\"https:\/\/www.mymallorcadiary.com\/de\/die-beste-gegend-auf-mallorca-fuer-familien\/#Jutlandia_Family_Resort_3\" title=\"Jutlandia Family Resort 3*\">Jutlandia Family Resort 3*<\/a><\/li><li class='ez-toc-page-1 ez-toc-heading-level-4'><a class=\"ez-toc-link ez-toc-heading-8\" href=\"https:\/\/www.mymallorcadiary.com\/de\/die-beste-gegend-auf-mallorca-fuer-familien\/#Aparthotel_Holiday_Center_3\" title=\"Aparthotel Holiday Center 3*\">Aparthotel Holiday Center 3*<\/a><\/li><\/ul><\/li><li class='ez-toc-page-1 ez-toc-heading-level-3'><a class=\"ez-toc-link ez-toc-heading-9\" href=\"https:\/\/www.mymallorcadiary.com\/de\/die-beste-gegend-auf-mallorca-fuer-familien\/#Ferienwohnungen_fuer_Familien_in_Santa_Ponsa\" title=\"Ferienwohnungen f\u00fcr Familien in Santa Ponsa\">Ferienwohnungen f\u00fcr Familien in Santa Ponsa<\/a><ul class='ez-toc-list-level-4' ><li class='ez-toc-heading-level-4'><a class=\"ez-toc-link ez-toc-heading-10\" href=\"https:\/\/www.mymallorcadiary.com\/de\/die-beste-gegend-auf-mallorca-fuer-familien\/#Apartamentos_Vista_Club\" title=\"Apartamentos Vista Club\">Apartamentos Vista Club<\/a><\/li><li class='ez-toc-page-1 ez-toc-heading-level-4'><a class=\"ez-toc-link ez-toc-heading-11\" href=\"https:\/\/www.mymallorcadiary.com\/de\/die-beste-gegend-auf-mallorca-fuer-familien\/#Apartamentos_Casa_Vida\" title=\"Apartamentos Casa Vida\">Apartamentos Casa Vida<\/a><\/li><li class='ez-toc-page-1 ez-toc-heading-level-4'><a class=\"ez-toc-link ez-toc-heading-12\" href=\"https:\/\/www.mymallorcadiary.com\/de\/die-beste-gegend-auf-mallorca-fuer-familien\/#Casablanca_Apartments_Santa_Ponsa\" title=\"Casablanca Apartments, Santa Ponsa\">Casablanca Apartments, Santa Ponsa<\/a><\/li><\/ul><\/li><li class='ez-toc-page-1 ez-toc-heading-level-3'><a class=\"ez-toc-link ez-toc-heading-13\" href=\"https:\/\/www.mymallorcadiary.com\/de\/die-beste-gegend-auf-mallorca-fuer-familien\/#Ferienhaeuser_fuer_Familien_in_Santa_Ponsa\" title=\"Ferienh\u00e4user f\u00fcr Familien in Santa Ponsa\">Ferienh\u00e4user f\u00fcr Familien in Santa Ponsa<\/a><ul class='ez-toc-list-level-4' ><li class='ez-toc-heading-level-4'><a class=\"ez-toc-link ez-toc-heading-14\" href=\"https:\/\/www.mymallorcadiary.com\/de\/die-beste-gegend-auf-mallorca-fuer-familien\/#Villa_Colibri\" title=\"Villa Colibr\u00ed\">Villa Colibr\u00ed<\/a><\/li><li class='ez-toc-page-1 ez-toc-heading-level-4'><a class=\"ez-toc-link ez-toc-heading-15\" href=\"https:\/\/www.mymallorcadiary.com\/de\/die-beste-gegend-auf-mallorca-fuer-familien\/#Villa_Monsita\" title=\"Villa Monsita\">Villa Monsita<\/a><\/li><li class='ez-toc-page-1 ez-toc-heading-level-4'><a class=\"ez-toc-link ez-toc-heading-16\" href=\"https:\/\/www.mymallorcadiary.com\/de\/die-beste-gegend-auf-mallorca-fuer-familien\/#Villa_Costa_Calma\" title=\"Villa Costa Calma\">Villa Costa Calma<\/a><\/li><\/ul><\/li><\/ul><\/li><li class='ez-toc-page-1 ez-toc-heading-level-2'><a class=\"ez-toc-link ez-toc-heading-17\" href=\"https:\/\/www.mymallorcadiary.com\/de\/die-beste-gegend-auf-mallorca-fuer-familien\/#Alcudia\" title=\"Alcudia\">Alcudia<\/a><ul class='ez-toc-list-level-3' ><li class='ez-toc-heading-level-3'><a class=\"ez-toc-link ez-toc-heading-18\" href=\"https:\/\/www.mymallorcadiary.com\/de\/die-beste-gegend-auf-mallorca-fuer-familien\/#Warum_Alcudia_die_beste_Gegend_auf_Mallorca_fuer_Familien_ist\" title=\"Warum Alcudia die beste Gegend auf Mallorca f\u00fcr Familien ist\">Warum Alcudia die beste Gegend auf Mallorca f\u00fcr Familien ist<\/a><\/li><li class='ez-toc-page-1 ez-toc-heading-level-3'><a class=\"ez-toc-link ez-toc-heading-19\" href=\"https:\/\/www.mymallorcadiary.com\/de\/die-beste-gegend-auf-mallorca-fuer-familien\/#Familienfreundliche_Hotels_in_Alcudia\" title=\"Familienfreundliche Hotels in Alcudia\">Familienfreundliche Hotels in Alcudia<\/a><ul class='ez-toc-list-level-4' ><li class='ez-toc-heading-level-4'><a class=\"ez-toc-link ez-toc-heading-20\" href=\"https:\/\/www.mymallorcadiary.com\/de\/die-beste-gegend-auf-mallorca-fuer-familien\/#Innside_by_Melia_Alcudia_4\" title=\"Innside by Meli\u00e1 Alcudia 4*\">Innside by Meli\u00e1 Alcudia 4*<\/a><\/li><li class='ez-toc-page-1 ez-toc-heading-level-4'><a class=\"ez-toc-link ez-toc-heading-21\" href=\"https:\/\/www.mymallorcadiary.com\/de\/die-beste-gegend-auf-mallorca-fuer-familien\/#Grupotel_Port_dAlcudia_4\" title=\"Grupotel Port d&#8217;Alcudia 4*\">Grupotel Port d&#8217;Alcudia 4*<\/a><\/li><li class='ez-toc-page-1 ez-toc-heading-level-4'><a class=\"ez-toc-link ez-toc-heading-22\" href=\"https:\/\/www.mymallorcadiary.com\/de\/die-beste-gegend-auf-mallorca-fuer-familien\/#Aparthotel_Ona_Aucanada_4\" title=\"Aparthotel Ona Aucanada 4*\">Aparthotel Ona Aucanada 4*<\/a><\/li><li class='ez-toc-page-1 ez-toc-heading-level-4'><a class=\"ez-toc-link ez-toc-heading-23\" href=\"https:\/\/www.mymallorcadiary.com\/de\/die-beste-gegend-auf-mallorca-fuer-familien\/#Hotel_Ivory_Playa_Sports_Spa_3\" title=\"Hotel Ivory Playa Sports &amp; Spa 3*\">Hotel Ivory Playa Sports &amp; Spa 3*<\/a><\/li><li class='ez-toc-page-1 ez-toc-heading-level-4'><a class=\"ez-toc-link ez-toc-heading-24\" href=\"https:\/\/www.mymallorcadiary.com\/de\/die-beste-gegend-auf-mallorca-fuer-familien\/#Ona_Garden_Lago_3\" title=\"Ona Garden Lago 3*\">Ona Garden Lago 3*<\/a><\/li><\/ul><\/li><li class='ez-toc-page-1 ez-toc-heading-level-3'><a class=\"ez-toc-link ez-toc-heading-25\" href=\"https:\/\/www.mymallorcadiary.com\/de\/die-beste-gegend-auf-mallorca-fuer-familien\/#Ferienwohnungen_fuer_Familien_in_Alcudia\" title=\"Ferienwohnungen f\u00fcr Familien in Alcudia\">Ferienwohnungen f\u00fcr Familien in Alcudia<\/a><ul class='ez-toc-list-level-4' ><li class='ez-toc-heading-level-4'><a class=\"ez-toc-link ez-toc-heading-26\" href=\"https:\/\/www.mymallorcadiary.com\/de\/die-beste-gegend-auf-mallorca-fuer-familien\/#Luxurioeses_Apartment_mit_Meerblick_in_Puerto_de_Alcudia\" title=\"Luxuri\u00f6ses Apartment mit Meerblick in Puerto de Alcudia\">Luxuri\u00f6ses Apartment mit Meerblick in Puerto de Alcudia<\/a><\/li><li class='ez-toc-page-1 ez-toc-heading-level-4'><a class=\"ez-toc-link ez-toc-heading-27\" href=\"https:\/\/www.mymallorcadiary.com\/de\/die-beste-gegend-auf-mallorca-fuer-familien\/#Olive_Beach_Apartamentos\" title=\"Olive Beach Apartamentos\">Olive Beach Apartamentos<\/a><\/li><li class='ez-toc-page-1 ez-toc-heading-level-4'><a class=\"ez-toc-link ez-toc-heading-28\" href=\"https:\/\/www.mymallorcadiary.com\/de\/die-beste-gegend-auf-mallorca-fuer-familien\/#Sand_Beach_Apartments_3\" title=\"Sand Beach Apartments 3*\">Sand Beach Apartments 3*<\/a><\/li><li class='ez-toc-page-1 ez-toc-heading-level-4'><a class=\"ez-toc-link ez-toc-heading-29\" href=\"https:\/\/www.mymallorcadiary.com\/de\/die-beste-gegend-auf-mallorca-fuer-familien\/#Apartamentos_Solecito_3\" title=\"Apartamentos Solecito 3*\">Apartamentos Solecito 3*<\/a><\/li><li class='ez-toc-page-1 ez-toc-heading-level-4'><a class=\"ez-toc-link ez-toc-heading-30\" href=\"https:\/\/www.mymallorcadiary.com\/de\/die-beste-gegend-auf-mallorca-fuer-familien\/#Apartaments_Ses_Dalies_3\" title=\"Apartaments Ses D\u00e0lies 3*\">Apartaments Ses D\u00e0lies 3*<\/a><\/li><\/ul><\/li><li class='ez-toc-page-1 ez-toc-heading-level-3'><a class=\"ez-toc-link ez-toc-heading-31\" href=\"https:\/\/www.mymallorcadiary.com\/de\/die-beste-gegend-auf-mallorca-fuer-familien\/#Ferienhaeuser_fuer_Familien_in_Alcudia\" title=\"Ferienh\u00e4user f\u00fcr Familien in Alcudia\">Ferienh\u00e4user f\u00fcr Familien in Alcudia<\/a><ul class='ez-toc-list-level-4' ><li class='ez-toc-heading-level-4'><a class=\"ez-toc-link ez-toc-heading-32\" href=\"https:\/\/www.mymallorcadiary.com\/de\/die-beste-gegend-auf-mallorca-fuer-familien\/#Villa_PAM_ALYA_Beach_House_mit_Pool_und_Whirlpool\" title=\"Villa PAM, ALYA Beach House mit Pool und Whirlpool\">Villa PAM, ALYA Beach House mit Pool und Whirlpool<\/a><\/li><li class='ez-toc-page-1 ez-toc-heading-level-4'><a class=\"ez-toc-link ez-toc-heading-33\" href=\"https:\/\/www.mymallorcadiary.com\/de\/die-beste-gegend-auf-mallorca-fuer-familien\/#Villa_Son_Fe\" title=\"Villa Son Fe\">Villa Son Fe<\/a><\/li><li class='ez-toc-page-1 ez-toc-heading-level-4'><a class=\"ez-toc-link ez-toc-heading-34\" href=\"https:\/\/www.mymallorcadiary.com\/de\/die-beste-gegend-auf-mallorca-fuer-familien\/#Es_Fasser\" title=\"Es Fasser\">Es Fasser<\/a><\/li><li class='ez-toc-page-1 ez-toc-heading-level-4'><a class=\"ez-toc-link ez-toc-heading-35\" href=\"https:\/\/www.mymallorcadiary.com\/de\/die-beste-gegend-auf-mallorca-fuer-familien\/#Casa_Sa_Marina_in_Alcudia\" title=\"Casa Sa Marina in Alcudia\">Casa Sa Marina in Alcudia<\/a><\/li><\/ul><\/li><\/ul><\/li><li class='ez-toc-page-1 ez-toc-heading-level-2'><a class=\"ez-toc-link ez-toc-heading-36\" href=\"https:\/\/www.mymallorcadiary.com\/de\/die-beste-gegend-auf-mallorca-fuer-familien\/#Cala_dOr\" title=\"Cala d\u2019Or\">Cala d\u2019Or<\/a><ul class='ez-toc-list-level-3' ><li class='ez-toc-heading-level-3'><a class=\"ez-toc-link ez-toc-heading-37\" href=\"https:\/\/www.mymallorcadiary.com\/de\/die-beste-gegend-auf-mallorca-fuer-familien\/#Warum_Cala_dOr_eine_der_besten_Gegenden_auf_Mallorca_fuer_Familien_ist\" title=\"Warum Cala d\u2019Or eine der besten Gegenden auf Mallorca f\u00fcr Familien ist\">Warum Cala d\u2019Or eine der besten Gegenden auf Mallorca f\u00fcr Familien ist<\/a><\/li><li class='ez-toc-page-1 ez-toc-heading-level-3'><a class=\"ez-toc-link ez-toc-heading-38\" href=\"https:\/\/www.mymallorcadiary.com\/de\/die-beste-gegend-auf-mallorca-fuer-familien\/#Familienfreundliche_Hotels_in_Cala_dOr\" title=\"Familienfreundliche Hotels in Cala d\u2019Or\">Familienfreundliche Hotels in Cala d\u2019Or<\/a><ul class='ez-toc-list-level-4' ><li class='ez-toc-heading-level-4'><a class=\"ez-toc-link ez-toc-heading-39\" href=\"https:\/\/www.mymallorcadiary.com\/de\/die-beste-gegend-auf-mallorca-fuer-familien\/#Melia_Cala_dOr_Boutique_Hotel_5\" title=\"Meli\u00e1 Cala d&#8217;Or Boutique Hotel 5*\">Meli\u00e1 Cala d&#8217;Or Boutique Hotel 5*<\/a><\/li><li class='ez-toc-page-1 ez-toc-heading-level-4'><a class=\"ez-toc-link ez-toc-heading-40\" href=\"https:\/\/www.mymallorcadiary.com\/de\/die-beste-gegend-auf-mallorca-fuer-familien\/#MarSenses_Ferrera_Blanca_Hotel_Family_4\" title=\"MarSenses Ferrera Blanca Hotel Family 4*\">MarSenses Ferrera Blanca Hotel Family 4*<\/a><\/li><li class='ez-toc-page-1 ez-toc-heading-level-4'><a class=\"ez-toc-link ez-toc-heading-41\" href=\"https:\/\/www.mymallorcadiary.com\/de\/die-beste-gegend-auf-mallorca-fuer-familien\/#Prinsotel_Alba_Spa_4\" title=\"Prinsotel Alba &amp; Spa 4*\">Prinsotel Alba &amp; Spa 4*<\/a><\/li><li class='ez-toc-page-1 ez-toc-heading-level-4'><a class=\"ez-toc-link ez-toc-heading-42\" href=\"https:\/\/www.mymallorcadiary.com\/de\/die-beste-gegend-auf-mallorca-fuer-familien\/#Inturotel_Esmeralda_Park_4\" title=\"Inturotel Esmeralda Park 4*\">Inturotel Esmeralda Park 4*<\/a><\/li><li class='ez-toc-page-1 ez-toc-heading-level-4'><a class=\"ez-toc-link ez-toc-heading-43\" href=\"https:\/\/www.mymallorcadiary.com\/de\/die-beste-gegend-auf-mallorca-fuer-familien\/#Inturotel_Azul_Garden_3\" title=\"Inturotel Azul Garden 3*\">Inturotel Azul Garden 3*<\/a><\/li><\/ul><\/li><li class='ez-toc-page-1 ez-toc-heading-level-3'><a class=\"ez-toc-link ez-toc-heading-44\" href=\"https:\/\/www.mymallorcadiary.com\/de\/die-beste-gegend-auf-mallorca-fuer-familien\/#Ferienwohnungen_fuer_Familien_in_Cala_dOr\" title=\"Ferienwohnungen f\u00fcr Familien in Cala d\u2019Or\">Ferienwohnungen f\u00fcr Familien in Cala d\u2019Or<\/a><ul class='ez-toc-list-level-4' ><li class='ez-toc-heading-level-4'><a class=\"ez-toc-link ez-toc-heading-45\" href=\"https:\/\/www.mymallorcadiary.com\/de\/die-beste-gegend-auf-mallorca-fuer-familien\/#OLA_Apartamentos_Cala_dOr\" title=\"OLA Apartamentos Cala d&#8217;Or\">OLA Apartamentos Cala d&#8217;Or<\/a><\/li><li class='ez-toc-page-1 ez-toc-heading-level-4'><a class=\"ez-toc-link ez-toc-heading-46\" href=\"https:\/\/www.mymallorcadiary.com\/de\/die-beste-gegend-auf-mallorca-fuer-familien\/#SOL_Cala_dOr_Apartamentos\" title=\"SOL Cala d&#8217;Or Apartamentos\">SOL Cala d&#8217;Or Apartamentos<\/a><\/li><li class='ez-toc-page-1 ez-toc-heading-level-4'><a class=\"ez-toc-link ez-toc-heading-47\" href=\"https:\/\/www.mymallorcadiary.com\/de\/die-beste-gegend-auf-mallorca-fuer-familien\/#Apartamentos_Azul_Playa\" title=\"Apartamentos Azul Playa\">Apartamentos Azul Playa<\/a><\/li><li class='ez-toc-page-1 ez-toc-heading-level-4'><a class=\"ez-toc-link ez-toc-heading-48\" href=\"https:\/\/www.mymallorcadiary.com\/de\/die-beste-gegend-auf-mallorca-fuer-familien\/#Apartamentos_Osa_Menor\" title=\"Apartamentos Osa Menor\">Apartamentos Osa Menor<\/a><\/li><\/ul><\/li><li class='ez-toc-page-1 ez-toc-heading-level-3'><a class=\"ez-toc-link ez-toc-heading-49\" href=\"https:\/\/www.mymallorcadiary.com\/de\/die-beste-gegend-auf-mallorca-fuer-familien\/#Ferienhaeuser_fuer_Familien_in_Cala_dOr\" title=\"Ferienh\u00e4user f\u00fcr Familien in Cala d&#8217;Or\">Ferienh\u00e4user f\u00fcr Familien in Cala d&#8217;Or<\/a><ul class='ez-toc-list-level-4' ><li class='ez-toc-heading-level-4'><a class=\"ez-toc-link ez-toc-heading-50\" href=\"https:\/\/www.mymallorcadiary.com\/de\/die-beste-gegend-auf-mallorca-fuer-familien\/#Villa_La_Chamade\" title=\"Villa La Chamade \">Villa La Chamade <\/a><\/li><li class='ez-toc-page-1 ez-toc-heading-level-4'><a class=\"ez-toc-link ez-toc-heading-51\" href=\"https:\/\/www.mymallorcadiary.com\/de\/die-beste-gegend-auf-mallorca-fuer-familien\/#Villa_Cala_Esmeralda\" title=\"Villa Cala Esmeralda\">Villa Cala Esmeralda<\/a><\/li><li class='ez-toc-page-1 ez-toc-heading-level-4'><a class=\"ez-toc-link ez-toc-heading-52\" href=\"https:\/\/www.mymallorcadiary.com\/de\/die-beste-gegend-auf-mallorca-fuer-familien\/#Villa_Costa_Eugenia\" title=\"Villa Costa Eugenia\">Villa Costa Eugenia<\/a><\/li><li class='ez-toc-page-1 ez-toc-heading-level-4'><a class=\"ez-toc-link ez-toc-heading-53\" href=\"https:\/\/www.mymallorcadiary.com\/de\/die-beste-gegend-auf-mallorca-fuer-familien\/#Villa_Riviera\" title=\"Villa Riviera\">Villa Riviera<\/a><\/li><\/ul><\/li><\/ul><\/li><li class='ez-toc-page-1 ez-toc-heading-level-2'><a class=\"ez-toc-link ez-toc-heading-54\" href=\"https:\/\/www.mymallorcadiary.com\/de\/die-beste-gegend-auf-mallorca-fuer-familien\/#Tipps_fuer_die_Wahl_der_besten_Gegend_auf_Mallorca_fuer_Familien\" title=\"Tipps f\u00fcr die Wahl der besten Gegend auf Mallorca f\u00fcr Familien\">Tipps f\u00fcr die Wahl der besten Gegend auf Mallorca f\u00fcr Familien<\/a><\/li><li class='ez-toc-page-1 ez-toc-heading-level-2'><a class=\"ez-toc-link ez-toc-heading-55\" href=\"https:\/\/www.mymallorcadiary.com\/de\/die-beste-gegend-auf-mallorca-fuer-familien\/#FAQ_Die_beste_Gegend_auf_Mallorca_fuer_Familien\" title=\"FAQ: Die beste Gegend auf Mallorca f\u00fcr Familien\">FAQ: Die beste Gegend auf Mallorca f\u00fcr Familien<\/a><ul class='ez-toc-list-level-3' ><li class='ez-toc-heading-level-3'><a class=\"ez-toc-link ez-toc-heading-56\" href=\"https:\/\/www.mymallorcadiary.com\/de\/die-beste-gegend-auf-mallorca-fuer-familien\/#Welcher_Teil_von_Mallorca_eignet_sich_am_besten_fuer_Familien\" title=\"Welcher Teil von Mallorca eignet sich am besten f\u00fcr Familien?\">Welcher Teil von Mallorca eignet sich am besten f\u00fcr Familien?<\/a><\/li><li class='ez-toc-page-1 ez-toc-heading-level-3'><a class=\"ez-toc-link ez-toc-heading-57\" href=\"https:\/\/www.mymallorcadiary.com\/de\/die-beste-gegend-auf-mallorca-fuer-familien\/#Welcher_Ferienort_auf_Mallorca_eignet_sich_am_besten_fuer_Familien\" title=\"Welcher Ferienort auf Mallorca eignet sich am besten f\u00fcr Familien?\">Welcher Ferienort auf Mallorca eignet sich am besten f\u00fcr Familien?<\/a><\/li><li class='ez-toc-page-1 ez-toc-heading-level-3'><a class=\"ez-toc-link ez-toc-heading-58\" href=\"https:\/\/www.mymallorcadiary.com\/de\/die-beste-gegend-auf-mallorca-fuer-familien\/#Ist_Mallorca_ein_gutes_Reiseziel_fuer_Familien_mit_Kindern\" title=\"Ist Mallorca ein gutes Reiseziel f\u00fcr Familien mit Kindern?\">Ist Mallorca ein gutes Reiseziel f\u00fcr Familien mit Kindern?<\/a><\/li><li class='ez-toc-page-1 ez-toc-heading-level-3'><a class=\"ez-toc-link ez-toc-heading-59\" href=\"https:\/\/www.mymallorcadiary.com\/de\/die-beste-gegend-auf-mallorca-fuer-familien\/#Ist_Cala_dOr_auf_Mallorca_ein_geeigneter_Ort_fuer_Familien\" title=\"Ist Cala d\u2019Or auf Mallorca ein geeigneter Ort f\u00fcr Familien?\">Ist Cala d\u2019Or auf Mallorca ein geeigneter Ort f\u00fcr Familien?<\/a><\/li><li class='ez-toc-page-1 ez-toc-heading-level-3'><a class=\"ez-toc-link ez-toc-heading-60\" href=\"https:\/\/www.mymallorcadiary.com\/de\/die-beste-gegend-auf-mallorca-fuer-familien\/#Was_kann_man_mit_Kindern_auf_Mallorca_unternehmen\" title=\"Was kann man mit Kindern auf Mallorca unternehmen?\">Was kann man mit Kindern auf Mallorca unternehmen?<\/a><\/li><li class='ez-toc-page-1 ez-toc-heading-level-3'><a class=\"ez-toc-link ez-toc-heading-61\" href=\"https:\/\/www.mymallorcadiary.com\/de\/die-beste-gegend-auf-mallorca-fuer-familien\/#Fazit_Die_beste_Gegend_auf_Mallorca_fuer_Familien\" title=\"Fazit: Die beste Gegend auf Mallorca f\u00fcr Familien\">Fazit: Die beste Gegend auf Mallorca f\u00fcr Familien<\/a><\/li><\/ul><\/li><\/ul><\/nav><\/div>\n<h2 data-start=\"1063\" data-end=\"1128\"><span class=\"ez-toc-section\" id=\"Santa_Ponsa\"><\/span><strong><span class=\"hover:entity-accent entity-underline inline cursor-pointer align-baseline\"><span class=\"whitespace-normal\">Santa Ponsa<\/span><\/span><\/strong><span class=\"ez-toc-section-end\"><\/span><\/h2>\n<p class=\"p1\"><span class=\"s1\"><a href=\"https:\/\/maps.app.goo.gl\/ruFVh3hEDcTkQPvu9\"><b>Santa Ponsa<\/b><\/a><\/span> <b>gilt oft als eine der besten Gegenden auf Mallorca f\u00fcr Familien<\/b>, insbesondere f\u00fcr Reisende, die Wert auf Komfort, sichere Str\u00e4nde und zahlreiche Restaurants in Laufn\u00e4he legen. Der Ort liegt im S\u00fcdwesten der Insel und bietet breite Sandstr\u00e4nde, kinderwagenfreundliche Promenaden und viele Restaurants, die zu Fu\u00df erreichbar sind. <\/p>\n<p class=\"p1\">Der Hauptstrand von Santa Ponsa eignet sich besonders gut f\u00fcr Familien, da das Wasser flach und ruhig ist. Kinder k\u00f6nnen sicher am Ufer spielen, w\u00e4hrend sich die Eltern in der N\u00e4he entspannen. <\/p>\n<p class=\"p1\">Die Promenade hinter dem Strand ist eben und l\u00e4sst sich gut mit Kinderwagen begehen. Am Abend machen viele Familien einen Spaziergang entlang der Uferpromenade und genie\u00dfen dabei ein Eis oder ein Abendessen in einem der \u00f6rtlichen Restaurants. <\/p>\n<p class=\"p1\"><b>Besucherandrang und beste Besuchszeit<\/b><br \/>\nIm Juli und August herrscht in Santa Ponsa reger Betrieb. Ein Besuch im Juni oder September bietet in der Regel eine entspanntere Atmosph\u00e4re, wobei man dennoch herrliches Wetter genie\u00dfen kann. <\/p>\n<p class=\"p1\"><b>Anfahrtsbeschreibung<\/b><br \/>\nSanta Ponsa liegt etwa drei\u00dfig Minuten vom Flughafen Palma entfernt und ist gut mit dem Bus zu erreichen.<\/p>\n<p class=\"p1\"><b>Lokaler Tipp<\/b><br \/>\nMachen Sie einen Abendausflug nach Port d\u2019Andratx zum Abendessen. Der Yachthafen ist einer der sch\u00f6nsten Orte auf der Insel, um den Sonnenuntergang zu genie\u00dfen. <\/p>\n<h3 data-start=\"2060\" data-end=\"2087\"><span class=\"ez-toc-section\" id=\"Warum_Santa_Ponsa_die_beste_Gegend_auf_Mallorca_fuer_Familien_ist\"><\/span><strong>Warum Santa Ponsa die beste Gegend auf Mallorca f\u00fcr Familien ist<\/strong><span class=\"ez-toc-section-end\"><\/span><\/h3>\n<ul data-start=\"1383\" data-end=\"1542\">\n<li data-start=\"1383\" data-end=\"1414\">\n<p data-start=\"1385\" data-end=\"1414\">Sichere, ruhige Str\u00e4nde f\u00fcr Kinder<\/p>\n<\/li>\n<li data-start=\"1415\" data-end=\"1456\">\n<p data-start=\"1417\" data-end=\"1456\">Familienfreundliche Restaurants und Caf\u00e9s<\/p>\n<\/li>\n<li data-start=\"1457\" data-end=\"1510\">\n<p data-start=\"1459\" data-end=\"1510\">Superm\u00e4rkte und Sehensw\u00fcrdigkeiten in der Umgebung sind leicht zu erreichen<\/p>\n<\/li>\n<li data-start=\"1511\" data-end=\"1542\">\n<p data-start=\"1513\" data-end=\"1542\">Kinderwagenfreundliche Promenade<\/p>\n<\/li>\n<\/ul>\n<h3 data-start=\"1544\" data-end=\"1582\"><span class=\"ez-toc-section\" id=\"Familienhotels_in_Santa_Ponsa\"><\/span><strong>Familienhotels in Santa Ponsa<\/strong><span class=\"ez-toc-section-end\"><\/span><\/h3>\n<h4><span class=\"ez-toc-section\" id=\"Kimpton_Aysla_Mallorca_by_IHG_5\"><\/span><strong>Kimpton Aysla Mallorca by IHG 5*<\/strong><span class=\"ez-toc-section-end\"><\/span><\/h4>\n<p><a href=\"https:\/\/maps.app.goo.gl\/zZ7inBiwbUDwHz6t7\" target=\"_blank\" rel=\"noopener\"><strong>Lage <\/strong><strong>Kimpton Aysla Mallorca <\/strong><\/a>| Santa Ponsa | Ruhige Wohngegend in der N\u00e4he von Golfpl\u00e4tzen<\/p>\n<p><img decoding=\"async\" class=\"alignnone wp-image-1135 size-full\" src=\"https:\/\/www.mymallorcadiary.com\/wp-content\/uploads\/2026\/02\/Beautiful-hotel-in-Santa-Ponsa.webp\" alt=\"\" width=\"1920\" height=\"1078\" srcset=\"https:\/\/www.mymallorcadiary.com\/wp-content\/uploads\/2026\/02\/Beautiful-hotel-in-Santa-Ponsa.webp 1920w, https:\/\/www.mymallorcadiary.com\/wp-content\/uploads\/2026\/02\/Beautiful-hotel-in-Santa-Ponsa-300x168.webp 300w, https:\/\/www.mymallorcadiary.com\/wp-content\/uploads\/2026\/02\/Beautiful-hotel-in-Santa-Ponsa-1024x575.webp 1024w, https:\/\/www.mymallorcadiary.com\/wp-content\/uploads\/2026\/02\/Beautiful-hotel-in-Santa-Ponsa-768x431.webp 768w, https:\/\/www.mymallorcadiary.com\/wp-content\/uploads\/2026\/02\/Beautiful-hotel-in-Santa-Ponsa-1536x862.webp 1536w, https:\/\/www.mymallorcadiary.com\/wp-content\/uploads\/2026\/02\/Beautiful-hotel-in-Santa-Ponsa-696x391.webp 696w, https:\/\/www.mymallorcadiary.com\/wp-content\/uploads\/2026\/02\/Beautiful-hotel-in-Santa-Ponsa-1392x782.webp 1392w\" sizes=\"(max-width: 1920px) 100vw, 1920px\" \/><\/p>\n<p data-start=\"675\" data-end=\"903\">Ein stilvolles und modernes Luxushotel, das etwas abseits der Haupttouristenstra\u00dfe liegt und eine ruhige und gro\u00dfz\u00fcgige Atmosph\u00e4re bietet. Das Anwesen verf\u00fcgt \u00fcber wundersch\u00f6ne G\u00e4rten, mehrere Pools und moderne Zimmer mit gro\u00dfz\u00fcgigem Grundriss. <\/p>\n<p data-start=\"905\" data-end=\"1028\">Obwohl es gehoben und elegant wirkt, eignet es sich dank seines Platzangebots, seines Komforts und seiner entspannten Atmosph\u00e4re sehr gut f\u00fcr Familien.<\/p>\n<div id='gallery-1' class='gallery galleryid-2789 gallery-columns-2 gallery-size-full'><figure class='gallery-item'>\n\t\t\t<div class='gallery-icon landscape'>\n\t\t\t\t<a href='https:\/\/www.mymallorcadiary.com\/wp-content\/uploads\/2026\/02\/Kympton-Aysla-Mallorca.webp'><img decoding=\"async\" width=\"1920\" height=\"1078\" src=\"https:\/\/www.mymallorcadiary.com\/wp-content\/uploads\/2026\/02\/Kympton-Aysla-Mallorca.webp\" class=\"attachment-full size-full\" alt=\"\" srcset=\"https:\/\/www.mymallorcadiary.com\/wp-content\/uploads\/2026\/02\/Kympton-Aysla-Mallorca.webp 1920w, https:\/\/www.mymallorcadiary.com\/wp-content\/uploads\/2026\/02\/Kympton-Aysla-Mallorca-300x168.webp 300w, https:\/\/www.mymallorcadiary.com\/wp-content\/uploads\/2026\/02\/Kympton-Aysla-Mallorca-1024x575.webp 1024w, https:\/\/www.mymallorcadiary.com\/wp-content\/uploads\/2026\/02\/Kympton-Aysla-Mallorca-768x431.webp 768w, https:\/\/www.mymallorcadiary.com\/wp-content\/uploads\/2026\/02\/Kympton-Aysla-Mallorca-1536x862.webp 1536w, https:\/\/www.mymallorcadiary.com\/wp-content\/uploads\/2026\/02\/Kympton-Aysla-Mallorca-696x391.webp 696w, https:\/\/www.mymallorcadiary.com\/wp-content\/uploads\/2026\/02\/Kympton-Aysla-Mallorca-1392x782.webp 1392w\" sizes=\"(max-width: 1920px) 100vw, 1920px\" \/><\/a>\n\t\t\t<\/div><\/figure><figure class='gallery-item'>\n\t\t\t<div class='gallery-icon landscape'>\n\t\t\t\t<a href='https:\/\/www.mymallorcadiary.com\/wp-content\/uploads\/2026\/02\/Kympton-hotel-Mallorca.webp'><img decoding=\"async\" width=\"1920\" height=\"1078\" src=\"https:\/\/www.mymallorcadiary.com\/wp-content\/uploads\/2026\/02\/Kympton-hotel-Mallorca.webp\" class=\"attachment-full size-full\" alt=\"\" srcset=\"https:\/\/www.mymallorcadiary.com\/wp-content\/uploads\/2026\/02\/Kympton-hotel-Mallorca.webp 1920w, https:\/\/www.mymallorcadiary.com\/wp-content\/uploads\/2026\/02\/Kympton-hotel-Mallorca-300x168.webp 300w, https:\/\/www.mymallorcadiary.com\/wp-content\/uploads\/2026\/02\/Kympton-hotel-Mallorca-1024x575.webp 1024w, https:\/\/www.mymallorcadiary.com\/wp-content\/uploads\/2026\/02\/Kympton-hotel-Mallorca-768x431.webp 768w, https:\/\/www.mymallorcadiary.com\/wp-content\/uploads\/2026\/02\/Kympton-hotel-Mallorca-1536x862.webp 1536w, https:\/\/www.mymallorcadiary.com\/wp-content\/uploads\/2026\/02\/Kympton-hotel-Mallorca-696x391.webp 696w, https:\/\/www.mymallorcadiary.com\/wp-content\/uploads\/2026\/02\/Kympton-hotel-Mallorca-1392x782.webp 1392w\" sizes=\"(max-width: 1920px) 100vw, 1920px\" \/><\/a>\n\t\t\t<\/div><\/figure><figure class='gallery-item'>\n\t\t\t<div class='gallery-icon landscape'>\n\t\t\t\t<a href='https:\/\/www.mymallorcadiary.com\/wp-content\/uploads\/2026\/02\/Luxury-hotel-in-Santa-Ponsa.webp'><img decoding=\"async\" width=\"1920\" height=\"1078\" src=\"https:\/\/www.mymallorcadiary.com\/wp-content\/uploads\/2026\/02\/Luxury-hotel-in-Santa-Ponsa.webp\" class=\"attachment-full size-full\" alt=\"\" srcset=\"https:\/\/www.mymallorcadiary.com\/wp-content\/uploads\/2026\/02\/Luxury-hotel-in-Santa-Ponsa.webp 1920w, https:\/\/www.mymallorcadiary.com\/wp-content\/uploads\/2026\/02\/Luxury-hotel-in-Santa-Ponsa-300x168.webp 300w, https:\/\/www.mymallorcadiary.com\/wp-content\/uploads\/2026\/02\/Luxury-hotel-in-Santa-Ponsa-1024x575.webp 1024w, https:\/\/www.mymallorcadiary.com\/wp-content\/uploads\/2026\/02\/Luxury-hotel-in-Santa-Ponsa-768x431.webp 768w, https:\/\/www.mymallorcadiary.com\/wp-content\/uploads\/2026\/02\/Luxury-hotel-in-Santa-Ponsa-1536x862.webp 1536w, https:\/\/www.mymallorcadiary.com\/wp-content\/uploads\/2026\/02\/Luxury-hotel-in-Santa-Ponsa-696x391.webp 696w, https:\/\/www.mymallorcadiary.com\/wp-content\/uploads\/2026\/02\/Luxury-hotel-in-Santa-Ponsa-1392x782.webp 1392w\" sizes=\"(max-width: 1920px) 100vw, 1920px\" \/><\/a>\n\t\t\t<\/div><\/figure><figure class='gallery-item'>\n\t\t\t<div class='gallery-icon landscape'>\n\t\t\t\t<a href='https:\/\/www.mymallorcadiary.com\/wp-content\/uploads\/2026\/02\/Santa-Ponsa-Luxury-hotel.webp'><img decoding=\"async\" width=\"1920\" height=\"1078\" src=\"https:\/\/www.mymallorcadiary.com\/wp-content\/uploads\/2026\/02\/Santa-Ponsa-Luxury-hotel.webp\" class=\"attachment-full size-full\" alt=\"\" srcset=\"https:\/\/www.mymallorcadiary.com\/wp-content\/uploads\/2026\/02\/Santa-Ponsa-Luxury-hotel.webp 1920w, https:\/\/www.mymallorcadiary.com\/wp-content\/uploads\/2026\/02\/Santa-Ponsa-Luxury-hotel-300x168.webp 300w, https:\/\/www.mymallorcadiary.com\/wp-content\/uploads\/2026\/02\/Santa-Ponsa-Luxury-hotel-1024x575.webp 1024w, https:\/\/www.mymallorcadiary.com\/wp-content\/uploads\/2026\/02\/Santa-Ponsa-Luxury-hotel-768x431.webp 768w, https:\/\/www.mymallorcadiary.com\/wp-content\/uploads\/2026\/02\/Santa-Ponsa-Luxury-hotel-1536x862.webp 1536w, https:\/\/www.mymallorcadiary.com\/wp-content\/uploads\/2026\/02\/Santa-Ponsa-Luxury-hotel-696x391.webp 696w, https:\/\/www.mymallorcadiary.com\/wp-content\/uploads\/2026\/02\/Santa-Ponsa-Luxury-hotel-1392x782.webp 1392w\" sizes=\"(max-width: 1920px) 100vw, 1920px\" \/><\/a>\n\t\t\t<\/div><\/figure>\n\t\t<\/div>\n\n<p>Fotos von kymptonayslamallorca.com<\/p>\n<p data-start=\"1030\" data-end=\"1214\"><strong data-start=\"1030\" data-end=\"1067\">Warum sollte man es f\u00fcr einen Familienurlaub buchen?<\/strong><br data-start=\"1067\" data-end=\"1070\">Ideal f\u00fcr Familien, die einen gehobenen Aufenthalt in ruhiger Umgebung suchen, dabei aber nur eine kurze Autofahrt vom Hauptstrand von Santa Ponsa entfernt sind.<\/p>\n<p data-start=\"1030\" data-end=\"1214\"><strong>Link f\u00fcr weitere Details und Buchung:<\/strong> <strong><a href=\"https:\/\/booking.stay22.com\/likexpats\/54tA3daj4A\" target=\"_blank\" rel=\"noopener\">Kympton Aysla Mallorca by IHG<\/a><\/strong><\/p>\n<h4><span class=\"ez-toc-section\" id=\"Globales_Costa_de_la_Calma_4\"><\/span><strong>Globales Costa de la Calma 4*<\/strong><span class=\"ez-toc-section-end\"><\/span><\/h4>\n<p><a href=\"https:\/\/maps.app.goo.gl\/seFwk6qgBoCaPhDw6\" target=\"_blank\" rel=\"noopener\"><strong>Lage Globales Costa de la Calma<\/strong><\/a> | Costa de la Calma | Ruhige K\u00fcstengegend in der N\u00e4he von Santa Ponsa<\/p>\n<p><img decoding=\"async\" class=\"alignnone wp-image-1140 size-full\" src=\"https:\/\/www.mymallorcadiary.com\/wp-content\/uploads\/2026\/02\/Globales-Costa-de-la-Calma.webp\" alt=\"\" width=\"1920\" height=\"1078\" srcset=\"https:\/\/www.mymallorcadiary.com\/wp-content\/uploads\/2026\/02\/Globales-Costa-de-la-Calma.webp 1920w, https:\/\/www.mymallorcadiary.com\/wp-content\/uploads\/2026\/02\/Globales-Costa-de-la-Calma-300x168.webp 300w, https:\/\/www.mymallorcadiary.com\/wp-content\/uploads\/2026\/02\/Globales-Costa-de-la-Calma-1024x575.webp 1024w, https:\/\/www.mymallorcadiary.com\/wp-content\/uploads\/2026\/02\/Globales-Costa-de-la-Calma-768x431.webp 768w, https:\/\/www.mymallorcadiary.com\/wp-content\/uploads\/2026\/02\/Globales-Costa-de-la-Calma-1536x862.webp 1536w, https:\/\/www.mymallorcadiary.com\/wp-content\/uploads\/2026\/02\/Globales-Costa-de-la-Calma-696x391.webp 696w, https:\/\/www.mymallorcadiary.com\/wp-content\/uploads\/2026\/02\/Globales-Costa-de-la-Calma-1392x782.webp 1392w\" sizes=\"(max-width: 1920px) 100vw, 1920px\" \/><\/p>\n<p data-start=\"1329\" data-end=\"1538\">Dieses Hotel liegt in einer ruhigen Wohngegend und bietet eine beschauliche Umgebung, w\u00e4hrend es dennoch in der N\u00e4he des Hauptstrandes von Santa Ponsa liegt, der besonders bei Familien beliebt ist. Es verf\u00fcgt \u00fcber Familienzimmer, Poolbereiche und eine entspannte Urlaubsatmosph\u00e4re. <\/p>\n<div id='gallery-2' class='gallery galleryid-2789 gallery-columns-2 gallery-size-full'><figure class='gallery-item'>\n\t\t\t<div class='gallery-icon landscape'>\n\t\t\t\t<a href='https:\/\/www.mymallorcadiary.com\/wp-content\/uploads\/2026\/02\/Santa-Ponsa-family-hotel.webp'><img decoding=\"async\" width=\"1920\" height=\"1078\" src=\"https:\/\/www.mymallorcadiary.com\/wp-content\/uploads\/2026\/02\/Santa-Ponsa-family-hotel.webp\" class=\"attachment-full size-full\" alt=\"\" srcset=\"https:\/\/www.mymallorcadiary.com\/wp-content\/uploads\/2026\/02\/Santa-Ponsa-family-hotel.webp 1920w, https:\/\/www.mymallorcadiary.com\/wp-content\/uploads\/2026\/02\/Santa-Ponsa-family-hotel-300x168.webp 300w, https:\/\/www.mymallorcadiary.com\/wp-content\/uploads\/2026\/02\/Santa-Ponsa-family-hotel-1024x575.webp 1024w, https:\/\/www.mymallorcadiary.com\/wp-content\/uploads\/2026\/02\/Santa-Ponsa-family-hotel-768x431.webp 768w, https:\/\/www.mymallorcadiary.com\/wp-content\/uploads\/2026\/02\/Santa-Ponsa-family-hotel-1536x862.webp 1536w, https:\/\/www.mymallorcadiary.com\/wp-content\/uploads\/2026\/02\/Santa-Ponsa-family-hotel-696x391.webp 696w, https:\/\/www.mymallorcadiary.com\/wp-content\/uploads\/2026\/02\/Santa-Ponsa-family-hotel-1392x782.webp 1392w\" sizes=\"(max-width: 1920px) 100vw, 1920px\" \/><\/a>\n\t\t\t<\/div><\/figure><figure class='gallery-item'>\n\t\t\t<div class='gallery-icon landscape'>\n\t\t\t\t<a href='https:\/\/www.mymallorcadiary.com\/wp-content\/uploads\/2026\/02\/Globales-hotel-in-Santa-Ponsa.webp'><img decoding=\"async\" width=\"1920\" height=\"1078\" src=\"https:\/\/www.mymallorcadiary.com\/wp-content\/uploads\/2026\/02\/Globales-hotel-in-Santa-Ponsa.webp\" class=\"attachment-full size-full\" alt=\"\" srcset=\"https:\/\/www.mymallorcadiary.com\/wp-content\/uploads\/2026\/02\/Globales-hotel-in-Santa-Ponsa.webp 1920w, https:\/\/www.mymallorcadiary.com\/wp-content\/uploads\/2026\/02\/Globales-hotel-in-Santa-Ponsa-300x168.webp 300w, https:\/\/www.mymallorcadiary.com\/wp-content\/uploads\/2026\/02\/Globales-hotel-in-Santa-Ponsa-1024x575.webp 1024w, https:\/\/www.mymallorcadiary.com\/wp-content\/uploads\/2026\/02\/Globales-hotel-in-Santa-Ponsa-768x431.webp 768w, https:\/\/www.mymallorcadiary.com\/wp-content\/uploads\/2026\/02\/Globales-hotel-in-Santa-Ponsa-1536x862.webp 1536w, https:\/\/www.mymallorcadiary.com\/wp-content\/uploads\/2026\/02\/Globales-hotel-in-Santa-Ponsa-696x391.webp 696w, https:\/\/www.mymallorcadiary.com\/wp-content\/uploads\/2026\/02\/Globales-hotel-in-Santa-Ponsa-1392x782.webp 1392w\" sizes=\"(max-width: 1920px) 100vw, 1920px\" \/><\/a>\n\t\t\t<\/div><\/figure><figure class='gallery-item'>\n\t\t\t<div class='gallery-icon landscape'>\n\t\t\t\t<a href='https:\/\/www.mymallorcadiary.com\/wp-content\/uploads\/2026\/02\/Hotel-for-families-in-Santa-Ponsa.webp'><img decoding=\"async\" width=\"1920\" height=\"1078\" src=\"https:\/\/www.mymallorcadiary.com\/wp-content\/uploads\/2026\/02\/Hotel-for-families-in-Santa-Ponsa.webp\" class=\"attachment-full size-full\" alt=\"\" srcset=\"https:\/\/www.mymallorcadiary.com\/wp-content\/uploads\/2026\/02\/Hotel-for-families-in-Santa-Ponsa.webp 1920w, https:\/\/www.mymallorcadiary.com\/wp-content\/uploads\/2026\/02\/Hotel-for-families-in-Santa-Ponsa-300x168.webp 300w, https:\/\/www.mymallorcadiary.com\/wp-content\/uploads\/2026\/02\/Hotel-for-families-in-Santa-Ponsa-1024x575.webp 1024w, https:\/\/www.mymallorcadiary.com\/wp-content\/uploads\/2026\/02\/Hotel-for-families-in-Santa-Ponsa-768x431.webp 768w, https:\/\/www.mymallorcadiary.com\/wp-content\/uploads\/2026\/02\/Hotel-for-families-in-Santa-Ponsa-1536x862.webp 1536w, https:\/\/www.mymallorcadiary.com\/wp-content\/uploads\/2026\/02\/Hotel-for-families-in-Santa-Ponsa-696x391.webp 696w, https:\/\/www.mymallorcadiary.com\/wp-content\/uploads\/2026\/02\/Hotel-for-families-in-Santa-Ponsa-1392x782.webp 1392w\" sizes=\"(max-width: 1920px) 100vw, 1920px\" \/><\/a>\n\t\t\t<\/div><\/figure><figure class='gallery-item'>\n\t\t\t<div class='gallery-icon landscape'>\n\t\t\t\t<a href='https:\/\/www.mymallorcadiary.com\/wp-content\/uploads\/2026\/02\/Family-hotel-in-Santa-Ponsa.webp'><img decoding=\"async\" width=\"1920\" height=\"1078\" src=\"https:\/\/www.mymallorcadiary.com\/wp-content\/uploads\/2026\/02\/Family-hotel-in-Santa-Ponsa.webp\" class=\"attachment-full size-full\" alt=\"\" srcset=\"https:\/\/www.mymallorcadiary.com\/wp-content\/uploads\/2026\/02\/Family-hotel-in-Santa-Ponsa.webp 1920w, https:\/\/www.mymallorcadiary.com\/wp-content\/uploads\/2026\/02\/Family-hotel-in-Santa-Ponsa-300x168.webp 300w, https:\/\/www.mymallorcadiary.com\/wp-content\/uploads\/2026\/02\/Family-hotel-in-Santa-Ponsa-1024x575.webp 1024w, https:\/\/www.mymallorcadiary.com\/wp-content\/uploads\/2026\/02\/Family-hotel-in-Santa-Ponsa-768x431.webp 768w, https:\/\/www.mymallorcadiary.com\/wp-content\/uploads\/2026\/02\/Family-hotel-in-Santa-Ponsa-1536x862.webp 1536w, https:\/\/www.mymallorcadiary.com\/wp-content\/uploads\/2026\/02\/Family-hotel-in-Santa-Ponsa-696x391.webp 696w, https:\/\/www.mymallorcadiary.com\/wp-content\/uploads\/2026\/02\/Family-hotel-in-Santa-Ponsa-1392x782.webp 1392w\" sizes=\"(max-width: 1920px) 100vw, 1920px\" \/><\/a>\n\t\t\t<\/div><\/figure>\n\t\t<\/div>\n\n<p data-start=\"1540\" data-end=\"1686\">Fotos von globales.com<\/p>\n<p data-start=\"1540\" data-end=\"1686\"><strong data-start=\"1540\" data-end=\"1577\">Warum sollten Sie Globales Costa de la Calma f\u00fcr einen Familienurlaub buchen?<\/strong><br data-start=\"1577\" data-end=\"1580\">Ideal f\u00fcr Familien, die einen ruhigen Ausgangspunkt und einen einfachen Zugang zum Strand suchen, ohne im belebtesten Teil der Stadt zu \u00fcbernachten.<\/p>\n<p data-start=\"1540\" data-end=\"1686\"><strong>Link f\u00fcr weitere Details und Buchung:<\/strong> <strong><a href=\"https:\/\/booking.stay22.com\/likexpats\/W8XFbozLaG\" target=\"_blank\" rel=\"noopener\">Globales Costa de la Calma<\/a><\/strong><\/p>\n<h4><span class=\"ez-toc-section\" id=\"Fergus_Style_Cala_Blanca_Suites_4\"><\/span><strong>Fergus Style Cala Blanca Suites 4*<\/strong><span class=\"ez-toc-section-end\"><\/span><\/h4>\n<p><a href=\"https:\/\/maps.app.goo.gl\/fxTK86U2LkV2QJcZ6\" target=\"_blank\" rel=\"noopener\"><strong>Lage Fergus Style Cala Blanca Suites <\/strong><\/a>| Direkt am Strand | Santa Ponsa<\/p>\n<p><img decoding=\"async\" class=\"alignnone wp-image-1149 size-full\" src=\"https:\/\/www.mymallorcadiary.com\/wp-content\/uploads\/2026\/02\/Santa-Ponsa-family-hotel-1.webp\" alt=\"\" width=\"1920\" height=\"1078\" srcset=\"https:\/\/www.mymallorcadiary.com\/wp-content\/uploads\/2026\/02\/Santa-Ponsa-family-hotel-1.webp 1920w, https:\/\/www.mymallorcadiary.com\/wp-content\/uploads\/2026\/02\/Santa-Ponsa-family-hotel-1-300x168.webp 300w, https:\/\/www.mymallorcadiary.com\/wp-content\/uploads\/2026\/02\/Santa-Ponsa-family-hotel-1-1024x575.webp 1024w, https:\/\/www.mymallorcadiary.com\/wp-content\/uploads\/2026\/02\/Santa-Ponsa-family-hotel-1-768x431.webp 768w, https:\/\/www.mymallorcadiary.com\/wp-content\/uploads\/2026\/02\/Santa-Ponsa-family-hotel-1-1536x862.webp 1536w, https:\/\/www.mymallorcadiary.com\/wp-content\/uploads\/2026\/02\/Santa-Ponsa-family-hotel-1-696x391.webp 696w, https:\/\/www.mymallorcadiary.com\/wp-content\/uploads\/2026\/02\/Santa-Ponsa-family-hotel-1-1392x782.webp 1392w\" sizes=\"(max-width: 1920px) 100vw, 1920px\" \/><\/p>\n<p data-start=\"1775\" data-end=\"1978\">Dieses Hotel, das ausschlie\u00dflich aus Suiten besteht, liegt direkt am Meer und bietet ger\u00e4umige Unterk\u00fcnfte sowie bequemen Zugang zu einer kleinen Bucht. Die Aufteilung ist familienfreundlich, und dank der Suiten stehen mehr Platz und Komfort zur Verf\u00fcgung. <\/p>\n<div id='gallery-3' class='gallery galleryid-2789 gallery-columns-2 gallery-size-full'><figure class='gallery-item'>\n\t\t\t<div class='gallery-icon landscape'>\n\t\t\t\t<a href='https:\/\/www.mymallorcadiary.com\/wp-content\/uploads\/2026\/02\/Fergus-hotel-in-Cala-Blanca.webp'><img decoding=\"async\" width=\"1920\" height=\"1078\" src=\"https:\/\/www.mymallorcadiary.com\/wp-content\/uploads\/2026\/02\/Fergus-hotel-in-Cala-Blanca.webp\" class=\"attachment-full size-full\" alt=\"\" srcset=\"https:\/\/www.mymallorcadiary.com\/wp-content\/uploads\/2026\/02\/Fergus-hotel-in-Cala-Blanca.webp 1920w, https:\/\/www.mymallorcadiary.com\/wp-content\/uploads\/2026\/02\/Fergus-hotel-in-Cala-Blanca-300x168.webp 300w, https:\/\/www.mymallorcadiary.com\/wp-content\/uploads\/2026\/02\/Fergus-hotel-in-Cala-Blanca-1024x575.webp 1024w, https:\/\/www.mymallorcadiary.com\/wp-content\/uploads\/2026\/02\/Fergus-hotel-in-Cala-Blanca-768x431.webp 768w, https:\/\/www.mymallorcadiary.com\/wp-content\/uploads\/2026\/02\/Fergus-hotel-in-Cala-Blanca-1536x862.webp 1536w, https:\/\/www.mymallorcadiary.com\/wp-content\/uploads\/2026\/02\/Fergus-hotel-in-Cala-Blanca-696x391.webp 696w, https:\/\/www.mymallorcadiary.com\/wp-content\/uploads\/2026\/02\/Fergus-hotel-in-Cala-Blanca-1392x782.webp 1392w\" sizes=\"(max-width: 1920px) 100vw, 1920px\" \/><\/a>\n\t\t\t<\/div><\/figure><figure class='gallery-item'>\n\t\t\t<div class='gallery-icon landscape'>\n\t\t\t\t<a href='https:\/\/www.mymallorcadiary.com\/wp-content\/uploads\/2026\/02\/Fergus-Style-Cala-Blanca-Suites.webp'><img decoding=\"async\" width=\"1920\" height=\"1078\" src=\"https:\/\/www.mymallorcadiary.com\/wp-content\/uploads\/2026\/02\/Fergus-Style-Cala-Blanca-Suites.webp\" class=\"attachment-full size-full\" alt=\"\" srcset=\"https:\/\/www.mymallorcadiary.com\/wp-content\/uploads\/2026\/02\/Fergus-Style-Cala-Blanca-Suites.webp 1920w, https:\/\/www.mymallorcadiary.com\/wp-content\/uploads\/2026\/02\/Fergus-Style-Cala-Blanca-Suites-300x168.webp 300w, https:\/\/www.mymallorcadiary.com\/wp-content\/uploads\/2026\/02\/Fergus-Style-Cala-Blanca-Suites-1024x575.webp 1024w, https:\/\/www.mymallorcadiary.com\/wp-content\/uploads\/2026\/02\/Fergus-Style-Cala-Blanca-Suites-768x431.webp 768w, https:\/\/www.mymallorcadiary.com\/wp-content\/uploads\/2026\/02\/Fergus-Style-Cala-Blanca-Suites-1536x862.webp 1536w, https:\/\/www.mymallorcadiary.com\/wp-content\/uploads\/2026\/02\/Fergus-Style-Cala-Blanca-Suites-696x391.webp 696w, https:\/\/www.mymallorcadiary.com\/wp-content\/uploads\/2026\/02\/Fergus-Style-Cala-Blanca-Suites-1392x782.webp 1392w\" sizes=\"(max-width: 1920px) 100vw, 1920px\" \/><\/a>\n\t\t\t<\/div><\/figure><figure class='gallery-item'>\n\t\t\t<div class='gallery-icon landscape'>\n\t\t\t\t<a href='https:\/\/www.mymallorcadiary.com\/wp-content\/uploads\/2026\/02\/Hotel-for-families-in-Santa-Ponsa-1.webp'><img decoding=\"async\" width=\"1920\" height=\"1078\" src=\"https:\/\/www.mymallorcadiary.com\/wp-content\/uploads\/2026\/02\/Hotel-for-families-in-Santa-Ponsa-1.webp\" class=\"attachment-full size-full\" alt=\"\" srcset=\"https:\/\/www.mymallorcadiary.com\/wp-content\/uploads\/2026\/02\/Hotel-for-families-in-Santa-Ponsa-1.webp 1920w, https:\/\/www.mymallorcadiary.com\/wp-content\/uploads\/2026\/02\/Hotel-for-families-in-Santa-Ponsa-1-300x168.webp 300w, https:\/\/www.mymallorcadiary.com\/wp-content\/uploads\/2026\/02\/Hotel-for-families-in-Santa-Ponsa-1-1024x575.webp 1024w, https:\/\/www.mymallorcadiary.com\/wp-content\/uploads\/2026\/02\/Hotel-for-families-in-Santa-Ponsa-1-768x431.webp 768w, https:\/\/www.mymallorcadiary.com\/wp-content\/uploads\/2026\/02\/Hotel-for-families-in-Santa-Ponsa-1-1536x862.webp 1536w, https:\/\/www.mymallorcadiary.com\/wp-content\/uploads\/2026\/02\/Hotel-for-families-in-Santa-Ponsa-1-696x391.webp 696w, https:\/\/www.mymallorcadiary.com\/wp-content\/uploads\/2026\/02\/Hotel-for-families-in-Santa-Ponsa-1-1392x782.webp 1392w\" sizes=\"(max-width: 1920px) 100vw, 1920px\" \/><\/a>\n\t\t\t<\/div><\/figure><figure class='gallery-item'>\n\t\t\t<div class='gallery-icon landscape'>\n\t\t\t\t<a href='https:\/\/www.mymallorcadiary.com\/wp-content\/uploads\/2026\/02\/Cala-Blanca-Suites.webp'><img decoding=\"async\" width=\"1920\" height=\"1078\" src=\"https:\/\/www.mymallorcadiary.com\/wp-content\/uploads\/2026\/02\/Cala-Blanca-Suites.webp\" class=\"attachment-full size-full\" alt=\"\" srcset=\"https:\/\/www.mymallorcadiary.com\/wp-content\/uploads\/2026\/02\/Cala-Blanca-Suites.webp 1920w, https:\/\/www.mymallorcadiary.com\/wp-content\/uploads\/2026\/02\/Cala-Blanca-Suites-300x168.webp 300w, https:\/\/www.mymallorcadiary.com\/wp-content\/uploads\/2026\/02\/Cala-Blanca-Suites-1024x575.webp 1024w, https:\/\/www.mymallorcadiary.com\/wp-content\/uploads\/2026\/02\/Cala-Blanca-Suites-768x431.webp 768w, https:\/\/www.mymallorcadiary.com\/wp-content\/uploads\/2026\/02\/Cala-Blanca-Suites-1536x862.webp 1536w, https:\/\/www.mymallorcadiary.com\/wp-content\/uploads\/2026\/02\/Cala-Blanca-Suites-696x391.webp 696w, https:\/\/www.mymallorcadiary.com\/wp-content\/uploads\/2026\/02\/Cala-Blanca-Suites-1392x782.webp 1392w\" sizes=\"(max-width: 1920px) 100vw, 1920px\" \/><\/a>\n\t\t\t<\/div><\/figure>\n\t\t<\/div>\n\n<p data-start=\"1980\" data-end=\"2139\">Fotos von booking.com<\/p>\n<p data-start=\"1980\" data-end=\"2139\"><strong data-start=\"1980\" data-end=\"2017\">Warum sollten Sie die Fergus Style Cala Blanca Suites f\u00fcr einen Familienurlaub buchen?<\/strong><br data-start=\"2017\" data-end=\"2020\">Die Lage direkt am Strand und die gro\u00dfz\u00fcgigen Zimmer machen es zum idealen Ort f\u00fcr Familien, denen viel Platz und direkter Zugang zum Meer wichtig sind.<\/p>\n<p data-start=\"1980\" data-end=\"2139\"><strong>Link f\u00fcr weitere Informationen und zur Buchung:<\/strong> <strong><a href=\"https:\/\/booking.stay22.com\/likexpats\/rMNQn6rUAr\" target=\"_blank\" rel=\"noopener\">Fergus Style Cala Blanca Suites<\/a><\/strong><\/p>\n<h4><span class=\"ez-toc-section\" id=\"Jutlandia_Family_Resort_3\"><\/span><strong>Jutlandia Family Resort 3*<\/strong><span class=\"ez-toc-section-end\"><\/span><\/h4>\n<p><strong><a href=\"https:\/\/maps.app.goo.gl\/eCeet1zsb5XiEqhg8\" target=\"_blank\" rel=\"noopener\">Lage Jutlandia Family Resort <\/a><\/strong>| Zentrum von Santa Ponsa | Nur wenige Gehminuten vom Strand entfernt<\/p>\n<p><img decoding=\"async\" class=\"alignnone wp-image-1152 size-full\" src=\"https:\/\/www.mymallorcadiary.com\/wp-content\/uploads\/2026\/02\/Jutlandia-family-hotel-Santa-Ponsa.webp\" alt=\"\" width=\"1920\" height=\"1078\" srcset=\"https:\/\/www.mymallorcadiary.com\/wp-content\/uploads\/2026\/02\/Jutlandia-family-hotel-Santa-Ponsa.webp 1920w, https:\/\/www.mymallorcadiary.com\/wp-content\/uploads\/2026\/02\/Jutlandia-family-hotel-Santa-Ponsa-300x168.webp 300w, https:\/\/www.mymallorcadiary.com\/wp-content\/uploads\/2026\/02\/Jutlandia-family-hotel-Santa-Ponsa-1024x575.webp 1024w, https:\/\/www.mymallorcadiary.com\/wp-content\/uploads\/2026\/02\/Jutlandia-family-hotel-Santa-Ponsa-768x431.webp 768w, https:\/\/www.mymallorcadiary.com\/wp-content\/uploads\/2026\/02\/Jutlandia-family-hotel-Santa-Ponsa-1536x862.webp 1536w, https:\/\/www.mymallorcadiary.com\/wp-content\/uploads\/2026\/02\/Jutlandia-family-hotel-Santa-Ponsa-696x391.webp 696w, https:\/\/www.mymallorcadiary.com\/wp-content\/uploads\/2026\/02\/Jutlandia-family-hotel-Santa-Ponsa-1392x782.webp 1392w\" sizes=\"(max-width: 1920px) 100vw, 1920px\" \/><\/p>\n<p data-start=\"2247\" data-end=\"2412\">Eines der beliebtesten familienfreundlichen Resorts in der Region. Es bietet Unterk\u00fcnfte im Apartmentstil, mehrere Swimmingpools und speziell auf Kinder zugeschnittene Unterhaltungsprogramme. <\/p>\n<div id='gallery-4' class='gallery galleryid-2789 gallery-columns-2 gallery-size-full'><figure class='gallery-item'>\n\t\t\t<div class='gallery-icon landscape'>\n\t\t\t\t<a href='https:\/\/www.mymallorcadiary.com\/wp-content\/uploads\/2026\/02\/Mallorca-family-hotel.webp'><img decoding=\"async\" width=\"1920\" height=\"1078\" src=\"https:\/\/www.mymallorcadiary.com\/wp-content\/uploads\/2026\/02\/Mallorca-family-hotel.webp\" class=\"attachment-full size-full\" alt=\"\" srcset=\"https:\/\/www.mymallorcadiary.com\/wp-content\/uploads\/2026\/02\/Mallorca-family-hotel.webp 1920w, https:\/\/www.mymallorcadiary.com\/wp-content\/uploads\/2026\/02\/Mallorca-family-hotel-300x168.webp 300w, https:\/\/www.mymallorcadiary.com\/wp-content\/uploads\/2026\/02\/Mallorca-family-hotel-1024x575.webp 1024w, https:\/\/www.mymallorcadiary.com\/wp-content\/uploads\/2026\/02\/Mallorca-family-hotel-768x431.webp 768w, https:\/\/www.mymallorcadiary.com\/wp-content\/uploads\/2026\/02\/Mallorca-family-hotel-1536x862.webp 1536w, https:\/\/www.mymallorcadiary.com\/wp-content\/uploads\/2026\/02\/Mallorca-family-hotel-696x391.webp 696w, https:\/\/www.mymallorcadiary.com\/wp-content\/uploads\/2026\/02\/Mallorca-family-hotel-1392x782.webp 1392w\" sizes=\"(max-width: 1920px) 100vw, 1920px\" \/><\/a>\n\t\t\t<\/div><\/figure><figure class='gallery-item'>\n\t\t\t<div class='gallery-icon landscape'>\n\t\t\t\t<a href='https:\/\/www.mymallorcadiary.com\/wp-content\/uploads\/2026\/02\/Family-accommodation-in-Mallorca.webp'><img decoding=\"async\" width=\"1920\" height=\"1078\" src=\"https:\/\/www.mymallorcadiary.com\/wp-content\/uploads\/2026\/02\/Family-accommodation-in-Mallorca.webp\" class=\"attachment-full size-full\" alt=\"\" srcset=\"https:\/\/www.mymallorcadiary.com\/wp-content\/uploads\/2026\/02\/Family-accommodation-in-Mallorca.webp 1920w, https:\/\/www.mymallorcadiary.com\/wp-content\/uploads\/2026\/02\/Family-accommodation-in-Mallorca-300x168.webp 300w, https:\/\/www.mymallorcadiary.com\/wp-content\/uploads\/2026\/02\/Family-accommodation-in-Mallorca-1024x575.webp 1024w, https:\/\/www.mymallorcadiary.com\/wp-content\/uploads\/2026\/02\/Family-accommodation-in-Mallorca-768x431.webp 768w, https:\/\/www.mymallorcadiary.com\/wp-content\/uploads\/2026\/02\/Family-accommodation-in-Mallorca-1536x862.webp 1536w, https:\/\/www.mymallorcadiary.com\/wp-content\/uploads\/2026\/02\/Family-accommodation-in-Mallorca-696x391.webp 696w, https:\/\/www.mymallorcadiary.com\/wp-content\/uploads\/2026\/02\/Family-accommodation-in-Mallorca-1392x782.webp 1392w\" sizes=\"(max-width: 1920px) 100vw, 1920px\" \/><\/a>\n\t\t\t<\/div><\/figure><figure class='gallery-item'>\n\t\t\t<div class='gallery-icon landscape'>\n\t\t\t\t<a href='https:\/\/www.mymallorcadiary.com\/wp-content\/uploads\/2026\/02\/Jutlandia-Mallorca.webp'><img decoding=\"async\" width=\"1920\" height=\"1078\" src=\"https:\/\/www.mymallorcadiary.com\/wp-content\/uploads\/2026\/02\/Jutlandia-Mallorca.webp\" class=\"attachment-full size-full\" alt=\"\" srcset=\"https:\/\/www.mymallorcadiary.com\/wp-content\/uploads\/2026\/02\/Jutlandia-Mallorca.webp 1920w, https:\/\/www.mymallorcadiary.com\/wp-content\/uploads\/2026\/02\/Jutlandia-Mallorca-300x168.webp 300w, https:\/\/www.mymallorcadiary.com\/wp-content\/uploads\/2026\/02\/Jutlandia-Mallorca-1024x575.webp 1024w, https:\/\/www.mymallorcadiary.com\/wp-content\/uploads\/2026\/02\/Jutlandia-Mallorca-768x431.webp 768w, https:\/\/www.mymallorcadiary.com\/wp-content\/uploads\/2026\/02\/Jutlandia-Mallorca-1536x862.webp 1536w, https:\/\/www.mymallorcadiary.com\/wp-content\/uploads\/2026\/02\/Jutlandia-Mallorca-696x391.webp 696w, https:\/\/www.mymallorcadiary.com\/wp-content\/uploads\/2026\/02\/Jutlandia-Mallorca-1392x782.webp 1392w\" sizes=\"(max-width: 1920px) 100vw, 1920px\" \/><\/a>\n\t\t\t<\/div><\/figure><figure class='gallery-item'>\n\t\t\t<div class='gallery-icon landscape'>\n\t\t\t\t<a href='https:\/\/www.mymallorcadiary.com\/wp-content\/uploads\/2026\/02\/Jutlandia-Family-hotel-Mallorca.webp'><img decoding=\"async\" width=\"1920\" height=\"1078\" src=\"https:\/\/www.mymallorcadiary.com\/wp-content\/uploads\/2026\/02\/Jutlandia-Family-hotel-Mallorca.webp\" class=\"attachment-full size-full\" alt=\"\" srcset=\"https:\/\/www.mymallorcadiary.com\/wp-content\/uploads\/2026\/02\/Jutlandia-Family-hotel-Mallorca.webp 1920w, https:\/\/www.mymallorcadiary.com\/wp-content\/uploads\/2026\/02\/Jutlandia-Family-hotel-Mallorca-300x168.webp 300w, https:\/\/www.mymallorcadiary.com\/wp-content\/uploads\/2026\/02\/Jutlandia-Family-hotel-Mallorca-1024x575.webp 1024w, https:\/\/www.mymallorcadiary.com\/wp-content\/uploads\/2026\/02\/Jutlandia-Family-hotel-Mallorca-768x431.webp 768w, https:\/\/www.mymallorcadiary.com\/wp-content\/uploads\/2026\/02\/Jutlandia-Family-hotel-Mallorca-1536x862.webp 1536w, https:\/\/www.mymallorcadiary.com\/wp-content\/uploads\/2026\/02\/Jutlandia-Family-hotel-Mallorca-696x391.webp 696w, https:\/\/www.mymallorcadiary.com\/wp-content\/uploads\/2026\/02\/Jutlandia-Family-hotel-Mallorca-1392x782.webp 1392w\" sizes=\"(max-width: 1920px) 100vw, 1920px\" \/><\/a>\n\t\t\t<\/div><\/figure>\n\t\t<\/div>\n\n<p data-start=\"2414\" data-end=\"2548\">Fotos von granisla.com<\/p>\n<p data-start=\"2414\" data-end=\"2548\"><strong data-start=\"2414\" data-end=\"2451\">Warum sollten Sie das Jutlandia Family Resort f\u00fcr einen Familienurlaub buchen?<\/strong><br data-start=\"2451\" data-end=\"2454\">Speziell f\u00fcr Familien mit kleinen Kindern konzipiert, mit zahlreichen Aktivit\u00e4ten und sicheren Poolbereichen.<\/p>\n<p data-start=\"2414\" data-end=\"2548\"><strong>Link f\u00fcr weitere Details und Buchung:<\/strong> <strong><a href=\"https:\/\/booking.stay22.com\/likexpats\/gJWcjNtKp6\" target=\"_blank\" rel=\"noopener\">Jutlandia Family Resort<\/a><\/strong><\/p>\n<h4><span class=\"ez-toc-section\" id=\"Aparthotel_Holiday_Center_3\"><\/span><strong>Aparthotel Holiday Center 3*<\/strong><span class=\"ez-toc-section-end\"><\/span><\/h4>\n<p><a href=\"https:\/\/maps.app.goo.gl\/DfANQU3YgXAA9VmC7\" target=\"_blank\" rel=\"noopener\"><strong>Lage Aparthotel Holiday Center<\/strong><\/a> | In der N\u00e4he des Strandes von Santa Ponsa | Nur ein kurzer Spaziergang zur Promenade<\/p>\n<p><img decoding=\"async\" class=\"alignnone wp-image-1157 size-full\" src=\"https:\/\/www.mymallorcadiary.com\/wp-content\/uploads\/2026\/02\/Holiday-Center-Mallorca.webp\" alt=\"\" width=\"1920\" height=\"1078\" srcset=\"https:\/\/www.mymallorcadiary.com\/wp-content\/uploads\/2026\/02\/Holiday-Center-Mallorca.webp 1920w, https:\/\/www.mymallorcadiary.com\/wp-content\/uploads\/2026\/02\/Holiday-Center-Mallorca-300x168.webp 300w, https:\/\/www.mymallorcadiary.com\/wp-content\/uploads\/2026\/02\/Holiday-Center-Mallorca-1024x575.webp 1024w, https:\/\/www.mymallorcadiary.com\/wp-content\/uploads\/2026\/02\/Holiday-Center-Mallorca-768x431.webp 768w, https:\/\/www.mymallorcadiary.com\/wp-content\/uploads\/2026\/02\/Holiday-Center-Mallorca-1536x862.webp 1536w, https:\/\/www.mymallorcadiary.com\/wp-content\/uploads\/2026\/02\/Holiday-Center-Mallorca-696x391.webp 696w, https:\/\/www.mymallorcadiary.com\/wp-content\/uploads\/2026\/02\/Holiday-Center-Mallorca-1392x782.webp 1392w\" sizes=\"(max-width: 1920px) 100vw, 1920px\" \/><\/p>\n<p data-start=\"2655\" data-end=\"2802\">Dieses Aparthotel bietet Apartments zur Selbstverpflegung, wodurch Familien bei den Mahlzeiten und ihrem Tagesablauf flexibel sind. Au\u00dferdem verf\u00fcgt es \u00fcber Pools und Spielpl\u00e4tze. <\/p>\n<div id='gallery-5' class='gallery galleryid-2789 gallery-columns-2 gallery-size-full'><figure class='gallery-item'>\n\t\t\t<div class='gallery-icon landscape'>\n\t\t\t\t<a href='https:\/\/www.mymallorcadiary.com\/wp-content\/uploads\/2026\/02\/Hotel-for-families-in-Santa-Ponsa-2.webp'><img decoding=\"async\" width=\"1920\" height=\"1078\" src=\"https:\/\/www.mymallorcadiary.com\/wp-content\/uploads\/2026\/02\/Hotel-for-families-in-Santa-Ponsa-2.webp\" class=\"attachment-full size-full\" alt=\"\" srcset=\"https:\/\/www.mymallorcadiary.com\/wp-content\/uploads\/2026\/02\/Hotel-for-families-in-Santa-Ponsa-2.webp 1920w, https:\/\/www.mymallorcadiary.com\/wp-content\/uploads\/2026\/02\/Hotel-for-families-in-Santa-Ponsa-2-300x168.webp 300w, https:\/\/www.mymallorcadiary.com\/wp-content\/uploads\/2026\/02\/Hotel-for-families-in-Santa-Ponsa-2-1024x575.webp 1024w, https:\/\/www.mymallorcadiary.com\/wp-content\/uploads\/2026\/02\/Hotel-for-families-in-Santa-Ponsa-2-768x431.webp 768w, https:\/\/www.mymallorcadiary.com\/wp-content\/uploads\/2026\/02\/Hotel-for-families-in-Santa-Ponsa-2-1536x862.webp 1536w, https:\/\/www.mymallorcadiary.com\/wp-content\/uploads\/2026\/02\/Hotel-for-families-in-Santa-Ponsa-2-696x391.webp 696w, https:\/\/www.mymallorcadiary.com\/wp-content\/uploads\/2026\/02\/Hotel-for-families-in-Santa-Ponsa-2-1392x782.webp 1392w\" sizes=\"(max-width: 1920px) 100vw, 1920px\" \/><\/a>\n\t\t\t<\/div><\/figure><figure class='gallery-item'>\n\t\t\t<div class='gallery-icon landscape'>\n\t\t\t\t<a href='https:\/\/www.mymallorcadiary.com\/wp-content\/uploads\/2026\/02\/Aparthotel-Holiday-Center-Mallorca.webp'><img decoding=\"async\" width=\"1920\" height=\"1078\" src=\"https:\/\/www.mymallorcadiary.com\/wp-content\/uploads\/2026\/02\/Aparthotel-Holiday-Center-Mallorca.webp\" class=\"attachment-full size-full\" alt=\"\" srcset=\"https:\/\/www.mymallorcadiary.com\/wp-content\/uploads\/2026\/02\/Aparthotel-Holiday-Center-Mallorca.webp 1920w, https:\/\/www.mymallorcadiary.com\/wp-content\/uploads\/2026\/02\/Aparthotel-Holiday-Center-Mallorca-300x168.webp 300w, https:\/\/www.mymallorcadiary.com\/wp-content\/uploads\/2026\/02\/Aparthotel-Holiday-Center-Mallorca-1024x575.webp 1024w, https:\/\/www.mymallorcadiary.com\/wp-content\/uploads\/2026\/02\/Aparthotel-Holiday-Center-Mallorca-768x431.webp 768w, https:\/\/www.mymallorcadiary.com\/wp-content\/uploads\/2026\/02\/Aparthotel-Holiday-Center-Mallorca-1536x862.webp 1536w, https:\/\/www.mymallorcadiary.com\/wp-content\/uploads\/2026\/02\/Aparthotel-Holiday-Center-Mallorca-696x391.webp 696w, https:\/\/www.mymallorcadiary.com\/wp-content\/uploads\/2026\/02\/Aparthotel-Holiday-Center-Mallorca-1392x782.webp 1392w\" sizes=\"(max-width: 1920px) 100vw, 1920px\" \/><\/a>\n\t\t\t<\/div><\/figure><figure class='gallery-item'>\n\t\t\t<div class='gallery-icon landscape'>\n\t\t\t\t<a href='https:\/\/www.mymallorcadiary.com\/wp-content\/uploads\/2026\/02\/Aparthotel-in-Santa-Ponsa.webp'><img decoding=\"async\" width=\"1920\" height=\"1078\" src=\"https:\/\/www.mymallorcadiary.com\/wp-content\/uploads\/2026\/02\/Aparthotel-in-Santa-Ponsa.webp\" class=\"attachment-full size-full\" alt=\"\" srcset=\"https:\/\/www.mymallorcadiary.com\/wp-content\/uploads\/2026\/02\/Aparthotel-in-Santa-Ponsa.webp 1920w, https:\/\/www.mymallorcadiary.com\/wp-content\/uploads\/2026\/02\/Aparthotel-in-Santa-Ponsa-300x168.webp 300w, https:\/\/www.mymallorcadiary.com\/wp-content\/uploads\/2026\/02\/Aparthotel-in-Santa-Ponsa-1024x575.webp 1024w, https:\/\/www.mymallorcadiary.com\/wp-content\/uploads\/2026\/02\/Aparthotel-in-Santa-Ponsa-768x431.webp 768w, https:\/\/www.mymallorcadiary.com\/wp-content\/uploads\/2026\/02\/Aparthotel-in-Santa-Ponsa-1536x862.webp 1536w, https:\/\/www.mymallorcadiary.com\/wp-content\/uploads\/2026\/02\/Aparthotel-in-Santa-Ponsa-696x391.webp 696w, https:\/\/www.mymallorcadiary.com\/wp-content\/uploads\/2026\/02\/Aparthotel-in-Santa-Ponsa-1392x782.webp 1392w\" sizes=\"(max-width: 1920px) 100vw, 1920px\" \/><\/a>\n\t\t\t<\/div><\/figure><figure class='gallery-item'>\n\t\t\t<div class='gallery-icon landscape'>\n\t\t\t\t<a href='https:\/\/www.mymallorcadiary.com\/wp-content\/uploads\/2026\/02\/Hotel-Holiday-Center-Santa-Ponsa.webp'><img decoding=\"async\" width=\"1920\" height=\"1078\" src=\"https:\/\/www.mymallorcadiary.com\/wp-content\/uploads\/2026\/02\/Hotel-Holiday-Center-Santa-Ponsa.webp\" class=\"attachment-full size-full\" alt=\"\" srcset=\"https:\/\/www.mymallorcadiary.com\/wp-content\/uploads\/2026\/02\/Hotel-Holiday-Center-Santa-Ponsa.webp 1920w, https:\/\/www.mymallorcadiary.com\/wp-content\/uploads\/2026\/02\/Hotel-Holiday-Center-Santa-Ponsa-300x168.webp 300w, https:\/\/www.mymallorcadiary.com\/wp-content\/uploads\/2026\/02\/Hotel-Holiday-Center-Santa-Ponsa-1024x575.webp 1024w, https:\/\/www.mymallorcadiary.com\/wp-content\/uploads\/2026\/02\/Hotel-Holiday-Center-Santa-Ponsa-768x431.webp 768w, https:\/\/www.mymallorcadiary.com\/wp-content\/uploads\/2026\/02\/Hotel-Holiday-Center-Santa-Ponsa-1536x862.webp 1536w, https:\/\/www.mymallorcadiary.com\/wp-content\/uploads\/2026\/02\/Hotel-Holiday-Center-Santa-Ponsa-696x391.webp 696w, https:\/\/www.mymallorcadiary.com\/wp-content\/uploads\/2026\/02\/Hotel-Holiday-Center-Santa-Ponsa-1392x782.webp 1392w\" sizes=\"(max-width: 1920px) 100vw, 1920px\" \/><\/a>\n\t\t\t<\/div><\/figure>\n\t\t<\/div>\n\n<p data-start=\"2804\" data-end=\"2923\">Fotos von holidaycenter.es<\/p>\n<p data-start=\"2804\" data-end=\"2923\"><strong data-start=\"2804\" data-end=\"2841\">Warum sollten Sie das Aparthotel Holiday Center f\u00fcr einen Familienurlaub buchen?<\/strong><br data-start=\"2841\" data-end=\"2844\">Eine tolle Option f\u00fcr Familien, die eine eigene K\u00fcche und mehr Unabh\u00e4ngigkeit sch\u00e4tzen.<\/p>\n<p data-start=\"2804\" data-end=\"2923\"><strong>Link f\u00fcr weitere Informationen und zur Buchung:<\/strong> <strong><a href=\"https:\/\/booking.stay22.com\/likexpats\/hvZp7eeJ6W\" target=\"_blank\" rel=\"noopener\">Aparthotel Holiday Center<\/a><\/strong><\/p>\n<h3><span class=\"ez-toc-section\" id=\"Ferienwohnungen_fuer_Familien_in_Santa_Ponsa\"><\/span><strong>Ferienwohnungen f\u00fcr Familien in Santa Ponsa<\/strong><span class=\"ez-toc-section-end\"><\/span><\/h3>\n<h4><span class=\"ez-toc-section\" id=\"Apartamentos_Vista_Club\"><\/span><b>Apartamentos Vista Club<\/b><span class=\"ez-toc-section-end\"><\/span><\/h4>\n<p><a href=\"https:\/\/maps.app.goo.gl\/6h1RBrtiqASFKGDc6\" target=\"_blank\" rel=\"noopener\"><strong>Lage Apartamentos Vista Club <\/strong><\/a>| Zentrum von Santa Ponsa | Nur ein kurzer Spaziergang zum Strand<\/p>\n<p><img decoding=\"async\" class=\"alignnone wp-image-1160 size-full\" src=\"https:\/\/www.mymallorcadiary.com\/wp-content\/uploads\/2026\/02\/Apartamentos-Vista-Club-Mallorca.webp\" alt=\"\" width=\"1920\" height=\"1078\" srcset=\"https:\/\/www.mymallorcadiary.com\/wp-content\/uploads\/2026\/02\/Apartamentos-Vista-Club-Mallorca.webp 1920w, https:\/\/www.mymallorcadiary.com\/wp-content\/uploads\/2026\/02\/Apartamentos-Vista-Club-Mallorca-300x168.webp 300w, https:\/\/www.mymallorcadiary.com\/wp-content\/uploads\/2026\/02\/Apartamentos-Vista-Club-Mallorca-1024x575.webp 1024w, https:\/\/www.mymallorcadiary.com\/wp-content\/uploads\/2026\/02\/Apartamentos-Vista-Club-Mallorca-768x431.webp 768w, https:\/\/www.mymallorcadiary.com\/wp-content\/uploads\/2026\/02\/Apartamentos-Vista-Club-Mallorca-1536x862.webp 1536w, https:\/\/www.mymallorcadiary.com\/wp-content\/uploads\/2026\/02\/Apartamentos-Vista-Club-Mallorca-696x391.webp 696w, https:\/\/www.mymallorcadiary.com\/wp-content\/uploads\/2026\/02\/Apartamentos-Vista-Club-Mallorca-1392x782.webp 1392w\" sizes=\"(max-width: 1920px) 100vw, 1920px\" \/><\/p>\n<p data-start=\"445\" data-end=\"643\">Diese praktischen Ferienwohnungen liegen nur wenige Gehminuten vom Hauptstrand und der Promenade von Santa Ponsa entfernt. Sie bieten Unterk\u00fcnfte zur Selbstverpflegung mit K\u00fcchenausstattung, Balkon und Zugang zum Pool. <\/p>\n<div id='gallery-6' class='gallery galleryid-2789 gallery-columns-2 gallery-size-full'><figure class='gallery-item'>\n\t\t\t<div class='gallery-icon landscape'>\n\t\t\t\t<a href='https:\/\/www.mymallorcadiary.com\/wp-content\/uploads\/2026\/02\/Vista-Club-apartments-Mallorca.webp'><img decoding=\"async\" width=\"1920\" height=\"1078\" src=\"https:\/\/www.mymallorcadiary.com\/wp-content\/uploads\/2026\/02\/Vista-Club-apartments-Mallorca.webp\" class=\"attachment-full size-full\" alt=\"\" srcset=\"https:\/\/www.mymallorcadiary.com\/wp-content\/uploads\/2026\/02\/Vista-Club-apartments-Mallorca.webp 1920w, https:\/\/www.mymallorcadiary.com\/wp-content\/uploads\/2026\/02\/Vista-Club-apartments-Mallorca-300x168.webp 300w, https:\/\/www.mymallorcadiary.com\/wp-content\/uploads\/2026\/02\/Vista-Club-apartments-Mallorca-1024x575.webp 1024w, https:\/\/www.mymallorcadiary.com\/wp-content\/uploads\/2026\/02\/Vista-Club-apartments-Mallorca-768x431.webp 768w, https:\/\/www.mymallorcadiary.com\/wp-content\/uploads\/2026\/02\/Vista-Club-apartments-Mallorca-1536x862.webp 1536w, https:\/\/www.mymallorcadiary.com\/wp-content\/uploads\/2026\/02\/Vista-Club-apartments-Mallorca-696x391.webp 696w, https:\/\/www.mymallorcadiary.com\/wp-content\/uploads\/2026\/02\/Vista-Club-apartments-Mallorca-1392x782.webp 1392w\" sizes=\"(max-width: 1920px) 100vw, 1920px\" \/><\/a>\n\t\t\t<\/div><\/figure><figure class='gallery-item'>\n\t\t\t<div class='gallery-icon landscape'>\n\t\t\t\t<a href='https:\/\/www.mymallorcadiary.com\/wp-content\/uploads\/2026\/02\/Holiday-apartments-in-Santa-Ponsa.webp'><img decoding=\"async\" width=\"1920\" height=\"1078\" src=\"https:\/\/www.mymallorcadiary.com\/wp-content\/uploads\/2026\/02\/Holiday-apartments-in-Santa-Ponsa.webp\" class=\"attachment-full size-full\" alt=\"\" srcset=\"https:\/\/www.mymallorcadiary.com\/wp-content\/uploads\/2026\/02\/Holiday-apartments-in-Santa-Ponsa.webp 1920w, https:\/\/www.mymallorcadiary.com\/wp-content\/uploads\/2026\/02\/Holiday-apartments-in-Santa-Ponsa-300x168.webp 300w, https:\/\/www.mymallorcadiary.com\/wp-content\/uploads\/2026\/02\/Holiday-apartments-in-Santa-Ponsa-1024x575.webp 1024w, https:\/\/www.mymallorcadiary.com\/wp-content\/uploads\/2026\/02\/Holiday-apartments-in-Santa-Ponsa-768x431.webp 768w, https:\/\/www.mymallorcadiary.com\/wp-content\/uploads\/2026\/02\/Holiday-apartments-in-Santa-Ponsa-1536x862.webp 1536w, https:\/\/www.mymallorcadiary.com\/wp-content\/uploads\/2026\/02\/Holiday-apartments-in-Santa-Ponsa-696x391.webp 696w, https:\/\/www.mymallorcadiary.com\/wp-content\/uploads\/2026\/02\/Holiday-apartments-in-Santa-Ponsa-1392x782.webp 1392w\" sizes=\"(max-width: 1920px) 100vw, 1920px\" \/><\/a>\n\t\t\t<\/div><\/figure><figure class='gallery-item'>\n\t\t\t<div class='gallery-icon landscape'>\n\t\t\t\t<a href='https:\/\/www.mymallorcadiary.com\/wp-content\/uploads\/2026\/02\/Apartments-in-Santa-Ponsa.webp'><img decoding=\"async\" width=\"1920\" height=\"1078\" src=\"https:\/\/www.mymallorcadiary.com\/wp-content\/uploads\/2026\/02\/Apartments-in-Santa-Ponsa.webp\" class=\"attachment-full size-full\" alt=\"\" srcset=\"https:\/\/www.mymallorcadiary.com\/wp-content\/uploads\/2026\/02\/Apartments-in-Santa-Ponsa.webp 1920w, https:\/\/www.mymallorcadiary.com\/wp-content\/uploads\/2026\/02\/Apartments-in-Santa-Ponsa-300x168.webp 300w, https:\/\/www.mymallorcadiary.com\/wp-content\/uploads\/2026\/02\/Apartments-in-Santa-Ponsa-1024x575.webp 1024w, https:\/\/www.mymallorcadiary.com\/wp-content\/uploads\/2026\/02\/Apartments-in-Santa-Ponsa-768x431.webp 768w, https:\/\/www.mymallorcadiary.com\/wp-content\/uploads\/2026\/02\/Apartments-in-Santa-Ponsa-1536x862.webp 1536w, https:\/\/www.mymallorcadiary.com\/wp-content\/uploads\/2026\/02\/Apartments-in-Santa-Ponsa-696x391.webp 696w, https:\/\/www.mymallorcadiary.com\/wp-content\/uploads\/2026\/02\/Apartments-in-Santa-Ponsa-1392x782.webp 1392w\" sizes=\"(max-width: 1920px) 100vw, 1920px\" \/><\/a>\n\t\t\t<\/div><\/figure><figure class='gallery-item'>\n\t\t\t<div class='gallery-icon landscape'>\n\t\t\t\t<a href='https:\/\/www.mymallorcadiary.com\/wp-content\/uploads\/2026\/02\/Apartments-Vista-Club-in-Mallorca.webp'><img decoding=\"async\" width=\"1920\" height=\"1078\" src=\"https:\/\/www.mymallorcadiary.com\/wp-content\/uploads\/2026\/02\/Apartments-Vista-Club-in-Mallorca.webp\" class=\"attachment-full size-full\" alt=\"\" srcset=\"https:\/\/www.mymallorcadiary.com\/wp-content\/uploads\/2026\/02\/Apartments-Vista-Club-in-Mallorca.webp 1920w, https:\/\/www.mymallorcadiary.com\/wp-content\/uploads\/2026\/02\/Apartments-Vista-Club-in-Mallorca-300x168.webp 300w, https:\/\/www.mymallorcadiary.com\/wp-content\/uploads\/2026\/02\/Apartments-Vista-Club-in-Mallorca-1024x575.webp 1024w, https:\/\/www.mymallorcadiary.com\/wp-content\/uploads\/2026\/02\/Apartments-Vista-Club-in-Mallorca-768x431.webp 768w, https:\/\/www.mymallorcadiary.com\/wp-content\/uploads\/2026\/02\/Apartments-Vista-Club-in-Mallorca-1536x862.webp 1536w, https:\/\/www.mymallorcadiary.com\/wp-content\/uploads\/2026\/02\/Apartments-Vista-Club-in-Mallorca-696x391.webp 696w, https:\/\/www.mymallorcadiary.com\/wp-content\/uploads\/2026\/02\/Apartments-Vista-Club-in-Mallorca-1392x782.webp 1392w\" sizes=\"(max-width: 1920px) 100vw, 1920px\" \/><\/a>\n\t\t\t<\/div><\/figure>\n\t\t<\/div>\n\n<p data-start=\"645\" data-end=\"804\">Fotos von apartamentosvistaclub.es<\/p>\n<p data-start=\"645\" data-end=\"804\"><strong data-start=\"645\" data-end=\"682\">Warum sollten Sie die &#8222;Apartamentos Vista Club&#8220; f\u00fcr einen Familienurlaub buchen?<\/strong><br data-start=\"682\" data-end=\"685\">Ideal f\u00fcr Familien, die Wert auf Unabh\u00e4ngigkeit, flexible Essenszeiten und die N\u00e4he zu allen Annehmlichkeiten legen, ohne auf ein Auto angewiesen zu sein.<\/p>\n<p data-start=\"645\" data-end=\"804\"><strong>Link f\u00fcr weitere Informationen und zur Buchung:<\/strong> <strong><a href=\"https:\/\/booking.stay22.com\/likexpats\/aibkSjbUxx\" target=\"_blank\" rel=\"noopener\">Apartamentos Vista Club<\/a><\/strong><\/p>\n<h4><span class=\"ez-toc-section\" id=\"Apartamentos_Casa_Vida\"><\/span><strong>Apartamentos Casa Vida<\/strong><span class=\"ez-toc-section-end\"><\/span><\/h4>\n<p><a href=\"https:\/\/maps.app.goo.gl\/EDSZByQac2wZXN5C8\" target=\"_blank\" rel=\"noopener\"><strong>Lage Apartamentos Casa Vida <\/strong><\/a>| Costa de la Calma | Ruhige Wohngegend<\/p>\n<p><img decoding=\"async\" class=\"alignnone wp-image-1166 size-full\" src=\"https:\/\/www.mymallorcadiary.com\/wp-content\/uploads\/2026\/02\/Apartments-Casa-Vida-Santa-Ponsa.webp\" alt=\"\" width=\"1920\" height=\"1078\" srcset=\"https:\/\/www.mymallorcadiary.com\/wp-content\/uploads\/2026\/02\/Apartments-Casa-Vida-Santa-Ponsa.webp 1920w, https:\/\/www.mymallorcadiary.com\/wp-content\/uploads\/2026\/02\/Apartments-Casa-Vida-Santa-Ponsa-300x168.webp 300w, https:\/\/www.mymallorcadiary.com\/wp-content\/uploads\/2026\/02\/Apartments-Casa-Vida-Santa-Ponsa-1024x575.webp 1024w, https:\/\/www.mymallorcadiary.com\/wp-content\/uploads\/2026\/02\/Apartments-Casa-Vida-Santa-Ponsa-768x431.webp 768w, https:\/\/www.mymallorcadiary.com\/wp-content\/uploads\/2026\/02\/Apartments-Casa-Vida-Santa-Ponsa-1536x862.webp 1536w, https:\/\/www.mymallorcadiary.com\/wp-content\/uploads\/2026\/02\/Apartments-Casa-Vida-Santa-Ponsa-696x391.webp 696w, https:\/\/www.mymallorcadiary.com\/wp-content\/uploads\/2026\/02\/Apartments-Casa-Vida-Santa-Ponsa-1392x782.webp 1392w\" sizes=\"(max-width: 1920px) 100vw, 1920px\" \/><\/p>\n<p data-start=\"902\" data-end=\"1088\">Diese Apartments liegen in einem ruhigen Teil von Santa Ponsa und bieten mehr Ruhe, w\u00e4hrend sie dennoch in der N\u00e4he von Str\u00e4nden und Restaurants liegen. Zur Anlage geh\u00f6ren ein Pool und gro\u00dfz\u00fcgige Terrassen. <\/p>\n<div id='gallery-7' class='gallery galleryid-2789 gallery-columns-2 gallery-size-full'><figure class='gallery-item'>\n\t\t\t<div class='gallery-icon landscape'>\n\t\t\t\t<a href='https:\/\/www.mymallorcadiary.com\/wp-content\/uploads\/2026\/02\/Family-apartments-in-Mallorca.webp'><img decoding=\"async\" width=\"1920\" height=\"1078\" src=\"https:\/\/www.mymallorcadiary.com\/wp-content\/uploads\/2026\/02\/Family-apartments-in-Mallorca.webp\" class=\"attachment-full size-full\" alt=\"\" srcset=\"https:\/\/www.mymallorcadiary.com\/wp-content\/uploads\/2026\/02\/Family-apartments-in-Mallorca.webp 1920w, https:\/\/www.mymallorcadiary.com\/wp-content\/uploads\/2026\/02\/Family-apartments-in-Mallorca-300x168.webp 300w, https:\/\/www.mymallorcadiary.com\/wp-content\/uploads\/2026\/02\/Family-apartments-in-Mallorca-1024x575.webp 1024w, https:\/\/www.mymallorcadiary.com\/wp-content\/uploads\/2026\/02\/Family-apartments-in-Mallorca-768x431.webp 768w, https:\/\/www.mymallorcadiary.com\/wp-content\/uploads\/2026\/02\/Family-apartments-in-Mallorca-1536x862.webp 1536w, https:\/\/www.mymallorcadiary.com\/wp-content\/uploads\/2026\/02\/Family-apartments-in-Mallorca-696x391.webp 696w, https:\/\/www.mymallorcadiary.com\/wp-content\/uploads\/2026\/02\/Family-apartments-in-Mallorca-1392x782.webp 1392w\" sizes=\"(max-width: 1920px) 100vw, 1920px\" \/><\/a>\n\t\t\t<\/div><\/figure><figure class='gallery-item'>\n\t\t\t<div class='gallery-icon landscape'>\n\t\t\t\t<a href='https:\/\/www.mymallorcadiary.com\/wp-content\/uploads\/2026\/02\/Apartments-with-pool-in-Santa-Ponsa.webp'><img decoding=\"async\" width=\"1920\" height=\"1078\" src=\"https:\/\/www.mymallorcadiary.com\/wp-content\/uploads\/2026\/02\/Apartments-with-pool-in-Santa-Ponsa.webp\" class=\"attachment-full size-full\" alt=\"\" srcset=\"https:\/\/www.mymallorcadiary.com\/wp-content\/uploads\/2026\/02\/Apartments-with-pool-in-Santa-Ponsa.webp 1920w, https:\/\/www.mymallorcadiary.com\/wp-content\/uploads\/2026\/02\/Apartments-with-pool-in-Santa-Ponsa-300x168.webp 300w, https:\/\/www.mymallorcadiary.com\/wp-content\/uploads\/2026\/02\/Apartments-with-pool-in-Santa-Ponsa-1024x575.webp 1024w, https:\/\/www.mymallorcadiary.com\/wp-content\/uploads\/2026\/02\/Apartments-with-pool-in-Santa-Ponsa-768x431.webp 768w, https:\/\/www.mymallorcadiary.com\/wp-content\/uploads\/2026\/02\/Apartments-with-pool-in-Santa-Ponsa-1536x862.webp 1536w, https:\/\/www.mymallorcadiary.com\/wp-content\/uploads\/2026\/02\/Apartments-with-pool-in-Santa-Ponsa-696x391.webp 696w, https:\/\/www.mymallorcadiary.com\/wp-content\/uploads\/2026\/02\/Apartments-with-pool-in-Santa-Ponsa-1392x782.webp 1392w\" sizes=\"(max-width: 1920px) 100vw, 1920px\" \/><\/a>\n\t\t\t<\/div><\/figure><figure class='gallery-item'>\n\t\t\t<div class='gallery-icon landscape'>\n\t\t\t\t<a href='https:\/\/www.mymallorcadiary.com\/wp-content\/uploads\/2026\/02\/Santa-Ponsa-family-apartments.webp'><img decoding=\"async\" width=\"1920\" height=\"1078\" src=\"https:\/\/www.mymallorcadiary.com\/wp-content\/uploads\/2026\/02\/Santa-Ponsa-family-apartments.webp\" class=\"attachment-full size-full\" alt=\"\" srcset=\"https:\/\/www.mymallorcadiary.com\/wp-content\/uploads\/2026\/02\/Santa-Ponsa-family-apartments.webp 1920w, https:\/\/www.mymallorcadiary.com\/wp-content\/uploads\/2026\/02\/Santa-Ponsa-family-apartments-300x168.webp 300w, https:\/\/www.mymallorcadiary.com\/wp-content\/uploads\/2026\/02\/Santa-Ponsa-family-apartments-1024x575.webp 1024w, https:\/\/www.mymallorcadiary.com\/wp-content\/uploads\/2026\/02\/Santa-Ponsa-family-apartments-768x431.webp 768w, https:\/\/www.mymallorcadiary.com\/wp-content\/uploads\/2026\/02\/Santa-Ponsa-family-apartments-1536x862.webp 1536w, https:\/\/www.mymallorcadiary.com\/wp-content\/uploads\/2026\/02\/Santa-Ponsa-family-apartments-696x391.webp 696w, https:\/\/www.mymallorcadiary.com\/wp-content\/uploads\/2026\/02\/Santa-Ponsa-family-apartments-1392x782.webp 1392w\" sizes=\"(max-width: 1920px) 100vw, 1920px\" \/><\/a>\n\t\t\t<\/div><\/figure><figure class='gallery-item'>\n\t\t\t<div class='gallery-icon landscape'>\n\t\t\t\t<a href='https:\/\/www.mymallorcadiary.com\/wp-content\/uploads\/2026\/02\/Apartamentos-Casa-Vida-Santa-Ponsa.webp'><img decoding=\"async\" width=\"1920\" height=\"1078\" src=\"https:\/\/www.mymallorcadiary.com\/wp-content\/uploads\/2026\/02\/Apartamentos-Casa-Vida-Santa-Ponsa.webp\" class=\"attachment-full size-full\" alt=\"\" srcset=\"https:\/\/www.mymallorcadiary.com\/wp-content\/uploads\/2026\/02\/Apartamentos-Casa-Vida-Santa-Ponsa.webp 1920w, https:\/\/www.mymallorcadiary.com\/wp-content\/uploads\/2026\/02\/Apartamentos-Casa-Vida-Santa-Ponsa-300x168.webp 300w, https:\/\/www.mymallorcadiary.com\/wp-content\/uploads\/2026\/02\/Apartamentos-Casa-Vida-Santa-Ponsa-1024x575.webp 1024w, https:\/\/www.mymallorcadiary.com\/wp-content\/uploads\/2026\/02\/Apartamentos-Casa-Vida-Santa-Ponsa-768x431.webp 768w, https:\/\/www.mymallorcadiary.com\/wp-content\/uploads\/2026\/02\/Apartamentos-Casa-Vida-Santa-Ponsa-1536x862.webp 1536w, https:\/\/www.mymallorcadiary.com\/wp-content\/uploads\/2026\/02\/Apartamentos-Casa-Vida-Santa-Ponsa-696x391.webp 696w, https:\/\/www.mymallorcadiary.com\/wp-content\/uploads\/2026\/02\/Apartamentos-Casa-Vida-Santa-Ponsa-1392x782.webp 1392w\" sizes=\"(max-width: 1920px) 100vw, 1920px\" \/><\/a>\n\t\t\t<\/div><\/figure>\n\t\t<\/div>\n\n<p data-start=\"1090\" data-end=\"1215\">Fotos von apartamentoscasavida.com<\/p>\n<p data-start=\"1090\" data-end=\"1215\"><strong data-start=\"1090\" data-end=\"1127\">Warum sollten Sie die &#8222;Apartamentos Casa Vida&#8220; f\u00fcr einen Familienurlaub buchen?<\/strong><br data-start=\"1127\" data-end=\"1130\">Ideal f\u00fcr Familien, die einen ruhigeren Ort mit mehr Platz und weniger Touristen suchen.<\/p>\n<p data-start=\"1090\" data-end=\"1215\"><strong>Link f\u00fcr weitere Informationen und zur Buchung:<\/strong> <strong><a href=\"https:\/\/booking.stay22.com\/likexpats\/OEosceE1OI\" target=\"_blank\" rel=\"noopener\">Apartamentos Casa Vida<\/a><\/strong><\/p>\n<h4><span class=\"ez-toc-section\" id=\"Casablanca_Apartments_Santa_Ponsa\"><\/span><strong>Casablanca Apartments, Santa Ponsa<\/strong><span class=\"ez-toc-section-end\"><\/span><\/h4>\n<p><a href=\"https:\/\/maps.app.goo.gl\/TbobruHqUU58dqMn8\" target=\"_blank\" rel=\"noopener\"><strong>Lage Casablanca Apartments <\/strong><\/a>| In der N\u00e4he des Strandes von Santa Ponsa<\/p>\n<p><img decoding=\"async\" class=\"alignnone wp-image-1172 size-full\" src=\"https:\/\/www.mymallorcadiary.com\/wp-content\/uploads\/2026\/02\/Casablanca-apartments-Mallorca.webp\" alt=\"\" width=\"1920\" height=\"1078\" srcset=\"https:\/\/www.mymallorcadiary.com\/wp-content\/uploads\/2026\/02\/Casablanca-apartments-Mallorca.webp 1920w, https:\/\/www.mymallorcadiary.com\/wp-content\/uploads\/2026\/02\/Casablanca-apartments-Mallorca-300x168.webp 300w, https:\/\/www.mymallorcadiary.com\/wp-content\/uploads\/2026\/02\/Casablanca-apartments-Mallorca-1024x575.webp 1024w, https:\/\/www.mymallorcadiary.com\/wp-content\/uploads\/2026\/02\/Casablanca-apartments-Mallorca-768x431.webp 768w, https:\/\/www.mymallorcadiary.com\/wp-content\/uploads\/2026\/02\/Casablanca-apartments-Mallorca-1536x862.webp 1536w, https:\/\/www.mymallorcadiary.com\/wp-content\/uploads\/2026\/02\/Casablanca-apartments-Mallorca-696x391.webp 696w, https:\/\/www.mymallorcadiary.com\/wp-content\/uploads\/2026\/02\/Casablanca-apartments-Mallorca-1392x782.webp 1392w\" sizes=\"(max-width: 1920px) 100vw, 1920px\" \/><\/p>\n<p data-start=\"1305\" data-end=\"1482\">Einfache und praktische Apartments in Strandn\u00e4he und in der N\u00e4he der \u00f6rtlichen Annehmlichkeiten. Sie verf\u00fcgen \u00fcber eine K\u00fcchenzeile und Zugang zum Pool und eignen sich daher besonders f\u00fcr Familien, die preisbewusst reisen. <\/p>\n<div id='gallery-8' class='gallery galleryid-2789 gallery-columns-2 gallery-size-full'><figure class='gallery-item'>\n\t\t\t<div class='gallery-icon landscape'>\n\t\t\t\t<a href='https:\/\/www.mymallorcadiary.com\/wp-content\/uploads\/2026\/02\/Santa-Ponsa-Apartaments-with-pool.webp'><img decoding=\"async\" width=\"1920\" height=\"1078\" src=\"https:\/\/www.mymallorcadiary.com\/wp-content\/uploads\/2026\/02\/Santa-Ponsa-Apartaments-with-pool.webp\" class=\"attachment-full size-full\" alt=\"\" srcset=\"https:\/\/www.mymallorcadiary.com\/wp-content\/uploads\/2026\/02\/Santa-Ponsa-Apartaments-with-pool.webp 1920w, https:\/\/www.mymallorcadiary.com\/wp-content\/uploads\/2026\/02\/Santa-Ponsa-Apartaments-with-pool-300x168.webp 300w, https:\/\/www.mymallorcadiary.com\/wp-content\/uploads\/2026\/02\/Santa-Ponsa-Apartaments-with-pool-1024x575.webp 1024w, https:\/\/www.mymallorcadiary.com\/wp-content\/uploads\/2026\/02\/Santa-Ponsa-Apartaments-with-pool-768x431.webp 768w, https:\/\/www.mymallorcadiary.com\/wp-content\/uploads\/2026\/02\/Santa-Ponsa-Apartaments-with-pool-1536x862.webp 1536w, https:\/\/www.mymallorcadiary.com\/wp-content\/uploads\/2026\/02\/Santa-Ponsa-Apartaments-with-pool-696x391.webp 696w, https:\/\/www.mymallorcadiary.com\/wp-content\/uploads\/2026\/02\/Santa-Ponsa-Apartaments-with-pool-1392x782.webp 1392w\" sizes=\"(max-width: 1920px) 100vw, 1920px\" \/><\/a>\n\t\t\t<\/div><\/figure><figure class='gallery-item'>\n\t\t\t<div class='gallery-icon landscape'>\n\t\t\t\t<a href='https:\/\/www.mymallorcadiary.com\/wp-content\/uploads\/2026\/02\/Beach-pool-apartmets-Mallorca.webp'><img decoding=\"async\" width=\"1920\" height=\"1078\" src=\"https:\/\/www.mymallorcadiary.com\/wp-content\/uploads\/2026\/02\/Beach-pool-apartmets-Mallorca.webp\" class=\"attachment-full size-full\" alt=\"\" srcset=\"https:\/\/www.mymallorcadiary.com\/wp-content\/uploads\/2026\/02\/Beach-pool-apartmets-Mallorca.webp 1920w, https:\/\/www.mymallorcadiary.com\/wp-content\/uploads\/2026\/02\/Beach-pool-apartmets-Mallorca-300x168.webp 300w, https:\/\/www.mymallorcadiary.com\/wp-content\/uploads\/2026\/02\/Beach-pool-apartmets-Mallorca-1024x575.webp 1024w, https:\/\/www.mymallorcadiary.com\/wp-content\/uploads\/2026\/02\/Beach-pool-apartmets-Mallorca-768x431.webp 768w, https:\/\/www.mymallorcadiary.com\/wp-content\/uploads\/2026\/02\/Beach-pool-apartmets-Mallorca-1536x862.webp 1536w, https:\/\/www.mymallorcadiary.com\/wp-content\/uploads\/2026\/02\/Beach-pool-apartmets-Mallorca-696x391.webp 696w, https:\/\/www.mymallorcadiary.com\/wp-content\/uploads\/2026\/02\/Beach-pool-apartmets-Mallorca-1392x782.webp 1392w\" sizes=\"(max-width: 1920px) 100vw, 1920px\" \/><\/a>\n\t\t\t<\/div><\/figure><figure class='gallery-item'>\n\t\t\t<div class='gallery-icon landscape'>\n\t\t\t\t<a href='https:\/\/www.mymallorcadiary.com\/wp-content\/uploads\/2026\/02\/Casablanca-apartments-Santa-Ponsa.webp'><img decoding=\"async\" width=\"1920\" height=\"1078\" src=\"https:\/\/www.mymallorcadiary.com\/wp-content\/uploads\/2026\/02\/Casablanca-apartments-Santa-Ponsa.webp\" class=\"attachment-full size-full\" alt=\"\" srcset=\"https:\/\/www.mymallorcadiary.com\/wp-content\/uploads\/2026\/02\/Casablanca-apartments-Santa-Ponsa.webp 1920w, https:\/\/www.mymallorcadiary.com\/wp-content\/uploads\/2026\/02\/Casablanca-apartments-Santa-Ponsa-300x168.webp 300w, https:\/\/www.mymallorcadiary.com\/wp-content\/uploads\/2026\/02\/Casablanca-apartments-Santa-Ponsa-1024x575.webp 1024w, https:\/\/www.mymallorcadiary.com\/wp-content\/uploads\/2026\/02\/Casablanca-apartments-Santa-Ponsa-768x431.webp 768w, https:\/\/www.mymallorcadiary.com\/wp-content\/uploads\/2026\/02\/Casablanca-apartments-Santa-Ponsa-1536x862.webp 1536w, https:\/\/www.mymallorcadiary.com\/wp-content\/uploads\/2026\/02\/Casablanca-apartments-Santa-Ponsa-696x391.webp 696w, https:\/\/www.mymallorcadiary.com\/wp-content\/uploads\/2026\/02\/Casablanca-apartments-Santa-Ponsa-1392x782.webp 1392w\" sizes=\"(max-width: 1920px) 100vw, 1920px\" \/><\/a>\n\t\t\t<\/div><\/figure><figure class='gallery-item'>\n\t\t\t<div class='gallery-icon landscape'>\n\t\t\t\t<a href='https:\/\/www.mymallorcadiary.com\/wp-content\/uploads\/2026\/02\/Beach-pool-apartments-Santa-Ponsa.webp'><img decoding=\"async\" width=\"1920\" height=\"1078\" src=\"https:\/\/www.mymallorcadiary.com\/wp-content\/uploads\/2026\/02\/Beach-pool-apartments-Santa-Ponsa.webp\" class=\"attachment-full size-full\" alt=\"\" srcset=\"https:\/\/www.mymallorcadiary.com\/wp-content\/uploads\/2026\/02\/Beach-pool-apartments-Santa-Ponsa.webp 1920w, https:\/\/www.mymallorcadiary.com\/wp-content\/uploads\/2026\/02\/Beach-pool-apartments-Santa-Ponsa-300x168.webp 300w, https:\/\/www.mymallorcadiary.com\/wp-content\/uploads\/2026\/02\/Beach-pool-apartments-Santa-Ponsa-1024x575.webp 1024w, https:\/\/www.mymallorcadiary.com\/wp-content\/uploads\/2026\/02\/Beach-pool-apartments-Santa-Ponsa-768x431.webp 768w, https:\/\/www.mymallorcadiary.com\/wp-content\/uploads\/2026\/02\/Beach-pool-apartments-Santa-Ponsa-1536x862.webp 1536w, https:\/\/www.mymallorcadiary.com\/wp-content\/uploads\/2026\/02\/Beach-pool-apartments-Santa-Ponsa-696x391.webp 696w, https:\/\/www.mymallorcadiary.com\/wp-content\/uploads\/2026\/02\/Beach-pool-apartments-Santa-Ponsa-1392x782.webp 1392w\" sizes=\"(max-width: 1920px) 100vw, 1920px\" \/><\/a>\n\t\t\t<\/div><\/figure>\n\t\t<\/div>\n\n<p data-start=\"1484\" data-end=\"1593\">Fotos von casablanca-apartments.com<\/p>\n<p data-start=\"1484\" data-end=\"1593\"><strong data-start=\"1484\" data-end=\"1521\">Warum sollten Sie die Casablanca Apartments in Santa Ponsa f\u00fcr einen Familienurlaub buchen?<\/strong><br data-start=\"1521\" data-end=\"1524\">Eine gute Wahl f\u00fcr Familien, denen die Lage und ein g\u00fcnstiges Preis-Leistungs-Verh\u00e4ltnis wichtig sind.<\/p>\n<p data-start=\"1484\" data-end=\"1593\"><strong>Link f\u00fcr weitere Informationen und zur Buchung:<\/strong> <strong><a href=\"https:\/\/booking.stay22.com\/likexpats\/4f2e32QEN9\" target=\"_blank\" rel=\"noopener\">Casablanca Apartments, Santa Ponsa<\/a><\/strong><\/p>\n<h3><span class=\"ez-toc-section\" id=\"Ferienhaeuser_fuer_Familien_in_Santa_Ponsa\"><\/span><strong>Ferienh\u00e4user f\u00fcr Familien in Santa Ponsa<\/strong><span class=\"ez-toc-section-end\"><\/span><\/h3>\n<h4><span class=\"ez-toc-section\" id=\"Villa_Colibri\"><\/span><strong>Villa Colibr\u00ed<\/strong><span class=\"ez-toc-section-end\"><\/span><\/h4>\n<p><strong>3 Schlafzimmer | Bis zu 6 Personen<\/strong><\/p>\n<p><a href=\"https:\/\/maps.app.goo.gl\/6E5sU4E7d2ucJuSS8\" target=\"_blank\" rel=\"noopener\"><strong>Lage Villa Colibr\u00ed <\/strong><\/a>| Wohngebiet Santa Ponsa<\/p>\n<p><img decoding=\"async\" class=\"alignnone wp-image-1176 size-full\" src=\"https:\/\/www.mymallorcadiary.com\/wp-content\/uploads\/2026\/02\/Villa-for-6-people-in-Santa-Ponsa.webp\" alt=\"\" width=\"1920\" height=\"1078\" srcset=\"https:\/\/www.mymallorcadiary.com\/wp-content\/uploads\/2026\/02\/Villa-for-6-people-in-Santa-Ponsa.webp 1920w, https:\/\/www.mymallorcadiary.com\/wp-content\/uploads\/2026\/02\/Villa-for-6-people-in-Santa-Ponsa-300x168.webp 300w, https:\/\/www.mymallorcadiary.com\/wp-content\/uploads\/2026\/02\/Villa-for-6-people-in-Santa-Ponsa-1024x575.webp 1024w, https:\/\/www.mymallorcadiary.com\/wp-content\/uploads\/2026\/02\/Villa-for-6-people-in-Santa-Ponsa-768x431.webp 768w, https:\/\/www.mymallorcadiary.com\/wp-content\/uploads\/2026\/02\/Villa-for-6-people-in-Santa-Ponsa-1536x862.webp 1536w, https:\/\/www.mymallorcadiary.com\/wp-content\/uploads\/2026\/02\/Villa-for-6-people-in-Santa-Ponsa-696x391.webp 696w, https:\/\/www.mymallorcadiary.com\/wp-content\/uploads\/2026\/02\/Villa-for-6-people-in-Santa-Ponsa-1392x782.webp 1392w\" sizes=\"(max-width: 1920px) 100vw, 1920px\" \/><\/p>\n<p data-start=\"1701\" data-end=\"1854\">Eine private Villa mit drei Schlafzimmern, Au\u00dfenbereich und Swimmingpool, die Familien Privatsph\u00e4re und Flexibilit\u00e4t bietet.<\/p>\n<div id='gallery-9' class='gallery galleryid-2789 gallery-columns-2 gallery-size-full'><figure class='gallery-item'>\n\t\t\t<div class='gallery-icon landscape'>\n\t\t\t\t<a href='https:\/\/www.mymallorcadiary.com\/wp-content\/uploads\/2026\/02\/Villa-for-families-in-Mallorca.webp'><img decoding=\"async\" width=\"1920\" height=\"1078\" src=\"https:\/\/www.mymallorcadiary.com\/wp-content\/uploads\/2026\/02\/Villa-for-families-in-Mallorca.webp\" class=\"attachment-full size-full\" alt=\"\" srcset=\"https:\/\/www.mymallorcadiary.com\/wp-content\/uploads\/2026\/02\/Villa-for-families-in-Mallorca.webp 1920w, https:\/\/www.mymallorcadiary.com\/wp-content\/uploads\/2026\/02\/Villa-for-families-in-Mallorca-300x168.webp 300w, https:\/\/www.mymallorcadiary.com\/wp-content\/uploads\/2026\/02\/Villa-for-families-in-Mallorca-1024x575.webp 1024w, https:\/\/www.mymallorcadiary.com\/wp-content\/uploads\/2026\/02\/Villa-for-families-in-Mallorca-768x431.webp 768w, https:\/\/www.mymallorcadiary.com\/wp-content\/uploads\/2026\/02\/Villa-for-families-in-Mallorca-1536x862.webp 1536w, https:\/\/www.mymallorcadiary.com\/wp-content\/uploads\/2026\/02\/Villa-for-families-in-Mallorca-696x391.webp 696w, https:\/\/www.mymallorcadiary.com\/wp-content\/uploads\/2026\/02\/Villa-for-families-in-Mallorca-1392x782.webp 1392w\" sizes=\"(max-width: 1920px) 100vw, 1920px\" \/><\/a>\n\t\t\t<\/div><\/figure><figure class='gallery-item'>\n\t\t\t<div class='gallery-icon landscape'>\n\t\t\t\t<a href='https:\/\/www.mymallorcadiary.com\/wp-content\/uploads\/2026\/02\/Villa-for-6-people-in-Mallorca.webp'><img decoding=\"async\" width=\"1920\" height=\"1078\" src=\"https:\/\/www.mymallorcadiary.com\/wp-content\/uploads\/2026\/02\/Villa-for-6-people-in-Mallorca.webp\" class=\"attachment-full size-full\" alt=\"\" srcset=\"https:\/\/www.mymallorcadiary.com\/wp-content\/uploads\/2026\/02\/Villa-for-6-people-in-Mallorca.webp 1920w, https:\/\/www.mymallorcadiary.com\/wp-content\/uploads\/2026\/02\/Villa-for-6-people-in-Mallorca-300x168.webp 300w, https:\/\/www.mymallorcadiary.com\/wp-content\/uploads\/2026\/02\/Villa-for-6-people-in-Mallorca-1024x575.webp 1024w, https:\/\/www.mymallorcadiary.com\/wp-content\/uploads\/2026\/02\/Villa-for-6-people-in-Mallorca-768x431.webp 768w, https:\/\/www.mymallorcadiary.com\/wp-content\/uploads\/2026\/02\/Villa-for-6-people-in-Mallorca-1536x862.webp 1536w, https:\/\/www.mymallorcadiary.com\/wp-content\/uploads\/2026\/02\/Villa-for-6-people-in-Mallorca-696x391.webp 696w, https:\/\/www.mymallorcadiary.com\/wp-content\/uploads\/2026\/02\/Villa-for-6-people-in-Mallorca-1392x782.webp 1392w\" sizes=\"(max-width: 1920px) 100vw, 1920px\" \/><\/a>\n\t\t\t<\/div><\/figure><figure class='gallery-item'>\n\t\t\t<div class='gallery-icon landscape'>\n\t\t\t\t<a href='https:\/\/www.mymallorcadiary.com\/wp-content\/uploads\/2026\/02\/Villa-for-families-in-Santa-Ponsa.webp'><img decoding=\"async\" width=\"1920\" height=\"1078\" src=\"https:\/\/www.mymallorcadiary.com\/wp-content\/uploads\/2026\/02\/Villa-for-families-in-Santa-Ponsa.webp\" class=\"attachment-full size-full\" alt=\"\" srcset=\"https:\/\/www.mymallorcadiary.com\/wp-content\/uploads\/2026\/02\/Villa-for-families-in-Santa-Ponsa.webp 1920w, https:\/\/www.mymallorcadiary.com\/wp-content\/uploads\/2026\/02\/Villa-for-families-in-Santa-Ponsa-300x168.webp 300w, https:\/\/www.mymallorcadiary.com\/wp-content\/uploads\/2026\/02\/Villa-for-families-in-Santa-Ponsa-1024x575.webp 1024w, https:\/\/www.mymallorcadiary.com\/wp-content\/uploads\/2026\/02\/Villa-for-families-in-Santa-Ponsa-768x431.webp 768w, https:\/\/www.mymallorcadiary.com\/wp-content\/uploads\/2026\/02\/Villa-for-families-in-Santa-Ponsa-1536x862.webp 1536w, https:\/\/www.mymallorcadiary.com\/wp-content\/uploads\/2026\/02\/Villa-for-families-in-Santa-Ponsa-696x391.webp 696w, https:\/\/www.mymallorcadiary.com\/wp-content\/uploads\/2026\/02\/Villa-for-families-in-Santa-Ponsa-1392x782.webp 1392w\" sizes=\"(max-width: 1920px) 100vw, 1920px\" \/><\/a>\n\t\t\t<\/div><\/figure><figure class='gallery-item'>\n\t\t\t<div class='gallery-icon landscape'>\n\t\t\t\t<a href='https:\/\/www.mymallorcadiary.com\/wp-content\/uploads\/2026\/02\/Villa-with-pool-in-Santa-Ponsa.webp'><img decoding=\"async\" width=\"1920\" height=\"1078\" src=\"https:\/\/www.mymallorcadiary.com\/wp-content\/uploads\/2026\/02\/Villa-with-pool-in-Santa-Ponsa.webp\" class=\"attachment-full size-full\" alt=\"\" srcset=\"https:\/\/www.mymallorcadiary.com\/wp-content\/uploads\/2026\/02\/Villa-with-pool-in-Santa-Ponsa.webp 1920w, https:\/\/www.mymallorcadiary.com\/wp-content\/uploads\/2026\/02\/Villa-with-pool-in-Santa-Ponsa-300x168.webp 300w, https:\/\/www.mymallorcadiary.com\/wp-content\/uploads\/2026\/02\/Villa-with-pool-in-Santa-Ponsa-1024x575.webp 1024w, https:\/\/www.mymallorcadiary.com\/wp-content\/uploads\/2026\/02\/Villa-with-pool-in-Santa-Ponsa-768x431.webp 768w, https:\/\/www.mymallorcadiary.com\/wp-content\/uploads\/2026\/02\/Villa-with-pool-in-Santa-Ponsa-1536x862.webp 1536w, https:\/\/www.mymallorcadiary.com\/wp-content\/uploads\/2026\/02\/Villa-with-pool-in-Santa-Ponsa-696x391.webp 696w, https:\/\/www.mymallorcadiary.com\/wp-content\/uploads\/2026\/02\/Villa-with-pool-in-Santa-Ponsa-1392x782.webp 1392w\" sizes=\"(max-width: 1920px) 100vw, 1920px\" \/><\/a>\n\t\t\t<\/div><\/figure>\n\t\t<\/div>\n\n<p data-start=\"1856\" data-end=\"1987\">Fotos von booking.com<\/p>\n<p data-start=\"1856\" data-end=\"1987\"><strong data-start=\"1856\" data-end=\"1893\">Warum sollten Sie die Villa Colibr\u00ed f\u00fcr einen Familienurlaub buchen?<\/strong><br data-start=\"1893\" data-end=\"1896\">Ein eigener Pool, ein Garten und v\u00f6llige Unabh\u00e4ngigkeit machen es zum perfekten Ort f\u00fcr entspannte Familientage zu Hause.<\/p>\n<p data-start=\"1856\" data-end=\"1987\"><strong>Link f\u00fcr weitere Informationen und zur Buchung:<\/strong> <strong><a href=\"https:\/\/booking.stay22.com\/likexpats\/9eDyprFpDy\" target=\"_blank\" rel=\"noopener\">Villa Colibr\u00ed<\/a><\/strong><\/p>\n<h4><span class=\"ez-toc-section\" id=\"Villa_Monsita\"><\/span><b>Villa Monsita<\/b><span class=\"ez-toc-section-end\"><\/span><\/h4>\n<p><strong>4 Schlafzimmer | Bis zu 8 Personen<\/strong><\/p>\n<p><a href=\"https:\/\/maps.app.goo.gl\/J63ZSoaghAJQaVKM8\" target=\"_blank\" rel=\"noopener\"><strong>Lage Villa Monsita <\/strong><\/a>| Ruhige Gegend in der N\u00e4he von Santa Ponsa<\/p>\n<p><img decoding=\"async\" class=\"alignnone wp-image-1182 size-full\" src=\"https:\/\/www.mymallorcadiary.com\/wp-content\/uploads\/2026\/02\/Villa-for-8-people-in-Mallorca.webp\" alt=\"\" width=\"1920\" height=\"1078\" srcset=\"https:\/\/www.mymallorcadiary.com\/wp-content\/uploads\/2026\/02\/Villa-for-8-people-in-Mallorca.webp 1920w, https:\/\/www.mymallorcadiary.com\/wp-content\/uploads\/2026\/02\/Villa-for-8-people-in-Mallorca-300x168.webp 300w, https:\/\/www.mymallorcadiary.com\/wp-content\/uploads\/2026\/02\/Villa-for-8-people-in-Mallorca-1024x575.webp 1024w, https:\/\/www.mymallorcadiary.com\/wp-content\/uploads\/2026\/02\/Villa-for-8-people-in-Mallorca-768x431.webp 768w, https:\/\/www.mymallorcadiary.com\/wp-content\/uploads\/2026\/02\/Villa-for-8-people-in-Mallorca-1536x862.webp 1536w, https:\/\/www.mymallorcadiary.com\/wp-content\/uploads\/2026\/02\/Villa-for-8-people-in-Mallorca-696x391.webp 696w, https:\/\/www.mymallorcadiary.com\/wp-content\/uploads\/2026\/02\/Villa-for-8-people-in-Mallorca-1392x782.webp 1392w\" sizes=\"(max-width: 1920px) 100vw, 1920px\" \/><\/p>\n<p data-start=\"2058\" data-end=\"2149\">Ger\u00e4umige Familienvilla mit 4 Schlafzimmern, Au\u00dfenterrasse und Poolbereich. Auf Komfort und Privatsph\u00e4re ausgelegt. <\/p>\n<div id='gallery-10' class='gallery galleryid-2789 gallery-columns-2 gallery-size-full'><figure class='gallery-item'>\n\t\t\t<div class='gallery-icon landscape'>\n\t\t\t\t<a href='https:\/\/www.mymallorcadiary.com\/wp-content\/uploads\/2026\/02\/Villa-for-families-in-Santa-Ponsa-1.webp'><img decoding=\"async\" width=\"1920\" height=\"1078\" src=\"https:\/\/www.mymallorcadiary.com\/wp-content\/uploads\/2026\/02\/Villa-for-families-in-Santa-Ponsa-1.webp\" class=\"attachment-full size-full\" alt=\"\" srcset=\"https:\/\/www.mymallorcadiary.com\/wp-content\/uploads\/2026\/02\/Villa-for-families-in-Santa-Ponsa-1.webp 1920w, https:\/\/www.mymallorcadiary.com\/wp-content\/uploads\/2026\/02\/Villa-for-families-in-Santa-Ponsa-1-300x168.webp 300w, https:\/\/www.mymallorcadiary.com\/wp-content\/uploads\/2026\/02\/Villa-for-families-in-Santa-Ponsa-1-1024x575.webp 1024w, https:\/\/www.mymallorcadiary.com\/wp-content\/uploads\/2026\/02\/Villa-for-families-in-Santa-Ponsa-1-768x431.webp 768w, https:\/\/www.mymallorcadiary.com\/wp-content\/uploads\/2026\/02\/Villa-for-families-in-Santa-Ponsa-1-1536x862.webp 1536w, https:\/\/www.mymallorcadiary.com\/wp-content\/uploads\/2026\/02\/Villa-for-families-in-Santa-Ponsa-1-696x391.webp 696w, https:\/\/www.mymallorcadiary.com\/wp-content\/uploads\/2026\/02\/Villa-for-families-in-Santa-Ponsa-1-1392x782.webp 1392w\" sizes=\"(max-width: 1920px) 100vw, 1920px\" \/><\/a>\n\t\t\t<\/div><\/figure><figure class='gallery-item'>\n\t\t\t<div class='gallery-icon landscape'>\n\t\t\t\t<a href='https:\/\/www.mymallorcadiary.com\/wp-content\/uploads\/2026\/02\/Villa-for-8-people-in-Santa-Ponsa.webp'><img decoding=\"async\" width=\"1920\" height=\"1078\" src=\"https:\/\/www.mymallorcadiary.com\/wp-content\/uploads\/2026\/02\/Villa-for-8-people-in-Santa-Ponsa.webp\" class=\"attachment-full size-full\" alt=\"\" srcset=\"https:\/\/www.mymallorcadiary.com\/wp-content\/uploads\/2026\/02\/Villa-for-8-people-in-Santa-Ponsa.webp 1920w, https:\/\/www.mymallorcadiary.com\/wp-content\/uploads\/2026\/02\/Villa-for-8-people-in-Santa-Ponsa-300x168.webp 300w, https:\/\/www.mymallorcadiary.com\/wp-content\/uploads\/2026\/02\/Villa-for-8-people-in-Santa-Ponsa-1024x575.webp 1024w, https:\/\/www.mymallorcadiary.com\/wp-content\/uploads\/2026\/02\/Villa-for-8-people-in-Santa-Ponsa-768x431.webp 768w, https:\/\/www.mymallorcadiary.com\/wp-content\/uploads\/2026\/02\/Villa-for-8-people-in-Santa-Ponsa-1536x862.webp 1536w, https:\/\/www.mymallorcadiary.com\/wp-content\/uploads\/2026\/02\/Villa-for-8-people-in-Santa-Ponsa-696x391.webp 696w, https:\/\/www.mymallorcadiary.com\/wp-content\/uploads\/2026\/02\/Villa-for-8-people-in-Santa-Ponsa-1392x782.webp 1392w\" sizes=\"(max-width: 1920px) 100vw, 1920px\" \/><\/a>\n\t\t\t<\/div><\/figure><figure class='gallery-item'>\n\t\t\t<div class='gallery-icon landscape'>\n\t\t\t\t<a href='https:\/\/www.mymallorcadiary.com\/wp-content\/uploads\/2026\/02\/Pool-villa-for-families-Mallorca.webp'><img decoding=\"async\" width=\"1920\" height=\"1078\" src=\"https:\/\/www.mymallorcadiary.com\/wp-content\/uploads\/2026\/02\/Pool-villa-for-families-Mallorca.webp\" class=\"attachment-full size-full\" alt=\"\" srcset=\"https:\/\/www.mymallorcadiary.com\/wp-content\/uploads\/2026\/02\/Pool-villa-for-families-Mallorca.webp 1920w, https:\/\/www.mymallorcadiary.com\/wp-content\/uploads\/2026\/02\/Pool-villa-for-families-Mallorca-300x168.webp 300w, https:\/\/www.mymallorcadiary.com\/wp-content\/uploads\/2026\/02\/Pool-villa-for-families-Mallorca-1024x575.webp 1024w, https:\/\/www.mymallorcadiary.com\/wp-content\/uploads\/2026\/02\/Pool-villa-for-families-Mallorca-768x431.webp 768w, https:\/\/www.mymallorcadiary.com\/wp-content\/uploads\/2026\/02\/Pool-villa-for-families-Mallorca-1536x862.webp 1536w, https:\/\/www.mymallorcadiary.com\/wp-content\/uploads\/2026\/02\/Pool-villa-for-families-Mallorca-696x391.webp 696w, https:\/\/www.mymallorcadiary.com\/wp-content\/uploads\/2026\/02\/Pool-villa-for-families-Mallorca-1392x782.webp 1392w\" sizes=\"(max-width: 1920px) 100vw, 1920px\" \/><\/a>\n\t\t\t<\/div><\/figure><figure class='gallery-item'>\n\t\t\t<div class='gallery-icon landscape'>\n\t\t\t\t<a href='https:\/\/www.mymallorcadiary.com\/wp-content\/uploads\/2026\/02\/Pool-villa-for-families-Santa-Ponsa.webp'><img decoding=\"async\" width=\"1920\" height=\"1078\" src=\"https:\/\/www.mymallorcadiary.com\/wp-content\/uploads\/2026\/02\/Pool-villa-for-families-Santa-Ponsa.webp\" class=\"attachment-full size-full\" alt=\"\" srcset=\"https:\/\/www.mymallorcadiary.com\/wp-content\/uploads\/2026\/02\/Pool-villa-for-families-Santa-Ponsa.webp 1920w, https:\/\/www.mymallorcadiary.com\/wp-content\/uploads\/2026\/02\/Pool-villa-for-families-Santa-Ponsa-300x168.webp 300w, https:\/\/www.mymallorcadiary.com\/wp-content\/uploads\/2026\/02\/Pool-villa-for-families-Santa-Ponsa-1024x575.webp 1024w, https:\/\/www.mymallorcadiary.com\/wp-content\/uploads\/2026\/02\/Pool-villa-for-families-Santa-Ponsa-768x431.webp 768w, https:\/\/www.mymallorcadiary.com\/wp-content\/uploads\/2026\/02\/Pool-villa-for-families-Santa-Ponsa-1536x862.webp 1536w, https:\/\/www.mymallorcadiary.com\/wp-content\/uploads\/2026\/02\/Pool-villa-for-families-Santa-Ponsa-696x391.webp 696w, https:\/\/www.mymallorcadiary.com\/wp-content\/uploads\/2026\/02\/Pool-villa-for-families-Santa-Ponsa-1392x782.webp 1392w\" sizes=\"(max-width: 1920px) 100vw, 1920px\" \/><\/a>\n\t\t\t<\/div><\/figure>\n\t\t<\/div>\n\n<p data-start=\"2151\" data-end=\"2260\">Fotos von booking.com<\/p>\n<p data-start=\"2151\" data-end=\"2260\"><strong data-start=\"2151\" data-end=\"2188\">Warum sollten Sie die Villa Monsita f\u00fcr einen Familienurlaub buchen?<\/strong><br data-start=\"2188\" data-end=\"2191\">Ideal f\u00fcr Familien, die Wert auf Privatsph\u00e4re und das Leben im Freien legen.<\/p>\n<p data-start=\"2151\" data-end=\"2260\"><strong>Link f\u00fcr weitere Informationen und zur Buchung:<\/strong> <strong><a href=\"https:\/\/booking.stay22.com\/likexpats\/IpuQ9lf2ro\" target=\"_blank\" rel=\"noopener\">Villa Monsita<\/a><\/strong><\/p>\n<h4><span class=\"ez-toc-section\" id=\"Villa_Costa_Calma\"><\/span><strong>Villa Costa Calma<\/strong><span class=\"ez-toc-section-end\"><\/span><\/h4>\n<p><strong>3 Schlafzimmer | Bis zu 6 Personen<\/strong><\/p>\n<p><a href=\"https:\/\/maps.app.goo.gl\/TsCiFxN6v3qy5Rrh6\" target=\"_blank\" rel=\"noopener\"><strong>Lage Villa Costa Calma <\/strong><\/a>| Costa de la Calma<\/p>\n<p><img decoding=\"async\" class=\"alignnone wp-image-1185 size-full\" src=\"https:\/\/www.mymallorcadiary.com\/wp-content\/uploads\/2026\/02\/6-bedroom-pool-villa-Santa-Ponsa.webp\" alt=\"\" width=\"1920\" height=\"1078\" srcset=\"https:\/\/www.mymallorcadiary.com\/wp-content\/uploads\/2026\/02\/6-bedroom-pool-villa-Santa-Ponsa.webp 1920w, https:\/\/www.mymallorcadiary.com\/wp-content\/uploads\/2026\/02\/6-bedroom-pool-villa-Santa-Ponsa-300x168.webp 300w, https:\/\/www.mymallorcadiary.com\/wp-content\/uploads\/2026\/02\/6-bedroom-pool-villa-Santa-Ponsa-1024x575.webp 1024w, https:\/\/www.mymallorcadiary.com\/wp-content\/uploads\/2026\/02\/6-bedroom-pool-villa-Santa-Ponsa-768x431.webp 768w, https:\/\/www.mymallorcadiary.com\/wp-content\/uploads\/2026\/02\/6-bedroom-pool-villa-Santa-Ponsa-1536x862.webp 1536w, https:\/\/www.mymallorcadiary.com\/wp-content\/uploads\/2026\/02\/6-bedroom-pool-villa-Santa-Ponsa-696x391.webp 696w, https:\/\/www.mymallorcadiary.com\/wp-content\/uploads\/2026\/02\/6-bedroom-pool-villa-Santa-Ponsa-1392x782.webp 1392w\" sizes=\"(max-width: 1920px) 100vw, 1920px\" \/><\/p>\n<p data-start=\"2325\" data-end=\"2424\">Die Villa mit 3 Schlafzimmern liegt in einer ruhigen Wohngegend und bietet eine friedliche Umgebung sowie eine private Ausstattung.<\/p>\n<div id='gallery-11' class='gallery galleryid-2789 gallery-columns-2 gallery-size-full'><figure class='gallery-item'>\n\t\t\t<div class='gallery-icon landscape'>\n\t\t\t\t<a href='https:\/\/www.mymallorcadiary.com\/wp-content\/uploads\/2026\/02\/Pool-villa-for-6-in-Santa-Ponsa.webp'><img decoding=\"async\" width=\"1920\" height=\"1078\" src=\"https:\/\/www.mymallorcadiary.com\/wp-content\/uploads\/2026\/02\/Pool-villa-for-6-in-Santa-Ponsa.webp\" class=\"attachment-full size-full\" alt=\"\" srcset=\"https:\/\/www.mymallorcadiary.com\/wp-content\/uploads\/2026\/02\/Pool-villa-for-6-in-Santa-Ponsa.webp 1920w, https:\/\/www.mymallorcadiary.com\/wp-content\/uploads\/2026\/02\/Pool-villa-for-6-in-Santa-Ponsa-300x168.webp 300w, https:\/\/www.mymallorcadiary.com\/wp-content\/uploads\/2026\/02\/Pool-villa-for-6-in-Santa-Ponsa-1024x575.webp 1024w, https:\/\/www.mymallorcadiary.com\/wp-content\/uploads\/2026\/02\/Pool-villa-for-6-in-Santa-Ponsa-768x431.webp 768w, https:\/\/www.mymallorcadiary.com\/wp-content\/uploads\/2026\/02\/Pool-villa-for-6-in-Santa-Ponsa-1536x862.webp 1536w, https:\/\/www.mymallorcadiary.com\/wp-content\/uploads\/2026\/02\/Pool-villa-for-6-in-Santa-Ponsa-696x391.webp 696w, https:\/\/www.mymallorcadiary.com\/wp-content\/uploads\/2026\/02\/Pool-villa-for-6-in-Santa-Ponsa-1392x782.webp 1392w\" sizes=\"(max-width: 1920px) 100vw, 1920px\" \/><\/a>\n\t\t\t<\/div><\/figure><figure class='gallery-item'>\n\t\t\t<div class='gallery-icon landscape'>\n\t\t\t\t<a href='https:\/\/www.mymallorcadiary.com\/wp-content\/uploads\/2026\/02\/Costa-de-la-Calma-Villa.webp'><img decoding=\"async\" width=\"1920\" height=\"1078\" src=\"https:\/\/www.mymallorcadiary.com\/wp-content\/uploads\/2026\/02\/Costa-de-la-Calma-Villa.webp\" class=\"attachment-full size-full\" alt=\"\" srcset=\"https:\/\/www.mymallorcadiary.com\/wp-content\/uploads\/2026\/02\/Costa-de-la-Calma-Villa.webp 1920w, https:\/\/www.mymallorcadiary.com\/wp-content\/uploads\/2026\/02\/Costa-de-la-Calma-Villa-300x168.webp 300w, https:\/\/www.mymallorcadiary.com\/wp-content\/uploads\/2026\/02\/Costa-de-la-Calma-Villa-1024x575.webp 1024w, https:\/\/www.mymallorcadiary.com\/wp-content\/uploads\/2026\/02\/Costa-de-la-Calma-Villa-768x431.webp 768w, https:\/\/www.mymallorcadiary.com\/wp-content\/uploads\/2026\/02\/Costa-de-la-Calma-Villa-1536x862.webp 1536w, https:\/\/www.mymallorcadiary.com\/wp-content\/uploads\/2026\/02\/Costa-de-la-Calma-Villa-696x391.webp 696w, https:\/\/www.mymallorcadiary.com\/wp-content\/uploads\/2026\/02\/Costa-de-la-Calma-Villa-1392x782.webp 1392w\" sizes=\"(max-width: 1920px) 100vw, 1920px\" \/><\/a>\n\t\t\t<\/div><\/figure><figure class='gallery-item'>\n\t\t\t<div class='gallery-icon landscape'>\n\t\t\t\t<a href='https:\/\/www.mymallorcadiary.com\/wp-content\/uploads\/2026\/02\/Pool-villa-for-6-Mallorca.webp'><img decoding=\"async\" width=\"1920\" height=\"1078\" src=\"https:\/\/www.mymallorcadiary.com\/wp-content\/uploads\/2026\/02\/Pool-villa-for-6-Mallorca.webp\" class=\"attachment-full size-full\" alt=\"\" srcset=\"https:\/\/www.mymallorcadiary.com\/wp-content\/uploads\/2026\/02\/Pool-villa-for-6-Mallorca.webp 1920w, https:\/\/www.mymallorcadiary.com\/wp-content\/uploads\/2026\/02\/Pool-villa-for-6-Mallorca-300x168.webp 300w, https:\/\/www.mymallorcadiary.com\/wp-content\/uploads\/2026\/02\/Pool-villa-for-6-Mallorca-1024x575.webp 1024w, https:\/\/www.mymallorcadiary.com\/wp-content\/uploads\/2026\/02\/Pool-villa-for-6-Mallorca-768x431.webp 768w, https:\/\/www.mymallorcadiary.com\/wp-content\/uploads\/2026\/02\/Pool-villa-for-6-Mallorca-1536x862.webp 1536w, https:\/\/www.mymallorcadiary.com\/wp-content\/uploads\/2026\/02\/Pool-villa-for-6-Mallorca-696x391.webp 696w, https:\/\/www.mymallorcadiary.com\/wp-content\/uploads\/2026\/02\/Pool-villa-for-6-Mallorca-1392x782.webp 1392w\" sizes=\"(max-width: 1920px) 100vw, 1920px\" \/><\/a>\n\t\t\t<\/div><\/figure><figure class='gallery-item'>\n\t\t\t<div class='gallery-icon landscape'>\n\t\t\t\t<a href='https:\/\/www.mymallorcadiary.com\/wp-content\/uploads\/2026\/02\/6-bedroom-villa-in-Santa-Ponsa.webp'><img decoding=\"async\" width=\"1920\" height=\"1078\" src=\"https:\/\/www.mymallorcadiary.com\/wp-content\/uploads\/2026\/02\/6-bedroom-villa-in-Santa-Ponsa.webp\" class=\"attachment-full size-full\" alt=\"\" srcset=\"https:\/\/www.mymallorcadiary.com\/wp-content\/uploads\/2026\/02\/6-bedroom-villa-in-Santa-Ponsa.webp 1920w, https:\/\/www.mymallorcadiary.com\/wp-content\/uploads\/2026\/02\/6-bedroom-villa-in-Santa-Ponsa-300x168.webp 300w, https:\/\/www.mymallorcadiary.com\/wp-content\/uploads\/2026\/02\/6-bedroom-villa-in-Santa-Ponsa-1024x575.webp 1024w, https:\/\/www.mymallorcadiary.com\/wp-content\/uploads\/2026\/02\/6-bedroom-villa-in-Santa-Ponsa-768x431.webp 768w, https:\/\/www.mymallorcadiary.com\/wp-content\/uploads\/2026\/02\/6-bedroom-villa-in-Santa-Ponsa-1536x862.webp 1536w, https:\/\/www.mymallorcadiary.com\/wp-content\/uploads\/2026\/02\/6-bedroom-villa-in-Santa-Ponsa-696x391.webp 696w, https:\/\/www.mymallorcadiary.com\/wp-content\/uploads\/2026\/02\/6-bedroom-villa-in-Santa-Ponsa-1392x782.webp 1392w\" sizes=\"(max-width: 1920px) 100vw, 1920px\" \/><\/a>\n\t\t\t<\/div><\/figure>\n\t\t<\/div>\n\n<p data-start=\"2426\" data-end=\"2540\">Fotos von booking.com<\/p>\n<p data-start=\"2426\" data-end=\"2540\"><strong data-start=\"2426\" data-end=\"2463\">Warum sollten Sie die Villa Costa Calma f\u00fcr einen Familienurlaub buchen?<\/strong><br data-start=\"2463\" data-end=\"2466\">Ideal f\u00fcr Familien, die einen ruhigen R\u00fcckzugsort in der N\u00e4he von Str\u00e4nden und Annehmlichkeiten suchen.<\/p>\n<p data-start=\"2426\" data-end=\"2540\"><strong>Link f\u00fcr weitere Informationen und zur Buchung:<\/strong> <strong><a href=\"https:\/\/booking.stay22.com\/likexpats\/JLdBrvKe5A\" target=\"_blank\" rel=\"noopener\">Villa Costa Calma<\/a><\/strong><\/p>\n<p><img decoding=\"async\" class=\"alignnone wp-image-1376 size-full\" src=\"https:\/\/www.mymallorcadiary.com\/wp-content\/uploads\/2026\/02\/Playa-de-Muro.webp\" alt=\"\" width=\"1920\" height=\"1078\" srcset=\"https:\/\/www.mymallorcadiary.com\/wp-content\/uploads\/2026\/02\/Playa-de-Muro.webp 1920w, https:\/\/www.mymallorcadiary.com\/wp-content\/uploads\/2026\/02\/Playa-de-Muro-300x168.webp 300w, https:\/\/www.mymallorcadiary.com\/wp-content\/uploads\/2026\/02\/Playa-de-Muro-1024x575.webp 1024w, https:\/\/www.mymallorcadiary.com\/wp-content\/uploads\/2026\/02\/Playa-de-Muro-768x431.webp 768w, https:\/\/www.mymallorcadiary.com\/wp-content\/uploads\/2026\/02\/Playa-de-Muro-1536x862.webp 1536w, https:\/\/www.mymallorcadiary.com\/wp-content\/uploads\/2026\/02\/Playa-de-Muro-696x391.webp 696w, https:\/\/www.mymallorcadiary.com\/wp-content\/uploads\/2026\/02\/Playa-de-Muro-1392x782.webp 1392w\" sizes=\"(max-width: 1920px) 100vw, 1920px\" \/><\/p>\n<h2 data-start=\"1800\" data-end=\"1865\"><span class=\"ez-toc-section\" id=\"Alcudia\"><\/span><strong><span class=\"hover:entity-accent entity-underline inline cursor-pointer align-baseline\"><span class=\"whitespace-normal\">Alcudia<\/span><\/span><\/strong><span class=\"ez-toc-section-end\"><\/span><\/h2>\n<p class=\"p1\"><span class=\"s1\"><a href=\"https:\/\/maps.app.goo.gl\/k5RmAasuCswRnGzk7\">Alcudia<\/a><\/span> gilt oft als <b>eine der besten Gegenden auf Mallorca f\u00fcr Familien,<\/b> besonders wenn man mit kleinen Kindern unterwegs ist. Die im Norden der Insel gelegene Gegend ist bekannt f\u00fcr ihren langen Sandstrand, das ruhige, flache Wasser und die entspannte Atmosph\u00e4re, die f\u00fcr unbeschwerte und stressfreie Strandtage sorgt. <\/p>\n<p class=\"p1\">Der Strand von <b>Playa de Alcudia<\/b> erstreckt sich \u00fcber mehrere Kilometer und bietet weichen Sand sowie einen sehr flachen Einstieg ins Wasser. So k\u00f6nnen Kinder sicher am Ufer spielen, w\u00e4hrend sich die Eltern in der N\u00e4he entspannen. Da der Strand so gro\u00df ist, wirkt er selbst in den Hochsommermonaten selten \u00fcberf\u00fcllt.  <\/p>\n<p class=\"p1\">Auch Familien sch\u00e4tzen die breite Promenade, die am Strand entlangf\u00fchrt. Der Weg ist eben und kinderwagengerecht, sodass er sich ideal f\u00fcr abendliche Spazierg\u00e4nge eignet. An der Promenade reihen sich Restaurants, Eisdielen und kleine Caf\u00e9s aneinander, sodass man immer einen Ort findet, an dem man eine Pause einlegen kann.  <\/p>\n<p class=\"p1\">Eines der Highlights eines Aufenthalts in Alcudia ist <b>die historische Altstadt von Alcudia<\/b>. Umgeben von mittelalterlichen Stadtmauern bietet die Altstadt zahlreiche charmante Gassen, kleine Pl\u00e4tze und traditionelle M\u00e4rkte. Viele Familien kommen am Abend hierher, wenn die Temperaturen sinken und eine lebhafte Atmosph\u00e4re herrscht.  <\/p>\n<p class=\"p1\"><b>Besucherandrang und beste Reisezeit<\/b><br \/>\nIm Juli und August herrscht in Alcudia der gr\u00f6\u00dfte Andrang. Ende Mai, Juni und September sind oft die besten Monate, da das Wetter warm ist und die Str\u00e4nde etwas ruhiger sind. <\/p>\n<p class=\"p1\"><b>Anfahrtsbeschreibung<\/b><br \/>\nAlcudia liegt etwa eine Stunde vom Flughafen Palma entfernt. Regelm\u00e4\u00dfige Busverbindungen verbinden die Gegend mit Palma und anderen Teilen der Insel. <\/p>\n<p class=\"p1\"><b>Lokaler Tipp<\/b><br \/>\nMieten Sie sich f\u00fcr einen Tag Fahrr\u00e4der und erkunden Sie die K\u00fcste zwischen Alcudia und Playa de Muro. Dank der flachen Radwege ist das auch mit Kindern ganz einfach. <\/p>\n<h3 data-start=\"2060\" data-end=\"2087\"><span class=\"ez-toc-section\" id=\"Warum_Alcudia_die_beste_Gegend_auf_Mallorca_fuer_Familien_ist\"><\/span>Warum Alcudia die beste Gegend auf Mallorca f\u00fcr Familien ist<span class=\"ez-toc-section-end\"><\/span><\/h3>\n<ul data-start=\"2088\" data-end=\"2271\">\n<li data-start=\"2088\" data-end=\"2127\">\n<p data-start=\"2090\" data-end=\"2127\">Lange Sandstr\u00e4nde mit ruhigem Wasser<\/p>\n<\/li>\n<li data-start=\"2128\" data-end=\"2176\">\n<p data-start=\"2130\" data-end=\"2176\">Eine weitl\u00e4ufige Umgebung und eine ruhigere Atmosph\u00e4re<\/p>\n<\/li>\n<li data-start=\"2177\" data-end=\"2227\">\n<p data-start=\"2179\" data-end=\"2227\">Aktivit\u00e4ten im Freien wie Radfahren und Bootsausfl\u00fcge<\/p>\n<\/li>\n<li data-start=\"2228\" data-end=\"2271\">\n<p data-start=\"2230\" data-end=\"2271\">Familienfreundliche Restaurants und M\u00e4rkte<\/p>\n<\/li>\n<\/ul>\n<h3 data-start=\"2273\" data-end=\"2307\"><span class=\"ez-toc-section\" id=\"Familienfreundliche_Hotels_in_Alcudia\"><\/span><strong>Familienfreundliche Hotels in Alcudia<\/strong><span class=\"ez-toc-section-end\"><\/span><\/h3>\n<h4><span class=\"ez-toc-section\" id=\"Innside_by_Melia_Alcudia_4\"><\/span><strong>Innside by Meli\u00e1 Alcudia 4*<\/strong><span class=\"ez-toc-section-end\"><\/span><\/h4>\n<p><a href=\"https:\/\/maps.app.goo.gl\/XuwdTmTfneg7LUDC8\" target=\"_blank\" rel=\"noopener\"><strong>Lage Innside by Meli\u00e1 Alcudia <\/strong><\/a>| Puerto de Alcudia | In der N\u00e4he von Playa de Muro<\/p>\n<p><img decoding=\"async\" class=\"alignnone wp-image-1193 size-full\" src=\"https:\/\/www.mymallorcadiary.com\/wp-content\/uploads\/2026\/02\/Innside-Alcudia.webp\" alt=\"\" width=\"1920\" height=\"1078\" srcset=\"https:\/\/www.mymallorcadiary.com\/wp-content\/uploads\/2026\/02\/Innside-Alcudia.webp 1920w, https:\/\/www.mymallorcadiary.com\/wp-content\/uploads\/2026\/02\/Innside-Alcudia-300x168.webp 300w, https:\/\/www.mymallorcadiary.com\/wp-content\/uploads\/2026\/02\/Innside-Alcudia-1024x575.webp 1024w, https:\/\/www.mymallorcadiary.com\/wp-content\/uploads\/2026\/02\/Innside-Alcudia-768x431.webp 768w, https:\/\/www.mymallorcadiary.com\/wp-content\/uploads\/2026\/02\/Innside-Alcudia-1536x862.webp 1536w, https:\/\/www.mymallorcadiary.com\/wp-content\/uploads\/2026\/02\/Innside-Alcudia-696x391.webp 696w, https:\/\/www.mymallorcadiary.com\/wp-content\/uploads\/2026\/02\/Innside-Alcudia-1392x782.webp 1392w\" sizes=\"(max-width: 1920px) 100vw, 1920px\" \/><\/p>\n<p data-start=\"3059\" data-end=\"3227\">Ein modernes Hotel in der N\u00e4he eines der sch\u00f6nsten Str\u00e4nde Mallorcas. Es bietet moderne Zimmer, gro\u00dfz\u00fcgige Poolbereiche und einen einfachen Zugang zu Radwegen und Outdoor-Aktivit\u00e4ten. <\/p>\n<div id='gallery-12' class='gallery galleryid-2789 gallery-columns-2 gallery-size-full'><figure class='gallery-item'>\n\t\t\t<div class='gallery-icon landscape'>\n\t\t\t\t<a href='https:\/\/www.mymallorcadiary.com\/wp-content\/uploads\/2026\/02\/Innside-by-Melia-Alcudia.webp'><img decoding=\"async\" width=\"1920\" height=\"1078\" src=\"https:\/\/www.mymallorcadiary.com\/wp-content\/uploads\/2026\/02\/Innside-by-Melia-Alcudia.webp\" class=\"attachment-full size-full\" alt=\"\" srcset=\"https:\/\/www.mymallorcadiary.com\/wp-content\/uploads\/2026\/02\/Innside-by-Melia-Alcudia.webp 1920w, https:\/\/www.mymallorcadiary.com\/wp-content\/uploads\/2026\/02\/Innside-by-Melia-Alcudia-300x168.webp 300w, https:\/\/www.mymallorcadiary.com\/wp-content\/uploads\/2026\/02\/Innside-by-Melia-Alcudia-1024x575.webp 1024w, https:\/\/www.mymallorcadiary.com\/wp-content\/uploads\/2026\/02\/Innside-by-Melia-Alcudia-768x431.webp 768w, https:\/\/www.mymallorcadiary.com\/wp-content\/uploads\/2026\/02\/Innside-by-Melia-Alcudia-1536x862.webp 1536w, https:\/\/www.mymallorcadiary.com\/wp-content\/uploads\/2026\/02\/Innside-by-Melia-Alcudia-696x391.webp 696w, https:\/\/www.mymallorcadiary.com\/wp-content\/uploads\/2026\/02\/Innside-by-Melia-Alcudia-1392x782.webp 1392w\" sizes=\"(max-width: 1920px) 100vw, 1920px\" \/><\/a>\n\t\t\t<\/div><\/figure><figure class='gallery-item'>\n\t\t\t<div class='gallery-icon landscape'>\n\t\t\t\t<a href='https:\/\/www.mymallorcadiary.com\/wp-content\/uploads\/2026\/02\/Hotel-for-families-in-Alcudia-1.webp'><img decoding=\"async\" width=\"1920\" height=\"1078\" src=\"https:\/\/www.mymallorcadiary.com\/wp-content\/uploads\/2026\/02\/Hotel-for-families-in-Alcudia-1.webp\" class=\"attachment-full size-full\" alt=\"\" srcset=\"https:\/\/www.mymallorcadiary.com\/wp-content\/uploads\/2026\/02\/Hotel-for-families-in-Alcudia-1.webp 1920w, https:\/\/www.mymallorcadiary.com\/wp-content\/uploads\/2026\/02\/Hotel-for-families-in-Alcudia-1-300x168.webp 300w, https:\/\/www.mymallorcadiary.com\/wp-content\/uploads\/2026\/02\/Hotel-for-families-in-Alcudia-1-1024x575.webp 1024w, https:\/\/www.mymallorcadiary.com\/wp-content\/uploads\/2026\/02\/Hotel-for-families-in-Alcudia-1-768x431.webp 768w, https:\/\/www.mymallorcadiary.com\/wp-content\/uploads\/2026\/02\/Hotel-for-families-in-Alcudia-1-1536x862.webp 1536w, https:\/\/www.mymallorcadiary.com\/wp-content\/uploads\/2026\/02\/Hotel-for-families-in-Alcudia-1-696x391.webp 696w, https:\/\/www.mymallorcadiary.com\/wp-content\/uploads\/2026\/02\/Hotel-for-families-in-Alcudia-1-1392x782.webp 1392w\" sizes=\"(max-width: 1920px) 100vw, 1920px\" \/><\/a>\n\t\t\t<\/div><\/figure><figure class='gallery-item'>\n\t\t\t<div class='gallery-icon landscape'>\n\t\t\t\t<a href='https:\/\/www.mymallorcadiary.com\/wp-content\/uploads\/2026\/02\/Family-hotel-in-Alcudia.webp'><img decoding=\"async\" width=\"1920\" height=\"1078\" src=\"https:\/\/www.mymallorcadiary.com\/wp-content\/uploads\/2026\/02\/Family-hotel-in-Alcudia.webp\" class=\"attachment-full size-full\" alt=\"\" srcset=\"https:\/\/www.mymallorcadiary.com\/wp-content\/uploads\/2026\/02\/Family-hotel-in-Alcudia.webp 1920w, https:\/\/www.mymallorcadiary.com\/wp-content\/uploads\/2026\/02\/Family-hotel-in-Alcudia-300x168.webp 300w, https:\/\/www.mymallorcadiary.com\/wp-content\/uploads\/2026\/02\/Family-hotel-in-Alcudia-1024x575.webp 1024w, https:\/\/www.mymallorcadiary.com\/wp-content\/uploads\/2026\/02\/Family-hotel-in-Alcudia-768x431.webp 768w, https:\/\/www.mymallorcadiary.com\/wp-content\/uploads\/2026\/02\/Family-hotel-in-Alcudia-1536x862.webp 1536w, https:\/\/www.mymallorcadiary.com\/wp-content\/uploads\/2026\/02\/Family-hotel-in-Alcudia-696x391.webp 696w, https:\/\/www.mymallorcadiary.com\/wp-content\/uploads\/2026\/02\/Family-hotel-in-Alcudia-1392x782.webp 1392w\" sizes=\"(max-width: 1920px) 100vw, 1920px\" \/><\/a>\n\t\t\t<\/div><\/figure><figure class='gallery-item'>\n\t\t\t<div class='gallery-icon landscape'>\n\t\t\t\t<a href='https:\/\/www.mymallorcadiary.com\/wp-content\/uploads\/2026\/02\/Hotel-for-families-Port-dAlcudia.webp'><img decoding=\"async\" width=\"1920\" height=\"1078\" src=\"https:\/\/www.mymallorcadiary.com\/wp-content\/uploads\/2026\/02\/Hotel-for-families-Port-dAlcudia.webp\" class=\"attachment-full size-full\" alt=\"\" srcset=\"https:\/\/www.mymallorcadiary.com\/wp-content\/uploads\/2026\/02\/Hotel-for-families-Port-dAlcudia.webp 1920w, https:\/\/www.mymallorcadiary.com\/wp-content\/uploads\/2026\/02\/Hotel-for-families-Port-dAlcudia-300x168.webp 300w, https:\/\/www.mymallorcadiary.com\/wp-content\/uploads\/2026\/02\/Hotel-for-families-Port-dAlcudia-1024x575.webp 1024w, https:\/\/www.mymallorcadiary.com\/wp-content\/uploads\/2026\/02\/Hotel-for-families-Port-dAlcudia-768x431.webp 768w, https:\/\/www.mymallorcadiary.com\/wp-content\/uploads\/2026\/02\/Hotel-for-families-Port-dAlcudia-1536x862.webp 1536w, https:\/\/www.mymallorcadiary.com\/wp-content\/uploads\/2026\/02\/Hotel-for-families-Port-dAlcudia-696x391.webp 696w, https:\/\/www.mymallorcadiary.com\/wp-content\/uploads\/2026\/02\/Hotel-for-families-Port-dAlcudia-1392x782.webp 1392w\" sizes=\"(max-width: 1920px) 100vw, 1920px\" \/><\/a>\n\t\t\t<\/div><\/figure>\n\t\t<\/div>\n\n<p data-start=\"3229\" data-end=\"3360\">Fotos von melia.com<\/p>\n<p data-start=\"3229\" data-end=\"3360\"><strong data-start=\"3229\" data-end=\"3266\">Warum sollten Sie das Innside by Meli\u00e1 Alcudia f\u00fcr einen Familienurlaub buchen?<\/strong><br data-start=\"3266\" data-end=\"3269\">Ideal f\u00fcr aktive Familien, die einen direkten Zugang zum Strand sowie ein stilvolles und komfortables Ambiente suchen.<\/p>\n<p data-start=\"3229\" data-end=\"3360\"><strong>Link f\u00fcr weitere Informationen und zur Buchung:<\/strong> <strong><a href=\"https:\/\/booking.stay22.com\/likexpats\/eegapF0EHN\" target=\"_blank\" rel=\"noopener\">Innside by Meli\u00e1 Alcudia<\/a><\/strong><\/p>\n<h4><span class=\"ez-toc-section\" id=\"Grupotel_Port_dAlcudia_4\"><\/span><strong>Grupotel Port d&#8217;Alcudia 4*<\/strong><span class=\"ez-toc-section-end\"><\/span><\/h4>\n<p><a href=\"https:\/\/maps.app.goo.gl\/HR5RFuMKEEDPWjv67\" target=\"_blank\" rel=\"noopener\"><strong>Lage Grupotel Port d&#8217;Alcudia <\/strong><\/a>| Puerto de Alcudia | In der N\u00e4he des Yachthafens<\/p>\n<p><img decoding=\"async\" class=\"alignnone wp-image-1195 size-full\" src=\"https:\/\/www.mymallorcadiary.com\/wp-content\/uploads\/2026\/02\/Grupotel-Port-dAlcudia.webp\" alt=\"\" width=\"1920\" height=\"1078\" srcset=\"https:\/\/www.mymallorcadiary.com\/wp-content\/uploads\/2026\/02\/Grupotel-Port-dAlcudia.webp 1920w, https:\/\/www.mymallorcadiary.com\/wp-content\/uploads\/2026\/02\/Grupotel-Port-dAlcudia-300x168.webp 300w, https:\/\/www.mymallorcadiary.com\/wp-content\/uploads\/2026\/02\/Grupotel-Port-dAlcudia-1024x575.webp 1024w, https:\/\/www.mymallorcadiary.com\/wp-content\/uploads\/2026\/02\/Grupotel-Port-dAlcudia-768x431.webp 768w, https:\/\/www.mymallorcadiary.com\/wp-content\/uploads\/2026\/02\/Grupotel-Port-dAlcudia-1536x862.webp 1536w, https:\/\/www.mymallorcadiary.com\/wp-content\/uploads\/2026\/02\/Grupotel-Port-dAlcudia-696x391.webp 696w, https:\/\/www.mymallorcadiary.com\/wp-content\/uploads\/2026\/02\/Grupotel-Port-dAlcudia-1392x782.webp 1392w\" sizes=\"(max-width: 1920px) 100vw, 1920px\" \/><\/p>\n<p data-start=\"3452\" data-end=\"3601\">Ein klassisches Hotel im Resort-Stil mit gro\u00dfz\u00fcgigen Poolbereichen und familienfreundlichen Einrichtungen. In der N\u00e4he des langen Sandstrandes und nur wenige Gehminuten von Restaurants entfernt. <\/p>\n<div id='gallery-13' class='gallery galleryid-2789 gallery-columns-2 gallery-size-full'><figure class='gallery-item'>\n\t\t\t<div class='gallery-icon landscape'>\n\t\t\t\t<a href='https:\/\/www.mymallorcadiary.com\/wp-content\/uploads\/2026\/02\/Hotel-for-families-in-Port-dAlcudia.webp'><img decoding=\"async\" width=\"1920\" height=\"1078\" src=\"https:\/\/www.mymallorcadiary.com\/wp-content\/uploads\/2026\/02\/Hotel-for-families-in-Port-dAlcudia.webp\" class=\"attachment-full size-full\" alt=\"\" srcset=\"https:\/\/www.mymallorcadiary.com\/wp-content\/uploads\/2026\/02\/Hotel-for-families-in-Port-dAlcudia.webp 1920w, https:\/\/www.mymallorcadiary.com\/wp-content\/uploads\/2026\/02\/Hotel-for-families-in-Port-dAlcudia-300x168.webp 300w, https:\/\/www.mymallorcadiary.com\/wp-content\/uploads\/2026\/02\/Hotel-for-families-in-Port-dAlcudia-1024x575.webp 1024w, https:\/\/www.mymallorcadiary.com\/wp-content\/uploads\/2026\/02\/Hotel-for-families-in-Port-dAlcudia-768x431.webp 768w, https:\/\/www.mymallorcadiary.com\/wp-content\/uploads\/2026\/02\/Hotel-for-families-in-Port-dAlcudia-1536x862.webp 1536w, https:\/\/www.mymallorcadiary.com\/wp-content\/uploads\/2026\/02\/Hotel-for-families-in-Port-dAlcudia-696x391.webp 696w, https:\/\/www.mymallorcadiary.com\/wp-content\/uploads\/2026\/02\/Hotel-for-families-in-Port-dAlcudia-1392x782.webp 1392w\" sizes=\"(max-width: 1920px) 100vw, 1920px\" \/><\/a>\n\t\t\t<\/div><\/figure><figure class='gallery-item'>\n\t\t\t<div class='gallery-icon landscape'>\n\t\t\t\t<a href='https:\/\/www.mymallorcadiary.com\/wp-content\/uploads\/2026\/02\/Hotel-for-families-in-north-Mallorca.webp'><img decoding=\"async\" width=\"1920\" height=\"1078\" src=\"https:\/\/www.mymallorcadiary.com\/wp-content\/uploads\/2026\/02\/Hotel-for-families-in-north-Mallorca.webp\" class=\"attachment-full size-full\" alt=\"\" srcset=\"https:\/\/www.mymallorcadiary.com\/wp-content\/uploads\/2026\/02\/Hotel-for-families-in-north-Mallorca.webp 1920w, https:\/\/www.mymallorcadiary.com\/wp-content\/uploads\/2026\/02\/Hotel-for-families-in-north-Mallorca-300x168.webp 300w, https:\/\/www.mymallorcadiary.com\/wp-content\/uploads\/2026\/02\/Hotel-for-families-in-north-Mallorca-1024x575.webp 1024w, https:\/\/www.mymallorcadiary.com\/wp-content\/uploads\/2026\/02\/Hotel-for-families-in-north-Mallorca-768x431.webp 768w, https:\/\/www.mymallorcadiary.com\/wp-content\/uploads\/2026\/02\/Hotel-for-families-in-north-Mallorca-1536x862.webp 1536w, https:\/\/www.mymallorcadiary.com\/wp-content\/uploads\/2026\/02\/Hotel-for-families-in-north-Mallorca-696x391.webp 696w, https:\/\/www.mymallorcadiary.com\/wp-content\/uploads\/2026\/02\/Hotel-for-families-in-north-Mallorca-1392x782.webp 1392w\" sizes=\"(max-width: 1920px) 100vw, 1920px\" \/><\/a>\n\t\t\t<\/div><\/figure><figure class='gallery-item'>\n\t\t\t<div class='gallery-icon landscape'>\n\t\t\t\t<a href='https:\/\/www.mymallorcadiary.com\/wp-content\/uploads\/2026\/02\/Grupotel-Puerto-de-Alcudia.webp'><img decoding=\"async\" width=\"1920\" height=\"1078\" src=\"https:\/\/www.mymallorcadiary.com\/wp-content\/uploads\/2026\/02\/Grupotel-Puerto-de-Alcudia.webp\" class=\"attachment-full size-full\" alt=\"\" srcset=\"https:\/\/www.mymallorcadiary.com\/wp-content\/uploads\/2026\/02\/Grupotel-Puerto-de-Alcudia.webp 1920w, https:\/\/www.mymallorcadiary.com\/wp-content\/uploads\/2026\/02\/Grupotel-Puerto-de-Alcudia-300x168.webp 300w, https:\/\/www.mymallorcadiary.com\/wp-content\/uploads\/2026\/02\/Grupotel-Puerto-de-Alcudia-1024x575.webp 1024w, https:\/\/www.mymallorcadiary.com\/wp-content\/uploads\/2026\/02\/Grupotel-Puerto-de-Alcudia-768x431.webp 768w, https:\/\/www.mymallorcadiary.com\/wp-content\/uploads\/2026\/02\/Grupotel-Puerto-de-Alcudia-1536x862.webp 1536w, https:\/\/www.mymallorcadiary.com\/wp-content\/uploads\/2026\/02\/Grupotel-Puerto-de-Alcudia-696x391.webp 696w, https:\/\/www.mymallorcadiary.com\/wp-content\/uploads\/2026\/02\/Grupotel-Puerto-de-Alcudia-1392x782.webp 1392w\" sizes=\"(max-width: 1920px) 100vw, 1920px\" \/><\/a>\n\t\t\t<\/div><\/figure><figure class='gallery-item'>\n\t\t\t<div class='gallery-icon landscape'>\n\t\t\t\t<a href='https:\/\/www.mymallorcadiary.com\/wp-content\/uploads\/2026\/02\/North-Mallorca-hotel-for-families.webp'><img decoding=\"async\" width=\"1920\" height=\"1078\" src=\"https:\/\/www.mymallorcadiary.com\/wp-content\/uploads\/2026\/02\/North-Mallorca-hotel-for-families.webp\" class=\"attachment-full size-full\" alt=\"\" srcset=\"https:\/\/www.mymallorcadiary.com\/wp-content\/uploads\/2026\/02\/North-Mallorca-hotel-for-families.webp 1920w, https:\/\/www.mymallorcadiary.com\/wp-content\/uploads\/2026\/02\/North-Mallorca-hotel-for-families-300x168.webp 300w, https:\/\/www.mymallorcadiary.com\/wp-content\/uploads\/2026\/02\/North-Mallorca-hotel-for-families-1024x575.webp 1024w, https:\/\/www.mymallorcadiary.com\/wp-content\/uploads\/2026\/02\/North-Mallorca-hotel-for-families-768x431.webp 768w, https:\/\/www.mymallorcadiary.com\/wp-content\/uploads\/2026\/02\/North-Mallorca-hotel-for-families-1536x862.webp 1536w, https:\/\/www.mymallorcadiary.com\/wp-content\/uploads\/2026\/02\/North-Mallorca-hotel-for-families-696x391.webp 696w, https:\/\/www.mymallorcadiary.com\/wp-content\/uploads\/2026\/02\/North-Mallorca-hotel-for-families-1392x782.webp 1392w\" sizes=\"(max-width: 1920px) 100vw, 1920px\" \/><\/a>\n\t\t\t<\/div><\/figure>\n\t\t<\/div>\n\n<p data-start=\"3603\" data-end=\"3716\">Fotos von grupotel.com<\/p>\n<p data-start=\"3603\" data-end=\"3716\"><strong data-start=\"3603\" data-end=\"3640\">Warum sollten Sie das Grupotel Port d&#8217;Alcudia f\u00fcr einen Familienurlaub buchen?<\/strong><br data-start=\"3640\" data-end=\"3643\">Praktisch, komfortabel und ideal gelegen f\u00fcr einen Strandurlaub.<\/p>\n<p data-start=\"3603\" data-end=\"3716\"><strong>Link f\u00fcr weitere Details und Buchung: <a href=\"https:\/\/booking.stay22.com\/likexpats\/Rv2yh3hYkq\" target=\"_blank\" rel=\"noopener\">Grupotel Port d&#8217;Alcudia<\/a><\/strong><\/p>\n<h4><span class=\"ez-toc-section\" id=\"Aparthotel_Ona_Aucanada_4\"><\/span><strong>Aparthotel Ona Aucanada 4*<\/strong><span class=\"ez-toc-section-end\"><\/span><\/h4>\n<p><a href=\"https:\/\/maps.app.goo.gl\/BtP13Zbbjnbn4C6s8\" target=\"_blank\" rel=\"noopener\"><strong>Lage Aparthotel Ona Aucanada <\/strong><\/a>| Aucanada | Ruhige Wohngegend in der N\u00e4he von Alcudia<\/p>\n<p><img decoding=\"async\" class=\"alignnone wp-image-1200 size-full\" src=\"https:\/\/www.mymallorcadiary.com\/wp-content\/uploads\/2026\/02\/Aparthotel-in-Alcudia.webp\" alt=\"\" width=\"1920\" height=\"1078\" srcset=\"https:\/\/www.mymallorcadiary.com\/wp-content\/uploads\/2026\/02\/Aparthotel-in-Alcudia.webp 1920w, https:\/\/www.mymallorcadiary.com\/wp-content\/uploads\/2026\/02\/Aparthotel-in-Alcudia-300x168.webp 300w, https:\/\/www.mymallorcadiary.com\/wp-content\/uploads\/2026\/02\/Aparthotel-in-Alcudia-1024x575.webp 1024w, https:\/\/www.mymallorcadiary.com\/wp-content\/uploads\/2026\/02\/Aparthotel-in-Alcudia-768x431.webp 768w, https:\/\/www.mymallorcadiary.com\/wp-content\/uploads\/2026\/02\/Aparthotel-in-Alcudia-1536x862.webp 1536w, https:\/\/www.mymallorcadiary.com\/wp-content\/uploads\/2026\/02\/Aparthotel-in-Alcudia-696x391.webp 696w, https:\/\/www.mymallorcadiary.com\/wp-content\/uploads\/2026\/02\/Aparthotel-in-Alcudia-1392x782.webp 1392w\" sizes=\"(max-width: 1920px) 100vw, 1920px\" \/><\/p>\n<p data-start=\"3821\" data-end=\"3946\">Diese Unterkunft liegt in einer ruhigeren Gegend mit Blick auf das Meer und bietet ger\u00e4umige Unterk\u00fcnfte im Apartmentstil.<\/p>\n<div id='gallery-14' class='gallery galleryid-2789 gallery-columns-2 gallery-size-full'><figure class='gallery-item'>\n\t\t\t<div class='gallery-icon landscape'>\n\t\t\t\t<a href='https:\/\/www.mymallorcadiary.com\/wp-content\/uploads\/2026\/02\/Ona-Aucanada-in-Alcudia.webp'><img decoding=\"async\" width=\"1920\" height=\"1078\" src=\"https:\/\/www.mymallorcadiary.com\/wp-content\/uploads\/2026\/02\/Ona-Aucanada-in-Alcudia.webp\" class=\"attachment-full size-full\" alt=\"\" srcset=\"https:\/\/www.mymallorcadiary.com\/wp-content\/uploads\/2026\/02\/Ona-Aucanada-in-Alcudia.webp 1920w, https:\/\/www.mymallorcadiary.com\/wp-content\/uploads\/2026\/02\/Ona-Aucanada-in-Alcudia-300x168.webp 300w, https:\/\/www.mymallorcadiary.com\/wp-content\/uploads\/2026\/02\/Ona-Aucanada-in-Alcudia-1024x575.webp 1024w, https:\/\/www.mymallorcadiary.com\/wp-content\/uploads\/2026\/02\/Ona-Aucanada-in-Alcudia-768x431.webp 768w, https:\/\/www.mymallorcadiary.com\/wp-content\/uploads\/2026\/02\/Ona-Aucanada-in-Alcudia-1536x862.webp 1536w, https:\/\/www.mymallorcadiary.com\/wp-content\/uploads\/2026\/02\/Ona-Aucanada-in-Alcudia-696x391.webp 696w, https:\/\/www.mymallorcadiary.com\/wp-content\/uploads\/2026\/02\/Ona-Aucanada-in-Alcudia-1392x782.webp 1392w\" sizes=\"(max-width: 1920px) 100vw, 1920px\" \/><\/a>\n\t\t\t<\/div><\/figure><figure class='gallery-item'>\n\t\t\t<div class='gallery-icon landscape'>\n\t\t\t\t<a href='https:\/\/www.mymallorcadiary.com\/wp-content\/uploads\/2026\/02\/Aparthotel-Ona-Aucanada.webp'><img decoding=\"async\" width=\"1920\" height=\"1078\" src=\"https:\/\/www.mymallorcadiary.com\/wp-content\/uploads\/2026\/02\/Aparthotel-Ona-Aucanada.webp\" class=\"attachment-full size-full\" alt=\"\" srcset=\"https:\/\/www.mymallorcadiary.com\/wp-content\/uploads\/2026\/02\/Aparthotel-Ona-Aucanada.webp 1920w, https:\/\/www.mymallorcadiary.com\/wp-content\/uploads\/2026\/02\/Aparthotel-Ona-Aucanada-300x168.webp 300w, https:\/\/www.mymallorcadiary.com\/wp-content\/uploads\/2026\/02\/Aparthotel-Ona-Aucanada-1024x575.webp 1024w, https:\/\/www.mymallorcadiary.com\/wp-content\/uploads\/2026\/02\/Aparthotel-Ona-Aucanada-768x431.webp 768w, https:\/\/www.mymallorcadiary.com\/wp-content\/uploads\/2026\/02\/Aparthotel-Ona-Aucanada-1536x862.webp 1536w, https:\/\/www.mymallorcadiary.com\/wp-content\/uploads\/2026\/02\/Aparthotel-Ona-Aucanada-696x391.webp 696w, https:\/\/www.mymallorcadiary.com\/wp-content\/uploads\/2026\/02\/Aparthotel-Ona-Aucanada-1392x782.webp 1392w\" sizes=\"(max-width: 1920px) 100vw, 1920px\" \/><\/a>\n\t\t\t<\/div><\/figure><figure class='gallery-item'>\n\t\t\t<div class='gallery-icon landscape'>\n\t\t\t\t<a href='https:\/\/www.mymallorcadiary.com\/wp-content\/uploads\/2026\/02\/Hotel-for-families-in-Alcudia-2.webp'><img decoding=\"async\" width=\"1920\" height=\"1078\" src=\"https:\/\/www.mymallorcadiary.com\/wp-content\/uploads\/2026\/02\/Hotel-for-families-in-Alcudia-2.webp\" class=\"attachment-full size-full\" alt=\"\" srcset=\"https:\/\/www.mymallorcadiary.com\/wp-content\/uploads\/2026\/02\/Hotel-for-families-in-Alcudia-2.webp 1920w, https:\/\/www.mymallorcadiary.com\/wp-content\/uploads\/2026\/02\/Hotel-for-families-in-Alcudia-2-300x168.webp 300w, https:\/\/www.mymallorcadiary.com\/wp-content\/uploads\/2026\/02\/Hotel-for-families-in-Alcudia-2-1024x575.webp 1024w, https:\/\/www.mymallorcadiary.com\/wp-content\/uploads\/2026\/02\/Hotel-for-families-in-Alcudia-2-768x431.webp 768w, https:\/\/www.mymallorcadiary.com\/wp-content\/uploads\/2026\/02\/Hotel-for-families-in-Alcudia-2-1536x862.webp 1536w, https:\/\/www.mymallorcadiary.com\/wp-content\/uploads\/2026\/02\/Hotel-for-families-in-Alcudia-2-696x391.webp 696w, https:\/\/www.mymallorcadiary.com\/wp-content\/uploads\/2026\/02\/Hotel-for-families-in-Alcudia-2-1392x782.webp 1392w\" sizes=\"(max-width: 1920px) 100vw, 1920px\" \/><\/a>\n\t\t\t<\/div><\/figure><figure class='gallery-item'>\n\t\t\t<div class='gallery-icon landscape'>\n\t\t\t\t<a href='https:\/\/www.mymallorcadiary.com\/wp-content\/uploads\/2026\/02\/Ona-Aucanada-Mallorca.webp'><img decoding=\"async\" width=\"1920\" height=\"1078\" src=\"https:\/\/www.mymallorcadiary.com\/wp-content\/uploads\/2026\/02\/Ona-Aucanada-Mallorca.webp\" class=\"attachment-full size-full\" alt=\"\" srcset=\"https:\/\/www.mymallorcadiary.com\/wp-content\/uploads\/2026\/02\/Ona-Aucanada-Mallorca.webp 1920w, https:\/\/www.mymallorcadiary.com\/wp-content\/uploads\/2026\/02\/Ona-Aucanada-Mallorca-300x168.webp 300w, https:\/\/www.mymallorcadiary.com\/wp-content\/uploads\/2026\/02\/Ona-Aucanada-Mallorca-1024x575.webp 1024w, https:\/\/www.mymallorcadiary.com\/wp-content\/uploads\/2026\/02\/Ona-Aucanada-Mallorca-768x431.webp 768w, https:\/\/www.mymallorcadiary.com\/wp-content\/uploads\/2026\/02\/Ona-Aucanada-Mallorca-1536x862.webp 1536w, https:\/\/www.mymallorcadiary.com\/wp-content\/uploads\/2026\/02\/Ona-Aucanada-Mallorca-696x391.webp 696w, https:\/\/www.mymallorcadiary.com\/wp-content\/uploads\/2026\/02\/Ona-Aucanada-Mallorca-1392x782.webp 1392w\" sizes=\"(max-width: 1920px) 100vw, 1920px\" \/><\/a>\n\t\t\t<\/div><\/figure>\n\t\t<\/div>\n\n<p data-start=\"3948\" data-end=\"4075\">Fotos von onahotels.com<\/p>\n<p data-start=\"3948\" data-end=\"4075\"><strong data-start=\"3948\" data-end=\"3985\">Warum sollten Sie das Aparthotel Ona Aucanada f\u00fcr einen Familienurlaub buchen?<\/strong><br data-start=\"3985\" data-end=\"3988\">Ideal f\u00fcr Familien, die Ruhe suchen und dennoch in der N\u00e4he der Sehensw\u00fcrdigkeiten von Alc\u00fadia sein m\u00f6chten.<\/p>\n<p data-start=\"3948\" data-end=\"4075\"><strong>Link f\u00fcr weitere Details und Buchung: <a href=\"https:\/\/booking.stay22.com\/likexpats\/wFrHArK5KY\" target=\"_blank\" rel=\"noopener\">Aparthotel Ona Aucanada<\/a><\/strong><\/p>\n<h4><span class=\"ez-toc-section\" id=\"Hotel_Ivory_Playa_Sports_Spa_3\"><\/span><strong>Hotel Ivory Playa Sports &amp; Spa 3*<\/strong><span class=\"ez-toc-section-end\"><\/span><\/h4>\n<p><a href=\"https:\/\/maps.app.goo.gl\/qnKVhjH1pChRrnTc7\" target=\"_blank\" rel=\"noopener\"><strong>Lage Hotel Ivory Playa Sports &amp; Spa <\/strong><\/a>| Playa de Muro<\/p>\n<p><img decoding=\"async\" class=\"alignnone wp-image-1216 size-full\" src=\"https:\/\/www.mymallorcadiary.com\/wp-content\/uploads\/2026\/02\/Sport-hotel-in-North-Mallorca.webp\" alt=\"\" width=\"1920\" height=\"1078\" srcset=\"https:\/\/www.mymallorcadiary.com\/wp-content\/uploads\/2026\/02\/Sport-hotel-in-North-Mallorca.webp 1920w, https:\/\/www.mymallorcadiary.com\/wp-content\/uploads\/2026\/02\/Sport-hotel-in-North-Mallorca-300x168.webp 300w, https:\/\/www.mymallorcadiary.com\/wp-content\/uploads\/2026\/02\/Sport-hotel-in-North-Mallorca-1024x575.webp 1024w, https:\/\/www.mymallorcadiary.com\/wp-content\/uploads\/2026\/02\/Sport-hotel-in-North-Mallorca-768x431.webp 768w, https:\/\/www.mymallorcadiary.com\/wp-content\/uploads\/2026\/02\/Sport-hotel-in-North-Mallorca-1536x862.webp 1536w, https:\/\/www.mymallorcadiary.com\/wp-content\/uploads\/2026\/02\/Sport-hotel-in-North-Mallorca-696x391.webp 696w, https:\/\/www.mymallorcadiary.com\/wp-content\/uploads\/2026\/02\/Sport-hotel-in-North-Mallorca-1392x782.webp 1392w\" sizes=\"(max-width: 1920px) 100vw, 1920px\" \/><\/p>\n<p data-start=\"4152\" data-end=\"4275\">Ein etabliertes Hotel, das bei Familien und Sportbegeisterten beliebt ist. Es liegt in Strandn\u00e4he und bietet Unterk\u00fcnfte zu einem guten Preis-Leistungs-Verh\u00e4ltnis. <\/p>\n<div id='gallery-15' class='gallery galleryid-2789 gallery-columns-2 gallery-size-full'><figure class='gallery-item'>\n\t\t\t<div class='gallery-icon landscape'>\n\t\t\t\t<a href='https:\/\/www.mymallorcadiary.com\/wp-content\/uploads\/2026\/02\/Pool-hotel-in-Alcudia.webp'><img decoding=\"async\" width=\"1920\" height=\"1078\" src=\"https:\/\/www.mymallorcadiary.com\/wp-content\/uploads\/2026\/02\/Pool-hotel-in-Alcudia.webp\" class=\"attachment-full size-full\" alt=\"\" srcset=\"https:\/\/www.mymallorcadiary.com\/wp-content\/uploads\/2026\/02\/Pool-hotel-in-Alcudia.webp 1920w, https:\/\/www.mymallorcadiary.com\/wp-content\/uploads\/2026\/02\/Pool-hotel-in-Alcudia-300x168.webp 300w, https:\/\/www.mymallorcadiary.com\/wp-content\/uploads\/2026\/02\/Pool-hotel-in-Alcudia-1024x575.webp 1024w, https:\/\/www.mymallorcadiary.com\/wp-content\/uploads\/2026\/02\/Pool-hotel-in-Alcudia-768x431.webp 768w, https:\/\/www.mymallorcadiary.com\/wp-content\/uploads\/2026\/02\/Pool-hotel-in-Alcudia-1536x862.webp 1536w, https:\/\/www.mymallorcadiary.com\/wp-content\/uploads\/2026\/02\/Pool-hotel-in-Alcudia-696x391.webp 696w, https:\/\/www.mymallorcadiary.com\/wp-content\/uploads\/2026\/02\/Pool-hotel-in-Alcudia-1392x782.webp 1392w\" sizes=\"(max-width: 1920px) 100vw, 1920px\" \/><\/a>\n\t\t\t<\/div><\/figure><figure class='gallery-item'>\n\t\t\t<div class='gallery-icon landscape'>\n\t\t\t\t<a href='https:\/\/www.mymallorcadiary.com\/wp-content\/uploads\/2026\/02\/Ivory-Playa-hotel-in-Alcudia.webp'><img decoding=\"async\" width=\"1920\" height=\"1078\" src=\"https:\/\/www.mymallorcadiary.com\/wp-content\/uploads\/2026\/02\/Ivory-Playa-hotel-in-Alcudia.webp\" class=\"attachment-full size-full\" alt=\"\" srcset=\"https:\/\/www.mymallorcadiary.com\/wp-content\/uploads\/2026\/02\/Ivory-Playa-hotel-in-Alcudia.webp 1920w, https:\/\/www.mymallorcadiary.com\/wp-content\/uploads\/2026\/02\/Ivory-Playa-hotel-in-Alcudia-300x168.webp 300w, https:\/\/www.mymallorcadiary.com\/wp-content\/uploads\/2026\/02\/Ivory-Playa-hotel-in-Alcudia-1024x575.webp 1024w, https:\/\/www.mymallorcadiary.com\/wp-content\/uploads\/2026\/02\/Ivory-Playa-hotel-in-Alcudia-768x431.webp 768w, https:\/\/www.mymallorcadiary.com\/wp-content\/uploads\/2026\/02\/Ivory-Playa-hotel-in-Alcudia-1536x862.webp 1536w, https:\/\/www.mymallorcadiary.com\/wp-content\/uploads\/2026\/02\/Ivory-Playa-hotel-in-Alcudia-696x391.webp 696w, https:\/\/www.mymallorcadiary.com\/wp-content\/uploads\/2026\/02\/Ivory-Playa-hotel-in-Alcudia-1392x782.webp 1392w\" sizes=\"(max-width: 1920px) 100vw, 1920px\" \/><\/a>\n\t\t\t<\/div><\/figure><figure class='gallery-item'>\n\t\t\t<div class='gallery-icon landscape'>\n\t\t\t\t<a href='https:\/\/www.mymallorcadiary.com\/wp-content\/uploads\/2026\/02\/Hotel-for-families-in-north-Mallorca-1.webp'><img decoding=\"async\" width=\"1920\" height=\"1078\" src=\"https:\/\/www.mymallorcadiary.com\/wp-content\/uploads\/2026\/02\/Hotel-for-families-in-north-Mallorca-1.webp\" class=\"attachment-full size-full\" alt=\"\" srcset=\"https:\/\/www.mymallorcadiary.com\/wp-content\/uploads\/2026\/02\/Hotel-for-families-in-north-Mallorca-1.webp 1920w, https:\/\/www.mymallorcadiary.com\/wp-content\/uploads\/2026\/02\/Hotel-for-families-in-north-Mallorca-1-300x168.webp 300w, https:\/\/www.mymallorcadiary.com\/wp-content\/uploads\/2026\/02\/Hotel-for-families-in-north-Mallorca-1-1024x575.webp 1024w, https:\/\/www.mymallorcadiary.com\/wp-content\/uploads\/2026\/02\/Hotel-for-families-in-north-Mallorca-1-768x431.webp 768w, https:\/\/www.mymallorcadiary.com\/wp-content\/uploads\/2026\/02\/Hotel-for-families-in-north-Mallorca-1-1536x862.webp 1536w, https:\/\/www.mymallorcadiary.com\/wp-content\/uploads\/2026\/02\/Hotel-for-families-in-north-Mallorca-1-696x391.webp 696w, https:\/\/www.mymallorcadiary.com\/wp-content\/uploads\/2026\/02\/Hotel-for-families-in-north-Mallorca-1-1392x782.webp 1392w\" sizes=\"(max-width: 1920px) 100vw, 1920px\" \/><\/a>\n\t\t\t<\/div><\/figure><figure class='gallery-item'>\n\t\t\t<div class='gallery-icon landscape'>\n\t\t\t\t<a href='https:\/\/www.mymallorcadiary.com\/wp-content\/uploads\/2026\/02\/Beautiful-hotel-in-Alcudia-1.webp'><img decoding=\"async\" width=\"1920\" height=\"1078\" src=\"https:\/\/www.mymallorcadiary.com\/wp-content\/uploads\/2026\/02\/Beautiful-hotel-in-Alcudia-1.webp\" class=\"attachment-full size-full\" alt=\"\" srcset=\"https:\/\/www.mymallorcadiary.com\/wp-content\/uploads\/2026\/02\/Beautiful-hotel-in-Alcudia-1.webp 1920w, https:\/\/www.mymallorcadiary.com\/wp-content\/uploads\/2026\/02\/Beautiful-hotel-in-Alcudia-1-300x168.webp 300w, https:\/\/www.mymallorcadiary.com\/wp-content\/uploads\/2026\/02\/Beautiful-hotel-in-Alcudia-1-1024x575.webp 1024w, https:\/\/www.mymallorcadiary.com\/wp-content\/uploads\/2026\/02\/Beautiful-hotel-in-Alcudia-1-768x431.webp 768w, https:\/\/www.mymallorcadiary.com\/wp-content\/uploads\/2026\/02\/Beautiful-hotel-in-Alcudia-1-1536x862.webp 1536w, https:\/\/www.mymallorcadiary.com\/wp-content\/uploads\/2026\/02\/Beautiful-hotel-in-Alcudia-1-696x391.webp 696w, https:\/\/www.mymallorcadiary.com\/wp-content\/uploads\/2026\/02\/Beautiful-hotel-in-Alcudia-1-1392x782.webp 1392w\" sizes=\"(max-width: 1920px) 100vw, 1920px\" \/><\/a>\n\t\t\t<\/div><\/figure>\n\t\t<\/div>\n\n<p data-start=\"4277\" data-end=\"4384\">Fotos von hotelivory.com<\/p>\n<p data-start=\"4277\" data-end=\"4384\"><strong data-start=\"4277\" data-end=\"4314\">Warum sollten Sie das Hotel Ivory Playa Sports &amp; Spa f\u00fcr einen Familienurlaub buchen?<\/strong><br data-start=\"4314\" data-end=\"4317\">Eine preisg\u00fcnstige Unterkunft in der N\u00e4he eines der kindersichersten Str\u00e4nde.<\/p>\n<p data-start=\"4277\" data-end=\"4384\"><strong>Link f\u00fcr weitere Informationen und zur Buchung: <a href=\"https:\/\/booking.stay22.com\/likexpats\/P5jvpo-4Pk\" target=\"_blank\" rel=\"noopener\">Hotel Ivory Playa Sports &amp; Spa<\/a><\/strong><\/p>\n<h4><span class=\"ez-toc-section\" id=\"Ona_Garden_Lago_3\"><\/span><strong>Ona Garden Lago 3*<\/strong><span class=\"ez-toc-section-end\"><\/span><\/h4>\n<p><a href=\"https:\/\/maps.app.goo.gl\/3GPycCPAXN3EHxpb7\" target=\"_blank\" rel=\"noopener\"><strong>Lage Ona Garden Lago <\/strong><\/a>| Puerto de Alcudia | In der N\u00e4he von See und Strand<\/p>\n<p><img decoding=\"async\" class=\"alignnone wp-image-1222 size-full\" src=\"https:\/\/www.mymallorcadiary.com\/wp-content\/uploads\/2026\/02\/Ona-Garden-Lago.webp\" alt=\"\" width=\"1920\" height=\"1078\" srcset=\"https:\/\/www.mymallorcadiary.com\/wp-content\/uploads\/2026\/02\/Ona-Garden-Lago.webp 1920w, https:\/\/www.mymallorcadiary.com\/wp-content\/uploads\/2026\/02\/Ona-Garden-Lago-300x168.webp 300w, https:\/\/www.mymallorcadiary.com\/wp-content\/uploads\/2026\/02\/Ona-Garden-Lago-1024x575.webp 1024w, https:\/\/www.mymallorcadiary.com\/wp-content\/uploads\/2026\/02\/Ona-Garden-Lago-768x431.webp 768w, https:\/\/www.mymallorcadiary.com\/wp-content\/uploads\/2026\/02\/Ona-Garden-Lago-1536x862.webp 1536w, https:\/\/www.mymallorcadiary.com\/wp-content\/uploads\/2026\/02\/Ona-Garden-Lago-696x391.webp 696w, https:\/\/www.mymallorcadiary.com\/wp-content\/uploads\/2026\/02\/Ona-Garden-Lago-1392x782.webp 1392w\" sizes=\"(max-width: 1920px) 100vw, 1920px\" \/><\/p>\n<p data-start=\"4472\" data-end=\"4526\">Ger\u00e4umige Apartments mit Pool und K\u00fcchenausstattung.<\/p>\n<div id='gallery-16' class='gallery galleryid-2789 gallery-columns-2 gallery-size-full'><figure class='gallery-item'>\n\t\t\t<div class='gallery-icon landscape'>\n\t\t\t\t<a href='https:\/\/www.mymallorcadiary.com\/wp-content\/uploads\/2026\/02\/Ona-Garden-Lago-in-Alcudia.webp'><img decoding=\"async\" width=\"1920\" height=\"1078\" src=\"https:\/\/www.mymallorcadiary.com\/wp-content\/uploads\/2026\/02\/Ona-Garden-Lago-in-Alcudia.webp\" class=\"attachment-full size-full\" alt=\"\" srcset=\"https:\/\/www.mymallorcadiary.com\/wp-content\/uploads\/2026\/02\/Ona-Garden-Lago-in-Alcudia.webp 1920w, https:\/\/www.mymallorcadiary.com\/wp-content\/uploads\/2026\/02\/Ona-Garden-Lago-in-Alcudia-300x168.webp 300w, https:\/\/www.mymallorcadiary.com\/wp-content\/uploads\/2026\/02\/Ona-Garden-Lago-in-Alcudia-1024x575.webp 1024w, https:\/\/www.mymallorcadiary.com\/wp-content\/uploads\/2026\/02\/Ona-Garden-Lago-in-Alcudia-768x431.webp 768w, https:\/\/www.mymallorcadiary.com\/wp-content\/uploads\/2026\/02\/Ona-Garden-Lago-in-Alcudia-1536x862.webp 1536w, https:\/\/www.mymallorcadiary.com\/wp-content\/uploads\/2026\/02\/Ona-Garden-Lago-in-Alcudia-696x391.webp 696w, https:\/\/www.mymallorcadiary.com\/wp-content\/uploads\/2026\/02\/Ona-Garden-Lago-in-Alcudia-1392x782.webp 1392w\" sizes=\"(max-width: 1920px) 100vw, 1920px\" \/><\/a>\n\t\t\t<\/div><\/figure><figure class='gallery-item'>\n\t\t\t<div class='gallery-icon landscape'>\n\t\t\t\t<a href='https:\/\/www.mymallorcadiary.com\/wp-content\/uploads\/2026\/02\/Beautiful-apartments-in-alcudia.webp'><img decoding=\"async\" width=\"1920\" height=\"1078\" src=\"https:\/\/www.mymallorcadiary.com\/wp-content\/uploads\/2026\/02\/Beautiful-apartments-in-alcudia.webp\" class=\"attachment-full size-full\" alt=\"\" srcset=\"https:\/\/www.mymallorcadiary.com\/wp-content\/uploads\/2026\/02\/Beautiful-apartments-in-alcudia.webp 1920w, https:\/\/www.mymallorcadiary.com\/wp-content\/uploads\/2026\/02\/Beautiful-apartments-in-alcudia-300x168.webp 300w, https:\/\/www.mymallorcadiary.com\/wp-content\/uploads\/2026\/02\/Beautiful-apartments-in-alcudia-1024x575.webp 1024w, https:\/\/www.mymallorcadiary.com\/wp-content\/uploads\/2026\/02\/Beautiful-apartments-in-alcudia-768x431.webp 768w, https:\/\/www.mymallorcadiary.com\/wp-content\/uploads\/2026\/02\/Beautiful-apartments-in-alcudia-1536x862.webp 1536w, https:\/\/www.mymallorcadiary.com\/wp-content\/uploads\/2026\/02\/Beautiful-apartments-in-alcudia-696x391.webp 696w, https:\/\/www.mymallorcadiary.com\/wp-content\/uploads\/2026\/02\/Beautiful-apartments-in-alcudia-1392x782.webp 1392w\" sizes=\"(max-width: 1920px) 100vw, 1920px\" \/><\/a>\n\t\t\t<\/div><\/figure><figure class='gallery-item'>\n\t\t\t<div class='gallery-icon landscape'>\n\t\t\t\t<a href='https:\/\/www.mymallorcadiary.com\/wp-content\/uploads\/2026\/02\/Hotel-and-apartments-for-families-in-Alcudia.webp'><img decoding=\"async\" width=\"1920\" height=\"1078\" src=\"https:\/\/www.mymallorcadiary.com\/wp-content\/uploads\/2026\/02\/Hotel-and-apartments-for-families-in-Alcudia.webp\" class=\"attachment-full size-full\" alt=\"\" srcset=\"https:\/\/www.mymallorcadiary.com\/wp-content\/uploads\/2026\/02\/Hotel-and-apartments-for-families-in-Alcudia.webp 1920w, https:\/\/www.mymallorcadiary.com\/wp-content\/uploads\/2026\/02\/Hotel-and-apartments-for-families-in-Alcudia-300x168.webp 300w, https:\/\/www.mymallorcadiary.com\/wp-content\/uploads\/2026\/02\/Hotel-and-apartments-for-families-in-Alcudia-1024x575.webp 1024w, https:\/\/www.mymallorcadiary.com\/wp-content\/uploads\/2026\/02\/Hotel-and-apartments-for-families-in-Alcudia-768x431.webp 768w, https:\/\/www.mymallorcadiary.com\/wp-content\/uploads\/2026\/02\/Hotel-and-apartments-for-families-in-Alcudia-1536x862.webp 1536w, https:\/\/www.mymallorcadiary.com\/wp-content\/uploads\/2026\/02\/Hotel-and-apartments-for-families-in-Alcudia-696x391.webp 696w, https:\/\/www.mymallorcadiary.com\/wp-content\/uploads\/2026\/02\/Hotel-and-apartments-for-families-in-Alcudia-1392x782.webp 1392w\" sizes=\"(max-width: 1920px) 100vw, 1920px\" \/><\/a>\n\t\t\t<\/div><\/figure><figure class='gallery-item'>\n\t\t\t<div class='gallery-icon landscape'>\n\t\t\t\t<a href='https:\/\/www.mymallorcadiary.com\/wp-content\/uploads\/2026\/02\/Accommodation-for-families-Alcudia.webp'><img decoding=\"async\" width=\"1920\" height=\"1078\" src=\"https:\/\/www.mymallorcadiary.com\/wp-content\/uploads\/2026\/02\/Accommodation-for-families-Alcudia.webp\" class=\"attachment-full size-full\" alt=\"\" srcset=\"https:\/\/www.mymallorcadiary.com\/wp-content\/uploads\/2026\/02\/Accommodation-for-families-Alcudia.webp 1920w, https:\/\/www.mymallorcadiary.com\/wp-content\/uploads\/2026\/02\/Accommodation-for-families-Alcudia-300x168.webp 300w, https:\/\/www.mymallorcadiary.com\/wp-content\/uploads\/2026\/02\/Accommodation-for-families-Alcudia-1024x575.webp 1024w, https:\/\/www.mymallorcadiary.com\/wp-content\/uploads\/2026\/02\/Accommodation-for-families-Alcudia-768x431.webp 768w, https:\/\/www.mymallorcadiary.com\/wp-content\/uploads\/2026\/02\/Accommodation-for-families-Alcudia-1536x862.webp 1536w, https:\/\/www.mymallorcadiary.com\/wp-content\/uploads\/2026\/02\/Accommodation-for-families-Alcudia-696x391.webp 696w, https:\/\/www.mymallorcadiary.com\/wp-content\/uploads\/2026\/02\/Accommodation-for-families-Alcudia-1392x782.webp 1392w\" sizes=\"(max-width: 1920px) 100vw, 1920px\" \/><\/a>\n\t\t\t<\/div><\/figure>\n\t\t<\/div>\n\n<p data-start=\"4528\" data-end=\"4633\">Fotos von onahotels.com<\/p>\n<p data-start=\"4528\" data-end=\"4633\"><strong data-start=\"4528\" data-end=\"4565\">Warum sollten Sie das Ona Garden Lago f\u00fcr einen Familienurlaub buchen?<\/strong><br data-start=\"4565\" data-end=\"4568\">Ideal f\u00fcr Familien, die Flexibilit\u00e4t und mehr Wohnraum suchen.<\/p>\n<p data-start=\"4528\" data-end=\"4633\"><strong>Link f\u00fcr weitere Informationen und zur Buchung: <a href=\"https:\/\/booking.stay22.com\/likexpats\/dO_8SdjbjY\" target=\"_blank\" rel=\"noopener\">Ona Garden Lago<\/a><\/strong><\/p>\n<h3><span class=\"ez-toc-section\" id=\"Ferienwohnungen_fuer_Familien_in_Alcudia\"><\/span><strong>Ferienwohnungen f\u00fcr Familien in Alcudia<\/strong><span class=\"ez-toc-section-end\"><\/span><\/h3>\n<h4><span class=\"ez-toc-section\" id=\"Luxurioeses_Apartment_mit_Meerblick_in_Puerto_de_Alcudia\"><\/span><strong>Luxuri\u00f6ses Apartment mit Meerblick in Puerto de Alcudia<\/strong><span class=\"ez-toc-section-end\"><\/span><\/h4>\n<p><a href=\"https:\/\/maps.app.goo.gl\/abPsFpAivE1XViMa8\" target=\"_blank\" rel=\"noopener\"><strong>Lage Luxury Sea View Apartment in Puerto de Alcudia <\/strong><\/a>| Direkt am Strand von Puerto de Alc\u00fadia<\/p>\n<p><img decoding=\"async\" class=\"alignnone wp-image-1225 size-full\" src=\"https:\/\/www.mymallorcadiary.com\/wp-content\/uploads\/2026\/02\/Luxury-apartment-for-families-in-Alcudia.webp\" alt=\"\" width=\"1920\" height=\"1078\" srcset=\"https:\/\/www.mymallorcadiary.com\/wp-content\/uploads\/2026\/02\/Luxury-apartment-for-families-in-Alcudia.webp 1920w, https:\/\/www.mymallorcadiary.com\/wp-content\/uploads\/2026\/02\/Luxury-apartment-for-families-in-Alcudia-300x168.webp 300w, https:\/\/www.mymallorcadiary.com\/wp-content\/uploads\/2026\/02\/Luxury-apartment-for-families-in-Alcudia-1024x575.webp 1024w, https:\/\/www.mymallorcadiary.com\/wp-content\/uploads\/2026\/02\/Luxury-apartment-for-families-in-Alcudia-768x431.webp 768w, https:\/\/www.mymallorcadiary.com\/wp-content\/uploads\/2026\/02\/Luxury-apartment-for-families-in-Alcudia-1536x862.webp 1536w, https:\/\/www.mymallorcadiary.com\/wp-content\/uploads\/2026\/02\/Luxury-apartment-for-families-in-Alcudia-696x391.webp 696w, https:\/\/www.mymallorcadiary.com\/wp-content\/uploads\/2026\/02\/Luxury-apartment-for-families-in-Alcudia-1392x782.webp 1392w\" sizes=\"(max-width: 1920px) 100vw, 1920px\" \/><\/p>\n<p data-start=\"2686\" data-end=\"2794\">Ger\u00e4umige Wohnung mit Meerblick und direkter Strandn\u00e4he. Mit K\u00fcchenausstattung und eigener Terrasse. <\/p>\n<div id='gallery-17' class='gallery galleryid-2789 gallery-columns-2 gallery-size-full'><figure class='gallery-item'>\n\t\t\t<div class='gallery-icon landscape'>\n\t\t\t\t<a href='https:\/\/www.mymallorcadiary.com\/wp-content\/uploads\/2026\/02\/Luxury-apartment-in-Alcudia.webp'><img decoding=\"async\" width=\"1920\" height=\"1078\" src=\"https:\/\/www.mymallorcadiary.com\/wp-content\/uploads\/2026\/02\/Luxury-apartment-in-Alcudia.webp\" class=\"attachment-full size-full\" alt=\"\" srcset=\"https:\/\/www.mymallorcadiary.com\/wp-content\/uploads\/2026\/02\/Luxury-apartment-in-Alcudia.webp 1920w, https:\/\/www.mymallorcadiary.com\/wp-content\/uploads\/2026\/02\/Luxury-apartment-in-Alcudia-300x168.webp 300w, https:\/\/www.mymallorcadiary.com\/wp-content\/uploads\/2026\/02\/Luxury-apartment-in-Alcudia-1024x575.webp 1024w, https:\/\/www.mymallorcadiary.com\/wp-content\/uploads\/2026\/02\/Luxury-apartment-in-Alcudia-768x431.webp 768w, https:\/\/www.mymallorcadiary.com\/wp-content\/uploads\/2026\/02\/Luxury-apartment-in-Alcudia-1536x862.webp 1536w, https:\/\/www.mymallorcadiary.com\/wp-content\/uploads\/2026\/02\/Luxury-apartment-in-Alcudia-696x391.webp 696w, https:\/\/www.mymallorcadiary.com\/wp-content\/uploads\/2026\/02\/Luxury-apartment-in-Alcudia-1392x782.webp 1392w\" sizes=\"(max-width: 1920px) 100vw, 1920px\" \/><\/a>\n\t\t\t<\/div><\/figure><figure class='gallery-item'>\n\t\t\t<div class='gallery-icon landscape'>\n\t\t\t\t<a href='https:\/\/www.mymallorcadiary.com\/wp-content\/uploads\/2026\/02\/Luxury-family-apartment.webp'><img decoding=\"async\" width=\"1920\" height=\"1078\" src=\"https:\/\/www.mymallorcadiary.com\/wp-content\/uploads\/2026\/02\/Luxury-family-apartment.webp\" class=\"attachment-full size-full\" alt=\"\" srcset=\"https:\/\/www.mymallorcadiary.com\/wp-content\/uploads\/2026\/02\/Luxury-family-apartment.webp 1920w, https:\/\/www.mymallorcadiary.com\/wp-content\/uploads\/2026\/02\/Luxury-family-apartment-300x168.webp 300w, https:\/\/www.mymallorcadiary.com\/wp-content\/uploads\/2026\/02\/Luxury-family-apartment-1024x575.webp 1024w, https:\/\/www.mymallorcadiary.com\/wp-content\/uploads\/2026\/02\/Luxury-family-apartment-768x431.webp 768w, https:\/\/www.mymallorcadiary.com\/wp-content\/uploads\/2026\/02\/Luxury-family-apartment-1536x862.webp 1536w, https:\/\/www.mymallorcadiary.com\/wp-content\/uploads\/2026\/02\/Luxury-family-apartment-696x391.webp 696w, https:\/\/www.mymallorcadiary.com\/wp-content\/uploads\/2026\/02\/Luxury-family-apartment-1392x782.webp 1392w\" sizes=\"(max-width: 1920px) 100vw, 1920px\" \/><\/a>\n\t\t\t<\/div><\/figure><figure class='gallery-item'>\n\t\t\t<div class='gallery-icon landscape'>\n\t\t\t\t<a href='https:\/\/www.mymallorcadiary.com\/wp-content\/uploads\/2026\/02\/Big-luxury-apartment-in-Alcudia.webp'><img decoding=\"async\" width=\"1920\" height=\"1078\" src=\"https:\/\/www.mymallorcadiary.com\/wp-content\/uploads\/2026\/02\/Big-luxury-apartment-in-Alcudia.webp\" class=\"attachment-full size-full\" alt=\"\" srcset=\"https:\/\/www.mymallorcadiary.com\/wp-content\/uploads\/2026\/02\/Big-luxury-apartment-in-Alcudia.webp 1920w, https:\/\/www.mymallorcadiary.com\/wp-content\/uploads\/2026\/02\/Big-luxury-apartment-in-Alcudia-300x168.webp 300w, https:\/\/www.mymallorcadiary.com\/wp-content\/uploads\/2026\/02\/Big-luxury-apartment-in-Alcudia-1024x575.webp 1024w, https:\/\/www.mymallorcadiary.com\/wp-content\/uploads\/2026\/02\/Big-luxury-apartment-in-Alcudia-768x431.webp 768w, https:\/\/www.mymallorcadiary.com\/wp-content\/uploads\/2026\/02\/Big-luxury-apartment-in-Alcudia-1536x862.webp 1536w, https:\/\/www.mymallorcadiary.com\/wp-content\/uploads\/2026\/02\/Big-luxury-apartment-in-Alcudia-696x391.webp 696w, https:\/\/www.mymallorcadiary.com\/wp-content\/uploads\/2026\/02\/Big-luxury-apartment-in-Alcudia-1392x782.webp 1392w\" sizes=\"(max-width: 1920px) 100vw, 1920px\" \/><\/a>\n\t\t\t<\/div><\/figure><figure class='gallery-item'>\n\t\t\t<div class='gallery-icon landscape'>\n\t\t\t\t<a href='https:\/\/www.mymallorcadiary.com\/wp-content\/uploads\/2026\/02\/Luxury-apartment-in-north-Mallorca.webp'><img decoding=\"async\" width=\"1920\" height=\"1078\" src=\"https:\/\/www.mymallorcadiary.com\/wp-content\/uploads\/2026\/02\/Luxury-apartment-in-north-Mallorca.webp\" class=\"attachment-full size-full\" alt=\"\" srcset=\"https:\/\/www.mymallorcadiary.com\/wp-content\/uploads\/2026\/02\/Luxury-apartment-in-north-Mallorca.webp 1920w, https:\/\/www.mymallorcadiary.com\/wp-content\/uploads\/2026\/02\/Luxury-apartment-in-north-Mallorca-300x168.webp 300w, https:\/\/www.mymallorcadiary.com\/wp-content\/uploads\/2026\/02\/Luxury-apartment-in-north-Mallorca-1024x575.webp 1024w, https:\/\/www.mymallorcadiary.com\/wp-content\/uploads\/2026\/02\/Luxury-apartment-in-north-Mallorca-768x431.webp 768w, https:\/\/www.mymallorcadiary.com\/wp-content\/uploads\/2026\/02\/Luxury-apartment-in-north-Mallorca-1536x862.webp 1536w, https:\/\/www.mymallorcadiary.com\/wp-content\/uploads\/2026\/02\/Luxury-apartment-in-north-Mallorca-696x391.webp 696w, https:\/\/www.mymallorcadiary.com\/wp-content\/uploads\/2026\/02\/Luxury-apartment-in-north-Mallorca-1392x782.webp 1392w\" sizes=\"(max-width: 1920px) 100vw, 1920px\" \/><\/a>\n\t\t\t<\/div><\/figure><figure class='gallery-item'>\n\t\t\t<div class='gallery-icon landscape'>\n\t\t\t\t<a href='https:\/\/www.mymallorcadiary.com\/wp-content\/uploads\/2026\/02\/Big-apartment-for-8-people-in-Alcudia.webp'><img decoding=\"async\" width=\"1920\" height=\"1078\" src=\"https:\/\/www.mymallorcadiary.com\/wp-content\/uploads\/2026\/02\/Big-apartment-for-8-people-in-Alcudia.webp\" class=\"attachment-full size-full\" alt=\"\" srcset=\"https:\/\/www.mymallorcadiary.com\/wp-content\/uploads\/2026\/02\/Big-apartment-for-8-people-in-Alcudia.webp 1920w, https:\/\/www.mymallorcadiary.com\/wp-content\/uploads\/2026\/02\/Big-apartment-for-8-people-in-Alcudia-300x168.webp 300w, https:\/\/www.mymallorcadiary.com\/wp-content\/uploads\/2026\/02\/Big-apartment-for-8-people-in-Alcudia-1024x575.webp 1024w, https:\/\/www.mymallorcadiary.com\/wp-content\/uploads\/2026\/02\/Big-apartment-for-8-people-in-Alcudia-768x431.webp 768w, https:\/\/www.mymallorcadiary.com\/wp-content\/uploads\/2026\/02\/Big-apartment-for-8-people-in-Alcudia-1536x862.webp 1536w, https:\/\/www.mymallorcadiary.com\/wp-content\/uploads\/2026\/02\/Big-apartment-for-8-people-in-Alcudia-696x391.webp 696w, https:\/\/www.mymallorcadiary.com\/wp-content\/uploads\/2026\/02\/Big-apartment-for-8-people-in-Alcudia-1392x782.webp 1392w\" sizes=\"(max-width: 1920px) 100vw, 1920px\" \/><\/a>\n\t\t\t<\/div><\/figure><figure class='gallery-item'>\n\t\t\t<div class='gallery-icon landscape'>\n\t\t\t\t<a href='https:\/\/www.mymallorcadiary.com\/wp-content\/uploads\/2026\/02\/Luxury-apartment-in-Port-dAlcudia.webp'><img decoding=\"async\" width=\"1920\" height=\"1078\" src=\"https:\/\/www.mymallorcadiary.com\/wp-content\/uploads\/2026\/02\/Luxury-apartment-in-Port-dAlcudia.webp\" class=\"attachment-full size-full\" alt=\"\" srcset=\"https:\/\/www.mymallorcadiary.com\/wp-content\/uploads\/2026\/02\/Luxury-apartment-in-Port-dAlcudia.webp 1920w, https:\/\/www.mymallorcadiary.com\/wp-content\/uploads\/2026\/02\/Luxury-apartment-in-Port-dAlcudia-300x168.webp 300w, https:\/\/www.mymallorcadiary.com\/wp-content\/uploads\/2026\/02\/Luxury-apartment-in-Port-dAlcudia-1024x575.webp 1024w, https:\/\/www.mymallorcadiary.com\/wp-content\/uploads\/2026\/02\/Luxury-apartment-in-Port-dAlcudia-768x431.webp 768w, https:\/\/www.mymallorcadiary.com\/wp-content\/uploads\/2026\/02\/Luxury-apartment-in-Port-dAlcudia-1536x862.webp 1536w, https:\/\/www.mymallorcadiary.com\/wp-content\/uploads\/2026\/02\/Luxury-apartment-in-Port-dAlcudia-696x391.webp 696w, https:\/\/www.mymallorcadiary.com\/wp-content\/uploads\/2026\/02\/Luxury-apartment-in-Port-dAlcudia-1392x782.webp 1392w\" sizes=\"(max-width: 1920px) 100vw, 1920px\" \/><\/a>\n\t\t\t<\/div><\/figure>\n\t\t<\/div>\n\n<p data-start=\"2796\" data-end=\"2925\">Fotos von booking.com<\/p>\n<p data-start=\"2796\" data-end=\"2925\"><strong data-start=\"2796\" data-end=\"2833\">Warum sollten Sie f\u00fcr einen Familienurlaub ein luxuri\u00f6ses Apartment mit Meerblick in Puerto de Alcudia buchen?<\/strong><br data-start=\"2833\" data-end=\"2836\">Ideal f\u00fcr Familien, die direkten Zugang zum Strand und den Komfort einer eigenen Ferienwohnung suchen.<\/p>\n<p><strong>Link f\u00fcr weitere Informationen und zur Buchung: <a href=\"https:\/\/booking.stay22.com\/likexpats\/DTgZkTCYM8\" target=\"_blank\" rel=\"noopener\">Luxury Sea View Apartment in Puerto de Alcudia<\/a><\/strong><\/p>\n<h4><span class=\"ez-toc-section\" id=\"Olive_Beach_Apartamentos\"><\/span><strong>Olive Beach Apartamentos<\/strong><span class=\"ez-toc-section-end\"><\/span><\/h4>\n<p><a href=\"https:\/\/maps.app.goo.gl\/3w1sqpevsGA2FsSK9\" target=\"_blank\" rel=\"noopener\"><strong>Lage Olive Beach Apartamentos <\/strong><\/a>| Puerto de Alc\u00fadia | In Strandn\u00e4he<\/p>\n<p><img decoding=\"async\" class=\"alignnone wp-image-1234 size-full\" src=\"https:\/\/www.mymallorcadiary.com\/wp-content\/uploads\/2026\/02\/Olive-beach-apartments-Alcudia.webp\" alt=\"\" width=\"1920\" height=\"1078\" srcset=\"https:\/\/www.mymallorcadiary.com\/wp-content\/uploads\/2026\/02\/Olive-beach-apartments-Alcudia.webp 1920w, https:\/\/www.mymallorcadiary.com\/wp-content\/uploads\/2026\/02\/Olive-beach-apartments-Alcudia-300x168.webp 300w, https:\/\/www.mymallorcadiary.com\/wp-content\/uploads\/2026\/02\/Olive-beach-apartments-Alcudia-1024x575.webp 1024w, https:\/\/www.mymallorcadiary.com\/wp-content\/uploads\/2026\/02\/Olive-beach-apartments-Alcudia-768x431.webp 768w, https:\/\/www.mymallorcadiary.com\/wp-content\/uploads\/2026\/02\/Olive-beach-apartments-Alcudia-1536x862.webp 1536w, https:\/\/www.mymallorcadiary.com\/wp-content\/uploads\/2026\/02\/Olive-beach-apartments-Alcudia-696x391.webp 696w, https:\/\/www.mymallorcadiary.com\/wp-content\/uploads\/2026\/02\/Olive-beach-apartments-Alcudia-1392x782.webp 1392w\" sizes=\"(max-width: 1920px) 100vw, 1920px\" \/><\/p>\n<p data-start=\"3013\" data-end=\"3077\">Moderne Apartments mit Zugang zum Pool und Selbstversorgungsm\u00f6glichkeiten.<\/p>\n<div id='gallery-18' class='gallery galleryid-2789 gallery-columns-2 gallery-size-full'><figure class='gallery-item'>\n\t\t\t<div class='gallery-icon landscape'>\n\t\t\t\t<a href='https:\/\/www.mymallorcadiary.com\/de\/die-beste-gegend-auf-mallorca-fuer-familien\/beautiful-apartments-in-alcudia-beach-2\/'><img decoding=\"async\" width=\"1920\" height=\"1078\" src=\"https:\/\/www.mymallorcadiary.com\/wp-content\/uploads\/2026\/02\/Beautiful-apartments-in-Alcudia-beach.webp\" class=\"attachment-full size-full\" alt=\"\" srcset=\"https:\/\/www.mymallorcadiary.com\/wp-content\/uploads\/2026\/02\/Beautiful-apartments-in-Alcudia-beach.webp 1920w, https:\/\/www.mymallorcadiary.com\/wp-content\/uploads\/2026\/02\/Beautiful-apartments-in-Alcudia-beach-300x168.webp 300w, https:\/\/www.mymallorcadiary.com\/wp-content\/uploads\/2026\/02\/Beautiful-apartments-in-Alcudia-beach-1024x575.webp 1024w, https:\/\/www.mymallorcadiary.com\/wp-content\/uploads\/2026\/02\/Beautiful-apartments-in-Alcudia-beach-768x431.webp 768w, https:\/\/www.mymallorcadiary.com\/wp-content\/uploads\/2026\/02\/Beautiful-apartments-in-Alcudia-beach-1536x862.webp 1536w, https:\/\/www.mymallorcadiary.com\/wp-content\/uploads\/2026\/02\/Beautiful-apartments-in-Alcudia-beach-696x391.webp 696w, https:\/\/www.mymallorcadiary.com\/wp-content\/uploads\/2026\/02\/Beautiful-apartments-in-Alcudia-beach-1392x782.webp 1392w\" sizes=\"(max-width: 1920px) 100vw, 1920px\" \/><\/a>\n\t\t\t<\/div><\/figure><figure class='gallery-item'>\n\t\t\t<div class='gallery-icon landscape'>\n\t\t\t\t<a href='https:\/\/www.mymallorcadiary.com\/de\/die-beste-gegend-auf-mallorca-fuer-familien\/puerto-de-alcudia-apartaments-for-families-2\/'><img decoding=\"async\" width=\"1920\" height=\"1078\" src=\"https:\/\/www.mymallorcadiary.com\/wp-content\/uploads\/2026\/02\/Puerto-de-Alcudia-apartaments-for-families.webp\" class=\"attachment-full size-full\" alt=\"\" srcset=\"https:\/\/www.mymallorcadiary.com\/wp-content\/uploads\/2026\/02\/Puerto-de-Alcudia-apartaments-for-families.webp 1920w, https:\/\/www.mymallorcadiary.com\/wp-content\/uploads\/2026\/02\/Puerto-de-Alcudia-apartaments-for-families-300x168.webp 300w, https:\/\/www.mymallorcadiary.com\/wp-content\/uploads\/2026\/02\/Puerto-de-Alcudia-apartaments-for-families-1024x575.webp 1024w, https:\/\/www.mymallorcadiary.com\/wp-content\/uploads\/2026\/02\/Puerto-de-Alcudia-apartaments-for-families-768x431.webp 768w, https:\/\/www.mymallorcadiary.com\/wp-content\/uploads\/2026\/02\/Puerto-de-Alcudia-apartaments-for-families-1536x862.webp 1536w, https:\/\/www.mymallorcadiary.com\/wp-content\/uploads\/2026\/02\/Puerto-de-Alcudia-apartaments-for-families-696x391.webp 696w, https:\/\/www.mymallorcadiary.com\/wp-content\/uploads\/2026\/02\/Puerto-de-Alcudia-apartaments-for-families-1392x782.webp 1392w\" sizes=\"(max-width: 1920px) 100vw, 1920px\" \/><\/a>\n\t\t\t<\/div><\/figure><figure class='gallery-item'>\n\t\t\t<div class='gallery-icon landscape'>\n\t\t\t\t<a href='https:\/\/www.mymallorcadiary.com\/de\/die-beste-gegend-auf-mallorca-fuer-familien\/puerto-de-alcudia-apartments-2\/'><img decoding=\"async\" width=\"1920\" height=\"1078\" src=\"https:\/\/www.mymallorcadiary.com\/wp-content\/uploads\/2026\/02\/Puerto-de-Alcudia-apartments.webp\" class=\"attachment-full size-full\" alt=\"\" srcset=\"https:\/\/www.mymallorcadiary.com\/wp-content\/uploads\/2026\/02\/Puerto-de-Alcudia-apartments.webp 1920w, https:\/\/www.mymallorcadiary.com\/wp-content\/uploads\/2026\/02\/Puerto-de-Alcudia-apartments-300x168.webp 300w, https:\/\/www.mymallorcadiary.com\/wp-content\/uploads\/2026\/02\/Puerto-de-Alcudia-apartments-1024x575.webp 1024w, https:\/\/www.mymallorcadiary.com\/wp-content\/uploads\/2026\/02\/Puerto-de-Alcudia-apartments-768x431.webp 768w, https:\/\/www.mymallorcadiary.com\/wp-content\/uploads\/2026\/02\/Puerto-de-Alcudia-apartments-1536x862.webp 1536w, https:\/\/www.mymallorcadiary.com\/wp-content\/uploads\/2026\/02\/Puerto-de-Alcudia-apartments-696x391.webp 696w, https:\/\/www.mymallorcadiary.com\/wp-content\/uploads\/2026\/02\/Puerto-de-Alcudia-apartments-1392x782.webp 1392w\" sizes=\"(max-width: 1920px) 100vw, 1920px\" \/><\/a>\n\t\t\t<\/div><\/figure><figure class='gallery-item'>\n\t\t\t<div class='gallery-icon landscape'>\n\t\t\t\t<a href='https:\/\/www.mymallorcadiary.com\/de\/die-beste-gegend-auf-mallorca-fuer-familien\/olive-beach-alcudia-2\/'><img decoding=\"async\" width=\"1920\" height=\"1078\" src=\"https:\/\/www.mymallorcadiary.com\/wp-content\/uploads\/2026\/02\/Olive-beach-alcudia.webp\" class=\"attachment-full size-full\" alt=\"\" srcset=\"https:\/\/www.mymallorcadiary.com\/wp-content\/uploads\/2026\/02\/Olive-beach-alcudia.webp 1920w, https:\/\/www.mymallorcadiary.com\/wp-content\/uploads\/2026\/02\/Olive-beach-alcudia-300x168.webp 300w, https:\/\/www.mymallorcadiary.com\/wp-content\/uploads\/2026\/02\/Olive-beach-alcudia-1024x575.webp 1024w, https:\/\/www.mymallorcadiary.com\/wp-content\/uploads\/2026\/02\/Olive-beach-alcudia-768x431.webp 768w, https:\/\/www.mymallorcadiary.com\/wp-content\/uploads\/2026\/02\/Olive-beach-alcudia-1536x862.webp 1536w, https:\/\/www.mymallorcadiary.com\/wp-content\/uploads\/2026\/02\/Olive-beach-alcudia-696x391.webp 696w, https:\/\/www.mymallorcadiary.com\/wp-content\/uploads\/2026\/02\/Olive-beach-alcudia-1392x782.webp 1392w\" sizes=\"(max-width: 1920px) 100vw, 1920px\" \/><\/a>\n\t\t\t<\/div><\/figure><figure class='gallery-item'>\n\t\t\t<div class='gallery-icon landscape'>\n\t\t\t\t<a href='https:\/\/www.mymallorcadiary.com\/de\/die-beste-gegend-auf-mallorca-fuer-familien\/olive-beach-apartamentos-2\/'><img decoding=\"async\" width=\"1920\" height=\"1078\" src=\"https:\/\/www.mymallorcadiary.com\/wp-content\/uploads\/2026\/02\/Olive-beach-apartamentos.webp\" class=\"attachment-full size-full\" alt=\"\" srcset=\"https:\/\/www.mymallorcadiary.com\/wp-content\/uploads\/2026\/02\/Olive-beach-apartamentos.webp 1920w, https:\/\/www.mymallorcadiary.com\/wp-content\/uploads\/2026\/02\/Olive-beach-apartamentos-300x168.webp 300w, https:\/\/www.mymallorcadiary.com\/wp-content\/uploads\/2026\/02\/Olive-beach-apartamentos-1024x575.webp 1024w, https:\/\/www.mymallorcadiary.com\/wp-content\/uploads\/2026\/02\/Olive-beach-apartamentos-768x431.webp 768w, https:\/\/www.mymallorcadiary.com\/wp-content\/uploads\/2026\/02\/Olive-beach-apartamentos-1536x862.webp 1536w, https:\/\/www.mymallorcadiary.com\/wp-content\/uploads\/2026\/02\/Olive-beach-apartamentos-696x391.webp 696w, https:\/\/www.mymallorcadiary.com\/wp-content\/uploads\/2026\/02\/Olive-beach-apartamentos-1392x782.webp 1392w\" sizes=\"(max-width: 1920px) 100vw, 1920px\" \/><\/a>\n\t\t\t<\/div><\/figure><figure class='gallery-item'>\n\t\t\t<div class='gallery-icon landscape'>\n\t\t\t\t<a href='https:\/\/www.mymallorcadiary.com\/de\/die-beste-gegend-auf-mallorca-fuer-familien\/beautiful-apartments-in-north-mallorca-2\/'><img decoding=\"async\" width=\"1920\" height=\"1078\" src=\"https:\/\/www.mymallorcadiary.com\/wp-content\/uploads\/2026\/02\/Beautiful-apartments-in-north-Mallorca.webp\" class=\"attachment-full size-full\" alt=\"\" srcset=\"https:\/\/www.mymallorcadiary.com\/wp-content\/uploads\/2026\/02\/Beautiful-apartments-in-north-Mallorca.webp 1920w, https:\/\/www.mymallorcadiary.com\/wp-content\/uploads\/2026\/02\/Beautiful-apartments-in-north-Mallorca-300x168.webp 300w, https:\/\/www.mymallorcadiary.com\/wp-content\/uploads\/2026\/02\/Beautiful-apartments-in-north-Mallorca-1024x575.webp 1024w, https:\/\/www.mymallorcadiary.com\/wp-content\/uploads\/2026\/02\/Beautiful-apartments-in-north-Mallorca-768x431.webp 768w, https:\/\/www.mymallorcadiary.com\/wp-content\/uploads\/2026\/02\/Beautiful-apartments-in-north-Mallorca-1536x862.webp 1536w, https:\/\/www.mymallorcadiary.com\/wp-content\/uploads\/2026\/02\/Beautiful-apartments-in-north-Mallorca-696x391.webp 696w, https:\/\/www.mymallorcadiary.com\/wp-content\/uploads\/2026\/02\/Beautiful-apartments-in-north-Mallorca-1392x782.webp 1392w\" sizes=\"(max-width: 1920px) 100vw, 1920px\" \/><\/a>\n\t\t\t<\/div><\/figure>\n\t\t<\/div>\n\n<p data-start=\"3079\" data-end=\"3175\">Fotos von apartamentosolivebeach.com<\/p>\n<p data-start=\"3079\" data-end=\"3175\"><strong data-start=\"3079\" data-end=\"3116\">Warum sollten Sie die &#8222;Apartamentos Olive Beach&#8220; f\u00fcr einen Familienurlaub buchen?<\/strong><br data-start=\"3116\" data-end=\"3119\">Bequem und flexibel f\u00fcr l\u00e4ngere Aufenthalte mit Kindern.<\/p>\n<p data-start=\"3079\" data-end=\"3175\"><strong>Link f\u00fcr weitere Informationen und zur Buchung: <a href=\"https:\/\/booking.stay22.com\/likexpats\/J-jlWQFgUv\" target=\"_blank\" rel=\"noopener\">Olive Beach Apartamentos<\/a><\/strong><\/p>\n<h4><span class=\"ez-toc-section\" id=\"Sand_Beach_Apartments_3\"><\/span><strong>Sand Beach Apartments 3*<\/strong><span class=\"ez-toc-section-end\"><\/span><\/h4>\n<p><a href=\"https:\/\/maps.app.goo.gl\/3ZgjxAujv7hqioC27\" target=\"_blank\" rel=\"noopener\"><strong>Lage Sand Beach Apartments <\/strong><\/a>|<\/p>\n<p><img decoding=\"async\" class=\"alignnone wp-image-1240 size-full\" src=\"https:\/\/www.mymallorcadiary.com\/wp-content\/uploads\/2026\/02\/Sand-beach-apartments-in-Alcudia.webp\" alt=\"\" width=\"1920\" height=\"1078\" srcset=\"https:\/\/www.mymallorcadiary.com\/wp-content\/uploads\/2026\/02\/Sand-beach-apartments-in-Alcudia.webp 1920w, https:\/\/www.mymallorcadiary.com\/wp-content\/uploads\/2026\/02\/Sand-beach-apartments-in-Alcudia-300x168.webp 300w, https:\/\/www.mymallorcadiary.com\/wp-content\/uploads\/2026\/02\/Sand-beach-apartments-in-Alcudia-1024x575.webp 1024w, https:\/\/www.mymallorcadiary.com\/wp-content\/uploads\/2026\/02\/Sand-beach-apartments-in-Alcudia-768x431.webp 768w, https:\/\/www.mymallorcadiary.com\/wp-content\/uploads\/2026\/02\/Sand-beach-apartments-in-Alcudia-1536x862.webp 1536w, https:\/\/www.mymallorcadiary.com\/wp-content\/uploads\/2026\/02\/Sand-beach-apartments-in-Alcudia-696x391.webp 696w, https:\/\/www.mymallorcadiary.com\/wp-content\/uploads\/2026\/02\/Sand-beach-apartments-in-Alcudia-1392x782.webp 1392w\" sizes=\"(max-width: 1920px) 100vw, 1920px\" \/><\/p>\n<p data-start=\"3248\" data-end=\"3326\">Einfache Apartments in Laufn\u00e4he zu einem der sichersten Str\u00e4nde Mallorcas.<\/p>\n<div id='gallery-19' class='gallery galleryid-2789 gallery-columns-2 gallery-size-full'><figure class='gallery-item'>\n\t\t\t<div class='gallery-icon landscape'>\n\t\t\t\t<a href='https:\/\/www.mymallorcadiary.com\/wp-content\/uploads\/2026\/02\/1-bedroom-apartment-with-pool-in-Alcudia.webp'><img decoding=\"async\" width=\"1920\" height=\"1078\" src=\"https:\/\/www.mymallorcadiary.com\/wp-content\/uploads\/2026\/02\/1-bedroom-apartment-with-pool-in-Alcudia.webp\" class=\"attachment-full size-full\" alt=\"\" srcset=\"https:\/\/www.mymallorcadiary.com\/wp-content\/uploads\/2026\/02\/1-bedroom-apartment-with-pool-in-Alcudia.webp 1920w, https:\/\/www.mymallorcadiary.com\/wp-content\/uploads\/2026\/02\/1-bedroom-apartment-with-pool-in-Alcudia-300x168.webp 300w, https:\/\/www.mymallorcadiary.com\/wp-content\/uploads\/2026\/02\/1-bedroom-apartment-with-pool-in-Alcudia-1024x575.webp 1024w, https:\/\/www.mymallorcadiary.com\/wp-content\/uploads\/2026\/02\/1-bedroom-apartment-with-pool-in-Alcudia-768x431.webp 768w, https:\/\/www.mymallorcadiary.com\/wp-content\/uploads\/2026\/02\/1-bedroom-apartment-with-pool-in-Alcudia-1536x862.webp 1536w, https:\/\/www.mymallorcadiary.com\/wp-content\/uploads\/2026\/02\/1-bedroom-apartment-with-pool-in-Alcudia-696x391.webp 696w, https:\/\/www.mymallorcadiary.com\/wp-content\/uploads\/2026\/02\/1-bedroom-apartment-with-pool-in-Alcudia-1392x782.webp 1392w\" sizes=\"(max-width: 1920px) 100vw, 1920px\" \/><\/a>\n\t\t\t<\/div><\/figure><figure class='gallery-item'>\n\t\t\t<div class='gallery-icon landscape'>\n\t\t\t\t<a href='https:\/\/www.mymallorcadiary.com\/wp-content\/uploads\/2026\/02\/Sand-beach-apartments-in-north-Mallorca.webp'><img decoding=\"async\" width=\"1920\" height=\"1078\" src=\"https:\/\/www.mymallorcadiary.com\/wp-content\/uploads\/2026\/02\/Sand-beach-apartments-in-north-Mallorca.webp\" class=\"attachment-full size-full\" alt=\"\" srcset=\"https:\/\/www.mymallorcadiary.com\/wp-content\/uploads\/2026\/02\/Sand-beach-apartments-in-north-Mallorca.webp 1920w, https:\/\/www.mymallorcadiary.com\/wp-content\/uploads\/2026\/02\/Sand-beach-apartments-in-north-Mallorca-300x168.webp 300w, https:\/\/www.mymallorcadiary.com\/wp-content\/uploads\/2026\/02\/Sand-beach-apartments-in-north-Mallorca-1024x575.webp 1024w, https:\/\/www.mymallorcadiary.com\/wp-content\/uploads\/2026\/02\/Sand-beach-apartments-in-north-Mallorca-768x431.webp 768w, https:\/\/www.mymallorcadiary.com\/wp-content\/uploads\/2026\/02\/Sand-beach-apartments-in-north-Mallorca-1536x862.webp 1536w, https:\/\/www.mymallorcadiary.com\/wp-content\/uploads\/2026\/02\/Sand-beach-apartments-in-north-Mallorca-696x391.webp 696w, https:\/\/www.mymallorcadiary.com\/wp-content\/uploads\/2026\/02\/Sand-beach-apartments-in-north-Mallorca-1392x782.webp 1392w\" sizes=\"(max-width: 1920px) 100vw, 1920px\" \/><\/a>\n\t\t\t<\/div><\/figure><figure class='gallery-item'>\n\t\t\t<div class='gallery-icon landscape'>\n\t\t\t\t<a href='https:\/\/www.mymallorcadiary.com\/wp-content\/uploads\/2026\/02\/1-bedroom-apartment-in-Alcudia.webp'><img decoding=\"async\" width=\"1920\" height=\"1078\" src=\"https:\/\/www.mymallorcadiary.com\/wp-content\/uploads\/2026\/02\/1-bedroom-apartment-in-Alcudia.webp\" class=\"attachment-full size-full\" alt=\"\" srcset=\"https:\/\/www.mymallorcadiary.com\/wp-content\/uploads\/2026\/02\/1-bedroom-apartment-in-Alcudia.webp 1920w, https:\/\/www.mymallorcadiary.com\/wp-content\/uploads\/2026\/02\/1-bedroom-apartment-in-Alcudia-300x168.webp 300w, https:\/\/www.mymallorcadiary.com\/wp-content\/uploads\/2026\/02\/1-bedroom-apartment-in-Alcudia-1024x575.webp 1024w, https:\/\/www.mymallorcadiary.com\/wp-content\/uploads\/2026\/02\/1-bedroom-apartment-in-Alcudia-768x431.webp 768w, https:\/\/www.mymallorcadiary.com\/wp-content\/uploads\/2026\/02\/1-bedroom-apartment-in-Alcudia-1536x862.webp 1536w, https:\/\/www.mymallorcadiary.com\/wp-content\/uploads\/2026\/02\/1-bedroom-apartment-in-Alcudia-696x391.webp 696w, https:\/\/www.mymallorcadiary.com\/wp-content\/uploads\/2026\/02\/1-bedroom-apartment-in-Alcudia-1392x782.webp 1392w\" sizes=\"(max-width: 1920px) 100vw, 1920px\" \/><\/a>\n\t\t\t<\/div><\/figure><figure class='gallery-item'>\n\t\t\t<div class='gallery-icon landscape'>\n\t\t\t\t<a href='https:\/\/www.mymallorcadiary.com\/wp-content\/uploads\/2026\/02\/Apartments-with-kitchen-in-Alcudia.webp'><img decoding=\"async\" width=\"1920\" height=\"1078\" src=\"https:\/\/www.mymallorcadiary.com\/wp-content\/uploads\/2026\/02\/Apartments-with-kitchen-in-Alcudia.webp\" class=\"attachment-full size-full\" alt=\"\" srcset=\"https:\/\/www.mymallorcadiary.com\/wp-content\/uploads\/2026\/02\/Apartments-with-kitchen-in-Alcudia.webp 1920w, https:\/\/www.mymallorcadiary.com\/wp-content\/uploads\/2026\/02\/Apartments-with-kitchen-in-Alcudia-300x168.webp 300w, https:\/\/www.mymallorcadiary.com\/wp-content\/uploads\/2026\/02\/Apartments-with-kitchen-in-Alcudia-1024x575.webp 1024w, https:\/\/www.mymallorcadiary.com\/wp-content\/uploads\/2026\/02\/Apartments-with-kitchen-in-Alcudia-768x431.webp 768w, https:\/\/www.mymallorcadiary.com\/wp-content\/uploads\/2026\/02\/Apartments-with-kitchen-in-Alcudia-1536x862.webp 1536w, https:\/\/www.mymallorcadiary.com\/wp-content\/uploads\/2026\/02\/Apartments-with-kitchen-in-Alcudia-696x391.webp 696w, https:\/\/www.mymallorcadiary.com\/wp-content\/uploads\/2026\/02\/Apartments-with-kitchen-in-Alcudia-1392x782.webp 1392w\" sizes=\"(max-width: 1920px) 100vw, 1920px\" \/><\/a>\n\t\t\t<\/div><\/figure>\n\t\t<\/div>\n\n<p data-start=\"3328\" data-end=\"3426\">Fotos von leomarhotels.com<\/p>\n<p data-start=\"3328\" data-end=\"3426\"><strong data-start=\"3328\" data-end=\"3365\">Warum sollten Sie die Sand Beach Apartments f\u00fcr einen Familienurlaub buchen?<\/strong><br data-start=\"3365\" data-end=\"3368\">Eine preisg\u00fcnstige Option in der N\u00e4he von seichten Gew\u00e4ssern, ideal f\u00fcr Kinder.<\/p>\n<p data-start=\"3328\" data-end=\"3426\"><strong>Link f\u00fcr weitere Informationen und zur Buchung: <a href=\"https:\/\/booking.stay22.com\/likexpats\/gBrWK8BRAP\" target=\"_blank\" rel=\"noopener\">Sand Beach Apartments<\/a><\/strong><\/p>\n<h4><span class=\"ez-toc-section\" id=\"Apartamentos_Solecito_3\"><\/span><strong>Apartamentos Solecito 3*<\/strong><span class=\"ez-toc-section-end\"><\/span><\/h4>\n<p><a href=\"https:\/\/maps.app.goo.gl\/PmBTborb8DkKqDN26\" target=\"_blank\" rel=\"noopener\"><strong>Lage Apartamentos Solecito <\/strong><\/a>| Puerto de Alc\u00fadia<\/p>\n<p><img decoding=\"async\" class=\"alignnone wp-image-1248 size-full\" src=\"https:\/\/www.mymallorcadiary.com\/wp-content\/uploads\/2026\/02\/Solecito-apartments-in-Alcudia.webp\" alt=\"\" width=\"1920\" height=\"1078\" srcset=\"https:\/\/www.mymallorcadiary.com\/wp-content\/uploads\/2026\/02\/Solecito-apartments-in-Alcudia.webp 1920w, https:\/\/www.mymallorcadiary.com\/wp-content\/uploads\/2026\/02\/Solecito-apartments-in-Alcudia-300x168.webp 300w, https:\/\/www.mymallorcadiary.com\/wp-content\/uploads\/2026\/02\/Solecito-apartments-in-Alcudia-1024x575.webp 1024w, https:\/\/www.mymallorcadiary.com\/wp-content\/uploads\/2026\/02\/Solecito-apartments-in-Alcudia-768x431.webp 768w, https:\/\/www.mymallorcadiary.com\/wp-content\/uploads\/2026\/02\/Solecito-apartments-in-Alcudia-1536x862.webp 1536w, https:\/\/www.mymallorcadiary.com\/wp-content\/uploads\/2026\/02\/Solecito-apartments-in-Alcudia-696x391.webp 696w, https:\/\/www.mymallorcadiary.com\/wp-content\/uploads\/2026\/02\/Solecito-apartments-in-Alcudia-1392x782.webp 1392w\" sizes=\"(max-width: 1920px) 100vw, 1920px\" \/><\/p>\n<p data-start=\"3498\" data-end=\"3550\">Praktische Apartments in der N\u00e4he des Strandes und von Restaurants.<\/p>\n<div id='gallery-20' class='gallery galleryid-2789 gallery-columns-2 gallery-size-full'><figure class='gallery-item'>\n\t\t\t<div class='gallery-icon landscape'>\n\t\t\t\t<a href='https:\/\/www.mymallorcadiary.com\/wp-content\/uploads\/2026\/02\/Apartments-for-families-in-front-of-the-sea-in-Mallorca.webp'><img decoding=\"async\" width=\"1920\" height=\"1078\" src=\"https:\/\/www.mymallorcadiary.com\/wp-content\/uploads\/2026\/02\/Apartments-for-families-in-front-of-the-sea-in-Mallorca.webp\" class=\"attachment-full size-full\" alt=\"\" srcset=\"https:\/\/www.mymallorcadiary.com\/wp-content\/uploads\/2026\/02\/Apartments-for-families-in-front-of-the-sea-in-Mallorca.webp 1920w, https:\/\/www.mymallorcadiary.com\/wp-content\/uploads\/2026\/02\/Apartments-for-families-in-front-of-the-sea-in-Mallorca-300x168.webp 300w, https:\/\/www.mymallorcadiary.com\/wp-content\/uploads\/2026\/02\/Apartments-for-families-in-front-of-the-sea-in-Mallorca-1024x575.webp 1024w, https:\/\/www.mymallorcadiary.com\/wp-content\/uploads\/2026\/02\/Apartments-for-families-in-front-of-the-sea-in-Mallorca-768x431.webp 768w, https:\/\/www.mymallorcadiary.com\/wp-content\/uploads\/2026\/02\/Apartments-for-families-in-front-of-the-sea-in-Mallorca-1536x862.webp 1536w, https:\/\/www.mymallorcadiary.com\/wp-content\/uploads\/2026\/02\/Apartments-for-families-in-front-of-the-sea-in-Mallorca-696x391.webp 696w, https:\/\/www.mymallorcadiary.com\/wp-content\/uploads\/2026\/02\/Apartments-for-families-in-front-of-the-sea-in-Mallorca-1392x782.webp 1392w\" sizes=\"(max-width: 1920px) 100vw, 1920px\" \/><\/a>\n\t\t\t<\/div><\/figure><figure class='gallery-item'>\n\t\t\t<div class='gallery-icon landscape'>\n\t\t\t\t<a href='https:\/\/www.mymallorcadiary.com\/wp-content\/uploads\/2026\/02\/Apartments-with-sea-views-in-Alcudia.webp'><img decoding=\"async\" width=\"1920\" height=\"1078\" src=\"https:\/\/www.mymallorcadiary.com\/wp-content\/uploads\/2026\/02\/Apartments-with-sea-views-in-Alcudia.webp\" class=\"attachment-full size-full\" alt=\"\" srcset=\"https:\/\/www.mymallorcadiary.com\/wp-content\/uploads\/2026\/02\/Apartments-with-sea-views-in-Alcudia.webp 1920w, https:\/\/www.mymallorcadiary.com\/wp-content\/uploads\/2026\/02\/Apartments-with-sea-views-in-Alcudia-300x168.webp 300w, https:\/\/www.mymallorcadiary.com\/wp-content\/uploads\/2026\/02\/Apartments-with-sea-views-in-Alcudia-1024x575.webp 1024w, https:\/\/www.mymallorcadiary.com\/wp-content\/uploads\/2026\/02\/Apartments-with-sea-views-in-Alcudia-768x431.webp 768w, https:\/\/www.mymallorcadiary.com\/wp-content\/uploads\/2026\/02\/Apartments-with-sea-views-in-Alcudia-1536x862.webp 1536w, https:\/\/www.mymallorcadiary.com\/wp-content\/uploads\/2026\/02\/Apartments-with-sea-views-in-Alcudia-696x391.webp 696w, https:\/\/www.mymallorcadiary.com\/wp-content\/uploads\/2026\/02\/Apartments-with-sea-views-in-Alcudia-1392x782.webp 1392w\" sizes=\"(max-width: 1920px) 100vw, 1920px\" \/><\/a>\n\t\t\t<\/div><\/figure><figure class='gallery-item'>\n\t\t\t<div class='gallery-icon landscape'>\n\t\t\t\t<a href='https:\/\/www.mymallorcadiary.com\/wp-content\/uploads\/2026\/02\/Puerto-de-Alcudia-apartments-for-families.webp'><img decoding=\"async\" width=\"1920\" height=\"1078\" src=\"https:\/\/www.mymallorcadiary.com\/wp-content\/uploads\/2026\/02\/Puerto-de-Alcudia-apartments-for-families.webp\" class=\"attachment-full size-full\" alt=\"\" srcset=\"https:\/\/www.mymallorcadiary.com\/wp-content\/uploads\/2026\/02\/Puerto-de-Alcudia-apartments-for-families.webp 1920w, https:\/\/www.mymallorcadiary.com\/wp-content\/uploads\/2026\/02\/Puerto-de-Alcudia-apartments-for-families-300x168.webp 300w, https:\/\/www.mymallorcadiary.com\/wp-content\/uploads\/2026\/02\/Puerto-de-Alcudia-apartments-for-families-1024x575.webp 1024w, https:\/\/www.mymallorcadiary.com\/wp-content\/uploads\/2026\/02\/Puerto-de-Alcudia-apartments-for-families-768x431.webp 768w, https:\/\/www.mymallorcadiary.com\/wp-content\/uploads\/2026\/02\/Puerto-de-Alcudia-apartments-for-families-1536x862.webp 1536w, https:\/\/www.mymallorcadiary.com\/wp-content\/uploads\/2026\/02\/Puerto-de-Alcudia-apartments-for-families-696x391.webp 696w, https:\/\/www.mymallorcadiary.com\/wp-content\/uploads\/2026\/02\/Puerto-de-Alcudia-apartments-for-families-1392x782.webp 1392w\" sizes=\"(max-width: 1920px) 100vw, 1920px\" \/><\/a>\n\t\t\t<\/div><\/figure><figure class='gallery-item'>\n\t\t\t<div class='gallery-icon landscape'>\n\t\t\t\t<a href='https:\/\/www.mymallorcadiary.com\/wp-content\/uploads\/2026\/02\/Apartaments-with-pool-in-front-of-the-sea-in-Mallorca.webp'><img decoding=\"async\" width=\"1920\" height=\"1078\" src=\"https:\/\/www.mymallorcadiary.com\/wp-content\/uploads\/2026\/02\/Apartaments-with-pool-in-front-of-the-sea-in-Mallorca.webp\" class=\"attachment-full size-full\" alt=\"\" srcset=\"https:\/\/www.mymallorcadiary.com\/wp-content\/uploads\/2026\/02\/Apartaments-with-pool-in-front-of-the-sea-in-Mallorca.webp 1920w, https:\/\/www.mymallorcadiary.com\/wp-content\/uploads\/2026\/02\/Apartaments-with-pool-in-front-of-the-sea-in-Mallorca-300x168.webp 300w, https:\/\/www.mymallorcadiary.com\/wp-content\/uploads\/2026\/02\/Apartaments-with-pool-in-front-of-the-sea-in-Mallorca-1024x575.webp 1024w, https:\/\/www.mymallorcadiary.com\/wp-content\/uploads\/2026\/02\/Apartaments-with-pool-in-front-of-the-sea-in-Mallorca-768x431.webp 768w, https:\/\/www.mymallorcadiary.com\/wp-content\/uploads\/2026\/02\/Apartaments-with-pool-in-front-of-the-sea-in-Mallorca-1536x862.webp 1536w, https:\/\/www.mymallorcadiary.com\/wp-content\/uploads\/2026\/02\/Apartaments-with-pool-in-front-of-the-sea-in-Mallorca-696x391.webp 696w, https:\/\/www.mymallorcadiary.com\/wp-content\/uploads\/2026\/02\/Apartaments-with-pool-in-front-of-the-sea-in-Mallorca-1392x782.webp 1392w\" sizes=\"(max-width: 1920px) 100vw, 1920px\" \/><\/a>\n\t\t\t<\/div><\/figure><figure class='gallery-item'>\n\t\t\t<div class='gallery-icon landscape'>\n\t\t\t\t<a href='https:\/\/www.mymallorcadiary.com\/wp-content\/uploads\/2026\/02\/Port-dalcudia-apartments-for-families.webp'><img decoding=\"async\" width=\"1920\" height=\"1078\" src=\"https:\/\/www.mymallorcadiary.com\/wp-content\/uploads\/2026\/02\/Port-dalcudia-apartments-for-families.webp\" class=\"attachment-full size-full\" alt=\"\" srcset=\"https:\/\/www.mymallorcadiary.com\/wp-content\/uploads\/2026\/02\/Port-dalcudia-apartments-for-families.webp 1920w, https:\/\/www.mymallorcadiary.com\/wp-content\/uploads\/2026\/02\/Port-dalcudia-apartments-for-families-300x168.webp 300w, https:\/\/www.mymallorcadiary.com\/wp-content\/uploads\/2026\/02\/Port-dalcudia-apartments-for-families-1024x575.webp 1024w, https:\/\/www.mymallorcadiary.com\/wp-content\/uploads\/2026\/02\/Port-dalcudia-apartments-for-families-768x431.webp 768w, https:\/\/www.mymallorcadiary.com\/wp-content\/uploads\/2026\/02\/Port-dalcudia-apartments-for-families-1536x862.webp 1536w, https:\/\/www.mymallorcadiary.com\/wp-content\/uploads\/2026\/02\/Port-dalcudia-apartments-for-families-696x391.webp 696w, https:\/\/www.mymallorcadiary.com\/wp-content\/uploads\/2026\/02\/Port-dalcudia-apartments-for-families-1392x782.webp 1392w\" sizes=\"(max-width: 1920px) 100vw, 1920px\" \/><\/a>\n\t\t\t<\/div><\/figure><figure class='gallery-item'>\n\t\t\t<div class='gallery-icon landscape'>\n\t\t\t\t<a href='https:\/\/www.mymallorcadiary.com\/wp-content\/uploads\/2026\/02\/Apartamentos-Solecito-Alcudia.webp'><img decoding=\"async\" width=\"1920\" height=\"1078\" src=\"https:\/\/www.mymallorcadiary.com\/wp-content\/uploads\/2026\/02\/Apartamentos-Solecito-Alcudia.webp\" class=\"attachment-full size-full\" alt=\"\" srcset=\"https:\/\/www.mymallorcadiary.com\/wp-content\/uploads\/2026\/02\/Apartamentos-Solecito-Alcudia.webp 1920w, https:\/\/www.mymallorcadiary.com\/wp-content\/uploads\/2026\/02\/Apartamentos-Solecito-Alcudia-300x168.webp 300w, https:\/\/www.mymallorcadiary.com\/wp-content\/uploads\/2026\/02\/Apartamentos-Solecito-Alcudia-1024x575.webp 1024w, https:\/\/www.mymallorcadiary.com\/wp-content\/uploads\/2026\/02\/Apartamentos-Solecito-Alcudia-768x431.webp 768w, https:\/\/www.mymallorcadiary.com\/wp-content\/uploads\/2026\/02\/Apartamentos-Solecito-Alcudia-1536x862.webp 1536w, https:\/\/www.mymallorcadiary.com\/wp-content\/uploads\/2026\/02\/Apartamentos-Solecito-Alcudia-696x391.webp 696w, https:\/\/www.mymallorcadiary.com\/wp-content\/uploads\/2026\/02\/Apartamentos-Solecito-Alcudia-1392x782.webp 1392w\" sizes=\"(max-width: 1920px) 100vw, 1920px\" \/><\/a>\n\t\t\t<\/div><\/figure>\n\t\t<\/div>\n\n<p data-start=\"3552\" data-end=\"3649\">Fotos von a10hotels.es<\/p>\n<p data-start=\"3552\" data-end=\"3649\"><strong data-start=\"3552\" data-end=\"3589\">Warum sollten Sie die &#8222;Apartamentos Solecito&#8220; f\u00fcr einen Familienurlaub buchen?<\/strong><br data-start=\"3589\" data-end=\"3592\">Zentrale Lage und Unabh\u00e4ngigkeit f\u00fcr flexible Arbeitszeiten.<\/p>\n<p><strong>Link f\u00fcr weitere Details und Buchung: <a href=\"https:\/\/booking.stay22.com\/likexpats\/MyybPgvCs9\" target=\"_blank\" rel=\"noopener\">Apartamentos Solecito<\/a><\/strong><\/p>\n<h4><span class=\"ez-toc-section\" id=\"Apartaments_Ses_Dalies_3\"><\/span><b>Apartaments Ses D\u00e0lies 3*<\/b><span class=\"ez-toc-section-end\"><\/span><\/h4>\n<p><a href=\"https:\/\/maps.app.goo.gl\/dM9qG4nfJN1bwZSt9\" target=\"_blank\" rel=\"noopener\"><strong>Lage Apartaments Ses D\u00e0lies <\/strong><\/a>| Puerto de Alc\u00fadia<\/p>\n<p><img decoding=\"async\" class=\"alignnone wp-image-1250 size-full\" src=\"https:\/\/www.mymallorcadiary.com\/wp-content\/uploads\/2026\/02\/Apartments-for-families-in-Alcudia-beach.webp\" alt=\"\" width=\"1920\" height=\"1078\" srcset=\"https:\/\/www.mymallorcadiary.com\/wp-content\/uploads\/2026\/02\/Apartments-for-families-in-Alcudia-beach.webp 1920w, https:\/\/www.mymallorcadiary.com\/wp-content\/uploads\/2026\/02\/Apartments-for-families-in-Alcudia-beach-300x168.webp 300w, https:\/\/www.mymallorcadiary.com\/wp-content\/uploads\/2026\/02\/Apartments-for-families-in-Alcudia-beach-1024x575.webp 1024w, https:\/\/www.mymallorcadiary.com\/wp-content\/uploads\/2026\/02\/Apartments-for-families-in-Alcudia-beach-768x431.webp 768w, https:\/\/www.mymallorcadiary.com\/wp-content\/uploads\/2026\/02\/Apartments-for-families-in-Alcudia-beach-1536x862.webp 1536w, https:\/\/www.mymallorcadiary.com\/wp-content\/uploads\/2026\/02\/Apartments-for-families-in-Alcudia-beach-696x391.webp 696w, https:\/\/www.mymallorcadiary.com\/wp-content\/uploads\/2026\/02\/Apartments-for-families-in-Alcudia-beach-1392x782.webp 1392w\" sizes=\"(max-width: 1920px) 100vw, 1920px\" \/><\/p>\n<p data-start=\"3722\" data-end=\"3781\">Familienfreundliche Anlage mit Pools und Ferienwohnungen.<\/p>\n<div id='gallery-21' class='gallery galleryid-2789 gallery-columns-2 gallery-size-full'><figure class='gallery-item'>\n\t\t\t<div class='gallery-icon landscape'>\n\t\t\t\t<a href='https:\/\/www.mymallorcadiary.com\/wp-content\/uploads\/2026\/02\/Apartments-Ses-Dalies-Alcudia.webp'><img decoding=\"async\" width=\"1920\" height=\"1078\" src=\"https:\/\/www.mymallorcadiary.com\/wp-content\/uploads\/2026\/02\/Apartments-Ses-Dalies-Alcudia.webp\" class=\"attachment-full size-full\" alt=\"\" srcset=\"https:\/\/www.mymallorcadiary.com\/wp-content\/uploads\/2026\/02\/Apartments-Ses-Dalies-Alcudia.webp 1920w, https:\/\/www.mymallorcadiary.com\/wp-content\/uploads\/2026\/02\/Apartments-Ses-Dalies-Alcudia-300x168.webp 300w, https:\/\/www.mymallorcadiary.com\/wp-content\/uploads\/2026\/02\/Apartments-Ses-Dalies-Alcudia-1024x575.webp 1024w, https:\/\/www.mymallorcadiary.com\/wp-content\/uploads\/2026\/02\/Apartments-Ses-Dalies-Alcudia-768x431.webp 768w, https:\/\/www.mymallorcadiary.com\/wp-content\/uploads\/2026\/02\/Apartments-Ses-Dalies-Alcudia-1536x862.webp 1536w, https:\/\/www.mymallorcadiary.com\/wp-content\/uploads\/2026\/02\/Apartments-Ses-Dalies-Alcudia-696x391.webp 696w, https:\/\/www.mymallorcadiary.com\/wp-content\/uploads\/2026\/02\/Apartments-Ses-Dalies-Alcudia-1392x782.webp 1392w\" sizes=\"(max-width: 1920px) 100vw, 1920px\" \/><\/a>\n\t\t\t<\/div><\/figure><figure class='gallery-item'>\n\t\t\t<div class='gallery-icon landscape'>\n\t\t\t\t<a href='https:\/\/www.mymallorcadiary.com\/wp-content\/uploads\/2026\/02\/Family-friendly-apartments-in-Alcudia.webp'><img decoding=\"async\" width=\"1920\" height=\"1078\" src=\"https:\/\/www.mymallorcadiary.com\/wp-content\/uploads\/2026\/02\/Family-friendly-apartments-in-Alcudia.webp\" class=\"attachment-full size-full\" alt=\"\" srcset=\"https:\/\/www.mymallorcadiary.com\/wp-content\/uploads\/2026\/02\/Family-friendly-apartments-in-Alcudia.webp 1920w, https:\/\/www.mymallorcadiary.com\/wp-content\/uploads\/2026\/02\/Family-friendly-apartments-in-Alcudia-300x168.webp 300w, https:\/\/www.mymallorcadiary.com\/wp-content\/uploads\/2026\/02\/Family-friendly-apartments-in-Alcudia-1024x575.webp 1024w, https:\/\/www.mymallorcadiary.com\/wp-content\/uploads\/2026\/02\/Family-friendly-apartments-in-Alcudia-768x431.webp 768w, https:\/\/www.mymallorcadiary.com\/wp-content\/uploads\/2026\/02\/Family-friendly-apartments-in-Alcudia-1536x862.webp 1536w, https:\/\/www.mymallorcadiary.com\/wp-content\/uploads\/2026\/02\/Family-friendly-apartments-in-Alcudia-696x391.webp 696w, https:\/\/www.mymallorcadiary.com\/wp-content\/uploads\/2026\/02\/Family-friendly-apartments-in-Alcudia-1392x782.webp 1392w\" sizes=\"(max-width: 1920px) 100vw, 1920px\" \/><\/a>\n\t\t\t<\/div><\/figure><figure class='gallery-item'>\n\t\t\t<div class='gallery-icon landscape'>\n\t\t\t\t<a href='https:\/\/www.mymallorcadiary.com\/wp-content\/uploads\/2026\/02\/Apartments-Alcudia-beach.webp'><img decoding=\"async\" width=\"1920\" height=\"1078\" src=\"https:\/\/www.mymallorcadiary.com\/wp-content\/uploads\/2026\/02\/Apartments-Alcudia-beach.webp\" class=\"attachment-full size-full\" alt=\"\" srcset=\"https:\/\/www.mymallorcadiary.com\/wp-content\/uploads\/2026\/02\/Apartments-Alcudia-beach.webp 1920w, https:\/\/www.mymallorcadiary.com\/wp-content\/uploads\/2026\/02\/Apartments-Alcudia-beach-300x168.webp 300w, https:\/\/www.mymallorcadiary.com\/wp-content\/uploads\/2026\/02\/Apartments-Alcudia-beach-1024x575.webp 1024w, https:\/\/www.mymallorcadiary.com\/wp-content\/uploads\/2026\/02\/Apartments-Alcudia-beach-768x431.webp 768w, https:\/\/www.mymallorcadiary.com\/wp-content\/uploads\/2026\/02\/Apartments-Alcudia-beach-1536x862.webp 1536w, https:\/\/www.mymallorcadiary.com\/wp-content\/uploads\/2026\/02\/Apartments-Alcudia-beach-696x391.webp 696w, https:\/\/www.mymallorcadiary.com\/wp-content\/uploads\/2026\/02\/Apartments-Alcudia-beach-1392x782.webp 1392w\" sizes=\"(max-width: 1920px) 100vw, 1920px\" \/><\/a>\n\t\t\t<\/div><\/figure><figure class='gallery-item'>\n\t\t\t<div class='gallery-icon landscape'>\n\t\t\t\t<a href='https:\/\/www.mymallorcadiary.com\/wp-content\/uploads\/2026\/02\/Ses-Dalies-Alcudia.webp'><img decoding=\"async\" width=\"1920\" height=\"1078\" src=\"https:\/\/www.mymallorcadiary.com\/wp-content\/uploads\/2026\/02\/Ses-Dalies-Alcudia.webp\" class=\"attachment-full size-full\" alt=\"\" srcset=\"https:\/\/www.mymallorcadiary.com\/wp-content\/uploads\/2026\/02\/Ses-Dalies-Alcudia.webp 1920w, https:\/\/www.mymallorcadiary.com\/wp-content\/uploads\/2026\/02\/Ses-Dalies-Alcudia-300x168.webp 300w, https:\/\/www.mymallorcadiary.com\/wp-content\/uploads\/2026\/02\/Ses-Dalies-Alcudia-1024x575.webp 1024w, https:\/\/www.mymallorcadiary.com\/wp-content\/uploads\/2026\/02\/Ses-Dalies-Alcudia-768x431.webp 768w, https:\/\/www.mymallorcadiary.com\/wp-content\/uploads\/2026\/02\/Ses-Dalies-Alcudia-1536x862.webp 1536w, https:\/\/www.mymallorcadiary.com\/wp-content\/uploads\/2026\/02\/Ses-Dalies-Alcudia-696x391.webp 696w, https:\/\/www.mymallorcadiary.com\/wp-content\/uploads\/2026\/02\/Ses-Dalies-Alcudia-1392x782.webp 1392w\" sizes=\"(max-width: 1920px) 100vw, 1920px\" \/><\/a>\n\t\t\t<\/div><\/figure>\n\t\t<\/div>\n\n<p data-start=\"3783\" data-end=\"3876\">Fotos von sesdalies.com<\/p>\n<p data-start=\"3783\" data-end=\"3876\"><strong data-start=\"3783\" data-end=\"3820\">Warum sollten Sie die &#8222;Apartamentos Ses D\u00e0lies&#8220; f\u00fcr einen Familienurlaub buchen?<\/strong><br data-start=\"3820\" data-end=\"3823\">Ein gutes Verh\u00e4ltnis zwischen Komfort, Preis und Zugang zum Strand.<\/p>\n<p data-start=\"3783\" data-end=\"3876\"><strong>Link f\u00fcr weitere Informationen und zur Buchung: <a href=\"https:\/\/booking.stay22.com\/likexpats\/9DNhf_9aWP\" target=\"_blank\" rel=\"noopener\">Apartamentos Ses D\u00e0lies<\/a><\/strong><\/p>\n<h3><span class=\"ez-toc-section\" id=\"Ferienhaeuser_fuer_Familien_in_Alcudia\"><\/span><strong>Ferienh\u00e4user f\u00fcr Familien in Alcudia<\/strong><span class=\"ez-toc-section-end\"><\/span><\/h3>\n<h4><span class=\"ez-toc-section\" id=\"Villa_PAM_ALYA_Beach_House_mit_Pool_und_Whirlpool\"><\/span><strong>Villa PAM, ALYA Beach House mit Pool und Whirlpool<\/strong><span class=\"ez-toc-section-end\"><\/span><\/h4>\n<p><a href=\"https:\/\/maps.app.goo.gl\/3F4j9omqaqmc6VfL9\" target=\"_blank\" rel=\"noopener\"><strong>Lage Villa PAM <\/strong><\/a>| In der N\u00e4he des Strandes von Alc\u00fadia<\/p>\n<p><strong>3 Schlafzimmer | Bis zu 6 Personen<\/strong><\/p>\n<p><img decoding=\"async\" class=\"alignnone wp-image-1257 size-full\" src=\"https:\/\/www.mymallorcadiary.com\/wp-content\/uploads\/2026\/02\/Villa-for-6-persons-in-Alcudia.webp\" alt=\"\" width=\"1920\" height=\"1078\" srcset=\"https:\/\/www.mymallorcadiary.com\/wp-content\/uploads\/2026\/02\/Villa-for-6-persons-in-Alcudia.webp 1920w, https:\/\/www.mymallorcadiary.com\/wp-content\/uploads\/2026\/02\/Villa-for-6-persons-in-Alcudia-300x168.webp 300w, https:\/\/www.mymallorcadiary.com\/wp-content\/uploads\/2026\/02\/Villa-for-6-persons-in-Alcudia-1024x575.webp 1024w, https:\/\/www.mymallorcadiary.com\/wp-content\/uploads\/2026\/02\/Villa-for-6-persons-in-Alcudia-768x431.webp 768w, https:\/\/www.mymallorcadiary.com\/wp-content\/uploads\/2026\/02\/Villa-for-6-persons-in-Alcudia-1536x862.webp 1536w, https:\/\/www.mymallorcadiary.com\/wp-content\/uploads\/2026\/02\/Villa-for-6-persons-in-Alcudia-696x391.webp 696w, https:\/\/www.mymallorcadiary.com\/wp-content\/uploads\/2026\/02\/Villa-for-6-persons-in-Alcudia-1392x782.webp 1392w\" sizes=\"(max-width: 1920px) 100vw, 1920px\" \/><\/p>\n<p data-start=\"4012\" data-end=\"4077\">Ger\u00e4umige Villa mit 3 Schlafzimmern, privatem Pool und Whirlpool, in Strandn\u00e4he.<\/p>\n<div id='gallery-22' class='gallery galleryid-2789 gallery-columns-2 gallery-size-full'><figure class='gallery-item'>\n\t\t\t<div class='gallery-icon landscape'>\n\t\t\t\t<a href='https:\/\/www.mymallorcadiary.com\/wp-content\/uploads\/2026\/02\/Villa-PAM-Alcudia.webp'><img decoding=\"async\" width=\"1920\" height=\"1078\" src=\"https:\/\/www.mymallorcadiary.com\/wp-content\/uploads\/2026\/02\/Villa-PAM-Alcudia.webp\" class=\"attachment-full size-full\" alt=\"\" srcset=\"https:\/\/www.mymallorcadiary.com\/wp-content\/uploads\/2026\/02\/Villa-PAM-Alcudia.webp 1920w, https:\/\/www.mymallorcadiary.com\/wp-content\/uploads\/2026\/02\/Villa-PAM-Alcudia-300x168.webp 300w, https:\/\/www.mymallorcadiary.com\/wp-content\/uploads\/2026\/02\/Villa-PAM-Alcudia-1024x575.webp 1024w, https:\/\/www.mymallorcadiary.com\/wp-content\/uploads\/2026\/02\/Villa-PAM-Alcudia-768x431.webp 768w, https:\/\/www.mymallorcadiary.com\/wp-content\/uploads\/2026\/02\/Villa-PAM-Alcudia-1536x862.webp 1536w, https:\/\/www.mymallorcadiary.com\/wp-content\/uploads\/2026\/02\/Villa-PAM-Alcudia-696x391.webp 696w, https:\/\/www.mymallorcadiary.com\/wp-content\/uploads\/2026\/02\/Villa-PAM-Alcudia-1392x782.webp 1392w\" sizes=\"(max-width: 1920px) 100vw, 1920px\" \/><\/a>\n\t\t\t<\/div><\/figure><figure class='gallery-item'>\n\t\t\t<div class='gallery-icon landscape'>\n\t\t\t\t<a href='https:\/\/www.mymallorcadiary.com\/wp-content\/uploads\/2026\/02\/3-bedroom-villa-with-pool-in-Alcudia.webp'><img decoding=\"async\" width=\"1920\" height=\"1078\" src=\"https:\/\/www.mymallorcadiary.com\/wp-content\/uploads\/2026\/02\/3-bedroom-villa-with-pool-in-Alcudia.webp\" class=\"attachment-full size-full\" alt=\"\" srcset=\"https:\/\/www.mymallorcadiary.com\/wp-content\/uploads\/2026\/02\/3-bedroom-villa-with-pool-in-Alcudia.webp 1920w, https:\/\/www.mymallorcadiary.com\/wp-content\/uploads\/2026\/02\/3-bedroom-villa-with-pool-in-Alcudia-300x168.webp 300w, https:\/\/www.mymallorcadiary.com\/wp-content\/uploads\/2026\/02\/3-bedroom-villa-with-pool-in-Alcudia-1024x575.webp 1024w, https:\/\/www.mymallorcadiary.com\/wp-content\/uploads\/2026\/02\/3-bedroom-villa-with-pool-in-Alcudia-768x431.webp 768w, https:\/\/www.mymallorcadiary.com\/wp-content\/uploads\/2026\/02\/3-bedroom-villa-with-pool-in-Alcudia-1536x862.webp 1536w, https:\/\/www.mymallorcadiary.com\/wp-content\/uploads\/2026\/02\/3-bedroom-villa-with-pool-in-Alcudia-696x391.webp 696w, https:\/\/www.mymallorcadiary.com\/wp-content\/uploads\/2026\/02\/3-bedroom-villa-with-pool-in-Alcudia-1392x782.webp 1392w\" sizes=\"(max-width: 1920px) 100vw, 1920px\" \/><\/a>\n\t\t\t<\/div><\/figure><figure class='gallery-item'>\n\t\t\t<div class='gallery-icon landscape'>\n\t\t\t\t<a href='https:\/\/www.mymallorcadiary.com\/wp-content\/uploads\/2026\/02\/Modern-villa-for-6-persons-in-Alcudia.webp'><img decoding=\"async\" width=\"1920\" height=\"1078\" src=\"https:\/\/www.mymallorcadiary.com\/wp-content\/uploads\/2026\/02\/Modern-villa-for-6-persons-in-Alcudia.webp\" class=\"attachment-full size-full\" alt=\"\" srcset=\"https:\/\/www.mymallorcadiary.com\/wp-content\/uploads\/2026\/02\/Modern-villa-for-6-persons-in-Alcudia.webp 1920w, https:\/\/www.mymallorcadiary.com\/wp-content\/uploads\/2026\/02\/Modern-villa-for-6-persons-in-Alcudia-300x168.webp 300w, https:\/\/www.mymallorcadiary.com\/wp-content\/uploads\/2026\/02\/Modern-villa-for-6-persons-in-Alcudia-1024x575.webp 1024w, https:\/\/www.mymallorcadiary.com\/wp-content\/uploads\/2026\/02\/Modern-villa-for-6-persons-in-Alcudia-768x431.webp 768w, https:\/\/www.mymallorcadiary.com\/wp-content\/uploads\/2026\/02\/Modern-villa-for-6-persons-in-Alcudia-1536x862.webp 1536w, https:\/\/www.mymallorcadiary.com\/wp-content\/uploads\/2026\/02\/Modern-villa-for-6-persons-in-Alcudia-696x391.webp 696w, https:\/\/www.mymallorcadiary.com\/wp-content\/uploads\/2026\/02\/Modern-villa-for-6-persons-in-Alcudia-1392x782.webp 1392w\" sizes=\"(max-width: 1920px) 100vw, 1920px\" \/><\/a>\n\t\t\t<\/div><\/figure><figure class='gallery-item'>\n\t\t\t<div class='gallery-icon landscape'>\n\t\t\t\t<a href='https:\/\/www.mymallorcadiary.com\/wp-content\/uploads\/2026\/02\/3-bedroom-villa-with-pool-and-hot-tub.webp'><img decoding=\"async\" width=\"1920\" height=\"1078\" src=\"https:\/\/www.mymallorcadiary.com\/wp-content\/uploads\/2026\/02\/3-bedroom-villa-with-pool-and-hot-tub.webp\" class=\"attachment-full size-full\" alt=\"\" srcset=\"https:\/\/www.mymallorcadiary.com\/wp-content\/uploads\/2026\/02\/3-bedroom-villa-with-pool-and-hot-tub.webp 1920w, https:\/\/www.mymallorcadiary.com\/wp-content\/uploads\/2026\/02\/3-bedroom-villa-with-pool-and-hot-tub-300x168.webp 300w, https:\/\/www.mymallorcadiary.com\/wp-content\/uploads\/2026\/02\/3-bedroom-villa-with-pool-and-hot-tub-1024x575.webp 1024w, https:\/\/www.mymallorcadiary.com\/wp-content\/uploads\/2026\/02\/3-bedroom-villa-with-pool-and-hot-tub-768x431.webp 768w, https:\/\/www.mymallorcadiary.com\/wp-content\/uploads\/2026\/02\/3-bedroom-villa-with-pool-and-hot-tub-1536x862.webp 1536w, https:\/\/www.mymallorcadiary.com\/wp-content\/uploads\/2026\/02\/3-bedroom-villa-with-pool-and-hot-tub-696x391.webp 696w, https:\/\/www.mymallorcadiary.com\/wp-content\/uploads\/2026\/02\/3-bedroom-villa-with-pool-and-hot-tub-1392x782.webp 1392w\" sizes=\"(max-width: 1920px) 100vw, 1920px\" \/><\/a>\n\t\t\t<\/div><\/figure>\n\t\t<\/div>\n\n<p data-start=\"4079\" data-end=\"4185\">Fotos von booking.com<\/p>\n<p data-start=\"4079\" data-end=\"4185\"><strong data-start=\"4079\" data-end=\"4116\">Warum sollten Sie die Villa PAM f\u00fcr einen Familienurlaub buchen?<\/strong><br data-start=\"4116\" data-end=\"4119\">Ideal f\u00fcr gr\u00f6\u00dfere Familien, die Wert auf Privatsph\u00e4re und erstklassige Annehmlichkeiten legen.<\/p>\n<p data-start=\"4079\" data-end=\"4185\"><strong>Link f\u00fcr weitere Informationen und zur Buchung: <a href=\"https:\/\/booking.stay22.com\/likexpats\/Tm_CWx9Coe\" target=\"_blank\" rel=\"noopener\">Villa PAM<\/a><\/strong><\/p>\n<h4><span class=\"ez-toc-section\" id=\"Villa_Son_Fe\"><\/span><strong>Villa Son Fe<\/strong><span class=\"ez-toc-section-end\"><\/span><\/h4>\n<p><strong>3 Schlafzimmer | Bis zu 6 Personen<\/strong><\/p>\n<p><a href=\"https:\/\/maps.app.goo.gl\/gCKE6c4rnjhiV6eZ8\" target=\"_blank\" rel=\"noopener\"><strong>Lage Villa Son Fe <\/strong><\/a>| Landschaft in der N\u00e4he von Alc\u00fadia<\/p>\n<p><img decoding=\"async\" class=\"alignnone wp-image-1262 size-full\" src=\"https:\/\/www.mymallorcadiary.com\/wp-content\/uploads\/2026\/02\/Big-pool-villa-in-north-Mallorca.webp\" alt=\"\" width=\"1920\" height=\"1078\" srcset=\"https:\/\/www.mymallorcadiary.com\/wp-content\/uploads\/2026\/02\/Big-pool-villa-in-north-Mallorca.webp 1920w, https:\/\/www.mymallorcadiary.com\/wp-content\/uploads\/2026\/02\/Big-pool-villa-in-north-Mallorca-300x168.webp 300w, https:\/\/www.mymallorcadiary.com\/wp-content\/uploads\/2026\/02\/Big-pool-villa-in-north-Mallorca-1024x575.webp 1024w, https:\/\/www.mymallorcadiary.com\/wp-content\/uploads\/2026\/02\/Big-pool-villa-in-north-Mallorca-768x431.webp 768w, https:\/\/www.mymallorcadiary.com\/wp-content\/uploads\/2026\/02\/Big-pool-villa-in-north-Mallorca-1536x862.webp 1536w, https:\/\/www.mymallorcadiary.com\/wp-content\/uploads\/2026\/02\/Big-pool-villa-in-north-Mallorca-696x391.webp 696w, https:\/\/www.mymallorcadiary.com\/wp-content\/uploads\/2026\/02\/Big-pool-villa-in-north-Mallorca-1392x782.webp 1392w\" sizes=\"(max-width: 1920px) 100vw, 1920px\" \/><\/p>\n<p data-start=\"4252\" data-end=\"4331\">Traditionelle mallorquinische Villa inmitten der Natur mit 3 Schlafzimmern, Pool und gro\u00dfz\u00fcgigen Au\u00dfenbereichen.<\/p>\n<div id='gallery-23' class='gallery galleryid-2789 gallery-columns-2 gallery-size-full'><figure class='gallery-item'>\n\t\t\t<div class='gallery-icon landscape'>\n\t\t\t\t<a href='https:\/\/www.mymallorcadiary.com\/wp-content\/uploads\/2026\/02\/Villa-with-3-bedrooms-in-Alcudia.webp'><img decoding=\"async\" width=\"1920\" height=\"1078\" src=\"https:\/\/www.mymallorcadiary.com\/wp-content\/uploads\/2026\/02\/Villa-with-3-bedrooms-in-Alcudia.webp\" class=\"attachment-full size-full\" alt=\"\" srcset=\"https:\/\/www.mymallorcadiary.com\/wp-content\/uploads\/2026\/02\/Villa-with-3-bedrooms-in-Alcudia.webp 1920w, https:\/\/www.mymallorcadiary.com\/wp-content\/uploads\/2026\/02\/Villa-with-3-bedrooms-in-Alcudia-300x168.webp 300w, https:\/\/www.mymallorcadiary.com\/wp-content\/uploads\/2026\/02\/Villa-with-3-bedrooms-in-Alcudia-1024x575.webp 1024w, https:\/\/www.mymallorcadiary.com\/wp-content\/uploads\/2026\/02\/Villa-with-3-bedrooms-in-Alcudia-768x431.webp 768w, https:\/\/www.mymallorcadiary.com\/wp-content\/uploads\/2026\/02\/Villa-with-3-bedrooms-in-Alcudia-1536x862.webp 1536w, https:\/\/www.mymallorcadiary.com\/wp-content\/uploads\/2026\/02\/Villa-with-3-bedrooms-in-Alcudia-696x391.webp 696w, https:\/\/www.mymallorcadiary.com\/wp-content\/uploads\/2026\/02\/Villa-with-3-bedrooms-in-Alcudia-1392x782.webp 1392w\" sizes=\"(max-width: 1920px) 100vw, 1920px\" \/><\/a>\n\t\t\t<\/div><\/figure><figure class='gallery-item'>\n\t\t\t<div class='gallery-icon landscape'>\n\t\t\t\t<a href='https:\/\/www.mymallorcadiary.com\/wp-content\/uploads\/2026\/02\/Big-pool-villa-in-Alcudia.webp'><img decoding=\"async\" width=\"1920\" height=\"1078\" src=\"https:\/\/www.mymallorcadiary.com\/wp-content\/uploads\/2026\/02\/Big-pool-villa-in-Alcudia.webp\" class=\"attachment-full size-full\" alt=\"\" srcset=\"https:\/\/www.mymallorcadiary.com\/wp-content\/uploads\/2026\/02\/Big-pool-villa-in-Alcudia.webp 1920w, https:\/\/www.mymallorcadiary.com\/wp-content\/uploads\/2026\/02\/Big-pool-villa-in-Alcudia-300x168.webp 300w, https:\/\/www.mymallorcadiary.com\/wp-content\/uploads\/2026\/02\/Big-pool-villa-in-Alcudia-1024x575.webp 1024w, https:\/\/www.mymallorcadiary.com\/wp-content\/uploads\/2026\/02\/Big-pool-villa-in-Alcudia-768x431.webp 768w, https:\/\/www.mymallorcadiary.com\/wp-content\/uploads\/2026\/02\/Big-pool-villa-in-Alcudia-1536x862.webp 1536w, https:\/\/www.mymallorcadiary.com\/wp-content\/uploads\/2026\/02\/Big-pool-villa-in-Alcudia-696x391.webp 696w, https:\/\/www.mymallorcadiary.com\/wp-content\/uploads\/2026\/02\/Big-pool-villa-in-Alcudia-1392x782.webp 1392w\" sizes=\"(max-width: 1920px) 100vw, 1920px\" \/><\/a>\n\t\t\t<\/div><\/figure><figure class='gallery-item'>\n\t\t\t<div class='gallery-icon landscape'>\n\t\t\t\t<a href='https:\/\/www.mymallorcadiary.com\/wp-content\/uploads\/2026\/02\/3-bedroom-villa-with-pool-for-families-in-Mallorca.webp'><img decoding=\"async\" width=\"1920\" height=\"1078\" src=\"https:\/\/www.mymallorcadiary.com\/wp-content\/uploads\/2026\/02\/3-bedroom-villa-with-pool-for-families-in-Mallorca.webp\" class=\"attachment-full size-full\" alt=\"\" srcset=\"https:\/\/www.mymallorcadiary.com\/wp-content\/uploads\/2026\/02\/3-bedroom-villa-with-pool-for-families-in-Mallorca.webp 1920w, https:\/\/www.mymallorcadiary.com\/wp-content\/uploads\/2026\/02\/3-bedroom-villa-with-pool-for-families-in-Mallorca-300x168.webp 300w, https:\/\/www.mymallorcadiary.com\/wp-content\/uploads\/2026\/02\/3-bedroom-villa-with-pool-for-families-in-Mallorca-1024x575.webp 1024w, https:\/\/www.mymallorcadiary.com\/wp-content\/uploads\/2026\/02\/3-bedroom-villa-with-pool-for-families-in-Mallorca-768x431.webp 768w, https:\/\/www.mymallorcadiary.com\/wp-content\/uploads\/2026\/02\/3-bedroom-villa-with-pool-for-families-in-Mallorca-1536x862.webp 1536w, https:\/\/www.mymallorcadiary.com\/wp-content\/uploads\/2026\/02\/3-bedroom-villa-with-pool-for-families-in-Mallorca-696x391.webp 696w, https:\/\/www.mymallorcadiary.com\/wp-content\/uploads\/2026\/02\/3-bedroom-villa-with-pool-for-families-in-Mallorca-1392x782.webp 1392w\" sizes=\"(max-width: 1920px) 100vw, 1920px\" \/><\/a>\n\t\t\t<\/div><\/figure><figure class='gallery-item'>\n\t\t\t<div class='gallery-icon landscape'>\n\t\t\t\t<a href='https:\/\/www.mymallorcadiary.com\/wp-content\/uploads\/2026\/02\/3-bedroom-villa-with-big-pool-in-Alcudia.webp'><img decoding=\"async\" width=\"1920\" height=\"1078\" src=\"https:\/\/www.mymallorcadiary.com\/wp-content\/uploads\/2026\/02\/3-bedroom-villa-with-big-pool-in-Alcudia.webp\" class=\"attachment-full size-full\" alt=\"\" srcset=\"https:\/\/www.mymallorcadiary.com\/wp-content\/uploads\/2026\/02\/3-bedroom-villa-with-big-pool-in-Alcudia.webp 1920w, https:\/\/www.mymallorcadiary.com\/wp-content\/uploads\/2026\/02\/3-bedroom-villa-with-big-pool-in-Alcudia-300x168.webp 300w, https:\/\/www.mymallorcadiary.com\/wp-content\/uploads\/2026\/02\/3-bedroom-villa-with-big-pool-in-Alcudia-1024x575.webp 1024w, https:\/\/www.mymallorcadiary.com\/wp-content\/uploads\/2026\/02\/3-bedroom-villa-with-big-pool-in-Alcudia-768x431.webp 768w, https:\/\/www.mymallorcadiary.com\/wp-content\/uploads\/2026\/02\/3-bedroom-villa-with-big-pool-in-Alcudia-1536x862.webp 1536w, https:\/\/www.mymallorcadiary.com\/wp-content\/uploads\/2026\/02\/3-bedroom-villa-with-big-pool-in-Alcudia-696x391.webp 696w, https:\/\/www.mymallorcadiary.com\/wp-content\/uploads\/2026\/02\/3-bedroom-villa-with-big-pool-in-Alcudia-1392x782.webp 1392w\" sizes=\"(max-width: 1920px) 100vw, 1920px\" \/><\/a>\n\t\t\t<\/div><\/figure>\n\t\t<\/div>\n\n<p data-start=\"4333\" data-end=\"4445\">Fotos von booking.com<\/p>\n<p data-start=\"4333\" data-end=\"4445\"><strong data-start=\"4333\" data-end=\"4370\">Warum sollten Sie die Villa Son Fe f\u00fcr einen Familienurlaub buchen?<\/strong><br data-start=\"4370\" data-end=\"4373\">Ideal f\u00fcr Familien, die viel Platz, Privatsph\u00e4re und die Ruhe der Natur suchen.<\/p>\n<p data-start=\"4333\" data-end=\"4445\"><strong>Link f\u00fcr weitere Informationen und zur Buchung: <a href=\"https:\/\/booking.stay22.com\/likexpats\/2MutUtXI1z\" target=\"_blank\" rel=\"noopener\">Villa Son Fe<\/a><\/strong><\/p>\n<h4><span class=\"ez-toc-section\" id=\"Es_Fasser\"><\/span><strong>Es Fasser<\/strong><span class=\"ez-toc-section-end\"><\/span><\/h4>\n<p><strong>3 Schlafzimmer | Bis zu 6 Personen<\/strong><\/p>\n<p><a href=\"https:\/\/maps.app.goo.gl\/dR1tK8YhvjzgtRaQ7\" target=\"_blank\" rel=\"noopener\"><strong>Lage Es Fasser <\/strong><\/a>| L\u00e4ndliche Gegend in der N\u00e4he von Alc\u00fadia<\/p>\n<p><img decoding=\"async\" class=\"alignnone wp-image-1267 size-full\" src=\"https:\/\/www.mymallorcadiary.com\/wp-content\/uploads\/2026\/02\/Mallorcan-garden-villa-in-Alcudia.webp\" alt=\"\" width=\"1920\" height=\"1078\" srcset=\"https:\/\/www.mymallorcadiary.com\/wp-content\/uploads\/2026\/02\/Mallorcan-garden-villa-in-Alcudia.webp 1920w, https:\/\/www.mymallorcadiary.com\/wp-content\/uploads\/2026\/02\/Mallorcan-garden-villa-in-Alcudia-300x168.webp 300w, https:\/\/www.mymallorcadiary.com\/wp-content\/uploads\/2026\/02\/Mallorcan-garden-villa-in-Alcudia-1024x575.webp 1024w, https:\/\/www.mymallorcadiary.com\/wp-content\/uploads\/2026\/02\/Mallorcan-garden-villa-in-Alcudia-768x431.webp 768w, https:\/\/www.mymallorcadiary.com\/wp-content\/uploads\/2026\/02\/Mallorcan-garden-villa-in-Alcudia-1536x862.webp 1536w, https:\/\/www.mymallorcadiary.com\/wp-content\/uploads\/2026\/02\/Mallorcan-garden-villa-in-Alcudia-696x391.webp 696w, https:\/\/www.mymallorcadiary.com\/wp-content\/uploads\/2026\/02\/Mallorcan-garden-villa-in-Alcudia-1392x782.webp 1392w\" sizes=\"(max-width: 1920px) 100vw, 1920px\" \/><\/p>\n<p data-start=\"4508\" data-end=\"4567\">Reizende Finca mit 3 Schlafzimmern, Garten und privatem Pool.<\/p>\n<div id='gallery-24' class='gallery galleryid-2789 gallery-columns-2 gallery-size-full'><figure class='gallery-item'>\n\t\t\t<div class='gallery-icon landscape'>\n\t\t\t\t<a href='https:\/\/www.mymallorcadiary.com\/wp-content\/uploads\/2026\/02\/Villa-for-6-people-in-Alcudia.webp'><img decoding=\"async\" width=\"1920\" height=\"1078\" src=\"https:\/\/www.mymallorcadiary.com\/wp-content\/uploads\/2026\/02\/Villa-for-6-people-in-Alcudia.webp\" class=\"attachment-full size-full\" alt=\"\" srcset=\"https:\/\/www.mymallorcadiary.com\/wp-content\/uploads\/2026\/02\/Villa-for-6-people-in-Alcudia.webp 1920w, https:\/\/www.mymallorcadiary.com\/wp-content\/uploads\/2026\/02\/Villa-for-6-people-in-Alcudia-300x168.webp 300w, https:\/\/www.mymallorcadiary.com\/wp-content\/uploads\/2026\/02\/Villa-for-6-people-in-Alcudia-1024x575.webp 1024w, https:\/\/www.mymallorcadiary.com\/wp-content\/uploads\/2026\/02\/Villa-for-6-people-in-Alcudia-768x431.webp 768w, https:\/\/www.mymallorcadiary.com\/wp-content\/uploads\/2026\/02\/Villa-for-6-people-in-Alcudia-1536x862.webp 1536w, https:\/\/www.mymallorcadiary.com\/wp-content\/uploads\/2026\/02\/Villa-for-6-people-in-Alcudia-696x391.webp 696w, https:\/\/www.mymallorcadiary.com\/wp-content\/uploads\/2026\/02\/Villa-for-6-people-in-Alcudia-1392x782.webp 1392w\" sizes=\"(max-width: 1920px) 100vw, 1920px\" \/><\/a>\n\t\t\t<\/div><\/figure><figure class='gallery-item'>\n\t\t\t<div class='gallery-icon landscape'>\n\t\t\t\t<a href='https:\/\/www.mymallorcadiary.com\/wp-content\/uploads\/2026\/02\/Villa-with-garden-in-Alcudia.webp'><img decoding=\"async\" width=\"1920\" height=\"1078\" src=\"https:\/\/www.mymallorcadiary.com\/wp-content\/uploads\/2026\/02\/Villa-with-garden-in-Alcudia.webp\" class=\"attachment-full size-full\" alt=\"\" srcset=\"https:\/\/www.mymallorcadiary.com\/wp-content\/uploads\/2026\/02\/Villa-with-garden-in-Alcudia.webp 1920w, https:\/\/www.mymallorcadiary.com\/wp-content\/uploads\/2026\/02\/Villa-with-garden-in-Alcudia-300x168.webp 300w, https:\/\/www.mymallorcadiary.com\/wp-content\/uploads\/2026\/02\/Villa-with-garden-in-Alcudia-1024x575.webp 1024w, https:\/\/www.mymallorcadiary.com\/wp-content\/uploads\/2026\/02\/Villa-with-garden-in-Alcudia-768x431.webp 768w, https:\/\/www.mymallorcadiary.com\/wp-content\/uploads\/2026\/02\/Villa-with-garden-in-Alcudia-1536x862.webp 1536w, https:\/\/www.mymallorcadiary.com\/wp-content\/uploads\/2026\/02\/Villa-with-garden-in-Alcudia-696x391.webp 696w, https:\/\/www.mymallorcadiary.com\/wp-content\/uploads\/2026\/02\/Villa-with-garden-in-Alcudia-1392x782.webp 1392w\" sizes=\"(max-width: 1920px) 100vw, 1920px\" \/><\/a>\n\t\t\t<\/div><\/figure><figure class='gallery-item'>\n\t\t\t<div class='gallery-icon landscape'>\n\t\t\t\t<a href='https:\/\/www.mymallorcadiary.com\/wp-content\/uploads\/2026\/02\/Villa-with-garden-in-Mallorca.webp'><img decoding=\"async\" width=\"1920\" height=\"1078\" src=\"https:\/\/www.mymallorcadiary.com\/wp-content\/uploads\/2026\/02\/Villa-with-garden-in-Mallorca.webp\" class=\"attachment-full size-full\" alt=\"\" srcset=\"https:\/\/www.mymallorcadiary.com\/wp-content\/uploads\/2026\/02\/Villa-with-garden-in-Mallorca.webp 1920w, https:\/\/www.mymallorcadiary.com\/wp-content\/uploads\/2026\/02\/Villa-with-garden-in-Mallorca-300x168.webp 300w, https:\/\/www.mymallorcadiary.com\/wp-content\/uploads\/2026\/02\/Villa-with-garden-in-Mallorca-1024x575.webp 1024w, https:\/\/www.mymallorcadiary.com\/wp-content\/uploads\/2026\/02\/Villa-with-garden-in-Mallorca-768x431.webp 768w, https:\/\/www.mymallorcadiary.com\/wp-content\/uploads\/2026\/02\/Villa-with-garden-in-Mallorca-1536x862.webp 1536w, https:\/\/www.mymallorcadiary.com\/wp-content\/uploads\/2026\/02\/Villa-with-garden-in-Mallorca-696x391.webp 696w, https:\/\/www.mymallorcadiary.com\/wp-content\/uploads\/2026\/02\/Villa-with-garden-in-Mallorca-1392x782.webp 1392w\" sizes=\"(max-width: 1920px) 100vw, 1920px\" \/><\/a>\n\t\t\t<\/div><\/figure><figure class='gallery-item'>\n\t\t\t<div class='gallery-icon landscape'>\n\t\t\t\t<a href='https:\/\/www.mymallorcadiary.com\/wp-content\/uploads\/2026\/02\/Mallorcan-finca-for-families-in-Alcudia.webp'><img decoding=\"async\" width=\"1920\" height=\"1078\" src=\"https:\/\/www.mymallorcadiary.com\/wp-content\/uploads\/2026\/02\/Mallorcan-finca-for-families-in-Alcudia.webp\" class=\"attachment-full size-full\" alt=\"\" srcset=\"https:\/\/www.mymallorcadiary.com\/wp-content\/uploads\/2026\/02\/Mallorcan-finca-for-families-in-Alcudia.webp 1920w, https:\/\/www.mymallorcadiary.com\/wp-content\/uploads\/2026\/02\/Mallorcan-finca-for-families-in-Alcudia-300x168.webp 300w, https:\/\/www.mymallorcadiary.com\/wp-content\/uploads\/2026\/02\/Mallorcan-finca-for-families-in-Alcudia-1024x575.webp 1024w, https:\/\/www.mymallorcadiary.com\/wp-content\/uploads\/2026\/02\/Mallorcan-finca-for-families-in-Alcudia-768x431.webp 768w, https:\/\/www.mymallorcadiary.com\/wp-content\/uploads\/2026\/02\/Mallorcan-finca-for-families-in-Alcudia-1536x862.webp 1536w, https:\/\/www.mymallorcadiary.com\/wp-content\/uploads\/2026\/02\/Mallorcan-finca-for-families-in-Alcudia-696x391.webp 696w, https:\/\/www.mymallorcadiary.com\/wp-content\/uploads\/2026\/02\/Mallorcan-finca-for-families-in-Alcudia-1392x782.webp 1392w\" sizes=\"(max-width: 1920px) 100vw, 1920px\" \/><\/a>\n\t\t\t<\/div><\/figure><figure class='gallery-item'>\n\t\t\t<div class='gallery-icon landscape'>\n\t\t\t\t<a href='https:\/\/www.mymallorcadiary.com\/wp-content\/uploads\/2026\/02\/Mallorcan-finca-for-6-persons-in-Mallorca.webp'><img decoding=\"async\" width=\"1920\" height=\"1078\" src=\"https:\/\/www.mymallorcadiary.com\/wp-content\/uploads\/2026\/02\/Mallorcan-finca-for-6-persons-in-Mallorca.webp\" class=\"attachment-full size-full\" alt=\"\" srcset=\"https:\/\/www.mymallorcadiary.com\/wp-content\/uploads\/2026\/02\/Mallorcan-finca-for-6-persons-in-Mallorca.webp 1920w, https:\/\/www.mymallorcadiary.com\/wp-content\/uploads\/2026\/02\/Mallorcan-finca-for-6-persons-in-Mallorca-300x168.webp 300w, https:\/\/www.mymallorcadiary.com\/wp-content\/uploads\/2026\/02\/Mallorcan-finca-for-6-persons-in-Mallorca-1024x575.webp 1024w, https:\/\/www.mymallorcadiary.com\/wp-content\/uploads\/2026\/02\/Mallorcan-finca-for-6-persons-in-Mallorca-768x431.webp 768w, https:\/\/www.mymallorcadiary.com\/wp-content\/uploads\/2026\/02\/Mallorcan-finca-for-6-persons-in-Mallorca-1536x862.webp 1536w, https:\/\/www.mymallorcadiary.com\/wp-content\/uploads\/2026\/02\/Mallorcan-finca-for-6-persons-in-Mallorca-696x391.webp 696w, https:\/\/www.mymallorcadiary.com\/wp-content\/uploads\/2026\/02\/Mallorcan-finca-for-6-persons-in-Mallorca-1392x782.webp 1392w\" sizes=\"(max-width: 1920px) 100vw, 1920px\" \/><\/a>\n\t\t\t<\/div><\/figure><figure class='gallery-item'>\n\t\t\t<div class='gallery-icon landscape'>\n\t\t\t\t<a href='https:\/\/www.mymallorcadiary.com\/wp-content\/uploads\/2026\/02\/Finca-for-6-people-in-Alcudia.webp'><img decoding=\"async\" width=\"1920\" height=\"1078\" src=\"https:\/\/www.mymallorcadiary.com\/wp-content\/uploads\/2026\/02\/Finca-for-6-people-in-Alcudia.webp\" class=\"attachment-full size-full\" alt=\"\" srcset=\"https:\/\/www.mymallorcadiary.com\/wp-content\/uploads\/2026\/02\/Finca-for-6-people-in-Alcudia.webp 1920w, https:\/\/www.mymallorcadiary.com\/wp-content\/uploads\/2026\/02\/Finca-for-6-people-in-Alcudia-300x168.webp 300w, https:\/\/www.mymallorcadiary.com\/wp-content\/uploads\/2026\/02\/Finca-for-6-people-in-Alcudia-1024x575.webp 1024w, https:\/\/www.mymallorcadiary.com\/wp-content\/uploads\/2026\/02\/Finca-for-6-people-in-Alcudia-768x431.webp 768w, https:\/\/www.mymallorcadiary.com\/wp-content\/uploads\/2026\/02\/Finca-for-6-people-in-Alcudia-1536x862.webp 1536w, https:\/\/www.mymallorcadiary.com\/wp-content\/uploads\/2026\/02\/Finca-for-6-people-in-Alcudia-696x391.webp 696w, https:\/\/www.mymallorcadiary.com\/wp-content\/uploads\/2026\/02\/Finca-for-6-people-in-Alcudia-1392x782.webp 1392w\" sizes=\"(max-width: 1920px) 100vw, 1920px\" \/><\/a>\n\t\t\t<\/div><\/figure>\n\t\t<\/div>\n\n<p data-start=\"4569\" data-end=\"4670\">Fotos von booking.com<\/p>\n<p data-start=\"4569\" data-end=\"4670\"><strong data-start=\"4569\" data-end=\"4606\">Warum sollten Sie Es Fasser f\u00fcr einen Familienurlaub buchen?<\/strong><br data-start=\"4606\" data-end=\"4609\">Ideal f\u00fcr Familien, die ein authentisches Mallorca-Erlebnis suchen.<\/p>\n<p data-start=\"4569\" data-end=\"4670\"><strong>Link f\u00fcr weitere Informationen und zur Buchung: <a href=\"https:\/\/booking.stay22.com\/likexpats\/zStAOaYvsl\" target=\"_blank\" rel=\"noopener\">Es Fasser<\/a><\/strong><\/p>\n<h4><span class=\"ez-toc-section\" id=\"Casa_Sa_Marina_in_Alcudia\"><\/span><strong>Casa Sa Marina in Alcudia<\/strong><span class=\"ez-toc-section-end\"><\/span><\/h4>\n<p><strong>3 Schlafzimmer | Bis zu 5 Personen<\/strong><\/p>\n<p><a href=\"https:\/\/maps.app.goo.gl\/RCcVPvsS8PoXxrNJ6\" target=\"_blank\" rel=\"noopener\"><strong>Lage Casa Sa Marina <\/strong><\/a>| In Strand- und Stadtn\u00e4he<\/p>\n<p><img decoding=\"async\" class=\"alignnone wp-image-1277 size-full\" src=\"https:\/\/www.mymallorcadiary.com\/wp-content\/uploads\/2026\/02\/House-with-pool-in-Alcudia.webp\" alt=\"\" width=\"1920\" height=\"1078\" srcset=\"https:\/\/www.mymallorcadiary.com\/wp-content\/uploads\/2026\/02\/House-with-pool-in-Alcudia.webp 1920w, https:\/\/www.mymallorcadiary.com\/wp-content\/uploads\/2026\/02\/House-with-pool-in-Alcudia-300x168.webp 300w, https:\/\/www.mymallorcadiary.com\/wp-content\/uploads\/2026\/02\/House-with-pool-in-Alcudia-1024x575.webp 1024w, https:\/\/www.mymallorcadiary.com\/wp-content\/uploads\/2026\/02\/House-with-pool-in-Alcudia-768x431.webp 768w, https:\/\/www.mymallorcadiary.com\/wp-content\/uploads\/2026\/02\/House-with-pool-in-Alcudia-1536x862.webp 1536w, https:\/\/www.mymallorcadiary.com\/wp-content\/uploads\/2026\/02\/House-with-pool-in-Alcudia-696x391.webp 696w, https:\/\/www.mymallorcadiary.com\/wp-content\/uploads\/2026\/02\/House-with-pool-in-Alcudia-1392x782.webp 1392w\" sizes=\"(max-width: 1920px) 100vw, 1920px\" \/><\/p>\n<p data-start=\"4749\" data-end=\"4816\">Einfamilienhaus mit 3 Schlafzimmern, Pool, privaten Au\u00dfenbereichen und guter Anbindung an die Infrastruktur.<\/p>\n<div id='gallery-25' class='gallery galleryid-2789 gallery-columns-2 gallery-size-full'><figure class='gallery-item'>\n\t\t\t<div class='gallery-icon landscape'>\n\t\t\t\t<a href='https:\/\/www.mymallorcadiary.com\/wp-content\/uploads\/2026\/02\/Beautiful-house-for-6-persons-in-Alcudia.webp'><img decoding=\"async\" width=\"1920\" height=\"1078\" src=\"https:\/\/www.mymallorcadiary.com\/wp-content\/uploads\/2026\/02\/Beautiful-house-for-6-persons-in-Alcudia.webp\" class=\"attachment-full size-full\" alt=\"\" srcset=\"https:\/\/www.mymallorcadiary.com\/wp-content\/uploads\/2026\/02\/Beautiful-house-for-6-persons-in-Alcudia.webp 1920w, https:\/\/www.mymallorcadiary.com\/wp-content\/uploads\/2026\/02\/Beautiful-house-for-6-persons-in-Alcudia-300x168.webp 300w, https:\/\/www.mymallorcadiary.com\/wp-content\/uploads\/2026\/02\/Beautiful-house-for-6-persons-in-Alcudia-1024x575.webp 1024w, https:\/\/www.mymallorcadiary.com\/wp-content\/uploads\/2026\/02\/Beautiful-house-for-6-persons-in-Alcudia-768x431.webp 768w, https:\/\/www.mymallorcadiary.com\/wp-content\/uploads\/2026\/02\/Beautiful-house-for-6-persons-in-Alcudia-1536x862.webp 1536w, https:\/\/www.mymallorcadiary.com\/wp-content\/uploads\/2026\/02\/Beautiful-house-for-6-persons-in-Alcudia-696x391.webp 696w, https:\/\/www.mymallorcadiary.com\/wp-content\/uploads\/2026\/02\/Beautiful-house-for-6-persons-in-Alcudia-1392x782.webp 1392w\" sizes=\"(max-width: 1920px) 100vw, 1920px\" \/><\/a>\n\t\t\t<\/div><\/figure><figure class='gallery-item'>\n\t\t\t<div class='gallery-icon landscape'>\n\t\t\t\t<a href='https:\/\/www.mymallorcadiary.com\/wp-content\/uploads\/2026\/02\/Casa-Sa-Marina-Alcudia.webp'><img decoding=\"async\" width=\"1920\" height=\"1078\" src=\"https:\/\/www.mymallorcadiary.com\/wp-content\/uploads\/2026\/02\/Casa-Sa-Marina-Alcudia.webp\" class=\"attachment-full size-full\" alt=\"\" srcset=\"https:\/\/www.mymallorcadiary.com\/wp-content\/uploads\/2026\/02\/Casa-Sa-Marina-Alcudia.webp 1920w, https:\/\/www.mymallorcadiary.com\/wp-content\/uploads\/2026\/02\/Casa-Sa-Marina-Alcudia-300x168.webp 300w, https:\/\/www.mymallorcadiary.com\/wp-content\/uploads\/2026\/02\/Casa-Sa-Marina-Alcudia-1024x575.webp 1024w, https:\/\/www.mymallorcadiary.com\/wp-content\/uploads\/2026\/02\/Casa-Sa-Marina-Alcudia-768x431.webp 768w, https:\/\/www.mymallorcadiary.com\/wp-content\/uploads\/2026\/02\/Casa-Sa-Marina-Alcudia-1536x862.webp 1536w, https:\/\/www.mymallorcadiary.com\/wp-content\/uploads\/2026\/02\/Casa-Sa-Marina-Alcudia-696x391.webp 696w, https:\/\/www.mymallorcadiary.com\/wp-content\/uploads\/2026\/02\/Casa-Sa-Marina-Alcudia-1392x782.webp 1392w\" sizes=\"(max-width: 1920px) 100vw, 1920px\" \/><\/a>\n\t\t\t<\/div><\/figure><figure class='gallery-item'>\n\t\t\t<div class='gallery-icon landscape'>\n\t\t\t\t<a href='https:\/\/www.mymallorcadiary.com\/wp-content\/uploads\/2026\/02\/3-bedroom-house-in-Alcudia.webp'><img decoding=\"async\" width=\"1920\" height=\"1078\" src=\"https:\/\/www.mymallorcadiary.com\/wp-content\/uploads\/2026\/02\/3-bedroom-house-in-Alcudia.webp\" class=\"attachment-full size-full\" alt=\"\" srcset=\"https:\/\/www.mymallorcadiary.com\/wp-content\/uploads\/2026\/02\/3-bedroom-house-in-Alcudia.webp 1920w, https:\/\/www.mymallorcadiary.com\/wp-content\/uploads\/2026\/02\/3-bedroom-house-in-Alcudia-300x168.webp 300w, https:\/\/www.mymallorcadiary.com\/wp-content\/uploads\/2026\/02\/3-bedroom-house-in-Alcudia-1024x575.webp 1024w, https:\/\/www.mymallorcadiary.com\/wp-content\/uploads\/2026\/02\/3-bedroom-house-in-Alcudia-768x431.webp 768w, https:\/\/www.mymallorcadiary.com\/wp-content\/uploads\/2026\/02\/3-bedroom-house-in-Alcudia-1536x862.webp 1536w, https:\/\/www.mymallorcadiary.com\/wp-content\/uploads\/2026\/02\/3-bedroom-house-in-Alcudia-696x391.webp 696w, https:\/\/www.mymallorcadiary.com\/wp-content\/uploads\/2026\/02\/3-bedroom-house-in-Alcudia-1392x782.webp 1392w\" sizes=\"(max-width: 1920px) 100vw, 1920px\" \/><\/a>\n\t\t\t<\/div><\/figure><figure class='gallery-item'>\n\t\t\t<div class='gallery-icon landscape'>\n\t\t\t\t<a href='https:\/\/www.mymallorcadiary.com\/wp-content\/uploads\/2026\/02\/3-bedroom-villa-with-pool-in-Alcudia-1.webp'><img decoding=\"async\" width=\"1920\" height=\"1078\" src=\"https:\/\/www.mymallorcadiary.com\/wp-content\/uploads\/2026\/02\/3-bedroom-villa-with-pool-in-Alcudia-1.webp\" class=\"attachment-full size-full\" alt=\"\" srcset=\"https:\/\/www.mymallorcadiary.com\/wp-content\/uploads\/2026\/02\/3-bedroom-villa-with-pool-in-Alcudia-1.webp 1920w, https:\/\/www.mymallorcadiary.com\/wp-content\/uploads\/2026\/02\/3-bedroom-villa-with-pool-in-Alcudia-1-300x168.webp 300w, https:\/\/www.mymallorcadiary.com\/wp-content\/uploads\/2026\/02\/3-bedroom-villa-with-pool-in-Alcudia-1-1024x575.webp 1024w, https:\/\/www.mymallorcadiary.com\/wp-content\/uploads\/2026\/02\/3-bedroom-villa-with-pool-in-Alcudia-1-768x431.webp 768w, https:\/\/www.mymallorcadiary.com\/wp-content\/uploads\/2026\/02\/3-bedroom-villa-with-pool-in-Alcudia-1-1536x862.webp 1536w, https:\/\/www.mymallorcadiary.com\/wp-content\/uploads\/2026\/02\/3-bedroom-villa-with-pool-in-Alcudia-1-696x391.webp 696w, https:\/\/www.mymallorcadiary.com\/wp-content\/uploads\/2026\/02\/3-bedroom-villa-with-pool-in-Alcudia-1-1392x782.webp 1392w\" sizes=\"(max-width: 1920px) 100vw, 1920px\" \/><\/a>\n\t\t\t<\/div><\/figure><figure class='gallery-item'>\n\t\t\t<div class='gallery-icon landscape'>\n\t\t\t\t<a href='https:\/\/www.mymallorcadiary.com\/wp-content\/uploads\/2026\/02\/3-bedroom-house-with-pool-in-Alcudia.webp'><img decoding=\"async\" width=\"1920\" height=\"1078\" src=\"https:\/\/www.mymallorcadiary.com\/wp-content\/uploads\/2026\/02\/3-bedroom-house-with-pool-in-Alcudia.webp\" class=\"attachment-full size-full\" alt=\"\" srcset=\"https:\/\/www.mymallorcadiary.com\/wp-content\/uploads\/2026\/02\/3-bedroom-house-with-pool-in-Alcudia.webp 1920w, https:\/\/www.mymallorcadiary.com\/wp-content\/uploads\/2026\/02\/3-bedroom-house-with-pool-in-Alcudia-300x168.webp 300w, https:\/\/www.mymallorcadiary.com\/wp-content\/uploads\/2026\/02\/3-bedroom-house-with-pool-in-Alcudia-1024x575.webp 1024w, https:\/\/www.mymallorcadiary.com\/wp-content\/uploads\/2026\/02\/3-bedroom-house-with-pool-in-Alcudia-768x431.webp 768w, https:\/\/www.mymallorcadiary.com\/wp-content\/uploads\/2026\/02\/3-bedroom-house-with-pool-in-Alcudia-1536x862.webp 1536w, https:\/\/www.mymallorcadiary.com\/wp-content\/uploads\/2026\/02\/3-bedroom-house-with-pool-in-Alcudia-696x391.webp 696w, https:\/\/www.mymallorcadiary.com\/wp-content\/uploads\/2026\/02\/3-bedroom-house-with-pool-in-Alcudia-1392x782.webp 1392w\" sizes=\"(max-width: 1920px) 100vw, 1920px\" \/><\/a>\n\t\t\t<\/div><\/figure><figure class='gallery-item'>\n\t\t\t<div class='gallery-icon landscape'>\n\t\t\t\t<a href='https:\/\/www.mymallorcadiary.com\/wp-content\/uploads\/2026\/02\/3-bedroom-house-for-6-persons-in-Mallorca.webp'><img decoding=\"async\" width=\"1920\" height=\"1078\" src=\"https:\/\/www.mymallorcadiary.com\/wp-content\/uploads\/2026\/02\/3-bedroom-house-for-6-persons-in-Mallorca.webp\" class=\"attachment-full size-full\" alt=\"\" srcset=\"https:\/\/www.mymallorcadiary.com\/wp-content\/uploads\/2026\/02\/3-bedroom-house-for-6-persons-in-Mallorca.webp 1920w, https:\/\/www.mymallorcadiary.com\/wp-content\/uploads\/2026\/02\/3-bedroom-house-for-6-persons-in-Mallorca-300x168.webp 300w, https:\/\/www.mymallorcadiary.com\/wp-content\/uploads\/2026\/02\/3-bedroom-house-for-6-persons-in-Mallorca-1024x575.webp 1024w, https:\/\/www.mymallorcadiary.com\/wp-content\/uploads\/2026\/02\/3-bedroom-house-for-6-persons-in-Mallorca-768x431.webp 768w, https:\/\/www.mymallorcadiary.com\/wp-content\/uploads\/2026\/02\/3-bedroom-house-for-6-persons-in-Mallorca-1536x862.webp 1536w, https:\/\/www.mymallorcadiary.com\/wp-content\/uploads\/2026\/02\/3-bedroom-house-for-6-persons-in-Mallorca-696x391.webp 696w, https:\/\/www.mymallorcadiary.com\/wp-content\/uploads\/2026\/02\/3-bedroom-house-for-6-persons-in-Mallorca-1392x782.webp 1392w\" sizes=\"(max-width: 1920px) 100vw, 1920px\" \/><\/a>\n\t\t\t<\/div><\/figure>\n\t\t<\/div>\n\n<p data-start=\"4818\" data-end=\"4914\">Fotos von booking.com<\/p>\n<p data-start=\"4818\" data-end=\"4914\"><strong data-start=\"4818\" data-end=\"4855\">Warum sollten Sie die Casa Sa Marina f\u00fcr einen Familienurlaub buchen?<\/strong><br data-start=\"4855\" data-end=\"4858\">Vereint Bequemlichkeit mit dem Komfort eines eigenen Zuhauses.<\/p>\n<p data-start=\"4818\" data-end=\"4914\"><strong>Link f\u00fcr weitere Informationen und zur Buchung: <a href=\"https:\/\/booking.stay22.com\/likexpats\/GSS32xYe_h\" target=\"_blank\" rel=\"noopener\">Casa Sa Marina<\/a><\/strong><\/p>\n<p><img decoding=\"async\" class=\"alignnone wp-image-372 size-full\" src=\"https:\/\/www.mymallorcadiary.com\/wp-content\/uploads\/2024\/11\/Cala-DOr-what-to-do.webp\" alt=\"Was man in Cala D'Or unternehmen kann\" width=\"1920\" height=\"1078\" srcset=\"https:\/\/www.mymallorcadiary.com\/wp-content\/uploads\/2024\/11\/Cala-DOr-what-to-do.webp 1920w, https:\/\/www.mymallorcadiary.com\/wp-content\/uploads\/2024\/11\/Cala-DOr-what-to-do-300x168.webp 300w, https:\/\/www.mymallorcadiary.com\/wp-content\/uploads\/2024\/11\/Cala-DOr-what-to-do-1024x575.webp 1024w, https:\/\/www.mymallorcadiary.com\/wp-content\/uploads\/2024\/11\/Cala-DOr-what-to-do-768x431.webp 768w, https:\/\/www.mymallorcadiary.com\/wp-content\/uploads\/2024\/11\/Cala-DOr-what-to-do-1536x862.webp 1536w, https:\/\/www.mymallorcadiary.com\/wp-content\/uploads\/2024\/11\/Cala-DOr-what-to-do-696x391.webp 696w, https:\/\/www.mymallorcadiary.com\/wp-content\/uploads\/2024\/11\/Cala-DOr-what-to-do-1392x782.webp 1392w\" sizes=\"(max-width: 1920px) 100vw, 1920px\" \/><\/p>\n<h2 data-start=\"2509\" data-end=\"2574\"><span class=\"ez-toc-section\" id=\"Cala_dOr\"><\/span><strong><span class=\"hover:entity-accent entity-underline inline cursor-pointer align-baseline\"><span class=\"whitespace-normal\">Cala d\u2019Or<\/span><\/span><\/strong><span class=\"ez-toc-section-end\"><\/span><\/h2>\n<p class=\"p1\"><span class=\"s1\"><a href=\"https:\/\/maps.app.goo.gl\/9SK4SBkk8WCDhYzDA\"><b>Cala d\u2019Or<\/b><\/a><\/span> <b>ist ein weiteres Reiseziel, das oft als die beste Gegend auf Mallorca f\u00fcr Familien<\/b> genannt wird, insbesondere f\u00fcr Urlauber, die kleinere Str\u00e4nde und eine entspannte mediterrane Atmosph\u00e4re bevorzugen.<\/p>\n<p class=\"p1\">Cala d\u2019Or liegt im S\u00fcdosten der Insel und ist bekannt f\u00fcr seine zahlreichen kleinen Buchten mit t\u00fcrkisfarbenem Wasser. Im Gegensatz zu Gegenden mit einem einzigen gro\u00dfen Strand bietet Cala d\u2019Or mehrere gesch\u00fctzte Buchten, die oft von Pinien und felsigen Klippen umgeben sind. <\/p>\n<p class=\"p1\">Viele dieser Buchten liegen nur wenige Gehminuten vom Stadtzentrum entfernt, sodass Familien w\u00e4hrend ihres Aufenthalts bequem verschiedene Badepl\u00e4tze erkunden k\u00f6nnen. Str\u00e4nde wie <b>Cala Gran und Cala Ferrera<\/b> sind besonders beliebt, da das Wasser dort ruhig und die Str\u00e4nde leicht zug\u00e4nglich sind. <\/p>\n<p class=\"p1\">Die Stadt selbst strahlt eine sehr charmante Atmosph\u00e4re aus. Wei\u00dfe Geb\u00e4ude im mediterranen Stil, von Palmen ges\u00e4umte Stra\u00dfen und ein wundersch\u00f6ner Yachthafen verleihen Cala d\u2019Or eine entspannte d\u00f6rfliche Atmosph\u00e4re. Am Abend belebt sich die Promenade am Yachthafen mit Restaurants, Caf\u00e9s und Familien, die ihr Abendessen am Wasser genie\u00dfen.  <\/p>\n<p class=\"p1\">Besucherandrang und beste Reisezeit<br \/>\nDer Sommer ist lebhaft, wirkt aber im Vergleich zu gr\u00f6\u00dferen Ferienorten dennoch entspannt. Juni und September sind hervorragende Monate, da das Wetter warm ist und die Buchten weniger \u00fcberlaufen sind. <\/p>\n<p class=\"p1\"><b>Anfahrtsbeschreibung<\/b><br \/>\nCala d\u2019Or liegt etwa eine Stunde und f\u00fcnfzehn Minuten vom Flughafen Palma entfernt. Es gibt Busverbindungen, allerdings kann die Fahrzeit l\u00e4nger sein als im S\u00fcdwesten der Insel. <\/p>\n<p class=\"p1\"><b>Lokaler Tipp<\/b><br \/>\nBesuchen Sie den <b>Yachthafen von Cala d\u2019Or bei Sonnenuntergang<\/b>. Viele Restaurants verf\u00fcgen \u00fcber Terrassen mit Blick auf den Hafen, und die Atmosph\u00e4re ist ideal f\u00fcr ein entspanntes Abendessen mit der Familie. <\/p>\n<h3 data-start=\"2747\" data-end=\"2774\"><span class=\"ez-toc-section\" id=\"Warum_Cala_dOr_eine_der_besten_Gegenden_auf_Mallorca_fuer_Familien_ist\"><\/span><strong>Warum Cala d\u2019Or eine der besten Gegenden auf Mallorca f\u00fcr Familien ist<\/strong><span class=\"ez-toc-section-end\"><\/span><\/h3>\n<ul data-start=\"2775\" data-end=\"2963\">\n<li data-start=\"2775\" data-end=\"2820\">\n<p data-start=\"2777\" data-end=\"2820\">Kleine, gesch\u00fctzte Buchten, ideal f\u00fcr Kinder<\/p>\n<\/li>\n<li data-start=\"2821\" data-end=\"2872\">\n<p data-start=\"2823\" data-end=\"2872\">Ein fu\u00dfg\u00e4ngerfreundliches Stadtzentrum mit Restaurants und Caf\u00e9s<\/p>\n<\/li>\n<li data-start=\"2873\" data-end=\"2918\">\n<p data-start=\"2875\" data-end=\"2918\">Sicheres Schwimmen und familienfreundliche Str\u00e4nde<\/p>\n<\/li>\n<li data-start=\"2919\" data-end=\"2963\">\n<p data-start=\"2921\" data-end=\"2963\">Einfacher Zugang zu Aktivit\u00e4ten und Ausfl\u00fcgen<\/p>\n<\/li>\n<\/ul>\n<h3 data-start=\"2965\" data-end=\"3001\"><span class=\"ez-toc-section\" id=\"Familienfreundliche_Hotels_in_Cala_dOr\"><\/span><strong>Familienfreundliche Hotels in Cala d\u2019Or<\/strong><span class=\"ez-toc-section-end\"><\/span><\/h3>\n<h4><span class=\"ez-toc-section\" id=\"Melia_Cala_dOr_Boutique_Hotel_5\"><\/span><strong>Meli\u00e1 Cala d&#8217;Or Boutique Hotel 5*<\/strong><span class=\"ez-toc-section-end\"><\/span><\/h4>\n<p><a href=\"https:\/\/maps.app.goo.gl\/hbyRNFYxRxJGtVNi9\" target=\"_blank\" rel=\"noopener\"><strong>Lage Meli\u00e1 Cala d&#8217;Or Boutique Hotel <\/strong><\/a>| Cala d\u2019Or. Ruhige Wohngegend <\/p>\n<p><img decoding=\"async\" class=\"alignnone wp-image-1284 size-full\" src=\"https:\/\/www.mymallorcadiary.com\/wp-content\/uploads\/2026\/02\/Melia-Cala-DOr-Boutique-hotel.webp\" alt=\"\" width=\"1920\" height=\"1078\" srcset=\"https:\/\/www.mymallorcadiary.com\/wp-content\/uploads\/2026\/02\/Melia-Cala-DOr-Boutique-hotel.webp 1920w, https:\/\/www.mymallorcadiary.com\/wp-content\/uploads\/2026\/02\/Melia-Cala-DOr-Boutique-hotel-300x168.webp 300w, https:\/\/www.mymallorcadiary.com\/wp-content\/uploads\/2026\/02\/Melia-Cala-DOr-Boutique-hotel-1024x575.webp 1024w, https:\/\/www.mymallorcadiary.com\/wp-content\/uploads\/2026\/02\/Melia-Cala-DOr-Boutique-hotel-768x431.webp 768w, https:\/\/www.mymallorcadiary.com\/wp-content\/uploads\/2026\/02\/Melia-Cala-DOr-Boutique-hotel-1536x862.webp 1536w, https:\/\/www.mymallorcadiary.com\/wp-content\/uploads\/2026\/02\/Melia-Cala-DOr-Boutique-hotel-696x391.webp 696w, https:\/\/www.mymallorcadiary.com\/wp-content\/uploads\/2026\/02\/Melia-Cala-DOr-Boutique-hotel-1392x782.webp 1392w\" sizes=\"(max-width: 1920px) 100vw, 1920px\" \/><\/p>\n<p data-start=\"4773\" data-end=\"4881\">Ein elegantes Hotel inmitten von G\u00e4rten, das ger\u00e4umige Zimmer und eine entspannte Atmosph\u00e4re in der N\u00e4he des Strandes Cala Gran bietet.<\/p>\n<div id='gallery-26' class='gallery galleryid-2789 gallery-columns-2 gallery-size-full'><figure class='gallery-item'>\n\t\t\t<div class='gallery-icon landscape'>\n\t\t\t\t<a href='https:\/\/www.mymallorcadiary.com\/wp-content\/uploads\/2026\/02\/Cala-Dor-boutique-hotel.webp'><img decoding=\"async\" width=\"1920\" height=\"1078\" src=\"https:\/\/www.mymallorcadiary.com\/wp-content\/uploads\/2026\/02\/Cala-Dor-boutique-hotel.webp\" class=\"attachment-full size-full\" alt=\"\" srcset=\"https:\/\/www.mymallorcadiary.com\/wp-content\/uploads\/2026\/02\/Cala-Dor-boutique-hotel.webp 1920w, https:\/\/www.mymallorcadiary.com\/wp-content\/uploads\/2026\/02\/Cala-Dor-boutique-hotel-300x168.webp 300w, https:\/\/www.mymallorcadiary.com\/wp-content\/uploads\/2026\/02\/Cala-Dor-boutique-hotel-1024x575.webp 1024w, https:\/\/www.mymallorcadiary.com\/wp-content\/uploads\/2026\/02\/Cala-Dor-boutique-hotel-768x431.webp 768w, https:\/\/www.mymallorcadiary.com\/wp-content\/uploads\/2026\/02\/Cala-Dor-boutique-hotel-1536x862.webp 1536w, https:\/\/www.mymallorcadiary.com\/wp-content\/uploads\/2026\/02\/Cala-Dor-boutique-hotel-696x391.webp 696w, https:\/\/www.mymallorcadiary.com\/wp-content\/uploads\/2026\/02\/Cala-Dor-boutique-hotel-1392x782.webp 1392w\" sizes=\"(max-width: 1920px) 100vw, 1920px\" \/><\/a>\n\t\t\t<\/div><\/figure><figure class='gallery-item'>\n\t\t\t<div class='gallery-icon landscape'>\n\t\t\t\t<a href='https:\/\/www.mymallorcadiary.com\/wp-content\/uploads\/2026\/02\/Beautiful-hotel-in-Cala-DOr.webp'><img decoding=\"async\" width=\"1920\" height=\"1078\" src=\"https:\/\/www.mymallorcadiary.com\/wp-content\/uploads\/2026\/02\/Beautiful-hotel-in-Cala-DOr.webp\" class=\"attachment-full size-full\" alt=\"\" srcset=\"https:\/\/www.mymallorcadiary.com\/wp-content\/uploads\/2026\/02\/Beautiful-hotel-in-Cala-DOr.webp 1920w, https:\/\/www.mymallorcadiary.com\/wp-content\/uploads\/2026\/02\/Beautiful-hotel-in-Cala-DOr-300x168.webp 300w, https:\/\/www.mymallorcadiary.com\/wp-content\/uploads\/2026\/02\/Beautiful-hotel-in-Cala-DOr-1024x575.webp 1024w, https:\/\/www.mymallorcadiary.com\/wp-content\/uploads\/2026\/02\/Beautiful-hotel-in-Cala-DOr-768x431.webp 768w, https:\/\/www.mymallorcadiary.com\/wp-content\/uploads\/2026\/02\/Beautiful-hotel-in-Cala-DOr-1536x862.webp 1536w, https:\/\/www.mymallorcadiary.com\/wp-content\/uploads\/2026\/02\/Beautiful-hotel-in-Cala-DOr-696x391.webp 696w, https:\/\/www.mymallorcadiary.com\/wp-content\/uploads\/2026\/02\/Beautiful-hotel-in-Cala-DOr-1392x782.webp 1392w\" sizes=\"(max-width: 1920px) 100vw, 1920px\" \/><\/a>\n\t\t\t<\/div><\/figure><figure class='gallery-item'>\n\t\t\t<div class='gallery-icon landscape'>\n\t\t\t\t<a href='https:\/\/www.mymallorcadiary.com\/wp-content\/uploads\/2026\/02\/Boutique-hotel-in-Cala-DOr.webp'><img decoding=\"async\" width=\"1920\" height=\"1078\" src=\"https:\/\/www.mymallorcadiary.com\/wp-content\/uploads\/2026\/02\/Boutique-hotel-in-Cala-DOr.webp\" class=\"attachment-full size-full\" alt=\"\" srcset=\"https:\/\/www.mymallorcadiary.com\/wp-content\/uploads\/2026\/02\/Boutique-hotel-in-Cala-DOr.webp 1920w, https:\/\/www.mymallorcadiary.com\/wp-content\/uploads\/2026\/02\/Boutique-hotel-in-Cala-DOr-300x168.webp 300w, https:\/\/www.mymallorcadiary.com\/wp-content\/uploads\/2026\/02\/Boutique-hotel-in-Cala-DOr-1024x575.webp 1024w, https:\/\/www.mymallorcadiary.com\/wp-content\/uploads\/2026\/02\/Boutique-hotel-in-Cala-DOr-768x431.webp 768w, https:\/\/www.mymallorcadiary.com\/wp-content\/uploads\/2026\/02\/Boutique-hotel-in-Cala-DOr-1536x862.webp 1536w, https:\/\/www.mymallorcadiary.com\/wp-content\/uploads\/2026\/02\/Boutique-hotel-in-Cala-DOr-696x391.webp 696w, https:\/\/www.mymallorcadiary.com\/wp-content\/uploads\/2026\/02\/Boutique-hotel-in-Cala-DOr-1392x782.webp 1392w\" sizes=\"(max-width: 1920px) 100vw, 1920px\" \/><\/a>\n\t\t\t<\/div><\/figure><figure class='gallery-item'>\n\t\t\t<div class='gallery-icon landscape'>\n\t\t\t\t<a href='https:\/\/www.mymallorcadiary.com\/wp-content\/uploads\/2026\/02\/Wellness-hotel-in-Cala-Dor.webp'><img decoding=\"async\" width=\"1920\" height=\"1078\" src=\"https:\/\/www.mymallorcadiary.com\/wp-content\/uploads\/2026\/02\/Wellness-hotel-in-Cala-Dor.webp\" class=\"attachment-full size-full\" alt=\"\" srcset=\"https:\/\/www.mymallorcadiary.com\/wp-content\/uploads\/2026\/02\/Wellness-hotel-in-Cala-Dor.webp 1920w, https:\/\/www.mymallorcadiary.com\/wp-content\/uploads\/2026\/02\/Wellness-hotel-in-Cala-Dor-300x168.webp 300w, https:\/\/www.mymallorcadiary.com\/wp-content\/uploads\/2026\/02\/Wellness-hotel-in-Cala-Dor-1024x575.webp 1024w, https:\/\/www.mymallorcadiary.com\/wp-content\/uploads\/2026\/02\/Wellness-hotel-in-Cala-Dor-768x431.webp 768w, https:\/\/www.mymallorcadiary.com\/wp-content\/uploads\/2026\/02\/Wellness-hotel-in-Cala-Dor-1536x862.webp 1536w, https:\/\/www.mymallorcadiary.com\/wp-content\/uploads\/2026\/02\/Wellness-hotel-in-Cala-Dor-696x391.webp 696w, https:\/\/www.mymallorcadiary.com\/wp-content\/uploads\/2026\/02\/Wellness-hotel-in-Cala-Dor-1392x782.webp 1392w\" sizes=\"(max-width: 1920px) 100vw, 1920px\" \/><\/a>\n\t\t\t<\/div><\/figure><figure class='gallery-item'>\n\t\t\t<div class='gallery-icon landscape'>\n\t\t\t\t<a href='https:\/\/www.mymallorcadiary.com\/wp-content\/uploads\/2026\/02\/Hotel-with-wellness-in-Cala-Dor.webp'><img decoding=\"async\" width=\"1920\" height=\"1078\" src=\"https:\/\/www.mymallorcadiary.com\/wp-content\/uploads\/2026\/02\/Hotel-with-wellness-in-Cala-Dor.webp\" class=\"attachment-full size-full\" alt=\"\" srcset=\"https:\/\/www.mymallorcadiary.com\/wp-content\/uploads\/2026\/02\/Hotel-with-wellness-in-Cala-Dor.webp 1920w, https:\/\/www.mymallorcadiary.com\/wp-content\/uploads\/2026\/02\/Hotel-with-wellness-in-Cala-Dor-300x168.webp 300w, https:\/\/www.mymallorcadiary.com\/wp-content\/uploads\/2026\/02\/Hotel-with-wellness-in-Cala-Dor-1024x575.webp 1024w, https:\/\/www.mymallorcadiary.com\/wp-content\/uploads\/2026\/02\/Hotel-with-wellness-in-Cala-Dor-768x431.webp 768w, https:\/\/www.mymallorcadiary.com\/wp-content\/uploads\/2026\/02\/Hotel-with-wellness-in-Cala-Dor-1536x862.webp 1536w, https:\/\/www.mymallorcadiary.com\/wp-content\/uploads\/2026\/02\/Hotel-with-wellness-in-Cala-Dor-696x391.webp 696w, https:\/\/www.mymallorcadiary.com\/wp-content\/uploads\/2026\/02\/Hotel-with-wellness-in-Cala-Dor-1392x782.webp 1392w\" sizes=\"(max-width: 1920px) 100vw, 1920px\" \/><\/a>\n\t\t\t<\/div><\/figure><figure class='gallery-item'>\n\t\t\t<div class='gallery-icon landscape'>\n\t\t\t\t<a href='https:\/\/www.mymallorcadiary.com\/wp-content\/uploads\/2026\/02\/Boutique-and-Wellness-hotel-in-Cala-Dor.webp'><img decoding=\"async\" width=\"1920\" height=\"1078\" src=\"https:\/\/www.mymallorcadiary.com\/wp-content\/uploads\/2026\/02\/Boutique-and-Wellness-hotel-in-Cala-Dor.webp\" class=\"attachment-full size-full\" alt=\"\" srcset=\"https:\/\/www.mymallorcadiary.com\/wp-content\/uploads\/2026\/02\/Boutique-and-Wellness-hotel-in-Cala-Dor.webp 1920w, https:\/\/www.mymallorcadiary.com\/wp-content\/uploads\/2026\/02\/Boutique-and-Wellness-hotel-in-Cala-Dor-300x168.webp 300w, https:\/\/www.mymallorcadiary.com\/wp-content\/uploads\/2026\/02\/Boutique-and-Wellness-hotel-in-Cala-Dor-1024x575.webp 1024w, https:\/\/www.mymallorcadiary.com\/wp-content\/uploads\/2026\/02\/Boutique-and-Wellness-hotel-in-Cala-Dor-768x431.webp 768w, https:\/\/www.mymallorcadiary.com\/wp-content\/uploads\/2026\/02\/Boutique-and-Wellness-hotel-in-Cala-Dor-1536x862.webp 1536w, https:\/\/www.mymallorcadiary.com\/wp-content\/uploads\/2026\/02\/Boutique-and-Wellness-hotel-in-Cala-Dor-696x391.webp 696w, https:\/\/www.mymallorcadiary.com\/wp-content\/uploads\/2026\/02\/Boutique-and-Wellness-hotel-in-Cala-Dor-1392x782.webp 1392w\" sizes=\"(max-width: 1920px) 100vw, 1920px\" \/><\/a>\n\t\t\t<\/div><\/figure>\n\t\t<\/div>\n\n<p data-start=\"4883\" data-end=\"4998\">Fotos von melia.com<\/p>\n<p data-start=\"4883\" data-end=\"4998\"><strong data-start=\"4883\" data-end=\"4920\">Warum sollten Sie das Meli\u00e1 Cala Do&#8217;r Boutique Hotel f\u00fcr einen Familienurlaub buchen?<\/strong><br data-start=\"4920\" data-end=\"4923\">Ideal f\u00fcr Familien, die Komfort und Eleganz in einer ruhigen Umgebung suchen.<\/p>\n<p data-start=\"4883\" data-end=\"4998\"><strong>Link f\u00fcr weitere Informationen und zur Buchung: <a href=\"https:\/\/booking.stay22.com\/likexpats\/_9Xj8uP5vu\" target=\"_blank\" rel=\"noopener\">Meli\u00e1 Cala Do&#8217;r Boutique Hotel<\/a><\/strong><\/p>\n<h4><span class=\"ez-toc-section\" id=\"MarSenses_Ferrera_Blanca_Hotel_Family_4\"><\/span><strong>MarSenses Ferrera Blanca Hotel Family 4*<\/strong><span class=\"ez-toc-section-end\"><\/span><\/h4>\n<p><a href=\"https:\/\/maps.app.goo.gl\/4XFPU3gcZpocuK3D6\" target=\"_blank\" rel=\"noopener\"><strong>Lage MarSenses Ferrera Blanca Hotel Family <\/strong><\/a>| Cala Ferrera | Strandbereich<\/p>\n<p><img decoding=\"async\" class=\"alignnone wp-image-1287 size-full\" src=\"https:\/\/www.mymallorcadiary.com\/wp-content\/uploads\/2026\/02\/Hotel-in-Cala-Dor-for-families.webp\" alt=\"\" width=\"1920\" height=\"1078\" srcset=\"https:\/\/www.mymallorcadiary.com\/wp-content\/uploads\/2026\/02\/Hotel-in-Cala-Dor-for-families.webp 1920w, https:\/\/www.mymallorcadiary.com\/wp-content\/uploads\/2026\/02\/Hotel-in-Cala-Dor-for-families-300x168.webp 300w, https:\/\/www.mymallorcadiary.com\/wp-content\/uploads\/2026\/02\/Hotel-in-Cala-Dor-for-families-1024x575.webp 1024w, https:\/\/www.mymallorcadiary.com\/wp-content\/uploads\/2026\/02\/Hotel-in-Cala-Dor-for-families-768x431.webp 768w, https:\/\/www.mymallorcadiary.com\/wp-content\/uploads\/2026\/02\/Hotel-in-Cala-Dor-for-families-1536x862.webp 1536w, https:\/\/www.mymallorcadiary.com\/wp-content\/uploads\/2026\/02\/Hotel-in-Cala-Dor-for-families-696x391.webp 696w, https:\/\/www.mymallorcadiary.com\/wp-content\/uploads\/2026\/02\/Hotel-in-Cala-Dor-for-families-1392x782.webp 1392w\" sizes=\"(max-width: 1920px) 100vw, 1920px\" \/><\/p>\n<p data-start=\"5099\" data-end=\"5169\">Speziell f\u00fcr Familien konzipiert, mit Kinderbecken und Unterhaltungsangeboten.<\/p>\n<div id='gallery-27' class='gallery galleryid-2789 gallery-columns-2 gallery-size-full'><figure class='gallery-item'>\n\t\t\t<div class='gallery-icon landscape'>\n\t\t\t\t<a href='https:\/\/www.mymallorcadiary.com\/wp-content\/uploads\/2026\/02\/Hotel-Family-in-Cala-Dor.webp'><img decoding=\"async\" width=\"1920\" height=\"1078\" src=\"https:\/\/www.mymallorcadiary.com\/wp-content\/uploads\/2026\/02\/Hotel-Family-in-Cala-Dor.webp\" class=\"attachment-full size-full\" alt=\"\" srcset=\"https:\/\/www.mymallorcadiary.com\/wp-content\/uploads\/2026\/02\/Hotel-Family-in-Cala-Dor.webp 1920w, https:\/\/www.mymallorcadiary.com\/wp-content\/uploads\/2026\/02\/Hotel-Family-in-Cala-Dor-300x168.webp 300w, https:\/\/www.mymallorcadiary.com\/wp-content\/uploads\/2026\/02\/Hotel-Family-in-Cala-Dor-1024x575.webp 1024w, https:\/\/www.mymallorcadiary.com\/wp-content\/uploads\/2026\/02\/Hotel-Family-in-Cala-Dor-768x431.webp 768w, https:\/\/www.mymallorcadiary.com\/wp-content\/uploads\/2026\/02\/Hotel-Family-in-Cala-Dor-1536x862.webp 1536w, https:\/\/www.mymallorcadiary.com\/wp-content\/uploads\/2026\/02\/Hotel-Family-in-Cala-Dor-696x391.webp 696w, https:\/\/www.mymallorcadiary.com\/wp-content\/uploads\/2026\/02\/Hotel-Family-in-Cala-Dor-1392x782.webp 1392w\" sizes=\"(max-width: 1920px) 100vw, 1920px\" \/><\/a>\n\t\t\t<\/div><\/figure><figure class='gallery-item'>\n\t\t\t<div class='gallery-icon landscape'>\n\t\t\t\t<a href='https:\/\/www.mymallorcadiary.com\/wp-content\/uploads\/2026\/02\/Hotel-with-miniclub-in-Santanyi.webp'><img decoding=\"async\" width=\"1920\" height=\"1078\" src=\"https:\/\/www.mymallorcadiary.com\/wp-content\/uploads\/2026\/02\/Hotel-with-miniclub-in-Santanyi.webp\" class=\"attachment-full size-full\" alt=\"\" srcset=\"https:\/\/www.mymallorcadiary.com\/wp-content\/uploads\/2026\/02\/Hotel-with-miniclub-in-Santanyi.webp 1920w, https:\/\/www.mymallorcadiary.com\/wp-content\/uploads\/2026\/02\/Hotel-with-miniclub-in-Santanyi-300x168.webp 300w, https:\/\/www.mymallorcadiary.com\/wp-content\/uploads\/2026\/02\/Hotel-with-miniclub-in-Santanyi-1024x575.webp 1024w, https:\/\/www.mymallorcadiary.com\/wp-content\/uploads\/2026\/02\/Hotel-with-miniclub-in-Santanyi-768x431.webp 768w, https:\/\/www.mymallorcadiary.com\/wp-content\/uploads\/2026\/02\/Hotel-with-miniclub-in-Santanyi-1536x862.webp 1536w, https:\/\/www.mymallorcadiary.com\/wp-content\/uploads\/2026\/02\/Hotel-with-miniclub-in-Santanyi-696x391.webp 696w, https:\/\/www.mymallorcadiary.com\/wp-content\/uploads\/2026\/02\/Hotel-with-miniclub-in-Santanyi-1392x782.webp 1392w\" sizes=\"(max-width: 1920px) 100vw, 1920px\" \/><\/a>\n\t\t\t<\/div><\/figure><figure class='gallery-item'>\n\t\t\t<div class='gallery-icon landscape'>\n\t\t\t\t<a href='https:\/\/www.mymallorcadiary.com\/wp-content\/uploads\/2026\/02\/Mar-Senses-Ferrera-Blanca-hotel.webp'><img decoding=\"async\" width=\"1920\" height=\"1078\" src=\"https:\/\/www.mymallorcadiary.com\/wp-content\/uploads\/2026\/02\/Mar-Senses-Ferrera-Blanca-hotel.webp\" class=\"attachment-full size-full\" alt=\"\" srcset=\"https:\/\/www.mymallorcadiary.com\/wp-content\/uploads\/2026\/02\/Mar-Senses-Ferrera-Blanca-hotel.webp 1920w, https:\/\/www.mymallorcadiary.com\/wp-content\/uploads\/2026\/02\/Mar-Senses-Ferrera-Blanca-hotel-300x168.webp 300w, https:\/\/www.mymallorcadiary.com\/wp-content\/uploads\/2026\/02\/Mar-Senses-Ferrera-Blanca-hotel-1024x575.webp 1024w, https:\/\/www.mymallorcadiary.com\/wp-content\/uploads\/2026\/02\/Mar-Senses-Ferrera-Blanca-hotel-768x431.webp 768w, https:\/\/www.mymallorcadiary.com\/wp-content\/uploads\/2026\/02\/Mar-Senses-Ferrera-Blanca-hotel-1536x862.webp 1536w, https:\/\/www.mymallorcadiary.com\/wp-content\/uploads\/2026\/02\/Mar-Senses-Ferrera-Blanca-hotel-696x391.webp 696w, https:\/\/www.mymallorcadiary.com\/wp-content\/uploads\/2026\/02\/Mar-Senses-Ferrera-Blanca-hotel-1392x782.webp 1392w\" sizes=\"(max-width: 1920px) 100vw, 1920px\" \/><\/a>\n\t\t\t<\/div><\/figure><figure class='gallery-item'>\n\t\t\t<div class='gallery-icon landscape'>\n\t\t\t\t<a href='https:\/\/www.mymallorcadiary.com\/wp-content\/uploads\/2026\/02\/Hotel-with-gym-in-Cala-Dor.webp'><img decoding=\"async\" width=\"1920\" height=\"1078\" src=\"https:\/\/www.mymallorcadiary.com\/wp-content\/uploads\/2026\/02\/Hotel-with-gym-in-Cala-Dor.webp\" class=\"attachment-full size-full\" alt=\"\" srcset=\"https:\/\/www.mymallorcadiary.com\/wp-content\/uploads\/2026\/02\/Hotel-with-gym-in-Cala-Dor.webp 1920w, https:\/\/www.mymallorcadiary.com\/wp-content\/uploads\/2026\/02\/Hotel-with-gym-in-Cala-Dor-300x168.webp 300w, https:\/\/www.mymallorcadiary.com\/wp-content\/uploads\/2026\/02\/Hotel-with-gym-in-Cala-Dor-1024x575.webp 1024w, https:\/\/www.mymallorcadiary.com\/wp-content\/uploads\/2026\/02\/Hotel-with-gym-in-Cala-Dor-768x431.webp 768w, https:\/\/www.mymallorcadiary.com\/wp-content\/uploads\/2026\/02\/Hotel-with-gym-in-Cala-Dor-1536x862.webp 1536w, https:\/\/www.mymallorcadiary.com\/wp-content\/uploads\/2026\/02\/Hotel-with-gym-in-Cala-Dor-696x391.webp 696w, https:\/\/www.mymallorcadiary.com\/wp-content\/uploads\/2026\/02\/Hotel-with-gym-in-Cala-Dor-1392x782.webp 1392w\" sizes=\"(max-width: 1920px) 100vw, 1920px\" \/><\/a>\n\t\t\t<\/div><\/figure>\n\t\t<\/div>\n\n<p data-start=\"5171\" data-end=\"5268\">Fotos von marsenses.com<\/p>\n<p data-start=\"5171\" data-end=\"5268\"><strong data-start=\"5171\" data-end=\"5208\">Warum sollten Sie das MarSenses Ferrera Blanca Family Hotel f\u00fcr einen Familienurlaub buchen?<\/strong><br data-start=\"5208\" data-end=\"5211\">Eines der besten, speziell f\u00fcr Familien konzipierten Hotels in Cala d\u2019Or.<\/p>\n<p data-start=\"5171\" data-end=\"5268\"><strong>Link f\u00fcr weitere Informationen und zur Buchung: <a href=\"https:\/\/booking.stay22.com\/likexpats\/BIG0YXJAdB\" target=\"_blank\" rel=\"noopener\">MarSenses Ferrera Blanca Family Hotel<\/a><\/strong><\/p>\n<h4><span class=\"ez-toc-section\" id=\"Prinsotel_Alba_Spa_4\"><\/span><strong>Prinsotel Alba &amp; Spa 4*<\/strong><span class=\"ez-toc-section-end\"><\/span><\/h4>\n<p><a href=\"https:\/\/maps.app.goo.gl\/QzRYVznyXy1TBLJ59\" target=\"_blank\" rel=\"noopener\"><strong>Lage Prinsotel Alba &amp; Spa <\/strong><\/a>| In der N\u00e4he des Strandes Cala Gran<\/p>\n<p><img decoding=\"async\" class=\"alignnone wp-image-1297 size-full\" src=\"https:\/\/www.mymallorcadiary.com\/wp-content\/uploads\/2026\/02\/Prinsotel-hotel-Cala-Dor.webp\" alt=\"\" width=\"1920\" height=\"1078\" srcset=\"https:\/\/www.mymallorcadiary.com\/wp-content\/uploads\/2026\/02\/Prinsotel-hotel-Cala-Dor.webp 1920w, https:\/\/www.mymallorcadiary.com\/wp-content\/uploads\/2026\/02\/Prinsotel-hotel-Cala-Dor-300x168.webp 300w, https:\/\/www.mymallorcadiary.com\/wp-content\/uploads\/2026\/02\/Prinsotel-hotel-Cala-Dor-1024x575.webp 1024w, https:\/\/www.mymallorcadiary.com\/wp-content\/uploads\/2026\/02\/Prinsotel-hotel-Cala-Dor-768x431.webp 768w, https:\/\/www.mymallorcadiary.com\/wp-content\/uploads\/2026\/02\/Prinsotel-hotel-Cala-Dor-1536x862.webp 1536w, https:\/\/www.mymallorcadiary.com\/wp-content\/uploads\/2026\/02\/Prinsotel-hotel-Cala-Dor-696x391.webp 696w, https:\/\/www.mymallorcadiary.com\/wp-content\/uploads\/2026\/02\/Prinsotel-hotel-Cala-Dor-1392x782.webp 1392w\" sizes=\"(max-width: 1920px) 100vw, 1920px\" \/><\/p>\n<p data-start=\"5342\" data-end=\"5404\">Modernes Hotel mit ger\u00e4umigen Apartments und mehreren Poolbereichen.<\/p>\n<div id='gallery-28' class='gallery galleryid-2789 gallery-columns-2 gallery-size-full'><figure class='gallery-item'>\n\t\t\t<div class='gallery-icon landscape'>\n\t\t\t\t<a href='https:\/\/www.mymallorcadiary.com\/wp-content\/uploads\/2026\/02\/Hotel-in-Cala-Gran-beach.webp'><img decoding=\"async\" width=\"1920\" height=\"1078\" src=\"https:\/\/www.mymallorcadiary.com\/wp-content\/uploads\/2026\/02\/Hotel-in-Cala-Gran-beach.webp\" class=\"attachment-full size-full\" alt=\"\" srcset=\"https:\/\/www.mymallorcadiary.com\/wp-content\/uploads\/2026\/02\/Hotel-in-Cala-Gran-beach.webp 1920w, https:\/\/www.mymallorcadiary.com\/wp-content\/uploads\/2026\/02\/Hotel-in-Cala-Gran-beach-300x168.webp 300w, https:\/\/www.mymallorcadiary.com\/wp-content\/uploads\/2026\/02\/Hotel-in-Cala-Gran-beach-1024x575.webp 1024w, https:\/\/www.mymallorcadiary.com\/wp-content\/uploads\/2026\/02\/Hotel-in-Cala-Gran-beach-768x431.webp 768w, https:\/\/www.mymallorcadiary.com\/wp-content\/uploads\/2026\/02\/Hotel-in-Cala-Gran-beach-1536x862.webp 1536w, https:\/\/www.mymallorcadiary.com\/wp-content\/uploads\/2026\/02\/Hotel-in-Cala-Gran-beach-696x391.webp 696w, https:\/\/www.mymallorcadiary.com\/wp-content\/uploads\/2026\/02\/Hotel-in-Cala-Gran-beach-1392x782.webp 1392w\" sizes=\"(max-width: 1920px) 100vw, 1920px\" \/><\/a>\n\t\t\t<\/div><\/figure><figure class='gallery-item'>\n\t\t\t<div class='gallery-icon landscape'>\n\t\t\t\t<a href='https:\/\/www.mymallorcadiary.com\/wp-content\/uploads\/2026\/02\/Prinsotel-Cala-Dor.webp'><img decoding=\"async\" width=\"1920\" height=\"1078\" src=\"https:\/\/www.mymallorcadiary.com\/wp-content\/uploads\/2026\/02\/Prinsotel-Cala-Dor.webp\" class=\"attachment-full size-full\" alt=\"\" srcset=\"https:\/\/www.mymallorcadiary.com\/wp-content\/uploads\/2026\/02\/Prinsotel-Cala-Dor.webp 1920w, https:\/\/www.mymallorcadiary.com\/wp-content\/uploads\/2026\/02\/Prinsotel-Cala-Dor-300x168.webp 300w, https:\/\/www.mymallorcadiary.com\/wp-content\/uploads\/2026\/02\/Prinsotel-Cala-Dor-1024x575.webp 1024w, https:\/\/www.mymallorcadiary.com\/wp-content\/uploads\/2026\/02\/Prinsotel-Cala-Dor-768x431.webp 768w, https:\/\/www.mymallorcadiary.com\/wp-content\/uploads\/2026\/02\/Prinsotel-Cala-Dor-1536x862.webp 1536w, https:\/\/www.mymallorcadiary.com\/wp-content\/uploads\/2026\/02\/Prinsotel-Cala-Dor-696x391.webp 696w, https:\/\/www.mymallorcadiary.com\/wp-content\/uploads\/2026\/02\/Prinsotel-Cala-Dor-1392x782.webp 1392w\" sizes=\"(max-width: 1920px) 100vw, 1920px\" \/><\/a>\n\t\t\t<\/div><\/figure><figure class='gallery-item'>\n\t\t\t<div class='gallery-icon landscape'>\n\t\t\t\t<a href='https:\/\/www.mymallorcadiary.com\/wp-content\/uploads\/2026\/02\/Prinsotel-Alba-Cala-Dor.webp'><img decoding=\"async\" width=\"1920\" height=\"1078\" src=\"https:\/\/www.mymallorcadiary.com\/wp-content\/uploads\/2026\/02\/Prinsotel-Alba-Cala-Dor.webp\" class=\"attachment-full size-full\" alt=\"\" srcset=\"https:\/\/www.mymallorcadiary.com\/wp-content\/uploads\/2026\/02\/Prinsotel-Alba-Cala-Dor.webp 1920w, https:\/\/www.mymallorcadiary.com\/wp-content\/uploads\/2026\/02\/Prinsotel-Alba-Cala-Dor-300x168.webp 300w, https:\/\/www.mymallorcadiary.com\/wp-content\/uploads\/2026\/02\/Prinsotel-Alba-Cala-Dor-1024x575.webp 1024w, https:\/\/www.mymallorcadiary.com\/wp-content\/uploads\/2026\/02\/Prinsotel-Alba-Cala-Dor-768x431.webp 768w, https:\/\/www.mymallorcadiary.com\/wp-content\/uploads\/2026\/02\/Prinsotel-Alba-Cala-Dor-1536x862.webp 1536w, https:\/\/www.mymallorcadiary.com\/wp-content\/uploads\/2026\/02\/Prinsotel-Alba-Cala-Dor-696x391.webp 696w, https:\/\/www.mymallorcadiary.com\/wp-content\/uploads\/2026\/02\/Prinsotel-Alba-Cala-Dor-1392x782.webp 1392w\" sizes=\"(max-width: 1920px) 100vw, 1920px\" \/><\/a>\n\t\t\t<\/div><\/figure><figure class='gallery-item'>\n\t\t\t<div class='gallery-icon landscape'>\n\t\t\t\t<a href='https:\/\/www.mymallorcadiary.com\/wp-content\/uploads\/2026\/02\/Cala-Gran-beach-hotel.webp'><img decoding=\"async\" width=\"1920\" height=\"1078\" src=\"https:\/\/www.mymallorcadiary.com\/wp-content\/uploads\/2026\/02\/Cala-Gran-beach-hotel.webp\" class=\"attachment-full size-full\" alt=\"\" srcset=\"https:\/\/www.mymallorcadiary.com\/wp-content\/uploads\/2026\/02\/Cala-Gran-beach-hotel.webp 1920w, https:\/\/www.mymallorcadiary.com\/wp-content\/uploads\/2026\/02\/Cala-Gran-beach-hotel-300x168.webp 300w, https:\/\/www.mymallorcadiary.com\/wp-content\/uploads\/2026\/02\/Cala-Gran-beach-hotel-1024x575.webp 1024w, https:\/\/www.mymallorcadiary.com\/wp-content\/uploads\/2026\/02\/Cala-Gran-beach-hotel-768x431.webp 768w, https:\/\/www.mymallorcadiary.com\/wp-content\/uploads\/2026\/02\/Cala-Gran-beach-hotel-1536x862.webp 1536w, https:\/\/www.mymallorcadiary.com\/wp-content\/uploads\/2026\/02\/Cala-Gran-beach-hotel-696x391.webp 696w, https:\/\/www.mymallorcadiary.com\/wp-content\/uploads\/2026\/02\/Cala-Gran-beach-hotel-1392x782.webp 1392w\" sizes=\"(max-width: 1920px) 100vw, 1920px\" \/><\/a>\n\t\t\t<\/div><\/figure>\n\t\t<\/div>\n\n<p data-start=\"5406\" data-end=\"5503\">Fotos von prinsotel.com<\/p>\n<p data-start=\"5406\" data-end=\"5503\"><strong data-start=\"5406\" data-end=\"5443\">Warum sollten Sie das Prinsotel Alba &amp; Spa f\u00fcr einen Familienurlaub buchen?<\/strong><br data-start=\"5443\" data-end=\"5446\">Eine perfekte Balance zwischen Strandn\u00e4he und Familienkomfort.<\/p>\n<p data-start=\"5406\" data-end=\"5503\"><strong>Link f\u00fcr weitere Informationen und zur Buchung: <a href=\"https:\/\/booking.stay22.com\/likexpats\/aedEukApjX\" target=\"_blank\" rel=\"noopener\">Prinsotel Alba &amp; Spa<\/a><\/strong><\/p>\n<h4 data-start=\"3004\" data-end=\"3084\"><span class=\"ez-toc-section\" id=\"Inturotel_Esmeralda_Park_4\"><\/span><strong data-start=\"3004\" data-end=\"3032\">Inturotel Esmeralda Park 4*<\/strong><span class=\"ez-toc-section-end\"><\/span><\/h4>\n<p><strong>Lage Inturotel Esmeralda Park <\/strong>| Cala Esmeralda | Direkter Zugang zum Strand<\/p>\n<p><img decoding=\"async\" class=\"alignnone wp-image-1300 size-full\" src=\"https:\/\/www.mymallorcadiary.com\/wp-content\/uploads\/2026\/02\/Inturotel-Cala-Dor.webp\" alt=\"\" width=\"1920\" height=\"1078\" srcset=\"https:\/\/www.mymallorcadiary.com\/wp-content\/uploads\/2026\/02\/Inturotel-Cala-Dor.webp 1920w, https:\/\/www.mymallorcadiary.com\/wp-content\/uploads\/2026\/02\/Inturotel-Cala-Dor-300x168.webp 300w, https:\/\/www.mymallorcadiary.com\/wp-content\/uploads\/2026\/02\/Inturotel-Cala-Dor-1024x575.webp 1024w, https:\/\/www.mymallorcadiary.com\/wp-content\/uploads\/2026\/02\/Inturotel-Cala-Dor-768x431.webp 768w, https:\/\/www.mymallorcadiary.com\/wp-content\/uploads\/2026\/02\/Inturotel-Cala-Dor-1536x862.webp 1536w, https:\/\/www.mymallorcadiary.com\/wp-content\/uploads\/2026\/02\/Inturotel-Cala-Dor-696x391.webp 696w, https:\/\/www.mymallorcadiary.com\/wp-content\/uploads\/2026\/02\/Inturotel-Cala-Dor-1392x782.webp 1392w\" sizes=\"(max-width: 1920px) 100vw, 1920px\" \/><\/p>\n<p data-start=\"5597\" data-end=\"5663\">Gro\u00dfer Komplex mit direktem Zugang zu einer der sch\u00f6nsten Buchten von Cala d\u2019Or.<\/p>\n<div id='gallery-29' class='gallery galleryid-2789 gallery-columns-2 gallery-size-full'><figure class='gallery-item'>\n\t\t\t<div class='gallery-icon landscape'>\n\t\t\t\t<a href='https:\/\/www.mymallorcadiary.com\/wp-content\/uploads\/2026\/02\/Inturotel-Esmeralda-Park.webp'><img decoding=\"async\" width=\"1920\" height=\"1078\" src=\"https:\/\/www.mymallorcadiary.com\/wp-content\/uploads\/2026\/02\/Inturotel-Esmeralda-Park.webp\" class=\"attachment-full size-full\" alt=\"\" srcset=\"https:\/\/www.mymallorcadiary.com\/wp-content\/uploads\/2026\/02\/Inturotel-Esmeralda-Park.webp 1920w, https:\/\/www.mymallorcadiary.com\/wp-content\/uploads\/2026\/02\/Inturotel-Esmeralda-Park-300x168.webp 300w, https:\/\/www.mymallorcadiary.com\/wp-content\/uploads\/2026\/02\/Inturotel-Esmeralda-Park-1024x575.webp 1024w, https:\/\/www.mymallorcadiary.com\/wp-content\/uploads\/2026\/02\/Inturotel-Esmeralda-Park-768x431.webp 768w, https:\/\/www.mymallorcadiary.com\/wp-content\/uploads\/2026\/02\/Inturotel-Esmeralda-Park-1536x862.webp 1536w, https:\/\/www.mymallorcadiary.com\/wp-content\/uploads\/2026\/02\/Inturotel-Esmeralda-Park-696x391.webp 696w, https:\/\/www.mymallorcadiary.com\/wp-content\/uploads\/2026\/02\/Inturotel-Esmeralda-Park-1392x782.webp 1392w\" sizes=\"(max-width: 1920px) 100vw, 1920px\" \/><\/a>\n\t\t\t<\/div><\/figure><figure class='gallery-item'>\n\t\t\t<div class='gallery-icon landscape'>\n\t\t\t\t<a href='https:\/\/www.mymallorcadiary.com\/wp-content\/uploads\/2026\/02\/Esmeralda-Park-Cala-Dor.webp'><img decoding=\"async\" width=\"1920\" height=\"1078\" src=\"https:\/\/www.mymallorcadiary.com\/wp-content\/uploads\/2026\/02\/Esmeralda-Park-Cala-Dor.webp\" class=\"attachment-full size-full\" alt=\"\" srcset=\"https:\/\/www.mymallorcadiary.com\/wp-content\/uploads\/2026\/02\/Esmeralda-Park-Cala-Dor.webp 1920w, https:\/\/www.mymallorcadiary.com\/wp-content\/uploads\/2026\/02\/Esmeralda-Park-Cala-Dor-300x168.webp 300w, https:\/\/www.mymallorcadiary.com\/wp-content\/uploads\/2026\/02\/Esmeralda-Park-Cala-Dor-1024x575.webp 1024w, https:\/\/www.mymallorcadiary.com\/wp-content\/uploads\/2026\/02\/Esmeralda-Park-Cala-Dor-768x431.webp 768w, https:\/\/www.mymallorcadiary.com\/wp-content\/uploads\/2026\/02\/Esmeralda-Park-Cala-Dor-1536x862.webp 1536w, https:\/\/www.mymallorcadiary.com\/wp-content\/uploads\/2026\/02\/Esmeralda-Park-Cala-Dor-696x391.webp 696w, https:\/\/www.mymallorcadiary.com\/wp-content\/uploads\/2026\/02\/Esmeralda-Park-Cala-Dor-1392x782.webp 1392w\" sizes=\"(max-width: 1920px) 100vw, 1920px\" \/><\/a>\n\t\t\t<\/div><\/figure><figure class='gallery-item'>\n\t\t\t<div class='gallery-icon landscape'>\n\t\t\t\t<a href='https:\/\/www.mymallorcadiary.com\/wp-content\/uploads\/2026\/02\/Hotel-for-families-in-Cala-Dor-Mallorca.webp'><img decoding=\"async\" width=\"1920\" height=\"1078\" src=\"https:\/\/www.mymallorcadiary.com\/wp-content\/uploads\/2026\/02\/Hotel-for-families-in-Cala-Dor-Mallorca.webp\" class=\"attachment-full size-full\" alt=\"\" srcset=\"https:\/\/www.mymallorcadiary.com\/wp-content\/uploads\/2026\/02\/Hotel-for-families-in-Cala-Dor-Mallorca.webp 1920w, https:\/\/www.mymallorcadiary.com\/wp-content\/uploads\/2026\/02\/Hotel-for-families-in-Cala-Dor-Mallorca-300x168.webp 300w, https:\/\/www.mymallorcadiary.com\/wp-content\/uploads\/2026\/02\/Hotel-for-families-in-Cala-Dor-Mallorca-1024x575.webp 1024w, https:\/\/www.mymallorcadiary.com\/wp-content\/uploads\/2026\/02\/Hotel-for-families-in-Cala-Dor-Mallorca-768x431.webp 768w, https:\/\/www.mymallorcadiary.com\/wp-content\/uploads\/2026\/02\/Hotel-for-families-in-Cala-Dor-Mallorca-1536x862.webp 1536w, https:\/\/www.mymallorcadiary.com\/wp-content\/uploads\/2026\/02\/Hotel-for-families-in-Cala-Dor-Mallorca-696x391.webp 696w, https:\/\/www.mymallorcadiary.com\/wp-content\/uploads\/2026\/02\/Hotel-for-families-in-Cala-Dor-Mallorca-1392x782.webp 1392w\" sizes=\"(max-width: 1920px) 100vw, 1920px\" \/><\/a>\n\t\t\t<\/div><\/figure><figure class='gallery-item'>\n\t\t\t<div class='gallery-icon landscape'>\n\t\t\t\t<a href='https:\/\/www.mymallorcadiary.com\/wp-content\/uploads\/2026\/02\/Inturotel-Esmeralda-Park-Cala-Dor.webp'><img decoding=\"async\" width=\"1920\" height=\"1078\" src=\"https:\/\/www.mymallorcadiary.com\/wp-content\/uploads\/2026\/02\/Inturotel-Esmeralda-Park-Cala-Dor.webp\" class=\"attachment-full size-full\" alt=\"\" srcset=\"https:\/\/www.mymallorcadiary.com\/wp-content\/uploads\/2026\/02\/Inturotel-Esmeralda-Park-Cala-Dor.webp 1920w, https:\/\/www.mymallorcadiary.com\/wp-content\/uploads\/2026\/02\/Inturotel-Esmeralda-Park-Cala-Dor-300x168.webp 300w, https:\/\/www.mymallorcadiary.com\/wp-content\/uploads\/2026\/02\/Inturotel-Esmeralda-Park-Cala-Dor-1024x575.webp 1024w, https:\/\/www.mymallorcadiary.com\/wp-content\/uploads\/2026\/02\/Inturotel-Esmeralda-Park-Cala-Dor-768x431.webp 768w, https:\/\/www.mymallorcadiary.com\/wp-content\/uploads\/2026\/02\/Inturotel-Esmeralda-Park-Cala-Dor-1536x862.webp 1536w, https:\/\/www.mymallorcadiary.com\/wp-content\/uploads\/2026\/02\/Inturotel-Esmeralda-Park-Cala-Dor-696x391.webp 696w, https:\/\/www.mymallorcadiary.com\/wp-content\/uploads\/2026\/02\/Inturotel-Esmeralda-Park-Cala-Dor-1392x782.webp 1392w\" sizes=\"(max-width: 1920px) 100vw, 1920px\" \/><\/a>\n\t\t\t<\/div><\/figure>\n\t\t<\/div>\n\n<p data-start=\"5665\" data-end=\"5772\">Fotos von inturotel.com<\/p>\n<p data-start=\"5665\" data-end=\"5772\"><strong data-start=\"5665\" data-end=\"5702\">Warum sollten Sie das Inturotel Esmeralda Park f\u00fcr einen Familienurlaub buchen?<\/strong><br data-start=\"5702\" data-end=\"5705\">Ideal f\u00fcr Familien, die alles in Laufn\u00e4he haben m\u00f6chten.<\/p>\n<p data-start=\"5665\" data-end=\"5772\"><strong>Link f\u00fcr weitere Details und Buchung: <a href=\"https:\/\/booking.stay22.com\/likexpats\/0mF_JdVB3-\" target=\"_blank\" rel=\"noopener\">Inturotel Esmeralda Park<\/a><\/strong><\/p>\n<h4><span class=\"ez-toc-section\" id=\"Inturotel_Azul_Garden_3\"><\/span><strong>Inturotel Azul Garden 3*<\/strong><span class=\"ez-toc-section-end\"><\/span><\/h4>\n<p><a href=\"https:\/\/maps.app.goo.gl\/buccmwC5S7o6ebBx6\" target=\"_blank\" rel=\"noopener\"><strong>Lage Inturotel Azul Garden <\/strong><\/a>| Zentrum von Cala d\u2019Or<\/p>\n<p><img decoding=\"async\" class=\"alignnone wp-image-1305 size-full\" src=\"https:\/\/www.mymallorcadiary.com\/wp-content\/uploads\/2026\/02\/Cheap-hotel-for-families-in-Mallorca.webp\" alt=\"\" width=\"1920\" height=\"1078\" srcset=\"https:\/\/www.mymallorcadiary.com\/wp-content\/uploads\/2026\/02\/Cheap-hotel-for-families-in-Mallorca.webp 1920w, https:\/\/www.mymallorcadiary.com\/wp-content\/uploads\/2026\/02\/Cheap-hotel-for-families-in-Mallorca-300x168.webp 300w, https:\/\/www.mymallorcadiary.com\/wp-content\/uploads\/2026\/02\/Cheap-hotel-for-families-in-Mallorca-1024x575.webp 1024w, https:\/\/www.mymallorcadiary.com\/wp-content\/uploads\/2026\/02\/Cheap-hotel-for-families-in-Mallorca-768x431.webp 768w, https:\/\/www.mymallorcadiary.com\/wp-content\/uploads\/2026\/02\/Cheap-hotel-for-families-in-Mallorca-1536x862.webp 1536w, https:\/\/www.mymallorcadiary.com\/wp-content\/uploads\/2026\/02\/Cheap-hotel-for-families-in-Mallorca-696x391.webp 696w, https:\/\/www.mymallorcadiary.com\/wp-content\/uploads\/2026\/02\/Cheap-hotel-for-families-in-Mallorca-1392x782.webp 1392w\" sizes=\"(max-width: 1920px) 100vw, 1920px\" \/><\/p>\n<p data-start=\"5843\" data-end=\"5898\">Wohnungen im Apartmentstil mit Zugang zu den Einrichtungen f\u00fcr Familien.<\/p>\n<div id='gallery-30' class='gallery galleryid-2789 gallery-columns-2 gallery-size-full'><figure class='gallery-item'>\n\t\t\t<div class='gallery-icon landscape'>\n\t\t\t\t<a href='https:\/\/www.mymallorcadiary.com\/wp-content\/uploads\/2026\/02\/Azul-Garden-Cala-Dor.webp'><img decoding=\"async\" width=\"1920\" height=\"1078\" src=\"https:\/\/www.mymallorcadiary.com\/wp-content\/uploads\/2026\/02\/Azul-Garden-Cala-Dor.webp\" class=\"attachment-full size-full\" alt=\"\" srcset=\"https:\/\/www.mymallorcadiary.com\/wp-content\/uploads\/2026\/02\/Azul-Garden-Cala-Dor.webp 1920w, https:\/\/www.mymallorcadiary.com\/wp-content\/uploads\/2026\/02\/Azul-Garden-Cala-Dor-300x168.webp 300w, https:\/\/www.mymallorcadiary.com\/wp-content\/uploads\/2026\/02\/Azul-Garden-Cala-Dor-1024x575.webp 1024w, https:\/\/www.mymallorcadiary.com\/wp-content\/uploads\/2026\/02\/Azul-Garden-Cala-Dor-768x431.webp 768w, https:\/\/www.mymallorcadiary.com\/wp-content\/uploads\/2026\/02\/Azul-Garden-Cala-Dor-1536x862.webp 1536w, https:\/\/www.mymallorcadiary.com\/wp-content\/uploads\/2026\/02\/Azul-Garden-Cala-Dor-696x391.webp 696w, https:\/\/www.mymallorcadiary.com\/wp-content\/uploads\/2026\/02\/Azul-Garden-Cala-Dor-1392x782.webp 1392w\" sizes=\"(max-width: 1920px) 100vw, 1920px\" \/><\/a>\n\t\t\t<\/div><\/figure><figure class='gallery-item'>\n\t\t\t<div class='gallery-icon landscape'>\n\t\t\t\t<a href='https:\/\/www.mymallorcadiary.com\/wp-content\/uploads\/2026\/02\/Inturotel-Azul-Garden-Cala-Dor.webp'><img decoding=\"async\" width=\"1920\" height=\"1078\" src=\"https:\/\/www.mymallorcadiary.com\/wp-content\/uploads\/2026\/02\/Inturotel-Azul-Garden-Cala-Dor.webp\" class=\"attachment-full size-full\" alt=\"\" srcset=\"https:\/\/www.mymallorcadiary.com\/wp-content\/uploads\/2026\/02\/Inturotel-Azul-Garden-Cala-Dor.webp 1920w, https:\/\/www.mymallorcadiary.com\/wp-content\/uploads\/2026\/02\/Inturotel-Azul-Garden-Cala-Dor-300x168.webp 300w, https:\/\/www.mymallorcadiary.com\/wp-content\/uploads\/2026\/02\/Inturotel-Azul-Garden-Cala-Dor-1024x575.webp 1024w, https:\/\/www.mymallorcadiary.com\/wp-content\/uploads\/2026\/02\/Inturotel-Azul-Garden-Cala-Dor-768x431.webp 768w, https:\/\/www.mymallorcadiary.com\/wp-content\/uploads\/2026\/02\/Inturotel-Azul-Garden-Cala-Dor-1536x862.webp 1536w, https:\/\/www.mymallorcadiary.com\/wp-content\/uploads\/2026\/02\/Inturotel-Azul-Garden-Cala-Dor-696x391.webp 696w, https:\/\/www.mymallorcadiary.com\/wp-content\/uploads\/2026\/02\/Inturotel-Azul-Garden-Cala-Dor-1392x782.webp 1392w\" sizes=\"(max-width: 1920px) 100vw, 1920px\" \/><\/a>\n\t\t\t<\/div><\/figure><figure class='gallery-item'>\n\t\t\t<div class='gallery-icon landscape'>\n\t\t\t\t<a href='https:\/\/www.mymallorcadiary.com\/wp-content\/uploads\/2026\/02\/Inturotel-Azul-Garden.webp'><img decoding=\"async\" width=\"1920\" height=\"1078\" src=\"https:\/\/www.mymallorcadiary.com\/wp-content\/uploads\/2026\/02\/Inturotel-Azul-Garden.webp\" class=\"attachment-full size-full\" alt=\"\" srcset=\"https:\/\/www.mymallorcadiary.com\/wp-content\/uploads\/2026\/02\/Inturotel-Azul-Garden.webp 1920w, https:\/\/www.mymallorcadiary.com\/wp-content\/uploads\/2026\/02\/Inturotel-Azul-Garden-300x168.webp 300w, https:\/\/www.mymallorcadiary.com\/wp-content\/uploads\/2026\/02\/Inturotel-Azul-Garden-1024x575.webp 1024w, https:\/\/www.mymallorcadiary.com\/wp-content\/uploads\/2026\/02\/Inturotel-Azul-Garden-768x431.webp 768w, https:\/\/www.mymallorcadiary.com\/wp-content\/uploads\/2026\/02\/Inturotel-Azul-Garden-1536x862.webp 1536w, https:\/\/www.mymallorcadiary.com\/wp-content\/uploads\/2026\/02\/Inturotel-Azul-Garden-696x391.webp 696w, https:\/\/www.mymallorcadiary.com\/wp-content\/uploads\/2026\/02\/Inturotel-Azul-Garden-1392x782.webp 1392w\" sizes=\"(max-width: 1920px) 100vw, 1920px\" \/><\/a>\n\t\t\t<\/div><\/figure><figure class='gallery-item'>\n\t\t\t<div class='gallery-icon landscape'>\n\t\t\t\t<a href='https:\/\/www.mymallorcadiary.com\/wp-content\/uploads\/2026\/02\/Affordable-hotel-for-families-in-Mallorca.webp'><img decoding=\"async\" width=\"1920\" height=\"1078\" src=\"https:\/\/www.mymallorcadiary.com\/wp-content\/uploads\/2026\/02\/Affordable-hotel-for-families-in-Mallorca.webp\" class=\"attachment-full size-full\" alt=\"\" srcset=\"https:\/\/www.mymallorcadiary.com\/wp-content\/uploads\/2026\/02\/Affordable-hotel-for-families-in-Mallorca.webp 1920w, https:\/\/www.mymallorcadiary.com\/wp-content\/uploads\/2026\/02\/Affordable-hotel-for-families-in-Mallorca-300x168.webp 300w, https:\/\/www.mymallorcadiary.com\/wp-content\/uploads\/2026\/02\/Affordable-hotel-for-families-in-Mallorca-1024x575.webp 1024w, https:\/\/www.mymallorcadiary.com\/wp-content\/uploads\/2026\/02\/Affordable-hotel-for-families-in-Mallorca-768x431.webp 768w, https:\/\/www.mymallorcadiary.com\/wp-content\/uploads\/2026\/02\/Affordable-hotel-for-families-in-Mallorca-1536x862.webp 1536w, https:\/\/www.mymallorcadiary.com\/wp-content\/uploads\/2026\/02\/Affordable-hotel-for-families-in-Mallorca-696x391.webp 696w, https:\/\/www.mymallorcadiary.com\/wp-content\/uploads\/2026\/02\/Affordable-hotel-for-families-in-Mallorca-1392x782.webp 1392w\" sizes=\"(max-width: 1920px) 100vw, 1920px\" \/><\/a>\n\t\t\t<\/div><\/figure>\n\t\t<\/div>\n\n<p data-start=\"5900\" data-end=\"5982\">Fotos von inturotel.com<\/p>\n<p data-start=\"5900\" data-end=\"5982\"><strong data-start=\"5900\" data-end=\"5937\">Warum sollten Sie das Inturotel Azul Garden f\u00fcr einen Familienurlaub buchen?<\/strong><br data-start=\"5937\" data-end=\"5940\">Flexibel und preiswert f\u00fcr Familien.<\/p>\n<p data-start=\"5900\" data-end=\"5982\"><strong>Link f\u00fcr weitere Informationen und zur Buchung: <a href=\"https:\/\/booking.stay22.com\/likexpats\/7U6LPUi2sk\" target=\"_blank\" rel=\"noopener\">Inturotel Azul Garden<\/a><\/strong><\/p>\n<h3><span class=\"ez-toc-section\" id=\"Ferienwohnungen_fuer_Familien_in_Cala_dOr\"><\/span><strong>Ferienwohnungen f\u00fcr Familien in Cala d\u2019Or<\/strong><span class=\"ez-toc-section-end\"><\/span><\/h3>\n<h4><span class=\"ez-toc-section\" id=\"OLA_Apartamentos_Cala_dOr\"><\/span><b>OLA Apartamentos Cala d&#8217;Or<\/b><span class=\"ez-toc-section-end\"><\/span><\/h4>\n<p><a href=\"https:\/\/maps.app.goo.gl\/5t249DW8A3YDBuSx9\" target=\"_blank\" rel=\"noopener\"><strong>Lage OLA Apartamentos Cala d&#8217;Or <\/strong><\/a>| Zentrum von Cala d\u2019Or<\/p>\n<p><img decoding=\"async\" class=\"alignnone wp-image-1315 size-full\" src=\"https:\/\/www.mymallorcadiary.com\/wp-content\/uploads\/2026\/02\/Apartments-for-families-in-south-east-Mallorca.webp\" alt=\"\" width=\"1920\" height=\"1078\" srcset=\"https:\/\/www.mymallorcadiary.com\/wp-content\/uploads\/2026\/02\/Apartments-for-families-in-south-east-Mallorca.webp 1920w, https:\/\/www.mymallorcadiary.com\/wp-content\/uploads\/2026\/02\/Apartments-for-families-in-south-east-Mallorca-300x168.webp 300w, https:\/\/www.mymallorcadiary.com\/wp-content\/uploads\/2026\/02\/Apartments-for-families-in-south-east-Mallorca-1024x575.webp 1024w, https:\/\/www.mymallorcadiary.com\/wp-content\/uploads\/2026\/02\/Apartments-for-families-in-south-east-Mallorca-768x431.webp 768w, https:\/\/www.mymallorcadiary.com\/wp-content\/uploads\/2026\/02\/Apartments-for-families-in-south-east-Mallorca-1536x862.webp 1536w, https:\/\/www.mymallorcadiary.com\/wp-content\/uploads\/2026\/02\/Apartments-for-families-in-south-east-Mallorca-696x391.webp 696w, https:\/\/www.mymallorcadiary.com\/wp-content\/uploads\/2026\/02\/Apartments-for-families-in-south-east-Mallorca-1392x782.webp 1392w\" sizes=\"(max-width: 1920px) 100vw, 1920px\" \/><\/p>\n<p data-start=\"5030\" data-end=\"5127\">Wohnanlage in der N\u00e4he von Str\u00e4nden und Restaurants mit Zugang zum Pool und Unterk\u00fcnften zur Selbstverpflegung.<\/p>\n<div id='gallery-31' class='gallery galleryid-2789 gallery-columns-2 gallery-size-full'><figure class='gallery-item'>\n\t\t\t<div class='gallery-icon landscape'>\n\t\t\t\t<a href='https:\/\/www.mymallorcadiary.com\/wp-content\/uploads\/2026\/02\/OLA-Apartments-Cala-Dor.webp'><img decoding=\"async\" width=\"1920\" height=\"1078\" src=\"https:\/\/www.mymallorcadiary.com\/wp-content\/uploads\/2026\/02\/OLA-Apartments-Cala-Dor.webp\" class=\"attachment-full size-full\" alt=\"\" srcset=\"https:\/\/www.mymallorcadiary.com\/wp-content\/uploads\/2026\/02\/OLA-Apartments-Cala-Dor.webp 1920w, https:\/\/www.mymallorcadiary.com\/wp-content\/uploads\/2026\/02\/OLA-Apartments-Cala-Dor-300x168.webp 300w, https:\/\/www.mymallorcadiary.com\/wp-content\/uploads\/2026\/02\/OLA-Apartments-Cala-Dor-1024x575.webp 1024w, https:\/\/www.mymallorcadiary.com\/wp-content\/uploads\/2026\/02\/OLA-Apartments-Cala-Dor-768x431.webp 768w, https:\/\/www.mymallorcadiary.com\/wp-content\/uploads\/2026\/02\/OLA-Apartments-Cala-Dor-1536x862.webp 1536w, https:\/\/www.mymallorcadiary.com\/wp-content\/uploads\/2026\/02\/OLA-Apartments-Cala-Dor-696x391.webp 696w, https:\/\/www.mymallorcadiary.com\/wp-content\/uploads\/2026\/02\/OLA-Apartments-Cala-Dor-1392x782.webp 1392w\" sizes=\"(max-width: 1920px) 100vw, 1920px\" \/><\/a>\n\t\t\t<\/div><\/figure><figure class='gallery-item'>\n\t\t\t<div class='gallery-icon landscape'>\n\t\t\t\t<a href='https:\/\/www.mymallorcadiary.com\/wp-content\/uploads\/2026\/02\/Apartments-for-families-in-Cala-Dor.webp'><img decoding=\"async\" width=\"1920\" height=\"1078\" src=\"https:\/\/www.mymallorcadiary.com\/wp-content\/uploads\/2026\/02\/Apartments-for-families-in-Cala-Dor.webp\" class=\"attachment-full size-full\" alt=\"\" srcset=\"https:\/\/www.mymallorcadiary.com\/wp-content\/uploads\/2026\/02\/Apartments-for-families-in-Cala-Dor.webp 1920w, https:\/\/www.mymallorcadiary.com\/wp-content\/uploads\/2026\/02\/Apartments-for-families-in-Cala-Dor-300x168.webp 300w, https:\/\/www.mymallorcadiary.com\/wp-content\/uploads\/2026\/02\/Apartments-for-families-in-Cala-Dor-1024x575.webp 1024w, https:\/\/www.mymallorcadiary.com\/wp-content\/uploads\/2026\/02\/Apartments-for-families-in-Cala-Dor-768x431.webp 768w, https:\/\/www.mymallorcadiary.com\/wp-content\/uploads\/2026\/02\/Apartments-for-families-in-Cala-Dor-1536x862.webp 1536w, https:\/\/www.mymallorcadiary.com\/wp-content\/uploads\/2026\/02\/Apartments-for-families-in-Cala-Dor-696x391.webp 696w, https:\/\/www.mymallorcadiary.com\/wp-content\/uploads\/2026\/02\/Apartments-for-families-in-Cala-Dor-1392x782.webp 1392w\" sizes=\"(max-width: 1920px) 100vw, 1920px\" \/><\/a>\n\t\t\t<\/div><\/figure><figure class='gallery-item'>\n\t\t\t<div class='gallery-icon landscape'>\n\t\t\t\t<a href='https:\/\/www.mymallorcadiary.com\/wp-content\/uploads\/2026\/02\/OLA-Apartamentos-Cala-Dor.webp'><img decoding=\"async\" width=\"1920\" height=\"1078\" src=\"https:\/\/www.mymallorcadiary.com\/wp-content\/uploads\/2026\/02\/OLA-Apartamentos-Cala-Dor.webp\" class=\"attachment-full size-full\" alt=\"\" srcset=\"https:\/\/www.mymallorcadiary.com\/wp-content\/uploads\/2026\/02\/OLA-Apartamentos-Cala-Dor.webp 1920w, https:\/\/www.mymallorcadiary.com\/wp-content\/uploads\/2026\/02\/OLA-Apartamentos-Cala-Dor-300x168.webp 300w, https:\/\/www.mymallorcadiary.com\/wp-content\/uploads\/2026\/02\/OLA-Apartamentos-Cala-Dor-1024x575.webp 1024w, https:\/\/www.mymallorcadiary.com\/wp-content\/uploads\/2026\/02\/OLA-Apartamentos-Cala-Dor-768x431.webp 768w, https:\/\/www.mymallorcadiary.com\/wp-content\/uploads\/2026\/02\/OLA-Apartamentos-Cala-Dor-1536x862.webp 1536w, https:\/\/www.mymallorcadiary.com\/wp-content\/uploads\/2026\/02\/OLA-Apartamentos-Cala-Dor-696x391.webp 696w, https:\/\/www.mymallorcadiary.com\/wp-content\/uploads\/2026\/02\/OLA-Apartamentos-Cala-Dor-1392x782.webp 1392w\" sizes=\"(max-width: 1920px) 100vw, 1920px\" \/><\/a>\n\t\t\t<\/div><\/figure><figure class='gallery-item'>\n\t\t\t<div class='gallery-icon landscape'>\n\t\t\t\t<a href='https:\/\/www.mymallorcadiary.com\/wp-content\/uploads\/2026\/02\/Cala-Dor-apartments-for-families.webp'><img decoding=\"async\" width=\"1920\" height=\"1078\" src=\"https:\/\/www.mymallorcadiary.com\/wp-content\/uploads\/2026\/02\/Cala-Dor-apartments-for-families.webp\" class=\"attachment-full size-full\" alt=\"\" srcset=\"https:\/\/www.mymallorcadiary.com\/wp-content\/uploads\/2026\/02\/Cala-Dor-apartments-for-families.webp 1920w, https:\/\/www.mymallorcadiary.com\/wp-content\/uploads\/2026\/02\/Cala-Dor-apartments-for-families-300x168.webp 300w, https:\/\/www.mymallorcadiary.com\/wp-content\/uploads\/2026\/02\/Cala-Dor-apartments-for-families-1024x575.webp 1024w, https:\/\/www.mymallorcadiary.com\/wp-content\/uploads\/2026\/02\/Cala-Dor-apartments-for-families-768x431.webp 768w, https:\/\/www.mymallorcadiary.com\/wp-content\/uploads\/2026\/02\/Cala-Dor-apartments-for-families-1536x862.webp 1536w, https:\/\/www.mymallorcadiary.com\/wp-content\/uploads\/2026\/02\/Cala-Dor-apartments-for-families-696x391.webp 696w, https:\/\/www.mymallorcadiary.com\/wp-content\/uploads\/2026\/02\/Cala-Dor-apartments-for-families-1392x782.webp 1392w\" sizes=\"(max-width: 1920px) 100vw, 1920px\" \/><\/a>\n\t\t\t<\/div><\/figure><figure class='gallery-item'>\n\t\t\t<div class='gallery-icon landscape'>\n\t\t\t\t<a href='https:\/\/www.mymallorcadiary.com\/wp-content\/uploads\/2026\/02\/OLA-Apartamentos-in-Cala-Dor.webp'><img decoding=\"async\" width=\"1920\" height=\"1078\" src=\"https:\/\/www.mymallorcadiary.com\/wp-content\/uploads\/2026\/02\/OLA-Apartamentos-in-Cala-Dor.webp\" class=\"attachment-full size-full\" alt=\"\" srcset=\"https:\/\/www.mymallorcadiary.com\/wp-content\/uploads\/2026\/02\/OLA-Apartamentos-in-Cala-Dor.webp 1920w, https:\/\/www.mymallorcadiary.com\/wp-content\/uploads\/2026\/02\/OLA-Apartamentos-in-Cala-Dor-300x168.webp 300w, https:\/\/www.mymallorcadiary.com\/wp-content\/uploads\/2026\/02\/OLA-Apartamentos-in-Cala-Dor-1024x575.webp 1024w, https:\/\/www.mymallorcadiary.com\/wp-content\/uploads\/2026\/02\/OLA-Apartamentos-in-Cala-Dor-768x431.webp 768w, https:\/\/www.mymallorcadiary.com\/wp-content\/uploads\/2026\/02\/OLA-Apartamentos-in-Cala-Dor-1536x862.webp 1536w, https:\/\/www.mymallorcadiary.com\/wp-content\/uploads\/2026\/02\/OLA-Apartamentos-in-Cala-Dor-696x391.webp 696w, https:\/\/www.mymallorcadiary.com\/wp-content\/uploads\/2026\/02\/OLA-Apartamentos-in-Cala-Dor-1392x782.webp 1392w\" sizes=\"(max-width: 1920px) 100vw, 1920px\" \/><\/a>\n\t\t\t<\/div><\/figure><figure class='gallery-item'>\n\t\t\t<div class='gallery-icon landscape'>\n\t\t\t\t<a href='https:\/\/www.mymallorcadiary.com\/wp-content\/uploads\/2026\/02\/Apartments-in-Cala-Dor-area.webp'><img decoding=\"async\" width=\"1920\" height=\"1078\" src=\"https:\/\/www.mymallorcadiary.com\/wp-content\/uploads\/2026\/02\/Apartments-in-Cala-Dor-area.webp\" class=\"attachment-full size-full\" alt=\"\" srcset=\"https:\/\/www.mymallorcadiary.com\/wp-content\/uploads\/2026\/02\/Apartments-in-Cala-Dor-area.webp 1920w, https:\/\/www.mymallorcadiary.com\/wp-content\/uploads\/2026\/02\/Apartments-in-Cala-Dor-area-300x168.webp 300w, https:\/\/www.mymallorcadiary.com\/wp-content\/uploads\/2026\/02\/Apartments-in-Cala-Dor-area-1024x575.webp 1024w, https:\/\/www.mymallorcadiary.com\/wp-content\/uploads\/2026\/02\/Apartments-in-Cala-Dor-area-768x431.webp 768w, https:\/\/www.mymallorcadiary.com\/wp-content\/uploads\/2026\/02\/Apartments-in-Cala-Dor-area-1536x862.webp 1536w, https:\/\/www.mymallorcadiary.com\/wp-content\/uploads\/2026\/02\/Apartments-in-Cala-Dor-area-696x391.webp 696w, https:\/\/www.mymallorcadiary.com\/wp-content\/uploads\/2026\/02\/Apartments-in-Cala-Dor-area-1392x782.webp 1392w\" sizes=\"(max-width: 1920px) 100vw, 1920px\" \/><\/a>\n\t\t\t<\/div><\/figure>\n\t\t<\/div>\n\n<p data-start=\"5129\" data-end=\"5246\">Fotos von olacalador.com<\/p>\n<p data-start=\"5129\" data-end=\"5246\"><strong data-start=\"5129\" data-end=\"5166\">Warum sollten Sie OLA Apartamentos Cala d&#8217;Or f\u00fcr einen Familienurlaub buchen?<\/strong><br data-start=\"5166\" data-end=\"5169\">Eine g\u00fcnstige Lage f\u00fcr Familien, die alles in Laufn\u00e4he haben m\u00f6chten.<\/p>\n<p data-start=\"5129\" data-end=\"5246\"><strong>Link f\u00fcr weitere Details und Buchung: <a href=\"https:\/\/booking.stay22.com\/likexpats\/3qhZzTJHdx\" target=\"_blank\" rel=\"noopener\">OLA Apartamentos Cala d&#8217;Or<\/a><\/strong><\/p>\n<h4><span class=\"ez-toc-section\" id=\"SOL_Cala_dOr_Apartamentos\"><\/span><strong>SOL Cala d&#8217;Or Apartamentos<\/strong><span class=\"ez-toc-section-end\"><\/span><\/h4>\n<p><a href=\"https:\/\/maps.app.goo.gl\/c6aot7v9gHKt3Ds39\" target=\"_blank\" rel=\"noopener\"><strong>Lage SOL Cala d&#8217;Or Apartamentos <\/strong><\/a>| Zentrum von Cala d\u2019Or<\/p>\n<p><img decoding=\"async\" class=\"alignnone wp-image-1322 size-full\" src=\"https:\/\/www.mymallorcadiary.com\/wp-content\/uploads\/2026\/02\/Affordable-apartments-in-Mallorca.webp\" alt=\"\" width=\"1920\" height=\"1078\" srcset=\"https:\/\/www.mymallorcadiary.com\/wp-content\/uploads\/2026\/02\/Affordable-apartments-in-Mallorca.webp 1920w, https:\/\/www.mymallorcadiary.com\/wp-content\/uploads\/2026\/02\/Affordable-apartments-in-Mallorca-300x168.webp 300w, https:\/\/www.mymallorcadiary.com\/wp-content\/uploads\/2026\/02\/Affordable-apartments-in-Mallorca-1024x575.webp 1024w, https:\/\/www.mymallorcadiary.com\/wp-content\/uploads\/2026\/02\/Affordable-apartments-in-Mallorca-768x431.webp 768w, https:\/\/www.mymallorcadiary.com\/wp-content\/uploads\/2026\/02\/Affordable-apartments-in-Mallorca-1536x862.webp 1536w, https:\/\/www.mymallorcadiary.com\/wp-content\/uploads\/2026\/02\/Affordable-apartments-in-Mallorca-696x391.webp 696w, https:\/\/www.mymallorcadiary.com\/wp-content\/uploads\/2026\/02\/Affordable-apartments-in-Mallorca-1392x782.webp 1392w\" sizes=\"(max-width: 1920px) 100vw, 1920px\" \/><\/p>\n<p data-start=\"5320\" data-end=\"5366\">Wohnungen in guter Lage in der N\u00e4he von Buchten und dem Yachthafen.<\/p>\n<div id='gallery-32' class='gallery galleryid-2789 gallery-columns-2 gallery-size-full'><figure class='gallery-item'>\n\t\t\t<div class='gallery-icon landscape'>\n\t\t\t\t<a href='https:\/\/www.mymallorcadiary.com\/wp-content\/uploads\/2026\/02\/Affordable-apartments-for-families-in-Mallorca.webp'><img decoding=\"async\" width=\"1920\" height=\"1078\" src=\"https:\/\/www.mymallorcadiary.com\/wp-content\/uploads\/2026\/02\/Affordable-apartments-for-families-in-Mallorca.webp\" class=\"attachment-full size-full\" alt=\"\" srcset=\"https:\/\/www.mymallorcadiary.com\/wp-content\/uploads\/2026\/02\/Affordable-apartments-for-families-in-Mallorca.webp 1920w, https:\/\/www.mymallorcadiary.com\/wp-content\/uploads\/2026\/02\/Affordable-apartments-for-families-in-Mallorca-300x168.webp 300w, https:\/\/www.mymallorcadiary.com\/wp-content\/uploads\/2026\/02\/Affordable-apartments-for-families-in-Mallorca-1024x575.webp 1024w, https:\/\/www.mymallorcadiary.com\/wp-content\/uploads\/2026\/02\/Affordable-apartments-for-families-in-Mallorca-768x431.webp 768w, https:\/\/www.mymallorcadiary.com\/wp-content\/uploads\/2026\/02\/Affordable-apartments-for-families-in-Mallorca-1536x862.webp 1536w, https:\/\/www.mymallorcadiary.com\/wp-content\/uploads\/2026\/02\/Affordable-apartments-for-families-in-Mallorca-696x391.webp 696w, https:\/\/www.mymallorcadiary.com\/wp-content\/uploads\/2026\/02\/Affordable-apartments-for-families-in-Mallorca-1392x782.webp 1392w\" sizes=\"(max-width: 1920px) 100vw, 1920px\" \/><\/a>\n\t\t\t<\/div><\/figure><figure class='gallery-item'>\n\t\t\t<div class='gallery-icon landscape'>\n\t\t\t\t<a href='https:\/\/www.mymallorcadiary.com\/wp-content\/uploads\/2026\/02\/Cala-Dor-Apartments-for-families-1.webp'><img decoding=\"async\" width=\"1920\" height=\"1078\" src=\"https:\/\/www.mymallorcadiary.com\/wp-content\/uploads\/2026\/02\/Cala-Dor-Apartments-for-families-1.webp\" class=\"attachment-full size-full\" alt=\"\" srcset=\"https:\/\/www.mymallorcadiary.com\/wp-content\/uploads\/2026\/02\/Cala-Dor-Apartments-for-families-1.webp 1920w, https:\/\/www.mymallorcadiary.com\/wp-content\/uploads\/2026\/02\/Cala-Dor-Apartments-for-families-1-300x168.webp 300w, https:\/\/www.mymallorcadiary.com\/wp-content\/uploads\/2026\/02\/Cala-Dor-Apartments-for-families-1-1024x575.webp 1024w, https:\/\/www.mymallorcadiary.com\/wp-content\/uploads\/2026\/02\/Cala-Dor-Apartments-for-families-1-768x431.webp 768w, https:\/\/www.mymallorcadiary.com\/wp-content\/uploads\/2026\/02\/Cala-Dor-Apartments-for-families-1-1536x862.webp 1536w, https:\/\/www.mymallorcadiary.com\/wp-content\/uploads\/2026\/02\/Cala-Dor-Apartments-for-families-1-696x391.webp 696w, https:\/\/www.mymallorcadiary.com\/wp-content\/uploads\/2026\/02\/Cala-Dor-Apartments-for-families-1-1392x782.webp 1392w\" sizes=\"(max-width: 1920px) 100vw, 1920px\" \/><\/a>\n\t\t\t<\/div><\/figure><figure class='gallery-item'>\n\t\t\t<div class='gallery-icon landscape'>\n\t\t\t\t<a href='https:\/\/www.mymallorcadiary.com\/wp-content\/uploads\/2026\/02\/Sol-Cala-Dor-Apartments.webp'><img decoding=\"async\" width=\"1920\" height=\"1078\" src=\"https:\/\/www.mymallorcadiary.com\/wp-content\/uploads\/2026\/02\/Sol-Cala-Dor-Apartments.webp\" class=\"attachment-full size-full\" alt=\"\" srcset=\"https:\/\/www.mymallorcadiary.com\/wp-content\/uploads\/2026\/02\/Sol-Cala-Dor-Apartments.webp 1920w, https:\/\/www.mymallorcadiary.com\/wp-content\/uploads\/2026\/02\/Sol-Cala-Dor-Apartments-300x168.webp 300w, https:\/\/www.mymallorcadiary.com\/wp-content\/uploads\/2026\/02\/Sol-Cala-Dor-Apartments-1024x575.webp 1024w, https:\/\/www.mymallorcadiary.com\/wp-content\/uploads\/2026\/02\/Sol-Cala-Dor-Apartments-768x431.webp 768w, https:\/\/www.mymallorcadiary.com\/wp-content\/uploads\/2026\/02\/Sol-Cala-Dor-Apartments-1536x862.webp 1536w, https:\/\/www.mymallorcadiary.com\/wp-content\/uploads\/2026\/02\/Sol-Cala-Dor-Apartments-696x391.webp 696w, https:\/\/www.mymallorcadiary.com\/wp-content\/uploads\/2026\/02\/Sol-Cala-Dor-Apartments-1392x782.webp 1392w\" sizes=\"(max-width: 1920px) 100vw, 1920px\" \/><\/a>\n\t\t\t<\/div><\/figure><figure class='gallery-item'>\n\t\t\t<div class='gallery-icon landscape'>\n\t\t\t\t<a href='https:\/\/www.mymallorcadiary.com\/wp-content\/uploads\/2026\/02\/Sol-Apartments-Cala-Dor.webp'><img decoding=\"async\" width=\"1920\" height=\"1078\" src=\"https:\/\/www.mymallorcadiary.com\/wp-content\/uploads\/2026\/02\/Sol-Apartments-Cala-Dor.webp\" class=\"attachment-full size-full\" alt=\"\" srcset=\"https:\/\/www.mymallorcadiary.com\/wp-content\/uploads\/2026\/02\/Sol-Apartments-Cala-Dor.webp 1920w, https:\/\/www.mymallorcadiary.com\/wp-content\/uploads\/2026\/02\/Sol-Apartments-Cala-Dor-300x168.webp 300w, https:\/\/www.mymallorcadiary.com\/wp-content\/uploads\/2026\/02\/Sol-Apartments-Cala-Dor-1024x575.webp 1024w, https:\/\/www.mymallorcadiary.com\/wp-content\/uploads\/2026\/02\/Sol-Apartments-Cala-Dor-768x431.webp 768w, https:\/\/www.mymallorcadiary.com\/wp-content\/uploads\/2026\/02\/Sol-Apartments-Cala-Dor-1536x862.webp 1536w, https:\/\/www.mymallorcadiary.com\/wp-content\/uploads\/2026\/02\/Sol-Apartments-Cala-Dor-696x391.webp 696w, https:\/\/www.mymallorcadiary.com\/wp-content\/uploads\/2026\/02\/Sol-Apartments-Cala-Dor-1392x782.webp 1392w\" sizes=\"(max-width: 1920px) 100vw, 1920px\" \/><\/a>\n\t\t\t<\/div><\/figure><figure class='gallery-item'>\n\t\t\t<div class='gallery-icon landscape'>\n\t\t\t\t<a href='https:\/\/www.mymallorcadiary.com\/wp-content\/uploads\/2026\/02\/Sol-Cala-Dor-Apartamentos.webp'><img decoding=\"async\" width=\"1920\" height=\"1078\" src=\"https:\/\/www.mymallorcadiary.com\/wp-content\/uploads\/2026\/02\/Sol-Cala-Dor-Apartamentos.webp\" class=\"attachment-full size-full\" alt=\"\" srcset=\"https:\/\/www.mymallorcadiary.com\/wp-content\/uploads\/2026\/02\/Sol-Cala-Dor-Apartamentos.webp 1920w, https:\/\/www.mymallorcadiary.com\/wp-content\/uploads\/2026\/02\/Sol-Cala-Dor-Apartamentos-300x168.webp 300w, https:\/\/www.mymallorcadiary.com\/wp-content\/uploads\/2026\/02\/Sol-Cala-Dor-Apartamentos-1024x575.webp 1024w, https:\/\/www.mymallorcadiary.com\/wp-content\/uploads\/2026\/02\/Sol-Cala-Dor-Apartamentos-768x431.webp 768w, https:\/\/www.mymallorcadiary.com\/wp-content\/uploads\/2026\/02\/Sol-Cala-Dor-Apartamentos-1536x862.webp 1536w, https:\/\/www.mymallorcadiary.com\/wp-content\/uploads\/2026\/02\/Sol-Cala-Dor-Apartamentos-696x391.webp 696w, https:\/\/www.mymallorcadiary.com\/wp-content\/uploads\/2026\/02\/Sol-Cala-Dor-Apartamentos-1392x782.webp 1392w\" sizes=\"(max-width: 1920px) 100vw, 1920px\" \/><\/a>\n\t\t\t<\/div><\/figure><figure class='gallery-item'>\n\t\t\t<div class='gallery-icon landscape'>\n\t\t\t\t<a href='https:\/\/www.mymallorcadiary.com\/wp-content\/uploads\/2026\/02\/Affordable-apartments-in-south-east-Mallorca.webp'><img decoding=\"async\" width=\"1920\" height=\"1078\" src=\"https:\/\/www.mymallorcadiary.com\/wp-content\/uploads\/2026\/02\/Affordable-apartments-in-south-east-Mallorca.webp\" class=\"attachment-full size-full\" alt=\"\" srcset=\"https:\/\/www.mymallorcadiary.com\/wp-content\/uploads\/2026\/02\/Affordable-apartments-in-south-east-Mallorca.webp 1920w, https:\/\/www.mymallorcadiary.com\/wp-content\/uploads\/2026\/02\/Affordable-apartments-in-south-east-Mallorca-300x168.webp 300w, https:\/\/www.mymallorcadiary.com\/wp-content\/uploads\/2026\/02\/Affordable-apartments-in-south-east-Mallorca-1024x575.webp 1024w, https:\/\/www.mymallorcadiary.com\/wp-content\/uploads\/2026\/02\/Affordable-apartments-in-south-east-Mallorca-768x431.webp 768w, https:\/\/www.mymallorcadiary.com\/wp-content\/uploads\/2026\/02\/Affordable-apartments-in-south-east-Mallorca-1536x862.webp 1536w, https:\/\/www.mymallorcadiary.com\/wp-content\/uploads\/2026\/02\/Affordable-apartments-in-south-east-Mallorca-696x391.webp 696w, https:\/\/www.mymallorcadiary.com\/wp-content\/uploads\/2026\/02\/Affordable-apartments-in-south-east-Mallorca-1392x782.webp 1392w\" sizes=\"(max-width: 1920px) 100vw, 1920px\" \/><\/a>\n\t\t\t<\/div><\/figure>\n\t\t<\/div>\n\n<p data-start=\"5368\" data-end=\"5469\">Fotos von melia.com<\/p>\n<p data-start=\"5368\" data-end=\"5469\"><strong data-start=\"5368\" data-end=\"5405\">Warum sollten Sie die SOL Cala d&#8217;Or Apartamentos f\u00fcr einen Familienurlaub buchen?<\/strong><br data-start=\"5405\" data-end=\"5408\">Ideal f\u00fcr Familien, die Wert auf Unabh\u00e4ngigkeit und Strandn\u00e4he legen.<\/p>\n<p data-start=\"5368\" data-end=\"5469\"><strong>Link f\u00fcr weitere Details und Buchung: <a href=\"https:\/\/booking.stay22.com\/likexpats\/Z3MNYNx0bk\" target=\"_blank\" rel=\"noopener\">SOL Cala d&#8217;Or Apartamentos<\/a><\/strong><\/p>\n<h4><span class=\"ez-toc-section\" id=\"Apartamentos_Azul_Playa\"><\/span><strong>Apartamentos Azul Playa<\/strong><span class=\"ez-toc-section-end\"><\/span><\/h4>\n<p><a href=\"https:\/\/maps.app.goo.gl\/ToyP7B7WUZgHmurPA\" target=\"_blank\" rel=\"noopener\"><strong>Lage Apartamentos Azul Playa<\/strong><\/a> | In der N\u00e4he von Cala Esmeralda<\/p>\n<p><img decoding=\"async\" class=\"alignnone wp-image-1334 size-full\" src=\"https:\/\/www.mymallorcadiary.com\/wp-content\/uploads\/2026\/02\/Apartments-with-Spa-and-sauna-in-Mallorca.webp\" alt=\"\" width=\"1920\" height=\"1078\" srcset=\"https:\/\/www.mymallorcadiary.com\/wp-content\/uploads\/2026\/02\/Apartments-with-Spa-and-sauna-in-Mallorca.webp 1920w, https:\/\/www.mymallorcadiary.com\/wp-content\/uploads\/2026\/02\/Apartments-with-Spa-and-sauna-in-Mallorca-300x168.webp 300w, https:\/\/www.mymallorcadiary.com\/wp-content\/uploads\/2026\/02\/Apartments-with-Spa-and-sauna-in-Mallorca-1024x575.webp 1024w, https:\/\/www.mymallorcadiary.com\/wp-content\/uploads\/2026\/02\/Apartments-with-Spa-and-sauna-in-Mallorca-768x431.webp 768w, https:\/\/www.mymallorcadiary.com\/wp-content\/uploads\/2026\/02\/Apartments-with-Spa-and-sauna-in-Mallorca-1536x862.webp 1536w, https:\/\/www.mymallorcadiary.com\/wp-content\/uploads\/2026\/02\/Apartments-with-Spa-and-sauna-in-Mallorca-696x391.webp 696w, https:\/\/www.mymallorcadiary.com\/wp-content\/uploads\/2026\/02\/Apartments-with-Spa-and-sauna-in-Mallorca-1392x782.webp 1392w\" sizes=\"(max-width: 1920px) 100vw, 1920px\" \/><\/p>\n<p data-start=\"5542\" data-end=\"5596\">In der N\u00e4he einer der sch\u00f6nsten Buchten von Cala d\u2019Or.<\/p>\n<div id='gallery-33' class='gallery galleryid-2789 gallery-columns-2 gallery-size-full'><figure class='gallery-item'>\n\t\t\t<div class='gallery-icon landscape'>\n\t\t\t\t<a href='https:\/\/www.mymallorcadiary.com\/wp-content\/uploads\/2026\/02\/Apartments-with-spa-in-Cala-Dor.webp'><img decoding=\"async\" width=\"1920\" height=\"1078\" src=\"https:\/\/www.mymallorcadiary.com\/wp-content\/uploads\/2026\/02\/Apartments-with-spa-in-Cala-Dor.webp\" class=\"attachment-full size-full\" alt=\"\" srcset=\"https:\/\/www.mymallorcadiary.com\/wp-content\/uploads\/2026\/02\/Apartments-with-spa-in-Cala-Dor.webp 1920w, https:\/\/www.mymallorcadiary.com\/wp-content\/uploads\/2026\/02\/Apartments-with-spa-in-Cala-Dor-300x168.webp 300w, https:\/\/www.mymallorcadiary.com\/wp-content\/uploads\/2026\/02\/Apartments-with-spa-in-Cala-Dor-1024x575.webp 1024w, https:\/\/www.mymallorcadiary.com\/wp-content\/uploads\/2026\/02\/Apartments-with-spa-in-Cala-Dor-768x431.webp 768w, https:\/\/www.mymallorcadiary.com\/wp-content\/uploads\/2026\/02\/Apartments-with-spa-in-Cala-Dor-1536x862.webp 1536w, https:\/\/www.mymallorcadiary.com\/wp-content\/uploads\/2026\/02\/Apartments-with-spa-in-Cala-Dor-696x391.webp 696w, https:\/\/www.mymallorcadiary.com\/wp-content\/uploads\/2026\/02\/Apartments-with-spa-in-Cala-Dor-1392x782.webp 1392w\" sizes=\"(max-width: 1920px) 100vw, 1920px\" \/><\/a>\n\t\t\t<\/div><\/figure><figure class='gallery-item'>\n\t\t\t<div class='gallery-icon landscape'>\n\t\t\t\t<a href='https:\/\/www.mymallorcadiary.com\/wp-content\/uploads\/2026\/02\/Apartments-Azul-Playa-Mallorca.webp'><img decoding=\"async\" width=\"1920\" height=\"1078\" src=\"https:\/\/www.mymallorcadiary.com\/wp-content\/uploads\/2026\/02\/Apartments-Azul-Playa-Mallorca.webp\" class=\"attachment-full size-full\" alt=\"\" srcset=\"https:\/\/www.mymallorcadiary.com\/wp-content\/uploads\/2026\/02\/Apartments-Azul-Playa-Mallorca.webp 1920w, https:\/\/www.mymallorcadiary.com\/wp-content\/uploads\/2026\/02\/Apartments-Azul-Playa-Mallorca-300x168.webp 300w, https:\/\/www.mymallorcadiary.com\/wp-content\/uploads\/2026\/02\/Apartments-Azul-Playa-Mallorca-1024x575.webp 1024w, https:\/\/www.mymallorcadiary.com\/wp-content\/uploads\/2026\/02\/Apartments-Azul-Playa-Mallorca-768x431.webp 768w, https:\/\/www.mymallorcadiary.com\/wp-content\/uploads\/2026\/02\/Apartments-Azul-Playa-Mallorca-1536x862.webp 1536w, https:\/\/www.mymallorcadiary.com\/wp-content\/uploads\/2026\/02\/Apartments-Azul-Playa-Mallorca-696x391.webp 696w, https:\/\/www.mymallorcadiary.com\/wp-content\/uploads\/2026\/02\/Apartments-Azul-Playa-Mallorca-1392x782.webp 1392w\" sizes=\"(max-width: 1920px) 100vw, 1920px\" \/><\/a>\n\t\t\t<\/div><\/figure><figure class='gallery-item'>\n\t\t\t<div class='gallery-icon landscape'>\n\t\t\t\t<a href='https:\/\/www.mymallorcadiary.com\/wp-content\/uploads\/2026\/02\/Apartamentos-Azul-Playa.webp'><img decoding=\"async\" width=\"1920\" height=\"1078\" src=\"https:\/\/www.mymallorcadiary.com\/wp-content\/uploads\/2026\/02\/Apartamentos-Azul-Playa.webp\" class=\"attachment-full size-full\" alt=\"\" srcset=\"https:\/\/www.mymallorcadiary.com\/wp-content\/uploads\/2026\/02\/Apartamentos-Azul-Playa.webp 1920w, https:\/\/www.mymallorcadiary.com\/wp-content\/uploads\/2026\/02\/Apartamentos-Azul-Playa-300x168.webp 300w, https:\/\/www.mymallorcadiary.com\/wp-content\/uploads\/2026\/02\/Apartamentos-Azul-Playa-1024x575.webp 1024w, https:\/\/www.mymallorcadiary.com\/wp-content\/uploads\/2026\/02\/Apartamentos-Azul-Playa-768x431.webp 768w, https:\/\/www.mymallorcadiary.com\/wp-content\/uploads\/2026\/02\/Apartamentos-Azul-Playa-1536x862.webp 1536w, https:\/\/www.mymallorcadiary.com\/wp-content\/uploads\/2026\/02\/Apartamentos-Azul-Playa-696x391.webp 696w, https:\/\/www.mymallorcadiary.com\/wp-content\/uploads\/2026\/02\/Apartamentos-Azul-Playa-1392x782.webp 1392w\" sizes=\"(max-width: 1920px) 100vw, 1920px\" \/><\/a>\n\t\t\t<\/div><\/figure><figure class='gallery-item'>\n\t\t\t<div class='gallery-icon landscape'>\n\t\t\t\t<a href='https:\/\/www.mymallorcadiary.com\/wp-content\/uploads\/2026\/02\/Apartamentos-Azul-Playa-un-Mallorca.webp'><img decoding=\"async\" width=\"1920\" height=\"1078\" src=\"https:\/\/www.mymallorcadiary.com\/wp-content\/uploads\/2026\/02\/Apartamentos-Azul-Playa-un-Mallorca.webp\" class=\"attachment-full size-full\" alt=\"\" srcset=\"https:\/\/www.mymallorcadiary.com\/wp-content\/uploads\/2026\/02\/Apartamentos-Azul-Playa-un-Mallorca.webp 1920w, https:\/\/www.mymallorcadiary.com\/wp-content\/uploads\/2026\/02\/Apartamentos-Azul-Playa-un-Mallorca-300x168.webp 300w, https:\/\/www.mymallorcadiary.com\/wp-content\/uploads\/2026\/02\/Apartamentos-Azul-Playa-un-Mallorca-1024x575.webp 1024w, https:\/\/www.mymallorcadiary.com\/wp-content\/uploads\/2026\/02\/Apartamentos-Azul-Playa-un-Mallorca-768x431.webp 768w, https:\/\/www.mymallorcadiary.com\/wp-content\/uploads\/2026\/02\/Apartamentos-Azul-Playa-un-Mallorca-1536x862.webp 1536w, https:\/\/www.mymallorcadiary.com\/wp-content\/uploads\/2026\/02\/Apartamentos-Azul-Playa-un-Mallorca-696x391.webp 696w, https:\/\/www.mymallorcadiary.com\/wp-content\/uploads\/2026\/02\/Apartamentos-Azul-Playa-un-Mallorca-1392x782.webp 1392w\" sizes=\"(max-width: 1920px) 100vw, 1920px\" \/><\/a>\n\t\t\t<\/div><\/figure><figure class='gallery-item'>\n\t\t\t<div class='gallery-icon landscape'>\n\t\t\t\t<a href='https:\/\/www.mymallorcadiary.com\/wp-content\/uploads\/2026\/02\/Accommodation-with-spa-in-Mallorca.webp'><img decoding=\"async\" width=\"1920\" height=\"1078\" src=\"https:\/\/www.mymallorcadiary.com\/wp-content\/uploads\/2026\/02\/Accommodation-with-spa-in-Mallorca.webp\" class=\"attachment-full size-full\" alt=\"\" srcset=\"https:\/\/www.mymallorcadiary.com\/wp-content\/uploads\/2026\/02\/Accommodation-with-spa-in-Mallorca.webp 1920w, https:\/\/www.mymallorcadiary.com\/wp-content\/uploads\/2026\/02\/Accommodation-with-spa-in-Mallorca-300x168.webp 300w, https:\/\/www.mymallorcadiary.com\/wp-content\/uploads\/2026\/02\/Accommodation-with-spa-in-Mallorca-1024x575.webp 1024w, https:\/\/www.mymallorcadiary.com\/wp-content\/uploads\/2026\/02\/Accommodation-with-spa-in-Mallorca-768x431.webp 768w, https:\/\/www.mymallorcadiary.com\/wp-content\/uploads\/2026\/02\/Accommodation-with-spa-in-Mallorca-1536x862.webp 1536w, https:\/\/www.mymallorcadiary.com\/wp-content\/uploads\/2026\/02\/Accommodation-with-spa-in-Mallorca-696x391.webp 696w, https:\/\/www.mymallorcadiary.com\/wp-content\/uploads\/2026\/02\/Accommodation-with-spa-in-Mallorca-1392x782.webp 1392w\" sizes=\"(max-width: 1920px) 100vw, 1920px\" \/><\/a>\n\t\t\t<\/div><\/figure><figure class='gallery-item'>\n\t\t\t<div class='gallery-icon landscape'>\n\t\t\t\t<a href='https:\/\/www.mymallorcadiary.com\/wp-content\/uploads\/2026\/02\/Accommodation-with-sauna-in-Mallorca.webp'><img decoding=\"async\" width=\"1920\" height=\"1078\" src=\"https:\/\/www.mymallorcadiary.com\/wp-content\/uploads\/2026\/02\/Accommodation-with-sauna-in-Mallorca.webp\" class=\"attachment-full size-full\" alt=\"\" srcset=\"https:\/\/www.mymallorcadiary.com\/wp-content\/uploads\/2026\/02\/Accommodation-with-sauna-in-Mallorca.webp 1920w, https:\/\/www.mymallorcadiary.com\/wp-content\/uploads\/2026\/02\/Accommodation-with-sauna-in-Mallorca-300x168.webp 300w, https:\/\/www.mymallorcadiary.com\/wp-content\/uploads\/2026\/02\/Accommodation-with-sauna-in-Mallorca-1024x575.webp 1024w, https:\/\/www.mymallorcadiary.com\/wp-content\/uploads\/2026\/02\/Accommodation-with-sauna-in-Mallorca-768x431.webp 768w, https:\/\/www.mymallorcadiary.com\/wp-content\/uploads\/2026\/02\/Accommodation-with-sauna-in-Mallorca-1536x862.webp 1536w, https:\/\/www.mymallorcadiary.com\/wp-content\/uploads\/2026\/02\/Accommodation-with-sauna-in-Mallorca-696x391.webp 696w, https:\/\/www.mymallorcadiary.com\/wp-content\/uploads\/2026\/02\/Accommodation-with-sauna-in-Mallorca-1392x782.webp 1392w\" sizes=\"(max-width: 1920px) 100vw, 1920px\" \/><\/a>\n\t\t\t<\/div><\/figure>\n\t\t<\/div>\n\n<p data-start=\"5598\" data-end=\"5672\">Fotos von azulplayaapartments.com<\/p>\n<p data-start=\"5598\" data-end=\"5672\"><strong data-start=\"5598\" data-end=\"5635\">Warum sollten Sie die &#8222;Apartamentos Azul Playa&#8220; f\u00fcr einen Familienurlaub buchen?<\/strong><br data-start=\"5635\" data-end=\"5638\">Ideal f\u00fcr strandbegeisterte Familien.<\/p>\n<p data-start=\"5598\" data-end=\"5672\"><strong>Link f\u00fcr weitere Informationen und zur Buchung: <a href=\"https:\/\/booking.stay22.com\/likexpats\/3188I-cHrb\" target=\"_blank\" rel=\"noopener\">Apartamentos Azul Playa<\/a><\/strong><\/p>\n<h4><span class=\"ez-toc-section\" id=\"Apartamentos_Osa_Menor\"><\/span><strong>Apartamentos Osa Menor<\/strong><span class=\"ez-toc-section-end\"><\/span><\/h4>\n<p><a href=\"https:\/\/maps.app.goo.gl\/zZ8ukfquBVGxBHWs8\" target=\"_blank\" rel=\"noopener\"><strong>Lage Apartamentos Osa Menor <\/strong><\/a>| Wohngebiet Cala d\u2019Or<\/p>\n<p><img decoding=\"async\" class=\"alignnone wp-image-1336 size-full\" src=\"https:\/\/www.mymallorcadiary.com\/wp-content\/uploads\/2026\/02\/Apartamentos-Osa-Menor-Cala-Dor.webp\" alt=\"\" width=\"1920\" height=\"1078\" srcset=\"https:\/\/www.mymallorcadiary.com\/wp-content\/uploads\/2026\/02\/Apartamentos-Osa-Menor-Cala-Dor.webp 1920w, https:\/\/www.mymallorcadiary.com\/wp-content\/uploads\/2026\/02\/Apartamentos-Osa-Menor-Cala-Dor-300x168.webp 300w, https:\/\/www.mymallorcadiary.com\/wp-content\/uploads\/2026\/02\/Apartamentos-Osa-Menor-Cala-Dor-1024x575.webp 1024w, https:\/\/www.mymallorcadiary.com\/wp-content\/uploads\/2026\/02\/Apartamentos-Osa-Menor-Cala-Dor-768x431.webp 768w, https:\/\/www.mymallorcadiary.com\/wp-content\/uploads\/2026\/02\/Apartamentos-Osa-Menor-Cala-Dor-1536x862.webp 1536w, https:\/\/www.mymallorcadiary.com\/wp-content\/uploads\/2026\/02\/Apartamentos-Osa-Menor-Cala-Dor-696x391.webp 696w, https:\/\/www.mymallorcadiary.com\/wp-content\/uploads\/2026\/02\/Apartamentos-Osa-Menor-Cala-Dor-1392x782.webp 1392w\" sizes=\"(max-width: 1920px) 100vw, 1920px\" \/><\/p>\n<p data-start=\"5751\" data-end=\"5796\">Ruhige Wohnanlage mit Unterk\u00fcnften im Apartmentstil.<\/p>\n<div id='gallery-34' class='gallery galleryid-2789 gallery-columns-2 gallery-size-full'><figure class='gallery-item'>\n\t\t\t<div class='gallery-icon landscape'>\n\t\t\t\t<a href='https:\/\/www.mymallorcadiary.com\/wp-content\/uploads\/2026\/02\/Apartments-Osa-Menor.webp'><img decoding=\"async\" width=\"1920\" height=\"1078\" src=\"https:\/\/www.mymallorcadiary.com\/wp-content\/uploads\/2026\/02\/Apartments-Osa-Menor.webp\" class=\"attachment-full size-full\" alt=\"\" srcset=\"https:\/\/www.mymallorcadiary.com\/wp-content\/uploads\/2026\/02\/Apartments-Osa-Menor.webp 1920w, https:\/\/www.mymallorcadiary.com\/wp-content\/uploads\/2026\/02\/Apartments-Osa-Menor-300x168.webp 300w, https:\/\/www.mymallorcadiary.com\/wp-content\/uploads\/2026\/02\/Apartments-Osa-Menor-1024x575.webp 1024w, https:\/\/www.mymallorcadiary.com\/wp-content\/uploads\/2026\/02\/Apartments-Osa-Menor-768x431.webp 768w, https:\/\/www.mymallorcadiary.com\/wp-content\/uploads\/2026\/02\/Apartments-Osa-Menor-1536x862.webp 1536w, https:\/\/www.mymallorcadiary.com\/wp-content\/uploads\/2026\/02\/Apartments-Osa-Menor-696x391.webp 696w, https:\/\/www.mymallorcadiary.com\/wp-content\/uploads\/2026\/02\/Apartments-Osa-Menor-1392x782.webp 1392w\" sizes=\"(max-width: 1920px) 100vw, 1920px\" \/><\/a>\n\t\t\t<\/div><\/figure><figure class='gallery-item'>\n\t\t\t<div class='gallery-icon landscape'>\n\t\t\t\t<a href='https:\/\/www.mymallorcadiary.com\/wp-content\/uploads\/2026\/02\/Apartments-Osa-Menor-in-Cala-Dor.webp'><img decoding=\"async\" width=\"1920\" height=\"1078\" src=\"https:\/\/www.mymallorcadiary.com\/wp-content\/uploads\/2026\/02\/Apartments-Osa-Menor-in-Cala-Dor.webp\" class=\"attachment-full size-full\" alt=\"\" srcset=\"https:\/\/www.mymallorcadiary.com\/wp-content\/uploads\/2026\/02\/Apartments-Osa-Menor-in-Cala-Dor.webp 1920w, https:\/\/www.mymallorcadiary.com\/wp-content\/uploads\/2026\/02\/Apartments-Osa-Menor-in-Cala-Dor-300x168.webp 300w, https:\/\/www.mymallorcadiary.com\/wp-content\/uploads\/2026\/02\/Apartments-Osa-Menor-in-Cala-Dor-1024x575.webp 1024w, https:\/\/www.mymallorcadiary.com\/wp-content\/uploads\/2026\/02\/Apartments-Osa-Menor-in-Cala-Dor-768x431.webp 768w, https:\/\/www.mymallorcadiary.com\/wp-content\/uploads\/2026\/02\/Apartments-Osa-Menor-in-Cala-Dor-1536x862.webp 1536w, https:\/\/www.mymallorcadiary.com\/wp-content\/uploads\/2026\/02\/Apartments-Osa-Menor-in-Cala-Dor-696x391.webp 696w, https:\/\/www.mymallorcadiary.com\/wp-content\/uploads\/2026\/02\/Apartments-Osa-Menor-in-Cala-Dor-1392x782.webp 1392w\" sizes=\"(max-width: 1920px) 100vw, 1920px\" \/><\/a>\n\t\t\t<\/div><\/figure><figure class='gallery-item'>\n\t\t\t<div class='gallery-icon landscape'>\n\t\t\t\t<a href='https:\/\/www.mymallorcadiary.com\/wp-content\/uploads\/2026\/02\/Apartments-Osa-Menor-in-Mallorca.webp'><img decoding=\"async\" width=\"1920\" height=\"1078\" src=\"https:\/\/www.mymallorcadiary.com\/wp-content\/uploads\/2026\/02\/Apartments-Osa-Menor-in-Mallorca.webp\" class=\"attachment-full size-full\" alt=\"\" srcset=\"https:\/\/www.mymallorcadiary.com\/wp-content\/uploads\/2026\/02\/Apartments-Osa-Menor-in-Mallorca.webp 1920w, https:\/\/www.mymallorcadiary.com\/wp-content\/uploads\/2026\/02\/Apartments-Osa-Menor-in-Mallorca-300x168.webp 300w, https:\/\/www.mymallorcadiary.com\/wp-content\/uploads\/2026\/02\/Apartments-Osa-Menor-in-Mallorca-1024x575.webp 1024w, https:\/\/www.mymallorcadiary.com\/wp-content\/uploads\/2026\/02\/Apartments-Osa-Menor-in-Mallorca-768x431.webp 768w, https:\/\/www.mymallorcadiary.com\/wp-content\/uploads\/2026\/02\/Apartments-Osa-Menor-in-Mallorca-1536x862.webp 1536w, https:\/\/www.mymallorcadiary.com\/wp-content\/uploads\/2026\/02\/Apartments-Osa-Menor-in-Mallorca-696x391.webp 696w, https:\/\/www.mymallorcadiary.com\/wp-content\/uploads\/2026\/02\/Apartments-Osa-Menor-in-Mallorca-1392x782.webp 1392w\" sizes=\"(max-width: 1920px) 100vw, 1920px\" \/><\/a>\n\t\t\t<\/div><\/figure><figure class='gallery-item'>\n\t\t\t<div class='gallery-icon landscape'>\n\t\t\t\t<a href='https:\/\/www.mymallorcadiary.com\/wp-content\/uploads\/2026\/02\/Apartamentos-Osa-Menor-Mallorca.webp'><img decoding=\"async\" width=\"1920\" height=\"1078\" src=\"https:\/\/www.mymallorcadiary.com\/wp-content\/uploads\/2026\/02\/Apartamentos-Osa-Menor-Mallorca.webp\" class=\"attachment-full size-full\" alt=\"\" srcset=\"https:\/\/www.mymallorcadiary.com\/wp-content\/uploads\/2026\/02\/Apartamentos-Osa-Menor-Mallorca.webp 1920w, https:\/\/www.mymallorcadiary.com\/wp-content\/uploads\/2026\/02\/Apartamentos-Osa-Menor-Mallorca-300x168.webp 300w, https:\/\/www.mymallorcadiary.com\/wp-content\/uploads\/2026\/02\/Apartamentos-Osa-Menor-Mallorca-1024x575.webp 1024w, https:\/\/www.mymallorcadiary.com\/wp-content\/uploads\/2026\/02\/Apartamentos-Osa-Menor-Mallorca-768x431.webp 768w, https:\/\/www.mymallorcadiary.com\/wp-content\/uploads\/2026\/02\/Apartamentos-Osa-Menor-Mallorca-1536x862.webp 1536w, https:\/\/www.mymallorcadiary.com\/wp-content\/uploads\/2026\/02\/Apartamentos-Osa-Menor-Mallorca-696x391.webp 696w, https:\/\/www.mymallorcadiary.com\/wp-content\/uploads\/2026\/02\/Apartamentos-Osa-Menor-Mallorca-1392x782.webp 1392w\" sizes=\"(max-width: 1920px) 100vw, 1920px\" \/><\/a>\n\t\t\t<\/div><\/figure>\n\t\t<\/div>\n\n<p data-start=\"5798\" data-end=\"5884\">Fotos von apartments-cala-dor.com<\/p>\n<p data-start=\"5798\" data-end=\"5884\"><strong data-start=\"5798\" data-end=\"5835\">Warum sollten Sie die &#8222;Apartamentos Osa Menor&#8220; f\u00fcr einen Familienurlaub buchen?<\/strong><br data-start=\"5835\" data-end=\"5838\">Ideal f\u00fcr Familien, die eine ruhigere Atmosph\u00e4re suchen.<\/p>\n<p data-start=\"5798\" data-end=\"5884\"><strong>Link f\u00fcr weitere Informationen und zur Buchung: <a href=\"https:\/\/booking.stay22.com\/likexpats\/zNAO6sXglS\" target=\"_blank\" rel=\"noopener\">Apartamentos Osa Menor<\/a><\/strong><\/p>\n<h3><span class=\"ez-toc-section\" id=\"Ferienhaeuser_fuer_Familien_in_Cala_dOr\"><\/span><strong>Ferienh\u00e4user f\u00fcr Familien in Cala d&#8217;Or<\/strong><span class=\"ez-toc-section-end\"><\/span><\/h3>\n<h4><span class=\"ez-toc-section\" id=\"Villa_La_Chamade\"><\/span><strong>Villa La Chamade <\/strong><span class=\"ez-toc-section-end\"><\/span><\/h4>\n<p><strong>5 Schlafzimmer | Bis zu 11 Personen<\/strong><\/p>\n<p><a href=\"https:\/\/maps.app.goo.gl\/8p9asorQKvFxBGqv8\" target=\"_blank\" rel=\"noopener\"><strong>Lage Villa La Chamade <\/strong><\/a>| Wohngebiet Cala d\u2019Or<\/p>\n<p><img decoding=\"async\" class=\"alignnone wp-image-1310 size-full\" src=\"https:\/\/www.mymallorcadiary.com\/wp-content\/uploads\/2026\/02\/Big-villa-for-groups-in-Cala-Dor.webp\" alt=\"\" width=\"1920\" height=\"1078\" srcset=\"https:\/\/www.mymallorcadiary.com\/wp-content\/uploads\/2026\/02\/Big-villa-for-groups-in-Cala-Dor.webp 1920w, https:\/\/www.mymallorcadiary.com\/wp-content\/uploads\/2026\/02\/Big-villa-for-groups-in-Cala-Dor-300x168.webp 300w, https:\/\/www.mymallorcadiary.com\/wp-content\/uploads\/2026\/02\/Big-villa-for-groups-in-Cala-Dor-1024x575.webp 1024w, https:\/\/www.mymallorcadiary.com\/wp-content\/uploads\/2026\/02\/Big-villa-for-groups-in-Cala-Dor-768x431.webp 768w, https:\/\/www.mymallorcadiary.com\/wp-content\/uploads\/2026\/02\/Big-villa-for-groups-in-Cala-Dor-1536x862.webp 1536w, https:\/\/www.mymallorcadiary.com\/wp-content\/uploads\/2026\/02\/Big-villa-for-groups-in-Cala-Dor-696x391.webp 696w, https:\/\/www.mymallorcadiary.com\/wp-content\/uploads\/2026\/02\/Big-villa-for-groups-in-Cala-Dor-1392x782.webp 1392w\" sizes=\"(max-width: 1920px) 100vw, 1920px\" \/><\/p>\n<p data-start=\"5990\" data-end=\"6043\">Private Villa mit 5 Schlafzimmern, Pool und Garten, ideal f\u00fcr Gruppen.<\/p>\n<div id='gallery-35' class='gallery galleryid-2789 gallery-columns-2 gallery-size-full'><figure class='gallery-item'>\n\t\t\t<div class='gallery-icon landscape'>\n\t\t\t\t<a href='https:\/\/www.mymallorcadiary.com\/wp-content\/uploads\/2026\/02\/Villa-for-groups-in-Cala-Dor.webp'><img decoding=\"async\" width=\"1920\" height=\"1078\" src=\"https:\/\/www.mymallorcadiary.com\/wp-content\/uploads\/2026\/02\/Villa-for-groups-in-Cala-Dor.webp\" class=\"attachment-full size-full\" alt=\"\" srcset=\"https:\/\/www.mymallorcadiary.com\/wp-content\/uploads\/2026\/02\/Villa-for-groups-in-Cala-Dor.webp 1920w, https:\/\/www.mymallorcadiary.com\/wp-content\/uploads\/2026\/02\/Villa-for-groups-in-Cala-Dor-300x168.webp 300w, https:\/\/www.mymallorcadiary.com\/wp-content\/uploads\/2026\/02\/Villa-for-groups-in-Cala-Dor-1024x575.webp 1024w, https:\/\/www.mymallorcadiary.com\/wp-content\/uploads\/2026\/02\/Villa-for-groups-in-Cala-Dor-768x431.webp 768w, https:\/\/www.mymallorcadiary.com\/wp-content\/uploads\/2026\/02\/Villa-for-groups-in-Cala-Dor-1536x862.webp 1536w, https:\/\/www.mymallorcadiary.com\/wp-content\/uploads\/2026\/02\/Villa-for-groups-in-Cala-Dor-696x391.webp 696w, https:\/\/www.mymallorcadiary.com\/wp-content\/uploads\/2026\/02\/Villa-for-groups-in-Cala-Dor-1392x782.webp 1392w\" sizes=\"(max-width: 1920px) 100vw, 1920px\" \/><\/a>\n\t\t\t<\/div><\/figure><figure class='gallery-item'>\n\t\t\t<div class='gallery-icon landscape'>\n\t\t\t\t<a href='https:\/\/www.mymallorcadiary.com\/wp-content\/uploads\/2026\/02\/5-bedroom-villa-in-Cala-Dor.webp'><img decoding=\"async\" width=\"1920\" height=\"1078\" src=\"https:\/\/www.mymallorcadiary.com\/wp-content\/uploads\/2026\/02\/5-bedroom-villa-in-Cala-Dor.webp\" class=\"attachment-full size-full\" alt=\"\" srcset=\"https:\/\/www.mymallorcadiary.com\/wp-content\/uploads\/2026\/02\/5-bedroom-villa-in-Cala-Dor.webp 1920w, https:\/\/www.mymallorcadiary.com\/wp-content\/uploads\/2026\/02\/5-bedroom-villa-in-Cala-Dor-300x168.webp 300w, https:\/\/www.mymallorcadiary.com\/wp-content\/uploads\/2026\/02\/5-bedroom-villa-in-Cala-Dor-1024x575.webp 1024w, https:\/\/www.mymallorcadiary.com\/wp-content\/uploads\/2026\/02\/5-bedroom-villa-in-Cala-Dor-768x431.webp 768w, https:\/\/www.mymallorcadiary.com\/wp-content\/uploads\/2026\/02\/5-bedroom-villa-in-Cala-Dor-1536x862.webp 1536w, https:\/\/www.mymallorcadiary.com\/wp-content\/uploads\/2026\/02\/5-bedroom-villa-in-Cala-Dor-696x391.webp 696w, https:\/\/www.mymallorcadiary.com\/wp-content\/uploads\/2026\/02\/5-bedroom-villa-in-Cala-Dor-1392x782.webp 1392w\" sizes=\"(max-width: 1920px) 100vw, 1920px\" \/><\/a>\n\t\t\t<\/div><\/figure><figure class='gallery-item'>\n\t\t\t<div class='gallery-icon landscape'>\n\t\t\t\t<a href='https:\/\/www.mymallorcadiary.com\/wp-content\/uploads\/2026\/02\/Big-villa-for-families-in-Cala-Dor.webp'><img decoding=\"async\" width=\"1920\" height=\"1078\" src=\"https:\/\/www.mymallorcadiary.com\/wp-content\/uploads\/2026\/02\/Big-villa-for-families-in-Cala-Dor.webp\" class=\"attachment-full size-full\" alt=\"\" srcset=\"https:\/\/www.mymallorcadiary.com\/wp-content\/uploads\/2026\/02\/Big-villa-for-families-in-Cala-Dor.webp 1920w, https:\/\/www.mymallorcadiary.com\/wp-content\/uploads\/2026\/02\/Big-villa-for-families-in-Cala-Dor-300x168.webp 300w, https:\/\/www.mymallorcadiary.com\/wp-content\/uploads\/2026\/02\/Big-villa-for-families-in-Cala-Dor-1024x575.webp 1024w, https:\/\/www.mymallorcadiary.com\/wp-content\/uploads\/2026\/02\/Big-villa-for-families-in-Cala-Dor-768x431.webp 768w, https:\/\/www.mymallorcadiary.com\/wp-content\/uploads\/2026\/02\/Big-villa-for-families-in-Cala-Dor-1536x862.webp 1536w, https:\/\/www.mymallorcadiary.com\/wp-content\/uploads\/2026\/02\/Big-villa-for-families-in-Cala-Dor-696x391.webp 696w, https:\/\/www.mymallorcadiary.com\/wp-content\/uploads\/2026\/02\/Big-villa-for-families-in-Cala-Dor-1392x782.webp 1392w\" sizes=\"(max-width: 1920px) 100vw, 1920px\" \/><\/a>\n\t\t\t<\/div><\/figure><figure class='gallery-item'>\n\t\t\t<div class='gallery-icon landscape'>\n\t\t\t\t<a href='https:\/\/www.mymallorcadiary.com\/wp-content\/uploads\/2026\/02\/Villa-for-12-persons-in-Cala-Dor.webp'><img decoding=\"async\" width=\"1920\" height=\"1078\" src=\"https:\/\/www.mymallorcadiary.com\/wp-content\/uploads\/2026\/02\/Villa-for-12-persons-in-Cala-Dor.webp\" class=\"attachment-full size-full\" alt=\"\" srcset=\"https:\/\/www.mymallorcadiary.com\/wp-content\/uploads\/2026\/02\/Villa-for-12-persons-in-Cala-Dor.webp 1920w, https:\/\/www.mymallorcadiary.com\/wp-content\/uploads\/2026\/02\/Villa-for-12-persons-in-Cala-Dor-300x168.webp 300w, https:\/\/www.mymallorcadiary.com\/wp-content\/uploads\/2026\/02\/Villa-for-12-persons-in-Cala-Dor-1024x575.webp 1024w, https:\/\/www.mymallorcadiary.com\/wp-content\/uploads\/2026\/02\/Villa-for-12-persons-in-Cala-Dor-768x431.webp 768w, https:\/\/www.mymallorcadiary.com\/wp-content\/uploads\/2026\/02\/Villa-for-12-persons-in-Cala-Dor-1536x862.webp 1536w, https:\/\/www.mymallorcadiary.com\/wp-content\/uploads\/2026\/02\/Villa-for-12-persons-in-Cala-Dor-696x391.webp 696w, https:\/\/www.mymallorcadiary.com\/wp-content\/uploads\/2026\/02\/Villa-for-12-persons-in-Cala-Dor-1392x782.webp 1392w\" sizes=\"(max-width: 1920px) 100vw, 1920px\" \/><\/a>\n\t\t\t<\/div><\/figure>\n\t\t<\/div>\n\n<p data-start=\"6045\" data-end=\"6134\">Fotos von booking.com<\/p>\n<p data-start=\"6045\" data-end=\"6134\"><strong data-start=\"6045\" data-end=\"6082\">Warum sollten Sie die Villa La Chamade f\u00fcr einen Familienurlaub buchen?<\/strong><br data-start=\"6082\" data-end=\"6085\">Platz, Privatsph\u00e4re und Unabh\u00e4ngigkeit in Strandn\u00e4he.<\/p>\n<p data-start=\"6045\" data-end=\"6134\"><strong>Link f\u00fcr weitere Informationen und zur Buchung: <a href=\"https:\/\/booking.stay22.com\/likexpats\/znAM-87c08\" target=\"_blank\" rel=\"noopener\">Villa La Chamade<\/a><\/strong><\/p>\n<h4><span class=\"ez-toc-section\" id=\"Villa_Cala_Esmeralda\"><\/span><b>Villa Cala Esmeralda<\/b><span class=\"ez-toc-section-end\"><\/span><\/h4>\n<p><strong>3 Schlafzimmer | Bis zu 6 Personen<\/strong><strong> <\/strong><\/p>\n<p><a href=\"https:\/\/maps.app.goo.gl\/oFBdpvV6wKWv1H3K7\" target=\"_blank\" rel=\"noopener\"><strong>Lage Villa Cala Esmeralda <\/strong><\/a>| In der N\u00e4he des Strandes Cala Esmeralda<\/p>\n<p><img decoding=\"async\" class=\"alignnone wp-image-1348 size-full\" src=\"https:\/\/www.mymallorcadiary.com\/wp-content\/uploads\/2026\/02\/Villa-for-6-people-in-Cala-Dor.webp\" alt=\"\" width=\"1920\" height=\"1078\" srcset=\"https:\/\/www.mymallorcadiary.com\/wp-content\/uploads\/2026\/02\/Villa-for-6-people-in-Cala-Dor.webp 1920w, https:\/\/www.mymallorcadiary.com\/wp-content\/uploads\/2026\/02\/Villa-for-6-people-in-Cala-Dor-300x168.webp 300w, https:\/\/www.mymallorcadiary.com\/wp-content\/uploads\/2026\/02\/Villa-for-6-people-in-Cala-Dor-1024x575.webp 1024w, https:\/\/www.mymallorcadiary.com\/wp-content\/uploads\/2026\/02\/Villa-for-6-people-in-Cala-Dor-768x431.webp 768w, https:\/\/www.mymallorcadiary.com\/wp-content\/uploads\/2026\/02\/Villa-for-6-people-in-Cala-Dor-1536x862.webp 1536w, https:\/\/www.mymallorcadiary.com\/wp-content\/uploads\/2026\/02\/Villa-for-6-people-in-Cala-Dor-696x391.webp 696w, https:\/\/www.mymallorcadiary.com\/wp-content\/uploads\/2026\/02\/Villa-for-6-people-in-Cala-Dor-1392x782.webp 1392w\" sizes=\"(max-width: 1920px) 100vw, 1920px\" \/><\/p>\n<p data-start=\"6210\" data-end=\"6262\">Villa mit 3 Schlafzimmern in Meeresn\u00e4he mit privaten Au\u00dfenbereichen.<\/p>\n<div id='gallery-36' class='gallery galleryid-2789 gallery-columns-2 gallery-size-full'><figure class='gallery-item'>\n\t\t\t<div class='gallery-icon landscape'>\n\t\t\t\t<a href='https:\/\/www.mymallorcadiary.com\/wp-content\/uploads\/2026\/02\/Villa-for-families-in-Cala-Dor.webp'><img decoding=\"async\" width=\"1920\" height=\"1078\" src=\"https:\/\/www.mymallorcadiary.com\/wp-content\/uploads\/2026\/02\/Villa-for-families-in-Cala-Dor.webp\" class=\"attachment-full size-full\" alt=\"\" srcset=\"https:\/\/www.mymallorcadiary.com\/wp-content\/uploads\/2026\/02\/Villa-for-families-in-Cala-Dor.webp 1920w, https:\/\/www.mymallorcadiary.com\/wp-content\/uploads\/2026\/02\/Villa-for-families-in-Cala-Dor-300x168.webp 300w, https:\/\/www.mymallorcadiary.com\/wp-content\/uploads\/2026\/02\/Villa-for-families-in-Cala-Dor-1024x575.webp 1024w, https:\/\/www.mymallorcadiary.com\/wp-content\/uploads\/2026\/02\/Villa-for-families-in-Cala-Dor-768x431.webp 768w, https:\/\/www.mymallorcadiary.com\/wp-content\/uploads\/2026\/02\/Villa-for-families-in-Cala-Dor-1536x862.webp 1536w, https:\/\/www.mymallorcadiary.com\/wp-content\/uploads\/2026\/02\/Villa-for-families-in-Cala-Dor-696x391.webp 696w, https:\/\/www.mymallorcadiary.com\/wp-content\/uploads\/2026\/02\/Villa-for-families-in-Cala-Dor-1392x782.webp 1392w\" sizes=\"(max-width: 1920px) 100vw, 1920px\" \/><\/a>\n\t\t\t<\/div><\/figure><figure class='gallery-item'>\n\t\t\t<div class='gallery-icon landscape'>\n\t\t\t\t<a href='https:\/\/www.mymallorcadiary.com\/wp-content\/uploads\/2026\/02\/Mallorca-3-bedroom-villa-for-families.webp'><img decoding=\"async\" width=\"1920\" height=\"1078\" src=\"https:\/\/www.mymallorcadiary.com\/wp-content\/uploads\/2026\/02\/Mallorca-3-bedroom-villa-for-families.webp\" class=\"attachment-full size-full\" alt=\"\" srcset=\"https:\/\/www.mymallorcadiary.com\/wp-content\/uploads\/2026\/02\/Mallorca-3-bedroom-villa-for-families.webp 1920w, https:\/\/www.mymallorcadiary.com\/wp-content\/uploads\/2026\/02\/Mallorca-3-bedroom-villa-for-families-300x168.webp 300w, https:\/\/www.mymallorcadiary.com\/wp-content\/uploads\/2026\/02\/Mallorca-3-bedroom-villa-for-families-1024x575.webp 1024w, https:\/\/www.mymallorcadiary.com\/wp-content\/uploads\/2026\/02\/Mallorca-3-bedroom-villa-for-families-768x431.webp 768w, https:\/\/www.mymallorcadiary.com\/wp-content\/uploads\/2026\/02\/Mallorca-3-bedroom-villa-for-families-1536x862.webp 1536w, https:\/\/www.mymallorcadiary.com\/wp-content\/uploads\/2026\/02\/Mallorca-3-bedroom-villa-for-families-696x391.webp 696w, https:\/\/www.mymallorcadiary.com\/wp-content\/uploads\/2026\/02\/Mallorca-3-bedroom-villa-for-families-1392x782.webp 1392w\" sizes=\"(max-width: 1920px) 100vw, 1920px\" \/><\/a>\n\t\t\t<\/div><\/figure><figure class='gallery-item'>\n\t\t\t<div class='gallery-icon landscape'>\n\t\t\t\t<a href='https:\/\/www.mymallorcadiary.com\/wp-content\/uploads\/2026\/02\/3-bedroom-villa-with-pool-for-families-in-Mallorca-1.webp'><img decoding=\"async\" width=\"1920\" height=\"1078\" src=\"https:\/\/www.mymallorcadiary.com\/wp-content\/uploads\/2026\/02\/3-bedroom-villa-with-pool-for-families-in-Mallorca-1.webp\" class=\"attachment-full size-full\" alt=\"\" srcset=\"https:\/\/www.mymallorcadiary.com\/wp-content\/uploads\/2026\/02\/3-bedroom-villa-with-pool-for-families-in-Mallorca-1.webp 1920w, https:\/\/www.mymallorcadiary.com\/wp-content\/uploads\/2026\/02\/3-bedroom-villa-with-pool-for-families-in-Mallorca-1-300x168.webp 300w, https:\/\/www.mymallorcadiary.com\/wp-content\/uploads\/2026\/02\/3-bedroom-villa-with-pool-for-families-in-Mallorca-1-1024x575.webp 1024w, https:\/\/www.mymallorcadiary.com\/wp-content\/uploads\/2026\/02\/3-bedroom-villa-with-pool-for-families-in-Mallorca-1-768x431.webp 768w, https:\/\/www.mymallorcadiary.com\/wp-content\/uploads\/2026\/02\/3-bedroom-villa-with-pool-for-families-in-Mallorca-1-1536x862.webp 1536w, https:\/\/www.mymallorcadiary.com\/wp-content\/uploads\/2026\/02\/3-bedroom-villa-with-pool-for-families-in-Mallorca-1-696x391.webp 696w, https:\/\/www.mymallorcadiary.com\/wp-content\/uploads\/2026\/02\/3-bedroom-villa-with-pool-for-families-in-Mallorca-1-1392x782.webp 1392w\" sizes=\"(max-width: 1920px) 100vw, 1920px\" \/><\/a>\n\t\t\t<\/div><\/figure><figure class='gallery-item'>\n\t\t\t<div class='gallery-icon landscape'>\n\t\t\t\t<a href='https:\/\/www.mymallorcadiary.com\/wp-content\/uploads\/2026\/02\/Cala-Dor-for-families.webp'><img decoding=\"async\" width=\"1920\" height=\"1078\" src=\"https:\/\/www.mymallorcadiary.com\/wp-content\/uploads\/2026\/02\/Cala-Dor-for-families.webp\" class=\"attachment-full size-full\" alt=\"\" srcset=\"https:\/\/www.mymallorcadiary.com\/wp-content\/uploads\/2026\/02\/Cala-Dor-for-families.webp 1920w, https:\/\/www.mymallorcadiary.com\/wp-content\/uploads\/2026\/02\/Cala-Dor-for-families-300x168.webp 300w, https:\/\/www.mymallorcadiary.com\/wp-content\/uploads\/2026\/02\/Cala-Dor-for-families-1024x575.webp 1024w, https:\/\/www.mymallorcadiary.com\/wp-content\/uploads\/2026\/02\/Cala-Dor-for-families-768x431.webp 768w, https:\/\/www.mymallorcadiary.com\/wp-content\/uploads\/2026\/02\/Cala-Dor-for-families-1536x862.webp 1536w, https:\/\/www.mymallorcadiary.com\/wp-content\/uploads\/2026\/02\/Cala-Dor-for-families-696x391.webp 696w, https:\/\/www.mymallorcadiary.com\/wp-content\/uploads\/2026\/02\/Cala-Dor-for-families-1392x782.webp 1392w\" sizes=\"(max-width: 1920px) 100vw, 1920px\" \/><\/a>\n\t\t\t<\/div><\/figure><figure class='gallery-item'>\n\t\t\t<div class='gallery-icon landscape'>\n\t\t\t\t<a href='https:\/\/www.mymallorcadiary.com\/wp-content\/uploads\/2026\/02\/Accommodation-for-families-in-Cala-Dor.webp'><img decoding=\"async\" width=\"1920\" height=\"1078\" src=\"https:\/\/www.mymallorcadiary.com\/wp-content\/uploads\/2026\/02\/Accommodation-for-families-in-Cala-Dor.webp\" class=\"attachment-full size-full\" alt=\"\" srcset=\"https:\/\/www.mymallorcadiary.com\/wp-content\/uploads\/2026\/02\/Accommodation-for-families-in-Cala-Dor.webp 1920w, https:\/\/www.mymallorcadiary.com\/wp-content\/uploads\/2026\/02\/Accommodation-for-families-in-Cala-Dor-300x168.webp 300w, https:\/\/www.mymallorcadiary.com\/wp-content\/uploads\/2026\/02\/Accommodation-for-families-in-Cala-Dor-1024x575.webp 1024w, https:\/\/www.mymallorcadiary.com\/wp-content\/uploads\/2026\/02\/Accommodation-for-families-in-Cala-Dor-768x431.webp 768w, https:\/\/www.mymallorcadiary.com\/wp-content\/uploads\/2026\/02\/Accommodation-for-families-in-Cala-Dor-1536x862.webp 1536w, https:\/\/www.mymallorcadiary.com\/wp-content\/uploads\/2026\/02\/Accommodation-for-families-in-Cala-Dor-696x391.webp 696w, https:\/\/www.mymallorcadiary.com\/wp-content\/uploads\/2026\/02\/Accommodation-for-families-in-Cala-Dor-1392x782.webp 1392w\" sizes=\"(max-width: 1920px) 100vw, 1920px\" \/><\/a>\n\t\t\t<\/div><\/figure><figure class='gallery-item'>\n\t\t\t<div class='gallery-icon landscape'>\n\t\t\t\t<a href='https:\/\/www.mymallorcadiary.com\/wp-content\/uploads\/2026\/02\/6-people-villa-in-Cala-Dor.webp'><img decoding=\"async\" width=\"1920\" height=\"1078\" src=\"https:\/\/www.mymallorcadiary.com\/wp-content\/uploads\/2026\/02\/6-people-villa-in-Cala-Dor.webp\" class=\"attachment-full size-full\" alt=\"\" srcset=\"https:\/\/www.mymallorcadiary.com\/wp-content\/uploads\/2026\/02\/6-people-villa-in-Cala-Dor.webp 1920w, https:\/\/www.mymallorcadiary.com\/wp-content\/uploads\/2026\/02\/6-people-villa-in-Cala-Dor-300x168.webp 300w, https:\/\/www.mymallorcadiary.com\/wp-content\/uploads\/2026\/02\/6-people-villa-in-Cala-Dor-1024x575.webp 1024w, https:\/\/www.mymallorcadiary.com\/wp-content\/uploads\/2026\/02\/6-people-villa-in-Cala-Dor-768x431.webp 768w, https:\/\/www.mymallorcadiary.com\/wp-content\/uploads\/2026\/02\/6-people-villa-in-Cala-Dor-1536x862.webp 1536w, https:\/\/www.mymallorcadiary.com\/wp-content\/uploads\/2026\/02\/6-people-villa-in-Cala-Dor-696x391.webp 696w, https:\/\/www.mymallorcadiary.com\/wp-content\/uploads\/2026\/02\/6-people-villa-in-Cala-Dor-1392x782.webp 1392w\" sizes=\"(max-width: 1920px) 100vw, 1920px\" \/><\/a>\n\t\t\t<\/div><\/figure><figure class='gallery-item'>\n\t\t\t<div class='gallery-icon landscape'>\n\t\t\t\t<a href='https:\/\/www.mymallorcadiary.com\/wp-content\/uploads\/2026\/02\/3-bedroom-villa-for-families-in-Cala-Dor.webp'><img decoding=\"async\" width=\"1920\" height=\"1078\" src=\"https:\/\/www.mymallorcadiary.com\/wp-content\/uploads\/2026\/02\/3-bedroom-villa-for-families-in-Cala-Dor.webp\" class=\"attachment-full size-full\" alt=\"\" srcset=\"https:\/\/www.mymallorcadiary.com\/wp-content\/uploads\/2026\/02\/3-bedroom-villa-for-families-in-Cala-Dor.webp 1920w, https:\/\/www.mymallorcadiary.com\/wp-content\/uploads\/2026\/02\/3-bedroom-villa-for-families-in-Cala-Dor-300x168.webp 300w, https:\/\/www.mymallorcadiary.com\/wp-content\/uploads\/2026\/02\/3-bedroom-villa-for-families-in-Cala-Dor-1024x575.webp 1024w, https:\/\/www.mymallorcadiary.com\/wp-content\/uploads\/2026\/02\/3-bedroom-villa-for-families-in-Cala-Dor-768x431.webp 768w, https:\/\/www.mymallorcadiary.com\/wp-content\/uploads\/2026\/02\/3-bedroom-villa-for-families-in-Cala-Dor-1536x862.webp 1536w, https:\/\/www.mymallorcadiary.com\/wp-content\/uploads\/2026\/02\/3-bedroom-villa-for-families-in-Cala-Dor-696x391.webp 696w, https:\/\/www.mymallorcadiary.com\/wp-content\/uploads\/2026\/02\/3-bedroom-villa-for-families-in-Cala-Dor-1392x782.webp 1392w\" sizes=\"(max-width: 1920px) 100vw, 1920px\" \/><\/a>\n\t\t\t<\/div><\/figure><figure class='gallery-item'>\n\t\t\t<div class='gallery-icon landscape'>\n\t\t\t\t<a href='https:\/\/www.mymallorcadiary.com\/wp-content\/uploads\/2026\/02\/3-bedroom-villa-for-families-in-Mallorca.webp'><img decoding=\"async\" width=\"1920\" height=\"1078\" src=\"https:\/\/www.mymallorcadiary.com\/wp-content\/uploads\/2026\/02\/3-bedroom-villa-for-families-in-Mallorca.webp\" class=\"attachment-full size-full\" alt=\"\" srcset=\"https:\/\/www.mymallorcadiary.com\/wp-content\/uploads\/2026\/02\/3-bedroom-villa-for-families-in-Mallorca.webp 1920w, https:\/\/www.mymallorcadiary.com\/wp-content\/uploads\/2026\/02\/3-bedroom-villa-for-families-in-Mallorca-300x168.webp 300w, https:\/\/www.mymallorcadiary.com\/wp-content\/uploads\/2026\/02\/3-bedroom-villa-for-families-in-Mallorca-1024x575.webp 1024w, https:\/\/www.mymallorcadiary.com\/wp-content\/uploads\/2026\/02\/3-bedroom-villa-for-families-in-Mallorca-768x431.webp 768w, https:\/\/www.mymallorcadiary.com\/wp-content\/uploads\/2026\/02\/3-bedroom-villa-for-families-in-Mallorca-1536x862.webp 1536w, https:\/\/www.mymallorcadiary.com\/wp-content\/uploads\/2026\/02\/3-bedroom-villa-for-families-in-Mallorca-696x391.webp 696w, https:\/\/www.mymallorcadiary.com\/wp-content\/uploads\/2026\/02\/3-bedroom-villa-for-families-in-Mallorca-1392x782.webp 1392w\" sizes=\"(max-width: 1920px) 100vw, 1920px\" \/><\/a>\n\t\t\t<\/div><\/figure>\n\t\t<\/div>\n\n<p data-start=\"6264\" data-end=\"6381\"><strong data-start=\"6264\" data-end=\"6301\">Warum sollten Sie die Villa Cala Esmeralda f\u00fcr einen Familienurlaub buchen?<\/strong><br data-start=\"6301\" data-end=\"6304\">Ideal f\u00fcr Familien, die Tage am privaten Pool mit Strandbesuchen verbinden m\u00f6chten.<\/p>\n<p data-start=\"6264\" data-end=\"6381\"><strong>Link f\u00fcr weitere Informationen und zur Buchung: <a href=\"https:\/\/booking.stay22.com\/likexpats\/JP9sOQjNil\" target=\"_blank\" rel=\"noopener\">Villa Cala Esmeralda<\/a><\/strong><\/p>\n<h4><span class=\"ez-toc-section\" id=\"Villa_Costa_Eugenia\"><\/span><strong>Villa Costa Eugenia<\/strong><span class=\"ez-toc-section-end\"><\/span><\/h4>\n<p><strong>3 Schlafzimmer | Bis zu 7 Personen<\/strong><strong> <\/strong><\/p>\n<p><a href=\"https:\/\/maps.app.goo.gl\/5x3TNP4kVBMRspWL7\" target=\"_blank\" rel=\"noopener\"><strong>Lage Villa Costa Eugenia <\/strong><\/a>| Cala d\u2019Or<\/p>\n<p><img decoding=\"async\" class=\"alignnone wp-image-1363 size-full\" src=\"https:\/\/www.mymallorcadiary.com\/wp-content\/uploads\/2026\/02\/Villa-for-families-in-Cala-Dor-Mallorca.webp\" alt=\"\" width=\"1920\" height=\"1078\" srcset=\"https:\/\/www.mymallorcadiary.com\/wp-content\/uploads\/2026\/02\/Villa-for-families-in-Cala-Dor-Mallorca.webp 1920w, https:\/\/www.mymallorcadiary.com\/wp-content\/uploads\/2026\/02\/Villa-for-families-in-Cala-Dor-Mallorca-300x168.webp 300w, https:\/\/www.mymallorcadiary.com\/wp-content\/uploads\/2026\/02\/Villa-for-families-in-Cala-Dor-Mallorca-1024x575.webp 1024w, https:\/\/www.mymallorcadiary.com\/wp-content\/uploads\/2026\/02\/Villa-for-families-in-Cala-Dor-Mallorca-768x431.webp 768w, https:\/\/www.mymallorcadiary.com\/wp-content\/uploads\/2026\/02\/Villa-for-families-in-Cala-Dor-Mallorca-1536x862.webp 1536w, https:\/\/www.mymallorcadiary.com\/wp-content\/uploads\/2026\/02\/Villa-for-families-in-Cala-Dor-Mallorca-696x391.webp 696w, https:\/\/www.mymallorcadiary.com\/wp-content\/uploads\/2026\/02\/Villa-for-families-in-Cala-Dor-Mallorca-1392x782.webp 1392w\" sizes=\"(max-width: 1920px) 100vw, 1920px\" \/><\/p>\n<p data-start=\"6440\" data-end=\"6485\">Ger\u00e4umige Villa mit 3 Schlafzimmern, Au\u00dfenterrasse und Pool.<\/p>\n<div id='gallery-37' class='gallery galleryid-2789 gallery-columns-2 gallery-size-full'><figure class='gallery-item'>\n\t\t\t<div class='gallery-icon landscape'>\n\t\t\t\t<a href='https:\/\/www.mymallorcadiary.com\/wp-content\/uploads\/2026\/02\/Villa-for-6-with-pool-in-Mallorca.webp'><img decoding=\"async\" width=\"1920\" height=\"1078\" src=\"https:\/\/www.mymallorcadiary.com\/wp-content\/uploads\/2026\/02\/Villa-for-6-with-pool-in-Mallorca.webp\" class=\"attachment-full size-full\" alt=\"\" srcset=\"https:\/\/www.mymallorcadiary.com\/wp-content\/uploads\/2026\/02\/Villa-for-6-with-pool-in-Mallorca.webp 1920w, https:\/\/www.mymallorcadiary.com\/wp-content\/uploads\/2026\/02\/Villa-for-6-with-pool-in-Mallorca-300x168.webp 300w, https:\/\/www.mymallorcadiary.com\/wp-content\/uploads\/2026\/02\/Villa-for-6-with-pool-in-Mallorca-1024x575.webp 1024w, https:\/\/www.mymallorcadiary.com\/wp-content\/uploads\/2026\/02\/Villa-for-6-with-pool-in-Mallorca-768x431.webp 768w, https:\/\/www.mymallorcadiary.com\/wp-content\/uploads\/2026\/02\/Villa-for-6-with-pool-in-Mallorca-1536x862.webp 1536w, https:\/\/www.mymallorcadiary.com\/wp-content\/uploads\/2026\/02\/Villa-for-6-with-pool-in-Mallorca-696x391.webp 696w, https:\/\/www.mymallorcadiary.com\/wp-content\/uploads\/2026\/02\/Villa-for-6-with-pool-in-Mallorca-1392x782.webp 1392w\" sizes=\"(max-width: 1920px) 100vw, 1920px\" \/><\/a>\n\t\t\t<\/div><\/figure><figure class='gallery-item'>\n\t\t\t<div class='gallery-icon landscape'>\n\t\t\t\t<a href='https:\/\/www.mymallorcadiary.com\/wp-content\/uploads\/2026\/02\/Villa-Costa-Eugenia-in-south-east-Mallorca.webp'><img decoding=\"async\" width=\"1920\" height=\"1078\" src=\"https:\/\/www.mymallorcadiary.com\/wp-content\/uploads\/2026\/02\/Villa-Costa-Eugenia-in-south-east-Mallorca.webp\" class=\"attachment-full size-full\" alt=\"\" srcset=\"https:\/\/www.mymallorcadiary.com\/wp-content\/uploads\/2026\/02\/Villa-Costa-Eugenia-in-south-east-Mallorca.webp 1920w, https:\/\/www.mymallorcadiary.com\/wp-content\/uploads\/2026\/02\/Villa-Costa-Eugenia-in-south-east-Mallorca-300x168.webp 300w, https:\/\/www.mymallorcadiary.com\/wp-content\/uploads\/2026\/02\/Villa-Costa-Eugenia-in-south-east-Mallorca-1024x575.webp 1024w, https:\/\/www.mymallorcadiary.com\/wp-content\/uploads\/2026\/02\/Villa-Costa-Eugenia-in-south-east-Mallorca-768x431.webp 768w, https:\/\/www.mymallorcadiary.com\/wp-content\/uploads\/2026\/02\/Villa-Costa-Eugenia-in-south-east-Mallorca-1536x862.webp 1536w, https:\/\/www.mymallorcadiary.com\/wp-content\/uploads\/2026\/02\/Villa-Costa-Eugenia-in-south-east-Mallorca-696x391.webp 696w, https:\/\/www.mymallorcadiary.com\/wp-content\/uploads\/2026\/02\/Villa-Costa-Eugenia-in-south-east-Mallorca-1392x782.webp 1392w\" sizes=\"(max-width: 1920px) 100vw, 1920px\" \/><\/a>\n\t\t\t<\/div><\/figure><figure class='gallery-item'>\n\t\t\t<div class='gallery-icon landscape'>\n\t\t\t\t<a href='https:\/\/www.mymallorcadiary.com\/wp-content\/uploads\/2026\/02\/Villa-for-6-in-Cala-Dor.webp'><img decoding=\"async\" width=\"1920\" height=\"1078\" src=\"https:\/\/www.mymallorcadiary.com\/wp-content\/uploads\/2026\/02\/Villa-for-6-in-Cala-Dor.webp\" class=\"attachment-full size-full\" alt=\"\" srcset=\"https:\/\/www.mymallorcadiary.com\/wp-content\/uploads\/2026\/02\/Villa-for-6-in-Cala-Dor.webp 1920w, https:\/\/www.mymallorcadiary.com\/wp-content\/uploads\/2026\/02\/Villa-for-6-in-Cala-Dor-300x168.webp 300w, https:\/\/www.mymallorcadiary.com\/wp-content\/uploads\/2026\/02\/Villa-for-6-in-Cala-Dor-1024x575.webp 1024w, https:\/\/www.mymallorcadiary.com\/wp-content\/uploads\/2026\/02\/Villa-for-6-in-Cala-Dor-768x431.webp 768w, https:\/\/www.mymallorcadiary.com\/wp-content\/uploads\/2026\/02\/Villa-for-6-in-Cala-Dor-1536x862.webp 1536w, https:\/\/www.mymallorcadiary.com\/wp-content\/uploads\/2026\/02\/Villa-for-6-in-Cala-Dor-696x391.webp 696w, https:\/\/www.mymallorcadiary.com\/wp-content\/uploads\/2026\/02\/Villa-for-6-in-Cala-Dor-1392x782.webp 1392w\" sizes=\"(max-width: 1920px) 100vw, 1920px\" \/><\/a>\n\t\t\t<\/div><\/figure><figure class='gallery-item'>\n\t\t\t<div class='gallery-icon landscape'>\n\t\t\t\t<a href='https:\/\/www.mymallorcadiary.com\/wp-content\/uploads\/2026\/02\/Villa-Costa-Eugenia-Mallorca.webp'><img decoding=\"async\" width=\"1920\" height=\"1078\" src=\"https:\/\/www.mymallorcadiary.com\/wp-content\/uploads\/2026\/02\/Villa-Costa-Eugenia-Mallorca.webp\" class=\"attachment-full size-full\" alt=\"\" srcset=\"https:\/\/www.mymallorcadiary.com\/wp-content\/uploads\/2026\/02\/Villa-Costa-Eugenia-Mallorca.webp 1920w, https:\/\/www.mymallorcadiary.com\/wp-content\/uploads\/2026\/02\/Villa-Costa-Eugenia-Mallorca-300x168.webp 300w, https:\/\/www.mymallorcadiary.com\/wp-content\/uploads\/2026\/02\/Villa-Costa-Eugenia-Mallorca-1024x575.webp 1024w, https:\/\/www.mymallorcadiary.com\/wp-content\/uploads\/2026\/02\/Villa-Costa-Eugenia-Mallorca-768x431.webp 768w, https:\/\/www.mymallorcadiary.com\/wp-content\/uploads\/2026\/02\/Villa-Costa-Eugenia-Mallorca-1536x862.webp 1536w, https:\/\/www.mymallorcadiary.com\/wp-content\/uploads\/2026\/02\/Villa-Costa-Eugenia-Mallorca-696x391.webp 696w, https:\/\/www.mymallorcadiary.com\/wp-content\/uploads\/2026\/02\/Villa-Costa-Eugenia-Mallorca-1392x782.webp 1392w\" sizes=\"(max-width: 1920px) 100vw, 1920px\" \/><\/a>\n\t\t\t<\/div><\/figure><figure class='gallery-item'>\n\t\t\t<div class='gallery-icon landscape'>\n\t\t\t\t<a href='https:\/\/www.mymallorcadiary.com\/wp-content\/uploads\/2026\/02\/Villa-with-pool-for-6-in-Mallorca.webp'><img decoding=\"async\" width=\"1920\" height=\"1078\" src=\"https:\/\/www.mymallorcadiary.com\/wp-content\/uploads\/2026\/02\/Villa-with-pool-for-6-in-Mallorca.webp\" class=\"attachment-full size-full\" alt=\"\" srcset=\"https:\/\/www.mymallorcadiary.com\/wp-content\/uploads\/2026\/02\/Villa-with-pool-for-6-in-Mallorca.webp 1920w, https:\/\/www.mymallorcadiary.com\/wp-content\/uploads\/2026\/02\/Villa-with-pool-for-6-in-Mallorca-300x168.webp 300w, https:\/\/www.mymallorcadiary.com\/wp-content\/uploads\/2026\/02\/Villa-with-pool-for-6-in-Mallorca-1024x575.webp 1024w, https:\/\/www.mymallorcadiary.com\/wp-content\/uploads\/2026\/02\/Villa-with-pool-for-6-in-Mallorca-768x431.webp 768w, https:\/\/www.mymallorcadiary.com\/wp-content\/uploads\/2026\/02\/Villa-with-pool-for-6-in-Mallorca-1536x862.webp 1536w, https:\/\/www.mymallorcadiary.com\/wp-content\/uploads\/2026\/02\/Villa-with-pool-for-6-in-Mallorca-696x391.webp 696w, https:\/\/www.mymallorcadiary.com\/wp-content\/uploads\/2026\/02\/Villa-with-pool-for-6-in-Mallorca-1392x782.webp 1392w\" sizes=\"(max-width: 1920px) 100vw, 1920px\" \/><\/a>\n\t\t\t<\/div><\/figure><figure class='gallery-item'>\n\t\t\t<div class='gallery-icon landscape'>\n\t\t\t\t<a href='https:\/\/www.mymallorcadiary.com\/wp-content\/uploads\/2026\/02\/3-bedroom-villa-in-Cala-Dor-Mallorca.webp'><img decoding=\"async\" width=\"1920\" height=\"1078\" src=\"https:\/\/www.mymallorcadiary.com\/wp-content\/uploads\/2026\/02\/3-bedroom-villa-in-Cala-Dor-Mallorca.webp\" class=\"attachment-full size-full\" alt=\"\" srcset=\"https:\/\/www.mymallorcadiary.com\/wp-content\/uploads\/2026\/02\/3-bedroom-villa-in-Cala-Dor-Mallorca.webp 1920w, https:\/\/www.mymallorcadiary.com\/wp-content\/uploads\/2026\/02\/3-bedroom-villa-in-Cala-Dor-Mallorca-300x168.webp 300w, https:\/\/www.mymallorcadiary.com\/wp-content\/uploads\/2026\/02\/3-bedroom-villa-in-Cala-Dor-Mallorca-1024x575.webp 1024w, https:\/\/www.mymallorcadiary.com\/wp-content\/uploads\/2026\/02\/3-bedroom-villa-in-Cala-Dor-Mallorca-768x431.webp 768w, https:\/\/www.mymallorcadiary.com\/wp-content\/uploads\/2026\/02\/3-bedroom-villa-in-Cala-Dor-Mallorca-1536x862.webp 1536w, https:\/\/www.mymallorcadiary.com\/wp-content\/uploads\/2026\/02\/3-bedroom-villa-in-Cala-Dor-Mallorca-696x391.webp 696w, https:\/\/www.mymallorcadiary.com\/wp-content\/uploads\/2026\/02\/3-bedroom-villa-in-Cala-Dor-Mallorca-1392x782.webp 1392w\" sizes=\"(max-width: 1920px) 100vw, 1920px\" \/><\/a>\n\t\t\t<\/div><\/figure>\n\t\t<\/div>\n\n<p data-start=\"6487\" data-end=\"6581\"><strong data-start=\"6487\" data-end=\"6524\">Warum sollten Sie die Villa Costa Eugenia f\u00fcr einen Familienurlaub buchen?<\/strong><br data-start=\"6524\" data-end=\"6527\">Ideal f\u00fcr gr\u00f6\u00dfere Familien, die Wert auf Komfort und Privatsph\u00e4re legen.<\/p>\n<p data-start=\"6487\" data-end=\"6581\"><strong>Link f\u00fcr weitere Informationen und zur Buchung: <a href=\"https:\/\/booking.stay22.com\/likexpats\/e5LPWLifQn\" target=\"_blank\" rel=\"noopener\">Villa Costa Eugenia<\/a><\/strong><\/p>\n<h4><span class=\"ez-toc-section\" id=\"Villa_Riviera\"><\/span><strong>Villa Riviera<\/strong><span class=\"ez-toc-section-end\"><\/span><\/h4>\n<p><strong>4 Schlafzimmer | Bis zu 8 Personen<\/strong><strong> <\/strong><\/p>\n<p><a href=\"https:\/\/maps.app.goo.gl\/qXoJrNiPDBkiCKXo7\" target=\"_blank\" rel=\"noopener\"><strong>Lage Villa Riviera <\/strong><\/a>| Yachthafen von Cala d\u2019Or<\/p>\n<p><img decoding=\"async\" class=\"alignnone wp-image-1371 size-full\" src=\"https:\/\/www.mymallorcadiary.com\/wp-content\/uploads\/2026\/02\/Villa-with-beach-access-in-Cala-Dor.webp\" alt=\"\" width=\"1920\" height=\"1078\" srcset=\"https:\/\/www.mymallorcadiary.com\/wp-content\/uploads\/2026\/02\/Villa-with-beach-access-in-Cala-Dor.webp 1920w, https:\/\/www.mymallorcadiary.com\/wp-content\/uploads\/2026\/02\/Villa-with-beach-access-in-Cala-Dor-300x168.webp 300w, https:\/\/www.mymallorcadiary.com\/wp-content\/uploads\/2026\/02\/Villa-with-beach-access-in-Cala-Dor-1024x575.webp 1024w, https:\/\/www.mymallorcadiary.com\/wp-content\/uploads\/2026\/02\/Villa-with-beach-access-in-Cala-Dor-768x431.webp 768w, https:\/\/www.mymallorcadiary.com\/wp-content\/uploads\/2026\/02\/Villa-with-beach-access-in-Cala-Dor-1536x862.webp 1536w, https:\/\/www.mymallorcadiary.com\/wp-content\/uploads\/2026\/02\/Villa-with-beach-access-in-Cala-Dor-696x391.webp 696w, https:\/\/www.mymallorcadiary.com\/wp-content\/uploads\/2026\/02\/Villa-with-beach-access-in-Cala-Dor-1392x782.webp 1392w\" sizes=\"(max-width: 1920px) 100vw, 1920px\" \/><\/p>\n<p data-start=\"6646\" data-end=\"6688\">Villa mit 4 Schlafzimmern in der N\u00e4he von Restaurants und der Promenade am Yachthafen.<\/p>\n<div id='gallery-38' class='gallery galleryid-2789 gallery-columns-2 gallery-size-full'><figure class='gallery-item'>\n\t\t\t<div class='gallery-icon landscape'>\n\t\t\t\t<a href='https:\/\/www.mymallorcadiary.com\/wp-content\/uploads\/2026\/02\/Villa-with-beach-access-in-Mallorca.webp'><img decoding=\"async\" width=\"1920\" height=\"1078\" src=\"https:\/\/www.mymallorcadiary.com\/wp-content\/uploads\/2026\/02\/Villa-with-beach-access-in-Mallorca.webp\" class=\"attachment-full size-full\" alt=\"\" srcset=\"https:\/\/www.mymallorcadiary.com\/wp-content\/uploads\/2026\/02\/Villa-with-beach-access-in-Mallorca.webp 1920w, https:\/\/www.mymallorcadiary.com\/wp-content\/uploads\/2026\/02\/Villa-with-beach-access-in-Mallorca-300x168.webp 300w, https:\/\/www.mymallorcadiary.com\/wp-content\/uploads\/2026\/02\/Villa-with-beach-access-in-Mallorca-1024x575.webp 1024w, https:\/\/www.mymallorcadiary.com\/wp-content\/uploads\/2026\/02\/Villa-with-beach-access-in-Mallorca-768x431.webp 768w, https:\/\/www.mymallorcadiary.com\/wp-content\/uploads\/2026\/02\/Villa-with-beach-access-in-Mallorca-1536x862.webp 1536w, https:\/\/www.mymallorcadiary.com\/wp-content\/uploads\/2026\/02\/Villa-with-beach-access-in-Mallorca-696x391.webp 696w, https:\/\/www.mymallorcadiary.com\/wp-content\/uploads\/2026\/02\/Villa-with-beach-access-in-Mallorca-1392x782.webp 1392w\" sizes=\"(max-width: 1920px) 100vw, 1920px\" \/><\/a>\n\t\t\t<\/div><\/figure><figure class='gallery-item'>\n\t\t\t<div class='gallery-icon landscape'>\n\t\t\t\t<a href='https:\/\/www.mymallorcadiary.com\/wp-content\/uploads\/2026\/02\/Villa-for-groups-in-Cala-Dor-1.webp'><img decoding=\"async\" width=\"1920\" height=\"1078\" src=\"https:\/\/www.mymallorcadiary.com\/wp-content\/uploads\/2026\/02\/Villa-for-groups-in-Cala-Dor-1.webp\" class=\"attachment-full size-full\" alt=\"\" srcset=\"https:\/\/www.mymallorcadiary.com\/wp-content\/uploads\/2026\/02\/Villa-for-groups-in-Cala-Dor-1.webp 1920w, https:\/\/www.mymallorcadiary.com\/wp-content\/uploads\/2026\/02\/Villa-for-groups-in-Cala-Dor-1-300x168.webp 300w, https:\/\/www.mymallorcadiary.com\/wp-content\/uploads\/2026\/02\/Villa-for-groups-in-Cala-Dor-1-1024x575.webp 1024w, https:\/\/www.mymallorcadiary.com\/wp-content\/uploads\/2026\/02\/Villa-for-groups-in-Cala-Dor-1-768x431.webp 768w, https:\/\/www.mymallorcadiary.com\/wp-content\/uploads\/2026\/02\/Villa-for-groups-in-Cala-Dor-1-1536x862.webp 1536w, https:\/\/www.mymallorcadiary.com\/wp-content\/uploads\/2026\/02\/Villa-for-groups-in-Cala-Dor-1-696x391.webp 696w, https:\/\/www.mymallorcadiary.com\/wp-content\/uploads\/2026\/02\/Villa-for-groups-in-Cala-Dor-1-1392x782.webp 1392w\" sizes=\"(max-width: 1920px) 100vw, 1920px\" \/><\/a>\n\t\t\t<\/div><\/figure><figure class='gallery-item'>\n\t\t\t<div class='gallery-icon landscape'>\n\t\t\t\t<a href='https:\/\/www.mymallorcadiary.com\/wp-content\/uploads\/2026\/02\/Villa-for-groups-in-south-east-Mallorca.webp'><img decoding=\"async\" width=\"1920\" height=\"1078\" src=\"https:\/\/www.mymallorcadiary.com\/wp-content\/uploads\/2026\/02\/Villa-for-groups-in-south-east-Mallorca.webp\" class=\"attachment-full size-full\" alt=\"\" srcset=\"https:\/\/www.mymallorcadiary.com\/wp-content\/uploads\/2026\/02\/Villa-for-groups-in-south-east-Mallorca.webp 1920w, https:\/\/www.mymallorcadiary.com\/wp-content\/uploads\/2026\/02\/Villa-for-groups-in-south-east-Mallorca-300x168.webp 300w, https:\/\/www.mymallorcadiary.com\/wp-content\/uploads\/2026\/02\/Villa-for-groups-in-south-east-Mallorca-1024x575.webp 1024w, https:\/\/www.mymallorcadiary.com\/wp-content\/uploads\/2026\/02\/Villa-for-groups-in-south-east-Mallorca-768x431.webp 768w, https:\/\/www.mymallorcadiary.com\/wp-content\/uploads\/2026\/02\/Villa-for-groups-in-south-east-Mallorca-1536x862.webp 1536w, https:\/\/www.mymallorcadiary.com\/wp-content\/uploads\/2026\/02\/Villa-for-groups-in-south-east-Mallorca-696x391.webp 696w, https:\/\/www.mymallorcadiary.com\/wp-content\/uploads\/2026\/02\/Villa-for-groups-in-south-east-Mallorca-1392x782.webp 1392w\" sizes=\"(max-width: 1920px) 100vw, 1920px\" \/><\/a>\n\t\t\t<\/div><\/figure><figure class='gallery-item'>\n\t\t\t<div class='gallery-icon landscape'>\n\t\t\t\t<a href='https:\/\/www.mymallorcadiary.com\/wp-content\/uploads\/2026\/02\/4-bedroom-villa-for-families-in-Cala-Dor.webp'><img decoding=\"async\" width=\"1920\" height=\"1078\" src=\"https:\/\/www.mymallorcadiary.com\/wp-content\/uploads\/2026\/02\/4-bedroom-villa-for-families-in-Cala-Dor.webp\" class=\"attachment-full size-full\" alt=\"\" srcset=\"https:\/\/www.mymallorcadiary.com\/wp-content\/uploads\/2026\/02\/4-bedroom-villa-for-families-in-Cala-Dor.webp 1920w, https:\/\/www.mymallorcadiary.com\/wp-content\/uploads\/2026\/02\/4-bedroom-villa-for-families-in-Cala-Dor-300x168.webp 300w, https:\/\/www.mymallorcadiary.com\/wp-content\/uploads\/2026\/02\/4-bedroom-villa-for-families-in-Cala-Dor-1024x575.webp 1024w, https:\/\/www.mymallorcadiary.com\/wp-content\/uploads\/2026\/02\/4-bedroom-villa-for-families-in-Cala-Dor-768x431.webp 768w, https:\/\/www.mymallorcadiary.com\/wp-content\/uploads\/2026\/02\/4-bedroom-villa-for-families-in-Cala-Dor-1536x862.webp 1536w, https:\/\/www.mymallorcadiary.com\/wp-content\/uploads\/2026\/02\/4-bedroom-villa-for-families-in-Cala-Dor-696x391.webp 696w, https:\/\/www.mymallorcadiary.com\/wp-content\/uploads\/2026\/02\/4-bedroom-villa-for-families-in-Cala-Dor-1392x782.webp 1392w\" sizes=\"(max-width: 1920px) 100vw, 1920px\" \/><\/a>\n\t\t\t<\/div><\/figure><figure class='gallery-item'>\n\t\t\t<div class='gallery-icon landscape'>\n\t\t\t\t<a href='https:\/\/www.mymallorcadiary.com\/wp-content\/uploads\/2026\/02\/Villa-Riviera-in-Cala-Dor.webp'><img decoding=\"async\" width=\"1920\" height=\"1078\" src=\"https:\/\/www.mymallorcadiary.com\/wp-content\/uploads\/2026\/02\/Villa-Riviera-in-Cala-Dor.webp\" class=\"attachment-full size-full\" alt=\"\" srcset=\"https:\/\/www.mymallorcadiary.com\/wp-content\/uploads\/2026\/02\/Villa-Riviera-in-Cala-Dor.webp 1920w, https:\/\/www.mymallorcadiary.com\/wp-content\/uploads\/2026\/02\/Villa-Riviera-in-Cala-Dor-300x168.webp 300w, https:\/\/www.mymallorcadiary.com\/wp-content\/uploads\/2026\/02\/Villa-Riviera-in-Cala-Dor-1024x575.webp 1024w, https:\/\/www.mymallorcadiary.com\/wp-content\/uploads\/2026\/02\/Villa-Riviera-in-Cala-Dor-768x431.webp 768w, https:\/\/www.mymallorcadiary.com\/wp-content\/uploads\/2026\/02\/Villa-Riviera-in-Cala-Dor-1536x862.webp 1536w, https:\/\/www.mymallorcadiary.com\/wp-content\/uploads\/2026\/02\/Villa-Riviera-in-Cala-Dor-696x391.webp 696w, https:\/\/www.mymallorcadiary.com\/wp-content\/uploads\/2026\/02\/Villa-Riviera-in-Cala-Dor-1392x782.webp 1392w\" sizes=\"(max-width: 1920px) 100vw, 1920px\" \/><\/a>\n\t\t\t<\/div><\/figure><figure class='gallery-item'>\n\t\t\t<div class='gallery-icon landscape'>\n\t\t\t\t<a href='https:\/\/www.mymallorcadiary.com\/wp-content\/uploads\/2026\/02\/4-bedroom-villa-in-Cala-Dor.webp'><img decoding=\"async\" width=\"1920\" height=\"1078\" src=\"https:\/\/www.mymallorcadiary.com\/wp-content\/uploads\/2026\/02\/4-bedroom-villa-in-Cala-Dor.webp\" class=\"attachment-full size-full\" alt=\"\" srcset=\"https:\/\/www.mymallorcadiary.com\/wp-content\/uploads\/2026\/02\/4-bedroom-villa-in-Cala-Dor.webp 1920w, https:\/\/www.mymallorcadiary.com\/wp-content\/uploads\/2026\/02\/4-bedroom-villa-in-Cala-Dor-300x168.webp 300w, https:\/\/www.mymallorcadiary.com\/wp-content\/uploads\/2026\/02\/4-bedroom-villa-in-Cala-Dor-1024x575.webp 1024w, https:\/\/www.mymallorcadiary.com\/wp-content\/uploads\/2026\/02\/4-bedroom-villa-in-Cala-Dor-768x431.webp 768w, https:\/\/www.mymallorcadiary.com\/wp-content\/uploads\/2026\/02\/4-bedroom-villa-in-Cala-Dor-1536x862.webp 1536w, https:\/\/www.mymallorcadiary.com\/wp-content\/uploads\/2026\/02\/4-bedroom-villa-in-Cala-Dor-696x391.webp 696w, https:\/\/www.mymallorcadiary.com\/wp-content\/uploads\/2026\/02\/4-bedroom-villa-in-Cala-Dor-1392x782.webp 1392w\" sizes=\"(max-width: 1920px) 100vw, 1920px\" \/><\/a>\n\t\t\t<\/div><\/figure><figure class='gallery-item'>\n\t\t\t<div class='gallery-icon landscape'>\n\t\t\t\t<a href='https:\/\/www.mymallorcadiary.com\/wp-content\/uploads\/2026\/02\/Big-villa-for-families-in-Cala-Dor-1.webp'><img decoding=\"async\" width=\"1920\" height=\"1078\" src=\"https:\/\/www.mymallorcadiary.com\/wp-content\/uploads\/2026\/02\/Big-villa-for-families-in-Cala-Dor-1.webp\" class=\"attachment-full size-full\" alt=\"\" srcset=\"https:\/\/www.mymallorcadiary.com\/wp-content\/uploads\/2026\/02\/Big-villa-for-families-in-Cala-Dor-1.webp 1920w, https:\/\/www.mymallorcadiary.com\/wp-content\/uploads\/2026\/02\/Big-villa-for-families-in-Cala-Dor-1-300x168.webp 300w, https:\/\/www.mymallorcadiary.com\/wp-content\/uploads\/2026\/02\/Big-villa-for-families-in-Cala-Dor-1-1024x575.webp 1024w, https:\/\/www.mymallorcadiary.com\/wp-content\/uploads\/2026\/02\/Big-villa-for-families-in-Cala-Dor-1-768x431.webp 768w, https:\/\/www.mymallorcadiary.com\/wp-content\/uploads\/2026\/02\/Big-villa-for-families-in-Cala-Dor-1-1536x862.webp 1536w, https:\/\/www.mymallorcadiary.com\/wp-content\/uploads\/2026\/02\/Big-villa-for-families-in-Cala-Dor-1-696x391.webp 696w, https:\/\/www.mymallorcadiary.com\/wp-content\/uploads\/2026\/02\/Big-villa-for-families-in-Cala-Dor-1-1392x782.webp 1392w\" sizes=\"(max-width: 1920px) 100vw, 1920px\" \/><\/a>\n\t\t\t<\/div><\/figure><figure class='gallery-item'>\n\t\t\t<div class='gallery-icon landscape'>\n\t\t\t\t<a href='https:\/\/www.mymallorcadiary.com\/wp-content\/uploads\/2026\/02\/Cala-Dor-villa-for-groups.webp'><img decoding=\"async\" width=\"1920\" height=\"1078\" src=\"https:\/\/www.mymallorcadiary.com\/wp-content\/uploads\/2026\/02\/Cala-Dor-villa-for-groups.webp\" class=\"attachment-full size-full\" alt=\"\" srcset=\"https:\/\/www.mymallorcadiary.com\/wp-content\/uploads\/2026\/02\/Cala-Dor-villa-for-groups.webp 1920w, https:\/\/www.mymallorcadiary.com\/wp-content\/uploads\/2026\/02\/Cala-Dor-villa-for-groups-300x168.webp 300w, https:\/\/www.mymallorcadiary.com\/wp-content\/uploads\/2026\/02\/Cala-Dor-villa-for-groups-1024x575.webp 1024w, https:\/\/www.mymallorcadiary.com\/wp-content\/uploads\/2026\/02\/Cala-Dor-villa-for-groups-768x431.webp 768w, https:\/\/www.mymallorcadiary.com\/wp-content\/uploads\/2026\/02\/Cala-Dor-villa-for-groups-1536x862.webp 1536w, https:\/\/www.mymallorcadiary.com\/wp-content\/uploads\/2026\/02\/Cala-Dor-villa-for-groups-696x391.webp 696w, https:\/\/www.mymallorcadiary.com\/wp-content\/uploads\/2026\/02\/Cala-Dor-villa-for-groups-1392x782.webp 1392w\" sizes=\"(max-width: 1920px) 100vw, 1920px\" \/><\/a>\n\t\t\t<\/div><\/figure>\n\t\t<\/div>\n\n<p data-start=\"6690\" data-end=\"6796\"><strong data-start=\"6690\" data-end=\"6727\">Warum sollten Sie die Villa Riviera f\u00fcr einen Familienurlaub buchen?<\/strong><br data-start=\"6727\" data-end=\"6730\">Ideal f\u00fcr Familien, die sich eine lebhafte und zugleich sichere Umgebung zum Spazierengehen w\u00fcnschen.<\/p>\n<p data-start=\"6690\" data-end=\"6796\"><strong>Link f\u00fcr weitere Informationen und zur Buchung: <a href=\"https:\/\/booking.stay22.com\/likexpats\/8WLIvHw2C4\" target=\"_blank\" rel=\"noopener\">Villa Riviera<\/a><\/strong><\/p>\n<p data-start=\"6690\" data-end=\"6796\">M\u00f6chten Sie mehr \u00fcber Cala d&#8217;Or erfahren? Schauen Sie sich unsere Blog-Artikel an:<\/p>\n<ul>\n<li data-start=\"6690\" data-end=\"6796\"><strong><a href=\"https:\/\/www.mymallorcadiary.com\/de\/die-besten-hotels-in-cala-dor\/\" target=\"_blank\" rel=\"noopener\">Die besten Hotels in Cala d&#8217;Or<\/a><\/strong><\/li>\n<li data-start=\"6690\" data-end=\"6796\"><strong><a href=\"https:\/\/www.mymallorcadiary.com\/de\/cala-dor-sehenswuerdigkeiten-und-aktivitaeten\/\" target=\"_blank\" rel=\"noopener\">Was man in Cala d&#8217;Or unternehmen und sehen kann<\/a><\/strong><\/li>\n<li data-start=\"6690\" data-end=\"6796\"><strong><a href=\"https:\/\/www.mymallorcadiary.com\/de\/die-besten-restaurants-in-cala-dor-2026\/\" target=\"_blank\" rel=\"noopener\">Die besten Restaurants in Cala d&#8217;Or<\/a><\/strong><\/li>\n<li data-start=\"6690\" data-end=\"6796\"><strong><a href=\"https:\/\/www.mymallorcadiary.com\/de\/wetter-in-cala-dor\/\" target=\"_blank\" rel=\"noopener\">Das Wetter in Cala D&#8217;Or<\/a><\/strong><\/li>\n<\/ul>\n<p><strong>M\u00f6chten Sie mehr \u00fcber die besten Gegenden auf Mallorca f\u00fcr Familien erfahren?<\/strong>. Lesen Sie unseren Blog-Artikel: <strong><a href=\"https:\/\/www.mymallorcadiary.com\/where-to-stay-in-mallorca-with-family\/\" target=\"_blank\" rel=\"noopener\">Die besten Gegenden auf Mallorca f\u00fcr Familien: Ein Reisef\u00fchrer von Einheimischen<\/a><\/strong> <\/p>\n<p><img decoding=\"async\" class=\"alignnone wp-image-512 size-full\" src=\"https:\/\/www.mymallorcadiary.com\/wp-content\/uploads\/2025\/02\/The-best-luxury-hotels-in-Mallorca.webp\" alt=\"\" width=\"1920\" height=\"1078\" srcset=\"https:\/\/www.mymallorcadiary.com\/wp-content\/uploads\/2025\/02\/The-best-luxury-hotels-in-Mallorca.webp 1920w, https:\/\/www.mymallorcadiary.com\/wp-content\/uploads\/2025\/02\/The-best-luxury-hotels-in-Mallorca-300x168.webp 300w, https:\/\/www.mymallorcadiary.com\/wp-content\/uploads\/2025\/02\/The-best-luxury-hotels-in-Mallorca-1024x575.webp 1024w, https:\/\/www.mymallorcadiary.com\/wp-content\/uploads\/2025\/02\/The-best-luxury-hotels-in-Mallorca-768x431.webp 768w, https:\/\/www.mymallorcadiary.com\/wp-content\/uploads\/2025\/02\/The-best-luxury-hotels-in-Mallorca-1536x862.webp 1536w, https:\/\/www.mymallorcadiary.com\/wp-content\/uploads\/2025\/02\/The-best-luxury-hotels-in-Mallorca-696x391.webp 696w, https:\/\/www.mymallorcadiary.com\/wp-content\/uploads\/2025\/02\/The-best-luxury-hotels-in-Mallorca-1392x782.webp 1392w\" sizes=\"(max-width: 1920px) 100vw, 1920px\" \/><\/p>\n<h2 data-start=\"3183\" data-end=\"3242\"><span class=\"ez-toc-section\" id=\"Tipps_fuer_die_Wahl_der_besten_Gegend_auf_Mallorca_fuer_Familien\"><\/span><strong>Tipps f\u00fcr die Wahl der besten Gegend auf Mallorca f\u00fcr Familien<\/strong><span class=\"ez-toc-section-end\"><\/span><\/h2>\n<ol data-start=\"3244\" data-end=\"3742\">\n<li data-start=\"3244\" data-end=\"3328\">\n<p data-start=\"3247\" data-end=\"3328\"><strong data-start=\"3247\" data-end=\"3274\">Achten Sie vor allem auf die Sicherheit am Strand:<\/strong> Suchen Sie sich Abschnitte mit flachem Wasser und ruhiger See aus.<\/p>\n<\/li>\n<li data-start=\"3329\" data-end=\"3434\">\n<p data-start=\"3332\" data-end=\"3434\"><strong data-start=\"3332\" data-end=\"3358\">Pr\u00fcfen Sie die Infrastruktur in der Umgebung:<\/strong> Restaurants, Gesch\u00e4fte und Superm\u00e4rkte in Laufn\u00e4he sind ideal.<\/p>\n<\/li>\n<li data-start=\"3435\" data-end=\"3540\">\n<p data-start=\"3438\" data-end=\"3540\"><strong data-start=\"3438\" data-end=\"3464\">Achten Sie auf Barrierefreiheit:<\/strong> ebene Promenaden, kinderwagenfreundliche Wege und kurze Wege zum Strand.<\/p>\n<\/li>\n<li data-start=\"3541\" data-end=\"3636\">\n<p data-start=\"3544\" data-end=\"3636\"><strong data-start=\"3544\" data-end=\"3570\">Denken Sie an Freizeitaktivit\u00e4ten:<\/strong> Parks, M\u00e4rkte und Familienausfl\u00fcge bereichern Ihren Aufenthalt.<\/p>\n<\/li>\n<li data-start=\"3637\" data-end=\"3742\">\n<p data-start=\"3640\" data-end=\"3742\"><strong data-start=\"3640\" data-end=\"3670\">Mieten Sie ein Auto, um flexibel zu sein:<\/strong> Entdecken Sie versteckte Str\u00e4nde, M\u00e4rkte und andere Orte auf der Insel.<\/p>\n<\/li>\n<\/ol>\n<p><img decoding=\"async\" class=\"alignnone wp-image-1377 size-full\" src=\"https:\/\/www.mymallorcadiary.com\/wp-content\/uploads\/2026\/02\/Puerto-de-Alcudia.webp\" alt=\"\" width=\"1920\" height=\"1078\" srcset=\"https:\/\/www.mymallorcadiary.com\/wp-content\/uploads\/2026\/02\/Puerto-de-Alcudia.webp 1920w, https:\/\/www.mymallorcadiary.com\/wp-content\/uploads\/2026\/02\/Puerto-de-Alcudia-300x168.webp 300w, https:\/\/www.mymallorcadiary.com\/wp-content\/uploads\/2026\/02\/Puerto-de-Alcudia-1024x575.webp 1024w, https:\/\/www.mymallorcadiary.com\/wp-content\/uploads\/2026\/02\/Puerto-de-Alcudia-768x431.webp 768w, https:\/\/www.mymallorcadiary.com\/wp-content\/uploads\/2026\/02\/Puerto-de-Alcudia-1536x862.webp 1536w, https:\/\/www.mymallorcadiary.com\/wp-content\/uploads\/2026\/02\/Puerto-de-Alcudia-696x391.webp 696w, https:\/\/www.mymallorcadiary.com\/wp-content\/uploads\/2026\/02\/Puerto-de-Alcudia-1392x782.webp 1392w\" sizes=\"(max-width: 1920px) 100vw, 1920px\" \/><\/p>\n<h2 data-start=\"3749\" data-end=\"3791\"><span class=\"ez-toc-section\" id=\"FAQ_Die_beste_Gegend_auf_Mallorca_fuer_Familien\"><\/span><strong>FAQ: Die beste Gegend auf Mallorca f\u00fcr Familien<\/strong><span class=\"ez-toc-section-end\"><\/span><\/h2>\n<h3 class=\"p1\"><span class=\"ez-toc-section\" id=\"Welcher_Teil_von_Mallorca_eignet_sich_am_besten_fuer_Familien\"><\/span><b>Welcher Teil von Mallorca eignet sich am besten f\u00fcr Familien?<\/b><span class=\"ez-toc-section-end\"><\/span><\/h3>\n<p class=\"p2\">Zu den besten Gegenden auf Mallorca f\u00fcr Familien z\u00e4hlen <b>Alcudia, Santa Ponsa und Cala d\u2019Or<\/b>. Alcudia ist bekannt f\u00fcr seinen langen Sandstrand mit flachem Wasser, Santa Ponsa bietet einen breiten Strand und eine kinderwagenfreundliche Promenade, und Cala d\u2019Or besticht durch wundersch\u00f6ne kleine Buchten und einen fu\u00dfg\u00e4ngerfreundlichen Yachthafen mit vielen Restaurants. <\/p>\n<h3 class=\"p1\"><span class=\"ez-toc-section\" id=\"Welcher_Ferienort_auf_Mallorca_eignet_sich_am_besten_fuer_Familien\"><\/span><b>Welcher Ferienort auf Mallorca eignet sich am besten f\u00fcr Familien?<\/b><span class=\"ez-toc-section-end\"><\/span><\/h3>\n<p class=\"p2\"><b>Puerto de Alcudia<\/b> ist dank seines langen Sandstrandes und des ruhigen, flachen Wassers einer der besten Urlaubsorte auf Mallorca f\u00fcr Familien. Eine hervorragende familienfreundliche Unterkunft ist das <span class=\"s1\"><a href=\"https:\/\/booking.stay22.com\/likexpats\/eegapF0EHN\"><b>Innside by Meli\u00e1 Alcudia<\/b><\/a><\/span>, das in der N\u00e4he von Playa de Muro liegt und ger\u00e4umige Zimmer, Poolbereiche sowie einen einfachen Zugang zu Outdoor-Aktivit\u00e4ten bietet. <\/p>\n<h3 class=\"p1\"><span class=\"ez-toc-section\" id=\"Ist_Mallorca_ein_gutes_Reiseziel_fuer_Familien_mit_Kindern\"><\/span><b>Ist Mallorca ein gutes Reiseziel f\u00fcr Familien mit Kindern?<\/b><span class=\"ez-toc-section-end\"><\/span><\/h3>\n<p class=\"p2\">Ja, Mallorca ist dank seiner sicheren Str\u00e4nde, familienfreundlichen Ferienorte und zahlreichen Aktivit\u00e4ten f\u00fcr Kinder ein hervorragendes Reiseziel f\u00fcr Familien. Familien k\u00f6nnen Orte wie den Strand <b>Playa de Muro, das Palma Aquarium, die Wasserparks in der N\u00e4he von Santa Ponsa sowie Bootsausfl\u00fcge ab Alcudia oder Cala d\u2019Or genie\u00dfen<\/b>. <\/p>\n<h3 class=\"p1\"><span class=\"ez-toc-section\" id=\"Ist_Cala_dOr_auf_Mallorca_ein_geeigneter_Ort_fuer_Familien\"><\/span><b>Ist Cala d\u2019Or auf Mallorca ein geeigneter Ort f\u00fcr Familien?<\/b><span class=\"ez-toc-section-end\"><\/span><\/h3>\n<p class=\"p2\">Ja, <b>Cala d\u2019Or ist bei Familien sehr beliebt<\/b>, da es mehrere ruhige Buchten wie <b>Cala Gran und Cala Ferrera<\/b> bietet, die sich ideal zum Schwimmen mit Kindern eignen. Der Ort verf\u00fcgt au\u00dferdem \u00fcber einen fu\u00dfl\u00e4ufig erreichbaren Yachthafen, viele Restaurants und familienfreundliche Hotels wie das <b>MarSenses Ferrera Blanca Hotel Family<\/b>. <\/p>\n<h3 class=\"p1\"><span class=\"ez-toc-section\" id=\"Was_kann_man_mit_Kindern_auf_Mallorca_unternehmen\"><\/span><b>Was kann man mit Kindern auf Mallorca unternehmen?<\/b><span class=\"ez-toc-section-end\"><\/span><\/h3>\n<p class=\"p2\">Zu den besten Ausflugszielen f\u00fcr Familien auf Mallorca z\u00e4hlen <b>Playa de Muro mit seinen sicheren Badem\u00f6glichkeiten, die Altstadt von Alcudia mit ihren M\u00e4rkten und abendlichen Spazierg\u00e4ngen, das Palma Aquarium f\u00fcr unterhaltsame Indoor-Aktivit\u00e4ten sowie die Buchten von Cala d\u2019Or f\u00fcr entspannte Tage am Strand. Diese Ziele vereinen Str\u00e4nde, Freizeitangebote und familienfreundliche Einrichtungen<\/b>.<b><\/b><\/p>\n<h3 data-start=\"3793\" data-end=\"3966\"><span class=\"ez-toc-section\" id=\"Fazit_Die_beste_Gegend_auf_Mallorca_fuer_Familien\"><\/span><strong style=\"font-size: 27px;\">Fazit: Die beste Gegend auf Mallorca f\u00fcr Familien<\/strong><span class=\"ez-toc-section-end\"><\/span><\/h3>\n<p data-start=\"7109\" data-end=\"7257\"><strong>Mallorca ist eines der besten Reiseziele im Mittelmeerraum f\u00fcr einen Familienurlaub<\/strong>. Entscheidend ist, den richtigen Ort auszuw\u00e4hlen und die <strong data-start=\"1145\" data-end=\"1183\">beste Gegend auf Mallorca f\u00fcr Familien zu finden<\/strong>, die zum Reisestil Ihrer Familie passt.<\/p>\n<p data-start=\"7259\" data-end=\"7399\">Ob Sie nun die Annehmlichkeiten von Santa Ponsa, die weitl\u00e4ufigen Str\u00e4nde von Alc\u00fadia oder die bezaubernden Buchten von Cala d\u2019Or bevorzugen, Sie k\u00f6nnen nichts falsch machen.<\/p>\n<p data-start=\"7401\" data-end=\"7508\">Teilen Sie uns mit, wie Ihnen unser Reisef\u00fchrer zu den <strong>besten Gegenden auf Mallorca f\u00fcr Familien<\/strong> gefallen hat und welche Gegend Sie f\u00fcr Ihren Familienurlaub in Betracht ziehen. Wir w\u00fcrden uns sehr \u00fcber Ihre Erfahrungen freuen. <\/p>\n<p data-start=\"7510\" data-end=\"7558\">Und vergiss nicht, dir weitere hilfreiche Anleitungen anzusehen:<\/p>\n<ul data-start=\"7559\" data-end=\"7660\">\n<li data-start=\"7559\" data-end=\"7597\"><a href=\"https:\/\/www.mymallorcadiary.com\/de\/familienfreundliche-hotels-auf-mallorca\/\" target=\"_blank\" rel=\"noopener\"><strong>Familienfreundliche Hotels auf Mallorca<\/strong><\/a><\/li>\n<li><strong><a href=\"https:\/\/www.mymallorcadiary.com\/de\/ostern-auf-mallorca-2026-traditionen-wetter-umfassender-reisefuehrer\/\" target=\"_blank\" rel=\"noopener\">Ostern auf Mallorca 2026: Der umfassende Reisef\u00fchrer<\/a><\/strong><\/li>\n<li data-start=\"7598\" data-end=\"7632\">\n<p data-start=\"7600\" data-end=\"7632\"><strong><a href=\"https:\/\/www.mymallorcadiary.com\/best-beaches-south-mallorca\/\" target=\"_blank\" rel=\"noopener\">Best Beaches in South Mallorca<\/a><\/strong><\/p>\n<\/li>\n<li data-start=\"7598\" data-end=\"7632\">\n<p data-start=\"7600\" data-end=\"7632\"><strong><a href=\"https:\/\/www.mymallorcadiary.com\/de\/cala-dor-sehenswuerdigkeiten-und-aktivitaeten\/\" target=\"_blank\" rel=\"noopener\">Was man in Cala d\u2019Or unternehmen kann<\/a><\/strong><\/p>\n<\/li>\n<\/ul>\n<p data-start=\"7662\" data-end=\"7796\"><strong>M\u00f6chten Sie ein Auto mieten?<\/strong>. Lesen Sie unseren <strong data-start=\"7707\" data-end=\"7750\"><a href=\"https:\/\/www.mymallorcadiary.com\/de\/mietwagen-auf-mallorca-ohne-kaution\/\" target=\"_blank\" rel=\"noopener\">Leitfaden zur Autovermietung ohne Kaution auf Mallorca<\/a><\/strong>, um \u00dcberraschungen bei der Abholung und versteckte Geb\u00fchren zu vermeiden. <\/p>\n","protected":false},"excerpt":{"rendered":"<p>Mallorca ist eines der besten Reiseziele in Europa f\u00fcr einen Familienurlaub. Die Insel bietet wundersch\u00f6ne Str\u00e4nde, warmes Wetter und jede Menge Aktivit\u00e4ten, die sowohl Kindern als auch Eltern Spa\u00df machen. Eine der wichtigsten Entscheidungen bei der Reiseplanung ist jedoch die Wahl der besten Gegend auf Mallorca f\u00fcr Familien. Einige Teile der Insel eignen sich mit [&hellip;]<\/p>\n","protected":false},"author":3,"featured_media":0,"comment_status":"open","ping_status":"open","sticky":false,"template":"","format":"standard","meta":{"rank_math_title":"","rank_math_description":"","rank_math_focus_keyword":"","_lmt_disableupdate":"","_lmt_disable":"","footnotes":""},"categories":[107],"tags":[113],"class_list":{"0":"post-2789","1":"post","2":"type-post","3":"status-publish","4":"format-standard","6":"category-reisetipps-guides-mallorca","7":"tag-familienausflug-nach-mallorca"},"yoast_head":"<!-- This site is optimized with the Yoast SEO plugin v23.8 - https:\/\/yoast.com\/wordpress\/plugins\/seo\/ -->\n<title>Die beste Gegend auf Mallorca f\u00fcr Familien im Jahr 2026<\/title>\n<meta name=\"description\" content=\"Entdecken Sie die beste Gegend auf Mallorca f\u00fcr Familien. Finden Sie familienfreundliche Hotels, Ferienwohnungen und Villen f\u00fcr einen perfekten Urlaub mit Kindern.\" \/>\n<meta name=\"robots\" content=\"index, follow, max-snippet:-1, max-image-preview:large, max-video-preview:-1\" \/>\n<link rel=\"canonical\" href=\"https:\/\/www.mymallorcadiary.com\/de\/die-beste-gegend-auf-mallorca-fuer-familien\/\" \/>\n<meta property=\"og:locale\" content=\"de_DE\" \/>\n<meta property=\"og:type\" content=\"article\" \/>\n<meta property=\"og:title\" content=\"Die beste Gegend auf Mallorca f\u00fcr Familien im Jahr 2026\" \/>\n<meta property=\"og:description\" content=\"Entdecken Sie die beste Gegend auf Mallorca f\u00fcr Familien. Finden Sie familienfreundliche Hotels, Ferienwohnungen und Villen f\u00fcr einen perfekten Urlaub mit Kindern.\" \/>\n<meta property=\"og:url\" content=\"https:\/\/www.mymallorcadiary.com\/de\/die-beste-gegend-auf-mallorca-fuer-familien\/\" \/>\n<meta property=\"og:site_name\" content=\"mymallorcadiary.com\" \/>\n<meta property=\"article:published_time\" content=\"2026-02-16T15:49:05+00:00\" \/>\n<meta property=\"article:modified_time\" content=\"2026-04-14T13:59:00+00:00\" \/>\n<meta property=\"og:image\" content=\"https:\/\/www.mymallorcadiary.com\/wp-content\/uploads\/2026\/02\/Playa-de-Muro.webp\" \/>\n\t<meta property=\"og:image:width\" content=\"1920\" \/>\n\t<meta property=\"og:image:height\" content=\"1078\" \/>\n\t<meta property=\"og:image:type\" content=\"image\/webp\" \/>\n<meta name=\"author\" content=\"Cler Favela\" \/>\n<meta name=\"twitter:card\" content=\"summary_large_image\" \/>\n<meta name=\"twitter:label1\" content=\"Verfasst von\" \/>\n\t<meta name=\"twitter:data1\" content=\"Cler Favela\" \/>\n\t<meta name=\"twitter:label2\" content=\"Gesch\u00e4tzte Lesezeit\" \/>\n\t<meta name=\"twitter:data2\" content=\"26\u00a0Minuten\" \/>\n<script type=\"application\/ld+json\" class=\"yoast-schema-graph\">{\"@context\":\"https:\/\/schema.org\",\"@graph\":[{\"@type\":\"WebPage\",\"@id\":\"https:\/\/www.mymallorcadiary.com\/de\/die-beste-gegend-auf-mallorca-fuer-familien\/\",\"url\":\"https:\/\/www.mymallorcadiary.com\/de\/die-beste-gegend-auf-mallorca-fuer-familien\/\",\"name\":\"Die beste Gegend auf Mallorca f\u00fcr Familien im Jahr 2026\",\"isPartOf\":{\"@id\":\"https:\/\/www.mymallorcadiary.com\/de\/#website\"},\"primaryImageOfPage\":{\"@id\":\"https:\/\/www.mymallorcadiary.com\/de\/die-beste-gegend-auf-mallorca-fuer-familien\/#primaryimage\"},\"image\":{\"@id\":\"https:\/\/www.mymallorcadiary.com\/de\/die-beste-gegend-auf-mallorca-fuer-familien\/#primaryimage\"},\"thumbnailUrl\":\"https:\/\/www.mymallorcadiary.com\/wp-content\/uploads\/2026\/02\/Santa-Ponsa.webp\",\"datePublished\":\"2026-02-16T15:49:05+00:00\",\"dateModified\":\"2026-04-14T13:59:00+00:00\",\"author\":{\"@id\":\"https:\/\/www.mymallorcadiary.com\/de\/#\/schema\/person\/c83fc5b0d2024e3952c8bcb8d723e1ec\"},\"description\":\"Entdecken Sie die beste Gegend auf Mallorca f\u00fcr Familien. Finden Sie familienfreundliche Hotels, Ferienwohnungen und Villen f\u00fcr einen perfekten Urlaub mit Kindern.\",\"breadcrumb\":{\"@id\":\"https:\/\/www.mymallorcadiary.com\/de\/die-beste-gegend-auf-mallorca-fuer-familien\/#breadcrumb\"},\"inLanguage\":\"de\",\"potentialAction\":[{\"@type\":\"ReadAction\",\"target\":[\"https:\/\/www.mymallorcadiary.com\/de\/die-beste-gegend-auf-mallorca-fuer-familien\/\"]}]},{\"@type\":\"ImageObject\",\"inLanguage\":\"de\",\"@id\":\"https:\/\/www.mymallorcadiary.com\/de\/die-beste-gegend-auf-mallorca-fuer-familien\/#primaryimage\",\"url\":\"https:\/\/www.mymallorcadiary.com\/wp-content\/uploads\/2026\/02\/Santa-Ponsa.webp\",\"contentUrl\":\"https:\/\/www.mymallorcadiary.com\/wp-content\/uploads\/2026\/02\/Santa-Ponsa.webp\"},{\"@type\":\"BreadcrumbList\",\"@id\":\"https:\/\/www.mymallorcadiary.com\/de\/die-beste-gegend-auf-mallorca-fuer-familien\/#breadcrumb\",\"itemListElement\":[{\"@type\":\"ListItem\",\"position\":1,\"name\":\"Portada\",\"item\":\"https:\/\/www.mymallorcadiary.com\/de\/\"},{\"@type\":\"ListItem\",\"position\":2,\"name\":\"Die beste Gegend auf Mallorca f\u00fcr Familien\"}]},{\"@type\":\"WebSite\",\"@id\":\"https:\/\/www.mymallorcadiary.com\/de\/#website\",\"url\":\"https:\/\/www.mymallorcadiary.com\/de\/\",\"name\":\"mymallorcadiary.com\",\"description\":\"The best Mallorcan tips\",\"potentialAction\":[{\"@type\":\"SearchAction\",\"target\":{\"@type\":\"EntryPoint\",\"urlTemplate\":\"https:\/\/www.mymallorcadiary.com\/de\/?s={search_term_string}\"},\"query-input\":{\"@type\":\"PropertyValueSpecification\",\"valueRequired\":true,\"valueName\":\"search_term_string\"}}],\"inLanguage\":\"de\"},{\"@type\":\"Person\",\"@id\":\"https:\/\/www.mymallorcadiary.com\/de\/#\/schema\/person\/c83fc5b0d2024e3952c8bcb8d723e1ec\",\"name\":\"Cler Favela\",\"image\":{\"@type\":\"ImageObject\",\"inLanguage\":\"de\",\"@id\":\"https:\/\/www.mymallorcadiary.com\/de\/#\/schema\/person\/image\/\",\"url\":\"https:\/\/secure.gravatar.com\/avatar\/9b520d2a6465aad3c946650ad7c82d9765614bacbbeeb1c93428ac38a9feec55?s=96&d=mm&r=g\",\"contentUrl\":\"https:\/\/secure.gravatar.com\/avatar\/9b520d2a6465aad3c946650ad7c82d9765614bacbbeeb1c93428ac38a9feec55?s=96&d=mm&r=g\",\"caption\":\"Cler Favela\"},\"url\":\"https:\/\/www.mymallorcadiary.com\/de\/author\/cler-favela\/\"}]}<\/script>\n<!-- \/ Yoast SEO plugin. -->","yoast_head_json":{"title":"Die beste Gegend auf Mallorca f\u00fcr Familien im Jahr 2026","description":"Entdecken Sie die beste Gegend auf Mallorca f\u00fcr Familien. Finden Sie familienfreundliche Hotels, Ferienwohnungen und Villen f\u00fcr einen perfekten Urlaub mit Kindern.","robots":{"index":"index","follow":"follow","max-snippet":"max-snippet:-1","max-image-preview":"max-image-preview:large","max-video-preview":"max-video-preview:-1"},"canonical":"https:\/\/www.mymallorcadiary.com\/de\/die-beste-gegend-auf-mallorca-fuer-familien\/","og_locale":"de_DE","og_type":"article","og_title":"Die beste Gegend auf Mallorca f\u00fcr Familien im Jahr 2026","og_description":"Entdecken Sie die beste Gegend auf Mallorca f\u00fcr Familien. Finden Sie familienfreundliche Hotels, Ferienwohnungen und Villen f\u00fcr einen perfekten Urlaub mit Kindern.","og_url":"https:\/\/www.mymallorcadiary.com\/de\/die-beste-gegend-auf-mallorca-fuer-familien\/","og_site_name":"mymallorcadiary.com","article_published_time":"2026-02-16T15:49:05+00:00","article_modified_time":"2026-04-14T13:59:00+00:00","og_image":[{"width":1920,"height":1078,"url":"https:\/\/www.mymallorcadiary.com\/wp-content\/uploads\/2026\/02\/Playa-de-Muro.webp","type":"image\/webp"}],"author":"Cler Favela","twitter_card":"summary_large_image","twitter_misc":{"Verfasst von":"Cler Favela","Gesch\u00e4tzte Lesezeit":"26\u00a0Minuten"},"schema":{"@context":"https:\/\/schema.org","@graph":[{"@type":"WebPage","@id":"https:\/\/www.mymallorcadiary.com\/de\/die-beste-gegend-auf-mallorca-fuer-familien\/","url":"https:\/\/www.mymallorcadiary.com\/de\/die-beste-gegend-auf-mallorca-fuer-familien\/","name":"Die beste Gegend auf Mallorca f\u00fcr Familien im Jahr 2026","isPartOf":{"@id":"https:\/\/www.mymallorcadiary.com\/de\/#website"},"primaryImageOfPage":{"@id":"https:\/\/www.mymallorcadiary.com\/de\/die-beste-gegend-auf-mallorca-fuer-familien\/#primaryimage"},"image":{"@id":"https:\/\/www.mymallorcadiary.com\/de\/die-beste-gegend-auf-mallorca-fuer-familien\/#primaryimage"},"thumbnailUrl":"https:\/\/www.mymallorcadiary.com\/wp-content\/uploads\/2026\/02\/Santa-Ponsa.webp","datePublished":"2026-02-16T15:49:05+00:00","dateModified":"2026-04-14T13:59:00+00:00","author":{"@id":"https:\/\/www.mymallorcadiary.com\/de\/#\/schema\/person\/c83fc5b0d2024e3952c8bcb8d723e1ec"},"description":"Entdecken Sie die beste Gegend auf Mallorca f\u00fcr Familien. Finden Sie familienfreundliche Hotels, Ferienwohnungen und Villen f\u00fcr einen perfekten Urlaub mit Kindern.","breadcrumb":{"@id":"https:\/\/www.mymallorcadiary.com\/de\/die-beste-gegend-auf-mallorca-fuer-familien\/#breadcrumb"},"inLanguage":"de","potentialAction":[{"@type":"ReadAction","target":["https:\/\/www.mymallorcadiary.com\/de\/die-beste-gegend-auf-mallorca-fuer-familien\/"]}]},{"@type":"ImageObject","inLanguage":"de","@id":"https:\/\/www.mymallorcadiary.com\/de\/die-beste-gegend-auf-mallorca-fuer-familien\/#primaryimage","url":"https:\/\/www.mymallorcadiary.com\/wp-content\/uploads\/2026\/02\/Santa-Ponsa.webp","contentUrl":"https:\/\/www.mymallorcadiary.com\/wp-content\/uploads\/2026\/02\/Santa-Ponsa.webp"},{"@type":"BreadcrumbList","@id":"https:\/\/www.mymallorcadiary.com\/de\/die-beste-gegend-auf-mallorca-fuer-familien\/#breadcrumb","itemListElement":[{"@type":"ListItem","position":1,"name":"Portada","item":"https:\/\/www.mymallorcadiary.com\/de\/"},{"@type":"ListItem","position":2,"name":"Die beste Gegend auf Mallorca f\u00fcr Familien"}]},{"@type":"WebSite","@id":"https:\/\/www.mymallorcadiary.com\/de\/#website","url":"https:\/\/www.mymallorcadiary.com\/de\/","name":"mymallorcadiary.com","description":"The best Mallorcan tips","potentialAction":[{"@type":"SearchAction","target":{"@type":"EntryPoint","urlTemplate":"https:\/\/www.mymallorcadiary.com\/de\/?s={search_term_string}"},"query-input":{"@type":"PropertyValueSpecification","valueRequired":true,"valueName":"search_term_string"}}],"inLanguage":"de"},{"@type":"Person","@id":"https:\/\/www.mymallorcadiary.com\/de\/#\/schema\/person\/c83fc5b0d2024e3952c8bcb8d723e1ec","name":"Cler Favela","image":{"@type":"ImageObject","inLanguage":"de","@id":"https:\/\/www.mymallorcadiary.com\/de\/#\/schema\/person\/image\/","url":"https:\/\/secure.gravatar.com\/avatar\/9b520d2a6465aad3c946650ad7c82d9765614bacbbeeb1c93428ac38a9feec55?s=96&d=mm&r=g","contentUrl":"https:\/\/secure.gravatar.com\/avatar\/9b520d2a6465aad3c946650ad7c82d9765614bacbbeeb1c93428ac38a9feec55?s=96&d=mm&r=g","caption":"Cler Favela"},"url":"https:\/\/www.mymallorcadiary.com\/de\/author\/cler-favela\/"}]}},"modified_by":null,"yoast_meta":{"yoast_wpseo_title":"Die beste Gegend auf Mallorca f\u00fcr Familien im Jahr 2026","yoast_wpseo_metadesc":"Entdecken Sie die beste Gegend auf Mallorca f\u00fcr Familien. Finden Sie familienfreundliche Hotels, Ferienwohnungen und Villen f\u00fcr einen perfekten Urlaub mit Kindern.","yoast_wpseo_canonical":"https:\/\/www.mymallorcadiary.com\/de\/die-beste-gegend-auf-mallorca-fuer-familien\/"},"_links":{"self":[{"href":"https:\/\/www.mymallorcadiary.com\/de\/wp-json\/wp\/v2\/posts\/2789","targetHints":{"allow":["GET"]}}],"collection":[{"href":"https:\/\/www.mymallorcadiary.com\/de\/wp-json\/wp\/v2\/posts"}],"about":[{"href":"https:\/\/www.mymallorcadiary.com\/de\/wp-json\/wp\/v2\/types\/post"}],"author":[{"embeddable":true,"href":"https:\/\/www.mymallorcadiary.com\/de\/wp-json\/wp\/v2\/users\/3"}],"replies":[{"embeddable":true,"href":"https:\/\/www.mymallorcadiary.com\/de\/wp-json\/wp\/v2\/comments?post=2789"}],"version-history":[{"count":0,"href":"https:\/\/www.mymallorcadiary.com\/de\/wp-json\/wp\/v2\/posts\/2789\/revisions"}],"wp:attachment":[{"href":"https:\/\/www.mymallorcadiary.com\/de\/wp-json\/wp\/v2\/media?parent=2789"}],"wp:term":[{"taxonomy":"category","embeddable":true,"href":"https:\/\/www.mymallorcadiary.com\/de\/wp-json\/wp\/v2\/categories?post=2789"},{"taxonomy":"post_tag","embeddable":true,"href":"https:\/\/www.mymallorcadiary.com\/de\/wp-json\/wp\/v2\/tags?post=2789"}],"curies":[{"name":"wp","href":"https:\/\/api.w.org\/{rel}","templated":true}]}}