{"id":1730,"date":"2026-04-20T08:20:13","date_gmt":"2026-04-20T08:20:13","guid":{"rendered":"https:\/\/www.mymallorcadiary.com\/donde-alojarse-en-mallorca-con-familia-guia-completa\/"},"modified":"2026-03-13T08:16:23","modified_gmt":"2026-03-13T08:16:23","slug":"donde-alojarse-en-mallorca-con-la-familia-guia-completa","status":"publish","type":"post","link":"https:\/\/www.mymallorcadiary.com\/es\/donde-alojarse-en-mallorca-con-la-familia-guia-completa\/","title":{"rendered":"D\u00f3nde alojarse en Mallorca con la familia: Gu\u00eda completa"},"content":{"rendered":"<p data-start=\"128\" data-end=\"353\"><strong>\u00bfEst\u00e1s planeando unas vacaciones familiares en Mallorca?<\/strong>. <strong>\u00bfBuscas d\u00f3nde alojarte en Mallorca con la familia?.<\/strong> Est\u00e1s de suerte. La isla es uno de los destinos m\u00e1s familiares del Mediterr\u00e1neo, conocida por sus playas seguras, sus encantadores pueblos costeros y sus infinitas actividades para todas las edades.<\/p>\n<p data-start=\"355\" data-end=\"683\">Despu\u00e9s de vivir en Mallorca durante m\u00e1s de <strong data-start=\"394\" data-end=\"406\">10 a\u00f1os<\/strong>, hemos tenido la oportunidad de explorar la isla en profundidad y descubrir qu\u00e9 lugares son realmente los mejores para las familias. Desde tranquilas localidades costeras con playas de aguas poco profundas hasta animadas zonas con paseos mar\u00edtimos, restaurantes y actividades para ni\u00f1os, hemos disfrutado de muchos de estos lugares.<\/p>\n<p data-start=\"685\" data-end=\"979\">En esta gu\u00eda compartimos <strong data-start=\"714\" data-end=\"756\">nuestras recomendaciones personales<\/strong> como habitantes locales que conocen bien la isla. Tanto si buscas hoteles familiares, apartamentos espaciosos o villas privadas, estos son algunos de los mejores lugares donde alojarse en Mallorca con la familia para disfrutar de unas vacaciones c\u00f3modas e inolvidables.<\/p>\n<p data-start=\"516\" data-end=\"889\"><img decoding=\"async\" class=\"alignnone wp-image-1437 size-full\" src=\"https:\/\/www.mymallorcadiary.com\/wp-content\/uploads\/2026\/03\/where-to-stay-in-Mallorca-with-kids.webp\" alt=\"\" width=\"1920\" height=\"1078\" srcset=\"https:\/\/www.mymallorcadiary.com\/wp-content\/uploads\/2026\/03\/where-to-stay-in-Mallorca-with-kids.webp 1920w, https:\/\/www.mymallorcadiary.com\/wp-content\/uploads\/2026\/03\/where-to-stay-in-Mallorca-with-kids-300x168.webp 300w, https:\/\/www.mymallorcadiary.com\/wp-content\/uploads\/2026\/03\/where-to-stay-in-Mallorca-with-kids-1024x575.webp 1024w, https:\/\/www.mymallorcadiary.com\/wp-content\/uploads\/2026\/03\/where-to-stay-in-Mallorca-with-kids-768x431.webp 768w, https:\/\/www.mymallorcadiary.com\/wp-content\/uploads\/2026\/03\/where-to-stay-in-Mallorca-with-kids-1536x862.webp 1536w, https:\/\/www.mymallorcadiary.com\/wp-content\/uploads\/2026\/03\/where-to-stay-in-Mallorca-with-kids-696x391.webp 696w, https:\/\/www.mymallorcadiary.com\/wp-content\/uploads\/2026\/03\/where-to-stay-in-Mallorca-with-kids-1392x782.webp 1392w\" sizes=\"(max-width: 1920px) 100vw, 1920px\" \/><\/p>\n<div id=\"ez-toc-container\" class=\"ez-toc-v2_0_61 counter-hierarchy ez-toc-counter ez-toc-grey ez-toc-container-direction\">\n<div class=\"ez-toc-title-container\">\n<p class=\"ez-toc-title \" >Tabla de contenidos<\/p>\n<span class=\"ez-toc-title-toggle\"><a href=\"#\" class=\"ez-toc-pull-right ez-toc-btn ez-toc-btn-xs ez-toc-btn-default ez-toc-toggle\" aria-label=\"Toggle Table of Content\"><span class=\"ez-toc-js-icon-con\"><span class=\"\"><span class=\"eztoc-hide\" style=\"display:none;\">Toggle<\/span><span class=\"ez-toc-icon-toggle-span\"><svg style=\"fill: #999;color:#999\" xmlns=\"http:\/\/www.w3.org\/2000\/svg\" class=\"list-377408\" width=\"20px\" height=\"20px\" viewBox=\"0 0 24 24\" fill=\"none\"><path d=\"M6 6H4v2h2V6zm14 0H8v2h12V6zM4 11h2v2H4v-2zm16 0H8v2h12v-2zM4 16h2v2H4v-2zm16 0H8v2h12v-2z\" fill=\"currentColor\"><\/path><\/svg><svg style=\"fill: #999;color:#999\" class=\"arrow-unsorted-368013\" xmlns=\"http:\/\/www.w3.org\/2000\/svg\" width=\"10px\" height=\"10px\" viewBox=\"0 0 24 24\" version=\"1.2\" baseProfile=\"tiny\"><path d=\"M18.2 9.3l-6.2-6.3-6.2 6.3c-.2.2-.3.4-.3.7s.1.5.3.7c.2.2.4.3.7.3h11c.3 0 .5-.1.7-.3.2-.2.3-.5.3-.7s-.1-.5-.3-.7zM5.8 14.7l6.2 6.3 6.2-6.3c.2-.2.3-.5.3-.7s-.1-.5-.3-.7c-.2-.2-.4-.3-.7-.3h-11c-.3 0-.5.1-.7.3-.2.2-.3.5-.3.7s.1.5.3.7z\"\/><\/svg><\/span><\/span><\/span><\/a><\/span><\/div>\n<nav><ul class='ez-toc-list ez-toc-list-level-1 ' ><li class='ez-toc-page-1 ez-toc-heading-level-2'><a class=\"ez-toc-link ez-toc-heading-1\" href=\"https:\/\/www.mymallorcadiary.com\/es\/donde-alojarse-en-mallorca-con-la-familia-guia-completa\/#Playa_de_Palma_para_familias\" title=\"Playa de Palma para familias\">Playa de Palma para familias<\/a><ul class='ez-toc-list-level-3' ><li class='ez-toc-heading-level-3'><a class=\"ez-toc-link ez-toc-heading-2\" href=\"https:\/\/www.mymallorcadiary.com\/es\/donde-alojarse-en-mallorca-con-la-familia-guia-completa\/#Hoteles_en_Playa_de_Palma_para_familias_Nuestras_recomendaciones\" title=\"Hoteles en Playa de Palma para familias: Nuestras recomendaciones:\">Hoteles en Playa de Palma para familias: Nuestras recomendaciones:<\/a><ul class='ez-toc-list-level-4' ><li class='ez-toc-heading-level-4'><a class=\"ez-toc-link ez-toc-heading-3\" href=\"https:\/\/www.mymallorcadiary.com\/es\/donde-alojarse-en-mallorca-con-la-familia-guia-completa\/#Aubamar_Palma_Resort\" title=\"Aubamar Palma Resort\">Aubamar Palma Resort<\/a><\/li><li class='ez-toc-page-1 ez-toc-heading-level-4'><a class=\"ez-toc-link ez-toc-heading-4\" href=\"https:\/\/www.mymallorcadiary.com\/es\/donde-alojarse-en-mallorca-con-la-familia-guia-completa\/#Riu_Playa_Park_Todo_Incluido\" title=\"Riu Playa Park (Todo Incluido)\">Riu Playa Park (Todo Incluido)<\/a><\/li><li class='ez-toc-page-1 ez-toc-heading-level-4'><a class=\"ez-toc-link ez-toc-heading-5\" href=\"https:\/\/www.mymallorcadiary.com\/es\/donde-alojarse-en-mallorca-con-la-familia-guia-completa\/#Tent_Playa_de_Palma\" title=\"Tent Playa de Palma\">Tent Playa de Palma<\/a><\/li><\/ul><\/li><li class='ez-toc-page-1 ez-toc-heading-level-3'><a class=\"ez-toc-link ez-toc-heading-6\" href=\"https:\/\/www.mymallorcadiary.com\/es\/donde-alojarse-en-mallorca-con-la-familia-guia-completa\/#Villas_en_Playa_de_Palma_para_familias_Nuestras_recomendaciones\" title=\"Villas en Playa de Palma para familias: Nuestras recomendaciones:\">Villas en Playa de Palma para familias: Nuestras recomendaciones:<\/a><ul class='ez-toc-list-level-4' ><li class='ez-toc-heading-level-4'><a class=\"ez-toc-link ez-toc-heading-7\" href=\"https:\/\/www.mymallorcadiary.com\/es\/donde-alojarse-en-mallorca-con-la-familia-guia-completa\/#Villa_Marina\" title=\"Villa Marina\">Villa Marina<\/a><\/li><li class='ez-toc-page-1 ez-toc-heading-level-4'><a class=\"ez-toc-link ez-toc-heading-8\" href=\"https:\/\/www.mymallorcadiary.com\/es\/donde-alojarse-en-mallorca-con-la-familia-guia-completa\/#Villa_Playa_Felostal\" title=\"Villa Playa Felostal\">Villa Playa Felostal<\/a><\/li><li class='ez-toc-page-1 ez-toc-heading-level-4'><a class=\"ez-toc-link ez-toc-heading-9\" href=\"https:\/\/www.mymallorcadiary.com\/es\/donde-alojarse-en-mallorca-con-la-familia-guia-completa\/#Villa_Isabel\" title=\"Villa Isabel\">Villa Isabel<\/a><\/li><\/ul><\/li><\/ul><\/li><li class='ez-toc-page-1 ez-toc-heading-level-2'><a class=\"ez-toc-link ez-toc-heading-10\" href=\"https:\/\/www.mymallorcadiary.com\/es\/donde-alojarse-en-mallorca-con-la-familia-guia-completa\/#Santa_Ponsa_para_familias\" title=\"Santa Ponsa para familias\">Santa Ponsa para familias<\/a><ul class='ez-toc-list-level-3' ><li class='ez-toc-heading-level-3'><a class=\"ez-toc-link ez-toc-heading-11\" href=\"https:\/\/www.mymallorcadiary.com\/es\/donde-alojarse-en-mallorca-con-la-familia-guia-completa\/#Hoteles_en_Santa_Ponsa\" title=\"Hoteles en Santa Ponsa\">Hoteles en Santa Ponsa<\/a><\/li><li class='ez-toc-page-1 ez-toc-heading-level-3'><a class=\"ez-toc-link ez-toc-heading-12\" href=\"https:\/\/www.mymallorcadiary.com\/es\/donde-alojarse-en-mallorca-con-la-familia-guia-completa\/#Hoteles_en_Santa_Ponsa_para_familias_nuestras_recomendaciones\" title=\"Hoteles en Santa Ponsa para familias: nuestras recomendaciones:\">Hoteles en Santa Ponsa para familias: nuestras recomendaciones:<\/a><ul class='ez-toc-list-level-4' ><li class='ez-toc-heading-level-4'><a class=\"ez-toc-link ez-toc-heading-13\" href=\"https:\/\/www.mymallorcadiary.com\/es\/donde-alojarse-en-mallorca-con-la-familia-guia-completa\/#Kimpton_Aysla_Mallorca_by_IHG\" title=\"Kimpton Aysla Mallorca by IHG\">Kimpton Aysla Mallorca by IHG<\/a><\/li><li class='ez-toc-page-1 ez-toc-heading-level-4'><a class=\"ez-toc-link ez-toc-heading-14\" href=\"https:\/\/www.mymallorcadiary.com\/es\/donde-alojarse-en-mallorca-con-la-familia-guia-completa\/#Globales_Costa_de_la_Calma\" title=\"Globales Costa de la Calma\">Globales Costa de la Calma<\/a><\/li><li class='ez-toc-page-1 ez-toc-heading-level-4'><a class=\"ez-toc-link ez-toc-heading-15\" href=\"https:\/\/www.mymallorcadiary.com\/es\/donde-alojarse-en-mallorca-con-la-familia-guia-completa\/#Jutlandia_Family_Resort\" title=\"Jutlandia Family Resort\">Jutlandia Family Resort<\/a><\/li><li class='ez-toc-page-1 ez-toc-heading-level-4'><a class=\"ez-toc-link ez-toc-heading-16\" href=\"https:\/\/www.mymallorcadiary.com\/es\/donde-alojarse-en-mallorca-con-la-familia-guia-completa\/#Aparthotel_Holiday_Center\" title=\"Aparthotel Holiday Center\">Aparthotel Holiday Center<\/a><\/li><\/ul><\/li><li class='ez-toc-page-1 ez-toc-heading-level-3'><a class=\"ez-toc-link ez-toc-heading-17\" href=\"https:\/\/www.mymallorcadiary.com\/es\/donde-alojarse-en-mallorca-con-la-familia-guia-completa\/#Villas_en_Santa_Ponsa_para_familias_nuestras_recomendaciones\" title=\"Villas en Santa Ponsa para familias: nuestras recomendaciones:\">Villas en Santa Ponsa para familias: nuestras recomendaciones:<\/a><ul class='ez-toc-list-level-4' ><li class='ez-toc-heading-level-4'><a class=\"ez-toc-link ez-toc-heading-18\" href=\"https:\/\/www.mymallorcadiary.com\/es\/donde-alojarse-en-mallorca-con-la-familia-guia-completa\/#Villa_Colibri\" title=\"Villa Colibr\u00ed\">Villa Colibr\u00ed<\/a><\/li><li class='ez-toc-page-1 ez-toc-heading-level-4'><a class=\"ez-toc-link ez-toc-heading-19\" href=\"https:\/\/www.mymallorcadiary.com\/es\/donde-alojarse-en-mallorca-con-la-familia-guia-completa\/#Villa_Monsita\" title=\"Villa Monsita\">Villa Monsita<\/a><\/li><li class='ez-toc-page-1 ez-toc-heading-level-4'><a class=\"ez-toc-link ez-toc-heading-20\" href=\"https:\/\/www.mymallorcadiary.com\/es\/donde-alojarse-en-mallorca-con-la-familia-guia-completa\/#Villa_Costa_Calma\" title=\"Villa Costa Calma\">Villa Costa Calma<\/a><\/li><\/ul><\/li><\/ul><\/li><li class='ez-toc-page-1 ez-toc-heading-level-2'><a class=\"ez-toc-link ez-toc-heading-21\" href=\"https:\/\/www.mymallorcadiary.com\/es\/donde-alojarse-en-mallorca-con-la-familia-guia-completa\/#Alcudia_para_familias\" title=\"Alcudia para familias\">Alcudia para familias<\/a><ul class='ez-toc-list-level-3' ><li class='ez-toc-heading-level-3'><a class=\"ez-toc-link ez-toc-heading-22\" href=\"https:\/\/www.mymallorcadiary.com\/es\/donde-alojarse-en-mallorca-con-la-familia-guia-completa\/#Hoteles_en_Alcudia_para_familias\" title=\"Hoteles en Alcudia para familias\">Hoteles en Alcudia para familias<\/a><\/li><li class='ez-toc-page-1 ez-toc-heading-level-3'><a class=\"ez-toc-link ez-toc-heading-23\" href=\"https:\/\/www.mymallorcadiary.com\/es\/donde-alojarse-en-mallorca-con-la-familia-guia-completa\/#Hoteles_en_Alcudia_para_familias_nuestras_recomendaciones\" title=\"Hoteles en Alc\u00fadia para familias: nuestras recomendaciones:\">Hoteles en Alc\u00fadia para familias: nuestras recomendaciones:<\/a><ul class='ez-toc-list-level-4' ><li class='ez-toc-heading-level-4'><a class=\"ez-toc-link ez-toc-heading-24\" href=\"https:\/\/www.mymallorcadiary.com\/es\/donde-alojarse-en-mallorca-con-la-familia-guia-completa\/#Innside_by_Melia_Alcudia\" title=\"Innside by Meli\u00e1 Alcudia\">Innside by Meli\u00e1 Alcudia<\/a><\/li><li class='ez-toc-page-1 ez-toc-heading-level-4'><a class=\"ez-toc-link ez-toc-heading-25\" href=\"https:\/\/www.mymallorcadiary.com\/es\/donde-alojarse-en-mallorca-con-la-familia-guia-completa\/#Hotel_More\" title=\"Hotel Mor\u00e9\">Hotel Mor\u00e9<\/a><\/li><li class='ez-toc-page-1 ez-toc-heading-level-4'><a class=\"ez-toc-link ez-toc-heading-26\" href=\"https:\/\/www.mymallorcadiary.com\/es\/donde-alojarse-en-mallorca-con-la-familia-guia-completa\/#Grupotel_Port_dAlcudia\" title=\"Grupotel Port d&#8217;Alc\u00fadia\">Grupotel Port d&#8217;Alc\u00fadia<\/a><\/li><li class='ez-toc-page-1 ez-toc-heading-level-4'><a class=\"ez-toc-link ez-toc-heading-27\" href=\"https:\/\/www.mymallorcadiary.com\/es\/donde-alojarse-en-mallorca-con-la-familia-guia-completa\/#Hotel_Ivory_Playa_Sports_Spa\" title=\"Hotel Ivory Playa (Sports &amp; Spa)\">Hotel Ivory Playa (Sports &amp; Spa)<\/a><\/li><\/ul><\/li><li class='ez-toc-page-1 ez-toc-heading-level-3'><a class=\"ez-toc-link ez-toc-heading-28\" href=\"https:\/\/www.mymallorcadiary.com\/es\/donde-alojarse-en-mallorca-con-la-familia-guia-completa\/#Villas_en_Alcudia_para_familias_nuestras_recomendaciones\" title=\"Villas en Alcudia para familias: nuestras recomendaciones:\">Villas en Alcudia para familias: nuestras recomendaciones:<\/a><ul class='ez-toc-list-level-4' ><li class='ez-toc-heading-level-4'><a class=\"ez-toc-link ez-toc-heading-29\" href=\"https:\/\/www.mymallorcadiary.com\/es\/donde-alojarse-en-mallorca-con-la-familia-guia-completa\/#Villa_PAM_ALYA_Casa_de_playa_con_piscina_y_jacuzzi\" title=\"Villa PAM, ALYA Casa de playa con piscina y jacuzzi\">Villa PAM, ALYA Casa de playa con piscina y jacuzzi<\/a><\/li><li class='ez-toc-page-1 ez-toc-heading-level-4'><a class=\"ez-toc-link ez-toc-heading-30\" href=\"https:\/\/www.mymallorcadiary.com\/es\/donde-alojarse-en-mallorca-con-la-familia-guia-completa\/#Es_Fasser\" title=\"Es Fasser\">Es Fasser<\/a><\/li><li class='ez-toc-page-1 ez-toc-heading-level-4'><a class=\"ez-toc-link ez-toc-heading-31\" href=\"https:\/\/www.mymallorcadiary.com\/es\/donde-alojarse-en-mallorca-con-la-familia-guia-completa\/#Villa_Son_Fe\" title=\"Villa Son Fe\">Villa Son Fe<\/a><\/li><\/ul><\/li><\/ul><\/li><li class='ez-toc-page-1 ez-toc-heading-level-2'><a class=\"ez-toc-link ez-toc-heading-32\" href=\"https:\/\/www.mymallorcadiary.com\/es\/donde-alojarse-en-mallorca-con-la-familia-guia-completa\/#Cala_dOr_para_familias\" title=\"Cala d\u2019Or para familias\">Cala d\u2019Or para familias<\/a><ul class='ez-toc-list-level-3' ><li class='ez-toc-heading-level-3'><a class=\"ez-toc-link ez-toc-heading-33\" href=\"https:\/\/www.mymallorcadiary.com\/es\/donde-alojarse-en-mallorca-con-la-familia-guia-completa\/#Hoteles_en_Cala_dOr_para_familias\" title=\"Hoteles en Cala d&#8217;Or para familias\">Hoteles en Cala d&#8217;Or para familias<\/a><\/li><li class='ez-toc-page-1 ez-toc-heading-level-3'><a class=\"ez-toc-link ez-toc-heading-34\" href=\"https:\/\/www.mymallorcadiary.com\/es\/donde-alojarse-en-mallorca-con-la-familia-guia-completa\/#Hoteles_en_Cala_dOr_para_familias_nuestras_recomendaciones\" title=\"Hoteles en Cala d&#8217;Or para familias: nuestras recomendaciones:\">Hoteles en Cala d&#8217;Or para familias: nuestras recomendaciones:<\/a><ul class='ez-toc-list-level-4' ><li class='ez-toc-heading-level-4'><a class=\"ez-toc-link ez-toc-heading-35\" href=\"https:\/\/www.mymallorcadiary.com\/es\/donde-alojarse-en-mallorca-con-la-familia-guia-completa\/#Melia_Cala_DOr_Boutique_Hotel\" title=\"Meli\u00e1 Cala D&#8217;Or Boutique Hotel\">Meli\u00e1 Cala D&#8217;Or Boutique Hotel<\/a><\/li><li class='ez-toc-page-1 ez-toc-heading-level-4'><a class=\"ez-toc-link ez-toc-heading-36\" href=\"https:\/\/www.mymallorcadiary.com\/es\/donde-alojarse-en-mallorca-con-la-familia-guia-completa\/#MarSenses_Ferrera_Blanca_Hotel_Family\" title=\"MarSenses Ferrera Blanca Hotel Family\">MarSenses Ferrera Blanca Hotel Family<\/a><\/li><li class='ez-toc-page-1 ez-toc-heading-level-4'><a class=\"ez-toc-link ez-toc-heading-37\" href=\"https:\/\/www.mymallorcadiary.com\/es\/donde-alojarse-en-mallorca-con-la-familia-guia-completa\/#Inturotel_Esmeralda_Park\" title=\"Inturotel Esmeralda Park\">Inturotel Esmeralda Park<\/a><\/li><li class='ez-toc-page-1 ez-toc-heading-level-4'><a class=\"ez-toc-link ez-toc-heading-38\" href=\"https:\/\/www.mymallorcadiary.com\/es\/donde-alojarse-en-mallorca-con-la-familia-guia-completa\/#OLA_Apartamentos_Cala_dOr\" title=\"OLA Apartamentos Cala d&#8217;Or\">OLA Apartamentos Cala d&#8217;Or<\/a><\/li><\/ul><\/li><li class='ez-toc-page-1 ez-toc-heading-level-3'><a class=\"ez-toc-link ez-toc-heading-39\" href=\"https:\/\/www.mymallorcadiary.com\/es\/donde-alojarse-en-mallorca-con-la-familia-guia-completa\/#Villas_en_Cala_Dor_para_familias_nuestras_recomendaciones\" title=\"Villas en Cala Do&#8217;r para familias: nuestras recomendaciones:\">Villas en Cala Do&#8217;r para familias: nuestras recomendaciones:<\/a><ul class='ez-toc-list-level-4' ><li class='ez-toc-heading-level-4'><a class=\"ez-toc-link ez-toc-heading-40\" href=\"https:\/\/www.mymallorcadiary.com\/es\/donde-alojarse-en-mallorca-con-la-familia-guia-completa\/#La_Chamade_Cala_dOr\" title=\"La Chamade Cala d\u2019Or\">La Chamade Cala d\u2019Or<\/a><\/li><li class='ez-toc-page-1 ez-toc-heading-level-4'><a class=\"ez-toc-link ez-toc-heading-41\" href=\"https:\/\/www.mymallorcadiary.com\/es\/donde-alojarse-en-mallorca-con-la-familia-guia-completa\/#Villa_Cala_Esmeralda\" title=\"Villa Cala Esmeralda\">Villa Cala Esmeralda<\/a><\/li><li class='ez-toc-page-1 ez-toc-heading-level-4'><a class=\"ez-toc-link ez-toc-heading-42\" href=\"https:\/\/www.mymallorcadiary.com\/es\/donde-alojarse-en-mallorca-con-la-familia-guia-completa\/#Villa_Costa_Eugenia\" title=\"Villa Costa Eugenia\">Villa Costa Eugenia<\/a><\/li><\/ul><\/li><\/ul><\/li><li class='ez-toc-page-1 ez-toc-heading-level-2'><a class=\"ez-toc-link ez-toc-heading-43\" href=\"https:\/\/www.mymallorcadiary.com\/es\/donde-alojarse-en-mallorca-con-la-familia-guia-completa\/#%C2%BFComo_elegir_donde_alojarse_en_Mallorca_para_tus_vacaciones_familiares\" title=\"\u00bfC\u00f3mo elegir d\u00f3nde alojarse en Mallorca para tus vacaciones familiares?\">\u00bfC\u00f3mo elegir d\u00f3nde alojarse en Mallorca para tus vacaciones familiares?<\/a><\/li><li class='ez-toc-page-1 ez-toc-heading-level-2'><a class=\"ez-toc-link ez-toc-heading-44\" href=\"https:\/\/www.mymallorcadiary.com\/es\/donde-alojarse-en-mallorca-con-la-familia-guia-completa\/#Consejos_adicionales_para_alojarse_en_Mallorca_con_la_familia\" title=\"Consejos adicionales para alojarse en Mallorca con la familia\">Consejos adicionales para alojarse en Mallorca con la familia<\/a><ul class='ez-toc-list-level-3' ><li class='ez-toc-heading-level-3'><a class=\"ez-toc-link ez-toc-heading-45\" href=\"https:\/\/www.mymallorcadiary.com\/es\/donde-alojarse-en-mallorca-con-la-familia-guia-completa\/#%E2%9C%94_Considera_alquilar_un_coche\" title=\"\u2714 Considera alquilar un coche\">\u2714 Considera alquilar un coche<\/a><\/li><li class='ez-toc-page-1 ez-toc-heading-level-3'><a class=\"ez-toc-link ez-toc-heading-46\" href=\"https:\/\/www.mymallorcadiary.com\/es\/donde-alojarse-en-mallorca-con-la-familia-guia-completa\/#%E2%9C%94_Reserva_cerca_de_la_playa\" title=\"\u2714 Reserva cerca de la playa\">\u2714 Reserva cerca de la playa<\/a><\/li><li class='ez-toc-page-1 ez-toc-heading-level-3'><a class=\"ez-toc-link ez-toc-heading-47\" href=\"https:\/\/www.mymallorcadiary.com\/es\/donde-alojarse-en-mallorca-con-la-familia-guia-completa\/#%E2%9C%94_Planifica_tus_dias_con_antelacion\" title=\"\u2714 Planifica tus d\u00edas con antelaci\u00f3n\">\u2714 Planifica tus d\u00edas con antelaci\u00f3n<\/a><\/li><li class='ez-toc-page-1 ez-toc-heading-level-3'><a class=\"ez-toc-link ez-toc-heading-48\" href=\"https:\/\/www.mymallorcadiary.com\/es\/donde-alojarse-en-mallorca-con-la-familia-guia-completa\/#%E2%9C%94_Intenta_reservar_con_antelacion_para_los_viajes_de_verano\" title=\"\u2714 Intenta reservar con antelaci\u00f3n para los viajes de verano\">\u2714 Intenta reservar con antelaci\u00f3n para los viajes de verano<\/a><\/li><\/ul><\/li><li class='ez-toc-page-1 ez-toc-heading-level-2'><a class=\"ez-toc-link ez-toc-heading-49\" href=\"https:\/\/www.mymallorcadiary.com\/es\/donde-alojarse-en-mallorca-con-la-familia-guia-completa\/#Preguntas_frecuentes_%C2%BFDonde_alojarse_en_Mallorca_con_la_familia\" title=\"Preguntas frecuentes: \u00bfD\u00f3nde alojarse en Mallorca con la familia?\">Preguntas frecuentes: \u00bfD\u00f3nde alojarse en Mallorca con la familia?<\/a><ul class='ez-toc-list-level-3' ><li class='ez-toc-heading-level-3'><a class=\"ez-toc-link ez-toc-heading-50\" href=\"https:\/\/www.mymallorcadiary.com\/es\/donde-alojarse-en-mallorca-con-la-familia-guia-completa\/#%C2%BFEs_Mallorca_un_buen_destino_para_unas_vacaciones_en_familia\" title=\"\u00bfEs Mallorca un buen destino para unas vacaciones en familia? \n\">\u00bfEs Mallorca un buen destino para unas vacaciones en familia? \n<\/a><\/li><li class='ez-toc-page-1 ez-toc-heading-level-3'><a class=\"ez-toc-link ez-toc-heading-51\" href=\"https:\/\/www.mymallorcadiary.com\/es\/donde-alojarse-en-mallorca-con-la-familia-guia-completa\/#%C2%BFQue_parte_de_Mallorca_es_la_mejor_para_las_familias\" title=\"\u00bfQu\u00e9 parte de Mallorca es la mejor para las familias? \n\">\u00bfQu\u00e9 parte de Mallorca es la mejor para las familias? \n<\/a><\/li><li class='ez-toc-page-1 ez-toc-heading-level-3'><a class=\"ez-toc-link ez-toc-heading-52\" href=\"https:\/\/www.mymallorcadiary.com\/es\/donde-alojarse-en-mallorca-con-la-familia-guia-completa\/#%C2%BFLas_familias_necesitan_un_coche_en_Mallorca\" title=\"\u00bfLas familias necesitan un coche en Mallorca? \n\">\u00bfLas familias necesitan un coche en Mallorca? \n<\/a><\/li><\/ul><\/li><\/ul><\/nav><\/div>\n<h2 data-start=\"516\" data-end=\"889\"><span class=\"ez-toc-section\" id=\"Playa_de_Palma_para_familias\"><\/span><strong><span class=\"hover:entity-accent entity-underline inline cursor-pointer align-baseline\"><span class=\"whitespace-normal\">Playa de Palma<\/span><\/span> para familias<\/strong><span class=\"ez-toc-section-end\"><\/span><\/h2>\n<p><strong>Playa de Palma es una larga playa de arena de suave pendiente que se extiende a lo largo de casi 6 km por la bah\u00eda de Palma, con aguas tranquilas y poco profundas del Mediterr\u00e1neo y un amplio paseo mar\u00edtimo bordeado de palmeras, perfecto para pasear, montar en bicicleta o en patinete con los ni\u00f1os<\/strong>. La arena suave y el mar tranquilo la hacen ideal para nadar y construir castillos de arena, mientras que las instalaciones de la playa, como tumbonas, sombrillas, duchas y cafeter\u00edas cercanas, a\u00f1aden comodidad para las familias. A lo largo del paseo mar\u00edtimo tambi\u00e9n encontrar\u00e1 restaurantes, helader\u00edas y zonas de juegos infantiles.<\/p>\n<p>La zona est\u00e1 bien comunicada por transporte y cerca de atracciones familiares como el Palma Aquarium, que cuenta con docenas de especies marinas y uno de los tanques de tiburones m\u00e1s profundos de Europa, una visita divertida para los ni\u00f1os. Adem\u00e1s, hay muchas opciones para hacer excursiones de un d\u00eda desde Playa de Palma, desde alquiler de equipos para deportes acu\u00e1ticos y paseos en barco hasta grandes parques acu\u00e1ticos en la isla y excursiones por la naturaleza en Mallorca.<\/p>\n<h3 data-start=\"1499\" data-end=\"1537\"><span class=\"ez-toc-section\" id=\"Hoteles_en_Playa_de_Palma_para_familias_Nuestras_recomendaciones\"><\/span><strong>Hoteles en Playa de Palma para familias: Nuestras recomendaciones:<\/strong><span class=\"ez-toc-section-end\"><\/span><\/h3>\n<h4><span class=\"ez-toc-section\" id=\"Aubamar_Palma_Resort\"><\/span><strong data-start=\"182\" data-end=\"223\"><span class=\"hover:entity-accent entity-underline inline cursor-pointer align-baseline\"><span class=\"whitespace-normal\">Aubamar Palma Resort<\/span><\/span><\/strong><span class=\"ez-toc-section-end\"><\/span><\/h4>\n<div id='gallery-1' class='gallery galleryid-1730 gallery-columns-2 gallery-size-full'><figure class='gallery-item'>\n\t\t\t<div class='gallery-icon landscape'>\n\t\t\t\t<a href='https:\/\/www.mymallorcadiary.com\/wp-content\/uploads\/2026\/02\/Luxury-boutique-resort-in-Palma.webp'><img decoding=\"async\" width=\"1920\" height=\"1078\" src=\"https:\/\/www.mymallorcadiary.com\/wp-content\/uploads\/2026\/02\/Luxury-boutique-resort-in-Palma.webp\" class=\"attachment-full size-full\" alt=\"\" srcset=\"https:\/\/www.mymallorcadiary.com\/wp-content\/uploads\/2026\/02\/Luxury-boutique-resort-in-Palma.webp 1920w, https:\/\/www.mymallorcadiary.com\/wp-content\/uploads\/2026\/02\/Luxury-boutique-resort-in-Palma-300x168.webp 300w, https:\/\/www.mymallorcadiary.com\/wp-content\/uploads\/2026\/02\/Luxury-boutique-resort-in-Palma-1024x575.webp 1024w, https:\/\/www.mymallorcadiary.com\/wp-content\/uploads\/2026\/02\/Luxury-boutique-resort-in-Palma-768x431.webp 768w, https:\/\/www.mymallorcadiary.com\/wp-content\/uploads\/2026\/02\/Luxury-boutique-resort-in-Palma-1536x862.webp 1536w, https:\/\/www.mymallorcadiary.com\/wp-content\/uploads\/2026\/02\/Luxury-boutique-resort-in-Palma-696x391.webp 696w, https:\/\/www.mymallorcadiary.com\/wp-content\/uploads\/2026\/02\/Luxury-boutique-resort-in-Palma-1392x782.webp 1392w\" sizes=\"(max-width: 1920px) 100vw, 1920px\" \/><\/a>\n\t\t\t<\/div><\/figure><figure class='gallery-item'>\n\t\t\t<div class='gallery-icon landscape'>\n\t\t\t\t<a href='https:\/\/www.mymallorcadiary.com\/wp-content\/uploads\/2026\/02\/Boutique-resort-in-Mallorca.webp'><img decoding=\"async\" width=\"1920\" height=\"1078\" src=\"https:\/\/www.mymallorcadiary.com\/wp-content\/uploads\/2026\/02\/Boutique-resort-in-Mallorca.webp\" class=\"attachment-full size-full\" alt=\"\" srcset=\"https:\/\/www.mymallorcadiary.com\/wp-content\/uploads\/2026\/02\/Boutique-resort-in-Mallorca.webp 1920w, https:\/\/www.mymallorcadiary.com\/wp-content\/uploads\/2026\/02\/Boutique-resort-in-Mallorca-300x168.webp 300w, https:\/\/www.mymallorcadiary.com\/wp-content\/uploads\/2026\/02\/Boutique-resort-in-Mallorca-1024x575.webp 1024w, https:\/\/www.mymallorcadiary.com\/wp-content\/uploads\/2026\/02\/Boutique-resort-in-Mallorca-768x431.webp 768w, https:\/\/www.mymallorcadiary.com\/wp-content\/uploads\/2026\/02\/Boutique-resort-in-Mallorca-1536x862.webp 1536w, https:\/\/www.mymallorcadiary.com\/wp-content\/uploads\/2026\/02\/Boutique-resort-in-Mallorca-696x391.webp 696w, https:\/\/www.mymallorcadiary.com\/wp-content\/uploads\/2026\/02\/Boutique-resort-in-Mallorca-1392x782.webp 1392w\" sizes=\"(max-width: 1920px) 100vw, 1920px\" \/><\/a>\n\t\t\t<\/div><\/figure><figure class='gallery-item'>\n\t\t\t<div class='gallery-icon landscape'>\n\t\t\t\t<a href='https:\/\/www.mymallorcadiary.com\/wp-content\/uploads\/2026\/02\/Luxury-boutique-resort-in-Mallorca.webp'><img decoding=\"async\" width=\"1920\" height=\"1078\" src=\"https:\/\/www.mymallorcadiary.com\/wp-content\/uploads\/2026\/02\/Luxury-boutique-resort-in-Mallorca.webp\" class=\"attachment-full size-full\" alt=\"\" srcset=\"https:\/\/www.mymallorcadiary.com\/wp-content\/uploads\/2026\/02\/Luxury-boutique-resort-in-Mallorca.webp 1920w, https:\/\/www.mymallorcadiary.com\/wp-content\/uploads\/2026\/02\/Luxury-boutique-resort-in-Mallorca-300x168.webp 300w, https:\/\/www.mymallorcadiary.com\/wp-content\/uploads\/2026\/02\/Luxury-boutique-resort-in-Mallorca-1024x575.webp 1024w, https:\/\/www.mymallorcadiary.com\/wp-content\/uploads\/2026\/02\/Luxury-boutique-resort-in-Mallorca-768x431.webp 768w, https:\/\/www.mymallorcadiary.com\/wp-content\/uploads\/2026\/02\/Luxury-boutique-resort-in-Mallorca-1536x862.webp 1536w, https:\/\/www.mymallorcadiary.com\/wp-content\/uploads\/2026\/02\/Luxury-boutique-resort-in-Mallorca-696x391.webp 696w, https:\/\/www.mymallorcadiary.com\/wp-content\/uploads\/2026\/02\/Luxury-boutique-resort-in-Mallorca-1392x782.webp 1392w\" sizes=\"(max-width: 1920px) 100vw, 1920px\" \/><\/a>\n\t\t\t<\/div><\/figure><figure class='gallery-item'>\n\t\t\t<div class='gallery-icon landscape'>\n\t\t\t\t<a href='https:\/\/www.mymallorcadiary.com\/wp-content\/uploads\/2026\/02\/Luxury-resort-in-Playa-de-Palma.webp'><img decoding=\"async\" width=\"1920\" height=\"1078\" src=\"https:\/\/www.mymallorcadiary.com\/wp-content\/uploads\/2026\/02\/Luxury-resort-in-Playa-de-Palma.webp\" class=\"attachment-full size-full\" alt=\"\" srcset=\"https:\/\/www.mymallorcadiary.com\/wp-content\/uploads\/2026\/02\/Luxury-resort-in-Playa-de-Palma.webp 1920w, https:\/\/www.mymallorcadiary.com\/wp-content\/uploads\/2026\/02\/Luxury-resort-in-Playa-de-Palma-300x168.webp 300w, https:\/\/www.mymallorcadiary.com\/wp-content\/uploads\/2026\/02\/Luxury-resort-in-Playa-de-Palma-1024x575.webp 1024w, https:\/\/www.mymallorcadiary.com\/wp-content\/uploads\/2026\/02\/Luxury-resort-in-Playa-de-Palma-768x431.webp 768w, https:\/\/www.mymallorcadiary.com\/wp-content\/uploads\/2026\/02\/Luxury-resort-in-Playa-de-Palma-1536x862.webp 1536w, https:\/\/www.mymallorcadiary.com\/wp-content\/uploads\/2026\/02\/Luxury-resort-in-Playa-de-Palma-696x391.webp 696w, https:\/\/www.mymallorcadiary.com\/wp-content\/uploads\/2026\/02\/Luxury-resort-in-Playa-de-Palma-1392x782.webp 1392w\" sizes=\"(max-width: 1920px) 100vw, 1920px\" \/><\/a>\n\t\t\t<\/div><\/figure>\n\t\t<\/div>\n\n<p data-start=\"96\" data-end=\"399\">Fotos via aubamar.com<\/p>\n<p data-start=\"96\" data-end=\"399\">Aubamar Palma Resort es un lujoso hotel boutique de 5 estrellas situado en <strong data-start=\"153\" data-end=\"171\">Playa de Palma<\/strong>, a pocos minutos a pie de la playa y a unos 15 minutos en coche del centro hist\u00f3rico de Palma. El hotel ofrece habitaciones elegantes y contempor\u00e1neas, dise\u00f1adas para el confort y el relax, muchas de ellas con balc\u00f3n privado.<\/p>\n<p data-start=\"401\" data-end=\"692\">El hotel cuenta con varias piscinas al aire libre, terrazas para tomar el sol y un restaurante que sirve cocina mediterr\u00e1nea e internacional. Sus instalaciones y amplias zonas comunes lo convierten en un c\u00f3modo punto de partida para los viajeros que desean combinar el disfrute de la playa con un f\u00e1cil acceso a las atracciones culturales de Palma.<\/p>\n<p data-start=\"694\" data-end=\"921\">Gracias a su ubicaci\u00f3n, los hu\u00e9spedes pueden explorar f\u00e1cilmente la extensa playa de arena de Playa de Palma, el paseo mar\u00edtimo con restaurantes y cafeter\u00edas, o visitar el <strong data-start=\"744\" data-end=\"781\">casco antiguo de Palma<\/strong>, conocido por su catedral, sus calles hist\u00f3ricas y su animada oferta gastron\u00f3mica.<\/p>\n<p data-start=\"694\" data-end=\"921\"><strong>Enlace para ver m\u00e1s detalles y reservar:<\/strong> <strong><a href=\"https:\/\/booking.stay22.com\/likexpats\/MwK2mDQyWe\" target=\"_blank\" rel=\"noopener\">Aubamar Palma Resort<\/a><\/strong><\/p>\n<h4 data-start=\"475\" data-end=\"697\"><span class=\"ez-toc-section\" id=\"Riu_Playa_Park_Todo_Incluido\"><\/span><strong data-start=\"475\" data-end=\"516\"><span class=\"hover:entity-accent entity-underline inline cursor-pointer align-baseline\"><span class=\"whitespace-normal\">Riu Playa Park<\/span><\/span> <\/strong><strong>(Todo Incluido)<\/strong><span class=\"ez-toc-section-end\"><\/span><\/h4>\n<div id='gallery-2' class='gallery galleryid-1730 gallery-columns-2 gallery-size-full'><figure class='gallery-item'>\n\t\t\t<div class='gallery-icon landscape'>\n\t\t\t\t<a href='https:\/\/www.mymallorcadiary.com\/wp-content\/uploads\/2026\/02\/All-inclusive-resort-for-families-in-Mallorca.webp'><img decoding=\"async\" width=\"1920\" height=\"1078\" src=\"https:\/\/www.mymallorcadiary.com\/wp-content\/uploads\/2026\/02\/All-inclusive-resort-for-families-in-Mallorca.webp\" class=\"attachment-full size-full\" alt=\"\" srcset=\"https:\/\/www.mymallorcadiary.com\/wp-content\/uploads\/2026\/02\/All-inclusive-resort-for-families-in-Mallorca.webp 1920w, https:\/\/www.mymallorcadiary.com\/wp-content\/uploads\/2026\/02\/All-inclusive-resort-for-families-in-Mallorca-300x168.webp 300w, https:\/\/www.mymallorcadiary.com\/wp-content\/uploads\/2026\/02\/All-inclusive-resort-for-families-in-Mallorca-1024x575.webp 1024w, https:\/\/www.mymallorcadiary.com\/wp-content\/uploads\/2026\/02\/All-inclusive-resort-for-families-in-Mallorca-768x431.webp 768w, https:\/\/www.mymallorcadiary.com\/wp-content\/uploads\/2026\/02\/All-inclusive-resort-for-families-in-Mallorca-1536x862.webp 1536w, https:\/\/www.mymallorcadiary.com\/wp-content\/uploads\/2026\/02\/All-inclusive-resort-for-families-in-Mallorca-696x391.webp 696w, https:\/\/www.mymallorcadiary.com\/wp-content\/uploads\/2026\/02\/All-inclusive-resort-for-families-in-Mallorca-1392x782.webp 1392w\" sizes=\"(max-width: 1920px) 100vw, 1920px\" \/><\/a>\n\t\t\t<\/div><\/figure><figure class='gallery-item'>\n\t\t\t<div class='gallery-icon landscape'>\n\t\t\t\t<a href='https:\/\/www.mymallorcadiary.com\/wp-content\/uploads\/2026\/02\/Hotel-for-families-in-Playa-de-Palma.webp'><img decoding=\"async\" width=\"1920\" height=\"1078\" src=\"https:\/\/www.mymallorcadiary.com\/wp-content\/uploads\/2026\/02\/Hotel-for-families-in-Playa-de-Palma.webp\" class=\"attachment-full size-full\" alt=\"\" srcset=\"https:\/\/www.mymallorcadiary.com\/wp-content\/uploads\/2026\/02\/Hotel-for-families-in-Playa-de-Palma.webp 1920w, https:\/\/www.mymallorcadiary.com\/wp-content\/uploads\/2026\/02\/Hotel-for-families-in-Playa-de-Palma-300x168.webp 300w, https:\/\/www.mymallorcadiary.com\/wp-content\/uploads\/2026\/02\/Hotel-for-families-in-Playa-de-Palma-1024x575.webp 1024w, https:\/\/www.mymallorcadiary.com\/wp-content\/uploads\/2026\/02\/Hotel-for-families-in-Playa-de-Palma-768x431.webp 768w, https:\/\/www.mymallorcadiary.com\/wp-content\/uploads\/2026\/02\/Hotel-for-families-in-Playa-de-Palma-1536x862.webp 1536w, https:\/\/www.mymallorcadiary.com\/wp-content\/uploads\/2026\/02\/Hotel-for-families-in-Playa-de-Palma-696x391.webp 696w, https:\/\/www.mymallorcadiary.com\/wp-content\/uploads\/2026\/02\/Hotel-for-families-in-Playa-de-Palma-1392x782.webp 1392w\" sizes=\"(max-width: 1920px) 100vw, 1920px\" \/><\/a>\n\t\t\t<\/div><\/figure><figure class='gallery-item'>\n\t\t\t<div class='gallery-icon landscape'>\n\t\t\t\t<a href='https:\/\/www.mymallorcadiary.com\/wp-content\/uploads\/2026\/02\/All-inclusive-hotel-for-families-in-Mallorca.webp'><img decoding=\"async\" width=\"1920\" height=\"1078\" src=\"https:\/\/www.mymallorcadiary.com\/wp-content\/uploads\/2026\/02\/All-inclusive-hotel-for-families-in-Mallorca.webp\" class=\"attachment-full size-full\" alt=\"\" srcset=\"https:\/\/www.mymallorcadiary.com\/wp-content\/uploads\/2026\/02\/All-inclusive-hotel-for-families-in-Mallorca.webp 1920w, https:\/\/www.mymallorcadiary.com\/wp-content\/uploads\/2026\/02\/All-inclusive-hotel-for-families-in-Mallorca-300x168.webp 300w, https:\/\/www.mymallorcadiary.com\/wp-content\/uploads\/2026\/02\/All-inclusive-hotel-for-families-in-Mallorca-1024x575.webp 1024w, https:\/\/www.mymallorcadiary.com\/wp-content\/uploads\/2026\/02\/All-inclusive-hotel-for-families-in-Mallorca-768x431.webp 768w, https:\/\/www.mymallorcadiary.com\/wp-content\/uploads\/2026\/02\/All-inclusive-hotel-for-families-in-Mallorca-1536x862.webp 1536w, https:\/\/www.mymallorcadiary.com\/wp-content\/uploads\/2026\/02\/All-inclusive-hotel-for-families-in-Mallorca-696x391.webp 696w, https:\/\/www.mymallorcadiary.com\/wp-content\/uploads\/2026\/02\/All-inclusive-hotel-for-families-in-Mallorca-1392x782.webp 1392w\" sizes=\"(max-width: 1920px) 100vw, 1920px\" \/><\/a>\n\t\t\t<\/div><\/figure><figure class='gallery-item'>\n\t\t\t<div class='gallery-icon landscape'>\n\t\t\t\t<a href='https:\/\/www.mymallorcadiary.com\/wp-content\/uploads\/2026\/02\/All-inclusive-hotel-in-Playa-de-Palma.webp'><img decoding=\"async\" width=\"1920\" height=\"1078\" src=\"https:\/\/www.mymallorcadiary.com\/wp-content\/uploads\/2026\/02\/All-inclusive-hotel-in-Playa-de-Palma.webp\" class=\"attachment-full size-full\" alt=\"\" srcset=\"https:\/\/www.mymallorcadiary.com\/wp-content\/uploads\/2026\/02\/All-inclusive-hotel-in-Playa-de-Palma.webp 1920w, https:\/\/www.mymallorcadiary.com\/wp-content\/uploads\/2026\/02\/All-inclusive-hotel-in-Playa-de-Palma-300x168.webp 300w, https:\/\/www.mymallorcadiary.com\/wp-content\/uploads\/2026\/02\/All-inclusive-hotel-in-Playa-de-Palma-1024x575.webp 1024w, https:\/\/www.mymallorcadiary.com\/wp-content\/uploads\/2026\/02\/All-inclusive-hotel-in-Playa-de-Palma-768x431.webp 768w, https:\/\/www.mymallorcadiary.com\/wp-content\/uploads\/2026\/02\/All-inclusive-hotel-in-Playa-de-Palma-1536x862.webp 1536w, https:\/\/www.mymallorcadiary.com\/wp-content\/uploads\/2026\/02\/All-inclusive-hotel-in-Playa-de-Palma-696x391.webp 696w, https:\/\/www.mymallorcadiary.com\/wp-content\/uploads\/2026\/02\/All-inclusive-hotel-in-Playa-de-Palma-1392x782.webp 1392w\" sizes=\"(max-width: 1920px) 100vw, 1920px\" \/><\/a>\n\t\t\t<\/div><\/figure>\n\t\t<\/div>\n\n<p data-start=\"103\" data-end=\"379\">Fotos via riu.com<\/p>\n<p data-start=\"103\" data-end=\"379\">El Hotel Riu Playa Park es un gran complejo tur\u00edstico con todo incluido situado en Playa de Palma, a solo unos minutos a pie de la extensa playa de arena y del animado paseo mar\u00edtimo. El hotel ofrece habitaciones modernas con balc\u00f3n y c\u00f3modas comodidades dise\u00f1adas para unas relajantes vacaciones.<\/p>\n<p data-start=\"381\" data-end=\"684\">El complejo cuenta con varias piscinas al aire libre, amplias terrazas para tomar el sol, zonas de ocio y restaurantes tipo buf\u00e9 que sirven una gran variedad de platos internacionales y mediterr\u00e1neos. Gracias al concepto \u00abtodo incluido\u00bb, los hu\u00e9spedes pueden disfrutar de comidas, bebidas y actividades sin necesidad de salir del hotel.<\/p>\n<p data-start=\"686\" data-end=\"984\">Su ubicaci\u00f3n permite acceder f\u00e1cilmente a la <strong data-start=\"721\" data-end=\"761\">playa y al paseo mar\u00edtimo de Playa de Palma<\/strong>, donde las familias pueden disfrutar de carriles bici, restaurantes de playa y actividades acu\u00e1ticas. El centro hist\u00f3rico de Palma tambi\u00e9n se encuentra a solo unos 15 minutos en coche, lo que facilita la visita a la catedral, los mercados y las atracciones culturales.<\/p>\n<p data-start=\"475\" data-end=\"697\"><strong>Enlace para ver m\u00e1s detalles y reservar:<\/strong> <strong><a href=\"https:\/\/booking.stay22.com\/likexpats\/mlebCGAP74\" target=\"_blank\" rel=\"noopener\">Riu Playa Park<\/a><\/strong><\/p>\n<h4 data-start=\"890\" data-end=\"1058\"><span class=\"ez-toc-section\" id=\"Tent_Playa_de_Palma\"><\/span><strong data-start=\"890\" data-end=\"931\"><span class=\"hover:entity-accent entity-underline inline cursor-pointer align-baseline\"><span class=\"whitespace-normal\">Tent Playa de Palma<\/span><\/span><\/strong><span class=\"ez-toc-section-end\"><\/span><\/h4>\n<div id='gallery-3' class='gallery galleryid-1730 gallery-columns-2 gallery-size-full'><figure class='gallery-item'>\n\t\t\t<div class='gallery-icon landscape'>\n\t\t\t\t<a href='https:\/\/www.mymallorcadiary.com\/wp-content\/uploads\/2026\/02\/Tent-hotel-Palma.webp'><img decoding=\"async\" width=\"1920\" height=\"1078\" src=\"https:\/\/www.mymallorcadiary.com\/wp-content\/uploads\/2026\/02\/Tent-hotel-Palma.webp\" class=\"attachment-full size-full\" alt=\"\" srcset=\"https:\/\/www.mymallorcadiary.com\/wp-content\/uploads\/2026\/02\/Tent-hotel-Palma.webp 1920w, https:\/\/www.mymallorcadiary.com\/wp-content\/uploads\/2026\/02\/Tent-hotel-Palma-300x168.webp 300w, https:\/\/www.mymallorcadiary.com\/wp-content\/uploads\/2026\/02\/Tent-hotel-Palma-1024x575.webp 1024w, https:\/\/www.mymallorcadiary.com\/wp-content\/uploads\/2026\/02\/Tent-hotel-Palma-768x431.webp 768w, https:\/\/www.mymallorcadiary.com\/wp-content\/uploads\/2026\/02\/Tent-hotel-Palma-1536x862.webp 1536w, https:\/\/www.mymallorcadiary.com\/wp-content\/uploads\/2026\/02\/Tent-hotel-Palma-696x391.webp 696w, https:\/\/www.mymallorcadiary.com\/wp-content\/uploads\/2026\/02\/Tent-hotel-Palma-1392x782.webp 1392w\" sizes=\"(max-width: 1920px) 100vw, 1920px\" \/><\/a>\n\t\t\t<\/div><\/figure><figure class='gallery-item'>\n\t\t\t<div class='gallery-icon landscape'>\n\t\t\t\t<a href='https:\/\/www.mymallorcadiary.com\/wp-content\/uploads\/2026\/02\/brunch-hotel-in-Palma.webp'><img decoding=\"async\" width=\"1920\" height=\"1078\" src=\"https:\/\/www.mymallorcadiary.com\/wp-content\/uploads\/2026\/02\/brunch-hotel-in-Palma.webp\" class=\"attachment-full size-full\" alt=\"\" srcset=\"https:\/\/www.mymallorcadiary.com\/wp-content\/uploads\/2026\/02\/brunch-hotel-in-Palma.webp 1920w, https:\/\/www.mymallorcadiary.com\/wp-content\/uploads\/2026\/02\/brunch-hotel-in-Palma-300x168.webp 300w, https:\/\/www.mymallorcadiary.com\/wp-content\/uploads\/2026\/02\/brunch-hotel-in-Palma-1024x575.webp 1024w, https:\/\/www.mymallorcadiary.com\/wp-content\/uploads\/2026\/02\/brunch-hotel-in-Palma-768x431.webp 768w, https:\/\/www.mymallorcadiary.com\/wp-content\/uploads\/2026\/02\/brunch-hotel-in-Palma-1536x862.webp 1536w, https:\/\/www.mymallorcadiary.com\/wp-content\/uploads\/2026\/02\/brunch-hotel-in-Palma-696x391.webp 696w, https:\/\/www.mymallorcadiary.com\/wp-content\/uploads\/2026\/02\/brunch-hotel-in-Palma-1392x782.webp 1392w\" sizes=\"(max-width: 1920px) 100vw, 1920px\" \/><\/a>\n\t\t\t<\/div><\/figure><figure class='gallery-item'>\n\t\t\t<div class='gallery-icon landscape'>\n\t\t\t\t<a href='https:\/\/www.mymallorcadiary.com\/wp-content\/uploads\/2026\/02\/unlimited-brunch-hotel-in-Palma.webp'><img decoding=\"async\" width=\"1920\" height=\"1078\" src=\"https:\/\/www.mymallorcadiary.com\/wp-content\/uploads\/2026\/02\/unlimited-brunch-hotel-in-Palma.webp\" class=\"attachment-full size-full\" alt=\"\" srcset=\"https:\/\/www.mymallorcadiary.com\/wp-content\/uploads\/2026\/02\/unlimited-brunch-hotel-in-Palma.webp 1920w, https:\/\/www.mymallorcadiary.com\/wp-content\/uploads\/2026\/02\/unlimited-brunch-hotel-in-Palma-300x168.webp 300w, https:\/\/www.mymallorcadiary.com\/wp-content\/uploads\/2026\/02\/unlimited-brunch-hotel-in-Palma-1024x575.webp 1024w, https:\/\/www.mymallorcadiary.com\/wp-content\/uploads\/2026\/02\/unlimited-brunch-hotel-in-Palma-768x431.webp 768w, https:\/\/www.mymallorcadiary.com\/wp-content\/uploads\/2026\/02\/unlimited-brunch-hotel-in-Palma-1536x862.webp 1536w, https:\/\/www.mymallorcadiary.com\/wp-content\/uploads\/2026\/02\/unlimited-brunch-hotel-in-Palma-696x391.webp 696w, https:\/\/www.mymallorcadiary.com\/wp-content\/uploads\/2026\/02\/unlimited-brunch-hotel-in-Palma-1392x782.webp 1392w\" sizes=\"(max-width: 1920px) 100vw, 1920px\" \/><\/a>\n\t\t\t<\/div><\/figure><figure class='gallery-item'>\n\t\t\t<div class='gallery-icon landscape'>\n\t\t\t\t<a href='https:\/\/www.mymallorcadiary.com\/wp-content\/uploads\/2026\/02\/Tent-Playa-de-Palma.webp'><img decoding=\"async\" width=\"1920\" height=\"1078\" src=\"https:\/\/www.mymallorcadiary.com\/wp-content\/uploads\/2026\/02\/Tent-Playa-de-Palma.webp\" class=\"attachment-full size-full\" alt=\"\" srcset=\"https:\/\/www.mymallorcadiary.com\/wp-content\/uploads\/2026\/02\/Tent-Playa-de-Palma.webp 1920w, https:\/\/www.mymallorcadiary.com\/wp-content\/uploads\/2026\/02\/Tent-Playa-de-Palma-300x168.webp 300w, https:\/\/www.mymallorcadiary.com\/wp-content\/uploads\/2026\/02\/Tent-Playa-de-Palma-1024x575.webp 1024w, https:\/\/www.mymallorcadiary.com\/wp-content\/uploads\/2026\/02\/Tent-Playa-de-Palma-768x431.webp 768w, https:\/\/www.mymallorcadiary.com\/wp-content\/uploads\/2026\/02\/Tent-Playa-de-Palma-1536x862.webp 1536w, https:\/\/www.mymallorcadiary.com\/wp-content\/uploads\/2026\/02\/Tent-Playa-de-Palma-696x391.webp 696w, https:\/\/www.mymallorcadiary.com\/wp-content\/uploads\/2026\/02\/Tent-Playa-de-Palma-1392x782.webp 1392w\" sizes=\"(max-width: 1920px) 100vw, 1920px\" \/><\/a>\n\t\t\t<\/div><\/figure>\n\t\t<\/div>\n\n<p data-start=\"96\" data-end=\"428\">Fotos via tenthotels.com<\/p>\n<p data-start=\"96\" data-end=\"428\">El Tent Playa de Palma es un hotel moderno e informal situado en <strong data-start=\"156\" data-end=\"174\">Playa de Palma<\/strong>, a unos 10 minutos a pie de la playa y a solo 15 minutos en coche del centro hist\u00f3rico de Palma. El hotel ofrece un ambiente relajado y contempor\u00e1neo, lo que lo convierte en un punto de partida pr\u00e1ctico para los viajeros que desean combinar el tiempo en la playa con un f\u00e1cil acceso a la ciudad.<\/p>\n<p data-start=\"430\" data-end=\"793\">Una de las caracter\u00edsticas m\u00e1s destacadas del hotel es su brunch ilimitado, disponible todos los d\u00edas de <strong data-start=\"474\" data-end=\"494\">8:00 a 13:30<\/strong>. En lugar del horario tradicional del desayuno, los hu\u00e9spedes pueden disfrutar de una experiencia de brunch flexible con una amplia selecci\u00f3n de alimentos durante toda la ma\u00f1ana. Este concepto es especialmente conveniente para familias o viajeros que prefieren comenzar el d\u00eda de forma m\u00e1s relajada.<\/p>\n<p data-start=\"795\" data-end=\"1014\">El hotel tambi\u00e9n ofrece un servicio de <strong data-start=\"817\" data-end=\"834\">auto check-in<\/strong>, lo que permite a los hu\u00e9spedes llegar y acceder a su habitaci\u00f3n de forma r\u00e1pida e independiente. Esto a\u00f1ade una flexibilidad adicional, especialmente para las llegadas tard\u00edas o las familias con horarios de viaje variables.<\/p>\n<p data-start=\"1016\" data-end=\"1130\">Los hu\u00e9spedes tambi\u00e9n pueden disfrutar de una piscina, una terraza soleada y modernos espacios comunes dise\u00f1ados para la comodidad y la relajaci\u00f3n.<\/p>\n<p data-start=\"1016\" data-end=\"1130\"><strong>Enlace para ver m\u00e1s detalles y reservar: <a href=\"https:\/\/booking.stay22.com\/likexpats\/9bMORwGneQ\" target=\"_blank\" rel=\"noopener\">Tent Playa de Palma<\/a><\/strong><\/p>\n<h3 data-start=\"1499\" data-end=\"1537\"><span class=\"ez-toc-section\" id=\"Villas_en_Playa_de_Palma_para_familias_Nuestras_recomendaciones\"><\/span><strong>Villas en Playa de Palma para familias: Nuestras recomendaciones:<\/strong><span class=\"ez-toc-section-end\"><\/span><\/h3>\n<h4><span class=\"ez-toc-section\" id=\"Villa_Marina\"><\/span><strong data-start=\"168\" data-end=\"184\">Villa Marina<\/strong><span class=\"ez-toc-section-end\"><\/span><\/h4>\n<div id='gallery-4' class='gallery galleryid-1730 gallery-columns-2 gallery-size-full'><figure class='gallery-item'>\n\t\t\t<div class='gallery-icon landscape'>\n\t\t\t\t<a href='https:\/\/www.mymallorcadiary.com\/wp-content\/uploads\/2026\/02\/4-bedroom-villa-in-Playa-de-Palma.webp'><img decoding=\"async\" width=\"1920\" height=\"1078\" src=\"https:\/\/www.mymallorcadiary.com\/wp-content\/uploads\/2026\/02\/4-bedroom-villa-in-Playa-de-Palma.webp\" class=\"attachment-full size-full\" alt=\"\" srcset=\"https:\/\/www.mymallorcadiary.com\/wp-content\/uploads\/2026\/02\/4-bedroom-villa-in-Playa-de-Palma.webp 1920w, https:\/\/www.mymallorcadiary.com\/wp-content\/uploads\/2026\/02\/4-bedroom-villa-in-Playa-de-Palma-300x168.webp 300w, https:\/\/www.mymallorcadiary.com\/wp-content\/uploads\/2026\/02\/4-bedroom-villa-in-Playa-de-Palma-1024x575.webp 1024w, https:\/\/www.mymallorcadiary.com\/wp-content\/uploads\/2026\/02\/4-bedroom-villa-in-Playa-de-Palma-768x431.webp 768w, https:\/\/www.mymallorcadiary.com\/wp-content\/uploads\/2026\/02\/4-bedroom-villa-in-Playa-de-Palma-1536x862.webp 1536w, https:\/\/www.mymallorcadiary.com\/wp-content\/uploads\/2026\/02\/4-bedroom-villa-in-Playa-de-Palma-696x391.webp 696w, https:\/\/www.mymallorcadiary.com\/wp-content\/uploads\/2026\/02\/4-bedroom-villa-in-Playa-de-Palma-1392x782.webp 1392w\" sizes=\"(max-width: 1920px) 100vw, 1920px\" \/><\/a>\n\t\t\t<\/div><\/figure><figure class='gallery-item'>\n\t\t\t<div class='gallery-icon landscape'>\n\t\t\t\t<a href='https:\/\/www.mymallorcadiary.com\/wp-content\/uploads\/2026\/02\/4-bedroom-villa-in-Palma-de-Mallorca.webp'><img decoding=\"async\" width=\"1920\" height=\"1078\" src=\"https:\/\/www.mymallorcadiary.com\/wp-content\/uploads\/2026\/02\/4-bedroom-villa-in-Palma-de-Mallorca.webp\" class=\"attachment-full size-full\" alt=\"\" srcset=\"https:\/\/www.mymallorcadiary.com\/wp-content\/uploads\/2026\/02\/4-bedroom-villa-in-Palma-de-Mallorca.webp 1920w, https:\/\/www.mymallorcadiary.com\/wp-content\/uploads\/2026\/02\/4-bedroom-villa-in-Palma-de-Mallorca-300x168.webp 300w, https:\/\/www.mymallorcadiary.com\/wp-content\/uploads\/2026\/02\/4-bedroom-villa-in-Palma-de-Mallorca-1024x575.webp 1024w, https:\/\/www.mymallorcadiary.com\/wp-content\/uploads\/2026\/02\/4-bedroom-villa-in-Palma-de-Mallorca-768x431.webp 768w, https:\/\/www.mymallorcadiary.com\/wp-content\/uploads\/2026\/02\/4-bedroom-villa-in-Palma-de-Mallorca-1536x862.webp 1536w, https:\/\/www.mymallorcadiary.com\/wp-content\/uploads\/2026\/02\/4-bedroom-villa-in-Palma-de-Mallorca-696x391.webp 696w, https:\/\/www.mymallorcadiary.com\/wp-content\/uploads\/2026\/02\/4-bedroom-villa-in-Palma-de-Mallorca-1392x782.webp 1392w\" sizes=\"(max-width: 1920px) 100vw, 1920px\" \/><\/a>\n\t\t\t<\/div><\/figure><figure class='gallery-item'>\n\t\t\t<div class='gallery-icon landscape'>\n\t\t\t\t<a href='https:\/\/www.mymallorcadiary.com\/wp-content\/uploads\/2026\/02\/Villa-for-8-people-in-Palma.webp'><img decoding=\"async\" width=\"1920\" height=\"1078\" src=\"https:\/\/www.mymallorcadiary.com\/wp-content\/uploads\/2026\/02\/Villa-for-8-people-in-Palma.webp\" class=\"attachment-full size-full\" alt=\"\" srcset=\"https:\/\/www.mymallorcadiary.com\/wp-content\/uploads\/2026\/02\/Villa-for-8-people-in-Palma.webp 1920w, https:\/\/www.mymallorcadiary.com\/wp-content\/uploads\/2026\/02\/Villa-for-8-people-in-Palma-300x168.webp 300w, https:\/\/www.mymallorcadiary.com\/wp-content\/uploads\/2026\/02\/Villa-for-8-people-in-Palma-1024x575.webp 1024w, https:\/\/www.mymallorcadiary.com\/wp-content\/uploads\/2026\/02\/Villa-for-8-people-in-Palma-768x431.webp 768w, https:\/\/www.mymallorcadiary.com\/wp-content\/uploads\/2026\/02\/Villa-for-8-people-in-Palma-1536x862.webp 1536w, https:\/\/www.mymallorcadiary.com\/wp-content\/uploads\/2026\/02\/Villa-for-8-people-in-Palma-696x391.webp 696w, https:\/\/www.mymallorcadiary.com\/wp-content\/uploads\/2026\/02\/Villa-for-8-people-in-Palma-1392x782.webp 1392w\" sizes=\"(max-width: 1920px) 100vw, 1920px\" \/><\/a>\n\t\t\t<\/div><\/figure><figure class='gallery-item'>\n\t\t\t<div class='gallery-icon landscape'>\n\t\t\t\t<a href='https:\/\/www.mymallorcadiary.com\/wp-content\/uploads\/2026\/02\/Villa-for-8-persons-in-Palma.webp'><img decoding=\"async\" width=\"1920\" height=\"1078\" src=\"https:\/\/www.mymallorcadiary.com\/wp-content\/uploads\/2026\/02\/Villa-for-8-persons-in-Palma.webp\" class=\"attachment-full size-full\" alt=\"\" srcset=\"https:\/\/www.mymallorcadiary.com\/wp-content\/uploads\/2026\/02\/Villa-for-8-persons-in-Palma.webp 1920w, https:\/\/www.mymallorcadiary.com\/wp-content\/uploads\/2026\/02\/Villa-for-8-persons-in-Palma-300x168.webp 300w, https:\/\/www.mymallorcadiary.com\/wp-content\/uploads\/2026\/02\/Villa-for-8-persons-in-Palma-1024x575.webp 1024w, https:\/\/www.mymallorcadiary.com\/wp-content\/uploads\/2026\/02\/Villa-for-8-persons-in-Palma-768x431.webp 768w, https:\/\/www.mymallorcadiary.com\/wp-content\/uploads\/2026\/02\/Villa-for-8-persons-in-Palma-1536x862.webp 1536w, https:\/\/www.mymallorcadiary.com\/wp-content\/uploads\/2026\/02\/Villa-for-8-persons-in-Palma-696x391.webp 696w, https:\/\/www.mymallorcadiary.com\/wp-content\/uploads\/2026\/02\/Villa-for-8-persons-in-Palma-1392x782.webp 1392w\" sizes=\"(max-width: 1920px) 100vw, 1920px\" \/><\/a>\n\t\t\t<\/div><\/figure>\n\t\t<\/div>\n\n<p data-start=\"107\" data-end=\"406\">Fotos via booking.com<\/p>\n<p data-start=\"107\" data-end=\"406\">Villa Marina es una espaciosa casa de vacaciones situada en <strong data-start=\"158\" data-end=\"176\">Playa de Palma<\/strong>, a poca distancia de la playa y a solo unos 15 minutos en coche del centro hist\u00f3rico de Palma. Su ubicaci\u00f3n permite a los hu\u00e9spedes disfrutar tanto del paseo mar\u00edtimo, con sus restaurantes y cafeter\u00edas, como de las atracciones culturales de Palma.<\/p>\n<p data-start=\"408\" data-end=\"687\">La villa ofrece <strong data-start=\"425\" data-end=\"475\">cuatro dormitorios con capacidad para hasta 8 personas<\/strong>, lo que la convierte en una excelente opci\u00f3n para familias numerosas o grupos que viajan juntos. En el interior, la propiedad cuenta con una luminosa sala de estar, una cocina totalmente equipada y c\u00f3modos dormitorios dise\u00f1ados para estancias relajantes.<\/p>\n<p data-start=\"689\" data-end=\"858\">En el exterior, los hu\u00e9spedes pueden disfrutar de una <strong data-start=\"715\" data-end=\"754\">terraza privada y zonas al aire libre<\/strong>, ideales para pasar tiempo juntos, disfrutar de comidas al aire libre o relajarse despu\u00e9s de un d\u00eda explorando la isla.<\/p>\n<p data-start=\"860\" data-end=\"1029\">Su proximidad a la extensa playa de arena de Playa de Palma permite a las familias disfrutar f\u00e1cilmente de d\u00edas de playa, pasear en bicicleta por el paseo mar\u00edtimo o visitar los restaurantes y tiendas cercanos.<\/p>\n<p data-start=\"860\" data-end=\"1029\"><strong>Enlace para ver m\u00e1s detalles y reservar: <a href=\"https:\/\/booking.stay22.com\/likexpats\/ZG1CBLqZWW\" target=\"_blank\" rel=\"noopener\">Villa Marina<\/a><\/strong><\/p>\n<h4><span class=\"ez-toc-section\" id=\"Villa_Playa_Felostal\"><\/span><strong data-start=\"551\" data-end=\"575\">Villa Playa Felostal<\/strong><span class=\"ez-toc-section-end\"><\/span><\/h4>\n<div id='gallery-5' class='gallery galleryid-1730 gallery-columns-2 gallery-size-full'><figure class='gallery-item'>\n\t\t\t<div class='gallery-icon landscape'>\n\t\t\t\t<a href='https:\/\/www.mymallorcadiary.com\/wp-content\/uploads\/2026\/02\/Villa-for-7-persons-in-Palma.webp'><img decoding=\"async\" width=\"1920\" height=\"1078\" src=\"https:\/\/www.mymallorcadiary.com\/wp-content\/uploads\/2026\/02\/Villa-for-7-persons-in-Palma.webp\" class=\"attachment-full size-full\" alt=\"\" srcset=\"https:\/\/www.mymallorcadiary.com\/wp-content\/uploads\/2026\/02\/Villa-for-7-persons-in-Palma.webp 1920w, https:\/\/www.mymallorcadiary.com\/wp-content\/uploads\/2026\/02\/Villa-for-7-persons-in-Palma-300x168.webp 300w, https:\/\/www.mymallorcadiary.com\/wp-content\/uploads\/2026\/02\/Villa-for-7-persons-in-Palma-1024x575.webp 1024w, https:\/\/www.mymallorcadiary.com\/wp-content\/uploads\/2026\/02\/Villa-for-7-persons-in-Palma-768x431.webp 768w, https:\/\/www.mymallorcadiary.com\/wp-content\/uploads\/2026\/02\/Villa-for-7-persons-in-Palma-1536x862.webp 1536w, https:\/\/www.mymallorcadiary.com\/wp-content\/uploads\/2026\/02\/Villa-for-7-persons-in-Palma-696x391.webp 696w, https:\/\/www.mymallorcadiary.com\/wp-content\/uploads\/2026\/02\/Villa-for-7-persons-in-Palma-1392x782.webp 1392w\" sizes=\"(max-width: 1920px) 100vw, 1920px\" \/><\/a>\n\t\t\t<\/div><\/figure><figure class='gallery-item'>\n\t\t\t<div class='gallery-icon landscape'>\n\t\t\t\t<a href='https:\/\/www.mymallorcadiary.com\/wp-content\/uploads\/2026\/02\/Villa-Playa-Felostal.webp'><img decoding=\"async\" width=\"1920\" height=\"1078\" src=\"https:\/\/www.mymallorcadiary.com\/wp-content\/uploads\/2026\/02\/Villa-Playa-Felostal.webp\" class=\"attachment-full size-full\" alt=\"\" srcset=\"https:\/\/www.mymallorcadiary.com\/wp-content\/uploads\/2026\/02\/Villa-Playa-Felostal.webp 1920w, https:\/\/www.mymallorcadiary.com\/wp-content\/uploads\/2026\/02\/Villa-Playa-Felostal-300x168.webp 300w, https:\/\/www.mymallorcadiary.com\/wp-content\/uploads\/2026\/02\/Villa-Playa-Felostal-1024x575.webp 1024w, https:\/\/www.mymallorcadiary.com\/wp-content\/uploads\/2026\/02\/Villa-Playa-Felostal-768x431.webp 768w, https:\/\/www.mymallorcadiary.com\/wp-content\/uploads\/2026\/02\/Villa-Playa-Felostal-1536x862.webp 1536w, https:\/\/www.mymallorcadiary.com\/wp-content\/uploads\/2026\/02\/Villa-Playa-Felostal-696x391.webp 696w, https:\/\/www.mymallorcadiary.com\/wp-content\/uploads\/2026\/02\/Villa-Playa-Felostal-1392x782.webp 1392w\" sizes=\"(max-width: 1920px) 100vw, 1920px\" \/><\/a>\n\t\t\t<\/div><\/figure><figure class='gallery-item'>\n\t\t\t<div class='gallery-icon landscape'>\n\t\t\t\t<a href='https:\/\/www.mymallorcadiary.com\/wp-content\/uploads\/2026\/02\/4-bedroom-villa-for-7-people-in-Palma.webp'><img decoding=\"async\" width=\"1920\" height=\"1078\" src=\"https:\/\/www.mymallorcadiary.com\/wp-content\/uploads\/2026\/02\/4-bedroom-villa-for-7-people-in-Palma.webp\" class=\"attachment-full size-full\" alt=\"\" srcset=\"https:\/\/www.mymallorcadiary.com\/wp-content\/uploads\/2026\/02\/4-bedroom-villa-for-7-people-in-Palma.webp 1920w, https:\/\/www.mymallorcadiary.com\/wp-content\/uploads\/2026\/02\/4-bedroom-villa-for-7-people-in-Palma-300x168.webp 300w, https:\/\/www.mymallorcadiary.com\/wp-content\/uploads\/2026\/02\/4-bedroom-villa-for-7-people-in-Palma-1024x575.webp 1024w, https:\/\/www.mymallorcadiary.com\/wp-content\/uploads\/2026\/02\/4-bedroom-villa-for-7-people-in-Palma-768x431.webp 768w, https:\/\/www.mymallorcadiary.com\/wp-content\/uploads\/2026\/02\/4-bedroom-villa-for-7-people-in-Palma-1536x862.webp 1536w, https:\/\/www.mymallorcadiary.com\/wp-content\/uploads\/2026\/02\/4-bedroom-villa-for-7-people-in-Palma-696x391.webp 696w, https:\/\/www.mymallorcadiary.com\/wp-content\/uploads\/2026\/02\/4-bedroom-villa-for-7-people-in-Palma-1392x782.webp 1392w\" sizes=\"(max-width: 1920px) 100vw, 1920px\" \/><\/a>\n\t\t\t<\/div><\/figure><figure class='gallery-item'>\n\t\t\t<div class='gallery-icon landscape'>\n\t\t\t\t<a href='https:\/\/www.mymallorcadiary.com\/wp-content\/uploads\/2026\/02\/4-bedroom-house-with-pool-in-Palma.webp'><img decoding=\"async\" width=\"1920\" height=\"1078\" src=\"https:\/\/www.mymallorcadiary.com\/wp-content\/uploads\/2026\/02\/4-bedroom-house-with-pool-in-Palma.webp\" class=\"attachment-full size-full\" alt=\"\" srcset=\"https:\/\/www.mymallorcadiary.com\/wp-content\/uploads\/2026\/02\/4-bedroom-house-with-pool-in-Palma.webp 1920w, https:\/\/www.mymallorcadiary.com\/wp-content\/uploads\/2026\/02\/4-bedroom-house-with-pool-in-Palma-300x168.webp 300w, https:\/\/www.mymallorcadiary.com\/wp-content\/uploads\/2026\/02\/4-bedroom-house-with-pool-in-Palma-1024x575.webp 1024w, https:\/\/www.mymallorcadiary.com\/wp-content\/uploads\/2026\/02\/4-bedroom-house-with-pool-in-Palma-768x431.webp 768w, https:\/\/www.mymallorcadiary.com\/wp-content\/uploads\/2026\/02\/4-bedroom-house-with-pool-in-Palma-1536x862.webp 1536w, https:\/\/www.mymallorcadiary.com\/wp-content\/uploads\/2026\/02\/4-bedroom-house-with-pool-in-Palma-696x391.webp 696w, https:\/\/www.mymallorcadiary.com\/wp-content\/uploads\/2026\/02\/4-bedroom-house-with-pool-in-Palma-1392x782.webp 1392w\" sizes=\"(max-width: 1920px) 100vw, 1920px\" \/><\/a>\n\t\t\t<\/div><\/figure>\n\t\t<\/div>\n\n<p>Fotos via booking.com<\/p>\n<p>C\u00f3moda villa familiar con piscina privada, jard\u00edn, terraza y sala de estar con aire acondicionado cerca de Palma de Mallorca. La propiedad cuenta con 4 dormitorios, un amplio sal\u00f3n y una cocina totalmente equipada. Una excelente opci\u00f3n para unas vacaciones en familia, ya que ofrece mucho espacio al aire libre para que los ni\u00f1os jueguen y se relajen.<\/p>\n<p><strong>Enlace para ver m\u00e1s detalles y reservar: <a href=\"https:\/\/booking.stay22.com\/likexpats\/DbFKLOmbSq\" target=\"_blank\" rel=\"noopener\">Villa Playa Felostal<\/a><\/strong><\/p>\n<h4><span class=\"ez-toc-section\" id=\"Villa_Isabel\"><\/span><strong data-start=\"914\" data-end=\"930\">Villa Isabel<\/strong><span class=\"ez-toc-section-end\"><\/span><\/h4>\n<div id='gallery-6' class='gallery galleryid-1730 gallery-columns-2 gallery-size-full'><figure class='gallery-item'>\n\t\t\t<div class='gallery-icon landscape'>\n\t\t\t\t<a href='https:\/\/www.mymallorcadiary.com\/wp-content\/uploads\/2026\/02\/villa-with-3-bedrooms-for-families-in-Palma.webp'><img decoding=\"async\" width=\"1920\" height=\"1078\" src=\"https:\/\/www.mymallorcadiary.com\/wp-content\/uploads\/2026\/02\/villa-with-3-bedrooms-for-families-in-Palma.webp\" class=\"attachment-full size-full\" alt=\"\" srcset=\"https:\/\/www.mymallorcadiary.com\/wp-content\/uploads\/2026\/02\/villa-with-3-bedrooms-for-families-in-Palma.webp 1920w, https:\/\/www.mymallorcadiary.com\/wp-content\/uploads\/2026\/02\/villa-with-3-bedrooms-for-families-in-Palma-300x168.webp 300w, https:\/\/www.mymallorcadiary.com\/wp-content\/uploads\/2026\/02\/villa-with-3-bedrooms-for-families-in-Palma-1024x575.webp 1024w, https:\/\/www.mymallorcadiary.com\/wp-content\/uploads\/2026\/02\/villa-with-3-bedrooms-for-families-in-Palma-768x431.webp 768w, https:\/\/www.mymallorcadiary.com\/wp-content\/uploads\/2026\/02\/villa-with-3-bedrooms-for-families-in-Palma-1536x862.webp 1536w, https:\/\/www.mymallorcadiary.com\/wp-content\/uploads\/2026\/02\/villa-with-3-bedrooms-for-families-in-Palma-696x391.webp 696w, https:\/\/www.mymallorcadiary.com\/wp-content\/uploads\/2026\/02\/villa-with-3-bedrooms-for-families-in-Palma-1392x782.webp 1392w\" sizes=\"(max-width: 1920px) 100vw, 1920px\" \/><\/a>\n\t\t\t<\/div><\/figure><figure class='gallery-item'>\n\t\t\t<div class='gallery-icon landscape'>\n\t\t\t\t<a href='https:\/\/www.mymallorcadiary.com\/wp-content\/uploads\/2026\/02\/3-bedroom-villa-in-Playa-de-Palma.webp'><img decoding=\"async\" width=\"1920\" height=\"1078\" src=\"https:\/\/www.mymallorcadiary.com\/wp-content\/uploads\/2026\/02\/3-bedroom-villa-in-Playa-de-Palma.webp\" class=\"attachment-full size-full\" alt=\"\" srcset=\"https:\/\/www.mymallorcadiary.com\/wp-content\/uploads\/2026\/02\/3-bedroom-villa-in-Playa-de-Palma.webp 1920w, https:\/\/www.mymallorcadiary.com\/wp-content\/uploads\/2026\/02\/3-bedroom-villa-in-Playa-de-Palma-300x168.webp 300w, https:\/\/www.mymallorcadiary.com\/wp-content\/uploads\/2026\/02\/3-bedroom-villa-in-Playa-de-Palma-1024x575.webp 1024w, https:\/\/www.mymallorcadiary.com\/wp-content\/uploads\/2026\/02\/3-bedroom-villa-in-Playa-de-Palma-768x431.webp 768w, https:\/\/www.mymallorcadiary.com\/wp-content\/uploads\/2026\/02\/3-bedroom-villa-in-Playa-de-Palma-1536x862.webp 1536w, https:\/\/www.mymallorcadiary.com\/wp-content\/uploads\/2026\/02\/3-bedroom-villa-in-Playa-de-Palma-696x391.webp 696w, https:\/\/www.mymallorcadiary.com\/wp-content\/uploads\/2026\/02\/3-bedroom-villa-in-Playa-de-Palma-1392x782.webp 1392w\" sizes=\"(max-width: 1920px) 100vw, 1920px\" \/><\/a>\n\t\t\t<\/div><\/figure><figure class='gallery-item'>\n\t\t\t<div class='gallery-icon landscape'>\n\t\t\t\t<a href='https:\/\/www.mymallorcadiary.com\/wp-content\/uploads\/2026\/02\/3-bedroom-villa-with-pool-in-Playa-de-Palma.webp'><img decoding=\"async\" width=\"1920\" height=\"1078\" src=\"https:\/\/www.mymallorcadiary.com\/wp-content\/uploads\/2026\/02\/3-bedroom-villa-with-pool-in-Playa-de-Palma.webp\" class=\"attachment-full size-full\" alt=\"\" srcset=\"https:\/\/www.mymallorcadiary.com\/wp-content\/uploads\/2026\/02\/3-bedroom-villa-with-pool-in-Playa-de-Palma.webp 1920w, https:\/\/www.mymallorcadiary.com\/wp-content\/uploads\/2026\/02\/3-bedroom-villa-with-pool-in-Playa-de-Palma-300x168.webp 300w, https:\/\/www.mymallorcadiary.com\/wp-content\/uploads\/2026\/02\/3-bedroom-villa-with-pool-in-Playa-de-Palma-1024x575.webp 1024w, https:\/\/www.mymallorcadiary.com\/wp-content\/uploads\/2026\/02\/3-bedroom-villa-with-pool-in-Playa-de-Palma-768x431.webp 768w, https:\/\/www.mymallorcadiary.com\/wp-content\/uploads\/2026\/02\/3-bedroom-villa-with-pool-in-Playa-de-Palma-1536x862.webp 1536w, https:\/\/www.mymallorcadiary.com\/wp-content\/uploads\/2026\/02\/3-bedroom-villa-with-pool-in-Playa-de-Palma-696x391.webp 696w, https:\/\/www.mymallorcadiary.com\/wp-content\/uploads\/2026\/02\/3-bedroom-villa-with-pool-in-Playa-de-Palma-1392x782.webp 1392w\" sizes=\"(max-width: 1920px) 100vw, 1920px\" \/><\/a>\n\t\t\t<\/div><\/figure><figure class='gallery-item'>\n\t\t\t<div class='gallery-icon landscape'>\n\t\t\t\t<a href='https:\/\/www.mymallorcadiary.com\/wp-content\/uploads\/2026\/02\/Villa-Isabel-in-Playa-de-Palma.webp'><img decoding=\"async\" width=\"1920\" height=\"1078\" src=\"https:\/\/www.mymallorcadiary.com\/wp-content\/uploads\/2026\/02\/Villa-Isabel-in-Playa-de-Palma.webp\" class=\"attachment-full size-full\" alt=\"\" srcset=\"https:\/\/www.mymallorcadiary.com\/wp-content\/uploads\/2026\/02\/Villa-Isabel-in-Playa-de-Palma.webp 1920w, https:\/\/www.mymallorcadiary.com\/wp-content\/uploads\/2026\/02\/Villa-Isabel-in-Playa-de-Palma-300x168.webp 300w, https:\/\/www.mymallorcadiary.com\/wp-content\/uploads\/2026\/02\/Villa-Isabel-in-Playa-de-Palma-1024x575.webp 1024w, https:\/\/www.mymallorcadiary.com\/wp-content\/uploads\/2026\/02\/Villa-Isabel-in-Playa-de-Palma-768x431.webp 768w, https:\/\/www.mymallorcadiary.com\/wp-content\/uploads\/2026\/02\/Villa-Isabel-in-Playa-de-Palma-1536x862.webp 1536w, https:\/\/www.mymallorcadiary.com\/wp-content\/uploads\/2026\/02\/Villa-Isabel-in-Playa-de-Palma-696x391.webp 696w, https:\/\/www.mymallorcadiary.com\/wp-content\/uploads\/2026\/02\/Villa-Isabel-in-Playa-de-Palma-1392x782.webp 1392w\" sizes=\"(max-width: 1920px) 100vw, 1920px\" \/><\/a>\n\t\t\t<\/div><\/figure>\n\t\t<\/div>\n\n<p data-start=\"89\" data-end=\"445\">Fotos via booking.com<\/p>\n<p data-start=\"89\" data-end=\"445\">Villa Isabel es una c\u00f3moda villa privada situada en <strong data-start=\"152\" data-end=\"170\">Playa de Palma<\/strong>, a poca distancia de la playa y a unos 15 minutos en coche del centro hist\u00f3rico de Palma. Su c\u00f3moda ubicaci\u00f3n permite a los hu\u00e9spedes disfrutar del paseo mar\u00edtimo con restaurantes y cafeter\u00edas, al tiempo que tienen f\u00e1cil acceso a las atracciones culturales y las zonas comerciales de Palma.<\/p>\n<p data-start=\"447\" data-end=\"730\">La villa cuenta con <strong data-start=\"464\" data-end=\"524\">tres dormitorios y tiene capacidad para un m\u00e1ximo de 8 personas<\/strong>, lo que la convierte en una opci\u00f3n ideal para familias o grupos peque\u00f1os que viajan juntos. En el interior, la propiedad cuenta con espacios luminosos, una cocina totalmente equipada y c\u00f3modos dormitorios dise\u00f1ados para estancias relajantes.<\/p>\n<p data-start=\"732\" data-end=\"936\">En el exterior, los hu\u00e9spedes pueden disfrutar de una <strong data-start=\"760\" data-end=\"812\">piscina privada, una terraza y zonas al aire libre<\/strong>, perfectas para pasar juntos los soleados d\u00edas de Mallorca, relajarse junto a la piscina o disfrutar de comidas al aire libre con familiares y amigos.<\/p>\n<p><strong>Enlace para ver m\u00e1s detalles y reservar: <a href=\"https:\/\/booking.stay22.com\/likexpats\/Da990u7LVE\" target=\"_blank\" rel=\"noopener\">Villa Isabel<\/a><\/strong><\/p>\n<h2 data-start=\"516\" data-end=\"889\"><span class=\"ez-toc-section\" id=\"Santa_Ponsa_para_familias\"><\/span><strong><span class=\"hover:entity-accent entity-underline inline cursor-pointer align-baseline\"><span class=\"whitespace-normal\">Santa Ponsa<\/span><\/span> para familias<\/strong><span class=\"ez-toc-section-end\"><\/span><\/h2>\n<p data-start=\"951\" data-end=\"1273\"><strong>Santa Ponsa es una de las zonas m\u00e1s populares entre las familias que visitan Mallorca, y con raz\u00f3n<\/strong>. La localidad cuenta con una gran playa de arena con aguas poco profundas, lo que la hace ideal para los ni\u00f1os. El paseo mar\u00edtimo es llano y apto para cochecitos, y hay muchos restaurantes, supermercados y actividades a poca distancia a pie.<\/p>\n<p data-start=\"1275\" data-end=\"1497\">Families love Santa Ponsa because it combines convenience, comfort, and a relaxed holiday atmosphere. It\u2019s also located just a short drive from Palma, making it easy to explore more of the island without long travel times.<\/p>\n<p data-start=\"1275\" data-end=\"1497\"><img decoding=\"async\" class=\"alignnone wp-image-1378 size-full\" src=\"https:\/\/www.mymallorcadiary.com\/wp-content\/uploads\/2026\/02\/Santa-Ponsa.webp\" alt=\"\" width=\"1920\" height=\"1078\" srcset=\"https:\/\/www.mymallorcadiary.com\/wp-content\/uploads\/2026\/02\/Santa-Ponsa.webp 1920w, https:\/\/www.mymallorcadiary.com\/wp-content\/uploads\/2026\/02\/Santa-Ponsa-300x168.webp 300w, https:\/\/www.mymallorcadiary.com\/wp-content\/uploads\/2026\/02\/Santa-Ponsa-1024x575.webp 1024w, https:\/\/www.mymallorcadiary.com\/wp-content\/uploads\/2026\/02\/Santa-Ponsa-768x431.webp 768w, https:\/\/www.mymallorcadiary.com\/wp-content\/uploads\/2026\/02\/Santa-Ponsa-1536x862.webp 1536w, https:\/\/www.mymallorcadiary.com\/wp-content\/uploads\/2026\/02\/Santa-Ponsa-696x391.webp 696w, https:\/\/www.mymallorcadiary.com\/wp-content\/uploads\/2026\/02\/Santa-Ponsa-1392x782.webp 1392w\" sizes=\"(max-width: 1920px) 100vw, 1920px\" \/><\/p>\n<h3 data-start=\"1499\" data-end=\"1537\"><span class=\"ez-toc-section\" id=\"Hoteles_en_Santa_Ponsa\"><\/span><strong>Hoteles en Santa Ponsa<\/strong><span class=\"ez-toc-section-end\"><\/span><\/h3>\n<p data-start=\"1539\" data-end=\"1777\">Santa Ponsa cuenta con una amplia oferta de hoteles familiares, desde complejos tur\u00edsticos con todo incluido hasta alojamientos tipo apartamento. Muchos hoteles de la zona ofrecen clubes infantiles, piscinas con toboganes y programas de entretenimiento dise\u00f1ados para familias.<\/p>\n<p data-start=\"1779\" data-end=\"1832\"><strong>Alojarse en Santa Ponsa es una excelente opci\u00f3n si desea:<\/strong><\/p>\n<ul data-start=\"1833\" data-end=\"1977\">\n<li data-start=\"1833\" data-end=\"1854\">\n<p data-start=\"1835\" data-end=\"1854\">F\u00e1cil acceso a la playa.<\/p>\n<\/li>\n<li data-start=\"1855\" data-end=\"1883\">\n<p data-start=\"1857\" data-end=\"1883\">Plenty of dining options.<\/p>\n<\/li>\n<li data-start=\"1884\" data-end=\"1932\">\n<p data-start=\"1886\" data-end=\"1932\">Entretenimiento familiar a poca distancia.<\/p>\n<\/li>\n<li data-start=\"1933\" data-end=\"1977\">\n<p data-start=\"1935\" data-end=\"1977\">Un ambiente animado, pero no abrumador.<\/p>\n<\/li>\n<\/ul>\n<h3 data-start=\"1499\" data-end=\"1537\"><span class=\"ez-toc-section\" id=\"Hoteles_en_Santa_Ponsa_para_familias_nuestras_recomendaciones\"><\/span><strong>Hoteles en Santa Ponsa para familias: nuestras recomendaciones:<\/strong><span class=\"ez-toc-section-end\"><\/span><\/h3>\n<h4 data-start=\"209\" data-end=\"549\"><span class=\"ez-toc-section\" id=\"Kimpton_Aysla_Mallorca_by_IHG\"><\/span><strong data-start=\"209\" data-end=\"252\"><span class=\"\" data-state=\"closed\"><span class=\"hover:entity-accent entity-underline inline cursor-pointer align-baseline\"><span class=\"whitespace-normal\">Kimpton Aysla Mallorca by IHG<\/span><\/span><\/span><\/strong><span class=\"ez-toc-section-end\"><\/span><\/h4>\n<div id='gallery-7' class='gallery galleryid-1730 gallery-columns-2 gallery-size-full'><figure class='gallery-item'>\n\t\t\t<div class='gallery-icon landscape'>\n\t\t\t\t<a href='https:\/\/www.mymallorcadiary.com\/wp-content\/uploads\/2026\/02\/Beautiful-hotel-in-Santa-Ponsa.webp'><img decoding=\"async\" width=\"1920\" height=\"1078\" src=\"https:\/\/www.mymallorcadiary.com\/wp-content\/uploads\/2026\/02\/Beautiful-hotel-in-Santa-Ponsa.webp\" class=\"attachment-full size-full\" alt=\"\" srcset=\"https:\/\/www.mymallorcadiary.com\/wp-content\/uploads\/2026\/02\/Beautiful-hotel-in-Santa-Ponsa.webp 1920w, https:\/\/www.mymallorcadiary.com\/wp-content\/uploads\/2026\/02\/Beautiful-hotel-in-Santa-Ponsa-300x168.webp 300w, https:\/\/www.mymallorcadiary.com\/wp-content\/uploads\/2026\/02\/Beautiful-hotel-in-Santa-Ponsa-1024x575.webp 1024w, https:\/\/www.mymallorcadiary.com\/wp-content\/uploads\/2026\/02\/Beautiful-hotel-in-Santa-Ponsa-768x431.webp 768w, https:\/\/www.mymallorcadiary.com\/wp-content\/uploads\/2026\/02\/Beautiful-hotel-in-Santa-Ponsa-1536x862.webp 1536w, https:\/\/www.mymallorcadiary.com\/wp-content\/uploads\/2026\/02\/Beautiful-hotel-in-Santa-Ponsa-696x391.webp 696w, https:\/\/www.mymallorcadiary.com\/wp-content\/uploads\/2026\/02\/Beautiful-hotel-in-Santa-Ponsa-1392x782.webp 1392w\" sizes=\"(max-width: 1920px) 100vw, 1920px\" \/><\/a>\n\t\t\t<\/div><\/figure><figure class='gallery-item'>\n\t\t\t<div class='gallery-icon landscape'>\n\t\t\t\t<a href='https:\/\/www.mymallorcadiary.com\/wp-content\/uploads\/2026\/02\/Kympton-Aysla-Mallorca.webp'><img decoding=\"async\" width=\"1920\" height=\"1078\" src=\"https:\/\/www.mymallorcadiary.com\/wp-content\/uploads\/2026\/02\/Kympton-Aysla-Mallorca.webp\" class=\"attachment-full size-full\" alt=\"\" srcset=\"https:\/\/www.mymallorcadiary.com\/wp-content\/uploads\/2026\/02\/Kympton-Aysla-Mallorca.webp 1920w, https:\/\/www.mymallorcadiary.com\/wp-content\/uploads\/2026\/02\/Kympton-Aysla-Mallorca-300x168.webp 300w, https:\/\/www.mymallorcadiary.com\/wp-content\/uploads\/2026\/02\/Kympton-Aysla-Mallorca-1024x575.webp 1024w, https:\/\/www.mymallorcadiary.com\/wp-content\/uploads\/2026\/02\/Kympton-Aysla-Mallorca-768x431.webp 768w, https:\/\/www.mymallorcadiary.com\/wp-content\/uploads\/2026\/02\/Kympton-Aysla-Mallorca-1536x862.webp 1536w, https:\/\/www.mymallorcadiary.com\/wp-content\/uploads\/2026\/02\/Kympton-Aysla-Mallorca-696x391.webp 696w, https:\/\/www.mymallorcadiary.com\/wp-content\/uploads\/2026\/02\/Kympton-Aysla-Mallorca-1392x782.webp 1392w\" sizes=\"(max-width: 1920px) 100vw, 1920px\" \/><\/a>\n\t\t\t<\/div><\/figure><figure class='gallery-item'>\n\t\t\t<div class='gallery-icon landscape'>\n\t\t\t\t<a href='https:\/\/www.mymallorcadiary.com\/wp-content\/uploads\/2026\/02\/Kympton-hotel-Mallorca.webp'><img decoding=\"async\" width=\"1920\" height=\"1078\" src=\"https:\/\/www.mymallorcadiary.com\/wp-content\/uploads\/2026\/02\/Kympton-hotel-Mallorca.webp\" class=\"attachment-full size-full\" alt=\"\" srcset=\"https:\/\/www.mymallorcadiary.com\/wp-content\/uploads\/2026\/02\/Kympton-hotel-Mallorca.webp 1920w, https:\/\/www.mymallorcadiary.com\/wp-content\/uploads\/2026\/02\/Kympton-hotel-Mallorca-300x168.webp 300w, https:\/\/www.mymallorcadiary.com\/wp-content\/uploads\/2026\/02\/Kympton-hotel-Mallorca-1024x575.webp 1024w, https:\/\/www.mymallorcadiary.com\/wp-content\/uploads\/2026\/02\/Kympton-hotel-Mallorca-768x431.webp 768w, https:\/\/www.mymallorcadiary.com\/wp-content\/uploads\/2026\/02\/Kympton-hotel-Mallorca-1536x862.webp 1536w, https:\/\/www.mymallorcadiary.com\/wp-content\/uploads\/2026\/02\/Kympton-hotel-Mallorca-696x391.webp 696w, https:\/\/www.mymallorcadiary.com\/wp-content\/uploads\/2026\/02\/Kympton-hotel-Mallorca-1392x782.webp 1392w\" sizes=\"(max-width: 1920px) 100vw, 1920px\" \/><\/a>\n\t\t\t<\/div><\/figure><figure class='gallery-item'>\n\t\t\t<div class='gallery-icon landscape'>\n\t\t\t\t<a href='https:\/\/www.mymallorcadiary.com\/wp-content\/uploads\/2026\/02\/Santa-Ponsa-Luxury-hotel.webp'><img decoding=\"async\" width=\"1920\" height=\"1078\" src=\"https:\/\/www.mymallorcadiary.com\/wp-content\/uploads\/2026\/02\/Santa-Ponsa-Luxury-hotel.webp\" class=\"attachment-full size-full\" alt=\"\" srcset=\"https:\/\/www.mymallorcadiary.com\/wp-content\/uploads\/2026\/02\/Santa-Ponsa-Luxury-hotel.webp 1920w, https:\/\/www.mymallorcadiary.com\/wp-content\/uploads\/2026\/02\/Santa-Ponsa-Luxury-hotel-300x168.webp 300w, https:\/\/www.mymallorcadiary.com\/wp-content\/uploads\/2026\/02\/Santa-Ponsa-Luxury-hotel-1024x575.webp 1024w, https:\/\/www.mymallorcadiary.com\/wp-content\/uploads\/2026\/02\/Santa-Ponsa-Luxury-hotel-768x431.webp 768w, https:\/\/www.mymallorcadiary.com\/wp-content\/uploads\/2026\/02\/Santa-Ponsa-Luxury-hotel-1536x862.webp 1536w, https:\/\/www.mymallorcadiary.com\/wp-content\/uploads\/2026\/02\/Santa-Ponsa-Luxury-hotel-696x391.webp 696w, https:\/\/www.mymallorcadiary.com\/wp-content\/uploads\/2026\/02\/Santa-Ponsa-Luxury-hotel-1392x782.webp 1392w\" sizes=\"(max-width: 1920px) 100vw, 1920px\" \/><\/a>\n\t\t\t<\/div><\/figure>\n\t\t<\/div>\n\n<p data-start=\"209\" data-end=\"549\">Fotos via kymptonayslamallorca.com<\/p>\n<p data-start=\"209\" data-end=\"549\">Un lujoso complejo tur\u00edstico de 5 estrellas en Santa Ponsa con servicios de alta gama, como spa, varias piscinas, centro de bienestar, restaurante y bar, wifi, aparcamiento y habitaciones aptas para familias. Perfecto para disfrutar de unas vacaciones familiares m\u00e1s relajadas y elegantes.<\/p>\n<p data-start=\"209\" data-end=\"549\">Enlace para ver m\u00e1s detalles y reservar: <strong><a href=\"https:\/\/booking.stay22.com\/likexpats\/54tA3daj4A\" target=\"_blank\" rel=\"noopener\">Kympton Aysla Mallorca by IHG<\/a><\/strong><\/p>\n<h4 data-start=\"791\" data-end=\"1050\"><span class=\"ez-toc-section\" id=\"Globales_Costa_de_la_Calma\"><\/span><strong>Globales Costa de la Calma<\/strong><span class=\"ez-toc-section-end\"><\/span><\/h4>\n<div id='gallery-8' class='gallery galleryid-1730 gallery-columns-2 gallery-size-full'><figure class='gallery-item'>\n\t\t\t<div class='gallery-icon landscape'>\n\t\t\t\t<a href='https:\/\/www.mymallorcadiary.com\/wp-content\/uploads\/2026\/02\/Globales-Costa-de-la-Calma.webp'><img decoding=\"async\" width=\"1920\" height=\"1078\" src=\"https:\/\/www.mymallorcadiary.com\/wp-content\/uploads\/2026\/02\/Globales-Costa-de-la-Calma.webp\" class=\"attachment-full size-full\" alt=\"\" srcset=\"https:\/\/www.mymallorcadiary.com\/wp-content\/uploads\/2026\/02\/Globales-Costa-de-la-Calma.webp 1920w, https:\/\/www.mymallorcadiary.com\/wp-content\/uploads\/2026\/02\/Globales-Costa-de-la-Calma-300x168.webp 300w, https:\/\/www.mymallorcadiary.com\/wp-content\/uploads\/2026\/02\/Globales-Costa-de-la-Calma-1024x575.webp 1024w, https:\/\/www.mymallorcadiary.com\/wp-content\/uploads\/2026\/02\/Globales-Costa-de-la-Calma-768x431.webp 768w, https:\/\/www.mymallorcadiary.com\/wp-content\/uploads\/2026\/02\/Globales-Costa-de-la-Calma-1536x862.webp 1536w, https:\/\/www.mymallorcadiary.com\/wp-content\/uploads\/2026\/02\/Globales-Costa-de-la-Calma-696x391.webp 696w, https:\/\/www.mymallorcadiary.com\/wp-content\/uploads\/2026\/02\/Globales-Costa-de-la-Calma-1392x782.webp 1392w\" sizes=\"(max-width: 1920px) 100vw, 1920px\" \/><\/a>\n\t\t\t<\/div><\/figure><figure class='gallery-item'>\n\t\t\t<div class='gallery-icon landscape'>\n\t\t\t\t<a href='https:\/\/www.mymallorcadiary.com\/wp-content\/uploads\/2026\/02\/Hotel-for-families-in-Santa-Ponsa.webp'><img decoding=\"async\" width=\"1920\" height=\"1078\" src=\"https:\/\/www.mymallorcadiary.com\/wp-content\/uploads\/2026\/02\/Hotel-for-families-in-Santa-Ponsa.webp\" class=\"attachment-full size-full\" alt=\"\" srcset=\"https:\/\/www.mymallorcadiary.com\/wp-content\/uploads\/2026\/02\/Hotel-for-families-in-Santa-Ponsa.webp 1920w, https:\/\/www.mymallorcadiary.com\/wp-content\/uploads\/2026\/02\/Hotel-for-families-in-Santa-Ponsa-300x168.webp 300w, https:\/\/www.mymallorcadiary.com\/wp-content\/uploads\/2026\/02\/Hotel-for-families-in-Santa-Ponsa-1024x575.webp 1024w, https:\/\/www.mymallorcadiary.com\/wp-content\/uploads\/2026\/02\/Hotel-for-families-in-Santa-Ponsa-768x431.webp 768w, https:\/\/www.mymallorcadiary.com\/wp-content\/uploads\/2026\/02\/Hotel-for-families-in-Santa-Ponsa-1536x862.webp 1536w, https:\/\/www.mymallorcadiary.com\/wp-content\/uploads\/2026\/02\/Hotel-for-families-in-Santa-Ponsa-696x391.webp 696w, https:\/\/www.mymallorcadiary.com\/wp-content\/uploads\/2026\/02\/Hotel-for-families-in-Santa-Ponsa-1392x782.webp 1392w\" sizes=\"(max-width: 1920px) 100vw, 1920px\" \/><\/a>\n\t\t\t<\/div><\/figure><figure class='gallery-item'>\n\t\t\t<div class='gallery-icon landscape'>\n\t\t\t\t<a href='https:\/\/www.mymallorcadiary.com\/wp-content\/uploads\/2026\/02\/Globales-hotel-in-Santa-Ponsa.webp'><img decoding=\"async\" width=\"1920\" height=\"1078\" src=\"https:\/\/www.mymallorcadiary.com\/wp-content\/uploads\/2026\/02\/Globales-hotel-in-Santa-Ponsa.webp\" class=\"attachment-full size-full\" alt=\"\" srcset=\"https:\/\/www.mymallorcadiary.com\/wp-content\/uploads\/2026\/02\/Globales-hotel-in-Santa-Ponsa.webp 1920w, https:\/\/www.mymallorcadiary.com\/wp-content\/uploads\/2026\/02\/Globales-hotel-in-Santa-Ponsa-300x168.webp 300w, https:\/\/www.mymallorcadiary.com\/wp-content\/uploads\/2026\/02\/Globales-hotel-in-Santa-Ponsa-1024x575.webp 1024w, https:\/\/www.mymallorcadiary.com\/wp-content\/uploads\/2026\/02\/Globales-hotel-in-Santa-Ponsa-768x431.webp 768w, https:\/\/www.mymallorcadiary.com\/wp-content\/uploads\/2026\/02\/Globales-hotel-in-Santa-Ponsa-1536x862.webp 1536w, https:\/\/www.mymallorcadiary.com\/wp-content\/uploads\/2026\/02\/Globales-hotel-in-Santa-Ponsa-696x391.webp 696w, https:\/\/www.mymallorcadiary.com\/wp-content\/uploads\/2026\/02\/Globales-hotel-in-Santa-Ponsa-1392x782.webp 1392w\" sizes=\"(max-width: 1920px) 100vw, 1920px\" \/><\/a>\n\t\t\t<\/div><\/figure><figure class='gallery-item'>\n\t\t\t<div class='gallery-icon landscape'>\n\t\t\t\t<a href='https:\/\/www.mymallorcadiary.com\/wp-content\/uploads\/2026\/02\/Santa-Ponsa-family-hotel.webp'><img decoding=\"async\" width=\"1920\" height=\"1078\" src=\"https:\/\/www.mymallorcadiary.com\/wp-content\/uploads\/2026\/02\/Santa-Ponsa-family-hotel.webp\" class=\"attachment-full size-full\" alt=\"\" srcset=\"https:\/\/www.mymallorcadiary.com\/wp-content\/uploads\/2026\/02\/Santa-Ponsa-family-hotel.webp 1920w, https:\/\/www.mymallorcadiary.com\/wp-content\/uploads\/2026\/02\/Santa-Ponsa-family-hotel-300x168.webp 300w, https:\/\/www.mymallorcadiary.com\/wp-content\/uploads\/2026\/02\/Santa-Ponsa-family-hotel-1024x575.webp 1024w, https:\/\/www.mymallorcadiary.com\/wp-content\/uploads\/2026\/02\/Santa-Ponsa-family-hotel-768x431.webp 768w, https:\/\/www.mymallorcadiary.com\/wp-content\/uploads\/2026\/02\/Santa-Ponsa-family-hotel-1536x862.webp 1536w, https:\/\/www.mymallorcadiary.com\/wp-content\/uploads\/2026\/02\/Santa-Ponsa-family-hotel-696x391.webp 696w, https:\/\/www.mymallorcadiary.com\/wp-content\/uploads\/2026\/02\/Santa-Ponsa-family-hotel-1392x782.webp 1392w\" sizes=\"(max-width: 1920px) 100vw, 1920px\" \/><\/a>\n\t\t\t<\/div><\/figure>\n\t\t<\/div>\n\n<p data-start=\"791\" data-end=\"1050\">Fotos via globales.com<\/p>\n<p data-start=\"791\" data-end=\"1050\">Este hotel de 4 estrellas, muy bien valorado, ofrece un entorno tranquilo sin alejarse de la principal playa familiar de Santa Ponsa. Cuenta con habitaciones familiares, zonas de piscina y un ambiente vacacional relajado.<\/p>\n<p data-start=\"791\" data-end=\"1050\"><strong>Enlace para ver m\u00e1s detalles y reservar:<\/strong> <strong><a href=\"https:\/\/booking.stay22.com\/likexpats\/W8XFbozLaG\" target=\"_blank\" rel=\"noopener\">Globales Costa de la Calma<\/a><\/strong><\/p>\n<h4 data-start=\"1097\" data-end=\"1275\"><span class=\"ez-toc-section\" id=\"Jutlandia_Family_Resort\"><\/span><strong data-start=\"1097\" data-end=\"1140\"><span class=\"\" data-state=\"closed\"><span class=\"hover:entity-accent entity-underline inline cursor-pointer align-baseline\"><span class=\"whitespace-normal\">Jutlandia Family Resort<\/span><\/span><\/span><\/strong><span class=\"ez-toc-section-end\"><\/span><\/h4>\n<div id='gallery-9' class='gallery galleryid-1730 gallery-columns-2 gallery-size-full'><figure class='gallery-item'>\n\t\t\t<div class='gallery-icon landscape'>\n\t\t\t\t<a href='https:\/\/www.mymallorcadiary.com\/wp-content\/uploads\/2026\/02\/Jutlandia-family-hotel-Santa-Ponsa.webp'><img decoding=\"async\" width=\"1920\" height=\"1078\" src=\"https:\/\/www.mymallorcadiary.com\/wp-content\/uploads\/2026\/02\/Jutlandia-family-hotel-Santa-Ponsa.webp\" class=\"attachment-full size-full\" alt=\"\" srcset=\"https:\/\/www.mymallorcadiary.com\/wp-content\/uploads\/2026\/02\/Jutlandia-family-hotel-Santa-Ponsa.webp 1920w, https:\/\/www.mymallorcadiary.com\/wp-content\/uploads\/2026\/02\/Jutlandia-family-hotel-Santa-Ponsa-300x168.webp 300w, https:\/\/www.mymallorcadiary.com\/wp-content\/uploads\/2026\/02\/Jutlandia-family-hotel-Santa-Ponsa-1024x575.webp 1024w, https:\/\/www.mymallorcadiary.com\/wp-content\/uploads\/2026\/02\/Jutlandia-family-hotel-Santa-Ponsa-768x431.webp 768w, https:\/\/www.mymallorcadiary.com\/wp-content\/uploads\/2026\/02\/Jutlandia-family-hotel-Santa-Ponsa-1536x862.webp 1536w, https:\/\/www.mymallorcadiary.com\/wp-content\/uploads\/2026\/02\/Jutlandia-family-hotel-Santa-Ponsa-696x391.webp 696w, https:\/\/www.mymallorcadiary.com\/wp-content\/uploads\/2026\/02\/Jutlandia-family-hotel-Santa-Ponsa-1392x782.webp 1392w\" sizes=\"(max-width: 1920px) 100vw, 1920px\" \/><\/a>\n\t\t\t<\/div><\/figure><figure class='gallery-item'>\n\t\t\t<div class='gallery-icon landscape'>\n\t\t\t\t<a href='https:\/\/www.mymallorcadiary.com\/wp-content\/uploads\/2026\/02\/Jutlandia-Family-hotel-Mallorca.webp'><img decoding=\"async\" width=\"1920\" height=\"1078\" src=\"https:\/\/www.mymallorcadiary.com\/wp-content\/uploads\/2026\/02\/Jutlandia-Family-hotel-Mallorca.webp\" class=\"attachment-full size-full\" alt=\"\" srcset=\"https:\/\/www.mymallorcadiary.com\/wp-content\/uploads\/2026\/02\/Jutlandia-Family-hotel-Mallorca.webp 1920w, https:\/\/www.mymallorcadiary.com\/wp-content\/uploads\/2026\/02\/Jutlandia-Family-hotel-Mallorca-300x168.webp 300w, https:\/\/www.mymallorcadiary.com\/wp-content\/uploads\/2026\/02\/Jutlandia-Family-hotel-Mallorca-1024x575.webp 1024w, https:\/\/www.mymallorcadiary.com\/wp-content\/uploads\/2026\/02\/Jutlandia-Family-hotel-Mallorca-768x431.webp 768w, https:\/\/www.mymallorcadiary.com\/wp-content\/uploads\/2026\/02\/Jutlandia-Family-hotel-Mallorca-1536x862.webp 1536w, https:\/\/www.mymallorcadiary.com\/wp-content\/uploads\/2026\/02\/Jutlandia-Family-hotel-Mallorca-696x391.webp 696w, https:\/\/www.mymallorcadiary.com\/wp-content\/uploads\/2026\/02\/Jutlandia-Family-hotel-Mallorca-1392x782.webp 1392w\" sizes=\"(max-width: 1920px) 100vw, 1920px\" \/><\/a>\n\t\t\t<\/div><\/figure><figure class='gallery-item'>\n\t\t\t<div class='gallery-icon landscape'>\n\t\t\t\t<a href='https:\/\/www.mymallorcadiary.com\/wp-content\/uploads\/2026\/02\/Family-accommodation-in-Mallorca.webp'><img decoding=\"async\" width=\"1920\" height=\"1078\" src=\"https:\/\/www.mymallorcadiary.com\/wp-content\/uploads\/2026\/02\/Family-accommodation-in-Mallorca.webp\" class=\"attachment-full size-full\" alt=\"\" srcset=\"https:\/\/www.mymallorcadiary.com\/wp-content\/uploads\/2026\/02\/Family-accommodation-in-Mallorca.webp 1920w, https:\/\/www.mymallorcadiary.com\/wp-content\/uploads\/2026\/02\/Family-accommodation-in-Mallorca-300x168.webp 300w, https:\/\/www.mymallorcadiary.com\/wp-content\/uploads\/2026\/02\/Family-accommodation-in-Mallorca-1024x575.webp 1024w, https:\/\/www.mymallorcadiary.com\/wp-content\/uploads\/2026\/02\/Family-accommodation-in-Mallorca-768x431.webp 768w, https:\/\/www.mymallorcadiary.com\/wp-content\/uploads\/2026\/02\/Family-accommodation-in-Mallorca-1536x862.webp 1536w, https:\/\/www.mymallorcadiary.com\/wp-content\/uploads\/2026\/02\/Family-accommodation-in-Mallorca-696x391.webp 696w, https:\/\/www.mymallorcadiary.com\/wp-content\/uploads\/2026\/02\/Family-accommodation-in-Mallorca-1392x782.webp 1392w\" sizes=\"(max-width: 1920px) 100vw, 1920px\" \/><\/a>\n\t\t\t<\/div><\/figure><figure class='gallery-item'>\n\t\t\t<div class='gallery-icon landscape'>\n\t\t\t\t<a href='https:\/\/www.mymallorcadiary.com\/wp-content\/uploads\/2026\/02\/Jutlandia-Mallorca.webp'><img decoding=\"async\" width=\"1920\" height=\"1078\" src=\"https:\/\/www.mymallorcadiary.com\/wp-content\/uploads\/2026\/02\/Jutlandia-Mallorca.webp\" class=\"attachment-full size-full\" alt=\"\" srcset=\"https:\/\/www.mymallorcadiary.com\/wp-content\/uploads\/2026\/02\/Jutlandia-Mallorca.webp 1920w, https:\/\/www.mymallorcadiary.com\/wp-content\/uploads\/2026\/02\/Jutlandia-Mallorca-300x168.webp 300w, https:\/\/www.mymallorcadiary.com\/wp-content\/uploads\/2026\/02\/Jutlandia-Mallorca-1024x575.webp 1024w, https:\/\/www.mymallorcadiary.com\/wp-content\/uploads\/2026\/02\/Jutlandia-Mallorca-768x431.webp 768w, https:\/\/www.mymallorcadiary.com\/wp-content\/uploads\/2026\/02\/Jutlandia-Mallorca-1536x862.webp 1536w, https:\/\/www.mymallorcadiary.com\/wp-content\/uploads\/2026\/02\/Jutlandia-Mallorca-696x391.webp 696w, https:\/\/www.mymallorcadiary.com\/wp-content\/uploads\/2026\/02\/Jutlandia-Mallorca-1392x782.webp 1392w\" sizes=\"(max-width: 1920px) 100vw, 1920px\" \/><\/a>\n\t\t\t<\/div><\/figure>\n\t\t<\/div>\n\n<p data-start=\"1097\" data-end=\"1275\">Fotos via granisla.com<\/p>\n<p data-start=\"1097\" data-end=\"1275\">Un popular complejo tur\u00edstico familiar que combina habitaciones de hotel y alojamientos tipo apartamento, con buenas instalaciones para ni\u00f1os y familias.<\/p>\n<p data-start=\"1097\" data-end=\"1275\"><strong>Enlace para ver m\u00e1s detalles y reservar:<\/strong> <strong><a href=\"https:\/\/booking.stay22.com\/likexpats\/gJWcjNtKp6\" target=\"_blank\" rel=\"noopener\">Jutlandia Family Resort<\/a><\/strong><\/p>\n<h4 data-start=\"1277\" data-end=\"1451\"><span class=\"ez-toc-section\" id=\"Aparthotel_Holiday_Center\"><\/span><strong data-start=\"1277\" data-end=\"1320\"><span class=\"\" data-state=\"closed\"><span class=\"hover:entity-accent entity-underline inline cursor-pointer align-baseline\"><span class=\"whitespace-normal\">Aparthotel Holiday Center<\/span><\/span><\/span><\/strong><span class=\"ez-toc-section-end\"><\/span><\/h4>\n<div id='gallery-10' class='gallery galleryid-1730 gallery-columns-2 gallery-size-full'><figure class='gallery-item'>\n\t\t\t<div class='gallery-icon landscape'>\n\t\t\t\t<a href='https:\/\/www.mymallorcadiary.com\/wp-content\/uploads\/2026\/02\/Holiday-Center-Mallorca.webp'><img decoding=\"async\" width=\"1920\" height=\"1078\" src=\"https:\/\/www.mymallorcadiary.com\/wp-content\/uploads\/2026\/02\/Holiday-Center-Mallorca.webp\" class=\"attachment-full size-full\" alt=\"\" srcset=\"https:\/\/www.mymallorcadiary.com\/wp-content\/uploads\/2026\/02\/Holiday-Center-Mallorca.webp 1920w, https:\/\/www.mymallorcadiary.com\/wp-content\/uploads\/2026\/02\/Holiday-Center-Mallorca-300x168.webp 300w, https:\/\/www.mymallorcadiary.com\/wp-content\/uploads\/2026\/02\/Holiday-Center-Mallorca-1024x575.webp 1024w, https:\/\/www.mymallorcadiary.com\/wp-content\/uploads\/2026\/02\/Holiday-Center-Mallorca-768x431.webp 768w, https:\/\/www.mymallorcadiary.com\/wp-content\/uploads\/2026\/02\/Holiday-Center-Mallorca-1536x862.webp 1536w, https:\/\/www.mymallorcadiary.com\/wp-content\/uploads\/2026\/02\/Holiday-Center-Mallorca-696x391.webp 696w, https:\/\/www.mymallorcadiary.com\/wp-content\/uploads\/2026\/02\/Holiday-Center-Mallorca-1392x782.webp 1392w\" sizes=\"(max-width: 1920px) 100vw, 1920px\" \/><\/a>\n\t\t\t<\/div><\/figure><figure class='gallery-item'>\n\t\t\t<div class='gallery-icon landscape'>\n\t\t\t\t<a href='https:\/\/www.mymallorcadiary.com\/wp-content\/uploads\/2026\/02\/Hotel-for-families-in-Santa-Ponsa-2.webp'><img decoding=\"async\" width=\"1920\" height=\"1078\" src=\"https:\/\/www.mymallorcadiary.com\/wp-content\/uploads\/2026\/02\/Hotel-for-families-in-Santa-Ponsa-2.webp\" class=\"attachment-full size-full\" alt=\"\" srcset=\"https:\/\/www.mymallorcadiary.com\/wp-content\/uploads\/2026\/02\/Hotel-for-families-in-Santa-Ponsa-2.webp 1920w, https:\/\/www.mymallorcadiary.com\/wp-content\/uploads\/2026\/02\/Hotel-for-families-in-Santa-Ponsa-2-300x168.webp 300w, https:\/\/www.mymallorcadiary.com\/wp-content\/uploads\/2026\/02\/Hotel-for-families-in-Santa-Ponsa-2-1024x575.webp 1024w, https:\/\/www.mymallorcadiary.com\/wp-content\/uploads\/2026\/02\/Hotel-for-families-in-Santa-Ponsa-2-768x431.webp 768w, https:\/\/www.mymallorcadiary.com\/wp-content\/uploads\/2026\/02\/Hotel-for-families-in-Santa-Ponsa-2-1536x862.webp 1536w, https:\/\/www.mymallorcadiary.com\/wp-content\/uploads\/2026\/02\/Hotel-for-families-in-Santa-Ponsa-2-696x391.webp 696w, https:\/\/www.mymallorcadiary.com\/wp-content\/uploads\/2026\/02\/Hotel-for-families-in-Santa-Ponsa-2-1392x782.webp 1392w\" sizes=\"(max-width: 1920px) 100vw, 1920px\" \/><\/a>\n\t\t\t<\/div><\/figure><figure class='gallery-item'>\n\t\t\t<div class='gallery-icon landscape'>\n\t\t\t\t<a href='https:\/\/www.mymallorcadiary.com\/wp-content\/uploads\/2026\/02\/Aparthotel-Holiday-Center-Mallorca.webp'><img decoding=\"async\" width=\"1920\" height=\"1078\" src=\"https:\/\/www.mymallorcadiary.com\/wp-content\/uploads\/2026\/02\/Aparthotel-Holiday-Center-Mallorca.webp\" class=\"attachment-full size-full\" alt=\"\" srcset=\"https:\/\/www.mymallorcadiary.com\/wp-content\/uploads\/2026\/02\/Aparthotel-Holiday-Center-Mallorca.webp 1920w, https:\/\/www.mymallorcadiary.com\/wp-content\/uploads\/2026\/02\/Aparthotel-Holiday-Center-Mallorca-300x168.webp 300w, https:\/\/www.mymallorcadiary.com\/wp-content\/uploads\/2026\/02\/Aparthotel-Holiday-Center-Mallorca-1024x575.webp 1024w, https:\/\/www.mymallorcadiary.com\/wp-content\/uploads\/2026\/02\/Aparthotel-Holiday-Center-Mallorca-768x431.webp 768w, https:\/\/www.mymallorcadiary.com\/wp-content\/uploads\/2026\/02\/Aparthotel-Holiday-Center-Mallorca-1536x862.webp 1536w, https:\/\/www.mymallorcadiary.com\/wp-content\/uploads\/2026\/02\/Aparthotel-Holiday-Center-Mallorca-696x391.webp 696w, https:\/\/www.mymallorcadiary.com\/wp-content\/uploads\/2026\/02\/Aparthotel-Holiday-Center-Mallorca-1392x782.webp 1392w\" sizes=\"(max-width: 1920px) 100vw, 1920px\" \/><\/a>\n\t\t\t<\/div><\/figure><figure class='gallery-item'>\n\t\t\t<div class='gallery-icon landscape'>\n\t\t\t\t<a href='https:\/\/www.mymallorcadiary.com\/wp-content\/uploads\/2026\/02\/Aparthotel-in-Santa-Ponsa.webp'><img decoding=\"async\" width=\"1920\" height=\"1078\" src=\"https:\/\/www.mymallorcadiary.com\/wp-content\/uploads\/2026\/02\/Aparthotel-in-Santa-Ponsa.webp\" class=\"attachment-full size-full\" alt=\"\" srcset=\"https:\/\/www.mymallorcadiary.com\/wp-content\/uploads\/2026\/02\/Aparthotel-in-Santa-Ponsa.webp 1920w, https:\/\/www.mymallorcadiary.com\/wp-content\/uploads\/2026\/02\/Aparthotel-in-Santa-Ponsa-300x168.webp 300w, https:\/\/www.mymallorcadiary.com\/wp-content\/uploads\/2026\/02\/Aparthotel-in-Santa-Ponsa-1024x575.webp 1024w, https:\/\/www.mymallorcadiary.com\/wp-content\/uploads\/2026\/02\/Aparthotel-in-Santa-Ponsa-768x431.webp 768w, https:\/\/www.mymallorcadiary.com\/wp-content\/uploads\/2026\/02\/Aparthotel-in-Santa-Ponsa-1536x862.webp 1536w, https:\/\/www.mymallorcadiary.com\/wp-content\/uploads\/2026\/02\/Aparthotel-in-Santa-Ponsa-696x391.webp 696w, https:\/\/www.mymallorcadiary.com\/wp-content\/uploads\/2026\/02\/Aparthotel-in-Santa-Ponsa-1392x782.webp 1392w\" sizes=\"(max-width: 1920px) 100vw, 1920px\" \/><\/a>\n\t\t\t<\/div><\/figure>\n\t\t<\/div>\n\n<p data-start=\"1277\" data-end=\"1451\">Fotos via holidaycenter.es<\/p>\n<p data-start=\"1277\" data-end=\"1451\">Un apartahotel de 3 estrellas ideal para familias que desean estancias flexibles con cocina propia a poca distancia de playas, bares y tiendas.<\/p>\n<p data-start=\"1277\" data-end=\"1451\">Enlace para ver m\u00e1s detalles y reservar: <strong><a href=\"https:\/\/booking.stay22.com\/likexpats\/hvZp7eeJ6W\" target=\"_blank\" rel=\"noopener\">Aparthotel Holiday Center<\/a><\/strong><\/p>\n<h3 data-start=\"1499\" data-end=\"1537\"><span class=\"ez-toc-section\" id=\"Villas_en_Santa_Ponsa_para_familias_nuestras_recomendaciones\"><\/span><strong>Villas en Santa Ponsa para familias: nuestras recomendaciones:<\/strong><span class=\"ez-toc-section-end\"><\/span><\/h3>\n<h4><span class=\"ez-toc-section\" id=\"Villa_Colibri\"><\/span><strong data-start=\"156\" data-end=\"197\"><span class=\"hover:entity-accent entity-underline inline cursor-pointer align-baseline\"><span class=\"whitespace-normal\">Villa Colibr\u00ed<\/span><\/span><\/strong><span class=\"ez-toc-section-end\"><\/span><\/h4>\n<p><strong>3 dormitorios | Hasta 6 personas<\/strong><\/p>\n<div id='gallery-11' class='gallery galleryid-1730 gallery-columns-2 gallery-size-full'><figure class='gallery-item'>\n\t\t\t<div class='gallery-icon landscape'>\n\t\t\t\t<a href='https:\/\/www.mymallorcadiary.com\/wp-content\/uploads\/2026\/02\/Villa-for-families-in-Mallorca.webp'><img decoding=\"async\" width=\"1920\" height=\"1078\" src=\"https:\/\/www.mymallorcadiary.com\/wp-content\/uploads\/2026\/02\/Villa-for-families-in-Mallorca.webp\" class=\"attachment-full size-full\" alt=\"\" srcset=\"https:\/\/www.mymallorcadiary.com\/wp-content\/uploads\/2026\/02\/Villa-for-families-in-Mallorca.webp 1920w, https:\/\/www.mymallorcadiary.com\/wp-content\/uploads\/2026\/02\/Villa-for-families-in-Mallorca-300x168.webp 300w, https:\/\/www.mymallorcadiary.com\/wp-content\/uploads\/2026\/02\/Villa-for-families-in-Mallorca-1024x575.webp 1024w, https:\/\/www.mymallorcadiary.com\/wp-content\/uploads\/2026\/02\/Villa-for-families-in-Mallorca-768x431.webp 768w, https:\/\/www.mymallorcadiary.com\/wp-content\/uploads\/2026\/02\/Villa-for-families-in-Mallorca-1536x862.webp 1536w, https:\/\/www.mymallorcadiary.com\/wp-content\/uploads\/2026\/02\/Villa-for-families-in-Mallorca-696x391.webp 696w, https:\/\/www.mymallorcadiary.com\/wp-content\/uploads\/2026\/02\/Villa-for-families-in-Mallorca-1392x782.webp 1392w\" sizes=\"(max-width: 1920px) 100vw, 1920px\" \/><\/a>\n\t\t\t<\/div><\/figure><figure class='gallery-item'>\n\t\t\t<div class='gallery-icon landscape'>\n\t\t\t\t<a href='https:\/\/www.mymallorcadiary.com\/wp-content\/uploads\/2026\/02\/Villa-for-6-people-in-Santa-Ponsa.webp'><img decoding=\"async\" width=\"1920\" height=\"1078\" src=\"https:\/\/www.mymallorcadiary.com\/wp-content\/uploads\/2026\/02\/Villa-for-6-people-in-Santa-Ponsa.webp\" class=\"attachment-full size-full\" alt=\"\" srcset=\"https:\/\/www.mymallorcadiary.com\/wp-content\/uploads\/2026\/02\/Villa-for-6-people-in-Santa-Ponsa.webp 1920w, https:\/\/www.mymallorcadiary.com\/wp-content\/uploads\/2026\/02\/Villa-for-6-people-in-Santa-Ponsa-300x168.webp 300w, https:\/\/www.mymallorcadiary.com\/wp-content\/uploads\/2026\/02\/Villa-for-6-people-in-Santa-Ponsa-1024x575.webp 1024w, https:\/\/www.mymallorcadiary.com\/wp-content\/uploads\/2026\/02\/Villa-for-6-people-in-Santa-Ponsa-768x431.webp 768w, https:\/\/www.mymallorcadiary.com\/wp-content\/uploads\/2026\/02\/Villa-for-6-people-in-Santa-Ponsa-1536x862.webp 1536w, https:\/\/www.mymallorcadiary.com\/wp-content\/uploads\/2026\/02\/Villa-for-6-people-in-Santa-Ponsa-696x391.webp 696w, https:\/\/www.mymallorcadiary.com\/wp-content\/uploads\/2026\/02\/Villa-for-6-people-in-Santa-Ponsa-1392x782.webp 1392w\" sizes=\"(max-width: 1920px) 100vw, 1920px\" \/><\/a>\n\t\t\t<\/div><\/figure><figure class='gallery-item'>\n\t\t\t<div class='gallery-icon landscape'>\n\t\t\t\t<a href='https:\/\/www.mymallorcadiary.com\/wp-content\/uploads\/2026\/02\/Villa-for-6-people-in-Mallorca.webp'><img decoding=\"async\" width=\"1920\" height=\"1078\" src=\"https:\/\/www.mymallorcadiary.com\/wp-content\/uploads\/2026\/02\/Villa-for-6-people-in-Mallorca.webp\" class=\"attachment-full size-full\" alt=\"\" srcset=\"https:\/\/www.mymallorcadiary.com\/wp-content\/uploads\/2026\/02\/Villa-for-6-people-in-Mallorca.webp 1920w, https:\/\/www.mymallorcadiary.com\/wp-content\/uploads\/2026\/02\/Villa-for-6-people-in-Mallorca-300x168.webp 300w, https:\/\/www.mymallorcadiary.com\/wp-content\/uploads\/2026\/02\/Villa-for-6-people-in-Mallorca-1024x575.webp 1024w, https:\/\/www.mymallorcadiary.com\/wp-content\/uploads\/2026\/02\/Villa-for-6-people-in-Mallorca-768x431.webp 768w, https:\/\/www.mymallorcadiary.com\/wp-content\/uploads\/2026\/02\/Villa-for-6-people-in-Mallorca-1536x862.webp 1536w, https:\/\/www.mymallorcadiary.com\/wp-content\/uploads\/2026\/02\/Villa-for-6-people-in-Mallorca-696x391.webp 696w, https:\/\/www.mymallorcadiary.com\/wp-content\/uploads\/2026\/02\/Villa-for-6-people-in-Mallorca-1392x782.webp 1392w\" sizes=\"(max-width: 1920px) 100vw, 1920px\" \/><\/a>\n\t\t\t<\/div><\/figure><figure class='gallery-item'>\n\t\t\t<div class='gallery-icon landscape'>\n\t\t\t\t<a href='https:\/\/www.mymallorcadiary.com\/wp-content\/uploads\/2026\/02\/Villa-for-families-in-Santa-Ponsa.webp'><img decoding=\"async\" width=\"1920\" height=\"1078\" src=\"https:\/\/www.mymallorcadiary.com\/wp-content\/uploads\/2026\/02\/Villa-for-families-in-Santa-Ponsa.webp\" class=\"attachment-full size-full\" alt=\"\" srcset=\"https:\/\/www.mymallorcadiary.com\/wp-content\/uploads\/2026\/02\/Villa-for-families-in-Santa-Ponsa.webp 1920w, https:\/\/www.mymallorcadiary.com\/wp-content\/uploads\/2026\/02\/Villa-for-families-in-Santa-Ponsa-300x168.webp 300w, https:\/\/www.mymallorcadiary.com\/wp-content\/uploads\/2026\/02\/Villa-for-families-in-Santa-Ponsa-1024x575.webp 1024w, https:\/\/www.mymallorcadiary.com\/wp-content\/uploads\/2026\/02\/Villa-for-families-in-Santa-Ponsa-768x431.webp 768w, https:\/\/www.mymallorcadiary.com\/wp-content\/uploads\/2026\/02\/Villa-for-families-in-Santa-Ponsa-1536x862.webp 1536w, https:\/\/www.mymallorcadiary.com\/wp-content\/uploads\/2026\/02\/Villa-for-families-in-Santa-Ponsa-696x391.webp 696w, https:\/\/www.mymallorcadiary.com\/wp-content\/uploads\/2026\/02\/Villa-for-families-in-Santa-Ponsa-1392x782.webp 1392w\" sizes=\"(max-width: 1920px) 100vw, 1920px\" \/><\/a>\n\t\t\t<\/div><\/figure>\n\t\t<\/div>\n\n<p>Fotos via booking.com<\/p>\n<p><span class=\"hover:entity-accent entity-underline inline cursor-pointer align-baseline\"><span class=\"whitespace-normal\">A <\/span><\/span>charming Mediterranean-style villa with a private pool, BBQ area, garden, terraces, Wi-Fi and air conditioning. It has 3 double bedrooms and 2 bathrooms, comfortably sleeping up to 6 guests. The villa is in Son Ferrer (Calvi\u00e0), close to restaurants, shops and beaches like Playa del Toro. A relaxed option for families who want an outdoor space and local convenience.<\/p>\n<p>Enlace para ver m\u00e1s detalles y reservar: <strong><a href=\"https:\/\/booking.stay22.com\/likexpats\/9eDyprFpDy\" target=\"_blank\" rel=\"noopener\">Villa Colibr\u00ed<\/a><\/strong><\/p>\n<h4><span class=\"ez-toc-section\" id=\"Villa_Monsita\"><\/span><b>Villa Monsita<\/b><span class=\"ez-toc-section-end\"><\/span><\/h4>\n<p><strong>4 dormitorios | Hasta 8 personas<\/strong><\/p>\n<div id='gallery-12' class='gallery galleryid-1730 gallery-columns-2 gallery-size-full'><figure class='gallery-item'>\n\t\t\t<div class='gallery-icon landscape'>\n\t\t\t\t<a href='https:\/\/www.mymallorcadiary.com\/wp-content\/uploads\/2026\/02\/Villa-for-8-people-in-Mallorca.webp'><img decoding=\"async\" width=\"1920\" height=\"1078\" src=\"https:\/\/www.mymallorcadiary.com\/wp-content\/uploads\/2026\/02\/Villa-for-8-people-in-Mallorca.webp\" class=\"attachment-full size-full\" alt=\"\" srcset=\"https:\/\/www.mymallorcadiary.com\/wp-content\/uploads\/2026\/02\/Villa-for-8-people-in-Mallorca.webp 1920w, https:\/\/www.mymallorcadiary.com\/wp-content\/uploads\/2026\/02\/Villa-for-8-people-in-Mallorca-300x168.webp 300w, https:\/\/www.mymallorcadiary.com\/wp-content\/uploads\/2026\/02\/Villa-for-8-people-in-Mallorca-1024x575.webp 1024w, https:\/\/www.mymallorcadiary.com\/wp-content\/uploads\/2026\/02\/Villa-for-8-people-in-Mallorca-768x431.webp 768w, https:\/\/www.mymallorcadiary.com\/wp-content\/uploads\/2026\/02\/Villa-for-8-people-in-Mallorca-1536x862.webp 1536w, https:\/\/www.mymallorcadiary.com\/wp-content\/uploads\/2026\/02\/Villa-for-8-people-in-Mallorca-696x391.webp 696w, https:\/\/www.mymallorcadiary.com\/wp-content\/uploads\/2026\/02\/Villa-for-8-people-in-Mallorca-1392x782.webp 1392w\" sizes=\"(max-width: 1920px) 100vw, 1920px\" \/><\/a>\n\t\t\t<\/div><\/figure><figure class='gallery-item'>\n\t\t\t<div class='gallery-icon landscape'>\n\t\t\t\t<a href='https:\/\/www.mymallorcadiary.com\/wp-content\/uploads\/2026\/02\/Villa-for-families-in-Santa-Ponsa-1.webp'><img decoding=\"async\" width=\"1920\" height=\"1078\" src=\"https:\/\/www.mymallorcadiary.com\/wp-content\/uploads\/2026\/02\/Villa-for-families-in-Santa-Ponsa-1.webp\" class=\"attachment-full size-full\" alt=\"\" srcset=\"https:\/\/www.mymallorcadiary.com\/wp-content\/uploads\/2026\/02\/Villa-for-families-in-Santa-Ponsa-1.webp 1920w, https:\/\/www.mymallorcadiary.com\/wp-content\/uploads\/2026\/02\/Villa-for-families-in-Santa-Ponsa-1-300x168.webp 300w, https:\/\/www.mymallorcadiary.com\/wp-content\/uploads\/2026\/02\/Villa-for-families-in-Santa-Ponsa-1-1024x575.webp 1024w, https:\/\/www.mymallorcadiary.com\/wp-content\/uploads\/2026\/02\/Villa-for-families-in-Santa-Ponsa-1-768x431.webp 768w, https:\/\/www.mymallorcadiary.com\/wp-content\/uploads\/2026\/02\/Villa-for-families-in-Santa-Ponsa-1-1536x862.webp 1536w, https:\/\/www.mymallorcadiary.com\/wp-content\/uploads\/2026\/02\/Villa-for-families-in-Santa-Ponsa-1-696x391.webp 696w, https:\/\/www.mymallorcadiary.com\/wp-content\/uploads\/2026\/02\/Villa-for-families-in-Santa-Ponsa-1-1392x782.webp 1392w\" sizes=\"(max-width: 1920px) 100vw, 1920px\" \/><\/a>\n\t\t\t<\/div><\/figure><figure class='gallery-item'>\n\t\t\t<div class='gallery-icon landscape'>\n\t\t\t\t<a href='https:\/\/www.mymallorcadiary.com\/wp-content\/uploads\/2026\/02\/Pool-villa-for-families-Santa-Ponsa.webp'><img decoding=\"async\" width=\"1920\" height=\"1078\" src=\"https:\/\/www.mymallorcadiary.com\/wp-content\/uploads\/2026\/02\/Pool-villa-for-families-Santa-Ponsa.webp\" class=\"attachment-full size-full\" alt=\"\" srcset=\"https:\/\/www.mymallorcadiary.com\/wp-content\/uploads\/2026\/02\/Pool-villa-for-families-Santa-Ponsa.webp 1920w, https:\/\/www.mymallorcadiary.com\/wp-content\/uploads\/2026\/02\/Pool-villa-for-families-Santa-Ponsa-300x168.webp 300w, https:\/\/www.mymallorcadiary.com\/wp-content\/uploads\/2026\/02\/Pool-villa-for-families-Santa-Ponsa-1024x575.webp 1024w, https:\/\/www.mymallorcadiary.com\/wp-content\/uploads\/2026\/02\/Pool-villa-for-families-Santa-Ponsa-768x431.webp 768w, https:\/\/www.mymallorcadiary.com\/wp-content\/uploads\/2026\/02\/Pool-villa-for-families-Santa-Ponsa-1536x862.webp 1536w, https:\/\/www.mymallorcadiary.com\/wp-content\/uploads\/2026\/02\/Pool-villa-for-families-Santa-Ponsa-696x391.webp 696w, https:\/\/www.mymallorcadiary.com\/wp-content\/uploads\/2026\/02\/Pool-villa-for-families-Santa-Ponsa-1392x782.webp 1392w\" sizes=\"(max-width: 1920px) 100vw, 1920px\" \/><\/a>\n\t\t\t<\/div><\/figure><figure class='gallery-item'>\n\t\t\t<div class='gallery-icon landscape'>\n\t\t\t\t<a href='https:\/\/www.mymallorcadiary.com\/wp-content\/uploads\/2026\/02\/Pool-villa-for-families-Mallorca.webp'><img decoding=\"async\" width=\"1920\" height=\"1078\" src=\"https:\/\/www.mymallorcadiary.com\/wp-content\/uploads\/2026\/02\/Pool-villa-for-families-Mallorca.webp\" class=\"attachment-full size-full\" alt=\"\" srcset=\"https:\/\/www.mymallorcadiary.com\/wp-content\/uploads\/2026\/02\/Pool-villa-for-families-Mallorca.webp 1920w, https:\/\/www.mymallorcadiary.com\/wp-content\/uploads\/2026\/02\/Pool-villa-for-families-Mallorca-300x168.webp 300w, https:\/\/www.mymallorcadiary.com\/wp-content\/uploads\/2026\/02\/Pool-villa-for-families-Mallorca-1024x575.webp 1024w, https:\/\/www.mymallorcadiary.com\/wp-content\/uploads\/2026\/02\/Pool-villa-for-families-Mallorca-768x431.webp 768w, https:\/\/www.mymallorcadiary.com\/wp-content\/uploads\/2026\/02\/Pool-villa-for-families-Mallorca-1536x862.webp 1536w, https:\/\/www.mymallorcadiary.com\/wp-content\/uploads\/2026\/02\/Pool-villa-for-families-Mallorca-696x391.webp 696w, https:\/\/www.mymallorcadiary.com\/wp-content\/uploads\/2026\/02\/Pool-villa-for-families-Mallorca-1392x782.webp 1392w\" sizes=\"(max-width: 1920px) 100vw, 1920px\" \/><\/a>\n\t\t\t<\/div><\/figure>\n\t\t<\/div>\n\n<p data-start=\"257\" data-end=\"569\">Photos via booking.com<\/p>\n<p data-start=\"257\" data-end=\"569\">Villa Monsita es una espaciosa villa privada situada en una tranquila zona residencial de Santa Ponsa, a poca distancia en coche de la playa, los restaurantes y las tiendas locales. La propiedad ofrece un entorno c\u00f3modo y relajado, ideal para familias que buscan privacidad sin renunciar a la proximidad de todos los servicios de la zona.<\/p>\n<p data-start=\"571\" data-end=\"942\">La villa cuenta con varias habitaciones, lo que la hace ideal para familias numerosas o grupos que viajan juntos. En el interior, encontrar\u00e1 una luminosa sala de estar, una cocina totalmente equipada y c\u00f3modas habitaciones dise\u00f1adas para una estancia relajante. En el exterior, la villa ofrece una piscina privada, una terraza para tomar el sol y un comedor al aire libre donde las familias pueden disfrutar juntas de las largas tardes de verano.<\/p>\n<p data-start=\"571\" data-end=\"942\">Enlace para ver m\u00e1s detalles y reservar: <strong><a href=\"https:\/\/booking.stay22.com\/likexpats\/IpuQ9lf2ro\" target=\"_blank\" rel=\"noopener\">Villa Monsita<\/a><\/strong><\/p>\n<h4><span class=\"ez-toc-section\" id=\"Villa_Costa_Calma\"><\/span><strong>Villa Costa Calma<\/strong><span class=\"ez-toc-section-end\"><\/span><\/h4>\n<p><strong>3 dormitorios | Hasta 6 personas<\/strong><\/p>\n<div id='gallery-13' class='gallery galleryid-1730 gallery-columns-2 gallery-size-full'><figure class='gallery-item'>\n\t\t\t<div class='gallery-icon landscape'>\n\t\t\t\t<a href='https:\/\/www.mymallorcadiary.com\/wp-content\/uploads\/2026\/02\/6-bedroom-pool-villa-Santa-Ponsa.webp'><img decoding=\"async\" width=\"1920\" height=\"1078\" src=\"https:\/\/www.mymallorcadiary.com\/wp-content\/uploads\/2026\/02\/6-bedroom-pool-villa-Santa-Ponsa.webp\" class=\"attachment-full size-full\" alt=\"\" srcset=\"https:\/\/www.mymallorcadiary.com\/wp-content\/uploads\/2026\/02\/6-bedroom-pool-villa-Santa-Ponsa.webp 1920w, https:\/\/www.mymallorcadiary.com\/wp-content\/uploads\/2026\/02\/6-bedroom-pool-villa-Santa-Ponsa-300x168.webp 300w, https:\/\/www.mymallorcadiary.com\/wp-content\/uploads\/2026\/02\/6-bedroom-pool-villa-Santa-Ponsa-1024x575.webp 1024w, https:\/\/www.mymallorcadiary.com\/wp-content\/uploads\/2026\/02\/6-bedroom-pool-villa-Santa-Ponsa-768x431.webp 768w, https:\/\/www.mymallorcadiary.com\/wp-content\/uploads\/2026\/02\/6-bedroom-pool-villa-Santa-Ponsa-1536x862.webp 1536w, https:\/\/www.mymallorcadiary.com\/wp-content\/uploads\/2026\/02\/6-bedroom-pool-villa-Santa-Ponsa-696x391.webp 696w, https:\/\/www.mymallorcadiary.com\/wp-content\/uploads\/2026\/02\/6-bedroom-pool-villa-Santa-Ponsa-1392x782.webp 1392w\" sizes=\"(max-width: 1920px) 100vw, 1920px\" \/><\/a>\n\t\t\t<\/div><\/figure><figure class='gallery-item'>\n\t\t\t<div class='gallery-icon landscape'>\n\t\t\t\t<a href='https:\/\/www.mymallorcadiary.com\/wp-content\/uploads\/2026\/02\/Pool-villa-for-6-in-Santa-Ponsa.webp'><img decoding=\"async\" width=\"1920\" height=\"1078\" src=\"https:\/\/www.mymallorcadiary.com\/wp-content\/uploads\/2026\/02\/Pool-villa-for-6-in-Santa-Ponsa.webp\" class=\"attachment-full size-full\" alt=\"\" srcset=\"https:\/\/www.mymallorcadiary.com\/wp-content\/uploads\/2026\/02\/Pool-villa-for-6-in-Santa-Ponsa.webp 1920w, https:\/\/www.mymallorcadiary.com\/wp-content\/uploads\/2026\/02\/Pool-villa-for-6-in-Santa-Ponsa-300x168.webp 300w, https:\/\/www.mymallorcadiary.com\/wp-content\/uploads\/2026\/02\/Pool-villa-for-6-in-Santa-Ponsa-1024x575.webp 1024w, https:\/\/www.mymallorcadiary.com\/wp-content\/uploads\/2026\/02\/Pool-villa-for-6-in-Santa-Ponsa-768x431.webp 768w, https:\/\/www.mymallorcadiary.com\/wp-content\/uploads\/2026\/02\/Pool-villa-for-6-in-Santa-Ponsa-1536x862.webp 1536w, https:\/\/www.mymallorcadiary.com\/wp-content\/uploads\/2026\/02\/Pool-villa-for-6-in-Santa-Ponsa-696x391.webp 696w, https:\/\/www.mymallorcadiary.com\/wp-content\/uploads\/2026\/02\/Pool-villa-for-6-in-Santa-Ponsa-1392x782.webp 1392w\" sizes=\"(max-width: 1920px) 100vw, 1920px\" \/><\/a>\n\t\t\t<\/div><\/figure><figure class='gallery-item'>\n\t\t\t<div class='gallery-icon landscape'>\n\t\t\t\t<a href='https:\/\/www.mymallorcadiary.com\/wp-content\/uploads\/2026\/02\/Costa-de-la-Calma-Villa.webp'><img decoding=\"async\" width=\"1920\" height=\"1078\" src=\"https:\/\/www.mymallorcadiary.com\/wp-content\/uploads\/2026\/02\/Costa-de-la-Calma-Villa.webp\" class=\"attachment-full size-full\" alt=\"\" srcset=\"https:\/\/www.mymallorcadiary.com\/wp-content\/uploads\/2026\/02\/Costa-de-la-Calma-Villa.webp 1920w, https:\/\/www.mymallorcadiary.com\/wp-content\/uploads\/2026\/02\/Costa-de-la-Calma-Villa-300x168.webp 300w, https:\/\/www.mymallorcadiary.com\/wp-content\/uploads\/2026\/02\/Costa-de-la-Calma-Villa-1024x575.webp 1024w, https:\/\/www.mymallorcadiary.com\/wp-content\/uploads\/2026\/02\/Costa-de-la-Calma-Villa-768x431.webp 768w, https:\/\/www.mymallorcadiary.com\/wp-content\/uploads\/2026\/02\/Costa-de-la-Calma-Villa-1536x862.webp 1536w, https:\/\/www.mymallorcadiary.com\/wp-content\/uploads\/2026\/02\/Costa-de-la-Calma-Villa-696x391.webp 696w, https:\/\/www.mymallorcadiary.com\/wp-content\/uploads\/2026\/02\/Costa-de-la-Calma-Villa-1392x782.webp 1392w\" sizes=\"(max-width: 1920px) 100vw, 1920px\" \/><\/a>\n\t\t\t<\/div><\/figure><figure class='gallery-item'>\n\t\t\t<div class='gallery-icon landscape'>\n\t\t\t\t<a href='https:\/\/www.mymallorcadiary.com\/wp-content\/uploads\/2026\/02\/6-bedroom-villa-in-Santa-Ponsa.webp'><img decoding=\"async\" width=\"1920\" height=\"1078\" src=\"https:\/\/www.mymallorcadiary.com\/wp-content\/uploads\/2026\/02\/6-bedroom-villa-in-Santa-Ponsa.webp\" class=\"attachment-full size-full\" alt=\"\" srcset=\"https:\/\/www.mymallorcadiary.com\/wp-content\/uploads\/2026\/02\/6-bedroom-villa-in-Santa-Ponsa.webp 1920w, https:\/\/www.mymallorcadiary.com\/wp-content\/uploads\/2026\/02\/6-bedroom-villa-in-Santa-Ponsa-300x168.webp 300w, https:\/\/www.mymallorcadiary.com\/wp-content\/uploads\/2026\/02\/6-bedroom-villa-in-Santa-Ponsa-1024x575.webp 1024w, https:\/\/www.mymallorcadiary.com\/wp-content\/uploads\/2026\/02\/6-bedroom-villa-in-Santa-Ponsa-768x431.webp 768w, https:\/\/www.mymallorcadiary.com\/wp-content\/uploads\/2026\/02\/6-bedroom-villa-in-Santa-Ponsa-1536x862.webp 1536w, https:\/\/www.mymallorcadiary.com\/wp-content\/uploads\/2026\/02\/6-bedroom-villa-in-Santa-Ponsa-696x391.webp 696w, https:\/\/www.mymallorcadiary.com\/wp-content\/uploads\/2026\/02\/6-bedroom-villa-in-Santa-Ponsa-1392x782.webp 1392w\" sizes=\"(max-width: 1920px) 100vw, 1920px\" \/><\/a>\n\t\t\t<\/div><\/figure>\n\t\t<\/div>\n\n<p>Fotos via booking.com<\/p>\n<p data-start=\"231\" data-end=\"595\">Villa Costa Calma es una c\u00f3moda villa privada situada en la tranquila zona residencial de Costa de la Calma, a solo unos minutos en coche de Santa Ponsa y su playa de arena, restaurantes y tiendas. La zona es conocida por su ambiente relajado y sus hermosas vistas de la costa, lo que la convierte en un lugar ideal para las familias que desean disfrutar de Mallorca lejos de las concurridas zonas tur\u00edsticas.<\/p>\n<p data-start=\"597\" data-end=\"887\">La villa ofrece amplios interiores dise\u00f1ados para unas vacaciones relajantes, con m\u00faltiples dormitorios, una luminosa sala de estar y una cocina totalmente equipada. En el exterior, los hu\u00e9spedes pueden disfrutar de una piscina privada, tumbonas y una terraza ideal para comer al aire libre o pasar tiempo en familia.<\/p>\n<p data-start=\"597\" data-end=\"887\"><strong>Enlace para ver m\u00e1s detalles y reservar:<\/strong> <strong><a href=\"https:\/\/booking.stay22.com\/likexpats\/JLdBrvKe5A\" target=\"_blank\" rel=\"noopener\">Villa Costa Calma<\/a><\/strong><\/p>\n<p><img decoding=\"async\" class=\"alignnone wp-image-1377 size-full\" src=\"https:\/\/www.mymallorcadiary.com\/wp-content\/uploads\/2026\/02\/Puerto-de-Alcudia.webp\" alt=\"\" width=\"1920\" height=\"1078\" srcset=\"https:\/\/www.mymallorcadiary.com\/wp-content\/uploads\/2026\/02\/Puerto-de-Alcudia.webp 1920w, https:\/\/www.mymallorcadiary.com\/wp-content\/uploads\/2026\/02\/Puerto-de-Alcudia-300x168.webp 300w, https:\/\/www.mymallorcadiary.com\/wp-content\/uploads\/2026\/02\/Puerto-de-Alcudia-1024x575.webp 1024w, https:\/\/www.mymallorcadiary.com\/wp-content\/uploads\/2026\/02\/Puerto-de-Alcudia-768x431.webp 768w, https:\/\/www.mymallorcadiary.com\/wp-content\/uploads\/2026\/02\/Puerto-de-Alcudia-1536x862.webp 1536w, https:\/\/www.mymallorcadiary.com\/wp-content\/uploads\/2026\/02\/Puerto-de-Alcudia-696x391.webp 696w, https:\/\/www.mymallorcadiary.com\/wp-content\/uploads\/2026\/02\/Puerto-de-Alcudia-1392x782.webp 1392w\" sizes=\"(max-width: 1920px) 100vw, 1920px\" \/><\/p>\n<h2><span class=\"ez-toc-section\" id=\"Alcudia_para_familias\"><\/span><strong>Alcudia para familias<\/strong><span class=\"ez-toc-section-end\"><\/span><\/h2>\n<p data-start=\"2039\" data-end=\"2271\">Situada en el <strong><a href=\"https:\/\/www.mymallorcadiary.com\/es\/mis-experiencias-favoritas-en-el-norte-de-mallorca\/\">norte de Mallorca<\/a><\/strong>, Alc\u00fadia es famosa por tener una de las playas m\u00e1s largas y seguras de la isla. Sus aguas tranquilas y poco profundas se extienden a lo largo de kil\u00f3metros, lo que la hace perfecta para los ni\u00f1os peque\u00f1os y para disfrutar de relajados d\u00edas de playa en familia.<\/p>\n<p data-start=\"2273\" data-end=\"2512\">M\u00e1s all\u00e1 de la playa, Alc\u00fadia ofrece un encantador casco antiguo, mercados semanales, carriles bici y excursiones para toda la familia. La zona es un poco m\u00e1s tranquila y espaciosa en comparaci\u00f3n con algunos complejos tur\u00edsticos del sur, lo que muchas familias aprecian.<\/p>\n<h3 data-start=\"2514\" data-end=\"2548\"><span class=\"ez-toc-section\" id=\"Hoteles_en_Alcudia_para_familias\"><\/span><strong>Hoteles en Alcudia para familias<\/strong><span class=\"ez-toc-section-end\"><\/span><\/h3>\n<p data-start=\"2550\" data-end=\"2832\">Los hoteles de Alc\u00fadia suelen centrarse especialmente en la comodidad de las familias, ofreciendo habitaciones amplias, zonas de juegos, parques acu\u00e1ticos y completos programas de actividades. Muchos alojamientos est\u00e1n situados directamente en el paseo mar\u00edtimo, lo que permite a las familias desplazarse f\u00e1cilmente sin necesidad de utilizar el coche todos los d\u00edas.<\/p>\n<p data-start=\"2834\" data-end=\"2873\"><strong>Alcudia es ideal si buscas:<\/strong><\/p>\n<ul data-start=\"2874\" data-end=\"3070\">\n<li data-start=\"2874\" data-end=\"2926\">\n<p data-start=\"2876\" data-end=\"2926\">Largas playas de arena con condiciones seguras para el ba\u00f1o.<\/p>\n<\/li>\n<li data-start=\"2927\" data-end=\"2969\">\n<p data-start=\"2929\" data-end=\"2969\">Un entorno m\u00e1s relajado y espacioso.<\/p>\n<\/li>\n<li data-start=\"2970\" data-end=\"3026\">\n<p data-start=\"2972\" data-end=\"3026\">Actividades familiares al aire libre, como ciclismo o excursiones en barco.<\/p>\n<\/li>\n<li data-start=\"3027\" data-end=\"3070\">\n<p data-start=\"3029\" data-end=\"3070\">Hoteles resort con amplias instalaciones.<\/p>\n<\/li>\n<\/ul>\n<h3 data-start=\"1499\" data-end=\"1537\"><span class=\"ez-toc-section\" id=\"Hoteles_en_Alcudia_para_familias_nuestras_recomendaciones\"><\/span><strong>Hoteles en Alc\u00fadia para familias: nuestras recomendaciones:<\/strong><span class=\"ez-toc-section-end\"><\/span><\/h3>\n<h4><span class=\"ez-toc-section\" id=\"Innside_by_Melia_Alcudia\"><\/span><strong>Innside by Meli\u00e1 Alcudia<\/strong><span class=\"ez-toc-section-end\"><\/span><\/h4>\n<div id='gallery-14' class='gallery galleryid-1730 gallery-columns-2 gallery-size-full'><figure class='gallery-item'>\n\t\t\t<div class='gallery-icon landscape'>\n\t\t\t\t<a href='https:\/\/www.mymallorcadiary.com\/wp-content\/uploads\/2026\/02\/Innside-Alcudia.webp'><img decoding=\"async\" width=\"1920\" height=\"1078\" src=\"https:\/\/www.mymallorcadiary.com\/wp-content\/uploads\/2026\/02\/Innside-Alcudia.webp\" class=\"attachment-full size-full\" alt=\"\" srcset=\"https:\/\/www.mymallorcadiary.com\/wp-content\/uploads\/2026\/02\/Innside-Alcudia.webp 1920w, https:\/\/www.mymallorcadiary.com\/wp-content\/uploads\/2026\/02\/Innside-Alcudia-300x168.webp 300w, https:\/\/www.mymallorcadiary.com\/wp-content\/uploads\/2026\/02\/Innside-Alcudia-1024x575.webp 1024w, https:\/\/www.mymallorcadiary.com\/wp-content\/uploads\/2026\/02\/Innside-Alcudia-768x431.webp 768w, https:\/\/www.mymallorcadiary.com\/wp-content\/uploads\/2026\/02\/Innside-Alcudia-1536x862.webp 1536w, https:\/\/www.mymallorcadiary.com\/wp-content\/uploads\/2026\/02\/Innside-Alcudia-696x391.webp 696w, https:\/\/www.mymallorcadiary.com\/wp-content\/uploads\/2026\/02\/Innside-Alcudia-1392x782.webp 1392w\" sizes=\"(max-width: 1920px) 100vw, 1920px\" \/><\/a>\n\t\t\t<\/div><\/figure><figure class='gallery-item'>\n\t\t\t<div class='gallery-icon landscape'>\n\t\t\t\t<a href='https:\/\/www.mymallorcadiary.com\/wp-content\/uploads\/2026\/02\/Innside-by-Melia-Alcudia.webp'><img decoding=\"async\" width=\"1920\" height=\"1078\" src=\"https:\/\/www.mymallorcadiary.com\/wp-content\/uploads\/2026\/02\/Innside-by-Melia-Alcudia.webp\" class=\"attachment-full size-full\" alt=\"\" srcset=\"https:\/\/www.mymallorcadiary.com\/wp-content\/uploads\/2026\/02\/Innside-by-Melia-Alcudia.webp 1920w, https:\/\/www.mymallorcadiary.com\/wp-content\/uploads\/2026\/02\/Innside-by-Melia-Alcudia-300x168.webp 300w, https:\/\/www.mymallorcadiary.com\/wp-content\/uploads\/2026\/02\/Innside-by-Melia-Alcudia-1024x575.webp 1024w, https:\/\/www.mymallorcadiary.com\/wp-content\/uploads\/2026\/02\/Innside-by-Melia-Alcudia-768x431.webp 768w, https:\/\/www.mymallorcadiary.com\/wp-content\/uploads\/2026\/02\/Innside-by-Melia-Alcudia-1536x862.webp 1536w, https:\/\/www.mymallorcadiary.com\/wp-content\/uploads\/2026\/02\/Innside-by-Melia-Alcudia-696x391.webp 696w, https:\/\/www.mymallorcadiary.com\/wp-content\/uploads\/2026\/02\/Innside-by-Melia-Alcudia-1392x782.webp 1392w\" sizes=\"(max-width: 1920px) 100vw, 1920px\" \/><\/a>\n\t\t\t<\/div><\/figure><figure class='gallery-item'>\n\t\t\t<div class='gallery-icon landscape'>\n\t\t\t\t<a href='https:\/\/www.mymallorcadiary.com\/wp-content\/uploads\/2026\/02\/Hotel-for-families-Port-dAlcudia.webp'><img decoding=\"async\" width=\"1920\" height=\"1078\" src=\"https:\/\/www.mymallorcadiary.com\/wp-content\/uploads\/2026\/02\/Hotel-for-families-Port-dAlcudia.webp\" class=\"attachment-full size-full\" alt=\"\" srcset=\"https:\/\/www.mymallorcadiary.com\/wp-content\/uploads\/2026\/02\/Hotel-for-families-Port-dAlcudia.webp 1920w, https:\/\/www.mymallorcadiary.com\/wp-content\/uploads\/2026\/02\/Hotel-for-families-Port-dAlcudia-300x168.webp 300w, https:\/\/www.mymallorcadiary.com\/wp-content\/uploads\/2026\/02\/Hotel-for-families-Port-dAlcudia-1024x575.webp 1024w, https:\/\/www.mymallorcadiary.com\/wp-content\/uploads\/2026\/02\/Hotel-for-families-Port-dAlcudia-768x431.webp 768w, https:\/\/www.mymallorcadiary.com\/wp-content\/uploads\/2026\/02\/Hotel-for-families-Port-dAlcudia-1536x862.webp 1536w, https:\/\/www.mymallorcadiary.com\/wp-content\/uploads\/2026\/02\/Hotel-for-families-Port-dAlcudia-696x391.webp 696w, https:\/\/www.mymallorcadiary.com\/wp-content\/uploads\/2026\/02\/Hotel-for-families-Port-dAlcudia-1392x782.webp 1392w\" sizes=\"(max-width: 1920px) 100vw, 1920px\" \/><\/a>\n\t\t\t<\/div><\/figure><figure class='gallery-item'>\n\t\t\t<div class='gallery-icon landscape'>\n\t\t\t\t<a href='https:\/\/www.mymallorcadiary.com\/wp-content\/uploads\/2026\/02\/Hotel-for-families-in-Alcudia-1.webp'><img decoding=\"async\" width=\"1920\" height=\"1078\" src=\"https:\/\/www.mymallorcadiary.com\/wp-content\/uploads\/2026\/02\/Hotel-for-families-in-Alcudia-1.webp\" class=\"attachment-full size-full\" alt=\"\" srcset=\"https:\/\/www.mymallorcadiary.com\/wp-content\/uploads\/2026\/02\/Hotel-for-families-in-Alcudia-1.webp 1920w, https:\/\/www.mymallorcadiary.com\/wp-content\/uploads\/2026\/02\/Hotel-for-families-in-Alcudia-1-300x168.webp 300w, https:\/\/www.mymallorcadiary.com\/wp-content\/uploads\/2026\/02\/Hotel-for-families-in-Alcudia-1-1024x575.webp 1024w, https:\/\/www.mymallorcadiary.com\/wp-content\/uploads\/2026\/02\/Hotel-for-families-in-Alcudia-1-768x431.webp 768w, https:\/\/www.mymallorcadiary.com\/wp-content\/uploads\/2026\/02\/Hotel-for-families-in-Alcudia-1-1536x862.webp 1536w, https:\/\/www.mymallorcadiary.com\/wp-content\/uploads\/2026\/02\/Hotel-for-families-in-Alcudia-1-696x391.webp 696w, https:\/\/www.mymallorcadiary.com\/wp-content\/uploads\/2026\/02\/Hotel-for-families-in-Alcudia-1-1392x782.webp 1392w\" sizes=\"(max-width: 1920px) 100vw, 1920px\" \/><\/a>\n\t\t\t<\/div><\/figure>\n\t\t<\/div>\n\n<p data-start=\"234\" data-end=\"547\">Fotos via melia.com<\/p>\n<p data-start=\"234\" data-end=\"547\">INNSiDE by Meli\u00e1 Alcudia es un hotel moderno y elegante situado en Puerto de Alc\u00fadia, a pocos pasos de la larga playa de arena y cerca del parque natural de S&#8217;Albufera. El hotel ofrece un dise\u00f1o contempor\u00e1neo con amplias habitaciones y suites, muchas de ellas con terrazas privadas y distribuciones ideales para familias.<\/p>\n<p data-start=\"549\" data-end=\"832\">La propiedad cuenta con varias piscinas al aire libre, terrazas para tomar el sol y un ambiente relajado ideal tanto para parejas como para familias. Su ubicaci\u00f3n tambi\u00e9n permite acceder f\u00e1cilmente a rutas ciclistas, actividades en la playa y al encantador casco antiguo de Alcudia, que se encuentra a poca distancia en coche.<\/p>\n<p data-start=\"834\" data-end=\"974\">Los hu\u00e9spedes pueden disfrutar de los restaurantes del hotel, las zonas junto a la piscina y los c\u00f3modos espacios comunes dise\u00f1ados para relajarse despu\u00e9s de un d\u00eda explorando la isla.<\/p>\n<p data-start=\"834\" data-end=\"974\"><strong>Enlace para ver m\u00e1s detalles y reservar:<\/strong> <strong><a href=\"https:\/\/booking.stay22.com\/likexpats\/eegapF0EHN\" target=\"_blank\" rel=\"noopener\">Innside by Meli\u00e1 Alcudia<\/a><\/strong><\/p>\n<h4 data-start=\"618\" data-end=\"916\"><span class=\"ez-toc-section\" id=\"Hotel_More\"><\/span><strong data-start=\"618\" data-end=\"661\"><span class=\"\" data-state=\"closed\"><span class=\"hover:entity-accent entity-underline inline cursor-pointer align-baseline\"><span class=\"whitespace-normal\">Hotel Mor\u00e9<\/span><\/span><\/span><\/strong><span class=\"ez-toc-section-end\"><\/span><\/h4>\n<div id='gallery-15' class='gallery galleryid-1730 gallery-columns-2 gallery-size-full'><figure class='gallery-item'>\n\t\t\t<div class='gallery-icon landscape'>\n\t\t\t\t<a href='https:\/\/www.mymallorcadiary.com\/wp-content\/uploads\/2026\/02\/Affordable-hotel-in-Alcudia.webp'><img decoding=\"async\" width=\"1920\" height=\"1078\" src=\"https:\/\/www.mymallorcadiary.com\/wp-content\/uploads\/2026\/02\/Affordable-hotel-in-Alcudia.webp\" class=\"attachment-full size-full\" alt=\"\" srcset=\"https:\/\/www.mymallorcadiary.com\/wp-content\/uploads\/2026\/02\/Affordable-hotel-in-Alcudia.webp 1920w, https:\/\/www.mymallorcadiary.com\/wp-content\/uploads\/2026\/02\/Affordable-hotel-in-Alcudia-300x168.webp 300w, https:\/\/www.mymallorcadiary.com\/wp-content\/uploads\/2026\/02\/Affordable-hotel-in-Alcudia-1024x575.webp 1024w, https:\/\/www.mymallorcadiary.com\/wp-content\/uploads\/2026\/02\/Affordable-hotel-in-Alcudia-768x431.webp 768w, https:\/\/www.mymallorcadiary.com\/wp-content\/uploads\/2026\/02\/Affordable-hotel-in-Alcudia-1536x862.webp 1536w, https:\/\/www.mymallorcadiary.com\/wp-content\/uploads\/2026\/02\/Affordable-hotel-in-Alcudia-696x391.webp 696w, https:\/\/www.mymallorcadiary.com\/wp-content\/uploads\/2026\/02\/Affordable-hotel-in-Alcudia-1392x782.webp 1392w\" sizes=\"(max-width: 1920px) 100vw, 1920px\" \/><\/a>\n\t\t\t<\/div><\/figure><figure class='gallery-item'>\n\t\t\t<div class='gallery-icon landscape'>\n\t\t\t\t<a href='https:\/\/www.mymallorcadiary.com\/wp-content\/uploads\/2026\/02\/Beautiful-hotel-in-Alcudia.webp'><img decoding=\"async\" width=\"1920\" height=\"1078\" src=\"https:\/\/www.mymallorcadiary.com\/wp-content\/uploads\/2026\/02\/Beautiful-hotel-in-Alcudia.webp\" class=\"attachment-full size-full\" alt=\"\" srcset=\"https:\/\/www.mymallorcadiary.com\/wp-content\/uploads\/2026\/02\/Beautiful-hotel-in-Alcudia.webp 1920w, https:\/\/www.mymallorcadiary.com\/wp-content\/uploads\/2026\/02\/Beautiful-hotel-in-Alcudia-300x168.webp 300w, https:\/\/www.mymallorcadiary.com\/wp-content\/uploads\/2026\/02\/Beautiful-hotel-in-Alcudia-1024x575.webp 1024w, https:\/\/www.mymallorcadiary.com\/wp-content\/uploads\/2026\/02\/Beautiful-hotel-in-Alcudia-768x431.webp 768w, https:\/\/www.mymallorcadiary.com\/wp-content\/uploads\/2026\/02\/Beautiful-hotel-in-Alcudia-1536x862.webp 1536w, https:\/\/www.mymallorcadiary.com\/wp-content\/uploads\/2026\/02\/Beautiful-hotel-in-Alcudia-696x391.webp 696w, https:\/\/www.mymallorcadiary.com\/wp-content\/uploads\/2026\/02\/Beautiful-hotel-in-Alcudia-1392x782.webp 1392w\" sizes=\"(max-width: 1920px) 100vw, 1920px\" \/><\/a>\n\t\t\t<\/div><\/figure><figure class='gallery-item'>\n\t\t\t<div class='gallery-icon landscape'>\n\t\t\t\t<a href='https:\/\/www.mymallorcadiary.com\/wp-content\/uploads\/2026\/02\/Hotel-More-in-Alcudia.webp'><img decoding=\"async\" width=\"1920\" height=\"1078\" src=\"https:\/\/www.mymallorcadiary.com\/wp-content\/uploads\/2026\/02\/Hotel-More-in-Alcudia.webp\" class=\"attachment-full size-full\" alt=\"\" srcset=\"https:\/\/www.mymallorcadiary.com\/wp-content\/uploads\/2026\/02\/Hotel-More-in-Alcudia.webp 1920w, https:\/\/www.mymallorcadiary.com\/wp-content\/uploads\/2026\/02\/Hotel-More-in-Alcudia-300x168.webp 300w, https:\/\/www.mymallorcadiary.com\/wp-content\/uploads\/2026\/02\/Hotel-More-in-Alcudia-1024x575.webp 1024w, https:\/\/www.mymallorcadiary.com\/wp-content\/uploads\/2026\/02\/Hotel-More-in-Alcudia-768x431.webp 768w, https:\/\/www.mymallorcadiary.com\/wp-content\/uploads\/2026\/02\/Hotel-More-in-Alcudia-1536x862.webp 1536w, https:\/\/www.mymallorcadiary.com\/wp-content\/uploads\/2026\/02\/Hotel-More-in-Alcudia-696x391.webp 696w, https:\/\/www.mymallorcadiary.com\/wp-content\/uploads\/2026\/02\/Hotel-More-in-Alcudia-1392x782.webp 1392w\" sizes=\"(max-width: 1920px) 100vw, 1920px\" \/><\/a>\n\t\t\t<\/div><\/figure><figure class='gallery-item'>\n\t\t\t<div class='gallery-icon landscape'>\n\t\t\t\t<a href='https:\/\/www.mymallorcadiary.com\/wp-content\/uploads\/2026\/02\/Hotel-More-in-Mallorca.webp'><img decoding=\"async\" width=\"1920\" height=\"1078\" src=\"https:\/\/www.mymallorcadiary.com\/wp-content\/uploads\/2026\/02\/Hotel-More-in-Mallorca.webp\" class=\"attachment-full size-full\" alt=\"\" srcset=\"https:\/\/www.mymallorcadiary.com\/wp-content\/uploads\/2026\/02\/Hotel-More-in-Mallorca.webp 1920w, https:\/\/www.mymallorcadiary.com\/wp-content\/uploads\/2026\/02\/Hotel-More-in-Mallorca-300x168.webp 300w, https:\/\/www.mymallorcadiary.com\/wp-content\/uploads\/2026\/02\/Hotel-More-in-Mallorca-1024x575.webp 1024w, https:\/\/www.mymallorcadiary.com\/wp-content\/uploads\/2026\/02\/Hotel-More-in-Mallorca-768x431.webp 768w, https:\/\/www.mymallorcadiary.com\/wp-content\/uploads\/2026\/02\/Hotel-More-in-Mallorca-1536x862.webp 1536w, https:\/\/www.mymallorcadiary.com\/wp-content\/uploads\/2026\/02\/Hotel-More-in-Mallorca-696x391.webp 696w, https:\/\/www.mymallorcadiary.com\/wp-content\/uploads\/2026\/02\/Hotel-More-in-Mallorca-1392x782.webp 1392w\" sizes=\"(max-width: 1920px) 100vw, 1920px\" \/><\/a>\n\t\t\t<\/div><\/figure>\n\t\t<\/div>\n\n<p data-start=\"224\" data-end=\"520\">Fotos via hotelmore.com<\/p>\n<p data-start=\"224\" data-end=\"520\">El Hotel Mor\u00e9 est\u00e1 situado en la tranquila zona residencial de Bonaire, a las afueras de la hist\u00f3rica ciudad de Alc\u00fadia. Ubicado junto al mar, el hotel ofrece hermosas vistas de la bah\u00eda y acceso directo a una peque\u00f1a playa rocosa, creando un ambiente costero tranquilo lejos de las zonas tur\u00edsticas m\u00e1s concurridas.<\/p>\n<p data-start=\"522\" data-end=\"806\">El hotel cuenta con c\u00f3modas habitaciones, muchas de ellas con vistas al mar y balcones privados, as\u00ed como con una gran piscina al aire libre, terrazas para tomar el sol y un restaurante de cocina mediterr\u00e1nea. Su ambiente relajado y su entorno pintoresco lo convierten en un agradable punto de partida para explorar el norte de Mallorca.<\/p>\n<p data-start=\"808\" data-end=\"1048\">Desde el hotel es f\u00e1cil visitar el <strong data-start=\"843\" data-end=\"874\">encantador casco antiguo de Alc\u00fadia<\/strong>, conocido por sus murallas medievales, sus mercados locales y sus restaurantes familiares. Las largas playas de arena de Puerto de Alc\u00fadia y Playa de Muro tambi\u00e9n se encuentran a poca distancia en coche.<\/p>\n<p data-start=\"618\" data-end=\"916\"><strong>Enlace para ver m\u00e1s detalles y reservar: <a href=\"https:\/\/booking.stay22.com\/likexpats\/VyC_C-sOT-\" target=\"_blank\" rel=\"noopener\">Hotel Mor\u00e9<\/a><\/strong><\/p>\n<h4 data-start=\"918\" data-end=\"1180\"><span class=\"ez-toc-section\" id=\"Grupotel_Port_dAlcudia\"><\/span><strong data-start=\"918\" data-end=\"961\"><span class=\"\" data-state=\"closed\"><span class=\"hover:entity-accent entity-underline inline cursor-pointer align-baseline\"><span class=\"whitespace-normal\">Grupotel Port d&#8217;Alc\u00fadia<\/span><\/span><\/span><\/strong><span class=\"ez-toc-section-end\"><\/span><\/h4>\n<div id='gallery-16' class='gallery galleryid-1730 gallery-columns-2 gallery-size-full'><figure class='gallery-item'>\n\t\t\t<div class='gallery-icon landscape'>\n\t\t\t\t<a href='https:\/\/www.mymallorcadiary.com\/wp-content\/uploads\/2026\/02\/Grupotel-Port-dAlcudia.webp'><img decoding=\"async\" width=\"1920\" height=\"1078\" src=\"https:\/\/www.mymallorcadiary.com\/wp-content\/uploads\/2026\/02\/Grupotel-Port-dAlcudia.webp\" class=\"attachment-full size-full\" alt=\"\" srcset=\"https:\/\/www.mymallorcadiary.com\/wp-content\/uploads\/2026\/02\/Grupotel-Port-dAlcudia.webp 1920w, https:\/\/www.mymallorcadiary.com\/wp-content\/uploads\/2026\/02\/Grupotel-Port-dAlcudia-300x168.webp 300w, https:\/\/www.mymallorcadiary.com\/wp-content\/uploads\/2026\/02\/Grupotel-Port-dAlcudia-1024x575.webp 1024w, https:\/\/www.mymallorcadiary.com\/wp-content\/uploads\/2026\/02\/Grupotel-Port-dAlcudia-768x431.webp 768w, https:\/\/www.mymallorcadiary.com\/wp-content\/uploads\/2026\/02\/Grupotel-Port-dAlcudia-1536x862.webp 1536w, https:\/\/www.mymallorcadiary.com\/wp-content\/uploads\/2026\/02\/Grupotel-Port-dAlcudia-696x391.webp 696w, https:\/\/www.mymallorcadiary.com\/wp-content\/uploads\/2026\/02\/Grupotel-Port-dAlcudia-1392x782.webp 1392w\" sizes=\"(max-width: 1920px) 100vw, 1920px\" \/><\/a>\n\t\t\t<\/div><\/figure><figure class='gallery-item'>\n\t\t\t<div class='gallery-icon landscape'>\n\t\t\t\t<a href='https:\/\/www.mymallorcadiary.com\/wp-content\/uploads\/2026\/02\/Grupotel-Puerto-de-Alcudia.webp'><img decoding=\"async\" width=\"1920\" height=\"1078\" src=\"https:\/\/www.mymallorcadiary.com\/wp-content\/uploads\/2026\/02\/Grupotel-Puerto-de-Alcudia.webp\" class=\"attachment-full size-full\" alt=\"\" srcset=\"https:\/\/www.mymallorcadiary.com\/wp-content\/uploads\/2026\/02\/Grupotel-Puerto-de-Alcudia.webp 1920w, https:\/\/www.mymallorcadiary.com\/wp-content\/uploads\/2026\/02\/Grupotel-Puerto-de-Alcudia-300x168.webp 300w, https:\/\/www.mymallorcadiary.com\/wp-content\/uploads\/2026\/02\/Grupotel-Puerto-de-Alcudia-1024x575.webp 1024w, https:\/\/www.mymallorcadiary.com\/wp-content\/uploads\/2026\/02\/Grupotel-Puerto-de-Alcudia-768x431.webp 768w, https:\/\/www.mymallorcadiary.com\/wp-content\/uploads\/2026\/02\/Grupotel-Puerto-de-Alcudia-1536x862.webp 1536w, https:\/\/www.mymallorcadiary.com\/wp-content\/uploads\/2026\/02\/Grupotel-Puerto-de-Alcudia-696x391.webp 696w, https:\/\/www.mymallorcadiary.com\/wp-content\/uploads\/2026\/02\/Grupotel-Puerto-de-Alcudia-1392x782.webp 1392w\" sizes=\"(max-width: 1920px) 100vw, 1920px\" \/><\/a>\n\t\t\t<\/div><\/figure><figure class='gallery-item'>\n\t\t\t<div class='gallery-icon landscape'>\n\t\t\t\t<a href='https:\/\/www.mymallorcadiary.com\/wp-content\/uploads\/2026\/02\/Hotel-for-families-in-north-Mallorca.webp'><img decoding=\"async\" width=\"1920\" height=\"1078\" src=\"https:\/\/www.mymallorcadiary.com\/wp-content\/uploads\/2026\/02\/Hotel-for-families-in-north-Mallorca.webp\" class=\"attachment-full size-full\" alt=\"\" srcset=\"https:\/\/www.mymallorcadiary.com\/wp-content\/uploads\/2026\/02\/Hotel-for-families-in-north-Mallorca.webp 1920w, https:\/\/www.mymallorcadiary.com\/wp-content\/uploads\/2026\/02\/Hotel-for-families-in-north-Mallorca-300x168.webp 300w, https:\/\/www.mymallorcadiary.com\/wp-content\/uploads\/2026\/02\/Hotel-for-families-in-north-Mallorca-1024x575.webp 1024w, https:\/\/www.mymallorcadiary.com\/wp-content\/uploads\/2026\/02\/Hotel-for-families-in-north-Mallorca-768x431.webp 768w, https:\/\/www.mymallorcadiary.com\/wp-content\/uploads\/2026\/02\/Hotel-for-families-in-north-Mallorca-1536x862.webp 1536w, https:\/\/www.mymallorcadiary.com\/wp-content\/uploads\/2026\/02\/Hotel-for-families-in-north-Mallorca-696x391.webp 696w, https:\/\/www.mymallorcadiary.com\/wp-content\/uploads\/2026\/02\/Hotel-for-families-in-north-Mallorca-1392x782.webp 1392w\" sizes=\"(max-width: 1920px) 100vw, 1920px\" \/><\/a>\n\t\t\t<\/div><\/figure><figure class='gallery-item'>\n\t\t\t<div class='gallery-icon landscape'>\n\t\t\t\t<a href='https:\/\/www.mymallorcadiary.com\/wp-content\/uploads\/2026\/02\/Hotel-for-families-in-Port-dAlcudia.webp'><img decoding=\"async\" width=\"1920\" height=\"1078\" src=\"https:\/\/www.mymallorcadiary.com\/wp-content\/uploads\/2026\/02\/Hotel-for-families-in-Port-dAlcudia.webp\" class=\"attachment-full size-full\" alt=\"\" srcset=\"https:\/\/www.mymallorcadiary.com\/wp-content\/uploads\/2026\/02\/Hotel-for-families-in-Port-dAlcudia.webp 1920w, https:\/\/www.mymallorcadiary.com\/wp-content\/uploads\/2026\/02\/Hotel-for-families-in-Port-dAlcudia-300x168.webp 300w, https:\/\/www.mymallorcadiary.com\/wp-content\/uploads\/2026\/02\/Hotel-for-families-in-Port-dAlcudia-1024x575.webp 1024w, https:\/\/www.mymallorcadiary.com\/wp-content\/uploads\/2026\/02\/Hotel-for-families-in-Port-dAlcudia-768x431.webp 768w, https:\/\/www.mymallorcadiary.com\/wp-content\/uploads\/2026\/02\/Hotel-for-families-in-Port-dAlcudia-1536x862.webp 1536w, https:\/\/www.mymallorcadiary.com\/wp-content\/uploads\/2026\/02\/Hotel-for-families-in-Port-dAlcudia-696x391.webp 696w, https:\/\/www.mymallorcadiary.com\/wp-content\/uploads\/2026\/02\/Hotel-for-families-in-Port-dAlcudia-1392x782.webp 1392w\" sizes=\"(max-width: 1920px) 100vw, 1920px\" \/><\/a>\n\t\t\t<\/div><\/figure>\n\t\t<\/div>\n\n<p data-start=\"263\" data-end=\"574\">Fotos via grupotel.com<\/p>\n<p data-start=\"263\" data-end=\"574\">El Grupotel Port d&#8217;Alcudia es un hotel ideal para familias situado en Puerto de Alc\u00fadia, a pocos pasos de la larga playa de arena y de la animada zona del puerto deportivo. Su c\u00e9ntrica ubicaci\u00f3n permite acceder f\u00e1cilmente a restaurantes, tiendas y atracciones locales, lo que lo convierte en un punto de partida ideal para las familias que desean explorar el norte de Mallorca.<\/p>\n<p data-start=\"576\" data-end=\"869\">El hotel ofrece habitaciones c\u00f3modas dise\u00f1adas para estancias relajantes, junto con varias instalaciones que incluyen piscinas al aire libre, spa, terrazas para tomar el sol y zonas de entretenimiento. El ambiente es acogedor y animado, con actividades y servicios especialmente pensados para familias que viajan con ni\u00f1os.<\/p>\n<p data-start=\"871\" data-end=\"1072\">Gracias a su ubicaci\u00f3n, los hu\u00e9spedes pueden explorar f\u00e1cilmente el casco antiguo de Alc\u00fadia, famoso por sus murallas medievales y sus mercados tradicionales, o disfrutar de excursiones en barco y actividades en la playa a lo largo de la costa.<\/p>\n<p data-start=\"918\" data-end=\"1180\"><strong>Enlace para ver m\u00e1s detalles y reservar: <a href=\"https:\/\/booking.stay22.com\/likexpats\/Rv2yh3hYkq\" target=\"_blank\" rel=\"noopener\">Grupotel Port d&#8217;Alcudia<\/a><\/strong><\/p>\n<h4 data-start=\"1220\" data-end=\"1546\"><span class=\"ez-toc-section\" id=\"Hotel_Ivory_Playa_Sports_Spa\"><\/span><strong data-start=\"1220\" data-end=\"1263\"><span class=\"\" data-state=\"closed\"><span class=\"hover:entity-accent entity-underline inline cursor-pointer align-baseline\"><span class=\"whitespace-normal\">Hotel Ivory Pl<\/span><\/span><\/span><span class=\"\" data-state=\"closed\"><span class=\"hover:entity-accent entity-underline inline cursor-pointer align-baseline\"><span class=\"whitespace-normal\">aya<\/span><\/span><\/span> (Sports &amp; Spa)<\/strong><span class=\"ez-toc-section-end\"><\/span><\/h4>\n<div id='gallery-17' class='gallery galleryid-1730 gallery-columns-2 gallery-size-full'><figure class='gallery-item'>\n\t\t\t<div class='gallery-icon landscape'>\n\t\t\t\t<a href='https:\/\/www.mymallorcadiary.com\/wp-content\/uploads\/2026\/02\/Pool-hotel-in-Alcudia.webp'><img decoding=\"async\" width=\"1920\" height=\"1078\" src=\"https:\/\/www.mymallorcadiary.com\/wp-content\/uploads\/2026\/02\/Pool-hotel-in-Alcudia.webp\" class=\"attachment-full size-full\" alt=\"\" srcset=\"https:\/\/www.mymallorcadiary.com\/wp-content\/uploads\/2026\/02\/Pool-hotel-in-Alcudia.webp 1920w, https:\/\/www.mymallorcadiary.com\/wp-content\/uploads\/2026\/02\/Pool-hotel-in-Alcudia-300x168.webp 300w, https:\/\/www.mymallorcadiary.com\/wp-content\/uploads\/2026\/02\/Pool-hotel-in-Alcudia-1024x575.webp 1024w, https:\/\/www.mymallorcadiary.com\/wp-content\/uploads\/2026\/02\/Pool-hotel-in-Alcudia-768x431.webp 768w, https:\/\/www.mymallorcadiary.com\/wp-content\/uploads\/2026\/02\/Pool-hotel-in-Alcudia-1536x862.webp 1536w, https:\/\/www.mymallorcadiary.com\/wp-content\/uploads\/2026\/02\/Pool-hotel-in-Alcudia-696x391.webp 696w, https:\/\/www.mymallorcadiary.com\/wp-content\/uploads\/2026\/02\/Pool-hotel-in-Alcudia-1392x782.webp 1392w\" sizes=\"(max-width: 1920px) 100vw, 1920px\" \/><\/a>\n\t\t\t<\/div><\/figure><figure class='gallery-item'>\n\t\t\t<div class='gallery-icon landscape'>\n\t\t\t\t<a href='https:\/\/www.mymallorcadiary.com\/wp-content\/uploads\/2026\/02\/Ivory-Playa-hotel-in-Alcudia.webp'><img decoding=\"async\" width=\"1920\" height=\"1078\" src=\"https:\/\/www.mymallorcadiary.com\/wp-content\/uploads\/2026\/02\/Ivory-Playa-hotel-in-Alcudia.webp\" class=\"attachment-full size-full\" alt=\"\" srcset=\"https:\/\/www.mymallorcadiary.com\/wp-content\/uploads\/2026\/02\/Ivory-Playa-hotel-in-Alcudia.webp 1920w, https:\/\/www.mymallorcadiary.com\/wp-content\/uploads\/2026\/02\/Ivory-Playa-hotel-in-Alcudia-300x168.webp 300w, https:\/\/www.mymallorcadiary.com\/wp-content\/uploads\/2026\/02\/Ivory-Playa-hotel-in-Alcudia-1024x575.webp 1024w, https:\/\/www.mymallorcadiary.com\/wp-content\/uploads\/2026\/02\/Ivory-Playa-hotel-in-Alcudia-768x431.webp 768w, https:\/\/www.mymallorcadiary.com\/wp-content\/uploads\/2026\/02\/Ivory-Playa-hotel-in-Alcudia-1536x862.webp 1536w, https:\/\/www.mymallorcadiary.com\/wp-content\/uploads\/2026\/02\/Ivory-Playa-hotel-in-Alcudia-696x391.webp 696w, https:\/\/www.mymallorcadiary.com\/wp-content\/uploads\/2026\/02\/Ivory-Playa-hotel-in-Alcudia-1392x782.webp 1392w\" sizes=\"(max-width: 1920px) 100vw, 1920px\" \/><\/a>\n\t\t\t<\/div><\/figure><figure class='gallery-item'>\n\t\t\t<div class='gallery-icon landscape'>\n\t\t\t\t<a href='https:\/\/www.mymallorcadiary.com\/wp-content\/uploads\/2026\/02\/Hotel-for-families-in-north-Mallorca-1.webp'><img decoding=\"async\" width=\"1920\" height=\"1078\" src=\"https:\/\/www.mymallorcadiary.com\/wp-content\/uploads\/2026\/02\/Hotel-for-families-in-north-Mallorca-1.webp\" class=\"attachment-full size-full\" alt=\"\" srcset=\"https:\/\/www.mymallorcadiary.com\/wp-content\/uploads\/2026\/02\/Hotel-for-families-in-north-Mallorca-1.webp 1920w, https:\/\/www.mymallorcadiary.com\/wp-content\/uploads\/2026\/02\/Hotel-for-families-in-north-Mallorca-1-300x168.webp 300w, https:\/\/www.mymallorcadiary.com\/wp-content\/uploads\/2026\/02\/Hotel-for-families-in-north-Mallorca-1-1024x575.webp 1024w, https:\/\/www.mymallorcadiary.com\/wp-content\/uploads\/2026\/02\/Hotel-for-families-in-north-Mallorca-1-768x431.webp 768w, https:\/\/www.mymallorcadiary.com\/wp-content\/uploads\/2026\/02\/Hotel-for-families-in-north-Mallorca-1-1536x862.webp 1536w, https:\/\/www.mymallorcadiary.com\/wp-content\/uploads\/2026\/02\/Hotel-for-families-in-north-Mallorca-1-696x391.webp 696w, https:\/\/www.mymallorcadiary.com\/wp-content\/uploads\/2026\/02\/Hotel-for-families-in-north-Mallorca-1-1392x782.webp 1392w\" sizes=\"(max-width: 1920px) 100vw, 1920px\" \/><\/a>\n\t\t\t<\/div><\/figure><figure class='gallery-item'>\n\t\t\t<div class='gallery-icon landscape'>\n\t\t\t\t<a href='https:\/\/www.mymallorcadiary.com\/wp-content\/uploads\/2026\/02\/Beautiful-hotel-in-Alcudia-1.webp'><img decoding=\"async\" width=\"1920\" height=\"1078\" src=\"https:\/\/www.mymallorcadiary.com\/wp-content\/uploads\/2026\/02\/Beautiful-hotel-in-Alcudia-1.webp\" class=\"attachment-full size-full\" alt=\"\" srcset=\"https:\/\/www.mymallorcadiary.com\/wp-content\/uploads\/2026\/02\/Beautiful-hotel-in-Alcudia-1.webp 1920w, https:\/\/www.mymallorcadiary.com\/wp-content\/uploads\/2026\/02\/Beautiful-hotel-in-Alcudia-1-300x168.webp 300w, https:\/\/www.mymallorcadiary.com\/wp-content\/uploads\/2026\/02\/Beautiful-hotel-in-Alcudia-1-1024x575.webp 1024w, https:\/\/www.mymallorcadiary.com\/wp-content\/uploads\/2026\/02\/Beautiful-hotel-in-Alcudia-1-768x431.webp 768w, https:\/\/www.mymallorcadiary.com\/wp-content\/uploads\/2026\/02\/Beautiful-hotel-in-Alcudia-1-1536x862.webp 1536w, https:\/\/www.mymallorcadiary.com\/wp-content\/uploads\/2026\/02\/Beautiful-hotel-in-Alcudia-1-696x391.webp 696w, https:\/\/www.mymallorcadiary.com\/wp-content\/uploads\/2026\/02\/Beautiful-hotel-in-Alcudia-1-1392x782.webp 1392w\" sizes=\"(max-width: 1920px) 100vw, 1920px\" \/><\/a>\n\t\t\t<\/div><\/figure>\n\t\t<\/div>\n\n<p data-start=\"117\" data-end=\"456\">Fotos via hotelivory.com<\/p>\n<p data-start=\"117\" data-end=\"456\"><strong>El Hotel Ivory Playa Sports &amp; Spa<\/strong> es un conocido apartahotel ideal para familias situado a pocos pasos de la <strong data-start=\"222\" data-end=\"239\">Playa de Muro<\/strong>, una de las playas m\u00e1s seguras y bonitas de Mallorca. El hotel ofrece amplios estudios y apartamentos con cocina y balc\u00f3n, lo que lo hace especialmente adecuado para familias que viajan con ni\u00f1os.<\/p>\n<p data-start=\"458\" data-end=\"758\">El establecimiento cuenta con piscinas al aire libre, una piscina infantil, instalaciones de spa y zonas de ocio dise\u00f1adas tanto para adultos como para ni\u00f1os. Tambi\u00e9n hay un restaurante y un bar, as\u00ed como instalaciones para ciclistas, lo que lo hace muy popular entre los viajeros activos que exploran el norte de la isla.<\/p>\n<p data-start=\"760\" data-end=\"1046\">Gracias a su ubicaci\u00f3n entre <strong data-start=\"791\" data-end=\"830\">Puerto de Alc\u00fadia y Playa de Muro<\/strong>, los hu\u00e9spedes pueden acceder f\u00e1cilmente a largas playas de arena, carriles bici y espacios naturales como el <strong data-start=\"917\" data-end=\"944\">Parque Natural de S&#8217;Albufera<\/strong>. El casco antiguo de Alc\u00fadia, con sus mercados y restaurantes, tambi\u00e9n se encuentra a poca distancia en coche.<\/p>\n<p data-start=\"1220\" data-end=\"1546\"><strong>Enlace para ver m\u00e1s detalles y reservar: <a href=\"https:\/\/booking.stay22.com\/likexpats\/P5jvpo-4Pk\" target=\"_blank\" rel=\"noopener\">Hotel Ivory Playa Sports &amp; Spa<\/a><\/strong><\/p>\n<h3 data-start=\"1499\" data-end=\"1537\"><span class=\"ez-toc-section\" id=\"Villas_en_Alcudia_para_familias_nuestras_recomendaciones\"><\/span><strong>Villas en Alcudia para familias: nuestras recomendaciones:<\/strong><span class=\"ez-toc-section-end\"><\/span><\/h3>\n<h4><span class=\"ez-toc-section\" id=\"Villa_PAM_ALYA_Casa_de_playa_con_piscina_y_jacuzzi\"><\/span><strong>Villa PAM, ALYA Casa de playa con piscina y jacuzzi<\/strong><span class=\"ez-toc-section-end\"><\/span><\/h4>\n<p><strong>3 dormitorios | Hasta 6 personas<\/strong><\/p>\n<div id='gallery-18' class='gallery galleryid-1730 gallery-columns-2 gallery-size-full'><figure class='gallery-item'>\n\t\t\t<div class='gallery-icon landscape'>\n\t\t\t\t<a href='https:\/\/www.mymallorcadiary.com\/wp-content\/uploads\/2026\/02\/Villa-for-6-persons-in-Alcudia.webp'><img decoding=\"async\" width=\"1920\" height=\"1078\" src=\"https:\/\/www.mymallorcadiary.com\/wp-content\/uploads\/2026\/02\/Villa-for-6-persons-in-Alcudia.webp\" class=\"attachment-full size-full\" alt=\"\" srcset=\"https:\/\/www.mymallorcadiary.com\/wp-content\/uploads\/2026\/02\/Villa-for-6-persons-in-Alcudia.webp 1920w, https:\/\/www.mymallorcadiary.com\/wp-content\/uploads\/2026\/02\/Villa-for-6-persons-in-Alcudia-300x168.webp 300w, https:\/\/www.mymallorcadiary.com\/wp-content\/uploads\/2026\/02\/Villa-for-6-persons-in-Alcudia-1024x575.webp 1024w, https:\/\/www.mymallorcadiary.com\/wp-content\/uploads\/2026\/02\/Villa-for-6-persons-in-Alcudia-768x431.webp 768w, https:\/\/www.mymallorcadiary.com\/wp-content\/uploads\/2026\/02\/Villa-for-6-persons-in-Alcudia-1536x862.webp 1536w, https:\/\/www.mymallorcadiary.com\/wp-content\/uploads\/2026\/02\/Villa-for-6-persons-in-Alcudia-696x391.webp 696w, https:\/\/www.mymallorcadiary.com\/wp-content\/uploads\/2026\/02\/Villa-for-6-persons-in-Alcudia-1392x782.webp 1392w\" sizes=\"(max-width: 1920px) 100vw, 1920px\" \/><\/a>\n\t\t\t<\/div><\/figure><figure class='gallery-item'>\n\t\t\t<div class='gallery-icon landscape'>\n\t\t\t\t<a href='https:\/\/www.mymallorcadiary.com\/wp-content\/uploads\/2026\/02\/Villa-PAM-Alcudia.webp'><img decoding=\"async\" width=\"1920\" height=\"1078\" src=\"https:\/\/www.mymallorcadiary.com\/wp-content\/uploads\/2026\/02\/Villa-PAM-Alcudia.webp\" class=\"attachment-full size-full\" alt=\"\" srcset=\"https:\/\/www.mymallorcadiary.com\/wp-content\/uploads\/2026\/02\/Villa-PAM-Alcudia.webp 1920w, https:\/\/www.mymallorcadiary.com\/wp-content\/uploads\/2026\/02\/Villa-PAM-Alcudia-300x168.webp 300w, https:\/\/www.mymallorcadiary.com\/wp-content\/uploads\/2026\/02\/Villa-PAM-Alcudia-1024x575.webp 1024w, https:\/\/www.mymallorcadiary.com\/wp-content\/uploads\/2026\/02\/Villa-PAM-Alcudia-768x431.webp 768w, https:\/\/www.mymallorcadiary.com\/wp-content\/uploads\/2026\/02\/Villa-PAM-Alcudia-1536x862.webp 1536w, https:\/\/www.mymallorcadiary.com\/wp-content\/uploads\/2026\/02\/Villa-PAM-Alcudia-696x391.webp 696w, https:\/\/www.mymallorcadiary.com\/wp-content\/uploads\/2026\/02\/Villa-PAM-Alcudia-1392x782.webp 1392w\" sizes=\"(max-width: 1920px) 100vw, 1920px\" \/><\/a>\n\t\t\t<\/div><\/figure><figure class='gallery-item'>\n\t\t\t<div class='gallery-icon landscape'>\n\t\t\t\t<a href='https:\/\/www.mymallorcadiary.com\/wp-content\/uploads\/2026\/02\/Modern-villa-for-6-persons-in-Alcudia.webp'><img decoding=\"async\" width=\"1920\" height=\"1078\" src=\"https:\/\/www.mymallorcadiary.com\/wp-content\/uploads\/2026\/02\/Modern-villa-for-6-persons-in-Alcudia.webp\" class=\"attachment-full size-full\" alt=\"\" srcset=\"https:\/\/www.mymallorcadiary.com\/wp-content\/uploads\/2026\/02\/Modern-villa-for-6-persons-in-Alcudia.webp 1920w, https:\/\/www.mymallorcadiary.com\/wp-content\/uploads\/2026\/02\/Modern-villa-for-6-persons-in-Alcudia-300x168.webp 300w, https:\/\/www.mymallorcadiary.com\/wp-content\/uploads\/2026\/02\/Modern-villa-for-6-persons-in-Alcudia-1024x575.webp 1024w, https:\/\/www.mymallorcadiary.com\/wp-content\/uploads\/2026\/02\/Modern-villa-for-6-persons-in-Alcudia-768x431.webp 768w, https:\/\/www.mymallorcadiary.com\/wp-content\/uploads\/2026\/02\/Modern-villa-for-6-persons-in-Alcudia-1536x862.webp 1536w, https:\/\/www.mymallorcadiary.com\/wp-content\/uploads\/2026\/02\/Modern-villa-for-6-persons-in-Alcudia-696x391.webp 696w, https:\/\/www.mymallorcadiary.com\/wp-content\/uploads\/2026\/02\/Modern-villa-for-6-persons-in-Alcudia-1392x782.webp 1392w\" sizes=\"(max-width: 1920px) 100vw, 1920px\" \/><\/a>\n\t\t\t<\/div><\/figure><figure class='gallery-item'>\n\t\t\t<div class='gallery-icon landscape'>\n\t\t\t\t<a href='https:\/\/www.mymallorcadiary.com\/wp-content\/uploads\/2026\/02\/3-bedroom-villa-with-pool-and-hot-tub.webp'><img decoding=\"async\" width=\"1920\" height=\"1078\" src=\"https:\/\/www.mymallorcadiary.com\/wp-content\/uploads\/2026\/02\/3-bedroom-villa-with-pool-and-hot-tub.webp\" class=\"attachment-full size-full\" alt=\"\" srcset=\"https:\/\/www.mymallorcadiary.com\/wp-content\/uploads\/2026\/02\/3-bedroom-villa-with-pool-and-hot-tub.webp 1920w, https:\/\/www.mymallorcadiary.com\/wp-content\/uploads\/2026\/02\/3-bedroom-villa-with-pool-and-hot-tub-300x168.webp 300w, https:\/\/www.mymallorcadiary.com\/wp-content\/uploads\/2026\/02\/3-bedroom-villa-with-pool-and-hot-tub-1024x575.webp 1024w, https:\/\/www.mymallorcadiary.com\/wp-content\/uploads\/2026\/02\/3-bedroom-villa-with-pool-and-hot-tub-768x431.webp 768w, https:\/\/www.mymallorcadiary.com\/wp-content\/uploads\/2026\/02\/3-bedroom-villa-with-pool-and-hot-tub-1536x862.webp 1536w, https:\/\/www.mymallorcadiary.com\/wp-content\/uploads\/2026\/02\/3-bedroom-villa-with-pool-and-hot-tub-696x391.webp 696w, https:\/\/www.mymallorcadiary.com\/wp-content\/uploads\/2026\/02\/3-bedroom-villa-with-pool-and-hot-tub-1392x782.webp 1392w\" sizes=\"(max-width: 1920px) 100vw, 1920px\" \/><\/a>\n\t\t\t<\/div><\/figure>\n\t\t<\/div>\n\n<p data-start=\"114\" data-end=\"435\">Fotos via booking.com<\/p>\n<p data-start=\"114\" data-end=\"435\"><strong>Villa PAM \u2013 ALYA Beach House<\/strong> es una villa vacacional moderna y espaciosa situada en Playa de Muro, a pocos pasos de la playa. La propiedad ofrece un entorno c\u00f3modo y privado para familias, combinando la libertad de una casa privada con la comodidad de estar cerca de restaurantes, supermercados y servicios locales.<\/p>\n<p data-start=\"437\" data-end=\"751\">La villa cuenta con varias habitaciones, una luminosa sala de estar y una cocina totalmente equipada, lo que la hace perfecta para estancias prolongadas con ni\u00f1os. En el exterior, los hu\u00e9spedes pueden disfrutar de una <strong data-start=\"603\" data-end=\"670\">piscina privada, un jacuzzi, una terraza y un comedor al aire libre<\/strong>, ideal para relajarse despu\u00e9s de un d\u00eda en la playa o explorando el norte de Mallorca.<\/p>\n<p data-start=\"753\" data-end=\"1086\">Su ubicaci\u00f3n cerca de Playa de Muro permite a las familias acceder f\u00e1cilmente a una de las <strong data-start=\"840\" data-end=\"876\">playas de arena m\u00e1s largas y seguras de la isla<\/strong>, conocida por sus aguas poco profundas y su ambiente familiar. Las localidades cercanas de <strong data-start=\"959\" data-end=\"1001\">Puerto de Alc\u00fadia y Alc\u00fadia Old Town<\/strong> tambi\u00e9n se encuentran a poca distancia en coche y ofrecen restaurantes, mercados y lugares de inter\u00e9s cultural.<\/p>\n<p><strong>Enlace para ver m\u00e1s detalles y reservar: <a href=\"https:\/\/booking.stay22.com\/likexpats\/Tm_CWx9Coe\" target=\"_blank\" rel=\"noopener\">Villa PAM<\/a><\/strong><\/p>\n<h4><span class=\"ez-toc-section\" id=\"Es_Fasser\"><\/span><strong>Es Fasser<\/strong><span class=\"ez-toc-section-end\"><\/span><\/h4>\n<p><strong>3 dormitorios | Hasta 6 personas<\/strong><\/p>\n<div id='gallery-19' class='gallery galleryid-1730 gallery-columns-2 gallery-size-full'><figure class='gallery-item'>\n\t\t\t<div class='gallery-icon landscape'>\n\t\t\t\t<a href='https:\/\/www.mymallorcadiary.com\/wp-content\/uploads\/2026\/02\/Mallorcan-garden-villa-in-Alcudia.webp'><img decoding=\"async\" width=\"1920\" height=\"1078\" src=\"https:\/\/www.mymallorcadiary.com\/wp-content\/uploads\/2026\/02\/Mallorcan-garden-villa-in-Alcudia.webp\" class=\"attachment-full size-full\" alt=\"\" srcset=\"https:\/\/www.mymallorcadiary.com\/wp-content\/uploads\/2026\/02\/Mallorcan-garden-villa-in-Alcudia.webp 1920w, https:\/\/www.mymallorcadiary.com\/wp-content\/uploads\/2026\/02\/Mallorcan-garden-villa-in-Alcudia-300x168.webp 300w, https:\/\/www.mymallorcadiary.com\/wp-content\/uploads\/2026\/02\/Mallorcan-garden-villa-in-Alcudia-1024x575.webp 1024w, https:\/\/www.mymallorcadiary.com\/wp-content\/uploads\/2026\/02\/Mallorcan-garden-villa-in-Alcudia-768x431.webp 768w, https:\/\/www.mymallorcadiary.com\/wp-content\/uploads\/2026\/02\/Mallorcan-garden-villa-in-Alcudia-1536x862.webp 1536w, https:\/\/www.mymallorcadiary.com\/wp-content\/uploads\/2026\/02\/Mallorcan-garden-villa-in-Alcudia-696x391.webp 696w, https:\/\/www.mymallorcadiary.com\/wp-content\/uploads\/2026\/02\/Mallorcan-garden-villa-in-Alcudia-1392x782.webp 1392w\" sizes=\"(max-width: 1920px) 100vw, 1920px\" \/><\/a>\n\t\t\t<\/div><\/figure><figure class='gallery-item'>\n\t\t\t<div class='gallery-icon landscape'>\n\t\t\t\t<a href='https:\/\/www.mymallorcadiary.com\/wp-content\/uploads\/2026\/02\/Villa-for-6-people-in-Alcudia.webp'><img decoding=\"async\" width=\"1920\" height=\"1078\" src=\"https:\/\/www.mymallorcadiary.com\/wp-content\/uploads\/2026\/02\/Villa-for-6-people-in-Alcudia.webp\" class=\"attachment-full size-full\" alt=\"\" srcset=\"https:\/\/www.mymallorcadiary.com\/wp-content\/uploads\/2026\/02\/Villa-for-6-people-in-Alcudia.webp 1920w, https:\/\/www.mymallorcadiary.com\/wp-content\/uploads\/2026\/02\/Villa-for-6-people-in-Alcudia-300x168.webp 300w, https:\/\/www.mymallorcadiary.com\/wp-content\/uploads\/2026\/02\/Villa-for-6-people-in-Alcudia-1024x575.webp 1024w, https:\/\/www.mymallorcadiary.com\/wp-content\/uploads\/2026\/02\/Villa-for-6-people-in-Alcudia-768x431.webp 768w, https:\/\/www.mymallorcadiary.com\/wp-content\/uploads\/2026\/02\/Villa-for-6-people-in-Alcudia-1536x862.webp 1536w, https:\/\/www.mymallorcadiary.com\/wp-content\/uploads\/2026\/02\/Villa-for-6-people-in-Alcudia-696x391.webp 696w, https:\/\/www.mymallorcadiary.com\/wp-content\/uploads\/2026\/02\/Villa-for-6-people-in-Alcudia-1392x782.webp 1392w\" sizes=\"(max-width: 1920px) 100vw, 1920px\" \/><\/a>\n\t\t\t<\/div><\/figure><figure class='gallery-item'>\n\t\t\t<div class='gallery-icon landscape'>\n\t\t\t\t<a href='https:\/\/www.mymallorcadiary.com\/wp-content\/uploads\/2026\/02\/Mallorcan-finca-for-6-persons-in-Mallorca.webp'><img decoding=\"async\" width=\"1920\" height=\"1078\" src=\"https:\/\/www.mymallorcadiary.com\/wp-content\/uploads\/2026\/02\/Mallorcan-finca-for-6-persons-in-Mallorca.webp\" class=\"attachment-full size-full\" alt=\"\" srcset=\"https:\/\/www.mymallorcadiary.com\/wp-content\/uploads\/2026\/02\/Mallorcan-finca-for-6-persons-in-Mallorca.webp 1920w, https:\/\/www.mymallorcadiary.com\/wp-content\/uploads\/2026\/02\/Mallorcan-finca-for-6-persons-in-Mallorca-300x168.webp 300w, https:\/\/www.mymallorcadiary.com\/wp-content\/uploads\/2026\/02\/Mallorcan-finca-for-6-persons-in-Mallorca-1024x575.webp 1024w, https:\/\/www.mymallorcadiary.com\/wp-content\/uploads\/2026\/02\/Mallorcan-finca-for-6-persons-in-Mallorca-768x431.webp 768w, https:\/\/www.mymallorcadiary.com\/wp-content\/uploads\/2026\/02\/Mallorcan-finca-for-6-persons-in-Mallorca-1536x862.webp 1536w, https:\/\/www.mymallorcadiary.com\/wp-content\/uploads\/2026\/02\/Mallorcan-finca-for-6-persons-in-Mallorca-696x391.webp 696w, https:\/\/www.mymallorcadiary.com\/wp-content\/uploads\/2026\/02\/Mallorcan-finca-for-6-persons-in-Mallorca-1392x782.webp 1392w\" sizes=\"(max-width: 1920px) 100vw, 1920px\" \/><\/a>\n\t\t\t<\/div><\/figure><figure class='gallery-item'>\n\t\t\t<div class='gallery-icon landscape'>\n\t\t\t\t<a href='https:\/\/www.mymallorcadiary.com\/wp-content\/uploads\/2026\/02\/Mallorcan-finca-for-families-in-Alcudia.webp'><img decoding=\"async\" width=\"1920\" height=\"1078\" src=\"https:\/\/www.mymallorcadiary.com\/wp-content\/uploads\/2026\/02\/Mallorcan-finca-for-families-in-Alcudia.webp\" class=\"attachment-full size-full\" alt=\"\" srcset=\"https:\/\/www.mymallorcadiary.com\/wp-content\/uploads\/2026\/02\/Mallorcan-finca-for-families-in-Alcudia.webp 1920w, https:\/\/www.mymallorcadiary.com\/wp-content\/uploads\/2026\/02\/Mallorcan-finca-for-families-in-Alcudia-300x168.webp 300w, https:\/\/www.mymallorcadiary.com\/wp-content\/uploads\/2026\/02\/Mallorcan-finca-for-families-in-Alcudia-1024x575.webp 1024w, https:\/\/www.mymallorcadiary.com\/wp-content\/uploads\/2026\/02\/Mallorcan-finca-for-families-in-Alcudia-768x431.webp 768w, https:\/\/www.mymallorcadiary.com\/wp-content\/uploads\/2026\/02\/Mallorcan-finca-for-families-in-Alcudia-1536x862.webp 1536w, https:\/\/www.mymallorcadiary.com\/wp-content\/uploads\/2026\/02\/Mallorcan-finca-for-families-in-Alcudia-696x391.webp 696w, https:\/\/www.mymallorcadiary.com\/wp-content\/uploads\/2026\/02\/Mallorcan-finca-for-families-in-Alcudia-1392x782.webp 1392w\" sizes=\"(max-width: 1920px) 100vw, 1920px\" \/><\/a>\n\t\t\t<\/div><\/figure>\n\t\t<\/div>\n\n<p data-start=\"105\" data-end=\"408\">Fotos via booking.com<\/p>\n<p data-start=\"105\" data-end=\"408\">Es Fasser es una encantadora villa situada en la tranquila zona residencial de Bonaire, a las afueras de la hist\u00f3rica ciudad de Alc\u00fadia. Rodeada de naturaleza y con hermosas vistas a las colinas cercanas, la propiedad ofrece un entorno relajante sin dejar de estar cerca de las playas y las atracciones locales.<\/p>\n<p data-start=\"410\" data-end=\"750\">La villa cuenta con amplios interiores con m\u00faltiples dormitorios, una c\u00f3moda sala de estar y una cocina totalmente equipada, lo que la hace ideal para familias o grupos que viajan juntos. En el exterior, los hu\u00e9spedes pueden disfrutar de una <strong data-start=\"615\" data-end=\"660\">piscina privada, un jard\u00edn y una terraza<\/strong>, perfectos para pasar tardes relajantes, comer al aire libre o simplemente pasar tiempo de calidad juntos.<\/p>\n<p data-start=\"752\" data-end=\"1050\">Su ubicaci\u00f3n permite acceder f\u00e1cilmente a las hermosas <strong data-start=\"791\" data-end=\"851\">playas de Puerto de Alc\u00fadia y Playa de Muro<\/strong>, ambas conocidas por sus aguas poco profundas y su ambiente familiar. El encantador <strong data-start=\"934\" data-end=\"954\">casco antiguo de Alc\u00fadia<\/strong>, con sus murallas medievales, mercados tradicionales y restaurantes, tambi\u00e9n se encuentra a poca distancia en coche.<\/p>\n<p data-start=\"752\" data-end=\"1050\"><strong>Enlace para ver m\u00e1s detalles y reservar: <a href=\"https:\/\/booking.stay22.com\/likexpats\/zStAOaYvsl\" target=\"_blank\" rel=\"noopener\">Es Fasser<\/a><\/strong><\/p>\n<h4><span class=\"ez-toc-section\" id=\"Villa_Son_Fe\"><\/span><strong>Villa Son Fe<\/strong><span class=\"ez-toc-section-end\"><\/span><\/h4>\n<p><strong>3 dormitorios | Hasta 6 personas<\/strong><\/p>\n<div id='gallery-20' class='gallery galleryid-1730 gallery-columns-2 gallery-size-full'><figure class='gallery-item'>\n\t\t\t<div class='gallery-icon landscape'>\n\t\t\t\t<a href='https:\/\/www.mymallorcadiary.com\/wp-content\/uploads\/2026\/02\/Big-pool-villa-in-north-Mallorca.webp'><img decoding=\"async\" width=\"1920\" height=\"1078\" src=\"https:\/\/www.mymallorcadiary.com\/wp-content\/uploads\/2026\/02\/Big-pool-villa-in-north-Mallorca.webp\" class=\"attachment-full size-full\" alt=\"\" srcset=\"https:\/\/www.mymallorcadiary.com\/wp-content\/uploads\/2026\/02\/Big-pool-villa-in-north-Mallorca.webp 1920w, https:\/\/www.mymallorcadiary.com\/wp-content\/uploads\/2026\/02\/Big-pool-villa-in-north-Mallorca-300x168.webp 300w, https:\/\/www.mymallorcadiary.com\/wp-content\/uploads\/2026\/02\/Big-pool-villa-in-north-Mallorca-1024x575.webp 1024w, https:\/\/www.mymallorcadiary.com\/wp-content\/uploads\/2026\/02\/Big-pool-villa-in-north-Mallorca-768x431.webp 768w, https:\/\/www.mymallorcadiary.com\/wp-content\/uploads\/2026\/02\/Big-pool-villa-in-north-Mallorca-1536x862.webp 1536w, https:\/\/www.mymallorcadiary.com\/wp-content\/uploads\/2026\/02\/Big-pool-villa-in-north-Mallorca-696x391.webp 696w, https:\/\/www.mymallorcadiary.com\/wp-content\/uploads\/2026\/02\/Big-pool-villa-in-north-Mallorca-1392x782.webp 1392w\" sizes=\"(max-width: 1920px) 100vw, 1920px\" \/><\/a>\n\t\t\t<\/div><\/figure><figure class='gallery-item'>\n\t\t\t<div class='gallery-icon landscape'>\n\t\t\t\t<a href='https:\/\/www.mymallorcadiary.com\/wp-content\/uploads\/2026\/02\/Villa-with-3-bedrooms-in-Alcudia.webp'><img decoding=\"async\" width=\"1920\" height=\"1078\" src=\"https:\/\/www.mymallorcadiary.com\/wp-content\/uploads\/2026\/02\/Villa-with-3-bedrooms-in-Alcudia.webp\" class=\"attachment-full size-full\" alt=\"\" srcset=\"https:\/\/www.mymallorcadiary.com\/wp-content\/uploads\/2026\/02\/Villa-with-3-bedrooms-in-Alcudia.webp 1920w, https:\/\/www.mymallorcadiary.com\/wp-content\/uploads\/2026\/02\/Villa-with-3-bedrooms-in-Alcudia-300x168.webp 300w, https:\/\/www.mymallorcadiary.com\/wp-content\/uploads\/2026\/02\/Villa-with-3-bedrooms-in-Alcudia-1024x575.webp 1024w, https:\/\/www.mymallorcadiary.com\/wp-content\/uploads\/2026\/02\/Villa-with-3-bedrooms-in-Alcudia-768x431.webp 768w, https:\/\/www.mymallorcadiary.com\/wp-content\/uploads\/2026\/02\/Villa-with-3-bedrooms-in-Alcudia-1536x862.webp 1536w, https:\/\/www.mymallorcadiary.com\/wp-content\/uploads\/2026\/02\/Villa-with-3-bedrooms-in-Alcudia-696x391.webp 696w, https:\/\/www.mymallorcadiary.com\/wp-content\/uploads\/2026\/02\/Villa-with-3-bedrooms-in-Alcudia-1392x782.webp 1392w\" sizes=\"(max-width: 1920px) 100vw, 1920px\" \/><\/a>\n\t\t\t<\/div><\/figure><figure class='gallery-item'>\n\t\t\t<div class='gallery-icon landscape'>\n\t\t\t\t<a href='https:\/\/www.mymallorcadiary.com\/wp-content\/uploads\/2026\/02\/3-bedroom-villa-with-pool-for-families-in-Mallorca.webp'><img decoding=\"async\" width=\"1920\" height=\"1078\" src=\"https:\/\/www.mymallorcadiary.com\/wp-content\/uploads\/2026\/02\/3-bedroom-villa-with-pool-for-families-in-Mallorca.webp\" class=\"attachment-full size-full\" alt=\"\" srcset=\"https:\/\/www.mymallorcadiary.com\/wp-content\/uploads\/2026\/02\/3-bedroom-villa-with-pool-for-families-in-Mallorca.webp 1920w, https:\/\/www.mymallorcadiary.com\/wp-content\/uploads\/2026\/02\/3-bedroom-villa-with-pool-for-families-in-Mallorca-300x168.webp 300w, https:\/\/www.mymallorcadiary.com\/wp-content\/uploads\/2026\/02\/3-bedroom-villa-with-pool-for-families-in-Mallorca-1024x575.webp 1024w, https:\/\/www.mymallorcadiary.com\/wp-content\/uploads\/2026\/02\/3-bedroom-villa-with-pool-for-families-in-Mallorca-768x431.webp 768w, https:\/\/www.mymallorcadiary.com\/wp-content\/uploads\/2026\/02\/3-bedroom-villa-with-pool-for-families-in-Mallorca-1536x862.webp 1536w, https:\/\/www.mymallorcadiary.com\/wp-content\/uploads\/2026\/02\/3-bedroom-villa-with-pool-for-families-in-Mallorca-696x391.webp 696w, https:\/\/www.mymallorcadiary.com\/wp-content\/uploads\/2026\/02\/3-bedroom-villa-with-pool-for-families-in-Mallorca-1392x782.webp 1392w\" sizes=\"(max-width: 1920px) 100vw, 1920px\" \/><\/a>\n\t\t\t<\/div><\/figure><figure class='gallery-item'>\n\t\t\t<div class='gallery-icon landscape'>\n\t\t\t\t<a href='https:\/\/www.mymallorcadiary.com\/wp-content\/uploads\/2026\/02\/Big-pool-villa-in-Alcudia.webp'><img decoding=\"async\" width=\"1920\" height=\"1078\" src=\"https:\/\/www.mymallorcadiary.com\/wp-content\/uploads\/2026\/02\/Big-pool-villa-in-Alcudia.webp\" class=\"attachment-full size-full\" alt=\"\" srcset=\"https:\/\/www.mymallorcadiary.com\/wp-content\/uploads\/2026\/02\/Big-pool-villa-in-Alcudia.webp 1920w, https:\/\/www.mymallorcadiary.com\/wp-content\/uploads\/2026\/02\/Big-pool-villa-in-Alcudia-300x168.webp 300w, https:\/\/www.mymallorcadiary.com\/wp-content\/uploads\/2026\/02\/Big-pool-villa-in-Alcudia-1024x575.webp 1024w, https:\/\/www.mymallorcadiary.com\/wp-content\/uploads\/2026\/02\/Big-pool-villa-in-Alcudia-768x431.webp 768w, https:\/\/www.mymallorcadiary.com\/wp-content\/uploads\/2026\/02\/Big-pool-villa-in-Alcudia-1536x862.webp 1536w, https:\/\/www.mymallorcadiary.com\/wp-content\/uploads\/2026\/02\/Big-pool-villa-in-Alcudia-696x391.webp 696w, https:\/\/www.mymallorcadiary.com\/wp-content\/uploads\/2026\/02\/Big-pool-villa-in-Alcudia-1392x782.webp 1392w\" sizes=\"(max-width: 1920px) 100vw, 1920px\" \/><\/a>\n\t\t\t<\/div><\/figure>\n\t\t<\/div>\n\n<p data-start=\"75\" data-end=\"410\">Fotos via booking.com<\/p>\n<p data-start=\"75\" data-end=\"410\">Villa Son Fe es una preciosa villa tradicional mallorquina situada en la tranquila campi\u00f1a cerca de <strong data-start=\"169\" data-end=\"180\">Alc\u00fadia<\/strong>, que ofrece privacidad, espacio y un entorno natural tranquilo. Rodeada de vegetaci\u00f3n y paisajes abiertos, la propiedad ofrece un refugio relajante a poca distancia en coche de las playas y la hist\u00f3rica ciudad de Alc\u00fadia.<\/p>\n<p data-start=\"412\" data-end=\"774\">La villa cuenta con amplios interiores con varios dormitorios, una c\u00f3moda sala de estar y una cocina totalmente equipada, lo que la hace perfecta para familias o grupos que viajan juntos. En el exterior, los hu\u00e9spedes pueden disfrutar de una <strong data-start=\"618\" data-end=\"694\">piscina privada, un gran jard\u00edn, una terraza soleada y un comedor al aire libre<\/strong>, ideal para disfrutar del clima c\u00e1lido de Mallorca y pasar tiempo de calidad juntos.<\/p>\n<p data-start=\"776\" data-end=\"1061\">Su ubicaci\u00f3n permite acceder f\u00e1cilmente a algunas de las mejores atracciones del norte de Mallorca, como las <strong data-start=\"876\" data-end=\"937\">largas playas de arena de Puerto de Alc\u00fadia y Playa de Muro<\/strong>, as\u00ed como el encantador <strong data-start=\"963\" data-end=\"983\">casco antiguo de Alc\u00fadia<\/strong>, conocido por sus murallas medievales, sus mercados locales y sus restaurantes familiares.<\/p>\n<p data-start=\"776\" data-end=\"1061\"><strong>Enlace para ver m\u00e1s detalles y reservar: <a href=\"https:\/\/booking.stay22.com\/likexpats\/2MutUtXI1z\" target=\"_blank\" rel=\"noopener\">Villa Son Fe<\/a><\/strong><\/p>\n<p><img decoding=\"async\" class=\"alignnone wp-image-373 size-full\" src=\"https:\/\/www.mymallorcadiary.com\/wp-content\/uploads\/2024\/11\/Cala-dOR-What-to-see.webp\" alt=\"Cala d'Or qu\u00e9 ver\" width=\"1920\" height=\"1078\" srcset=\"https:\/\/www.mymallorcadiary.com\/wp-content\/uploads\/2024\/11\/Cala-dOR-What-to-see.webp 1920w, https:\/\/www.mymallorcadiary.com\/wp-content\/uploads\/2024\/11\/Cala-dOR-What-to-see-300x168.webp 300w, https:\/\/www.mymallorcadiary.com\/wp-content\/uploads\/2024\/11\/Cala-dOR-What-to-see-1024x575.webp 1024w, https:\/\/www.mymallorcadiary.com\/wp-content\/uploads\/2024\/11\/Cala-dOR-What-to-see-768x431.webp 768w, https:\/\/www.mymallorcadiary.com\/wp-content\/uploads\/2024\/11\/Cala-dOR-What-to-see-1536x862.webp 1536w, https:\/\/www.mymallorcadiary.com\/wp-content\/uploads\/2024\/11\/Cala-dOR-What-to-see-696x391.webp 696w, https:\/\/www.mymallorcadiary.com\/wp-content\/uploads\/2024\/11\/Cala-dOR-What-to-see-1392x782.webp 1392w\" sizes=\"(max-width: 1920px) 100vw, 1920px\" \/><\/p>\n<h2 data-start=\"3077\" data-end=\"3130\"><span class=\"ez-toc-section\" id=\"Cala_dOr_para_familias\"><\/span><strong><span class=\"hover:entity-accent entity-underline inline cursor-pointer align-baseline\"><span class=\"whitespace-normal\">Cala d\u2019Or<\/span><\/span> para familias<\/strong><span class=\"ez-toc-section-end\"><\/span><\/h2>\n<p data-start=\"3132\" data-end=\"3391\">Si buscas una encantadora localidad costera con hermosas calas y un relajado ambiente mediterr\u00e1neo, <strong><a href=\"https:\/\/www.mymallorcadiary.com\/es\/cala-dor-que-hacer-y-que-ver\/\">Cala d&#8217;Or<\/a><\/strong> es una opci\u00f3n fant\u00e1stica. La zona es conocida por sus peque\u00f1as calas de arena rodeadas de edificios encalados, lo que le confiere un ambiente acogedor y pintoresco.<\/p>\n<p data-start=\"3393\" data-end=\"3582\">Cala d&#8217;Or ofrece numerosos <strong><a href=\"https:\/\/www.mymallorcadiary.com\/es\/los-mejores-restaurantes-en-cala-dor-2026\/\">restaurantes<\/a><\/strong> familiares, paseos por el puerto deportivo y cortas distancias entre playas. Las aguas tranquilas y las calas protegidas hacen que nadar sea seguro y divertido para los ni\u00f1os.<\/p>\n<p data-start=\"3584\" data-end=\"3801\">\u00bfEst\u00e1 planeando su estancia en esta zona?. Tambi\u00e9n puede disfrutar explorando nuestras gu\u00edas sobre <strong><a href=\"https:\/\/www.mymallorcadiary.com\/es\/cala-dor-que-hacer-y-que-ver\/\">qu\u00e9 hacer en Cala d&#8217;Or<\/a><\/strong> y <strong><a href=\"https:\/\/www.mymallorcadiary.com\/es\/los-mejores-restaurantes-en-cala-dor-2026\/\">descubriendo los mejores restaurantes de la ciudad<\/a><\/strong>, lo que le ayudar\u00e1 a planificar actividades y comidas durante su estancia.<\/p>\n<h3 data-start=\"3803\" data-end=\"3839\"><span class=\"ez-toc-section\" id=\"Hoteles_en_Cala_dOr_para_familias\"><\/span><strong>Hoteles en Cala d&#8217;Or para familias<\/strong><span class=\"ez-toc-section-end\"><\/span><\/h3>\n<p data-start=\"3841\" data-end=\"4019\">Los hoteles familiares en Cala d&#8217;Or suelen centrarse en la comodidad y la accesibilidad. Muchos complejos tur\u00edsticos incluyen piscinas para ni\u00f1os, espect\u00e1culos de entretenimiento y f\u00e1cil acceso a las playas cercanas y a la zona del puerto deportivo.<\/p>\n<p data-start=\"4021\" data-end=\"4064\"><strong>Cala d&#8217;Or es perfecta para familias que desean:<\/strong><\/p>\n<ul data-start=\"4065\" data-end=\"4244\">\n<li data-start=\"4065\" data-end=\"4112\">\n<p data-start=\"4067\" data-end=\"4112\">Peque\u00f1as calas encantadoras en lugar de largas playas abiertas.<\/p>\n<\/li>\n<li data-start=\"4113\" data-end=\"4160\">\n<p data-start=\"4115\" data-end=\"4160\">Centros urbanos transitables y paseos mar\u00edtimos.<\/p>\n<\/li>\n<li data-start=\"4161\" data-end=\"4191\">\n<p data-start=\"4163\" data-end=\"4191\">Un ambiente relajado y seguro.<\/p>\n<\/li>\n<li data-start=\"4192\" data-end=\"4244\">\n<p data-start=\"4194\" data-end=\"4244\">F\u00e1cil acceso a restaurantes y actividades familiares.<\/p>\n<\/li>\n<\/ul>\n<h3 data-start=\"1499\" data-end=\"1537\"><span class=\"ez-toc-section\" id=\"Hoteles_en_Cala_dOr_para_familias_nuestras_recomendaciones\"><\/span><strong>Hoteles en Cala d&#8217;Or para familias: nuestras recomendaciones:<\/strong><span class=\"ez-toc-section-end\"><\/span><\/h3>\n<h4><span class=\"ez-toc-section\" id=\"Melia_Cala_DOr_Boutique_Hotel\"><\/span><strong>Meli\u00e1 Cala <\/strong><b>D&#8217;Or Boutique Hotel<\/b><span class=\"ez-toc-section-end\"><\/span><\/h4>\n<div id='gallery-21' class='gallery galleryid-1730 gallery-columns-2 gallery-size-full'><figure class='gallery-item'>\n\t\t\t<div class='gallery-icon landscape'>\n\t\t\t\t<a href='https:\/\/www.mymallorcadiary.com\/wp-content\/uploads\/2026\/02\/Melia-Cala-DOr-Boutique-hotel.webp'><img decoding=\"async\" width=\"1920\" height=\"1078\" src=\"https:\/\/www.mymallorcadiary.com\/wp-content\/uploads\/2026\/02\/Melia-Cala-DOr-Boutique-hotel.webp\" class=\"attachment-full size-full\" alt=\"\" srcset=\"https:\/\/www.mymallorcadiary.com\/wp-content\/uploads\/2026\/02\/Melia-Cala-DOr-Boutique-hotel.webp 1920w, https:\/\/www.mymallorcadiary.com\/wp-content\/uploads\/2026\/02\/Melia-Cala-DOr-Boutique-hotel-300x168.webp 300w, https:\/\/www.mymallorcadiary.com\/wp-content\/uploads\/2026\/02\/Melia-Cala-DOr-Boutique-hotel-1024x575.webp 1024w, https:\/\/www.mymallorcadiary.com\/wp-content\/uploads\/2026\/02\/Melia-Cala-DOr-Boutique-hotel-768x431.webp 768w, https:\/\/www.mymallorcadiary.com\/wp-content\/uploads\/2026\/02\/Melia-Cala-DOr-Boutique-hotel-1536x862.webp 1536w, https:\/\/www.mymallorcadiary.com\/wp-content\/uploads\/2026\/02\/Melia-Cala-DOr-Boutique-hotel-696x391.webp 696w, https:\/\/www.mymallorcadiary.com\/wp-content\/uploads\/2026\/02\/Melia-Cala-DOr-Boutique-hotel-1392x782.webp 1392w\" sizes=\"(max-width: 1920px) 100vw, 1920px\" \/><\/a>\n\t\t\t<\/div><\/figure><figure class='gallery-item'>\n\t\t\t<div class='gallery-icon landscape'>\n\t\t\t\t<a href='https:\/\/www.mymallorcadiary.com\/wp-content\/uploads\/2026\/02\/Wellness-hotel-in-Cala-Dor.webp'><img decoding=\"async\" width=\"1920\" height=\"1078\" src=\"https:\/\/www.mymallorcadiary.com\/wp-content\/uploads\/2026\/02\/Wellness-hotel-in-Cala-Dor.webp\" class=\"attachment-full size-full\" alt=\"\" srcset=\"https:\/\/www.mymallorcadiary.com\/wp-content\/uploads\/2026\/02\/Wellness-hotel-in-Cala-Dor.webp 1920w, https:\/\/www.mymallorcadiary.com\/wp-content\/uploads\/2026\/02\/Wellness-hotel-in-Cala-Dor-300x168.webp 300w, https:\/\/www.mymallorcadiary.com\/wp-content\/uploads\/2026\/02\/Wellness-hotel-in-Cala-Dor-1024x575.webp 1024w, https:\/\/www.mymallorcadiary.com\/wp-content\/uploads\/2026\/02\/Wellness-hotel-in-Cala-Dor-768x431.webp 768w, https:\/\/www.mymallorcadiary.com\/wp-content\/uploads\/2026\/02\/Wellness-hotel-in-Cala-Dor-1536x862.webp 1536w, https:\/\/www.mymallorcadiary.com\/wp-content\/uploads\/2026\/02\/Wellness-hotel-in-Cala-Dor-696x391.webp 696w, https:\/\/www.mymallorcadiary.com\/wp-content\/uploads\/2026\/02\/Wellness-hotel-in-Cala-Dor-1392x782.webp 1392w\" sizes=\"(max-width: 1920px) 100vw, 1920px\" \/><\/a>\n\t\t\t<\/div><\/figure><figure class='gallery-item'>\n\t\t\t<div class='gallery-icon landscape'>\n\t\t\t\t<a href='https:\/\/www.mymallorcadiary.com\/wp-content\/uploads\/2026\/02\/Hotel-with-wellness-in-Cala-Dor.webp'><img decoding=\"async\" width=\"1920\" height=\"1078\" src=\"https:\/\/www.mymallorcadiary.com\/wp-content\/uploads\/2026\/02\/Hotel-with-wellness-in-Cala-Dor.webp\" class=\"attachment-full size-full\" alt=\"\" srcset=\"https:\/\/www.mymallorcadiary.com\/wp-content\/uploads\/2026\/02\/Hotel-with-wellness-in-Cala-Dor.webp 1920w, https:\/\/www.mymallorcadiary.com\/wp-content\/uploads\/2026\/02\/Hotel-with-wellness-in-Cala-Dor-300x168.webp 300w, https:\/\/www.mymallorcadiary.com\/wp-content\/uploads\/2026\/02\/Hotel-with-wellness-in-Cala-Dor-1024x575.webp 1024w, https:\/\/www.mymallorcadiary.com\/wp-content\/uploads\/2026\/02\/Hotel-with-wellness-in-Cala-Dor-768x431.webp 768w, https:\/\/www.mymallorcadiary.com\/wp-content\/uploads\/2026\/02\/Hotel-with-wellness-in-Cala-Dor-1536x862.webp 1536w, https:\/\/www.mymallorcadiary.com\/wp-content\/uploads\/2026\/02\/Hotel-with-wellness-in-Cala-Dor-696x391.webp 696w, https:\/\/www.mymallorcadiary.com\/wp-content\/uploads\/2026\/02\/Hotel-with-wellness-in-Cala-Dor-1392x782.webp 1392w\" sizes=\"(max-width: 1920px) 100vw, 1920px\" \/><\/a>\n\t\t\t<\/div><\/figure><figure class='gallery-item'>\n\t\t\t<div class='gallery-icon landscape'>\n\t\t\t\t<a href='https:\/\/www.mymallorcadiary.com\/wp-content\/uploads\/2026\/02\/Cala-Dor-boutique-hotel.webp'><img decoding=\"async\" width=\"1920\" height=\"1078\" src=\"https:\/\/www.mymallorcadiary.com\/wp-content\/uploads\/2026\/02\/Cala-Dor-boutique-hotel.webp\" class=\"attachment-full size-full\" alt=\"\" srcset=\"https:\/\/www.mymallorcadiary.com\/wp-content\/uploads\/2026\/02\/Cala-Dor-boutique-hotel.webp 1920w, https:\/\/www.mymallorcadiary.com\/wp-content\/uploads\/2026\/02\/Cala-Dor-boutique-hotel-300x168.webp 300w, https:\/\/www.mymallorcadiary.com\/wp-content\/uploads\/2026\/02\/Cala-Dor-boutique-hotel-1024x575.webp 1024w, https:\/\/www.mymallorcadiary.com\/wp-content\/uploads\/2026\/02\/Cala-Dor-boutique-hotel-768x431.webp 768w, https:\/\/www.mymallorcadiary.com\/wp-content\/uploads\/2026\/02\/Cala-Dor-boutique-hotel-1536x862.webp 1536w, https:\/\/www.mymallorcadiary.com\/wp-content\/uploads\/2026\/02\/Cala-Dor-boutique-hotel-696x391.webp 696w, https:\/\/www.mymallorcadiary.com\/wp-content\/uploads\/2026\/02\/Cala-Dor-boutique-hotel-1392x782.webp 1392w\" sizes=\"(max-width: 1920px) 100vw, 1920px\" \/><\/a>\n\t\t\t<\/div><\/figure>\n\t\t<\/div>\n\n<p data-start=\"112\" data-end=\"481\">Fotos via melia.com<\/p>\n<p data-start=\"112\" data-end=\"481\">El Meli\u00e1 Cala d&#8217;Or Boutique Hotel es un elegante hotel de 5 estrellas situado en una tranquila zona residencial de <strong data-start=\"212\" data-end=\"225\">Cala d&#8217;Or,<\/strong> a pocos pasos del centro de la ciudad, del puerto deportivo y de varias calas de gran belleza, como <strong data-start=\"314\" data-end=\"327\">Cala Gran<\/strong>. El hotel est\u00e1 rodeado de exuberantes jardines mediterr\u00e1neos, lo que crea un ambiente tranquilo y refinado que se asemeja m\u00e1s a un refugio privado que a un t\u00edpico complejo tur\u00edstico.<\/p>\n<p data-start=\"483\" data-end=\"755\">El establecimiento ofrece amplias habitaciones y suites, muchas de ellas con terraza o vistas al jard\u00edn, dise\u00f1adas con un estilo mediterr\u00e1neo cl\u00e1sico. Los hu\u00e9spedes pueden disfrutar de varias piscinas al aire libre rodeadas de palmeras, una zona de spa y bienestar, as\u00ed como un restaurante que sirve cocina mediterr\u00e1nea.<\/p>\n<p data-start=\"757\" data-end=\"917\">Gracias a su ubicaci\u00f3n, las familias pueden explorar f\u00e1cilmente el encantador puerto deportivo de Cala d&#8217;Or, las playas cercanas y los numerosos restaurantes y tiendas a poca distancia a pie.<\/p>\n<p><strong>Enlace para ver m\u00e1s detalles y reservar: <a href=\"https:\/\/booking.stay22.com\/likexpats\/_9Xj8uP5vu\" target=\"_blank\" rel=\"noopener\">Meli\u00e1 Cala Do&#8217;r Boutique Hotel<\/a><\/strong><\/p>\n<h4><span class=\"ez-toc-section\" id=\"MarSenses_Ferrera_Blanca_Hotel_Family\"><\/span><strong data-start=\"453\" data-end=\"496\"><span class=\"\" data-state=\"closed\"><span class=\"hover:entity-accent entity-underline inline cursor-pointer align-baseline\"><span class=\"whitespace-normal\">MarSenses Ferrera Blanca Hotel Family<\/span><\/span><\/span><\/strong><span class=\"ez-toc-section-end\"><\/span><\/h4>\n<div id='gallery-22' class='gallery galleryid-1730 gallery-columns-2 gallery-size-full'><figure class='gallery-item'>\n\t\t\t<div class='gallery-icon landscape'>\n\t\t\t\t<a href='https:\/\/www.mymallorcadiary.com\/wp-content\/uploads\/2026\/02\/Hotel-in-Cala-Dor-for-families.webp'><img decoding=\"async\" width=\"1920\" height=\"1078\" src=\"https:\/\/www.mymallorcadiary.com\/wp-content\/uploads\/2026\/02\/Hotel-in-Cala-Dor-for-families.webp\" class=\"attachment-full size-full\" alt=\"\" srcset=\"https:\/\/www.mymallorcadiary.com\/wp-content\/uploads\/2026\/02\/Hotel-in-Cala-Dor-for-families.webp 1920w, https:\/\/www.mymallorcadiary.com\/wp-content\/uploads\/2026\/02\/Hotel-in-Cala-Dor-for-families-300x168.webp 300w, https:\/\/www.mymallorcadiary.com\/wp-content\/uploads\/2026\/02\/Hotel-in-Cala-Dor-for-families-1024x575.webp 1024w, https:\/\/www.mymallorcadiary.com\/wp-content\/uploads\/2026\/02\/Hotel-in-Cala-Dor-for-families-768x431.webp 768w, https:\/\/www.mymallorcadiary.com\/wp-content\/uploads\/2026\/02\/Hotel-in-Cala-Dor-for-families-1536x862.webp 1536w, https:\/\/www.mymallorcadiary.com\/wp-content\/uploads\/2026\/02\/Hotel-in-Cala-Dor-for-families-696x391.webp 696w, https:\/\/www.mymallorcadiary.com\/wp-content\/uploads\/2026\/02\/Hotel-in-Cala-Dor-for-families-1392x782.webp 1392w\" sizes=\"(max-width: 1920px) 100vw, 1920px\" \/><\/a>\n\t\t\t<\/div><\/figure><figure class='gallery-item'>\n\t\t\t<div class='gallery-icon landscape'>\n\t\t\t\t<a href='https:\/\/www.mymallorcadiary.com\/wp-content\/uploads\/2026\/02\/Hotel-Family-in-Cala-Dor.webp'><img decoding=\"async\" width=\"1920\" height=\"1078\" src=\"https:\/\/www.mymallorcadiary.com\/wp-content\/uploads\/2026\/02\/Hotel-Family-in-Cala-Dor.webp\" class=\"attachment-full size-full\" alt=\"\" srcset=\"https:\/\/www.mymallorcadiary.com\/wp-content\/uploads\/2026\/02\/Hotel-Family-in-Cala-Dor.webp 1920w, https:\/\/www.mymallorcadiary.com\/wp-content\/uploads\/2026\/02\/Hotel-Family-in-Cala-Dor-300x168.webp 300w, https:\/\/www.mymallorcadiary.com\/wp-content\/uploads\/2026\/02\/Hotel-Family-in-Cala-Dor-1024x575.webp 1024w, https:\/\/www.mymallorcadiary.com\/wp-content\/uploads\/2026\/02\/Hotel-Family-in-Cala-Dor-768x431.webp 768w, https:\/\/www.mymallorcadiary.com\/wp-content\/uploads\/2026\/02\/Hotel-Family-in-Cala-Dor-1536x862.webp 1536w, https:\/\/www.mymallorcadiary.com\/wp-content\/uploads\/2026\/02\/Hotel-Family-in-Cala-Dor-696x391.webp 696w, https:\/\/www.mymallorcadiary.com\/wp-content\/uploads\/2026\/02\/Hotel-Family-in-Cala-Dor-1392x782.webp 1392w\" sizes=\"(max-width: 1920px) 100vw, 1920px\" \/><\/a>\n\t\t\t<\/div><\/figure><figure class='gallery-item'>\n\t\t\t<div class='gallery-icon landscape'>\n\t\t\t\t<a href='https:\/\/www.mymallorcadiary.com\/wp-content\/uploads\/2026\/02\/Hotel-with-miniclub-in-Santanyi.webp'><img decoding=\"async\" width=\"1920\" height=\"1078\" src=\"https:\/\/www.mymallorcadiary.com\/wp-content\/uploads\/2026\/02\/Hotel-with-miniclub-in-Santanyi.webp\" class=\"attachment-full size-full\" alt=\"\" srcset=\"https:\/\/www.mymallorcadiary.com\/wp-content\/uploads\/2026\/02\/Hotel-with-miniclub-in-Santanyi.webp 1920w, https:\/\/www.mymallorcadiary.com\/wp-content\/uploads\/2026\/02\/Hotel-with-miniclub-in-Santanyi-300x168.webp 300w, https:\/\/www.mymallorcadiary.com\/wp-content\/uploads\/2026\/02\/Hotel-with-miniclub-in-Santanyi-1024x575.webp 1024w, https:\/\/www.mymallorcadiary.com\/wp-content\/uploads\/2026\/02\/Hotel-with-miniclub-in-Santanyi-768x431.webp 768w, https:\/\/www.mymallorcadiary.com\/wp-content\/uploads\/2026\/02\/Hotel-with-miniclub-in-Santanyi-1536x862.webp 1536w, https:\/\/www.mymallorcadiary.com\/wp-content\/uploads\/2026\/02\/Hotel-with-miniclub-in-Santanyi-696x391.webp 696w, https:\/\/www.mymallorcadiary.com\/wp-content\/uploads\/2026\/02\/Hotel-with-miniclub-in-Santanyi-1392x782.webp 1392w\" sizes=\"(max-width: 1920px) 100vw, 1920px\" \/><\/a>\n\t\t\t<\/div><\/figure><figure class='gallery-item'>\n\t\t\t<div class='gallery-icon landscape'>\n\t\t\t\t<a href='https:\/\/www.mymallorcadiary.com\/wp-content\/uploads\/2026\/02\/Hotel-with-gym-in-Cala-Dor.webp'><img decoding=\"async\" width=\"1920\" height=\"1078\" src=\"https:\/\/www.mymallorcadiary.com\/wp-content\/uploads\/2026\/02\/Hotel-with-gym-in-Cala-Dor.webp\" class=\"attachment-full size-full\" alt=\"\" srcset=\"https:\/\/www.mymallorcadiary.com\/wp-content\/uploads\/2026\/02\/Hotel-with-gym-in-Cala-Dor.webp 1920w, https:\/\/www.mymallorcadiary.com\/wp-content\/uploads\/2026\/02\/Hotel-with-gym-in-Cala-Dor-300x168.webp 300w, https:\/\/www.mymallorcadiary.com\/wp-content\/uploads\/2026\/02\/Hotel-with-gym-in-Cala-Dor-1024x575.webp 1024w, https:\/\/www.mymallorcadiary.com\/wp-content\/uploads\/2026\/02\/Hotel-with-gym-in-Cala-Dor-768x431.webp 768w, https:\/\/www.mymallorcadiary.com\/wp-content\/uploads\/2026\/02\/Hotel-with-gym-in-Cala-Dor-1536x862.webp 1536w, https:\/\/www.mymallorcadiary.com\/wp-content\/uploads\/2026\/02\/Hotel-with-gym-in-Cala-Dor-696x391.webp 696w, https:\/\/www.mymallorcadiary.com\/wp-content\/uploads\/2026\/02\/Hotel-with-gym-in-Cala-Dor-1392x782.webp 1392w\" sizes=\"(max-width: 1920px) 100vw, 1920px\" \/><\/a>\n\t\t\t<\/div><\/figure>\n\t\t<\/div>\n\n<p data-start=\"108\" data-end=\"390\">Fotos via marsenses.com<\/p>\n<p data-start=\"108\" data-end=\"390\">MarSenses Ferrera Blanca Hotel Family es un complejo tur\u00edstico orientado a las familias situado en <strong data-start=\"185\" data-end=\"201\">Cala Ferrera<\/strong>, una de las peque\u00f1as calas cercanas a Cala d&#8217;Or. El hotel se encuentra a pocos pasos de la playa, lo que permite a los hu\u00e9spedes disfrutar f\u00e1cilmente de las aguas tranquilas y cristalinas t\u00edpicas de esta zona de Mallorca.<\/p>\n<p data-start=\"392\" data-end=\"772\">El hotel ofrece amplias suites y apartamentos dise\u00f1ados especialmente para familias, muchos de ellos con salas de estar y terrazas independientes. El establecimiento cuenta con varias piscinas al aire libre, zonas de chapoteo para ni\u00f1os, parques infantiles y programas de entretenimiento adaptados a los hu\u00e9spedes m\u00e1s j\u00f3venes. Tambi\u00e9n hay restaurantes y bares en el recinto, que ofrecen c\u00f3modas opciones para comer durante todo el d\u00eda.<\/p>\n<p data-start=\"774\" data-end=\"934\">Gracias a su ubicaci\u00f3n, las familias pueden explorar f\u00e1cilmente el encantador puerto deportivo de Cala d&#8217;Or, las playas cercanas y el centro de la ciudad con sus restaurantes, tiendas y cafeter\u00edas.<\/p>\n<p><strong>Enlace para ver m\u00e1s detalles y reservar: <a href=\"https:\/\/booking.stay22.com\/likexpats\/BIG0YXJAdB\" target=\"_blank\" rel=\"noopener\">MarSenses Ferrera Blanca Family Hotel<\/a><\/strong><\/p>\n<h4><span class=\"ez-toc-section\" id=\"Inturotel_Esmeralda_Park\"><\/span><strong>Inturotel Esmeralda Park<\/strong><span class=\"ez-toc-section-end\"><\/span><\/h4>\n<div id='gallery-23' class='gallery galleryid-1730 gallery-columns-2 gallery-size-full'><figure class='gallery-item'>\n\t\t\t<div class='gallery-icon landscape'>\n\t\t\t\t<a href='https:\/\/www.mymallorcadiary.com\/wp-content\/uploads\/2026\/02\/Inturotel-Esmeralda-Park.webp'><img decoding=\"async\" width=\"1920\" height=\"1078\" src=\"https:\/\/www.mymallorcadiary.com\/wp-content\/uploads\/2026\/02\/Inturotel-Esmeralda-Park.webp\" class=\"attachment-full size-full\" alt=\"\" srcset=\"https:\/\/www.mymallorcadiary.com\/wp-content\/uploads\/2026\/02\/Inturotel-Esmeralda-Park.webp 1920w, https:\/\/www.mymallorcadiary.com\/wp-content\/uploads\/2026\/02\/Inturotel-Esmeralda-Park-300x168.webp 300w, https:\/\/www.mymallorcadiary.com\/wp-content\/uploads\/2026\/02\/Inturotel-Esmeralda-Park-1024x575.webp 1024w, https:\/\/www.mymallorcadiary.com\/wp-content\/uploads\/2026\/02\/Inturotel-Esmeralda-Park-768x431.webp 768w, https:\/\/www.mymallorcadiary.com\/wp-content\/uploads\/2026\/02\/Inturotel-Esmeralda-Park-1536x862.webp 1536w, https:\/\/www.mymallorcadiary.com\/wp-content\/uploads\/2026\/02\/Inturotel-Esmeralda-Park-696x391.webp 696w, https:\/\/www.mymallorcadiary.com\/wp-content\/uploads\/2026\/02\/Inturotel-Esmeralda-Park-1392x782.webp 1392w\" sizes=\"(max-width: 1920px) 100vw, 1920px\" \/><\/a>\n\t\t\t<\/div><\/figure><figure class='gallery-item'>\n\t\t\t<div class='gallery-icon landscape'>\n\t\t\t\t<a href='https:\/\/www.mymallorcadiary.com\/wp-content\/uploads\/2026\/02\/Inturotel-Cala-Dor.webp'><img decoding=\"async\" width=\"1920\" height=\"1078\" src=\"https:\/\/www.mymallorcadiary.com\/wp-content\/uploads\/2026\/02\/Inturotel-Cala-Dor.webp\" class=\"attachment-full size-full\" alt=\"\" srcset=\"https:\/\/www.mymallorcadiary.com\/wp-content\/uploads\/2026\/02\/Inturotel-Cala-Dor.webp 1920w, https:\/\/www.mymallorcadiary.com\/wp-content\/uploads\/2026\/02\/Inturotel-Cala-Dor-300x168.webp 300w, https:\/\/www.mymallorcadiary.com\/wp-content\/uploads\/2026\/02\/Inturotel-Cala-Dor-1024x575.webp 1024w, https:\/\/www.mymallorcadiary.com\/wp-content\/uploads\/2026\/02\/Inturotel-Cala-Dor-768x431.webp 768w, https:\/\/www.mymallorcadiary.com\/wp-content\/uploads\/2026\/02\/Inturotel-Cala-Dor-1536x862.webp 1536w, https:\/\/www.mymallorcadiary.com\/wp-content\/uploads\/2026\/02\/Inturotel-Cala-Dor-696x391.webp 696w, https:\/\/www.mymallorcadiary.com\/wp-content\/uploads\/2026\/02\/Inturotel-Cala-Dor-1392x782.webp 1392w\" sizes=\"(max-width: 1920px) 100vw, 1920px\" \/><\/a>\n\t\t\t<\/div><\/figure><figure class='gallery-item'>\n\t\t\t<div class='gallery-icon landscape'>\n\t\t\t\t<a href='https:\/\/www.mymallorcadiary.com\/wp-content\/uploads\/2026\/02\/Hotel-for-families-in-Cala-Dor-Mallorca.webp'><img decoding=\"async\" width=\"1920\" height=\"1078\" src=\"https:\/\/www.mymallorcadiary.com\/wp-content\/uploads\/2026\/02\/Hotel-for-families-in-Cala-Dor-Mallorca.webp\" class=\"attachment-full size-full\" alt=\"\" srcset=\"https:\/\/www.mymallorcadiary.com\/wp-content\/uploads\/2026\/02\/Hotel-for-families-in-Cala-Dor-Mallorca.webp 1920w, https:\/\/www.mymallorcadiary.com\/wp-content\/uploads\/2026\/02\/Hotel-for-families-in-Cala-Dor-Mallorca-300x168.webp 300w, https:\/\/www.mymallorcadiary.com\/wp-content\/uploads\/2026\/02\/Hotel-for-families-in-Cala-Dor-Mallorca-1024x575.webp 1024w, https:\/\/www.mymallorcadiary.com\/wp-content\/uploads\/2026\/02\/Hotel-for-families-in-Cala-Dor-Mallorca-768x431.webp 768w, https:\/\/www.mymallorcadiary.com\/wp-content\/uploads\/2026\/02\/Hotel-for-families-in-Cala-Dor-Mallorca-1536x862.webp 1536w, https:\/\/www.mymallorcadiary.com\/wp-content\/uploads\/2026\/02\/Hotel-for-families-in-Cala-Dor-Mallorca-696x391.webp 696w, https:\/\/www.mymallorcadiary.com\/wp-content\/uploads\/2026\/02\/Hotel-for-families-in-Cala-Dor-Mallorca-1392x782.webp 1392w\" sizes=\"(max-width: 1920px) 100vw, 1920px\" \/><\/a>\n\t\t\t<\/div><\/figure><figure class='gallery-item'>\n\t\t\t<div class='gallery-icon landscape'>\n\t\t\t\t<a href='https:\/\/www.mymallorcadiary.com\/wp-content\/uploads\/2026\/02\/Inturotel-Esmeralda-Park-Cala-Dor.webp'><img decoding=\"async\" width=\"1920\" height=\"1078\" src=\"https:\/\/www.mymallorcadiary.com\/wp-content\/uploads\/2026\/02\/Inturotel-Esmeralda-Park-Cala-Dor.webp\" class=\"attachment-full size-full\" alt=\"\" srcset=\"https:\/\/www.mymallorcadiary.com\/wp-content\/uploads\/2026\/02\/Inturotel-Esmeralda-Park-Cala-Dor.webp 1920w, https:\/\/www.mymallorcadiary.com\/wp-content\/uploads\/2026\/02\/Inturotel-Esmeralda-Park-Cala-Dor-300x168.webp 300w, https:\/\/www.mymallorcadiary.com\/wp-content\/uploads\/2026\/02\/Inturotel-Esmeralda-Park-Cala-Dor-1024x575.webp 1024w, https:\/\/www.mymallorcadiary.com\/wp-content\/uploads\/2026\/02\/Inturotel-Esmeralda-Park-Cala-Dor-768x431.webp 768w, https:\/\/www.mymallorcadiary.com\/wp-content\/uploads\/2026\/02\/Inturotel-Esmeralda-Park-Cala-Dor-1536x862.webp 1536w, https:\/\/www.mymallorcadiary.com\/wp-content\/uploads\/2026\/02\/Inturotel-Esmeralda-Park-Cala-Dor-696x391.webp 696w, https:\/\/www.mymallorcadiary.com\/wp-content\/uploads\/2026\/02\/Inturotel-Esmeralda-Park-Cala-Dor-1392x782.webp 1392w\" sizes=\"(max-width: 1920px) 100vw, 1920px\" \/><\/a>\n\t\t\t<\/div><\/figure>\n\t\t<\/div>\n\n<p>Fotos via inturotel.com<\/p>\n<p>C\u00f3modo hotel de 4 estrellas situado junto a la playa de Cala Esmeralda, que ofrece servicios y actividades para toda la familia, acceso directo al mar y preciosas vistas al mar.<\/p>\n<p><strong>Enlace para ver m\u00e1s detalles y reservar: <a href=\"https:\/\/booking.stay22.com\/likexpats\/0mF_JdVB3-\" target=\"_blank\" rel=\"noopener\">Inturotel Esmeralda Park<\/a><\/strong><\/p>\n<h4><span class=\"ez-toc-section\" id=\"OLA_Apartamentos_Cala_dOr\"><\/span><strong data-start=\"1166\" data-end=\"1209\"><span class=\"\" data-state=\"closed\"><span class=\"hover:entity-accent entity-underline inline cursor-pointer align-baseline\"><span class=\"whitespace-normal\">OLA Apartamentos Cala d&#8217;Or<\/span><\/span><\/span><\/strong><span class=\"ez-toc-section-end\"><\/span><\/h4>\n<div id='gallery-24' class='gallery galleryid-1730 gallery-columns-2 gallery-size-full'><figure class='gallery-item'>\n\t\t\t<div class='gallery-icon landscape'>\n\t\t\t\t<a href='https:\/\/www.mymallorcadiary.com\/wp-content\/uploads\/2026\/02\/OLA-Apartments-Cala-Dor.webp'><img decoding=\"async\" width=\"1920\" height=\"1078\" src=\"https:\/\/www.mymallorcadiary.com\/wp-content\/uploads\/2026\/02\/OLA-Apartments-Cala-Dor.webp\" class=\"attachment-full size-full\" alt=\"\" srcset=\"https:\/\/www.mymallorcadiary.com\/wp-content\/uploads\/2026\/02\/OLA-Apartments-Cala-Dor.webp 1920w, https:\/\/www.mymallorcadiary.com\/wp-content\/uploads\/2026\/02\/OLA-Apartments-Cala-Dor-300x168.webp 300w, https:\/\/www.mymallorcadiary.com\/wp-content\/uploads\/2026\/02\/OLA-Apartments-Cala-Dor-1024x575.webp 1024w, https:\/\/www.mymallorcadiary.com\/wp-content\/uploads\/2026\/02\/OLA-Apartments-Cala-Dor-768x431.webp 768w, https:\/\/www.mymallorcadiary.com\/wp-content\/uploads\/2026\/02\/OLA-Apartments-Cala-Dor-1536x862.webp 1536w, https:\/\/www.mymallorcadiary.com\/wp-content\/uploads\/2026\/02\/OLA-Apartments-Cala-Dor-696x391.webp 696w, https:\/\/www.mymallorcadiary.com\/wp-content\/uploads\/2026\/02\/OLA-Apartments-Cala-Dor-1392x782.webp 1392w\" sizes=\"(max-width: 1920px) 100vw, 1920px\" \/><\/a>\n\t\t\t<\/div><\/figure><figure class='gallery-item'>\n\t\t\t<div class='gallery-icon landscape'>\n\t\t\t\t<a href='https:\/\/www.mymallorcadiary.com\/wp-content\/uploads\/2026\/02\/Apartments-for-families-in-south-east-Mallorca.webp'><img decoding=\"async\" width=\"1920\" height=\"1078\" src=\"https:\/\/www.mymallorcadiary.com\/wp-content\/uploads\/2026\/02\/Apartments-for-families-in-south-east-Mallorca.webp\" class=\"attachment-full size-full\" alt=\"\" srcset=\"https:\/\/www.mymallorcadiary.com\/wp-content\/uploads\/2026\/02\/Apartments-for-families-in-south-east-Mallorca.webp 1920w, https:\/\/www.mymallorcadiary.com\/wp-content\/uploads\/2026\/02\/Apartments-for-families-in-south-east-Mallorca-300x168.webp 300w, https:\/\/www.mymallorcadiary.com\/wp-content\/uploads\/2026\/02\/Apartments-for-families-in-south-east-Mallorca-1024x575.webp 1024w, https:\/\/www.mymallorcadiary.com\/wp-content\/uploads\/2026\/02\/Apartments-for-families-in-south-east-Mallorca-768x431.webp 768w, https:\/\/www.mymallorcadiary.com\/wp-content\/uploads\/2026\/02\/Apartments-for-families-in-south-east-Mallorca-1536x862.webp 1536w, https:\/\/www.mymallorcadiary.com\/wp-content\/uploads\/2026\/02\/Apartments-for-families-in-south-east-Mallorca-696x391.webp 696w, https:\/\/www.mymallorcadiary.com\/wp-content\/uploads\/2026\/02\/Apartments-for-families-in-south-east-Mallorca-1392x782.webp 1392w\" sizes=\"(max-width: 1920px) 100vw, 1920px\" \/><\/a>\n\t\t\t<\/div><\/figure><figure class='gallery-item'>\n\t\t\t<div class='gallery-icon landscape'>\n\t\t\t\t<a href='https:\/\/www.mymallorcadiary.com\/wp-content\/uploads\/2026\/02\/OLA-Apartamentos-Cala-Dor.webp'><img decoding=\"async\" width=\"1920\" height=\"1078\" src=\"https:\/\/www.mymallorcadiary.com\/wp-content\/uploads\/2026\/02\/OLA-Apartamentos-Cala-Dor.webp\" class=\"attachment-full size-full\" alt=\"\" srcset=\"https:\/\/www.mymallorcadiary.com\/wp-content\/uploads\/2026\/02\/OLA-Apartamentos-Cala-Dor.webp 1920w, https:\/\/www.mymallorcadiary.com\/wp-content\/uploads\/2026\/02\/OLA-Apartamentos-Cala-Dor-300x168.webp 300w, https:\/\/www.mymallorcadiary.com\/wp-content\/uploads\/2026\/02\/OLA-Apartamentos-Cala-Dor-1024x575.webp 1024w, https:\/\/www.mymallorcadiary.com\/wp-content\/uploads\/2026\/02\/OLA-Apartamentos-Cala-Dor-768x431.webp 768w, https:\/\/www.mymallorcadiary.com\/wp-content\/uploads\/2026\/02\/OLA-Apartamentos-Cala-Dor-1536x862.webp 1536w, https:\/\/www.mymallorcadiary.com\/wp-content\/uploads\/2026\/02\/OLA-Apartamentos-Cala-Dor-696x391.webp 696w, https:\/\/www.mymallorcadiary.com\/wp-content\/uploads\/2026\/02\/OLA-Apartamentos-Cala-Dor-1392x782.webp 1392w\" sizes=\"(max-width: 1920px) 100vw, 1920px\" \/><\/a>\n\t\t\t<\/div><\/figure><figure class='gallery-item'>\n\t\t\t<div class='gallery-icon landscape'>\n\t\t\t\t<a href='https:\/\/www.mymallorcadiary.com\/wp-content\/uploads\/2026\/02\/Cala-Dor-apartments-for-families.webp'><img decoding=\"async\" width=\"1920\" height=\"1078\" src=\"https:\/\/www.mymallorcadiary.com\/wp-content\/uploads\/2026\/02\/Cala-Dor-apartments-for-families.webp\" class=\"attachment-full size-full\" alt=\"\" srcset=\"https:\/\/www.mymallorcadiary.com\/wp-content\/uploads\/2026\/02\/Cala-Dor-apartments-for-families.webp 1920w, https:\/\/www.mymallorcadiary.com\/wp-content\/uploads\/2026\/02\/Cala-Dor-apartments-for-families-300x168.webp 300w, https:\/\/www.mymallorcadiary.com\/wp-content\/uploads\/2026\/02\/Cala-Dor-apartments-for-families-1024x575.webp 1024w, https:\/\/www.mymallorcadiary.com\/wp-content\/uploads\/2026\/02\/Cala-Dor-apartments-for-families-768x431.webp 768w, https:\/\/www.mymallorcadiary.com\/wp-content\/uploads\/2026\/02\/Cala-Dor-apartments-for-families-1536x862.webp 1536w, https:\/\/www.mymallorcadiary.com\/wp-content\/uploads\/2026\/02\/Cala-Dor-apartments-for-families-696x391.webp 696w, https:\/\/www.mymallorcadiary.com\/wp-content\/uploads\/2026\/02\/Cala-Dor-apartments-for-families-1392x782.webp 1392w\" sizes=\"(max-width: 1920px) 100vw, 1920px\" \/><\/a>\n\t\t\t<\/div><\/figure>\n\t\t<\/div>\n\n<p>Fotos via olacalador.com<\/p>\n<p>Hotel de 3 estrellas de estilo apartamento en el centro de Cala d&#8217;Or, que ofrece apartamentos con cocina y piscina, ideal para estancias familiares en las que la flexibilidad y el espacio son importantes.<\/p>\n<h3 data-start=\"1499\" data-end=\"1537\"><span class=\"ez-toc-section\" id=\"Villas_en_Cala_Dor_para_familias_nuestras_recomendaciones\"><\/span><strong>Villas en Cala Do&#8217;r para familias: nuestras recomendaciones:<\/strong><span class=\"ez-toc-section-end\"><\/span><\/h3>\n<h4><span class=\"ez-toc-section\" id=\"La_Chamade_Cala_dOr\"><\/span><strong data-start=\"157\" data-end=\"181\">La Chamade Cala d\u2019Or<\/strong><span class=\"ez-toc-section-end\"><\/span><\/h4>\n<p><strong>5 dormitorios | Hasta 11 personas<\/strong><\/p>\n<div id='gallery-25' class='gallery galleryid-1730 gallery-columns-2 gallery-size-full'><figure class='gallery-item'>\n\t\t\t<div class='gallery-icon landscape'>\n\t\t\t\t<a href='https:\/\/www.mymallorcadiary.com\/wp-content\/uploads\/2026\/02\/Big-villa-for-groups-in-Cala-Dor.webp'><img decoding=\"async\" width=\"1920\" height=\"1078\" src=\"https:\/\/www.mymallorcadiary.com\/wp-content\/uploads\/2026\/02\/Big-villa-for-groups-in-Cala-Dor.webp\" class=\"attachment-full size-full\" alt=\"\" srcset=\"https:\/\/www.mymallorcadiary.com\/wp-content\/uploads\/2026\/02\/Big-villa-for-groups-in-Cala-Dor.webp 1920w, https:\/\/www.mymallorcadiary.com\/wp-content\/uploads\/2026\/02\/Big-villa-for-groups-in-Cala-Dor-300x168.webp 300w, https:\/\/www.mymallorcadiary.com\/wp-content\/uploads\/2026\/02\/Big-villa-for-groups-in-Cala-Dor-1024x575.webp 1024w, https:\/\/www.mymallorcadiary.com\/wp-content\/uploads\/2026\/02\/Big-villa-for-groups-in-Cala-Dor-768x431.webp 768w, https:\/\/www.mymallorcadiary.com\/wp-content\/uploads\/2026\/02\/Big-villa-for-groups-in-Cala-Dor-1536x862.webp 1536w, https:\/\/www.mymallorcadiary.com\/wp-content\/uploads\/2026\/02\/Big-villa-for-groups-in-Cala-Dor-696x391.webp 696w, https:\/\/www.mymallorcadiary.com\/wp-content\/uploads\/2026\/02\/Big-villa-for-groups-in-Cala-Dor-1392x782.webp 1392w\" sizes=\"(max-width: 1920px) 100vw, 1920px\" \/><\/a>\n\t\t\t<\/div><\/figure><figure class='gallery-item'>\n\t\t\t<div class='gallery-icon landscape'>\n\t\t\t\t<a href='https:\/\/www.mymallorcadiary.com\/wp-content\/uploads\/2026\/02\/5-bedroom-villa-in-Cala-Dor.webp'><img decoding=\"async\" width=\"1920\" height=\"1078\" src=\"https:\/\/www.mymallorcadiary.com\/wp-content\/uploads\/2026\/02\/5-bedroom-villa-in-Cala-Dor.webp\" class=\"attachment-full size-full\" alt=\"\" srcset=\"https:\/\/www.mymallorcadiary.com\/wp-content\/uploads\/2026\/02\/5-bedroom-villa-in-Cala-Dor.webp 1920w, https:\/\/www.mymallorcadiary.com\/wp-content\/uploads\/2026\/02\/5-bedroom-villa-in-Cala-Dor-300x168.webp 300w, https:\/\/www.mymallorcadiary.com\/wp-content\/uploads\/2026\/02\/5-bedroom-villa-in-Cala-Dor-1024x575.webp 1024w, https:\/\/www.mymallorcadiary.com\/wp-content\/uploads\/2026\/02\/5-bedroom-villa-in-Cala-Dor-768x431.webp 768w, https:\/\/www.mymallorcadiary.com\/wp-content\/uploads\/2026\/02\/5-bedroom-villa-in-Cala-Dor-1536x862.webp 1536w, https:\/\/www.mymallorcadiary.com\/wp-content\/uploads\/2026\/02\/5-bedroom-villa-in-Cala-Dor-696x391.webp 696w, https:\/\/www.mymallorcadiary.com\/wp-content\/uploads\/2026\/02\/5-bedroom-villa-in-Cala-Dor-1392x782.webp 1392w\" sizes=\"(max-width: 1920px) 100vw, 1920px\" \/><\/a>\n\t\t\t<\/div><\/figure><figure class='gallery-item'>\n\t\t\t<div class='gallery-icon landscape'>\n\t\t\t\t<a href='https:\/\/www.mymallorcadiary.com\/wp-content\/uploads\/2026\/02\/Big-villa-for-families-in-Cala-Dor.webp'><img decoding=\"async\" width=\"1920\" height=\"1078\" src=\"https:\/\/www.mymallorcadiary.com\/wp-content\/uploads\/2026\/02\/Big-villa-for-families-in-Cala-Dor.webp\" class=\"attachment-full size-full\" alt=\"\" srcset=\"https:\/\/www.mymallorcadiary.com\/wp-content\/uploads\/2026\/02\/Big-villa-for-families-in-Cala-Dor.webp 1920w, https:\/\/www.mymallorcadiary.com\/wp-content\/uploads\/2026\/02\/Big-villa-for-families-in-Cala-Dor-300x168.webp 300w, https:\/\/www.mymallorcadiary.com\/wp-content\/uploads\/2026\/02\/Big-villa-for-families-in-Cala-Dor-1024x575.webp 1024w, https:\/\/www.mymallorcadiary.com\/wp-content\/uploads\/2026\/02\/Big-villa-for-families-in-Cala-Dor-768x431.webp 768w, https:\/\/www.mymallorcadiary.com\/wp-content\/uploads\/2026\/02\/Big-villa-for-families-in-Cala-Dor-1536x862.webp 1536w, https:\/\/www.mymallorcadiary.com\/wp-content\/uploads\/2026\/02\/Big-villa-for-families-in-Cala-Dor-696x391.webp 696w, https:\/\/www.mymallorcadiary.com\/wp-content\/uploads\/2026\/02\/Big-villa-for-families-in-Cala-Dor-1392x782.webp 1392w\" sizes=\"(max-width: 1920px) 100vw, 1920px\" \/><\/a>\n\t\t\t<\/div><\/figure><figure class='gallery-item'>\n\t\t\t<div class='gallery-icon landscape'>\n\t\t\t\t<a href='https:\/\/www.mymallorcadiary.com\/wp-content\/uploads\/2026\/02\/Villa-for-12-persons-in-Cala-Dor.webp'><img decoding=\"async\" width=\"1920\" height=\"1078\" src=\"https:\/\/www.mymallorcadiary.com\/wp-content\/uploads\/2026\/02\/Villa-for-12-persons-in-Cala-Dor.webp\" class=\"attachment-full size-full\" alt=\"\" srcset=\"https:\/\/www.mymallorcadiary.com\/wp-content\/uploads\/2026\/02\/Villa-for-12-persons-in-Cala-Dor.webp 1920w, https:\/\/www.mymallorcadiary.com\/wp-content\/uploads\/2026\/02\/Villa-for-12-persons-in-Cala-Dor-300x168.webp 300w, https:\/\/www.mymallorcadiary.com\/wp-content\/uploads\/2026\/02\/Villa-for-12-persons-in-Cala-Dor-1024x575.webp 1024w, https:\/\/www.mymallorcadiary.com\/wp-content\/uploads\/2026\/02\/Villa-for-12-persons-in-Cala-Dor-768x431.webp 768w, https:\/\/www.mymallorcadiary.com\/wp-content\/uploads\/2026\/02\/Villa-for-12-persons-in-Cala-Dor-1536x862.webp 1536w, https:\/\/www.mymallorcadiary.com\/wp-content\/uploads\/2026\/02\/Villa-for-12-persons-in-Cala-Dor-696x391.webp 696w, https:\/\/www.mymallorcadiary.com\/wp-content\/uploads\/2026\/02\/Villa-for-12-persons-in-Cala-Dor-1392x782.webp 1392w\" sizes=\"(max-width: 1920px) 100vw, 1920px\" \/><\/a>\n\t\t\t<\/div><\/figure>\n\t\t<\/div>\n\n<p data-start=\"100\" data-end=\"394\">Fotos via booking.com<\/p>\n<p data-start=\"100\" data-end=\"394\">La Chamade es una espaciosa villa privada situada en la <strong data-start=\"154\" data-end=\"172\">zona de Cala d&#8217;Or<\/strong>, que ofrece un entorno c\u00f3modo y relajado para familias o grupos grandes que visitan Mallorca. La propiedad est\u00e1 situada en una tranquila zona residencial, pero cerca del centro de la ciudad, las playas, las tiendas y los restaurantes.<\/p>\n<p data-start=\"396\" data-end=\"705\">La villa cuenta con cinco dormitorios y tiene capacidad para hasta 11 adultos, lo que la convierte en una opci\u00f3n excelente para familias numerosas o grupos que viajan juntos. En el interior, la propiedad ofrece amplios espacios comunes, una cocina totalmente equipada y varios dormitorios dise\u00f1ados para proporcionar comodidad y privacidad durante su estancia.<\/p>\n<p data-start=\"707\" data-end=\"940\">En el exterior, los hu\u00e9spedes pueden disfrutar de una <strong data-start=\"735\" data-end=\"803\">gran piscina privada, un amplio jard\u00edn y una terraza al aire libre<\/strong>, perfectos para relajarse al sol, disfrutar de comidas al aire libre o pasar tiempo juntos despu\u00e9s de un d\u00eda explorando Cala d&#8217;Or y sus calas cercanas.<\/p>\n<p data-start=\"942\" data-end=\"1195\">Gracias a su c\u00f3moda ubicaci\u00f3n, los hu\u00e9spedes pueden llegar f\u00e1cilmente a algunas de las playas m\u00e1s bonitas de la zona, como <strong data-start=\"1057\" data-end=\"1103\">Cala Gran, Cala Esmeralda y Cala Ferrera<\/strong>, as\u00ed como al animado <strong data-start=\"1127\" data-end=\"1147\">puerto deportivo de Cala d&#8217;Or<\/strong>, con sus restaurantes, cafeter\u00edas y boutiques.<\/p>\n<p><strong><a href=\"https:\/\/booking.stay22.com\/likexpats\/znAM-87c08\" target=\"_blank\" rel=\"noopener\">Villa La Chamade<\/a><\/strong><\/p>\n<h4><span class=\"ez-toc-section\" id=\"Villa_Cala_Esmeralda\"><\/span><b>Villa Cala Esmeralda<\/b><span class=\"ez-toc-section-end\"><\/span><\/h4>\n<p><strong>3 dormitorios | Hasta 6 personas<\/strong><\/p>\n<div id='gallery-26' class='gallery galleryid-1730 gallery-columns-2 gallery-size-full'><figure class='gallery-item'>\n\t\t\t<div class='gallery-icon landscape'>\n\t\t\t\t<a href='https:\/\/www.mymallorcadiary.com\/wp-content\/uploads\/2026\/02\/Villa-for-6-people-in-Cala-Dor.webp'><img decoding=\"async\" width=\"1920\" height=\"1078\" src=\"https:\/\/www.mymallorcadiary.com\/wp-content\/uploads\/2026\/02\/Villa-for-6-people-in-Cala-Dor.webp\" class=\"attachment-full size-full\" alt=\"\" srcset=\"https:\/\/www.mymallorcadiary.com\/wp-content\/uploads\/2026\/02\/Villa-for-6-people-in-Cala-Dor.webp 1920w, https:\/\/www.mymallorcadiary.com\/wp-content\/uploads\/2026\/02\/Villa-for-6-people-in-Cala-Dor-300x168.webp 300w, https:\/\/www.mymallorcadiary.com\/wp-content\/uploads\/2026\/02\/Villa-for-6-people-in-Cala-Dor-1024x575.webp 1024w, https:\/\/www.mymallorcadiary.com\/wp-content\/uploads\/2026\/02\/Villa-for-6-people-in-Cala-Dor-768x431.webp 768w, https:\/\/www.mymallorcadiary.com\/wp-content\/uploads\/2026\/02\/Villa-for-6-people-in-Cala-Dor-1536x862.webp 1536w, https:\/\/www.mymallorcadiary.com\/wp-content\/uploads\/2026\/02\/Villa-for-6-people-in-Cala-Dor-696x391.webp 696w, https:\/\/www.mymallorcadiary.com\/wp-content\/uploads\/2026\/02\/Villa-for-6-people-in-Cala-Dor-1392x782.webp 1392w\" sizes=\"(max-width: 1920px) 100vw, 1920px\" \/><\/a>\n\t\t\t<\/div><\/figure><figure class='gallery-item'>\n\t\t\t<div class='gallery-icon landscape'>\n\t\t\t\t<a href='https:\/\/www.mymallorcadiary.com\/wp-content\/uploads\/2026\/02\/Mallorca-3-bedroom-villa-for-families.webp'><img decoding=\"async\" width=\"1920\" height=\"1078\" src=\"https:\/\/www.mymallorcadiary.com\/wp-content\/uploads\/2026\/02\/Mallorca-3-bedroom-villa-for-families.webp\" class=\"attachment-full size-full\" alt=\"\" srcset=\"https:\/\/www.mymallorcadiary.com\/wp-content\/uploads\/2026\/02\/Mallorca-3-bedroom-villa-for-families.webp 1920w, https:\/\/www.mymallorcadiary.com\/wp-content\/uploads\/2026\/02\/Mallorca-3-bedroom-villa-for-families-300x168.webp 300w, https:\/\/www.mymallorcadiary.com\/wp-content\/uploads\/2026\/02\/Mallorca-3-bedroom-villa-for-families-1024x575.webp 1024w, https:\/\/www.mymallorcadiary.com\/wp-content\/uploads\/2026\/02\/Mallorca-3-bedroom-villa-for-families-768x431.webp 768w, https:\/\/www.mymallorcadiary.com\/wp-content\/uploads\/2026\/02\/Mallorca-3-bedroom-villa-for-families-1536x862.webp 1536w, https:\/\/www.mymallorcadiary.com\/wp-content\/uploads\/2026\/02\/Mallorca-3-bedroom-villa-for-families-696x391.webp 696w, https:\/\/www.mymallorcadiary.com\/wp-content\/uploads\/2026\/02\/Mallorca-3-bedroom-villa-for-families-1392x782.webp 1392w\" sizes=\"(max-width: 1920px) 100vw, 1920px\" \/><\/a>\n\t\t\t<\/div><\/figure><figure class='gallery-item'>\n\t\t\t<div class='gallery-icon landscape'>\n\t\t\t\t<a href='https:\/\/www.mymallorcadiary.com\/wp-content\/uploads\/2026\/02\/Villa-for-families-in-Cala-Dor.webp'><img decoding=\"async\" width=\"1920\" height=\"1078\" src=\"https:\/\/www.mymallorcadiary.com\/wp-content\/uploads\/2026\/02\/Villa-for-families-in-Cala-Dor.webp\" class=\"attachment-full size-full\" alt=\"\" srcset=\"https:\/\/www.mymallorcadiary.com\/wp-content\/uploads\/2026\/02\/Villa-for-families-in-Cala-Dor.webp 1920w, https:\/\/www.mymallorcadiary.com\/wp-content\/uploads\/2026\/02\/Villa-for-families-in-Cala-Dor-300x168.webp 300w, https:\/\/www.mymallorcadiary.com\/wp-content\/uploads\/2026\/02\/Villa-for-families-in-Cala-Dor-1024x575.webp 1024w, https:\/\/www.mymallorcadiary.com\/wp-content\/uploads\/2026\/02\/Villa-for-families-in-Cala-Dor-768x431.webp 768w, https:\/\/www.mymallorcadiary.com\/wp-content\/uploads\/2026\/02\/Villa-for-families-in-Cala-Dor-1536x862.webp 1536w, https:\/\/www.mymallorcadiary.com\/wp-content\/uploads\/2026\/02\/Villa-for-families-in-Cala-Dor-696x391.webp 696w, https:\/\/www.mymallorcadiary.com\/wp-content\/uploads\/2026\/02\/Villa-for-families-in-Cala-Dor-1392x782.webp 1392w\" sizes=\"(max-width: 1920px) 100vw, 1920px\" \/><\/a>\n\t\t\t<\/div><\/figure><figure class='gallery-item'>\n\t\t\t<div class='gallery-icon landscape'>\n\t\t\t\t<a href='https:\/\/www.mymallorcadiary.com\/wp-content\/uploads\/2026\/02\/Cala-Dor-for-families.webp'><img decoding=\"async\" width=\"1920\" height=\"1078\" src=\"https:\/\/www.mymallorcadiary.com\/wp-content\/uploads\/2026\/02\/Cala-Dor-for-families.webp\" class=\"attachment-full size-full\" alt=\"\" srcset=\"https:\/\/www.mymallorcadiary.com\/wp-content\/uploads\/2026\/02\/Cala-Dor-for-families.webp 1920w, https:\/\/www.mymallorcadiary.com\/wp-content\/uploads\/2026\/02\/Cala-Dor-for-families-300x168.webp 300w, https:\/\/www.mymallorcadiary.com\/wp-content\/uploads\/2026\/02\/Cala-Dor-for-families-1024x575.webp 1024w, https:\/\/www.mymallorcadiary.com\/wp-content\/uploads\/2026\/02\/Cala-Dor-for-families-768x431.webp 768w, https:\/\/www.mymallorcadiary.com\/wp-content\/uploads\/2026\/02\/Cala-Dor-for-families-1536x862.webp 1536w, https:\/\/www.mymallorcadiary.com\/wp-content\/uploads\/2026\/02\/Cala-Dor-for-families-696x391.webp 696w, https:\/\/www.mymallorcadiary.com\/wp-content\/uploads\/2026\/02\/Cala-Dor-for-families-1392x782.webp 1392w\" sizes=\"(max-width: 1920px) 100vw, 1920px\" \/><\/a>\n\t\t\t<\/div><\/figure>\n\t\t<\/div>\n\n<p data-start=\"81\" data-end=\"399\">Fotos via booking.com<\/p>\n<p data-start=\"81\" data-end=\"399\">Villa Cala Esmeralda es una encantadora villa vacacional situada en <strong data-start=\"141\" data-end=\"154\">Cala d&#8217;Or<\/strong>, cerca de la hermosa cala de Cala Esmeralda y a poca distancia del centro de la ciudad y del puerto deportivo. La propiedad ofrece un entorno residencial tranquilo, pero cerca de restaurantes, tiendas y algunas de las playas m\u00e1s bonitas de la zona.<\/p>\n<p data-start=\"401\" data-end=\"695\">La villa cuenta con <strong data-start=\"420\" data-end=\"481\">tres dormitorios con capacidad m\u00e1xima para 6 personas<\/strong>, lo que la convierte en una opci\u00f3n excelente para familias o grupos peque\u00f1os que viajan juntos. En el interior, los hu\u00e9spedes encontrar\u00e1n c\u00f3modas zonas de estar, una cocina totalmente equipada y luminosos dormitorios dise\u00f1ados para disfrutar de unas relajantes vacaciones.<\/p>\n<p data-start=\"697\" data-end=\"991\">En el exterior, la propiedad cuenta con una piscina privada, jard\u00edn y terraza, lo que proporciona un amplio espacio al aire libre para relajarse al sol, disfrutar de comidas al aire libre o pasar tiempo en familia. El jard\u00edn y la piscina crean un entorno perfecto para que los ni\u00f1os jueguen mientras los adultos se relajan.<\/p>\n<p data-start=\"993\" data-end=\"1168\">Su ubicaci\u00f3n permite acceder f\u00e1cilmente a varias calas cercanas, como <strong data-start=\"1057\" data-end=\"1103\">Cala Esmeralda, Cala Gran y Cala Ferrera<\/strong>, todas ellas conocidas por sus aguas tranquilas y su ambiente familiar.<\/p>\n<p><strong>Enlace para ver m\u00e1s detalles y reservar: <a href=\"https:\/\/booking.stay22.com\/likexpats\/JP9sOQjNil\" target=\"_blank\" rel=\"noopener\">Villa Cala Esmeralda<\/a><\/strong><\/p>\n<h4><span class=\"ez-toc-section\" id=\"Villa_Costa_Eugenia\"><\/span><strong>Villa Costa Eugenia<\/strong><span class=\"ez-toc-section-end\"><\/span><\/h4>\n<p><strong>3 dormitorios | Hasta 7 personas<\/strong><\/p>\n<div id='gallery-27' class='gallery galleryid-1730 gallery-columns-2 gallery-size-full'><figure class='gallery-item'>\n\t\t\t<div class='gallery-icon landscape'>\n\t\t\t\t<a href='https:\/\/www.mymallorcadiary.com\/wp-content\/uploads\/2026\/02\/Villa-for-families-in-Cala-Dor-Mallorca.webp'><img decoding=\"async\" width=\"1920\" height=\"1078\" src=\"https:\/\/www.mymallorcadiary.com\/wp-content\/uploads\/2026\/02\/Villa-for-families-in-Cala-Dor-Mallorca.webp\" class=\"attachment-full size-full\" alt=\"\" srcset=\"https:\/\/www.mymallorcadiary.com\/wp-content\/uploads\/2026\/02\/Villa-for-families-in-Cala-Dor-Mallorca.webp 1920w, https:\/\/www.mymallorcadiary.com\/wp-content\/uploads\/2026\/02\/Villa-for-families-in-Cala-Dor-Mallorca-300x168.webp 300w, https:\/\/www.mymallorcadiary.com\/wp-content\/uploads\/2026\/02\/Villa-for-families-in-Cala-Dor-Mallorca-1024x575.webp 1024w, https:\/\/www.mymallorcadiary.com\/wp-content\/uploads\/2026\/02\/Villa-for-families-in-Cala-Dor-Mallorca-768x431.webp 768w, https:\/\/www.mymallorcadiary.com\/wp-content\/uploads\/2026\/02\/Villa-for-families-in-Cala-Dor-Mallorca-1536x862.webp 1536w, https:\/\/www.mymallorcadiary.com\/wp-content\/uploads\/2026\/02\/Villa-for-families-in-Cala-Dor-Mallorca-696x391.webp 696w, https:\/\/www.mymallorcadiary.com\/wp-content\/uploads\/2026\/02\/Villa-for-families-in-Cala-Dor-Mallorca-1392x782.webp 1392w\" sizes=\"(max-width: 1920px) 100vw, 1920px\" \/><\/a>\n\t\t\t<\/div><\/figure><figure class='gallery-item'>\n\t\t\t<div class='gallery-icon landscape'>\n\t\t\t\t<a href='https:\/\/www.mymallorcadiary.com\/wp-content\/uploads\/2026\/02\/Villa-for-6-with-pool-in-Mallorca.webp'><img decoding=\"async\" width=\"1920\" height=\"1078\" src=\"https:\/\/www.mymallorcadiary.com\/wp-content\/uploads\/2026\/02\/Villa-for-6-with-pool-in-Mallorca.webp\" class=\"attachment-full size-full\" alt=\"\" srcset=\"https:\/\/www.mymallorcadiary.com\/wp-content\/uploads\/2026\/02\/Villa-for-6-with-pool-in-Mallorca.webp 1920w, https:\/\/www.mymallorcadiary.com\/wp-content\/uploads\/2026\/02\/Villa-for-6-with-pool-in-Mallorca-300x168.webp 300w, https:\/\/www.mymallorcadiary.com\/wp-content\/uploads\/2026\/02\/Villa-for-6-with-pool-in-Mallorca-1024x575.webp 1024w, https:\/\/www.mymallorcadiary.com\/wp-content\/uploads\/2026\/02\/Villa-for-6-with-pool-in-Mallorca-768x431.webp 768w, https:\/\/www.mymallorcadiary.com\/wp-content\/uploads\/2026\/02\/Villa-for-6-with-pool-in-Mallorca-1536x862.webp 1536w, https:\/\/www.mymallorcadiary.com\/wp-content\/uploads\/2026\/02\/Villa-for-6-with-pool-in-Mallorca-696x391.webp 696w, https:\/\/www.mymallorcadiary.com\/wp-content\/uploads\/2026\/02\/Villa-for-6-with-pool-in-Mallorca-1392x782.webp 1392w\" sizes=\"(max-width: 1920px) 100vw, 1920px\" \/><\/a>\n\t\t\t<\/div><\/figure><figure class='gallery-item'>\n\t\t\t<div class='gallery-icon landscape'>\n\t\t\t\t<a href='https:\/\/www.mymallorcadiary.com\/wp-content\/uploads\/2026\/02\/Villa-Costa-Eugenia-in-south-east-Mallorca.webp'><img decoding=\"async\" width=\"1920\" height=\"1078\" src=\"https:\/\/www.mymallorcadiary.com\/wp-content\/uploads\/2026\/02\/Villa-Costa-Eugenia-in-south-east-Mallorca.webp\" class=\"attachment-full size-full\" alt=\"\" srcset=\"https:\/\/www.mymallorcadiary.com\/wp-content\/uploads\/2026\/02\/Villa-Costa-Eugenia-in-south-east-Mallorca.webp 1920w, https:\/\/www.mymallorcadiary.com\/wp-content\/uploads\/2026\/02\/Villa-Costa-Eugenia-in-south-east-Mallorca-300x168.webp 300w, https:\/\/www.mymallorcadiary.com\/wp-content\/uploads\/2026\/02\/Villa-Costa-Eugenia-in-south-east-Mallorca-1024x575.webp 1024w, https:\/\/www.mymallorcadiary.com\/wp-content\/uploads\/2026\/02\/Villa-Costa-Eugenia-in-south-east-Mallorca-768x431.webp 768w, https:\/\/www.mymallorcadiary.com\/wp-content\/uploads\/2026\/02\/Villa-Costa-Eugenia-in-south-east-Mallorca-1536x862.webp 1536w, https:\/\/www.mymallorcadiary.com\/wp-content\/uploads\/2026\/02\/Villa-Costa-Eugenia-in-south-east-Mallorca-696x391.webp 696w, https:\/\/www.mymallorcadiary.com\/wp-content\/uploads\/2026\/02\/Villa-Costa-Eugenia-in-south-east-Mallorca-1392x782.webp 1392w\" sizes=\"(max-width: 1920px) 100vw, 1920px\" \/><\/a>\n\t\t\t<\/div><\/figure><figure class='gallery-item'>\n\t\t\t<div class='gallery-icon landscape'>\n\t\t\t\t<a href='https:\/\/www.mymallorcadiary.com\/wp-content\/uploads\/2026\/02\/Villa-Costa-Eugenia-Mallorca.webp'><img decoding=\"async\" width=\"1920\" height=\"1078\" src=\"https:\/\/www.mymallorcadiary.com\/wp-content\/uploads\/2026\/02\/Villa-Costa-Eugenia-Mallorca.webp\" class=\"attachment-full size-full\" alt=\"\" srcset=\"https:\/\/www.mymallorcadiary.com\/wp-content\/uploads\/2026\/02\/Villa-Costa-Eugenia-Mallorca.webp 1920w, https:\/\/www.mymallorcadiary.com\/wp-content\/uploads\/2026\/02\/Villa-Costa-Eugenia-Mallorca-300x168.webp 300w, https:\/\/www.mymallorcadiary.com\/wp-content\/uploads\/2026\/02\/Villa-Costa-Eugenia-Mallorca-1024x575.webp 1024w, https:\/\/www.mymallorcadiary.com\/wp-content\/uploads\/2026\/02\/Villa-Costa-Eugenia-Mallorca-768x431.webp 768w, https:\/\/www.mymallorcadiary.com\/wp-content\/uploads\/2026\/02\/Villa-Costa-Eugenia-Mallorca-1536x862.webp 1536w, https:\/\/www.mymallorcadiary.com\/wp-content\/uploads\/2026\/02\/Villa-Costa-Eugenia-Mallorca-696x391.webp 696w, https:\/\/www.mymallorcadiary.com\/wp-content\/uploads\/2026\/02\/Villa-Costa-Eugenia-Mallorca-1392x782.webp 1392w\" sizes=\"(max-width: 1920px) 100vw, 1920px\" \/><\/a>\n\t\t\t<\/div><\/figure>\n\t\t<\/div>\n\n<p data-start=\"102\" data-end=\"375\">Fotos via booking.com<\/p>\n<p data-start=\"102\" data-end=\"375\">Villa Costa Eugenia es una c\u00f3moda villa privada situada en <strong data-start=\"172\" data-end=\"185\">Cala d&#8217;Or<\/strong>, uno de los destinos m\u00e1s familiares del sureste de Mallorca. La villa se encuentra en una tranquila zona residencial, pero cerca del centro de la ciudad, las playas y el puerto deportivo.<\/p>\n<p data-start=\"377\" data-end=\"661\">La propiedad cuenta con <strong data-start=\"399\" data-end=\"460\">tres dormitorios con capacidad m\u00e1xima para 7 personas<\/strong>, lo que la convierte en una opci\u00f3n ideal para familias o grupos peque\u00f1os que viajan juntos. En el interior, la villa ofrece espacios luminosos, una cocina totalmente equipada y c\u00f3modos dormitorios dise\u00f1ados para estancias relajantes.<\/p>\n<p data-start=\"663\" data-end=\"939\">En el exterior, los hu\u00e9spedes pueden disfrutar de una piscina privada, un jard\u00edn y una terraza, perfectos para relajarse al sol, disfrutar de comidas al aire libre o pasar tiempo en familia. El jard\u00edn y la zona de la piscina crean un agradable espacio al aire libre donde los ni\u00f1os pueden jugar mientras los adultos se relajan.<\/p>\n<p data-start=\"941\" data-end=\"1130\">La villa tambi\u00e9n est\u00e1 convenientemente situada cerca de varias calas preciosas de Cala d&#8217;Or, como <strong data-start=\"1031\" data-end=\"1063\">Cala Gran y Cala Esmeralda<\/strong>, as\u00ed como de la zona del puerto deportivo, con sus restaurantes, cafeter\u00edas y tiendas.<\/p>\n<p><strong>Enlace para ver m\u00e1s detalles y reservar: <a href=\"https:\/\/booking.stay22.com\/likexpats\/e5LPWLifQn\" target=\"_blank\" rel=\"noopener\">Villa Costa Eugenia<\/a><\/strong><\/p>\n<p><img decoding=\"async\" class=\"alignnone wp-image-417 size-full\" src=\"https:\/\/www.mymallorcadiary.com\/wp-content\/uploads\/2024\/11\/Calo-Des-Moro-near-Santanyi-beach.webp\" alt=\"Calo Des Moro, cerca de Santany\u00ed\" width=\"1920\" height=\"1078\" srcset=\"https:\/\/www.mymallorcadiary.com\/wp-content\/uploads\/2024\/11\/Calo-Des-Moro-near-Santanyi-beach.webp 1920w, https:\/\/www.mymallorcadiary.com\/wp-content\/uploads\/2024\/11\/Calo-Des-Moro-near-Santanyi-beach-300x168.webp 300w, https:\/\/www.mymallorcadiary.com\/wp-content\/uploads\/2024\/11\/Calo-Des-Moro-near-Santanyi-beach-1024x575.webp 1024w, https:\/\/www.mymallorcadiary.com\/wp-content\/uploads\/2024\/11\/Calo-Des-Moro-near-Santanyi-beach-768x431.webp 768w, https:\/\/www.mymallorcadiary.com\/wp-content\/uploads\/2024\/11\/Calo-Des-Moro-near-Santanyi-beach-1536x862.webp 1536w, https:\/\/www.mymallorcadiary.com\/wp-content\/uploads\/2024\/11\/Calo-Des-Moro-near-Santanyi-beach-696x391.webp 696w, https:\/\/www.mymallorcadiary.com\/wp-content\/uploads\/2024\/11\/Calo-Des-Moro-near-Santanyi-beach-1392x782.webp 1392w\" sizes=\"(max-width: 1920px) 100vw, 1920px\" \/><\/p>\n<h2 data-start=\"4251\" data-end=\"4317\"><span class=\"ez-toc-section\" id=\"%C2%BFComo_elegir_donde_alojarse_en_Mallorca_para_tus_vacaciones_familiares\"><\/span><strong>\u00bfC\u00f3mo elegir d\u00f3nde alojarse en Mallorca para tus vacaciones familiares?<\/strong><span class=\"ez-toc-section-end\"><\/span><\/h2>\n<p data-start=\"4319\" data-end=\"4429\">Mallorca es muy diversa, y elegir la mejor zona depende del tipo de experiencia que desees tener en tu viaje.<\/p>\n<ul>\n<li data-start=\"4431\" data-end=\"4477\"><strong>Elige Santa Ponsa si buscas comodidad:<\/strong> ideal para familias que quieren tenerlo todo cerca, incluyendo playas, tiendas y ocio.<\/li>\n<li data-start=\"4431\" data-end=\"4477\">Elige Alc\u00fadia si buscas espacio y largas playas: ideal para familias que disfrutan de las actividades al aire libre y los entornos m\u00e1s tranquilos.<\/li>\n<li data-start=\"4702\" data-end=\"4761\">Elige Cala d&#8217;Or si buscas encanto y acogedoras calas: ideal para familias que buscan un pintoresco ambiente mediterr\u00e1neo con numerosas opciones gastron\u00f3micas.<\/li>\n<\/ul>\n<p><img decoding=\"async\" class=\"alignnone wp-image-413 size-full\" src=\"https:\/\/www.mymallorcadiary.com\/wp-content\/uploads\/2024\/11\/Santanyi-Beaches-Cala-Llombards.webp\" alt=\"Cala Llombards, playas de Santany\u00ed\" width=\"1920\" height=\"1078\" srcset=\"https:\/\/www.mymallorcadiary.com\/wp-content\/uploads\/2024\/11\/Santanyi-Beaches-Cala-Llombards.webp 1920w, https:\/\/www.mymallorcadiary.com\/wp-content\/uploads\/2024\/11\/Santanyi-Beaches-Cala-Llombards-300x168.webp 300w, https:\/\/www.mymallorcadiary.com\/wp-content\/uploads\/2024\/11\/Santanyi-Beaches-Cala-Llombards-1024x575.webp 1024w, https:\/\/www.mymallorcadiary.com\/wp-content\/uploads\/2024\/11\/Santanyi-Beaches-Cala-Llombards-768x431.webp 768w, https:\/\/www.mymallorcadiary.com\/wp-content\/uploads\/2024\/11\/Santanyi-Beaches-Cala-Llombards-1536x862.webp 1536w, https:\/\/www.mymallorcadiary.com\/wp-content\/uploads\/2024\/11\/Santanyi-Beaches-Cala-Llombards-696x391.webp 696w, https:\/\/www.mymallorcadiary.com\/wp-content\/uploads\/2024\/11\/Santanyi-Beaches-Cala-Llombards-1392x782.webp 1392w\" sizes=\"(max-width: 1920px) 100vw, 1920px\" \/><\/p>\n<h2 data-start=\"4869\" data-end=\"4918\"><span class=\"ez-toc-section\" id=\"Consejos_adicionales_para_alojarse_en_Mallorca_con_la_familia\"><\/span><strong>Consejos adicionales para alojarse en Mallorca con la familia<\/strong><span class=\"ez-toc-section-end\"><\/span><\/h2>\n<h3 data-start=\"58\" data-end=\"291\"><span class=\"ez-toc-section\" id=\"%E2%9C%94_Considera_alquilar_un_coche\"><\/span>\u2714 <strong data-start=\"60\" data-end=\"87\">Considera alquilar un coche<\/strong><span class=\"ez-toc-section-end\"><\/span><\/h3>\n<p data-start=\"58\" data-end=\"291\">Aunque la mayor\u00eda de las zonas tur\u00edsticas se pueden recorrer a pie, disponer de un coche facilita mucho la exploraci\u00f3n de playas rec\u00f3nditas y encantadores pueblos locales repartidos por toda la isla. <strong data-start=\"230\" data-end=\"289\">De esta manera, podr\u00e1s disfrutar tanto de la comodidad como de la aventura.<\/strong><\/p>\n<h3 data-start=\"293\" data-end=\"542\"><span class=\"ez-toc-section\" id=\"%E2%9C%94_Reserva_cerca_de_la_playa\"><\/span>\u2714 <strong>Reserva cerca de la playa<\/strong><span class=\"ez-toc-section-end\"><\/span><\/h3>\n<p data-start=\"293\" data-end=\"542\">Adem\u00e1s, elegir un alojamiento cerca del mar hace que tus vacaciones sean mucho m\u00e1s c\u00f3modas, especialmente cuando viajas con ni\u00f1os. <strong data-start=\"455\" data-end=\"540\">Estar cerca permite desplazarse f\u00e1cilmente entre tu habitaci\u00f3n y la playa.<\/strong><\/p>\n<h3 data-start=\"544\" data-end=\"778\"><span class=\"ez-toc-section\" id=\"%E2%9C%94_Planifica_tus_dias_con_antelacion\"><\/span>\u2714 <strong data-start=\"546\" data-end=\"576\">Planifica tus d\u00edas con antelaci\u00f3n<\/strong><span class=\"ez-toc-section-end\"><\/span><\/h3>\n<p data-start=\"544\" data-end=\"778\" data-is-last-node=\"\" data-is-only-node=\"\">Por \u00faltimo, si te alojas en el sur o sureste, no dejes de visitar algunas de las playas m\u00e1s bonitas de la isla. <strong data-start=\"687\" data-end=\"778\" data-is-last-node=\"\">Planificar con antelaci\u00f3n te garantiza no perderte lo m\u00e1s destacado y poder aprovechar al m\u00e1ximo cada d\u00eda.<\/strong><\/p>\n<p data-start=\"5082\" data-end=\"5120\">Muchos visitantes combinan su estancia en el hotel con excursiones de un d\u00eda a los lugares que aparecen en nuestra gu\u00eda de las <strong><a href=\"https:\/\/www.mymallorcadiary.com\/es\/las-mejores-playas-del-sur-de-mallorca-que-no-te-puedes-perder\/\" target=\"_blank\" rel=\"noopener\">mejores playas del sur de Mallorca<\/a><\/strong>.<\/p>\n<h3 data-start=\"5505\" data-end=\"5539\"><span class=\"ez-toc-section\" id=\"%E2%9C%94_Intenta_reservar_con_antelacion_para_los_viajes_de_verano\"><\/span>\u2714 <strong>Intenta reservar con antelaci\u00f3n para los viajes de verano<\/strong><span class=\"ez-toc-section-end\"><\/span><\/h3>\n<p data-start=\"5505\" data-end=\"5539\">Los hoteles familiares en Mallorca se llenan r\u00e1pidamente durante la temporada alta, especialmente durante las vacaciones escolares.<\/p>\n<p><img decoding=\"async\" class=\"alignnone wp-image-411 size-full\" src=\"https:\/\/www.mymallorcadiary.com\/wp-content\/uploads\/2024\/11\/Cala-Mondrago-Santanyi-Beaches.webp\" alt=\"Playas de Santany\u00ed, Cala Mondrag\u00f3\" width=\"1920\" height=\"1078\" srcset=\"https:\/\/www.mymallorcadiary.com\/wp-content\/uploads\/2024\/11\/Cala-Mondrago-Santanyi-Beaches.webp 1920w, https:\/\/www.mymallorcadiary.com\/wp-content\/uploads\/2024\/11\/Cala-Mondrago-Santanyi-Beaches-300x168.webp 300w, https:\/\/www.mymallorcadiary.com\/wp-content\/uploads\/2024\/11\/Cala-Mondrago-Santanyi-Beaches-1024x575.webp 1024w, https:\/\/www.mymallorcadiary.com\/wp-content\/uploads\/2024\/11\/Cala-Mondrago-Santanyi-Beaches-768x431.webp 768w, https:\/\/www.mymallorcadiary.com\/wp-content\/uploads\/2024\/11\/Cala-Mondrago-Santanyi-Beaches-1536x862.webp 1536w, https:\/\/www.mymallorcadiary.com\/wp-content\/uploads\/2024\/11\/Cala-Mondrago-Santanyi-Beaches-696x391.webp 696w, https:\/\/www.mymallorcadiary.com\/wp-content\/uploads\/2024\/11\/Cala-Mondrago-Santanyi-Beaches-1392x782.webp 1392w\" sizes=\"(max-width: 1920px) 100vw, 1920px\" \/><\/p>\n<h2 data-start=\"5640\" data-end=\"5685\"><span class=\"ez-toc-section\" id=\"Preguntas_frecuentes_%C2%BFDonde_alojarse_en_Mallorca_con_la_familia\"><\/span><strong>Preguntas frecuentes: \u00bfD\u00f3nde alojarse en Mallorca con la familia?<\/strong><span class=\"ez-toc-section-end\"><\/span><\/h2>\n<ul>\n<li data-start=\"5687\" data-end=\"5742\">\n<h3><span class=\"ez-toc-section\" id=\"%C2%BFEs_Mallorca_un_buen_destino_para_unas_vacaciones_en_familia\"><\/span><strong>\u00bfEs Mallorca un buen destino para unas vacaciones en familia?<br \/>\n<\/strong><span class=\"ez-toc-section-end\"><\/span><\/h3>\n<p>S\u00ed, Mallorca es un destino seguro y ideal para familias en Europa. La isla ofrece playas tranquilas, complejos tur\u00edsticos familiares, actividades al aire libre y excelentes instalaciones sanitarias.<\/li>\n<li data-start=\"5933\" data-end=\"5981\">\n<h3><span class=\"ez-toc-section\" id=\"%C2%BFQue_parte_de_Mallorca_es_la_mejor_para_las_familias\"><\/span><strong>\u00bfQu\u00e9 parte de Mallorca es la mejor para las familias?<br \/>\n<\/strong><span class=\"ez-toc-section-end\"><\/span><\/h3>\n<p>Santa Ponsa, Alc\u00fadia y Cala d&#8217;Or se encuentran entre las mejores zonas para familias gracias a sus playas seguras, sus opciones de alojamiento y su oferta de ocio familiar. Tambi\u00e9n puedes <strong>echar un vistazo a nuestra gu\u00eda completa<\/strong>: <strong><a href=\"https:\/\/www.mymallorcadiary.com\/es\/la-mejor-zona-de-mallorca-para-familias-en-2026\/\" target=\"_blank\" rel=\"noopener\">Mejor zona en Mallorca con la familia<\/a><\/strong>.<\/li>\n<li data-start=\"6136\" data-end=\"6175\">\n<h3><span class=\"ez-toc-section\" id=\"%C2%BFLas_familias_necesitan_un_coche_en_Mallorca\"><\/span><strong>\u00bfLas familias necesitan un coche en Mallorca?<br \/>\n<\/strong><span class=\"ez-toc-section-end\"><\/span><\/h3>\n<p>No siempre, pero alquilar un coche te da m\u00e1s flexibilidad para explorar la isla y visitar playas rec\u00f3nditas, mercados locales y pueblos pintorescos. Aqu\u00ed puedes consultar nuestro art\u00edculo del blog: <strong><a href=\"https:\/\/www.mymallorcadiary.com\/es\/alquilar-un-coche-en-mallorca-sin-deposito\/\">ALQUILER DE COCHES SIN DEP\u00d3SITOS<\/a><\/strong>, para que puedas evitar sorpresas en la recogida, cargos adicionales por seguros o tasas ocultas.<\/li>\n<\/ul>\n<p><strong>Estos son nuestros consejos personales sobre d\u00f3nde alojarse en Mallorca con la familia.<\/strong><\/p>\n<article class=\"text-token-text-primary w-full focus:outline-none [--shadow-height:45px] has-data-writing-block:pointer-events-none has-data-writing-block:-mt-(--shadow-height) has-data-writing-block:pt-(--shadow-height) [&amp;:has([data-writing-block])&gt;*]:pointer-events-auto scroll-mt-[calc(var(--header-height)+min(200px,max(70px,20svh)))]\" dir=\"auto\" tabindex=\"-1\" data-turn-id=\"request-WEB:a7ae38e8-b2de-437d-b927-82b6afb06f36-3\" data-testid=\"conversation-turn-6\" data-scroll-anchor=\"true\" data-turn=\"assistant\">\n<div class=\"text-base my-auto mx-auto pb-10 [--thread-content-margin:--spacing(4)] @w-sm\/main:[--thread-content-margin:--spacing(6)] @w-lg\/main:[--thread-content-margin:--spacing(16)] px-(--thread-content-margin)\">\n<div class=\"[--thread-content-max-width:40rem] @w-lg\/main:[--thread-content-max-width:48rem] mx-auto max-w-(--thread-content-max-width) flex-1 group\/turn-messages focus-visible:outline-hidden relative flex w-full min-w-0 flex-col agent-turn\" tabindex=\"-1\">\n<div class=\"flex max-w-full flex-col grow\">\n<div class=\"min-h-8 text-message relative flex w-full flex-col items-end gap-2 text-start break-words whitespace-normal [.text-message+&amp;]:mt-1\" dir=\"auto\" data-message-author-role=\"assistant\" data-message-id=\"4a5556ea-f06c-4ed0-bf5f-070051d46402\" data-message-model-slug=\"gpt-5-2\">\n<div class=\"flex w-full flex-col gap-1 empty:hidden first:pt-[1px]\">\n<div class=\"markdown prose dark:prose-invert w-full wrap-break-word light markdown-new-styling\">\n<p data-start=\"100\" data-end=\"316\">Cu\u00e9ntanos en los comentarios qu\u00e9 te parece nuestra gu\u00eda y qu\u00e9 zona has elegido para tus vacaciones familiares. \u00bfTe has alojado en alguno de estos destinos?. Nos encantar\u00eda conocer tu experiencia. \u00a1D\u00e9janos un comentario! \ud83d\ude42<\/p>\n<p data-start=\"318\" data-end=\"573\"><strong>Visitar Santany\u00ed es sin duda un plan perfecto para tus vacaciones en familia<\/strong>. Si quieres saber m\u00e1s sobre Mallorca con tu familia, <strong>echa un vistazo a nuestra gu\u00eda completa<\/strong>: <strong><a href=\"https:\/\/www.mymallorcadiary.com\/es\/la-mejor-zona-de-mallorca-para-familias-en-2026\/\" target=\"_blank\" rel=\"noopener\">Mejor zona para alojarse con la familia: Gu\u00eda completa<\/a><\/strong> y <strong><a href=\"https:\/\/www.mymallorcadiary.com\/es\/hoteles-para-familias-en-mallorca\/\" target=\"_blank\" rel=\"noopener\">Hoteles para familias Mallorca<\/a><\/strong>.<\/p>\n<p data-start=\"318\" data-end=\"573\">Explora m\u00e1s art\u00edculos \u00fatiles con consejos para tu viaje a Mallorca: <strong><a href=\"https:\/\/www.mymallorcadiary.com\/es\/cala-dor-que-hacer-y-que-ver\/\">descubre qu\u00e9 hacer y qu\u00e9 ver en Cala d&#8217;Or<\/a><\/strong>, echa un vistazo a <strong><span class=\"hover:entity-accent entity-underline inline cursor-pointer align-baseline\"><a href=\"https:\/\/www.mymallorcadiary.com\/es\/los-mejores-restaurantes-en-cala-dor-2026\/\">los mejores restaurantes de Cala d&#8217;Or<\/a><\/span><\/strong> o insp\u00edrate con nuestra <strong><a href=\"https:\/\/www.mymallorcadiary.com\/es\/mis-experiencias-favoritas-en-el-sur-de-mallorca\/\">gu\u00eda de las mejores playas del sur de Mallorca<\/a><\/strong>.<\/p>\n<p data-start=\"575\" data-end=\"744\" data-is-last-node=\"\" data-is-only-node=\"\">\u00bfEst\u00e1s pensando en alquilar un coche en Mallorca?. Lee nuestro art\u00edculo sobre <strong><a href=\"https:\/\/www.mymallorcadiary.com\/es\/alquilar-un-coche-en-mallorca-sin-deposito\/\">ALQUILER DE COCHES SIN DEP\u00d3SITOS<\/a><\/strong>, para evitar sorpresas en la recogida, cargos adicionales por seguros o tasas ocultas.<\/p>\n<\/div>\n<\/div>\n<\/div>\n<\/div>\n<\/div>\n<\/div>\n<\/article>\n","protected":false},"excerpt":{"rendered":"<p>\u00bfEst\u00e1s planeando unas vacaciones familiares en Mallorca?. \u00bfBuscas d\u00f3nde alojarte en Mallorca con la familia?. Est\u00e1s de suerte. La isla es uno de los destinos m\u00e1s familiares del Mediterr\u00e1neo, conocida por sus playas seguras, sus encantadores pueblos costeros y sus infinitas actividades para todas las edades. Despu\u00e9s de vivir en Mallorca durante m\u00e1s de 10 [&hellip;]<\/p>\n","protected":false},"author":3,"featured_media":3340,"comment_status":"open","ping_status":"open","sticky":false,"template":"","format":"standard","meta":{"rank_math_title":"","rank_math_description":"","rank_math_focus_keyword":"","_lmt_disableupdate":"no","_lmt_disable":"","footnotes":""},"categories":[88],"tags":[84],"class_list":{"0":"post-1730","1":"post","2":"type-post","3":"status-publish","4":"format-standard","5":"has-post-thumbnail","7":"category-consejos-y-guias-de-viaje-mallorca","8":"tag-viaje-familiar-a-mallorca"},"yoast_head":"<!-- This site is optimized with the Yoast SEO plugin v23.8 - https:\/\/yoast.com\/wordpress\/plugins\/seo\/ -->\n<title>D\u00f3nde alojarse en Mallorca con la familia: Gu\u00eda completa<\/title>\n<meta name=\"description\" content=\"\u00bfBuscas d\u00f3nde alojarse en Mallorca con la familia?. Aqu\u00ed tienes nuestra gu\u00eda local sobre d\u00f3nde alojarte con tu familia para disfrutar de...\" \/>\n<meta name=\"robots\" content=\"index, follow, max-snippet:-1, max-image-preview:large, max-video-preview:-1\" \/>\n<link rel=\"canonical\" href=\"https:\/\/www.mymallorcadiary.com\/es\/donde-alojarse-en-mallorca-con-la-familia-guia-completa\/\" \/>\n<meta property=\"og:locale\" content=\"es_ES\" \/>\n<meta property=\"og:type\" content=\"article\" \/>\n<meta property=\"og:title\" content=\"D\u00f3nde alojarse en Mallorca con la familia: Gu\u00eda completa\" \/>\n<meta property=\"og:description\" content=\"\u00bfBuscas d\u00f3nde alojarse en Mallorca con la familia?. Aqu\u00ed tienes nuestra gu\u00eda local sobre d\u00f3nde alojarte con tu familia para disfrutar de...\" \/>\n<meta property=\"og:url\" content=\"https:\/\/www.mymallorcadiary.com\/es\/donde-alojarse-en-mallorca-con-la-familia-guia-completa\/\" \/>\n<meta property=\"og:site_name\" content=\"mymallorcadiary.com\" \/>\n<meta property=\"article:published_time\" content=\"2026-04-20T08:20:13+00:00\" \/>\n<meta property=\"article:modified_time\" content=\"2026-03-13T08:16:23+00:00\" \/>\n<meta property=\"og:image\" content=\"https:\/\/www.mymallorcadiary.com\/wp-content\/uploads\/2026\/03\/where-to-stay-in-Mallorca-with-kids.webp\" \/>\n\t<meta property=\"og:image:width\" content=\"1920\" \/>\n\t<meta property=\"og:image:height\" content=\"1078\" \/>\n\t<meta property=\"og:image:type\" content=\"image\/webp\" \/>\n<meta name=\"author\" content=\"Cler Favela\" \/>\n<meta name=\"twitter:card\" content=\"summary_large_image\" \/>\n<meta name=\"twitter:label1\" content=\"Escrito por\" \/>\n\t<meta name=\"twitter:data1\" content=\"Cler Favela\" \/>\n\t<meta name=\"twitter:label2\" content=\"Tiempo de lectura\" \/>\n\t<meta name=\"twitter:data2\" content=\"27 minutos\" \/>\n<script type=\"application\/ld+json\" class=\"yoast-schema-graph\">{\"@context\":\"https:\/\/schema.org\",\"@graph\":[{\"@type\":\"WebPage\",\"@id\":\"https:\/\/www.mymallorcadiary.com\/es\/donde-alojarse-en-mallorca-con-la-familia-guia-completa\/\",\"url\":\"https:\/\/www.mymallorcadiary.com\/es\/donde-alojarse-en-mallorca-con-la-familia-guia-completa\/\",\"name\":\"D\u00f3nde alojarse en Mallorca con la familia: Gu\u00eda completa\",\"isPartOf\":{\"@id\":\"https:\/\/www.mymallorcadiary.com\/es\/#website\"},\"primaryImageOfPage\":{\"@id\":\"https:\/\/www.mymallorcadiary.com\/es\/donde-alojarse-en-mallorca-con-la-familia-guia-completa\/#primaryimage\"},\"image\":{\"@id\":\"https:\/\/www.mymallorcadiary.com\/es\/donde-alojarse-en-mallorca-con-la-familia-guia-completa\/#primaryimage\"},\"thumbnailUrl\":\"https:\/\/www.mymallorcadiary.com\/wp-content\/uploads\/2026\/03\/where-to-stay-in-Mallorca-with-kids.webp\",\"datePublished\":\"2026-04-20T08:20:13+00:00\",\"dateModified\":\"2026-03-13T08:16:23+00:00\",\"author\":{\"@id\":\"https:\/\/www.mymallorcadiary.com\/es\/#\/schema\/person\/c83fc5b0d2024e3952c8bcb8d723e1ec\"},\"description\":\"\u00bfBuscas d\u00f3nde alojarse en Mallorca con la familia?. Aqu\u00ed tienes nuestra gu\u00eda local sobre d\u00f3nde alojarte con tu familia para disfrutar de...\",\"breadcrumb\":{\"@id\":\"https:\/\/www.mymallorcadiary.com\/es\/donde-alojarse-en-mallorca-con-la-familia-guia-completa\/#breadcrumb\"},\"inLanguage\":\"es\",\"potentialAction\":[{\"@type\":\"ReadAction\",\"target\":[\"https:\/\/www.mymallorcadiary.com\/es\/donde-alojarse-en-mallorca-con-la-familia-guia-completa\/\"]}]},{\"@type\":\"ImageObject\",\"inLanguage\":\"es\",\"@id\":\"https:\/\/www.mymallorcadiary.com\/es\/donde-alojarse-en-mallorca-con-la-familia-guia-completa\/#primaryimage\",\"url\":\"https:\/\/www.mymallorcadiary.com\/wp-content\/uploads\/2026\/03\/where-to-stay-in-Mallorca-with-kids.webp\",\"contentUrl\":\"https:\/\/www.mymallorcadiary.com\/wp-content\/uploads\/2026\/03\/where-to-stay-in-Mallorca-with-kids.webp\",\"width\":1920,\"height\":1078},{\"@type\":\"BreadcrumbList\",\"@id\":\"https:\/\/www.mymallorcadiary.com\/es\/donde-alojarse-en-mallorca-con-la-familia-guia-completa\/#breadcrumb\",\"itemListElement\":[{\"@type\":\"ListItem\",\"position\":1,\"name\":\"Portada\",\"item\":\"https:\/\/www.mymallorcadiary.com\/es\/inicio\/\"},{\"@type\":\"ListItem\",\"position\":2,\"name\":\"D\u00f3nde alojarse en Mallorca con la familia: Gu\u00eda completa\"}]},{\"@type\":\"WebSite\",\"@id\":\"https:\/\/www.mymallorcadiary.com\/es\/#website\",\"url\":\"https:\/\/www.mymallorcadiary.com\/es\/\",\"name\":\"mymallorcadiary.com\",\"description\":\"The best Mallorcan tips\",\"potentialAction\":[{\"@type\":\"SearchAction\",\"target\":{\"@type\":\"EntryPoint\",\"urlTemplate\":\"https:\/\/www.mymallorcadiary.com\/es\/?s={search_term_string}\"},\"query-input\":{\"@type\":\"PropertyValueSpecification\",\"valueRequired\":true,\"valueName\":\"search_term_string\"}}],\"inLanguage\":\"es\"},{\"@type\":\"Person\",\"@id\":\"https:\/\/www.mymallorcadiary.com\/es\/#\/schema\/person\/c83fc5b0d2024e3952c8bcb8d723e1ec\",\"name\":\"Cler Favela\",\"image\":{\"@type\":\"ImageObject\",\"inLanguage\":\"es\",\"@id\":\"https:\/\/www.mymallorcadiary.com\/es\/#\/schema\/person\/image\/\",\"url\":\"https:\/\/secure.gravatar.com\/avatar\/9b520d2a6465aad3c946650ad7c82d9765614bacbbeeb1c93428ac38a9feec55?s=96&d=mm&r=g\",\"contentUrl\":\"https:\/\/secure.gravatar.com\/avatar\/9b520d2a6465aad3c946650ad7c82d9765614bacbbeeb1c93428ac38a9feec55?s=96&d=mm&r=g\",\"caption\":\"Cler Favela\"},\"url\":\"https:\/\/www.mymallorcadiary.com\/es\/author\/cler-favela\/\"}]}<\/script>\n<!-- \/ Yoast SEO plugin. -->","yoast_head_json":{"title":"D\u00f3nde alojarse en Mallorca con la familia: Gu\u00eda completa","description":"\u00bfBuscas d\u00f3nde alojarse en Mallorca con la familia?. Aqu\u00ed tienes nuestra gu\u00eda local sobre d\u00f3nde alojarte con tu familia para disfrutar de...","robots":{"index":"index","follow":"follow","max-snippet":"max-snippet:-1","max-image-preview":"max-image-preview:large","max-video-preview":"max-video-preview:-1"},"canonical":"https:\/\/www.mymallorcadiary.com\/es\/donde-alojarse-en-mallorca-con-la-familia-guia-completa\/","og_locale":"es_ES","og_type":"article","og_title":"D\u00f3nde alojarse en Mallorca con la familia: Gu\u00eda completa","og_description":"\u00bfBuscas d\u00f3nde alojarse en Mallorca con la familia?. Aqu\u00ed tienes nuestra gu\u00eda local sobre d\u00f3nde alojarte con tu familia para disfrutar de...","og_url":"https:\/\/www.mymallorcadiary.com\/es\/donde-alojarse-en-mallorca-con-la-familia-guia-completa\/","og_site_name":"mymallorcadiary.com","article_published_time":"2026-04-20T08:20:13+00:00","article_modified_time":"2026-03-13T08:16:23+00:00","og_image":[{"width":1920,"height":1078,"url":"https:\/\/www.mymallorcadiary.com\/wp-content\/uploads\/2026\/03\/where-to-stay-in-Mallorca-with-kids.webp","type":"image\/webp"}],"author":"Cler Favela","twitter_card":"summary_large_image","twitter_misc":{"Escrito por":"Cler Favela","Tiempo de lectura":"27 minutos"},"schema":{"@context":"https:\/\/schema.org","@graph":[{"@type":"WebPage","@id":"https:\/\/www.mymallorcadiary.com\/es\/donde-alojarse-en-mallorca-con-la-familia-guia-completa\/","url":"https:\/\/www.mymallorcadiary.com\/es\/donde-alojarse-en-mallorca-con-la-familia-guia-completa\/","name":"D\u00f3nde alojarse en Mallorca con la familia: Gu\u00eda completa","isPartOf":{"@id":"https:\/\/www.mymallorcadiary.com\/es\/#website"},"primaryImageOfPage":{"@id":"https:\/\/www.mymallorcadiary.com\/es\/donde-alojarse-en-mallorca-con-la-familia-guia-completa\/#primaryimage"},"image":{"@id":"https:\/\/www.mymallorcadiary.com\/es\/donde-alojarse-en-mallorca-con-la-familia-guia-completa\/#primaryimage"},"thumbnailUrl":"https:\/\/www.mymallorcadiary.com\/wp-content\/uploads\/2026\/03\/where-to-stay-in-Mallorca-with-kids.webp","datePublished":"2026-04-20T08:20:13+00:00","dateModified":"2026-03-13T08:16:23+00:00","author":{"@id":"https:\/\/www.mymallorcadiary.com\/es\/#\/schema\/person\/c83fc5b0d2024e3952c8bcb8d723e1ec"},"description":"\u00bfBuscas d\u00f3nde alojarse en Mallorca con la familia?. Aqu\u00ed tienes nuestra gu\u00eda local sobre d\u00f3nde alojarte con tu familia para disfrutar de...","breadcrumb":{"@id":"https:\/\/www.mymallorcadiary.com\/es\/donde-alojarse-en-mallorca-con-la-familia-guia-completa\/#breadcrumb"},"inLanguage":"es","potentialAction":[{"@type":"ReadAction","target":["https:\/\/www.mymallorcadiary.com\/es\/donde-alojarse-en-mallorca-con-la-familia-guia-completa\/"]}]},{"@type":"ImageObject","inLanguage":"es","@id":"https:\/\/www.mymallorcadiary.com\/es\/donde-alojarse-en-mallorca-con-la-familia-guia-completa\/#primaryimage","url":"https:\/\/www.mymallorcadiary.com\/wp-content\/uploads\/2026\/03\/where-to-stay-in-Mallorca-with-kids.webp","contentUrl":"https:\/\/www.mymallorcadiary.com\/wp-content\/uploads\/2026\/03\/where-to-stay-in-Mallorca-with-kids.webp","width":1920,"height":1078},{"@type":"BreadcrumbList","@id":"https:\/\/www.mymallorcadiary.com\/es\/donde-alojarse-en-mallorca-con-la-familia-guia-completa\/#breadcrumb","itemListElement":[{"@type":"ListItem","position":1,"name":"Portada","item":"https:\/\/www.mymallorcadiary.com\/es\/inicio\/"},{"@type":"ListItem","position":2,"name":"D\u00f3nde alojarse en Mallorca con la familia: Gu\u00eda completa"}]},{"@type":"WebSite","@id":"https:\/\/www.mymallorcadiary.com\/es\/#website","url":"https:\/\/www.mymallorcadiary.com\/es\/","name":"mymallorcadiary.com","description":"The best Mallorcan tips","potentialAction":[{"@type":"SearchAction","target":{"@type":"EntryPoint","urlTemplate":"https:\/\/www.mymallorcadiary.com\/es\/?s={search_term_string}"},"query-input":{"@type":"PropertyValueSpecification","valueRequired":true,"valueName":"search_term_string"}}],"inLanguage":"es"},{"@type":"Person","@id":"https:\/\/www.mymallorcadiary.com\/es\/#\/schema\/person\/c83fc5b0d2024e3952c8bcb8d723e1ec","name":"Cler Favela","image":{"@type":"ImageObject","inLanguage":"es","@id":"https:\/\/www.mymallorcadiary.com\/es\/#\/schema\/person\/image\/","url":"https:\/\/secure.gravatar.com\/avatar\/9b520d2a6465aad3c946650ad7c82d9765614bacbbeeb1c93428ac38a9feec55?s=96&d=mm&r=g","contentUrl":"https:\/\/secure.gravatar.com\/avatar\/9b520d2a6465aad3c946650ad7c82d9765614bacbbeeb1c93428ac38a9feec55?s=96&d=mm&r=g","caption":"Cler Favela"},"url":"https:\/\/www.mymallorcadiary.com\/es\/author\/cler-favela\/"}]}},"modified_by":"mymallorca","yoast_meta":{"yoast_wpseo_title":"D\u00f3nde alojarse en Mallorca con la familia: Gu\u00eda completa","yoast_wpseo_metadesc":"\u00bfBuscas d\u00f3nde alojarse en Mallorca con la familia?. Aqu\u00ed tienes nuestra gu\u00eda local sobre d\u00f3nde alojarte con tu familia para disfrutar de...","yoast_wpseo_canonical":"https:\/\/www.mymallorcadiary.com\/es\/donde-alojarse-en-mallorca-con-la-familia-guia-completa\/"},"_links":{"self":[{"href":"https:\/\/www.mymallorcadiary.com\/es\/wp-json\/wp\/v2\/posts\/1730","targetHints":{"allow":["GET"]}}],"collection":[{"href":"https:\/\/www.mymallorcadiary.com\/es\/wp-json\/wp\/v2\/posts"}],"about":[{"href":"https:\/\/www.mymallorcadiary.com\/es\/wp-json\/wp\/v2\/types\/post"}],"author":[{"embeddable":true,"href":"https:\/\/www.mymallorcadiary.com\/es\/wp-json\/wp\/v2\/users\/3"}],"replies":[{"embeddable":true,"href":"https:\/\/www.mymallorcadiary.com\/es\/wp-json\/wp\/v2\/comments?post=1730"}],"version-history":[{"count":0,"href":"https:\/\/www.mymallorcadiary.com\/es\/wp-json\/wp\/v2\/posts\/1730\/revisions"}],"wp:featuredmedia":[{"embeddable":true,"href":"https:\/\/www.mymallorcadiary.com\/es\/wp-json\/wp\/v2\/media\/3340"}],"wp:attachment":[{"href":"https:\/\/www.mymallorcadiary.com\/es\/wp-json\/wp\/v2\/media?parent=1730"}],"wp:term":[{"taxonomy":"category","embeddable":true,"href":"https:\/\/www.mymallorcadiary.com\/es\/wp-json\/wp\/v2\/categories?post=1730"},{"taxonomy":"post_tag","embeddable":true,"href":"https:\/\/www.mymallorcadiary.com\/es\/wp-json\/wp\/v2\/tags?post=1730"}],"curies":[{"name":"wp","href":"https:\/\/api.w.org\/{rel}","templated":true}]}}