{"id":1873,"date":"2026-02-17T16:53:30","date_gmt":"2026-02-17T16:53:30","guid":{"rendered":"https:\/\/www.mymallorcadiary.com\/semana-santa-en-mallorca-2026-tradiciones-clima-y-guia-de-viaje-completa\/"},"modified":"2026-03-13T09:45:44","modified_gmt":"2026-03-13T09:45:44","slug":"semana-santa-en-mallorca-2026-tradiciones-clima-y-guia-de-viaje-completa","status":"publish","type":"post","link":"https:\/\/www.mymallorcadiary.com\/es\/semana-santa-en-mallorca-2026-tradiciones-clima-y-guia-de-viaje-completa\/","title":{"rendered":"Semana Santa en Mallorca 2026: Tradiciones, Clima y Gu\u00eda de Viaje Completa"},"content":{"rendered":"<p data-start=\"331\" data-end=\"549\"><strong>La Semana Santa en Mallorca es una de las \u00e9pocas m\u00e1s bellas y aut\u00e9nticas del a\u00f1o en la isla<\/strong>. La primavera est\u00e1 en pleno apogeo, el campo se ti\u00f1e de verde, las terrazas reabren y <strong><a href=\"https:\/\/maps.app.goo.gl\/Tmp5RMb6B7cG5X7K6\" target=\"_blank\" rel=\"noopener\">Mallorca<\/a><\/strong> se adentra poco a poco en la nueva estaci\u00f3n.<\/p>\n<p data-start=\"551\" data-end=\"751\">Pero la Pascua aqu\u00ed no se trata solo de sol y ambiente primaveral. Se trata de tradiciones centenarias, emotivas procesiones nocturnas, reuniones familiares y algunos de los platos de temporada m\u00e1s deliciosos de la isla.<\/p>\n<p data-start=\"753\" data-end=\"905\">Si est\u00e1s planeando una escapada de primavera, aqu\u00ed tienes la gu\u00eda completa para la Semana Santa en Mallorca, que incluye tradiciones, el tiempo, qu\u00e9 hacer y d\u00f3nde alojarse.<\/p>\n<div id=\"ez-toc-container\" class=\"ez-toc-v2_0_61 counter-hierarchy ez-toc-counter ez-toc-grey ez-toc-container-direction\">\n<div class=\"ez-toc-title-container\">\n<p class=\"ez-toc-title \" >Tabla de contenidos<\/p>\n<span class=\"ez-toc-title-toggle\"><a href=\"#\" class=\"ez-toc-pull-right ez-toc-btn ez-toc-btn-xs ez-toc-btn-default ez-toc-toggle\" aria-label=\"Toggle Table of Content\"><span class=\"ez-toc-js-icon-con\"><span class=\"\"><span class=\"eztoc-hide\" style=\"display:none;\">Toggle<\/span><span class=\"ez-toc-icon-toggle-span\"><svg style=\"fill: #999;color:#999\" xmlns=\"http:\/\/www.w3.org\/2000\/svg\" class=\"list-377408\" width=\"20px\" height=\"20px\" viewBox=\"0 0 24 24\" fill=\"none\"><path d=\"M6 6H4v2h2V6zm14 0H8v2h12V6zM4 11h2v2H4v-2zm16 0H8v2h12v-2zM4 16h2v2H4v-2zm16 0H8v2h12v-2z\" fill=\"currentColor\"><\/path><\/svg><svg style=\"fill: #999;color:#999\" class=\"arrow-unsorted-368013\" xmlns=\"http:\/\/www.w3.org\/2000\/svg\" width=\"10px\" height=\"10px\" viewBox=\"0 0 24 24\" version=\"1.2\" baseProfile=\"tiny\"><path d=\"M18.2 9.3l-6.2-6.3-6.2 6.3c-.2.2-.3.4-.3.7s.1.5.3.7c.2.2.4.3.7.3h11c.3 0 .5-.1.7-.3.2-.2.3-.5.3-.7s-.1-.5-.3-.7zM5.8 14.7l6.2 6.3 6.2-6.3c.2-.2.3-.5.3-.7s-.1-.5-.3-.7c-.2-.2-.4-.3-.7-.3h-11c-.3 0-.5.1-.7.3-.2.2-.3.5-.3.7s.1.5.3.7z\"\/><\/svg><\/span><\/span><\/span><\/a><\/span><\/div>\n<nav><ul class='ez-toc-list ez-toc-list-level-1 ' ><li class='ez-toc-page-1 ez-toc-heading-level-2'><a class=\"ez-toc-link ez-toc-heading-1\" href=\"https:\/\/www.mymallorcadiary.com\/es\/semana-santa-en-mallorca-2026-tradiciones-clima-y-guia-de-viaje-completa\/#%C2%BFCuando_es_Semana_Santa_en_Mallorca\" title=\"\u00bfCu\u00e1ndo es Semana Santa en Mallorca?\">\u00bfCu\u00e1ndo es Semana Santa en Mallorca?<\/a><ul class='ez-toc-list-level-3' ><li class='ez-toc-heading-level-3'><a class=\"ez-toc-link ez-toc-heading-2\" href=\"https:\/\/www.mymallorcadiary.com\/es\/semana-santa-en-mallorca-2026-tradiciones-clima-y-guia-de-viaje-completa\/#Domingo_de_Ramos_29_de_marzo\" title=\"Domingo de Ramos (29 de marzo) \n\">Domingo de Ramos (29 de marzo) \n<\/a><\/li><li class='ez-toc-page-1 ez-toc-heading-level-3'><a class=\"ez-toc-link ez-toc-heading-3\" href=\"https:\/\/www.mymallorcadiary.com\/es\/semana-santa-en-mallorca-2026-tradiciones-clima-y-guia-de-viaje-completa\/#Jueves_Santo_2_de_abril\" title=\"Jueves Santo (2 de abril) \n\">Jueves Santo (2 de abril) \n<\/a><\/li><li class='ez-toc-page-1 ez-toc-heading-level-3'><a class=\"ez-toc-link ez-toc-heading-4\" href=\"https:\/\/www.mymallorcadiary.com\/es\/semana-santa-en-mallorca-2026-tradiciones-clima-y-guia-de-viaje-completa\/#Viernes_Santo_3_de_abril\" title=\"Viernes Santo (3 de abril) \n\">Viernes Santo (3 de abril) \n<\/a><\/li><li class='ez-toc-page-1 ez-toc-heading-level-3'><a class=\"ez-toc-link ez-toc-heading-5\" href=\"https:\/\/www.mymallorcadiary.com\/es\/semana-santa-en-mallorca-2026-tradiciones-clima-y-guia-de-viaje-completa\/#Domingo_de_Pascua_5_de_abril\" title=\"Domingo de Pascua (5 de abril) \n\">Domingo de Pascua (5 de abril) \n<\/a><\/li><\/ul><\/li><li class='ez-toc-page-1 ez-toc-heading-level-2'><a class=\"ez-toc-link ez-toc-heading-6\" href=\"https:\/\/www.mymallorcadiary.com\/es\/semana-santa-en-mallorca-2026-tradiciones-clima-y-guia-de-viaje-completa\/#Tradiciones_de_Semana_Santa_en_Mallorca\" title=\"Tradiciones de Semana Santa en Mallorca\">Tradiciones de Semana Santa en Mallorca<\/a><ul class='ez-toc-list-level-3' ><li class='ez-toc-heading-level-3'><a class=\"ez-toc-link ez-toc-heading-7\" href=\"https:\/\/www.mymallorcadiary.com\/es\/semana-santa-en-mallorca-2026-tradiciones-clima-y-guia-de-viaje-completa\/#Los_mejores_lugares_para_ver_procesiones_de_Pascua_en_Mallorca\" title=\"Los mejores lugares para ver procesiones de Pascua en Mallorca\">Los mejores lugares para ver procesiones de Pascua en Mallorca<\/a><ul class='ez-toc-list-level-4' ><li class='ez-toc-heading-level-4'><a class=\"ez-toc-link ez-toc-heading-8\" href=\"https:\/\/www.mymallorcadiary.com\/es\/semana-santa-en-mallorca-2026-tradiciones-clima-y-guia-de-viaje-completa\/#Palma_de_Mallorca\" title=\"Palma de Mallorca\">Palma de Mallorca<\/a><\/li><li class='ez-toc-page-1 ez-toc-heading-level-4'><a class=\"ez-toc-link ez-toc-heading-9\" href=\"https:\/\/www.mymallorcadiary.com\/es\/semana-santa-en-mallorca-2026-tradiciones-clima-y-guia-de-viaje-completa\/#Pollensa_%E2%80%93_El_Descendimiento\" title=\"Pollensa \u2013 El Descendimiento\">Pollensa \u2013 El Descendimiento<\/a><\/li><li class='ez-toc-page-1 ez-toc-heading-level-4'><a class=\"ez-toc-link ez-toc-heading-10\" href=\"https:\/\/www.mymallorcadiary.com\/es\/semana-santa-en-mallorca-2026-tradiciones-clima-y-guia-de-viaje-completa\/#Arta_y_otros_pueblos\" title=\"Art\u00e0 y otros pueblos\">Art\u00e0 y otros pueblos<\/a><\/li><\/ul><\/li><\/ul><\/li><li class='ez-toc-page-1 ez-toc-heading-level-2'><a class=\"ez-toc-link ez-toc-heading-11\" href=\"https:\/\/www.mymallorcadiary.com\/es\/semana-santa-en-mallorca-2026-tradiciones-clima-y-guia-de-viaje-completa\/#Comida_tradicional_de_Pascua_en_Mallorca\" title=\"Comida tradicional de Pascua en Mallorca\">Comida tradicional de Pascua en Mallorca<\/a><\/li><li class='ez-toc-page-1 ez-toc-heading-level-2'><a class=\"ez-toc-link ez-toc-heading-12\" href=\"https:\/\/www.mymallorcadiary.com\/es\/semana-santa-en-mallorca-2026-tradiciones-clima-y-guia-de-viaje-completa\/#Que_hacer_en_Semana_Santa_en_Mallorca\" title=\"Qu\u00e9 hacer en Semana Santa en Mallorca\">Qu\u00e9 hacer en Semana Santa en Mallorca<\/a><ul class='ez-toc-list-level-3' ><li class='ez-toc-heading-level-3'><a class=\"ez-toc-link ez-toc-heading-13\" href=\"https:\/\/www.mymallorcadiary.com\/es\/semana-santa-en-mallorca-2026-tradiciones-clima-y-guia-de-viaje-completa\/#Visita_las_playas_de_Mallorca_antes_de_las_multitudes_del_verano\" title=\"Visita las playas de Mallorca antes de las multitudes del verano\">Visita las playas de Mallorca antes de las multitudes del verano<\/a><ul class='ez-toc-list-level-4' ><li class='ez-toc-heading-level-4'><a class=\"ez-toc-link ez-toc-heading-14\" href=\"https:\/\/www.mymallorcadiary.com\/es\/semana-santa-en-mallorca-2026-tradiciones-clima-y-guia-de-viaje-completa\/#Calo_des_Moro\" title=\"Cal\u00f3 des Moro\">Cal\u00f3 des Moro<\/a><\/li><li class='ez-toc-page-1 ez-toc-heading-level-4'><a class=\"ez-toc-link ez-toc-heading-15\" href=\"https:\/\/www.mymallorcadiary.com\/es\/semana-santa-en-mallorca-2026-tradiciones-clima-y-guia-de-viaje-completa\/#Cala_Llombards\" title=\"Cala Llombards\">Cala Llombards<\/a><\/li><li class='ez-toc-page-1 ez-toc-heading-level-4'><a class=\"ez-toc-link ez-toc-heading-16\" href=\"https:\/\/www.mymallorcadiary.com\/es\/semana-santa-en-mallorca-2026-tradiciones-clima-y-guia-de-viaje-completa\/#Es_Trenc\" title=\"Es Trenc\">Es Trenc<\/a><\/li><li class='ez-toc-page-1 ez-toc-heading-level-4'><a class=\"ez-toc-link ez-toc-heading-17\" href=\"https:\/\/www.mymallorcadiary.com\/es\/semana-santa-en-mallorca-2026-tradiciones-clima-y-guia-de-viaje-completa\/#Cala_Mondrago\" title=\"Cala Mondrag\u00f3\">Cala Mondrag\u00f3<\/a><\/li><li class='ez-toc-page-1 ez-toc-heading-level-4'><a class=\"ez-toc-link ez-toc-heading-18\" href=\"https:\/\/www.mymallorcadiary.com\/es\/semana-santa-en-mallorca-2026-tradiciones-clima-y-guia-de-viaje-completa\/#Playa_de_Muro\" title=\"Playa de Muro\">Playa de Muro<\/a><\/li><\/ul><\/li><li class='ez-toc-page-1 ez-toc-heading-level-3'><a class=\"ez-toc-link ez-toc-heading-19\" href=\"https:\/\/www.mymallorcadiary.com\/es\/semana-santa-en-mallorca-2026-tradiciones-clima-y-guia-de-viaje-completa\/#Explora_pueblos_encantadores_en_primavera_en_flor\" title=\"Explora pueblos encantadores en primavera en flor\">Explora pueblos encantadores en primavera en flor<\/a><\/li><li class='ez-toc-page-1 ez-toc-heading-level-3'><a class=\"ez-toc-link ez-toc-heading-20\" href=\"https:\/\/www.mymallorcadiary.com\/es\/semana-santa-en-mallorca-2026-tradiciones-clima-y-guia-de-viaje-completa\/#Caminata_por_la_Serra_de_Tramuntana\" title=\"Caminata por la Serra de Tramuntana\">Caminata por la Serra de Tramuntana<\/a><\/li><li class='ez-toc-page-1 ez-toc-heading-level-3'><a class=\"ez-toc-link ez-toc-heading-21\" href=\"https:\/\/www.mymallorcadiary.com\/es\/semana-santa-en-mallorca-2026-tradiciones-clima-y-guia-de-viaje-completa\/#Disfruta_de_la_gastronomia_de_temporada\" title=\"Disfruta de la gastronom\u00eda de temporada\">Disfruta de la gastronom\u00eda de temporada<\/a><\/li><\/ul><\/li><li class='ez-toc-page-1 ez-toc-heading-level-2'><a class=\"ez-toc-link ez-toc-heading-22\" href=\"https:\/\/www.mymallorcadiary.com\/es\/semana-santa-en-mallorca-2026-tradiciones-clima-y-guia-de-viaje-completa\/#Donde_alojarse_en_semana_santa_en_Mallorca\" title=\"D\u00f3nde alojarse en semana santa en Mallorca\">D\u00f3nde alojarse en semana santa en Mallorca<\/a><ul class='ez-toc-list-level-3' ><li class='ez-toc-heading-level-3'><a class=\"ez-toc-link ez-toc-heading-23\" href=\"https:\/\/www.mymallorcadiary.com\/es\/semana-santa-en-mallorca-2026-tradiciones-clima-y-guia-de-viaje-completa\/#Quedate_en_Palma_para_disfrutar_de_la_cultura_y_las_procesiones\" title=\"Qu\u00e9date en Palma para disfrutar de la cultura y las procesiones\">Qu\u00e9date en Palma para disfrutar de la cultura y las procesiones<\/a><ul class='ez-toc-list-level-4' ><li class='ez-toc-heading-level-4'><a class=\"ez-toc-link ez-toc-heading-24\" href=\"https:\/\/www.mymallorcadiary.com\/es\/semana-santa-en-mallorca-2026-tradiciones-clima-y-guia-de-viaje-completa\/#Nobis_Hotel_Palma_5\" title=\"Nobis Hotel Palma 5*\">Nobis Hotel Palma 5*<\/a><\/li><li class='ez-toc-page-1 ez-toc-heading-level-4'><a class=\"ez-toc-link ez-toc-heading-25\" href=\"https:\/\/www.mymallorcadiary.com\/es\/semana-santa-en-mallorca-2026-tradiciones-clima-y-guia-de-viaje-completa\/#Portella_Palma_5\" title=\"Portella Palma 5*\">Portella Palma 5*<\/a><\/li><li class='ez-toc-page-1 ez-toc-heading-level-4'><a class=\"ez-toc-link ez-toc-heading-26\" href=\"https:\/\/www.mymallorcadiary.com\/es\/semana-santa-en-mallorca-2026-tradiciones-clima-y-guia-de-viaje-completa\/#Hotel_Ars_Magna_Bleisure_4\" title=\"Hotel Ars Magna Bleisure 4*\">Hotel Ars Magna Bleisure 4*<\/a><\/li><li class='ez-toc-page-1 ez-toc-heading-level-4'><a class=\"ez-toc-link ez-toc-heading-27\" href=\"https:\/\/www.mymallorcadiary.com\/es\/semana-santa-en-mallorca-2026-tradiciones-clima-y-guia-de-viaje-completa\/#Hotel_Zurbaran_Palma_3\" title=\"Hotel Zurbar\u00e1n Palma 3*\">Hotel Zurbar\u00e1n Palma 3*<\/a><\/li><li class='ez-toc-page-1 ez-toc-heading-level-4'><a class=\"ez-toc-link ez-toc-heading-28\" href=\"https:\/\/www.mymallorcadiary.com\/es\/semana-santa-en-mallorca-2026-tradiciones-clima-y-guia-de-viaje-completa\/#Hotel_Abelay_2\" title=\"Hotel Abelay 2*\">Hotel Abelay 2*<\/a><\/li><\/ul><\/li><li class='ez-toc-page-1 ez-toc-heading-level-3'><a class=\"ez-toc-link ez-toc-heading-29\" href=\"https:\/\/www.mymallorcadiary.com\/es\/semana-santa-en-mallorca-2026-tradiciones-clima-y-guia-de-viaje-completa\/#Alojate_en_el_sureste_para_disfrutar_de_playas_y_encanto\" title=\"Al\u00f3jate en el sureste para disfrutar de playas y encanto.\">Al\u00f3jate en el sureste para disfrutar de playas y encanto.<\/a><ul class='ez-toc-list-level-4' ><li class='ez-toc-heading-level-4'><a class=\"ez-toc-link ez-toc-heading-30\" href=\"https:\/\/www.mymallorcadiary.com\/es\/semana-santa-en-mallorca-2026-tradiciones-clima-y-guia-de-viaje-completa\/#Hotel_Can_Ferrereta\" title=\"Hotel Can Ferrereta\">Hotel Can Ferrereta<\/a><\/li><li class='ez-toc-page-1 ez-toc-heading-level-4'><a class=\"ez-toc-link ez-toc-heading-31\" href=\"https:\/\/www.mymallorcadiary.com\/es\/semana-santa-en-mallorca-2026-tradiciones-clima-y-guia-de-viaje-completa\/#Cal_Reiet_Holistic_Retreat\" title=\"Cal Reiet Holistic Retreat \n\">Cal Reiet Holistic Retreat \n<\/a><\/li><li class='ez-toc-page-1 ez-toc-heading-level-4'><a class=\"ez-toc-link ez-toc-heading-32\" href=\"https:\/\/www.mymallorcadiary.com\/es\/semana-santa-en-mallorca-2026-tradiciones-clima-y-guia-de-viaje-completa\/#Hotel_Melia_Cala_dOr_Boutique\" title=\"Hotel Melia Cala d&#8217;Or Boutique\">Hotel Melia Cala d&#8217;Or Boutique<\/a><\/li><li class='ez-toc-page-1 ez-toc-heading-level-4'><a class=\"ez-toc-link ez-toc-heading-33\" href=\"https:\/\/www.mymallorcadiary.com\/es\/semana-santa-en-mallorca-2026-tradiciones-clima-y-guia-de-viaje-completa\/#Iberostar_Club_Cala_Barca\" title=\"Iberostar Club Cala Barca\">Iberostar Club Cala Barca<\/a><\/li><\/ul><\/li><li class='ez-toc-page-1 ez-toc-heading-level-3'><a class=\"ez-toc-link ez-toc-heading-34\" href=\"https:\/\/www.mymallorcadiary.com\/es\/semana-santa-en-mallorca-2026-tradiciones-clima-y-guia-de-viaje-completa\/#Quedate_en_el_norte_para_disfrutar_de_la_naturaleza_y_la_tradicion\" title=\"Qu\u00e9date en el norte para disfrutar de la naturaleza y la tradici\u00f3n.\">Qu\u00e9date en el norte para disfrutar de la naturaleza y la tradici\u00f3n.<\/a><ul class='ez-toc-list-level-4' ><li class='ez-toc-heading-level-4'><a class=\"ez-toc-link ez-toc-heading-35\" href=\"https:\/\/www.mymallorcadiary.com\/es\/semana-santa-en-mallorca-2026-tradiciones-clima-y-guia-de-viaje-completa\/#Mon_Boutique_Hotel_4\" title=\"Mon Boutique Hotel 4*\">Mon Boutique Hotel 4*<\/a><\/li><li class='ez-toc-page-1 ez-toc-heading-level-4'><a class=\"ez-toc-link ez-toc-heading-36\" href=\"https:\/\/www.mymallorcadiary.com\/es\/semana-santa-en-mallorca-2026-tradiciones-clima-y-guia-de-viaje-completa\/#Hotel_Miramar_Mallorca_4\" title=\"Hotel Miramar Mallorca 4*\">Hotel Miramar Mallorca 4*<\/a><\/li><li class='ez-toc-page-1 ez-toc-heading-level-4'><a class=\"ez-toc-link ez-toc-heading-37\" href=\"https:\/\/www.mymallorcadiary.com\/es\/semana-santa-en-mallorca-2026-tradiciones-clima-y-guia-de-viaje-completa\/#Hotel_Llenaire\" title=\"Hotel Llenaire\">Hotel Llenaire<\/a><\/li><li class='ez-toc-page-1 ez-toc-heading-level-4'><a class=\"ez-toc-link ez-toc-heading-38\" href=\"https:\/\/www.mymallorcadiary.com\/es\/semana-santa-en-mallorca-2026-tradiciones-clima-y-guia-de-viaje-completa\/#Hotel_More_4\" title=\"Hotel Mor\u00e9 4*\">Hotel Mor\u00e9 4*<\/a><\/li><li class='ez-toc-page-1 ez-toc-heading-level-4'><a class=\"ez-toc-link ez-toc-heading-39\" href=\"https:\/\/www.mymallorcadiary.com\/es\/semana-santa-en-mallorca-2026-tradiciones-clima-y-guia-de-viaje-completa\/#Grupotel_Maritimo_4\" title=\"Grupotel Mar\u00edtimo 4*\">Grupotel Mar\u00edtimo 4*<\/a><\/li><\/ul><\/li><li class='ez-toc-page-1 ez-toc-heading-level-3'><a class=\"ez-toc-link ez-toc-heading-40\" href=\"https:\/\/www.mymallorcadiary.com\/es\/semana-santa-en-mallorca-2026-tradiciones-clima-y-guia-de-viaje-completa\/#Alojate_en_el_campo_para_disfrutar_de_paz_y_relajacion\" title=\"Al\u00f3jate en el campo para disfrutar de paz y relajaci\u00f3n.\">Al\u00f3jate en el campo para disfrutar de paz y relajaci\u00f3n.<\/a><ul class='ez-toc-list-level-4' ><li class='ez-toc-heading-level-4'><a class=\"ez-toc-link ez-toc-heading-41\" href=\"https:\/\/www.mymallorcadiary.com\/es\/semana-santa-en-mallorca-2026-tradiciones-clima-y-guia-de-viaje-completa\/#Zoetry_Mallorca_Wellness_Spa\" title=\"Zoetry Mallorca Wellness &amp; Spa\">Zoetry Mallorca Wellness &amp; Spa<\/a><\/li><li class='ez-toc-page-1 ez-toc-heading-level-4'><a class=\"ez-toc-link ez-toc-heading-42\" href=\"https:\/\/www.mymallorcadiary.com\/es\/semana-santa-en-mallorca-2026-tradiciones-clima-y-guia-de-viaje-completa\/#Agroturismo_Son_Viscos\" title=\"Agroturismo Son Viscos\">Agroturismo Son Viscos<\/a><\/li><li class='ez-toc-page-1 ez-toc-heading-level-4'><a class=\"ez-toc-link ez-toc-heading-43\" href=\"https:\/\/www.mymallorcadiary.com\/es\/semana-santa-en-mallorca-2026-tradiciones-clima-y-guia-de-viaje-completa\/#Finca_Hotel_Rural_Es_Turo_4\" title=\"Finca Hotel Rural Es Tur\u00f3 4*\">Finca Hotel Rural Es Tur\u00f3 4*<\/a><\/li><li class='ez-toc-page-1 ez-toc-heading-level-4'><a class=\"ez-toc-link ez-toc-heading-44\" href=\"https:\/\/www.mymallorcadiary.com\/es\/semana-santa-en-mallorca-2026-tradiciones-clima-y-guia-de-viaje-completa\/#Monnaber_Nou_Finca_Hotel_Spa\" title=\"Monnaber Nou Finca Hotel &amp; Spa\">Monnaber Nou Finca Hotel &amp; Spa<\/a><\/li><li class='ez-toc-page-1 ez-toc-heading-level-4'><a class=\"ez-toc-link ez-toc-heading-45\" href=\"https:\/\/www.mymallorcadiary.com\/es\/semana-santa-en-mallorca-2026-tradiciones-clima-y-guia-de-viaje-completa\/#Son_Julia_Country_House_Spa\" title=\"Son Julia Country House &amp; Spa\">Son Julia Country House &amp; Spa<\/a><\/li><li class='ez-toc-page-1 ez-toc-heading-level-4'><a class=\"ez-toc-link ez-toc-heading-46\" href=\"https:\/\/www.mymallorcadiary.com\/es\/semana-santa-en-mallorca-2026-tradiciones-clima-y-guia-de-viaje-completa\/#Finca_Cas_Curial_Adults_Only\" title=\"Finca Ca&#8217;s Curial (Adults Only)\">Finca Ca&#8217;s Curial (Adults Only)<\/a><\/li><\/ul><\/li><\/ul><\/li><li class='ez-toc-page-1 ez-toc-heading-level-2'><a class=\"ez-toc-link ez-toc-heading-47\" href=\"https:\/\/www.mymallorcadiary.com\/es\/semana-santa-en-mallorca-2026-tradiciones-clima-y-guia-de-viaje-completa\/#Consejos_practicos_para_visitar_Mallorca_durante_Semana_Santa\" title=\"Consejos pr\u00e1cticos para visitar Mallorca durante Semana Santa\">Consejos pr\u00e1cticos para visitar Mallorca durante Semana Santa<\/a><ul class='ez-toc-list-level-3' ><li class='ez-toc-heading-level-3'><a class=\"ez-toc-link ez-toc-heading-48\" href=\"https:\/\/www.mymallorcadiary.com\/es\/semana-santa-en-mallorca-2026-tradiciones-clima-y-guia-de-viaje-completa\/#Experimenta_Mallorca_en_plena_floracion_primaveral\" title=\"Experimenta Mallorca en plena floraci\u00f3n primaveral\">Experimenta Mallorca en plena floraci\u00f3n primaveral<\/a><\/li><\/ul><\/li><li class='ez-toc-page-1 ez-toc-heading-level-2'><a class=\"ez-toc-link ez-toc-heading-49\" href=\"https:\/\/www.mymallorcadiary.com\/es\/semana-santa-en-mallorca-2026-tradiciones-clima-y-guia-de-viaje-completa\/#Preguntas_frecuentes_Semana_Santa_en_Mallorca\" title=\"Preguntas frecuentes: Semana Santa en Mallorca\">Preguntas frecuentes: Semana Santa en Mallorca<\/a><ul class='ez-toc-list-level-3' ><li class='ez-toc-heading-level-3'><a class=\"ez-toc-link ez-toc-heading-50\" href=\"https:\/\/www.mymallorcadiary.com\/es\/semana-santa-en-mallorca-2026-tradiciones-clima-y-guia-de-viaje-completa\/#%C2%BFEs_Semana_Santa_una_buena_epoca_para_visitar_Mallorca\" title=\"\u00bfEs Semana Santa una buena \u00e9poca para visitar Mallorca?\">\u00bfEs Semana Santa una buena \u00e9poca para visitar Mallorca?<\/a><\/li><li class='ez-toc-page-1 ez-toc-heading-level-3'><a class=\"ez-toc-link ez-toc-heading-51\" href=\"https:\/\/www.mymallorcadiary.com\/es\/semana-santa-en-mallorca-2026-tradiciones-clima-y-guia-de-viaje-completa\/#%C2%BFQue_tiempo_hace_en_Mallorca_durante_la_Semana_Santa\" title=\"\u00bfQu\u00e9 tiempo hace en Mallorca durante la Semana Santa?\">\u00bfQu\u00e9 tiempo hace en Mallorca durante la Semana Santa?<\/a><\/li><li class='ez-toc-page-1 ez-toc-heading-level-3'><a class=\"ez-toc-link ez-toc-heading-52\" href=\"https:\/\/www.mymallorcadiary.com\/es\/semana-santa-en-mallorca-2026-tradiciones-clima-y-guia-de-viaje-completa\/#%C2%BFEstan_abiertas_las_tiendas_y_los_restaurantes_durante_la_Semana_Santa_en_Mallorca\" title=\"\u00bfEst\u00e1n abiertas las tiendas y los restaurantes durante la Semana Santa en Mallorca?\">\u00bfEst\u00e1n abiertas las tiendas y los restaurantes durante la Semana Santa en Mallorca?<\/a><\/li><li class='ez-toc-page-1 ez-toc-heading-level-3'><a class=\"ez-toc-link ez-toc-heading-53\" href=\"https:\/\/www.mymallorcadiary.com\/es\/semana-santa-en-mallorca-2026-tradiciones-clima-y-guia-de-viaje-completa\/#%C2%BFCuales_son_las_mejores_procesiones_de_Semana_Santa_en_Mallorca\" title=\"\u00bfCu\u00e1les son las mejores procesiones de Semana Santa en Mallorca?\">\u00bfCu\u00e1les son las mejores procesiones de Semana Santa en Mallorca?<\/a><\/li><li class='ez-toc-page-1 ez-toc-heading-level-3'><a class=\"ez-toc-link ez-toc-heading-54\" href=\"https:\/\/www.mymallorcadiary.com\/es\/semana-santa-en-mallorca-2026-tradiciones-clima-y-guia-de-viaje-completa\/#%C2%BFQue_hacer_en_Mallorca_durante_la_Semana_Santa_ademas_de_asistir_a_eventos_religiosos\" title=\"\u00bfQu\u00e9 hacer en Mallorca durante la Semana Santa, adem\u00e1s de asistir a eventos religiosos?\">\u00bfQu\u00e9 hacer en Mallorca durante la Semana Santa, adem\u00e1s de asistir a eventos religiosos?<\/a><\/li><li class='ez-toc-page-1 ez-toc-heading-level-3'><a class=\"ez-toc-link ez-toc-heading-55\" href=\"https:\/\/www.mymallorcadiary.com\/es\/semana-santa-en-mallorca-2026-tradiciones-clima-y-guia-de-viaje-completa\/#%C2%BFEsta_Mallorca_abarrotada_durante_la_Semana_Santa\" title=\"\u00bfEst\u00e1 Mallorca abarrotada durante la Semana Santa?\">\u00bfEst\u00e1 Mallorca abarrotada durante la Semana Santa?<\/a><\/li><li class='ez-toc-page-1 ez-toc-heading-level-3'><a class=\"ez-toc-link ez-toc-heading-56\" href=\"https:\/\/www.mymallorcadiary.com\/es\/semana-santa-en-mallorca-2026-tradiciones-clima-y-guia-de-viaje-completa\/#%C2%BFEs_la_Semana_Santa_en_Mallorca_adecuada_para_familias\" title=\"\u00bfEs la Semana Santa en Mallorca adecuada para familias?\">\u00bfEs la Semana Santa en Mallorca adecuada para familias?<\/a><\/li><li class='ez-toc-page-1 ez-toc-heading-level-3'><a class=\"ez-toc-link ez-toc-heading-57\" href=\"https:\/\/www.mymallorcadiary.com\/es\/semana-santa-en-mallorca-2026-tradiciones-clima-y-guia-de-viaje-completa\/#%C2%BFSe_puede_nadar_en_Mallorca_en_Semana_Santa\" title=\"\u00bfSe puede nadar en Mallorca en Semana Santa?\">\u00bfSe puede nadar en Mallorca en Semana Santa?<\/a><\/li><li class='ez-toc-page-1 ez-toc-heading-level-3'><a class=\"ez-toc-link ez-toc-heading-58\" href=\"https:\/\/www.mymallorcadiary.com\/es\/semana-santa-en-mallorca-2026-tradiciones-clima-y-guia-de-viaje-completa\/#%C2%BFCuantos_dias_necesitas_pasar_en_Mallorca_durante_la_Semana_Santa\" title=\"\u00bfCu\u00e1ntos d\u00edas necesitas pasar en Mallorca durante la Semana Santa?\">\u00bfCu\u00e1ntos d\u00edas necesitas pasar en Mallorca durante la Semana Santa?<\/a><\/li><\/ul><\/li><\/ul><\/nav><\/div>\n<h2 data-start=\"753\" data-end=\"905\"><span class=\"ez-toc-section\" id=\"%C2%BFCuando_es_Semana_Santa_en_Mallorca\"><\/span><strong>\u00bfCu\u00e1ndo es Semana Santa en Mallorca?<\/strong><span class=\"ez-toc-section-end\"><\/span><\/h2>\n<p data-start=\"944\" data-end=\"1119\">Las fechas de Pascua cambian cada a\u00f1o, ya que siguen el calendario cristiano. <strong data-start=\"1055\" data-end=\"1083\">Las celebraciones principales tienen lugar durante la Semana Santa<\/strong>, desde el Domingo de Ramos hasta el Domingo de Pascua.<\/p>\n<p data-start=\"944\" data-end=\"1119\"><img decoding=\"async\" class=\"alignnone wp-image-997 size-full\" src=\"https:\/\/www.mymallorcadiary.com\/wp-content\/uploads\/2026\/02\/Palma-de-Mallorca-cathedral.webp\" alt=\"\" width=\"1920\" height=\"1078\" srcset=\"https:\/\/www.mymallorcadiary.com\/wp-content\/uploads\/2026\/02\/Palma-de-Mallorca-cathedral.webp 1920w, https:\/\/www.mymallorcadiary.com\/wp-content\/uploads\/2026\/02\/Palma-de-Mallorca-cathedral-300x168.webp 300w, https:\/\/www.mymallorcadiary.com\/wp-content\/uploads\/2026\/02\/Palma-de-Mallorca-cathedral-1024x575.webp 1024w, https:\/\/www.mymallorcadiary.com\/wp-content\/uploads\/2026\/02\/Palma-de-Mallorca-cathedral-768x431.webp 768w, https:\/\/www.mymallorcadiary.com\/wp-content\/uploads\/2026\/02\/Palma-de-Mallorca-cathedral-1536x862.webp 1536w, https:\/\/www.mymallorcadiary.com\/wp-content\/uploads\/2026\/02\/Palma-de-Mallorca-cathedral-696x391.webp 696w, https:\/\/www.mymallorcadiary.com\/wp-content\/uploads\/2026\/02\/Palma-de-Mallorca-cathedral-1392x782.webp 1392w\" sizes=\"(max-width: 1920px) 100vw, 1920px\" \/><\/p>\n<p data-start=\"1121\" data-end=\"1149\">Los d\u00edas m\u00e1s importantes son:<\/p>\n<ul data-start=\"1151\" data-end=\"1220\">\n<li data-start=\"1151\" data-end=\"1166\">\n<h3 data-start=\"1153\" data-end=\"1166\"><span class=\"ez-toc-section\" id=\"Domingo_de_Ramos_29_de_marzo\"><\/span><strong>Domingo de Ramos (29 de marzo)<br \/>\n<\/strong><span class=\"ez-toc-section-end\"><\/span><\/h3>\n<p data-start=\"357\" data-end=\"489\">El Domingo de Ramos marca el comienzo de la Semana Santa. Conmemora la llegada de Jes\u00fas a Jerusal\u00e9n, donde fue recibido con ramas de palma.<\/p>\n<p data-start=\"491\" data-end=\"702\">En Mallorca, muchos lugare\u00f1os asisten a las misas matutinas llevando hojas de palma trenzadas, especialmente los ni\u00f1os. Estas decoraciones de palma blanca suelen estar elaboradamente trenzadas y, a veces, adornadas con dulces o cintas.<\/p>\n<p data-start=\"704\" data-end=\"862\">Notar\u00e1s un ambiente familiar en este d\u00eda; es menos dram\u00e1tico que m\u00e1s adelante en la semana, pero marca el inicio oficial de las celebraciones de Pascua en toda la isla.<\/p>\n<\/li>\n<li data-start=\"1167\" data-end=\"1186\">\n<h3 data-start=\"1169\" data-end=\"1186\"><span class=\"ez-toc-section\" id=\"Jueves_Santo_2_de_abril\"><\/span><strong>Jueves Santo (2 de abril)<br \/>\n<\/strong><span class=\"ez-toc-section-end\"><\/span><\/h3>\n<p data-start=\"900\" data-end=\"1003\">El Jueves Santo es una de las noches m\u00e1s importantes de la Semana Santa. Conmemora la \u00daltima Cena.<\/p>\n<p data-start=\"1005\" data-end=\"1216\">En Mallorca, es entonces cuando tienen lugar algunas de las procesiones m\u00e1s impresionantes, especialmente en Palma. Las cofrad\u00edas recorren las calles de noche portando estatuas religiosas, acompa\u00f1adas de tambores y velas.<\/p>\n<p data-start=\"1218\" data-end=\"1374\">El ambiente es solemne e imponente. Las calles de los centros hist\u00f3ricos pueden cerrarse temporalmente debido a las procesiones, y muchos lugare\u00f1os se re\u00fanen para observar en silencio.<\/p>\n<p data-start=\"1376\" data-end=\"1461\">Si quieres vivir aut\u00e9nticas tradiciones de Pascua, esta es una de las noches clave.<\/p>\n<\/li>\n<li data-start=\"1187\" data-end=\"1202\">\n<h3 data-start=\"1189\" data-end=\"1202\"><span class=\"ez-toc-section\" id=\"Viernes_Santo_3_de_abril\"><\/span><strong>Viernes Santo (3 de abril)<br \/>\n<\/strong><span class=\"ez-toc-section-end\"><\/span><\/h3>\n<p data-start=\"1495\" data-end=\"1589\">El Viernes Santo conmemora la crucifixi\u00f3n de Cristo y es el d\u00eda m\u00e1s emotivo de la Semana Santa.<\/p>\n<p data-start=\"1591\" data-end=\"1786\">Se celebran procesiones por toda la isla, pero el evento m\u00e1s famoso es <strong data-start=\"1662\" data-end=\"1692\">El Davallament en Pollensa<\/strong>, donde una estatua de Cristo es bajada por los 365 escalones del Calvario en completo silencio durante la noche.<\/p>\n<p data-start=\"1788\" data-end=\"1899\">Es posible que las tiendas cierren y que el ambiente general sea m\u00e1s tranquilo y reflexivo en comparaci\u00f3n con el resto de la semana.<\/p>\n<p data-start=\"1901\" data-end=\"1954\">Es un d\u00eda muy cultural y tradicional en Mallorca.<\/p>\n<\/li>\n<li data-start=\"1203\" data-end=\"1220\">\n<h3 data-start=\"1205\" data-end=\"1220\"><span class=\"ez-toc-section\" id=\"Domingo_de_Pascua_5_de_abril\"><\/span><strong>Domingo de Pascua (5 de abril)<br \/>\n<\/strong><span class=\"ez-toc-section-end\"><\/span><\/h3>\n<p data-start=\"1990\" data-end=\"2075\">El Domingo de Pascua celebra la resurrecci\u00f3n de Cristo y marca un cambio de tono lleno de alegr\u00eda.<\/p>\n<p data-start=\"2077\" data-end=\"2268\">Las campanas de las iglesias repican, las familias se re\u00fanen para largas comidas y el ambiente se torna m\u00e1s ligero y festivo. Los restaurantes est\u00e1n llenos, las terrazas se abarrotan y la isla rebosa de la energ\u00eda primaveral.<\/p>\n<p data-start=\"2270\" data-end=\"2414\">Es un d\u00eda maravilloso para explorar pueblos, disfrutar de pasteles tradicionales como panades y robiols, o tomar un almuerzo mediterr\u00e1neo relajado bajo el sol.<\/p>\n<\/li>\n<\/ul>\n<p data-start=\"1222\" data-end=\"1306\">Muchos lugare\u00f1os tambi\u00e9n celebran el Lunes de Pascua con almuerzos familiares o picnics en el campo.<\/p>\n<p data-start=\"1308\" data-end=\"1432\">La Semana Santa marca el inicio no oficial de la temporada tur\u00edstica en Mallorca, por lo que es una \u00e9poca animada, pero a\u00fan no masificada, para visitar la isla.<\/p>\n<h2 data-start=\"1308\" data-end=\"1432\"><span class=\"ez-toc-section\" id=\"Tradiciones_de_Semana_Santa_en_Mallorca\"><\/span><strong>Tradiciones de Semana Santa en Mallorca<\/strong><span class=\"ez-toc-section-end\"><\/span><\/h2>\n<p data-start=\"1491\" data-end=\"1577\">Uno de los aspectos m\u00e1s significativos de la Semana Santa en Mallorca son las procesiones tradicionales.<\/p>\n<p data-start=\"1579\" data-end=\"1826\">En pueblos y ciudades, miembros de hermandades religiosas caminan lentamente por las calles, ataviados con largas t\u00fanicas y capuchas puntiagudas. Portan pesadas estatuas que representan escenas de la Pasi\u00f3n de Cristo, mientras el sonido de los tambores resuena en las estrechas calles empedradas.<\/p>\n<p data-start=\"1828\" data-end=\"1895\">El ambiente es solemne, emotivo y profundamente arraigado en la tradici\u00f3n.<\/p>\n<p data-start=\"1828\" data-end=\"1895\"><img decoding=\"async\" class=\"alignnone wp-image-996 size-full\" src=\"https:\/\/www.mymallorcadiary.com\/wp-content\/uploads\/2026\/02\/Holy-week-in-Mallorca.webp\" alt=\"\" width=\"1920\" height=\"1078\" srcset=\"https:\/\/www.mymallorcadiary.com\/wp-content\/uploads\/2026\/02\/Holy-week-in-Mallorca.webp 1920w, https:\/\/www.mymallorcadiary.com\/wp-content\/uploads\/2026\/02\/Holy-week-in-Mallorca-300x168.webp 300w, https:\/\/www.mymallorcadiary.com\/wp-content\/uploads\/2026\/02\/Holy-week-in-Mallorca-1024x575.webp 1024w, https:\/\/www.mymallorcadiary.com\/wp-content\/uploads\/2026\/02\/Holy-week-in-Mallorca-768x431.webp 768w, https:\/\/www.mymallorcadiary.com\/wp-content\/uploads\/2026\/02\/Holy-week-in-Mallorca-1536x862.webp 1536w, https:\/\/www.mymallorcadiary.com\/wp-content\/uploads\/2026\/02\/Holy-week-in-Mallorca-696x391.webp 696w, https:\/\/www.mymallorcadiary.com\/wp-content\/uploads\/2026\/02\/Holy-week-in-Mallorca-1392x782.webp 1392w\" sizes=\"(max-width: 1920px) 100vw, 1920px\" \/><\/p>\n<h3 data-start=\"1828\" data-end=\"1895\"><span class=\"ez-toc-section\" id=\"Los_mejores_lugares_para_ver_procesiones_de_Pascua_en_Mallorca\"><\/span><strong>Los mejores lugares para ver procesiones de Pascua en Mallorca<\/strong><span class=\"ez-toc-section-end\"><\/span><\/h3>\n<h4><span class=\"ez-toc-section\" id=\"Palma_de_Mallorca\"><\/span><strong>Palma de Mallorca<\/strong><span class=\"ez-toc-section-end\"><\/span><\/h4>\n<p><strong><a href=\"https:\/\/maps.app.goo.gl\/kd5H5KMZ4435DRRM7\" target=\"_blank\" rel=\"noopener\">Palma<\/a><\/strong> acoge las procesiones m\u00e1s grandes e impresionantes, especialmente el Jueves Santo y el Viernes Santo. El casco antiguo se llena de una atm\u00f3sfera m\u00e1gica, con velas, ritmos de tambores y escenarios hist\u00f3ricos.<\/p>\n<h4><span class=\"ez-toc-section\" id=\"Pollensa_%E2%80%93_El_Descendimiento\"><\/span><strong>Pollensa \u2013 El Descendimiento<\/strong><span class=\"ez-toc-section-end\"><\/span><\/h4>\n<p data-start=\"2307\" data-end=\"2467\">La noche del Viernes Santo, la estatua de Cristo es bajada por los <strong><a href=\"https:\/\/maps.app.goo.gl\/NpbDvcE1aSpoAAik6\" target=\"_blank\" rel=\"noopener\">365 escalones del Calvario<\/a><\/strong> en completo silencio. Es una de las tradiciones de Semana Santa m\u00e1s emblem\u00e1ticas de Mallorca.<\/p>\n<p data-start=\"2469\" data-end=\"2531\">Llega temprano, ya que atrae a visitantes de toda la isla.<\/p>\n<h4 data-start=\"2469\" data-end=\"2531\"><span class=\"ez-toc-section\" id=\"Arta_y_otros_pueblos\"><\/span><strong>Art\u00e0 y otros pueblos<\/strong><span class=\"ez-toc-section-end\"><\/span><\/h4>\n<p>Smaller towns like <strong><a href=\"https:\/\/maps.app.goo.gl\/dsDzKwZb165QLqLp6\" target=\"_blank\" rel=\"noopener\">Art\u00e0<\/a><\/strong>, <strong><a href=\"https:\/\/maps.app.goo.gl\/PA7AXGqNZvnErKTx6\" target=\"_blank\" rel=\"noopener\">S\u00f3ller<\/a><\/strong> and <strong><a href=\"https:\/\/maps.app.goo.gl\/NkPJ2zETtb5TQmqB9\" target=\"_blank\" rel=\"noopener\">Inca<\/a><\/strong> tambi\u00e9n hold beautiful processions that feel more intimate and local.<\/p>\n<h2><span class=\"ez-toc-section\" id=\"Comida_tradicional_de_Pascua_en_Mallorca\"><\/span><strong>Comida tradicional de Pascua en Mallorca<\/strong><span class=\"ez-toc-section-end\"><\/span><\/h2>\n<p>La Pascua tambi\u00e9n gira en torno a la comida y las reuniones familiares.<\/p>\n<p data-start=\"2817\" data-end=\"2847\">Entre los dulces t\u00edpicos de Pascua se incluyen:<\/p>\n<ul data-start=\"2849\" data-end=\"3042\">\n<li data-start=\"2849\" data-end=\"2921\">\n<p data-start=\"2851\" data-end=\"2921\"><strong data-start=\"2851\" data-end=\"2862\">Panades:<\/strong> Pasteles salados generalmente rellenos de cordero, cerdo o guisantes.<\/p>\n<p><img decoding=\"async\" class=\"alignnone wp-image-948 size-full\" src=\"https:\/\/www.mymallorcadiary.com\/wp-content\/uploads\/2026\/02\/Panades-from-Mallorca.webp\" alt=\"\" width=\"1920\" height=\"1078\" srcset=\"https:\/\/www.mymallorcadiary.com\/wp-content\/uploads\/2026\/02\/Panades-from-Mallorca.webp 1920w, https:\/\/www.mymallorcadiary.com\/wp-content\/uploads\/2026\/02\/Panades-from-Mallorca-300x168.webp 300w, https:\/\/www.mymallorcadiary.com\/wp-content\/uploads\/2026\/02\/Panades-from-Mallorca-1024x575.webp 1024w, https:\/\/www.mymallorcadiary.com\/wp-content\/uploads\/2026\/02\/Panades-from-Mallorca-768x431.webp 768w, https:\/\/www.mymallorcadiary.com\/wp-content\/uploads\/2026\/02\/Panades-from-Mallorca-1536x862.webp 1536w, https:\/\/www.mymallorcadiary.com\/wp-content\/uploads\/2026\/02\/Panades-from-Mallorca-696x391.webp 696w, https:\/\/www.mymallorcadiary.com\/wp-content\/uploads\/2026\/02\/Panades-from-Mallorca-1392x782.webp 1392w\" sizes=\"(max-width: 1920px) 100vw, 1920px\" \/><\/li>\n<li data-start=\"2922\" data-end=\"2996\">\n<p data-start=\"2924\" data-end=\"2996\"><strong data-start=\"2924\" data-end=\"2935\">Robiols:<\/strong> Pasteles dulces rellenos de mermelada, chocolate o reques\u00f3n.<\/p>\n<p><img decoding=\"async\" class=\"alignnone wp-image-949 size-full\" src=\"https:\/\/www.mymallorcadiary.com\/wp-content\/uploads\/2026\/02\/Robiols-from-Mallorca.webp\" alt=\"\" width=\"1920\" height=\"1078\" srcset=\"https:\/\/www.mymallorcadiary.com\/wp-content\/uploads\/2026\/02\/Robiols-from-Mallorca.webp 1920w, https:\/\/www.mymallorcadiary.com\/wp-content\/uploads\/2026\/02\/Robiols-from-Mallorca-300x168.webp 300w, https:\/\/www.mymallorcadiary.com\/wp-content\/uploads\/2026\/02\/Robiols-from-Mallorca-1024x575.webp 1024w, https:\/\/www.mymallorcadiary.com\/wp-content\/uploads\/2026\/02\/Robiols-from-Mallorca-768x431.webp 768w, https:\/\/www.mymallorcadiary.com\/wp-content\/uploads\/2026\/02\/Robiols-from-Mallorca-1536x862.webp 1536w, https:\/\/www.mymallorcadiary.com\/wp-content\/uploads\/2026\/02\/Robiols-from-Mallorca-696x391.webp 696w, https:\/\/www.mymallorcadiary.com\/wp-content\/uploads\/2026\/02\/Robiols-from-Mallorca-1392x782.webp 1392w\" sizes=\"(max-width: 1920px) 100vw, 1920px\" \/><\/li>\n<li data-start=\"2997\" data-end=\"3042\">\n<p data-start=\"2999\" data-end=\"3042\">Crespells: Galletas de az\u00facar con forma de estrella<\/p>\n<p><img decoding=\"async\" class=\"alignnone wp-image-947 size-full\" src=\"https:\/\/www.mymallorcadiary.com\/wp-content\/uploads\/2026\/02\/Crespells-from-Mallorca.webp\" alt=\"\" width=\"1920\" height=\"1078\" srcset=\"https:\/\/www.mymallorcadiary.com\/wp-content\/uploads\/2026\/02\/Crespells-from-Mallorca.webp 1920w, https:\/\/www.mymallorcadiary.com\/wp-content\/uploads\/2026\/02\/Crespells-from-Mallorca-300x168.webp 300w, https:\/\/www.mymallorcadiary.com\/wp-content\/uploads\/2026\/02\/Crespells-from-Mallorca-1024x575.webp 1024w, https:\/\/www.mymallorcadiary.com\/wp-content\/uploads\/2026\/02\/Crespells-from-Mallorca-768x431.webp 768w, https:\/\/www.mymallorcadiary.com\/wp-content\/uploads\/2026\/02\/Crespells-from-Mallorca-1536x862.webp 1536w, https:\/\/www.mymallorcadiary.com\/wp-content\/uploads\/2026\/02\/Crespells-from-Mallorca-696x391.webp 696w, https:\/\/www.mymallorcadiary.com\/wp-content\/uploads\/2026\/02\/Crespells-from-Mallorca-1392x782.webp 1392w\" sizes=\"(max-width: 1920px) 100vw, 1920px\" \/><\/li>\n<\/ul>\n<p data-start=\"3044\" data-end=\"3180\">Muchas familias los preparan en casa antes de Semana Santa. Las panader\u00edas de toda la isla se llenan de ellos en las semanas previas a la Pascua.<\/p>\n<h2 data-start=\"3044\" data-end=\"3180\"><span class=\"ez-toc-section\" id=\"Que_hacer_en_Semana_Santa_en_Mallorca\"><\/span><strong>Qu\u00e9 hacer en Semana Santa en Mallorca<\/strong><span class=\"ez-toc-section-end\"><\/span><\/h2>\n<p data-start=\"3226\" data-end=\"3362\">La Semana Santa es una de las mejores \u00e9pocas para explorar Mallorca m\u00e1s all\u00e1 de las playas. El clima es suave, la naturaleza es verde y todo se siente fresco.<\/p>\n<p data-start=\"3364\" data-end=\"3417\">Aqu\u00ed te contamos las mejores cosas que hacer en Semana Santa en Mallorca:<\/p>\n<h3 data-start=\"3364\" data-end=\"3417\"><span class=\"ez-toc-section\" id=\"Visita_las_playas_de_Mallorca_antes_de_las_multitudes_del_verano\"><\/span><strong>Visita las playas de Mallorca antes de las multitudes del verano<\/strong><span class=\"ez-toc-section-end\"><\/span><\/h3>\n<p data-start=\"3474\" data-end=\"3614\">Las temperaturas primaverales oscilan entre 18 y 22 \u00b0C. Aunque el mar a\u00fan est\u00e1 fresco, los d\u00edas soleados son perfectos para pasear por la costa y disfrutar de la tranquilidad de la playa.<\/p>\n<p data-start=\"3616\" data-end=\"3645\">Hermosas playas para explorar:<\/p>\n<ul data-start=\"3647\" data-end=\"3732\">\n<li data-start=\"3647\" data-end=\"3664\">\n<h4 data-start=\"3649\" data-end=\"3664\"><span class=\"ez-toc-section\" id=\"Calo_des_Moro\"><\/span><a href=\"https:\/\/maps.app.goo.gl\/7XBvYJWJhHp86gV38\" target=\"_blank\" rel=\"noopener\"><strong>Cal\u00f3 des Moro<\/strong><\/a><span class=\"ez-toc-section-end\"><\/span><\/h4>\n<\/li>\n<li data-start=\"3665\" data-end=\"3683\">\n<h4 data-start=\"3667\" data-end=\"3683\"><span class=\"ez-toc-section\" id=\"Cala_Llombards\"><\/span><a href=\"https:\/\/maps.app.goo.gl\/fn7Gr7XdaWgcNFrX6\" target=\"_blank\" rel=\"noopener\"><strong>Cala Llombards<\/strong><\/a><span class=\"ez-toc-section-end\"><\/span><\/h4>\n<\/li>\n<li data-start=\"3684\" data-end=\"3696\">\n<h4 data-start=\"3686\" data-end=\"3696\"><span class=\"ez-toc-section\" id=\"Es_Trenc\"><\/span><a href=\"https:\/\/maps.app.goo.gl\/ZCJs4oom61BDfjvX6\" target=\"_blank\" rel=\"noopener\"><strong>Es Trenc<\/strong><\/a><span class=\"ez-toc-section-end\"><\/span><\/h4>\n<\/li>\n<li data-start=\"3697\" data-end=\"3714\">\n<h4 data-start=\"3699\" data-end=\"3714\"><span class=\"ez-toc-section\" id=\"Cala_Mondrago\"><\/span><a href=\"https:\/\/maps.app.goo.gl\/xbjcqNSE3qBbiLtSA\" target=\"_blank\" rel=\"noopener\"><strong>Cala Mondrag\u00f3<\/strong><\/a><span class=\"ez-toc-section-end\"><\/span><\/h4>\n<\/li>\n<li data-start=\"3715\" data-end=\"3732\">\n<h4 data-start=\"3717\" data-end=\"3732\"><span class=\"ez-toc-section\" id=\"Playa_de_Muro\"><\/span><a href=\"https:\/\/maps.app.goo.gl\/RtW39rfXEg4qcuQH7\" target=\"_blank\" rel=\"noopener\"><strong>Playa de Muro<\/strong><\/a><span class=\"ez-toc-section-end\"><\/span><\/h4>\n<p><div id='gallery-1' class='gallery galleryid-1873 gallery-columns-2 gallery-size-full'><figure class='gallery-item'>\n\t\t\t<div class='gallery-icon landscape'>\n\t\t\t\t<a href='https:\/\/www.mymallorcadiary.com\/wp-content\/uploads\/2026\/02\/Playa-de-muro-in-Mallorca.webp'><img decoding=\"async\" width=\"1920\" height=\"1078\" src=\"https:\/\/www.mymallorcadiary.com\/wp-content\/uploads\/2026\/02\/Playa-de-muro-in-Mallorca.webp\" class=\"attachment-full size-full\" alt=\"\" aria-describedby=\"gallery-1-1789\" srcset=\"https:\/\/www.mymallorcadiary.com\/wp-content\/uploads\/2026\/02\/Playa-de-muro-in-Mallorca.webp 1920w, https:\/\/www.mymallorcadiary.com\/wp-content\/uploads\/2026\/02\/Playa-de-muro-in-Mallorca-300x168.webp 300w, https:\/\/www.mymallorcadiary.com\/wp-content\/uploads\/2026\/02\/Playa-de-muro-in-Mallorca-1024x575.webp 1024w, https:\/\/www.mymallorcadiary.com\/wp-content\/uploads\/2026\/02\/Playa-de-muro-in-Mallorca-768x431.webp 768w, https:\/\/www.mymallorcadiary.com\/wp-content\/uploads\/2026\/02\/Playa-de-muro-in-Mallorca-1536x862.webp 1536w, https:\/\/www.mymallorcadiary.com\/wp-content\/uploads\/2026\/02\/Playa-de-muro-in-Mallorca-696x391.webp 696w, https:\/\/www.mymallorcadiary.com\/wp-content\/uploads\/2026\/02\/Playa-de-muro-in-Mallorca-1392x782.webp 1392w\" sizes=\"(max-width: 1920px) 100vw, 1920px\" \/><\/a>\n\t\t\t<\/div>\n\t\t\t\t<figcaption class='wp-caption-text gallery-caption' id='gallery-1-1789'>\n\t\t\t\tPlaya de Muro\n\t\t\t\t<\/figcaption><\/figure><figure class='gallery-item'>\n\t\t\t<div class='gallery-icon landscape'>\n\t\t\t\t<a href='https:\/\/www.mymallorcadiary.com\/wp-content\/uploads\/2024\/11\/Es-Trenc-beach-near-Santanyi.webp'><img decoding=\"async\" width=\"1920\" height=\"1078\" src=\"https:\/\/www.mymallorcadiary.com\/wp-content\/uploads\/2024\/11\/Es-Trenc-beach-near-Santanyi.webp\" class=\"attachment-full size-full\" alt=\"Es trenc cerca de Santany\u00ed\" aria-describedby=\"gallery-1-1790\" srcset=\"https:\/\/www.mymallorcadiary.com\/wp-content\/uploads\/2024\/11\/Es-Trenc-beach-near-Santanyi.webp 1920w, https:\/\/www.mymallorcadiary.com\/wp-content\/uploads\/2024\/11\/Es-Trenc-beach-near-Santanyi-300x168.webp 300w, https:\/\/www.mymallorcadiary.com\/wp-content\/uploads\/2024\/11\/Es-Trenc-beach-near-Santanyi-1024x575.webp 1024w, https:\/\/www.mymallorcadiary.com\/wp-content\/uploads\/2024\/11\/Es-Trenc-beach-near-Santanyi-768x431.webp 768w, https:\/\/www.mymallorcadiary.com\/wp-content\/uploads\/2024\/11\/Es-Trenc-beach-near-Santanyi-1536x862.webp 1536w, https:\/\/www.mymallorcadiary.com\/wp-content\/uploads\/2024\/11\/Es-Trenc-beach-near-Santanyi-696x391.webp 696w, https:\/\/www.mymallorcadiary.com\/wp-content\/uploads\/2024\/11\/Es-Trenc-beach-near-Santanyi-1392x782.webp 1392w\" sizes=\"(max-width: 1920px) 100vw, 1920px\" \/><\/a>\n\t\t\t<\/div>\n\t\t\t\t<figcaption class='wp-caption-text gallery-caption' id='gallery-1-1790'>\n\t\t\t\tEs Trenc\n\t\t\t\t<\/figcaption><\/figure><figure class='gallery-item'>\n\t\t\t<div class='gallery-icon landscape'>\n\t\t\t\t<a href='https:\/\/www.mymallorcadiary.com\/wp-content\/uploads\/2024\/11\/Calo-Des-Moro-near-Santanyi-beach.webp'><img decoding=\"async\" width=\"1920\" height=\"1078\" src=\"https:\/\/www.mymallorcadiary.com\/wp-content\/uploads\/2024\/11\/Calo-Des-Moro-near-Santanyi-beach.webp\" class=\"attachment-full size-full\" alt=\"Calo Des Moro, cerca de Santany\u00ed\" aria-describedby=\"gallery-1-1699\" srcset=\"https:\/\/www.mymallorcadiary.com\/wp-content\/uploads\/2024\/11\/Calo-Des-Moro-near-Santanyi-beach.webp 1920w, https:\/\/www.mymallorcadiary.com\/wp-content\/uploads\/2024\/11\/Calo-Des-Moro-near-Santanyi-beach-300x168.webp 300w, https:\/\/www.mymallorcadiary.com\/wp-content\/uploads\/2024\/11\/Calo-Des-Moro-near-Santanyi-beach-1024x575.webp 1024w, https:\/\/www.mymallorcadiary.com\/wp-content\/uploads\/2024\/11\/Calo-Des-Moro-near-Santanyi-beach-768x431.webp 768w, https:\/\/www.mymallorcadiary.com\/wp-content\/uploads\/2024\/11\/Calo-Des-Moro-near-Santanyi-beach-1536x862.webp 1536w, https:\/\/www.mymallorcadiary.com\/wp-content\/uploads\/2024\/11\/Calo-Des-Moro-near-Santanyi-beach-696x391.webp 696w, https:\/\/www.mymallorcadiary.com\/wp-content\/uploads\/2024\/11\/Calo-Des-Moro-near-Santanyi-beach-1392x782.webp 1392w\" sizes=\"(max-width: 1920px) 100vw, 1920px\" \/><\/a>\n\t\t\t<\/div>\n\t\t\t\t<figcaption class='wp-caption-text gallery-caption' id='gallery-1-1699'>\n\t\t\t\tCal\u00f3 des moro\n\t\t\t\t<\/figcaption><\/figure><figure class='gallery-item'>\n\t\t\t<div class='gallery-icon landscape'>\n\t\t\t\t<a href='https:\/\/www.mymallorcadiary.com\/wp-content\/uploads\/2024\/11\/Cala-Mondrago-Santanyi-Beaches.webp'><img decoding=\"async\" width=\"1920\" height=\"1078\" src=\"https:\/\/www.mymallorcadiary.com\/wp-content\/uploads\/2024\/11\/Cala-Mondrago-Santanyi-Beaches.webp\" class=\"attachment-full size-full\" alt=\"Playas de Santany\u00ed, Cala Mondrag\u00f3\" aria-describedby=\"gallery-1-1701\" srcset=\"https:\/\/www.mymallorcadiary.com\/wp-content\/uploads\/2024\/11\/Cala-Mondrago-Santanyi-Beaches.webp 1920w, https:\/\/www.mymallorcadiary.com\/wp-content\/uploads\/2024\/11\/Cala-Mondrago-Santanyi-Beaches-300x168.webp 300w, https:\/\/www.mymallorcadiary.com\/wp-content\/uploads\/2024\/11\/Cala-Mondrago-Santanyi-Beaches-1024x575.webp 1024w, https:\/\/www.mymallorcadiary.com\/wp-content\/uploads\/2024\/11\/Cala-Mondrago-Santanyi-Beaches-768x431.webp 768w, https:\/\/www.mymallorcadiary.com\/wp-content\/uploads\/2024\/11\/Cala-Mondrago-Santanyi-Beaches-1536x862.webp 1536w, https:\/\/www.mymallorcadiary.com\/wp-content\/uploads\/2024\/11\/Cala-Mondrago-Santanyi-Beaches-696x391.webp 696w, https:\/\/www.mymallorcadiary.com\/wp-content\/uploads\/2024\/11\/Cala-Mondrago-Santanyi-Beaches-1392x782.webp 1392w\" sizes=\"(max-width: 1920px) 100vw, 1920px\" \/><\/a>\n\t\t\t<\/div>\n\t\t\t\t<figcaption class='wp-caption-text gallery-caption' id='gallery-1-1701'>\n\t\t\t\tCala Mondrag\u00f3\n\t\t\t\t<\/figcaption><\/figure><figure class='gallery-item'>\n\t\t\t<div class='gallery-icon landscape'>\n\t\t\t\t<a href='https:\/\/www.mymallorcadiary.com\/wp-content\/uploads\/2024\/11\/Santanyi-Beaches-Cala-Llombards.webp'><img decoding=\"async\" width=\"1920\" height=\"1078\" src=\"https:\/\/www.mymallorcadiary.com\/wp-content\/uploads\/2024\/11\/Santanyi-Beaches-Cala-Llombards.webp\" class=\"attachment-full size-full\" alt=\"Cala Llombards, playas de Santany\u00ed\" aria-describedby=\"gallery-1-1700\" srcset=\"https:\/\/www.mymallorcadiary.com\/wp-content\/uploads\/2024\/11\/Santanyi-Beaches-Cala-Llombards.webp 1920w, https:\/\/www.mymallorcadiary.com\/wp-content\/uploads\/2024\/11\/Santanyi-Beaches-Cala-Llombards-300x168.webp 300w, https:\/\/www.mymallorcadiary.com\/wp-content\/uploads\/2024\/11\/Santanyi-Beaches-Cala-Llombards-1024x575.webp 1024w, https:\/\/www.mymallorcadiary.com\/wp-content\/uploads\/2024\/11\/Santanyi-Beaches-Cala-Llombards-768x431.webp 768w, https:\/\/www.mymallorcadiary.com\/wp-content\/uploads\/2024\/11\/Santanyi-Beaches-Cala-Llombards-1536x862.webp 1536w, https:\/\/www.mymallorcadiary.com\/wp-content\/uploads\/2024\/11\/Santanyi-Beaches-Cala-Llombards-696x391.webp 696w, https:\/\/www.mymallorcadiary.com\/wp-content\/uploads\/2024\/11\/Santanyi-Beaches-Cala-Llombards-1392x782.webp 1392w\" sizes=\"(max-width: 1920px) 100vw, 1920px\" \/><\/a>\n\t\t\t<\/div>\n\t\t\t\t<figcaption class='wp-caption-text gallery-caption' id='gallery-1-1700'>\n\t\t\t\tCala Llombards\n\t\t\t\t<\/figcaption><\/figure>\n\t\t<\/div>\n<\/li>\n<\/ul>\n<p data-start=\"3734\" data-end=\"3785\">No hay caos veraniego, solo tranquilas vistas al Mediterr\u00e1neo.<\/p>\n<p data-start=\"3734\" data-end=\"3785\">Consulta este art\u00edculo sobre <strong><a href=\"https:\/\/www.mymallorcadiary.com\/best-beaches-south-mallorca\/\" target=\"_blank\" rel=\"noopener\">las mejores playas del sur de Mallorca<\/a><\/strong>.<\/p>\n<h3 data-start=\"3734\" data-end=\"3785\"><span class=\"ez-toc-section\" id=\"Explora_pueblos_encantadores_en_primavera_en_flor\"><\/span><strong>Explora pueblos encantadores en primavera en flor<\/strong><span class=\"ez-toc-section-end\"><\/span><\/h3>\n<p data-start=\"3838\" data-end=\"4010\">Villages like <strong><a href=\"https:\/\/maps.app.goo.gl\/TKyWFW5R8sR4Yv1b8\" target=\"_blank\" rel=\"noopener\">Santany\u00ed<\/a><\/strong>, <strong><a href=\"https:\/\/maps.app.goo.gl\/9RqWz1GsvxUoMhTX6\" target=\"_blank\" rel=\"noopener\">Valldemossa<\/a><\/strong>, <strong><a href=\"https:\/\/maps.app.goo.gl\/mRFfbFPE3iSau545A\" target=\"_blank\" rel=\"noopener\">S\u00f3ller<\/a><\/strong>, <strong><a href=\"https:\/\/maps.app.goo.gl\/QDUvP7o9jAxUVEMr6\" target=\"_blank\" rel=\"noopener\">Dei\u00e0<\/a><\/strong> and <strong><a href=\"https:\/\/maps.app.goo.gl\/dsDzKwZb165QLqLp6\">Art\u00e0<\/a><\/strong> look magical in spring. Bougainvillea starts blooming, caf\u00e9s reopen their terraces and markets feel lively again.<\/p>\n<div id='gallery-2' class='gallery galleryid-1873 gallery-columns-2 gallery-size-full'><figure class='gallery-item'>\n\t\t\t<div class='gallery-icon landscape'>\n\t\t\t\t<a href='https:\/\/www.mymallorcadiary.com\/wp-content\/uploads\/2026\/02\/Soller-in-Mallorca.webp'><img decoding=\"async\" width=\"1920\" height=\"1078\" src=\"https:\/\/www.mymallorcadiary.com\/wp-content\/uploads\/2026\/02\/Soller-in-Mallorca.webp\" class=\"attachment-full size-full\" alt=\"\" aria-describedby=\"gallery-2-1791\" srcset=\"https:\/\/www.mymallorcadiary.com\/wp-content\/uploads\/2026\/02\/Soller-in-Mallorca.webp 1920w, https:\/\/www.mymallorcadiary.com\/wp-content\/uploads\/2026\/02\/Soller-in-Mallorca-300x168.webp 300w, https:\/\/www.mymallorcadiary.com\/wp-content\/uploads\/2026\/02\/Soller-in-Mallorca-1024x575.webp 1024w, https:\/\/www.mymallorcadiary.com\/wp-content\/uploads\/2026\/02\/Soller-in-Mallorca-768x431.webp 768w, https:\/\/www.mymallorcadiary.com\/wp-content\/uploads\/2026\/02\/Soller-in-Mallorca-1536x862.webp 1536w, https:\/\/www.mymallorcadiary.com\/wp-content\/uploads\/2026\/02\/Soller-in-Mallorca-696x391.webp 696w, https:\/\/www.mymallorcadiary.com\/wp-content\/uploads\/2026\/02\/Soller-in-Mallorca-1392x782.webp 1392w\" sizes=\"(max-width: 1920px) 100vw, 1920px\" \/><\/a>\n\t\t\t<\/div>\n\t\t\t\t<figcaption class='wp-caption-text gallery-caption' id='gallery-2-1791'>\n\t\t\t\tS\u00f3ller\n\t\t\t\t<\/figcaption><\/figure><figure class='gallery-item'>\n\t\t\t<div class='gallery-icon landscape'>\n\t\t\t\t<a href='https:\/\/www.mymallorcadiary.com\/wp-content\/uploads\/2026\/02\/Valldemossa-in-Mallorca.webp'><img decoding=\"async\" width=\"1920\" height=\"1078\" src=\"https:\/\/www.mymallorcadiary.com\/wp-content\/uploads\/2026\/02\/Valldemossa-in-Mallorca.webp\" class=\"attachment-full size-full\" alt=\"\" aria-describedby=\"gallery-2-1792\" srcset=\"https:\/\/www.mymallorcadiary.com\/wp-content\/uploads\/2026\/02\/Valldemossa-in-Mallorca.webp 1920w, https:\/\/www.mymallorcadiary.com\/wp-content\/uploads\/2026\/02\/Valldemossa-in-Mallorca-300x168.webp 300w, https:\/\/www.mymallorcadiary.com\/wp-content\/uploads\/2026\/02\/Valldemossa-in-Mallorca-1024x575.webp 1024w, https:\/\/www.mymallorcadiary.com\/wp-content\/uploads\/2026\/02\/Valldemossa-in-Mallorca-768x431.webp 768w, https:\/\/www.mymallorcadiary.com\/wp-content\/uploads\/2026\/02\/Valldemossa-in-Mallorca-1536x862.webp 1536w, https:\/\/www.mymallorcadiary.com\/wp-content\/uploads\/2026\/02\/Valldemossa-in-Mallorca-696x391.webp 696w, https:\/\/www.mymallorcadiary.com\/wp-content\/uploads\/2026\/02\/Valldemossa-in-Mallorca-1392x782.webp 1392w\" sizes=\"(max-width: 1920px) 100vw, 1920px\" \/><\/a>\n\t\t\t<\/div>\n\t\t\t\t<figcaption class='wp-caption-text gallery-caption' id='gallery-2-1792'>\n\t\t\t\tValldemossa\n\t\t\t\t<\/figcaption><\/figure>\n\t\t<\/div>\n\n<p data-start=\"4012\" data-end=\"4032\">Semana Santa es ideal para:<\/p>\n<ul data-start=\"4034\" data-end=\"4161\">\n<li data-start=\"4034\" data-end=\"4070\">\n<p data-start=\"4036\" data-end=\"4070\">Desayunos lentos en plazas soleadas<\/p>\n<\/li>\n<li data-start=\"4071\" data-end=\"4097\">\n<p data-start=\"4073\" data-end=\"4097\">Visitar mercados locales<\/p>\n<\/li>\n<li data-start=\"4098\" data-end=\"4127\">\n<p data-start=\"4100\" data-end=\"4127\">Descubrir tiendas de artesanos<\/p>\n<\/li>\n<li data-start=\"4128\" data-end=\"4161\">\n<p data-start=\"4130\" data-end=\"4161\">Disfrutar de largos almuerzos en terrazas<\/p>\n<\/li>\n<\/ul>\n<h3><span class=\"ez-toc-section\" id=\"Caminata_por_la_Serra_de_Tramuntana\"><\/span><strong>Caminata por la Serra de Tramuntana<\/strong><span class=\"ez-toc-section-end\"><\/span><\/h3>\n<p data-start=\"4204\" data-end=\"4237\">Semana Santa es un clima perfecto para hacer senderismo.<\/p>\n<p data-start=\"4239\" data-end=\"4357\">Las monta\u00f1as de la Serra de Tramuntana est\u00e1n verdes, las flores silvestres florecen y las temperaturas son agradables para realizar largas caminatas.<\/p>\n<p data-start=\"4359\" data-end=\"4382\">Las rutas populares incluyen:<\/p>\n<ul data-start=\"4384\" data-end=\"4482\">\n<li data-start=\"4384\" data-end=\"4416\">\n<p data-start=\"4386\" data-end=\"4416\">Camino costero de Dei\u00e0 a S\u00f3ller<\/p>\n<\/li>\n<li data-start=\"4417\" data-end=\"4436\">\n<p data-start=\"4419\" data-end=\"4436\"><strong><a href=\"https:\/\/maps.app.goo.gl\/SSeDj6QcnZcL5qwK7\" target=\"_blank\" rel=\"noopener\">Puig de Galatz\u00f3<\/a><\/strong><\/p>\n<\/li>\n<li data-start=\"4437\" data-end=\"4462\">\n<p data-start=\"4439\" data-end=\"4462\"><strong><a href=\"https:\/\/maps.app.goo.gl\/kaKDZMBFX4LEguo37\" target=\"_blank\" rel=\"noopener\">Mirador de Sa Foradada<\/a><\/strong><\/p>\n<\/li>\n<li data-start=\"4463\" data-end=\"4482\">\n<p data-start=\"4465\" data-end=\"4482\"><strong><a href=\"https:\/\/maps.app.goo.gl\/cu47Bph6rfvAnvPy8\" target=\"_blank\" rel=\"noopener\">Castillo de Alar\u00f3<\/a><\/strong><\/p>\n<\/li>\n<\/ul>\n<div id='gallery-3' class='gallery galleryid-1873 gallery-columns-2 gallery-size-full'><figure class='gallery-item'>\n\t\t\t<div class='gallery-icon landscape'>\n\t\t\t\t<a href='https:\/\/www.mymallorcadiary.com\/wp-content\/uploads\/2026\/02\/Alaro-castle-in-Mallorca.png'><img decoding=\"async\" width=\"1920\" height=\"1078\" src=\"https:\/\/www.mymallorcadiary.com\/wp-content\/uploads\/2026\/02\/Alaro-castle-in-Mallorca.png\" class=\"attachment-full size-full\" alt=\"\" srcset=\"https:\/\/www.mymallorcadiary.com\/wp-content\/uploads\/2026\/02\/Alaro-castle-in-Mallorca.png 1920w, https:\/\/www.mymallorcadiary.com\/wp-content\/uploads\/2026\/02\/Alaro-castle-in-Mallorca-300x168.png 300w, https:\/\/www.mymallorcadiary.com\/wp-content\/uploads\/2026\/02\/Alaro-castle-in-Mallorca-1024x575.png 1024w, https:\/\/www.mymallorcadiary.com\/wp-content\/uploads\/2026\/02\/Alaro-castle-in-Mallorca-768x431.png 768w, https:\/\/www.mymallorcadiary.com\/wp-content\/uploads\/2026\/02\/Alaro-castle-in-Mallorca-1536x862.png 1536w, https:\/\/www.mymallorcadiary.com\/wp-content\/uploads\/2026\/02\/Alaro-castle-in-Mallorca-696x391.png 696w, https:\/\/www.mymallorcadiary.com\/wp-content\/uploads\/2026\/02\/Alaro-castle-in-Mallorca-1392x782.png 1392w\" sizes=\"(max-width: 1920px) 100vw, 1920px\" \/><\/a>\n\t\t\t<\/div><\/figure><figure class='gallery-item'>\n\t\t\t<div class='gallery-icon landscape'>\n\t\t\t\t<a href='https:\/\/www.mymallorcadiary.com\/wp-content\/uploads\/2026\/02\/Tramuntana-in-Mallorca.png'><img decoding=\"async\" width=\"1920\" height=\"1078\" src=\"https:\/\/www.mymallorcadiary.com\/wp-content\/uploads\/2026\/02\/Tramuntana-in-Mallorca.png\" class=\"attachment-full size-full\" alt=\"\" srcset=\"https:\/\/www.mymallorcadiary.com\/wp-content\/uploads\/2026\/02\/Tramuntana-in-Mallorca.png 1920w, https:\/\/www.mymallorcadiary.com\/wp-content\/uploads\/2026\/02\/Tramuntana-in-Mallorca-300x168.png 300w, https:\/\/www.mymallorcadiary.com\/wp-content\/uploads\/2026\/02\/Tramuntana-in-Mallorca-1024x575.png 1024w, https:\/\/www.mymallorcadiary.com\/wp-content\/uploads\/2026\/02\/Tramuntana-in-Mallorca-768x431.png 768w, https:\/\/www.mymallorcadiary.com\/wp-content\/uploads\/2026\/02\/Tramuntana-in-Mallorca-1536x862.png 1536w, https:\/\/www.mymallorcadiary.com\/wp-content\/uploads\/2026\/02\/Tramuntana-in-Mallorca-696x391.png 696w, https:\/\/www.mymallorcadiary.com\/wp-content\/uploads\/2026\/02\/Tramuntana-in-Mallorca-1392x782.png 1392w\" sizes=\"(max-width: 1920px) 100vw, 1920px\" \/><\/a>\n\t\t\t<\/div><\/figure>\n\t\t<\/div>\n\n<p data-start=\"4484\" data-end=\"4536\">Es una de las mejores temporadas para realizar actividades al aire libre.<\/p>\n<h3 data-start=\"4484\" data-end=\"4536\"><span class=\"ez-toc-section\" id=\"Disfruta_de_la_gastronomia_de_temporada\"><\/span><strong>Disfruta de la gastronom\u00eda de temporada<\/strong><span class=\"ez-toc-section-end\"><\/span><\/h3>\n<p>Muchos beach club y restaurantes reabren sus puertas en Semana Santa. Es un momento ideal para disfrutar de la gastronom\u00eda mediterr\u00e1nea antes de que lleguen las multitudes y los precios de temporada alta.<\/p>\n<h2><span class=\"ez-toc-section\" id=\"Donde_alojarse_en_semana_santa_en_Mallorca\"><\/span><strong>D\u00f3nde alojarse en semana santa en Mallorca<\/strong><span class=\"ez-toc-section-end\"><\/span><\/h2>\n<p data-start=\"4787\" data-end=\"4897\">La Semana Santa es una \u00e9poca de viaje muy popular entre las familias espa\u00f1olas y los visitantes europeos, por lo que se recomienda reservar con antelaci\u00f3n.<\/p>\n<p data-start=\"4899\" data-end=\"4943\">El lugar donde te alojes depender\u00e1 de tu estilo de viaje.<\/p>\n<h3 data-start=\"4899\" data-end=\"4943\"><span class=\"ez-toc-section\" id=\"Quedate_en_Palma_para_disfrutar_de_la_cultura_y_las_procesiones\"><\/span><strong>Qu\u00e9date en Palma para disfrutar de la cultura y las procesiones<\/strong><span class=\"ez-toc-section-end\"><\/span><\/h3>\n<p data-start=\"4996\" data-end=\"5138\">Si tu objetivo principal es vivir las tradiciones de Semana Santa, alojarte en el casco antiguo de Palma te permitir\u00e1 caminar hasta las procesiones m\u00e1s impresionantes.<\/p>\n<p data-start=\"5140\" data-end=\"5186\">Perfecto para amantes de la cultura y exploradores de la ciudad.<\/p>\n<p data-start=\"5140\" data-end=\"5186\"><strong>Estas son nuestras recomendaciones de hoteles en el centro de Palma:<\/strong><\/p>\n<h4 data-start=\"5140\" data-end=\"5186\"><span class=\"ez-toc-section\" id=\"Nobis_Hotel_Palma_5\"><\/span><strong>Nobis Hotel Palma 5*<\/strong><span class=\"ez-toc-section-end\"><\/span><\/h4>\n<p>\ud83d\udccd <strong>Ubicaci\u00f3n<\/strong>: Casco antiguo, cerca de la plaza del Mercat y la catedral de Palma. <strong><a href=\"https:\/\/maps.app.goo.gl\/3jGZuhLoLgW1Gsmm9\" target=\"_blank\" rel=\"noopener\">Consulta la ubicaci\u00f3n exacta aqu\u00ed<\/a><\/strong><\/p>\n<p data-start=\"619\" data-end=\"865\">Un hotel boutique de lujo ubicado en un palacio hist\u00f3rico bellamente restaurado en el coraz\u00f3n del casco antiguo de Palma. A pocos pasos de la Catedral de Palma, La Lonja y las principales rutas procesionales, combina un dise\u00f1o de alta gama con arquitectura hist\u00f3rica.<\/p>\n<p data-start=\"867\" data-end=\"966\">Los interiores son elegantes, contempor\u00e1neos y tranquilos, con un refinado restaurante, spa y zonas en la azotea.<\/p>\n<p data-start=\"968\" data-end=\"1152\"><strong data-start=\"968\" data-end=\"995\">\u00bfPor qu\u00e9 reservarlo para Semana Santa?<\/strong><br data-start=\"995\" data-end=\"998\" \/>Estar\u00e1s en el centro de la acci\u00f3n mientras te alojas en un tranquilo y lujoso refugio. Perfecto para parejas que buscan una escapada cultural sofisticada.<\/p>\n<p><strong>Ver m\u00e1s detalles y reservar:<\/strong> <strong><a href=\"https:\/\/booking.stay22.com\/likexpats\/elHiU_T5Lv\" target=\"_blank\" rel=\"noopener\">Hotel Nobis Palma<\/a><\/strong><\/p>\n<div id='gallery-4' class='gallery galleryid-1873 gallery-columns-2 gallery-size-full'><figure class='gallery-item'>\n\t\t\t<div class='gallery-icon landscape'>\n\t\t\t\t<a href='https:\/\/www.mymallorcadiary.com\/wp-content\/uploads\/2026\/02\/Luxury-hotel-in-Palma-center.webp'><img decoding=\"async\" width=\"1920\" height=\"1078\" src=\"https:\/\/www.mymallorcadiary.com\/wp-content\/uploads\/2026\/02\/Luxury-hotel-in-Palma-center.webp\" class=\"attachment-full size-full\" alt=\"\" srcset=\"https:\/\/www.mymallorcadiary.com\/wp-content\/uploads\/2026\/02\/Luxury-hotel-in-Palma-center.webp 1920w, https:\/\/www.mymallorcadiary.com\/wp-content\/uploads\/2026\/02\/Luxury-hotel-in-Palma-center-300x168.webp 300w, https:\/\/www.mymallorcadiary.com\/wp-content\/uploads\/2026\/02\/Luxury-hotel-in-Palma-center-1024x575.webp 1024w, https:\/\/www.mymallorcadiary.com\/wp-content\/uploads\/2026\/02\/Luxury-hotel-in-Palma-center-768x431.webp 768w, https:\/\/www.mymallorcadiary.com\/wp-content\/uploads\/2026\/02\/Luxury-hotel-in-Palma-center-1536x862.webp 1536w, https:\/\/www.mymallorcadiary.com\/wp-content\/uploads\/2026\/02\/Luxury-hotel-in-Palma-center-696x391.webp 696w, https:\/\/www.mymallorcadiary.com\/wp-content\/uploads\/2026\/02\/Luxury-hotel-in-Palma-center-1392x782.webp 1392w\" sizes=\"(max-width: 1920px) 100vw, 1920px\" \/><\/a>\n\t\t\t<\/div><\/figure><figure class='gallery-item'>\n\t\t\t<div class='gallery-icon landscape'>\n\t\t\t\t<a href='https:\/\/www.mymallorcadiary.com\/wp-content\/uploads\/2026\/02\/Nobis-hotel-Mallorca.webp'><img decoding=\"async\" width=\"1920\" height=\"1078\" src=\"https:\/\/www.mymallorcadiary.com\/wp-content\/uploads\/2026\/02\/Nobis-hotel-Mallorca.webp\" class=\"attachment-full size-full\" alt=\"\" srcset=\"https:\/\/www.mymallorcadiary.com\/wp-content\/uploads\/2026\/02\/Nobis-hotel-Mallorca.webp 1920w, https:\/\/www.mymallorcadiary.com\/wp-content\/uploads\/2026\/02\/Nobis-hotel-Mallorca-300x168.webp 300w, https:\/\/www.mymallorcadiary.com\/wp-content\/uploads\/2026\/02\/Nobis-hotel-Mallorca-1024x575.webp 1024w, https:\/\/www.mymallorcadiary.com\/wp-content\/uploads\/2026\/02\/Nobis-hotel-Mallorca-768x431.webp 768w, https:\/\/www.mymallorcadiary.com\/wp-content\/uploads\/2026\/02\/Nobis-hotel-Mallorca-1536x862.webp 1536w, https:\/\/www.mymallorcadiary.com\/wp-content\/uploads\/2026\/02\/Nobis-hotel-Mallorca-696x391.webp 696w, https:\/\/www.mymallorcadiary.com\/wp-content\/uploads\/2026\/02\/Nobis-hotel-Mallorca-1392x782.webp 1392w\" sizes=\"(max-width: 1920px) 100vw, 1920px\" \/><\/a>\n\t\t\t<\/div><\/figure><figure class='gallery-item'>\n\t\t\t<div class='gallery-icon landscape'>\n\t\t\t\t<a href='https:\/\/www.mymallorcadiary.com\/wp-content\/uploads\/2026\/02\/Nobis-hotel-Palma.webp'><img decoding=\"async\" width=\"1920\" height=\"1078\" src=\"https:\/\/www.mymallorcadiary.com\/wp-content\/uploads\/2026\/02\/Nobis-hotel-Palma.webp\" class=\"attachment-full size-full\" alt=\"\" srcset=\"https:\/\/www.mymallorcadiary.com\/wp-content\/uploads\/2026\/02\/Nobis-hotel-Palma.webp 1920w, https:\/\/www.mymallorcadiary.com\/wp-content\/uploads\/2026\/02\/Nobis-hotel-Palma-300x168.webp 300w, https:\/\/www.mymallorcadiary.com\/wp-content\/uploads\/2026\/02\/Nobis-hotel-Palma-1024x575.webp 1024w, https:\/\/www.mymallorcadiary.com\/wp-content\/uploads\/2026\/02\/Nobis-hotel-Palma-768x431.webp 768w, https:\/\/www.mymallorcadiary.com\/wp-content\/uploads\/2026\/02\/Nobis-hotel-Palma-1536x862.webp 1536w, https:\/\/www.mymallorcadiary.com\/wp-content\/uploads\/2026\/02\/Nobis-hotel-Palma-696x391.webp 696w, https:\/\/www.mymallorcadiary.com\/wp-content\/uploads\/2026\/02\/Nobis-hotel-Palma-1392x782.webp 1392w\" sizes=\"(max-width: 1920px) 100vw, 1920px\" \/><\/a>\n\t\t\t<\/div><\/figure><figure class='gallery-item'>\n\t\t\t<div class='gallery-icon landscape'>\n\t\t\t\t<a href='https:\/\/www.mymallorcadiary.com\/wp-content\/uploads\/2026\/02\/Nobis-hotel-in-Palma-centre.webp'><img decoding=\"async\" width=\"1920\" height=\"1078\" src=\"https:\/\/www.mymallorcadiary.com\/wp-content\/uploads\/2026\/02\/Nobis-hotel-in-Palma-centre.webp\" class=\"attachment-full size-full\" alt=\"\" srcset=\"https:\/\/www.mymallorcadiary.com\/wp-content\/uploads\/2026\/02\/Nobis-hotel-in-Palma-centre.webp 1920w, https:\/\/www.mymallorcadiary.com\/wp-content\/uploads\/2026\/02\/Nobis-hotel-in-Palma-centre-300x168.webp 300w, https:\/\/www.mymallorcadiary.com\/wp-content\/uploads\/2026\/02\/Nobis-hotel-in-Palma-centre-1024x575.webp 1024w, https:\/\/www.mymallorcadiary.com\/wp-content\/uploads\/2026\/02\/Nobis-hotel-in-Palma-centre-768x431.webp 768w, https:\/\/www.mymallorcadiary.com\/wp-content\/uploads\/2026\/02\/Nobis-hotel-in-Palma-centre-1536x862.webp 1536w, https:\/\/www.mymallorcadiary.com\/wp-content\/uploads\/2026\/02\/Nobis-hotel-in-Palma-centre-696x391.webp 696w, https:\/\/www.mymallorcadiary.com\/wp-content\/uploads\/2026\/02\/Nobis-hotel-in-Palma-centre-1392x782.webp 1392w\" sizes=\"(max-width: 1920px) 100vw, 1920px\" \/><\/a>\n\t\t\t<\/div><\/figure>\n\t\t<\/div>\n\n<p data-start=\"5140\" data-end=\"5186\">Fotos via nobishotel.es<\/p>\n<h4 data-start=\"5140\" data-end=\"5186\"><span class=\"ez-toc-section\" id=\"Portella_Palma_5\"><\/span><strong>Portella Palma 5*<\/strong><span class=\"ez-toc-section-end\"><\/span><\/h4>\n<p>\ud83d\udccd <strong>Ubicaci\u00f3n:<\/strong> Casco Antiguo, cerca de la Catedral de Palma. <strong><a href=\"https:\/\/maps.app.goo.gl\/Scv33mvfeaX5EbYM7\" target=\"_blank\" rel=\"noopener\">Consulta la ubicaci\u00f3n exacta aqu\u00ed<\/a><\/strong><\/p>\n<p data-start=\"1228\" data-end=\"1435\">Un elegante hotel boutique ubicado en un edificio hist\u00f3rico cerca de la Catedral. Portella combina la tradici\u00f3n mallorquina con el confort contempor\u00e1neo, ofreciendo habitaciones espaciosas, un dise\u00f1o cuidado y un ambiente muy \u00edntimo.<\/p>\n<p data-start=\"1437\" data-end=\"1557\">Su ubicaci\u00f3n en el casco antiguo permite ir andando a todas partes: restaurantes, galer\u00edas y las principales procesiones de Semana Santa.<\/p>\n<p data-start=\"1559\" data-end=\"1696\"><strong data-start=\"1559\" data-end=\"1586\">\u00bfPor qu\u00e9 reservarlo para Semana Santa?<\/strong><br data-start=\"1586\" data-end=\"1589\" \/>Ideal para viajeros que buscan encanto, autenticidad y una ubicaci\u00f3n c\u00e9ntrica sin la sensaci\u00f3n de un gran hotel.<\/p>\n<p><strong>Ver m\u00e1s detalles y reservar: <a href=\"https:\/\/booking.stay22.com\/likexpats\/Z6xb09zQLK\" target=\"_blank\" rel=\"noopener\">Portella Palma<\/a><\/strong><\/p>\n<div id='gallery-5' class='gallery galleryid-1873 gallery-columns-2 gallery-size-full'><figure class='gallery-item'>\n\t\t\t<div class='gallery-icon landscape'>\n\t\t\t\t<a href='https:\/\/www.mymallorcadiary.com\/wp-content\/uploads\/2026\/02\/5-star-hotel-in-Palma.webp'><img decoding=\"async\" width=\"1920\" height=\"1078\" src=\"https:\/\/www.mymallorcadiary.com\/wp-content\/uploads\/2026\/02\/5-star-hotel-in-Palma.webp\" class=\"attachment-full size-full\" alt=\"\" srcset=\"https:\/\/www.mymallorcadiary.com\/wp-content\/uploads\/2026\/02\/5-star-hotel-in-Palma.webp 1920w, https:\/\/www.mymallorcadiary.com\/wp-content\/uploads\/2026\/02\/5-star-hotel-in-Palma-300x168.webp 300w, https:\/\/www.mymallorcadiary.com\/wp-content\/uploads\/2026\/02\/5-star-hotel-in-Palma-1024x575.webp 1024w, https:\/\/www.mymallorcadiary.com\/wp-content\/uploads\/2026\/02\/5-star-hotel-in-Palma-768x431.webp 768w, https:\/\/www.mymallorcadiary.com\/wp-content\/uploads\/2026\/02\/5-star-hotel-in-Palma-1536x862.webp 1536w, https:\/\/www.mymallorcadiary.com\/wp-content\/uploads\/2026\/02\/5-star-hotel-in-Palma-696x391.webp 696w, https:\/\/www.mymallorcadiary.com\/wp-content\/uploads\/2026\/02\/5-star-hotel-in-Palma-1392x782.webp 1392w\" sizes=\"(max-width: 1920px) 100vw, 1920px\" \/><\/a>\n\t\t\t<\/div><\/figure><figure class='gallery-item'>\n\t\t\t<div class='gallery-icon landscape'>\n\t\t\t\t<a href='https:\/\/www.mymallorcadiary.com\/wp-content\/uploads\/2026\/02\/boutiquel-hotel-in-the-center-of-Palma.webp'><img decoding=\"async\" width=\"1920\" height=\"1078\" src=\"https:\/\/www.mymallorcadiary.com\/wp-content\/uploads\/2026\/02\/boutiquel-hotel-in-the-center-of-Palma.webp\" class=\"attachment-full size-full\" alt=\"\" srcset=\"https:\/\/www.mymallorcadiary.com\/wp-content\/uploads\/2026\/02\/boutiquel-hotel-in-the-center-of-Palma.webp 1920w, https:\/\/www.mymallorcadiary.com\/wp-content\/uploads\/2026\/02\/boutiquel-hotel-in-the-center-of-Palma-300x168.webp 300w, https:\/\/www.mymallorcadiary.com\/wp-content\/uploads\/2026\/02\/boutiquel-hotel-in-the-center-of-Palma-1024x575.webp 1024w, https:\/\/www.mymallorcadiary.com\/wp-content\/uploads\/2026\/02\/boutiquel-hotel-in-the-center-of-Palma-768x431.webp 768w, https:\/\/www.mymallorcadiary.com\/wp-content\/uploads\/2026\/02\/boutiquel-hotel-in-the-center-of-Palma-1536x862.webp 1536w, https:\/\/www.mymallorcadiary.com\/wp-content\/uploads\/2026\/02\/boutiquel-hotel-in-the-center-of-Palma-696x391.webp 696w, https:\/\/www.mymallorcadiary.com\/wp-content\/uploads\/2026\/02\/boutiquel-hotel-in-the-center-of-Palma-1392x782.webp 1392w\" sizes=\"(max-width: 1920px) 100vw, 1920px\" \/><\/a>\n\t\t\t<\/div><\/figure><figure class='gallery-item'>\n\t\t\t<div class='gallery-icon landscape'>\n\t\t\t\t<a href='https:\/\/www.mymallorcadiary.com\/wp-content\/uploads\/2026\/02\/boutique-hotel-in-Palma.webp'><img decoding=\"async\" width=\"1920\" height=\"1078\" src=\"https:\/\/www.mymallorcadiary.com\/wp-content\/uploads\/2026\/02\/boutique-hotel-in-Palma.webp\" class=\"attachment-full size-full\" alt=\"\" srcset=\"https:\/\/www.mymallorcadiary.com\/wp-content\/uploads\/2026\/02\/boutique-hotel-in-Palma.webp 1920w, https:\/\/www.mymallorcadiary.com\/wp-content\/uploads\/2026\/02\/boutique-hotel-in-Palma-300x168.webp 300w, https:\/\/www.mymallorcadiary.com\/wp-content\/uploads\/2026\/02\/boutique-hotel-in-Palma-1024x575.webp 1024w, https:\/\/www.mymallorcadiary.com\/wp-content\/uploads\/2026\/02\/boutique-hotel-in-Palma-768x431.webp 768w, https:\/\/www.mymallorcadiary.com\/wp-content\/uploads\/2026\/02\/boutique-hotel-in-Palma-1536x862.webp 1536w, https:\/\/www.mymallorcadiary.com\/wp-content\/uploads\/2026\/02\/boutique-hotel-in-Palma-696x391.webp 696w, https:\/\/www.mymallorcadiary.com\/wp-content\/uploads\/2026\/02\/boutique-hotel-in-Palma-1392x782.webp 1392w\" sizes=\"(max-width: 1920px) 100vw, 1920px\" \/><\/a>\n\t\t\t<\/div><\/figure><figure class='gallery-item'>\n\t\t\t<div class='gallery-icon landscape'>\n\t\t\t\t<a href='https:\/\/www.mymallorcadiary.com\/wp-content\/uploads\/2026\/02\/5-star-hotel-in-Palma-de-Mallorca.webp'><img decoding=\"async\" width=\"1920\" height=\"1078\" src=\"https:\/\/www.mymallorcadiary.com\/wp-content\/uploads\/2026\/02\/5-star-hotel-in-Palma-de-Mallorca.webp\" class=\"attachment-full size-full\" alt=\"\" srcset=\"https:\/\/www.mymallorcadiary.com\/wp-content\/uploads\/2026\/02\/5-star-hotel-in-Palma-de-Mallorca.webp 1920w, https:\/\/www.mymallorcadiary.com\/wp-content\/uploads\/2026\/02\/5-star-hotel-in-Palma-de-Mallorca-300x168.webp 300w, https:\/\/www.mymallorcadiary.com\/wp-content\/uploads\/2026\/02\/5-star-hotel-in-Palma-de-Mallorca-1024x575.webp 1024w, https:\/\/www.mymallorcadiary.com\/wp-content\/uploads\/2026\/02\/5-star-hotel-in-Palma-de-Mallorca-768x431.webp 768w, https:\/\/www.mymallorcadiary.com\/wp-content\/uploads\/2026\/02\/5-star-hotel-in-Palma-de-Mallorca-1536x862.webp 1536w, https:\/\/www.mymallorcadiary.com\/wp-content\/uploads\/2026\/02\/5-star-hotel-in-Palma-de-Mallorca-696x391.webp 696w, https:\/\/www.mymallorcadiary.com\/wp-content\/uploads\/2026\/02\/5-star-hotel-in-Palma-de-Mallorca-1392x782.webp 1392w\" sizes=\"(max-width: 1920px) 100vw, 1920px\" \/><\/a>\n\t\t\t<\/div><\/figure>\n\t\t<\/div>\n\n<p data-start=\"5140\" data-end=\"5186\">Fotos via portellapalma.com<\/p>\n<h4 data-start=\"5140\" data-end=\"5186\"><span class=\"ez-toc-section\" id=\"Hotel_Ars_Magna_Bleisure_4\"><\/span><strong>Hotel Ars Magna Bleisure 4*<\/strong><span class=\"ez-toc-section-end\"><\/span><\/h4>\n<p>\ud83d\udccd <strong>Ubicaci\u00f3n:<\/strong> Cerca de Plaza Espa\u00f1a, centro de Palma. <strong><a href=\"https:\/\/maps.app.goo.gl\/XVtHRnMMXBgGJAzeA\" target=\"_blank\" rel=\"noopener\">Consulta la ubicaci\u00f3n exacta aqu\u00ed<\/a><\/strong><\/p>\n<p data-start=\"1779\" data-end=\"1993\">Situado cerca de Plaza Espa\u00f1a y a poca distancia a pie del casco antiguo, Ars Magna es un hotel moderno de estilo urbano. Est\u00e1 bien comunicado con el transporte p\u00fablico y ofrece habitaciones contempor\u00e1neas y una tranquila zona en la azotea.<\/p>\n<p data-start=\"1995\" data-end=\"2182\"><strong data-start=\"1995\" data-end=\"2022\">\u00bfPor qu\u00e9 reservarlo para Semana Santa?<\/strong><br data-start=\"2022\" data-end=\"2025\" \/>Una excelente opci\u00f3n si buscas f\u00e1cil acceso tanto al centro hist\u00f3rico como al resto de la isla. Ideal para parejas o n\u00f3madas digitales que combinan trabajo y viajes.<\/p>\n<p><strong>Ver m\u00e1s detalles y reservar:<\/strong> <strong><a href=\"https:\/\/booking.stay22.com\/likexpats\/sZBOVdY-Fb\" target=\"_blank\" rel=\"noopener\"><span style=\"color: #4db2ec;\"><span style=\"caret-color: #4db2ec;\"><u>Ars<\/u><\/span><\/span> Magna Bleisure hotel<\/a><\/strong><\/p>\n<div id='gallery-6' class='gallery galleryid-1873 gallery-columns-2 gallery-size-full'><figure class='gallery-item'>\n\t\t\t<div class='gallery-icon landscape'>\n\t\t\t\t<a href='https:\/\/www.mymallorcadiary.com\/wp-content\/uploads\/2026\/02\/Ars-Magna-Bleisure-hotel-in-Palma.webp'><img decoding=\"async\" width=\"1920\" height=\"1078\" src=\"https:\/\/www.mymallorcadiary.com\/wp-content\/uploads\/2026\/02\/Ars-Magna-Bleisure-hotel-in-Palma.webp\" class=\"attachment-full size-full\" alt=\"\" srcset=\"https:\/\/www.mymallorcadiary.com\/wp-content\/uploads\/2026\/02\/Ars-Magna-Bleisure-hotel-in-Palma.webp 1920w, https:\/\/www.mymallorcadiary.com\/wp-content\/uploads\/2026\/02\/Ars-Magna-Bleisure-hotel-in-Palma-300x168.webp 300w, https:\/\/www.mymallorcadiary.com\/wp-content\/uploads\/2026\/02\/Ars-Magna-Bleisure-hotel-in-Palma-1024x575.webp 1024w, https:\/\/www.mymallorcadiary.com\/wp-content\/uploads\/2026\/02\/Ars-Magna-Bleisure-hotel-in-Palma-768x431.webp 768w, https:\/\/www.mymallorcadiary.com\/wp-content\/uploads\/2026\/02\/Ars-Magna-Bleisure-hotel-in-Palma-1536x862.webp 1536w, https:\/\/www.mymallorcadiary.com\/wp-content\/uploads\/2026\/02\/Ars-Magna-Bleisure-hotel-in-Palma-696x391.webp 696w, https:\/\/www.mymallorcadiary.com\/wp-content\/uploads\/2026\/02\/Ars-Magna-Bleisure-hotel-in-Palma-1392x782.webp 1392w\" sizes=\"(max-width: 1920px) 100vw, 1920px\" \/><\/a>\n\t\t\t<\/div><\/figure><figure class='gallery-item'>\n\t\t\t<div class='gallery-icon landscape'>\n\t\t\t\t<a href='https:\/\/www.mymallorcadiary.com\/wp-content\/uploads\/2026\/02\/Ars-Magna-hotel-Palma.webp'><img decoding=\"async\" width=\"1920\" height=\"1078\" src=\"https:\/\/www.mymallorcadiary.com\/wp-content\/uploads\/2026\/02\/Ars-Magna-hotel-Palma.webp\" class=\"attachment-full size-full\" alt=\"\" srcset=\"https:\/\/www.mymallorcadiary.com\/wp-content\/uploads\/2026\/02\/Ars-Magna-hotel-Palma.webp 1920w, https:\/\/www.mymallorcadiary.com\/wp-content\/uploads\/2026\/02\/Ars-Magna-hotel-Palma-300x168.webp 300w, https:\/\/www.mymallorcadiary.com\/wp-content\/uploads\/2026\/02\/Ars-Magna-hotel-Palma-1024x575.webp 1024w, https:\/\/www.mymallorcadiary.com\/wp-content\/uploads\/2026\/02\/Ars-Magna-hotel-Palma-768x431.webp 768w, https:\/\/www.mymallorcadiary.com\/wp-content\/uploads\/2026\/02\/Ars-Magna-hotel-Palma-1536x862.webp 1536w, https:\/\/www.mymallorcadiary.com\/wp-content\/uploads\/2026\/02\/Ars-Magna-hotel-Palma-696x391.webp 696w, https:\/\/www.mymallorcadiary.com\/wp-content\/uploads\/2026\/02\/Ars-Magna-hotel-Palma-1392x782.webp 1392w\" sizes=\"(max-width: 1920px) 100vw, 1920px\" \/><\/a>\n\t\t\t<\/div><\/figure><figure class='gallery-item'>\n\t\t\t<div class='gallery-icon landscape'>\n\t\t\t\t<a href='https:\/\/www.mymallorcadiary.com\/wp-content\/uploads\/2026\/02\/Ars-Magna-hotel-in-Mallorca.webp'><img decoding=\"async\" width=\"1920\" height=\"1078\" src=\"https:\/\/www.mymallorcadiary.com\/wp-content\/uploads\/2026\/02\/Ars-Magna-hotel-in-Mallorca.webp\" class=\"attachment-full size-full\" alt=\"\" srcset=\"https:\/\/www.mymallorcadiary.com\/wp-content\/uploads\/2026\/02\/Ars-Magna-hotel-in-Mallorca.webp 1920w, https:\/\/www.mymallorcadiary.com\/wp-content\/uploads\/2026\/02\/Ars-Magna-hotel-in-Mallorca-300x168.webp 300w, https:\/\/www.mymallorcadiary.com\/wp-content\/uploads\/2026\/02\/Ars-Magna-hotel-in-Mallorca-1024x575.webp 1024w, https:\/\/www.mymallorcadiary.com\/wp-content\/uploads\/2026\/02\/Ars-Magna-hotel-in-Mallorca-768x431.webp 768w, https:\/\/www.mymallorcadiary.com\/wp-content\/uploads\/2026\/02\/Ars-Magna-hotel-in-Mallorca-1536x862.webp 1536w, https:\/\/www.mymallorcadiary.com\/wp-content\/uploads\/2026\/02\/Ars-Magna-hotel-in-Mallorca-696x391.webp 696w, https:\/\/www.mymallorcadiary.com\/wp-content\/uploads\/2026\/02\/Ars-Magna-hotel-in-Mallorca-1392x782.webp 1392w\" sizes=\"(max-width: 1920px) 100vw, 1920px\" \/><\/a>\n\t\t\t<\/div><\/figure><figure class='gallery-item'>\n\t\t\t<div class='gallery-icon landscape'>\n\t\t\t\t<a href='https:\/\/www.mymallorcadiary.com\/wp-content\/uploads\/2026\/02\/Ars-Magna-Bleisure-hotel.webp'><img decoding=\"async\" width=\"1920\" height=\"1078\" src=\"https:\/\/www.mymallorcadiary.com\/wp-content\/uploads\/2026\/02\/Ars-Magna-Bleisure-hotel.webp\" class=\"attachment-full size-full\" alt=\"\" srcset=\"https:\/\/www.mymallorcadiary.com\/wp-content\/uploads\/2026\/02\/Ars-Magna-Bleisure-hotel.webp 1920w, https:\/\/www.mymallorcadiary.com\/wp-content\/uploads\/2026\/02\/Ars-Magna-Bleisure-hotel-300x168.webp 300w, https:\/\/www.mymallorcadiary.com\/wp-content\/uploads\/2026\/02\/Ars-Magna-Bleisure-hotel-1024x575.webp 1024w, https:\/\/www.mymallorcadiary.com\/wp-content\/uploads\/2026\/02\/Ars-Magna-Bleisure-hotel-768x431.webp 768w, https:\/\/www.mymallorcadiary.com\/wp-content\/uploads\/2026\/02\/Ars-Magna-Bleisure-hotel-1536x862.webp 1536w, https:\/\/www.mymallorcadiary.com\/wp-content\/uploads\/2026\/02\/Ars-Magna-Bleisure-hotel-696x391.webp 696w, https:\/\/www.mymallorcadiary.com\/wp-content\/uploads\/2026\/02\/Ars-Magna-Bleisure-hotel-1392x782.webp 1392w\" sizes=\"(max-width: 1920px) 100vw, 1920px\" \/><\/a>\n\t\t\t<\/div><\/figure>\n\t\t<\/div>\n\n<p>Fotos via arsmagnahotel.com<\/p>\n<h4><span class=\"ez-toc-section\" id=\"Hotel_Zurbaran_Palma_3\"><\/span><strong>Hotel Zurbar\u00e1n Palma 3*<\/strong><span class=\"ez-toc-section-end\"><\/span><\/h4>\n<p>\ud83d\udccd <strong>Ubicaci\u00f3n<\/strong>: Son Armadams, cerca de Santa Catalina y Paseo Mar\u00edtimo. <strong><a href=\"https:\/\/maps.app.goo.gl\/zRfG9DPVwXnTME1X8\" target=\"_blank\" rel=\"noopener\">Consulta la ubicaci\u00f3n exacta aqu\u00ed<\/a><\/strong><\/p>\n<p data-start=\"2271\" data-end=\"2483\">Situado en la zona residencial de Son Armadams, cerca de Santa Catalina y del Paseo Mar\u00edtimo, este hotel ofrece un entorno m\u00e1s tranquilo a la vez que se encuentra a poca distancia a pie (o a un corto trayecto en taxi) del casco antiguo.<\/p>\n<p data-start=\"2485\" data-end=\"2556\">Las habitaciones son c\u00f3modas y pr\u00e1cticas, lo que lo convierte en una buena opci\u00f3n de gama media.<\/p>\n<p data-start=\"2558\" data-end=\"2698\"><strong data-start=\"2558\" data-end=\"2585\">\u00bfPor qu\u00e9 reservarlo para Semana Santa?<\/strong><br data-start=\"2585\" data-end=\"2588\" \/>Ideal si quieres vivir la experiencia de las procesiones de Palma pero prefieres mantenerte un poco alejado de las calles m\u00e1s concurridas.<\/p>\n<p><strong>Ver m\u00e1s detalles y reservar:<\/strong> <strong><a href=\"https:\/\/booking.stay22.com\/likexpats\/XEYUKw48Ts\" target=\"_blank\" rel=\"noopener\">Hotel Zurbar\u00e1n Palma<\/a><\/strong><\/p>\n<div id='gallery-7' class='gallery galleryid-1873 gallery-columns-2 gallery-size-full'><figure class='gallery-item'>\n\t\t\t<div class='gallery-icon landscape'>\n\t\t\t\t<a href='https:\/\/www.mymallorcadiary.com\/wp-content\/uploads\/2026\/02\/3-star-hotel-in-Palma-de-Mallorca.webp'><img decoding=\"async\" width=\"1920\" height=\"1078\" src=\"https:\/\/www.mymallorcadiary.com\/wp-content\/uploads\/2026\/02\/3-star-hotel-in-Palma-de-Mallorca.webp\" class=\"attachment-full size-full\" alt=\"\" srcset=\"https:\/\/www.mymallorcadiary.com\/wp-content\/uploads\/2026\/02\/3-star-hotel-in-Palma-de-Mallorca.webp 1920w, https:\/\/www.mymallorcadiary.com\/wp-content\/uploads\/2026\/02\/3-star-hotel-in-Palma-de-Mallorca-300x168.webp 300w, https:\/\/www.mymallorcadiary.com\/wp-content\/uploads\/2026\/02\/3-star-hotel-in-Palma-de-Mallorca-1024x575.webp 1024w, https:\/\/www.mymallorcadiary.com\/wp-content\/uploads\/2026\/02\/3-star-hotel-in-Palma-de-Mallorca-768x431.webp 768w, https:\/\/www.mymallorcadiary.com\/wp-content\/uploads\/2026\/02\/3-star-hotel-in-Palma-de-Mallorca-1536x862.webp 1536w, https:\/\/www.mymallorcadiary.com\/wp-content\/uploads\/2026\/02\/3-star-hotel-in-Palma-de-Mallorca-696x391.webp 696w, https:\/\/www.mymallorcadiary.com\/wp-content\/uploads\/2026\/02\/3-star-hotel-in-Palma-de-Mallorca-1392x782.webp 1392w\" sizes=\"(max-width: 1920px) 100vw, 1920px\" \/><\/a>\n\t\t\t<\/div><\/figure><figure class='gallery-item'>\n\t\t\t<div class='gallery-icon landscape'>\n\t\t\t\t<a href='https:\/\/www.mymallorcadiary.com\/wp-content\/uploads\/2026\/02\/3-star-hotel-in-Palma.webp'><img decoding=\"async\" width=\"1920\" height=\"1078\" src=\"https:\/\/www.mymallorcadiary.com\/wp-content\/uploads\/2026\/02\/3-star-hotel-in-Palma.webp\" class=\"attachment-full size-full\" alt=\"\" srcset=\"https:\/\/www.mymallorcadiary.com\/wp-content\/uploads\/2026\/02\/3-star-hotel-in-Palma.webp 1920w, https:\/\/www.mymallorcadiary.com\/wp-content\/uploads\/2026\/02\/3-star-hotel-in-Palma-300x168.webp 300w, https:\/\/www.mymallorcadiary.com\/wp-content\/uploads\/2026\/02\/3-star-hotel-in-Palma-1024x575.webp 1024w, https:\/\/www.mymallorcadiary.com\/wp-content\/uploads\/2026\/02\/3-star-hotel-in-Palma-768x431.webp 768w, https:\/\/www.mymallorcadiary.com\/wp-content\/uploads\/2026\/02\/3-star-hotel-in-Palma-1536x862.webp 1536w, https:\/\/www.mymallorcadiary.com\/wp-content\/uploads\/2026\/02\/3-star-hotel-in-Palma-696x391.webp 696w, https:\/\/www.mymallorcadiary.com\/wp-content\/uploads\/2026\/02\/3-star-hotel-in-Palma-1392x782.webp 1392w\" sizes=\"(max-width: 1920px) 100vw, 1920px\" \/><\/a>\n\t\t\t<\/div><\/figure><figure class='gallery-item'>\n\t\t\t<div class='gallery-icon landscape'>\n\t\t\t\t<a href='https:\/\/www.mymallorcadiary.com\/wp-content\/uploads\/2026\/02\/Affordable-hotel-in-Palma.webp'><img decoding=\"async\" width=\"1920\" height=\"1078\" src=\"https:\/\/www.mymallorcadiary.com\/wp-content\/uploads\/2026\/02\/Affordable-hotel-in-Palma.webp\" class=\"attachment-full size-full\" alt=\"\" srcset=\"https:\/\/www.mymallorcadiary.com\/wp-content\/uploads\/2026\/02\/Affordable-hotel-in-Palma.webp 1920w, https:\/\/www.mymallorcadiary.com\/wp-content\/uploads\/2026\/02\/Affordable-hotel-in-Palma-300x168.webp 300w, https:\/\/www.mymallorcadiary.com\/wp-content\/uploads\/2026\/02\/Affordable-hotel-in-Palma-1024x575.webp 1024w, https:\/\/www.mymallorcadiary.com\/wp-content\/uploads\/2026\/02\/Affordable-hotel-in-Palma-768x431.webp 768w, https:\/\/www.mymallorcadiary.com\/wp-content\/uploads\/2026\/02\/Affordable-hotel-in-Palma-1536x862.webp 1536w, https:\/\/www.mymallorcadiary.com\/wp-content\/uploads\/2026\/02\/Affordable-hotel-in-Palma-696x391.webp 696w, https:\/\/www.mymallorcadiary.com\/wp-content\/uploads\/2026\/02\/Affordable-hotel-in-Palma-1392x782.webp 1392w\" sizes=\"(max-width: 1920px) 100vw, 1920px\" \/><\/a>\n\t\t\t<\/div><\/figure><figure class='gallery-item'>\n\t\t\t<div class='gallery-icon landscape'>\n\t\t\t\t<a href='https:\/\/www.mymallorcadiary.com\/wp-content\/uploads\/2026\/02\/Nice-hotel-in-Palma.webp'><img decoding=\"async\" width=\"1920\" height=\"1078\" src=\"https:\/\/www.mymallorcadiary.com\/wp-content\/uploads\/2026\/02\/Nice-hotel-in-Palma.webp\" class=\"attachment-full size-full\" alt=\"\" srcset=\"https:\/\/www.mymallorcadiary.com\/wp-content\/uploads\/2026\/02\/Nice-hotel-in-Palma.webp 1920w, https:\/\/www.mymallorcadiary.com\/wp-content\/uploads\/2026\/02\/Nice-hotel-in-Palma-300x168.webp 300w, https:\/\/www.mymallorcadiary.com\/wp-content\/uploads\/2026\/02\/Nice-hotel-in-Palma-1024x575.webp 1024w, https:\/\/www.mymallorcadiary.com\/wp-content\/uploads\/2026\/02\/Nice-hotel-in-Palma-768x431.webp 768w, https:\/\/www.mymallorcadiary.com\/wp-content\/uploads\/2026\/02\/Nice-hotel-in-Palma-1536x862.webp 1536w, https:\/\/www.mymallorcadiary.com\/wp-content\/uploads\/2026\/02\/Nice-hotel-in-Palma-696x391.webp 696w, https:\/\/www.mymallorcadiary.com\/wp-content\/uploads\/2026\/02\/Nice-hotel-in-Palma-1392x782.webp 1392w\" sizes=\"(max-width: 1920px) 100vw, 1920px\" \/><\/a>\n\t\t\t<\/div><\/figure>\n\t\t<\/div>\n\n<p>Fotos via hotelzurbaranpalma.com<\/p>\n<h4><span class=\"ez-toc-section\" id=\"Hotel_Abelay_2\"><\/span><strong>Hotel Abelay 2*<\/strong><span class=\"ez-toc-section-end\"><\/span><\/h4>\n<p>\ud83d\udccd <strong>Ubicaci\u00f3n:<\/strong> Cerca de Plaza Espa\u00f1a, centro de Palma. <strong><a href=\"https:\/\/maps.app.goo.gl\/qm6Q2JCywsM7RFgi7\" target=\"_blank\" rel=\"noopener\">Consulta la ubicaci\u00f3n exacta aqu\u00ed<\/a><\/strong><\/p>\n<p data-start=\"2775\" data-end=\"2931\">Situado cerca de la Plaza Espa\u00f1a y bien comunicado con el centro de Palma, el Hotel Abelay ofrece un alojamiento sencillo y confortable a un precio m\u00e1s econ\u00f3mico.<\/p>\n<p data-start=\"2933\" data-end=\"3029\">Es una base pr\u00e1ctica para explorar Palma durante la Semana Santa sin tener que pagar los precios de los hoteles boutique del casco antiguo.<\/p>\n<p data-start=\"3031\" data-end=\"3204\"><strong data-start=\"3031\" data-end=\"3058\">\u00bfPor qu\u00e9 reservarlo para Semana Santa?<\/strong><br data-start=\"3058\" data-end=\"3061\" \/>Una opci\u00f3n inteligente para los viajeros que planean pasar la mayor parte del tiempo explorando y desean un alojamiento asequible con f\u00e1cil acceso a las procesiones.<\/p>\n<p><strong>Ver m\u00e1s detalles y reservar: <a href=\"https:\/\/booking.stay22.com\/likexpats\/0Crs3D3xAi\" target=\"_blank\" rel=\"noopener\">Hotel Abelay<\/a><\/strong><\/p>\n<div id='gallery-8' class='gallery galleryid-1873 gallery-columns-2 gallery-size-full'><figure class='gallery-item'>\n\t\t\t<div class='gallery-icon landscape'>\n\t\t\t\t<a href='https:\/\/www.mymallorcadiary.com\/wp-content\/uploads\/2026\/02\/cheap-Palma-center-hotel.webp'><img decoding=\"async\" width=\"1920\" height=\"1078\" src=\"https:\/\/www.mymallorcadiary.com\/wp-content\/uploads\/2026\/02\/cheap-Palma-center-hotel.webp\" class=\"attachment-full size-full\" alt=\"\" srcset=\"https:\/\/www.mymallorcadiary.com\/wp-content\/uploads\/2026\/02\/cheap-Palma-center-hotel.webp 1920w, https:\/\/www.mymallorcadiary.com\/wp-content\/uploads\/2026\/02\/cheap-Palma-center-hotel-300x168.webp 300w, https:\/\/www.mymallorcadiary.com\/wp-content\/uploads\/2026\/02\/cheap-Palma-center-hotel-1024x575.webp 1024w, https:\/\/www.mymallorcadiary.com\/wp-content\/uploads\/2026\/02\/cheap-Palma-center-hotel-768x431.webp 768w, https:\/\/www.mymallorcadiary.com\/wp-content\/uploads\/2026\/02\/cheap-Palma-center-hotel-1536x862.webp 1536w, https:\/\/www.mymallorcadiary.com\/wp-content\/uploads\/2026\/02\/cheap-Palma-center-hotel-696x391.webp 696w, https:\/\/www.mymallorcadiary.com\/wp-content\/uploads\/2026\/02\/cheap-Palma-center-hotel-1392x782.webp 1392w\" sizes=\"(max-width: 1920px) 100vw, 1920px\" \/><\/a>\n\t\t\t<\/div><\/figure><figure class='gallery-item'>\n\t\t\t<div class='gallery-icon landscape'>\n\t\t\t\t<a href='https:\/\/www.mymallorcadiary.com\/wp-content\/uploads\/2026\/02\/affordable-hotel-in-Palma-1.webp'><img decoding=\"async\" width=\"1920\" height=\"1078\" src=\"https:\/\/www.mymallorcadiary.com\/wp-content\/uploads\/2026\/02\/affordable-hotel-in-Palma-1.webp\" class=\"attachment-full size-full\" alt=\"\" srcset=\"https:\/\/www.mymallorcadiary.com\/wp-content\/uploads\/2026\/02\/affordable-hotel-in-Palma-1.webp 1920w, https:\/\/www.mymallorcadiary.com\/wp-content\/uploads\/2026\/02\/affordable-hotel-in-Palma-1-300x168.webp 300w, https:\/\/www.mymallorcadiary.com\/wp-content\/uploads\/2026\/02\/affordable-hotel-in-Palma-1-1024x575.webp 1024w, https:\/\/www.mymallorcadiary.com\/wp-content\/uploads\/2026\/02\/affordable-hotel-in-Palma-1-768x431.webp 768w, https:\/\/www.mymallorcadiary.com\/wp-content\/uploads\/2026\/02\/affordable-hotel-in-Palma-1-1536x862.webp 1536w, https:\/\/www.mymallorcadiary.com\/wp-content\/uploads\/2026\/02\/affordable-hotel-in-Palma-1-696x391.webp 696w, https:\/\/www.mymallorcadiary.com\/wp-content\/uploads\/2026\/02\/affordable-hotel-in-Palma-1-1392x782.webp 1392w\" sizes=\"(max-width: 1920px) 100vw, 1920px\" \/><\/a>\n\t\t\t<\/div><\/figure><figure class='gallery-item'>\n\t\t\t<div class='gallery-icon landscape'>\n\t\t\t\t<a href='https:\/\/www.mymallorcadiary.com\/wp-content\/uploads\/2026\/02\/cheap-hotel-in-Palma.webp'><img decoding=\"async\" width=\"1920\" height=\"1078\" src=\"https:\/\/www.mymallorcadiary.com\/wp-content\/uploads\/2026\/02\/cheap-hotel-in-Palma.webp\" class=\"attachment-full size-full\" alt=\"\" srcset=\"https:\/\/www.mymallorcadiary.com\/wp-content\/uploads\/2026\/02\/cheap-hotel-in-Palma.webp 1920w, https:\/\/www.mymallorcadiary.com\/wp-content\/uploads\/2026\/02\/cheap-hotel-in-Palma-300x168.webp 300w, https:\/\/www.mymallorcadiary.com\/wp-content\/uploads\/2026\/02\/cheap-hotel-in-Palma-1024x575.webp 1024w, https:\/\/www.mymallorcadiary.com\/wp-content\/uploads\/2026\/02\/cheap-hotel-in-Palma-768x431.webp 768w, https:\/\/www.mymallorcadiary.com\/wp-content\/uploads\/2026\/02\/cheap-hotel-in-Palma-1536x862.webp 1536w, https:\/\/www.mymallorcadiary.com\/wp-content\/uploads\/2026\/02\/cheap-hotel-in-Palma-696x391.webp 696w, https:\/\/www.mymallorcadiary.com\/wp-content\/uploads\/2026\/02\/cheap-hotel-in-Palma-1392x782.webp 1392w\" sizes=\"(max-width: 1920px) 100vw, 1920px\" \/><\/a>\n\t\t\t<\/div><\/figure><figure class='gallery-item'>\n\t\t\t<div class='gallery-icon landscape'>\n\t\t\t\t<a href='https:\/\/www.mymallorcadiary.com\/wp-content\/uploads\/2026\/02\/cheap-hotel-in-Palma-de-Mallorca.webp'><img decoding=\"async\" width=\"1920\" height=\"1078\" src=\"https:\/\/www.mymallorcadiary.com\/wp-content\/uploads\/2026\/02\/cheap-hotel-in-Palma-de-Mallorca.webp\" class=\"attachment-full size-full\" alt=\"\" srcset=\"https:\/\/www.mymallorcadiary.com\/wp-content\/uploads\/2026\/02\/cheap-hotel-in-Palma-de-Mallorca.webp 1920w, https:\/\/www.mymallorcadiary.com\/wp-content\/uploads\/2026\/02\/cheap-hotel-in-Palma-de-Mallorca-300x168.webp 300w, https:\/\/www.mymallorcadiary.com\/wp-content\/uploads\/2026\/02\/cheap-hotel-in-Palma-de-Mallorca-1024x575.webp 1024w, https:\/\/www.mymallorcadiary.com\/wp-content\/uploads\/2026\/02\/cheap-hotel-in-Palma-de-Mallorca-768x431.webp 768w, https:\/\/www.mymallorcadiary.com\/wp-content\/uploads\/2026\/02\/cheap-hotel-in-Palma-de-Mallorca-1536x862.webp 1536w, https:\/\/www.mymallorcadiary.com\/wp-content\/uploads\/2026\/02\/cheap-hotel-in-Palma-de-Mallorca-696x391.webp 696w, https:\/\/www.mymallorcadiary.com\/wp-content\/uploads\/2026\/02\/cheap-hotel-in-Palma-de-Mallorca-1392x782.webp 1392w\" sizes=\"(max-width: 1920px) 100vw, 1920px\" \/><\/a>\n\t\t\t<\/div><\/figure>\n\t\t<\/div>\n\n<p>Fotos via hotelabelay.es<\/p>\n<h3 data-start=\"5140\" data-end=\"5186\"><span class=\"ez-toc-section\" id=\"Alojate_en_el_sureste_para_disfrutar_de_playas_y_encanto\"><\/span><strong>Al\u00f3jate en el sureste para disfrutar de playas y encanto.<\/strong><span class=\"ez-toc-section-end\"><\/span><\/h3>\n<p data-start=\"5241\" data-end=\"5369\">Zonas como <strong><a href=\"https:\/\/maps.app.goo.gl\/TKyWFW5R8sR4Yv1b8\" target=\"_blank\" rel=\"noopener\">Santany\u00ed<\/a><\/strong>, <strong><a href=\"https:\/\/maps.app.goo.gl\/NADbrB8bfPhVYmTu6\" target=\"_blank\" rel=\"noopener\">Cala d\u2019Or<\/a><\/strong> o <strong><a href=\"https:\/\/maps.app.goo.gl\/zsUqW8yKtrUpA1U69\" target=\"_blank\" rel=\"noopener\">Col\u00f2nia de Sant Jordi<\/a><\/strong> son ideales si buscas una combinaci\u00f3n de ambiente de pueblo y f\u00e1cil acceso a la playa.<\/p>\n<p data-start=\"5371\" data-end=\"5427\">Es perfecto para parejas y para unas vacaciones de primavera relajadas.<\/p>\n<h4><span class=\"ez-toc-section\" id=\"Hotel_Can_Ferrereta\"><\/span><strong data-start=\"799\" data-end=\"822\">Hotel Can Ferrereta<\/strong><span class=\"ez-toc-section-end\"><\/span><\/h4>\n<p>Lujo y elegancia<br \/>\n\ud83d\udccd <strong><a href=\"https:\/\/maps.app.goo.gl\/3KDaEiCfx8paUKoNA\" target=\"_blank\" rel=\"noopener\">Ubicaci\u00f3n Can Ferrereta<\/a><\/strong> | En el coraz\u00f3n del casco antiguo<\/p>\n<div id='gallery-9' class='gallery galleryid-1873 gallery-columns-2 gallery-size-full'><figure class='gallery-item'>\n\t\t\t<div class='gallery-icon landscape'>\n\t\t\t\t<a href='https:\/\/www.mymallorcadiary.com\/wp-content\/uploads\/2026\/02\/Luxury-hotel-with-pool-and-spa-in-Mallorca.webp'><img decoding=\"async\" width=\"1920\" height=\"1078\" src=\"https:\/\/www.mymallorcadiary.com\/wp-content\/uploads\/2026\/02\/Luxury-hotel-with-pool-and-spa-in-Mallorca.webp\" class=\"attachment-full size-full\" alt=\"\" srcset=\"https:\/\/www.mymallorcadiary.com\/wp-content\/uploads\/2026\/02\/Luxury-hotel-with-pool-and-spa-in-Mallorca.webp 1920w, https:\/\/www.mymallorcadiary.com\/wp-content\/uploads\/2026\/02\/Luxury-hotel-with-pool-and-spa-in-Mallorca-300x168.webp 300w, https:\/\/www.mymallorcadiary.com\/wp-content\/uploads\/2026\/02\/Luxury-hotel-with-pool-and-spa-in-Mallorca-1024x575.webp 1024w, https:\/\/www.mymallorcadiary.com\/wp-content\/uploads\/2026\/02\/Luxury-hotel-with-pool-and-spa-in-Mallorca-768x431.webp 768w, https:\/\/www.mymallorcadiary.com\/wp-content\/uploads\/2026\/02\/Luxury-hotel-with-pool-and-spa-in-Mallorca-1536x862.webp 1536w, https:\/\/www.mymallorcadiary.com\/wp-content\/uploads\/2026\/02\/Luxury-hotel-with-pool-and-spa-in-Mallorca-696x391.webp 696w, https:\/\/www.mymallorcadiary.com\/wp-content\/uploads\/2026\/02\/Luxury-hotel-with-pool-and-spa-in-Mallorca-1392x782.webp 1392w\" sizes=\"(max-width: 1920px) 100vw, 1920px\" \/><\/a>\n\t\t\t<\/div><\/figure><figure class='gallery-item'>\n\t\t\t<div class='gallery-icon landscape'>\n\t\t\t\t<a href='https:\/\/www.mymallorcadiary.com\/wp-content\/uploads\/2026\/02\/Luxury-hotel-in-Santanyi.webp'><img decoding=\"async\" width=\"1920\" height=\"1078\" src=\"https:\/\/www.mymallorcadiary.com\/wp-content\/uploads\/2026\/02\/Luxury-hotel-in-Santanyi.webp\" class=\"attachment-full size-full\" alt=\"\" srcset=\"https:\/\/www.mymallorcadiary.com\/wp-content\/uploads\/2026\/02\/Luxury-hotel-in-Santanyi.webp 1920w, https:\/\/www.mymallorcadiary.com\/wp-content\/uploads\/2026\/02\/Luxury-hotel-in-Santanyi-300x168.webp 300w, https:\/\/www.mymallorcadiary.com\/wp-content\/uploads\/2026\/02\/Luxury-hotel-in-Santanyi-1024x575.webp 1024w, https:\/\/www.mymallorcadiary.com\/wp-content\/uploads\/2026\/02\/Luxury-hotel-in-Santanyi-768x431.webp 768w, https:\/\/www.mymallorcadiary.com\/wp-content\/uploads\/2026\/02\/Luxury-hotel-in-Santanyi-1536x862.webp 1536w, https:\/\/www.mymallorcadiary.com\/wp-content\/uploads\/2026\/02\/Luxury-hotel-in-Santanyi-696x391.webp 696w, https:\/\/www.mymallorcadiary.com\/wp-content\/uploads\/2026\/02\/Luxury-hotel-in-Santanyi-1392x782.webp 1392w\" sizes=\"(max-width: 1920px) 100vw, 1920px\" \/><\/a>\n\t\t\t<\/div><\/figure><figure class='gallery-item'>\n\t\t\t<div class='gallery-icon landscape'>\n\t\t\t\t<a href='https:\/\/www.mymallorcadiary.com\/wp-content\/uploads\/2026\/02\/Mallorca-style-hotel-in-Santanyi.webp'><img decoding=\"async\" width=\"1920\" height=\"1078\" src=\"https:\/\/www.mymallorcadiary.com\/wp-content\/uploads\/2026\/02\/Mallorca-style-hotel-in-Santanyi.webp\" class=\"attachment-full size-full\" alt=\"\" srcset=\"https:\/\/www.mymallorcadiary.com\/wp-content\/uploads\/2026\/02\/Mallorca-style-hotel-in-Santanyi.webp 1920w, https:\/\/www.mymallorcadiary.com\/wp-content\/uploads\/2026\/02\/Mallorca-style-hotel-in-Santanyi-300x168.webp 300w, https:\/\/www.mymallorcadiary.com\/wp-content\/uploads\/2026\/02\/Mallorca-style-hotel-in-Santanyi-1024x575.webp 1024w, https:\/\/www.mymallorcadiary.com\/wp-content\/uploads\/2026\/02\/Mallorca-style-hotel-in-Santanyi-768x431.webp 768w, https:\/\/www.mymallorcadiary.com\/wp-content\/uploads\/2026\/02\/Mallorca-style-hotel-in-Santanyi-1536x862.webp 1536w, https:\/\/www.mymallorcadiary.com\/wp-content\/uploads\/2026\/02\/Mallorca-style-hotel-in-Santanyi-696x391.webp 696w, https:\/\/www.mymallorcadiary.com\/wp-content\/uploads\/2026\/02\/Mallorca-style-hotel-in-Santanyi-1392x782.webp 1392w\" sizes=\"(max-width: 1920px) 100vw, 1920px\" \/><\/a>\n\t\t\t<\/div><\/figure><figure class='gallery-item'>\n\t\t\t<div class='gallery-icon landscape'>\n\t\t\t\t<a href='https:\/\/www.mymallorcadiary.com\/wp-content\/uploads\/2026\/02\/Can-Ferrereta-rooms.webp'><img decoding=\"async\" width=\"1920\" height=\"1078\" src=\"https:\/\/www.mymallorcadiary.com\/wp-content\/uploads\/2026\/02\/Can-Ferrereta-rooms.webp\" class=\"attachment-full size-full\" alt=\"\" srcset=\"https:\/\/www.mymallorcadiary.com\/wp-content\/uploads\/2026\/02\/Can-Ferrereta-rooms.webp 1920w, https:\/\/www.mymallorcadiary.com\/wp-content\/uploads\/2026\/02\/Can-Ferrereta-rooms-300x168.webp 300w, https:\/\/www.mymallorcadiary.com\/wp-content\/uploads\/2026\/02\/Can-Ferrereta-rooms-1024x575.webp 1024w, https:\/\/www.mymallorcadiary.com\/wp-content\/uploads\/2026\/02\/Can-Ferrereta-rooms-768x431.webp 768w, https:\/\/www.mymallorcadiary.com\/wp-content\/uploads\/2026\/02\/Can-Ferrereta-rooms-1536x862.webp 1536w, https:\/\/www.mymallorcadiary.com\/wp-content\/uploads\/2026\/02\/Can-Ferrereta-rooms-696x391.webp 696w, https:\/\/www.mymallorcadiary.com\/wp-content\/uploads\/2026\/02\/Can-Ferrereta-rooms-1392x782.webp 1392w\" sizes=\"(max-width: 1920px) 100vw, 1920px\" \/><\/a>\n\t\t\t<\/div><\/figure><figure class='gallery-item'>\n\t\t\t<div class='gallery-icon landscape'>\n\t\t\t\t<a href='https:\/\/www.mymallorcadiary.com\/wp-content\/uploads\/2026\/02\/Boutique-hotel-with-spa-in-Mallorca.webp'><img decoding=\"async\" width=\"1920\" height=\"1078\" src=\"https:\/\/www.mymallorcadiary.com\/wp-content\/uploads\/2026\/02\/Boutique-hotel-with-spa-in-Mallorca.webp\" class=\"attachment-full size-full\" alt=\"\" srcset=\"https:\/\/www.mymallorcadiary.com\/wp-content\/uploads\/2026\/02\/Boutique-hotel-with-spa-in-Mallorca.webp 1920w, https:\/\/www.mymallorcadiary.com\/wp-content\/uploads\/2026\/02\/Boutique-hotel-with-spa-in-Mallorca-300x168.webp 300w, https:\/\/www.mymallorcadiary.com\/wp-content\/uploads\/2026\/02\/Boutique-hotel-with-spa-in-Mallorca-1024x575.webp 1024w, https:\/\/www.mymallorcadiary.com\/wp-content\/uploads\/2026\/02\/Boutique-hotel-with-spa-in-Mallorca-768x431.webp 768w, https:\/\/www.mymallorcadiary.com\/wp-content\/uploads\/2026\/02\/Boutique-hotel-with-spa-in-Mallorca-1536x862.webp 1536w, https:\/\/www.mymallorcadiary.com\/wp-content\/uploads\/2026\/02\/Boutique-hotel-with-spa-in-Mallorca-696x391.webp 696w, https:\/\/www.mymallorcadiary.com\/wp-content\/uploads\/2026\/02\/Boutique-hotel-with-spa-in-Mallorca-1392x782.webp 1392w\" sizes=\"(max-width: 1920px) 100vw, 1920px\" \/><\/a>\n\t\t\t<\/div><\/figure><figure class='gallery-item'>\n\t\t\t<div class='gallery-icon landscape'>\n\t\t\t\t<a href='https:\/\/www.mymallorcadiary.com\/wp-content\/uploads\/2026\/02\/fine-dining-restaurant-Santanyi.webp'><img decoding=\"async\" width=\"1920\" height=\"1078\" src=\"https:\/\/www.mymallorcadiary.com\/wp-content\/uploads\/2026\/02\/fine-dining-restaurant-Santanyi.webp\" class=\"attachment-full size-full\" alt=\"\" srcset=\"https:\/\/www.mymallorcadiary.com\/wp-content\/uploads\/2026\/02\/fine-dining-restaurant-Santanyi.webp 1920w, https:\/\/www.mymallorcadiary.com\/wp-content\/uploads\/2026\/02\/fine-dining-restaurant-Santanyi-300x168.webp 300w, https:\/\/www.mymallorcadiary.com\/wp-content\/uploads\/2026\/02\/fine-dining-restaurant-Santanyi-1024x575.webp 1024w, https:\/\/www.mymallorcadiary.com\/wp-content\/uploads\/2026\/02\/fine-dining-restaurant-Santanyi-768x431.webp 768w, https:\/\/www.mymallorcadiary.com\/wp-content\/uploads\/2026\/02\/fine-dining-restaurant-Santanyi-1536x862.webp 1536w, https:\/\/www.mymallorcadiary.com\/wp-content\/uploads\/2026\/02\/fine-dining-restaurant-Santanyi-696x391.webp 696w, https:\/\/www.mymallorcadiary.com\/wp-content\/uploads\/2026\/02\/fine-dining-restaurant-Santanyi-1392x782.webp 1392w\" sizes=\"(max-width: 1920px) 100vw, 1920px\" \/><\/a>\n\t\t\t<\/div><\/figure>\n\t\t<\/div>\n\n<p>Fotos via hotelcanferrereta.com<\/p>\n<p>Una mansi\u00f3n del siglo XVII bellamente restaurada, con un dise\u00f1o elegante, un servicio impecable y un ambiente tranquilo que hace que cada estancia sea especial. Con el <strong>Spa Serene<\/strong>, piscina climatizada, terrazas ajardinadas y una gastronom\u00eda refinada, es ideal para parejas que celebran un aniversario, reci\u00e9n casados \u200b\u200bo cualquiera que busque una escapada de lujo \u00edntima y relajante.<\/p>\n<p data-start=\"1244\" data-end=\"1389\"><strong>Por qu\u00e9 es perfecto para tus vacaciones:<\/strong> \u2728 Lujo tranquilo a poca distancia de galer\u00edas, restaurantes y mercados: lo mejor de ambos mundos.<\/p>\n<p data-start=\"1244\" data-end=\"1389\"><strong>Ver m\u00e1s detalles y reservar: <a href=\"https:\/\/booking.stay22.com\/likexpats\/YXTwy1Cjci\" target=\"_blank\" rel=\"noopener\">Can Ferrereta Hotel<\/a><\/strong><\/p>\n<h4 data-start=\"1244\" data-end=\"1389\"><span class=\"ez-toc-section\" id=\"Cal_Reiet_Holistic_Retreat\"><\/span><strong>Cal Reiet Holistic Retreat<br \/>\n<\/strong><span class=\"ez-toc-section-end\"><\/span><\/h4>\n<p data-start=\"1244\" data-end=\"1389\">Wellness, nature and mindful living<br \/>\n\ud83d\udccd <strong><a href=\"https:\/\/maps.app.goo.gl\/oWyTQpgoDXi2f2Px7\" target=\"_blank\" rel=\"noopener\">Ubicaci\u00f3n Cal Reiet Holistic Retreat<\/a><\/strong> | A las afueras de Santanyi<\/p>\n<div id='gallery-10' class='gallery galleryid-1873 gallery-columns-2 gallery-size-full'><figure class='gallery-item'>\n\t\t\t<div class='gallery-icon landscape'>\n\t\t\t\t<a href='https:\/\/www.mymallorcadiary.com\/wp-content\/uploads\/2026\/02\/Yoga-hotel-in-Santanyi.webp'><img decoding=\"async\" width=\"1920\" height=\"1078\" src=\"https:\/\/www.mymallorcadiary.com\/wp-content\/uploads\/2026\/02\/Yoga-hotel-in-Santanyi.webp\" class=\"attachment-full size-full\" alt=\"\" srcset=\"https:\/\/www.mymallorcadiary.com\/wp-content\/uploads\/2026\/02\/Yoga-hotel-in-Santanyi.webp 1920w, https:\/\/www.mymallorcadiary.com\/wp-content\/uploads\/2026\/02\/Yoga-hotel-in-Santanyi-300x168.webp 300w, https:\/\/www.mymallorcadiary.com\/wp-content\/uploads\/2026\/02\/Yoga-hotel-in-Santanyi-1024x575.webp 1024w, https:\/\/www.mymallorcadiary.com\/wp-content\/uploads\/2026\/02\/Yoga-hotel-in-Santanyi-768x431.webp 768w, https:\/\/www.mymallorcadiary.com\/wp-content\/uploads\/2026\/02\/Yoga-hotel-in-Santanyi-1536x862.webp 1536w, https:\/\/www.mymallorcadiary.com\/wp-content\/uploads\/2026\/02\/Yoga-hotel-in-Santanyi-696x391.webp 696w, https:\/\/www.mymallorcadiary.com\/wp-content\/uploads\/2026\/02\/Yoga-hotel-in-Santanyi-1392x782.webp 1392w\" sizes=\"(max-width: 1920px) 100vw, 1920px\" \/><\/a>\n\t\t\t<\/div><\/figure><figure class='gallery-item'>\n\t\t\t<div class='gallery-icon landscape'>\n\t\t\t\t<a href='https:\/\/www.mymallorcadiary.com\/wp-content\/uploads\/2026\/02\/Yoga-hotel-in-Mallorca.webp'><img decoding=\"async\" width=\"1920\" height=\"1078\" src=\"https:\/\/www.mymallorcadiary.com\/wp-content\/uploads\/2026\/02\/Yoga-hotel-in-Mallorca.webp\" class=\"attachment-full size-full\" alt=\"\" srcset=\"https:\/\/www.mymallorcadiary.com\/wp-content\/uploads\/2026\/02\/Yoga-hotel-in-Mallorca.webp 1920w, https:\/\/www.mymallorcadiary.com\/wp-content\/uploads\/2026\/02\/Yoga-hotel-in-Mallorca-300x168.webp 300w, https:\/\/www.mymallorcadiary.com\/wp-content\/uploads\/2026\/02\/Yoga-hotel-in-Mallorca-1024x575.webp 1024w, https:\/\/www.mymallorcadiary.com\/wp-content\/uploads\/2026\/02\/Yoga-hotel-in-Mallorca-768x431.webp 768w, https:\/\/www.mymallorcadiary.com\/wp-content\/uploads\/2026\/02\/Yoga-hotel-in-Mallorca-1536x862.webp 1536w, https:\/\/www.mymallorcadiary.com\/wp-content\/uploads\/2026\/02\/Yoga-hotel-in-Mallorca-696x391.webp 696w, https:\/\/www.mymallorcadiary.com\/wp-content\/uploads\/2026\/02\/Yoga-hotel-in-Mallorca-1392x782.webp 1392w\" sizes=\"(max-width: 1920px) 100vw, 1920px\" \/><\/a>\n\t\t\t<\/div><\/figure><figure class='gallery-item'>\n\t\t\t<div class='gallery-icon landscape'>\n\t\t\t\t<a href='https:\/\/www.mymallorcadiary.com\/wp-content\/uploads\/2026\/02\/Retreat-hotel-in-Santanyi.webp'><img decoding=\"async\" width=\"1920\" height=\"1078\" src=\"https:\/\/www.mymallorcadiary.com\/wp-content\/uploads\/2026\/02\/Retreat-hotel-in-Santanyi.webp\" class=\"attachment-full size-full\" alt=\"\" srcset=\"https:\/\/www.mymallorcadiary.com\/wp-content\/uploads\/2026\/02\/Retreat-hotel-in-Santanyi.webp 1920w, https:\/\/www.mymallorcadiary.com\/wp-content\/uploads\/2026\/02\/Retreat-hotel-in-Santanyi-300x168.webp 300w, https:\/\/www.mymallorcadiary.com\/wp-content\/uploads\/2026\/02\/Retreat-hotel-in-Santanyi-1024x575.webp 1024w, https:\/\/www.mymallorcadiary.com\/wp-content\/uploads\/2026\/02\/Retreat-hotel-in-Santanyi-768x431.webp 768w, https:\/\/www.mymallorcadiary.com\/wp-content\/uploads\/2026\/02\/Retreat-hotel-in-Santanyi-1536x862.webp 1536w, https:\/\/www.mymallorcadiary.com\/wp-content\/uploads\/2026\/02\/Retreat-hotel-in-Santanyi-696x391.webp 696w, https:\/\/www.mymallorcadiary.com\/wp-content\/uploads\/2026\/02\/Retreat-hotel-in-Santanyi-1392x782.webp 1392w\" sizes=\"(max-width: 1920px) 100vw, 1920px\" \/><\/a>\n\t\t\t<\/div><\/figure><figure class='gallery-item'>\n\t\t\t<div class='gallery-icon landscape'>\n\t\t\t\t<a href='https:\/\/www.mymallorcadiary.com\/wp-content\/uploads\/2026\/02\/Amazing-hotel-in-Santanyi.webp'><img decoding=\"async\" width=\"1920\" height=\"1078\" src=\"https:\/\/www.mymallorcadiary.com\/wp-content\/uploads\/2026\/02\/Amazing-hotel-in-Santanyi.webp\" class=\"attachment-full size-full\" alt=\"\" srcset=\"https:\/\/www.mymallorcadiary.com\/wp-content\/uploads\/2026\/02\/Amazing-hotel-in-Santanyi.webp 1920w, https:\/\/www.mymallorcadiary.com\/wp-content\/uploads\/2026\/02\/Amazing-hotel-in-Santanyi-300x168.webp 300w, https:\/\/www.mymallorcadiary.com\/wp-content\/uploads\/2026\/02\/Amazing-hotel-in-Santanyi-1024x575.webp 1024w, https:\/\/www.mymallorcadiary.com\/wp-content\/uploads\/2026\/02\/Amazing-hotel-in-Santanyi-768x431.webp 768w, https:\/\/www.mymallorcadiary.com\/wp-content\/uploads\/2026\/02\/Amazing-hotel-in-Santanyi-1536x862.webp 1536w, https:\/\/www.mymallorcadiary.com\/wp-content\/uploads\/2026\/02\/Amazing-hotel-in-Santanyi-696x391.webp 696w, https:\/\/www.mymallorcadiary.com\/wp-content\/uploads\/2026\/02\/Amazing-hotel-in-Santanyi-1392x782.webp 1392w\" sizes=\"(max-width: 1920px) 100vw, 1920px\" \/><\/a>\n\t\t\t<\/div><\/figure><figure class='gallery-item'>\n\t\t\t<div class='gallery-icon landscape'>\n\t\t\t\t<a href='https:\/\/www.mymallorcadiary.com\/wp-content\/uploads\/2026\/02\/Holistic-hotel-in-Mallorca.webp'><img decoding=\"async\" width=\"1920\" height=\"1078\" src=\"https:\/\/www.mymallorcadiary.com\/wp-content\/uploads\/2026\/02\/Holistic-hotel-in-Mallorca.webp\" class=\"attachment-full size-full\" alt=\"\" srcset=\"https:\/\/www.mymallorcadiary.com\/wp-content\/uploads\/2026\/02\/Holistic-hotel-in-Mallorca.webp 1920w, https:\/\/www.mymallorcadiary.com\/wp-content\/uploads\/2026\/02\/Holistic-hotel-in-Mallorca-300x168.webp 300w, https:\/\/www.mymallorcadiary.com\/wp-content\/uploads\/2026\/02\/Holistic-hotel-in-Mallorca-1024x575.webp 1024w, https:\/\/www.mymallorcadiary.com\/wp-content\/uploads\/2026\/02\/Holistic-hotel-in-Mallorca-768x431.webp 768w, https:\/\/www.mymallorcadiary.com\/wp-content\/uploads\/2026\/02\/Holistic-hotel-in-Mallorca-1536x862.webp 1536w, https:\/\/www.mymallorcadiary.com\/wp-content\/uploads\/2026\/02\/Holistic-hotel-in-Mallorca-696x391.webp 696w, https:\/\/www.mymallorcadiary.com\/wp-content\/uploads\/2026\/02\/Holistic-hotel-in-Mallorca-1392x782.webp 1392w\" sizes=\"(max-width: 1920px) 100vw, 1920px\" \/><\/a>\n\t\t\t<\/div><\/figure><figure class='gallery-item'>\n\t\t\t<div class='gallery-icon landscape'>\n\t\t\t\t<a href='https:\/\/www.mymallorcadiary.com\/wp-content\/uploads\/2026\/02\/Beautiful-accommodation-in-Santanyi-1.webp'><img decoding=\"async\" width=\"1920\" height=\"1078\" src=\"https:\/\/www.mymallorcadiary.com\/wp-content\/uploads\/2026\/02\/Beautiful-accommodation-in-Santanyi-1.webp\" class=\"attachment-full size-full\" alt=\"\" srcset=\"https:\/\/www.mymallorcadiary.com\/wp-content\/uploads\/2026\/02\/Beautiful-accommodation-in-Santanyi-1.webp 1920w, https:\/\/www.mymallorcadiary.com\/wp-content\/uploads\/2026\/02\/Beautiful-accommodation-in-Santanyi-1-300x168.webp 300w, https:\/\/www.mymallorcadiary.com\/wp-content\/uploads\/2026\/02\/Beautiful-accommodation-in-Santanyi-1-1024x575.webp 1024w, https:\/\/www.mymallorcadiary.com\/wp-content\/uploads\/2026\/02\/Beautiful-accommodation-in-Santanyi-1-768x431.webp 768w, https:\/\/www.mymallorcadiary.com\/wp-content\/uploads\/2026\/02\/Beautiful-accommodation-in-Santanyi-1-1536x862.webp 1536w, https:\/\/www.mymallorcadiary.com\/wp-content\/uploads\/2026\/02\/Beautiful-accommodation-in-Santanyi-1-696x391.webp 696w, https:\/\/www.mymallorcadiary.com\/wp-content\/uploads\/2026\/02\/Beautiful-accommodation-in-Santanyi-1-1392x782.webp 1392w\" sizes=\"(max-width: 1920px) 100vw, 1920px\" \/><\/a>\n\t\t\t<\/div><\/figure><figure class='gallery-item'>\n\t\t\t<div class='gallery-icon landscape'>\n\t\t\t\t<a href='https:\/\/www.mymallorcadiary.com\/wp-content\/uploads\/2026\/02\/Retreat-hotel-in-Mallorca.webp'><img decoding=\"async\" width=\"1920\" height=\"1078\" src=\"https:\/\/www.mymallorcadiary.com\/wp-content\/uploads\/2026\/02\/Retreat-hotel-in-Mallorca.webp\" class=\"attachment-full size-full\" alt=\"\" srcset=\"https:\/\/www.mymallorcadiary.com\/wp-content\/uploads\/2026\/02\/Retreat-hotel-in-Mallorca.webp 1920w, https:\/\/www.mymallorcadiary.com\/wp-content\/uploads\/2026\/02\/Retreat-hotel-in-Mallorca-300x168.webp 300w, https:\/\/www.mymallorcadiary.com\/wp-content\/uploads\/2026\/02\/Retreat-hotel-in-Mallorca-1024x575.webp 1024w, https:\/\/www.mymallorcadiary.com\/wp-content\/uploads\/2026\/02\/Retreat-hotel-in-Mallorca-768x431.webp 768w, https:\/\/www.mymallorcadiary.com\/wp-content\/uploads\/2026\/02\/Retreat-hotel-in-Mallorca-1536x862.webp 1536w, https:\/\/www.mymallorcadiary.com\/wp-content\/uploads\/2026\/02\/Retreat-hotel-in-Mallorca-696x391.webp 696w, https:\/\/www.mymallorcadiary.com\/wp-content\/uploads\/2026\/02\/Retreat-hotel-in-Mallorca-1392x782.webp 1392w\" sizes=\"(max-width: 1920px) 100vw, 1920px\" \/><\/a>\n\t\t\t<\/div><\/figure><figure class='gallery-item'>\n\t\t\t<div class='gallery-icon landscape'>\n\t\t\t\t<a href='https:\/\/www.mymallorcadiary.com\/wp-content\/uploads\/2026\/02\/Boutique-hotel-in-Santanyi-1.webp'><img decoding=\"async\" width=\"1920\" height=\"1078\" src=\"https:\/\/www.mymallorcadiary.com\/wp-content\/uploads\/2026\/02\/Boutique-hotel-in-Santanyi-1.webp\" class=\"attachment-full size-full\" alt=\"\" srcset=\"https:\/\/www.mymallorcadiary.com\/wp-content\/uploads\/2026\/02\/Boutique-hotel-in-Santanyi-1.webp 1920w, https:\/\/www.mymallorcadiary.com\/wp-content\/uploads\/2026\/02\/Boutique-hotel-in-Santanyi-1-300x168.webp 300w, https:\/\/www.mymallorcadiary.com\/wp-content\/uploads\/2026\/02\/Boutique-hotel-in-Santanyi-1-1024x575.webp 1024w, https:\/\/www.mymallorcadiary.com\/wp-content\/uploads\/2026\/02\/Boutique-hotel-in-Santanyi-1-768x431.webp 768w, https:\/\/www.mymallorcadiary.com\/wp-content\/uploads\/2026\/02\/Boutique-hotel-in-Santanyi-1-1536x862.webp 1536w, https:\/\/www.mymallorcadiary.com\/wp-content\/uploads\/2026\/02\/Boutique-hotel-in-Santanyi-1-696x391.webp 696w, https:\/\/www.mymallorcadiary.com\/wp-content\/uploads\/2026\/02\/Boutique-hotel-in-Santanyi-1-1392x782.webp 1392w\" sizes=\"(max-width: 1920px) 100vw, 1920px\" \/><\/a>\n\t\t\t<\/div><\/figure><figure class='gallery-item'>\n\t\t\t<div class='gallery-icon landscape'>\n\t\t\t\t<a href='https:\/\/www.mymallorcadiary.com\/wp-content\/uploads\/2026\/02\/Holistic-retreat-in-Mallorca.webp'><img decoding=\"async\" width=\"1920\" height=\"1078\" src=\"https:\/\/www.mymallorcadiary.com\/wp-content\/uploads\/2026\/02\/Holistic-retreat-in-Mallorca.webp\" class=\"attachment-full size-full\" alt=\"\" srcset=\"https:\/\/www.mymallorcadiary.com\/wp-content\/uploads\/2026\/02\/Holistic-retreat-in-Mallorca.webp 1920w, https:\/\/www.mymallorcadiary.com\/wp-content\/uploads\/2026\/02\/Holistic-retreat-in-Mallorca-300x168.webp 300w, https:\/\/www.mymallorcadiary.com\/wp-content\/uploads\/2026\/02\/Holistic-retreat-in-Mallorca-1024x575.webp 1024w, https:\/\/www.mymallorcadiary.com\/wp-content\/uploads\/2026\/02\/Holistic-retreat-in-Mallorca-768x431.webp 768w, https:\/\/www.mymallorcadiary.com\/wp-content\/uploads\/2026\/02\/Holistic-retreat-in-Mallorca-1536x862.webp 1536w, https:\/\/www.mymallorcadiary.com\/wp-content\/uploads\/2026\/02\/Holistic-retreat-in-Mallorca-696x391.webp 696w, https:\/\/www.mymallorcadiary.com\/wp-content\/uploads\/2026\/02\/Holistic-retreat-in-Mallorca-1392x782.webp 1392w\" sizes=\"(max-width: 1920px) 100vw, 1920px\" \/><\/a>\n\t\t\t<\/div><\/figure><figure class='gallery-item'>\n\t\t\t<div class='gallery-icon landscape'>\n\t\t\t\t<a href='https:\/\/www.mymallorcadiary.com\/wp-content\/uploads\/2026\/02\/Amazing-retreat-hotel-in-Santanyi.webp'><img decoding=\"async\" width=\"1920\" height=\"1078\" src=\"https:\/\/www.mymallorcadiary.com\/wp-content\/uploads\/2026\/02\/Amazing-retreat-hotel-in-Santanyi.webp\" class=\"attachment-full size-full\" alt=\"\" srcset=\"https:\/\/www.mymallorcadiary.com\/wp-content\/uploads\/2026\/02\/Amazing-retreat-hotel-in-Santanyi.webp 1920w, https:\/\/www.mymallorcadiary.com\/wp-content\/uploads\/2026\/02\/Amazing-retreat-hotel-in-Santanyi-300x168.webp 300w, https:\/\/www.mymallorcadiary.com\/wp-content\/uploads\/2026\/02\/Amazing-retreat-hotel-in-Santanyi-1024x575.webp 1024w, https:\/\/www.mymallorcadiary.com\/wp-content\/uploads\/2026\/02\/Amazing-retreat-hotel-in-Santanyi-768x431.webp 768w, https:\/\/www.mymallorcadiary.com\/wp-content\/uploads\/2026\/02\/Amazing-retreat-hotel-in-Santanyi-1536x862.webp 1536w, https:\/\/www.mymallorcadiary.com\/wp-content\/uploads\/2026\/02\/Amazing-retreat-hotel-in-Santanyi-696x391.webp 696w, https:\/\/www.mymallorcadiary.com\/wp-content\/uploads\/2026\/02\/Amazing-retreat-hotel-in-Santanyi-1392x782.webp 1392w\" sizes=\"(max-width: 1920px) 100vw, 1920px\" \/><\/a>\n\t\t\t<\/div><\/figure><figure class='gallery-item'>\n\t\t\t<div class='gallery-icon landscape'>\n\t\t\t\t<a href='https:\/\/www.mymallorcadiary.com\/wp-content\/uploads\/2026\/02\/Yoga-accommodation-in-Mallorca.webp'><img decoding=\"async\" width=\"1920\" height=\"1078\" src=\"https:\/\/www.mymallorcadiary.com\/wp-content\/uploads\/2026\/02\/Yoga-accommodation-in-Mallorca.webp\" class=\"attachment-full size-full\" alt=\"\" srcset=\"https:\/\/www.mymallorcadiary.com\/wp-content\/uploads\/2026\/02\/Yoga-accommodation-in-Mallorca.webp 1920w, https:\/\/www.mymallorcadiary.com\/wp-content\/uploads\/2026\/02\/Yoga-accommodation-in-Mallorca-300x168.webp 300w, https:\/\/www.mymallorcadiary.com\/wp-content\/uploads\/2026\/02\/Yoga-accommodation-in-Mallorca-1024x575.webp 1024w, https:\/\/www.mymallorcadiary.com\/wp-content\/uploads\/2026\/02\/Yoga-accommodation-in-Mallorca-768x431.webp 768w, https:\/\/www.mymallorcadiary.com\/wp-content\/uploads\/2026\/02\/Yoga-accommodation-in-Mallorca-1536x862.webp 1536w, https:\/\/www.mymallorcadiary.com\/wp-content\/uploads\/2026\/02\/Yoga-accommodation-in-Mallorca-696x391.webp 696w, https:\/\/www.mymallorcadiary.com\/wp-content\/uploads\/2026\/02\/Yoga-accommodation-in-Mallorca-1392x782.webp 1392w\" sizes=\"(max-width: 1920px) 100vw, 1920px\" \/><\/a>\n\t\t\t<\/div><\/figure><figure class='gallery-item'>\n\t\t\t<div class='gallery-icon landscape'>\n\t\t\t\t<a href='https:\/\/www.mymallorcadiary.com\/wp-content\/uploads\/2026\/02\/Retreat-centre-in-Mallorca.webp'><img decoding=\"async\" width=\"1920\" height=\"1078\" src=\"https:\/\/www.mymallorcadiary.com\/wp-content\/uploads\/2026\/02\/Retreat-centre-in-Mallorca.webp\" class=\"attachment-full size-full\" alt=\"\" srcset=\"https:\/\/www.mymallorcadiary.com\/wp-content\/uploads\/2026\/02\/Retreat-centre-in-Mallorca.webp 1920w, https:\/\/www.mymallorcadiary.com\/wp-content\/uploads\/2026\/02\/Retreat-centre-in-Mallorca-300x168.webp 300w, https:\/\/www.mymallorcadiary.com\/wp-content\/uploads\/2026\/02\/Retreat-centre-in-Mallorca-1024x575.webp 1024w, https:\/\/www.mymallorcadiary.com\/wp-content\/uploads\/2026\/02\/Retreat-centre-in-Mallorca-768x431.webp 768w, https:\/\/www.mymallorcadiary.com\/wp-content\/uploads\/2026\/02\/Retreat-centre-in-Mallorca-1536x862.webp 1536w, https:\/\/www.mymallorcadiary.com\/wp-content\/uploads\/2026\/02\/Retreat-centre-in-Mallorca-696x391.webp 696w, https:\/\/www.mymallorcadiary.com\/wp-content\/uploads\/2026\/02\/Retreat-centre-in-Mallorca-1392x782.webp 1392w\" sizes=\"(max-width: 1920px) 100vw, 1920px\" \/><\/a>\n\t\t\t<\/div><\/figure>\n\t\t<\/div>\n\n<p data-start=\"1471\" data-end=\"1799\">Fotos v\u00eda booking.com<\/p>\n<p data-start=\"1471\" data-end=\"1799\">Lejos de ser un hotel convencional, Cal Reiet ofrece una experiencia hol\u00edstica centrada en el bienestar. Yoga, meditaci\u00f3n, desayunos saludables, jardines tranquilos y un dise\u00f1o que invita a la relajaci\u00f3n lo convierten en el lugar perfecto para una escapada revitalizante, especialmente para quienes disfrutan de la comida sana, el aire fresco y la tranquilidad de las primeras horas de la ma\u00f1ana.<\/p>\n<p data-start=\"1801\" data-end=\"1932\"><strong>Por qu\u00e9 es perfecto para tus vacaciones:<\/strong> Un retiro reparador donde podr\u00e1s revitalizar tu cuerpo y mente mientras exploras Santany\u00ed.<\/p>\n<p data-start=\"1801\" data-end=\"1932\"><strong>Ver m\u00e1s detalles y reservar: <a href=\"https:\/\/booking.stay22.com\/likexpats\/fyH5Lcqz29\" target=\"_blank\" rel=\"noopener\">Cal Reiet Holistic Retreat<\/a><\/strong><\/p>\n<h4><span class=\"ez-toc-section\" id=\"Hotel_Melia_Cala_dOr_Boutique\"><\/span><strong>Hotel Melia Cala d&#8217;Or Boutique<\/strong><span class=\"ez-toc-section-end\"><\/span><\/h4>\n<p>Si prefiere un ambiente m\u00e1s \u00edntimo y personalizado, la boutique Melia Cala d&#8217;Or es una joya escondida en el coraz\u00f3n de Cala d&#8217;Or. <strong>Este lujoso hotel boutique de cinco estrellas est\u00e1 rodeado de jardines mediterr\u00e1neos, lo que le confiere un ambiente sereno y privado, perfecto para una escapada de total relajaci\u00f3n.<\/strong><\/p>\n<p>Las habitaciones y suites son amplias y est\u00e1n decoradas con un estilo cl\u00e1sico y elegante. El hotel cuenta con un lujoso spa, piscinas exteriores e interiores y un restaurante gourmet que ofrece cocina tradicional mallorquina e internacional. <strong>La atenci\u00f3n al detalle y el servicio personalizado hacen de este hotel una excelente opci\u00f3n para quienes buscan comodidad y exclusividad.<\/strong><\/p>\n<p><strong>Ver m\u00e1s detalles y reservar:<\/strong> <strong><a href=\"https:\/\/booking.stay22.com\/likexpats\/ZsXSItvdEI\" target=\"_blank\" rel=\"noopener\">Melia Cala d&#8217;Or Boutique<\/a><\/strong><\/p>\n<p><img decoding=\"async\" class=\"alignnone wp-image-352 size-large\" src=\"https:\/\/www.mymallorcadiary.com\/wp-content\/uploads\/2024\/11\/Hotels-Calador-Melia-1024x683.webp\" alt=\"Cala d'Or Hotel Mela\" width=\"696\" height=\"464\" srcset=\"https:\/\/www.mymallorcadiary.com\/wp-content\/uploads\/2024\/11\/Hotels-Calador-Melia-1024x683.webp 1024w, https:\/\/www.mymallorcadiary.com\/wp-content\/uploads\/2024\/11\/Hotels-Calador-Melia-300x200.webp 300w, https:\/\/www.mymallorcadiary.com\/wp-content\/uploads\/2024\/11\/Hotels-Calador-Melia-768x512.webp 768w, https:\/\/www.mymallorcadiary.com\/wp-content\/uploads\/2024\/11\/Hotels-Calador-Melia-696x464.webp 696w, https:\/\/www.mymallorcadiary.com\/wp-content\/uploads\/2024\/11\/Hotels-Calador-Melia.webp 1080w\" sizes=\"(max-width: 696px) 100vw, 696px\" \/><\/p>\n<h4><span class=\"ez-toc-section\" id=\"Iberostar_Club_Cala_Barca\"><\/span><strong>Iberostar Club Cala Barca<\/strong><span class=\"ez-toc-section-end\"><\/span><\/h4>\n<p>Para quienes buscan un hotel familiar con una amplia gama de actividades, el Iberostar Club Cala Barca es una excelente opci\u00f3n. <strong>Situado a pocos minutos de Cala d&#8217;Or, este complejo de cuatro estrellas se extiende sobre una amplia parcela frente al mar, rodeado de jardines y con acceso directo a la hermosa Cala Mondrag\u00f3.<\/strong><\/p>\n<p>El <strong>Iberostar Club Cala Barca ofrece una amplia variedad de instalaciones para toda la familia<\/strong>, incluyendo varias piscinas, zona de juegos infantiles, spa y m\u00faltiples opciones gastron\u00f3micas. Adem\u00e1s, los m\u00e1s peque\u00f1os disfrutar\u00e1n de un completo programa de actividades y entretenimiento, mientras que los adultos podr\u00e1n relajarse en las zonas de descanso o practicar deportes acu\u00e1ticos. Es el lugar perfecto para unas vacaciones familiares inolvidables.<\/p>\n<p>Ver m\u00e1s detalles y reservar: <strong><a href=\"https:\/\/booking.stay22.com\/likexpats\/aytN3Y2X4F\" target=\"_blank\" rel=\"noopener\">Iberostar Club Cala Barca<\/a><\/strong><\/p>\n<p><img decoding=\"async\" class=\"alignnone wp-image-349 size-large\" src=\"https:\/\/www.mymallorcadiary.com\/wp-content\/uploads\/2024\/11\/Hotel-Iberostars-Calador-1024x575.webp\" alt=\"Hotel Iberostars in Calador\" width=\"696\" height=\"391\" srcset=\"https:\/\/www.mymallorcadiary.com\/wp-content\/uploads\/2024\/11\/Hotel-Iberostars-Calador-1024x575.webp 1024w, https:\/\/www.mymallorcadiary.com\/wp-content\/uploads\/2024\/11\/Hotel-Iberostars-Calador-300x168.webp 300w, https:\/\/www.mymallorcadiary.com\/wp-content\/uploads\/2024\/11\/Hotel-Iberostars-Calador-768x431.webp 768w, https:\/\/www.mymallorcadiary.com\/wp-content\/uploads\/2024\/11\/Hotel-Iberostars-Calador-1536x862.webp 1536w, https:\/\/www.mymallorcadiary.com\/wp-content\/uploads\/2024\/11\/Hotel-Iberostars-Calador-696x391.webp 696w, https:\/\/www.mymallorcadiary.com\/wp-content\/uploads\/2024\/11\/Hotel-Iberostars-Calador-1392x782.webp 1392w, https:\/\/www.mymallorcadiary.com\/wp-content\/uploads\/2024\/11\/Hotel-Iberostars-Calador.webp 1920w\" sizes=\"(max-width: 696px) 100vw, 696px\" \/><\/p>\n<p data-start=\"5371\" data-end=\"5427\"><strong>Consulta nuestros art\u00edculos sobre el sureste de Mallorca. D\u00f3nde alojarse, qu\u00e9 hacer, las mejores playas y mucho m\u00e1s: <\/strong><\/p>\n<ul>\n<li><strong><a href=\"https:\/\/www.mymallorcadiary.com\/best-beaches-south-mallorca\/\" target=\"_blank\" rel=\"noopener\">Las mejores playas del sur de Mallorca<\/a><\/strong><\/li>\n<li><strong><a href=\"https:\/\/www.mymallorcadiary.com\/where-to-stay-in-santanyi-town\/\" target=\"_blank\" rel=\"noopener\">D\u00f3nde alojarse en Santanyi<\/a><\/strong><\/li>\n<li><strong><a href=\"https:\/\/www.mymallorcadiary.com\/santanyi-beaches\/\" target=\"_blank\" rel=\"noopener\">Las mejores playas de los alrededores de Santany\u00ed<\/a><\/strong><\/li>\n<li data-start=\"5371\" data-end=\"5427\"><strong><a href=\"https:\/\/www.mymallorcadiary.com\/what-to-do-and-see-in-santanyi\/\" target=\"_blank\" rel=\"noopener\">Qu\u00e9 ver y hacer en Santany\u00ed<\/a><\/strong><\/li>\n<li><strong><a href=\"https:\/\/www.mymallorcadiary.com\/the-best-hotels-in-cala-dor\/\" target=\"_blank\" rel=\"noopener\">Los mejores hoteles de Cala Do&#8217;r<\/a><\/strong><\/li>\n<\/ul>\n<h3 data-start=\"5371\" data-end=\"5427\"><span class=\"ez-toc-section\" id=\"Quedate_en_el_norte_para_disfrutar_de_la_naturaleza_y_la_tradicion\"><\/span><strong>Qu\u00e9date en el norte para disfrutar de la naturaleza y la tradici\u00f3n.<\/strong><span class=\"ez-toc-section-end\"><\/span><\/h3>\n<p data-start=\"5481\" data-end=\"5575\"><strong><a href=\"https:\/\/maps.app.goo.gl\/sNhEunvj99fdJtoV8\" target=\"_blank\" rel=\"noopener\">Pollensa<\/a><\/strong> y <strong><a href=\"https:\/\/maps.app.goo.gl\/SRNmAJJcapxXRZUH9\" target=\"_blank\" rel=\"noopener\">Alc\u00fadia<\/a><\/strong> combinan hermosos pueblos hist\u00f3ricos con playas cercanas y acceso a la monta\u00f1a.<\/p>\n<p data-start=\"5577\" data-end=\"5627\">Ideal si buscas tanto senderismo como paisajes costeros.<\/p>\n<p data-start=\"5577\" data-end=\"5627\"><strong>Estas son nuestras recomendaciones de hoteles en Pollensa y Alcudia:<\/strong><\/p>\n<h4 data-start=\"5577\" data-end=\"5627\"><span class=\"ez-toc-section\" id=\"Mon_Boutique_Hotel_4\"><\/span><strong>Mon Boutique Hotel 4*<\/strong><span class=\"ez-toc-section-end\"><\/span><\/h4>\n<p>\ud83d\udccd <strong>Ubicaci\u00f3n:<\/strong> Casco antiguo de Pollensa, cerca de la Plaza Mayor. <strong><a href=\"https:\/\/maps.app.goo.gl\/FNAvrD5ueaiYnrmz8\" target=\"_blank\" rel=\"noopener\">Consulta la ubicaci\u00f3n exacta aqu\u00ed<\/a><\/strong><\/p>\n<p data-start=\"801\" data-end=\"1012\">El Mon Boutique Hotel est\u00e1 situado en el coraz\u00f3n del centro hist\u00f3rico de Pollensa, a pocos pasos de la plaza principal y a poca distancia a pie de la escalinata del Calvario, donde tiene lugar la famosa ceremonia del Viernes Santo.<\/p>\n<p data-start=\"1014\" data-end=\"1137\">El hotel ofrece un dise\u00f1o moderno y elegante en el interior de una casa tradicional mallorquina, creando un ambiente acogedor a la vez que elegante.<\/p>\n<p data-start=\"1139\" data-end=\"1329\"><strong data-start=\"1139\" data-end=\"1166\">\u00bfPor qu\u00e9 reservarlo para Semana Santa?<\/strong><br data-start=\"1166\" data-end=\"1169\" \/>Te alojar\u00e1s justo donde ocurre la magia. Perfecto para parejas que desean vivir El Descendimiento de cerca y disfrutar de veladas rom\u00e1nticas en el casco antiguo.<\/p>\n<p data-start=\"3031\" data-end=\"3204\"><strong>Ver m\u00e1s detalles y reservar: <a href=\"https:\/\/booking.stay22.com\/likexpats\/cxPm9vGP3X\" target=\"_blank\" rel=\"noopener\">Mon Boutique Hotel<\/a><\/strong><\/p>\n<div id='gallery-11' class='gallery galleryid-1873 gallery-columns-2 gallery-size-full'><figure class='gallery-item'>\n\t\t\t<div class='gallery-icon landscape'>\n\t\t\t\t<a href='https:\/\/www.mymallorcadiary.com\/wp-content\/uploads\/2026\/02\/Luxury-hotel-in-Pollensa.webp'><img decoding=\"async\" width=\"1920\" height=\"1078\" src=\"https:\/\/www.mymallorcadiary.com\/wp-content\/uploads\/2026\/02\/Luxury-hotel-in-Pollensa.webp\" class=\"attachment-full size-full\" alt=\"\" srcset=\"https:\/\/www.mymallorcadiary.com\/wp-content\/uploads\/2026\/02\/Luxury-hotel-in-Pollensa.webp 1920w, https:\/\/www.mymallorcadiary.com\/wp-content\/uploads\/2026\/02\/Luxury-hotel-in-Pollensa-300x168.webp 300w, https:\/\/www.mymallorcadiary.com\/wp-content\/uploads\/2026\/02\/Luxury-hotel-in-Pollensa-1024x575.webp 1024w, https:\/\/www.mymallorcadiary.com\/wp-content\/uploads\/2026\/02\/Luxury-hotel-in-Pollensa-768x431.webp 768w, https:\/\/www.mymallorcadiary.com\/wp-content\/uploads\/2026\/02\/Luxury-hotel-in-Pollensa-1536x862.webp 1536w, https:\/\/www.mymallorcadiary.com\/wp-content\/uploads\/2026\/02\/Luxury-hotel-in-Pollensa-696x391.webp 696w, https:\/\/www.mymallorcadiary.com\/wp-content\/uploads\/2026\/02\/Luxury-hotel-in-Pollensa-1392x782.webp 1392w\" sizes=\"(max-width: 1920px) 100vw, 1920px\" \/><\/a>\n\t\t\t<\/div><\/figure><figure class='gallery-item'>\n\t\t\t<div class='gallery-icon landscape'>\n\t\t\t\t<a href='https:\/\/www.mymallorcadiary.com\/wp-content\/uploads\/2026\/02\/Elegant-hotel-in-Pollensa.webp'><img decoding=\"async\" width=\"1920\" height=\"1078\" src=\"https:\/\/www.mymallorcadiary.com\/wp-content\/uploads\/2026\/02\/Elegant-hotel-in-Pollensa.webp\" class=\"attachment-full size-full\" alt=\"\" srcset=\"https:\/\/www.mymallorcadiary.com\/wp-content\/uploads\/2026\/02\/Elegant-hotel-in-Pollensa.webp 1920w, https:\/\/www.mymallorcadiary.com\/wp-content\/uploads\/2026\/02\/Elegant-hotel-in-Pollensa-300x168.webp 300w, https:\/\/www.mymallorcadiary.com\/wp-content\/uploads\/2026\/02\/Elegant-hotel-in-Pollensa-1024x575.webp 1024w, https:\/\/www.mymallorcadiary.com\/wp-content\/uploads\/2026\/02\/Elegant-hotel-in-Pollensa-768x431.webp 768w, https:\/\/www.mymallorcadiary.com\/wp-content\/uploads\/2026\/02\/Elegant-hotel-in-Pollensa-1536x862.webp 1536w, https:\/\/www.mymallorcadiary.com\/wp-content\/uploads\/2026\/02\/Elegant-hotel-in-Pollensa-696x391.webp 696w, https:\/\/www.mymallorcadiary.com\/wp-content\/uploads\/2026\/02\/Elegant-hotel-in-Pollensa-1392x782.webp 1392w\" sizes=\"(max-width: 1920px) 100vw, 1920px\" \/><\/a>\n\t\t\t<\/div><\/figure><figure class='gallery-item'>\n\t\t\t<div class='gallery-icon landscape'>\n\t\t\t\t<a href='https:\/\/www.mymallorcadiary.com\/wp-content\/uploads\/2026\/02\/Beautiful-hotel-in-Pollensa.webp'><img decoding=\"async\" width=\"1920\" height=\"1078\" src=\"https:\/\/www.mymallorcadiary.com\/wp-content\/uploads\/2026\/02\/Beautiful-hotel-in-Pollensa.webp\" class=\"attachment-full size-full\" alt=\"\" srcset=\"https:\/\/www.mymallorcadiary.com\/wp-content\/uploads\/2026\/02\/Beautiful-hotel-in-Pollensa.webp 1920w, https:\/\/www.mymallorcadiary.com\/wp-content\/uploads\/2026\/02\/Beautiful-hotel-in-Pollensa-300x168.webp 300w, https:\/\/www.mymallorcadiary.com\/wp-content\/uploads\/2026\/02\/Beautiful-hotel-in-Pollensa-1024x575.webp 1024w, https:\/\/www.mymallorcadiary.com\/wp-content\/uploads\/2026\/02\/Beautiful-hotel-in-Pollensa-768x431.webp 768w, https:\/\/www.mymallorcadiary.com\/wp-content\/uploads\/2026\/02\/Beautiful-hotel-in-Pollensa-1536x862.webp 1536w, https:\/\/www.mymallorcadiary.com\/wp-content\/uploads\/2026\/02\/Beautiful-hotel-in-Pollensa-696x391.webp 696w, https:\/\/www.mymallorcadiary.com\/wp-content\/uploads\/2026\/02\/Beautiful-hotel-in-Pollensa-1392x782.webp 1392w\" sizes=\"(max-width: 1920px) 100vw, 1920px\" \/><\/a>\n\t\t\t<\/div><\/figure><figure class='gallery-item'>\n\t\t\t<div class='gallery-icon landscape'>\n\t\t\t\t<a href='https:\/\/www.mymallorcadiary.com\/wp-content\/uploads\/2026\/02\/Boutique-hotel-in-Pollensa.webp'><img decoding=\"async\" width=\"1920\" height=\"1078\" src=\"https:\/\/www.mymallorcadiary.com\/wp-content\/uploads\/2026\/02\/Boutique-hotel-in-Pollensa.webp\" class=\"attachment-full size-full\" alt=\"\" srcset=\"https:\/\/www.mymallorcadiary.com\/wp-content\/uploads\/2026\/02\/Boutique-hotel-in-Pollensa.webp 1920w, https:\/\/www.mymallorcadiary.com\/wp-content\/uploads\/2026\/02\/Boutique-hotel-in-Pollensa-300x168.webp 300w, https:\/\/www.mymallorcadiary.com\/wp-content\/uploads\/2026\/02\/Boutique-hotel-in-Pollensa-1024x575.webp 1024w, https:\/\/www.mymallorcadiary.com\/wp-content\/uploads\/2026\/02\/Boutique-hotel-in-Pollensa-768x431.webp 768w, https:\/\/www.mymallorcadiary.com\/wp-content\/uploads\/2026\/02\/Boutique-hotel-in-Pollensa-1536x862.webp 1536w, https:\/\/www.mymallorcadiary.com\/wp-content\/uploads\/2026\/02\/Boutique-hotel-in-Pollensa-696x391.webp 696w, https:\/\/www.mymallorcadiary.com\/wp-content\/uploads\/2026\/02\/Boutique-hotel-in-Pollensa-1392x782.webp 1392w\" sizes=\"(max-width: 1920px) 100vw, 1920px\" \/><\/a>\n\t\t\t<\/div><\/figure>\n\t\t<\/div>\n\n<p data-start=\"5577\" data-end=\"5627\">Fotos via monboutiquehotel.com<\/p>\n<h4 data-start=\"5577\" data-end=\"5627\"><span class=\"ez-toc-section\" id=\"Hotel_Miramar_Mallorca_4\"><\/span><strong>Hotel Miramar Mallorca 4*<\/strong><span class=\"ez-toc-section-end\"><\/span><\/h4>\n<p>\ud83d\udccd <strong>Ubicaci\u00f3n:<\/strong> Seafront &#8211; Puerto de Pollensa. <strong><a href=\"https:\/\/maps.app.goo.gl\/9Ctwd5asCMhmeHkBA\" target=\"_blank\" rel=\"noopener\">Consulta la ubicaci\u00f3n exacta aqu\u00ed<\/a><\/strong><\/p>\n<p data-start=\"1482\" data-end=\"1681\">El Hotel Miramar est\u00e1 situado en primera l\u00ednea del paseo mar\u00edtimo de Puerto de Pollensa, ofreciendo preciosas vistas al mar y f\u00e1cil acceso tanto a la playa como a la cercana localidad de Pollensa (a unos 10 minutos en coche).<\/p>\n<p data-start=\"1683\" data-end=\"1764\">Combina un ambiente costero relajante con habitaciones confortables y una terraza frente al mar.<\/p>\n<p data-start=\"1766\" data-end=\"1926\"><strong data-start=\"1766\" data-end=\"1793\">\u00bfPor qu\u00e9 reservarlo para Semana Santa?<\/strong><br data-start=\"1793\" data-end=\"1796\" \/>Ideal si quieres asistir a la ceremonia del Viernes Santo en Pollensa pero alojarte junto al mar. Disfrutar\u00e1s de cultura y relax costero.<\/p>\n<p data-start=\"3031\" data-end=\"3204\"><strong>Ver m\u00e1s detalles y reservar: <a href=\"https:\/\/booking.stay22.com\/likexpats\/NP3Vi14rWs\" target=\"_blank\" rel=\"noopener\">Hotel Miramar Mallorca<\/a><\/strong><\/p>\n<div id='gallery-12' class='gallery galleryid-1873 gallery-columns-2 gallery-size-full'><figure class='gallery-item'>\n\t\t\t<div class='gallery-icon landscape'>\n\t\t\t\t<a href='https:\/\/www.mymallorcadiary.com\/wp-content\/uploads\/2026\/02\/Hotel-Miramar-Mallorca.webp'><img decoding=\"async\" width=\"1920\" height=\"1078\" src=\"https:\/\/www.mymallorcadiary.com\/wp-content\/uploads\/2026\/02\/Hotel-Miramar-Mallorca.webp\" class=\"attachment-full size-full\" alt=\"\" srcset=\"https:\/\/www.mymallorcadiary.com\/wp-content\/uploads\/2026\/02\/Hotel-Miramar-Mallorca.webp 1920w, https:\/\/www.mymallorcadiary.com\/wp-content\/uploads\/2026\/02\/Hotel-Miramar-Mallorca-300x168.webp 300w, https:\/\/www.mymallorcadiary.com\/wp-content\/uploads\/2026\/02\/Hotel-Miramar-Mallorca-1024x575.webp 1024w, https:\/\/www.mymallorcadiary.com\/wp-content\/uploads\/2026\/02\/Hotel-Miramar-Mallorca-768x431.webp 768w, https:\/\/www.mymallorcadiary.com\/wp-content\/uploads\/2026\/02\/Hotel-Miramar-Mallorca-1536x862.webp 1536w, https:\/\/www.mymallorcadiary.com\/wp-content\/uploads\/2026\/02\/Hotel-Miramar-Mallorca-696x391.webp 696w, https:\/\/www.mymallorcadiary.com\/wp-content\/uploads\/2026\/02\/Hotel-Miramar-Mallorca-1392x782.webp 1392w\" sizes=\"(max-width: 1920px) 100vw, 1920px\" \/><\/a>\n\t\t\t<\/div><\/figure><figure class='gallery-item'>\n\t\t\t<div class='gallery-icon landscape'>\n\t\t\t\t<a href='https:\/\/www.mymallorcadiary.com\/wp-content\/uploads\/2026\/02\/Port-Pollensa-hotel.webp'><img decoding=\"async\" width=\"1920\" height=\"1078\" src=\"https:\/\/www.mymallorcadiary.com\/wp-content\/uploads\/2026\/02\/Port-Pollensa-hotel.webp\" class=\"attachment-full size-full\" alt=\"\" srcset=\"https:\/\/www.mymallorcadiary.com\/wp-content\/uploads\/2026\/02\/Port-Pollensa-hotel.webp 1920w, https:\/\/www.mymallorcadiary.com\/wp-content\/uploads\/2026\/02\/Port-Pollensa-hotel-300x168.webp 300w, https:\/\/www.mymallorcadiary.com\/wp-content\/uploads\/2026\/02\/Port-Pollensa-hotel-1024x575.webp 1024w, https:\/\/www.mymallorcadiary.com\/wp-content\/uploads\/2026\/02\/Port-Pollensa-hotel-768x431.webp 768w, https:\/\/www.mymallorcadiary.com\/wp-content\/uploads\/2026\/02\/Port-Pollensa-hotel-1536x862.webp 1536w, https:\/\/www.mymallorcadiary.com\/wp-content\/uploads\/2026\/02\/Port-Pollensa-hotel-696x391.webp 696w, https:\/\/www.mymallorcadiary.com\/wp-content\/uploads\/2026\/02\/Port-Pollensa-hotel-1392x782.webp 1392w\" sizes=\"(max-width: 1920px) 100vw, 1920px\" \/><\/a>\n\t\t\t<\/div><\/figure><figure class='gallery-item'>\n\t\t\t<div class='gallery-icon landscape'>\n\t\t\t\t<a href='https:\/\/www.mymallorcadiary.com\/wp-content\/uploads\/2026\/02\/Boutique-hotel-in-Port-Pollensa.webp'><img decoding=\"async\" width=\"1920\" height=\"1078\" src=\"https:\/\/www.mymallorcadiary.com\/wp-content\/uploads\/2026\/02\/Boutique-hotel-in-Port-Pollensa.webp\" class=\"attachment-full size-full\" alt=\"\" srcset=\"https:\/\/www.mymallorcadiary.com\/wp-content\/uploads\/2026\/02\/Boutique-hotel-in-Port-Pollensa.webp 1920w, https:\/\/www.mymallorcadiary.com\/wp-content\/uploads\/2026\/02\/Boutique-hotel-in-Port-Pollensa-300x168.webp 300w, https:\/\/www.mymallorcadiary.com\/wp-content\/uploads\/2026\/02\/Boutique-hotel-in-Port-Pollensa-1024x575.webp 1024w, https:\/\/www.mymallorcadiary.com\/wp-content\/uploads\/2026\/02\/Boutique-hotel-in-Port-Pollensa-768x431.webp 768w, https:\/\/www.mymallorcadiary.com\/wp-content\/uploads\/2026\/02\/Boutique-hotel-in-Port-Pollensa-1536x862.webp 1536w, https:\/\/www.mymallorcadiary.com\/wp-content\/uploads\/2026\/02\/Boutique-hotel-in-Port-Pollensa-696x391.webp 696w, https:\/\/www.mymallorcadiary.com\/wp-content\/uploads\/2026\/02\/Boutique-hotel-in-Port-Pollensa-1392x782.webp 1392w\" sizes=\"(max-width: 1920px) 100vw, 1920px\" \/><\/a>\n\t\t\t<\/div><\/figure><figure class='gallery-item'>\n\t\t\t<div class='gallery-icon landscape'>\n\t\t\t\t<a href='https:\/\/www.mymallorcadiary.com\/wp-content\/uploads\/2026\/02\/Miramar-Mallorca.webp'><img decoding=\"async\" width=\"1920\" height=\"1078\" src=\"https:\/\/www.mymallorcadiary.com\/wp-content\/uploads\/2026\/02\/Miramar-Mallorca.webp\" class=\"attachment-full size-full\" alt=\"\" srcset=\"https:\/\/www.mymallorcadiary.com\/wp-content\/uploads\/2026\/02\/Miramar-Mallorca.webp 1920w, https:\/\/www.mymallorcadiary.com\/wp-content\/uploads\/2026\/02\/Miramar-Mallorca-300x168.webp 300w, https:\/\/www.mymallorcadiary.com\/wp-content\/uploads\/2026\/02\/Miramar-Mallorca-1024x575.webp 1024w, https:\/\/www.mymallorcadiary.com\/wp-content\/uploads\/2026\/02\/Miramar-Mallorca-768x431.webp 768w, https:\/\/www.mymallorcadiary.com\/wp-content\/uploads\/2026\/02\/Miramar-Mallorca-1536x862.webp 1536w, https:\/\/www.mymallorcadiary.com\/wp-content\/uploads\/2026\/02\/Miramar-Mallorca-696x391.webp 696w, https:\/\/www.mymallorcadiary.com\/wp-content\/uploads\/2026\/02\/Miramar-Mallorca-1392x782.webp 1392w\" sizes=\"(max-width: 1920px) 100vw, 1920px\" \/><\/a>\n\t\t\t<\/div><\/figure>\n\t\t<\/div>\n\n<p data-start=\"3031\" data-end=\"3204\">Fotos via hotelmiramarmallorca.com<\/p>\n<h4 data-start=\"3031\" data-end=\"3204\"><span class=\"ez-toc-section\" id=\"Hotel_Llenaire\"><\/span><strong>Hotel Llenaire<\/strong><span class=\"ez-toc-section-end\"><\/span><\/h4>\n<p>\ud83d\udccd <strong>Ubicaci\u00f3n:<\/strong> Paisaje rural entre la ciudad de Pollensa y el puerto. <strong><a href=\"https:\/\/maps.app.goo.gl\/TiYMycbzq3yAgT9s7\" target=\"_blank\" rel=\"noopener\">Consulta la ubicaci\u00f3n exacta aqu\u00ed<\/a><\/strong><\/p>\n<p data-start=\"2089\" data-end=\"2306\">El Hotel Llenaire es una preciosa finca rural del siglo XIX, restaurada con esmero, rodeada de jardines y con vistas a la monta\u00f1a. Se encuentra en un entorno rural tranquilo, a poca distancia en coche del casco antiguo de Pollensa y del Puerto de Pollensa.<\/p>\n<p data-start=\"2308\" data-end=\"2387\">El ambiente es elegante y sereno, con una gran piscina y un restaurante refinado.<\/p>\n<p data-start=\"2389\" data-end=\"2552\"><strong data-start=\"2389\" data-end=\"2416\">\u00bfPor qu\u00e9 reservarlo para Semana Santa?<\/strong><br data-start=\"2416\" data-end=\"2419\" \/>Ideal para viajeros que buscan una tranquila escapada rural sin renunciar a las tradiciones de Semana Santa de Pollensa y a la costa.<\/p>\n<p data-start=\"2775\" data-end=\"2931\"><strong>Ver m\u00e1s detalles y reservar: <a href=\"https:\/\/booking.stay22.com\/likexpats\/icVfMEUlFM\" target=\"_blank\" rel=\"noopener\">Hotel Llenaire<\/a><\/strong><\/p>\n<div id='gallery-13' class='gallery galleryid-1873 gallery-columns-2 gallery-size-full'><figure class='gallery-item'>\n\t\t\t<div class='gallery-icon landscape'>\n\t\t\t\t<a href='https:\/\/www.mymallorcadiary.com\/wp-content\/uploads\/2026\/02\/Pollensa-country-hotel.webp'><img decoding=\"async\" width=\"1920\" height=\"1078\" src=\"https:\/\/www.mymallorcadiary.com\/wp-content\/uploads\/2026\/02\/Pollensa-country-hotel.webp\" class=\"attachment-full size-full\" alt=\"\" srcset=\"https:\/\/www.mymallorcadiary.com\/wp-content\/uploads\/2026\/02\/Pollensa-country-hotel.webp 1920w, https:\/\/www.mymallorcadiary.com\/wp-content\/uploads\/2026\/02\/Pollensa-country-hotel-300x168.webp 300w, https:\/\/www.mymallorcadiary.com\/wp-content\/uploads\/2026\/02\/Pollensa-country-hotel-1024x575.webp 1024w, https:\/\/www.mymallorcadiary.com\/wp-content\/uploads\/2026\/02\/Pollensa-country-hotel-768x431.webp 768w, https:\/\/www.mymallorcadiary.com\/wp-content\/uploads\/2026\/02\/Pollensa-country-hotel-1536x862.webp 1536w, https:\/\/www.mymallorcadiary.com\/wp-content\/uploads\/2026\/02\/Pollensa-country-hotel-696x391.webp 696w, https:\/\/www.mymallorcadiary.com\/wp-content\/uploads\/2026\/02\/Pollensa-country-hotel-1392x782.webp 1392w\" sizes=\"(max-width: 1920px) 100vw, 1920px\" \/><\/a>\n\t\t\t<\/div><\/figure><figure class='gallery-item'>\n\t\t\t<div class='gallery-icon landscape'>\n\t\t\t\t<a href='https:\/\/www.mymallorcadiary.com\/wp-content\/uploads\/2026\/02\/Pollensa-agroturismo.webp'><img decoding=\"async\" width=\"1920\" height=\"1078\" src=\"https:\/\/www.mymallorcadiary.com\/wp-content\/uploads\/2026\/02\/Pollensa-agroturismo.webp\" class=\"attachment-full size-full\" alt=\"\" srcset=\"https:\/\/www.mymallorcadiary.com\/wp-content\/uploads\/2026\/02\/Pollensa-agroturismo.webp 1920w, https:\/\/www.mymallorcadiary.com\/wp-content\/uploads\/2026\/02\/Pollensa-agroturismo-300x168.webp 300w, https:\/\/www.mymallorcadiary.com\/wp-content\/uploads\/2026\/02\/Pollensa-agroturismo-1024x575.webp 1024w, https:\/\/www.mymallorcadiary.com\/wp-content\/uploads\/2026\/02\/Pollensa-agroturismo-768x431.webp 768w, https:\/\/www.mymallorcadiary.com\/wp-content\/uploads\/2026\/02\/Pollensa-agroturismo-1536x862.webp 1536w, https:\/\/www.mymallorcadiary.com\/wp-content\/uploads\/2026\/02\/Pollensa-agroturismo-696x391.webp 696w, https:\/\/www.mymallorcadiary.com\/wp-content\/uploads\/2026\/02\/Pollensa-agroturismo-1392x782.webp 1392w\" sizes=\"(max-width: 1920px) 100vw, 1920px\" \/><\/a>\n\t\t\t<\/div><\/figure><figure class='gallery-item'>\n\t\t\t<div class='gallery-icon landscape'>\n\t\t\t\t<a href='https:\/\/www.mymallorcadiary.com\/wp-content\/uploads\/2026\/02\/Countryside-hotel-in-Mallorca.webp'><img decoding=\"async\" width=\"1920\" height=\"1078\" src=\"https:\/\/www.mymallorcadiary.com\/wp-content\/uploads\/2026\/02\/Countryside-hotel-in-Mallorca.webp\" class=\"attachment-full size-full\" alt=\"\" srcset=\"https:\/\/www.mymallorcadiary.com\/wp-content\/uploads\/2026\/02\/Countryside-hotel-in-Mallorca.webp 1920w, https:\/\/www.mymallorcadiary.com\/wp-content\/uploads\/2026\/02\/Countryside-hotel-in-Mallorca-300x168.webp 300w, https:\/\/www.mymallorcadiary.com\/wp-content\/uploads\/2026\/02\/Countryside-hotel-in-Mallorca-1024x575.webp 1024w, https:\/\/www.mymallorcadiary.com\/wp-content\/uploads\/2026\/02\/Countryside-hotel-in-Mallorca-768x431.webp 768w, https:\/\/www.mymallorcadiary.com\/wp-content\/uploads\/2026\/02\/Countryside-hotel-in-Mallorca-1536x862.webp 1536w, https:\/\/www.mymallorcadiary.com\/wp-content\/uploads\/2026\/02\/Countryside-hotel-in-Mallorca-696x391.webp 696w, https:\/\/www.mymallorcadiary.com\/wp-content\/uploads\/2026\/02\/Countryside-hotel-in-Mallorca-1392x782.webp 1392w\" sizes=\"(max-width: 1920px) 100vw, 1920px\" \/><\/a>\n\t\t\t<\/div><\/figure><figure class='gallery-item'>\n\t\t\t<div class='gallery-icon landscape'>\n\t\t\t\t<a href='https:\/\/www.mymallorcadiary.com\/wp-content\/uploads\/2026\/02\/Countryside-hotel-in-Pollensa.webp'><img decoding=\"async\" width=\"1920\" height=\"1078\" src=\"https:\/\/www.mymallorcadiary.com\/wp-content\/uploads\/2026\/02\/Countryside-hotel-in-Pollensa.webp\" class=\"attachment-full size-full\" alt=\"\" srcset=\"https:\/\/www.mymallorcadiary.com\/wp-content\/uploads\/2026\/02\/Countryside-hotel-in-Pollensa.webp 1920w, https:\/\/www.mymallorcadiary.com\/wp-content\/uploads\/2026\/02\/Countryside-hotel-in-Pollensa-300x168.webp 300w, https:\/\/www.mymallorcadiary.com\/wp-content\/uploads\/2026\/02\/Countryside-hotel-in-Pollensa-1024x575.webp 1024w, https:\/\/www.mymallorcadiary.com\/wp-content\/uploads\/2026\/02\/Countryside-hotel-in-Pollensa-768x431.webp 768w, https:\/\/www.mymallorcadiary.com\/wp-content\/uploads\/2026\/02\/Countryside-hotel-in-Pollensa-1536x862.webp 1536w, https:\/\/www.mymallorcadiary.com\/wp-content\/uploads\/2026\/02\/Countryside-hotel-in-Pollensa-696x391.webp 696w, https:\/\/www.mymallorcadiary.com\/wp-content\/uploads\/2026\/02\/Countryside-hotel-in-Pollensa-1392x782.webp 1392w\" sizes=\"(max-width: 1920px) 100vw, 1920px\" \/><\/a>\n\t\t\t<\/div><\/figure>\n\t\t<\/div>\n\n<p>Fotos via hotelllenaire.com<\/p>\n<h4><span class=\"ez-toc-section\" id=\"Hotel_More_4\"><\/span><strong>Hotel Mor\u00e9 4*<\/strong><span class=\"ez-toc-section-end\"><\/span><\/h4>\n<p>\ud83d\udccd <strong>Ubicaci\u00f3n:<\/strong> Zona de Bonaire, cerca del casco antiguo de Alcudia. <strong><a href=\"https:\/\/maps.app.goo.gl\/WvYA3uuJuxMW3H2CA\" target=\"_blank\" rel=\"noopener\">Consulta la ubicaci\u00f3n exacta aqu\u00ed<\/a><\/strong><\/p>\n<p data-start=\"2685\" data-end=\"2888\">El Hotel Mor\u00e9 est\u00e1 ubicado en la zona residencial de Bonaire, cerca del casco antiguo hist\u00f3rico de Alcudia y a pocos pasos de una peque\u00f1a playa rocosa. Es m\u00e1s tranquilo que las zonas tur\u00edsticas principales, pero a\u00fan as\u00ed est\u00e1 cerca de todo.<\/p>\n<p data-start=\"2890\" data-end=\"2969\">Las habitaciones tienen vistas al mar o a la monta\u00f1a, y el hotel ofrece un ambiente tranquilo y relajado.<\/p>\n<p data-start=\"2971\" data-end=\"3121\"><strong data-start=\"2971\" data-end=\"2998\">\u00bfPor qu\u00e9 reservarlo para Semana Santa?<\/strong><br data-start=\"2998\" data-end=\"3001\" \/>Una opci\u00f3n estupenda si quieres explorar el casco antiguo de Alcudia y la naturaleza de los alrededores mientras te alojas en un tranquilo enclave costero.<\/p>\n<p><strong>Ver m\u00e1s detalles y reservar: <a href=\"https:\/\/booking.stay22.com\/likexpats\/SVqE5gsHo7\" target=\"_blank\" rel=\"noopener\">Hotel Mor\u00e9<\/a><\/strong><\/p>\n<div id='gallery-14' class='gallery galleryid-1873 gallery-columns-2 gallery-size-full'><figure class='gallery-item'>\n\t\t\t<div class='gallery-icon landscape'>\n\t\t\t\t<a href='https:\/\/www.mymallorcadiary.com\/wp-content\/uploads\/2026\/02\/Beautiful-hotel-in-Alcudia.webp'><img decoding=\"async\" width=\"1920\" height=\"1078\" src=\"https:\/\/www.mymallorcadiary.com\/wp-content\/uploads\/2026\/02\/Beautiful-hotel-in-Alcudia.webp\" class=\"attachment-full size-full\" alt=\"\" srcset=\"https:\/\/www.mymallorcadiary.com\/wp-content\/uploads\/2026\/02\/Beautiful-hotel-in-Alcudia.webp 1920w, https:\/\/www.mymallorcadiary.com\/wp-content\/uploads\/2026\/02\/Beautiful-hotel-in-Alcudia-300x168.webp 300w, https:\/\/www.mymallorcadiary.com\/wp-content\/uploads\/2026\/02\/Beautiful-hotel-in-Alcudia-1024x575.webp 1024w, https:\/\/www.mymallorcadiary.com\/wp-content\/uploads\/2026\/02\/Beautiful-hotel-in-Alcudia-768x431.webp 768w, https:\/\/www.mymallorcadiary.com\/wp-content\/uploads\/2026\/02\/Beautiful-hotel-in-Alcudia-1536x862.webp 1536w, https:\/\/www.mymallorcadiary.com\/wp-content\/uploads\/2026\/02\/Beautiful-hotel-in-Alcudia-696x391.webp 696w, https:\/\/www.mymallorcadiary.com\/wp-content\/uploads\/2026\/02\/Beautiful-hotel-in-Alcudia-1392x782.webp 1392w\" sizes=\"(max-width: 1920px) 100vw, 1920px\" \/><\/a>\n\t\t\t<\/div><\/figure><figure class='gallery-item'>\n\t\t\t<div class='gallery-icon landscape'>\n\t\t\t\t<a href='https:\/\/www.mymallorcadiary.com\/wp-content\/uploads\/2026\/02\/Affordable-hotel-in-Alcudia.webp'><img decoding=\"async\" width=\"1920\" height=\"1078\" src=\"https:\/\/www.mymallorcadiary.com\/wp-content\/uploads\/2026\/02\/Affordable-hotel-in-Alcudia.webp\" class=\"attachment-full size-full\" alt=\"\" srcset=\"https:\/\/www.mymallorcadiary.com\/wp-content\/uploads\/2026\/02\/Affordable-hotel-in-Alcudia.webp 1920w, https:\/\/www.mymallorcadiary.com\/wp-content\/uploads\/2026\/02\/Affordable-hotel-in-Alcudia-300x168.webp 300w, https:\/\/www.mymallorcadiary.com\/wp-content\/uploads\/2026\/02\/Affordable-hotel-in-Alcudia-1024x575.webp 1024w, https:\/\/www.mymallorcadiary.com\/wp-content\/uploads\/2026\/02\/Affordable-hotel-in-Alcudia-768x431.webp 768w, https:\/\/www.mymallorcadiary.com\/wp-content\/uploads\/2026\/02\/Affordable-hotel-in-Alcudia-1536x862.webp 1536w, https:\/\/www.mymallorcadiary.com\/wp-content\/uploads\/2026\/02\/Affordable-hotel-in-Alcudia-696x391.webp 696w, https:\/\/www.mymallorcadiary.com\/wp-content\/uploads\/2026\/02\/Affordable-hotel-in-Alcudia-1392x782.webp 1392w\" sizes=\"(max-width: 1920px) 100vw, 1920px\" \/><\/a>\n\t\t\t<\/div><\/figure><figure class='gallery-item'>\n\t\t\t<div class='gallery-icon landscape'>\n\t\t\t\t<a href='https:\/\/www.mymallorcadiary.com\/wp-content\/uploads\/2026\/02\/Hotel-More-in-Alcudia.webp'><img decoding=\"async\" width=\"1920\" height=\"1078\" src=\"https:\/\/www.mymallorcadiary.com\/wp-content\/uploads\/2026\/02\/Hotel-More-in-Alcudia.webp\" class=\"attachment-full size-full\" alt=\"\" srcset=\"https:\/\/www.mymallorcadiary.com\/wp-content\/uploads\/2026\/02\/Hotel-More-in-Alcudia.webp 1920w, https:\/\/www.mymallorcadiary.com\/wp-content\/uploads\/2026\/02\/Hotel-More-in-Alcudia-300x168.webp 300w, https:\/\/www.mymallorcadiary.com\/wp-content\/uploads\/2026\/02\/Hotel-More-in-Alcudia-1024x575.webp 1024w, https:\/\/www.mymallorcadiary.com\/wp-content\/uploads\/2026\/02\/Hotel-More-in-Alcudia-768x431.webp 768w, https:\/\/www.mymallorcadiary.com\/wp-content\/uploads\/2026\/02\/Hotel-More-in-Alcudia-1536x862.webp 1536w, https:\/\/www.mymallorcadiary.com\/wp-content\/uploads\/2026\/02\/Hotel-More-in-Alcudia-696x391.webp 696w, https:\/\/www.mymallorcadiary.com\/wp-content\/uploads\/2026\/02\/Hotel-More-in-Alcudia-1392x782.webp 1392w\" sizes=\"(max-width: 1920px) 100vw, 1920px\" \/><\/a>\n\t\t\t<\/div><\/figure><figure class='gallery-item'>\n\t\t\t<div class='gallery-icon landscape'>\n\t\t\t\t<a href='https:\/\/www.mymallorcadiary.com\/wp-content\/uploads\/2026\/02\/Hotel-More-in-Mallorca.webp'><img decoding=\"async\" width=\"1920\" height=\"1078\" src=\"https:\/\/www.mymallorcadiary.com\/wp-content\/uploads\/2026\/02\/Hotel-More-in-Mallorca.webp\" class=\"attachment-full size-full\" alt=\"\" srcset=\"https:\/\/www.mymallorcadiary.com\/wp-content\/uploads\/2026\/02\/Hotel-More-in-Mallorca.webp 1920w, https:\/\/www.mymallorcadiary.com\/wp-content\/uploads\/2026\/02\/Hotel-More-in-Mallorca-300x168.webp 300w, https:\/\/www.mymallorcadiary.com\/wp-content\/uploads\/2026\/02\/Hotel-More-in-Mallorca-1024x575.webp 1024w, https:\/\/www.mymallorcadiary.com\/wp-content\/uploads\/2026\/02\/Hotel-More-in-Mallorca-768x431.webp 768w, https:\/\/www.mymallorcadiary.com\/wp-content\/uploads\/2026\/02\/Hotel-More-in-Mallorca-1536x862.webp 1536w, https:\/\/www.mymallorcadiary.com\/wp-content\/uploads\/2026\/02\/Hotel-More-in-Mallorca-696x391.webp 696w, https:\/\/www.mymallorcadiary.com\/wp-content\/uploads\/2026\/02\/Hotel-More-in-Mallorca-1392x782.webp 1392w\" sizes=\"(max-width: 1920px) 100vw, 1920px\" \/><\/a>\n\t\t\t<\/div><\/figure>\n\t\t<\/div>\n\n<p>Fotos via hotelmore.com<\/p>\n<h4><span class=\"ez-toc-section\" id=\"Grupotel_Maritimo_4\"><\/span><strong>Grupotel Mar\u00edtimo 4*<\/strong><span class=\"ez-toc-section-end\"><\/span><\/h4>\n<p>\ud83d\udccd <strong>Ubicaci\u00f3n:<\/strong> Cerca de Playa de Muro, Puerto de Alcudia. <strong><a href=\"https:\/\/maps.app.goo.gl\/pnxqhvdJf5bKMrPq6\" target=\"_blank\" rel=\"noopener\">Consulta la ubicaci\u00f3n exacta aqu\u00ed<\/a><\/strong><\/p>\n<p data-start=\"3269\" data-end=\"3401\">Grupotel Mar\u00edtimo est\u00e1 situado cerca de la larga playa de arena de Playa de Muro y a las afueras del centro m\u00e1s concurrido de Puerto de Alcudia.<\/p>\n<p data-start=\"3403\" data-end=\"3488\">El hotel ofrece habitaciones espaciosas, piscinas, instalaciones de spa y servicios para familias.<\/p>\n<p data-start=\"3490\" data-end=\"3672\"><strong data-start=\"3490\" data-end=\"3517\">\u00bfPor qu\u00e9 reservarlo para Semana Santa?<\/strong><br data-start=\"3517\" data-end=\"3520\" \/>Ideal para familias o viajeros que deseen acceso a la playa, instalaciones c\u00f3modas y excursiones de un d\u00eda f\u00e1ciles tanto al casco antiguo de Alcudia como a la sierra de Tramuntana.<\/p>\n<p><strong>Ver m\u00e1s detalles y reservar: <a href=\"https:\/\/booking.stay22.com\/likexpats\/PZV67a1Kpe\" target=\"_blank\" rel=\"noopener\">Grupotel Mar\u00edtimo<\/a><\/strong><\/p>\n<div id='gallery-15' class='gallery galleryid-1873 gallery-columns-2 gallery-size-full'><figure class='gallery-item'>\n\t\t\t<div class='gallery-icon landscape'>\n\t\t\t\t<a href='https:\/\/www.mymallorcadiary.com\/wp-content\/uploads\/2026\/02\/Hotel-for-families-in-Alcudia.webp'><img decoding=\"async\" width=\"1920\" height=\"1078\" src=\"https:\/\/www.mymallorcadiary.com\/wp-content\/uploads\/2026\/02\/Hotel-for-families-in-Alcudia.webp\" class=\"attachment-full size-full\" alt=\"\" srcset=\"https:\/\/www.mymallorcadiary.com\/wp-content\/uploads\/2026\/02\/Hotel-for-families-in-Alcudia.webp 1920w, https:\/\/www.mymallorcadiary.com\/wp-content\/uploads\/2026\/02\/Hotel-for-families-in-Alcudia-300x168.webp 300w, https:\/\/www.mymallorcadiary.com\/wp-content\/uploads\/2026\/02\/Hotel-for-families-in-Alcudia-1024x575.webp 1024w, https:\/\/www.mymallorcadiary.com\/wp-content\/uploads\/2026\/02\/Hotel-for-families-in-Alcudia-768x431.webp 768w, https:\/\/www.mymallorcadiary.com\/wp-content\/uploads\/2026\/02\/Hotel-for-families-in-Alcudia-1536x862.webp 1536w, https:\/\/www.mymallorcadiary.com\/wp-content\/uploads\/2026\/02\/Hotel-for-families-in-Alcudia-696x391.webp 696w, https:\/\/www.mymallorcadiary.com\/wp-content\/uploads\/2026\/02\/Hotel-for-families-in-Alcudia-1392x782.webp 1392w\" sizes=\"(max-width: 1920px) 100vw, 1920px\" \/><\/a>\n\t\t\t<\/div><\/figure><figure class='gallery-item'>\n\t\t\t<div class='gallery-icon landscape'>\n\t\t\t\t<a href='https:\/\/www.mymallorcadiary.com\/wp-content\/uploads\/2026\/02\/Affordable-hotel-in-Alcudia-1.webp'><img decoding=\"async\" width=\"1920\" height=\"1078\" src=\"https:\/\/www.mymallorcadiary.com\/wp-content\/uploads\/2026\/02\/Affordable-hotel-in-Alcudia-1.webp\" class=\"attachment-full size-full\" alt=\"\" srcset=\"https:\/\/www.mymallorcadiary.com\/wp-content\/uploads\/2026\/02\/Affordable-hotel-in-Alcudia-1.webp 1920w, https:\/\/www.mymallorcadiary.com\/wp-content\/uploads\/2026\/02\/Affordable-hotel-in-Alcudia-1-300x168.webp 300w, https:\/\/www.mymallorcadiary.com\/wp-content\/uploads\/2026\/02\/Affordable-hotel-in-Alcudia-1-1024x575.webp 1024w, https:\/\/www.mymallorcadiary.com\/wp-content\/uploads\/2026\/02\/Affordable-hotel-in-Alcudia-1-768x431.webp 768w, https:\/\/www.mymallorcadiary.com\/wp-content\/uploads\/2026\/02\/Affordable-hotel-in-Alcudia-1-1536x862.webp 1536w, https:\/\/www.mymallorcadiary.com\/wp-content\/uploads\/2026\/02\/Affordable-hotel-in-Alcudia-1-696x391.webp 696w, https:\/\/www.mymallorcadiary.com\/wp-content\/uploads\/2026\/02\/Affordable-hotel-in-Alcudia-1-1392x782.webp 1392w\" sizes=\"(max-width: 1920px) 100vw, 1920px\" \/><\/a>\n\t\t\t<\/div><\/figure><figure class='gallery-item'>\n\t\t\t<div class='gallery-icon landscape'>\n\t\t\t\t<a href='https:\/\/www.mymallorcadiary.com\/wp-content\/uploads\/2026\/02\/Spa-hotel-in-Mallorca.webp'><img decoding=\"async\" width=\"1920\" height=\"1078\" src=\"https:\/\/www.mymallorcadiary.com\/wp-content\/uploads\/2026\/02\/Spa-hotel-in-Mallorca.webp\" class=\"attachment-full size-full\" alt=\"\" srcset=\"https:\/\/www.mymallorcadiary.com\/wp-content\/uploads\/2026\/02\/Spa-hotel-in-Mallorca.webp 1920w, https:\/\/www.mymallorcadiary.com\/wp-content\/uploads\/2026\/02\/Spa-hotel-in-Mallorca-300x168.webp 300w, https:\/\/www.mymallorcadiary.com\/wp-content\/uploads\/2026\/02\/Spa-hotel-in-Mallorca-1024x575.webp 1024w, https:\/\/www.mymallorcadiary.com\/wp-content\/uploads\/2026\/02\/Spa-hotel-in-Mallorca-768x431.webp 768w, https:\/\/www.mymallorcadiary.com\/wp-content\/uploads\/2026\/02\/Spa-hotel-in-Mallorca-1536x862.webp 1536w, https:\/\/www.mymallorcadiary.com\/wp-content\/uploads\/2026\/02\/Spa-hotel-in-Mallorca-696x391.webp 696w, https:\/\/www.mymallorcadiary.com\/wp-content\/uploads\/2026\/02\/Spa-hotel-in-Mallorca-1392x782.webp 1392w\" sizes=\"(max-width: 1920px) 100vw, 1920px\" \/><\/a>\n\t\t\t<\/div><\/figure><figure class='gallery-item'>\n\t\t\t<div class='gallery-icon landscape'>\n\t\t\t\t<a href='https:\/\/www.mymallorcadiary.com\/wp-content\/uploads\/2026\/02\/Spa-hotel-in-Alcudia.webp'><img decoding=\"async\" width=\"1920\" height=\"1078\" src=\"https:\/\/www.mymallorcadiary.com\/wp-content\/uploads\/2026\/02\/Spa-hotel-in-Alcudia.webp\" class=\"attachment-full size-full\" alt=\"\" srcset=\"https:\/\/www.mymallorcadiary.com\/wp-content\/uploads\/2026\/02\/Spa-hotel-in-Alcudia.webp 1920w, https:\/\/www.mymallorcadiary.com\/wp-content\/uploads\/2026\/02\/Spa-hotel-in-Alcudia-300x168.webp 300w, https:\/\/www.mymallorcadiary.com\/wp-content\/uploads\/2026\/02\/Spa-hotel-in-Alcudia-1024x575.webp 1024w, https:\/\/www.mymallorcadiary.com\/wp-content\/uploads\/2026\/02\/Spa-hotel-in-Alcudia-768x431.webp 768w, https:\/\/www.mymallorcadiary.com\/wp-content\/uploads\/2026\/02\/Spa-hotel-in-Alcudia-1536x862.webp 1536w, https:\/\/www.mymallorcadiary.com\/wp-content\/uploads\/2026\/02\/Spa-hotel-in-Alcudia-696x391.webp 696w, https:\/\/www.mymallorcadiary.com\/wp-content\/uploads\/2026\/02\/Spa-hotel-in-Alcudia-1392x782.webp 1392w\" sizes=\"(max-width: 1920px) 100vw, 1920px\" \/><\/a>\n\t\t\t<\/div><\/figure>\n\t\t<\/div>\n\n<p>Fotos via <a href=\"https:\/\/grupotel.com\/es\/hotels\/mallorca\/puerto-alcudia\/maritimo\">grupotel.com<\/a><\/p>\n<h3 data-start=\"5577\" data-end=\"5627\"><span class=\"ez-toc-section\" id=\"Alojate_en_el_campo_para_disfrutar_de_paz_y_relajacion\"><\/span><strong>Al\u00f3jate en el campo para disfrutar de paz y relajaci\u00f3n.<\/strong><span class=\"ez-toc-section-end\"><\/span><\/h3>\n<p>Los agroturismos y las fincas rurales son espectaculares en primavera. El campo es verde y tranquilo, perfecto para familias o parejas que buscan relajarse en paz.<\/p>\n<h4><span class=\"ez-toc-section\" id=\"Zoetry_Mallorca_Wellness_Spa\"><\/span><strong>Zoetry Mallorca Wellness &amp; Spa<\/strong><span class=\"ez-toc-section-end\"><\/span><\/h4>\n<p data-start=\"682\" data-end=\"748\">\ud83d\udccd <strong>Ubicaci\u00f3n:<\/strong> En el campo de Llucmajor, a unos 20 minutos de Palma. <strong><a href=\"https:\/\/maps.app.goo.gl\/o8hT1XZkUscfiZsr9\" target=\"_blank\" rel=\"noopener\">Consulta la ubicaci\u00f3n exacta aqu\u00ed<\/a><\/strong>.<\/p>\n<p data-start=\"750\" data-end=\"991\">Zo\u00ebtry Mallorca se encuentra en una finca hist\u00f3rica del siglo XIV, rodeada de vi\u00f1edos y paisajes abiertos. Este lujoso refugio de bienestar combina arquitectura hist\u00f3rica con modernas instalaciones de spa, alta gastronom\u00eda y jardines bellamente dise\u00f1ados. Zo\u00ebtry es un hotel que admite mascotas, por lo que acepta mascotas peque\u00f1as. Traiga a su mascota a Zo\u00ebtry. Puede ver m\u00e1s alojamientos que admiten mascotas aqu\u00ed: <strong><a href=\"https:\/\/www.mymallorcadiary.com\/pet-friendly-hotels-in-mallorca\/\" target=\"_blank\" rel=\"noopener\">Los mejores hoteles que admiten mascotas en Mallorca<\/a><\/strong><\/p>\n<p data-start=\"993\" data-end=\"1082\">Ofrece habitaciones y suites espaciosas, un gran spa, piscinas al aire libre y un ambiente refinado.<\/p>\n<p data-start=\"1084\" data-end=\"1256\"><strong data-start=\"1084\" data-end=\"1111\">\u00bfPor qu\u00e9 reservarlo para Semana Santa?<\/strong><br data-start=\"1111\" data-end=\"1114\" \/>Ideal si buscas una escapada de lujo en el campo con tratamientos de bienestar, un entorno tranquilo y f\u00e1cil acceso a las procesiones de Semana Santa de Palma.<\/p>\n<p><strong>Ver m\u00e1s detalles y reservar:<\/strong> <strong><a href=\"https:\/\/booking.stay22.com\/likexpats\/24tfCvCoKU\" target=\"_blank\" rel=\"noopener\">Zoetry Mallorca Wellness &amp; Spa<\/a><\/strong><\/p>\n<div id='gallery-16' class='gallery galleryid-1873 gallery-columns-2 gallery-size-full'><figure class='gallery-item'>\n\t\t\t<div class='gallery-icon landscape'>\n\t\t\t\t<a href='https:\/\/www.mymallorcadiary.com\/wp-content\/uploads\/2026\/02\/Zoetry-hotel-in-Mallorca.webp'><img decoding=\"async\" width=\"1920\" height=\"1078\" src=\"https:\/\/www.mymallorcadiary.com\/wp-content\/uploads\/2026\/02\/Zoetry-hotel-in-Mallorca.webp\" class=\"attachment-full size-full\" alt=\"\" srcset=\"https:\/\/www.mymallorcadiary.com\/wp-content\/uploads\/2026\/02\/Zoetry-hotel-in-Mallorca.webp 1920w, https:\/\/www.mymallorcadiary.com\/wp-content\/uploads\/2026\/02\/Zoetry-hotel-in-Mallorca-300x168.webp 300w, https:\/\/www.mymallorcadiary.com\/wp-content\/uploads\/2026\/02\/Zoetry-hotel-in-Mallorca-1024x575.webp 1024w, https:\/\/www.mymallorcadiary.com\/wp-content\/uploads\/2026\/02\/Zoetry-hotel-in-Mallorca-768x431.webp 768w, https:\/\/www.mymallorcadiary.com\/wp-content\/uploads\/2026\/02\/Zoetry-hotel-in-Mallorca-1536x862.webp 1536w, https:\/\/www.mymallorcadiary.com\/wp-content\/uploads\/2026\/02\/Zoetry-hotel-in-Mallorca-696x391.webp 696w, https:\/\/www.mymallorcadiary.com\/wp-content\/uploads\/2026\/02\/Zoetry-hotel-in-Mallorca-1392x782.webp 1392w\" sizes=\"(max-width: 1920px) 100vw, 1920px\" \/><\/a>\n\t\t\t<\/div><\/figure><figure class='gallery-item'>\n\t\t\t<div class='gallery-icon landscape'>\n\t\t\t\t<a href='https:\/\/www.mymallorcadiary.com\/wp-content\/uploads\/2026\/02\/Zoetry-Mallorca.webp'><img decoding=\"async\" width=\"1920\" height=\"1078\" src=\"https:\/\/www.mymallorcadiary.com\/wp-content\/uploads\/2026\/02\/Zoetry-Mallorca.webp\" class=\"attachment-full size-full\" alt=\"\" srcset=\"https:\/\/www.mymallorcadiary.com\/wp-content\/uploads\/2026\/02\/Zoetry-Mallorca.webp 1920w, https:\/\/www.mymallorcadiary.com\/wp-content\/uploads\/2026\/02\/Zoetry-Mallorca-300x168.webp 300w, https:\/\/www.mymallorcadiary.com\/wp-content\/uploads\/2026\/02\/Zoetry-Mallorca-1024x575.webp 1024w, https:\/\/www.mymallorcadiary.com\/wp-content\/uploads\/2026\/02\/Zoetry-Mallorca-768x431.webp 768w, https:\/\/www.mymallorcadiary.com\/wp-content\/uploads\/2026\/02\/Zoetry-Mallorca-1536x862.webp 1536w, https:\/\/www.mymallorcadiary.com\/wp-content\/uploads\/2026\/02\/Zoetry-Mallorca-696x391.webp 696w, https:\/\/www.mymallorcadiary.com\/wp-content\/uploads\/2026\/02\/Zoetry-Mallorca-1392x782.webp 1392w\" sizes=\"(max-width: 1920px) 100vw, 1920px\" \/><\/a>\n\t\t\t<\/div><\/figure><figure class='gallery-item'>\n\t\t\t<div class='gallery-icon landscape'>\n\t\t\t\t<a href='https:\/\/www.mymallorcadiary.com\/wp-content\/uploads\/2026\/02\/Exclusive-Zoetry-Mallorca.webp'><img decoding=\"async\" width=\"1920\" height=\"1078\" src=\"https:\/\/www.mymallorcadiary.com\/wp-content\/uploads\/2026\/02\/Exclusive-Zoetry-Mallorca.webp\" class=\"attachment-full size-full\" alt=\"\" srcset=\"https:\/\/www.mymallorcadiary.com\/wp-content\/uploads\/2026\/02\/Exclusive-Zoetry-Mallorca.webp 1920w, https:\/\/www.mymallorcadiary.com\/wp-content\/uploads\/2026\/02\/Exclusive-Zoetry-Mallorca-300x168.webp 300w, https:\/\/www.mymallorcadiary.com\/wp-content\/uploads\/2026\/02\/Exclusive-Zoetry-Mallorca-1024x575.webp 1024w, https:\/\/www.mymallorcadiary.com\/wp-content\/uploads\/2026\/02\/Exclusive-Zoetry-Mallorca-768x431.webp 768w, https:\/\/www.mymallorcadiary.com\/wp-content\/uploads\/2026\/02\/Exclusive-Zoetry-Mallorca-1536x862.webp 1536w, https:\/\/www.mymallorcadiary.com\/wp-content\/uploads\/2026\/02\/Exclusive-Zoetry-Mallorca-696x391.webp 696w, https:\/\/www.mymallorcadiary.com\/wp-content\/uploads\/2026\/02\/Exclusive-Zoetry-Mallorca-1392x782.webp 1392w\" sizes=\"(max-width: 1920px) 100vw, 1920px\" \/><\/a>\n\t\t\t<\/div><\/figure><figure class='gallery-item'>\n\t\t\t<div class='gallery-icon landscape'>\n\t\t\t\t<a href='https:\/\/www.mymallorcadiary.com\/wp-content\/uploads\/2026\/02\/Exclusive-countryside-hotel-in-Mallorca.webp'><img decoding=\"async\" width=\"1920\" height=\"1078\" src=\"https:\/\/www.mymallorcadiary.com\/wp-content\/uploads\/2026\/02\/Exclusive-countryside-hotel-in-Mallorca.webp\" class=\"attachment-full size-full\" alt=\"\" srcset=\"https:\/\/www.mymallorcadiary.com\/wp-content\/uploads\/2026\/02\/Exclusive-countryside-hotel-in-Mallorca.webp 1920w, https:\/\/www.mymallorcadiary.com\/wp-content\/uploads\/2026\/02\/Exclusive-countryside-hotel-in-Mallorca-300x168.webp 300w, https:\/\/www.mymallorcadiary.com\/wp-content\/uploads\/2026\/02\/Exclusive-countryside-hotel-in-Mallorca-1024x575.webp 1024w, https:\/\/www.mymallorcadiary.com\/wp-content\/uploads\/2026\/02\/Exclusive-countryside-hotel-in-Mallorca-768x431.webp 768w, https:\/\/www.mymallorcadiary.com\/wp-content\/uploads\/2026\/02\/Exclusive-countryside-hotel-in-Mallorca-1536x862.webp 1536w, https:\/\/www.mymallorcadiary.com\/wp-content\/uploads\/2026\/02\/Exclusive-countryside-hotel-in-Mallorca-696x391.webp 696w, https:\/\/www.mymallorcadiary.com\/wp-content\/uploads\/2026\/02\/Exclusive-countryside-hotel-in-Mallorca-1392x782.webp 1392w\" sizes=\"(max-width: 1920px) 100vw, 1920px\" \/><\/a>\n\t\t\t<\/div><\/figure>\n\t\t<\/div>\n\n<p>Fotos via <a href=\"https:\/\/www.hyattinclusivecollection.com\/en\/resorts-hotels\/zoetry\/spain\/mallorca-balearic-islands\" target=\"_blank\" rel=\"noopener\">hyattinclusivecollection.com<\/a><\/p>\n<h4><span class=\"ez-toc-section\" id=\"Agroturismo_Son_Viscos\"><\/span><strong>Agroturismo Son Viscos<\/strong><span class=\"ez-toc-section-end\"><\/span><\/h4>\n<p data-start=\"1292\" data-end=\"1345\">\ud83d\udccd Ubicaci\u00f3n: Zona de Valldemossa, Serra de Tramuntana. <strong><a href=\"https:\/\/maps.app.goo.gl\/C4UhDrPunkfhr95x8\" target=\"_blank\" rel=\"noopener\">Consulta la ubicaci\u00f3n exacta aqu\u00ed<\/a><\/strong><\/p>\n<p data-start=\"1347\" data-end=\"1549\">Son Viscos es un encantador refugio rural situado cerca de Valldemossa, rodeado de monta\u00f1as y naturaleza. La finca ofrece un ambiente c\u00e1lido e \u00edntimo, arquitectura tradicional de piedra y preciosas vistas al jard\u00edn.<\/p>\n<p data-start=\"1551\" data-end=\"1634\">El entorno de la sierra de Tramuntana lo convierte en un lugar ideal para paseos primaverales y ma\u00f1anas tranquilas.<\/p>\n<p data-start=\"1636\" data-end=\"1775\"><strong data-start=\"1636\" data-end=\"1663\">\u00bfPor qu\u00e9 reservarlo para Semana Santa?<\/strong><br data-start=\"1663\" data-end=\"1666\" \/>Un remanso de paz para parejas que buscan combinar paisajes de monta\u00f1a, senderismo primaveral y aut\u00e9ntico encanto rural.<\/p>\n<p><strong>Ver m\u00e1s detalles y reservar: <a href=\"https:\/\/booking.stay22.com\/likexpats\/dI5fuREzRt\" target=\"_blank\" rel=\"noopener\">Agroturismo Son Viscos<\/a><\/strong><\/p>\n<div id='gallery-17' class='gallery galleryid-1873 gallery-columns-2 gallery-size-full'><figure class='gallery-item'>\n\t\t\t<div class='gallery-icon landscape'>\n\t\t\t\t<a href='https:\/\/www.mymallorcadiary.com\/wp-content\/uploads\/2026\/02\/Agroturismo-en-el-norte-de-Mallorca.webp'><img decoding=\"async\" width=\"1920\" height=\"1078\" src=\"https:\/\/www.mymallorcadiary.com\/wp-content\/uploads\/2026\/02\/Agroturismo-en-el-norte-de-Mallorca.webp\" class=\"attachment-full size-full\" alt=\"\" srcset=\"https:\/\/www.mymallorcadiary.com\/wp-content\/uploads\/2026\/02\/Agroturismo-en-el-norte-de-Mallorca.webp 1920w, https:\/\/www.mymallorcadiary.com\/wp-content\/uploads\/2026\/02\/Agroturismo-en-el-norte-de-Mallorca-300x168.webp 300w, https:\/\/www.mymallorcadiary.com\/wp-content\/uploads\/2026\/02\/Agroturismo-en-el-norte-de-Mallorca-1024x575.webp 1024w, https:\/\/www.mymallorcadiary.com\/wp-content\/uploads\/2026\/02\/Agroturismo-en-el-norte-de-Mallorca-768x431.webp 768w, https:\/\/www.mymallorcadiary.com\/wp-content\/uploads\/2026\/02\/Agroturismo-en-el-norte-de-Mallorca-1536x862.webp 1536w, https:\/\/www.mymallorcadiary.com\/wp-content\/uploads\/2026\/02\/Agroturismo-en-el-norte-de-Mallorca-696x391.webp 696w, https:\/\/www.mymallorcadiary.com\/wp-content\/uploads\/2026\/02\/Agroturismo-en-el-norte-de-Mallorca-1392x782.webp 1392w\" sizes=\"(max-width: 1920px) 100vw, 1920px\" \/><\/a>\n\t\t\t<\/div><\/figure><figure class='gallery-item'>\n\t\t\t<div class='gallery-icon landscape'>\n\t\t\t\t<a href='https:\/\/www.mymallorcadiary.com\/wp-content\/uploads\/2026\/02\/Agroturismo-en-Valldemossa.webp'><img decoding=\"async\" width=\"1920\" height=\"1078\" src=\"https:\/\/www.mymallorcadiary.com\/wp-content\/uploads\/2026\/02\/Agroturismo-en-Valldemossa.webp\" class=\"attachment-full size-full\" alt=\"\" srcset=\"https:\/\/www.mymallorcadiary.com\/wp-content\/uploads\/2026\/02\/Agroturismo-en-Valldemossa.webp 1920w, https:\/\/www.mymallorcadiary.com\/wp-content\/uploads\/2026\/02\/Agroturismo-en-Valldemossa-300x168.webp 300w, https:\/\/www.mymallorcadiary.com\/wp-content\/uploads\/2026\/02\/Agroturismo-en-Valldemossa-1024x575.webp 1024w, https:\/\/www.mymallorcadiary.com\/wp-content\/uploads\/2026\/02\/Agroturismo-en-Valldemossa-768x431.webp 768w, https:\/\/www.mymallorcadiary.com\/wp-content\/uploads\/2026\/02\/Agroturismo-en-Valldemossa-1536x862.webp 1536w, https:\/\/www.mymallorcadiary.com\/wp-content\/uploads\/2026\/02\/Agroturismo-en-Valldemossa-696x391.webp 696w, https:\/\/www.mymallorcadiary.com\/wp-content\/uploads\/2026\/02\/Agroturismo-en-Valldemossa-1392x782.webp 1392w\" sizes=\"(max-width: 1920px) 100vw, 1920px\" \/><\/a>\n\t\t\t<\/div><\/figure><figure class='gallery-item'>\n\t\t\t<div class='gallery-icon landscape'>\n\t\t\t\t<a href='https:\/\/www.mymallorcadiary.com\/wp-content\/uploads\/2026\/02\/Agroturismo-Son-Viscos.webp'><img decoding=\"async\" width=\"1920\" height=\"1078\" src=\"https:\/\/www.mymallorcadiary.com\/wp-content\/uploads\/2026\/02\/Agroturismo-Son-Viscos.webp\" class=\"attachment-full size-full\" alt=\"\" srcset=\"https:\/\/www.mymallorcadiary.com\/wp-content\/uploads\/2026\/02\/Agroturismo-Son-Viscos.webp 1920w, https:\/\/www.mymallorcadiary.com\/wp-content\/uploads\/2026\/02\/Agroturismo-Son-Viscos-300x168.webp 300w, https:\/\/www.mymallorcadiary.com\/wp-content\/uploads\/2026\/02\/Agroturismo-Son-Viscos-1024x575.webp 1024w, https:\/\/www.mymallorcadiary.com\/wp-content\/uploads\/2026\/02\/Agroturismo-Son-Viscos-768x431.webp 768w, https:\/\/www.mymallorcadiary.com\/wp-content\/uploads\/2026\/02\/Agroturismo-Son-Viscos-1536x862.webp 1536w, https:\/\/www.mymallorcadiary.com\/wp-content\/uploads\/2026\/02\/Agroturismo-Son-Viscos-696x391.webp 696w, https:\/\/www.mymallorcadiary.com\/wp-content\/uploads\/2026\/02\/Agroturismo-Son-Viscos-1392x782.webp 1392w\" sizes=\"(max-width: 1920px) 100vw, 1920px\" \/><\/a>\n\t\t\t<\/div><\/figure><figure class='gallery-item'>\n\t\t\t<div class='gallery-icon landscape'>\n\t\t\t\t<a href='https:\/\/www.mymallorcadiary.com\/wp-content\/uploads\/2026\/02\/Son-Viscos-Mallorca.webp'><img decoding=\"async\" width=\"1920\" height=\"1078\" src=\"https:\/\/www.mymallorcadiary.com\/wp-content\/uploads\/2026\/02\/Son-Viscos-Mallorca.webp\" class=\"attachment-full size-full\" alt=\"\" srcset=\"https:\/\/www.mymallorcadiary.com\/wp-content\/uploads\/2026\/02\/Son-Viscos-Mallorca.webp 1920w, https:\/\/www.mymallorcadiary.com\/wp-content\/uploads\/2026\/02\/Son-Viscos-Mallorca-300x168.webp 300w, https:\/\/www.mymallorcadiary.com\/wp-content\/uploads\/2026\/02\/Son-Viscos-Mallorca-1024x575.webp 1024w, https:\/\/www.mymallorcadiary.com\/wp-content\/uploads\/2026\/02\/Son-Viscos-Mallorca-768x431.webp 768w, https:\/\/www.mymallorcadiary.com\/wp-content\/uploads\/2026\/02\/Son-Viscos-Mallorca-1536x862.webp 1536w, https:\/\/www.mymallorcadiary.com\/wp-content\/uploads\/2026\/02\/Son-Viscos-Mallorca-696x391.webp 696w, https:\/\/www.mymallorcadiary.com\/wp-content\/uploads\/2026\/02\/Son-Viscos-Mallorca-1392x782.webp 1392w\" sizes=\"(max-width: 1920px) 100vw, 1920px\" \/><\/a>\n\t\t\t<\/div><\/figure>\n\t\t<\/div>\n\n<p>Fotos via sonviscos.net<\/p>\n<h4><span class=\"ez-toc-section\" id=\"Finca_Hotel_Rural_Es_Turo_4\"><\/span><strong>Finca Hotel Rural Es Tur\u00f3 4*<\/strong><span class=\"ez-toc-section-end\"><\/span><\/h4>\n<p data-start=\"1814\" data-end=\"1865\">\ud83d\udccd Ubicaci\u00f3n: Al sur de Mallorca, cerca de Ses Salines. <strong><a href=\"https:\/\/maps.app.goo.gl\/k5dZMzNH5MMmQ16SA\" target=\"_blank\" rel=\"noopener\">Consulta la ubicaci\u00f3n exacta aqu\u00ed<\/a><\/strong><\/p>\n<p data-start=\"1867\" data-end=\"2058\">Es Tur\u00f3 se encuentra en una peque\u00f1a colina con vistas al campo y la costa, en el sur de la isla. Ofrece vistas panor\u00e1micas, habitaciones espaciosas, una relajante zona de piscina y un ambiente rural tranquilo.<\/p>\n<p data-start=\"2060\" data-end=\"2123\">Playas como Es Trenc y Cala Llombards est\u00e1n a poca distancia.<\/p>\n<p data-start=\"2125\" data-end=\"2262\"><strong data-start=\"2125\" data-end=\"2152\">\u00bfPor qu\u00e9 reservarlo para Semana Santa?<\/strong><br data-start=\"2152\" data-end=\"2155\" \/>Ideal si buscas la tranquilidad del campo pero sin renunciar a la cercan\u00eda de algunas de las playas m\u00e1s bonitas de Mallorca.<\/p>\n<p><strong>Ver m\u00e1s detalles y reservar:<\/strong> <strong><a href=\"https:\/\/booking.stay22.com\/likexpats\/2qtF-HCchb\" target=\"_blank\" rel=\"noopener\">Finca Hotel Rural Es Tur\u00f3<\/a><\/strong><\/p>\n<div id='gallery-18' class='gallery galleryid-1873 gallery-columns-2 gallery-size-full'><figure class='gallery-item'>\n\t\t\t<div class='gallery-icon landscape'>\n\t\t\t\t<a href='https:\/\/www.mymallorcadiary.com\/wp-content\/uploads\/2026\/02\/Hotel-Rural-Es-Turo.webp'><img decoding=\"async\" width=\"1920\" height=\"1078\" src=\"https:\/\/www.mymallorcadiary.com\/wp-content\/uploads\/2026\/02\/Hotel-Rural-Es-Turo.webp\" class=\"attachment-full size-full\" alt=\"\" srcset=\"https:\/\/www.mymallorcadiary.com\/wp-content\/uploads\/2026\/02\/Hotel-Rural-Es-Turo.webp 1920w, https:\/\/www.mymallorcadiary.com\/wp-content\/uploads\/2026\/02\/Hotel-Rural-Es-Turo-300x168.webp 300w, https:\/\/www.mymallorcadiary.com\/wp-content\/uploads\/2026\/02\/Hotel-Rural-Es-Turo-1024x575.webp 1024w, https:\/\/www.mymallorcadiary.com\/wp-content\/uploads\/2026\/02\/Hotel-Rural-Es-Turo-768x431.webp 768w, https:\/\/www.mymallorcadiary.com\/wp-content\/uploads\/2026\/02\/Hotel-Rural-Es-Turo-1536x862.webp 1536w, https:\/\/www.mymallorcadiary.com\/wp-content\/uploads\/2026\/02\/Hotel-Rural-Es-Turo-696x391.webp 696w, https:\/\/www.mymallorcadiary.com\/wp-content\/uploads\/2026\/02\/Hotel-Rural-Es-Turo-1392x782.webp 1392w\" sizes=\"(max-width: 1920px) 100vw, 1920px\" \/><\/a>\n\t\t\t<\/div><\/figure><figure class='gallery-item'>\n\t\t\t<div class='gallery-icon landscape'>\n\t\t\t\t<a href='https:\/\/www.mymallorcadiary.com\/wp-content\/uploads\/2026\/02\/Hotel-Rural-Ses-Salines.webp'><img decoding=\"async\" width=\"1920\" height=\"1078\" src=\"https:\/\/www.mymallorcadiary.com\/wp-content\/uploads\/2026\/02\/Hotel-Rural-Ses-Salines.webp\" class=\"attachment-full size-full\" alt=\"\" srcset=\"https:\/\/www.mymallorcadiary.com\/wp-content\/uploads\/2026\/02\/Hotel-Rural-Ses-Salines.webp 1920w, https:\/\/www.mymallorcadiary.com\/wp-content\/uploads\/2026\/02\/Hotel-Rural-Ses-Salines-300x168.webp 300w, https:\/\/www.mymallorcadiary.com\/wp-content\/uploads\/2026\/02\/Hotel-Rural-Ses-Salines-1024x575.webp 1024w, https:\/\/www.mymallorcadiary.com\/wp-content\/uploads\/2026\/02\/Hotel-Rural-Ses-Salines-768x431.webp 768w, https:\/\/www.mymallorcadiary.com\/wp-content\/uploads\/2026\/02\/Hotel-Rural-Ses-Salines-1536x862.webp 1536w, https:\/\/www.mymallorcadiary.com\/wp-content\/uploads\/2026\/02\/Hotel-Rural-Ses-Salines-696x391.webp 696w, https:\/\/www.mymallorcadiary.com\/wp-content\/uploads\/2026\/02\/Hotel-Rural-Ses-Salines-1392x782.webp 1392w\" sizes=\"(max-width: 1920px) 100vw, 1920px\" \/><\/a>\n\t\t\t<\/div><\/figure><figure class='gallery-item'>\n\t\t\t<div class='gallery-icon landscape'>\n\t\t\t\t<a href='https:\/\/www.mymallorcadiary.com\/wp-content\/uploads\/2026\/02\/Hotel-Rural-Mallorca.webp'><img decoding=\"async\" width=\"1920\" height=\"1078\" src=\"https:\/\/www.mymallorcadiary.com\/wp-content\/uploads\/2026\/02\/Hotel-Rural-Mallorca.webp\" class=\"attachment-full size-full\" alt=\"\" srcset=\"https:\/\/www.mymallorcadiary.com\/wp-content\/uploads\/2026\/02\/Hotel-Rural-Mallorca.webp 1920w, https:\/\/www.mymallorcadiary.com\/wp-content\/uploads\/2026\/02\/Hotel-Rural-Mallorca-300x168.webp 300w, https:\/\/www.mymallorcadiary.com\/wp-content\/uploads\/2026\/02\/Hotel-Rural-Mallorca-1024x575.webp 1024w, https:\/\/www.mymallorcadiary.com\/wp-content\/uploads\/2026\/02\/Hotel-Rural-Mallorca-768x431.webp 768w, https:\/\/www.mymallorcadiary.com\/wp-content\/uploads\/2026\/02\/Hotel-Rural-Mallorca-1536x862.webp 1536w, https:\/\/www.mymallorcadiary.com\/wp-content\/uploads\/2026\/02\/Hotel-Rural-Mallorca-696x391.webp 696w, https:\/\/www.mymallorcadiary.com\/wp-content\/uploads\/2026\/02\/Hotel-Rural-Mallorca-1392x782.webp 1392w\" sizes=\"(max-width: 1920px) 100vw, 1920px\" \/><\/a>\n\t\t\t<\/div><\/figure><figure class='gallery-item'>\n\t\t\t<div class='gallery-icon landscape'>\n\t\t\t\t<a href='https:\/\/www.mymallorcadiary.com\/wp-content\/uploads\/2026\/02\/Rural-Hotel-in-Mallorca.webp'><img decoding=\"async\" width=\"1920\" height=\"1078\" src=\"https:\/\/www.mymallorcadiary.com\/wp-content\/uploads\/2026\/02\/Rural-Hotel-in-Mallorca.webp\" class=\"attachment-full size-full\" alt=\"\" srcset=\"https:\/\/www.mymallorcadiary.com\/wp-content\/uploads\/2026\/02\/Rural-Hotel-in-Mallorca.webp 1920w, https:\/\/www.mymallorcadiary.com\/wp-content\/uploads\/2026\/02\/Rural-Hotel-in-Mallorca-300x168.webp 300w, https:\/\/www.mymallorcadiary.com\/wp-content\/uploads\/2026\/02\/Rural-Hotel-in-Mallorca-1024x575.webp 1024w, https:\/\/www.mymallorcadiary.com\/wp-content\/uploads\/2026\/02\/Rural-Hotel-in-Mallorca-768x431.webp 768w, https:\/\/www.mymallorcadiary.com\/wp-content\/uploads\/2026\/02\/Rural-Hotel-in-Mallorca-1536x862.webp 1536w, https:\/\/www.mymallorcadiary.com\/wp-content\/uploads\/2026\/02\/Rural-Hotel-in-Mallorca-696x391.webp 696w, https:\/\/www.mymallorcadiary.com\/wp-content\/uploads\/2026\/02\/Rural-Hotel-in-Mallorca-1392x782.webp 1392w\" sizes=\"(max-width: 1920px) 100vw, 1920px\" \/><\/a>\n\t\t\t<\/div><\/figure>\n\t\t<\/div>\n\n<p>Fotos via esturo.com<\/p>\n<h4><span class=\"ez-toc-section\" id=\"Monnaber_Nou_Finca_Hotel_Spa\"><\/span><strong>Monnaber Nou Finca Hotel &amp; Spa<\/strong><span class=\"ez-toc-section-end\"><\/span><\/h4>\n<p data-start=\"2306\" data-end=\"2371\">\ud83d\udccd Ubicaci\u00f3n: Campanet, al pie de la sierra de Tramuntana. <strong><a href=\"https:\/\/maps.app.goo.gl\/A217MtDoukK7bAbz6\" target=\"_blank\" rel=\"noopener\">Consulta la ubicaci\u00f3n exacta aqu\u00ed<\/a><\/strong><\/p>\n<p data-start=\"2373\" data-end=\"2564\">Esta finca hist\u00f3rica data del siglo XIII y est\u00e1 rodeada de monta\u00f1as, olivos y naturaleza. Ofrece un spa, piscina cubierta y amplios jardines perfectos para pasear y relajarse.<\/p>\n<p data-start=\"2566\" data-end=\"2624\">Te sientes desconectado y tranquilo, a la vez que accesible.<\/p>\n<p data-start=\"2626\" data-end=\"2762\"><strong data-start=\"2626\" data-end=\"2653\">\u00bfPor qu\u00e9 reservarlo para Semana Santa?<\/strong><br data-start=\"2653\" data-end=\"2656\" \/>Un equilibrio perfecto entre vacaciones activas (senderismo, ciclismo) y relajaci\u00f3n en un spa durante el suave clima primaveral.<\/p>\n<p><strong>Ver m\u00e1s detalles y reservar:<\/strong> <strong><a href=\"https:\/\/booking.stay22.com\/likexpats\/k0xwKp8gSl\" target=\"_blank\" rel=\"noopener\">Monnaber Nou Finca Hotel &amp; Spa<\/a><\/strong><\/p>\n<div id='gallery-19' class='gallery galleryid-1873 gallery-columns-2 gallery-size-full'><figure class='gallery-item'>\n\t\t\t<div class='gallery-icon landscape'>\n\t\t\t\t<a href='https:\/\/www.mymallorcadiary.com\/wp-content\/uploads\/2026\/02\/Countryside-hotel-in-Campanet.webp'><img decoding=\"async\" width=\"1920\" height=\"1078\" src=\"https:\/\/www.mymallorcadiary.com\/wp-content\/uploads\/2026\/02\/Countryside-hotel-in-Campanet.webp\" class=\"attachment-full size-full\" alt=\"\" srcset=\"https:\/\/www.mymallorcadiary.com\/wp-content\/uploads\/2026\/02\/Countryside-hotel-in-Campanet.webp 1920w, https:\/\/www.mymallorcadiary.com\/wp-content\/uploads\/2026\/02\/Countryside-hotel-in-Campanet-300x168.webp 300w, https:\/\/www.mymallorcadiary.com\/wp-content\/uploads\/2026\/02\/Countryside-hotel-in-Campanet-1024x575.webp 1024w, https:\/\/www.mymallorcadiary.com\/wp-content\/uploads\/2026\/02\/Countryside-hotel-in-Campanet-768x431.webp 768w, https:\/\/www.mymallorcadiary.com\/wp-content\/uploads\/2026\/02\/Countryside-hotel-in-Campanet-1536x862.webp 1536w, https:\/\/www.mymallorcadiary.com\/wp-content\/uploads\/2026\/02\/Countryside-hotel-in-Campanet-696x391.webp 696w, https:\/\/www.mymallorcadiary.com\/wp-content\/uploads\/2026\/02\/Countryside-hotel-in-Campanet-1392x782.webp 1392w\" sizes=\"(max-width: 1920px) 100vw, 1920px\" \/><\/a>\n\t\t\t<\/div><\/figure><figure class='gallery-item'>\n\t\t\t<div class='gallery-icon landscape'>\n\t\t\t\t<a href='https:\/\/www.mymallorcadiary.com\/wp-content\/uploads\/2026\/02\/Tramuntana-hotel.webp'><img decoding=\"async\" width=\"1920\" height=\"1078\" src=\"https:\/\/www.mymallorcadiary.com\/wp-content\/uploads\/2026\/02\/Tramuntana-hotel.webp\" class=\"attachment-full size-full\" alt=\"\" srcset=\"https:\/\/www.mymallorcadiary.com\/wp-content\/uploads\/2026\/02\/Tramuntana-hotel.webp 1920w, https:\/\/www.mymallorcadiary.com\/wp-content\/uploads\/2026\/02\/Tramuntana-hotel-300x168.webp 300w, https:\/\/www.mymallorcadiary.com\/wp-content\/uploads\/2026\/02\/Tramuntana-hotel-1024x575.webp 1024w, https:\/\/www.mymallorcadiary.com\/wp-content\/uploads\/2026\/02\/Tramuntana-hotel-768x431.webp 768w, https:\/\/www.mymallorcadiary.com\/wp-content\/uploads\/2026\/02\/Tramuntana-hotel-1536x862.webp 1536w, https:\/\/www.mymallorcadiary.com\/wp-content\/uploads\/2026\/02\/Tramuntana-hotel-696x391.webp 696w, https:\/\/www.mymallorcadiary.com\/wp-content\/uploads\/2026\/02\/Tramuntana-hotel-1392x782.webp 1392w\" sizes=\"(max-width: 1920px) 100vw, 1920px\" \/><\/a>\n\t\t\t<\/div><\/figure><figure class='gallery-item'>\n\t\t\t<div class='gallery-icon landscape'>\n\t\t\t\t<a href='https:\/\/www.mymallorcadiary.com\/wp-content\/uploads\/2026\/02\/Monnaber-Nou.webp'><img decoding=\"async\" width=\"1920\" height=\"1078\" src=\"https:\/\/www.mymallorcadiary.com\/wp-content\/uploads\/2026\/02\/Monnaber-Nou.webp\" class=\"attachment-full size-full\" alt=\"\" srcset=\"https:\/\/www.mymallorcadiary.com\/wp-content\/uploads\/2026\/02\/Monnaber-Nou.webp 1920w, https:\/\/www.mymallorcadiary.com\/wp-content\/uploads\/2026\/02\/Monnaber-Nou-300x168.webp 300w, https:\/\/www.mymallorcadiary.com\/wp-content\/uploads\/2026\/02\/Monnaber-Nou-1024x575.webp 1024w, https:\/\/www.mymallorcadiary.com\/wp-content\/uploads\/2026\/02\/Monnaber-Nou-768x431.webp 768w, https:\/\/www.mymallorcadiary.com\/wp-content\/uploads\/2026\/02\/Monnaber-Nou-1536x862.webp 1536w, https:\/\/www.mymallorcadiary.com\/wp-content\/uploads\/2026\/02\/Monnaber-Nou-696x391.webp 696w, https:\/\/www.mymallorcadiary.com\/wp-content\/uploads\/2026\/02\/Monnaber-Nou-1392x782.webp 1392w\" sizes=\"(max-width: 1920px) 100vw, 1920px\" \/><\/a>\n\t\t\t<\/div><\/figure><figure class='gallery-item'>\n\t\t\t<div class='gallery-icon landscape'>\n\t\t\t\t<a href='https:\/\/www.mymallorcadiary.com\/wp-content\/uploads\/2026\/02\/Tramuntana-Countryside-hotel.webp'><img decoding=\"async\" width=\"1920\" height=\"1078\" src=\"https:\/\/www.mymallorcadiary.com\/wp-content\/uploads\/2026\/02\/Tramuntana-Countryside-hotel.webp\" class=\"attachment-full size-full\" alt=\"\" srcset=\"https:\/\/www.mymallorcadiary.com\/wp-content\/uploads\/2026\/02\/Tramuntana-Countryside-hotel.webp 1920w, https:\/\/www.mymallorcadiary.com\/wp-content\/uploads\/2026\/02\/Tramuntana-Countryside-hotel-300x168.webp 300w, https:\/\/www.mymallorcadiary.com\/wp-content\/uploads\/2026\/02\/Tramuntana-Countryside-hotel-1024x575.webp 1024w, https:\/\/www.mymallorcadiary.com\/wp-content\/uploads\/2026\/02\/Tramuntana-Countryside-hotel-768x431.webp 768w, https:\/\/www.mymallorcadiary.com\/wp-content\/uploads\/2026\/02\/Tramuntana-Countryside-hotel-1536x862.webp 1536w, https:\/\/www.mymallorcadiary.com\/wp-content\/uploads\/2026\/02\/Tramuntana-Countryside-hotel-696x391.webp 696w, https:\/\/www.mymallorcadiary.com\/wp-content\/uploads\/2026\/02\/Tramuntana-Countryside-hotel-1392x782.webp 1392w\" sizes=\"(max-width: 1920px) 100vw, 1920px\" \/><\/a>\n\t\t\t<\/div><\/figure>\n\t\t<\/div>\n\n<p>Fotos via monnabernou.com<\/p>\n<h4><span class=\"ez-toc-section\" id=\"Son_Julia_Country_House_Spa\"><\/span><strong>Son Julia Country House &amp; Spa<\/strong><span class=\"ez-toc-section-end\"><\/span><\/h4>\n<p data-start=\"2805\" data-end=\"2841\">\ud83d\udccd Ubicaci\u00f3n: En el campo de Llucmajor. <strong><a href=\"https:\/\/maps.app.goo.gl\/N99YHLtVHuVimQKW6\" target=\"_blank\" rel=\"noopener\">Consulta la ubicaci\u00f3n exacta aqu\u00ed<\/a><\/strong><\/p>\n<p data-start=\"2843\" data-end=\"3043\">Son Julia es un refinado hotel rural ubicado en una mansi\u00f3n bellamente restaurada, rodeado de jardines y vi\u00f1edos. Combina elegancia, espacio y privacidad con instalaciones de spa y piscinas al aire libre.<\/p>\n<p data-start=\"3045\" data-end=\"3112\">Est\u00e1 m\u00e1s cerca de Palma que muchos hoteles rurales, lo que facilita las excursiones de un d\u00eda.<\/p>\n<p data-start=\"3114\" data-end=\"3243\"><strong data-start=\"3114\" data-end=\"3141\">\u00bfPor qu\u00e9 reservarlo para Semana Santa?<\/strong><br data-start=\"3141\" data-end=\"3144\" \/>Ideal para parejas que buscan un lujo rom\u00e1ntico en el campo con r\u00e1pido acceso a los eventos culturales de Palma.<\/p>\n<p><strong>Ver m\u00e1s detalles y reservar:<\/strong> <strong><a href=\"https:\/\/booking.stay22.com\/likexpats\/mzjNQU_Zkj\" target=\"_blank\" rel=\"noopener\">Son Julia Country House &amp; Spa<\/a><\/strong><\/p>\n<div id='gallery-20' class='gallery galleryid-1873 gallery-columns-2 gallery-size-full'><figure class='gallery-item'>\n\t\t\t<div class='gallery-icon landscape'>\n\t\t\t\t<a href='https:\/\/www.mymallorcadiary.com\/wp-content\/uploads\/2026\/02\/Country-house-hotel-in-Mallorca.webp'><img decoding=\"async\" width=\"1920\" height=\"1078\" src=\"https:\/\/www.mymallorcadiary.com\/wp-content\/uploads\/2026\/02\/Country-house-hotel-in-Mallorca.webp\" class=\"attachment-full size-full\" alt=\"\" srcset=\"https:\/\/www.mymallorcadiary.com\/wp-content\/uploads\/2026\/02\/Country-house-hotel-in-Mallorca.webp 1920w, https:\/\/www.mymallorcadiary.com\/wp-content\/uploads\/2026\/02\/Country-house-hotel-in-Mallorca-300x168.webp 300w, https:\/\/www.mymallorcadiary.com\/wp-content\/uploads\/2026\/02\/Country-house-hotel-in-Mallorca-1024x575.webp 1024w, https:\/\/www.mymallorcadiary.com\/wp-content\/uploads\/2026\/02\/Country-house-hotel-in-Mallorca-768x431.webp 768w, https:\/\/www.mymallorcadiary.com\/wp-content\/uploads\/2026\/02\/Country-house-hotel-in-Mallorca-1536x862.webp 1536w, https:\/\/www.mymallorcadiary.com\/wp-content\/uploads\/2026\/02\/Country-house-hotel-in-Mallorca-696x391.webp 696w, https:\/\/www.mymallorcadiary.com\/wp-content\/uploads\/2026\/02\/Country-house-hotel-in-Mallorca-1392x782.webp 1392w\" sizes=\"(max-width: 1920px) 100vw, 1920px\" \/><\/a>\n\t\t\t<\/div><\/figure><figure class='gallery-item'>\n\t\t\t<div class='gallery-icon landscape'>\n\t\t\t\t<a href='https:\/\/www.mymallorcadiary.com\/wp-content\/uploads\/2026\/02\/Country-hotel-in-Mallorca.webp'><img decoding=\"async\" width=\"1920\" height=\"1078\" src=\"https:\/\/www.mymallorcadiary.com\/wp-content\/uploads\/2026\/02\/Country-hotel-in-Mallorca.webp\" class=\"attachment-full size-full\" alt=\"\" srcset=\"https:\/\/www.mymallorcadiary.com\/wp-content\/uploads\/2026\/02\/Country-hotel-in-Mallorca.webp 1920w, https:\/\/www.mymallorcadiary.com\/wp-content\/uploads\/2026\/02\/Country-hotel-in-Mallorca-300x168.webp 300w, https:\/\/www.mymallorcadiary.com\/wp-content\/uploads\/2026\/02\/Country-hotel-in-Mallorca-1024x575.webp 1024w, https:\/\/www.mymallorcadiary.com\/wp-content\/uploads\/2026\/02\/Country-hotel-in-Mallorca-768x431.webp 768w, https:\/\/www.mymallorcadiary.com\/wp-content\/uploads\/2026\/02\/Country-hotel-in-Mallorca-1536x862.webp 1536w, https:\/\/www.mymallorcadiary.com\/wp-content\/uploads\/2026\/02\/Country-hotel-in-Mallorca-696x391.webp 696w, https:\/\/www.mymallorcadiary.com\/wp-content\/uploads\/2026\/02\/Country-hotel-in-Mallorca-1392x782.webp 1392w\" sizes=\"(max-width: 1920px) 100vw, 1920px\" \/><\/a>\n\t\t\t<\/div><\/figure><figure class='gallery-item'>\n\t\t\t<div class='gallery-icon landscape'>\n\t\t\t\t<a href='https:\/\/www.mymallorcadiary.com\/wp-content\/uploads\/2026\/02\/Llucmajor-countryside-hotel.webp'><img decoding=\"async\" width=\"1920\" height=\"1078\" src=\"https:\/\/www.mymallorcadiary.com\/wp-content\/uploads\/2026\/02\/Llucmajor-countryside-hotel.webp\" class=\"attachment-full size-full\" alt=\"\" srcset=\"https:\/\/www.mymallorcadiary.com\/wp-content\/uploads\/2026\/02\/Llucmajor-countryside-hotel.webp 1920w, https:\/\/www.mymallorcadiary.com\/wp-content\/uploads\/2026\/02\/Llucmajor-countryside-hotel-300x168.webp 300w, https:\/\/www.mymallorcadiary.com\/wp-content\/uploads\/2026\/02\/Llucmajor-countryside-hotel-1024x575.webp 1024w, https:\/\/www.mymallorcadiary.com\/wp-content\/uploads\/2026\/02\/Llucmajor-countryside-hotel-768x431.webp 768w, https:\/\/www.mymallorcadiary.com\/wp-content\/uploads\/2026\/02\/Llucmajor-countryside-hotel-1536x862.webp 1536w, https:\/\/www.mymallorcadiary.com\/wp-content\/uploads\/2026\/02\/Llucmajor-countryside-hotel-696x391.webp 696w, https:\/\/www.mymallorcadiary.com\/wp-content\/uploads\/2026\/02\/Llucmajor-countryside-hotel-1392x782.webp 1392w\" sizes=\"(max-width: 1920px) 100vw, 1920px\" \/><\/a>\n\t\t\t<\/div><\/figure><figure class='gallery-item'>\n\t\t\t<div class='gallery-icon landscape'>\n\t\t\t\t<a href='https:\/\/www.mymallorcadiary.com\/wp-content\/uploads\/2026\/02\/Hotel-Spa-in-Mallorca.webp'><img decoding=\"async\" width=\"1920\" height=\"1078\" src=\"https:\/\/www.mymallorcadiary.com\/wp-content\/uploads\/2026\/02\/Hotel-Spa-in-Mallorca.webp\" class=\"attachment-full size-full\" alt=\"\" srcset=\"https:\/\/www.mymallorcadiary.com\/wp-content\/uploads\/2026\/02\/Hotel-Spa-in-Mallorca.webp 1920w, https:\/\/www.mymallorcadiary.com\/wp-content\/uploads\/2026\/02\/Hotel-Spa-in-Mallorca-300x168.webp 300w, https:\/\/www.mymallorcadiary.com\/wp-content\/uploads\/2026\/02\/Hotel-Spa-in-Mallorca-1024x575.webp 1024w, https:\/\/www.mymallorcadiary.com\/wp-content\/uploads\/2026\/02\/Hotel-Spa-in-Mallorca-768x431.webp 768w, https:\/\/www.mymallorcadiary.com\/wp-content\/uploads\/2026\/02\/Hotel-Spa-in-Mallorca-1536x862.webp 1536w, https:\/\/www.mymallorcadiary.com\/wp-content\/uploads\/2026\/02\/Hotel-Spa-in-Mallorca-696x391.webp 696w, https:\/\/www.mymallorcadiary.com\/wp-content\/uploads\/2026\/02\/Hotel-Spa-in-Mallorca-1392x782.webp 1392w\" sizes=\"(max-width: 1920px) 100vw, 1920px\" \/><\/a>\n\t\t\t<\/div><\/figure>\n\t\t<\/div>\n\n<p>Fotos via sonjulia.com<\/p>\n<h4><span class=\"ez-toc-section\" id=\"Finca_Cas_Curial_Adults_Only\"><\/span><strong>Finca Ca&#8217;s Curial (Adults Only)<\/strong><span class=\"ez-toc-section-end\"><\/span><\/h4>\n<p data-start=\"3288\" data-end=\"3338\">\ud83d\udccd Ubicaci\u00f3n: Valle de S\u00f3ller, Sierra de Tramuntana. <strong><a href=\"https:\/\/maps.app.goo.gl\/LUUxuX2G6Xg6UKKo8\" target=\"_blank\" rel=\"noopener\">Consulta la ubicaci\u00f3n exacta aqu\u00ed<\/a><\/strong><\/p>\n<p data-start=\"3340\" data-end=\"3505\">Ubicada en el exuberante valle de S\u00f3ller, esta finca solo para adultos est\u00e1 rodeada de naranjos y ofrece vistas a la monta\u00f1a. El ambiente es \u00edntimo, rom\u00e1ntico y sumamente tranquilo.<\/p>\n<p data-start=\"3507\" data-end=\"3578\">Ofrece una arquitectura tradicional con interiores elegantes y sobrios.<\/p>\n<p data-start=\"3580\" data-end=\"3754\"><strong data-start=\"3580\" data-end=\"3607\">\u00bfPor qu\u00e9 reservarlo para Semana Santa?<\/strong><br data-start=\"3607\" data-end=\"3610\" \/>La primavera en S\u00f3ller es espectacular, con los c\u00edtricos en flor y temperaturas suaves, perfectas para parejas que buscan serenidad y belleza natural.<\/p>\n<p><strong>Ver m\u00e1s detalles y reservar: <a href=\"https:\/\/booking.stay22.com\/likexpats\/CX2Lhh4L6u\" target=\"_blank\" rel=\"noopener\">Finca Ca&#8217;s Curial (Adults Only)<\/a><\/strong><\/p>\n<div id='gallery-21' class='gallery galleryid-1873 gallery-columns-2 gallery-size-full'><figure class='gallery-item'>\n\t\t\t<div class='gallery-icon landscape'>\n\t\t\t\t<a href='https:\/\/www.mymallorcadiary.com\/wp-content\/uploads\/2026\/02\/Cas-Curial-hotel.webp'><img decoding=\"async\" width=\"1920\" height=\"1078\" src=\"https:\/\/www.mymallorcadiary.com\/wp-content\/uploads\/2026\/02\/Cas-Curial-hotel.webp\" class=\"attachment-full size-full\" alt=\"\" srcset=\"https:\/\/www.mymallorcadiary.com\/wp-content\/uploads\/2026\/02\/Cas-Curial-hotel.webp 1920w, https:\/\/www.mymallorcadiary.com\/wp-content\/uploads\/2026\/02\/Cas-Curial-hotel-300x168.webp 300w, https:\/\/www.mymallorcadiary.com\/wp-content\/uploads\/2026\/02\/Cas-Curial-hotel-1024x575.webp 1024w, https:\/\/www.mymallorcadiary.com\/wp-content\/uploads\/2026\/02\/Cas-Curial-hotel-768x431.webp 768w, https:\/\/www.mymallorcadiary.com\/wp-content\/uploads\/2026\/02\/Cas-Curial-hotel-1536x862.webp 1536w, https:\/\/www.mymallorcadiary.com\/wp-content\/uploads\/2026\/02\/Cas-Curial-hotel-696x391.webp 696w, https:\/\/www.mymallorcadiary.com\/wp-content\/uploads\/2026\/02\/Cas-Curial-hotel-1392x782.webp 1392w\" sizes=\"(max-width: 1920px) 100vw, 1920px\" \/><\/a>\n\t\t\t<\/div><\/figure><figure class='gallery-item'>\n\t\t\t<div class='gallery-icon landscape'>\n\t\t\t\t<a href='https:\/\/www.mymallorcadiary.com\/wp-content\/uploads\/2026\/02\/Finca-Agroturismo-in-Soller.webp'><img decoding=\"async\" width=\"1920\" height=\"1078\" src=\"https:\/\/www.mymallorcadiary.com\/wp-content\/uploads\/2026\/02\/Finca-Agroturismo-in-Soller.webp\" class=\"attachment-full size-full\" alt=\"\" srcset=\"https:\/\/www.mymallorcadiary.com\/wp-content\/uploads\/2026\/02\/Finca-Agroturismo-in-Soller.webp 1920w, https:\/\/www.mymallorcadiary.com\/wp-content\/uploads\/2026\/02\/Finca-Agroturismo-in-Soller-300x168.webp 300w, https:\/\/www.mymallorcadiary.com\/wp-content\/uploads\/2026\/02\/Finca-Agroturismo-in-Soller-1024x575.webp 1024w, https:\/\/www.mymallorcadiary.com\/wp-content\/uploads\/2026\/02\/Finca-Agroturismo-in-Soller-768x431.webp 768w, https:\/\/www.mymallorcadiary.com\/wp-content\/uploads\/2026\/02\/Finca-Agroturismo-in-Soller-1536x862.webp 1536w, https:\/\/www.mymallorcadiary.com\/wp-content\/uploads\/2026\/02\/Finca-Agroturismo-in-Soller-696x391.webp 696w, https:\/\/www.mymallorcadiary.com\/wp-content\/uploads\/2026\/02\/Finca-Agroturismo-in-Soller-1392x782.webp 1392w\" sizes=\"(max-width: 1920px) 100vw, 1920px\" \/><\/a>\n\t\t\t<\/div><\/figure><figure class='gallery-item'>\n\t\t\t<div class='gallery-icon landscape'>\n\t\t\t\t<a href='https:\/\/www.mymallorcadiary.com\/wp-content\/uploads\/2026\/02\/Agroturismo-in-Soller.webp'><img decoding=\"async\" width=\"1920\" height=\"1078\" src=\"https:\/\/www.mymallorcadiary.com\/wp-content\/uploads\/2026\/02\/Agroturismo-in-Soller.webp\" class=\"attachment-full size-full\" alt=\"\" srcset=\"https:\/\/www.mymallorcadiary.com\/wp-content\/uploads\/2026\/02\/Agroturismo-in-Soller.webp 1920w, https:\/\/www.mymallorcadiary.com\/wp-content\/uploads\/2026\/02\/Agroturismo-in-Soller-300x168.webp 300w, https:\/\/www.mymallorcadiary.com\/wp-content\/uploads\/2026\/02\/Agroturismo-in-Soller-1024x575.webp 1024w, https:\/\/www.mymallorcadiary.com\/wp-content\/uploads\/2026\/02\/Agroturismo-in-Soller-768x431.webp 768w, https:\/\/www.mymallorcadiary.com\/wp-content\/uploads\/2026\/02\/Agroturismo-in-Soller-1536x862.webp 1536w, https:\/\/www.mymallorcadiary.com\/wp-content\/uploads\/2026\/02\/Agroturismo-in-Soller-696x391.webp 696w, https:\/\/www.mymallorcadiary.com\/wp-content\/uploads\/2026\/02\/Agroturismo-in-Soller-1392x782.webp 1392w\" sizes=\"(max-width: 1920px) 100vw, 1920px\" \/><\/a>\n\t\t\t<\/div><\/figure><figure class='gallery-item'>\n\t\t\t<div class='gallery-icon landscape'>\n\t\t\t\t<a href='https:\/\/www.mymallorcadiary.com\/wp-content\/uploads\/2026\/02\/Rural-hotel-in-Soller.webp'><img decoding=\"async\" width=\"1920\" height=\"1078\" src=\"https:\/\/www.mymallorcadiary.com\/wp-content\/uploads\/2026\/02\/Rural-hotel-in-Soller.webp\" class=\"attachment-full size-full\" alt=\"\" srcset=\"https:\/\/www.mymallorcadiary.com\/wp-content\/uploads\/2026\/02\/Rural-hotel-in-Soller.webp 1920w, https:\/\/www.mymallorcadiary.com\/wp-content\/uploads\/2026\/02\/Rural-hotel-in-Soller-300x168.webp 300w, https:\/\/www.mymallorcadiary.com\/wp-content\/uploads\/2026\/02\/Rural-hotel-in-Soller-1024x575.webp 1024w, https:\/\/www.mymallorcadiary.com\/wp-content\/uploads\/2026\/02\/Rural-hotel-in-Soller-768x431.webp 768w, https:\/\/www.mymallorcadiary.com\/wp-content\/uploads\/2026\/02\/Rural-hotel-in-Soller-1536x862.webp 1536w, https:\/\/www.mymallorcadiary.com\/wp-content\/uploads\/2026\/02\/Rural-hotel-in-Soller-696x391.webp 696w, https:\/\/www.mymallorcadiary.com\/wp-content\/uploads\/2026\/02\/Rural-hotel-in-Soller-1392x782.webp 1392w\" sizes=\"(max-width: 1920px) 100vw, 1920px\" \/><\/a>\n\t\t\t<\/div><\/figure>\n\t\t<\/div>\n\n<p>Fotos via cascurial.com<\/p>\n<p><strong>Para obtener m\u00e1s informaci\u00f3n sobre alojamientos, tambi\u00e9n puedes consultar nuestro art\u00edculo del blog sobre:<\/strong> <strong><a href=\"https:\/\/www.mymallorcadiary.com\/es\/los-mejores-hoteles-economicos-en-mallorca\/\" target=\"_blank\" rel=\"noopener\">Los mejores hoteles econ\u00f3micos de Mallorca<\/a><\/strong><\/p>\n<h2 data-start=\"6381\" data-end=\"6457\"><span class=\"ez-toc-section\" id=\"Consejos_practicos_para_visitar_Mallorca_durante_Semana_Santa\"><\/span><strong>Consejos pr\u00e1cticos para visitar Mallorca durante Semana Santa<\/strong><span class=\"ez-toc-section-end\"><\/span><\/h2>\n<ul>\n<li data-start=\"6519\" data-end=\"6552\">\n<p data-start=\"6521\" data-end=\"6552\">Reserva alojamiento con antelaci\u00f3n<\/p>\n<\/li>\n<li data-start=\"6553\" data-end=\"6612\">\n<p data-start=\"6555\" data-end=\"6612\">Se prev\u00e9n cierres temporales de carreteras durante las procesiones importantes<\/p>\n<\/li>\n<li data-start=\"6613\" data-end=\"6666\">\n<p data-start=\"6615\" data-end=\"6666\">Algunas tiendas cierran el Viernes Santo y el Domingo de Pascua<\/p>\n<\/li>\n<li data-start=\"6667\" data-end=\"6728\">\n<p data-start=\"6669\" data-end=\"6728\">Haz reservas en los restaurantes, especialmente en los lugares m\u00e1s concurridos<\/p>\n<\/li>\n<\/ul>\n<h3><span class=\"ez-toc-section\" id=\"Experimenta_Mallorca_en_plena_floracion_primaveral\"><\/span><strong>Experimenta Mallorca en plena floraci\u00f3n primaveral<\/strong><span class=\"ez-toc-section-end\"><\/span><\/h3>\n<p data-start=\"6782\" data-end=\"7014\">La Semana Santa en Mallorca es una combinaci\u00f3n \u00fanica de tradici\u00f3n, sol y estilo de vida mediterr\u00e1neo. Tanto si vienes por las procesiones, los paisajes, las playas o la gastronom\u00eda, es una \u00e9poca m\u00e1gica para explorar la isla antes de que llegue el verano.<\/p>\n<p data-start=\"7016\" data-end=\"7086\">Si est\u00e1s planeando tu viaje, la Semana Santa podr\u00eda ser el momento perfecto.<\/p>\n<h2 data-start=\"7016\" data-end=\"7086\"><span class=\"ez-toc-section\" id=\"Preguntas_frecuentes_Semana_Santa_en_Mallorca\"><\/span><strong>Preguntas frecuentes: Semana Santa en Mallorca<\/strong><span class=\"ez-toc-section-end\"><\/span><\/h2>\n<h3><span class=\"ez-toc-section\" id=\"%C2%BFEs_Semana_Santa_una_buena_epoca_para_visitar_Mallorca\"><\/span><strong>\u00bfEs Semana Santa una buena \u00e9poca para visitar Mallorca?<\/strong><span class=\"ez-toc-section-end\"><\/span><\/h3>\n<p>S\u00ed, la Semana Santa es una de las mejores \u00e9pocas para visitar Mallorca si prefieres temperaturas suaves, menos gente que en verano y una combinaci\u00f3n de cultura, naturaleza y playa. La isla tiene un ambiente animado pero no est\u00e1 masificada, y los paisajes primaverales son preciosos.<\/p>\n<h3><span class=\"ez-toc-section\" id=\"%C2%BFQue_tiempo_hace_en_Mallorca_durante_la_Semana_Santa\"><\/span><strong>\u00bfQu\u00e9 tiempo hace en Mallorca durante la Semana Santa?<\/strong><span class=\"ez-toc-section-end\"><\/span><\/h3>\n<p>El tiempo en Mallorca durante la Semana Santa suele ser templado y soleado, con temperaturas entre 18 \u00b0C y 22 \u00b0C durante el d\u00eda. Las noches pueden ser m\u00e1s frescas, por lo que se recomienda llevar una chaqueta ligera. Es un clima ideal para practicar senderismo, hacer turismo y comer al aire libre.<\/p>\n<h3><span class=\"ez-toc-section\" id=\"%C2%BFEstan_abiertas_las_tiendas_y_los_restaurantes_durante_la_Semana_Santa_en_Mallorca\"><\/span><strong>\u00bfEst\u00e1n abiertas las tiendas y los restaurantes durante la Semana Santa en Mallorca?<\/strong><span class=\"ez-toc-section-end\"><\/span><\/h3>\n<p>La mayor\u00eda de los restaurantes reabren sus puertas para la temporada alta en Semana Santa, sobre todo en las zonas tur\u00edsticas. Sin embargo, algunos comercios pueden cerrar el Viernes Santo y el Domingo de Pascua. Los supermercados y las cafeter\u00edas en las ciudades m\u00e1s grandes suelen permanecer abiertos con horario reducido.<\/p>\n<h3><span class=\"ez-toc-section\" id=\"%C2%BFCuales_son_las_mejores_procesiones_de_Semana_Santa_en_Mallorca\"><\/span><strong>\u00bfCu\u00e1les son las mejores procesiones de Semana Santa en Mallorca?<\/strong><span class=\"ez-toc-section-end\"><\/span><\/h3>\n<p>Las procesiones de Pascua m\u00e1s impresionantes tienen lugar en <strong><a href=\"https:\/\/maps.app.goo.gl\/Yg8EUX9zas8qR9hR7\" target=\"_blank\" rel=\"noopener\">Palma de Mallorca<\/a><\/strong>, especialmente el Jueves Santo y el Viernes Santo. <strong><a href=\"https:\/\/maps.app.goo.gl\/sNhEunvj99fdJtoV8\" target=\"_blank\" rel=\"noopener\">Pollensa<\/a><\/strong> tambi\u00e9n es famosa por \u00abEl Davallament\u00bb, una de las tradiciones m\u00e1s emotivas de la Semana Santa en la isla. Localidades m\u00e1s peque\u00f1as como <strong><a href=\"https:\/\/maps.app.goo.gl\/dsDzKwZb165QLqLp6\" target=\"_blank\" rel=\"noopener\">Art\u00e0<\/a><\/strong> y <strong><a href=\"https:\/\/maps.app.goo.gl\/PA7AXGqNZvnErKTx6\" target=\"_blank\" rel=\"noopener\">S\u00f3ller<\/a><\/strong> tambi\u00e9n organizan hermosas procesiones.<\/p>\n<h3><span class=\"ez-toc-section\" id=\"%C2%BFQue_hacer_en_Mallorca_durante_la_Semana_Santa_ademas_de_asistir_a_eventos_religiosos\"><\/span><strong>\u00bfQu\u00e9 hacer en Mallorca durante la Semana Santa, adem\u00e1s de asistir a eventos religiosos?<\/strong><span class=\"ez-toc-section-end\"><\/span><\/h3>\n<p data-start=\"1553\" data-end=\"1592\">Adem\u00e1s de asistir a las procesiones, puedes:<\/p>\n<ul data-start=\"1594\" data-end=\"1833\">\n<li data-start=\"1594\" data-end=\"1644\">\n<p data-start=\"1596\" data-end=\"1644\">Visita las playas de Mallorca sin las multitudes del verano.<\/p>\n<\/li>\n<li data-start=\"1645\" data-end=\"1703\">\n<p data-start=\"1647\" data-end=\"1703\">Explora pueblos encantadores como <strong><a href=\"https:\/\/maps.app.goo.gl\/TKyWFW5R8sR4Yv1b8\" target=\"_blank\" rel=\"noopener\">Santany\u00ed<\/a><\/strong> or <strong><a href=\"https:\/\/maps.app.goo.gl\/9RqWz1GsvxUoMhTX6\" target=\"_blank\" rel=\"noopener\">Valldemossa<\/a><\/strong><\/p>\n<\/li>\n<li data-start=\"1704\" data-end=\"1744\">\n<p data-start=\"1706\" data-end=\"1744\">Hacer senderismo en la Serra de Tramuntana<\/p>\n<\/li>\n<li data-start=\"1745\" data-end=\"1803\">\n<p data-start=\"1747\" data-end=\"1803\">Disfruta de la gastronom\u00eda mallorquina de temporada, como las panades y los robiols.<\/p>\n<\/li>\n<li data-start=\"1804\" data-end=\"1833\">\n<p data-start=\"1806\" data-end=\"1833\">Realiza paseos panor\u00e1micos por la costa.<\/p>\n<\/li>\n<\/ul>\n<p data-start=\"1835\" data-end=\"1898\">La Semana Santa es perfecta para combinar cultura y actividades al aire libre.<\/p>\n<p data-start=\"1835\" data-end=\"1898\"><img decoding=\"async\" class=\"alignnone wp-image-565 size-full\" src=\"https:\/\/www.mymallorcadiary.com\/wp-content\/uploads\/2025\/04\/Best-beaches-south-MallorcaEs-Trenc.webp\" alt=\"Playa de Es Trenc en Mallorca\" width=\"1920\" height=\"1440\" srcset=\"https:\/\/www.mymallorcadiary.com\/wp-content\/uploads\/2025\/04\/Best-beaches-south-MallorcaEs-Trenc.webp 1920w, https:\/\/www.mymallorcadiary.com\/wp-content\/uploads\/2025\/04\/Best-beaches-south-MallorcaEs-Trenc-300x225.webp 300w, https:\/\/www.mymallorcadiary.com\/wp-content\/uploads\/2025\/04\/Best-beaches-south-MallorcaEs-Trenc-1024x768.webp 1024w, https:\/\/www.mymallorcadiary.com\/wp-content\/uploads\/2025\/04\/Best-beaches-south-MallorcaEs-Trenc-768x576.webp 768w, https:\/\/www.mymallorcadiary.com\/wp-content\/uploads\/2025\/04\/Best-beaches-south-MallorcaEs-Trenc-1536x1152.webp 1536w, https:\/\/www.mymallorcadiary.com\/wp-content\/uploads\/2025\/04\/Best-beaches-south-MallorcaEs-Trenc-696x522.webp 696w, https:\/\/www.mymallorcadiary.com\/wp-content\/uploads\/2025\/04\/Best-beaches-south-MallorcaEs-Trenc-1392x1044.webp 1392w\" sizes=\"(max-width: 1920px) 100vw, 1920px\" \/><\/p>\n<h3 data-start=\"1835\" data-end=\"1898\"><span class=\"ez-toc-section\" id=\"%C2%BFEsta_Mallorca_abarrotada_durante_la_Semana_Santa\"><\/span><strong>\u00bfEst\u00e1 Mallorca abarrotada durante la Semana Santa?<\/strong><span class=\"ez-toc-section-end\"><\/span><\/h3>\n<p data-start=\"5140\" data-end=\"5186\">Mallorca est\u00e1 m\u00e1s concurrida que en invierno, sobre todo por los turistas espa\u00f1oles que viajan para Semana Santa, pero a\u00fan as\u00ed hay mucha menos gente que en julio o agosto. Se considera temporada media, lo que la convierte en un destino ideal para unas vacaciones equilibradas.<\/p>\n<h3 data-start=\"5140\" data-end=\"5186\"><span class=\"ez-toc-section\" id=\"%C2%BFEs_la_Semana_Santa_en_Mallorca_adecuada_para_familias\"><\/span><strong>\u00bfEs la Semana Santa en Mallorca adecuada para familias?<\/strong><span class=\"ez-toc-section-end\"><\/span><\/h3>\n<p>Yes. Easter is very family-friendly. Beaches are quieter, the weather is pleasant, and many families travel during school holidays. Rural fincas and countryside hotels are especially popular during this time.<\/p>\n<h3><span class=\"ez-toc-section\" id=\"%C2%BFSe_puede_nadar_en_Mallorca_en_Semana_Santa\"><\/span><strong>\u00bfSe puede nadar en Mallorca en Semana Santa?<\/strong><span class=\"ez-toc-section-end\"><\/span><\/h3>\n<p>S\u00ed, pero el mar sigue estando fresco. En los d\u00edas soleados, muchos visitantes disfrutan nadando, sobre todo en calas resguardadas. Incluso si no nadas, es un momento precioso para pasear por la playa y hacer fotos de la costa.<\/p>\n<h3><span class=\"ez-toc-section\" id=\"%C2%BFCuantos_dias_necesitas_pasar_en_Mallorca_durante_la_Semana_Santa\"><\/span><strong>\u00bfCu\u00e1ntos d\u00edas necesitas pasar en Mallorca durante la Semana Santa?<\/strong><span class=\"ez-toc-section-end\"><\/span><\/h3>\n<p>Un fin de semana largo (3-4 d\u00edas) es suficiente para disfrutar de las principales tradiciones de Semana Santa y explorar una zona de la isla. Para una experiencia m\u00e1s completa que incluya playas, senderismo y visitas a pueblos, lo ideal son entre 5 y 7 d\u00edas.<\/p>\n<p><strong>\u00bfVienes a Mallorca con tu familia?<\/strong>. Visitar Santany\u00ed es sin duda un plan perfecto para tus vacaciones. Si quieres saber m\u00e1s sobre Mallorca para familias, consulta nuestra gu\u00eda completa: <strong><a href=\"https:\/\/www.mymallorcadiary.com\/es\/la-mejor-zona-de-mallorca-para-familias-en-2026\/\" target=\"_blank\" rel=\"noopener\">La mejor zona de Mallorca para familias<\/a><\/strong>.<\/p>\n<p>Consulta nuestros otros art\u00edculos sobre Mallorca: <strong><a href=\"https:\/\/www.mymallorcadiary.com\/pet-friendly-hotels-in-mallorca\/\" target=\"_blank\" rel=\"noopener\">Los 10 mejores hoteles que admiten mascotas en Mallorca<\/a><\/strong>, <a href=\"https:\/\/www.mymallorcadiary.com\/es\/la-mejor-zona-de-mallorca-para-familias-en-2026\/\" target=\"_blank\" rel=\"noopener\"><strong>La mejor zona de Mallorca para familias<\/strong><\/a>, <strong><a href=\"https:\/\/www.mymallorcadiary.com\/the-best-hotels-in-cala-dor\/\" target=\"_blank\" rel=\"noopener\">Los mejores hoteles en Cala d&#8217;Or<\/a><\/strong> o <strong><a href=\"https:\/\/www.mymallorcadiary.com\/santanyi-market\/\" target=\"_blank\" rel=\"noopener\">Por qu\u00e9 visitar el mercado de Santany\u00ed<\/a><\/strong>.<\/p>\n<p><strong data-start=\"87\" data-end=\"129\">\u00bfEst\u00e1s pensando en alquilar un coche en Mallorca? <\/strong>Lee nuestro art\u00edculo sobre <a href=\"https:\/\/www.mymallorcadiary.com\/renting-a-car-in-mallorca\/\" target=\"_blank\" rel=\"noopener\"><strong>ALQUILER DE COCHES SIN DEP\u00d3SITO,<\/strong><\/a> para que puedas evitar sorpresas al recogerlo, cargos extra por seguros o tasas ocultas.<\/p>\n<p>&nbsp;<\/p>\n","protected":false},"excerpt":{"rendered":"<p>La Semana Santa en Mallorca es una de las \u00e9pocas m\u00e1s bellas y aut\u00e9nticas del a\u00f1o en la isla. La primavera est\u00e1 en pleno apogeo, el campo se ti\u00f1e de verde, las terrazas reabren y Mallorca se adentra poco a poco en la nueva estaci\u00f3n. Pero la Pascua aqu\u00ed no se trata solo de sol [&hellip;]<\/p>\n","protected":false},"author":1,"featured_media":0,"comment_status":"open","ping_status":"open","sticky":false,"template":"","format":"standard","meta":{"rank_math_title":"","rank_math_description":"","rank_math_focus_keyword":"","_lmt_disableupdate":"no","_lmt_disable":"","footnotes":""},"categories":[88,89],"tags":[],"class_list":{"0":"post-1873","1":"post","2":"type-post","3":"status-publish","4":"format-standard","6":"category-consejos-y-guias-de-viaje-mallorca","7":"category-semana-santa-en-mallorca"},"yoast_head":"<!-- This site is optimized with the Yoast SEO plugin v23.8 - https:\/\/yoast.com\/wordpress\/plugins\/seo\/ -->\n<title>Semana Santa Mallorca 2026: Tradiciones, Clima y Gu\u00eda Completa<\/title>\n<meta name=\"description\" content=\"Descubre la Semana Santa en Mallorca con nuestra gu\u00eda completa 2026. Inf\u00f3rmate sobre las tradiciones de Semana Santa, el tiempo, qu\u00e9 hacer...\" \/>\n<meta name=\"robots\" content=\"index, follow, max-snippet:-1, max-image-preview:large, max-video-preview:-1\" \/>\n<link rel=\"canonical\" href=\"https:\/\/www.mymallorcadiary.com\/es\/semana-santa-en-mallorca-2026-tradiciones-clima-y-guia-de-viaje-completa\/\" \/>\n<meta property=\"og:locale\" content=\"es_ES\" \/>\n<meta property=\"og:type\" content=\"article\" \/>\n<meta property=\"og:title\" content=\"Semana Santa Mallorca 2026: Tradiciones, Clima y Gu\u00eda Completa\" \/>\n<meta property=\"og:description\" content=\"Descubre la Semana Santa en Mallorca con nuestra gu\u00eda completa 2026. Inf\u00f3rmate sobre las tradiciones de Semana Santa, el tiempo, qu\u00e9 hacer...\" \/>\n<meta property=\"og:url\" content=\"https:\/\/www.mymallorcadiary.com\/es\/semana-santa-en-mallorca-2026-tradiciones-clima-y-guia-de-viaje-completa\/\" \/>\n<meta property=\"og:site_name\" content=\"mymallorcadiary.com\" \/>\n<meta property=\"article:published_time\" content=\"2026-02-17T16:53:30+00:00\" \/>\n<meta property=\"article:modified_time\" content=\"2026-03-13T09:45:44+00:00\" \/>\n<meta property=\"og:image\" content=\"https:\/\/www.mymallorcadiary.com\/wp-content\/uploads\/2026\/02\/Palma-de-Mallorca-cathedral.webp\" \/>\n\t<meta property=\"og:image:width\" content=\"1920\" \/>\n\t<meta property=\"og:image:height\" content=\"1078\" \/>\n\t<meta property=\"og:image:type\" content=\"image\/webp\" \/>\n<meta name=\"author\" content=\"mymallorca\" \/>\n<meta name=\"twitter:card\" content=\"summary_large_image\" \/>\n<meta name=\"twitter:label1\" content=\"Escrito por\" \/>\n\t<meta name=\"twitter:data1\" content=\"mymallorca\" \/>\n\t<meta name=\"twitter:label2\" content=\"Tiempo de lectura\" \/>\n\t<meta name=\"twitter:data2\" content=\"22 minutos\" \/>\n<script type=\"application\/ld+json\" class=\"yoast-schema-graph\">{\"@context\":\"https:\/\/schema.org\",\"@graph\":[{\"@type\":\"WebPage\",\"@id\":\"https:\/\/www.mymallorcadiary.com\/es\/semana-santa-en-mallorca-2026-tradiciones-clima-y-guia-de-viaje-completa\/\",\"url\":\"https:\/\/www.mymallorcadiary.com\/es\/semana-santa-en-mallorca-2026-tradiciones-clima-y-guia-de-viaje-completa\/\",\"name\":\"Semana Santa Mallorca 2026: Tradiciones, Clima y Gu\u00eda Completa\",\"isPartOf\":{\"@id\":\"https:\/\/www.mymallorcadiary.com\/es\/#website\"},\"primaryImageOfPage\":{\"@id\":\"https:\/\/www.mymallorcadiary.com\/es\/semana-santa-en-mallorca-2026-tradiciones-clima-y-guia-de-viaje-completa\/#primaryimage\"},\"image\":{\"@id\":\"https:\/\/www.mymallorcadiary.com\/es\/semana-santa-en-mallorca-2026-tradiciones-clima-y-guia-de-viaje-completa\/#primaryimage\"},\"thumbnailUrl\":\"https:\/\/www.mymallorcadiary.com\/wp-content\/uploads\/2026\/02\/Palma-de-Mallorca-cathedral.webp\",\"datePublished\":\"2026-02-17T16:53:30+00:00\",\"dateModified\":\"2026-03-13T09:45:44+00:00\",\"author\":{\"@id\":\"https:\/\/www.mymallorcadiary.com\/es\/#\/schema\/person\/73c11880adcff8cdca21692efe16dc1e\"},\"description\":\"Descubre la Semana Santa en Mallorca con nuestra gu\u00eda completa 2026. Inf\u00f3rmate sobre las tradiciones de Semana Santa, el tiempo, qu\u00e9 hacer...\",\"breadcrumb\":{\"@id\":\"https:\/\/www.mymallorcadiary.com\/es\/semana-santa-en-mallorca-2026-tradiciones-clima-y-guia-de-viaje-completa\/#breadcrumb\"},\"inLanguage\":\"es\",\"potentialAction\":[{\"@type\":\"ReadAction\",\"target\":[\"https:\/\/www.mymallorcadiary.com\/es\/semana-santa-en-mallorca-2026-tradiciones-clima-y-guia-de-viaje-completa\/\"]}]},{\"@type\":\"ImageObject\",\"inLanguage\":\"es\",\"@id\":\"https:\/\/www.mymallorcadiary.com\/es\/semana-santa-en-mallorca-2026-tradiciones-clima-y-guia-de-viaje-completa\/#primaryimage\",\"url\":\"https:\/\/www.mymallorcadiary.com\/wp-content\/uploads\/2026\/02\/Palma-de-Mallorca-cathedral.webp\",\"contentUrl\":\"https:\/\/www.mymallorcadiary.com\/wp-content\/uploads\/2026\/02\/Palma-de-Mallorca-cathedral.webp\"},{\"@type\":\"BreadcrumbList\",\"@id\":\"https:\/\/www.mymallorcadiary.com\/es\/semana-santa-en-mallorca-2026-tradiciones-clima-y-guia-de-viaje-completa\/#breadcrumb\",\"itemListElement\":[{\"@type\":\"ListItem\",\"position\":1,\"name\":\"Portada\",\"item\":\"https:\/\/www.mymallorcadiary.com\/es\/inicio\/\"},{\"@type\":\"ListItem\",\"position\":2,\"name\":\"Semana Santa en Mallorca 2026: Tradiciones, Clima y Gu\u00eda de Viaje Completa\"}]},{\"@type\":\"WebSite\",\"@id\":\"https:\/\/www.mymallorcadiary.com\/es\/#website\",\"url\":\"https:\/\/www.mymallorcadiary.com\/es\/\",\"name\":\"mymallorcadiary.com\",\"description\":\"The best Mallorcan tips\",\"potentialAction\":[{\"@type\":\"SearchAction\",\"target\":{\"@type\":\"EntryPoint\",\"urlTemplate\":\"https:\/\/www.mymallorcadiary.com\/es\/?s={search_term_string}\"},\"query-input\":{\"@type\":\"PropertyValueSpecification\",\"valueRequired\":true,\"valueName\":\"search_term_string\"}}],\"inLanguage\":\"es\"},{\"@type\":\"Person\",\"@id\":\"https:\/\/www.mymallorcadiary.com\/es\/#\/schema\/person\/73c11880adcff8cdca21692efe16dc1e\",\"name\":\"mymallorca\",\"image\":{\"@type\":\"ImageObject\",\"inLanguage\":\"es\",\"@id\":\"https:\/\/www.mymallorcadiary.com\/es\/#\/schema\/person\/image\/\",\"url\":\"https:\/\/secure.gravatar.com\/avatar\/cd37636939bc260d7341ded9cd28925e462396b75d4878027163f66b63da993b?s=96&d=mm&r=g\",\"contentUrl\":\"https:\/\/secure.gravatar.com\/avatar\/cd37636939bc260d7341ded9cd28925e462396b75d4878027163f66b63da993b?s=96&d=mm&r=g\",\"caption\":\"mymallorca\"},\"sameAs\":[\"http:\/\/localhost\/wordpress\"],\"url\":\"https:\/\/www.mymallorcadiary.com\/es\/author\/mymallorca\/\"}]}<\/script>\n<!-- \/ Yoast SEO plugin. -->","yoast_head_json":{"title":"Semana Santa Mallorca 2026: Tradiciones, Clima y Gu\u00eda Completa","description":"Descubre la Semana Santa en Mallorca con nuestra gu\u00eda completa 2026. Inf\u00f3rmate sobre las tradiciones de Semana Santa, el tiempo, qu\u00e9 hacer...","robots":{"index":"index","follow":"follow","max-snippet":"max-snippet:-1","max-image-preview":"max-image-preview:large","max-video-preview":"max-video-preview:-1"},"canonical":"https:\/\/www.mymallorcadiary.com\/es\/semana-santa-en-mallorca-2026-tradiciones-clima-y-guia-de-viaje-completa\/","og_locale":"es_ES","og_type":"article","og_title":"Semana Santa Mallorca 2026: Tradiciones, Clima y Gu\u00eda Completa","og_description":"Descubre la Semana Santa en Mallorca con nuestra gu\u00eda completa 2026. Inf\u00f3rmate sobre las tradiciones de Semana Santa, el tiempo, qu\u00e9 hacer...","og_url":"https:\/\/www.mymallorcadiary.com\/es\/semana-santa-en-mallorca-2026-tradiciones-clima-y-guia-de-viaje-completa\/","og_site_name":"mymallorcadiary.com","article_published_time":"2026-02-17T16:53:30+00:00","article_modified_time":"2026-03-13T09:45:44+00:00","og_image":[{"width":1920,"height":1078,"url":"https:\/\/www.mymallorcadiary.com\/wp-content\/uploads\/2026\/02\/Palma-de-Mallorca-cathedral.webp","type":"image\/webp"}],"author":"mymallorca","twitter_card":"summary_large_image","twitter_misc":{"Escrito por":"mymallorca","Tiempo de lectura":"22 minutos"},"schema":{"@context":"https:\/\/schema.org","@graph":[{"@type":"WebPage","@id":"https:\/\/www.mymallorcadiary.com\/es\/semana-santa-en-mallorca-2026-tradiciones-clima-y-guia-de-viaje-completa\/","url":"https:\/\/www.mymallorcadiary.com\/es\/semana-santa-en-mallorca-2026-tradiciones-clima-y-guia-de-viaje-completa\/","name":"Semana Santa Mallorca 2026: Tradiciones, Clima y Gu\u00eda Completa","isPartOf":{"@id":"https:\/\/www.mymallorcadiary.com\/es\/#website"},"primaryImageOfPage":{"@id":"https:\/\/www.mymallorcadiary.com\/es\/semana-santa-en-mallorca-2026-tradiciones-clima-y-guia-de-viaje-completa\/#primaryimage"},"image":{"@id":"https:\/\/www.mymallorcadiary.com\/es\/semana-santa-en-mallorca-2026-tradiciones-clima-y-guia-de-viaje-completa\/#primaryimage"},"thumbnailUrl":"https:\/\/www.mymallorcadiary.com\/wp-content\/uploads\/2026\/02\/Palma-de-Mallorca-cathedral.webp","datePublished":"2026-02-17T16:53:30+00:00","dateModified":"2026-03-13T09:45:44+00:00","author":{"@id":"https:\/\/www.mymallorcadiary.com\/es\/#\/schema\/person\/73c11880adcff8cdca21692efe16dc1e"},"description":"Descubre la Semana Santa en Mallorca con nuestra gu\u00eda completa 2026. Inf\u00f3rmate sobre las tradiciones de Semana Santa, el tiempo, qu\u00e9 hacer...","breadcrumb":{"@id":"https:\/\/www.mymallorcadiary.com\/es\/semana-santa-en-mallorca-2026-tradiciones-clima-y-guia-de-viaje-completa\/#breadcrumb"},"inLanguage":"es","potentialAction":[{"@type":"ReadAction","target":["https:\/\/www.mymallorcadiary.com\/es\/semana-santa-en-mallorca-2026-tradiciones-clima-y-guia-de-viaje-completa\/"]}]},{"@type":"ImageObject","inLanguage":"es","@id":"https:\/\/www.mymallorcadiary.com\/es\/semana-santa-en-mallorca-2026-tradiciones-clima-y-guia-de-viaje-completa\/#primaryimage","url":"https:\/\/www.mymallorcadiary.com\/wp-content\/uploads\/2026\/02\/Palma-de-Mallorca-cathedral.webp","contentUrl":"https:\/\/www.mymallorcadiary.com\/wp-content\/uploads\/2026\/02\/Palma-de-Mallorca-cathedral.webp"},{"@type":"BreadcrumbList","@id":"https:\/\/www.mymallorcadiary.com\/es\/semana-santa-en-mallorca-2026-tradiciones-clima-y-guia-de-viaje-completa\/#breadcrumb","itemListElement":[{"@type":"ListItem","position":1,"name":"Portada","item":"https:\/\/www.mymallorcadiary.com\/es\/inicio\/"},{"@type":"ListItem","position":2,"name":"Semana Santa en Mallorca 2026: Tradiciones, Clima y Gu\u00eda de Viaje Completa"}]},{"@type":"WebSite","@id":"https:\/\/www.mymallorcadiary.com\/es\/#website","url":"https:\/\/www.mymallorcadiary.com\/es\/","name":"mymallorcadiary.com","description":"The best Mallorcan tips","potentialAction":[{"@type":"SearchAction","target":{"@type":"EntryPoint","urlTemplate":"https:\/\/www.mymallorcadiary.com\/es\/?s={search_term_string}"},"query-input":{"@type":"PropertyValueSpecification","valueRequired":true,"valueName":"search_term_string"}}],"inLanguage":"es"},{"@type":"Person","@id":"https:\/\/www.mymallorcadiary.com\/es\/#\/schema\/person\/73c11880adcff8cdca21692efe16dc1e","name":"mymallorca","image":{"@type":"ImageObject","inLanguage":"es","@id":"https:\/\/www.mymallorcadiary.com\/es\/#\/schema\/person\/image\/","url":"https:\/\/secure.gravatar.com\/avatar\/cd37636939bc260d7341ded9cd28925e462396b75d4878027163f66b63da993b?s=96&d=mm&r=g","contentUrl":"https:\/\/secure.gravatar.com\/avatar\/cd37636939bc260d7341ded9cd28925e462396b75d4878027163f66b63da993b?s=96&d=mm&r=g","caption":"mymallorca"},"sameAs":["http:\/\/localhost\/wordpress"],"url":"https:\/\/www.mymallorcadiary.com\/es\/author\/mymallorca\/"}]}},"modified_by":"mymallorca","yoast_meta":{"yoast_wpseo_title":"Semana Santa Mallorca 2026: Tradiciones, Clima y Gu\u00eda Completa","yoast_wpseo_metadesc":"Descubre la Semana Santa en Mallorca con nuestra gu\u00eda completa 2026. Inf\u00f3rmate sobre las tradiciones de Semana Santa, el tiempo, qu\u00e9 hacer...","yoast_wpseo_canonical":"https:\/\/www.mymallorcadiary.com\/es\/semana-santa-en-mallorca-2026-tradiciones-clima-y-guia-de-viaje-completa\/"},"_links":{"self":[{"href":"https:\/\/www.mymallorcadiary.com\/es\/wp-json\/wp\/v2\/posts\/1873","targetHints":{"allow":["GET"]}}],"collection":[{"href":"https:\/\/www.mymallorcadiary.com\/es\/wp-json\/wp\/v2\/posts"}],"about":[{"href":"https:\/\/www.mymallorcadiary.com\/es\/wp-json\/wp\/v2\/types\/post"}],"author":[{"embeddable":true,"href":"https:\/\/www.mymallorcadiary.com\/es\/wp-json\/wp\/v2\/users\/1"}],"replies":[{"embeddable":true,"href":"https:\/\/www.mymallorcadiary.com\/es\/wp-json\/wp\/v2\/comments?post=1873"}],"version-history":[{"count":0,"href":"https:\/\/www.mymallorcadiary.com\/es\/wp-json\/wp\/v2\/posts\/1873\/revisions"}],"wp:attachment":[{"href":"https:\/\/www.mymallorcadiary.com\/es\/wp-json\/wp\/v2\/media?parent=1873"}],"wp:term":[{"taxonomy":"category","embeddable":true,"href":"https:\/\/www.mymallorcadiary.com\/es\/wp-json\/wp\/v2\/categories?post=1873"},{"taxonomy":"post_tag","embeddable":true,"href":"https:\/\/www.mymallorcadiary.com\/es\/wp-json\/wp\/v2\/tags?post=1873"}],"curies":[{"name":"wp","href":"https:\/\/api.w.org\/{rel}","templated":true}]}}