{"id":1936,"date":"2026-01-15T16:16:28","date_gmt":"2026-01-15T16:16:28","guid":{"rendered":"https:\/\/www.mymallorcadiary.com\/cala-dor-que-hacer-y-que-ver\/"},"modified":"2026-04-06T21:47:18","modified_gmt":"2026-04-06T21:47:18","slug":"cala-dor-que-hacer-y-que-ver","status":"publish","type":"post","link":"https:\/\/www.mymallorcadiary.com\/es\/cala-dor-que-hacer-y-que-ver\/","title":{"rendered":"Cala D&#8217;Or: Qu\u00e9 Hacer y Qu\u00e9 Ver"},"content":{"rendered":"<p><strong>Cala d\u2019Or, situada en la impresionante costa sureste de Mallorca, es conocida por sus aguas turquesas, sus encantadoras calas y su ambiente elegante a la par que relajado<\/strong>. Este destino combina a la perfecci\u00f3n naturaleza, ocio, cultura y gastronom\u00eda, convirti\u00e9ndose en uno de los lugares m\u00e1s atractivos de la isla para todo tipo de viajeros. Si planeas una visita a esta joya mallorquina, <strong>aqu\u00ed tienes una gu\u00eda completa sobre qu\u00e9 ver y hacer en <a href=\"https:\/\/maps.app.goo.gl\/oMK92XyLRLSWCdoB7\" target=\"_blank\" rel=\"noopener\">Cala d\u2019Or<\/a> para disfrutar al m\u00e1ximo de este para\u00edso mediterr\u00e1neo<\/strong>.  <\/p>\n<p><img decoding=\"async\" class=\"alignnone wp-image-370 size-large\" src=\"https:\/\/www.mymallorcadiary.com\/wp-content\/uploads\/2024\/11\/Cala-DOr-what-to-do-coves-1024x575.webp\" alt=\"Cala D'Or: Qu\u00e9 hacer, Calas\" width=\"696\" height=\"391\" srcset=\"https:\/\/www.mymallorcadiary.com\/wp-content\/uploads\/2024\/11\/Cala-DOr-what-to-do-coves-1024x575.webp 1024w, https:\/\/www.mymallorcadiary.com\/wp-content\/uploads\/2024\/11\/Cala-DOr-what-to-do-coves-300x168.webp 300w, https:\/\/www.mymallorcadiary.com\/wp-content\/uploads\/2024\/11\/Cala-DOr-what-to-do-coves-768x431.webp 768w, https:\/\/www.mymallorcadiary.com\/wp-content\/uploads\/2024\/11\/Cala-DOr-what-to-do-coves-1536x862.webp 1536w, https:\/\/www.mymallorcadiary.com\/wp-content\/uploads\/2024\/11\/Cala-DOr-what-to-do-coves-696x391.webp 696w, https:\/\/www.mymallorcadiary.com\/wp-content\/uploads\/2024\/11\/Cala-DOr-what-to-do-coves-1392x782.webp 1392w, https:\/\/www.mymallorcadiary.com\/wp-content\/uploads\/2024\/11\/Cala-DOr-what-to-do-coves.webp 1920w\" sizes=\"(max-width: 696px) 100vw, 696px\" \/><\/p>\n<div class=\"flex-1 overflow-hidden\">\n<div class=\"h-full\">\n<div class=\"react-scroll-to-bottom--css-plgnu-79elbk h-full\">\n<div class=\"react-scroll-to-bottom--css-plgnu-1n7m0yu\">\n<div class=\"flex flex-col text-sm md:pb-9\">\n<article class=\"w-full scroll-mb-[var(--thread-trailing-height)] text-token-text-primary focus-visible:outline-2 focus-visible:outline-offset-[-4px]\" dir=\"auto\" data-testid=\"conversation-turn-71\" data-scroll-anchor=\"true\">\n<div class=\"m-auto text-base py-[18px] px-3 md:px-4 w-full md:px-5 lg:px-4 xl:px-5\">\n<div class=\"mx-auto flex flex-1 gap-4 text-base md:gap-5 lg:gap-6 md:max-w-3xl lg:max-w-[40rem] xl:max-w-[48rem]\">\n<div class=\"group\/conversation-turn relative flex w-full min-w-0 flex-col agent-turn\">\n<div class=\"flex-col gap-1 md:gap-3\">\n<div class=\"flex max-w-full flex-col flex-grow\">\n<div class=\"min-h-8 text-message flex w-full flex-col items-end gap-2 whitespace-normal break-words [.text-message+&amp;]:mt-5\" dir=\"auto\" data-message-author-role=\"assistant\" data-message-id=\"78fec1be-afdb-4423-a510-8abd7db28c80\" data-message-model-slug=\"gpt-4o\">\n<div class=\"flex w-full flex-col gap-1 empty:hidden first:pt-[3px]\">\n<div class=\"markdown prose w-full break-words dark:prose-invert light\">\n<div id=\"ez-toc-container\" class=\"ez-toc-v2_0_61 counter-hierarchy ez-toc-counter ez-toc-grey ez-toc-container-direction\">\n<div class=\"ez-toc-title-container\">\n<p class=\"ez-toc-title \" >Tabla de contenidos<\/p>\n<span class=\"ez-toc-title-toggle\"><a href=\"#\" class=\"ez-toc-pull-right ez-toc-btn ez-toc-btn-xs ez-toc-btn-default ez-toc-toggle\" aria-label=\"Toggle Table of Content\"><span class=\"ez-toc-js-icon-con\"><span class=\"\"><span class=\"eztoc-hide\" style=\"display:none;\">Toggle<\/span><span class=\"ez-toc-icon-toggle-span\"><svg style=\"fill: #999;color:#999\" xmlns=\"http:\/\/www.w3.org\/2000\/svg\" class=\"list-377408\" width=\"20px\" height=\"20px\" viewBox=\"0 0 24 24\" fill=\"none\"><path d=\"M6 6H4v2h2V6zm14 0H8v2h12V6zM4 11h2v2H4v-2zm16 0H8v2h12v-2zM4 16h2v2H4v-2zm16 0H8v2h12v-2z\" fill=\"currentColor\"><\/path><\/svg><svg style=\"fill: #999;color:#999\" class=\"arrow-unsorted-368013\" xmlns=\"http:\/\/www.w3.org\/2000\/svg\" width=\"10px\" height=\"10px\" viewBox=\"0 0 24 24\" version=\"1.2\" baseProfile=\"tiny\"><path d=\"M18.2 9.3l-6.2-6.3-6.2 6.3c-.2.2-.3.4-.3.7s.1.5.3.7c.2.2.4.3.7.3h11c.3 0 .5-.1.7-.3.2-.2.3-.5.3-.7s-.1-.5-.3-.7zM5.8 14.7l6.2 6.3 6.2-6.3c.2-.2.3-.5.3-.7s-.1-.5-.3-.7c-.2-.2-.4-.3-.7-.3h-11c-.3 0-.5.1-.7.3-.2.2-.3.5-.3.7s.1.5.3.7z\"\/><\/svg><\/span><\/span><\/span><\/a><\/span><\/div>\n<nav><ul class='ez-toc-list ez-toc-list-level-1 ' ><li class='ez-toc-page-1 ez-toc-heading-level-2'><a class=\"ez-toc-link ez-toc-heading-1\" href=\"https:\/\/www.mymallorcadiary.com\/es\/cala-dor-que-hacer-y-que-ver\/#Que_hacer_y_que_ver_en_Cala_dor\" title=\"Qu\u00e9 hacer y qu\u00e9 ver en Cala d&#8217;or\">Qu\u00e9 hacer y qu\u00e9 ver en Cala d&#8217;or<\/a><ul class='ez-toc-list-level-3' ><li class='ez-toc-heading-level-3'><a class=\"ez-toc-link ez-toc-heading-2\" href=\"https:\/\/www.mymallorcadiary.com\/es\/cala-dor-que-hacer-y-que-ver\/#Explora_las_Espectaculares_Calas_de_Cala_Dor\" title=\"Explora las Espectaculares Calas de Cala Do&#8217;r.\">Explora las Espectaculares Calas de Cala Do&#8217;r.<\/a><\/li><li class='ez-toc-page-1 ez-toc-heading-level-3'><a class=\"ez-toc-link ez-toc-heading-3\" href=\"https:\/\/www.mymallorcadiary.com\/es\/cala-dor-que-hacer-y-que-ver\/#Que_hacer_y_ver_en_Cala_dOr_Visita_la_marina_de_Cala_dOr\" title=\"Qu\u00e9 hacer y ver en Cala d&#8217;Or: Visita la marina de Cala d&#8217;Or.\">Qu\u00e9 hacer y ver en Cala d&#8217;Or: Visita la marina de Cala d&#8217;Or.<\/a><\/li><li class='ez-toc-page-1 ez-toc-heading-level-3'><a class=\"ez-toc-link ez-toc-heading-4\" href=\"https:\/\/www.mymallorcadiary.com\/es\/cala-dor-que-hacer-y-que-ver\/#Explora_el_Parque_Natural_de_Mondrago_cerca_de_Cala_Dor\" title=\"Explora el Parque Natural de Mondrag\u00f3, cerca de Cala Do&#8217;r\">Explora el Parque Natural de Mondrag\u00f3, cerca de Cala Do&#8217;r<\/a><\/li><li class='ez-toc-page-1 ez-toc-heading-level-3'><a class=\"ez-toc-link ez-toc-heading-5\" href=\"https:\/\/www.mymallorcadiary.com\/es\/cala-dor-que-hacer-y-que-ver\/#Saborea_la_gastronomia_local_en_Cala_Dor\" title=\"Saborea la gastronom\u00eda local en Cala Do&#8217;r\">Saborea la gastronom\u00eda local en Cala Do&#8217;r<\/a><\/li><li class='ez-toc-page-1 ez-toc-heading-level-3'><a class=\"ez-toc-link ez-toc-heading-6\" href=\"https:\/\/www.mymallorcadiary.com\/es\/cala-dor-que-hacer-y-que-ver\/#Pasea_por_las_tiendas_y_los_mercados_locales_de_Cala_Dor\" title=\"Pasea por las tiendas y los mercados locales de Cala Do&#8217;r.\">Pasea por las tiendas y los mercados locales de Cala Do&#8217;r.<\/a><\/li><li class='ez-toc-page-1 ez-toc-heading-level-3'><a class=\"ez-toc-link ez-toc-heading-7\" href=\"https:\/\/www.mymallorcadiary.com\/es\/cala-dor-que-hacer-y-que-ver\/#Visite_el_castillo_de_Santueri_cerca_de_Cala_Dor\" title=\"Visite el castillo de Santueri, cerca de Cala Do&#8217;r.\">Visite el castillo de Santueri, cerca de Cala Do&#8217;r.<\/a><\/li><li class='ez-toc-page-1 ez-toc-heading-level-3'><a class=\"ez-toc-link ez-toc-heading-8\" href=\"https:\/\/www.mymallorcadiary.com\/es\/cala-dor-que-hacer-y-que-ver\/#Disfruta_de_la_vida_nocturna_en_Cala_Dor\" title=\"Disfruta de la vida nocturna en Cala Do&#8217;r.\">Disfruta de la vida nocturna en Cala Do&#8217;r.<\/a><\/li><li class='ez-toc-page-1 ez-toc-heading-level-3'><a class=\"ez-toc-link ez-toc-heading-9\" href=\"https:\/\/www.mymallorcadiary.com\/es\/cala-dor-que-hacer-y-que-ver\/#Excursiones_en_bicicleta_y_senderismo_en_la_zona_de_Cala_Dor\" title=\"Excursiones en bicicleta y senderismo en la zona de Cala Do&#8217;r\">Excursiones en bicicleta y senderismo en la zona de Cala Do&#8217;r<\/a><\/li><li class='ez-toc-page-1 ez-toc-heading-level-3'><a class=\"ez-toc-link ez-toc-heading-10\" href=\"https:\/\/www.mymallorcadiary.com\/es\/cala-dor-que-hacer-y-que-ver\/#Juega_al_golf_en_Cala_Dor\" title=\"Juega al golf en Cala Do&#8217;r\">Juega al golf en Cala Do&#8217;r<\/a><\/li><\/ul><\/li><li class='ez-toc-page-1 ez-toc-heading-level-2'><a class=\"ez-toc-link ez-toc-heading-11\" href=\"https:\/\/www.mymallorcadiary.com\/es\/cala-dor-que-hacer-y-que-ver\/#What_do_do_and_see_in_Cala_dOr_Q_A\" title=\"What do do and see in Cala d&#8217;Or, Q&amp;A\">What do do and see in Cala d&#8217;Or, Q&amp;A<\/a><ul class='ez-toc-list-level-3' ><li class='ez-toc-heading-level-3'><a class=\"ez-toc-link ez-toc-heading-12\" href=\"https:\/\/www.mymallorcadiary.com\/es\/cala-dor-que-hacer-y-que-ver\/#%C2%BFMerece_la_pena_visitar_Cala_DOr\" title=\"\u00bfMerece la pena visitar Cala D&#8217;Or?\">\u00bfMerece la pena visitar Cala D&#8217;Or?<\/a><\/li><li class='ez-toc-page-1 ez-toc-heading-level-3'><a class=\"ez-toc-link ez-toc-heading-13\" href=\"https:\/\/www.mymallorcadiary.com\/es\/cala-dor-que-hacer-y-que-ver\/#%C2%BFQue_dia_hay_mercado_en_Cala_DOr\" title=\"\u00bfQu\u00e9 d\u00eda hay mercado en Cala D&#8217;Or?\">\u00bfQu\u00e9 d\u00eda hay mercado en Cala D&#8217;Or?<\/a><\/li><li class='ez-toc-page-1 ez-toc-heading-level-3'><a class=\"ez-toc-link ez-toc-heading-14\" href=\"https:\/\/www.mymallorcadiary.com\/es\/cala-dor-que-hacer-y-que-ver\/#What_to_do_and_see_in_Cala_DOr_when_it_rains\" title=\"What to do and see in Cala D&#8217;Or when it rains?\">What to do and see in Cala D&#8217;Or when it rains?<\/a><\/li><li class='ez-toc-page-1 ez-toc-heading-level-3'><a class=\"ez-toc-link ez-toc-heading-15\" href=\"https:\/\/www.mymallorcadiary.com\/es\/cala-dor-que-hacer-y-que-ver\/#%C2%BFCala_dOr_es_buena_para_la_vida_nocturna\" title=\"\u00bfCala d&#8217;Or es buena para la vida nocturna? \">\u00bfCala d&#8217;Or es buena para la vida nocturna? <\/a><\/li><li class='ez-toc-page-1 ez-toc-heading-level-3'><a class=\"ez-toc-link ez-toc-heading-16\" href=\"https:\/\/www.mymallorcadiary.com\/es\/cala-dor-que-hacer-y-que-ver\/#%C2%BFEs_segura_Cala_DOr\" title=\"\u00bfEs segura Cala D&#8217;Or? \">\u00bfEs segura Cala D&#8217;Or? <\/a><\/li><\/ul><\/li><li class='ez-toc-page-1 ez-toc-heading-level-2'><a class=\"ez-toc-link ez-toc-heading-17\" href=\"https:\/\/www.mymallorcadiary.com\/es\/cala-dor-que-hacer-y-que-ver\/#Conclusion_%C2%BFQue_hacer_y_que_ver_en_Cala_dOr\" title=\"Conclusi\u00f3n: \u00bfQu\u00e9 hacer y qu\u00e9 ver en Cala d&#8217;Or?\">Conclusi\u00f3n: \u00bfQu\u00e9 hacer y qu\u00e9 ver en Cala d&#8217;Or?<\/a><\/li><\/ul><\/nav><\/div>\n<h2><span class=\"ez-toc-section\" id=\"Que_hacer_y_que_ver_en_Cala_dor\"><\/span><strong>Qu\u00e9 hacer y qu\u00e9 ver en Cala d&#8217;or<\/strong><span class=\"ez-toc-section-end\"><\/span><\/h2>\n<h3><span class=\"ez-toc-section\" id=\"Explora_las_Espectaculares_Calas_de_Cala_Dor\"><\/span><strong>Explora las Espectaculares Calas de Cala Do&#8217;r.<\/strong><span class=\"ez-toc-section-end\"><\/span><\/h3>\n<p><strong>Cala d\u2019Or es famosa por sus calas escondidas entre acantilados, con aguas cristalinas y arena blanca que invitan a relajarse bajo el sol<\/strong>. Algunas de las calas que no te puedes perder son: <\/p>\n<p><strong>Cala Gran:<\/strong> La playa principal y m\u00e1s grande de Cala d\u2019Or, con arena fina y aguas poco profundas, ideal para familias. Ofrece alquiler de tumbonas y sombrillas, adem\u00e1s de bares y restaurantes en las inmediaciones. <\/p>\n<p><strong>Ubicaci\u00f3n:<\/strong> <strong><a href=\"https:\/\/maps.app.goo.gl\/UydbR4syL9Y8AQ5n7\" target=\"_blank\" rel=\"noopener\">Cala Gran<\/a><\/strong><\/p>\n<p><strong>Cala Esmeralda:<\/strong> Conocida por sus aguas color verde esmeralda, es perfecta para nadar y practicar snorkel. M\u00e1s peque\u00f1a y tranquila que Cala Gran, es ideal para quienes buscan un ambiente relajado. <\/p>\n<p><strong>Ubicaci\u00f3n:<\/strong> <strong><a href=\"https:\/\/maps.app.goo.gl\/hN2wvXcbNabRBqp47\" target=\"_blank\" rel=\"noopener\">Cala Esmeralda<\/a><\/strong><\/p>\n<p><strong>Cala Ferrera:<\/strong> Situada cerca del centro de Cala d\u2019Or, esta playa ofrece todos los servicios y un ambiente familiar, con f\u00e1cil acceso y zonas de juego para ni\u00f1os.<\/p>\n<p><strong>Ubicaci\u00f3n:<\/strong> <strong><a href=\"https:\/\/maps.app.goo.gl\/YrCkjnYHHsA3LPGa6\" target=\"_blank\" rel=\"noopener\">Cala Ferrera<\/a><\/strong><\/p>\n<p><strong>Cala Serena:<\/strong> A tan solo unos minutos al norte de Cala Ferrera, esta tranquila cala es perfecta para quienes buscan un lugar m\u00e1s apartado para relajarse o practicar deportes acu\u00e1ticos.<\/p>\n<p><strong>Ubicaci\u00f3n:<\/strong> <strong><a href=\"https:\/\/maps.app.goo.gl\/WjY9ABWPofeqpYwbA\" target=\"_blank\" rel=\"noopener\">Cala Serena<\/a><\/strong><\/p>\n<h3><span class=\"ez-toc-section\" id=\"Que_hacer_y_ver_en_Cala_dOr_Visita_la_marina_de_Cala_dOr\"><\/span><strong>Qu\u00e9 hacer y ver en Cala d&#8217;Or<\/strong>: <strong>Visita la marina de Cala d&#8217;Or.<\/strong><span class=\"ez-toc-section-end\"><\/span><\/h3>\n<p><strong><a href=\"https:\/\/maps.app.goo.gl\/3dJAUyPqEzEUZ62h8\" target=\"_blank\" rel=\"noopener\">La marina de Cala d\u2019Or<\/a> es uno de los m\u00e1s bonitos de Mallorca<\/strong>. Rodeado de bares, restaurantes y boutiques elegantes, es perfecto para un paseo al atardecer o una cena junto al mar con vistas a lujosos yates. Aqu\u00ed tambi\u00e9n se puede alquilar un barco o unirse a excursiones mar\u00edtimas por la costa mallorquina para descubrir calas rec\u00f3nditas accesibles \u00fanicamente por mar. <\/p>\n<p>El puerto deportivo es tambi\u00e9n un lugar excelente para practicar deportes acu\u00e1ticos como el paddle surf, el kayak y el buceo, o para embarcarse en una excursi\u00f3n en velero.<\/p>\n<p><img decoding=\"async\" class=\"alignnone wp-image-371 size-large\" src=\"https:\/\/www.mymallorcadiary.com\/wp-content\/uploads\/2024\/11\/Cala-DOr-What-to-do-Marina-1024x575.webp\" alt=\"Cala d'Or, Qu\u00e9 hacer, Marina\" width=\"696\" height=\"391\" srcset=\"https:\/\/www.mymallorcadiary.com\/wp-content\/uploads\/2024\/11\/Cala-DOr-What-to-do-Marina-1024x575.webp 1024w, https:\/\/www.mymallorcadiary.com\/wp-content\/uploads\/2024\/11\/Cala-DOr-What-to-do-Marina-300x168.webp 300w, https:\/\/www.mymallorcadiary.com\/wp-content\/uploads\/2024\/11\/Cala-DOr-What-to-do-Marina-768x431.webp 768w, https:\/\/www.mymallorcadiary.com\/wp-content\/uploads\/2024\/11\/Cala-DOr-What-to-do-Marina-1536x862.webp 1536w, https:\/\/www.mymallorcadiary.com\/wp-content\/uploads\/2024\/11\/Cala-DOr-What-to-do-Marina-696x391.webp 696w, https:\/\/www.mymallorcadiary.com\/wp-content\/uploads\/2024\/11\/Cala-DOr-What-to-do-Marina-1392x782.webp 1392w, https:\/\/www.mymallorcadiary.com\/wp-content\/uploads\/2024\/11\/Cala-DOr-What-to-do-Marina.webp 1920w\" sizes=\"(max-width: 696px) 100vw, 696px\" \/><\/p>\n<h3><span class=\"ez-toc-section\" id=\"Explora_el_Parque_Natural_de_Mondrago_cerca_de_Cala_Dor\"><\/span><strong>Explora el Parque Natural de Mondrag\u00f3, cerca de Cala Do&#8217;r<\/strong><span class=\"ez-toc-section-end\"><\/span><\/h3>\n<p>A pocos minutos de Cala d\u2019Or, el Parque Natural de Mondrag\u00f3 es una joya natural con paisajes impresionantes y rutas de senderismo. Podr\u00e1s explorar <strong><a href=\"https:\/\/maps.app.goo.gl\/xbjcqNSE3qBbiLtSA\" target=\"_blank\" rel=\"noopener\">Cala Mondrag\u00f3<\/a><\/strong> y <strong><a href=\"https:\/\/maps.app.goo.gl\/3KX1gVjw9j5iXrkB9\" target=\"_blank\" rel=\"noopener\">S\u2019Amarador,<\/a><\/strong> dos de las playas m\u00e1s bonitas de la isla. <strong>El parque es ideal para pasear por pinares, observar aves y disfrutar de la flora y fauna aut\u00f3ctonas<\/strong>. <\/p>\n<p>Es un lugar ideal para los amantes de la naturaleza y los fot\u00f3grafos, ya que el contraste entre el mar azul y la vegetaci\u00f3n del parque crea un tel\u00f3n de fondo impresionante.<\/p>\n<h3><span class=\"ez-toc-section\" id=\"Saborea_la_gastronomia_local_en_Cala_Dor\"><\/span><strong>Saborea la gastronom\u00eda local en Cala Do&#8217;r<\/strong><span class=\"ez-toc-section-end\"><\/span><\/h3>\n<p><strong>Cala d\u2019Or ofrece una excelente selecci\u00f3n de restaurantes que combinan la cocina tradicional mallorquina con influencias internacionales<\/strong>. Aqu\u00ed podr\u00e1 degustar pescado fresco, marisco, arroces y platos t\u00edpicos como el <strong>frito mallorqu\u00edn<\/strong> y el <strong>tumbet<\/strong>.<\/p>\n<p>Entre los restaurantes locales m\u00e1s destacados de Cala Do&#8217;r se incluyen:<\/p>\n<ul>\n<li><strong><a href=\"https:\/\/maps.app.goo.gl\/UHdy8ANHqFAVd4mV8\" target=\"_blank\" rel=\"noopener\">Restaurante Diferent<\/a><\/strong>: Con una fusi\u00f3n de cocina mallorquina y contempor\u00e1nea, esta es una opci\u00f3n fant\u00e1stica para una cena sofisticada en el centro de Cala d\u2019Or.<\/li>\n<li><strong><a href=\"https:\/\/maps.app.goo.gl\/C8L34s2YkZ8yybYb7\" target=\"_blank\" rel=\"noopener\">Port Petit:<\/a><\/strong> Este restaurante frente al mar ofrece una experiencia gastron\u00f3mica mediterr\u00e1nea de alta gama con vistas impresionantes.<\/li>\n<li><strong><a href=\"https:\/\/www.google.com\/maps\/place\/Restaurante+Aquarius\/@39.3709959,3.2205875,644m\/data=!3m2!1e3!4b1!4m6!3m5!1s0x129650deada8dec7:0xaf30736fe6fee045!8m2!3d39.3709959!4d3.2231624!16s%2Fg%2F1tcwznrc?entry=ttu&amp;g_ep=EgoyMDI2MDEyMS4wIKXMDSoKLDEwMDc5MjA3MUgBUAM%3D\" target=\"_blank\" rel=\"noopener\">Acuario:<\/a><\/strong> Una opci\u00f3n m\u00e1s informal y familiar, perfecta para saborear marisco fresco en un ambiente relajado.<\/li>\n<\/ul>\n<p>No olvide acompa\u00f1ar sus comidas con un buen vino local y terminar con un postre tradicional mallorqu\u00edn como una <strong>ensaimada<\/strong> o un <strong>gat\u00f3 de almendra<\/strong>.<\/p>\n<h3><span class=\"ez-toc-section\" id=\"Pasea_por_las_tiendas_y_los_mercados_locales_de_Cala_Dor\"><\/span><strong>Pasea por las tiendas y los mercados locales de Cala Do&#8217;r.<\/strong><span class=\"ez-toc-section-end\"><\/span><\/h3>\n<p><strong>El centro de Cala d\u2019Or cuenta con una gran variedad de tiendas de moda, souvenirs y comercios de productos locales<\/strong>. Pasea por calles peatonales como la <strong><a href=\"https:\/\/maps.app.goo.gl\/MQNUf5isjxF4uYLp8\" target=\"_blank\" rel=\"noopener\">Avenida de Tagomago<\/a><\/strong>, donde encontrar\u00e1s boutiques que venden de todo, desde ropa de dise\u00f1adores locales hasta art\u00edculos de playa y artesan\u00eda como cer\u00e1mica, joyer\u00eda y art\u00edculos de cuero.<\/p>\n<p>Tambi\u00e9n se celebran mercados semanales en pueblos cercanos como <strong><a href=\"https:\/\/maps.app.goo.gl\/TKyWFW5R8sR4Yv1b8\">Santany\u00ed<\/a><\/strong> o <strong><a href=\"https:\/\/maps.app.goo.gl\/x6t4TvYjHhDyD3j69\" target=\"_blank\" rel=\"noopener\">Felanitx<\/a><\/strong>, donde podr\u00e1 encontrar productos frescos, recuerdos y artesan\u00eda mallorquina.<\/p>\n<h3><span class=\"ez-toc-section\" id=\"Visite_el_castillo_de_Santueri_cerca_de_Cala_Dor\"><\/span><strong>Visite el castillo de Santueri, cerca de Cala Do&#8217;r.<\/strong><span class=\"ez-toc-section-end\"><\/span><\/h3>\n<p>Para los amantes de la historia y la cultura, una visita al <strong><a href=\"https:\/\/maps.app.goo.gl\/bbxDj6YKBpTJ8a1H6\" target=\"_blank\" rel=\"noopener\">castillo de Santueri<\/a><\/strong>, a unos 20 minutos de Cala d&#8217;Or, es imprescindible. <strong>Este castillo, encaramado en la cima de una monta\u00f1a, ofrece vistas espectaculares de la costa sureste de Mallorca.<\/strong> Construida en la \u00e9poca romana y reconstruida en la Edad Media, Santueri es un lugar fascinante para explorar y aprender sobre la historia de la isla.<\/p>\n<h3><span class=\"ez-toc-section\" id=\"Disfruta_de_la_vida_nocturna_en_Cala_Dor\"><\/span><strong>Disfruta de la vida nocturna en Cala Do&#8217;r.<\/strong><span class=\"ez-toc-section-end\"><\/span><\/h3>\n<p>Aunque la vida nocturna de Cala d\u2019Or es m\u00e1s tranquila en comparaci\u00f3n con otros destinos de Mallorca, cuenta con diversos bares y locales donde disfrutar de c\u00f3cteles al atardecer o de m\u00fasica en directo por la noche. El <strong><a href=\"https:\/\/maps.app.goo.gl\/tBaSpiYvBQttohCX8\" target=\"_blank\" rel=\"noopener\">Sky Cocktail Bar<\/a><\/strong> es un local muy popular para tomar algo con vistas panor\u00e1micas, mientras que bares como el <strong><a href=\"https:\/\/maps.app.goo.gl\/iaCgPEZngzEfPMZ87\" target=\"_blank\" rel=\"noopener\">Quarterdeck<\/a><\/strong> y el <strong><a href=\"https:\/\/maps.app.goo.gl\/Nryg821tVEf8nSAs5\" target=\"_blank\" rel=\"noopener\">Carpe Diem<\/a><\/strong>, cerca del puerto deportivo, ofrecen un ambiente m\u00e1s animado.<\/p>\n<p>Para una velada m\u00e1s tranquila, muchos restaurantes ofrecen cenas acompa\u00f1adas de m\u00fasica en vivo, creando el ambiente perfecto para relajarse despu\u00e9s de un d\u00eda en la playa.<\/p>\n<p><img decoding=\"async\" class=\"alignnone wp-image-374 size-large\" src=\"https:\/\/www.mymallorcadiary.com\/wp-content\/uploads\/2024\/11\/What-to-do-in-Cala-DOr-nightlife-1024x575.webp\" alt=\"Vida nocturna en Cala D'Or\" width=\"696\" height=\"391\" srcset=\"https:\/\/www.mymallorcadiary.com\/wp-content\/uploads\/2024\/11\/What-to-do-in-Cala-DOr-nightlife-1024x575.webp 1024w, https:\/\/www.mymallorcadiary.com\/wp-content\/uploads\/2024\/11\/What-to-do-in-Cala-DOr-nightlife-300x168.webp 300w, https:\/\/www.mymallorcadiary.com\/wp-content\/uploads\/2024\/11\/What-to-do-in-Cala-DOr-nightlife-768x431.webp 768w, https:\/\/www.mymallorcadiary.com\/wp-content\/uploads\/2024\/11\/What-to-do-in-Cala-DOr-nightlife-1536x862.webp 1536w, https:\/\/www.mymallorcadiary.com\/wp-content\/uploads\/2024\/11\/What-to-do-in-Cala-DOr-nightlife-696x391.webp 696w, https:\/\/www.mymallorcadiary.com\/wp-content\/uploads\/2024\/11\/What-to-do-in-Cala-DOr-nightlife-1392x782.webp 1392w, https:\/\/www.mymallorcadiary.com\/wp-content\/uploads\/2024\/11\/What-to-do-in-Cala-DOr-nightlife.webp 1920w\" sizes=\"(max-width: 696px) 100vw, 696px\" \/><\/p>\n<h3><span class=\"ez-toc-section\" id=\"Excursiones_en_bicicleta_y_senderismo_en_la_zona_de_Cala_Dor\"><\/span><strong>Excursiones en bicicleta y senderismo en la zona de Cala Do&#8217;r<\/strong><span class=\"ez-toc-section-end\"><\/span><\/h3>\n<p>La zona de Cala d\u2019Or es ideal para quienes disfrutan del ciclismo o el senderismo. <strong>Hay varias rutas que te permiten explorar los alrededores, ya sea a lo largo de la costa o adentr\u00e1ndote en el interior de Mallorca<\/strong>. Puedes alquilar bicicletas en varias tiendas locales y recorrer la costa o hacer rutas m\u00e1s largas hasta pueblos cercanos como Portocolom o Felanitx. <\/p>\n<h3><span class=\"ez-toc-section\" id=\"Juega_al_golf_en_Cala_Dor\"><\/span><strong>Juega al golf en Cala Do&#8217;r<\/strong><span class=\"ez-toc-section-end\"><\/span><\/h3>\n<p>Los aficionados al golf pueden disfrutar de una partida en el cercano <strong><a href=\"https:\/\/maps.app.goo.gl\/yXQNFKPGYukJoxfA6\" target=\"_blank\" rel=\"noopener\">Vall d\u2019Or Golf<\/a><\/strong>, un campo con vistas panor\u00e1micas al mar y al paisaje mallorqu\u00edn. Este campo de 18 hoyos ofrece instalaciones de alta calidad y es una excelente opci\u00f3n para quienes buscan una experiencia de golf tranquila y elegante. <\/p>\n<p><img decoding=\"async\" class=\"alignnone wp-image-373 size-large\" src=\"https:\/\/www.mymallorcadiary.com\/wp-content\/uploads\/2024\/11\/Cala-dOR-What-to-see-1024x575.webp\" alt=\"Cala d'Or qu\u00e9 ver\" width=\"696\" height=\"391\" srcset=\"https:\/\/www.mymallorcadiary.com\/wp-content\/uploads\/2024\/11\/Cala-dOR-What-to-see-1024x575.webp 1024w, https:\/\/www.mymallorcadiary.com\/wp-content\/uploads\/2024\/11\/Cala-dOR-What-to-see-300x168.webp 300w, https:\/\/www.mymallorcadiary.com\/wp-content\/uploads\/2024\/11\/Cala-dOR-What-to-see-768x431.webp 768w, https:\/\/www.mymallorcadiary.com\/wp-content\/uploads\/2024\/11\/Cala-dOR-What-to-see-1536x862.webp 1536w, https:\/\/www.mymallorcadiary.com\/wp-content\/uploads\/2024\/11\/Cala-dOR-What-to-see-696x391.webp 696w, https:\/\/www.mymallorcadiary.com\/wp-content\/uploads\/2024\/11\/Cala-dOR-What-to-see-1392x782.webp 1392w, https:\/\/www.mymallorcadiary.com\/wp-content\/uploads\/2024\/11\/Cala-dOR-What-to-see.webp 1920w\" sizes=\"(max-width: 696px) 100vw, 696px\" \/><\/p>\n<h2><span class=\"ez-toc-section\" id=\"What_do_do_and_see_in_Cala_dOr_Q_A\"><\/span><strong>What do do and see in Cala d&#8217;Or, Q&amp;A<\/strong><span class=\"ez-toc-section-end\"><\/span><\/h2>\n<h3><span class=\"ez-toc-section\" id=\"%C2%BFMerece_la_pena_visitar_Cala_DOr\"><\/span><strong>\u00bfMerece la pena visitar Cala D&#8217;Or?<\/strong><span class=\"ez-toc-section-end\"><\/span><\/h3>\n<p>\u00a1S\u00ed, Cala d&#8217;Or merece sin duda una visita!. Este encantador pueblo costero del sureste de Mallorca es conocido por sus preciosas playas de arena blanca, sus aguas cristalinas y su pintoresco puerto deportivo. Tanto si buscas relajarte en la playa, explorar las tiendas y restaurantes locales o disfrutar de actividades al aire libre, Cala d&#8217;Or tiene algo para todos los gustos.  <\/p>\n<h3><span class=\"ez-toc-section\" id=\"%C2%BFQue_dia_hay_mercado_en_Cala_DOr\"><\/span><strong>\u00bfQu\u00e9 d\u00eda hay mercado en Cala D&#8217;Or?<\/strong><span class=\"ez-toc-section-end\"><\/span><\/h3>\n<p>El mercado de Cala d&#8217;Or se celebra todos los domingos por la tarde, de mayo a octubre. Este mercado de temporada est\u00e1 ubicado en la <strong><a href=\"https:\/\/maps.app.goo.gl\/idhbgaTtdeawmuR67\" target=\"_blank\" rel=\"noopener\">Pla\u00e7a de Toni Costa<\/a><\/strong> y es perfecto para comprar recuerdos, con artesan\u00eda y productos locales disponibles de 18:00 a 23:00. <\/p>\n<h3><span class=\"ez-toc-section\" id=\"What_to_do_and_see_in_Cala_DOr_when_it_rains\"><\/span><strong>What to do and see in Cala D&#8217;Or when it rains?<\/strong><span class=\"ez-toc-section-end\"><\/span><\/h3>\n<p>If the weather isn\u2019t on your side, don\u2019t worry!. There\u2019s still plenty to enjoy in Cala D&#8217;Or. Head to one of the local caf\u00e9s for a coffee or a warm meal, or explore the charming shops in the area. For a more relaxing day, treat yourself to a spa session or visit nearby towns like <a href=\"https:\/\/maps.app.goo.gl\/6keb5kYVp8uewPGK7\" target=\"_blank\" rel=\"noopener\"><strong>Felanitx<\/strong><\/a> or <strong><a href=\"https:\/\/maps.app.goo.gl\/TKyWFW5R8sR4Yv1b8\" target=\"_blank\" rel=\"noopener\">Santany\u00ed<\/a><\/strong> to discover more of Mallorca\u2019s culture.<\/p>\n<h3><span class=\"ez-toc-section\" id=\"%C2%BFCala_dOr_es_buena_para_la_vida_nocturna\"><\/span><strong>\u00bfCala d&#8217;Or es buena para la vida nocturna? <\/strong><span class=\"ez-toc-section-end\"><\/span><\/h3>\n<p>S\u00ed, Cala d&#8217;Or tiene una vida nocturna relajada pero animada. Si bien no es tan intensa como en otras zonas de Mallorca, ofrece una buena selecci\u00f3n de bares y un par de discotecas con mucho ambiente para quienes quieran bailar hasta el amanecer. Tanto si buscas una copa tranquila junto al puerto deportivo como una noche de diversi\u00f3n, Cala d&#8217;Or te ofrece lo mejor de ambos mundos.  <\/p>\n<h3><span class=\"ez-toc-section\" id=\"%C2%BFEs_segura_Cala_DOr\"><\/span><strong>\u00bfEs segura Cala D&#8217;Or? <\/strong><span class=\"ez-toc-section-end\"><\/span><\/h3>\n<p>Cala d&#8217;Or es un destino muy seguro. Conocida por su ambiente relajado, es perfecta para familias, parejas y viajeros solitarios. El pueblo es tranquilo, con gente amable y calles bien iluminadas, lo que lo convierte en un lugar seguro para explorar. Como en cualquier lugar tur\u00edstico, siempre es bueno estar alerta, pero en general, Cala d&#8217;Or es un lugar seguro y acogedor para visitar.   <\/p>\n<h2><span class=\"ez-toc-section\" id=\"Conclusion_%C2%BFQue_hacer_y_que_ver_en_Cala_dOr\"><\/span><strong>Conclusi\u00f3n: \u00bfQu\u00e9 hacer y qu\u00e9 ver en Cala d&#8217;Or?<\/strong><span class=\"ez-toc-section-end\"><\/span><\/h2>\n<p>Cala d\u2019Or es un destino muy completo que ofrece algo para todos los gustos. Desde sus espectaculares calas y su animado puerto deportivo hasta el Parque Natural de Mondrag\u00f3 y sus elegantes restaurantes, hay much\u00edsimas cosas que ver y hacer para disfrutar de unas vacaciones inolvidables. <strong>Tanto si desea relajarse en la playa, explorar la naturaleza o deleitarse con la gastronom\u00eda y la cultura local, Cala d\u2019Or es un lugar que no le decepcionar\u00e1.<\/strong><\/p>\n<p><strong>\u00bfVienes a Cala d&#8217;Or con tu familia?<\/strong>. Consulta nuestra gu\u00eda completa: <strong><a href=\"https:\/\/www.mymallorcadiary.com\/es\/la-mejor-zona-de-mallorca-para-familias-en-2026\/\" target=\"_blank\" rel=\"noopener\">La mejor zona de Cala d&#8217;Or para familias<\/a><\/strong>. <\/p>\n<p><strong>\u00bfNecesitas alquilar un coche para llegar a Cala D&#8217;OR?. Lee nuestro art\u00edculo sobre c\u00f3mo <a href=\"https:\/\/www.mymallorcadiary.com\/es\/alquilar-un-coche-en-mallorca-sin-deposito\/\" target=\"_blank\" rel=\"noopener\">alquilar un coche en Mallorca<\/a>. <\/strong><\/p>\n<\/div>\n<p><strong>Consulta nuestros otros art\u00edculos sobre Cala D&#8217;Or<\/strong>: <a href=\"https:\/\/www.mymallorcadiary.com\/es\/el-tiempo-en-cala-dor\/\" target=\"_blank\" rel=\"noopener\">El tiempo en Cala D&#8217;Or<\/a>,<a href=\"https:\/\/www.mymallorcadiary.com\/es\/los-mejores-restaurantes-en-cala-dor-2026\/\" target=\"_blank\" rel=\"noopener\"> Restaurantes en Cala D&#8217;Or 2026<\/a> o Los<strong><a href=\"https:\/\/www.mymallorcadiary.com\/es\/los-mejores-hoteles-en-cala-dor\/\" target=\"_blank\" rel=\"noopener\"> mejores hoteles en Cala D&#8217;Or<\/a><\/strong>.<\/p>\n<\/div>\n<\/div>\n<\/div>\n<\/div>\n<\/div>\n<\/div>\n<\/div>\n<\/article>\n<\/div>\n<\/div>\n<\/div>\n<\/div>\n<\/div>\n","protected":false},"excerpt":{"rendered":"<p>Cala d\u2019Or, situada en la impresionante costa sureste de Mallorca, es conocida por sus aguas turquesas, sus encantadoras calas y su ambiente elegante a la par que relajado. Este destino combina a la perfecci\u00f3n naturaleza, ocio, cultura y gastronom\u00eda, convirti\u00e9ndose en uno de los lugares m\u00e1s atractivos de la isla para todo tipo de viajeros. [&hellip;]<\/p>\n","protected":false},"author":1,"featured_media":1932,"comment_status":"open","ping_status":"open","sticky":false,"template":"","format":"standard","meta":{"rank_math_title":"","rank_math_description":"","rank_math_focus_keyword":"","_lmt_disableupdate":"no","_lmt_disable":"","footnotes":""},"categories":[174,90],"tags":[101,102,100,103],"class_list":{"0":"post-1936","1":"post","2":"type-post","3":"status-publish","4":"format-standard","5":"has-post-thumbnail","7":"category-cala-dor","8":"category-cosas-que-hacer-en-mallorca","9":"tag-cala-dor-cosas-que-hacer","10":"tag-cala-dor-para-hacer","11":"tag-cala-dor-que-hacer","12":"tag-cala-dor-que-ver"},"yoast_head":"<!-- This site is optimized with the Yoast SEO plugin v23.8 - https:\/\/yoast.com\/wordpress\/plugins\/seo\/ -->\n<title>Cala d&#039;Or: Qu\u00e9 Hacer y Qu\u00e9 Ver en 2026<\/title>\n<meta name=\"description\" content=\"\u00bfTe preguntas qu\u00e9 hacer y ver en Cala d&#039;Or?. Descubre las mejores actividades en este precioso destino mallorqu\u00edn. \u00a1Incluye consejos locales!\" \/>\n<meta name=\"robots\" content=\"index, follow, max-snippet:-1, max-image-preview:large, max-video-preview:-1\" \/>\n<link rel=\"canonical\" href=\"https:\/\/www.mymallorcadiary.com\/es\/cala-dor-que-hacer-y-que-ver\/\" \/>\n<meta property=\"og:locale\" content=\"es_ES\" \/>\n<meta property=\"og:type\" content=\"article\" \/>\n<meta property=\"og:title\" content=\"Cala d&#039;Or: Qu\u00e9 Hacer y Qu\u00e9 Ver en 2026\" \/>\n<meta property=\"og:description\" content=\"\u00bfTe preguntas qu\u00e9 hacer y ver en Cala d&#039;Or?. Descubre las mejores actividades en este precioso destino mallorqu\u00edn. \u00a1Incluye consejos locales!\" \/>\n<meta property=\"og:url\" content=\"https:\/\/www.mymallorcadiary.com\/es\/cala-dor-que-hacer-y-que-ver\/\" \/>\n<meta property=\"og:site_name\" content=\"mymallorcadiary.com\" \/>\n<meta property=\"article:published_time\" content=\"2026-01-15T16:16:28+00:00\" \/>\n<meta property=\"article:modified_time\" content=\"2026-04-06T21:47:18+00:00\" \/>\n<meta property=\"og:image\" content=\"https:\/\/www.mymallorcadiary.com\/wp-content\/uploads\/2024\/11\/Cala-DOr-what-to-do-coves.webp\" \/>\n\t<meta property=\"og:image:width\" content=\"1920\" \/>\n\t<meta property=\"og:image:height\" content=\"1078\" \/>\n\t<meta property=\"og:image:type\" content=\"image\/webp\" \/>\n<meta name=\"author\" content=\"mymallorca\" \/>\n<meta name=\"twitter:card\" content=\"summary_large_image\" \/>\n<meta name=\"twitter:label1\" content=\"Escrito por\" \/>\n\t<meta name=\"twitter:data1\" content=\"mymallorca\" \/>\n\t<meta name=\"twitter:label2\" content=\"Tiempo de lectura\" \/>\n\t<meta name=\"twitter:data2\" content=\"8 minutos\" \/>\n<script type=\"application\/ld+json\" class=\"yoast-schema-graph\">{\"@context\":\"https:\/\/schema.org\",\"@graph\":[{\"@type\":\"WebPage\",\"@id\":\"https:\/\/www.mymallorcadiary.com\/es\/cala-dor-que-hacer-y-que-ver\/\",\"url\":\"https:\/\/www.mymallorcadiary.com\/es\/cala-dor-que-hacer-y-que-ver\/\",\"name\":\"Cala d'Or: Qu\u00e9 Hacer y Qu\u00e9 Ver en 2026\",\"isPartOf\":{\"@id\":\"https:\/\/www.mymallorcadiary.com\/es\/#website\"},\"primaryImageOfPage\":{\"@id\":\"https:\/\/www.mymallorcadiary.com\/es\/cala-dor-que-hacer-y-que-ver\/#primaryimage\"},\"image\":{\"@id\":\"https:\/\/www.mymallorcadiary.com\/es\/cala-dor-que-hacer-y-que-ver\/#primaryimage\"},\"thumbnailUrl\":\"https:\/\/www.mymallorcadiary.com\/wp-content\/uploads\/2024\/11\/Cala-DOr-what-to-do-coves.webp\",\"datePublished\":\"2026-01-15T16:16:28+00:00\",\"dateModified\":\"2026-04-06T21:47:18+00:00\",\"author\":{\"@id\":\"https:\/\/www.mymallorcadiary.com\/es\/#\/schema\/person\/73c11880adcff8cdca21692efe16dc1e\"},\"description\":\"\u00bfTe preguntas qu\u00e9 hacer y ver en Cala d'Or?. Descubre las mejores actividades en este precioso destino mallorqu\u00edn. \u00a1Incluye consejos locales!\",\"breadcrumb\":{\"@id\":\"https:\/\/www.mymallorcadiary.com\/es\/cala-dor-que-hacer-y-que-ver\/#breadcrumb\"},\"inLanguage\":\"es\",\"potentialAction\":[{\"@type\":\"ReadAction\",\"target\":[\"https:\/\/www.mymallorcadiary.com\/es\/cala-dor-que-hacer-y-que-ver\/\"]}]},{\"@type\":\"ImageObject\",\"inLanguage\":\"es\",\"@id\":\"https:\/\/www.mymallorcadiary.com\/es\/cala-dor-que-hacer-y-que-ver\/#primaryimage\",\"url\":\"https:\/\/www.mymallorcadiary.com\/wp-content\/uploads\/2024\/11\/Cala-DOr-what-to-do-coves.webp\",\"contentUrl\":\"https:\/\/www.mymallorcadiary.com\/wp-content\/uploads\/2024\/11\/Cala-DOr-what-to-do-coves.webp\",\"width\":1920,\"height\":1078,\"caption\":\"Cala D'Or: Qu\u00e9 hacer, Calas\"},{\"@type\":\"BreadcrumbList\",\"@id\":\"https:\/\/www.mymallorcadiary.com\/es\/cala-dor-que-hacer-y-que-ver\/#breadcrumb\",\"itemListElement\":[{\"@type\":\"ListItem\",\"position\":1,\"name\":\"Portada\",\"item\":\"https:\/\/www.mymallorcadiary.com\/es\/inicio\/\"},{\"@type\":\"ListItem\",\"position\":2,\"name\":\"Cala D&#8217;Or: Qu\u00e9 Hacer y Qu\u00e9 Ver\"}]},{\"@type\":\"WebSite\",\"@id\":\"https:\/\/www.mymallorcadiary.com\/es\/#website\",\"url\":\"https:\/\/www.mymallorcadiary.com\/es\/\",\"name\":\"mymallorcadiary.com\",\"description\":\"The best Mallorcan tips\",\"potentialAction\":[{\"@type\":\"SearchAction\",\"target\":{\"@type\":\"EntryPoint\",\"urlTemplate\":\"https:\/\/www.mymallorcadiary.com\/es\/?s={search_term_string}\"},\"query-input\":{\"@type\":\"PropertyValueSpecification\",\"valueRequired\":true,\"valueName\":\"search_term_string\"}}],\"inLanguage\":\"es\"},{\"@type\":\"Person\",\"@id\":\"https:\/\/www.mymallorcadiary.com\/es\/#\/schema\/person\/73c11880adcff8cdca21692efe16dc1e\",\"name\":\"mymallorca\",\"image\":{\"@type\":\"ImageObject\",\"inLanguage\":\"es\",\"@id\":\"https:\/\/www.mymallorcadiary.com\/es\/#\/schema\/person\/image\/\",\"url\":\"https:\/\/secure.gravatar.com\/avatar\/cd37636939bc260d7341ded9cd28925e462396b75d4878027163f66b63da993b?s=96&d=mm&r=g\",\"contentUrl\":\"https:\/\/secure.gravatar.com\/avatar\/cd37636939bc260d7341ded9cd28925e462396b75d4878027163f66b63da993b?s=96&d=mm&r=g\",\"caption\":\"mymallorca\"},\"sameAs\":[\"http:\/\/localhost\/wordpress\"],\"url\":\"https:\/\/www.mymallorcadiary.com\/es\/author\/mymallorca\/\"}]}<\/script>\n<!-- \/ Yoast SEO plugin. -->","yoast_head_json":{"title":"Cala d'Or: Qu\u00e9 Hacer y Qu\u00e9 Ver en 2026","description":"\u00bfTe preguntas qu\u00e9 hacer y ver en Cala d'Or?. Descubre las mejores actividades en este precioso destino mallorqu\u00edn. \u00a1Incluye consejos locales!","robots":{"index":"index","follow":"follow","max-snippet":"max-snippet:-1","max-image-preview":"max-image-preview:large","max-video-preview":"max-video-preview:-1"},"canonical":"https:\/\/www.mymallorcadiary.com\/es\/cala-dor-que-hacer-y-que-ver\/","og_locale":"es_ES","og_type":"article","og_title":"Cala d'Or: Qu\u00e9 Hacer y Qu\u00e9 Ver en 2026","og_description":"\u00bfTe preguntas qu\u00e9 hacer y ver en Cala d'Or?. Descubre las mejores actividades en este precioso destino mallorqu\u00edn. \u00a1Incluye consejos locales!","og_url":"https:\/\/www.mymallorcadiary.com\/es\/cala-dor-que-hacer-y-que-ver\/","og_site_name":"mymallorcadiary.com","article_published_time":"2026-01-15T16:16:28+00:00","article_modified_time":"2026-04-06T21:47:18+00:00","og_image":[{"width":1920,"height":1078,"url":"https:\/\/www.mymallorcadiary.com\/wp-content\/uploads\/2024\/11\/Cala-DOr-what-to-do-coves.webp","type":"image\/webp"}],"author":"mymallorca","twitter_card":"summary_large_image","twitter_misc":{"Escrito por":"mymallorca","Tiempo de lectura":"8 minutos"},"schema":{"@context":"https:\/\/schema.org","@graph":[{"@type":"WebPage","@id":"https:\/\/www.mymallorcadiary.com\/es\/cala-dor-que-hacer-y-que-ver\/","url":"https:\/\/www.mymallorcadiary.com\/es\/cala-dor-que-hacer-y-que-ver\/","name":"Cala d'Or: Qu\u00e9 Hacer y Qu\u00e9 Ver en 2026","isPartOf":{"@id":"https:\/\/www.mymallorcadiary.com\/es\/#website"},"primaryImageOfPage":{"@id":"https:\/\/www.mymallorcadiary.com\/es\/cala-dor-que-hacer-y-que-ver\/#primaryimage"},"image":{"@id":"https:\/\/www.mymallorcadiary.com\/es\/cala-dor-que-hacer-y-que-ver\/#primaryimage"},"thumbnailUrl":"https:\/\/www.mymallorcadiary.com\/wp-content\/uploads\/2024\/11\/Cala-DOr-what-to-do-coves.webp","datePublished":"2026-01-15T16:16:28+00:00","dateModified":"2026-04-06T21:47:18+00:00","author":{"@id":"https:\/\/www.mymallorcadiary.com\/es\/#\/schema\/person\/73c11880adcff8cdca21692efe16dc1e"},"description":"\u00bfTe preguntas qu\u00e9 hacer y ver en Cala d'Or?. Descubre las mejores actividades en este precioso destino mallorqu\u00edn. \u00a1Incluye consejos locales!","breadcrumb":{"@id":"https:\/\/www.mymallorcadiary.com\/es\/cala-dor-que-hacer-y-que-ver\/#breadcrumb"},"inLanguage":"es","potentialAction":[{"@type":"ReadAction","target":["https:\/\/www.mymallorcadiary.com\/es\/cala-dor-que-hacer-y-que-ver\/"]}]},{"@type":"ImageObject","inLanguage":"es","@id":"https:\/\/www.mymallorcadiary.com\/es\/cala-dor-que-hacer-y-que-ver\/#primaryimage","url":"https:\/\/www.mymallorcadiary.com\/wp-content\/uploads\/2024\/11\/Cala-DOr-what-to-do-coves.webp","contentUrl":"https:\/\/www.mymallorcadiary.com\/wp-content\/uploads\/2024\/11\/Cala-DOr-what-to-do-coves.webp","width":1920,"height":1078,"caption":"Cala D'Or: Qu\u00e9 hacer, Calas"},{"@type":"BreadcrumbList","@id":"https:\/\/www.mymallorcadiary.com\/es\/cala-dor-que-hacer-y-que-ver\/#breadcrumb","itemListElement":[{"@type":"ListItem","position":1,"name":"Portada","item":"https:\/\/www.mymallorcadiary.com\/es\/inicio\/"},{"@type":"ListItem","position":2,"name":"Cala D&#8217;Or: Qu\u00e9 Hacer y Qu\u00e9 Ver"}]},{"@type":"WebSite","@id":"https:\/\/www.mymallorcadiary.com\/es\/#website","url":"https:\/\/www.mymallorcadiary.com\/es\/","name":"mymallorcadiary.com","description":"The best Mallorcan tips","potentialAction":[{"@type":"SearchAction","target":{"@type":"EntryPoint","urlTemplate":"https:\/\/www.mymallorcadiary.com\/es\/?s={search_term_string}"},"query-input":{"@type":"PropertyValueSpecification","valueRequired":true,"valueName":"search_term_string"}}],"inLanguage":"es"},{"@type":"Person","@id":"https:\/\/www.mymallorcadiary.com\/es\/#\/schema\/person\/73c11880adcff8cdca21692efe16dc1e","name":"mymallorca","image":{"@type":"ImageObject","inLanguage":"es","@id":"https:\/\/www.mymallorcadiary.com\/es\/#\/schema\/person\/image\/","url":"https:\/\/secure.gravatar.com\/avatar\/cd37636939bc260d7341ded9cd28925e462396b75d4878027163f66b63da993b?s=96&d=mm&r=g","contentUrl":"https:\/\/secure.gravatar.com\/avatar\/cd37636939bc260d7341ded9cd28925e462396b75d4878027163f66b63da993b?s=96&d=mm&r=g","caption":"mymallorca"},"sameAs":["http:\/\/localhost\/wordpress"],"url":"https:\/\/www.mymallorcadiary.com\/es\/author\/mymallorca\/"}]}},"modified_by":"mymallorca","yoast_meta":{"yoast_wpseo_title":"Cala d'Or: Qu\u00e9 Hacer y Qu\u00e9 Ver en 2026","yoast_wpseo_metadesc":"\u00bfTe preguntas qu\u00e9 hacer y ver en Cala d'Or?. Descubre las mejores actividades en este precioso destino mallorqu\u00edn. \u00a1Incluye consejos locales!","yoast_wpseo_canonical":"https:\/\/www.mymallorcadiary.com\/es\/cala-dor-que-hacer-y-que-ver\/"},"_links":{"self":[{"href":"https:\/\/www.mymallorcadiary.com\/es\/wp-json\/wp\/v2\/posts\/1936","targetHints":{"allow":["GET"]}}],"collection":[{"href":"https:\/\/www.mymallorcadiary.com\/es\/wp-json\/wp\/v2\/posts"}],"about":[{"href":"https:\/\/www.mymallorcadiary.com\/es\/wp-json\/wp\/v2\/types\/post"}],"author":[{"embeddable":true,"href":"https:\/\/www.mymallorcadiary.com\/es\/wp-json\/wp\/v2\/users\/1"}],"replies":[{"embeddable":true,"href":"https:\/\/www.mymallorcadiary.com\/es\/wp-json\/wp\/v2\/comments?post=1936"}],"version-history":[{"count":0,"href":"https:\/\/www.mymallorcadiary.com\/es\/wp-json\/wp\/v2\/posts\/1936\/revisions"}],"wp:featuredmedia":[{"embeddable":true,"href":"https:\/\/www.mymallorcadiary.com\/es\/wp-json\/wp\/v2\/media\/1932"}],"wp:attachment":[{"href":"https:\/\/www.mymallorcadiary.com\/es\/wp-json\/wp\/v2\/media?parent=1936"}],"wp:term":[{"taxonomy":"category","embeddable":true,"href":"https:\/\/www.mymallorcadiary.com\/es\/wp-json\/wp\/v2\/categories?post=1936"},{"taxonomy":"post_tag","embeddable":true,"href":"https:\/\/www.mymallorcadiary.com\/es\/wp-json\/wp\/v2\/tags?post=1936"}],"curies":[{"name":"wp","href":"https:\/\/api.w.org\/{rel}","templated":true}]}}